{"id":1095299,"date":"2022-09-15T14:11:55","date_gmt":"2022-09-15T17:11:55","guid":{"rendered":"https:\/\/www.estrategiaconcursos.com.br\/blog\/?p=1095299"},"modified":"2022-09-16T08:54:11","modified_gmt":"2022-09-16T11:54:11","slug":"concurso-inss-coletiva-duvidas","status":"publish","type":"post","link":"https:\/\/www.estrategiaconcursos.com.br\/blog\/concurso-inss-coletiva-duvidas\/","title":{"rendered":"INSS: d\u00favidas sobre o concurso s\u00e3o respondidas em coletiva"},"content":{"rendered":"\n<h3 class=\"wp-block-heading\"><em>Previs\u00e3o de 1,5 milh\u00e3o de inscritos<\/em><\/h3>\n\n\n\n<p>Representantes do INSS e do Minist\u00e9rio do Trabalho realizaram, nesta quinta-feira, 15 de setembro, uma coletiva de imprensa para tirar d\u00favidas acerca do <a href=\"https:\/\/www.estrategiaconcursos.com.br\/cursosPorConcurso\/inss-tecnico-do-seguro-social-101\/\" target=\"_blank\" rel=\"noreferrer noopener\">edital do concurso p\u00fablico<\/a>.<\/p>\n\n\n\n<p>Publicado na data de hoje, o documento traz 1.000 vagas imediatas para a fun\u00e7\u00e3o de <strong><a href=\"https:\/\/www.estrategiaconcursos.com.br\/curso\/inss-tecnico-do-seguro-social-pacote-completo-2022-pos-edital-cartao-12x\/\" target=\"_blank\" rel=\"noreferrer noopener\">T\u00e9cnico do Seguro Social<\/a><\/strong>. A expectativa \u00e9 de que sejam recebidas cerca de 1,5 milh\u00e3o de inscri\u00e7\u00f5es no site da banca, o Cebraspe.<\/p>\n\n\n\n<p>Os questionamentos englobaram quest\u00f5es como <a href=\"https:\/\/www.estrategiaconcursos.com.br\/blog\/concurso-inss-cronograma\/\" target=\"_blank\" rel=\"noreferrer noopener\">cronograma<\/a>, curso de forma\u00e7\u00e3o, nomea\u00e7\u00f5es, entre outros. Inclusive, foi confirmado que <strong>este ser\u00e1 o \u00faltimo concurso do INSS para t\u00e9cnico com a exig\u00eancia de n\u00edvel m\u00e9dio<\/strong>. A ideia \u00e9 que o cargo exija n\u00edvel superior a partir do pr\u00f3ximo certame.<\/p>\n\n\n\n<figure class=\"wp-block-image size-large\"><a href=\"https:\/\/www.youtube.com\/watch?v=UNi3FZYGSj8\" target=\"_blank\" rel=\"noreferrer noopener\"><img loading=\"lazy\" decoding=\"async\" width=\"1024\" height=\"333\" src=\"https:\/\/dhg1h5j42swfq.cloudfront.net\/2022\/09\/15133456\/image-198-1024x333.png\" alt=\"\" class=\"wp-image-1095310\" srcset=\"https:\/\/dhg1h5j42swfq.cloudfront.net\/2022\/09\/15133456\/image-198-1024x333.png 1024w, https:\/\/dhg1h5j42swfq.cloudfront.net\/2022\/09\/15133456\/image-198-300x97.png 300w, https:\/\/dhg1h5j42swfq.cloudfront.net\/2022\/09\/15133456\/image-198-768x250.png 768w, https:\/\/dhg1h5j42swfq.cloudfront.net\/2022\/09\/15133456\/image-198-610x198.png 610w, https:\/\/dhg1h5j42swfq.cloudfront.net\/2022\/09\/15133456\/image-198-150x49.png 150w, https:\/\/dhg1h5j42swfq.cloudfront.net\/2022\/09\/15133456\/image-198.png 1271w\" sizes=\"auto, (max-width: 1024px) 100vw, 1024px\" \/><\/a><figcaption>Coletiva de Imprensa INSS<\/figcaption><\/figure>\n\n\n\n<h3 class=\"wp-block-heading\">Cronograma do concurso INSS<\/h3>\n\n\n\n<p>Com <strong><a href=\"https:\/\/www.estrategiaconcursos.com.br\/blog\/concursos-abertos-principais-provas-marcadas\/\" target=\"_blank\" rel=\"noreferrer noopener\">provas marcadas para o dia 27 de novembro<\/a><\/strong>, \u00faltimo domingo do m\u00eas, foi questionado se existe a possibilidade de remarca\u00e7\u00e3o da data. A resposta da autarquia \u00e9 clara: <strong>n\u00e3o<\/strong>.<\/p>\n\n\n\n<p>Essa data foi pensada para n\u00e3o coincidir com o <strong>ENEM<\/strong>, que acontece uma semana antes. Al\u00e9m disso, j\u00e1 existe um cronograma estipulado para o p\u00f3s-prova, o que acarretaria em um atraso geral no concurso. <\/p>\n\n\n\n<p>A previs\u00e3o \u00e9 de que o resultado final da prova objetiva seja divulgado <strong>ainda em 2022<\/strong>, com o Curso de Forma\u00e7\u00e3o e a ambienta\u00e7\u00e3o dos aprovados acontecendo no<strong> primeiro trimestre de 2023<\/strong>.<\/p>\n\n\n\n<ul class=\"wp-block-list\"><li><strong>Resultado final <\/strong>ainda em 2022<\/li><li><strong>Curso de Forma\u00e7\u00e3o <\/strong>previsto para janeiro\/2023<\/li><li><strong>Ambienta\u00e7\u00e3o <\/strong>de cerca de 60 dias prevista para fevereiro-mar\u00e7o\/2023<\/li><\/ul>\n\n\n\n<h3 class=\"wp-block-heading\">Cadastro de reserva e nomea\u00e7\u00f5es<\/h3>\n\n\n\n<p>As 1.000 vagas autorizadas s\u00e3o um n\u00famero \u00ednfimo perto do <a href=\"https:\/\/www.estrategiaconcursos.com.br\/blog\/concurso-inss\/#cargos-vagos\" target=\"_blank\" rel=\"noreferrer noopener\">d\u00e9ficit atual<\/a> do INSS, mas existe sim a possibilidade de <strong>convoca\u00e7\u00e3o de mais candidatos<\/strong>. O edital de abertura, inclusive, prev\u00ea o chamamento de at\u00e9 3.385 candidatos, ou seja<strong> 2.385 al\u00e9m das vagas imediatas<\/strong>.<\/p>\n\n\n\n<p>Entretanto, isso s\u00f3 ser\u00e1 poss\u00edvel se houver <strong>disponibilidade or\u00e7ament\u00e1ria<\/strong>. Vale lembrar que o <a href=\"https:\/\/www.estrategiaconcursos.com.br\/blog\/concursos-2023\/\" target=\"_blank\" rel=\"noreferrer noopener\">PLOA para o ano de 2023<\/a> prev\u00ea cerca de 55 mil novas vagas em concursos p\u00fablicos, mas o texto n\u00e3o traz uma distribui\u00e7\u00e3o exata de quais pastas ser\u00e3o contempladas.<\/p>\n\n\n\n<p>Outro ponto importante de ser observado \u00e9 que o resultado das elei\u00e7\u00f5es presidenciais <strong>n\u00e3o ir\u00e1 influenciar<\/strong>, positiva ou negativamente, as nomea\u00e7\u00f5es.<\/p>\n\n\n\n<h3 class=\"wp-block-heading\">Curso de forma\u00e7\u00e3o<\/h3>\n\n\n\n<p>Uma novidade no concurso INSS \u00e9 o Curso de Forma\u00e7\u00e3o, de car\u00e1ter eliminat\u00f3rio e classificat\u00f3rio, a ser aplicado pelo Cebraspe. A etapa vem como uma forma de <strong>melhorar ainda mais a qualifica\u00e7\u00e3o dos futuros servidores<\/strong>. <\/p>\n\n\n\n<p>As 180 horas de dura\u00e7\u00e3o do curso ser\u00e3o distribu\u00eddas entre <strong>30 a 45 dias<\/strong> e o foco das aulas ser\u00e3o na parte de atendimento e an\u00e1lise de processos.<\/p>\n\n\n\n<h3 class=\"wp-block-heading\">Solicita\u00e7\u00f5es anteriores 5.575 vagas<\/h3>\n\n\n\n<p>Durante a coletiva tamb\u00e9m foi questionado por qual motivo n\u00e3o houve autoriza\u00e7\u00e3o para <strong>7.575 vagas<\/strong> (T\u00e9cnico e Analista). Segundo os representantes, as mil vagas foi o quantitativo poss\u00edvel no momento, por conta do or\u00e7amento dispon\u00edvel.<\/p>\n\n\n\n<p>Vale lembrar que as mais de 7 mil vagas foram<strong> solicitadas em 2021<\/strong> e, em maio deste ano, o pedido foi retificado e reduzido para as 1.000 vagas posteriormente autorizadas.<\/p>\n\n\n\n<hr class=\"wp-block-separator has-alpha-channel-opacity\"\/>\n\n\n\n<p class=\"has-text-align-center\"><em>Se voc\u00ea tem d\u00favidas sobre o concurso INSS, n\u00e3o deixe de conferir nosso artigo completo com TODOS os detalhes do edital:<\/em><\/p>\n\n\n\n<p class=\"has-text-align-center has-background\" style=\"background-color:#e8eaee;font-size:clamp(14.642px, 0.915rem + ((1vw - 3.2px) * 0.721), 22px);\"><strong>Saiba mais: <a href=\"https:\/\/www.estrategiaconcursos.com.br\/blog\/concurso-inss\/\" target=\"_blank\" rel=\"noreferrer noopener\">INSS<\/a><\/strong><\/p>\n\n\n\n<h2 class=\"has-text-align-center wp-block-heading\" id=\"curso\"><em>Assinaturas e cursos para o edital do concurso INSS 2022:<\/em><\/h2>\n\n\n\n<p class=\"has-text-align-left has-luminous-vivid-amber-background-color has-background\"><strong><a href=\"https:\/\/www.estrategiaconcursos.com.br\/blog\/concurso-inss-promocao\/\" target=\"_blank\" rel=\"noreferrer noopener\">PROMO\u00c7\u00c3O ESPECIAL<\/a>:<\/strong> <br \/>&#8211;<strong> 30% de desconto<\/strong> no Pacote Completo, Passo Estrat\u00e9gico ou Pacota\u00e7o (at\u00e9 10\/10)<br \/>&#8211;<strong> 40% de desconto<\/strong> no pagamento \u00e0 vista via boleto ou PIX (at\u00e9 10\/10)<br \/>&#8211; <strong>B\u00f4nus de 6 mentorias<\/strong> com a prof. N\u00fabia Oliveira (at\u00e9 21\/9)<\/p>\n\n\n\n<div class=\"container\" id=\"boxes\">\n  <div class=\"row\">\n\n    <div class=\"col-sm\">\n      <div class=\"banner-adm\" id=\"box-assinatura\">\n        <h3 class=\"titulo-assinatura\">Concurso INSS<\/h3>\n        <p class=\"subtitulo-assinatura\">Conhe\u00e7a os cursos<\/p>\n        <div class=\"box-botao\">\n          <a class=\"btn-assinatura\" target=\"_blank\" href=\"https:\/\/www.estrategiaconcursos.com.br\/cursosPorConcurso\/inss-tecnico-do-seguro-social-101\/\" role=\"button\" rel=\"noopener noreferrer\">Conhe\u00e7a mais<\/a>\n        <\/div>\n      <\/div>\n     \n    <\/div>\n\n  <\/div>\n<\/div>\n\n\n\n<h2 class=\"has-text-align-center wp-block-heading\" id=\"h-quer-saber-tudo-sobre-concursos-previstos-confira-nossos-artigos\">Quer saber tudo sobre concursos previstos?<br \/>Confira nossos artigos!<\/h2>\n\n\n\n<ul class=\"wp-block-list\"><li><a href=\"https:\/\/www.estrategiaconcursos.com.br\/blog\/concursos-abertos\/\" target=\"_blank\" rel=\"noreferrer noopener\">Concursos Abertos<\/a><\/li><li><a href=\"https:\/\/www.estrategiaconcursos.com.br\/blog\/concursos-2022\/\" target=\"_blank\" rel=\"noreferrer noopener\">Concursos 2022<\/a><\/li><li><a href=\"https:\/\/www.estrategiaconcursos.com.br\/blog\/concursos-2023\/\" target=\"_blank\" rel=\"noreferrer noopener\">Concursos 2023<\/a><\/li><\/ul>\n","protected":false},"excerpt":{"rendered":"<p>Previs\u00e3o de 1,5 milh\u00e3o de inscritos Representantes do INSS e do Minist\u00e9rio do Trabalho realizaram, nesta quinta-feira, 15 de setembro, uma coletiva de imprensa para tirar d\u00favidas acerca do edital do concurso p\u00fablico. Publicado na data de hoje, o documento traz 1.000 vagas imediatas para a fun\u00e7\u00e3o de T\u00e9cnico do Seguro Social. A expectativa \u00e9 [&hellip;]<\/p>\n","protected":false},"author":659,"featured_media":698508,"comment_status":"open","ping_status":"closed","sticky":false,"template":"","format":"standard","meta":{"post_tipo":"news","footnotes":""},"categories":[220191,220219],"tags":[],"tax_estado":[219963],"class_list":["post-1095299","post","type-post","status-publish","format-standard","has-post-thumbnail","hentry","category-previdenciaria","category-noticias","tax_estado-concursos-federais"],"acf":[],"yoast_head":"<!-- This site is optimized with the Yoast SEO Premium plugin v27.2 (Yoast SEO v27.2) - https:\/\/yoast.com\/product\/yoast-seo-premium-wordpress\/ -->\n<title>INSS: d\u00favidas sobre o concurso s\u00e3o respondidas em coletiva<\/title>\n<meta name=\"description\" content=\"Concurso INSS: em coletiva realizada com representantes do \u00f3rg\u00e3o e do Minist\u00e9rio do Trabalho, d\u00favidas sobre o edital s\u00e3o respondidas.\" \/>\n<meta name=\"robots\" content=\"index, follow, max-snippet:-1, max-image-preview:large, max-video-preview:-1\" \/>\n<link rel=\"canonical\" href=\"https:\/\/www.estrategiaconcursos.com.br\/blog\/concurso-inss-coletiva-duvidas\/\" \/>\n<meta property=\"og:locale\" content=\"pt_BR\" \/>\n<meta property=\"og:type\" content=\"article\" \/>\n<meta property=\"og:title\" content=\"INSS: d\u00favidas sobre o concurso s\u00e3o respondidas em coletiva\" \/>\n<meta property=\"og:description\" content=\"Concurso INSS: em coletiva realizada com representantes do \u00f3rg\u00e3o e do Minist\u00e9rio do Trabalho, d\u00favidas sobre o edital s\u00e3o respondidas.\" \/>\n<meta property=\"og:url\" content=\"https:\/\/www.estrategiaconcursos.com.br\/blog\/concurso-inss-coletiva-duvidas\/\" \/>\n<meta property=\"og:site_name\" content=\"Estrat\u00e9gia Concursos\" \/>\n<meta property=\"article:published_time\" content=\"2022-09-15T17:11:55+00:00\" \/>\n<meta property=\"article:modified_time\" content=\"2022-09-16T11:54:11+00:00\" \/>\n<meta property=\"og:image\" content=\"https:\/\/dhg1h5j42swfq.cloudfront.net\/2021\/02\/22154356\/inss.jpg\" \/>\n\t<meta property=\"og:image:width\" content=\"1200\" \/>\n\t<meta property=\"og:image:height\" content=\"628\" \/>\n\t<meta property=\"og:image:type\" content=\"image\/jpeg\" \/>\n<meta name=\"author\" content=\"Camila Leite\" \/>\n<meta name=\"twitter:card\" content=\"summary_large_image\" \/>\n<meta name=\"twitter:creator\" content=\"@EstratConcursos\" \/>\n<meta name=\"twitter:site\" content=\"@EstratConcursos\" \/>\n<meta name=\"twitter:label1\" content=\"Escrito por\" \/>\n\t<meta name=\"twitter:data1\" content=\"Camila Leite\" \/>\n\t<meta name=\"twitter:label2\" content=\"Est. tempo de leitura\" \/>\n\t<meta name=\"twitter:data2\" content=\"3 minutos\" \/>\n<script type=\"application\/ld+json\" class=\"yoast-schema-graph\">{\"@context\":\"https:\/\/schema.org\",\"@graph\":[{\"@type\":\"NewsArticle\",\"@id\":\"https:\/\/www.estrategiaconcursos.com.br\/blog\/concurso-inss-coletiva-duvidas\/#article\",\"isPartOf\":{\"@id\":\"https:\/\/www.estrategiaconcursos.com.br\/blog\/concurso-inss-coletiva-duvidas\/\"},\"author\":{\"name\":\"Camila Leite\",\"@id\":\"https:\/\/www.estrategiaconcursos.com.br\/blog\/#\/schema\/person\/84ecdc6eb58d3cf1689bf76c5cd8fb38\"},\"headline\":\"INSS: d\u00favidas sobre o concurso s\u00e3o respondidas em coletiva\",\"datePublished\":\"2022-09-15T17:11:55+00:00\",\"dateModified\":\"2022-09-16T11:54:11+00:00\",\"mainEntityOfPage\":{\"@id\":\"https:\/\/www.estrategiaconcursos.com.br\/blog\/concurso-inss-coletiva-duvidas\/\"},\"wordCount\":630,\"commentCount\":0,\"publisher\":{\"@id\":\"https:\/\/www.estrategiaconcursos.com.br\/blog\/#organization\"},\"image\":{\"@id\":\"https:\/\/www.estrategiaconcursos.com.br\/blog\/concurso-inss-coletiva-duvidas\/#primaryimage\"},\"thumbnailUrl\":\"https:\/\/dhg1h5j42swfq.cloudfront.net\/2021\/02\/22154356\/inss.jpg\",\"articleSection\":[\"Previdenci\u00e1ria (INSS, PREVIC)\",\"\u00daltimas not\u00edcias\"],\"inLanguage\":\"pt-BR\",\"potentialAction\":[{\"@type\":\"CommentAction\",\"name\":\"Comment\",\"target\":[\"https:\/\/www.estrategiaconcursos.com.br\/blog\/concurso-inss-coletiva-duvidas\/#respond\"]}],\"copyrightYear\":\"2022\",\"copyrightHolder\":{\"@id\":\"https:\/\/www.estrategiaconcursos.com.br\/blog\/#organization\"}},{\"@type\":\"WebPage\",\"@id\":\"https:\/\/www.estrategiaconcursos.com.br\/blog\/concurso-inss-coletiva-duvidas\/\",\"url\":\"https:\/\/www.estrategiaconcursos.com.br\/blog\/concurso-inss-coletiva-duvidas\/\",\"name\":\"INSS: d\u00favidas sobre o concurso s\u00e3o respondidas em coletiva\",\"isPartOf\":{\"@id\":\"https:\/\/www.estrategiaconcursos.com.br\/blog\/#website\"},\"primaryImageOfPage\":{\"@id\":\"https:\/\/www.estrategiaconcursos.com.br\/blog\/concurso-inss-coletiva-duvidas\/#primaryimage\"},\"image\":{\"@id\":\"https:\/\/www.estrategiaconcursos.com.br\/blog\/concurso-inss-coletiva-duvidas\/#primaryimage\"},\"thumbnailUrl\":\"https:\/\/dhg1h5j42swfq.cloudfront.net\/2021\/02\/22154356\/inss.jpg\",\"datePublished\":\"2022-09-15T17:11:55+00:00\",\"dateModified\":\"2022-09-16T11:54:11+00:00\",\"description\":\"Concurso INSS: em coletiva realizada com representantes do \u00f3rg\u00e3o e do Minist\u00e9rio do Trabalho, d\u00favidas sobre o edital s\u00e3o respondidas.\",\"breadcrumb\":{\"@id\":\"https:\/\/www.estrategiaconcursos.com.br\/blog\/concurso-inss-coletiva-duvidas\/#breadcrumb\"},\"inLanguage\":\"pt-BR\",\"potentialAction\":[{\"@type\":\"ReadAction\",\"target\":[\"https:\/\/www.estrategiaconcursos.com.br\/blog\/concurso-inss-coletiva-duvidas\/\"]}]},{\"@type\":\"ImageObject\",\"inLanguage\":\"pt-BR\",\"@id\":\"https:\/\/www.estrategiaconcursos.com.br\/blog\/concurso-inss-coletiva-duvidas\/#primaryimage\",\"url\":\"https:\/\/dhg1h5j42swfq.cloudfront.net\/2021\/02\/22154356\/inss.jpg\",\"contentUrl\":\"https:\/\/dhg1h5j42swfq.cloudfront.net\/2021\/02\/22154356\/inss.jpg\",\"width\":1200,\"height\":628,\"caption\":\"Concurso INSS retifica\u00e7\u00f5es\"},{\"@type\":\"BreadcrumbList\",\"@id\":\"https:\/\/www.estrategiaconcursos.com.br\/blog\/concurso-inss-coletiva-duvidas\/#breadcrumb\",\"itemListElement\":[{\"@type\":\"ListItem\",\"position\":1,\"name\":\"In\u00edcio\",\"item\":\"https:\/\/www.estrategiaconcursos.com.br\/blog\/\"},{\"@type\":\"ListItem\",\"position\":2,\"name\":\"INSS: d\u00favidas sobre o concurso s\u00e3o respondidas em coletiva\"}]},{\"@type\":\"WebSite\",\"@id\":\"https:\/\/www.estrategiaconcursos.com.br\/blog\/#website\",\"url\":\"https:\/\/www.estrategiaconcursos.com.br\/blog\/\",\"name\":\"Estrat\u00e9gia Concursos\",\"description\":\"O blog da Estrat\u00e9gia Concursos traz not\u00edcias sobre concursos e artigos de professores oferecendo cursos para concursos (pdf + videaulas) no site.\",\"publisher\":{\"@id\":\"https:\/\/www.estrategiaconcursos.com.br\/blog\/#organization\"},\"potentialAction\":[{\"@type\":\"SearchAction\",\"target\":{\"@type\":\"EntryPoint\",\"urlTemplate\":\"https:\/\/www.estrategiaconcursos.com.br\/blog\/?s={search_term_string}\"},\"query-input\":{\"@type\":\"PropertyValueSpecification\",\"valueRequired\":true,\"valueName\":\"search_term_string\"}}],\"inLanguage\":\"pt-BR\"},{\"@type\":\"Organization\",\"@id\":\"https:\/\/www.estrategiaconcursos.com.br\/blog\/#organization\",\"name\":\"Estrat\u00e9gia Concursos\",\"url\":\"https:\/\/www.estrategiaconcursos.com.br\/blog\/\",\"logo\":{\"@type\":\"ImageObject\",\"inLanguage\":\"pt-BR\",\"@id\":\"https:\/\/www.estrategiaconcursos.com.br\/blog\/#\/schema\/logo\/image\/\",\"url\":\"https:\/\/dhg1h5j42swfq.cloudfront.net\/2025\/06\/03203428\/logo_concursos-1.jpg\",\"contentUrl\":\"https:\/\/dhg1h5j42swfq.cloudfront.net\/2025\/06\/03203428\/logo_concursos-1.jpg\",\"width\":230,\"height\":60,\"caption\":\"Estrat\u00e9gia Concursos\"},\"image\":{\"@id\":\"https:\/\/www.estrategiaconcursos.com.br\/blog\/#\/schema\/logo\/image\/\"},\"sameAs\":[\"https:\/\/x.com\/EstratConcursos\"]},{\"@type\":\"Person\",\"@id\":\"https:\/\/www.estrategiaconcursos.com.br\/blog\/#\/schema\/person\/84ecdc6eb58d3cf1689bf76c5cd8fb38\",\"name\":\"Camila Leite\",\"image\":{\"@type\":\"ImageObject\",\"inLanguage\":\"pt-BR\",\"@id\":\"https:\/\/secure.gravatar.com\/avatar\/f2f8faef639c8a2bfb7fb909912a56917f4c3a0aed064500168e2fb8ea55cf61?s=96&d=mm&r=g\",\"url\":\"https:\/\/secure.gravatar.com\/avatar\/f2f8faef639c8a2bfb7fb909912a56917f4c3a0aed064500168e2fb8ea55cf61?s=96&d=mm&r=g\",\"contentUrl\":\"https:\/\/secure.gravatar.com\/avatar\/f2f8faef639c8a2bfb7fb909912a56917f4c3a0aed064500168e2fb8ea55cf61?s=96&d=mm&r=g\",\"caption\":\"Camila Leite\"},\"description\":\"Formada em Design Gr\u00e1fico e em Propaganda e Marketing pela UNIP, integra a equipe de jornalismo do Estrat\u00e9gia Concursos desde 2018. Ao longo dos anos, construiu uma s\u00f3lida experi\u00eancia na produ\u00e7\u00e3o de conte\u00fado informativo e relevante para concurseiros. Desde 2020, atua na cobertura das \u00e1reas Fiscal \u2014 com \u00eanfase nas Secretarias de Fazenda (Sefaz) das regi\u00f5es Sul e Sudeste \u2014, al\u00e9m da cobertura de concursos federais, como CNU, Petrobras, CGU, Receita Federal, ag\u00eancias reguladoras (Anvisa, ANAC, entre outras) e INSS. Mant\u00e9m contato direto com os principais \u00f3rg\u00e3os p\u00fablicos, acompanhando editais, atualiza\u00e7\u00f5es e movimenta\u00e7\u00f5es importantes para os candidatos.\",\"sameAs\":[\"https:\/\/www.linkedin.com\/in\/camila-pinheiro-leite-9ba135b6\/\"],\"url\":\"https:\/\/www.estrategiaconcursos.com.br\/blog\/author\/camila-leiteestrategiaconcursos-com-br\/\"}]}<\/script>\n<!-- \/ Yoast SEO Premium plugin. -->","yoast_head_json":{"title":"INSS: d\u00favidas sobre o concurso s\u00e3o respondidas em coletiva","description":"Concurso INSS: em coletiva realizada com representantes do \u00f3rg\u00e3o e do Minist\u00e9rio do Trabalho, d\u00favidas sobre o edital s\u00e3o respondidas.","robots":{"index":"index","follow":"follow","max-snippet":"max-snippet:-1","max-image-preview":"max-image-preview:large","max-video-preview":"max-video-preview:-1"},"canonical":"https:\/\/www.estrategiaconcursos.com.br\/blog\/concurso-inss-coletiva-duvidas\/","og_locale":"pt_BR","og_type":"article","og_title":"INSS: d\u00favidas sobre o concurso s\u00e3o respondidas em coletiva","og_description":"Concurso INSS: em coletiva realizada com representantes do \u00f3rg\u00e3o e do Minist\u00e9rio do Trabalho, d\u00favidas sobre o edital s\u00e3o respondidas.","og_url":"https:\/\/www.estrategiaconcursos.com.br\/blog\/concurso-inss-coletiva-duvidas\/","og_site_name":"Estrat\u00e9gia Concursos","article_published_time":"2022-09-15T17:11:55+00:00","article_modified_time":"2022-09-16T11:54:11+00:00","og_image":[{"width":1200,"height":628,"url":"https:\/\/dhg1h5j42swfq.cloudfront.net\/2021\/02\/22154356\/inss.jpg","type":"image\/jpeg"}],"author":"Camila Leite","twitter_card":"summary_large_image","twitter_creator":"@EstratConcursos","twitter_site":"@EstratConcursos","twitter_misc":{"Escrito por":"Camila Leite","Est. tempo de leitura":"3 minutos"},"schema":{"@context":"https:\/\/schema.org","@graph":[{"@type":"NewsArticle","@id":"https:\/\/www.estrategiaconcursos.com.br\/blog\/concurso-inss-coletiva-duvidas\/#article","isPartOf":{"@id":"https:\/\/www.estrategiaconcursos.com.br\/blog\/concurso-inss-coletiva-duvidas\/"},"author":{"name":"Camila Leite","@id":"https:\/\/www.estrategiaconcursos.com.br\/blog\/#\/schema\/person\/84ecdc6eb58d3cf1689bf76c5cd8fb38"},"headline":"INSS: d\u00favidas sobre o concurso s\u00e3o respondidas em coletiva","datePublished":"2022-09-15T17:11:55+00:00","dateModified":"2022-09-16T11:54:11+00:00","mainEntityOfPage":{"@id":"https:\/\/www.estrategiaconcursos.com.br\/blog\/concurso-inss-coletiva-duvidas\/"},"wordCount":630,"commentCount":0,"publisher":{"@id":"https:\/\/www.estrategiaconcursos.com.br\/blog\/#organization"},"image":{"@id":"https:\/\/www.estrategiaconcursos.com.br\/blog\/concurso-inss-coletiva-duvidas\/#primaryimage"},"thumbnailUrl":"https:\/\/dhg1h5j42swfq.cloudfront.net\/2021\/02\/22154356\/inss.jpg","articleSection":["Previdenci\u00e1ria (INSS, PREVIC)","\u00daltimas not\u00edcias"],"inLanguage":"pt-BR","potentialAction":[{"@type":"CommentAction","name":"Comment","target":["https:\/\/www.estrategiaconcursos.com.br\/blog\/concurso-inss-coletiva-duvidas\/#respond"]}],"copyrightYear":"2022","copyrightHolder":{"@id":"https:\/\/www.estrategiaconcursos.com.br\/blog\/#organization"}},{"@type":"WebPage","@id":"https:\/\/www.estrategiaconcursos.com.br\/blog\/concurso-inss-coletiva-duvidas\/","url":"https:\/\/www.estrategiaconcursos.com.br\/blog\/concurso-inss-coletiva-duvidas\/","name":"INSS: d\u00favidas sobre o concurso s\u00e3o respondidas em coletiva","isPartOf":{"@id":"https:\/\/www.estrategiaconcursos.com.br\/blog\/#website"},"primaryImageOfPage":{"@id":"https:\/\/www.estrategiaconcursos.com.br\/blog\/concurso-inss-coletiva-duvidas\/#primaryimage"},"image":{"@id":"https:\/\/www.estrategiaconcursos.com.br\/blog\/concurso-inss-coletiva-duvidas\/#primaryimage"},"thumbnailUrl":"https:\/\/dhg1h5j42swfq.cloudfront.net\/2021\/02\/22154356\/inss.jpg","datePublished":"2022-09-15T17:11:55+00:00","dateModified":"2022-09-16T11:54:11+00:00","description":"Concurso INSS: em coletiva realizada com representantes do \u00f3rg\u00e3o e do Minist\u00e9rio do Trabalho, d\u00favidas sobre o edital s\u00e3o respondidas.","breadcrumb":{"@id":"https:\/\/www.estrategiaconcursos.com.br\/blog\/concurso-inss-coletiva-duvidas\/#breadcrumb"},"inLanguage":"pt-BR","potentialAction":[{"@type":"ReadAction","target":["https:\/\/www.estrategiaconcursos.com.br\/blog\/concurso-inss-coletiva-duvidas\/"]}]},{"@type":"ImageObject","inLanguage":"pt-BR","@id":"https:\/\/www.estrategiaconcursos.com.br\/blog\/concurso-inss-coletiva-duvidas\/#primaryimage","url":"https:\/\/dhg1h5j42swfq.cloudfront.net\/2021\/02\/22154356\/inss.jpg","contentUrl":"https:\/\/dhg1h5j42swfq.cloudfront.net\/2021\/02\/22154356\/inss.jpg","width":1200,"height":628,"caption":"Concurso INSS retifica\u00e7\u00f5es"},{"@type":"BreadcrumbList","@id":"https:\/\/www.estrategiaconcursos.com.br\/blog\/concurso-inss-coletiva-duvidas\/#breadcrumb","itemListElement":[{"@type":"ListItem","position":1,"name":"In\u00edcio","item":"https:\/\/www.estrategiaconcursos.com.br\/blog\/"},{"@type":"ListItem","position":2,"name":"INSS: d\u00favidas sobre o concurso s\u00e3o respondidas em coletiva"}]},{"@type":"WebSite","@id":"https:\/\/www.estrategiaconcursos.com.br\/blog\/#website","url":"https:\/\/www.estrategiaconcursos.com.br\/blog\/","name":"Estrat\u00e9gia Concursos","description":"O blog da Estrat\u00e9gia Concursos traz not\u00edcias sobre concursos e artigos de professores oferecendo cursos para concursos (pdf + videaulas) no site.","publisher":{"@id":"https:\/\/www.estrategiaconcursos.com.br\/blog\/#organization"},"potentialAction":[{"@type":"SearchAction","target":{"@type":"EntryPoint","urlTemplate":"https:\/\/www.estrategiaconcursos.com.br\/blog\/?s={search_term_string}"},"query-input":{"@type":"PropertyValueSpecification","valueRequired":true,"valueName":"search_term_string"}}],"inLanguage":"pt-BR"},{"@type":"Organization","@id":"https:\/\/www.estrategiaconcursos.com.br\/blog\/#organization","name":"Estrat\u00e9gia Concursos","url":"https:\/\/www.estrategiaconcursos.com.br\/blog\/","logo":{"@type":"ImageObject","inLanguage":"pt-BR","@id":"https:\/\/www.estrategiaconcursos.com.br\/blog\/#\/schema\/logo\/image\/","url":"https:\/\/dhg1h5j42swfq.cloudfront.net\/2025\/06\/03203428\/logo_concursos-1.jpg","contentUrl":"https:\/\/dhg1h5j42swfq.cloudfront.net\/2025\/06\/03203428\/logo_concursos-1.jpg","width":230,"height":60,"caption":"Estrat\u00e9gia Concursos"},"image":{"@id":"https:\/\/www.estrategiaconcursos.com.br\/blog\/#\/schema\/logo\/image\/"},"sameAs":["https:\/\/x.com\/EstratConcursos"]},{"@type":"Person","@id":"https:\/\/www.estrategiaconcursos.com.br\/blog\/#\/schema\/person\/84ecdc6eb58d3cf1689bf76c5cd8fb38","name":"Camila Leite","image":{"@type":"ImageObject","inLanguage":"pt-BR","@id":"https:\/\/secure.gravatar.com\/avatar\/f2f8faef639c8a2bfb7fb909912a56917f4c3a0aed064500168e2fb8ea55cf61?s=96&d=mm&r=g","url":"https:\/\/secure.gravatar.com\/avatar\/f2f8faef639c8a2bfb7fb909912a56917f4c3a0aed064500168e2fb8ea55cf61?s=96&d=mm&r=g","contentUrl":"https:\/\/secure.gravatar.com\/avatar\/f2f8faef639c8a2bfb7fb909912a56917f4c3a0aed064500168e2fb8ea55cf61?s=96&d=mm&r=g","caption":"Camila Leite"},"description":"Formada em Design Gr\u00e1fico e em Propaganda e Marketing pela UNIP, integra a equipe de jornalismo do Estrat\u00e9gia Concursos desde 2018. Ao longo dos anos, construiu uma s\u00f3lida experi\u00eancia na produ\u00e7\u00e3o de conte\u00fado informativo e relevante para concurseiros. Desde 2020, atua na cobertura das \u00e1reas Fiscal \u2014 com \u00eanfase nas Secretarias de Fazenda (Sefaz) das regi\u00f5es Sul e Sudeste \u2014, al\u00e9m da cobertura de concursos federais, como CNU, Petrobras, CGU, Receita Federal, ag\u00eancias reguladoras (Anvisa, ANAC, entre outras) e INSS. Mant\u00e9m contato direto com os principais \u00f3rg\u00e3os p\u00fablicos, acompanhando editais, atualiza\u00e7\u00f5es e movimenta\u00e7\u00f5es importantes para os candidatos.","sameAs":["https:\/\/www.linkedin.com\/in\/camila-pinheiro-leite-9ba135b6\/"],"url":"https:\/\/www.estrategiaconcursos.com.br\/blog\/author\/camila-leiteestrategiaconcursos-com-br\/"}]}},"_links":{"self":[{"href":"https:\/\/www.estrategiaconcursos.com.br\/blog\/wp-json\/wp\/v2\/posts\/1095299","targetHints":{"allow":["GET"]}}],"collection":[{"href":"https:\/\/www.estrategiaconcursos.com.br\/blog\/wp-json\/wp\/v2\/posts"}],"about":[{"href":"https:\/\/www.estrategiaconcursos.com.br\/blog\/wp-json\/wp\/v2\/types\/post"}],"author":[{"embeddable":true,"href":"https:\/\/www.estrategiaconcursos.com.br\/blog\/wp-json\/wp\/v2\/users\/659"}],"replies":[{"embeddable":true,"href":"https:\/\/www.estrategiaconcursos.com.br\/blog\/wp-json\/wp\/v2\/comments?post=1095299"}],"version-history":[{"count":18,"href":"https:\/\/www.estrategiaconcursos.com.br\/blog\/wp-json\/wp\/v2\/posts\/1095299\/revisions"}],"predecessor-version":[{"id":1095840,"href":"https:\/\/www.estrategiaconcursos.com.br\/blog\/wp-json\/wp\/v2\/posts\/1095299\/revisions\/1095840"}],"wp:featuredmedia":[{"embeddable":true,"href":"https:\/\/www.estrategiaconcursos.com.br\/blog\/wp-json\/wp\/v2\/media\/698508"}],"wp:attachment":[{"href":"https:\/\/www.estrategiaconcursos.com.br\/blog\/wp-json\/wp\/v2\/media?parent=1095299"}],"wp:term":[{"taxonomy":"category","embeddable":true,"href":"https:\/\/www.estrategiaconcursos.com.br\/blog\/wp-json\/wp\/v2\/categories?post=1095299"},{"taxonomy":"post_tag","embeddable":true,"href":"https:\/\/www.estrategiaconcursos.com.br\/blog\/wp-json\/wp\/v2\/tags?post=1095299"},{"taxonomy":"tax_estado","embeddable":true,"href":"https:\/\/www.estrategiaconcursos.com.br\/blog\/wp-json\/wp\/v2\/tax_estado?post=1095299"}],"curies":[{"name":"wp","href":"https:\/\/api.w.org\/{rel}","templated":true}]}}