{"id":1094867,"date":"2022-10-14T08:01:00","date_gmt":"2022-10-14T11:01:00","guid":{"rendered":"https:\/\/www.estrategiaconcursos.com.br\/blog\/?p=1094867"},"modified":"2022-10-03T15:55:36","modified_gmt":"2022-10-03T18:55:36","slug":"regimento-interno-senado-federal-2","status":"publish","type":"post","link":"https:\/\/www.estrategiaconcursos.com.br\/blog\/regimento-interno-senado-federal-2\/","title":{"rendered":"Regimento Interno: concurso do Senado Federal"},"content":{"rendered":"\n<figure class=\"wp-block-gallery has-nested-images columns-default is-cropped wp-block-gallery-1 is-layout-flex wp-block-gallery-is-layout-flex\">\n<figure class=\"wp-block-image size-large\"><img loading=\"lazy\" decoding=\"async\" width=\"1200\" height=\"540\" data-id=\"632674\" src=\"https:\/\/dhg1h5j42swfq.cloudfront.net\/2020\/12\/16195625\/concuro-senado-federal-e1587330922515.jpg\" alt=\"Regimento Interno\" class=\"wp-image-632674\" srcset=\"https:\/\/dhg1h5j42swfq.cloudfront.net\/2020\/12\/16195625\/concuro-senado-federal-e1587330922515.jpg 1200w, https:\/\/dhg1h5j42swfq.cloudfront.net\/2020\/12\/16195625\/concuro-senado-federal-e1587330922515-300x135.jpg 300w, https:\/\/dhg1h5j42swfq.cloudfront.net\/2020\/12\/16195625\/concuro-senado-federal-e1587330922515-1024x461.jpg 1024w, https:\/\/dhg1h5j42swfq.cloudfront.net\/2020\/12\/16195625\/concuro-senado-federal-e1587330922515-768x346.jpg 768w, https:\/\/dhg1h5j42swfq.cloudfront.net\/2020\/12\/16195625\/concuro-senado-federal-e1587330922515-610x275.jpg 610w\" sizes=\"auto, (max-width: 1200px) 100vw, 1200px\" \/><\/figure>\n<\/figure>\n\n\n\n<p>Confira neste artigo um resumo dos conceitos indispens\u00e1veis presentes no Regimento Interno do Senado Federal (RISF) para o concurso do Senado Federal.<\/p>\n\n\n\n<p>O Senado Federal est\u00e1 com o seu <a href=\"https:\/\/www12.senado.leg.br\/noticias\/arquivos\/2022\/08\/23\/edital-no-1-de-22-de-agosto-de-2022.pdf\">edital<\/a> publicado. S\u00e3o 22 vagas<strong>, <\/strong>para diversos cargos, com remunera\u00e7\u00e3o inicial de at\u00e9 R$ 33.461,68. A banca examinadora \u00e9 a <a href=\"https:\/\/conhecimento.fgv.br\/concursos\">Funda\u00e7\u00e3o Get\u00falio Vargas (FGV)<\/a> e as inscri\u00e7\u00f5es podem ser feitas at\u00e9 \u00e0s 16h do dia 21 de setembro.<\/p>\n\n\n\n<p>Diante da proximidade da <strong>prova<\/strong>, que ocorrer\u00e1 no dia<strong> 06 de novembro de 2022<\/strong>, a fim de intensificar as revis\u00f5es p\u00f3s-edital, este artigo objetiva destacar os conceitos do <strong>Regimento Interno do Senado Federal <\/strong>que costumam confundir os candidatos, mas devem estar na ponta da l\u00edngua na hora da prova, pois tem grandes chances de ser objeto de cobran\u00e7a.<\/p>\n\n\n\n<p>Para explica\u00e7\u00f5es mais detalhadas, com exemplos pr\u00e1ticos e resolu\u00e7\u00e3o passo a passo dos exerc\u00edcios, acesse os &nbsp;<a href=\"https:\/\/www.estrategiaconcursos.com.br\/cursosPorConcurso\/senado-federal-6\/?utm_source=google&amp;utm_medium=cpc&amp;utm_campaign=ec-leg-vd-gsh-Senado&amp;gclid=CjwKCAjw1ICZBhAzEiwAFfvFhLj5wD5zBGuL5QMEEULQt1CLyabw00PfNhNEcdkbQ-FUaCJgIIeZjhoCfbcQAvD_BwE\">cursos para o Senado Federal,<\/a> elaborados pelos melhores professores da \u00e1rea.<\/p>\n\n\n\n<h2 class=\"wp-block-heading\"><strong>Conceitos indispens\u00e1veis do Regimento Interno do Senado Federal<\/strong><\/h2>\n\n\n\n<h2 class=\"wp-block-heading\"><strong>ANO LEGISLATIVO<\/strong><\/h2>\n\n\n\n<p>1 ano (que n\u00e3o coincide com o ano civil). Recessos + Sess\u00f5es Preparat\u00f3rias + Sess\u00e3o Legislativa ordin\u00e1ria.<\/p>\n\n\n\n<p><strong>Data do ano legislativo atual: <\/strong>01\/02\/2022 a 31\/01\/2023.<\/p>\n\n\n\n<p><em>Nos Estados, n\u00e3o precisa haver correspond\u00eancias dessas datas.<\/em><\/p>\n\n\n\n<h2 class=\"wp-block-heading\"><strong>LEGISLATURA<\/strong><\/h2>\n\n\n\n<p>4 anos legislativos.<\/p>\n\n\n\n<p><strong>Data da legislatura atual: <\/strong>de 01\/02\/2019 a 31\/01\/2023.<\/p>\n\n\n\n<h2 class=\"wp-block-heading\"><strong>SESS\u00d5ES PREPARAT\u00d3RIAS<\/strong><\/h2>\n\n\n\n<p>Antecede a inaugura\u00e7\u00e3o da Sess\u00e3o Legislativa Ordin\u00e1ria (SLO).<\/p>\n\n\n\n<p><strong>Qu\u00f3rum para abertura: <\/strong>1\/6 dos 81 senadores.<\/p>\n\n\n\n<p><strong>Delibera\u00e7\u00f5es:<\/strong> maioria dos votos, presentes a maioria dos senadores.<\/p>\n\n\n\n<p><strong>Quem dirige a sess\u00e3o:<\/strong> membros da mesa anterior (exclu\u00eddos os senadores cujo mandato foi encerrado [mesmo que reeleitos]). Se n\u00e3o h\u00e1 nenhum membro da mesa anterior para presidir a sess\u00e3o, preside o mais idoso, que convida 4 senadores dos partidos\/blocos mais numerosos para atuarem como secret\u00e1rios.<\/p>\n\n\n\n<p><strong>Veda\u00e7\u00f5es:<\/strong> Vedado o uso da palavra, exceto para declara\u00e7\u00e3o pertinente a mat\u00e9ria (vedado para aparte, encaminhamento da vota\u00e7\u00e3o e discuss\u00e3o da elei\u00e7\u00e3o).<\/p>\n\n\n\n<p><strong>Datas:<\/strong><\/p>\n\n\n\n<p><strong>No 1\u00ba ano da legislatura:<\/strong><\/p>\n\n\n\n<p><strong>Data: <u>a partir<\/u><\/strong> de 01\/02 (Senado). Em 01\/02 (CD).<\/p>\n\n\n\n<p>3 sess\u00f5es preparat\u00f3rias, com as seguintes finalidades:<\/p>\n\n\n\n<ul class=\"wp-block-list\"><li>Posse dos senadores<\/li><li>Elei\u00e7\u00e3o do presidente da mesa<\/li><li>Elei\u00e7\u00e3o dos demais membros da mesa e suplentes<\/li><\/ul>\n\n\n\n<p><strong>3\u00ba ano da legislatura:<\/strong><\/p>\n\n\n\n<p>2 sess\u00f5es preparat\u00f3rias, com as seguintes finalidades:<\/p>\n\n\n\n<p><strong>Data: <u>em<\/u><\/strong> de 01\/02.<\/p>\n\n\n\n<ul class=\"wp-block-list\"><li>Elei\u00e7\u00e3o do presidente da mesa<\/li><li>Elei\u00e7\u00e3o dos demais membros da mesa e suplentes<\/li><\/ul>\n\n\n\n<h2 class=\"wp-block-heading\"><strong>PER\u00cdODO LEGISLATIVO<\/strong><\/h2>\n\n\n\n<p>Data em que ocorrem as Sess\u00f5es Legislativas Ordin\u00e1rias, que se interrompem nos recessos.<\/p>\n\n\n\n<p><strong>Data:<\/strong><\/p>\n\n\n\n<p><strong>1\u00ba per\u00edodo:<\/strong> de 02\/02 a 17\/07<\/p>\n\n\n\n<p><strong>2\u00ba per\u00edodo:<\/strong> de 01\/08 a 22\/12<\/p>\n\n\n\n<p>Reuni\u00f5es agendadas para o in\u00edcio e t\u00e9rmino de cada per\u00edodo, se reca\u00edrem em s\u00e1bado, domingo ou feriado, passam para o 1\u00ba dia \u00fatil seguinte.<\/p>\n\n\n\n<h2 class=\"wp-block-heading\"><strong>SESS\u00c3O LEGISLATIVA ORDIN\u00c1RIA<\/strong><\/h2>\n\n\n\n<p><strong>Data: <\/strong>1\u00ba + 2\u00ba per\u00edodo legislativo <em>(pode ser diferente nos Estados)<\/em>.<\/p>\n\n\n\n<p><strong>Inaugura\u00e7\u00e3o:<\/strong> em 02\/02.<\/p>\n\n\n\n<p><strong>RECESSOS:<\/strong><\/p>\n\n\n\n<p>Per\u00edodo entre os per\u00edodos legislativos, em que podem ocorrer as Sess\u00f5es Legislativas Extraordin\u00e1rias (SLE).<\/p>\n\n\n\n<p><strong>Data:<\/strong><\/p>\n\n\n\n<p><strong>1\u00ba per\u00edodo:<\/strong> de 18\/07 a 31\/07<\/p>\n\n\n\n<p><strong>2\u00ba per\u00edodo:<\/strong> de 23\/12 a 01\/02<\/p>\n\n\n\n<p><strong>Obs.: Projeto de Lei de Diretrizes Or\u00e7ament\u00e1rias (LDO)<\/strong> \u2013 O Presidente da Rep\u00fablica tem que enviar at\u00e9 <strong>8 meses e meio<\/strong> antes do fim do ano civil (15\/04) e o Congresso tem que aprovar e encaminhar para san\u00e7\u00e3o at\u00e9 encerramento do 1\u00ba per\u00edodo legislativo (17\/07). Se n\u00e3o encaminhar, a sess\u00e3o legislativa n\u00e3o se interrompe (o CN n\u00e3o pode entrar em recesso [ADCT]).<\/p>\n\n\n\n<p>Em \u00e2mbito federal n\u00e3o tem essa regra para o final do ano. Se n\u00e3o for aprovada o PLOA aplica-se a regra de 1\/12 do or\u00e7amento anterior.<\/p>\n\n\n\n<h2 class=\"wp-block-heading\"><strong>SESS\u00c3O LEGISLATIVA EXTRAORDIN\u00c1RIA<\/strong><\/h2>\n\n\n\n<p><strong>Convoca\u00e7\u00e3o dos parlamentares<\/strong> para sess\u00e3o no per\u00edodo de recesso, nas seguintes hip\u00f3teses:<\/p>\n\n\n\n<p><strong>Convocada pelo Presidente do Senado<\/strong> (sem necessidade de aprova\u00e7\u00e3o do plen\u00e1rio nos seguintes casos):<\/p>\n\n\n\n<ul class=\"wp-block-list\"><li>Estado de defesa<\/li><li>Interven\u00e7\u00e3o Federal<\/li><li>Pedido para Estado de S\u00edtio<\/li><li>Compromisso e posse do PR (at\u00e9 ano que vem 01\/01, EC 111\/21 mudou essa data)<\/li><\/ul>\n\n\n\n<p><strong>Convocada pelo<\/strong> (aprova\u00e7\u00e3o de maioria absoluta dos deputados e senadores)<strong>:<\/strong><\/p>\n\n\n\n<ul class=\"wp-block-list\"><li>PR<\/li><li>Presidentes do CD e SF (juntos)<\/li><li>Maioria dos Deputados e Senadores (juntos)<\/li><\/ul>\n\n\n\n<p><strong>Nos casos de:<\/strong><\/p>\n\n\n\n<ul class=\"wp-block-list\"><li>Urg\u00eancia ou<\/li><li>Interesse p\u00fablico relevante<\/li><\/ul>\n\n\n\n<p>S\u00f3 delibera a mat\u00e9ria de convoca\u00e7\u00e3o e medidas provis\u00f3rias em vigor.<\/p>\n\n\n\n<p>Se encerra a SLE quando esgotada a pauta ou o prazo da convoca\u00e7\u00e3o.<\/p>\n\n\n\n<p>Vedado o pagamento de parcela indenizat\u00f3ria, inclusive para deputado estadual em SLE da Assembleia Legislativa.<\/p>\n\n\n\n<p>Obs.: <strong>Sess\u00e3o Legislativa ordin\u00e1ria\/extraordin\u00e1ria<\/strong> (per\u00edodo de funcionamento da casa legislativa) \u00e9 <strong><u>DIFERENTE<\/u><\/strong> de <strong>sess\u00e3o ordin\u00e1ria\/extraordin\u00e1ria<\/strong> (evento do plen\u00e1rio contado em horas).<\/p>\n\n\n\n<p>A seguir, um quadro para a memoriza\u00e7\u00e3o das hip\u00f3teses de convoca\u00e7\u00e3o de SLE:<\/p>\n\n\n\n<div class=\"wp-block-group is-layout-flow wp-block-group-is-layout-flow\">\n<figure class=\"wp-block-table is-style-stripes\"><table><tbody><tr><td><strong>CASOS<\/strong><\/td><td><strong>INICIATIVA<\/strong><\/td><td><strong>APROVA\u00c7\u00c3O<\/strong><\/td><\/tr><tr><td>1) estado de defesa; <br \/>2) interven\u00e7\u00e3o federal; <br \/>3) estado de s\u00edtio; <br \/>4) compromisso e posse do Presidente e Vice.<\/td><td>Presidente do Senado<\/td><td>Independe<\/td><\/tr><tr><td>Urg\u00eancia OU Interesse p\u00fablico relevante<\/td><td>1) Presidente da Rep\u00fablica; <br \/>2) Presidentes da CD e do SF (juntos); <br \/>3) A requerimento da <strong>maioria<\/strong> dos membros de ambas as Casas<\/td><td>Aprova\u00e7\u00e3o da <strong>maioria absoluta<\/strong> da C\u00e2mara dos Deputados e do Senado Federal<\/td><\/tr><\/tbody><\/table><\/figure>\n<\/div>\n\n\n\n<p><strong>Boa sorte!<\/strong><strong>&nbsp;&nbsp;<\/strong><\/p>\n\n\n\n<p>Falta pouco at\u00e9 a data da prova e, por isso, \u00e9 preciso realizar um estudo estrat\u00e9gico de reta final. Em vista da import\u00e2ncia dos conceitos do Regimento Interno do Senado Federal abordados nesse artigo, \u00e9<strong> imprescind\u00edvel a compreens\u00e3o e memoriza\u00e7\u00e3o dos assuntos tratados aqui, al\u00e9m da realiza\u00e7\u00e3o de muitas quest\u00f5es no&nbsp;<\/strong><strong><a href=\"https:\/\/concursos.estrategiaeducacional.com.br\/\">Sistema de Quest\u00f5es<\/a><\/strong><strong>&nbsp;do Estrat\u00e9gia Concursos<\/strong>!<\/p>\n\n\n\n<p>Achou esse artigo \u00fatil? Deixe seu coment\u00e1rio.&nbsp;&nbsp;&nbsp;&nbsp;&nbsp;&nbsp;&nbsp;<\/p>\n\n\n\n<p>Um forte abra\u00e7o e at\u00e9 o pr\u00f3ximo artigo!&nbsp;&nbsp;&nbsp;&nbsp;&nbsp;&nbsp;&nbsp;<\/p>\n\n\n\n<p>Ana Luiza Tib\u00farcio.&nbsp;&nbsp;&nbsp;&nbsp;&nbsp;&nbsp;<\/p>\n\n\n\n<h2 class=\"has-text-align-center wp-block-heading\" id=\"h-quer-saber-tudo-de-concursos-previstos\"><strong>Quer Saber Tudo de Concursos Previstos?<\/strong><\/h2>\n\n\n\n<h2 class=\"has-text-align-center wp-block-heading\" id=\"h-confira-nossos-artigos\"><strong>Confira Nossos Artigos<\/strong><\/h2>\n\n\n\n<p class=\"has-text-align-center has-pale-cyan-blue-background-color has-background\"><a href=\"https:\/\/www.estrategiaconcursos.com.br\/blog\/concursos-abertos\/\" target=\"_blank\" rel=\"noreferrer noopener\">Concursos Abertos<\/a><\/p>\n\n\n\n<p class=\"has-text-align-center has-pale-cyan-blue-background-color has-background\"><a href=\"https:\/\/www.estrategiaconcursos.com.br\/blog\/concursos-2022\/\" target=\"_blank\" rel=\"noreferrer noopener\">Concursos 2022<\/a><\/p>\n\n\n\n<p class=\"has-text-align-center has-pale-cyan-blue-background-color has-background\"><a href=\"https:\/\/www.estrategiaconcursos.com.br\/blog\/concursos-2023\/\" target=\"_blank\" rel=\"noreferrer noopener\">Concursos 2023<\/a><\/p>\n","protected":false},"excerpt":{"rendered":"<p>Confira neste artigo um resumo dos conceitos indispens\u00e1veis presentes no Regimento Interno do Senado Federal (RISF) para o concurso do Senado Federal. O Senado Federal est\u00e1 com o seu edital publicado. S\u00e3o 22 vagas, para diversos cargos, com remunera\u00e7\u00e3o inicial de at\u00e9 R$ 33.461,68. A banca examinadora \u00e9 a Funda\u00e7\u00e3o Get\u00falio Vargas (FGV) e as [&hellip;]<\/p>\n","protected":false},"author":1666,"featured_media":632674,"comment_status":"open","ping_status":"closed","sticky":false,"template":"","format":"standard","meta":{"post_tipo":"article","footnotes":""},"categories":[2017],"tags":[],"tax_estado":[219963],"class_list":["post-1094867","post","type-post","status-publish","format-standard","has-post-thumbnail","hentry","category-concursos-legislativos","tax_estado-concursos-federais"],"acf":[],"yoast_head":"<!-- This site is optimized with the Yoast SEO Premium plugin v27.2 (Yoast SEO v27.2) - https:\/\/yoast.com\/product\/yoast-seo-premium-wordpress\/ -->\n<title>Regimento Interno: concurso do Senado Federal<\/title>\n<meta name=\"description\" content=\"Confira neste artigo os conceitos indispens\u00e1veis presentes no Regimento Interno do Senado Federal (RISF) para o concurso do Senado Federal.\" \/>\n<meta name=\"robots\" content=\"index, follow, max-snippet:-1, max-image-preview:large, max-video-preview:-1\" \/>\n<link rel=\"canonical\" href=\"https:\/\/www.estrategiaconcursos.com.br\/blog\/regimento-interno-senado-federal-2\/\" \/>\n<meta property=\"og:locale\" content=\"pt_BR\" \/>\n<meta property=\"og:type\" content=\"article\" \/>\n<meta property=\"og:title\" content=\"Regimento Interno: concurso do Senado Federal\" \/>\n<meta property=\"og:description\" content=\"Confira neste artigo os conceitos indispens\u00e1veis presentes no Regimento Interno do Senado Federal (RISF) para o concurso do Senado Federal.\" \/>\n<meta property=\"og:url\" content=\"https:\/\/www.estrategiaconcursos.com.br\/blog\/regimento-interno-senado-federal-2\/\" \/>\n<meta property=\"og:site_name\" content=\"Estrat\u00e9gia Concursos\" \/>\n<meta property=\"article:published_time\" content=\"2022-10-14T11:01:00+00:00\" \/>\n<meta property=\"og:image\" content=\"https:\/\/dhg1h5j42swfq.cloudfront.net\/2020\/12\/16195625\/concuro-senado-federal-e1587330922515.jpg\" \/>\n\t<meta property=\"og:image:width\" content=\"1200\" \/>\n\t<meta property=\"og:image:height\" content=\"540\" \/>\n\t<meta property=\"og:image:type\" content=\"image\/jpeg\" \/>\n<meta name=\"author\" content=\"Ana Luiza Tib\u00farcio Guimar\u00e3es\" \/>\n<meta name=\"twitter:card\" content=\"summary_large_image\" \/>\n<meta name=\"twitter:creator\" content=\"@EstratConcursos\" \/>\n<meta name=\"twitter:site\" content=\"@EstratConcursos\" \/>\n<meta name=\"twitter:label1\" content=\"Escrito por\" \/>\n\t<meta name=\"twitter:data1\" content=\"Ana Luiza Tib\u00farcio Guimar\u00e3es\" \/>\n\t<meta name=\"twitter:label2\" content=\"Est. tempo de leitura\" \/>\n\t<meta name=\"twitter:data2\" content=\"5 minutos\" \/>\n<script type=\"application\/ld+json\" class=\"yoast-schema-graph\">{\"@context\":\"https:\/\/schema.org\",\"@graph\":[{\"@type\":\"NewsArticle\",\"@id\":\"https:\/\/www.estrategiaconcursos.com.br\/blog\/regimento-interno-senado-federal-2\/#article\",\"isPartOf\":{\"@id\":\"https:\/\/www.estrategiaconcursos.com.br\/blog\/regimento-interno-senado-federal-2\/\"},\"author\":{\"name\":\"Ana Luiza Tib\u00farcio Guimar\u00e3es\",\"@id\":\"https:\/\/www.estrategiaconcursos.com.br\/blog\/#\/schema\/person\/adbd974f815a3acb9e572fdf7315d7c2\"},\"headline\":\"Regimento Interno: concurso do Senado Federal\",\"datePublished\":\"2022-10-14T11:01:00+00:00\",\"mainEntityOfPage\":{\"@id\":\"https:\/\/www.estrategiaconcursos.com.br\/blog\/regimento-interno-senado-federal-2\/\"},\"wordCount\":973,\"commentCount\":0,\"publisher\":{\"@id\":\"https:\/\/www.estrategiaconcursos.com.br\/blog\/#organization\"},\"image\":{\"@id\":\"https:\/\/www.estrategiaconcursos.com.br\/blog\/regimento-interno-senado-federal-2\/#primaryimage\"},\"thumbnailUrl\":\"https:\/\/dhg1h5j42swfq.cloudfront.net\/2020\/12\/16195625\/concuro-senado-federal-e1587330922515.jpg\",\"articleSection\":[\"Legislativo\"],\"inLanguage\":\"pt-BR\",\"potentialAction\":[{\"@type\":\"CommentAction\",\"name\":\"Comment\",\"target\":[\"https:\/\/www.estrategiaconcursos.com.br\/blog\/regimento-interno-senado-federal-2\/#respond\"]}],\"copyrightYear\":\"2022\",\"copyrightHolder\":{\"@id\":\"https:\/\/www.estrategiaconcursos.com.br\/blog\/#organization\"}},{\"@type\":\"WebPage\",\"@id\":\"https:\/\/www.estrategiaconcursos.com.br\/blog\/regimento-interno-senado-federal-2\/\",\"url\":\"https:\/\/www.estrategiaconcursos.com.br\/blog\/regimento-interno-senado-federal-2\/\",\"name\":\"Regimento Interno: concurso do Senado Federal\",\"isPartOf\":{\"@id\":\"https:\/\/www.estrategiaconcursos.com.br\/blog\/#website\"},\"primaryImageOfPage\":{\"@id\":\"https:\/\/www.estrategiaconcursos.com.br\/blog\/regimento-interno-senado-federal-2\/#primaryimage\"},\"image\":{\"@id\":\"https:\/\/www.estrategiaconcursos.com.br\/blog\/regimento-interno-senado-federal-2\/#primaryimage\"},\"thumbnailUrl\":\"https:\/\/dhg1h5j42swfq.cloudfront.net\/2020\/12\/16195625\/concuro-senado-federal-e1587330922515.jpg\",\"datePublished\":\"2022-10-14T11:01:00+00:00\",\"description\":\"Confira neste artigo os conceitos indispens\u00e1veis presentes no Regimento Interno do Senado Federal (RISF) para o concurso do Senado Federal.\",\"breadcrumb\":{\"@id\":\"https:\/\/www.estrategiaconcursos.com.br\/blog\/regimento-interno-senado-federal-2\/#breadcrumb\"},\"inLanguage\":\"pt-BR\",\"potentialAction\":[{\"@type\":\"ReadAction\",\"target\":[\"https:\/\/www.estrategiaconcursos.com.br\/blog\/regimento-interno-senado-federal-2\/\"]}]},{\"@type\":\"ImageObject\",\"inLanguage\":\"pt-BR\",\"@id\":\"https:\/\/www.estrategiaconcursos.com.br\/blog\/regimento-interno-senado-federal-2\/#primaryimage\",\"url\":\"https:\/\/dhg1h5j42swfq.cloudfront.net\/2020\/12\/16195625\/concuro-senado-federal-e1587330922515.jpg\",\"contentUrl\":\"https:\/\/dhg1h5j42swfq.cloudfront.net\/2020\/12\/16195625\/concuro-senado-federal-e1587330922515.jpg\",\"width\":1200,\"height\":540,\"caption\":\"Regimento Interno\"},{\"@type\":\"BreadcrumbList\",\"@id\":\"https:\/\/www.estrategiaconcursos.com.br\/blog\/regimento-interno-senado-federal-2\/#breadcrumb\",\"itemListElement\":[{\"@type\":\"ListItem\",\"position\":1,\"name\":\"In\u00edcio\",\"item\":\"https:\/\/www.estrategiaconcursos.com.br\/blog\/\"},{\"@type\":\"ListItem\",\"position\":2,\"name\":\"Regimento Interno: concurso do Senado Federal\"}]},{\"@type\":\"WebSite\",\"@id\":\"https:\/\/www.estrategiaconcursos.com.br\/blog\/#website\",\"url\":\"https:\/\/www.estrategiaconcursos.com.br\/blog\/\",\"name\":\"Estrat\u00e9gia Concursos\",\"description\":\"O blog da Estrat\u00e9gia Concursos traz not\u00edcias sobre concursos e artigos de professores oferecendo cursos para concursos (pdf + videaulas) no site.\",\"publisher\":{\"@id\":\"https:\/\/www.estrategiaconcursos.com.br\/blog\/#organization\"},\"potentialAction\":[{\"@type\":\"SearchAction\",\"target\":{\"@type\":\"EntryPoint\",\"urlTemplate\":\"https:\/\/www.estrategiaconcursos.com.br\/blog\/?s={search_term_string}\"},\"query-input\":{\"@type\":\"PropertyValueSpecification\",\"valueRequired\":true,\"valueName\":\"search_term_string\"}}],\"inLanguage\":\"pt-BR\"},{\"@type\":\"Organization\",\"@id\":\"https:\/\/www.estrategiaconcursos.com.br\/blog\/#organization\",\"name\":\"Estrat\u00e9gia Concursos\",\"url\":\"https:\/\/www.estrategiaconcursos.com.br\/blog\/\",\"logo\":{\"@type\":\"ImageObject\",\"inLanguage\":\"pt-BR\",\"@id\":\"https:\/\/www.estrategiaconcursos.com.br\/blog\/#\/schema\/logo\/image\/\",\"url\":\"https:\/\/dhg1h5j42swfq.cloudfront.net\/2025\/06\/03203428\/logo_concursos-1.jpg\",\"contentUrl\":\"https:\/\/dhg1h5j42swfq.cloudfront.net\/2025\/06\/03203428\/logo_concursos-1.jpg\",\"width\":230,\"height\":60,\"caption\":\"Estrat\u00e9gia Concursos\"},\"image\":{\"@id\":\"https:\/\/www.estrategiaconcursos.com.br\/blog\/#\/schema\/logo\/image\/\"},\"sameAs\":[\"https:\/\/x.com\/EstratConcursos\"]},{\"@type\":\"Person\",\"@id\":\"https:\/\/www.estrategiaconcursos.com.br\/blog\/#\/schema\/person\/adbd974f815a3acb9e572fdf7315d7c2\",\"name\":\"Ana Luiza Tib\u00farcio Guimar\u00e3es\",\"image\":{\"@type\":\"ImageObject\",\"inLanguage\":\"pt-BR\",\"@id\":\"https:\/\/secure.gravatar.com\/avatar\/d0e9fa767d159d6bdb59324855854ef2672e0774dce8705b1c42c80a5b4de7b8?s=96&d=mm&r=g\",\"url\":\"https:\/\/secure.gravatar.com\/avatar\/d0e9fa767d159d6bdb59324855854ef2672e0774dce8705b1c42c80a5b4de7b8?s=96&d=mm&r=g\",\"contentUrl\":\"https:\/\/secure.gravatar.com\/avatar\/d0e9fa767d159d6bdb59324855854ef2672e0774dce8705b1c42c80a5b4de7b8?s=96&d=mm&r=g\",\"caption\":\"Ana Luiza Tib\u00farcio Guimar\u00e3es\"},\"description\":\"Graduada em Direito pela Pontif\u00edcia Universidade Cat\u00f3lica de Minas Gerais e graduada em Ci\u00eancias do Estado pela Universidade Federal de Minas Gerais. P\u00f3s Graduada em Direito P\u00fablico pela PUC Minas. Gradua\u00e7\u00e3o em Gest\u00e3o P\u00fablica e P\u00f3s Gradua\u00e7\u00e3o em Ci\u00eancia Pol\u00edtica em andamento. Analista de Processo Legislativo do Senado Federal, lotada na Secretaria Legislativa do Senado. Aprova\u00e7\u00f5es em concursos: Aprovada para o cargo de Analista Judici\u00e1ria do TRF 3 (2025) Aprovada para o cargo de Procuradora do Munic\u00edpio de S\u00e3o Paulo (2024) Aprovada para o cargo de Analista Legislativa do Senado Federal (2023) Aprovada em 1\u00ba lugar para o cargo de T\u00e9cnico Judici\u00e1rio do TRF 3 (2019) Aprovada para o cargo de Juiz Leigo do Tribunal de Justi\u00e7a de Minas Gerais (2019).\",\"url\":\"https:\/\/www.estrategiaconcursos.com.br\/blog\/author\/anatiburcio-ggmail-com\/\"}]}<\/script>\n<!-- \/ Yoast SEO Premium plugin. -->","yoast_head_json":{"title":"Regimento Interno: concurso do Senado Federal","description":"Confira neste artigo os conceitos indispens\u00e1veis presentes no Regimento Interno do Senado Federal (RISF) para o concurso do Senado Federal.","robots":{"index":"index","follow":"follow","max-snippet":"max-snippet:-1","max-image-preview":"max-image-preview:large","max-video-preview":"max-video-preview:-1"},"canonical":"https:\/\/www.estrategiaconcursos.com.br\/blog\/regimento-interno-senado-federal-2\/","og_locale":"pt_BR","og_type":"article","og_title":"Regimento Interno: concurso do Senado Federal","og_description":"Confira neste artigo os conceitos indispens\u00e1veis presentes no Regimento Interno do Senado Federal (RISF) para o concurso do Senado Federal.","og_url":"https:\/\/www.estrategiaconcursos.com.br\/blog\/regimento-interno-senado-federal-2\/","og_site_name":"Estrat\u00e9gia Concursos","article_published_time":"2022-10-14T11:01:00+00:00","og_image":[{"width":1200,"height":540,"url":"https:\/\/dhg1h5j42swfq.cloudfront.net\/2020\/12\/16195625\/concuro-senado-federal-e1587330922515.jpg","type":"image\/jpeg"}],"author":"Ana Luiza Tib\u00farcio Guimar\u00e3es","twitter_card":"summary_large_image","twitter_creator":"@EstratConcursos","twitter_site":"@EstratConcursos","twitter_misc":{"Escrito por":"Ana Luiza Tib\u00farcio Guimar\u00e3es","Est. tempo de leitura":"5 minutos"},"schema":{"@context":"https:\/\/schema.org","@graph":[{"@type":"NewsArticle","@id":"https:\/\/www.estrategiaconcursos.com.br\/blog\/regimento-interno-senado-federal-2\/#article","isPartOf":{"@id":"https:\/\/www.estrategiaconcursos.com.br\/blog\/regimento-interno-senado-federal-2\/"},"author":{"name":"Ana Luiza Tib\u00farcio Guimar\u00e3es","@id":"https:\/\/www.estrategiaconcursos.com.br\/blog\/#\/schema\/person\/adbd974f815a3acb9e572fdf7315d7c2"},"headline":"Regimento Interno: concurso do Senado Federal","datePublished":"2022-10-14T11:01:00+00:00","mainEntityOfPage":{"@id":"https:\/\/www.estrategiaconcursos.com.br\/blog\/regimento-interno-senado-federal-2\/"},"wordCount":973,"commentCount":0,"publisher":{"@id":"https:\/\/www.estrategiaconcursos.com.br\/blog\/#organization"},"image":{"@id":"https:\/\/www.estrategiaconcursos.com.br\/blog\/regimento-interno-senado-federal-2\/#primaryimage"},"thumbnailUrl":"https:\/\/dhg1h5j42swfq.cloudfront.net\/2020\/12\/16195625\/concuro-senado-federal-e1587330922515.jpg","articleSection":["Legislativo"],"inLanguage":"pt-BR","potentialAction":[{"@type":"CommentAction","name":"Comment","target":["https:\/\/www.estrategiaconcursos.com.br\/blog\/regimento-interno-senado-federal-2\/#respond"]}],"copyrightYear":"2022","copyrightHolder":{"@id":"https:\/\/www.estrategiaconcursos.com.br\/blog\/#organization"}},{"@type":"WebPage","@id":"https:\/\/www.estrategiaconcursos.com.br\/blog\/regimento-interno-senado-federal-2\/","url":"https:\/\/www.estrategiaconcursos.com.br\/blog\/regimento-interno-senado-federal-2\/","name":"Regimento Interno: concurso do Senado Federal","isPartOf":{"@id":"https:\/\/www.estrategiaconcursos.com.br\/blog\/#website"},"primaryImageOfPage":{"@id":"https:\/\/www.estrategiaconcursos.com.br\/blog\/regimento-interno-senado-federal-2\/#primaryimage"},"image":{"@id":"https:\/\/www.estrategiaconcursos.com.br\/blog\/regimento-interno-senado-federal-2\/#primaryimage"},"thumbnailUrl":"https:\/\/dhg1h5j42swfq.cloudfront.net\/2020\/12\/16195625\/concuro-senado-federal-e1587330922515.jpg","datePublished":"2022-10-14T11:01:00+00:00","description":"Confira neste artigo os conceitos indispens\u00e1veis presentes no Regimento Interno do Senado Federal (RISF) para o concurso do Senado Federal.","breadcrumb":{"@id":"https:\/\/www.estrategiaconcursos.com.br\/blog\/regimento-interno-senado-federal-2\/#breadcrumb"},"inLanguage":"pt-BR","potentialAction":[{"@type":"ReadAction","target":["https:\/\/www.estrategiaconcursos.com.br\/blog\/regimento-interno-senado-federal-2\/"]}]},{"@type":"ImageObject","inLanguage":"pt-BR","@id":"https:\/\/www.estrategiaconcursos.com.br\/blog\/regimento-interno-senado-federal-2\/#primaryimage","url":"https:\/\/dhg1h5j42swfq.cloudfront.net\/2020\/12\/16195625\/concuro-senado-federal-e1587330922515.jpg","contentUrl":"https:\/\/dhg1h5j42swfq.cloudfront.net\/2020\/12\/16195625\/concuro-senado-federal-e1587330922515.jpg","width":1200,"height":540,"caption":"Regimento Interno"},{"@type":"BreadcrumbList","@id":"https:\/\/www.estrategiaconcursos.com.br\/blog\/regimento-interno-senado-federal-2\/#breadcrumb","itemListElement":[{"@type":"ListItem","position":1,"name":"In\u00edcio","item":"https:\/\/www.estrategiaconcursos.com.br\/blog\/"},{"@type":"ListItem","position":2,"name":"Regimento Interno: concurso do Senado Federal"}]},{"@type":"WebSite","@id":"https:\/\/www.estrategiaconcursos.com.br\/blog\/#website","url":"https:\/\/www.estrategiaconcursos.com.br\/blog\/","name":"Estrat\u00e9gia Concursos","description":"O blog da Estrat\u00e9gia Concursos traz not\u00edcias sobre concursos e artigos de professores oferecendo cursos para concursos (pdf + videaulas) no site.","publisher":{"@id":"https:\/\/www.estrategiaconcursos.com.br\/blog\/#organization"},"potentialAction":[{"@type":"SearchAction","target":{"@type":"EntryPoint","urlTemplate":"https:\/\/www.estrategiaconcursos.com.br\/blog\/?s={search_term_string}"},"query-input":{"@type":"PropertyValueSpecification","valueRequired":true,"valueName":"search_term_string"}}],"inLanguage":"pt-BR"},{"@type":"Organization","@id":"https:\/\/www.estrategiaconcursos.com.br\/blog\/#organization","name":"Estrat\u00e9gia Concursos","url":"https:\/\/www.estrategiaconcursos.com.br\/blog\/","logo":{"@type":"ImageObject","inLanguage":"pt-BR","@id":"https:\/\/www.estrategiaconcursos.com.br\/blog\/#\/schema\/logo\/image\/","url":"https:\/\/dhg1h5j42swfq.cloudfront.net\/2025\/06\/03203428\/logo_concursos-1.jpg","contentUrl":"https:\/\/dhg1h5j42swfq.cloudfront.net\/2025\/06\/03203428\/logo_concursos-1.jpg","width":230,"height":60,"caption":"Estrat\u00e9gia Concursos"},"image":{"@id":"https:\/\/www.estrategiaconcursos.com.br\/blog\/#\/schema\/logo\/image\/"},"sameAs":["https:\/\/x.com\/EstratConcursos"]},{"@type":"Person","@id":"https:\/\/www.estrategiaconcursos.com.br\/blog\/#\/schema\/person\/adbd974f815a3acb9e572fdf7315d7c2","name":"Ana Luiza Tib\u00farcio Guimar\u00e3es","image":{"@type":"ImageObject","inLanguage":"pt-BR","@id":"https:\/\/secure.gravatar.com\/avatar\/d0e9fa767d159d6bdb59324855854ef2672e0774dce8705b1c42c80a5b4de7b8?s=96&d=mm&r=g","url":"https:\/\/secure.gravatar.com\/avatar\/d0e9fa767d159d6bdb59324855854ef2672e0774dce8705b1c42c80a5b4de7b8?s=96&d=mm&r=g","contentUrl":"https:\/\/secure.gravatar.com\/avatar\/d0e9fa767d159d6bdb59324855854ef2672e0774dce8705b1c42c80a5b4de7b8?s=96&d=mm&r=g","caption":"Ana Luiza Tib\u00farcio Guimar\u00e3es"},"description":"Graduada em Direito pela Pontif\u00edcia Universidade Cat\u00f3lica de Minas Gerais e graduada em Ci\u00eancias do Estado pela Universidade Federal de Minas Gerais. P\u00f3s Graduada em Direito P\u00fablico pela PUC Minas. Gradua\u00e7\u00e3o em Gest\u00e3o P\u00fablica e P\u00f3s Gradua\u00e7\u00e3o em Ci\u00eancia Pol\u00edtica em andamento. Analista de Processo Legislativo do Senado Federal, lotada na Secretaria Legislativa do Senado. Aprova\u00e7\u00f5es em concursos: Aprovada para o cargo de Analista Judici\u00e1ria do TRF 3 (2025) Aprovada para o cargo de Procuradora do Munic\u00edpio de S\u00e3o Paulo (2024) Aprovada para o cargo de Analista Legislativa do Senado Federal (2023) Aprovada em 1\u00ba lugar para o cargo de T\u00e9cnico Judici\u00e1rio do TRF 3 (2019) Aprovada para o cargo de Juiz Leigo do Tribunal de Justi\u00e7a de Minas Gerais (2019).","url":"https:\/\/www.estrategiaconcursos.com.br\/blog\/author\/anatiburcio-ggmail-com\/"}]}},"_links":{"self":[{"href":"https:\/\/www.estrategiaconcursos.com.br\/blog\/wp-json\/wp\/v2\/posts\/1094867","targetHints":{"allow":["GET"]}}],"collection":[{"href":"https:\/\/www.estrategiaconcursos.com.br\/blog\/wp-json\/wp\/v2\/posts"}],"about":[{"href":"https:\/\/www.estrategiaconcursos.com.br\/blog\/wp-json\/wp\/v2\/types\/post"}],"author":[{"embeddable":true,"href":"https:\/\/www.estrategiaconcursos.com.br\/blog\/wp-json\/wp\/v2\/users\/1666"}],"replies":[{"embeddable":true,"href":"https:\/\/www.estrategiaconcursos.com.br\/blog\/wp-json\/wp\/v2\/comments?post=1094867"}],"version-history":[{"count":3,"href":"https:\/\/www.estrategiaconcursos.com.br\/blog\/wp-json\/wp\/v2\/posts\/1094867\/revisions"}],"predecessor-version":[{"id":1104068,"href":"https:\/\/www.estrategiaconcursos.com.br\/blog\/wp-json\/wp\/v2\/posts\/1094867\/revisions\/1104068"}],"wp:featuredmedia":[{"embeddable":true,"href":"https:\/\/www.estrategiaconcursos.com.br\/blog\/wp-json\/wp\/v2\/media\/632674"}],"wp:attachment":[{"href":"https:\/\/www.estrategiaconcursos.com.br\/blog\/wp-json\/wp\/v2\/media?parent=1094867"}],"wp:term":[{"taxonomy":"category","embeddable":true,"href":"https:\/\/www.estrategiaconcursos.com.br\/blog\/wp-json\/wp\/v2\/categories?post=1094867"},{"taxonomy":"post_tag","embeddable":true,"href":"https:\/\/www.estrategiaconcursos.com.br\/blog\/wp-json\/wp\/v2\/tags?post=1094867"},{"taxonomy":"tax_estado","embeddable":true,"href":"https:\/\/www.estrategiaconcursos.com.br\/blog\/wp-json\/wp\/v2\/tax_estado?post=1094867"}],"curies":[{"name":"wp","href":"https:\/\/api.w.org\/{rel}","templated":true}]}}