{"id":1093988,"date":"2022-11-11T23:59:00","date_gmt":"2022-11-12T02:59:00","guid":{"rendered":"https:\/\/www.estrategiaconcursos.com.br\/blog\/?p=1093988"},"modified":"2022-11-12T07:28:58","modified_gmt":"2022-11-12T10:28:58","slug":"concurso-sefaz-rr-2022-edital-publicado","status":"publish","type":"post","link":"https:\/\/www.estrategiaconcursos.com.br\/blog\/concurso-sefaz-rr-2022-edital-publicado\/","title":{"rendered":"Edital Sefaz RR: inscri\u00e7\u00f5es encerradas para 54 vagas"},"content":{"rendered":"\n<p>O IDECAN recebeu at\u00e9 o dia 11 de novembro, as inscri\u00e7\u00f5es para o edital do concurso <strong>SEFAZ RR<\/strong> (<a href=\"https:\/\/www.estrategiaconcursos.com.br\/cursosPorConcurso\/secretaria-da-fazenda-do-estado-de-roraima-sefaz-rr\/\" target=\"_blank\" rel=\"noreferrer noopener\">Secretaria de Estado da Fazenda de Roraima<\/a>). <\/p>\n\n\n\n<p>Para participar, foi necess\u00e1rio preencher um formul\u00e1rio dispon\u00edvel no site da banca, bem como realizar o pagamento de uma taxa. Os valores foram de <strong>R$ 64,00 <\/strong>para os cargos de n\u00edvel m\u00e9dio\/t\u00e9cnico e<strong> R$ 102,00<\/strong> para n\u00edvel superior.<\/p>\n\n\n\n<p>A disputa \u00e9 pelas <strong>54 vagas<\/strong> + CR de n\u00edveis m\u00e9dio, t\u00e9cnico e superior de forma\u00e7\u00e3o, que est\u00e3o distribu\u00eddas entre a \u00e1rea fiscal da Sefaz (R$ 1.339,22 + benef\u00edcios) e de tecnologia da informa\u00e7\u00e3o do <a href=\"#sobre\">Cetif<\/a> (R$ 2.672,38 a R$ 5.037,97 + benef\u00edcios):<\/p>\n\n\n\n<ul class=\"wp-block-list\"><li>21 vagas + 63 CR:&nbsp;<a href=\"https:\/\/www.estrategiaconcursos.com.br\/curso\/sefaz-rr-tecnico-de-tributos-estaduais-pacote-2022-pos-edital\/\" target=\"_blank\" rel=\"noreferrer noopener\">T\u00e9cnico de Tributos Estaduais<\/a>;<\/li><li>12 vagas + 60 CR:&nbsp;<a href=\"https:\/\/www.estrategiaconcursos.com.br\/curso\/06-sefaz-rr-desenvolvedor-de-software-pacote-2022-pos-edital\/\" target=\"_blank\" rel=\"noreferrer noopener\">Desenvolvedor de Software<\/a>;<\/li><li>10 vagas + 50 CR:&nbsp;<a href=\"https:\/\/www.estrategiaconcursos.com.br\/curso\/05-sefaz-rr-implementador-de-software-pacote-2022-pos-edital\/\" target=\"_blank\" rel=\"noreferrer noopener\">Implementador de Software<\/a>;<\/li><li>03 vagas + 15 CR:&nbsp;<a href=\"https:\/\/www.estrategiaconcursos.com.br\/curso\/04-sefaz-rr-administrador-de-banco-de-dados-pacote-2022-pos-edital\/\" target=\"_blank\" rel=\"noreferrer noopener\">Administrador de Banco de Dados<\/a>;<\/li><li>03 vagas + 15 CR: Administrador de Redes de Dados; e<\/li><li>05 vagas + 25 CR:&nbsp;<a href=\"https:\/\/www.estrategiaconcursos.com.br\/curso\/02-sefaz-rr-tecnico-em-infraestrutura-de-tecnologia-da-informacao-pacote-2022-pos-edital\/\" target=\"_blank\" rel=\"noreferrer noopener\">T\u00e9cnico em Infraestrutura de Tecnologia da Informa\u00e7\u00e3o<\/a>.<\/li><\/ul>\n\n\n\n<div id=\"boxes\" class=\"container\">\n<div class=\"row\">\n<div class=\"col-sm\">\n<div id=\"box-assinatura\" class=\"banner-fiscal-01\">\n<h3 class=\"titulo-assinatura\">Sefaz RR<\/h3>\n<p class=\"subtitulo-assinatura\">Estude conosco para o concurso<\/p>\n<div class=\"box-botao\"><a class=\"btn-assinatura\" role=\"button\" href=\"https:\/\/www.estrategiaconcursos.com.br\/cursosPorConcurso\/secretaria-da-fazenda-do-estado-de-roraima-sefaz-rr\/\" target=\"_blank\" rel=\"noopener noreferrer\">Conhe\u00e7a mais<\/a><\/div>\n<\/div>\n<\/div>\n<\/div>\n<\/div>\n\n\n\n<h2 class=\"wp-block-heading\" id=\"datas-ti\">Edital Sefaz RR: principais datas<\/h2>\n\n\n\n<ul class=\"wp-block-list\"><li><strong>Inscri\u00e7\u00f5es:<\/strong> <s>16 de setembro at\u00e9 11 de novembro<\/s><\/li><li><strong>Isen\u00e7\u00e3o da data:<\/strong> <s>19 e 20 de setembro<\/s><\/li><li><strong>Data da prova:<\/strong> 15 de janeiro de 2023<\/li><li><a href=\"https:\/\/dhg1h5j42swfq.cloudfront.net\/2022\/10\/19160010\/k37i8wls3l4rw243dp7mbbecknb5wss96grqsma7hhwt8j8qd0nb5dn5ehwyihxxnc143d6a28gxm1ol2557.pdf\" target=\"_blank\" rel=\"noreferrer noopener nofollow\">Retifica\u00e7\u00e3o cronograma<\/a><\/li><\/ul>\n\n\n\n<h2 class=\"wp-block-heading\" id=\"vagas-ti\">Edital Sefaz RR: distribui\u00e7\u00e3o das vagas<\/h2>\n\n\n\n<p>Conforme exp\u00f5e o edital de abertura do concurso Sefaz RR, s\u00e3o ofertadas 54 vagas, distribu\u00eddas da seguinte maneira:<\/p>\n\n\n\n<ul class=\"wp-block-list\"><li>21 vagas + 63 CR:&nbsp;<a href=\"https:\/\/www.estrategiaconcursos.com.br\/curso\/sefaz-rr-tecnico-de-tributos-estaduais-pacote-2022-pos-edital\/\" target=\"_blank\" rel=\"noreferrer noopener\">T\u00e9cnico de Tributos Estaduais<\/a>;<\/li><li>12 vagas + 60 CR:&nbsp;<a href=\"https:\/\/www.estrategiaconcursos.com.br\/curso\/06-sefaz-rr-desenvolvedor-de-software-pacote-2022-pos-edital\/\" target=\"_blank\" rel=\"noreferrer noopener\">Desenvolvedor de Software<\/a>;<\/li><li>10 vagas + 50 CR:&nbsp;<a href=\"https:\/\/www.estrategiaconcursos.com.br\/curso\/05-sefaz-rr-implementador-de-software-pacote-2022-pos-edital\/\" target=\"_blank\" rel=\"noreferrer noopener\">Implementador de Software<\/a>;<\/li><li>03 vagas + 15 CR:&nbsp;<a href=\"https:\/\/www.estrategiaconcursos.com.br\/curso\/04-sefaz-rr-administrador-de-banco-de-dados-pacote-2022-pos-edital\/\" target=\"_blank\" rel=\"noreferrer noopener\">Administrador de Banco de Dados<\/a>;<\/li><li>03 vagas + 15 CR: Administrador de Redes de Dados; e<\/li><li>05 vagas + 25 CR:&nbsp;<a href=\"https:\/\/www.estrategiaconcursos.com.br\/curso\/02-sefaz-rr-tecnico-em-infraestrutura-de-tecnologia-da-informacao-pacote-2022-pos-edital\/\" target=\"_blank\" rel=\"noreferrer noopener\">T\u00e9cnico em Infraestrutura de Tecnologia da Informa\u00e7\u00e3o<\/a>.<\/li><\/ul>\n\n\n\n<h3 class=\"wp-block-heading\">Requisitos<\/h3>\n\n\n\n<ul class=\"wp-block-list\"><li><strong><a href=\"https:\/\/www.estrategiaconcursos.com.br\/curso\/sefaz-rr-tecnico-de-tributos-estaduais-pacote-2022-pos-edital\/\" target=\"_blank\" rel=\"noreferrer noopener\">T\u00e9cnico de Tributos Estaduais<\/a>:<\/strong> Ter diploma de conclus\u00e3o de curso superior em n\u00edvel de gradua\u00e7\u00e3o em qualquer \u00e1rea de conhecimento, por institui\u00e7\u00e3o devidamente reconhecida pelo MEC; <\/li><li><strong><a href=\"https:\/\/www.estrategiaconcursos.com.br\/curso\/06-sefaz-rr-desenvolvedor-de-software-pacote-2022-pos-edital\/\" target=\"_blank\" rel=\"noreferrer noopener\">Desenvolvedor de Software<\/a>:<\/strong> Possuir diploma de n\u00edvel superior em An\u00e1lise de Sistemas, Engenharia de Software, Ci\u00eancia da Computa\u00e7\u00e3o ou Processamento de Dados, expedido por escolas oficiais ou privadas reconhecidas pelo MEC; <\/li><li><strong><a href=\"https:\/\/www.estrategiaconcursos.com.br\/curso\/05-sefaz-rr-implementador-de-software-pacote-2022-pos-edital\/\" target=\"_blank\" rel=\"noreferrer noopener\">Implementador de Software<\/a>:<\/strong> Possuir diploma de n\u00edvel superior em An\u00e1lise de Sistemas, Engenharia de Software, Ci\u00eancia da Computa\u00e7\u00e3o ou Processamento de Dados, expedido por escolas oficiais ou privadas reconhecidas pelo MEC; <\/li><li><a href=\"https:\/\/www.estrategiaconcursos.com.br\/curso\/04-sefaz-rr-administrador-de-banco-de-dados-pacote-2022-pos-edital\/\" target=\"_blank\" rel=\"noreferrer noopener\">Administrador de Banco de Dados<\/a><strong>:<\/strong> Possuir diploma de n\u00edvel superior em An\u00e1lise de Sistemas, Engenharia de Software, Ci\u00eancia da Computa\u00e7\u00e3o ou Processamento de Dados, expedido por escolas oficiais ou privadas reconhecidas pelo MEC;<\/li><li><strong>Administrador de Redes de Dados:<\/strong> Possuir diploma de n\u00edvel superior em An\u00e1lise de Sistemas, Engenharia de Software, Ci\u00eancia da Computa\u00e7\u00e3o ou Processamento de Dados, expedido por escolas oficiais ou privadas reconhecidas pelo MEC; <\/li><li><strong><a href=\"https:\/\/www.estrategiaconcursos.com.br\/curso\/02-sefaz-rr-tecnico-em-infraestrutura-de-tecnologia-da-informacao-pacote-2022-pos-edital\/\" target=\"_blank\" rel=\"noreferrer noopener\">T\u00e9cnico em Infraestrutura de Tecnologia da Informa\u00e7\u00e3o<\/a><\/strong>: Ensino M\u00e9dio Completo, T\u00e9cnico de Inform\u00e1tica ou de Programa\u00e7\u00e3o de Computadores, expedido por Escolas Oficiais ou privadas legalmente reconhecidas.<\/li><\/ul>\n\n\n\n<h2 class=\"wp-block-heading\" id=\"etapas-ti\">Edital Sefaz RR: etapas<\/h2>\n\n\n\n<p>O edital Sefaz RR \u00e9 composto de tr\u00eas importantes etapas, sendo elas:<\/p>\n\n\n\n<ul class=\"wp-block-list\"><li><strong><\/strong><strong>Provas Objetivas<\/strong>, de car\u00e1ter eliminat\u00f3rio e classificat\u00f3rio, <span style=\"text-decoration: underline;\">para todos os cargos<\/span>;<\/li><li><strong><\/strong><strong>Curso de Treinamento<\/strong>, de car\u00e1ter eliminat\u00f3rio e classificat\u00f3rio, <span style=\"text-decoration: underline;\">para T\u00e9cnico de Tributos<\/span>;<\/li><li><strong><\/strong><strong>Avalia\u00e7\u00e3o de T\u00edtulos<\/strong>, de car\u00e1ter Classificat\u00f3rio, <span style=\"text-decoration: underline;\">para os cargos da Cefit<\/span>.<\/li><\/ul>\n\n\n\n<h3 class=\"wp-block-heading\" id=\"objetiva-ti\">Prova objetiva<\/h3>\n\n\n\n<p>As provas objetivas, de car\u00e1ter eliminat\u00f3rio e classificat\u00f3rio, constar\u00e3o de 100 quest\u00f5es. Os itens das provas objetivas ser\u00e3o do tipo m\u00faltipla escolha, com 5 op\u00e7\u00f5es (A a E) e uma \u00fanica resposta correta.<\/p>\n\n\n\n<figure class=\"wp-block-image aligncenter size-full\"><img loading=\"lazy\" decoding=\"async\" width=\"729\" height=\"330\" src=\"https:\/\/dhg1h5j42swfq.cloudfront.net\/2022\/09\/15172018\/image-202.png\" alt=\"Prova objetiva T\u00e9cnico de Tributos Estaduais - concurso SEFAZ RR\" class=\"wp-image-1095615\" srcset=\"https:\/\/dhg1h5j42swfq.cloudfront.net\/2022\/09\/15172018\/image-202.png 729w, https:\/\/dhg1h5j42swfq.cloudfront.net\/2022\/09\/15172018\/image-202-300x136.png 300w, https:\/\/dhg1h5j42swfq.cloudfront.net\/2022\/09\/15172018\/image-202-610x276.png 610w, https:\/\/dhg1h5j42swfq.cloudfront.net\/2022\/09\/15172018\/image-202-150x68.png 150w\" sizes=\"auto, (max-width: 729px) 100vw, 729px\" \/><figcaption>Prova objetiva T\u00e9cnico de Tributos Estaduais &#8211; concurso SEFAZ RR<\/figcaption><\/figure>\n\n\n\n<figure class=\"wp-block-image aligncenter size-full\"><img loading=\"lazy\" decoding=\"async\" width=\"731\" height=\"242\" src=\"https:\/\/dhg1h5j42swfq.cloudfront.net\/2022\/09\/15172115\/image-203.png\" alt=\"Prova objetiva demais cargos - concurso SEFAZ RR\" class=\"wp-image-1095617\" srcset=\"https:\/\/dhg1h5j42swfq.cloudfront.net\/2022\/09\/15172115\/image-203.png 731w, https:\/\/dhg1h5j42swfq.cloudfront.net\/2022\/09\/15172115\/image-203-300x99.png 300w, https:\/\/dhg1h5j42swfq.cloudfront.net\/2022\/09\/15172115\/image-203-610x202.png 610w, https:\/\/dhg1h5j42swfq.cloudfront.net\/2022\/09\/15172115\/image-203-150x50.png 150w\" sizes=\"auto, (max-width: 731px) 100vw, 731px\" \/><figcaption>Prova objetiva demais cargos &#8211; concurso SEFAZ RR<\/figcaption><\/figure>\n\n\n\n<p>As provas objetivas de m\u00faltipla escolha ser\u00e3o realizadas na data prevista de 15 de janeiro, na cidade de Boa Vista, com dura\u00e7\u00e3o de 4 horas para realiza\u00e7\u00e3o, nos turnos manh\u00e3 e tarde, conforme quadro a seguir:<\/p>\n\n\n\n<figure class=\"wp-block-image aligncenter size-full\"><img loading=\"lazy\" decoding=\"async\" width=\"722\" height=\"136\" src=\"https:\/\/dhg1h5j42swfq.cloudfront.net\/2022\/09\/15171929\/image-201.png\" alt=\"Realiza\u00e7\u00e3o das provas concurso SEFAZ RR\" class=\"wp-image-1095614\" srcset=\"https:\/\/dhg1h5j42swfq.cloudfront.net\/2022\/09\/15171929\/image-201.png 722w, https:\/\/dhg1h5j42swfq.cloudfront.net\/2022\/09\/15171929\/image-201-300x57.png 300w, https:\/\/dhg1h5j42swfq.cloudfront.net\/2022\/09\/15171929\/image-201-610x115.png 610w, https:\/\/dhg1h5j42swfq.cloudfront.net\/2022\/09\/15171929\/image-201-150x28.png 150w\" sizes=\"auto, (max-width: 722px) 100vw, 722px\" \/><figcaption>Realiza\u00e7\u00e3o das provas concurso SEFAZ RR<\/figcaption><\/figure>\n\n\n\n<h3 class=\"wp-block-heading\" id=\"titulos-ti\">Avalia\u00e7\u00e3o de t\u00edtulos<\/h3>\n\n\n\n<p>A avalia\u00e7\u00e3o da prova de T\u00edtulos tem car\u00e1ter somente classificat\u00f3rio. Ser\u00e3o convocados para a prova de t\u00edtulos os candidatos classificados na Prova Objetiva dentro do quantitativo de 05 vezes o n\u00famero de vagas.<\/p>\n\n\n\n<p>Participar\u00e3o da Prova de T\u00edtulos somente os candidatos que concorrerem aos cargos de n\u00edvel superior, exceto T\u00e9cnico de Tributos Estaduais, e o seu julgamento obedecer\u00e1 aos  seguintes crit\u00e9rios de pontua\u00e7\u00e3o:<\/p>\n\n\n\n<figure class=\"wp-block-image aligncenter size-full\"><img loading=\"lazy\" decoding=\"async\" width=\"701\" height=\"211\" src=\"https:\/\/dhg1h5j42swfq.cloudfront.net\/2022\/09\/15172222\/image-204.png\" alt=\"Quadro de T\u00edtulos concurso SEFAZ RR\" class=\"wp-image-1095619\" srcset=\"https:\/\/dhg1h5j42swfq.cloudfront.net\/2022\/09\/15172222\/image-204.png 701w, https:\/\/dhg1h5j42swfq.cloudfront.net\/2022\/09\/15172222\/image-204-300x90.png 300w, https:\/\/dhg1h5j42swfq.cloudfront.net\/2022\/09\/15172222\/image-204-610x184.png 610w, https:\/\/dhg1h5j42swfq.cloudfront.net\/2022\/09\/15172222\/image-204-150x45.png 150w\" sizes=\"auto, (max-width: 701px) 100vw, 701px\" \/><figcaption>Quadro de T\u00edtulos concurso SEFAZ RR<\/figcaption><\/figure>\n\n\n\n<p>A pontua\u00e7\u00e3o total dos t\u00edtulos n\u00e3o ultrapassar\u00e1 a 11,00 pontos, desprezando-se os pontos que excederem a este limite.<\/p>\n\n\n\n<h3 class=\"wp-block-heading\">Curso de forma\u00e7\u00e3o <em>(apenas para T\u00e9cnico de Tributos)<\/em><\/h3>\n\n\n\n<p>Ser\u00e3o convocados para o curso de forma\u00e7\u00e3o profissional os candidatos aprovados na prova objetiva do e classificados at\u00e9 a posi\u00e7\u00e3o 54 (ampla concorr\u00eancia) e 06 (PcD). As disciplinas ser\u00e3o organizadas da seguinte forma:<\/p>\n\n\n\n<ul class=\"wp-block-list\"><li><strong>a)<\/strong> Direito Tribut\u00e1rio e Direito Penal \u2013 carga hor\u00e1ria total de 16 horas;<\/li><li><strong>b)<\/strong> Legisla\u00e7\u00e3o Tribut\u00e1ria 1 \u2013 carga hor\u00e1ria total de 32 horas;<\/li><li><strong>c)<\/strong> Legisla\u00e7\u00e3o Tribut\u00e1ria 2 e contabilidade geral \u2013 carga hor\u00e1ria total de 32 horas;<\/li><li><strong>d)<\/strong> Legisla\u00e7\u00e3o de interesse institucional \u2013 carga hor\u00e1ria total de 08 horas.<\/li><\/ul>\n\n\n\n<p>Ser\u00e1 aplicada, ao final no curso de forma\u00e7\u00e3o profissional, prova objetiva, de car\u00e1ter eliminat\u00f3rio e classificat\u00f3rio, com at\u00e9 70 quest\u00f5es de m\u00faltipla escolha, as quais versar\u00e3o sobre os conte\u00fados de cada uma das disciplinas abordados no curso.<\/p>\n\n\n\n<p>A nota final no curso de forma\u00e7\u00e3o profissional (NFCFP) ser\u00e1 igual \u00e0 nota obtida na prova objetiva, correspondente ao somat\u00f3rio das notas obtidas em todas as disciplinas do curso de forma\u00e7\u00e3o profissional.<\/p>\n\n\n\n<h3 class=\"wp-block-heading\" id=\"curso-ti\">Crit\u00e9rios de avalia\u00e7\u00e3o<\/h3>\n\n\n\n<p>A nota final de aprova\u00e7\u00e3o no concurso corresponder\u00e1 ao somat\u00f3rio do total de pontos obtidos na prova objetiva, qual seja:<\/p>\n\n\n\n<ul class=\"wp-block-list\"><li><strong>T\u00e9cnico de Tributos Estaduais:<\/strong><ul><li>NOTA FINAL = Total de pontos obtidos na Prova Objetiva + Curso de Forma\u00e7\u00e3o Profissional.<\/li><\/ul><\/li><li><strong>Demais cargos:<\/strong><ul><li>NOTA FINAL = Total de pontos obtidos na Prova Objetiva + Avalia\u00e7\u00e3o de T\u00edtulos.<\/li><\/ul><\/li><\/ul>\n\n\n\n<h2 class=\"wp-block-heading\" id=\"sobre\">Sobre o Cetif<\/h2>\n\n\n\n<p>O <a href=\"http:\/\/www.cetif.rr.gov.br\/\" target=\"_blank\" rel=\"noreferrer noopener\">CETIF<\/a> \u00e9 respons\u00e1vel por fomentar a implementa\u00e7\u00e3o dos processos de organiza\u00e7\u00e3o, automa\u00e7\u00e3o e informatiza\u00e7\u00e3o nas unidades administrativas da Sefaz, desenvolver as atividades relacionadas \u00e0 pesquisa e ao desenvolvimento tecnol\u00f3gico, prover a consultoria, o desenvolvimento, a implanta\u00e7\u00e3o e a opera\u00e7\u00e3o de sistemas de informa\u00e7\u00e3o fazend\u00e1ria, redes locais e Internet, seguindo o modelo definido pelo Plano Diretor de Tecnologia da Informa\u00e7\u00e3o do Estado de Roraima.<\/p>\n\n\n\n<hr class=\"wp-block-separator has-css-opacity\"\/>\n\n\n\n<p class=\"has-text-align-center\"><em>Para saber mais informa\u00e7\u00f5es sobre o concurso Sefaz RR, n\u00e3o deixe de conferir nosso artigo completo com todos os detalhes sobre a sele\u00e7\u00e3o:<\/em><\/p>\n\n\n\n<p class=\"has-text-align-center has-background has-medium-font-size\" style=\"background-color:#dee3e5\"><strong>Mais informa\u00e7\u00f5es: <a href=\"https:\/\/www.estrategiaconcursos.com.br\/blog\/concurso-sefaz-rr\/\" target=\"_blank\" rel=\"noreferrer noopener\">Concurso Sefaz Roraima<\/a><\/strong><\/p>\n\n\n\n<h2 class=\"has-text-align-center wp-block-heading\" id=\"quer\">Quer estudar para o concurso Sefaz RR?<\/h2>\n\n\n\n<div class=\"container\" id=\"boxes\">\n  <div class=\"row\">\n\n    <div class=\"col-sm\">\n      <div class=\"banner-estrategia\" id=\"box-assinatura\">\n        <h3 class=\"titulo-assinatura\">Concurso Sefaz RR<\/h3>\n        <p class=\"subtitulo-assinatura\">Conhe\u00e7a os cursos<\/p>\n        <div class=\"box-botao\">\n          <a class=\"btn-assinatura\" target=\"_blank\" href=\"https:\/\/www.estrategiaconcursos.com.br\/cursosPorConcurso\/secretaria-da-fazenda-do-estado-de-roraima-sefaz-rr\/\" role=\"button\" rel=\"noopener noreferrer\">Conhe\u00e7a mais<\/a>\n        <\/div>\n      <\/div><\/div><\/div><\/div>\n\n\n\n<div class=\"container\" id=\"boxes\">\n  <div class=\"row\">\n\n    <div class=\"col-sm\">\n      <div class=\"estrategia\" id=\"box-assinatura\">\n        <h3 class=\"titulo-assinatura\">Assinatura Concursos<\/h3>\n        <p class=\"subtitulo-assinatura\">Assinatura de 1 ano ou 2 anos<\/p>\n        <div class=\"box-botao\">\n          <a class=\"btn-assinatura\" target=\"_blank\" href=\"https:\/\/www.estrategiaconcursos.com.br\/assinaturas\/\" role=\"button\" rel=\"noopener noreferrer\">ASSINE AGORA<\/a>\n        <\/div>\n      <\/div><\/div><\/div><\/div>\n\n\n\n<h2 class=\"has-text-align-center wp-block-heading\" id=\"quer-saber-tudo-sobre-concursos-previstos-confira-nossos-artigos\">Quer saber tudo sobre concursos previstos?<br \/>Confira nossos artigos!<\/h2>\n\n\n\n<ul class=\"wp-block-list\"><li><a href=\"https:\/\/www.estrategiaconcursos.com.br\/blog\/concursos-abertos\/\" target=\"_blank\" rel=\"noreferrer noopener\">Concursos Abertos<\/a><\/li><li><a href=\"https:\/\/www.estrategiaconcursos.com.br\/blog\/concursos-2022\/\" target=\"_blank\" rel=\"noreferrer noopener\">Concursos 2022<\/a><\/li><li><a href=\"https:\/\/www.estrategiaconcursos.com.br\/blog\/concursos-2023\/\" target=\"_blank\" rel=\"noreferrer noopener\">Concursos 2023<\/a><\/li><\/ul>\n\n\n\n<figure class=\"wp-block-image size-large is-resized\"><img loading=\"lazy\" decoding=\"async\" src=\"https:\/\/dhg1h5j42swfq.cloudfront.net\/2021\/04\/16143008\/ficha-tecnica-141-1024x632.png\" alt=\"Ficha t\u00e9cnica do edital Sefaz RR\" class=\"wp-image-715694\" width=\"269\" height=\"166\" srcset=\"https:\/\/dhg1h5j42swfq.cloudfront.net\/2021\/04\/16143008\/ficha-tecnica-141-1024x632.png 1024w, https:\/\/dhg1h5j42swfq.cloudfront.net\/2021\/04\/16143008\/ficha-tecnica-141-300x185.png 300w, https:\/\/dhg1h5j42swfq.cloudfront.net\/2021\/04\/16143008\/ficha-tecnica-141-768x474.png 768w, https:\/\/dhg1h5j42swfq.cloudfront.net\/2021\/04\/16143008\/ficha-tecnica-141-1536x948.png 1536w, https:\/\/dhg1h5j42swfq.cloudfront.net\/2021\/04\/16143008\/ficha-tecnica-141-610x377.png 610w, https:\/\/dhg1h5j42swfq.cloudfront.net\/2021\/04\/16143008\/ficha-tecnica-141.png 1571w\" sizes=\"auto, (max-width: 269px) 100vw, 269px\" \/><\/figure>\n\n\n\n<h3 class=\"wp-block-heading\" id=\"ficha-tecnica\">Informa\u00e7\u00f5es do Edital Sefaz RR<\/h3>\n\n\n\n<ul class=\"wp-block-list\"><li><strong>Data da prova:<\/strong> 15\/01\/2023<\/li><li><strong style=\"color: initial;\">Vagas: <\/strong><span style=\"color: initial;\">54<\/span> + 228 CR<\/li><li><strong>Cargos<\/strong>: T\u00e9cnico de Tributos Estaduais e cargos de Tecnologia da Informa\u00e7\u00e3o<\/li><li><strong>Banca: <\/strong>IDECAN<\/li><li><strong>Escolaridade: <\/strong>N\u00edvel m\u00e9dio e superior <\/li><li><strong>Edital:<\/strong> <a href=\"https:\/\/dhg1h5j42swfq.cloudfront.net\/2022\/09\/15172601\/fw7hwts5yuaysqsj7g7vmt50t40hctaqnx43985f60lulvoqx1x2xhdr8t9ot1oheo0x5cngh3crmka22409.pdf\" target=\"_blank\" rel=\"noreferrer noopener nofollow\">Concurso Sefaz RR 2022<\/a> | <a href=\"https:\/\/dhg1h5j42swfq.cloudfront.net\/2022\/10\/17085748\/sa3aj3tttnx9jpcjdjav9m9h1lgmkdburfbh5m3hhwpdqldiep1nqmpoownmok0ywci4res4i8isaoyx2480.pdf\" target=\"_blank\" rel=\"noreferrer noopener nofollow\">Retifica\u00e7\u00e3o<\/a> <\/li><\/ul>\n","protected":false},"excerpt":{"rendered":"<p>O IDECAN recebeu at\u00e9 o dia 11 de novembro, as inscri\u00e7\u00f5es para o edital do concurso SEFAZ RR (Secretaria de Estado da Fazenda de Roraima). Para participar, foi necess\u00e1rio preencher um formul\u00e1rio dispon\u00edvel no site da banca, bem como realizar o pagamento de uma taxa. Os valores foram de R$ 64,00 para os cargos de [&hellip;]<\/p>\n","protected":false},"author":2041,"featured_media":849277,"comment_status":"open","ping_status":"closed","sticky":false,"template":"","format":"standard","meta":{"post_tipo":"news","footnotes":""},"categories":[1983,220219],"tags":[],"tax_estado":[219985],"class_list":["post-1093988","post","type-post","status-publish","format-standard","has-post-thumbnail","hentry","category-fiscal-estadual","category-noticias","tax_estado-rr"],"acf":[],"yoast_head":"<!-- This site is optimized with the Yoast SEO Premium plugin v27.2 (Yoast SEO v27.2) - https:\/\/yoast.com\/product\/yoast-seo-premium-wordpress\/ -->\n<title>Edital Sefaz RR: inscri\u00e7\u00f5es encerradas para 54 vagas<\/title>\n<meta name=\"description\" content=\"Edital Sefaz RR: com inscri\u00e7\u00f5es encerradas, edital oferta 54 vagas + CR para a \u00e1rea fiscal e de TI. Confira as principais informa\u00e7\u00f5es.\" \/>\n<meta name=\"robots\" content=\"index, follow, max-snippet:-1, max-image-preview:large, max-video-preview:-1\" \/>\n<link rel=\"canonical\" href=\"https:\/\/www.estrategiaconcursos.com.br\/blog\/concurso-sefaz-rr-2022-edital-publicado\/\" \/>\n<meta property=\"og:locale\" content=\"pt_BR\" \/>\n<meta property=\"og:type\" content=\"article\" \/>\n<meta property=\"og:title\" content=\"Edital Sefaz RR: inscri\u00e7\u00f5es encerradas para 54 vagas\" \/>\n<meta property=\"og:description\" content=\"Edital Sefaz RR: com inscri\u00e7\u00f5es encerradas, edital oferta 54 vagas + CR para a \u00e1rea fiscal e de TI. Confira as principais informa\u00e7\u00f5es.\" \/>\n<meta property=\"og:url\" content=\"https:\/\/www.estrategiaconcursos.com.br\/blog\/concurso-sefaz-rr-2022-edital-publicado\/\" \/>\n<meta property=\"og:site_name\" content=\"Estrat\u00e9gia Concursos\" \/>\n<meta property=\"article:published_time\" content=\"2022-11-12T02:59:00+00:00\" \/>\n<meta property=\"article:modified_time\" content=\"2022-11-12T10:28:58+00:00\" \/>\n<meta property=\"og:image\" content=\"https:\/\/dhg1h5j42swfq.cloudfront.net\/2021\/09\/30162023\/sefaz-rr.png\" \/>\n\t<meta property=\"og:image:width\" content=\"1200\" \/>\n\t<meta property=\"og:image:height\" content=\"628\" \/>\n\t<meta property=\"og:image:type\" content=\"image\/png\" \/>\n<meta name=\"author\" content=\"Thiago Cavalcante Gomes\" \/>\n<meta name=\"twitter:card\" content=\"summary_large_image\" \/>\n<meta name=\"twitter:creator\" content=\"@EstratConcursos\" \/>\n<meta name=\"twitter:site\" content=\"@EstratConcursos\" \/>\n<meta name=\"twitter:label1\" content=\"Escrito por\" \/>\n\t<meta name=\"twitter:data1\" content=\"Thiago Cavalcante Gomes\" \/>\n\t<meta name=\"twitter:label2\" content=\"Est. tempo de leitura\" \/>\n\t<meta name=\"twitter:data2\" content=\"6 minutos\" \/>\n<script type=\"application\/ld+json\" class=\"yoast-schema-graph\">{\"@context\":\"https:\/\/schema.org\",\"@graph\":[{\"@type\":\"NewsArticle\",\"@id\":\"https:\/\/www.estrategiaconcursos.com.br\/blog\/concurso-sefaz-rr-2022-edital-publicado\/#article\",\"isPartOf\":{\"@id\":\"https:\/\/www.estrategiaconcursos.com.br\/blog\/concurso-sefaz-rr-2022-edital-publicado\/\"},\"author\":{\"name\":\"Thiago Cavalcante Gomes\",\"@id\":\"https:\/\/www.estrategiaconcursos.com.br\/blog\/#\/schema\/person\/4970184533d0a3ffa5b0299ae0a2b21f\"},\"headline\":\"Edital Sefaz RR: inscri\u00e7\u00f5es encerradas para 54 vagas\",\"datePublished\":\"2022-11-12T02:59:00+00:00\",\"dateModified\":\"2022-11-12T10:28:58+00:00\",\"mainEntityOfPage\":{\"@id\":\"https:\/\/www.estrategiaconcursos.com.br\/blog\/concurso-sefaz-rr-2022-edital-publicado\/\"},\"wordCount\":1185,\"commentCount\":0,\"publisher\":{\"@id\":\"https:\/\/www.estrategiaconcursos.com.br\/blog\/#organization\"},\"image\":{\"@id\":\"https:\/\/www.estrategiaconcursos.com.br\/blog\/concurso-sefaz-rr-2022-edital-publicado\/#primaryimage\"},\"thumbnailUrl\":\"https:\/\/dhg1h5j42swfq.cloudfront.net\/2021\/09\/30162023\/sefaz-rr.png\",\"articleSection\":[\"Fiscal - Estadual (ICMS)\",\"\u00daltimas not\u00edcias\"],\"inLanguage\":\"pt-BR\",\"potentialAction\":[{\"@type\":\"CommentAction\",\"name\":\"Comment\",\"target\":[\"https:\/\/www.estrategiaconcursos.com.br\/blog\/concurso-sefaz-rr-2022-edital-publicado\/#respond\"]}],\"copyrightYear\":\"2022\",\"copyrightHolder\":{\"@id\":\"https:\/\/www.estrategiaconcursos.com.br\/blog\/#organization\"}},{\"@type\":\"WebPage\",\"@id\":\"https:\/\/www.estrategiaconcursos.com.br\/blog\/concurso-sefaz-rr-2022-edital-publicado\/\",\"url\":\"https:\/\/www.estrategiaconcursos.com.br\/blog\/concurso-sefaz-rr-2022-edital-publicado\/\",\"name\":\"Edital Sefaz RR: inscri\u00e7\u00f5es encerradas para 54 vagas\",\"isPartOf\":{\"@id\":\"https:\/\/www.estrategiaconcursos.com.br\/blog\/#website\"},\"primaryImageOfPage\":{\"@id\":\"https:\/\/www.estrategiaconcursos.com.br\/blog\/concurso-sefaz-rr-2022-edital-publicado\/#primaryimage\"},\"image\":{\"@id\":\"https:\/\/www.estrategiaconcursos.com.br\/blog\/concurso-sefaz-rr-2022-edital-publicado\/#primaryimage\"},\"thumbnailUrl\":\"https:\/\/dhg1h5j42swfq.cloudfront.net\/2021\/09\/30162023\/sefaz-rr.png\",\"datePublished\":\"2022-11-12T02:59:00+00:00\",\"dateModified\":\"2022-11-12T10:28:58+00:00\",\"description\":\"Edital Sefaz RR: com inscri\u00e7\u00f5es encerradas, edital oferta 54 vagas + CR para a \u00e1rea fiscal e de TI. Confira as principais informa\u00e7\u00f5es.\",\"breadcrumb\":{\"@id\":\"https:\/\/www.estrategiaconcursos.com.br\/blog\/concurso-sefaz-rr-2022-edital-publicado\/#breadcrumb\"},\"inLanguage\":\"pt-BR\",\"potentialAction\":[{\"@type\":\"ReadAction\",\"target\":[\"https:\/\/www.estrategiaconcursos.com.br\/blog\/concurso-sefaz-rr-2022-edital-publicado\/\"]}]},{\"@type\":\"ImageObject\",\"inLanguage\":\"pt-BR\",\"@id\":\"https:\/\/www.estrategiaconcursos.com.br\/blog\/concurso-sefaz-rr-2022-edital-publicado\/#primaryimage\",\"url\":\"https:\/\/dhg1h5j42swfq.cloudfront.net\/2021\/09\/30162023\/sefaz-rr.png\",\"contentUrl\":\"https:\/\/dhg1h5j42swfq.cloudfront.net\/2021\/09\/30162023\/sefaz-rr.png\",\"width\":1200,\"height\":628,\"caption\":\"Concurso Sefaz RR resultado definitivo\"},{\"@type\":\"BreadcrumbList\",\"@id\":\"https:\/\/www.estrategiaconcursos.com.br\/blog\/concurso-sefaz-rr-2022-edital-publicado\/#breadcrumb\",\"itemListElement\":[{\"@type\":\"ListItem\",\"position\":1,\"name\":\"In\u00edcio\",\"item\":\"https:\/\/www.estrategiaconcursos.com.br\/blog\/\"},{\"@type\":\"ListItem\",\"position\":2,\"name\":\"Edital Sefaz RR: inscri\u00e7\u00f5es encerradas para 54 vagas\"}]},{\"@type\":\"WebSite\",\"@id\":\"https:\/\/www.estrategiaconcursos.com.br\/blog\/#website\",\"url\":\"https:\/\/www.estrategiaconcursos.com.br\/blog\/\",\"name\":\"Estrat\u00e9gia Concursos\",\"description\":\"O blog da Estrat\u00e9gia Concursos traz not\u00edcias sobre concursos e artigos de professores oferecendo cursos para concursos (pdf + videaulas) no site.\",\"publisher\":{\"@id\":\"https:\/\/www.estrategiaconcursos.com.br\/blog\/#organization\"},\"potentialAction\":[{\"@type\":\"SearchAction\",\"target\":{\"@type\":\"EntryPoint\",\"urlTemplate\":\"https:\/\/www.estrategiaconcursos.com.br\/blog\/?s={search_term_string}\"},\"query-input\":{\"@type\":\"PropertyValueSpecification\",\"valueRequired\":true,\"valueName\":\"search_term_string\"}}],\"inLanguage\":\"pt-BR\"},{\"@type\":\"Organization\",\"@id\":\"https:\/\/www.estrategiaconcursos.com.br\/blog\/#organization\",\"name\":\"Estrat\u00e9gia Concursos\",\"url\":\"https:\/\/www.estrategiaconcursos.com.br\/blog\/\",\"logo\":{\"@type\":\"ImageObject\",\"inLanguage\":\"pt-BR\",\"@id\":\"https:\/\/www.estrategiaconcursos.com.br\/blog\/#\/schema\/logo\/image\/\",\"url\":\"https:\/\/dhg1h5j42swfq.cloudfront.net\/2025\/06\/03203428\/logo_concursos-1.jpg\",\"contentUrl\":\"https:\/\/dhg1h5j42swfq.cloudfront.net\/2025\/06\/03203428\/logo_concursos-1.jpg\",\"width\":230,\"height\":60,\"caption\":\"Estrat\u00e9gia Concursos\"},\"image\":{\"@id\":\"https:\/\/www.estrategiaconcursos.com.br\/blog\/#\/schema\/logo\/image\/\"},\"sameAs\":[\"https:\/\/x.com\/EstratConcursos\"]},{\"@type\":\"Person\",\"@id\":\"https:\/\/www.estrategiaconcursos.com.br\/blog\/#\/schema\/person\/4970184533d0a3ffa5b0299ae0a2b21f\",\"name\":\"Thiago Cavalcante Gomes\",\"image\":{\"@type\":\"ImageObject\",\"inLanguage\":\"pt-BR\",\"@id\":\"https:\/\/secure.gravatar.com\/avatar\/?s=96&d=mm&r=g\",\"url\":\"https:\/\/secure.gravatar.com\/avatar\/?s=96&d=mm&r=g\",\"contentUrl\":\"https:\/\/secure.gravatar.com\/avatar\/?s=96&d=mm&r=g\",\"caption\":\"Thiago Cavalcante Gomes\"},\"url\":\"https:\/\/www.estrategiaconcursos.com.br\/blog\/author\/thiago-gomes\/\"}]}<\/script>\n<!-- \/ Yoast SEO Premium plugin. -->","yoast_head_json":{"title":"Edital Sefaz RR: inscri\u00e7\u00f5es encerradas para 54 vagas","description":"Edital Sefaz RR: com inscri\u00e7\u00f5es encerradas, edital oferta 54 vagas + CR para a \u00e1rea fiscal e de TI. Confira as principais informa\u00e7\u00f5es.","robots":{"index":"index","follow":"follow","max-snippet":"max-snippet:-1","max-image-preview":"max-image-preview:large","max-video-preview":"max-video-preview:-1"},"canonical":"https:\/\/www.estrategiaconcursos.com.br\/blog\/concurso-sefaz-rr-2022-edital-publicado\/","og_locale":"pt_BR","og_type":"article","og_title":"Edital Sefaz RR: inscri\u00e7\u00f5es encerradas para 54 vagas","og_description":"Edital Sefaz RR: com inscri\u00e7\u00f5es encerradas, edital oferta 54 vagas + CR para a \u00e1rea fiscal e de TI. Confira as principais informa\u00e7\u00f5es.","og_url":"https:\/\/www.estrategiaconcursos.com.br\/blog\/concurso-sefaz-rr-2022-edital-publicado\/","og_site_name":"Estrat\u00e9gia Concursos","article_published_time":"2022-11-12T02:59:00+00:00","article_modified_time":"2022-11-12T10:28:58+00:00","og_image":[{"width":1200,"height":628,"url":"https:\/\/dhg1h5j42swfq.cloudfront.net\/2021\/09\/30162023\/sefaz-rr.png","type":"image\/png"}],"author":"Thiago Cavalcante Gomes","twitter_card":"summary_large_image","twitter_creator":"@EstratConcursos","twitter_site":"@EstratConcursos","twitter_misc":{"Escrito por":"Thiago Cavalcante Gomes","Est. tempo de leitura":"6 minutos"},"schema":{"@context":"https:\/\/schema.org","@graph":[{"@type":"NewsArticle","@id":"https:\/\/www.estrategiaconcursos.com.br\/blog\/concurso-sefaz-rr-2022-edital-publicado\/#article","isPartOf":{"@id":"https:\/\/www.estrategiaconcursos.com.br\/blog\/concurso-sefaz-rr-2022-edital-publicado\/"},"author":{"name":"Thiago Cavalcante Gomes","@id":"https:\/\/www.estrategiaconcursos.com.br\/blog\/#\/schema\/person\/4970184533d0a3ffa5b0299ae0a2b21f"},"headline":"Edital Sefaz RR: inscri\u00e7\u00f5es encerradas para 54 vagas","datePublished":"2022-11-12T02:59:00+00:00","dateModified":"2022-11-12T10:28:58+00:00","mainEntityOfPage":{"@id":"https:\/\/www.estrategiaconcursos.com.br\/blog\/concurso-sefaz-rr-2022-edital-publicado\/"},"wordCount":1185,"commentCount":0,"publisher":{"@id":"https:\/\/www.estrategiaconcursos.com.br\/blog\/#organization"},"image":{"@id":"https:\/\/www.estrategiaconcursos.com.br\/blog\/concurso-sefaz-rr-2022-edital-publicado\/#primaryimage"},"thumbnailUrl":"https:\/\/dhg1h5j42swfq.cloudfront.net\/2021\/09\/30162023\/sefaz-rr.png","articleSection":["Fiscal - Estadual (ICMS)","\u00daltimas not\u00edcias"],"inLanguage":"pt-BR","potentialAction":[{"@type":"CommentAction","name":"Comment","target":["https:\/\/www.estrategiaconcursos.com.br\/blog\/concurso-sefaz-rr-2022-edital-publicado\/#respond"]}],"copyrightYear":"2022","copyrightHolder":{"@id":"https:\/\/www.estrategiaconcursos.com.br\/blog\/#organization"}},{"@type":"WebPage","@id":"https:\/\/www.estrategiaconcursos.com.br\/blog\/concurso-sefaz-rr-2022-edital-publicado\/","url":"https:\/\/www.estrategiaconcursos.com.br\/blog\/concurso-sefaz-rr-2022-edital-publicado\/","name":"Edital Sefaz RR: inscri\u00e7\u00f5es encerradas para 54 vagas","isPartOf":{"@id":"https:\/\/www.estrategiaconcursos.com.br\/blog\/#website"},"primaryImageOfPage":{"@id":"https:\/\/www.estrategiaconcursos.com.br\/blog\/concurso-sefaz-rr-2022-edital-publicado\/#primaryimage"},"image":{"@id":"https:\/\/www.estrategiaconcursos.com.br\/blog\/concurso-sefaz-rr-2022-edital-publicado\/#primaryimage"},"thumbnailUrl":"https:\/\/dhg1h5j42swfq.cloudfront.net\/2021\/09\/30162023\/sefaz-rr.png","datePublished":"2022-11-12T02:59:00+00:00","dateModified":"2022-11-12T10:28:58+00:00","description":"Edital Sefaz RR: com inscri\u00e7\u00f5es encerradas, edital oferta 54 vagas + CR para a \u00e1rea fiscal e de TI. Confira as principais informa\u00e7\u00f5es.","breadcrumb":{"@id":"https:\/\/www.estrategiaconcursos.com.br\/blog\/concurso-sefaz-rr-2022-edital-publicado\/#breadcrumb"},"inLanguage":"pt-BR","potentialAction":[{"@type":"ReadAction","target":["https:\/\/www.estrategiaconcursos.com.br\/blog\/concurso-sefaz-rr-2022-edital-publicado\/"]}]},{"@type":"ImageObject","inLanguage":"pt-BR","@id":"https:\/\/www.estrategiaconcursos.com.br\/blog\/concurso-sefaz-rr-2022-edital-publicado\/#primaryimage","url":"https:\/\/dhg1h5j42swfq.cloudfront.net\/2021\/09\/30162023\/sefaz-rr.png","contentUrl":"https:\/\/dhg1h5j42swfq.cloudfront.net\/2021\/09\/30162023\/sefaz-rr.png","width":1200,"height":628,"caption":"Concurso Sefaz RR resultado definitivo"},{"@type":"BreadcrumbList","@id":"https:\/\/www.estrategiaconcursos.com.br\/blog\/concurso-sefaz-rr-2022-edital-publicado\/#breadcrumb","itemListElement":[{"@type":"ListItem","position":1,"name":"In\u00edcio","item":"https:\/\/www.estrategiaconcursos.com.br\/blog\/"},{"@type":"ListItem","position":2,"name":"Edital Sefaz RR: inscri\u00e7\u00f5es encerradas para 54 vagas"}]},{"@type":"WebSite","@id":"https:\/\/www.estrategiaconcursos.com.br\/blog\/#website","url":"https:\/\/www.estrategiaconcursos.com.br\/blog\/","name":"Estrat\u00e9gia Concursos","description":"O blog da Estrat\u00e9gia Concursos traz not\u00edcias sobre concursos e artigos de professores oferecendo cursos para concursos (pdf + videaulas) no site.","publisher":{"@id":"https:\/\/www.estrategiaconcursos.com.br\/blog\/#organization"},"potentialAction":[{"@type":"SearchAction","target":{"@type":"EntryPoint","urlTemplate":"https:\/\/www.estrategiaconcursos.com.br\/blog\/?s={search_term_string}"},"query-input":{"@type":"PropertyValueSpecification","valueRequired":true,"valueName":"search_term_string"}}],"inLanguage":"pt-BR"},{"@type":"Organization","@id":"https:\/\/www.estrategiaconcursos.com.br\/blog\/#organization","name":"Estrat\u00e9gia Concursos","url":"https:\/\/www.estrategiaconcursos.com.br\/blog\/","logo":{"@type":"ImageObject","inLanguage":"pt-BR","@id":"https:\/\/www.estrategiaconcursos.com.br\/blog\/#\/schema\/logo\/image\/","url":"https:\/\/dhg1h5j42swfq.cloudfront.net\/2025\/06\/03203428\/logo_concursos-1.jpg","contentUrl":"https:\/\/dhg1h5j42swfq.cloudfront.net\/2025\/06\/03203428\/logo_concursos-1.jpg","width":230,"height":60,"caption":"Estrat\u00e9gia Concursos"},"image":{"@id":"https:\/\/www.estrategiaconcursos.com.br\/blog\/#\/schema\/logo\/image\/"},"sameAs":["https:\/\/x.com\/EstratConcursos"]},{"@type":"Person","@id":"https:\/\/www.estrategiaconcursos.com.br\/blog\/#\/schema\/person\/4970184533d0a3ffa5b0299ae0a2b21f","name":"Thiago Cavalcante Gomes","image":{"@type":"ImageObject","inLanguage":"pt-BR","@id":"https:\/\/secure.gravatar.com\/avatar\/?s=96&d=mm&r=g","url":"https:\/\/secure.gravatar.com\/avatar\/?s=96&d=mm&r=g","contentUrl":"https:\/\/secure.gravatar.com\/avatar\/?s=96&d=mm&r=g","caption":"Thiago Cavalcante Gomes"},"url":"https:\/\/www.estrategiaconcursos.com.br\/blog\/author\/thiago-gomes\/"}]}},"_links":{"self":[{"href":"https:\/\/www.estrategiaconcursos.com.br\/blog\/wp-json\/wp\/v2\/posts\/1093988","targetHints":{"allow":["GET"]}}],"collection":[{"href":"https:\/\/www.estrategiaconcursos.com.br\/blog\/wp-json\/wp\/v2\/posts"}],"about":[{"href":"https:\/\/www.estrategiaconcursos.com.br\/blog\/wp-json\/wp\/v2\/types\/post"}],"author":[{"embeddable":true,"href":"https:\/\/www.estrategiaconcursos.com.br\/blog\/wp-json\/wp\/v2\/users\/2041"}],"replies":[{"embeddable":true,"href":"https:\/\/www.estrategiaconcursos.com.br\/blog\/wp-json\/wp\/v2\/comments?post=1093988"}],"version-history":[{"count":21,"href":"https:\/\/www.estrategiaconcursos.com.br\/blog\/wp-json\/wp\/v2\/posts\/1093988\/revisions"}],"predecessor-version":[{"id":1124169,"href":"https:\/\/www.estrategiaconcursos.com.br\/blog\/wp-json\/wp\/v2\/posts\/1093988\/revisions\/1124169"}],"wp:featuredmedia":[{"embeddable":true,"href":"https:\/\/www.estrategiaconcursos.com.br\/blog\/wp-json\/wp\/v2\/media\/849277"}],"wp:attachment":[{"href":"https:\/\/www.estrategiaconcursos.com.br\/blog\/wp-json\/wp\/v2\/media?parent=1093988"}],"wp:term":[{"taxonomy":"category","embeddable":true,"href":"https:\/\/www.estrategiaconcursos.com.br\/blog\/wp-json\/wp\/v2\/categories?post=1093988"},{"taxonomy":"post_tag","embeddable":true,"href":"https:\/\/www.estrategiaconcursos.com.br\/blog\/wp-json\/wp\/v2\/tags?post=1093988"},{"taxonomy":"tax_estado","embeddable":true,"href":"https:\/\/www.estrategiaconcursos.com.br\/blog\/wp-json\/wp\/v2\/tax_estado?post=1093988"}],"curies":[{"name":"wp","href":"https:\/\/api.w.org\/{rel}","templated":true}]}}