{"id":1092891,"date":"2022-10-13T08:35:00","date_gmt":"2022-10-13T11:35:00","guid":{"rendered":"https:\/\/www.estrategiaconcursos.com.br\/blog\/?p=1092891"},"modified":"2022-10-03T15:29:28","modified_gmt":"2022-10-03T18:29:28","slug":"senado-federal-direito-administrativo","status":"publish","type":"post","link":"https:\/\/www.estrategiaconcursos.com.br\/blog\/senado-federal-direito-administrativo\/","title":{"rendered":"Senado Federal: Direito Administrativo destacado"},"content":{"rendered":"\n<p>No artigo de hoje, Senado Federal: Direito Administrativo destacado, um resumo dos principais pontos doutrin\u00e1rios ser\u00e1 apresentado para voc\u00ea que precisa saber para a prova, conforme an\u00e1lise da <a href=\"https:\/\/portal.fgv.br\/\">FGV<\/a>.<\/p>\n\n\n\n<figure class=\"wp-block-gallery has-nested-images columns-default is-cropped wp-block-gallery-1 is-layout-flex wp-block-gallery-is-layout-flex\">\n<figure class=\"wp-block-image size-large\"><img loading=\"lazy\" decoding=\"async\" width=\"220\" height=\"94\" data-id=\"33041\" src=\"https:\/\/dhg1h5j42swfq.cloudfront.net\/2016\/02\/11145311\/concurso-senado.png\" alt=\"Senado Federal: Direito Administrativo\" class=\"wp-image-33041\"\/><figcaption>Senado Federal: Direito Administrativo<\/figcaption><\/figure>\n<\/figure>\n\n\n\n<p>Ser\u00e3o abordados os<strong> principais t\u00f3picos do direito administrativo <\/strong>para o concurso do Senado Federal. Dessa forma, o objetivo \u00e9 gabaritar a prova.&nbsp;<\/p>\n\n\n\n<h2 class=\"wp-block-heading\" id=\"h-senado-federal-direito-administrativo-administracao-publica-direta\">Senado Federal: Direito Administrativo &#8211; Administra\u00e7\u00e3o P\u00fablica Direta<\/h2>\n\n\n\n<p>Administra\u00e7\u00e3o Direta corresponde aos <strong>\u00f3rg\u00e3os que integram a estrutura das pessoas federativas<\/strong> (pessoas pol\u00edticas), <strong>que exercem a atividade administrativa de forma centralizada.<\/strong><\/p>\n\n\n\n<p>A teoria do \u00f3rg\u00e3o enuncia que o Estado manifesta a sua vontade por meio dos seus \u00f3rg\u00e3os, nos quais se encontram lotados os agentes p\u00fablicos.<\/p>\n\n\n\n<p>Assim, os \u00f3rg\u00e3os p\u00fablicos s\u00e3o divis\u00f5es internas das pessoas federativas, criados em raz\u00e3o da necessidade de especializa\u00e7\u00e3o das fun\u00e7\u00f5es estatais, a exemplo dos Minist\u00e9rios, Secretarias, Coordenadorias, Departamentos, Ouvidorias entre outros.<\/p>\n\n\n\n<p>Dessa forma, o Estado brasileiro se organiza sob a forma federativa, coexistindo em nossa federa\u00e7\u00e3o as pessoas pol\u00edticas da Uni\u00e3o, Estados, Distrito Federal e Munic\u00edpios.<\/p>\n\n\n\n<p>Assim, como a Administra\u00e7\u00e3o Direta corresponde \u00e0s pr\u00f3prias pessoas pol\u00edticas, exercendo suas atribui\u00e7\u00f5es por meio dos seus \u00f3rg\u00e3os, podemos falar em administra\u00e7\u00e3o direta no \u00e2mbito federal (ex.: Presid\u00eancia da Rep\u00fablica, Minist\u00e9rios, Casa Civil), estadual (Governadorias, Secretarias Estaduais, Procuradorias Estaduais), distrital (Governadoria, Secretarias do Distrito Federal) e municipal (Prefeituras, \u00f3rg\u00e3os de assessoramento ao Prefeito, Secretarias Municipais).<\/p>\n\n\n\n<h2 class=\"wp-block-heading\" id=\"h-senado-federal-direito-administrativo-administracao-publica-indireta\">Senado Federal: Direito Administrativo &#8211; Administra\u00e7\u00e3o P\u00fablica Indireta<\/h2>\n\n\n\n<p>A Administra\u00e7\u00e3o Indireta corresponde \u00e0s pessoas jur\u00eddicas criadas pelos entes federados, vinculadas \u00e0s respectivas Administra\u00e7\u00f5es Diretas, cujo objetivo \u00e9 exercer a fun\u00e7\u00e3o administrativa de forma <strong>descentralizada<\/strong>.<\/p>\n\n\n\n<p>Quando o Estado percebe que certas atividades poderiam ser mais bem exercidas por entidade aut\u00f4noma e com personalidade jur\u00eddica pr\u00f3pria, ele transfere tais atribui\u00e7\u00f5es a particulares (delega\u00e7\u00e3o) ou cria outras pessoas jur\u00eddicas, de direito p\u00fablico ou de direito privado, com este fim (outorga).<\/p>\n\n\n\n<p>Se decidir pela segunda op\u00e7\u00e3o, as novas entidades compor\u00e3o a \u201cAdministra\u00e7\u00e3o Indireta\u201d do ente criador e, por serem destinadas ao exerc\u00edcio especializado de determinadas atividades, s\u00e3o consideradas manifesta\u00e7\u00e3o da descentraliza\u00e7\u00e3o por servi\u00e7o, funcional ou t\u00e9cnica.<\/p>\n\n\n\n<p>Em suma, enquanto a Administra\u00e7\u00e3o Direta \u00e9 composta por \u00f3rg\u00e3os da pessoa pol\u00edtica, a Administra\u00e7\u00e3o Indireta se comp\u00f5e de pessoas jur\u00eddicas criadas pelo ente pol\u00edtico.<\/p>\n\n\n\n<h2 class=\"wp-block-heading\" id=\"h-senado-federal-direito-administrativo-entidades-paraestatais\">Senado Federal: Direito Administrativo &#8211; Entidades paraestatais<\/h2>\n\n\n\n<p>Apesar de <strong>n\u00e3o integrarem formalmente a Administra\u00e7\u00e3o P\u00fablica,<\/strong> merecem men\u00e7\u00e3o neste cap\u00edtulo algumas institui\u00e7\u00f5es de direito privado que, sem finalidade lucrativa, realizam atividades de interesse p\u00fablico, com apoio, inclusive financeiro, do Estado.<\/p>\n\n\n\n<p>Dessa forma, s\u00e3o entidades que comp\u00f5em o chamado \u201cterceiro setor\u201d da economia e t\u00eam sido incorretamente denominadas \u201cparaestatais\u201d, justamente por estarem lado a lado com o Estado desempenhando fun\u00e7\u00f5es que colaboram na consecu\u00e7\u00e3o do bem comum.<\/p>\n\n\n\n<p>No conceito, podem ser inclu\u00eddas as organiza\u00e7\u00f5es da sociedade civil de interesse p\u00fablico (OSCIP), os servi\u00e7os sociais aut\u00f4nomos (como SESI, SESC, SENAI, SEST, SEBRAE) e, de maneira ampla, as entidades declaradas de utilidade p\u00fablica.<\/p>\n\n\n\n<h2 class=\"wp-block-heading\" id=\"h-senado-federal-direito-administrativo-centralizacao-e-concentracao\">Senado Federal: Direito Administrativo &#8211; Centraliza\u00e7\u00e3o e Concentra\u00e7\u00e3o<\/h2>\n\n\n\n<p>Ocorre a chamada centraliza\u00e7\u00e3o administrativa quando o Estado executa suas tarefas por meio dos \u00f3rg\u00e3os e agentes integrantes da Administra\u00e7\u00e3o Direta.<\/p>\n\n\n\n<p>Assim, o Estado executa suas tarefas diretamente, por interm\u00e9dio de seus in\u00fameros \u00f3rg\u00e3os e agentes administrativos que comp\u00f5em a sua estrutura funcional.<\/p>\n\n\n\n<p>Em outras palavras, a centraliza\u00e7\u00e3o consiste na execu\u00e7\u00e3o da atividade administrativa pelas pr\u00f3prias pessoas pol\u00edticas (Uni\u00e3o, Estados, Distrito Federal e Munic\u00edpios), por meio dos \u00f3rg\u00e3os das suas respectivas Administra\u00e7\u00f5es Diretas.<\/p>\n\n\n\n<p>A orienta\u00e7\u00e3o de que a <strong>atividade administrativa centralizada \u00e9 uma atividade eminentemente hierarquizada<\/strong>.<\/p>\n\n\n\n<p>O Estado executa suas fun\u00e7\u00f5es administrativas diretamente, por meio dos \u00f3rg\u00e3os e agentes integrantes da administra\u00e7\u00e3o direta, ou seja, pelas pr\u00f3prias pessoas pol\u00edticas (Uni\u00e3o, estados, Distrito Federal e munic\u00edpios).<\/p>\n\n\n\n<h2 class=\"wp-block-heading\">Descentraliza\u00e7\u00e3o e Desconcentra\u00e7\u00e3o<\/h2>\n\n\n\n<p><strong>Descentraliza\u00e7\u00e3o<\/strong><\/p>\n\n\n\n<p><strong>A descentraliza\u00e7\u00e3o pressup\u00f5e a exist\u00eancia de duas pessoas jur\u00eddicas distintas (administra\u00e7\u00e3o indireta ou particulares)<\/strong>: o Estado e a entidade que executar\u00e1 o servi\u00e7o, por ter recebido do Estado essa atribui\u00e7\u00e3o.<\/p>\n\n\n\n<p>Dessa forma, na descentraliza\u00e7\u00e3o realizada para entidades da Administra\u00e7\u00e3o P\u00fablica Indireta<strong> n\u00e3o h\u00e1 hierarquia<\/strong> entre a entidade criadora e a entidade que recebe a execu\u00e7\u00e3o e\u2215ou titularidade do servi\u00e7o, mas apenas <strong>rela\u00e7\u00e3o de vincula\u00e7\u00e3o<\/strong>.<\/p>\n\n\n\n<p>Assim, consiste na distribui\u00e7\u00e3o ou transfer\u00eancia de atividades ou servi\u00e7os da Administra\u00e7\u00e3o Direta para a Administra\u00e7\u00e3o Indireta ou para particulares.<\/p>\n\n\n\n<p><strong>Concentra\u00e7\u00e3o<\/strong><\/p>\n\n\n\n<p>A concentra\u00e7\u00e3o caracteriza-se pela reuni\u00e3o de compet\u00eancias em \u00fanico ou menor n\u00famero poss\u00edvel de \u00f3rg\u00e3os p\u00fablicos.<strong> Dessa forma, consiste na aus\u00eancia completa de distribui\u00e7\u00e3o de tarefas entre reparti\u00e7\u00f5es internas ou extin\u00e7\u00e3o de \u00f3rg\u00e3os.<\/strong><\/p>\n\n\n\n<p><strong>Desconcentra\u00e7\u00e3o<\/strong><\/p>\n\n\n\n<p><strong>A desconcentra\u00e7\u00e3o refere-se \u00e0 distribui\u00e7\u00e3o interna de compet\u00eancias dentro de uma mesma pessoa jur\u00eddica.<\/strong><\/p>\n\n\n\n<p>Assim, trata-se da <strong>cria\u00e7\u00e3o de \u00f3rg\u00e3os p\u00fablicos<\/strong> que fazem parte de uma mesma estrutura, hierarquizada, criada com o objetivo de tornar mais \u00e1gil e eficiente a execu\u00e7\u00e3o das finalidades administrativas previstas em lei.<\/p>\n\n\n\n<p>Dessa forma, ocorre na administra\u00e7\u00e3o direta e na administra\u00e7\u00e3o indireta. A desconcentra\u00e7\u00e3o administrativa est\u00e1 <strong>relacionada ao princ\u00edpio da hierarquia.<\/strong><\/p>\n\n\n\n<h2 class=\"wp-block-heading\" id=\"h-senado-federal-direito-administrativo-bens-publicos\">Senado Federal: Direito Administrativo &#8211; Bens P\u00fablicos<\/h2>\n\n\n\n<p>S\u00e3o p\u00fablicos os bens do dom\u00ednio nacional<strong> pertencentes \u00e0s pessoas jur\u00eddicas de direito p\u00fablico interno<\/strong>; todos os outros s\u00e3o particulares, seja qual for a pessoa a que pertencerem.&nbsp;<\/p>\n\n\n\n<p><strong>Somente os bens pertencentes \u00e0s<\/strong> <strong>pessoas jur\u00eddicas de direito p\u00fablico (pessoas pol\u00edticas, autarquias e funda\u00e7\u00f5es aut\u00e1rquicas) s\u00e3o bens p\u00fablicos<\/strong>, <strong>independentemente da atividade<\/strong> desempenhada ou <strong>da destina\u00e7\u00e3o desses bens<\/strong>.&nbsp;<\/p>\n\n\n\n<p>Para as pessoas jur\u00eddicas de direito privado integrantes da Administra\u00e7\u00e3o P\u00fablica que prestem servi\u00e7os p\u00fablicos, h\u00e1 a possibilidade de seus bens possu\u00edrem algumas caracter\u00edsticas dos bens p\u00fablicos.<\/p>\n\n\n\n<p>Dessa forma, os bens diretamente relacionados com a presta\u00e7\u00e3o de servi\u00e7os p\u00fablicos podem possuir caracter\u00edsticas pr\u00f3prias do regime jur\u00eddico dos bens p\u00fablicos.<\/p>\n\n\n\n<h2 class=\"wp-block-heading\">Classifica\u00e7\u00e3o&nbsp;dos Bens P\u00fablicos<\/h2>\n\n\n\n<p>S\u00e3o formas de classifica\u00e7\u00e3o<\/p>\n\n\n\n<p>(a) quanto \u00e0 titularidade;<\/p>\n\n\n\n<p>(b) quanto \u00e0 destina\u00e7\u00e3o;<\/p>\n\n\n\n<h2 class=\"wp-block-heading\"><strong>Titularidade<\/strong><\/h2>\n\n\n\n<p>A titularidade diz respeito \u00e0 pessoa que \u00e9 propriet\u00e1ria dos bens, que podem ser federais, distritais, estaduais ou municipais, conforme perten\u00e7am, respectivamente, \u00e0 Uni\u00e3o, ao Distrito Federal, aos estados ou aos munic\u00edpios ou \u00e0s entidades administrativas de direito p\u00fablico que integram a administra\u00e7\u00e3o indireta desses entes pol\u00edticos.<\/p>\n\n\n\n<h2 class=\"wp-block-heading\"><strong>Destina\u00e7\u00e3o<\/strong><\/h2>\n\n\n\n<p>Essa \u00e9, sem d\u00favidas, a classifica\u00e7\u00e3o mais importante.<\/p>\n\n\n\n<p>Atualmente, ela est\u00e1 positivada no art. 99 do C\u00f3digo Civil, que estabelece que os bens p\u00fablicos podem ser<\/p>\n\n\n\n<p>(a) de uso comum do povo;<\/p>\n\n\n\n<p>(b) de uso especial;<\/p>\n\n\n\n<p>(c) dominicais.<\/p>\n\n\n\n<p>Os <strong>bens de uso comum do povo<\/strong>, tamb\u00e9m chamados de bens de dom\u00ednio p\u00fablico, s\u00e3o aqueles que podem ser utilizados por todas as pessoas e em igualdade de condi\u00e7\u00f5es, independentemente de autoriza\u00e7\u00e3o individualizada concedida pelo Poder P\u00fablico. S\u00e3o exemplos os rios, mares, estradas, ruas e pra\u00e7as.<\/p>\n\n\n\n<p>Em regra, a utiliza\u00e7\u00e3o dos bens p\u00fablicos \u00e9 livre e gratuita, todavia \u00e9 poss\u00edvel que o poder p\u00fablico venha a cobrar taxas em determinadas situa\u00e7\u00f5es, a exemplo da cobran\u00e7a de estacionamento rotativo.<\/p>\n\n\n\n<p>Vale refor\u00e7ar que <strong>a utiliza\u00e7\u00e3o de bens p\u00fablicos de uso comum pode ser gratuita ou retribu\u00edda<\/strong>, conforme a entidade a que pertencer o bem estabelecido legalmente. Ademais, a utiliza\u00e7\u00e3o desses bens pode se submeter ao poder de pol\u00edcia, com o objetivo de preservar o patrim\u00f4nio p\u00fablico e proteger os usu\u00e1rios.<\/p>\n\n\n\n<p>Os <strong>bens de uso especia<\/strong>l, por sua vez, s\u00e3o aqueles <strong>utilizados na presta\u00e7\u00e3o de servi\u00e7os pela Administra\u00e7\u00e3o ou para a realiza\u00e7\u00e3o dos servi\u00e7os administrativos<\/strong>.<\/p>\n\n\n\n<p>Por outro lado, os bens de uso especial indireto s\u00e3o aqueles que o poder p\u00fablico n\u00e3o utiliza diretamente, mas os conservam com o objetivo de garantir um bem jur\u00eddico de interesse da coletividade.<\/p>\n\n\n\n<p>Por fim, os <strong>bens dominicais<\/strong> s\u00e3o os que constituem o patrim\u00f4nio das pessoas jur\u00eddicas de direito p\u00fablico, como <strong>objeto de direito pessoal, ou real<\/strong>, de cada uma dessas entidades.<\/p>\n\n\n\n<p>Em s\u00edntese, os bens dominicais s\u00e3o aqueles que n\u00e3o possuem uma finalidade p\u00fablica espec\u00edfica. Assim, \u00e9 o que ocorre, por exemplo, com um bem m\u00f3vel apreendido, mas que n<strong>\u00e3o possui nenhuma finalidade definida<\/strong><\/p>\n\n\n\n<h2 class=\"wp-block-heading\" id=\"h-agentes-publicos\">Agentes P\u00fablicos<\/h2>\n\n\n\n<p>O conceito de agente p\u00fablico \u00e9 detalhado na Lei N\u00ba 8.429\/92 e pode ser definido como todo aquele que exerce, ainda que <strong>transitoriamente<\/strong> ou <strong>sem remunera\u00e7\u00e3o<\/strong>, por elei\u00e7\u00e3o, nomea\u00e7\u00e3o, designa\u00e7\u00e3o, contrata\u00e7\u00e3o ou qualquer forma de investidura ou v\u00ednculo, mandato, cargo, emprego ou fun\u00e7\u00e3o p\u00fablica.<\/p>\n\n\n\n<p>Veja que o conceito de agente p\u00fablico \u00e9 bastante amplo e independe do v\u00ednculo ser permanente ou tempor\u00e1rio e tamb\u00e9m do agente receber ou n\u00e3o remunera\u00e7\u00e3o.<\/p>\n\n\n\n<p>Dessa forma, esse conceito \u00e9 semelhante ao estudado em direito penal com a denomina\u00e7\u00e3o funcion\u00e1rio p\u00fablico.<\/p>\n\n\n\n<h2 class=\"wp-block-heading\">Classifica\u00e7\u00f5es<\/h2>\n\n\n\n<p>S\u00e3o classifica\u00e7\u00f5es de agentes p\u00fablicos:<\/p>\n\n\n\n<ul class=\"wp-block-list\"><li>Agentes administrativos<\/li><li>Agentes pol\u00edticos<\/li><li>Agentes honor\u00edficos<\/li><li>Agentes delegados<\/li><\/ul>\n\n\n\n<p><strong>Agentes Administrativos<\/strong><\/p>\n\n\n\n<p>Aqui est\u00e3o a maioria dos agentes p\u00fablicos. Atuam na Administra\u00e7\u00e3o P\u00fablica ocupando <strong>cargos, empregos e fun\u00e7\u00f5es p\u00fablicas com v\u00ednculo hier\u00e1rquico<\/strong> e recebendo remunera\u00e7\u00e3o para isso. Podemos citar, como exemplo, os servidores e empregados p\u00fablicos.<\/p>\n\n\n\n<p><strong>Agentes Pol\u00edticos<\/strong><\/p>\n\n\n\n<p>Esses s\u00e3o os agentes p\u00fablicos que fazem parte da c\u00fapula da Administra\u00e7\u00e3o P\u00fablica. S\u00e3o aqueles que <strong>definem as pol\u00edticas p\u00fablicas<\/strong> a serem implementadas pelo Poder P\u00fablico e <strong>realizam a supervis\u00e3o e dire\u00e7\u00e3o superior<\/strong> de tais pol\u00edticas.<\/p>\n\n\n\n<p>Pode-se citar, como caracter\u00edsticas, o fato de terem suas compet\u00eancias originadas na pr\u00f3pria CF\/88 e n\u00e3o se sujeitarem a muitas das regras aplic\u00e1veis aos demais agentes p\u00fablicos. Inclusive possuem certas prerrogativas definidas pela pr\u00f3pria CF\/88, como a imunidade dos parlamentares.<\/p>\n\n\n\n<p>Tais prerrogativas servem para que possam executar suas atribui\u00e7\u00f5es com a maior independ\u00eancia poss\u00edvel.<\/p>\n\n\n\n<p>Em termos gerais, n\u00e3o s\u00e3o hierarquizados e <strong>muitas vezes s\u00e3o escolhidos por elei\u00e7\u00e3o<\/strong>. Assim, pode-se citar como exemplos o Presidente da Rep\u00fablica e os membros do Poder Legislativo.&nbsp;<\/p>\n\n\n\n<p><strong>Agentes Honor\u00edficos<\/strong><\/p>\n\n\n\n<p>S\u00e3o<strong> cidad\u00e3os<\/strong> chamados a colaborarem temporariamente com o Poder P\u00fablico, por meio da <strong>presta\u00e7\u00e3o de servi\u00e7os espec\u00edficos<\/strong>. Assim, <strong>n\u00e3o possuem v\u00ednculo com a Administra\u00e7\u00e3o P\u00fablica<\/strong> e <strong>normalmente atuam sem remunera\u00e7\u00e3o<\/strong>. Pode-se citar os mes\u00e1rios que atuam nas elei\u00e7\u00f5es, como exemplo.&nbsp;<\/p>\n\n\n\n<p><strong>Agentes Delegados<\/strong><\/p>\n\n\n\n<p>S\u00e3o particulares que<strong> exercem atividades por sua pr\u00f3pria conta e risco<\/strong>, mas que podem ter impacto na popula\u00e7\u00e3o, sendo fiscalizados pelo Poder P\u00fablico. Aqui tem-se, por exemplo, os delegat\u00e1rios de servi\u00e7os p\u00fablicos e os leiloeiros.&nbsp;<\/p>\n\n\n\n<p><\/p>\n\n\n\n<p>Concluindo este artigo, pode-se afirmar que foram trazidos pontos importantes e cl\u00e1ssicos em provas de Direito Administrativo.<\/p>\n\n\n\n<p>Assim, foque em saber n\u00e3o s\u00f3 os conceitos, mas tamb\u00e9m na resolu\u00e7\u00e3o massiva de quest\u00f5es da banca FGV para a prova. Um abra\u00e7o e bons estudos!<\/p>\n\n\n\n<p>Felipe Rocha<\/p>\n\n\n\n<p>@ffazro<\/p>\n\n\n\n<h2 class=\"has-text-align-center wp-embed-aspect-16-9 wp-has-aspect-ratio wp-block-heading\" id=\"h-cursos-e-assinaturas\">Cursos e Assinaturas <\/h2>\n\n\n\n<p class=\"wp-embed-aspect-16-9 wp-has-aspect-ratio\">Prepare-se com o melhor material e com quem mais aprova em Concursos P\u00fablicos em todo o pa\u00eds!<\/p>\n\n\n\n<p class=\"has-text-align-center wp-embed-aspect-16-9 wp-has-aspect-ratio has-white-color has-vivid-purple-background-color has-text-color has-background\"><a href=\"https:\/\/www.estrategiaconcursos.com.br\/blog\/concursos-abertos\/\" target=\"_blank\" rel=\"noreferrer noopener\"><strong>Concursos abertos<\/strong><\/a><\/p>\n\n\n\n<p class=\"has-text-align-center wp-embed-aspect-16-9 wp-has-aspect-ratio has-white-color has-vivid-purple-background-color has-text-color has-background\"><strong><a href=\"https:\/\/www.estrategiaconcursos.com.br\/blog\/concursos-2022\/\" target=\"_blank\" rel=\"noreferrer noopener\">Concursos 2022<\/a><\/strong><\/p>\n","protected":false},"excerpt":{"rendered":"<p>Senado Federal: Direito Administrativo<\/p>\n","protected":false},"author":1462,"featured_media":33041,"comment_status":"open","ping_status":"closed","sticky":false,"template":"","format":"standard","meta":{"post_tipo":"article","footnotes":""},"categories":[1,2017],"tags":[67,1629],"tax_estado":[219963],"class_list":["post-1092891","post","type-post","status-publish","format-standard","has-post-thumbnail","hentry","category-cursos-e-concursos","category-concursos-legislativos","tag-direito-administrativo","tag-senado-federal","tax_estado-concursos-federais"],"acf":[],"yoast_head":"<!-- This site is optimized with the Yoast SEO Premium plugin v27.2 (Yoast SEO v27.2) - https:\/\/yoast.com\/product\/yoast-seo-premium-wordpress\/ -->\n<title>Senado Federal: Direito Administrativo destacado<\/title>\n<meta name=\"description\" content=\"Senado Federal: Direito Administrativo. Concurso \u00c1rea Legislativa. Senado Federal. Analista e Consultor. Direito Administrativo\" \/>\n<meta name=\"robots\" content=\"index, follow, max-snippet:-1, max-image-preview:large, max-video-preview:-1\" \/>\n<link rel=\"canonical\" href=\"https:\/\/www.estrategiaconcursos.com.br\/blog\/senado-federal-direito-administrativo\/\" \/>\n<meta property=\"og:locale\" content=\"pt_BR\" \/>\n<meta property=\"og:type\" content=\"article\" \/>\n<meta property=\"og:title\" content=\"Senado Federal: Direito Administrativo destacado\" \/>\n<meta property=\"og:description\" content=\"Senado Federal: Direito Administrativo. Concurso \u00c1rea Legislativa. Senado Federal. Analista e Consultor. Direito Administrativo\" \/>\n<meta property=\"og:url\" content=\"https:\/\/www.estrategiaconcursos.com.br\/blog\/senado-federal-direito-administrativo\/\" \/>\n<meta property=\"og:site_name\" content=\"Estrat\u00e9gia Concursos\" \/>\n<meta property=\"article:published_time\" content=\"2022-10-13T11:35:00+00:00\" \/>\n<meta property=\"og:image\" content=\"https:\/\/dhg1h5j42swfq.cloudfront.net\/2016\/02\/11145311\/concurso-senado.png\" \/>\n\t<meta property=\"og:image:width\" content=\"220\" \/>\n\t<meta property=\"og:image:height\" content=\"94\" \/>\n\t<meta property=\"og:image:type\" content=\"image\/png\" \/>\n<meta name=\"author\" content=\"Felipe Fernando Azevedo da Rocha\" \/>\n<meta name=\"twitter:card\" content=\"summary_large_image\" \/>\n<meta name=\"twitter:creator\" content=\"@EstratConcursos\" \/>\n<meta name=\"twitter:site\" content=\"@EstratConcursos\" \/>\n<meta name=\"twitter:label1\" content=\"Escrito por\" \/>\n\t<meta name=\"twitter:data1\" content=\"Felipe Fernando Azevedo da Rocha\" \/>\n\t<meta name=\"twitter:label2\" content=\"Est. tempo de leitura\" \/>\n\t<meta name=\"twitter:data2\" content=\"10 minutos\" \/>\n<script type=\"application\/ld+json\" class=\"yoast-schema-graph\">{\"@context\":\"https:\/\/schema.org\",\"@graph\":[{\"@type\":\"NewsArticle\",\"@id\":\"https:\/\/www.estrategiaconcursos.com.br\/blog\/senado-federal-direito-administrativo\/#article\",\"isPartOf\":{\"@id\":\"https:\/\/www.estrategiaconcursos.com.br\/blog\/senado-federal-direito-administrativo\/\"},\"author\":{\"name\":\"Felipe Fernando Azevedo da Rocha\",\"@id\":\"https:\/\/www.estrategiaconcursos.com.br\/blog\/#\/schema\/person\/425ec856669a603120a09fed3a635808\"},\"headline\":\"Senado Federal: Direito Administrativo destacado\",\"datePublished\":\"2022-10-13T11:35:00+00:00\",\"mainEntityOfPage\":{\"@id\":\"https:\/\/www.estrategiaconcursos.com.br\/blog\/senado-federal-direito-administrativo\/\"},\"wordCount\":1979,\"commentCount\":0,\"publisher\":{\"@id\":\"https:\/\/www.estrategiaconcursos.com.br\/blog\/#organization\"},\"image\":{\"@id\":\"https:\/\/www.estrategiaconcursos.com.br\/blog\/senado-federal-direito-administrativo\/#primaryimage\"},\"thumbnailUrl\":\"https:\/\/dhg1h5j42swfq.cloudfront.net\/2016\/02\/11145311\/concurso-senado.png\",\"keywords\":[\"Direito Administrativo\",\"senado federal\"],\"articleSection\":[\"Concursos P\u00fablicos\",\"Legislativo\"],\"inLanguage\":\"pt-BR\",\"potentialAction\":[{\"@type\":\"CommentAction\",\"name\":\"Comment\",\"target\":[\"https:\/\/www.estrategiaconcursos.com.br\/blog\/senado-federal-direito-administrativo\/#respond\"]}],\"copyrightYear\":\"2022\",\"copyrightHolder\":{\"@id\":\"https:\/\/www.estrategiaconcursos.com.br\/blog\/#organization\"}},{\"@type\":\"WebPage\",\"@id\":\"https:\/\/www.estrategiaconcursos.com.br\/blog\/senado-federal-direito-administrativo\/\",\"url\":\"https:\/\/www.estrategiaconcursos.com.br\/blog\/senado-federal-direito-administrativo\/\",\"name\":\"Senado Federal: Direito Administrativo destacado\",\"isPartOf\":{\"@id\":\"https:\/\/www.estrategiaconcursos.com.br\/blog\/#website\"},\"primaryImageOfPage\":{\"@id\":\"https:\/\/www.estrategiaconcursos.com.br\/blog\/senado-federal-direito-administrativo\/#primaryimage\"},\"image\":{\"@id\":\"https:\/\/www.estrategiaconcursos.com.br\/blog\/senado-federal-direito-administrativo\/#primaryimage\"},\"thumbnailUrl\":\"https:\/\/dhg1h5j42swfq.cloudfront.net\/2016\/02\/11145311\/concurso-senado.png\",\"datePublished\":\"2022-10-13T11:35:00+00:00\",\"description\":\"Senado Federal: Direito Administrativo. Concurso \u00c1rea Legislativa. Senado Federal. Analista e Consultor. Direito Administrativo\",\"breadcrumb\":{\"@id\":\"https:\/\/www.estrategiaconcursos.com.br\/blog\/senado-federal-direito-administrativo\/#breadcrumb\"},\"inLanguage\":\"pt-BR\",\"potentialAction\":[{\"@type\":\"ReadAction\",\"target\":[\"https:\/\/www.estrategiaconcursos.com.br\/blog\/senado-federal-direito-administrativo\/\"]}]},{\"@type\":\"ImageObject\",\"inLanguage\":\"pt-BR\",\"@id\":\"https:\/\/www.estrategiaconcursos.com.br\/blog\/senado-federal-direito-administrativo\/#primaryimage\",\"url\":\"https:\/\/dhg1h5j42swfq.cloudfront.net\/2016\/02\/11145311\/concurso-senado.png\",\"contentUrl\":\"https:\/\/dhg1h5j42swfq.cloudfront.net\/2016\/02\/11145311\/concurso-senado.png\",\"width\":220,\"height\":94,\"caption\":\"Senado Federal: Direito Administrativo\"},{\"@type\":\"BreadcrumbList\",\"@id\":\"https:\/\/www.estrategiaconcursos.com.br\/blog\/senado-federal-direito-administrativo\/#breadcrumb\",\"itemListElement\":[{\"@type\":\"ListItem\",\"position\":1,\"name\":\"In\u00edcio\",\"item\":\"https:\/\/www.estrategiaconcursos.com.br\/blog\/\"},{\"@type\":\"ListItem\",\"position\":2,\"name\":\"Senado Federal: Direito Administrativo destacado\"}]},{\"@type\":\"WebSite\",\"@id\":\"https:\/\/www.estrategiaconcursos.com.br\/blog\/#website\",\"url\":\"https:\/\/www.estrategiaconcursos.com.br\/blog\/\",\"name\":\"Estrat\u00e9gia Concursos\",\"description\":\"O blog da Estrat\u00e9gia Concursos traz not\u00edcias sobre concursos e artigos de professores oferecendo cursos para concursos (pdf + videaulas) no site.\",\"publisher\":{\"@id\":\"https:\/\/www.estrategiaconcursos.com.br\/blog\/#organization\"},\"potentialAction\":[{\"@type\":\"SearchAction\",\"target\":{\"@type\":\"EntryPoint\",\"urlTemplate\":\"https:\/\/www.estrategiaconcursos.com.br\/blog\/?s={search_term_string}\"},\"query-input\":{\"@type\":\"PropertyValueSpecification\",\"valueRequired\":true,\"valueName\":\"search_term_string\"}}],\"inLanguage\":\"pt-BR\"},{\"@type\":\"Organization\",\"@id\":\"https:\/\/www.estrategiaconcursos.com.br\/blog\/#organization\",\"name\":\"Estrat\u00e9gia Concursos\",\"url\":\"https:\/\/www.estrategiaconcursos.com.br\/blog\/\",\"logo\":{\"@type\":\"ImageObject\",\"inLanguage\":\"pt-BR\",\"@id\":\"https:\/\/www.estrategiaconcursos.com.br\/blog\/#\/schema\/logo\/image\/\",\"url\":\"https:\/\/dhg1h5j42swfq.cloudfront.net\/2025\/06\/03203428\/logo_concursos-1.jpg\",\"contentUrl\":\"https:\/\/dhg1h5j42swfq.cloudfront.net\/2025\/06\/03203428\/logo_concursos-1.jpg\",\"width\":230,\"height\":60,\"caption\":\"Estrat\u00e9gia Concursos\"},\"image\":{\"@id\":\"https:\/\/www.estrategiaconcursos.com.br\/blog\/#\/schema\/logo\/image\/\"},\"sameAs\":[\"https:\/\/x.com\/EstratConcursos\"]},{\"@type\":\"Person\",\"@id\":\"https:\/\/www.estrategiaconcursos.com.br\/blog\/#\/schema\/person\/425ec856669a603120a09fed3a635808\",\"name\":\"Felipe Fernando Azevedo da Rocha\",\"image\":{\"@type\":\"ImageObject\",\"inLanguage\":\"pt-BR\",\"@id\":\"https:\/\/secure.gravatar.com\/avatar\/44e78a4aab2c02a437a87a334aee9a4ea82ca0e4757c2747232497482cfe5ba2?s=96&d=mm&r=g\",\"url\":\"https:\/\/secure.gravatar.com\/avatar\/44e78a4aab2c02a437a87a334aee9a4ea82ca0e4757c2747232497482cfe5ba2?s=96&d=mm&r=g\",\"contentUrl\":\"https:\/\/secure.gravatar.com\/avatar\/44e78a4aab2c02a437a87a334aee9a4ea82ca0e4757c2747232497482cfe5ba2?s=96&d=mm&r=g\",\"caption\":\"Felipe Fernando Azevedo da Rocha\"},\"description\":\"Auditor de Finan\u00e7as da SEFAZ BA. P\u00f3s-Graduado em Direito Tribut\u00e1rio\",\"url\":\"https:\/\/www.estrategiaconcursos.com.br\/blog\/author\/felipeazrogmail-com\/\"}]}<\/script>\n<!-- \/ Yoast SEO Premium plugin. -->","yoast_head_json":{"title":"Senado Federal: Direito Administrativo destacado","description":"Senado Federal: Direito Administrativo. Concurso \u00c1rea Legislativa. Senado Federal. Analista e Consultor. Direito Administrativo","robots":{"index":"index","follow":"follow","max-snippet":"max-snippet:-1","max-image-preview":"max-image-preview:large","max-video-preview":"max-video-preview:-1"},"canonical":"https:\/\/www.estrategiaconcursos.com.br\/blog\/senado-federal-direito-administrativo\/","og_locale":"pt_BR","og_type":"article","og_title":"Senado Federal: Direito Administrativo destacado","og_description":"Senado Federal: Direito Administrativo. Concurso \u00c1rea Legislativa. Senado Federal. Analista e Consultor. Direito Administrativo","og_url":"https:\/\/www.estrategiaconcursos.com.br\/blog\/senado-federal-direito-administrativo\/","og_site_name":"Estrat\u00e9gia Concursos","article_published_time":"2022-10-13T11:35:00+00:00","og_image":[{"width":220,"height":94,"url":"https:\/\/dhg1h5j42swfq.cloudfront.net\/2016\/02\/11145311\/concurso-senado.png","type":"image\/png"}],"author":"Felipe Fernando Azevedo da Rocha","twitter_card":"summary_large_image","twitter_creator":"@EstratConcursos","twitter_site":"@EstratConcursos","twitter_misc":{"Escrito por":"Felipe Fernando Azevedo da Rocha","Est. tempo de leitura":"10 minutos"},"schema":{"@context":"https:\/\/schema.org","@graph":[{"@type":"NewsArticle","@id":"https:\/\/www.estrategiaconcursos.com.br\/blog\/senado-federal-direito-administrativo\/#article","isPartOf":{"@id":"https:\/\/www.estrategiaconcursos.com.br\/blog\/senado-federal-direito-administrativo\/"},"author":{"name":"Felipe Fernando Azevedo da Rocha","@id":"https:\/\/www.estrategiaconcursos.com.br\/blog\/#\/schema\/person\/425ec856669a603120a09fed3a635808"},"headline":"Senado Federal: Direito Administrativo destacado","datePublished":"2022-10-13T11:35:00+00:00","mainEntityOfPage":{"@id":"https:\/\/www.estrategiaconcursos.com.br\/blog\/senado-federal-direito-administrativo\/"},"wordCount":1979,"commentCount":0,"publisher":{"@id":"https:\/\/www.estrategiaconcursos.com.br\/blog\/#organization"},"image":{"@id":"https:\/\/www.estrategiaconcursos.com.br\/blog\/senado-federal-direito-administrativo\/#primaryimage"},"thumbnailUrl":"https:\/\/dhg1h5j42swfq.cloudfront.net\/2016\/02\/11145311\/concurso-senado.png","keywords":["Direito Administrativo","senado federal"],"articleSection":["Concursos P\u00fablicos","Legislativo"],"inLanguage":"pt-BR","potentialAction":[{"@type":"CommentAction","name":"Comment","target":["https:\/\/www.estrategiaconcursos.com.br\/blog\/senado-federal-direito-administrativo\/#respond"]}],"copyrightYear":"2022","copyrightHolder":{"@id":"https:\/\/www.estrategiaconcursos.com.br\/blog\/#organization"}},{"@type":"WebPage","@id":"https:\/\/www.estrategiaconcursos.com.br\/blog\/senado-federal-direito-administrativo\/","url":"https:\/\/www.estrategiaconcursos.com.br\/blog\/senado-federal-direito-administrativo\/","name":"Senado Federal: Direito Administrativo destacado","isPartOf":{"@id":"https:\/\/www.estrategiaconcursos.com.br\/blog\/#website"},"primaryImageOfPage":{"@id":"https:\/\/www.estrategiaconcursos.com.br\/blog\/senado-federal-direito-administrativo\/#primaryimage"},"image":{"@id":"https:\/\/www.estrategiaconcursos.com.br\/blog\/senado-federal-direito-administrativo\/#primaryimage"},"thumbnailUrl":"https:\/\/dhg1h5j42swfq.cloudfront.net\/2016\/02\/11145311\/concurso-senado.png","datePublished":"2022-10-13T11:35:00+00:00","description":"Senado Federal: Direito Administrativo. Concurso \u00c1rea Legislativa. Senado Federal. Analista e Consultor. Direito Administrativo","breadcrumb":{"@id":"https:\/\/www.estrategiaconcursos.com.br\/blog\/senado-federal-direito-administrativo\/#breadcrumb"},"inLanguage":"pt-BR","potentialAction":[{"@type":"ReadAction","target":["https:\/\/www.estrategiaconcursos.com.br\/blog\/senado-federal-direito-administrativo\/"]}]},{"@type":"ImageObject","inLanguage":"pt-BR","@id":"https:\/\/www.estrategiaconcursos.com.br\/blog\/senado-federal-direito-administrativo\/#primaryimage","url":"https:\/\/dhg1h5j42swfq.cloudfront.net\/2016\/02\/11145311\/concurso-senado.png","contentUrl":"https:\/\/dhg1h5j42swfq.cloudfront.net\/2016\/02\/11145311\/concurso-senado.png","width":220,"height":94,"caption":"Senado Federal: Direito Administrativo"},{"@type":"BreadcrumbList","@id":"https:\/\/www.estrategiaconcursos.com.br\/blog\/senado-federal-direito-administrativo\/#breadcrumb","itemListElement":[{"@type":"ListItem","position":1,"name":"In\u00edcio","item":"https:\/\/www.estrategiaconcursos.com.br\/blog\/"},{"@type":"ListItem","position":2,"name":"Senado Federal: Direito Administrativo destacado"}]},{"@type":"WebSite","@id":"https:\/\/www.estrategiaconcursos.com.br\/blog\/#website","url":"https:\/\/www.estrategiaconcursos.com.br\/blog\/","name":"Estrat\u00e9gia Concursos","description":"O blog da Estrat\u00e9gia Concursos traz not\u00edcias sobre concursos e artigos de professores oferecendo cursos para concursos (pdf + videaulas) no site.","publisher":{"@id":"https:\/\/www.estrategiaconcursos.com.br\/blog\/#organization"},"potentialAction":[{"@type":"SearchAction","target":{"@type":"EntryPoint","urlTemplate":"https:\/\/www.estrategiaconcursos.com.br\/blog\/?s={search_term_string}"},"query-input":{"@type":"PropertyValueSpecification","valueRequired":true,"valueName":"search_term_string"}}],"inLanguage":"pt-BR"},{"@type":"Organization","@id":"https:\/\/www.estrategiaconcursos.com.br\/blog\/#organization","name":"Estrat\u00e9gia Concursos","url":"https:\/\/www.estrategiaconcursos.com.br\/blog\/","logo":{"@type":"ImageObject","inLanguage":"pt-BR","@id":"https:\/\/www.estrategiaconcursos.com.br\/blog\/#\/schema\/logo\/image\/","url":"https:\/\/dhg1h5j42swfq.cloudfront.net\/2025\/06\/03203428\/logo_concursos-1.jpg","contentUrl":"https:\/\/dhg1h5j42swfq.cloudfront.net\/2025\/06\/03203428\/logo_concursos-1.jpg","width":230,"height":60,"caption":"Estrat\u00e9gia Concursos"},"image":{"@id":"https:\/\/www.estrategiaconcursos.com.br\/blog\/#\/schema\/logo\/image\/"},"sameAs":["https:\/\/x.com\/EstratConcursos"]},{"@type":"Person","@id":"https:\/\/www.estrategiaconcursos.com.br\/blog\/#\/schema\/person\/425ec856669a603120a09fed3a635808","name":"Felipe Fernando Azevedo da Rocha","image":{"@type":"ImageObject","inLanguage":"pt-BR","@id":"https:\/\/secure.gravatar.com\/avatar\/44e78a4aab2c02a437a87a334aee9a4ea82ca0e4757c2747232497482cfe5ba2?s=96&d=mm&r=g","url":"https:\/\/secure.gravatar.com\/avatar\/44e78a4aab2c02a437a87a334aee9a4ea82ca0e4757c2747232497482cfe5ba2?s=96&d=mm&r=g","contentUrl":"https:\/\/secure.gravatar.com\/avatar\/44e78a4aab2c02a437a87a334aee9a4ea82ca0e4757c2747232497482cfe5ba2?s=96&d=mm&r=g","caption":"Felipe Fernando Azevedo da Rocha"},"description":"Auditor de Finan\u00e7as da SEFAZ BA. P\u00f3s-Graduado em Direito Tribut\u00e1rio","url":"https:\/\/www.estrategiaconcursos.com.br\/blog\/author\/felipeazrogmail-com\/"}]}},"_links":{"self":[{"href":"https:\/\/www.estrategiaconcursos.com.br\/blog\/wp-json\/wp\/v2\/posts\/1092891","targetHints":{"allow":["GET"]}}],"collection":[{"href":"https:\/\/www.estrategiaconcursos.com.br\/blog\/wp-json\/wp\/v2\/posts"}],"about":[{"href":"https:\/\/www.estrategiaconcursos.com.br\/blog\/wp-json\/wp\/v2\/types\/post"}],"author":[{"embeddable":true,"href":"https:\/\/www.estrategiaconcursos.com.br\/blog\/wp-json\/wp\/v2\/users\/1462"}],"replies":[{"embeddable":true,"href":"https:\/\/www.estrategiaconcursos.com.br\/blog\/wp-json\/wp\/v2\/comments?post=1092891"}],"version-history":[{"count":7,"href":"https:\/\/www.estrategiaconcursos.com.br\/blog\/wp-json\/wp\/v2\/posts\/1092891\/revisions"}],"predecessor-version":[{"id":1104051,"href":"https:\/\/www.estrategiaconcursos.com.br\/blog\/wp-json\/wp\/v2\/posts\/1092891\/revisions\/1104051"}],"wp:featuredmedia":[{"embeddable":true,"href":"https:\/\/www.estrategiaconcursos.com.br\/blog\/wp-json\/wp\/v2\/media\/33041"}],"wp:attachment":[{"href":"https:\/\/www.estrategiaconcursos.com.br\/blog\/wp-json\/wp\/v2\/media?parent=1092891"}],"wp:term":[{"taxonomy":"category","embeddable":true,"href":"https:\/\/www.estrategiaconcursos.com.br\/blog\/wp-json\/wp\/v2\/categories?post=1092891"},{"taxonomy":"post_tag","embeddable":true,"href":"https:\/\/www.estrategiaconcursos.com.br\/blog\/wp-json\/wp\/v2\/tags?post=1092891"},{"taxonomy":"tax_estado","embeddable":true,"href":"https:\/\/www.estrategiaconcursos.com.br\/blog\/wp-json\/wp\/v2\/tax_estado?post=1092891"}],"curies":[{"name":"wp","href":"https:\/\/api.w.org\/{rel}","templated":true}]}}