{"id":1092843,"date":"2022-09-30T10:23:00","date_gmt":"2022-09-30T13:23:00","guid":{"rendered":"https:\/\/www.estrategiaconcursos.com.br\/blog\/?p=1092843"},"modified":"2022-09-12T12:47:26","modified_gmt":"2022-09-12T15:47:26","slug":"trt-mg-atos-juridicos","status":"publish","type":"post","link":"https:\/\/www.estrategiaconcursos.com.br\/blog\/trt-mg-atos-juridicos\/","title":{"rendered":"TRT MG: Atos Jur\u00eddicos"},"content":{"rendered":"\n<p>No artigo de hoje, TRT MG: Atos Jur\u00eddicos, um resumo dos principais pontos doutrin\u00e1rios ser\u00e1 apresentado para voc\u00ea que precisa saber para a prova, conforme an\u00e1lise da <a href=\"http:\/\/www.fumarc.com.br\/\">FUMARC<\/a>.<\/p>\n\n\n\n<figure class=\"wp-block-gallery has-nested-images columns-default is-cropped wp-block-gallery-1 is-layout-flex wp-block-gallery-is-layout-flex\">\n<figure class=\"wp-block-image size-large\"><img loading=\"lazy\" decoding=\"async\" width=\"222\" height=\"227\" data-id=\"1092857\" src=\"https:\/\/dhg1h5j42swfq.cloudfront.net\/2022\/09\/12095141\/trt-mg.png\" alt=\"\" class=\"wp-image-1092857\" srcset=\"https:\/\/dhg1h5j42swfq.cloudfront.net\/2022\/09\/12095141\/trt-mg.png 222w, https:\/\/dhg1h5j42swfq.cloudfront.net\/2022\/09\/12095141\/trt-mg-150x153.png 150w\" sizes=\"auto, (max-width: 222px) 100vw, 222px\" \/><figcaption>TRT MG<\/figcaption><\/figure>\n<\/figure>\n\n\n\n<p>Ser\u00e3o abordadas as<strong> principais regras de acentua\u00e7\u00e3o para o<\/strong> concurso do Tribunal Regional do Trabalho de Minas Gerais. Dessa forma, o objetivo \u00e9 gabaritar a prova.&nbsp;<\/p>\n\n\n\n<h2 class=\"wp-block-heading\" id=\"h-trt-mg-atos-juridicos-elementos-do-fato-juridico\">TRT MG: Atos Jur\u00eddicos &#8211; Elementos do Fato Jur\u00eddico&nbsp;<\/h2>\n\n\n\n<p>S\u00e3o elementos do fato jur\u00eddico:<\/p>\n\n\n\n<ul class=\"wp-block-list\"><li>Aquisi\u00e7\u00e3o de direito<\/li><li>Resguardo de direito<\/li><li>Modifica\u00e7\u00e3o de direito<\/li><li>Extin\u00e7\u00e3o de direito<\/li><\/ul>\n\n\n\n<p><strong>Aquisi\u00e7\u00e3o de direito&nbsp;&nbsp;&nbsp;<\/strong><\/p>\n\n\n\n<p>\u00c9 a conjun\u00e7\u00e3o&nbsp;(uni\u00e3o) dos direitos com seu titular. Ocorre a aquisi\u00e7\u00e3o de um direito com a incorpora\u00e7\u00e3o do patrim\u00f4nio \u00e0&nbsp;personalidade do titular.&nbsp;<\/p>\n\n\n\n<p><strong>Resguardo de direitos (prote\u00e7\u00e3o, conserva\u00e7\u00e3o ou defesa)&nbsp;<\/strong><\/p>\n\n\n\n<p>O resguardo de direito serve para&nbsp;proteger os seus direitos. Ou seja, o titular de um direito deve praticar atos conservat\u00f3rios&nbsp;preventivos&nbsp;(garantindo&nbsp;o direito contra eventual e futura viola\u00e7\u00e3o) ou&nbsp;repressivos&nbsp;(s\u00e3o os que visam restaurar eventual direito violado).&nbsp;<\/p>\n\n\n\n<p><strong>Modifica\u00e7\u00e3o de direitos (transforma\u00e7\u00e3o)&nbsp;&nbsp;<\/strong><\/p>\n\n\n\n<p>Os direitos podem sofrer modifica\u00e7\u00f5es relativas ao seu conte\u00fado (objeto) ou a seus titulares (pessoas), sem que haja altera\u00e7\u00e3o em sua subst\u00e2ncia. A modifica\u00e7\u00e3o do direito pode ser classificada em:&nbsp;<\/p>\n\n\n\n<ul class=\"wp-block-list\"><li><strong>Objetiva<\/strong>&nbsp;quando diz respeito ao&nbsp;<strong>conte\u00fado ou objeto da rela\u00e7\u00e3o jur\u00eddica<\/strong>. Pode ser qualitativa, quando um direito se converte em outra esp\u00e9cie (o credor de uma saca de feij\u00e3o aceita o equivalente em dinheiro; uma pessoa est\u00e1 devendo uma quantia em dinheiro e o credor aceita um terreno em substitui\u00e7\u00e3o) ou quantitativa, quando diz respeito ao volume (maior ou menor) do objeto (ex.: amortiza\u00e7\u00e3o de um d\u00e9bito banc\u00e1rio), sem alterar a qualidade do Direito.&nbsp;<\/li><li><strong>Subjetiva<\/strong>&nbsp;diz respeito \u00e0 <strong>modifica\u00e7\u00e3o da titularidade do direito<\/strong>, ou seja, substitui\u00e7\u00e3o de uma das pessoas (sujeito ativo ou passivo) envolvidas na obriga\u00e7\u00e3o, podendo ser inter vivos (contrato) ou causa mortis.<\/li><\/ul>\n\n\n\n<p><strong>Extin\u00e7\u00e3o de direitos<\/strong>&nbsp;&nbsp;<\/p>\n\n\n\n<p>A extin\u00e7\u00e3o de direito ocorre quando sobrev\u00e9m uma causa que elimina os seus elementos essenciais.&nbsp;Assim, note que o perecimento deve ser total.&nbsp;Se for parcial, o direito persiste sobre o remanescente desta parte. Dessa forma, se a extin\u00e7\u00e3o puder ser atribu\u00edda a algu\u00e9m, este ser\u00e1 o respons\u00e1vel pelos preju\u00edzos, devendo ressarci-los.&nbsp;<\/p>\n\n\n\n<h2 class=\"wp-block-heading\" id=\"h-trt-mg-atos-juridicos-interpretacao-dos-negocios-juridicos\">TRT MG: Atos Jur\u00eddicos &#8211; Interpreta\u00e7\u00e3o dos Neg\u00f3cios Jur\u00eddicos&nbsp;<\/h2>\n\n\n\n<p>N\u00e3o s\u00f3 a lei, mas o neg\u00f3cio jur\u00eddico tamb\u00e9m precisa ser interpretado, pois as suas cl\u00e1usulas podem n\u00e3o ser muito claras. Dessa forma, a parte geral do C\u00f3digo Civil adota tr\u00eas importantes princ\u00edpios para a interpreta\u00e7\u00e3o dos neg\u00f3cios jur\u00eddicos:&nbsp;<\/p>\n\n\n\n<p>1) Princ\u00edpio da preval\u00eancia da inten\u00e7\u00e3o dos agentes;&nbsp;<\/p>\n\n\n\n<p>2) Princ\u00edpio da boa-f\u00e9;&nbsp;<\/p>\n\n\n\n<p>3) Princ\u00edpio da interpreta\u00e7\u00e3o restritiva dos neg\u00f3cios ben\u00e9ficos.&nbsp;<\/p>\n\n\n\n<p><strong>Princ\u00edpio da preval\u00eancia da inten\u00e7\u00e3o dos agentes<\/strong>&nbsp;<\/p>\n\n\n\n<p>Nos neg\u00f3cios escritos parte-se da declara\u00e7\u00e3o de vontade escrita para se chegar \u00e0 vontade dos contratantes.<\/p>\n\n\n\n<p>Entretanto, quando uma determinada cl\u00e1usula se mostra obscura e pass\u00edvel de d\u00favida, alegando um dos contratantes que n\u00e3o representa fielmente a vontade manifestada por ocasi\u00e3o da celebra\u00e7\u00e3o do neg\u00f3cio, temos que&nbsp;a vontade prevalece sobre o sentido literal da linguagem, nos moldes do art. 112 do CC.&nbsp;<\/p>\n\n\n\n<p><em>Art. 112 do CC &#8211; Nas declara\u00e7\u00f5es de vontade se atender\u00e1 mais \u00e0 inten\u00e7\u00e3o&nbsp;<\/em>&nbsp;<\/p>\n\n\n\n<p><em>nelas consubstanciada do que ao sentido literal da linguagem.<\/em>&nbsp;<\/p>\n\n\n\n<p><strong>Princ\u00edpio da boa-f\u00e9<\/strong>&nbsp;<\/p>\n\n\n\n<p>J\u00e1 o art. 113 do CC ressalta que os int\u00e9rpretes devem presumir que os contratantes procedem com lealdade e que tanto a proposta como a aceita\u00e7\u00e3o ocorrem dentro da regra da boa-f\u00e9.&nbsp;<\/p>\n\n\n\n<p><em>Art. 113 do CC &#8211; Os neg\u00f3cios jur\u00eddicos devem ser interpretados conforme a boa-f\u00e9 e os usos do lugar de sua celebra\u00e7\u00e3o.<\/em>&nbsp;<\/p>\n\n\n\n<p><strong>Interpreta\u00e7\u00e3o restritiva dos neg\u00f3cios ben\u00e9ficos<\/strong>&nbsp;<\/p>\n\n\n\n<p>O art. 114 do CC trata dos neg\u00f3cios ben\u00e9ficos ou gratuitos, ou seja, quando apenas um dos contratantes assume obriga\u00e7\u00f5es. Um exemplo cl\u00e1ssico \u00e9 a doa\u00e7\u00e3o que, por representar uma ren\u00fancia de direitos, deve ser interpretada estritamente.&nbsp;<\/p>\n\n\n\n<p>Art. 114 do CC &#8211; Os neg\u00f3cios jur\u00eddicos ben\u00e9ficos e a ren\u00fancia interpretam-se estritamente.&nbsp;<\/p>\n\n\n\n<p>Existem ainda outros artigos espalhados pelo C\u00f3digo Civil e pela Legisla\u00e7\u00e3o Especial que estabelecem regras de interpreta\u00e7\u00e3o, mas esses s\u00e3o os principais.&nbsp;<\/p>\n\n\n\n<h2 class=\"wp-block-heading\" id=\"h-trt-mg-atos-juridicos-reserva-mental\">TRT MG: Atos Jur\u00eddicos &#8211; Reserva mental&nbsp;<\/h2>\n\n\n\n<p>A&nbsp;<strong>reserva mental<\/strong>&nbsp;representa a emiss\u00e3o de uma declara\u00e7\u00e3o de vontade n\u00e3o desejada em seu conte\u00fado, tampouco em seu resultado, pois o declarante tem por \u00fanico objetivo enganar o declarat\u00e1rio. Assim, trata-se de um<strong>&nbsp;inadimplemento premeditado<\/strong>. Dessa forma, o assunto \u00e9 tratado no art. 110 do CC.&nbsp;<\/p>\n\n\n\n<p>Art. 110 do CC &#8211; A manifesta\u00e7\u00e3o de vontade subsiste ainda que o seu autor tenha feito a reserva mental de n\u00e3o querer o que manifestou,&nbsp;salvo se dela o destinat\u00e1rio tinha conhecimento.&nbsp;<\/p>\n\n\n\n<p>De acordo com o dispositivo legal em quest\u00e3o, duas situa\u00e7\u00f5es podem ocorrer:&nbsp;<\/p>\n\n\n\n<p>1.&nbsp;<strong>Reserva mental l\u00edcita<\/strong>: \u00e9 a reserva mental&nbsp;<strong>desconhecida<\/strong>&nbsp;pelo destinat\u00e1rio, onde o<strong>&nbsp;ato negocial subsistir\u00e1<\/strong>&nbsp;e o contratante dever\u00e1 cumprir a obriga\u00e7\u00e3o assumida; e&nbsp;<\/p>\n\n\n\n<p>2.<strong>&nbsp;Reserva mental il\u00edcita<\/strong>: \u00e9 a reserva mental&nbsp;<strong>conhecida<\/strong>&nbsp;pelo destinat\u00e1rio, ou seja, o destinat\u00e1rio sabe do inadimplemento premeditado por parte do contratante. Neste caso&nbsp;<strong>ocorre a invalidade do neg\u00f3cio jur\u00eddico<\/strong>.<\/p>\n\n\n\n<h2 class=\"wp-block-heading\" id=\"h-erro-ou-ignorancia\">Erro ou ignor\u00e2ncia&nbsp;&nbsp;<\/h2>\n\n\n\n<p>O erro ou ignor\u00e2ncia \u00e9 a no\u00e7\u00e3o falsa acerca de um objeto ou de determinada pessoa. Ocorre o erro quando o agente se engana sobre alguma&nbsp;coisa.<\/p>\n\n\n\n<p>Assim, como exemplo, tem-se a pessoa que compra um rel\u00f3gio dourado, supondo que \u00e9 de ouro. Para acarretar a anula\u00e7\u00e3o do neg\u00f3cio jur\u00eddico, o erro deve ser substancial.&nbsp;<\/p>\n\n\n\n<p>Art. 138 do CC &#8211; S\u00e3o&nbsp;anul\u00e1veis&nbsp;os neg\u00f3cios jur\u00eddicos, quando as declara\u00e7\u00f5es de vontade emanarem de&nbsp;erro substancial&nbsp;que poderia ser&nbsp;percebido por pessoa de dilig\u00eancia normal, em face das circunst\u00e2ncias do neg\u00f3cio.&nbsp;<\/p>\n\n\n\n<p>O&nbsp;<strong>erro substancial<\/strong>&nbsp;\u00e9 aquele de tal import\u00e2ncia que, se fosse conhecida a verdade, o consentimento n\u00e3o se externaria. Ou seja, funciona como raz\u00e3o determinante para a realiza\u00e7\u00e3o do neg\u00f3cio jur\u00eddico e, por isso, \u00e9&nbsp;<strong>causa de anulabilidade<\/strong>.<\/p>\n\n\n\n<p>Dessa forma, diferente \u00e9 o&nbsp;<strong>erro acidental<\/strong>, onde se fosse conhecida a verdade, ainda assim o ato negocial se realizaria, embora de maneira menos onerosa. Assim, o erro acidental&nbsp;<strong>n\u00e3o provocar\u00e1 a anula\u00e7\u00e3o<\/strong>&nbsp;do neg\u00f3cio jur\u00eddico.&nbsp;<\/p>\n\n\n\n<p>Concluindo este artigo, pode-se afirmar que foram trazidas as regras doutrin\u00e1rias mais importantes de forma conjunta com os artigos do C\u00f3digo Civil.<\/p>\n\n\n\n<p>Assim, foque em saber n\u00e3o s\u00f3 os conceitos, mas tamb\u00e9m na leitura dos dispositivos do C\u00f3digo Civil. Um abra\u00e7o e bons estudos!<\/p>\n\n\n\n<p>Felipe Rocha<\/p>\n\n\n\n<p>@ffazro<\/p>\n\n\n\n<h2 class=\"has-text-align-center wp-embed-aspect-16-9 wp-has-aspect-ratio wp-block-heading\" id=\"h-cursos-e-assinaturas\">Cursos e Assinaturas <\/h2>\n\n\n\n<p class=\"wp-embed-aspect-16-9 wp-has-aspect-ratio\">Prepare-se com o melhor material e com quem mais aprova em Concursos P\u00fablicos em todo o pa\u00eds!<\/p>\n\n\n\n<p class=\"has-text-align-center wp-embed-aspect-16-9 wp-has-aspect-ratio has-white-color has-vivid-purple-background-color has-text-color has-background\"><a href=\"https:\/\/www.estrategiaconcursos.com.br\/blog\/concursos-abertos\/\" target=\"_blank\" rel=\"noreferrer noopener\"><strong>Concursos abertos<\/strong><\/a><\/p>\n\n\n\n<p class=\"has-text-align-center wp-embed-aspect-16-9 wp-has-aspect-ratio has-white-color has-vivid-purple-background-color has-text-color has-background\"><strong><a href=\"https:\/\/www.estrategiaconcursos.com.br\/blog\/concursos-2022\/\" target=\"_blank\" rel=\"noreferrer noopener\">Concursos 2022<\/a><\/strong><\/p>\n","protected":false},"excerpt":{"rendered":"<p>TRT MG: Atos Jur\u00eddicos<\/p>\n","protected":false},"author":1462,"featured_media":1092857,"comment_status":"open","ping_status":"closed","sticky":false,"template":"","format":"standard","meta":{"post_tipo":"article","footnotes":""},"categories":[1984],"tags":[221158,577,220716],"tax_estado":[219974],"class_list":["post-1092843","post","type-post","status-publish","format-standard","has-post-thumbnail","hentry","category-tribunais","tag-atos-juridicos","tag-direito-civil","tag-edital-trt-mg","tax_estado-mg"],"acf":[],"yoast_head":"<!-- This site is optimized with the Yoast SEO Premium plugin v27.2 (Yoast SEO v27.2) - https:\/\/yoast.com\/product\/yoast-seo-premium-wordpress\/ -->\n<title>TRT MG: Atos Jur\u00eddicos<\/title>\n<meta name=\"description\" content=\"TRT MG: Atos Jur\u00eddicos. Tribunal Regional do Trabalho. Direito Civil. Atos Jur\u00eddicos. \u00c1rea Trabalhista. Minas Gerais.\" \/>\n<meta name=\"robots\" content=\"index, follow, max-snippet:-1, max-image-preview:large, max-video-preview:-1\" \/>\n<link rel=\"canonical\" href=\"https:\/\/www.estrategiaconcursos.com.br\/blog\/trt-mg-atos-juridicos\/\" \/>\n<meta property=\"og:locale\" content=\"pt_BR\" \/>\n<meta property=\"og:type\" content=\"article\" \/>\n<meta property=\"og:title\" content=\"TRT MG: Atos Jur\u00eddicos\" \/>\n<meta property=\"og:description\" content=\"TRT MG: Atos Jur\u00eddicos. Tribunal Regional do Trabalho. Direito Civil. Atos Jur\u00eddicos. \u00c1rea Trabalhista. Minas Gerais.\" \/>\n<meta property=\"og:url\" content=\"https:\/\/www.estrategiaconcursos.com.br\/blog\/trt-mg-atos-juridicos\/\" \/>\n<meta property=\"og:site_name\" content=\"Estrat\u00e9gia Concursos\" \/>\n<meta property=\"article:published_time\" content=\"2022-09-30T13:23:00+00:00\" \/>\n<meta property=\"og:image\" content=\"https:\/\/dhg1h5j42swfq.cloudfront.net\/2022\/09\/12095141\/trt-mg.png\" \/>\n\t<meta property=\"og:image:width\" content=\"222\" \/>\n\t<meta property=\"og:image:height\" content=\"227\" \/>\n\t<meta property=\"og:image:type\" content=\"image\/png\" \/>\n<meta name=\"author\" content=\"Felipe Fernando Azevedo da Rocha\" \/>\n<meta name=\"twitter:card\" content=\"summary_large_image\" \/>\n<meta name=\"twitter:creator\" content=\"@EstratConcursos\" \/>\n<meta name=\"twitter:site\" content=\"@EstratConcursos\" \/>\n<meta name=\"twitter:label1\" content=\"Escrito por\" \/>\n\t<meta name=\"twitter:data1\" content=\"Felipe Fernando Azevedo da Rocha\" \/>\n\t<meta name=\"twitter:label2\" content=\"Est. tempo de leitura\" \/>\n\t<meta name=\"twitter:data2\" content=\"6 minutos\" \/>\n<script type=\"application\/ld+json\" class=\"yoast-schema-graph\">{\"@context\":\"https:\/\/schema.org\",\"@graph\":[{\"@type\":\"NewsArticle\",\"@id\":\"https:\/\/www.estrategiaconcursos.com.br\/blog\/trt-mg-atos-juridicos\/#article\",\"isPartOf\":{\"@id\":\"https:\/\/www.estrategiaconcursos.com.br\/blog\/trt-mg-atos-juridicos\/\"},\"author\":{\"name\":\"Felipe Fernando Azevedo da Rocha\",\"@id\":\"https:\/\/www.estrategiaconcursos.com.br\/blog\/#\/schema\/person\/425ec856669a603120a09fed3a635808\"},\"headline\":\"TRT MG: Atos Jur\u00eddicos\",\"datePublished\":\"2022-09-30T13:23:00+00:00\",\"mainEntityOfPage\":{\"@id\":\"https:\/\/www.estrategiaconcursos.com.br\/blog\/trt-mg-atos-juridicos\/\"},\"wordCount\":1257,\"commentCount\":0,\"publisher\":{\"@id\":\"https:\/\/www.estrategiaconcursos.com.br\/blog\/#organization\"},\"image\":{\"@id\":\"https:\/\/www.estrategiaconcursos.com.br\/blog\/trt-mg-atos-juridicos\/#primaryimage\"},\"thumbnailUrl\":\"https:\/\/dhg1h5j42swfq.cloudfront.net\/2022\/09\/12095141\/trt-mg.png\",\"keywords\":[\"Atos Jur\u00eddicos\",\"Direito Civil\",\"edital TRT MG\"],\"articleSection\":[\"Tribunais\"],\"inLanguage\":\"pt-BR\",\"potentialAction\":[{\"@type\":\"CommentAction\",\"name\":\"Comment\",\"target\":[\"https:\/\/www.estrategiaconcursos.com.br\/blog\/trt-mg-atos-juridicos\/#respond\"]}],\"copyrightYear\":\"2022\",\"copyrightHolder\":{\"@id\":\"https:\/\/www.estrategiaconcursos.com.br\/blog\/#organization\"}},{\"@type\":\"WebPage\",\"@id\":\"https:\/\/www.estrategiaconcursos.com.br\/blog\/trt-mg-atos-juridicos\/\",\"url\":\"https:\/\/www.estrategiaconcursos.com.br\/blog\/trt-mg-atos-juridicos\/\",\"name\":\"TRT MG: Atos Jur\u00eddicos\",\"isPartOf\":{\"@id\":\"https:\/\/www.estrategiaconcursos.com.br\/blog\/#website\"},\"primaryImageOfPage\":{\"@id\":\"https:\/\/www.estrategiaconcursos.com.br\/blog\/trt-mg-atos-juridicos\/#primaryimage\"},\"image\":{\"@id\":\"https:\/\/www.estrategiaconcursos.com.br\/blog\/trt-mg-atos-juridicos\/#primaryimage\"},\"thumbnailUrl\":\"https:\/\/dhg1h5j42swfq.cloudfront.net\/2022\/09\/12095141\/trt-mg.png\",\"datePublished\":\"2022-09-30T13:23:00+00:00\",\"description\":\"TRT MG: Atos Jur\u00eddicos. Tribunal Regional do Trabalho. Direito Civil. Atos Jur\u00eddicos. \u00c1rea Trabalhista. Minas Gerais.\",\"breadcrumb\":{\"@id\":\"https:\/\/www.estrategiaconcursos.com.br\/blog\/trt-mg-atos-juridicos\/#breadcrumb\"},\"inLanguage\":\"pt-BR\",\"potentialAction\":[{\"@type\":\"ReadAction\",\"target\":[\"https:\/\/www.estrategiaconcursos.com.br\/blog\/trt-mg-atos-juridicos\/\"]}]},{\"@type\":\"ImageObject\",\"inLanguage\":\"pt-BR\",\"@id\":\"https:\/\/www.estrategiaconcursos.com.br\/blog\/trt-mg-atos-juridicos\/#primaryimage\",\"url\":\"https:\/\/dhg1h5j42swfq.cloudfront.net\/2022\/09\/12095141\/trt-mg.png\",\"contentUrl\":\"https:\/\/dhg1h5j42swfq.cloudfront.net\/2022\/09\/12095141\/trt-mg.png\",\"width\":222,\"height\":227,\"caption\":\"TRT MG: Atos Jur\u00eddicos\"},{\"@type\":\"BreadcrumbList\",\"@id\":\"https:\/\/www.estrategiaconcursos.com.br\/blog\/trt-mg-atos-juridicos\/#breadcrumb\",\"itemListElement\":[{\"@type\":\"ListItem\",\"position\":1,\"name\":\"In\u00edcio\",\"item\":\"https:\/\/www.estrategiaconcursos.com.br\/blog\/\"},{\"@type\":\"ListItem\",\"position\":2,\"name\":\"TRT MG: Atos Jur\u00eddicos\"}]},{\"@type\":\"WebSite\",\"@id\":\"https:\/\/www.estrategiaconcursos.com.br\/blog\/#website\",\"url\":\"https:\/\/www.estrategiaconcursos.com.br\/blog\/\",\"name\":\"Estrat\u00e9gia Concursos\",\"description\":\"O blog da Estrat\u00e9gia Concursos traz not\u00edcias sobre concursos e artigos de professores oferecendo cursos para concursos (pdf + videaulas) no site.\",\"publisher\":{\"@id\":\"https:\/\/www.estrategiaconcursos.com.br\/blog\/#organization\"},\"potentialAction\":[{\"@type\":\"SearchAction\",\"target\":{\"@type\":\"EntryPoint\",\"urlTemplate\":\"https:\/\/www.estrategiaconcursos.com.br\/blog\/?s={search_term_string}\"},\"query-input\":{\"@type\":\"PropertyValueSpecification\",\"valueRequired\":true,\"valueName\":\"search_term_string\"}}],\"inLanguage\":\"pt-BR\"},{\"@type\":\"Organization\",\"@id\":\"https:\/\/www.estrategiaconcursos.com.br\/blog\/#organization\",\"name\":\"Estrat\u00e9gia Concursos\",\"url\":\"https:\/\/www.estrategiaconcursos.com.br\/blog\/\",\"logo\":{\"@type\":\"ImageObject\",\"inLanguage\":\"pt-BR\",\"@id\":\"https:\/\/www.estrategiaconcursos.com.br\/blog\/#\/schema\/logo\/image\/\",\"url\":\"https:\/\/dhg1h5j42swfq.cloudfront.net\/2025\/06\/03203428\/logo_concursos-1.jpg\",\"contentUrl\":\"https:\/\/dhg1h5j42swfq.cloudfront.net\/2025\/06\/03203428\/logo_concursos-1.jpg\",\"width\":230,\"height\":60,\"caption\":\"Estrat\u00e9gia Concursos\"},\"image\":{\"@id\":\"https:\/\/www.estrategiaconcursos.com.br\/blog\/#\/schema\/logo\/image\/\"},\"sameAs\":[\"https:\/\/x.com\/EstratConcursos\"]},{\"@type\":\"Person\",\"@id\":\"https:\/\/www.estrategiaconcursos.com.br\/blog\/#\/schema\/person\/425ec856669a603120a09fed3a635808\",\"name\":\"Felipe Fernando Azevedo da Rocha\",\"image\":{\"@type\":\"ImageObject\",\"inLanguage\":\"pt-BR\",\"@id\":\"https:\/\/secure.gravatar.com\/avatar\/44e78a4aab2c02a437a87a334aee9a4ea82ca0e4757c2747232497482cfe5ba2?s=96&d=mm&r=g\",\"url\":\"https:\/\/secure.gravatar.com\/avatar\/44e78a4aab2c02a437a87a334aee9a4ea82ca0e4757c2747232497482cfe5ba2?s=96&d=mm&r=g\",\"contentUrl\":\"https:\/\/secure.gravatar.com\/avatar\/44e78a4aab2c02a437a87a334aee9a4ea82ca0e4757c2747232497482cfe5ba2?s=96&d=mm&r=g\",\"caption\":\"Felipe Fernando Azevedo da Rocha\"},\"description\":\"Auditor de Finan\u00e7as da SEFAZ BA. P\u00f3s-Graduado em Direito Tribut\u00e1rio\",\"url\":\"https:\/\/www.estrategiaconcursos.com.br\/blog\/author\/felipeazrogmail-com\/\"}]}<\/script>\n<!-- \/ Yoast SEO Premium plugin. -->","yoast_head_json":{"title":"TRT MG: Atos Jur\u00eddicos","description":"TRT MG: Atos Jur\u00eddicos. Tribunal Regional do Trabalho. Direito Civil. Atos Jur\u00eddicos. \u00c1rea Trabalhista. Minas Gerais.","robots":{"index":"index","follow":"follow","max-snippet":"max-snippet:-1","max-image-preview":"max-image-preview:large","max-video-preview":"max-video-preview:-1"},"canonical":"https:\/\/www.estrategiaconcursos.com.br\/blog\/trt-mg-atos-juridicos\/","og_locale":"pt_BR","og_type":"article","og_title":"TRT MG: Atos Jur\u00eddicos","og_description":"TRT MG: Atos Jur\u00eddicos. Tribunal Regional do Trabalho. Direito Civil. Atos Jur\u00eddicos. \u00c1rea Trabalhista. Minas Gerais.","og_url":"https:\/\/www.estrategiaconcursos.com.br\/blog\/trt-mg-atos-juridicos\/","og_site_name":"Estrat\u00e9gia Concursos","article_published_time":"2022-09-30T13:23:00+00:00","og_image":[{"width":222,"height":227,"url":"https:\/\/dhg1h5j42swfq.cloudfront.net\/2022\/09\/12095141\/trt-mg.png","type":"image\/png"}],"author":"Felipe Fernando Azevedo da Rocha","twitter_card":"summary_large_image","twitter_creator":"@EstratConcursos","twitter_site":"@EstratConcursos","twitter_misc":{"Escrito por":"Felipe Fernando Azevedo da Rocha","Est. tempo de leitura":"6 minutos"},"schema":{"@context":"https:\/\/schema.org","@graph":[{"@type":"NewsArticle","@id":"https:\/\/www.estrategiaconcursos.com.br\/blog\/trt-mg-atos-juridicos\/#article","isPartOf":{"@id":"https:\/\/www.estrategiaconcursos.com.br\/blog\/trt-mg-atos-juridicos\/"},"author":{"name":"Felipe Fernando Azevedo da Rocha","@id":"https:\/\/www.estrategiaconcursos.com.br\/blog\/#\/schema\/person\/425ec856669a603120a09fed3a635808"},"headline":"TRT MG: Atos Jur\u00eddicos","datePublished":"2022-09-30T13:23:00+00:00","mainEntityOfPage":{"@id":"https:\/\/www.estrategiaconcursos.com.br\/blog\/trt-mg-atos-juridicos\/"},"wordCount":1257,"commentCount":0,"publisher":{"@id":"https:\/\/www.estrategiaconcursos.com.br\/blog\/#organization"},"image":{"@id":"https:\/\/www.estrategiaconcursos.com.br\/blog\/trt-mg-atos-juridicos\/#primaryimage"},"thumbnailUrl":"https:\/\/dhg1h5j42swfq.cloudfront.net\/2022\/09\/12095141\/trt-mg.png","keywords":["Atos Jur\u00eddicos","Direito Civil","edital TRT MG"],"articleSection":["Tribunais"],"inLanguage":"pt-BR","potentialAction":[{"@type":"CommentAction","name":"Comment","target":["https:\/\/www.estrategiaconcursos.com.br\/blog\/trt-mg-atos-juridicos\/#respond"]}],"copyrightYear":"2022","copyrightHolder":{"@id":"https:\/\/www.estrategiaconcursos.com.br\/blog\/#organization"}},{"@type":"WebPage","@id":"https:\/\/www.estrategiaconcursos.com.br\/blog\/trt-mg-atos-juridicos\/","url":"https:\/\/www.estrategiaconcursos.com.br\/blog\/trt-mg-atos-juridicos\/","name":"TRT MG: Atos Jur\u00eddicos","isPartOf":{"@id":"https:\/\/www.estrategiaconcursos.com.br\/blog\/#website"},"primaryImageOfPage":{"@id":"https:\/\/www.estrategiaconcursos.com.br\/blog\/trt-mg-atos-juridicos\/#primaryimage"},"image":{"@id":"https:\/\/www.estrategiaconcursos.com.br\/blog\/trt-mg-atos-juridicos\/#primaryimage"},"thumbnailUrl":"https:\/\/dhg1h5j42swfq.cloudfront.net\/2022\/09\/12095141\/trt-mg.png","datePublished":"2022-09-30T13:23:00+00:00","description":"TRT MG: Atos Jur\u00eddicos. Tribunal Regional do Trabalho. Direito Civil. Atos Jur\u00eddicos. \u00c1rea Trabalhista. Minas Gerais.","breadcrumb":{"@id":"https:\/\/www.estrategiaconcursos.com.br\/blog\/trt-mg-atos-juridicos\/#breadcrumb"},"inLanguage":"pt-BR","potentialAction":[{"@type":"ReadAction","target":["https:\/\/www.estrategiaconcursos.com.br\/blog\/trt-mg-atos-juridicos\/"]}]},{"@type":"ImageObject","inLanguage":"pt-BR","@id":"https:\/\/www.estrategiaconcursos.com.br\/blog\/trt-mg-atos-juridicos\/#primaryimage","url":"https:\/\/dhg1h5j42swfq.cloudfront.net\/2022\/09\/12095141\/trt-mg.png","contentUrl":"https:\/\/dhg1h5j42swfq.cloudfront.net\/2022\/09\/12095141\/trt-mg.png","width":222,"height":227,"caption":"TRT MG: Atos Jur\u00eddicos"},{"@type":"BreadcrumbList","@id":"https:\/\/www.estrategiaconcursos.com.br\/blog\/trt-mg-atos-juridicos\/#breadcrumb","itemListElement":[{"@type":"ListItem","position":1,"name":"In\u00edcio","item":"https:\/\/www.estrategiaconcursos.com.br\/blog\/"},{"@type":"ListItem","position":2,"name":"TRT MG: Atos Jur\u00eddicos"}]},{"@type":"WebSite","@id":"https:\/\/www.estrategiaconcursos.com.br\/blog\/#website","url":"https:\/\/www.estrategiaconcursos.com.br\/blog\/","name":"Estrat\u00e9gia Concursos","description":"O blog da Estrat\u00e9gia Concursos traz not\u00edcias sobre concursos e artigos de professores oferecendo cursos para concursos (pdf + videaulas) no site.","publisher":{"@id":"https:\/\/www.estrategiaconcursos.com.br\/blog\/#organization"},"potentialAction":[{"@type":"SearchAction","target":{"@type":"EntryPoint","urlTemplate":"https:\/\/www.estrategiaconcursos.com.br\/blog\/?s={search_term_string}"},"query-input":{"@type":"PropertyValueSpecification","valueRequired":true,"valueName":"search_term_string"}}],"inLanguage":"pt-BR"},{"@type":"Organization","@id":"https:\/\/www.estrategiaconcursos.com.br\/blog\/#organization","name":"Estrat\u00e9gia Concursos","url":"https:\/\/www.estrategiaconcursos.com.br\/blog\/","logo":{"@type":"ImageObject","inLanguage":"pt-BR","@id":"https:\/\/www.estrategiaconcursos.com.br\/blog\/#\/schema\/logo\/image\/","url":"https:\/\/dhg1h5j42swfq.cloudfront.net\/2025\/06\/03203428\/logo_concursos-1.jpg","contentUrl":"https:\/\/dhg1h5j42swfq.cloudfront.net\/2025\/06\/03203428\/logo_concursos-1.jpg","width":230,"height":60,"caption":"Estrat\u00e9gia Concursos"},"image":{"@id":"https:\/\/www.estrategiaconcursos.com.br\/blog\/#\/schema\/logo\/image\/"},"sameAs":["https:\/\/x.com\/EstratConcursos"]},{"@type":"Person","@id":"https:\/\/www.estrategiaconcursos.com.br\/blog\/#\/schema\/person\/425ec856669a603120a09fed3a635808","name":"Felipe Fernando Azevedo da Rocha","image":{"@type":"ImageObject","inLanguage":"pt-BR","@id":"https:\/\/secure.gravatar.com\/avatar\/44e78a4aab2c02a437a87a334aee9a4ea82ca0e4757c2747232497482cfe5ba2?s=96&d=mm&r=g","url":"https:\/\/secure.gravatar.com\/avatar\/44e78a4aab2c02a437a87a334aee9a4ea82ca0e4757c2747232497482cfe5ba2?s=96&d=mm&r=g","contentUrl":"https:\/\/secure.gravatar.com\/avatar\/44e78a4aab2c02a437a87a334aee9a4ea82ca0e4757c2747232497482cfe5ba2?s=96&d=mm&r=g","caption":"Felipe Fernando Azevedo da Rocha"},"description":"Auditor de Finan\u00e7as da SEFAZ BA. P\u00f3s-Graduado em Direito Tribut\u00e1rio","url":"https:\/\/www.estrategiaconcursos.com.br\/blog\/author\/felipeazrogmail-com\/"}]}},"_links":{"self":[{"href":"https:\/\/www.estrategiaconcursos.com.br\/blog\/wp-json\/wp\/v2\/posts\/1092843","targetHints":{"allow":["GET"]}}],"collection":[{"href":"https:\/\/www.estrategiaconcursos.com.br\/blog\/wp-json\/wp\/v2\/posts"}],"about":[{"href":"https:\/\/www.estrategiaconcursos.com.br\/blog\/wp-json\/wp\/v2\/types\/post"}],"author":[{"embeddable":true,"href":"https:\/\/www.estrategiaconcursos.com.br\/blog\/wp-json\/wp\/v2\/users\/1462"}],"replies":[{"embeddable":true,"href":"https:\/\/www.estrategiaconcursos.com.br\/blog\/wp-json\/wp\/v2\/comments?post=1092843"}],"version-history":[{"count":3,"href":"https:\/\/www.estrategiaconcursos.com.br\/blog\/wp-json\/wp\/v2\/posts\/1092843\/revisions"}],"predecessor-version":[{"id":1093015,"href":"https:\/\/www.estrategiaconcursos.com.br\/blog\/wp-json\/wp\/v2\/posts\/1092843\/revisions\/1093015"}],"wp:featuredmedia":[{"embeddable":true,"href":"https:\/\/www.estrategiaconcursos.com.br\/blog\/wp-json\/wp\/v2\/media\/1092857"}],"wp:attachment":[{"href":"https:\/\/www.estrategiaconcursos.com.br\/blog\/wp-json\/wp\/v2\/media?parent=1092843"}],"wp:term":[{"taxonomy":"category","embeddable":true,"href":"https:\/\/www.estrategiaconcursos.com.br\/blog\/wp-json\/wp\/v2\/categories?post=1092843"},{"taxonomy":"post_tag","embeddable":true,"href":"https:\/\/www.estrategiaconcursos.com.br\/blog\/wp-json\/wp\/v2\/tags?post=1092843"},{"taxonomy":"tax_estado","embeddable":true,"href":"https:\/\/www.estrategiaconcursos.com.br\/blog\/wp-json\/wp\/v2\/tax_estado?post=1092843"}],"curies":[{"name":"wp","href":"https:\/\/api.w.org\/{rel}","templated":true}]}}