{"id":1092790,"date":"2022-09-12T09:03:42","date_gmt":"2022-09-12T12:03:42","guid":{"rendered":"https:\/\/www.estrategiaconcursos.com.br\/blog\/?p=1092790"},"modified":"2022-09-12T09:03:44","modified_gmt":"2022-09-12T12:03:44","slug":"concurso-tcu-programa-de-formacao","status":"publish","type":"post","link":"https:\/\/www.estrategiaconcursos.com.br\/blog\/concurso-tcu-programa-de-formacao\/","title":{"rendered":"Concurso TCU: confira os detalhes do Programa de Forma\u00e7\u00e3o"},"content":{"rendered":"\n<p>Foi divulgado no Di\u00e1rio Oficial da Uni\u00e3o desta segunda-feira, 12 de setembro, a convoca\u00e7\u00e3o (primeira chamada) dos candidatos aprovados para o <strong>Programa de Forma\u00e7\u00e3o do concurso TCU<\/strong>, segunda etapa da sele\u00e7\u00e3o.<\/p>\n\n\n\n<p>Segundo o documento, os convocados dever\u00e3o realizar a <strong>matr\u00edcula <\/strong>ainda esta semana, caso contr\u00e1rio, ser\u00e3o automaticamente eliminados do certame. Confira mais detalhes sobre a etapa ao longo do artigo.<\/p>\n\n\n\n<ul class=\"wp-block-list\"><li><strong><em><a href=\"https:\/\/www.in.gov.br\/web\/dou\/-\/edital-tcu-n-4-aufc\/2021-de-9-de-setembro-de-2022-428549483\" target=\"_blank\" rel=\"noreferrer noopener\">Convoca\u00e7\u00e3o para o Programa\u00e7\u00e3o de Forma\u00e7\u00e3o<\/a><\/em><\/strong><\/li><\/ul>\n\n\n\n<h3 class=\"wp-block-heading\">Concurso TCU: matr\u00edcula no Programa de Forma\u00e7\u00e3o<\/h3>\n\n\n\n<p>Ser\u00e1 admitida a\u00a0<strong>matr\u00edcula<\/strong>\u00a0para a primeira convoca\u00e7\u00e3o, no per\u00edodo das 10h do dia 14 \u00e0s 18h do dia 16 de setembro, em link espec\u00edfico a ser divulgado no site da Funda\u00e7\u00e3o Get\u00falio Vargas &#8211; <strong>FGV<\/strong>.<\/p>\n\n\n\n<p>O candidato que deixar de efetuar a matr\u00edcula, n\u00e3o comparecer ao\u00a0Programa de Forma\u00e7\u00e3o\u00a0desde o in\u00edcio, dele se afastar, ou n\u00e3o satisfizer os demais requisitos legais, regulamentares e\/ou regimentais,\u00a0<strong>ser\u00e1 reprovado e, consequentemente, eliminado do concurso<\/strong> <strong>TCU<\/strong>.<\/p>\n\n\n\n<h3 class=\"wp-block-heading\">Concurso TCU: cronograma do Programa de Forma\u00e7\u00e3o<\/h3>\n\n\n\n<p>O Programa de Forma\u00e7\u00e3o ocorrer\u00e1 no per\u00edodo previsto de <strong>03 de outubro a 1\u00ba de novembro de 2022<\/strong>, em Bras\u00edlia-DF em sua maior parte no Instituto Serzedello Corr\u00eaa (Setor de Clubes Esportivos Sul &#8211; SCES, Trecho 3, Polo 8, Lote 3, Bras\u00edlia\/DF).<\/p>\n\n\n\n<ul class=\"has-background wp-block-list\" style=\"background-color:#ededed\"><li><strong>Per\u00edodo de matr\u00edcula:<\/strong> 14 a 16\/09\/2022<\/li><li><strong>Per\u00edodo do Programa de Forma\u00e7\u00e3o:<\/strong> 03\/10 a 01\/11\/2022<\/li><\/ul>\n\n\n\n<h3 class=\"wp-block-heading\">Concurso TCU: sobre o Programa de Forma\u00e7\u00e3o<\/h3>\n\n\n\n<p>O Programa de Forma\u00e7\u00e3o ter\u00e1 a dura\u00e7\u00e3o m\u00ednima prevista de 120 horas, podendo ser ministrado aos s\u00e1bados, domingos e feriados e, ainda, em hor\u00e1rio noturno.<\/p>\n\n\n\n<p>O desempenho do candidato em cada disciplina ser\u00e1 aferido com base nas notas obtidas nas provas e atividades realizadas, que podem variar de zero a 100,00 pontos.<\/p>\n\n\n\n<p>A aprova\u00e7\u00e3o no Programa requer desempenho m\u00e9dio geral igual ou superior a&nbsp;<strong>60,00 pontos<\/strong>&nbsp;e desempenho em cada disciplina em que houver avalia\u00e7\u00e3o de rendimento igual ou superior a&nbsp;<strong>50,00 pontos<\/strong>, al\u00e9m de&nbsp;<strong>presen\u00e7a m\u00ednima de 75%<\/strong>&nbsp;em cada uma das disciplinas ministradas.<\/p>\n\n\n\n<p>O candidato far\u00e1 jus a<strong>\u00a0aux\u00edlio financeiro<\/strong>, na forma da legisla\u00e7\u00e3o vigente \u00e0 \u00e9poca de sua realiza\u00e7\u00e3o, sobre o qual incidir\u00e3o os descontos legais, ressalvado o direito de optar pela percep\u00e7\u00e3o do vencimento e das vantagens do cargo efetivo.<\/p>\n\n\n\n<hr class=\"wp-block-separator has-alpha-channel-opacity\"\/>\n\n\n\n<p class=\"has-text-align-center\"><em>Para ficar por dentro de todas as informa\u00e7\u00f5es sobre o concurso TCU, n\u00e3o deixe de conferir nosso artigo completo sobre a sele\u00e7\u00e3o:<\/em><\/p>\n\n\n\n<p class=\"has-text-align-center has-background has-medium-font-size\" style=\"background-color:#e9ebed\"><strong>Mais informa\u00e7\u00f5es: <a href=\"https:\/\/www.estrategiaconcursos.com.br\/blog\/concurso-tcu\/\" target=\"_blank\" rel=\"noreferrer noopener\">TCU<\/a><\/strong><\/p>\n\n\n\n<p class=\"has-text-align-center has-luminous-vivid-amber-background-color has-background\">Das 20 vagas imediatas ofertadas,\u00a0<strong>17 foram garantidas por nossos alunos (85%)<\/strong>.<br \/>E n\u00e3o \u00e9 s\u00f3 isso, dos 10 primeiros, 9 estudaram conosco, incluindo a\u00a0<strong>primeir\u00edssima<\/strong>\u00a0colocada.<\/p>\n\n\n\n<div id=\"boxes\" class=\"container\">\n<div class=\"row\">\n<div class=\"col-sm\">\n<div id=\"box-assinatura\" class=\"banner-tcu\">\n<h3 class=\"titulo-assinatura\">Concurso TCU<\/h3>\n<p class=\"subtitulo-assinatura\">Conhe\u00e7a os cursos<\/p>\n<div class=\"box-botao\"><a class=\"btn-assinatura\" role=\"button\" href=\"https:\/\/www.estrategiaconcursos.com.br\/cursosPorConcurso\/tcu-tecnico-federal-de-controle-externo-66\/\" target=\"_blank\" rel=\"noopener noreferrer\">Conhe\u00e7a mais<\/a><\/div>\n<\/div>\n<\/div>\n<\/div>\n<\/div>\n\n\n\n<div id=\"boxes\" class=\"container\">\n<div class=\"row\">\n<div class=\"col-sm\">\n<div id=\"box-assinatura\" class=\"estrategia\">\n<h3 class=\"titulo-assinatura\">Assinatura Concursos<\/h3>\n<p class=\"subtitulo-assinatura\">Assinatura de 1 ano ou 2 anos<\/p>\n<div class=\"box-botao\"><a class=\"btn-assinatura\" role=\"button\" href=\"https:\/\/www.estrategiaconcursos.com.br\/assinaturas\/\" target=\"_blank\" rel=\"noopener noreferrer\">ASSINE AGORA<\/a><\/div>\n<\/div><\/div><\/div><\/div>\n\n\n\n<h2 class=\"has-text-align-center wp-block-heading\" id=\"h-quer-saber-tudo-sobre-concursos-previstos-confira-nossos-artigos\">Quer saber tudo sobre concursos previstos?<br \/>Confira nossos artigos!<\/h2>\n\n\n\n<ul class=\"wp-block-list\"><li><a href=\"https:\/\/www.estrategiaconcursos.com.br\/blog\/concursos-abertos\/\" target=\"_blank\" rel=\"noreferrer noopener\">Concursos Abertos<\/a><\/li><li><a href=\"https:\/\/www.estrategiaconcursos.com.br\/blog\/concursos-controle-2022\/\" target=\"_blank\" rel=\"noreferrer noopener\">Concursos Controle<\/a><\/li><li><a href=\"https:\/\/www.estrategiaconcursos.com.br\/blog\/concursos-2022\/\" target=\"_blank\" rel=\"noreferrer noopener\">Concursos 2022<\/a><\/li><li><a href=\"https:\/\/www.estrategiaconcursos.com.br\/blog\/concursos-2023\/\" target=\"_blank\" rel=\"noreferrer noopener\">Concursos 2023<\/a><\/li><\/ul>\n","protected":false},"excerpt":{"rendered":"<p>Foi divulgado no Di\u00e1rio Oficial da Uni\u00e3o desta segunda-feira, 12 de setembro, a convoca\u00e7\u00e3o (primeira chamada) dos candidatos aprovados para o Programa de Forma\u00e7\u00e3o do concurso TCU, segunda etapa da sele\u00e7\u00e3o. Segundo o documento, os convocados dever\u00e3o realizar a matr\u00edcula ainda esta semana, caso contr\u00e1rio, ser\u00e3o automaticamente eliminados do certame. Confira mais detalhes sobre a [&hellip;]<\/p>\n","protected":false},"author":659,"featured_media":903336,"comment_status":"open","ping_status":"closed","sticky":false,"template":"","format":"standard","meta":{"post_tipo":"news","footnotes":""},"categories":[214710,220219],"tags":[],"tax_estado":[219963],"class_list":["post-1092790","post","type-post","status-publish","format-standard","has-post-thumbnail","hentry","category-tribunais-de-contas","category-noticias","tax_estado-concursos-federais"],"acf":[],"yoast_head":"<!-- This site is optimized with the Yoast SEO Premium plugin v27.2 (Yoast SEO v27.2) - https:\/\/yoast.com\/product\/yoast-seo-premium-wordpress\/ -->\n<title>Concurso TCU: confira os detalhes do Programa de Forma\u00e7\u00e3o<\/title>\n<meta name=\"description\" content=\"Concurso TCU: divulgada a convoca\u00e7\u00e3o dos candidatos aprovados para o Programa\u00e7\u00e3o de Forma\u00e7\u00e3o, segunda etapa do certame.\" \/>\n<meta name=\"robots\" content=\"index, follow, max-snippet:-1, max-image-preview:large, max-video-preview:-1\" \/>\n<link rel=\"canonical\" href=\"https:\/\/www.estrategiaconcursos.com.br\/blog\/concurso-tcu-programa-de-formacao\/\" \/>\n<meta property=\"og:locale\" content=\"pt_BR\" \/>\n<meta property=\"og:type\" content=\"article\" \/>\n<meta property=\"og:title\" content=\"Concurso TCU: confira os detalhes do Programa de Forma\u00e7\u00e3o\" \/>\n<meta property=\"og:description\" content=\"Concurso TCU: divulgada a convoca\u00e7\u00e3o dos candidatos aprovados para o Programa\u00e7\u00e3o de Forma\u00e7\u00e3o, segunda etapa do certame.\" \/>\n<meta property=\"og:url\" content=\"https:\/\/www.estrategiaconcursos.com.br\/blog\/concurso-tcu-programa-de-formacao\/\" \/>\n<meta property=\"og:site_name\" content=\"Estrat\u00e9gia Concursos\" \/>\n<meta property=\"article:published_time\" content=\"2022-09-12T12:03:42+00:00\" \/>\n<meta property=\"article:modified_time\" content=\"2022-09-12T12:03:44+00:00\" \/>\n<meta property=\"og:image\" content=\"https:\/\/dhg1h5j42swfq.cloudfront.net\/2021\/11\/08141609\/tcu.jpg\" \/>\n\t<meta property=\"og:image:width\" content=\"1024\" \/>\n\t<meta property=\"og:image:height\" content=\"536\" \/>\n\t<meta property=\"og:image:type\" content=\"image\/jpeg\" \/>\n<meta name=\"author\" content=\"Camila Leite\" \/>\n<meta name=\"twitter:card\" content=\"summary_large_image\" \/>\n<meta name=\"twitter:creator\" content=\"@EstratConcursos\" \/>\n<meta name=\"twitter:site\" content=\"@EstratConcursos\" \/>\n<meta name=\"twitter:label1\" content=\"Escrito por\" \/>\n\t<meta name=\"twitter:data1\" content=\"Camila Leite\" \/>\n\t<meta name=\"twitter:label2\" content=\"Est. tempo de leitura\" \/>\n\t<meta name=\"twitter:data2\" content=\"2 minutos\" \/>\n<script type=\"application\/ld+json\" class=\"yoast-schema-graph\">{\"@context\":\"https:\/\/schema.org\",\"@graph\":[{\"@type\":\"NewsArticle\",\"@id\":\"https:\/\/www.estrategiaconcursos.com.br\/blog\/concurso-tcu-programa-de-formacao\/#article\",\"isPartOf\":{\"@id\":\"https:\/\/www.estrategiaconcursos.com.br\/blog\/concurso-tcu-programa-de-formacao\/\"},\"author\":{\"name\":\"Camila Leite\",\"@id\":\"https:\/\/www.estrategiaconcursos.com.br\/blog\/#\/schema\/person\/84ecdc6eb58d3cf1689bf76c5cd8fb38\"},\"headline\":\"Concurso TCU: confira os detalhes do Programa de Forma\u00e7\u00e3o\",\"datePublished\":\"2022-09-12T12:03:42+00:00\",\"dateModified\":\"2022-09-12T12:03:44+00:00\",\"mainEntityOfPage\":{\"@id\":\"https:\/\/www.estrategiaconcursos.com.br\/blog\/concurso-tcu-programa-de-formacao\/\"},\"wordCount\":486,\"commentCount\":0,\"publisher\":{\"@id\":\"https:\/\/www.estrategiaconcursos.com.br\/blog\/#organization\"},\"image\":{\"@id\":\"https:\/\/www.estrategiaconcursos.com.br\/blog\/concurso-tcu-programa-de-formacao\/#primaryimage\"},\"thumbnailUrl\":\"https:\/\/dhg1h5j42swfq.cloudfront.net\/2021\/11\/08141609\/tcu.jpg\",\"articleSection\":[\"Tribunais de Contas (TCU, TCE, TCM)\",\"\u00daltimas not\u00edcias\"],\"inLanguage\":\"pt-BR\",\"potentialAction\":[{\"@type\":\"CommentAction\",\"name\":\"Comment\",\"target\":[\"https:\/\/www.estrategiaconcursos.com.br\/blog\/concurso-tcu-programa-de-formacao\/#respond\"]}],\"copyrightYear\":\"2022\",\"copyrightHolder\":{\"@id\":\"https:\/\/www.estrategiaconcursos.com.br\/blog\/#organization\"}},{\"@type\":\"WebPage\",\"@id\":\"https:\/\/www.estrategiaconcursos.com.br\/blog\/concurso-tcu-programa-de-formacao\/\",\"url\":\"https:\/\/www.estrategiaconcursos.com.br\/blog\/concurso-tcu-programa-de-formacao\/\",\"name\":\"Concurso TCU: confira os detalhes do Programa de Forma\u00e7\u00e3o\",\"isPartOf\":{\"@id\":\"https:\/\/www.estrategiaconcursos.com.br\/blog\/#website\"},\"primaryImageOfPage\":{\"@id\":\"https:\/\/www.estrategiaconcursos.com.br\/blog\/concurso-tcu-programa-de-formacao\/#primaryimage\"},\"image\":{\"@id\":\"https:\/\/www.estrategiaconcursos.com.br\/blog\/concurso-tcu-programa-de-formacao\/#primaryimage\"},\"thumbnailUrl\":\"https:\/\/dhg1h5j42swfq.cloudfront.net\/2021\/11\/08141609\/tcu.jpg\",\"datePublished\":\"2022-09-12T12:03:42+00:00\",\"dateModified\":\"2022-09-12T12:03:44+00:00\",\"description\":\"Concurso TCU: divulgada a convoca\u00e7\u00e3o dos candidatos aprovados para o Programa\u00e7\u00e3o de Forma\u00e7\u00e3o, segunda etapa do certame.\",\"breadcrumb\":{\"@id\":\"https:\/\/www.estrategiaconcursos.com.br\/blog\/concurso-tcu-programa-de-formacao\/#breadcrumb\"},\"inLanguage\":\"pt-BR\",\"potentialAction\":[{\"@type\":\"ReadAction\",\"target\":[\"https:\/\/www.estrategiaconcursos.com.br\/blog\/concurso-tcu-programa-de-formacao\/\"]}]},{\"@type\":\"ImageObject\",\"inLanguage\":\"pt-BR\",\"@id\":\"https:\/\/www.estrategiaconcursos.com.br\/blog\/concurso-tcu-programa-de-formacao\/#primaryimage\",\"url\":\"https:\/\/dhg1h5j42swfq.cloudfront.net\/2021\/11\/08141609\/tcu.jpg\",\"contentUrl\":\"https:\/\/dhg1h5j42swfq.cloudfront.net\/2021\/11\/08141609\/tcu.jpg\",\"width\":1024,\"height\":536,\"caption\":\"TCU explica sobre contrata\u00e7\u00e3o de terceirizados\"},{\"@type\":\"BreadcrumbList\",\"@id\":\"https:\/\/www.estrategiaconcursos.com.br\/blog\/concurso-tcu-programa-de-formacao\/#breadcrumb\",\"itemListElement\":[{\"@type\":\"ListItem\",\"position\":1,\"name\":\"In\u00edcio\",\"item\":\"https:\/\/www.estrategiaconcursos.com.br\/blog\/\"},{\"@type\":\"ListItem\",\"position\":2,\"name\":\"Concurso TCU: confira os detalhes do Programa de Forma\u00e7\u00e3o\"}]},{\"@type\":\"WebSite\",\"@id\":\"https:\/\/www.estrategiaconcursos.com.br\/blog\/#website\",\"url\":\"https:\/\/www.estrategiaconcursos.com.br\/blog\/\",\"name\":\"Estrat\u00e9gia Concursos\",\"description\":\"O blog da Estrat\u00e9gia Concursos traz not\u00edcias sobre concursos e artigos de professores oferecendo cursos para concursos (pdf + videaulas) no site.\",\"publisher\":{\"@id\":\"https:\/\/www.estrategiaconcursos.com.br\/blog\/#organization\"},\"potentialAction\":[{\"@type\":\"SearchAction\",\"target\":{\"@type\":\"EntryPoint\",\"urlTemplate\":\"https:\/\/www.estrategiaconcursos.com.br\/blog\/?s={search_term_string}\"},\"query-input\":{\"@type\":\"PropertyValueSpecification\",\"valueRequired\":true,\"valueName\":\"search_term_string\"}}],\"inLanguage\":\"pt-BR\"},{\"@type\":\"Organization\",\"@id\":\"https:\/\/www.estrategiaconcursos.com.br\/blog\/#organization\",\"name\":\"Estrat\u00e9gia Concursos\",\"url\":\"https:\/\/www.estrategiaconcursos.com.br\/blog\/\",\"logo\":{\"@type\":\"ImageObject\",\"inLanguage\":\"pt-BR\",\"@id\":\"https:\/\/www.estrategiaconcursos.com.br\/blog\/#\/schema\/logo\/image\/\",\"url\":\"https:\/\/dhg1h5j42swfq.cloudfront.net\/2025\/06\/03203428\/logo_concursos-1.jpg\",\"contentUrl\":\"https:\/\/dhg1h5j42swfq.cloudfront.net\/2025\/06\/03203428\/logo_concursos-1.jpg\",\"width\":230,\"height\":60,\"caption\":\"Estrat\u00e9gia Concursos\"},\"image\":{\"@id\":\"https:\/\/www.estrategiaconcursos.com.br\/blog\/#\/schema\/logo\/image\/\"},\"sameAs\":[\"https:\/\/x.com\/EstratConcursos\"]},{\"@type\":\"Person\",\"@id\":\"https:\/\/www.estrategiaconcursos.com.br\/blog\/#\/schema\/person\/84ecdc6eb58d3cf1689bf76c5cd8fb38\",\"name\":\"Camila Leite\",\"image\":{\"@type\":\"ImageObject\",\"inLanguage\":\"pt-BR\",\"@id\":\"https:\/\/secure.gravatar.com\/avatar\/f2f8faef639c8a2bfb7fb909912a56917f4c3a0aed064500168e2fb8ea55cf61?s=96&d=mm&r=g\",\"url\":\"https:\/\/secure.gravatar.com\/avatar\/f2f8faef639c8a2bfb7fb909912a56917f4c3a0aed064500168e2fb8ea55cf61?s=96&d=mm&r=g\",\"contentUrl\":\"https:\/\/secure.gravatar.com\/avatar\/f2f8faef639c8a2bfb7fb909912a56917f4c3a0aed064500168e2fb8ea55cf61?s=96&d=mm&r=g\",\"caption\":\"Camila Leite\"},\"description\":\"Formada em Design Gr\u00e1fico e em Propaganda e Marketing pela UNIP, integra a equipe de jornalismo do Estrat\u00e9gia Concursos desde 2018. Ao longo dos anos, construiu uma s\u00f3lida experi\u00eancia na produ\u00e7\u00e3o de conte\u00fado informativo e relevante para concurseiros. Desde 2020, atua na cobertura das \u00e1reas Fiscal \u2014 com \u00eanfase nas Secretarias de Fazenda (Sefaz) das regi\u00f5es Sul e Sudeste \u2014, al\u00e9m da cobertura de concursos federais, como CNU, Petrobras, CGU, Receita Federal, ag\u00eancias reguladoras (Anvisa, ANAC, entre outras) e INSS. Mant\u00e9m contato direto com os principais \u00f3rg\u00e3os p\u00fablicos, acompanhando editais, atualiza\u00e7\u00f5es e movimenta\u00e7\u00f5es importantes para os candidatos.\",\"sameAs\":[\"https:\/\/www.linkedin.com\/in\/camila-pinheiro-leite-9ba135b6\/\"],\"url\":\"https:\/\/www.estrategiaconcursos.com.br\/blog\/author\/camila-leiteestrategiaconcursos-com-br\/\"}]}<\/script>\n<!-- \/ Yoast SEO Premium plugin. -->","yoast_head_json":{"title":"Concurso TCU: confira os detalhes do Programa de Forma\u00e7\u00e3o","description":"Concurso TCU: divulgada a convoca\u00e7\u00e3o dos candidatos aprovados para o Programa\u00e7\u00e3o de Forma\u00e7\u00e3o, segunda etapa do certame.","robots":{"index":"index","follow":"follow","max-snippet":"max-snippet:-1","max-image-preview":"max-image-preview:large","max-video-preview":"max-video-preview:-1"},"canonical":"https:\/\/www.estrategiaconcursos.com.br\/blog\/concurso-tcu-programa-de-formacao\/","og_locale":"pt_BR","og_type":"article","og_title":"Concurso TCU: confira os detalhes do Programa de Forma\u00e7\u00e3o","og_description":"Concurso TCU: divulgada a convoca\u00e7\u00e3o dos candidatos aprovados para o Programa\u00e7\u00e3o de Forma\u00e7\u00e3o, segunda etapa do certame.","og_url":"https:\/\/www.estrategiaconcursos.com.br\/blog\/concurso-tcu-programa-de-formacao\/","og_site_name":"Estrat\u00e9gia Concursos","article_published_time":"2022-09-12T12:03:42+00:00","article_modified_time":"2022-09-12T12:03:44+00:00","og_image":[{"width":1024,"height":536,"url":"https:\/\/dhg1h5j42swfq.cloudfront.net\/2021\/11\/08141609\/tcu.jpg","type":"image\/jpeg"}],"author":"Camila Leite","twitter_card":"summary_large_image","twitter_creator":"@EstratConcursos","twitter_site":"@EstratConcursos","twitter_misc":{"Escrito por":"Camila Leite","Est. tempo de leitura":"2 minutos"},"schema":{"@context":"https:\/\/schema.org","@graph":[{"@type":"NewsArticle","@id":"https:\/\/www.estrategiaconcursos.com.br\/blog\/concurso-tcu-programa-de-formacao\/#article","isPartOf":{"@id":"https:\/\/www.estrategiaconcursos.com.br\/blog\/concurso-tcu-programa-de-formacao\/"},"author":{"name":"Camila Leite","@id":"https:\/\/www.estrategiaconcursos.com.br\/blog\/#\/schema\/person\/84ecdc6eb58d3cf1689bf76c5cd8fb38"},"headline":"Concurso TCU: confira os detalhes do Programa de Forma\u00e7\u00e3o","datePublished":"2022-09-12T12:03:42+00:00","dateModified":"2022-09-12T12:03:44+00:00","mainEntityOfPage":{"@id":"https:\/\/www.estrategiaconcursos.com.br\/blog\/concurso-tcu-programa-de-formacao\/"},"wordCount":486,"commentCount":0,"publisher":{"@id":"https:\/\/www.estrategiaconcursos.com.br\/blog\/#organization"},"image":{"@id":"https:\/\/www.estrategiaconcursos.com.br\/blog\/concurso-tcu-programa-de-formacao\/#primaryimage"},"thumbnailUrl":"https:\/\/dhg1h5j42swfq.cloudfront.net\/2021\/11\/08141609\/tcu.jpg","articleSection":["Tribunais de Contas (TCU, TCE, TCM)","\u00daltimas not\u00edcias"],"inLanguage":"pt-BR","potentialAction":[{"@type":"CommentAction","name":"Comment","target":["https:\/\/www.estrategiaconcursos.com.br\/blog\/concurso-tcu-programa-de-formacao\/#respond"]}],"copyrightYear":"2022","copyrightHolder":{"@id":"https:\/\/www.estrategiaconcursos.com.br\/blog\/#organization"}},{"@type":"WebPage","@id":"https:\/\/www.estrategiaconcursos.com.br\/blog\/concurso-tcu-programa-de-formacao\/","url":"https:\/\/www.estrategiaconcursos.com.br\/blog\/concurso-tcu-programa-de-formacao\/","name":"Concurso TCU: confira os detalhes do Programa de Forma\u00e7\u00e3o","isPartOf":{"@id":"https:\/\/www.estrategiaconcursos.com.br\/blog\/#website"},"primaryImageOfPage":{"@id":"https:\/\/www.estrategiaconcursos.com.br\/blog\/concurso-tcu-programa-de-formacao\/#primaryimage"},"image":{"@id":"https:\/\/www.estrategiaconcursos.com.br\/blog\/concurso-tcu-programa-de-formacao\/#primaryimage"},"thumbnailUrl":"https:\/\/dhg1h5j42swfq.cloudfront.net\/2021\/11\/08141609\/tcu.jpg","datePublished":"2022-09-12T12:03:42+00:00","dateModified":"2022-09-12T12:03:44+00:00","description":"Concurso TCU: divulgada a convoca\u00e7\u00e3o dos candidatos aprovados para o Programa\u00e7\u00e3o de Forma\u00e7\u00e3o, segunda etapa do certame.","breadcrumb":{"@id":"https:\/\/www.estrategiaconcursos.com.br\/blog\/concurso-tcu-programa-de-formacao\/#breadcrumb"},"inLanguage":"pt-BR","potentialAction":[{"@type":"ReadAction","target":["https:\/\/www.estrategiaconcursos.com.br\/blog\/concurso-tcu-programa-de-formacao\/"]}]},{"@type":"ImageObject","inLanguage":"pt-BR","@id":"https:\/\/www.estrategiaconcursos.com.br\/blog\/concurso-tcu-programa-de-formacao\/#primaryimage","url":"https:\/\/dhg1h5j42swfq.cloudfront.net\/2021\/11\/08141609\/tcu.jpg","contentUrl":"https:\/\/dhg1h5j42swfq.cloudfront.net\/2021\/11\/08141609\/tcu.jpg","width":1024,"height":536,"caption":"TCU explica sobre contrata\u00e7\u00e3o de terceirizados"},{"@type":"BreadcrumbList","@id":"https:\/\/www.estrategiaconcursos.com.br\/blog\/concurso-tcu-programa-de-formacao\/#breadcrumb","itemListElement":[{"@type":"ListItem","position":1,"name":"In\u00edcio","item":"https:\/\/www.estrategiaconcursos.com.br\/blog\/"},{"@type":"ListItem","position":2,"name":"Concurso TCU: confira os detalhes do Programa de Forma\u00e7\u00e3o"}]},{"@type":"WebSite","@id":"https:\/\/www.estrategiaconcursos.com.br\/blog\/#website","url":"https:\/\/www.estrategiaconcursos.com.br\/blog\/","name":"Estrat\u00e9gia Concursos","description":"O blog da Estrat\u00e9gia Concursos traz not\u00edcias sobre concursos e artigos de professores oferecendo cursos para concursos (pdf + videaulas) no site.","publisher":{"@id":"https:\/\/www.estrategiaconcursos.com.br\/blog\/#organization"},"potentialAction":[{"@type":"SearchAction","target":{"@type":"EntryPoint","urlTemplate":"https:\/\/www.estrategiaconcursos.com.br\/blog\/?s={search_term_string}"},"query-input":{"@type":"PropertyValueSpecification","valueRequired":true,"valueName":"search_term_string"}}],"inLanguage":"pt-BR"},{"@type":"Organization","@id":"https:\/\/www.estrategiaconcursos.com.br\/blog\/#organization","name":"Estrat\u00e9gia Concursos","url":"https:\/\/www.estrategiaconcursos.com.br\/blog\/","logo":{"@type":"ImageObject","inLanguage":"pt-BR","@id":"https:\/\/www.estrategiaconcursos.com.br\/blog\/#\/schema\/logo\/image\/","url":"https:\/\/dhg1h5j42swfq.cloudfront.net\/2025\/06\/03203428\/logo_concursos-1.jpg","contentUrl":"https:\/\/dhg1h5j42swfq.cloudfront.net\/2025\/06\/03203428\/logo_concursos-1.jpg","width":230,"height":60,"caption":"Estrat\u00e9gia Concursos"},"image":{"@id":"https:\/\/www.estrategiaconcursos.com.br\/blog\/#\/schema\/logo\/image\/"},"sameAs":["https:\/\/x.com\/EstratConcursos"]},{"@type":"Person","@id":"https:\/\/www.estrategiaconcursos.com.br\/blog\/#\/schema\/person\/84ecdc6eb58d3cf1689bf76c5cd8fb38","name":"Camila Leite","image":{"@type":"ImageObject","inLanguage":"pt-BR","@id":"https:\/\/secure.gravatar.com\/avatar\/f2f8faef639c8a2bfb7fb909912a56917f4c3a0aed064500168e2fb8ea55cf61?s=96&d=mm&r=g","url":"https:\/\/secure.gravatar.com\/avatar\/f2f8faef639c8a2bfb7fb909912a56917f4c3a0aed064500168e2fb8ea55cf61?s=96&d=mm&r=g","contentUrl":"https:\/\/secure.gravatar.com\/avatar\/f2f8faef639c8a2bfb7fb909912a56917f4c3a0aed064500168e2fb8ea55cf61?s=96&d=mm&r=g","caption":"Camila Leite"},"description":"Formada em Design Gr\u00e1fico e em Propaganda e Marketing pela UNIP, integra a equipe de jornalismo do Estrat\u00e9gia Concursos desde 2018. Ao longo dos anos, construiu uma s\u00f3lida experi\u00eancia na produ\u00e7\u00e3o de conte\u00fado informativo e relevante para concurseiros. Desde 2020, atua na cobertura das \u00e1reas Fiscal \u2014 com \u00eanfase nas Secretarias de Fazenda (Sefaz) das regi\u00f5es Sul e Sudeste \u2014, al\u00e9m da cobertura de concursos federais, como CNU, Petrobras, CGU, Receita Federal, ag\u00eancias reguladoras (Anvisa, ANAC, entre outras) e INSS. Mant\u00e9m contato direto com os principais \u00f3rg\u00e3os p\u00fablicos, acompanhando editais, atualiza\u00e7\u00f5es e movimenta\u00e7\u00f5es importantes para os candidatos.","sameAs":["https:\/\/www.linkedin.com\/in\/camila-pinheiro-leite-9ba135b6\/"],"url":"https:\/\/www.estrategiaconcursos.com.br\/blog\/author\/camila-leiteestrategiaconcursos-com-br\/"}]}},"_links":{"self":[{"href":"https:\/\/www.estrategiaconcursos.com.br\/blog\/wp-json\/wp\/v2\/posts\/1092790","targetHints":{"allow":["GET"]}}],"collection":[{"href":"https:\/\/www.estrategiaconcursos.com.br\/blog\/wp-json\/wp\/v2\/posts"}],"about":[{"href":"https:\/\/www.estrategiaconcursos.com.br\/blog\/wp-json\/wp\/v2\/types\/post"}],"author":[{"embeddable":true,"href":"https:\/\/www.estrategiaconcursos.com.br\/blog\/wp-json\/wp\/v2\/users\/659"}],"replies":[{"embeddable":true,"href":"https:\/\/www.estrategiaconcursos.com.br\/blog\/wp-json\/wp\/v2\/comments?post=1092790"}],"version-history":[{"count":6,"href":"https:\/\/www.estrategiaconcursos.com.br\/blog\/wp-json\/wp\/v2\/posts\/1092790\/revisions"}],"predecessor-version":[{"id":1092805,"href":"https:\/\/www.estrategiaconcursos.com.br\/blog\/wp-json\/wp\/v2\/posts\/1092790\/revisions\/1092805"}],"wp:featuredmedia":[{"embeddable":true,"href":"https:\/\/www.estrategiaconcursos.com.br\/blog\/wp-json\/wp\/v2\/media\/903336"}],"wp:attachment":[{"href":"https:\/\/www.estrategiaconcursos.com.br\/blog\/wp-json\/wp\/v2\/media?parent=1092790"}],"wp:term":[{"taxonomy":"category","embeddable":true,"href":"https:\/\/www.estrategiaconcursos.com.br\/blog\/wp-json\/wp\/v2\/categories?post=1092790"},{"taxonomy":"post_tag","embeddable":true,"href":"https:\/\/www.estrategiaconcursos.com.br\/blog\/wp-json\/wp\/v2\/tags?post=1092790"},{"taxonomy":"tax_estado","embeddable":true,"href":"https:\/\/www.estrategiaconcursos.com.br\/blog\/wp-json\/wp\/v2\/tax_estado?post=1092790"}],"curies":[{"name":"wp","href":"https:\/\/api.w.org\/{rel}","templated":true}]}}