{"id":1092714,"date":"2022-09-11T23:46:08","date_gmt":"2022-09-12T02:46:08","guid":{"rendered":"https:\/\/www.estrategiaconcursos.com.br\/blog\/?p=1092714"},"modified":"2023-05-17T13:44:34","modified_gmt":"2023-05-17T16:44:34","slug":"recurso-e-gabarito-pc-ba-direito-civil-e-legislacao-civil-especial","status":"publish","type":"post","link":"https:\/\/www.estrategiaconcursos.com.br\/blog\/recurso-e-gabarito-pc-ba-direito-civil-e-legislacao-civil-especial\/","title":{"rendered":"RECURSO e Gabarito: PC\/BA \u2013 Direito Civil e Legisla\u00e7\u00e3o Civil Especial"},"content":{"rendered":"\n<p>Eu, Prof. Paulo Sousa (<a href=\"http:\/\/www.instagram.com.br\/prof.phms\">IG<\/a>\u00a0e\u00a0<a href=\"https:\/\/www.youtube.com\/channel\/UC5BNzTLlcneB_x1aUAhXBAg\">YT<\/a>), vou apresentar o gabarito da prova objetiva de Direito Civil e Legisla\u00e7\u00e3o Civil Especial da PC\/BA \u2013 Delegado. Vou fazer alguns coment\u00e1rios sobre a prova e analisar a possibilidade de recursos.<\/p>\n\n\n\n<p>Vamos l\u00e1<\/p>\n\n\n\n<figure class=\"wp-block-image size-full\"><img loading=\"lazy\" decoding=\"async\" width=\"596\" height=\"454\" src=\"https:\/\/dhg1h5j42swfq.cloudfront.net\/2022\/09\/11234347\/image-134.png\" alt=\"\" class=\"wp-image-1092716\" srcset=\"https:\/\/dhg1h5j42swfq.cloudfront.net\/2022\/09\/11234347\/image-134.png 596w, https:\/\/dhg1h5j42swfq.cloudfront.net\/2022\/09\/11234347\/image-134-300x229.png 300w, https:\/\/dhg1h5j42swfq.cloudfront.net\/2022\/09\/11234347\/image-134-150x114.png 150w\" sizes=\"auto, (max-width: 596px) 100vw, 596px\" \/><\/figure>\n\n\n\n<p><strong>Coment\u00e1rio:<\/strong><\/p>\n\n\n\n<p>A <strong>alternativa A<\/strong> est\u00e1 incorreta, pois a situa\u00e7\u00e3o hipot\u00e9tica n\u00e3o descreve uma situa\u00e7\u00e3o de fraude contra credores, descrita pelo art. 158 do CC\/2002: \u201cArt. 158. Os neg\u00f3cios de transmiss\u00e3o gratuita de bens ou remiss\u00e3o de d\u00edvida, se os praticar o devedor j\u00e1 insolvente, ou por eles reduzido \u00e0 insolv\u00eancia, ainda quando o ignore, poder\u00e3o ser anulados pelos credores quirograf\u00e1rios, como lesivos dos seus direitos\u201d.<\/p>\n\n\n\n<p>A <strong>alternativa B<\/strong> est\u00e1 correta, pois trata-se de les\u00e3o, nos termos do art. 157 do CC\/2002: \u201cArt. 157. Ocorre a les\u00e3o quando uma pessoa, sob premente necessidade, ou por inexperi\u00eancia, se obriga a presta\u00e7\u00e3o manifestamente desproporcional ao valor da presta\u00e7\u00e3o oposta\u201d.<\/p>\n\n\n\n<p>A <strong>alternativa C<\/strong> est\u00e1 incorreta, pois a situa\u00e7\u00e3o n\u00e3o se trata de simula\u00e7\u00e3o, conforme se depreende pelo expresso no \u00a71\u00ba e incisos, do art. 167 do CC: \u201cArt. 167. \u00a7 1\u00ba Haver\u00e1 simula\u00e7\u00e3o nos neg\u00f3cios jur\u00eddicos quando: I &#8211; aparentarem conferir ou transmitir direitos a pessoas diversas daquelas \u00e0s quais realmente se conferem, ou transmitem; II &#8211; contiverem declara\u00e7\u00e3o, confiss\u00e3o, condi\u00e7\u00e3o ou cl\u00e1usula n\u00e3o verdadeira; III &#8211; os instrumentos particulares forem antedatados, ou p\u00f3s-datados\u201d.<\/p>\n\n\n\n<p>A <strong>alternativa D<\/strong> est\u00e1 incorreta, pois o prazo para a anula\u00e7\u00e3o do neg\u00f3cio jur\u00eddico \u00e9 de quatro anos, nos termos do art. 178, inc. II, do CC: \u201cArt. 178. \u00c9 de quatro anos o prazo de decad\u00eancia para pleitear-se a anula\u00e7\u00e3o do neg\u00f3cio jur\u00eddico, contado: II &#8211; no de erro, dolo, fraude contra credores, estado de perigo ou les\u00e3o, do dia em que se realizou o neg\u00f3cio jur\u00eddico\u201d.<\/p>\n\n\n\n<p>A <strong>alternativa E<\/strong> est\u00e1 incorreta, pois n\u00e3o ficou caracterizada coa\u00e7\u00e3o, conforme determina o art. 151 do CC: \u201cArt. 151. A coa\u00e7\u00e3o, para viciar a declara\u00e7\u00e3o da vontade, h\u00e1 de ser tal que incuta ao paciente fundado temor de dano iminente e consider\u00e1vel \u00e0 sua pessoa, \u00e0 sua fam\u00edlia, ou aos seus bens\u201d.<\/p>\n\n\n\n<figure class=\"wp-block-image size-full\"><img loading=\"lazy\" decoding=\"async\" width=\"698\" height=\"674\" src=\"https:\/\/dhg1h5j42swfq.cloudfront.net\/2022\/09\/11234357\/image-135.png\" alt=\"\" class=\"wp-image-1092717\" srcset=\"https:\/\/dhg1h5j42swfq.cloudfront.net\/2022\/09\/11234357\/image-135.png 698w, https:\/\/dhg1h5j42swfq.cloudfront.net\/2022\/09\/11234357\/image-135-300x290.png 300w, https:\/\/dhg1h5j42swfq.cloudfront.net\/2022\/09\/11234357\/image-135-610x589.png 610w, https:\/\/dhg1h5j42swfq.cloudfront.net\/2022\/09\/11234357\/image-135-150x145.png 150w\" sizes=\"auto, (max-width: 698px) 100vw, 698px\" \/><\/figure>\n\n\n\n<p><strong>Coment\u00e1rios:<\/strong><\/p>\n\n\n\n<p>A primeira afirmativa \u00e9 <strong>verdadeira<\/strong>, conforme o art. 928 do CC: \u201cArt. 928. O incapaz responde pelos preju\u00edzos que causar, se as pessoas por ele respons\u00e1veis n\u00e3o tiverem obriga\u00e7\u00e3o de faz\u00ea-lo ou n\u00e3o dispuserem de meios suficientes\u201d.<\/p>\n\n\n\n<p>A segunda afirmativa \u00e9 <strong>falsa<\/strong>, o dever de indenizar, neste caso, independe de dolo ou culpa, conforme se depreende pelo expresso no par\u00e1grafo \u00fanico do art. 927, do CC: \u201cArt. 927. Par\u00e1grafo \u00fanico. Haver\u00e1 obriga\u00e7\u00e3o de reparar o dano, independentemente de culpa, nos casos especificados em lei, ou quando a atividade normalmente desenvolvida pelo autor do dano implicar, por sua natureza, risco para os direitos de outrem\u201d.<\/p>\n\n\n\n<p>A terceira afirmativa \u00e9 <strong>verdadeira<\/strong>, conforme o art. 929 do CC: \u201cArt. 929. Se a pessoa lesada, ou o dono da coisa, no caso do inciso II do art. 188, n\u00e3o forem culpados do perigo, assistir-lhes-\u00e1 direito \u00e0 indeniza\u00e7\u00e3o do preju\u00edzo que sofreram\u201d.<\/p>\n\n\n\n<p>Sendo assim, est\u00e1 correta a <strong>alternativa E.<\/strong><\/p>\n\n\n\n<figure class=\"wp-block-image size-full\"><img loading=\"lazy\" decoding=\"async\" width=\"886\" height=\"607\" src=\"https:\/\/dhg1h5j42swfq.cloudfront.net\/2022\/09\/11234406\/image-136.png\" alt=\"\" class=\"wp-image-1092718\" srcset=\"https:\/\/dhg1h5j42swfq.cloudfront.net\/2022\/09\/11234406\/image-136.png 886w, https:\/\/dhg1h5j42swfq.cloudfront.net\/2022\/09\/11234406\/image-136-300x206.png 300w, https:\/\/dhg1h5j42swfq.cloudfront.net\/2022\/09\/11234406\/image-136-768x526.png 768w, https:\/\/dhg1h5j42swfq.cloudfront.net\/2022\/09\/11234406\/image-136-610x418.png 610w, https:\/\/dhg1h5j42swfq.cloudfront.net\/2022\/09\/11234406\/image-136-150x103.png 150w\" sizes=\"auto, (max-width: 886px) 100vw, 886px\" \/><\/figure>\n\n\n\n<p><strong>Coment\u00e1rios:<\/strong><\/p>\n\n\n\n<p>A <strong>alternativa A<\/strong> est\u00e1 correta, conforme o \u00a74\u00ba, do art. 1\u00ba, da LINDB: \u201cArt. 1\u00ba. \u00a7 4\u00ba As corre\u00e7\u00f5es a texto de lei j\u00e1 em vigor consideram-se lei nova\u201d.<\/p>\n\n\n\n<p>A <strong>alternativa B<\/strong> est\u00e1 incorreta, conforme o art. 1\u00ba, da LINDB: \u201cArt. 1\u00ba&nbsp; Salvo disposi\u00e7\u00e3o contr\u00e1ria, a lei come\u00e7a a vigorar em todo o pa\u00eds quarenta e cinco dias depois de oficialmente publicada\u201d.<\/p>\n\n\n\n<p>A <strong>alternativa C<\/strong> est\u00e1 incorreta, conforme o \u00a71\u00ba, do art. 1\u00ba, da LINDB: \u201cArt. 1\u00ba. \u00a7 1\u00ba Nos Estados, estrangeiros, a obrigatoriedade da lei brasileira, quando admitida, se inicia tr\u00eas meses depois de oficialmente publicada\u201d.<\/p>\n\n\n\n<p>A <strong>alternativa D<\/strong> est\u00e1 incorreta, conforme o art. 2\u00ba da LINDB: \u201cArt. 2\u00ba N\u00e3o se destinando \u00e0 vig\u00eancia tempor\u00e1ria, a lei ter\u00e1 vigor at\u00e9 que outra a modifique ou revogue\u201d.<\/p>\n\n\n\n<p>A <strong>alternativa E<\/strong> est\u00e1 incorreta, conforme o \u00a73\u00ba, do art. 2\u00ba. Da LINDB: \u201cArt. 2\u00ba. \u00a7 3\u00ba Salvo disposi\u00e7\u00e3o em contr\u00e1rio, a lei revogada n\u00e3o se restaura por ter a lei revogadora perdido a vig\u00eancia\u201d.<\/p>\n\n\n\n<figure class=\"wp-block-image size-full\"><img loading=\"lazy\" decoding=\"async\" width=\"881\" height=\"654\" src=\"https:\/\/dhg1h5j42swfq.cloudfront.net\/2022\/09\/11234414\/image-137.png\" alt=\"\" class=\"wp-image-1092719\" srcset=\"https:\/\/dhg1h5j42swfq.cloudfront.net\/2022\/09\/11234414\/image-137.png 881w, https:\/\/dhg1h5j42swfq.cloudfront.net\/2022\/09\/11234414\/image-137-300x223.png 300w, https:\/\/dhg1h5j42swfq.cloudfront.net\/2022\/09\/11234414\/image-137-768x570.png 768w, https:\/\/dhg1h5j42swfq.cloudfront.net\/2022\/09\/11234414\/image-137-610x453.png 610w, https:\/\/dhg1h5j42swfq.cloudfront.net\/2022\/09\/11234414\/image-137-150x111.png 150w\" sizes=\"auto, (max-width: 881px) 100vw, 881px\" \/><\/figure>\n\n\n\n<p><strong>Coment\u00e1rios:<\/strong><\/p>\n\n\n\n<p>A <strong>alternativa A<\/strong> est\u00e1 incorreta, pois trata-se de hip\u00f3tese de incapacidade relativa, conforme \u00e9 poss\u00edvel depreender pelo expresso no art. 4\u00ba, inc. III, do CC: \u201cArt. 4\u00ba S\u00e3o incapazes, relativamente a certos atos ou \u00e0 maneira de os exercer: III &#8211; aqueles que, por causa transit\u00f3ria ou permanente, n\u00e3o puderem exprimir sua vontade\u201d.<\/p>\n\n\n\n<p>A <strong>alternativa B<\/strong> est\u00e1 incorreta, pois trata-se de hip\u00f3tese de presun\u00e7\u00e3o de morte, nos termos do art. 7\u00ba, inc. I, do CC: \u201cArt. 7\u00ba Pode ser declarada a morte presumida, sem decreta\u00e7\u00e3o de aus\u00eancia: I &#8211; se for extremamente prov\u00e1vel a morte de quem estava em perigo de vida\u201d.<\/p>\n\n\n\n<p>A <strong>alternativa C<\/strong> est\u00e1 correta, conforme o art. 8\u00ba do CC: \u201cArt. 8 o Se dois ou mais indiv\u00edduos falecerem na mesma ocasi\u00e3o, n\u00e3o se podendo averiguar se algum dos comorientes precedeu aos outros, presumir-se-\u00e3o simultaneamente mortos\u201d.<\/p>\n\n\n\n<p>A <strong>alternativa D<\/strong> est\u00e1 incorreta, pois tamb\u00e9m se trata de hip\u00f3tese de presun\u00e7\u00e3o de morte, conforme o art. 7\u00ba. Inc. II, do CC: \u201cArt. 7\u00ba Pode ser declarada a morte presumida, sem decreta\u00e7\u00e3o de aus\u00eancia: II &#8211; se algu\u00e9m, desaparecido em campanha ou feito prisioneiro, n\u00e3o for encontrado at\u00e9 dois anos ap\u00f3s o t\u00e9rmino da guerra\u201d.<\/p>\n\n\n\n<p>A <strong>alternativa E<\/strong> est\u00e1 incorreta, pois tamb\u00e9m se trata de hip\u00f3tese que ocorre quando h\u00e1 presun\u00e7\u00e3o de morte, conforme \u00e9 poss\u00edvel depreender pelo expresso no art. 26 do CC: \u201cArt. 26. Decorrido um ano da arrecada\u00e7\u00e3o dos bens do ausente, ou, se ele deixou representante ou procurador, em se passando tr\u00eas anos, poder\u00e3o os interessados requerer que se declare a aus\u00eancia e se abra provisoriamente a sucess\u00e3o\u201d.<\/p>\n\n\n\n<figure class=\"wp-block-image size-full\"><img loading=\"lazy\" decoding=\"async\" width=\"824\" height=\"674\" src=\"https:\/\/dhg1h5j42swfq.cloudfront.net\/2022\/09\/11234423\/image-138.png\" alt=\"\" class=\"wp-image-1092720\" srcset=\"https:\/\/dhg1h5j42swfq.cloudfront.net\/2022\/09\/11234423\/image-138.png 824w, https:\/\/dhg1h5j42swfq.cloudfront.net\/2022\/09\/11234423\/image-138-300x245.png 300w, https:\/\/dhg1h5j42swfq.cloudfront.net\/2022\/09\/11234423\/image-138-768x628.png 768w, https:\/\/dhg1h5j42swfq.cloudfront.net\/2022\/09\/11234423\/image-138-610x499.png 610w, https:\/\/dhg1h5j42swfq.cloudfront.net\/2022\/09\/11234423\/image-138-150x123.png 150w\" sizes=\"auto, (max-width: 824px) 100vw, 824px\" \/><\/figure>\n\n\n\n<p><strong>Coment\u00e1rios:<\/strong><\/p>\n\n\n\n<p>O <strong>item I<\/strong> est\u00e1 correto, conforme o art. 92 do CC: \u201cArt. 92. Principal \u00e9 o bem que existe sobre si, abstrata ou concretamente; acess\u00f3rio, aquele cuja exist\u00eancia sup\u00f5e a do principal\u201d.<\/p>\n\n\n\n<p>O <strong>item II<\/strong> est\u00e1 correto, conforme o art. 93 do CC: \u201cArt. 93. S\u00e3o perten\u00e7as os bens que, n\u00e3o constituindo partes integrantes, se destinam, de modo duradouro, ao uso, ao servi\u00e7o ou ao aformoseamento de outro\u201d.<\/p>\n\n\n\n<p>O <strong>item III<\/strong> est\u00e1 incorreto, conforme o art. 95 do CC: \u201cArt. 95. Apesar de ainda n\u00e3o separados do bem principal, os frutos e produtos podem ser objeto de neg\u00f3cio jur\u00eddico\u201d.<\/p>\n\n\n\n<p>Sendo assim, est\u00e1 correta a <strong>alternativa E.<\/strong><\/p>\n\n\n\n<figure class=\"wp-block-image size-full\"><img loading=\"lazy\" decoding=\"async\" width=\"806\" height=\"704\" src=\"https:\/\/dhg1h5j42swfq.cloudfront.net\/2022\/09\/11234430\/image-139.png\" alt=\"\" class=\"wp-image-1092721\" srcset=\"https:\/\/dhg1h5j42swfq.cloudfront.net\/2022\/09\/11234430\/image-139.png 806w, https:\/\/dhg1h5j42swfq.cloudfront.net\/2022\/09\/11234430\/image-139-300x262.png 300w, https:\/\/dhg1h5j42swfq.cloudfront.net\/2022\/09\/11234430\/image-139-768x671.png 768w, https:\/\/dhg1h5j42swfq.cloudfront.net\/2022\/09\/11234430\/image-139-610x533.png 610w, https:\/\/dhg1h5j42swfq.cloudfront.net\/2022\/09\/11234430\/image-139-150x131.png 150w\" sizes=\"auto, (max-width: 806px) 100vw, 806px\" \/><\/figure>\n\n\n\n<p><strong>Coment\u00e1rios:<\/strong><\/p>\n\n\n\n<p><strong>ATEN\u00c7\u00c3O! <\/strong>O gabarito da quest\u00e3o ser\u00e1 a alternativa INCORRETA.<\/p>\n\n\n\n<p>A <strong>alternativa A<\/strong> est\u00e1 incorreta, conforme o art. 1.196 do CC\/2002: \u201cArt. 1.196. Considera-se possuidor todo aquele que tem de fato o exerc\u00edcio, pleno ou n\u00e3o, de algum dos poderes inerentes \u00e0 propriedade\u201d.<\/p>\n\n\n\n<p>A <strong>alternativa B<\/strong> est\u00e1 correta, conforme o art. 1.202 do CC\/2002: \u201cArt. 1.202. A posse de boa-f\u00e9 s\u00f3 perde este car\u00e1ter no caso e desde o momento em que as circunst\u00e2ncias fa\u00e7am presumir que o possuidor n\u00e3o ignora que possui indevidamente\u201d.<\/p>\n\n\n\n<p>A <strong>alternativa C<\/strong> est\u00e1 correta, conforme o art. 1.201 do CC\/2002: \u201cArt. 1.201. \u00c9 de boa-f\u00e9 a posse, se o possuidor ignora o v\u00edcio, ou o obst\u00e1culo que impede a aquisi\u00e7\u00e3o da coisa\u201d.<\/p>\n\n\n\n<p>A <strong>alternativa D<\/strong> est\u00e1 incorreta, conforme o par\u00e1grafo \u00fanico, do art. 1.201 do CC\/2002: \u201cArt. 1.201. Par\u00e1grafo \u00fanico. O possuidor com justo t\u00edtulo tem por si a presun\u00e7\u00e3o de boa-f\u00e9, salvo prova em contr\u00e1rio, ou quando a lei expressamente n\u00e3o admite esta presun\u00e7\u00e3o\u201d.<\/p>\n\n\n\n<p>A <strong>alternativa E<\/strong> est\u00e1 incorreta, conforme o art. 1.200 do CC\/2002: \u201cArt. 1.200. \u00c9 justa a posse que n\u00e3o for violenta, clandestina ou prec\u00e1ria\u201d.<\/p>\n\n\n\n<figure class=\"wp-block-image size-full\"><img loading=\"lazy\" decoding=\"async\" width=\"466\" height=\"768\" src=\"https:\/\/dhg1h5j42swfq.cloudfront.net\/2022\/09\/11234439\/image-140.png\" alt=\"\" class=\"wp-image-1092722\" srcset=\"https:\/\/dhg1h5j42swfq.cloudfront.net\/2022\/09\/11234439\/image-140.png 466w, https:\/\/dhg1h5j42swfq.cloudfront.net\/2022\/09\/11234439\/image-140-182x300.png 182w, https:\/\/dhg1h5j42swfq.cloudfront.net\/2022\/09\/11234439\/image-140-150x247.png 150w\" sizes=\"auto, (max-width: 466px) 100vw, 466px\" \/><\/figure>\n\n\n\n<p><strong>Coment\u00e1rios:<\/strong><\/p>\n\n\n\n<p>A <strong>alternativa A<\/strong> est\u00e1 incorreta, pois o profissional descrito pela assertiva \u00e9 o profissional de apoio escolar, nos termos do art. 3\u00ba, inc. III, do Estatuto da Pessoa com Defici\u00eancia: \u201cArt. 3\u00ba Para fins de aplica\u00e7\u00e3o desta Lei, consideram-se: XIII &#8211; profissional de apoio escolar: pessoa que exerce atividades de alimenta\u00e7\u00e3o, higiene e locomo\u00e7\u00e3o do estudante com defici\u00eancia e atua em todas as atividades escolares nas quais se fizer necess\u00e1ria, em todos os n\u00edveis e modalidades de ensino, em institui\u00e7\u00f5es p\u00fablicas e privadas, exclu\u00eddas as t\u00e9cnicas ou os procedimentos identificados com profiss\u00f5es legalmente estabelecidas\u201d.<\/p>\n\n\n\n<p>A <strong>alternativa B<\/strong> est\u00e1 incorreta, pois trata-se de pessoa com modalidade reduzida, nos termos do art. 3\u00ba, inc. IX, do Estatuto da Pessoa com Defici\u00eancia: Art. 3\u00ba Para fins de aplica\u00e7\u00e3o desta Lei, consideram-se: IX &#8211; pessoa com mobilidade reduzida: aquela que tenha, por qualquer motivo, dificuldade de movimenta\u00e7\u00e3o, permanente ou tempor\u00e1ria, gerando redu\u00e7\u00e3o efetiva da mobilidade, da flexibilidade, da coordena\u00e7\u00e3o motora ou da percep\u00e7\u00e3o, incluindo idoso, gestante, lactante, pessoa com crian\u00e7a de colo e obeso\u201d.<\/p>\n\n\n\n<p>A <strong>alternativa C<\/strong> est\u00e1 correta, conforme o art. 3\u00ba, inc. XII, do Estatuto da Pessoa com Defici\u00eancia: \u201cArt. 3\u00ba Para fins de aplica\u00e7\u00e3o desta Lei, consideram-se: XII &#8211; atendente pessoal: pessoa, membro ou n\u00e3o da fam\u00edlia, que, com ou sem remunera\u00e7\u00e3o, assiste ou presta cuidados b\u00e1sicos e essenciais \u00e0 pessoa com defici\u00eancia no exerc\u00edcio de suas atividades di\u00e1rias, exclu\u00eddas as t\u00e9cnicas ou os procedimentos identificados com profiss\u00f5es legalmente estabelecidas\u201d.<\/p>\n\n\n\n<p>A <strong>alternativa D<\/strong> est\u00e1 incorreta, pois trata-se da defini\u00e7\u00e3o de pessoa com defici\u00eancia, nos termos do art. 2\u00ba do Estatuto da Pessoa com Defici\u00eancia: \u201cArt. 2\u00ba Considera-se pessoa com defici\u00eancia aquela que tem impedimento de longo prazo de natureza f\u00edsica, mental, intelectual ou sensorial, o qual, em intera\u00e7\u00e3o com uma ou mais barreiras, pode obstruir sua participa\u00e7\u00e3o plena e efetiva na sociedade em igualdade de condi\u00e7\u00f5es com as demais pessoas\u201d.<\/p>\n\n\n\n<p>A <strong>alternativa E<\/strong> est\u00e1 incorreta, pois trata-se da defini\u00e7\u00e3o de moradia, nos termos do art. 3\u00ba, inc. XI, do Estatuto da Pessoa com Defici\u00eancia: \u201cArt. 3\u00ba Para fins de aplica\u00e7\u00e3o desta Lei, consideram-se: XI &#8211; moradia para a vida independente da pessoa com defici\u00eancia: moradia com estruturas adequadas capazes de proporcionar servi\u00e7os de apoio coletivos e individualizados que respeitem e ampliem o grau de autonomia de jovens e adultos com defici\u00eancia\u201d.<\/p>\n\n\n\n<figure class=\"wp-block-image size-full\"><img loading=\"lazy\" decoding=\"async\" width=\"694\" height=\"670\" src=\"https:\/\/dhg1h5j42swfq.cloudfront.net\/2022\/09\/11234450\/image-141.png\" alt=\"\" class=\"wp-image-1092723\" srcset=\"https:\/\/dhg1h5j42swfq.cloudfront.net\/2022\/09\/11234450\/image-141.png 694w, https:\/\/dhg1h5j42swfq.cloudfront.net\/2022\/09\/11234450\/image-141-300x290.png 300w, https:\/\/dhg1h5j42swfq.cloudfront.net\/2022\/09\/11234450\/image-141-610x589.png 610w, https:\/\/dhg1h5j42swfq.cloudfront.net\/2022\/09\/11234450\/image-141-150x145.png 150w\" sizes=\"auto, (max-width: 694px) 100vw, 694px\" \/><\/figure>\n\n\n\n<p><strong>Coment\u00e1rios:<\/strong><\/p>\n\n\n\n<p>A primeira afirmativa est\u00e1 <strong>correta<\/strong>, conforme o art. 7\u00ba do Estatuto da Pessoa com Defici\u00eancia: \u201cArt. 7\u00ba \u00c9 dever de todos comunicar \u00e0 autoridade competente qualquer forma de amea\u00e7a ou de viola\u00e7\u00e3o aos direitos da pessoa com defici\u00eancia\u201d.<\/p>\n\n\n\n<p>A segunda afirmativa est\u00e1 <strong>correta<\/strong>, conforme o par\u00e1grafo \u00fanico do art. 7\u00ba, do Estatuto da Pessoa com Defici\u00eancia: \u201cArt. 7\u00ba. Par\u00e1grafo \u00fanico. Se, no exerc\u00edcio de suas fun\u00e7\u00f5es, os ju\u00edzes e os tribunais tiverem conhecimento de fatos que caracterizem as viola\u00e7\u00f5es previstas nesta Lei, devem remeter pe\u00e7as ao Minist\u00e9rio P\u00fablico para as provid\u00eancias cab\u00edveis\u201d.<\/p>\n\n\n\n<p>A terceira afirmativa \u00e9 <strong>falsa<\/strong>, conforme \u00e9 poss\u00edvel depreender pelo expresso no \u00a72\u00ba, do art. 4\u00ba, do Estatuto da Pessoa com Defici\u00eancia: \u201cArt. 2\u00ba. \u00a7 2\u00ba A pessoa com defici\u00eancia n\u00e3o est\u00e1 obrigada \u00e0 frui\u00e7\u00e3o de benef\u00edcios decorrentes de a\u00e7\u00e3o afirmativa\u201d.<\/p>\n\n\n\n<p>Assim, est\u00e1 correta a <strong>alternativa B.<\/strong><\/p>\n\n\n\n<p>Assim, n\u00e3o visualizei possibilidade de recurso.<\/p>\n\n\n\n<p>Espero que voc\u00ea tenha ido bem na prova!<br \/>Voc\u00ea j\u00e1 est\u00e1 preparado para as pr\u00f3ximas etapas? O Estrat\u00e9gia tem cursos para todas as etapas da PC\/BA e eu sou o Professor respons\u00e1vel pelo Direito Civil! Fique ligado!<\/p>\n\n\n\n<p>Abra\u00e7o,<\/p>\n\n\n\n<p><a href=\"https:\/\/www.estrategiaconcursos.com.br\/cursosPorProfessor\/paulo-h-m-sousa-3384\/\">Paulo H M Sousa<\/a><\/p>\n\n\n\n<p><a href=\"http:\/\/www.instagram.com.br\/prof.phms\">Instagram<\/a><\/p>\n\n\n\n<p><a href=\"https:\/\/www.youtube.com\/channel\/UC5BNzTLlcneB_x1aUAhXBAg\">Youtube<\/a><\/p>\n","protected":false},"excerpt":{"rendered":"<p>Eu, Prof. Paulo Sousa (IG\u00a0e\u00a0YT), vou apresentar o gabarito da prova objetiva de Direito Civil e Legisla\u00e7\u00e3o Civil Especial da PC\/BA \u2013 Delegado. Vou fazer alguns coment\u00e1rios sobre a prova e analisar a possibilidade de recursos. Vamos l\u00e1 Coment\u00e1rio: A alternativa A est\u00e1 incorreta, pois a situa\u00e7\u00e3o hipot\u00e9tica n\u00e3o descreve uma situa\u00e7\u00e3o de fraude contra [&hellip;]<\/p>\n","protected":false},"author":1094,"featured_media":0,"comment_status":"open","ping_status":"closed","sticky":false,"template":"","format":"standard","meta":{"post_tipo":"article","footnotes":""},"categories":[1],"tags":[],"tax_estado":[],"class_list":["post-1092714","post","type-post","status-publish","format-standard","hentry","category-cursos-e-concursos"],"acf":[],"yoast_head":"<!-- This site is optimized with the Yoast SEO Premium plugin v27.2 (Yoast SEO v27.2) - https:\/\/yoast.com\/product\/yoast-seo-premium-wordpress\/ -->\n<title>RECURSO e Gabarito: PC\/BA \u2013 Direito Civil e Legisla\u00e7\u00e3o Civil Especial<\/title>\n<meta name=\"robots\" content=\"index, follow, max-snippet:-1, max-image-preview:large, max-video-preview:-1\" \/>\n<link rel=\"canonical\" href=\"https:\/\/www.estrategiaconcursos.com.br\/blog\/recurso-e-gabarito-pc-ba-direito-civil-e-legislacao-civil-especial\/\" \/>\n<meta property=\"og:locale\" content=\"pt_BR\" \/>\n<meta property=\"og:type\" content=\"article\" \/>\n<meta property=\"og:title\" content=\"RECURSO e Gabarito: PC\/BA \u2013 Direito Civil e Legisla\u00e7\u00e3o Civil Especial\" \/>\n<meta property=\"og:description\" content=\"Eu, Prof. Paulo Sousa (IG\u00a0e\u00a0YT), vou apresentar o gabarito da prova objetiva de Direito Civil e Legisla\u00e7\u00e3o Civil Especial da PC\/BA \u2013 Delegado. Vou fazer alguns coment\u00e1rios sobre a prova e analisar a possibilidade de recursos. Vamos l\u00e1 Coment\u00e1rio: A alternativa A est\u00e1 incorreta, pois a situa\u00e7\u00e3o hipot\u00e9tica n\u00e3o descreve uma situa\u00e7\u00e3o de fraude contra [&hellip;]\" \/>\n<meta property=\"og:url\" content=\"https:\/\/www.estrategiaconcursos.com.br\/blog\/recurso-e-gabarito-pc-ba-direito-civil-e-legislacao-civil-especial\/\" \/>\n<meta property=\"og:site_name\" content=\"Estrat\u00e9gia Concursos\" \/>\n<meta property=\"article:published_time\" content=\"2022-09-12T02:46:08+00:00\" \/>\n<meta property=\"article:modified_time\" content=\"2023-05-17T16:44:34+00:00\" \/>\n<meta property=\"og:image\" content=\"https:\/\/www.estrategiaconcursos.com.br\/blog\/wp-content\/uploads\/2022\/09\/image-134.png\" \/>\n<meta name=\"author\" content=\"Paulo Sousa (Coord.)\" \/>\n<meta name=\"twitter:card\" content=\"summary_large_image\" \/>\n<meta name=\"twitter:creator\" content=\"@EstratConcursos\" \/>\n<meta name=\"twitter:site\" content=\"@EstratConcursos\" \/>\n<meta name=\"twitter:label1\" content=\"Escrito por\" \/>\n\t<meta name=\"twitter:data1\" content=\"Paulo Sousa (Coord.)\" \/>\n\t<meta name=\"twitter:label2\" content=\"Est. tempo de leitura\" \/>\n\t<meta name=\"twitter:data2\" content=\"9 minutos\" \/>\n<script type=\"application\/ld+json\" class=\"yoast-schema-graph\">{\"@context\":\"https:\/\/schema.org\",\"@graph\":[{\"@type\":\"NewsArticle\",\"@id\":\"https:\/\/www.estrategiaconcursos.com.br\/blog\/recurso-e-gabarito-pc-ba-direito-civil-e-legislacao-civil-especial\/#article\",\"isPartOf\":{\"@id\":\"https:\/\/www.estrategiaconcursos.com.br\/blog\/recurso-e-gabarito-pc-ba-direito-civil-e-legislacao-civil-especial\/\"},\"author\":{\"name\":\"Paulo Sousa (Coord.)\",\"@id\":\"https:\/\/www.estrategiaconcursos.com.br\/blog\/#\/schema\/person\/f6cf94f3aa8ed75620a4506ad577b88a\"},\"headline\":\"RECURSO e Gabarito: PC\/BA \u2013 Direito Civil e Legisla\u00e7\u00e3o Civil Especial\",\"datePublished\":\"2022-09-12T02:46:08+00:00\",\"dateModified\":\"2023-05-17T16:44:34+00:00\",\"mainEntityOfPage\":{\"@id\":\"https:\/\/www.estrategiaconcursos.com.br\/blog\/recurso-e-gabarito-pc-ba-direito-civil-e-legislacao-civil-especial\/\"},\"wordCount\":1904,\"commentCount\":0,\"publisher\":{\"@id\":\"https:\/\/www.estrategiaconcursos.com.br\/blog\/#organization\"},\"image\":{\"@id\":\"https:\/\/www.estrategiaconcursos.com.br\/blog\/recurso-e-gabarito-pc-ba-direito-civil-e-legislacao-civil-especial\/#primaryimage\"},\"thumbnailUrl\":\"https:\/\/www.estrategiaconcursos.com.br\/blog\/wp-content\/uploads\/2022\/09\/image-134.png\",\"articleSection\":[\"Concursos P\u00fablicos\"],\"inLanguage\":\"pt-BR\",\"potentialAction\":[{\"@type\":\"CommentAction\",\"name\":\"Comment\",\"target\":[\"https:\/\/www.estrategiaconcursos.com.br\/blog\/recurso-e-gabarito-pc-ba-direito-civil-e-legislacao-civil-especial\/#respond\"]}],\"copyrightYear\":\"2022\",\"copyrightHolder\":{\"@id\":\"https:\/\/www.estrategiaconcursos.com.br\/blog\/#organization\"}},{\"@type\":\"WebPage\",\"@id\":\"https:\/\/www.estrategiaconcursos.com.br\/blog\/recurso-e-gabarito-pc-ba-direito-civil-e-legislacao-civil-especial\/\",\"url\":\"https:\/\/www.estrategiaconcursos.com.br\/blog\/recurso-e-gabarito-pc-ba-direito-civil-e-legislacao-civil-especial\/\",\"name\":\"RECURSO e Gabarito: PC\/BA \u2013 Direito Civil e Legisla\u00e7\u00e3o Civil Especial\",\"isPartOf\":{\"@id\":\"https:\/\/www.estrategiaconcursos.com.br\/blog\/#website\"},\"primaryImageOfPage\":{\"@id\":\"https:\/\/www.estrategiaconcursos.com.br\/blog\/recurso-e-gabarito-pc-ba-direito-civil-e-legislacao-civil-especial\/#primaryimage\"},\"image\":{\"@id\":\"https:\/\/www.estrategiaconcursos.com.br\/blog\/recurso-e-gabarito-pc-ba-direito-civil-e-legislacao-civil-especial\/#primaryimage\"},\"thumbnailUrl\":\"https:\/\/www.estrategiaconcursos.com.br\/blog\/wp-content\/uploads\/2022\/09\/image-134.png\",\"datePublished\":\"2022-09-12T02:46:08+00:00\",\"dateModified\":\"2023-05-17T16:44:34+00:00\",\"breadcrumb\":{\"@id\":\"https:\/\/www.estrategiaconcursos.com.br\/blog\/recurso-e-gabarito-pc-ba-direito-civil-e-legislacao-civil-especial\/#breadcrumb\"},\"inLanguage\":\"pt-BR\",\"potentialAction\":[{\"@type\":\"ReadAction\",\"target\":[\"https:\/\/www.estrategiaconcursos.com.br\/blog\/recurso-e-gabarito-pc-ba-direito-civil-e-legislacao-civil-especial\/\"]}]},{\"@type\":\"ImageObject\",\"inLanguage\":\"pt-BR\",\"@id\":\"https:\/\/www.estrategiaconcursos.com.br\/blog\/recurso-e-gabarito-pc-ba-direito-civil-e-legislacao-civil-especial\/#primaryimage\",\"url\":\"https:\/\/dhg1h5j42swfq.cloudfront.net\/2022\/09\/11234347\/image-134.png\",\"contentUrl\":\"https:\/\/dhg1h5j42swfq.cloudfront.net\/2022\/09\/11234347\/image-134.png\",\"width\":596,\"height\":454},{\"@type\":\"BreadcrumbList\",\"@id\":\"https:\/\/www.estrategiaconcursos.com.br\/blog\/recurso-e-gabarito-pc-ba-direito-civil-e-legislacao-civil-especial\/#breadcrumb\",\"itemListElement\":[{\"@type\":\"ListItem\",\"position\":1,\"name\":\"In\u00edcio\",\"item\":\"https:\/\/www.estrategiaconcursos.com.br\/blog\/\"},{\"@type\":\"ListItem\",\"position\":2,\"name\":\"RECURSO e Gabarito: PC\/BA \u2013 Direito Civil e Legisla\u00e7\u00e3o Civil Especial\"}]},{\"@type\":\"WebSite\",\"@id\":\"https:\/\/www.estrategiaconcursos.com.br\/blog\/#website\",\"url\":\"https:\/\/www.estrategiaconcursos.com.br\/blog\/\",\"name\":\"Estrat\u00e9gia Concursos\",\"description\":\"O blog da Estrat\u00e9gia Concursos traz not\u00edcias sobre concursos e artigos de professores oferecendo cursos para concursos (pdf + videaulas) no site.\",\"publisher\":{\"@id\":\"https:\/\/www.estrategiaconcursos.com.br\/blog\/#organization\"},\"potentialAction\":[{\"@type\":\"SearchAction\",\"target\":{\"@type\":\"EntryPoint\",\"urlTemplate\":\"https:\/\/www.estrategiaconcursos.com.br\/blog\/?s={search_term_string}\"},\"query-input\":{\"@type\":\"PropertyValueSpecification\",\"valueRequired\":true,\"valueName\":\"search_term_string\"}}],\"inLanguage\":\"pt-BR\"},{\"@type\":\"Organization\",\"@id\":\"https:\/\/www.estrategiaconcursos.com.br\/blog\/#organization\",\"name\":\"Estrat\u00e9gia Concursos\",\"url\":\"https:\/\/www.estrategiaconcursos.com.br\/blog\/\",\"logo\":{\"@type\":\"ImageObject\",\"inLanguage\":\"pt-BR\",\"@id\":\"https:\/\/www.estrategiaconcursos.com.br\/blog\/#\/schema\/logo\/image\/\",\"url\":\"https:\/\/dhg1h5j42swfq.cloudfront.net\/2025\/06\/03203428\/logo_concursos-1.jpg\",\"contentUrl\":\"https:\/\/dhg1h5j42swfq.cloudfront.net\/2025\/06\/03203428\/logo_concursos-1.jpg\",\"width\":230,\"height\":60,\"caption\":\"Estrat\u00e9gia Concursos\"},\"image\":{\"@id\":\"https:\/\/www.estrategiaconcursos.com.br\/blog\/#\/schema\/logo\/image\/\"},\"sameAs\":[\"https:\/\/x.com\/EstratConcursos\"]},{\"@type\":\"Person\",\"@id\":\"https:\/\/www.estrategiaconcursos.com.br\/blog\/#\/schema\/person\/f6cf94f3aa8ed75620a4506ad577b88a\",\"name\":\"Paulo Sousa (Coord.)\",\"image\":{\"@type\":\"ImageObject\",\"inLanguage\":\"pt-BR\",\"@id\":\"https:\/\/secure.gravatar.com\/avatar\/29f9e2d4ed868d929b68f3762e3577b9db519beed74b347b76e194f9a3293cf1?s=96&d=mm&r=g\",\"url\":\"https:\/\/secure.gravatar.com\/avatar\/29f9e2d4ed868d929b68f3762e3577b9db519beed74b347b76e194f9a3293cf1?s=96&d=mm&r=g\",\"contentUrl\":\"https:\/\/secure.gravatar.com\/avatar\/29f9e2d4ed868d929b68f3762e3577b9db519beed74b347b76e194f9a3293cf1?s=96&d=mm&r=g\",\"caption\":\"Paulo Sousa (Coord.)\"},\"url\":\"https:\/\/www.estrategiaconcursos.com.br\/blog\/author\/prof-phmsestrategiaconcursos-com-br\/\"}]}<\/script>\n<!-- \/ Yoast SEO Premium plugin. -->","yoast_head_json":{"title":"RECURSO e Gabarito: PC\/BA \u2013 Direito Civil e Legisla\u00e7\u00e3o Civil Especial","robots":{"index":"index","follow":"follow","max-snippet":"max-snippet:-1","max-image-preview":"max-image-preview:large","max-video-preview":"max-video-preview:-1"},"canonical":"https:\/\/www.estrategiaconcursos.com.br\/blog\/recurso-e-gabarito-pc-ba-direito-civil-e-legislacao-civil-especial\/","og_locale":"pt_BR","og_type":"article","og_title":"RECURSO e Gabarito: PC\/BA \u2013 Direito Civil e Legisla\u00e7\u00e3o Civil Especial","og_description":"Eu, Prof. Paulo Sousa (IG\u00a0e\u00a0YT), vou apresentar o gabarito da prova objetiva de Direito Civil e Legisla\u00e7\u00e3o Civil Especial da PC\/BA \u2013 Delegado. Vou fazer alguns coment\u00e1rios sobre a prova e analisar a possibilidade de recursos. Vamos l\u00e1 Coment\u00e1rio: A alternativa A est\u00e1 incorreta, pois a situa\u00e7\u00e3o hipot\u00e9tica n\u00e3o descreve uma situa\u00e7\u00e3o de fraude contra [&hellip;]","og_url":"https:\/\/www.estrategiaconcursos.com.br\/blog\/recurso-e-gabarito-pc-ba-direito-civil-e-legislacao-civil-especial\/","og_site_name":"Estrat\u00e9gia Concursos","article_published_time":"2022-09-12T02:46:08+00:00","article_modified_time":"2023-05-17T16:44:34+00:00","og_image":[{"url":"https:\/\/www.estrategiaconcursos.com.br\/blog\/wp-content\/uploads\/2022\/09\/image-134.png","type":"","width":"","height":""}],"author":"Paulo Sousa (Coord.)","twitter_card":"summary_large_image","twitter_creator":"@EstratConcursos","twitter_site":"@EstratConcursos","twitter_misc":{"Escrito por":"Paulo Sousa (Coord.)","Est. tempo de leitura":"9 minutos"},"schema":{"@context":"https:\/\/schema.org","@graph":[{"@type":"NewsArticle","@id":"https:\/\/www.estrategiaconcursos.com.br\/blog\/recurso-e-gabarito-pc-ba-direito-civil-e-legislacao-civil-especial\/#article","isPartOf":{"@id":"https:\/\/www.estrategiaconcursos.com.br\/blog\/recurso-e-gabarito-pc-ba-direito-civil-e-legislacao-civil-especial\/"},"author":{"name":"Paulo Sousa (Coord.)","@id":"https:\/\/www.estrategiaconcursos.com.br\/blog\/#\/schema\/person\/f6cf94f3aa8ed75620a4506ad577b88a"},"headline":"RECURSO e Gabarito: PC\/BA \u2013 Direito Civil e Legisla\u00e7\u00e3o Civil Especial","datePublished":"2022-09-12T02:46:08+00:00","dateModified":"2023-05-17T16:44:34+00:00","mainEntityOfPage":{"@id":"https:\/\/www.estrategiaconcursos.com.br\/blog\/recurso-e-gabarito-pc-ba-direito-civil-e-legislacao-civil-especial\/"},"wordCount":1904,"commentCount":0,"publisher":{"@id":"https:\/\/www.estrategiaconcursos.com.br\/blog\/#organization"},"image":{"@id":"https:\/\/www.estrategiaconcursos.com.br\/blog\/recurso-e-gabarito-pc-ba-direito-civil-e-legislacao-civil-especial\/#primaryimage"},"thumbnailUrl":"https:\/\/www.estrategiaconcursos.com.br\/blog\/wp-content\/uploads\/2022\/09\/image-134.png","articleSection":["Concursos P\u00fablicos"],"inLanguage":"pt-BR","potentialAction":[{"@type":"CommentAction","name":"Comment","target":["https:\/\/www.estrategiaconcursos.com.br\/blog\/recurso-e-gabarito-pc-ba-direito-civil-e-legislacao-civil-especial\/#respond"]}],"copyrightYear":"2022","copyrightHolder":{"@id":"https:\/\/www.estrategiaconcursos.com.br\/blog\/#organization"}},{"@type":"WebPage","@id":"https:\/\/www.estrategiaconcursos.com.br\/blog\/recurso-e-gabarito-pc-ba-direito-civil-e-legislacao-civil-especial\/","url":"https:\/\/www.estrategiaconcursos.com.br\/blog\/recurso-e-gabarito-pc-ba-direito-civil-e-legislacao-civil-especial\/","name":"RECURSO e Gabarito: PC\/BA \u2013 Direito Civil e Legisla\u00e7\u00e3o Civil Especial","isPartOf":{"@id":"https:\/\/www.estrategiaconcursos.com.br\/blog\/#website"},"primaryImageOfPage":{"@id":"https:\/\/www.estrategiaconcursos.com.br\/blog\/recurso-e-gabarito-pc-ba-direito-civil-e-legislacao-civil-especial\/#primaryimage"},"image":{"@id":"https:\/\/www.estrategiaconcursos.com.br\/blog\/recurso-e-gabarito-pc-ba-direito-civil-e-legislacao-civil-especial\/#primaryimage"},"thumbnailUrl":"https:\/\/www.estrategiaconcursos.com.br\/blog\/wp-content\/uploads\/2022\/09\/image-134.png","datePublished":"2022-09-12T02:46:08+00:00","dateModified":"2023-05-17T16:44:34+00:00","breadcrumb":{"@id":"https:\/\/www.estrategiaconcursos.com.br\/blog\/recurso-e-gabarito-pc-ba-direito-civil-e-legislacao-civil-especial\/#breadcrumb"},"inLanguage":"pt-BR","potentialAction":[{"@type":"ReadAction","target":["https:\/\/www.estrategiaconcursos.com.br\/blog\/recurso-e-gabarito-pc-ba-direito-civil-e-legislacao-civil-especial\/"]}]},{"@type":"ImageObject","inLanguage":"pt-BR","@id":"https:\/\/www.estrategiaconcursos.com.br\/blog\/recurso-e-gabarito-pc-ba-direito-civil-e-legislacao-civil-especial\/#primaryimage","url":"https:\/\/dhg1h5j42swfq.cloudfront.net\/2022\/09\/11234347\/image-134.png","contentUrl":"https:\/\/dhg1h5j42swfq.cloudfront.net\/2022\/09\/11234347\/image-134.png","width":596,"height":454},{"@type":"BreadcrumbList","@id":"https:\/\/www.estrategiaconcursos.com.br\/blog\/recurso-e-gabarito-pc-ba-direito-civil-e-legislacao-civil-especial\/#breadcrumb","itemListElement":[{"@type":"ListItem","position":1,"name":"In\u00edcio","item":"https:\/\/www.estrategiaconcursos.com.br\/blog\/"},{"@type":"ListItem","position":2,"name":"RECURSO e Gabarito: PC\/BA \u2013 Direito Civil e Legisla\u00e7\u00e3o Civil Especial"}]},{"@type":"WebSite","@id":"https:\/\/www.estrategiaconcursos.com.br\/blog\/#website","url":"https:\/\/www.estrategiaconcursos.com.br\/blog\/","name":"Estrat\u00e9gia Concursos","description":"O blog da Estrat\u00e9gia Concursos traz not\u00edcias sobre concursos e artigos de professores oferecendo cursos para concursos (pdf + videaulas) no site.","publisher":{"@id":"https:\/\/www.estrategiaconcursos.com.br\/blog\/#organization"},"potentialAction":[{"@type":"SearchAction","target":{"@type":"EntryPoint","urlTemplate":"https:\/\/www.estrategiaconcursos.com.br\/blog\/?s={search_term_string}"},"query-input":{"@type":"PropertyValueSpecification","valueRequired":true,"valueName":"search_term_string"}}],"inLanguage":"pt-BR"},{"@type":"Organization","@id":"https:\/\/www.estrategiaconcursos.com.br\/blog\/#organization","name":"Estrat\u00e9gia Concursos","url":"https:\/\/www.estrategiaconcursos.com.br\/blog\/","logo":{"@type":"ImageObject","inLanguage":"pt-BR","@id":"https:\/\/www.estrategiaconcursos.com.br\/blog\/#\/schema\/logo\/image\/","url":"https:\/\/dhg1h5j42swfq.cloudfront.net\/2025\/06\/03203428\/logo_concursos-1.jpg","contentUrl":"https:\/\/dhg1h5j42swfq.cloudfront.net\/2025\/06\/03203428\/logo_concursos-1.jpg","width":230,"height":60,"caption":"Estrat\u00e9gia Concursos"},"image":{"@id":"https:\/\/www.estrategiaconcursos.com.br\/blog\/#\/schema\/logo\/image\/"},"sameAs":["https:\/\/x.com\/EstratConcursos"]},{"@type":"Person","@id":"https:\/\/www.estrategiaconcursos.com.br\/blog\/#\/schema\/person\/f6cf94f3aa8ed75620a4506ad577b88a","name":"Paulo Sousa (Coord.)","image":{"@type":"ImageObject","inLanguage":"pt-BR","@id":"https:\/\/secure.gravatar.com\/avatar\/29f9e2d4ed868d929b68f3762e3577b9db519beed74b347b76e194f9a3293cf1?s=96&d=mm&r=g","url":"https:\/\/secure.gravatar.com\/avatar\/29f9e2d4ed868d929b68f3762e3577b9db519beed74b347b76e194f9a3293cf1?s=96&d=mm&r=g","contentUrl":"https:\/\/secure.gravatar.com\/avatar\/29f9e2d4ed868d929b68f3762e3577b9db519beed74b347b76e194f9a3293cf1?s=96&d=mm&r=g","caption":"Paulo Sousa (Coord.)"},"url":"https:\/\/www.estrategiaconcursos.com.br\/blog\/author\/prof-phmsestrategiaconcursos-com-br\/"}]}},"_links":{"self":[{"href":"https:\/\/www.estrategiaconcursos.com.br\/blog\/wp-json\/wp\/v2\/posts\/1092714","targetHints":{"allow":["GET"]}}],"collection":[{"href":"https:\/\/www.estrategiaconcursos.com.br\/blog\/wp-json\/wp\/v2\/posts"}],"about":[{"href":"https:\/\/www.estrategiaconcursos.com.br\/blog\/wp-json\/wp\/v2\/types\/post"}],"author":[{"embeddable":true,"href":"https:\/\/www.estrategiaconcursos.com.br\/blog\/wp-json\/wp\/v2\/users\/1094"}],"replies":[{"embeddable":true,"href":"https:\/\/www.estrategiaconcursos.com.br\/blog\/wp-json\/wp\/v2\/comments?post=1092714"}],"version-history":[{"count":2,"href":"https:\/\/www.estrategiaconcursos.com.br\/blog\/wp-json\/wp\/v2\/posts\/1092714\/revisions"}],"predecessor-version":[{"id":1217793,"href":"https:\/\/www.estrategiaconcursos.com.br\/blog\/wp-json\/wp\/v2\/posts\/1092714\/revisions\/1217793"}],"wp:attachment":[{"href":"https:\/\/www.estrategiaconcursos.com.br\/blog\/wp-json\/wp\/v2\/media?parent=1092714"}],"wp:term":[{"taxonomy":"category","embeddable":true,"href":"https:\/\/www.estrategiaconcursos.com.br\/blog\/wp-json\/wp\/v2\/categories?post=1092714"},{"taxonomy":"post_tag","embeddable":true,"href":"https:\/\/www.estrategiaconcursos.com.br\/blog\/wp-json\/wp\/v2\/tags?post=1092714"},{"taxonomy":"tax_estado","embeddable":true,"href":"https:\/\/www.estrategiaconcursos.com.br\/blog\/wp-json\/wp\/v2\/tax_estado?post=1092714"}],"curies":[{"name":"wp","href":"https:\/\/api.w.org\/{rel}","templated":true}]}}