{"id":1092701,"date":"2022-09-11T21:44:35","date_gmt":"2022-09-12T00:44:35","guid":{"rendered":"https:\/\/www.estrategiaconcursos.com.br\/blog\/?p=1092701"},"modified":"2022-09-11T21:44:37","modified_gmt":"2022-09-12T00:44:37","slug":"recurso-e-gabarito-pc-es-direito-civil-2","status":"publish","type":"post","link":"https:\/\/www.estrategiaconcursos.com.br\/blog\/recurso-e-gabarito-pc-es-direito-civil-2\/","title":{"rendered":"RECURSO e Gabarito: PC\/ES \u2013 Direito Civil"},"content":{"rendered":"\n<p>Eu, Prof. Paulo Sousa (IG, FB e YT), vou apresentar o gabarito da prova objetiva de Direito Civil da PC\/ES \u2013 Delegado. Vou fazer alguns coment\u00e1rios sobre a prova e analisar a possibilidade de recursos.<\/p>\n\n\n\n<p>Vamos l\u00e1<\/p>\n\n\n\n<figure class=\"wp-block-image size-full\"><img loading=\"lazy\" decoding=\"async\" width=\"695\" height=\"640\" src=\"https:\/\/dhg1h5j42swfq.cloudfront.net\/2022\/09\/11214309\/image-128.png\" alt=\"\" class=\"wp-image-1092702\" srcset=\"https:\/\/dhg1h5j42swfq.cloudfront.net\/2022\/09\/11214309\/image-128.png 695w, https:\/\/dhg1h5j42swfq.cloudfront.net\/2022\/09\/11214309\/image-128-300x276.png 300w, https:\/\/dhg1h5j42swfq.cloudfront.net\/2022\/09\/11214309\/image-128-610x562.png 610w, https:\/\/dhg1h5j42swfq.cloudfront.net\/2022\/09\/11214309\/image-128-150x138.png 150w\" sizes=\"auto, (max-width: 695px) 100vw, 695px\" \/><\/figure>\n\n\n\n<p><strong>Coment\u00e1rios:<\/strong><\/p>\n\n\n\n<p>A <strong>alternativa E<\/strong> est\u00e1 correta, pois a pretens\u00e3o para requerer repara\u00e7\u00e3o civil, prescreve em tr\u00eas anos, nos termos do art. 206, \u00a73\u00ba, inc. V, do CC: \u201cArt. 206. \u00a7 3\u00ba Em tr\u00eas anos: V &#8211; a pretens\u00e3o de repara\u00e7\u00e3o civil\u201d. &nbsp;Al\u00e9m disso, o prazo somente tem in\u00edcio, a partir da senten\u00e7a criminal definitiva, nos termos do art. 200 do CC: \u201cArt. 200. Quando a a\u00e7\u00e3o se originar de fato que deva ser apurado no ju\u00edzo criminal, n\u00e3o correr\u00e1 a prescri\u00e7\u00e3o antes da respectiva senten\u00e7a definitiva\u201d.<\/p>\n\n\n\n<p>Consequentemente, est\u00e3o incorretas as <strong>alternativas A, B, C e D.<\/strong><\/p>\n\n\n\n<figure class=\"wp-block-image size-full\"><img loading=\"lazy\" decoding=\"async\" width=\"697\" height=\"443\" src=\"https:\/\/dhg1h5j42swfq.cloudfront.net\/2022\/09\/11214317\/image-129.png\" alt=\"\" class=\"wp-image-1092703\" srcset=\"https:\/\/dhg1h5j42swfq.cloudfront.net\/2022\/09\/11214317\/image-129.png 697w, https:\/\/dhg1h5j42swfq.cloudfront.net\/2022\/09\/11214317\/image-129-300x191.png 300w, https:\/\/dhg1h5j42swfq.cloudfront.net\/2022\/09\/11214317\/image-129-610x388.png 610w, https:\/\/dhg1h5j42swfq.cloudfront.net\/2022\/09\/11214317\/image-129-150x95.png 150w\" sizes=\"auto, (max-width: 697px) 100vw, 697px\" \/><\/figure>\n\n\n\n<p><strong>Coment\u00e1rios:<\/strong><\/p>\n\n\n\n<p>A <strong>alternativa A<\/strong> est\u00e1 incorreta, pois a escolha cabe ao devedor, conforme dia o art. 252 do CC: \u201cArt. 252. Nas obriga\u00e7\u00f5es alternativas, a escolha cabe ao devedor, se outra coisa n\u00e3o se estipulou\u201d.<\/p>\n\n\n\n<p>A <strong>alternativa B<\/strong> est\u00e1 correta, conforme o art. 256 do CC: \u201cArt. 256. Se todas as presta\u00e7\u00f5es se tornarem imposs\u00edveis sem culpa do devedor, extinguir-se-\u00e1 a obriga\u00e7\u00e3o\u201d.<\/p>\n\n\n\n<p>A <strong>alternativa C<\/strong> est\u00e1 incorreta, conforme o art. 257 do CC: \u201cArt. 257. Havendo mais de um devedor ou mais de um credor em obriga\u00e7\u00e3o divis\u00edvel, esta presume-se dividida em tantas obriga\u00e7\u00f5es, iguais e distintas, quantos os credores ou devedores\u201d.<\/p>\n\n\n\n<p>A <strong>alternativa D<\/strong> est\u00e1 incorreta, conforme o \u00a72\u00ba, do art. 252, do CC: \u201cArt. 252. \u00a7 2\u00ba Quando a obriga\u00e7\u00e3o for de presta\u00e7\u00f5es peri\u00f3dicas, a faculdade de op\u00e7\u00e3o poder\u00e1 ser exercida em cada per\u00edodo\u201d.<\/p>\n\n\n\n<p>A <strong>alternativa E<\/strong> est\u00e1 incorreta, conforme o \u00a71\u00ba, do art. 252, do CC: \u201c\u00a7 1 o N\u00e3o pode o devedor obrigar o credor a receber parte em uma presta\u00e7\u00e3o e parte em outra\u201d.<\/p>\n\n\n\n<figure class=\"wp-block-image size-full\"><img loading=\"lazy\" decoding=\"async\" width=\"697\" height=\"497\" src=\"https:\/\/dhg1h5j42swfq.cloudfront.net\/2022\/09\/11214324\/image-130.png\" alt=\"\" class=\"wp-image-1092704\" srcset=\"https:\/\/dhg1h5j42swfq.cloudfront.net\/2022\/09\/11214324\/image-130.png 697w, https:\/\/dhg1h5j42swfq.cloudfront.net\/2022\/09\/11214324\/image-130-300x214.png 300w, https:\/\/dhg1h5j42swfq.cloudfront.net\/2022\/09\/11214324\/image-130-610x435.png 610w, https:\/\/dhg1h5j42swfq.cloudfront.net\/2022\/09\/11214324\/image-130-150x107.png 150w\" sizes=\"auto, (max-width: 697px) 100vw, 697px\" \/><\/figure>\n\n\n\n<p><strong>Coment\u00e1rios:<\/strong><\/p>\n\n\n\n<p>A <strong>alternativa A<\/strong> est\u00e1 incorreta, conforme o art. 110 do CC: \u201cArt. 110. A manifesta\u00e7\u00e3o de vontade subsiste ainda que o seu autor haja feito a reserva mental de n\u00e3o querer o que manifestou, salvo se dela o destinat\u00e1rio tinha conhecimento\u201d.<\/p>\n\n\n\n<p>A <strong>alternativa B<\/strong> est\u00e1 correta, conforme o art. 138 do CC: \u201cArt. 138. S\u00e3o anul\u00e1veis os neg\u00f3cios jur\u00eddicos, quando as declara\u00e7\u00f5es de vontade emanarem de erro substancial que poderia ser percebido por pessoa de dilig\u00eancia normal, em face das circunst\u00e2ncias do neg\u00f3cio.<\/p>\n\n\n\n<p>A <strong>alternativa C<\/strong> est\u00e1 incorreta, conforme o art. 104 e incisos, do CC: \u201cArt. 104. A validade do neg\u00f3cio jur\u00eddico requer: I &#8211; agente capaz; II &#8211; objeto l\u00edcito, poss\u00edvel, determinado ou determin\u00e1vel; III &#8211; forma prescrita ou n\u00e3o defesa em lei\u201d.<\/p>\n\n\n\n<p>A <strong>alternativa D<\/strong> est\u00e1 incorreta, conforme o art. 173 do CC: \u201cArt. 173. O ato de confirma\u00e7\u00e3o deve conter a subst\u00e2ncia do neg\u00f3cio celebrado e a vontade expressa de mant\u00ea-lo\u201d.<\/p>\n\n\n\n<p>A <strong>alternativa E<\/strong> est\u00e1 incorreta, conforme o art. 183 do CC: \u201cArt. 183. A invalidade do instrumento n\u00e3o induz a do neg\u00f3cio jur\u00eddico sempre que este puder provar-se por outro meio\u201d.<\/p>\n\n\n\n<figure class=\"wp-block-image size-full\"><img loading=\"lazy\" decoding=\"async\" width=\"584\" height=\"784\" src=\"https:\/\/dhg1h5j42swfq.cloudfront.net\/2022\/09\/11214331\/image-131.png\" alt=\"\" class=\"wp-image-1092705\" srcset=\"https:\/\/dhg1h5j42swfq.cloudfront.net\/2022\/09\/11214331\/image-131.png 584w, https:\/\/dhg1h5j42swfq.cloudfront.net\/2022\/09\/11214331\/image-131-223x300.png 223w, https:\/\/dhg1h5j42swfq.cloudfront.net\/2022\/09\/11214331\/image-131-150x201.png 150w\" sizes=\"auto, (max-width: 584px) 100vw, 584px\" \/><\/figure>\n\n\n\n<p><strong>Coment\u00e1rios:<\/strong><\/p>\n\n\n\n<p>A <strong>alternativa B<\/strong> est\u00e1 correta, uma vez que a cl\u00e1usula resolutiva expressa, opera de pleno direito, nos termos do art. 474 do CC: \u201cArt. 474. A cl\u00e1usula resolutiva expressa opera de pleno direito; a t\u00e1cita depende de interpela\u00e7\u00e3o judicial\u201d. Ademais, diante do inadimplemento, \u00e9 poss\u00edvel que a parte lesada requeira a resolu\u00e7\u00e3o do contrato, nos termos do art. 475 do CC: \u201cArt. 475. A parte lesada pelo inadimplemento pode pedir a resolu\u00e7\u00e3o do contrato, se n\u00e3o preferir exigir-lhe o cumprimento, cabendo, em qualquer dos casos, indeniza\u00e7\u00e3o por perdas e danos\u201d.<\/p>\n\n\n\n<figure class=\"wp-block-image size-full\"><img loading=\"lazy\" decoding=\"async\" width=\"592\" height=\"348\" src=\"https:\/\/dhg1h5j42swfq.cloudfront.net\/2022\/09\/11214338\/image-132.png\" alt=\"\" class=\"wp-image-1092706\" srcset=\"https:\/\/dhg1h5j42swfq.cloudfront.net\/2022\/09\/11214338\/image-132.png 592w, https:\/\/dhg1h5j42swfq.cloudfront.net\/2022\/09\/11214338\/image-132-300x176.png 300w, https:\/\/dhg1h5j42swfq.cloudfront.net\/2022\/09\/11214338\/image-132-150x88.png 150w\" sizes=\"auto, (max-width: 592px) 100vw, 592px\" \/><\/figure>\n\n\n\n<p><strong>Coment\u00e1rios:<\/strong><\/p>\n\n\n\n<p>A <strong>alternativa A<\/strong> est\u00e1 incorreta, conforme o art. 171, inc. I, do CC: \u201cArt. 171. Al\u00e9m dos casos expressamente declarados na lei, \u00e9 anul\u00e1vel o neg\u00f3cio jur\u00eddico: I &#8211; por incapacidade relativa do agente\u201d.<\/p>\n\n\n\n<p>A <strong>alternativa B<\/strong> est\u00e1 incorreta, conforme o art. 171, inc. II, do CC: \u201cArt. 171. Al\u00e9m dos casos expressamente declarados na lei, \u00e9 anul\u00e1vel o neg\u00f3cio jur\u00eddico: II &#8211; por v\u00edcio resultante de erro, dolo, coa\u00e7\u00e3o, estado de perigo, les\u00e3o ou fraude contra credores\u201d.<\/p>\n\n\n\n<p>A <strong>alternativa C<\/strong> est\u00e1 correta, conforme o art. 167 do CC: \u201cArt. 167. \u00c9 nulo o neg\u00f3cio jur\u00eddico simulado, mas subsistir\u00e1 o que se dissimulou, se v\u00e1lido for na subst\u00e2ncia e na forma\u2019.<\/p>\n\n\n\n<p>A <strong>alternativa D<\/strong> est\u00e1 incorreta, conforme o art. 171, inc. II, do CC.<\/p>\n\n\n\n<p>A <strong>alternativa E<\/strong> est\u00e1 incorreta, conforme o art. 171, inc. II, do CC.<\/p>\n\n\n\n<figure class=\"wp-block-image size-full\"><img loading=\"lazy\" decoding=\"async\" width=\"704\" height=\"805\" src=\"https:\/\/dhg1h5j42swfq.cloudfront.net\/2022\/09\/11214346\/image-133.png\" alt=\"\" class=\"wp-image-1092707\" srcset=\"https:\/\/dhg1h5j42swfq.cloudfront.net\/2022\/09\/11214346\/image-133.png 704w, https:\/\/dhg1h5j42swfq.cloudfront.net\/2022\/09\/11214346\/image-133-262x300.png 262w, https:\/\/dhg1h5j42swfq.cloudfront.net\/2022\/09\/11214346\/image-133-610x698.png 610w, https:\/\/dhg1h5j42swfq.cloudfront.net\/2022\/09\/11214346\/image-133-150x172.png 150w\" sizes=\"auto, (max-width: 704px) 100vw, 704px\" \/><\/figure>\n\n\n\n<p><strong>Coment\u00e1rios:<\/strong><\/p>\n\n\n\n<p>A <strong>alternativa D<\/strong> est\u00e1 correta, pois \u200b\u200ba Terceira Turma do Superior Tribunal de Justi\u00e7a (STJ) considerou que a quebra, por um dos pais, do acordo sobre o nome a ser dado a filho \u00e9 raz\u00e3o suficiente para a altera\u00e7\u00e3o do registro civil: &#8220;O ato do pai que, conscientemente, desrespeita o consenso pr\u00e9vio entre os genitores sobre o nome a ser dado ao filho, al\u00e9m de violar os deveres de lealdade e de boa-f\u00e9, configura ato il\u00edcito e exerc\u00edcio abusivo do poder familiar&#8221;. (REsp 1905614 \/ SP).<\/p>\n\n\n\n<p>Assim, n\u00e3o visualizei possibilidade de recurso.<\/p>\n\n\n\n<p>Espero que voc\u00ea tenha ido bem na prova!<br \/>Voc\u00ea j\u00e1 est\u00e1 preparado para as pr\u00f3ximas etapas? O Estrat\u00e9gia tem cursos para todas as etapas da PC\/ES e eu sou o Professor respons\u00e1vel pelo Direito Civil! Fique ligado!<\/p>\n\n\n\n<p>Abra\u00e7o,<\/p>\n\n\n\n<p><a href=\"https:\/\/www.estrategiaconcursos.com.br\/cursosPorProfessor\/paulo-h-m-sousa-3384\/\">Paulo H M Sousa<\/a><\/p>\n\n\n\n<p><a href=\"http:\/\/www.instagram.com.br\/prof.phms\">Instagram<\/a><\/p>\n\n\n\n<p><a href=\"http:\/\/www.facebook.com.br\/prof.phms\">Facebook<\/a><\/p>\n\n\n\n<p><a href=\"https:\/\/www.youtube.com\/channel\/UC5BNzTLlcneB_x1aUAhXBAg\">Youtube<\/a><\/p>\n","protected":false},"excerpt":{"rendered":"<p>Eu, Prof. Paulo Sousa (IG, FB e YT), vou apresentar o gabarito da prova objetiva de Direito Civil da PC\/ES \u2013 Delegado. Vou fazer alguns coment\u00e1rios sobre a prova e analisar a possibilidade de recursos. Vamos l\u00e1 Coment\u00e1rios: A alternativa E est\u00e1 correta, pois a pretens\u00e3o para requerer repara\u00e7\u00e3o civil, prescreve em tr\u00eas anos, nos [&hellip;]<\/p>\n","protected":false},"author":1094,"featured_media":0,"comment_status":"open","ping_status":"closed","sticky":false,"template":"","format":"standard","meta":{"post_tipo":"article","footnotes":""},"categories":[1],"tags":[],"tax_estado":[],"class_list":["post-1092701","post","type-post","status-publish","format-standard","hentry","category-cursos-e-concursos"],"acf":[],"yoast_head":"<!-- This site is optimized with the Yoast SEO Premium plugin v27.2 (Yoast SEO v27.2) - https:\/\/yoast.com\/product\/yoast-seo-premium-wordpress\/ -->\n<title>RECURSO e Gabarito: PC\/ES \u2013 Direito Civil<\/title>\n<meta name=\"robots\" content=\"index, follow, max-snippet:-1, max-image-preview:large, max-video-preview:-1\" \/>\n<link rel=\"canonical\" href=\"https:\/\/www.estrategiaconcursos.com.br\/blog\/recurso-e-gabarito-pc-es-direito-civil-2\/\" \/>\n<meta property=\"og:locale\" content=\"pt_BR\" \/>\n<meta property=\"og:type\" content=\"article\" \/>\n<meta property=\"og:title\" content=\"RECURSO e Gabarito: PC\/ES \u2013 Direito Civil\" \/>\n<meta property=\"og:description\" content=\"Eu, Prof. Paulo Sousa (IG, FB e YT), vou apresentar o gabarito da prova objetiva de Direito Civil da PC\/ES \u2013 Delegado. Vou fazer alguns coment\u00e1rios sobre a prova e analisar a possibilidade de recursos. Vamos l\u00e1 Coment\u00e1rios: A alternativa E est\u00e1 correta, pois a pretens\u00e3o para requerer repara\u00e7\u00e3o civil, prescreve em tr\u00eas anos, nos [&hellip;]\" \/>\n<meta property=\"og:url\" content=\"https:\/\/www.estrategiaconcursos.com.br\/blog\/recurso-e-gabarito-pc-es-direito-civil-2\/\" \/>\n<meta property=\"og:site_name\" content=\"Estrat\u00e9gia Concursos\" \/>\n<meta property=\"article:published_time\" content=\"2022-09-12T00:44:35+00:00\" \/>\n<meta property=\"article:modified_time\" content=\"2022-09-12T00:44:37+00:00\" \/>\n<meta property=\"og:image\" content=\"https:\/\/www.estrategiaconcursos.com.br\/blog\/wp-content\/uploads\/2022\/09\/image-128.png\" \/>\n<meta name=\"author\" content=\"Paulo Sousa (Coord.)\" \/>\n<meta name=\"twitter:card\" content=\"summary_large_image\" \/>\n<meta name=\"twitter:creator\" content=\"@EstratConcursos\" \/>\n<meta name=\"twitter:site\" content=\"@EstratConcursos\" \/>\n<meta name=\"twitter:label1\" content=\"Escrito por\" \/>\n\t<meta name=\"twitter:data1\" content=\"Paulo Sousa (Coord.)\" \/>\n\t<meta name=\"twitter:label2\" content=\"Est. tempo de leitura\" \/>\n\t<meta name=\"twitter:data2\" content=\"5 minutos\" \/>\n<script type=\"application\/ld+json\" class=\"yoast-schema-graph\">{\"@context\":\"https:\/\/schema.org\",\"@graph\":[{\"@type\":\"NewsArticle\",\"@id\":\"https:\/\/www.estrategiaconcursos.com.br\/blog\/recurso-e-gabarito-pc-es-direito-civil-2\/#article\",\"isPartOf\":{\"@id\":\"https:\/\/www.estrategiaconcursos.com.br\/blog\/recurso-e-gabarito-pc-es-direito-civil-2\/\"},\"author\":{\"name\":\"Paulo Sousa (Coord.)\",\"@id\":\"https:\/\/www.estrategiaconcursos.com.br\/blog\/#\/schema\/person\/f6cf94f3aa8ed75620a4506ad577b88a\"},\"headline\":\"RECURSO e Gabarito: PC\/ES \u2013 Direito Civil\",\"datePublished\":\"2022-09-12T00:44:35+00:00\",\"dateModified\":\"2022-09-12T00:44:37+00:00\",\"mainEntityOfPage\":{\"@id\":\"https:\/\/www.estrategiaconcursos.com.br\/blog\/recurso-e-gabarito-pc-es-direito-civil-2\/\"},\"wordCount\":911,\"commentCount\":0,\"publisher\":{\"@id\":\"https:\/\/www.estrategiaconcursos.com.br\/blog\/#organization\"},\"image\":{\"@id\":\"https:\/\/www.estrategiaconcursos.com.br\/blog\/recurso-e-gabarito-pc-es-direito-civil-2\/#primaryimage\"},\"thumbnailUrl\":\"https:\/\/www.estrategiaconcursos.com.br\/blog\/wp-content\/uploads\/2022\/09\/image-128.png\",\"articleSection\":[\"Concursos P\u00fablicos\"],\"inLanguage\":\"pt-BR\",\"potentialAction\":[{\"@type\":\"CommentAction\",\"name\":\"Comment\",\"target\":[\"https:\/\/www.estrategiaconcursos.com.br\/blog\/recurso-e-gabarito-pc-es-direito-civil-2\/#respond\"]}],\"copyrightYear\":\"2022\",\"copyrightHolder\":{\"@id\":\"https:\/\/www.estrategiaconcursos.com.br\/blog\/#organization\"}},{\"@type\":\"WebPage\",\"@id\":\"https:\/\/www.estrategiaconcursos.com.br\/blog\/recurso-e-gabarito-pc-es-direito-civil-2\/\",\"url\":\"https:\/\/www.estrategiaconcursos.com.br\/blog\/recurso-e-gabarito-pc-es-direito-civil-2\/\",\"name\":\"RECURSO e Gabarito: PC\/ES \u2013 Direito Civil\",\"isPartOf\":{\"@id\":\"https:\/\/www.estrategiaconcursos.com.br\/blog\/#website\"},\"primaryImageOfPage\":{\"@id\":\"https:\/\/www.estrategiaconcursos.com.br\/blog\/recurso-e-gabarito-pc-es-direito-civil-2\/#primaryimage\"},\"image\":{\"@id\":\"https:\/\/www.estrategiaconcursos.com.br\/blog\/recurso-e-gabarito-pc-es-direito-civil-2\/#primaryimage\"},\"thumbnailUrl\":\"https:\/\/www.estrategiaconcursos.com.br\/blog\/wp-content\/uploads\/2022\/09\/image-128.png\",\"datePublished\":\"2022-09-12T00:44:35+00:00\",\"dateModified\":\"2022-09-12T00:44:37+00:00\",\"breadcrumb\":{\"@id\":\"https:\/\/www.estrategiaconcursos.com.br\/blog\/recurso-e-gabarito-pc-es-direito-civil-2\/#breadcrumb\"},\"inLanguage\":\"pt-BR\",\"potentialAction\":[{\"@type\":\"ReadAction\",\"target\":[\"https:\/\/www.estrategiaconcursos.com.br\/blog\/recurso-e-gabarito-pc-es-direito-civil-2\/\"]}]},{\"@type\":\"ImageObject\",\"inLanguage\":\"pt-BR\",\"@id\":\"https:\/\/www.estrategiaconcursos.com.br\/blog\/recurso-e-gabarito-pc-es-direito-civil-2\/#primaryimage\",\"url\":\"https:\/\/dhg1h5j42swfq.cloudfront.net\/2022\/09\/11214309\/image-128.png\",\"contentUrl\":\"https:\/\/dhg1h5j42swfq.cloudfront.net\/2022\/09\/11214309\/image-128.png\",\"width\":695,\"height\":640},{\"@type\":\"BreadcrumbList\",\"@id\":\"https:\/\/www.estrategiaconcursos.com.br\/blog\/recurso-e-gabarito-pc-es-direito-civil-2\/#breadcrumb\",\"itemListElement\":[{\"@type\":\"ListItem\",\"position\":1,\"name\":\"In\u00edcio\",\"item\":\"https:\/\/www.estrategiaconcursos.com.br\/blog\/\"},{\"@type\":\"ListItem\",\"position\":2,\"name\":\"RECURSO e Gabarito: PC\/ES \u2013 Direito Civil\"}]},{\"@type\":\"WebSite\",\"@id\":\"https:\/\/www.estrategiaconcursos.com.br\/blog\/#website\",\"url\":\"https:\/\/www.estrategiaconcursos.com.br\/blog\/\",\"name\":\"Estrat\u00e9gia Concursos\",\"description\":\"O blog da Estrat\u00e9gia Concursos traz not\u00edcias sobre concursos e artigos de professores oferecendo cursos para concursos (pdf + videaulas) no site.\",\"publisher\":{\"@id\":\"https:\/\/www.estrategiaconcursos.com.br\/blog\/#organization\"},\"potentialAction\":[{\"@type\":\"SearchAction\",\"target\":{\"@type\":\"EntryPoint\",\"urlTemplate\":\"https:\/\/www.estrategiaconcursos.com.br\/blog\/?s={search_term_string}\"},\"query-input\":{\"@type\":\"PropertyValueSpecification\",\"valueRequired\":true,\"valueName\":\"search_term_string\"}}],\"inLanguage\":\"pt-BR\"},{\"@type\":\"Organization\",\"@id\":\"https:\/\/www.estrategiaconcursos.com.br\/blog\/#organization\",\"name\":\"Estrat\u00e9gia Concursos\",\"url\":\"https:\/\/www.estrategiaconcursos.com.br\/blog\/\",\"logo\":{\"@type\":\"ImageObject\",\"inLanguage\":\"pt-BR\",\"@id\":\"https:\/\/www.estrategiaconcursos.com.br\/blog\/#\/schema\/logo\/image\/\",\"url\":\"https:\/\/dhg1h5j42swfq.cloudfront.net\/2025\/06\/03203428\/logo_concursos-1.jpg\",\"contentUrl\":\"https:\/\/dhg1h5j42swfq.cloudfront.net\/2025\/06\/03203428\/logo_concursos-1.jpg\",\"width\":230,\"height\":60,\"caption\":\"Estrat\u00e9gia Concursos\"},\"image\":{\"@id\":\"https:\/\/www.estrategiaconcursos.com.br\/blog\/#\/schema\/logo\/image\/\"},\"sameAs\":[\"https:\/\/x.com\/EstratConcursos\"]},{\"@type\":\"Person\",\"@id\":\"https:\/\/www.estrategiaconcursos.com.br\/blog\/#\/schema\/person\/f6cf94f3aa8ed75620a4506ad577b88a\",\"name\":\"Paulo Sousa (Coord.)\",\"image\":{\"@type\":\"ImageObject\",\"inLanguage\":\"pt-BR\",\"@id\":\"https:\/\/secure.gravatar.com\/avatar\/29f9e2d4ed868d929b68f3762e3577b9db519beed74b347b76e194f9a3293cf1?s=96&d=mm&r=g\",\"url\":\"https:\/\/secure.gravatar.com\/avatar\/29f9e2d4ed868d929b68f3762e3577b9db519beed74b347b76e194f9a3293cf1?s=96&d=mm&r=g\",\"contentUrl\":\"https:\/\/secure.gravatar.com\/avatar\/29f9e2d4ed868d929b68f3762e3577b9db519beed74b347b76e194f9a3293cf1?s=96&d=mm&r=g\",\"caption\":\"Paulo Sousa (Coord.)\"},\"url\":\"https:\/\/www.estrategiaconcursos.com.br\/blog\/author\/prof-phmsestrategiaconcursos-com-br\/\"}]}<\/script>\n<!-- \/ Yoast SEO Premium plugin. -->","yoast_head_json":{"title":"RECURSO e Gabarito: PC\/ES \u2013 Direito Civil","robots":{"index":"index","follow":"follow","max-snippet":"max-snippet:-1","max-image-preview":"max-image-preview:large","max-video-preview":"max-video-preview:-1"},"canonical":"https:\/\/www.estrategiaconcursos.com.br\/blog\/recurso-e-gabarito-pc-es-direito-civil-2\/","og_locale":"pt_BR","og_type":"article","og_title":"RECURSO e Gabarito: PC\/ES \u2013 Direito Civil","og_description":"Eu, Prof. Paulo Sousa (IG, FB e YT), vou apresentar o gabarito da prova objetiva de Direito Civil da PC\/ES \u2013 Delegado. Vou fazer alguns coment\u00e1rios sobre a prova e analisar a possibilidade de recursos. Vamos l\u00e1 Coment\u00e1rios: A alternativa E est\u00e1 correta, pois a pretens\u00e3o para requerer repara\u00e7\u00e3o civil, prescreve em tr\u00eas anos, nos [&hellip;]","og_url":"https:\/\/www.estrategiaconcursos.com.br\/blog\/recurso-e-gabarito-pc-es-direito-civil-2\/","og_site_name":"Estrat\u00e9gia Concursos","article_published_time":"2022-09-12T00:44:35+00:00","article_modified_time":"2022-09-12T00:44:37+00:00","og_image":[{"url":"https:\/\/www.estrategiaconcursos.com.br\/blog\/wp-content\/uploads\/2022\/09\/image-128.png","type":"","width":"","height":""}],"author":"Paulo Sousa (Coord.)","twitter_card":"summary_large_image","twitter_creator":"@EstratConcursos","twitter_site":"@EstratConcursos","twitter_misc":{"Escrito por":"Paulo Sousa (Coord.)","Est. tempo de leitura":"5 minutos"},"schema":{"@context":"https:\/\/schema.org","@graph":[{"@type":"NewsArticle","@id":"https:\/\/www.estrategiaconcursos.com.br\/blog\/recurso-e-gabarito-pc-es-direito-civil-2\/#article","isPartOf":{"@id":"https:\/\/www.estrategiaconcursos.com.br\/blog\/recurso-e-gabarito-pc-es-direito-civil-2\/"},"author":{"name":"Paulo Sousa (Coord.)","@id":"https:\/\/www.estrategiaconcursos.com.br\/blog\/#\/schema\/person\/f6cf94f3aa8ed75620a4506ad577b88a"},"headline":"RECURSO e Gabarito: PC\/ES \u2013 Direito Civil","datePublished":"2022-09-12T00:44:35+00:00","dateModified":"2022-09-12T00:44:37+00:00","mainEntityOfPage":{"@id":"https:\/\/www.estrategiaconcursos.com.br\/blog\/recurso-e-gabarito-pc-es-direito-civil-2\/"},"wordCount":911,"commentCount":0,"publisher":{"@id":"https:\/\/www.estrategiaconcursos.com.br\/blog\/#organization"},"image":{"@id":"https:\/\/www.estrategiaconcursos.com.br\/blog\/recurso-e-gabarito-pc-es-direito-civil-2\/#primaryimage"},"thumbnailUrl":"https:\/\/www.estrategiaconcursos.com.br\/blog\/wp-content\/uploads\/2022\/09\/image-128.png","articleSection":["Concursos P\u00fablicos"],"inLanguage":"pt-BR","potentialAction":[{"@type":"CommentAction","name":"Comment","target":["https:\/\/www.estrategiaconcursos.com.br\/blog\/recurso-e-gabarito-pc-es-direito-civil-2\/#respond"]}],"copyrightYear":"2022","copyrightHolder":{"@id":"https:\/\/www.estrategiaconcursos.com.br\/blog\/#organization"}},{"@type":"WebPage","@id":"https:\/\/www.estrategiaconcursos.com.br\/blog\/recurso-e-gabarito-pc-es-direito-civil-2\/","url":"https:\/\/www.estrategiaconcursos.com.br\/blog\/recurso-e-gabarito-pc-es-direito-civil-2\/","name":"RECURSO e Gabarito: PC\/ES \u2013 Direito Civil","isPartOf":{"@id":"https:\/\/www.estrategiaconcursos.com.br\/blog\/#website"},"primaryImageOfPage":{"@id":"https:\/\/www.estrategiaconcursos.com.br\/blog\/recurso-e-gabarito-pc-es-direito-civil-2\/#primaryimage"},"image":{"@id":"https:\/\/www.estrategiaconcursos.com.br\/blog\/recurso-e-gabarito-pc-es-direito-civil-2\/#primaryimage"},"thumbnailUrl":"https:\/\/www.estrategiaconcursos.com.br\/blog\/wp-content\/uploads\/2022\/09\/image-128.png","datePublished":"2022-09-12T00:44:35+00:00","dateModified":"2022-09-12T00:44:37+00:00","breadcrumb":{"@id":"https:\/\/www.estrategiaconcursos.com.br\/blog\/recurso-e-gabarito-pc-es-direito-civil-2\/#breadcrumb"},"inLanguage":"pt-BR","potentialAction":[{"@type":"ReadAction","target":["https:\/\/www.estrategiaconcursos.com.br\/blog\/recurso-e-gabarito-pc-es-direito-civil-2\/"]}]},{"@type":"ImageObject","inLanguage":"pt-BR","@id":"https:\/\/www.estrategiaconcursos.com.br\/blog\/recurso-e-gabarito-pc-es-direito-civil-2\/#primaryimage","url":"https:\/\/dhg1h5j42swfq.cloudfront.net\/2022\/09\/11214309\/image-128.png","contentUrl":"https:\/\/dhg1h5j42swfq.cloudfront.net\/2022\/09\/11214309\/image-128.png","width":695,"height":640},{"@type":"BreadcrumbList","@id":"https:\/\/www.estrategiaconcursos.com.br\/blog\/recurso-e-gabarito-pc-es-direito-civil-2\/#breadcrumb","itemListElement":[{"@type":"ListItem","position":1,"name":"In\u00edcio","item":"https:\/\/www.estrategiaconcursos.com.br\/blog\/"},{"@type":"ListItem","position":2,"name":"RECURSO e Gabarito: PC\/ES \u2013 Direito Civil"}]},{"@type":"WebSite","@id":"https:\/\/www.estrategiaconcursos.com.br\/blog\/#website","url":"https:\/\/www.estrategiaconcursos.com.br\/blog\/","name":"Estrat\u00e9gia Concursos","description":"O blog da Estrat\u00e9gia Concursos traz not\u00edcias sobre concursos e artigos de professores oferecendo cursos para concursos (pdf + videaulas) no site.","publisher":{"@id":"https:\/\/www.estrategiaconcursos.com.br\/blog\/#organization"},"potentialAction":[{"@type":"SearchAction","target":{"@type":"EntryPoint","urlTemplate":"https:\/\/www.estrategiaconcursos.com.br\/blog\/?s={search_term_string}"},"query-input":{"@type":"PropertyValueSpecification","valueRequired":true,"valueName":"search_term_string"}}],"inLanguage":"pt-BR"},{"@type":"Organization","@id":"https:\/\/www.estrategiaconcursos.com.br\/blog\/#organization","name":"Estrat\u00e9gia Concursos","url":"https:\/\/www.estrategiaconcursos.com.br\/blog\/","logo":{"@type":"ImageObject","inLanguage":"pt-BR","@id":"https:\/\/www.estrategiaconcursos.com.br\/blog\/#\/schema\/logo\/image\/","url":"https:\/\/dhg1h5j42swfq.cloudfront.net\/2025\/06\/03203428\/logo_concursos-1.jpg","contentUrl":"https:\/\/dhg1h5j42swfq.cloudfront.net\/2025\/06\/03203428\/logo_concursos-1.jpg","width":230,"height":60,"caption":"Estrat\u00e9gia Concursos"},"image":{"@id":"https:\/\/www.estrategiaconcursos.com.br\/blog\/#\/schema\/logo\/image\/"},"sameAs":["https:\/\/x.com\/EstratConcursos"]},{"@type":"Person","@id":"https:\/\/www.estrategiaconcursos.com.br\/blog\/#\/schema\/person\/f6cf94f3aa8ed75620a4506ad577b88a","name":"Paulo Sousa (Coord.)","image":{"@type":"ImageObject","inLanguage":"pt-BR","@id":"https:\/\/secure.gravatar.com\/avatar\/29f9e2d4ed868d929b68f3762e3577b9db519beed74b347b76e194f9a3293cf1?s=96&d=mm&r=g","url":"https:\/\/secure.gravatar.com\/avatar\/29f9e2d4ed868d929b68f3762e3577b9db519beed74b347b76e194f9a3293cf1?s=96&d=mm&r=g","contentUrl":"https:\/\/secure.gravatar.com\/avatar\/29f9e2d4ed868d929b68f3762e3577b9db519beed74b347b76e194f9a3293cf1?s=96&d=mm&r=g","caption":"Paulo Sousa (Coord.)"},"url":"https:\/\/www.estrategiaconcursos.com.br\/blog\/author\/prof-phmsestrategiaconcursos-com-br\/"}]}},"_links":{"self":[{"href":"https:\/\/www.estrategiaconcursos.com.br\/blog\/wp-json\/wp\/v2\/posts\/1092701","targetHints":{"allow":["GET"]}}],"collection":[{"href":"https:\/\/www.estrategiaconcursos.com.br\/blog\/wp-json\/wp\/v2\/posts"}],"about":[{"href":"https:\/\/www.estrategiaconcursos.com.br\/blog\/wp-json\/wp\/v2\/types\/post"}],"author":[{"embeddable":true,"href":"https:\/\/www.estrategiaconcursos.com.br\/blog\/wp-json\/wp\/v2\/users\/1094"}],"replies":[{"embeddable":true,"href":"https:\/\/www.estrategiaconcursos.com.br\/blog\/wp-json\/wp\/v2\/comments?post=1092701"}],"version-history":[{"count":1,"href":"https:\/\/www.estrategiaconcursos.com.br\/blog\/wp-json\/wp\/v2\/posts\/1092701\/revisions"}],"predecessor-version":[{"id":1092708,"href":"https:\/\/www.estrategiaconcursos.com.br\/blog\/wp-json\/wp\/v2\/posts\/1092701\/revisions\/1092708"}],"wp:attachment":[{"href":"https:\/\/www.estrategiaconcursos.com.br\/blog\/wp-json\/wp\/v2\/media?parent=1092701"}],"wp:term":[{"taxonomy":"category","embeddable":true,"href":"https:\/\/www.estrategiaconcursos.com.br\/blog\/wp-json\/wp\/v2\/categories?post=1092701"},{"taxonomy":"post_tag","embeddable":true,"href":"https:\/\/www.estrategiaconcursos.com.br\/blog\/wp-json\/wp\/v2\/tags?post=1092701"},{"taxonomy":"tax_estado","embeddable":true,"href":"https:\/\/www.estrategiaconcursos.com.br\/blog\/wp-json\/wp\/v2\/tax_estado?post=1092701"}],"curies":[{"name":"wp","href":"https:\/\/api.w.org\/{rel}","templated":true}]}}