{"id":1092672,"date":"2022-09-12T07:54:00","date_gmt":"2022-09-12T10:54:00","guid":{"rendered":"https:\/\/www.estrategiaconcursos.com.br\/blog\/?p=1092672"},"modified":"2022-09-12T12:58:19","modified_gmt":"2022-09-12T15:58:19","slug":"direitos-fundamentais-inss","status":"publish","type":"post","link":"https:\/\/www.estrategiaconcursos.com.br\/blog\/direitos-fundamentais-inss\/","title":{"rendered":"Direitos Fundamentais para o INSS"},"content":{"rendered":"\n<p class=\"wp-embed-aspect-16-9 wp-has-aspect-ratio\">Direitos Fundamentais para o INSS<\/p>\n\n\n\n<p class=\"wp-embed-aspect-16-9 wp-has-aspect-ratio\">Ol\u00e1, pessoal. Tudo certo?<\/p>\n\n\n\n<p class=\"wp-embed-aspect-16-9 wp-has-aspect-ratio\">O t\u00e3o esperado concurso do INSS est\u00e1 prestes a ter seu edital publicado. A banca examinadora j\u00e1 foi definida, portanto, n\u00e3o temos tempo a perder.<\/p>\n\n\n\n<p class=\"wp-embed-aspect-16-9 wp-has-aspect-ratio\">Neste artigo veremos um assunto de extrema relev\u00e2ncia para uma boa compreens\u00e3o das mat\u00e9rias jur\u00eddicas: Os <strong><mark style=\"background-color:rgba(0, 0, 0, 0)\" class=\"has-inline-color has-vivid-cyan-blue-color\">Direitos Fundamentais.<\/mark><\/strong> Para tanto, hoje falaremos dos seguintes t\u00f3picos:<\/p>\n\n\n\n<ul type=\"video\" class=\"wp-embed-aspect-16-9 wp-has-aspect-ratio wp-block-list\"><li>Gera\u00e7\u00f5es de Direitos;<\/li><li>Teoria dos Quatro Status<\/li><li>Caracter\u00edsticas dos Direitos Fundamentais;<\/li><li>Efic\u00e1cia dos Direitos Fundamentais;<\/li><li>Cat\u00e1logo dos Direitos Fundamentais.<\/li><li>Come\u00e7ando do Zero INSS 2022: Prepara\u00e7\u00e3o Completa &#8211; No\u00e7\u00f5es De Direito Constitucional<\/li><\/ul>\n\n\n\n<p class=\"wp-embed-aspect-16-9 wp-has-aspect-ratio\">Vamos nessa!<\/p>\n\n\n<figure class=\"wp-block-embed-youtube wp-block-embed is-type-video is-provider-youtube wp-embed-aspect-16-9 wp-has-aspect-ratio\"><div class=\"lyte-wrapper\" style=\"width:853px;max-width:100%;margin:5px;\"><div class=\"lyMe\" id=\"WYL_MRIYoo7jZ80\"><div id=\"lyte_MRIYoo7jZ80\" data-src=\"\/\/i.ytimg.com\/vi\/MRIYoo7jZ80\/hqdefault.jpg\" class=\"pL\"><div class=\"tC\"><div class=\"tT\"><\/div><\/div><div class=\"play\"><\/div><div class=\"ctrl\"><div class=\"Lctrl\"><\/div><div class=\"Rctrl\"><\/div><\/div><\/div><noscript><a href=\"https:\/\/youtu.be\/MRIYoo7jZ80\" rel=\"nofollow\"><img loading=\"lazy\" decoding=\"async\" src=\"https:\/\/i.ytimg.com\/vi\/MRIYoo7jZ80\/0.jpg\" alt=\"YouTube video thumbnail\" width=\"853\" height=\"460\" \/><br \/>Assista a este v\u00eddeo no YouTube<\/a><\/noscript><\/div><\/div><div class=\"lL\" style=\"max-width:100%;width:853px;margin:5px;\"><\/div><figcaption><\/figcaption><\/figure>\n\n\n<h2 class=\"wp-embed-aspect-16-9 wp-has-aspect-ratio wp-block-heading\" id=\"h-geracoes-de-direitos-fundamentais\">Gera\u00e7\u00f5es de Direitos Fundamentais<\/h2>\n\n\n\n<p class=\"wp-embed-aspect-16-9 wp-has-aspect-ratio\">Direitos fundamentais s\u00e3o os direitos da pessoa humana consagrados, em um determinado momento hist\u00f3rico, em um certo Estado. T\u00eam como caracter\u00edstica principal serem constitucionalmente protegidos, ou seja, positivados.<\/p>\n\n\n\n<p class=\"wp-embed-aspect-16-9 wp-has-aspect-ratio\">Vejamos as tr\u00eas primeiras dimens\u00f5es de direitos fundamentais. Perceba que elas seguem a mesma l\u00f3gica do lema da Revolu\u00e7\u00e3o Francesa: <strong><mark style=\"background-color:rgba(0, 0, 0, 0)\" class=\"has-inline-color has-vivid-cyan-blue-color\">Liberdade, Igualdade e Fraternidade:<\/mark><\/strong><\/p>\n\n\n\n<p class=\"wp-embed-aspect-16-9 wp-has-aspect-ratio\">A <strong><mark style=\"background-color:rgba(0, 0, 0, 0)\" class=\"has-inline-color has-vivid-cyan-blue-color\">primeira dimens\u00e3o <\/mark><\/strong>tem como valor-fonte a liberdade e trata das liberdades negativas. Essa gera\u00e7\u00e3o trata dos direitos que buscam restringir a a\u00e7\u00e3o abusiva do Estado sobre a vida privada dos indiv\u00edduos. Para o Estado, consistem em uma obriga\u00e7\u00e3o de \u201cn\u00e3o fazer\u201d. Trata-se dos <strong>direitos civis e pol\u00edticos,<\/strong> reconhecidos no final do s\u00e9culo XVIII, com as Revolu\u00e7\u00f5es Francesa e Americana. Exemplos: direito de propriedade, direito de locomo\u00e7\u00e3o, direito de associa\u00e7\u00e3o e direito de reuni\u00e3o.<\/p>\n\n\n\n<p class=\"wp-embed-aspect-16-9 wp-has-aspect-ratio\">Por outro lado, os direitos de <strong><mark style=\"background-color:rgba(0, 0, 0, 0)\" class=\"has-inline-color has-vivid-cyan-blue-color\">segunda dimens\u00e3o <\/mark><\/strong>t\u00eam como valor fonte a igualdade, sendo aqueles que envolvem presta\u00e7\u00f5es positivas do Estado aos indiv\u00edduos (pol\u00edticas e servi\u00e7os p\u00fablicos) e, em sua maioria, caracterizam-se por serem normas program\u00e1ticas. S\u00e3o, por isso, tamb\u00e9m chamados de liberdades positivas. Para o Estado, constituem obriga\u00e7\u00f5es de fazer algo em prol dos indiv\u00edduos, objetivando que todos tenham \u201cbem-estar\u201d. S\u00e3o os <strong>direitos econ\u00f4micos, sociais e culturais.<\/strong> Exemplos: direito \u00e0 educa\u00e7\u00e3o, \u00e0 sa\u00fade e ao trabalho.<\/p>\n\n\n\n<p class=\"wp-embed-aspect-16-9 wp-has-aspect-ratio\">Por fim, os direitos de <strong><mark style=\"background-color:rgba(0, 0, 0, 0)\" class=\"has-inline-color has-vivid-cyan-blue-color\">terceira gera\u00e7\u00e3o<\/mark><\/strong> t\u00eam como valor-fonte a solidariedade, a fraternidade. S\u00e3o os direitos que transcendem a \u00f3rbita dos indiv\u00edduos para alcan\u00e7ar a coletividade (direitos transindividuais ou supraindividuais).<strong> <\/strong>S\u00e3o os<strong> direitos difusos e os coletivos<\/strong>. Exemplos: direito do consumidor e direito ao meio-ambiente ecologicamente equilibrado.<\/p>\n\n\n\n<h2 class=\"wp-embed-aspect-16-9 wp-has-aspect-ratio wp-block-heading\" id=\"h-teoria-dos-quatro-status\">Teoria dos Quatro Status<\/h2>\n\n\n\n<p class=\"wp-embed-aspect-16-9 wp-has-aspect-ratio\">A Teoria dos Quatro Status foi desenvolvida pelo jurista alem\u00e3o Georg Jellinek. Vejamos suas vertentes:<\/p>\n\n\n\n<ol type=\"video\" class=\"wp-embed-aspect-16-9 wp-has-aspect-ratio wp-block-list\"><li><strong><mark style=\"background-color:rgba(0, 0, 0, 0)\" class=\"has-inline-color has-vivid-cyan-blue-color\">Status passivo<\/mark><\/strong> (<em>status subjectionis<\/em>): \u00e9 aquele no qual se encontra o indiv\u00edduo submetido ao Estado na esfera das obriga\u00e7\u00f5es individuais;<\/li><li><strong><mark style=\"background-color:rgba(0, 0, 0, 0)\" class=\"has-inline-color has-vivid-cyan-blue-color\">Status negativo<\/mark><\/strong> (<em>status libertatis<\/em>): indica que o indiv\u00edduo tem liberdade perante o Estado, fazendo com que possa atuar livremente em algumas situa\u00e7\u00f5es, sem a interfer\u00eancia do Poder P\u00fablico;<\/li><li><strong><mark style=\"background-color:rgba(0, 0, 0, 0)\" class=\"has-inline-color has-vivid-cyan-blue-color\">Status positivo<\/mark><\/strong> (<em>status civitatis<\/em>) indica a possibilidade de o indiv\u00edduo exigir do Poder P\u00fablico determinada presta\u00e7\u00e3o positiva. Aqui, temos o Estado atuando em prol do indiv\u00edduo.<\/li><li><strong><mark style=\"background-color:rgba(0, 0, 0, 0)\" class=\"has-inline-color has-vivid-cyan-blue-color\">Status ativo<\/mark><\/strong> (<em>status activus civitatis<\/em>): alude ao exerc\u00edcio dos direitos pol\u00edticos por parte do indiv\u00edduo. O fato de exercer tais direitos \u00e9 um dos aspectos intr\u00ednsecos \u00e0 cidadania.<\/li><\/ol>\n\n\n\n<h2 class=\"wp-embed-aspect-16-9 wp-has-aspect-ratio wp-block-heading\" id=\"h-caracteristicas-dos-direitos-fundamentais\">Caracter\u00edsticas dos Direitos Fundamentais<\/h2>\n\n\n\n<p class=\"wp-embed-aspect-16-9 wp-has-aspect-ratio\">A doutrina traz uma s\u00e9rie de caracter\u00edsticas dos direitos fundamentais. Vejamos, a seguir, as caracter\u00edsticas mais relevantes e muito cobradas em provas:<\/p>\n\n\n\n<ol type=\"video\" class=\"wp-embed-aspect-16-9 wp-has-aspect-ratio wp-block-list\"><li><strong><mark style=\"background-color:rgba(0, 0, 0, 0)\" class=\"has-inline-color has-vivid-cyan-blue-color\">Universalidade<\/mark><\/strong>: os direitos fundamentais s\u00e3o comuns a todos os seres humanos, respeitadas suas particularidades. Exemplo: o direito \u00e0 vida. Por\u00e9m, vale ressaltar que alguns direitos n\u00e3o podem ser titularizados por todos, pois s\u00e3o outorgados a grupos espec\u00edficos, como, por exemplo, os direitos dos trabalhadores.<\/li><li><strong><mark style=\"background-color:rgba(0, 0, 0, 0)\" class=\"has-inline-color has-vivid-cyan-blue-color\">Historicidade<\/mark><\/strong>: os direitos fundamentais n\u00e3o resultam de um acontecimento hist\u00f3rico determinado, mas de todo um processo de afirma\u00e7\u00e3o a partir de lutas do homem, em que h\u00e1 conquistas progressivas. Por isso mesmo, s\u00e3o mut\u00e1veis e sujeitos a amplia\u00e7\u00f5es.<\/li><li><strong><mark style=\"background-color:rgba(0, 0, 0, 0)\" class=\"has-inline-color has-vivid-cyan-blue-color\">Indivisibilidade<\/mark><\/strong>: os direitos fundamentais n\u00e3o podem ser considerados isoladamente, mas sim integrando um conjunto \u00fanico, indivis\u00edvel de direitos.<\/li><li><strong><mark style=\"background-color:rgba(0, 0, 0, 0)\" class=\"has-inline-color has-vivid-cyan-blue-color\">Inalienabilidade<\/mark><\/strong>: os direitos fundamentais s\u00e3o intransfer\u00edveis e inegoci\u00e1veis, n\u00e3o podendo ser abolidos por vontade de seu titular. Al\u00e9m disso, n\u00e3o possuem conte\u00fado econ\u00f4mico-patrimonial.<\/li><li>Imprescritibilidade: os direitos fundamentais n\u00e3o se perdem com o tempo, sendo sempre exig\u00edveis.<\/li><li><strong><mark style=\"background-color:rgba(0, 0, 0, 0)\" class=\"has-inline-color has-vivid-cyan-blue-color\">Irrenunciabilidade<\/mark><\/strong>: o titular dos direitos fundamentais n\u00e3o pode deles dispor, embora possa deixar de exerc\u00ea-los temporariamente em virtude de um caso concreto, como por exemplo, por indiv\u00edduos que participam dos \u201creality shows\u201d, que, temporariamente, abdicam do direito \u00e0 privacidade.<\/li><li><strong><mark style=\"background-color:rgba(0, 0, 0, 0)\" class=\"has-inline-color has-vivid-cyan-blue-color\">Relatividade ou Limitabilidade<\/mark><\/strong>: n\u00e3o h\u00e1 direitos fundamentais absolutos. No caso de conflito entre eles, h\u00e1 uma concord\u00e2ncia pr\u00e1tica ou harmoniza\u00e7\u00e3o: nenhum deles \u00e9 sacrificado definitivamente.<\/li><li><strong><mark style=\"background-color:rgba(0, 0, 0, 0)\" class=\"has-inline-color has-vivid-cyan-blue-color\">Complementaridade<\/mark><\/strong>: a plena efetiva\u00e7\u00e3o dos direitos fundamentais deve considerar que eles comp\u00f5em um sistema \u00fanico. Nessa \u00f3tica, os diferentes direitos das dimens\u00f5es se complementam e, portanto, devem ser interpretados conjuntamente.<\/li><li><strong><mark style=\"background-color:rgba(0, 0, 0, 0)\" class=\"has-inline-color has-vivid-cyan-blue-color\">Concorr\u00eancia<\/mark><\/strong>: os direitos fundamentais podem ser exercidos cumulativamente, podendo um mesmo titular exercitar v\u00e1rios direitos ao mesmo tempo.<\/li><\/ol>\n\n\n\n<h2 class=\"wp-embed-aspect-16-9 wp-has-aspect-ratio wp-block-heading\" id=\"h-eficacia-dos-direitos-fundamentais\">Efic\u00e1cia dos Direitos Fundamentais<\/h2>\n\n\n\n<p class=\"wp-embed-aspect-16-9 wp-has-aspect-ratio\">Podemos classificar a efic\u00e1cia dos direitos fundamentais dos seguintes modos:<\/p>\n\n\n\n<ol type=\"video\" class=\"wp-embed-aspect-16-9 wp-has-aspect-ratio wp-block-list\"><li><strong><mark style=\"background-color:rgba(0, 0, 0, 0)\" class=\"has-inline-color has-vivid-cyan-blue-color\">Efic\u00e1cia vertical<\/mark><\/strong>: essa efic\u00e1cia se aplica apenas \u00e0s rela\u00e7\u00f5es entre o indiv\u00edduo e o Estado, tratando-se de uma rela\u00e7\u00e3o que possui, de um lado, o Estado como ente superior, e de outro, o indiv\u00edduo como ente inferior;&nbsp;<\/li><li><strong><mark style=\"background-color:rgba(0, 0, 0, 0)\" class=\"has-inline-color has-vivid-cyan-blue-color\">Efic\u00e1cia horizontal<\/mark><\/strong>: a efic\u00e1cia horizontal tem aplica\u00e7\u00e3o nas rela\u00e7\u00f5es entre particulares, sem o envolvimento do Estado; e<\/li><li><strong><mark style=\"background-color:rgba(0, 0, 0, 0)\" class=\"has-inline-color has-vivid-cyan-blue-color\">Efic\u00e1cia diagonal<\/mark><\/strong>: essa express\u00e3o serve para se referir \u00e0 aplica\u00e7\u00e3o dos direitos fundamentais em rela\u00e7\u00f5es assim\u00e9tricas entre particulares. \u00c9 o caso, por exemplo, das rela\u00e7\u00f5es de trabalho, marcadas pela desigualdade de for\u00e7as entre patr\u00f5es e empregados.<\/li><\/ol>\n\n\n\n<h2 class=\"wp-embed-aspect-16-9 wp-has-aspect-ratio wp-block-heading\" id=\"h-catalogo-dos-direitos-fundamentais\">Cat\u00e1logo dos Direitos Fundamentais<\/h2>\n\n\n\n<p class=\"wp-embed-aspect-16-9 wp-has-aspect-ratio\">Os direitos fundamentais est\u00e3o previstos no T\u00edtulo II, da Constitui\u00e7\u00e3o Federal. O T\u00edtulo II, conhecido como \u201c<strong><mark style=\"background-color:rgba(0, 0, 0, 0)\" class=\"has-inline-color has-vivid-cyan-blue-color\">cat\u00e1logo dos direitos fundamentais<\/mark><\/strong>\u201d, abrange os arts. 5\u00ba ao 17, classificando os direitos fundamentais da seguinte maneira:<\/p>\n\n\n\n<ol type=\"video\" class=\"wp-embed-aspect-16-9 wp-has-aspect-ratio wp-block-list\"><li>Direitos e Deveres Individuais e Coletivos (art. 5\u00ba);<\/li><li>Direitos Sociais (art. 6\u00ba &#8211; art. 11);<\/li><li>Direitos de Nacionalidade (art. 12 \u2013 art. 13);<\/li><li>Direitos Pol\u00edticos (art. 14 \u2013 art. 16); e<\/li><li>Direitos relacionados \u00e0 exist\u00eancia, organiza\u00e7\u00e3o e participa\u00e7\u00e3o em partidos pol\u00edticos.<\/li><\/ol>\n\n\n\n<p class=\"wp-embed-aspect-16-9 wp-has-aspect-ratio\">\u00c9 importante destacar que o rol de direitos fundamentais previsto no T\u00edtulo II n\u00e3o \u00e9 exaustivo, pois h\u00e1 diversos outros direitos espalhados pelo texto constitucional, tais como o direito ao meio ambiente (art. 225) e o princ\u00edpio da anterioridade tribut\u00e1ria (art.150, III, \u201cb\u201d).<\/p>\n\n\n\n<h2 class=\"wp-embed-aspect-16-9 wp-has-aspect-ratio wp-block-heading\" id=\"h-comecando-do-zero-inss-2022-preparacao-completa-nocoes-de-direito-constitucional\">Come\u00e7ando do Zero INSS 2022: Prepara\u00e7\u00e3o Completa &#8211; No\u00e7\u00f5es De Direito Constitucional<\/h2>\n\n\n<figure class=\"wp-block-embed-youtube wp-block-embed is-type-video is-provider-youtube wp-embed-aspect-16-9 wp-has-aspect-ratio\"><div class=\"lyte-wrapper\" style=\"width:853px;max-width:100%;margin:5px;\"><div class=\"lyMe\" id=\"WYL_MRIYoo7jZ80\"><div id=\"lyte_MRIYoo7jZ80\" data-src=\"\/\/i.ytimg.com\/vi\/MRIYoo7jZ80\/hqdefault.jpg\" class=\"pL\"><div class=\"tC\"><div class=\"tT\"><\/div><\/div><div class=\"play\"><\/div><div class=\"ctrl\"><div class=\"Lctrl\"><\/div><div class=\"Rctrl\"><\/div><\/div><\/div><noscript><a href=\"https:\/\/youtu.be\/MRIYoo7jZ80\" rel=\"nofollow\"><img loading=\"lazy\" decoding=\"async\" src=\"https:\/\/i.ytimg.com\/vi\/MRIYoo7jZ80\/0.jpg\" alt=\"YouTube video thumbnail\" width=\"853\" height=\"460\" \/><br \/>Assista a este v\u00eddeo no YouTube<\/a><\/noscript><\/div><\/div><div class=\"lL\" style=\"max-width:100%;width:853px;margin:5px;\"><\/div><figcaption><\/figcaption><\/figure>\n\n\n<p class=\"wp-embed-aspect-16-9 wp-has-aspect-ratio\"><a href=\"https:\/\/www.youtube.com\/watch?v=MRIYoo7jZ80&amp;t=1290s&amp;ab_channel=Estrat%C3%A9giaConcursos\">https:\/\/www.youtube.com\/watch?v=MRIYoo7jZ80&amp;t=1290s&amp;ab_channel=Estrat%C3%A9giaConcursos<\/a><\/p>\n\n\n\n<h2 class=\"wp-embed-aspect-16-9 wp-has-aspect-ratio wp-block-heading\"><strong>Considera\u00e7\u00f5es Finais &#8211; Direitos Sociais <\/strong>&#8211; <strong>INSS<\/strong><\/h2>\n\n\n\n<p class=\"wp-embed-aspect-16-9 wp-has-aspect-ratio\">Finalizamos mais um artigo, galera. Hoje trouxemos um resumo sobre <strong><mark style=\"background-color:rgba(0, 0, 0, 0)\" class=\"has-inline-color has-vivid-cyan-blue-color\">Direitos Fundamentais, para o concurso do INSS,<\/mark><\/strong> com a finalidade de facilitar a revis\u00e3o do aluno a respeito desse tema t\u00e3o importante e frequentemente cobrado em concursos.<\/p>\n\n\n\n<p class=\"wp-embed-aspect-16-9 wp-has-aspect-ratio\">Para uma prepara\u00e7\u00e3o completa, n\u00e3o deixe de adquirir <strong><a href=\"https:\/\/www.estrategiaconcursos.com.br\/curso\/1-inss-tecnico-do-seguro-social-pacote-completo-2022-pre-edital\/\" target=\"_blank\" rel=\"noreferrer noopener\">cursos completos para o INSS do Estrat\u00e9gia Concursos.<\/a> <\/strong>L\u00e1 voc\u00ea encontrar\u00e1 aulas com os melhores professores do mercado que trar\u00e3o os conte\u00fados com o aprofundamento necess\u00e1rio para a sua aprova\u00e7\u00e3o.<\/p>\n\n\n\n<p class=\"wp-embed-aspect-16-9 wp-has-aspect-ratio\">N\u00e3o deixe de conhecer tamb\u00e9m o<strong>&nbsp;<a href=\"https:\/\/questoes.estrategiaconcursos.com.br\/\" target=\"_blank\" rel=\"noreferrer noopener\">Sistema de Quest\u00f5es do Estrat\u00e9gia<\/a><\/strong>. Afinal, nada como a resolu\u00e7\u00e3o de quest\u00f5es para fixar os conte\u00fados estudados, n\u00e3o \u00e9 mesmo?!<\/p>\n\n\n\n<p class=\"wp-embed-aspect-16-9 wp-has-aspect-ratio\">Desejamos que as informa\u00e7\u00f5es aqui apresentadas possam ajud\u00e1-los e contribuir para sua aprova\u00e7\u00e3o.<\/p>\n\n\n\n<p class=\"wp-embed-aspect-16-9 wp-has-aspect-ratio\">At\u00e9 a pr\u00f3xima e bons estudos!<\/p>\n\n\n\n<h2 class=\"has-text-align-center wp-embed-aspect-16-9 wp-has-aspect-ratio wp-block-heading\" id=\"cursos-assinatura\">Quer estudar para o concurso do INSS?<\/h2>\n\n\n\n<p class=\"wp-embed-aspect-16-9 wp-has-aspect-ratio\">Prepare-se com o melhor material e com quem mais aprova em Concursos P\u00fablicos em todo o pa\u00eds!<\/p>\n\n\n\n<p class=\"has-text-align-center wp-embed-aspect-16-9 wp-has-aspect-ratio has-vivid-cyan-blue-color has-text-color has-background\" style=\"background-color:#0078bd\"><a href=\"https:\/\/www.estrategiaconcursos.com.br\/blog\/concursos-abertos\/\" target=\"_blank\" rel=\"noreferrer noopener\"><strong><span class=\"has-inline-color has-white-color\">Concursos abertos<\/span><\/strong><\/a><\/p>\n\n\n\n<p class=\"has-text-align-center wp-embed-aspect-16-9 wp-has-aspect-ratio has-vivid-cyan-blue-color has-text-color has-background\" style=\"background-color:#0072b4\"><strong><a href=\"https:\/\/www.estrategiaconcursos.com.br\/blog\/concursos-2022\/\" target=\"_blank\" rel=\"noreferrer noopener\"><mark style=\"background-color:rgba(0, 0, 0, 0)\" class=\"has-inline-color has-white-color\">Concursos 2023<\/mark><\/a><\/strong><\/p>\n","protected":false},"excerpt":{"rendered":"<p>Direitos Fundamentais para o INSS Ol\u00e1, pessoal. Tudo certo? O t\u00e3o esperado concurso do INSS est\u00e1 prestes a ter seu edital publicado. A banca examinadora j\u00e1 foi definida, portanto, n\u00e3o temos tempo a perder. Neste artigo veremos um assunto de extrema relev\u00e2ncia para uma boa compreens\u00e3o das mat\u00e9rias jur\u00eddicas: Os Direitos Fundamentais. Para tanto, hoje [&hellip;]<\/p>\n","protected":false},"author":1573,"featured_media":938050,"comment_status":"open","ping_status":"closed","sticky":false,"template":"","format":"standard","meta":{"post_tipo":"article","footnotes":""},"categories":[1,220191],"tags":[],"tax_estado":[219963],"class_list":["post-1092672","post","type-post","status-publish","format-standard","has-post-thumbnail","hentry","category-cursos-e-concursos","category-previdenciaria","tax_estado-concursos-federais"],"acf":[],"yoast_head":"<!-- This site is optimized with the Yoast SEO Premium plugin v27.2 (Yoast SEO v27.2) - https:\/\/yoast.com\/product\/yoast-seo-premium-wordpress\/ -->\n<title>Direitos Fundamentais para o INSS<\/title>\n<meta name=\"description\" content=\"Veja no presente artigo um resumo sobre o tema Direitos Fundamentais, para o concurso do INSS, e chegue preparado na prova.\" \/>\n<meta name=\"robots\" content=\"index, follow, max-snippet:-1, max-image-preview:large, max-video-preview:-1\" \/>\n<link rel=\"canonical\" href=\"https:\/\/www.estrategiaconcursos.com.br\/blog\/direitos-fundamentais-inss\/\" \/>\n<meta property=\"og:locale\" content=\"pt_BR\" \/>\n<meta property=\"og:type\" content=\"article\" \/>\n<meta property=\"og:title\" content=\"Direitos Fundamentais para o INSS\" \/>\n<meta property=\"og:description\" content=\"Veja no presente artigo um resumo sobre o tema Direitos Fundamentais, para o concurso do INSS, e chegue preparado na prova.\" \/>\n<meta property=\"og:url\" content=\"https:\/\/www.estrategiaconcursos.com.br\/blog\/direitos-fundamentais-inss\/\" \/>\n<meta property=\"og:site_name\" content=\"Estrat\u00e9gia Concursos\" \/>\n<meta property=\"article:published_time\" content=\"2022-09-12T10:54:00+00:00\" \/>\n<meta property=\"article:modified_time\" content=\"2022-09-12T15:58:19+00:00\" \/>\n<meta property=\"og:image\" content=\"https:\/\/dhg1h5j42swfq.cloudfront.net\/2021\/12\/31100124\/foto-predio-inss_widelg.jpg\" \/>\n\t<meta property=\"og:image:width\" content=\"1200\" \/>\n\t<meta property=\"og:image:height\" content=\"675\" \/>\n\t<meta property=\"og:image:type\" content=\"image\/jpeg\" \/>\n<meta name=\"author\" content=\"Willian Henrique Daronch\" \/>\n<meta name=\"twitter:card\" content=\"summary_large_image\" \/>\n<meta name=\"twitter:creator\" content=\"@EstratConcursos\" \/>\n<meta name=\"twitter:site\" content=\"@EstratConcursos\" \/>\n<meta name=\"twitter:label1\" content=\"Escrito por\" \/>\n\t<meta name=\"twitter:data1\" content=\"Willian Henrique Daronch\" \/>\n\t<meta name=\"twitter:label2\" content=\"Est. tempo de leitura\" \/>\n\t<meta name=\"twitter:data2\" content=\"7 minutos\" \/>\n<script type=\"application\/ld+json\" class=\"yoast-schema-graph\">{\"@context\":\"https:\/\/schema.org\",\"@graph\":[{\"@type\":\"NewsArticle\",\"@id\":\"https:\/\/www.estrategiaconcursos.com.br\/blog\/direitos-fundamentais-inss\/#article\",\"isPartOf\":{\"@id\":\"https:\/\/www.estrategiaconcursos.com.br\/blog\/direitos-fundamentais-inss\/\"},\"author\":{\"name\":\"Willian Henrique Daronch\",\"@id\":\"https:\/\/www.estrategiaconcursos.com.br\/blog\/#\/schema\/person\/acd35c38f9a64ecba71ece2880cc62af\"},\"headline\":\"Direitos Fundamentais para o INSS\",\"datePublished\":\"2022-09-12T10:54:00+00:00\",\"dateModified\":\"2022-09-12T15:58:19+00:00\",\"mainEntityOfPage\":{\"@id\":\"https:\/\/www.estrategiaconcursos.com.br\/blog\/direitos-fundamentais-inss\/\"},\"wordCount\":1340,\"commentCount\":0,\"publisher\":{\"@id\":\"https:\/\/www.estrategiaconcursos.com.br\/blog\/#organization\"},\"image\":{\"@id\":\"https:\/\/www.estrategiaconcursos.com.br\/blog\/direitos-fundamentais-inss\/#primaryimage\"},\"thumbnailUrl\":\"https:\/\/dhg1h5j42swfq.cloudfront.net\/2021\/12\/31100124\/foto-predio-inss_widelg.jpg\",\"articleSection\":[\"Concursos P\u00fablicos\",\"Previdenci\u00e1ria (INSS, PREVIC)\"],\"inLanguage\":\"pt-BR\",\"potentialAction\":[{\"@type\":\"CommentAction\",\"name\":\"Comment\",\"target\":[\"https:\/\/www.estrategiaconcursos.com.br\/blog\/direitos-fundamentais-inss\/#respond\"]}],\"copyrightYear\":\"2022\",\"copyrightHolder\":{\"@id\":\"https:\/\/www.estrategiaconcursos.com.br\/blog\/#organization\"}},{\"@type\":\"WebPage\",\"@id\":\"https:\/\/www.estrategiaconcursos.com.br\/blog\/direitos-fundamentais-inss\/\",\"url\":\"https:\/\/www.estrategiaconcursos.com.br\/blog\/direitos-fundamentais-inss\/\",\"name\":\"Direitos Fundamentais para o INSS\",\"isPartOf\":{\"@id\":\"https:\/\/www.estrategiaconcursos.com.br\/blog\/#website\"},\"primaryImageOfPage\":{\"@id\":\"https:\/\/www.estrategiaconcursos.com.br\/blog\/direitos-fundamentais-inss\/#primaryimage\"},\"image\":{\"@id\":\"https:\/\/www.estrategiaconcursos.com.br\/blog\/direitos-fundamentais-inss\/#primaryimage\"},\"thumbnailUrl\":\"https:\/\/dhg1h5j42swfq.cloudfront.net\/2021\/12\/31100124\/foto-predio-inss_widelg.jpg\",\"datePublished\":\"2022-09-12T10:54:00+00:00\",\"dateModified\":\"2022-09-12T15:58:19+00:00\",\"description\":\"Veja no presente artigo um resumo sobre o tema Direitos Fundamentais, para o concurso do INSS, e chegue preparado na prova.\",\"breadcrumb\":{\"@id\":\"https:\/\/www.estrategiaconcursos.com.br\/blog\/direitos-fundamentais-inss\/#breadcrumb\"},\"inLanguage\":\"pt-BR\",\"potentialAction\":[{\"@type\":\"ReadAction\",\"target\":[\"https:\/\/www.estrategiaconcursos.com.br\/blog\/direitos-fundamentais-inss\/\"]}]},{\"@type\":\"ImageObject\",\"inLanguage\":\"pt-BR\",\"@id\":\"https:\/\/www.estrategiaconcursos.com.br\/blog\/direitos-fundamentais-inss\/#primaryimage\",\"url\":\"https:\/\/dhg1h5j42swfq.cloudfront.net\/2021\/12\/31100124\/foto-predio-inss_widelg.jpg\",\"contentUrl\":\"https:\/\/dhg1h5j42swfq.cloudfront.net\/2021\/12\/31100124\/foto-predio-inss_widelg.jpg\",\"width\":1200,\"height\":675},{\"@type\":\"BreadcrumbList\",\"@id\":\"https:\/\/www.estrategiaconcursos.com.br\/blog\/direitos-fundamentais-inss\/#breadcrumb\",\"itemListElement\":[{\"@type\":\"ListItem\",\"position\":1,\"name\":\"In\u00edcio\",\"item\":\"https:\/\/www.estrategiaconcursos.com.br\/blog\/\"},{\"@type\":\"ListItem\",\"position\":2,\"name\":\"Direitos Fundamentais para o INSS\"}]},{\"@type\":\"WebSite\",\"@id\":\"https:\/\/www.estrategiaconcursos.com.br\/blog\/#website\",\"url\":\"https:\/\/www.estrategiaconcursos.com.br\/blog\/\",\"name\":\"Estrat\u00e9gia Concursos\",\"description\":\"O blog da Estrat\u00e9gia Concursos traz not\u00edcias sobre concursos e artigos de professores oferecendo cursos para concursos (pdf + videaulas) no site.\",\"publisher\":{\"@id\":\"https:\/\/www.estrategiaconcursos.com.br\/blog\/#organization\"},\"potentialAction\":[{\"@type\":\"SearchAction\",\"target\":{\"@type\":\"EntryPoint\",\"urlTemplate\":\"https:\/\/www.estrategiaconcursos.com.br\/blog\/?s={search_term_string}\"},\"query-input\":{\"@type\":\"PropertyValueSpecification\",\"valueRequired\":true,\"valueName\":\"search_term_string\"}}],\"inLanguage\":\"pt-BR\"},{\"@type\":\"Organization\",\"@id\":\"https:\/\/www.estrategiaconcursos.com.br\/blog\/#organization\",\"name\":\"Estrat\u00e9gia Concursos\",\"url\":\"https:\/\/www.estrategiaconcursos.com.br\/blog\/\",\"logo\":{\"@type\":\"ImageObject\",\"inLanguage\":\"pt-BR\",\"@id\":\"https:\/\/www.estrategiaconcursos.com.br\/blog\/#\/schema\/logo\/image\/\",\"url\":\"https:\/\/dhg1h5j42swfq.cloudfront.net\/2025\/06\/03203428\/logo_concursos-1.jpg\",\"contentUrl\":\"https:\/\/dhg1h5j42swfq.cloudfront.net\/2025\/06\/03203428\/logo_concursos-1.jpg\",\"width\":230,\"height\":60,\"caption\":\"Estrat\u00e9gia Concursos\"},\"image\":{\"@id\":\"https:\/\/www.estrategiaconcursos.com.br\/blog\/#\/schema\/logo\/image\/\"},\"sameAs\":[\"https:\/\/x.com\/EstratConcursos\"]},{\"@type\":\"Person\",\"@id\":\"https:\/\/www.estrategiaconcursos.com.br\/blog\/#\/schema\/person\/acd35c38f9a64ecba71ece2880cc62af\",\"name\":\"Willian Henrique Daronch\",\"image\":{\"@type\":\"ImageObject\",\"inLanguage\":\"pt-BR\",\"@id\":\"https:\/\/secure.gravatar.com\/avatar\/1a6e7846e1fb51a28cfee4a35c477afa7dde4962de7f91b559951e96176403eb?s=96&d=mm&r=g\",\"url\":\"https:\/\/secure.gravatar.com\/avatar\/1a6e7846e1fb51a28cfee4a35c477afa7dde4962de7f91b559951e96176403eb?s=96&d=mm&r=g\",\"contentUrl\":\"https:\/\/secure.gravatar.com\/avatar\/1a6e7846e1fb51a28cfee4a35c477afa7dde4962de7f91b559951e96176403eb?s=96&d=mm&r=g\",\"caption\":\"Willian Henrique Daronch\"},\"url\":\"https:\/\/www.estrategiaconcursos.com.br\/blog\/author\/williandaronchhotmail-com\/\"}]}<\/script>\n<!-- \/ Yoast SEO Premium plugin. -->","yoast_head_json":{"title":"Direitos Fundamentais para o INSS","description":"Veja no presente artigo um resumo sobre o tema Direitos Fundamentais, para o concurso do INSS, e chegue preparado na prova.","robots":{"index":"index","follow":"follow","max-snippet":"max-snippet:-1","max-image-preview":"max-image-preview:large","max-video-preview":"max-video-preview:-1"},"canonical":"https:\/\/www.estrategiaconcursos.com.br\/blog\/direitos-fundamentais-inss\/","og_locale":"pt_BR","og_type":"article","og_title":"Direitos Fundamentais para o INSS","og_description":"Veja no presente artigo um resumo sobre o tema Direitos Fundamentais, para o concurso do INSS, e chegue preparado na prova.","og_url":"https:\/\/www.estrategiaconcursos.com.br\/blog\/direitos-fundamentais-inss\/","og_site_name":"Estrat\u00e9gia Concursos","article_published_time":"2022-09-12T10:54:00+00:00","article_modified_time":"2022-09-12T15:58:19+00:00","og_image":[{"width":1200,"height":675,"url":"https:\/\/dhg1h5j42swfq.cloudfront.net\/2021\/12\/31100124\/foto-predio-inss_widelg.jpg","type":"image\/jpeg"}],"author":"Willian Henrique Daronch","twitter_card":"summary_large_image","twitter_creator":"@EstratConcursos","twitter_site":"@EstratConcursos","twitter_misc":{"Escrito por":"Willian Henrique Daronch","Est. tempo de leitura":"7 minutos"},"schema":{"@context":"https:\/\/schema.org","@graph":[{"@type":"NewsArticle","@id":"https:\/\/www.estrategiaconcursos.com.br\/blog\/direitos-fundamentais-inss\/#article","isPartOf":{"@id":"https:\/\/www.estrategiaconcursos.com.br\/blog\/direitos-fundamentais-inss\/"},"author":{"name":"Willian Henrique Daronch","@id":"https:\/\/www.estrategiaconcursos.com.br\/blog\/#\/schema\/person\/acd35c38f9a64ecba71ece2880cc62af"},"headline":"Direitos Fundamentais para o INSS","datePublished":"2022-09-12T10:54:00+00:00","dateModified":"2022-09-12T15:58:19+00:00","mainEntityOfPage":{"@id":"https:\/\/www.estrategiaconcursos.com.br\/blog\/direitos-fundamentais-inss\/"},"wordCount":1340,"commentCount":0,"publisher":{"@id":"https:\/\/www.estrategiaconcursos.com.br\/blog\/#organization"},"image":{"@id":"https:\/\/www.estrategiaconcursos.com.br\/blog\/direitos-fundamentais-inss\/#primaryimage"},"thumbnailUrl":"https:\/\/dhg1h5j42swfq.cloudfront.net\/2021\/12\/31100124\/foto-predio-inss_widelg.jpg","articleSection":["Concursos P\u00fablicos","Previdenci\u00e1ria (INSS, PREVIC)"],"inLanguage":"pt-BR","potentialAction":[{"@type":"CommentAction","name":"Comment","target":["https:\/\/www.estrategiaconcursos.com.br\/blog\/direitos-fundamentais-inss\/#respond"]}],"copyrightYear":"2022","copyrightHolder":{"@id":"https:\/\/www.estrategiaconcursos.com.br\/blog\/#organization"}},{"@type":"WebPage","@id":"https:\/\/www.estrategiaconcursos.com.br\/blog\/direitos-fundamentais-inss\/","url":"https:\/\/www.estrategiaconcursos.com.br\/blog\/direitos-fundamentais-inss\/","name":"Direitos Fundamentais para o INSS","isPartOf":{"@id":"https:\/\/www.estrategiaconcursos.com.br\/blog\/#website"},"primaryImageOfPage":{"@id":"https:\/\/www.estrategiaconcursos.com.br\/blog\/direitos-fundamentais-inss\/#primaryimage"},"image":{"@id":"https:\/\/www.estrategiaconcursos.com.br\/blog\/direitos-fundamentais-inss\/#primaryimage"},"thumbnailUrl":"https:\/\/dhg1h5j42swfq.cloudfront.net\/2021\/12\/31100124\/foto-predio-inss_widelg.jpg","datePublished":"2022-09-12T10:54:00+00:00","dateModified":"2022-09-12T15:58:19+00:00","description":"Veja no presente artigo um resumo sobre o tema Direitos Fundamentais, para o concurso do INSS, e chegue preparado na prova.","breadcrumb":{"@id":"https:\/\/www.estrategiaconcursos.com.br\/blog\/direitos-fundamentais-inss\/#breadcrumb"},"inLanguage":"pt-BR","potentialAction":[{"@type":"ReadAction","target":["https:\/\/www.estrategiaconcursos.com.br\/blog\/direitos-fundamentais-inss\/"]}]},{"@type":"ImageObject","inLanguage":"pt-BR","@id":"https:\/\/www.estrategiaconcursos.com.br\/blog\/direitos-fundamentais-inss\/#primaryimage","url":"https:\/\/dhg1h5j42swfq.cloudfront.net\/2021\/12\/31100124\/foto-predio-inss_widelg.jpg","contentUrl":"https:\/\/dhg1h5j42swfq.cloudfront.net\/2021\/12\/31100124\/foto-predio-inss_widelg.jpg","width":1200,"height":675},{"@type":"BreadcrumbList","@id":"https:\/\/www.estrategiaconcursos.com.br\/blog\/direitos-fundamentais-inss\/#breadcrumb","itemListElement":[{"@type":"ListItem","position":1,"name":"In\u00edcio","item":"https:\/\/www.estrategiaconcursos.com.br\/blog\/"},{"@type":"ListItem","position":2,"name":"Direitos Fundamentais para o INSS"}]},{"@type":"WebSite","@id":"https:\/\/www.estrategiaconcursos.com.br\/blog\/#website","url":"https:\/\/www.estrategiaconcursos.com.br\/blog\/","name":"Estrat\u00e9gia Concursos","description":"O blog da Estrat\u00e9gia Concursos traz not\u00edcias sobre concursos e artigos de professores oferecendo cursos para concursos (pdf + videaulas) no site.","publisher":{"@id":"https:\/\/www.estrategiaconcursos.com.br\/blog\/#organization"},"potentialAction":[{"@type":"SearchAction","target":{"@type":"EntryPoint","urlTemplate":"https:\/\/www.estrategiaconcursos.com.br\/blog\/?s={search_term_string}"},"query-input":{"@type":"PropertyValueSpecification","valueRequired":true,"valueName":"search_term_string"}}],"inLanguage":"pt-BR"},{"@type":"Organization","@id":"https:\/\/www.estrategiaconcursos.com.br\/blog\/#organization","name":"Estrat\u00e9gia Concursos","url":"https:\/\/www.estrategiaconcursos.com.br\/blog\/","logo":{"@type":"ImageObject","inLanguage":"pt-BR","@id":"https:\/\/www.estrategiaconcursos.com.br\/blog\/#\/schema\/logo\/image\/","url":"https:\/\/dhg1h5j42swfq.cloudfront.net\/2025\/06\/03203428\/logo_concursos-1.jpg","contentUrl":"https:\/\/dhg1h5j42swfq.cloudfront.net\/2025\/06\/03203428\/logo_concursos-1.jpg","width":230,"height":60,"caption":"Estrat\u00e9gia Concursos"},"image":{"@id":"https:\/\/www.estrategiaconcursos.com.br\/blog\/#\/schema\/logo\/image\/"},"sameAs":["https:\/\/x.com\/EstratConcursos"]},{"@type":"Person","@id":"https:\/\/www.estrategiaconcursos.com.br\/blog\/#\/schema\/person\/acd35c38f9a64ecba71ece2880cc62af","name":"Willian Henrique Daronch","image":{"@type":"ImageObject","inLanguage":"pt-BR","@id":"https:\/\/secure.gravatar.com\/avatar\/1a6e7846e1fb51a28cfee4a35c477afa7dde4962de7f91b559951e96176403eb?s=96&d=mm&r=g","url":"https:\/\/secure.gravatar.com\/avatar\/1a6e7846e1fb51a28cfee4a35c477afa7dde4962de7f91b559951e96176403eb?s=96&d=mm&r=g","contentUrl":"https:\/\/secure.gravatar.com\/avatar\/1a6e7846e1fb51a28cfee4a35c477afa7dde4962de7f91b559951e96176403eb?s=96&d=mm&r=g","caption":"Willian Henrique Daronch"},"url":"https:\/\/www.estrategiaconcursos.com.br\/blog\/author\/williandaronchhotmail-com\/"}]}},"_links":{"self":[{"href":"https:\/\/www.estrategiaconcursos.com.br\/blog\/wp-json\/wp\/v2\/posts\/1092672","targetHints":{"allow":["GET"]}}],"collection":[{"href":"https:\/\/www.estrategiaconcursos.com.br\/blog\/wp-json\/wp\/v2\/posts"}],"about":[{"href":"https:\/\/www.estrategiaconcursos.com.br\/blog\/wp-json\/wp\/v2\/types\/post"}],"author":[{"embeddable":true,"href":"https:\/\/www.estrategiaconcursos.com.br\/blog\/wp-json\/wp\/v2\/users\/1573"}],"replies":[{"embeddable":true,"href":"https:\/\/www.estrategiaconcursos.com.br\/blog\/wp-json\/wp\/v2\/comments?post=1092672"}],"version-history":[{"count":8,"href":"https:\/\/www.estrategiaconcursos.com.br\/blog\/wp-json\/wp\/v2\/posts\/1092672\/revisions"}],"predecessor-version":[{"id":1093028,"href":"https:\/\/www.estrategiaconcursos.com.br\/blog\/wp-json\/wp\/v2\/posts\/1092672\/revisions\/1093028"}],"wp:featuredmedia":[{"embeddable":true,"href":"https:\/\/www.estrategiaconcursos.com.br\/blog\/wp-json\/wp\/v2\/media\/938050"}],"wp:attachment":[{"href":"https:\/\/www.estrategiaconcursos.com.br\/blog\/wp-json\/wp\/v2\/media?parent=1092672"}],"wp:term":[{"taxonomy":"category","embeddable":true,"href":"https:\/\/www.estrategiaconcursos.com.br\/blog\/wp-json\/wp\/v2\/categories?post=1092672"},{"taxonomy":"post_tag","embeddable":true,"href":"https:\/\/www.estrategiaconcursos.com.br\/blog\/wp-json\/wp\/v2\/tags?post=1092672"},{"taxonomy":"tax_estado","embeddable":true,"href":"https:\/\/www.estrategiaconcursos.com.br\/blog\/wp-json\/wp\/v2\/tax_estado?post=1092672"}],"curies":[{"name":"wp","href":"https:\/\/api.w.org\/{rel}","templated":true}]}}