{"id":1092437,"date":"2022-09-09T20:02:00","date_gmt":"2022-09-09T23:02:00","guid":{"rendered":"https:\/\/www.estrategiaconcursos.com.br\/blog\/?p=1092437"},"modified":"2022-09-09T21:41:11","modified_gmt":"2022-09-10T00:41:11","slug":"concurso-al-rn-local-provas","status":"publish","type":"post","link":"https:\/\/www.estrategiaconcursos.com.br\/blog\/concurso-al-rn-local-provas\/","title":{"rendered":"Concurso AL RN divulga o local de aplica\u00e7\u00e3o das provas!"},"content":{"rendered":"\n<p>Aten\u00e7\u00e3o, corujas! o Instituto AOCP divulgou o <strong>local <\/strong>de aplica\u00e7\u00e3o das <strong>provas <\/strong>objetivas e discursivas do <strong>concurso AL RN<\/strong>.<\/p>\n\n\n\n<p>A etapa ocorrer\u00e1 no dia 25 de setembro, nos turnos da manh\u00e3 e tarde. Confira <a href=\"https:\/\/dhg1h5j42swfq.cloudfront.net\/2022\/09\/09212451\/ed_horario_local_obj_disc_alrn.pdf\" target=\"_blank\" rel=\"noreferrer noopener nofollow\">AQUI<\/a> o documento na \u00edntegra!<\/p>\n\n\n\n<p>O candidato dever\u00e1 comparecer com anteced\u00eancia m\u00ednima de 45 minutos do hor\u00e1rio fixado para o fechamento do port\u00e3o de acesso, munido de caneta esferogr\u00e1fica transparente, de tinta azul ou preta, documento oficial de identifica\u00e7\u00e3o com foto e o Cart\u00e3o de Informa\u00e7\u00e3o impresso.<\/p>\n\n\n\n<figure class=\"wp-block-image aligncenter size-full is-resized\"><img loading=\"lazy\" decoding=\"async\" src=\"https:\/\/dhg1h5j42swfq.cloudfront.net\/2022\/09\/09213052\/image-124.png\" alt=\"local de provas do concurso al rn\" class=\"wp-image-1092443\" width=\"723\" height=\"547\" srcset=\"https:\/\/dhg1h5j42swfq.cloudfront.net\/2022\/09\/09213052\/image-124.png 1014w, https:\/\/dhg1h5j42swfq.cloudfront.net\/2022\/09\/09213052\/image-124-300x227.png 300w, https:\/\/dhg1h5j42swfq.cloudfront.net\/2022\/09\/09213052\/image-124-768x582.png 768w, https:\/\/dhg1h5j42swfq.cloudfront.net\/2022\/09\/09213052\/image-124-610x462.png 610w, https:\/\/dhg1h5j42swfq.cloudfront.net\/2022\/09\/09213052\/image-124-150x114.png 150w\" sizes=\"auto, (max-width: 723px) 100vw, 723px\" \/><figcaption>Local de provas do concurso AL RN<\/figcaption><\/figure>\n\n\n\n<p>A Prova Objetiva ser\u00e1 composta de 60 quest\u00f5es distribu\u00eddas por \u00e1reas de conhecimento, onde cada quest\u00e3o ter\u00e1 cinco alternativas a apenas uma considerada correta.<\/p>\n\n\n\n<ul class=\"wp-block-list\"><li><strong>T\u00e9cnico Legislativo &#8211; Apoio Administrativo:<\/strong><ul><li><em>Hist\u00f3ria do Rio Grande do Norte &#8211; 7<\/em><\/li><li><em>Legisla\u00e7\u00e3o Institucional (Regimento Interno) &#8211; 12 <\/em><\/li><li><em>Constitui\u00e7\u00e3o do Estado do Rio Grande do Norte &#8211; 11 <\/em><\/li><li><em>L\u00edngua Portuguesa &#8211; 15 <\/em><\/li><li><em>Matem\u00e1tica e Racioc\u00ednio L\u00f3gico-matem\u00e1tico -15<\/em><\/li><\/ul><\/li><\/ul>\n\n\n\n<ul class=\"wp-block-list\"><li><strong>T\u00e9cnico Legislativo (demais especialidades):<\/strong><ul><li><em>L\u00edngua Portuguesa &#8211; 8<\/em><\/li><li><em>Matem\u00e1tica e Racioc\u00ednio L\u00f3gico-matem\u00e1tico &#8211; 7<\/em><\/li><li><em>Hist\u00f3ria do Rio Grande do Norte &#8211; 5<\/em><\/li><li><em>Legisla\u00e7\u00e3o Institucional (Regimento Interno) &#8211; 5<\/em><\/li><li><em>Constitui\u00e7\u00e3o do Estado do Rio Grande do Norte &#8211; 5<\/em><\/li><li><em>Conhecimentos Espec\u00edficos &#8211; 30<\/em><\/li><\/ul><\/li><\/ul>\n\n\n\n<ul class=\"wp-block-list\"><li><strong>Analista<\/strong> <strong>Legislativo &#8211; Processo Legislativo:<\/strong><ul><li><em>L\u00edngua Portuguesa &#8211; 10<\/em><\/li><li><em>Matem\u00e1tica e Racioc\u00ednio L\u00f3gico-matem\u00e1tico &#8211; 5<\/em><\/li><li><em>Hist\u00f3ria do Rio Grande do Norte &#8211; 5<\/em><\/li><li><em>Direito Civil &#8211; 5<\/em><\/li><li><em>Direito Administrativo &#8211; 10<\/em><\/li><li><em>Direito Constitucional &#8211; 10<\/em><\/li><li><em>Legisla\u00e7\u00e3o Institucional (Regimento Interno) &#8211; 10<\/em><\/li><li><em>Constitui\u00e7\u00e3o do Estado do Rio Grande do Norte &#8211; 5<\/em><\/li><\/ul><\/li><\/ul>\n\n\n\n<ul class=\"wp-block-list\"><li><strong>Analista<\/strong> <strong>Legislativo (demais especialidades):<\/strong><ul><li><em>L\u00edngua Portuguesa &#8211; 10<\/em><\/li><li><em>Matem\u00e1tica e Racioc\u00ednio L\u00f3gico-matem\u00e1tico &#8211; 5<\/em><\/li><li><em>Hist\u00f3ria do Rio Grande do Norte &#8211; 5<\/em><\/li><li><em>Legisla\u00e7\u00e3o Institucional (Regimento Interno) &#8211; 10<\/em><\/li><li><em style=\"color: initial;\">Conhecimentos Espec\u00edficos &#8211; 30<\/em><\/li><\/ul><\/li><\/ul>\n\n\n\n<p>O candidato dever\u00e1 obter 50% ou mais do total de pontos previstos na prova para n\u00e3o ser eliminado do concurso AL RN.<\/p>\n\n\n\n<p>S\u00e3o ofertadas 47 vagas aos cargos de Analista (superior) e T\u00e9cnico Legislativo (m\u00e9dio), para candidatos de ampla concorr\u00eancia, pessoas com defici\u00eancia e negros e sal\u00e1rios iniciais de R$ 5.868,16 a R$ 9.738,64.<\/p>\n\n\n\n<p>Para saber os detalhes sobre o local de provas do concurso <a href=\"http:\/\/www.al.rn.gov.br\/\" target=\"_blank\" rel=\"noreferrer noopener\">AL RN<\/a> acesse o artigo abaixo.<\/p>\n\n\n\n<h3 class=\"has-text-align-center has-background wp-block-heading\" id=\"concurso-assembleia-legislativa-rn\" style=\"background-color:#e4c47e\"><a href=\"https:\/\/www.estrategiaconcursos.com.br\/blog\/concurso-assembleia-legislativa-rn\/\" target=\"_blank\" rel=\"noreferrer noopener\">Concurso Assembleia Legislativa RN<\/a><\/h3>\n\n\n\n<h2 class=\"has-text-align-center wp-block-heading\" id=\"h-quer-estudar-para-o-concurso-al-rn\">Quer estudar para o concurso AL RN?<\/h2>\n\n\n\n<div class=\"container\" id=\"boxes\">\n  <div class=\"row\">\n\n    <div class=\"col-sm\">\n      <div class=\"banner-legislativo\" id=\"box-assinatura\">\n        <h3 class=\"titulo-assinatura\">Concurso AL RN<\/h3>\n        <p class=\"subtitulo-assinatura\">Conhe\u00e7a os cursos<\/p>\n        <div class=\"box-botao\">\n          <a class=\"btn-assinatura\" target=\"_blank\" href=\"https:\/\/www.estrategiaconcursos.com.br\/cursosPorConcurso\/assembleia-legislativa-do-rio-grande-do-norte-alrn\/\" role=\"button\" rel=\"noopener noreferrer\">Conhe\u00e7a mais<\/a>\n        <\/div>\n      <\/div>\n     \n\n  <\/div>\n<\/div><\/div>\n\n\n\n<div class=\"container\" id=\"boxes\">\n  <div class=\"row\">\n\n    <div class=\"col-sm\">\n      <div class=\"estrategia\" id=\"box-assinatura\">\n        <h3 class=\"titulo-assinatura\">Assinatura de Concursos<\/h3>\n        <p class=\"subtitulo-assinatura\">Assinatura de 1 ano ou 2 anos<\/p>\n        <div class=\"box-botao\">\n          <a class=\"btn-assinatura\" target=\"_blank\" href=\"https:\/\/www.estrategiaconcursos.com.br\/assinaturas\/\" role=\"button\" rel=\"noopener noreferrer\">ASSINE AGORA<\/a>\n        <\/div>\n      <\/div>\n     \n    <\/div><\/div><\/div>\n\n\n\n<h2 class=\"has-text-align-center wp-block-heading\" id=\"h-quer-saber-tudo-sobre-concursos-previstos-confira-nossos-artigos\">Quer saber tudo sobre concursos previstos?<br \/>Confira nossos artigos!<\/h2>\n\n\n\n<ul class=\"wp-block-list\"><li><a href=\"https:\/\/www.estrategiaconcursos.com.br\/blog\/concursos-abertos\/\" target=\"_blank\" rel=\"noreferrer noopener\">Concursos abertos<\/a><\/li><li><a href=\"https:\/\/www.estrategiaconcursos.com.br\/blog\/concursos-2022\/\" target=\"_blank\" rel=\"noreferrer noopener\">Concursos 2022<\/a><\/li><li><a href=\"https:\/\/www.estrategiaconcursos.com.br\/blog\/concursos-2023\/\" target=\"_blank\" rel=\"noreferrer noopener\">Concursos 2023<\/a><\/li><\/ul>\n","protected":false},"excerpt":{"rendered":"<p>Aten\u00e7\u00e3o, corujas! o Instituto AOCP divulgou o local de aplica\u00e7\u00e3o das provas objetivas e discursivas do concurso AL RN. A etapa ocorrer\u00e1 no dia 25 de setembro, nos turnos da manh\u00e3 e tarde. Confira AQUI o documento na \u00edntegra! O candidato dever\u00e1 comparecer com anteced\u00eancia m\u00ednima de 45 minutos do hor\u00e1rio fixado para o fechamento [&hellip;]<\/p>\n","protected":false},"author":2134,"featured_media":1063917,"comment_status":"open","ping_status":"closed","sticky":false,"template":"","format":"standard","meta":{"post_tipo":"news","footnotes":""},"categories":[2017],"tags":[],"tax_estado":[219983],"class_list":["post-1092437","post","type-post","status-publish","format-standard","has-post-thumbnail","hentry","category-concursos-legislativos","tax_estado-rn"],"acf":[],"yoast_head":"<!-- This site is optimized with the Yoast SEO Premium plugin v27.2 (Yoast SEO v27.2) - https:\/\/yoast.com\/product\/yoast-seo-premium-wordpress\/ -->\n<title>Concurso AL RN divulga o local de aplica\u00e7\u00e3o das provas!<\/title>\n<meta name=\"description\" content=\"Concurso AL RN divulga o local de aplica\u00e7\u00e3o das provas objetivas e discursivas da sele\u00e7\u00e3o. Confira neste artigo todos os detalhes!\" \/>\n<meta name=\"robots\" content=\"index, follow, max-snippet:-1, max-image-preview:large, max-video-preview:-1\" \/>\n<link rel=\"canonical\" href=\"https:\/\/www.estrategiaconcursos.com.br\/blog\/concurso-al-rn-local-provas\/\" \/>\n<meta property=\"og:locale\" content=\"pt_BR\" \/>\n<meta property=\"og:type\" content=\"article\" \/>\n<meta property=\"og:title\" content=\"Concurso AL RN divulga o local de aplica\u00e7\u00e3o das provas!\" \/>\n<meta property=\"og:description\" content=\"Concurso AL RN divulga o local de aplica\u00e7\u00e3o das provas objetivas e discursivas da sele\u00e7\u00e3o. Confira neste artigo todos os detalhes!\" \/>\n<meta property=\"og:url\" content=\"https:\/\/www.estrategiaconcursos.com.br\/blog\/concurso-al-rn-local-provas\/\" \/>\n<meta property=\"og:site_name\" content=\"Estrat\u00e9gia Concursos\" \/>\n<meta property=\"article:published_time\" content=\"2022-09-09T23:02:00+00:00\" \/>\n<meta property=\"article:modified_time\" content=\"2022-09-10T00:41:11+00:00\" \/>\n<meta property=\"og:image\" content=\"https:\/\/dhg1h5j42swfq.cloudfront.net\/2022\/07\/20090019\/concurso-al-rn.jpg\" \/>\n\t<meta property=\"og:image:width\" content=\"768\" \/>\n\t<meta property=\"og:image:height\" content=\"432\" \/>\n\t<meta property=\"og:image:type\" content=\"image\/jpeg\" \/>\n<meta name=\"author\" content=\"Rafaela Teixeira\" \/>\n<meta name=\"twitter:card\" content=\"summary_large_image\" \/>\n<meta name=\"twitter:creator\" content=\"@EstratConcursos\" \/>\n<meta name=\"twitter:site\" content=\"@EstratConcursos\" \/>\n<meta name=\"twitter:label1\" content=\"Escrito por\" \/>\n\t<meta name=\"twitter:data1\" content=\"Rafaela Teixeira\" \/>\n\t<meta name=\"twitter:label2\" content=\"Est. tempo de leitura\" \/>\n\t<meta name=\"twitter:data2\" content=\"2 minutos\" \/>\n<script type=\"application\/ld+json\" class=\"yoast-schema-graph\">{\"@context\":\"https:\/\/schema.org\",\"@graph\":[{\"@type\":\"NewsArticle\",\"@id\":\"https:\/\/www.estrategiaconcursos.com.br\/blog\/concurso-al-rn-local-provas\/#article\",\"isPartOf\":{\"@id\":\"https:\/\/www.estrategiaconcursos.com.br\/blog\/concurso-al-rn-local-provas\/\"},\"author\":{\"name\":\"Rafaela Teixeira\",\"@id\":\"https:\/\/www.estrategiaconcursos.com.br\/blog\/#\/schema\/person\/e75352021ea7f60781c599934f916eb1\"},\"headline\":\"Concurso AL RN divulga o local de aplica\u00e7\u00e3o das provas!\",\"datePublished\":\"2022-09-09T23:02:00+00:00\",\"dateModified\":\"2022-09-10T00:41:11+00:00\",\"mainEntityOfPage\":{\"@id\":\"https:\/\/www.estrategiaconcursos.com.br\/blog\/concurso-al-rn-local-provas\/\"},\"wordCount\":426,\"commentCount\":0,\"publisher\":{\"@id\":\"https:\/\/www.estrategiaconcursos.com.br\/blog\/#organization\"},\"image\":{\"@id\":\"https:\/\/www.estrategiaconcursos.com.br\/blog\/concurso-al-rn-local-provas\/#primaryimage\"},\"thumbnailUrl\":\"https:\/\/dhg1h5j42swfq.cloudfront.net\/2022\/07\/20090019\/concurso-al-rn.jpg\",\"articleSection\":[\"Legislativo\"],\"inLanguage\":\"pt-BR\",\"potentialAction\":[{\"@type\":\"CommentAction\",\"name\":\"Comment\",\"target\":[\"https:\/\/www.estrategiaconcursos.com.br\/blog\/concurso-al-rn-local-provas\/#respond\"]}],\"copyrightYear\":\"2022\",\"copyrightHolder\":{\"@id\":\"https:\/\/www.estrategiaconcursos.com.br\/blog\/#organization\"}},{\"@type\":\"WebPage\",\"@id\":\"https:\/\/www.estrategiaconcursos.com.br\/blog\/concurso-al-rn-local-provas\/\",\"url\":\"https:\/\/www.estrategiaconcursos.com.br\/blog\/concurso-al-rn-local-provas\/\",\"name\":\"Concurso AL RN divulga o local de aplica\u00e7\u00e3o das provas!\",\"isPartOf\":{\"@id\":\"https:\/\/www.estrategiaconcursos.com.br\/blog\/#website\"},\"primaryImageOfPage\":{\"@id\":\"https:\/\/www.estrategiaconcursos.com.br\/blog\/concurso-al-rn-local-provas\/#primaryimage\"},\"image\":{\"@id\":\"https:\/\/www.estrategiaconcursos.com.br\/blog\/concurso-al-rn-local-provas\/#primaryimage\"},\"thumbnailUrl\":\"https:\/\/dhg1h5j42swfq.cloudfront.net\/2022\/07\/20090019\/concurso-al-rn.jpg\",\"datePublished\":\"2022-09-09T23:02:00+00:00\",\"dateModified\":\"2022-09-10T00:41:11+00:00\",\"description\":\"Concurso AL RN divulga o local de aplica\u00e7\u00e3o das provas objetivas e discursivas da sele\u00e7\u00e3o. Confira neste artigo todos os detalhes!\",\"breadcrumb\":{\"@id\":\"https:\/\/www.estrategiaconcursos.com.br\/blog\/concurso-al-rn-local-provas\/#breadcrumb\"},\"inLanguage\":\"pt-BR\",\"potentialAction\":[{\"@type\":\"ReadAction\",\"target\":[\"https:\/\/www.estrategiaconcursos.com.br\/blog\/concurso-al-rn-local-provas\/\"]}]},{\"@type\":\"ImageObject\",\"inLanguage\":\"pt-BR\",\"@id\":\"https:\/\/www.estrategiaconcursos.com.br\/blog\/concurso-al-rn-local-provas\/#primaryimage\",\"url\":\"https:\/\/dhg1h5j42swfq.cloudfront.net\/2022\/07\/20090019\/concurso-al-rn.jpg\",\"contentUrl\":\"https:\/\/dhg1h5j42swfq.cloudfront.net\/2022\/07\/20090019\/concurso-al-rn.jpg\",\"width\":768,\"height\":432,\"caption\":\"concurso al rn\"},{\"@type\":\"BreadcrumbList\",\"@id\":\"https:\/\/www.estrategiaconcursos.com.br\/blog\/concurso-al-rn-local-provas\/#breadcrumb\",\"itemListElement\":[{\"@type\":\"ListItem\",\"position\":1,\"name\":\"In\u00edcio\",\"item\":\"https:\/\/www.estrategiaconcursos.com.br\/blog\/\"},{\"@type\":\"ListItem\",\"position\":2,\"name\":\"Concurso AL RN divulga o local de aplica\u00e7\u00e3o das provas!\"}]},{\"@type\":\"WebSite\",\"@id\":\"https:\/\/www.estrategiaconcursos.com.br\/blog\/#website\",\"url\":\"https:\/\/www.estrategiaconcursos.com.br\/blog\/\",\"name\":\"Estrat\u00e9gia Concursos\",\"description\":\"O blog da Estrat\u00e9gia Concursos traz not\u00edcias sobre concursos e artigos de professores oferecendo cursos para concursos (pdf + videaulas) no site.\",\"publisher\":{\"@id\":\"https:\/\/www.estrategiaconcursos.com.br\/blog\/#organization\"},\"potentialAction\":[{\"@type\":\"SearchAction\",\"target\":{\"@type\":\"EntryPoint\",\"urlTemplate\":\"https:\/\/www.estrategiaconcursos.com.br\/blog\/?s={search_term_string}\"},\"query-input\":{\"@type\":\"PropertyValueSpecification\",\"valueRequired\":true,\"valueName\":\"search_term_string\"}}],\"inLanguage\":\"pt-BR\"},{\"@type\":\"Organization\",\"@id\":\"https:\/\/www.estrategiaconcursos.com.br\/blog\/#organization\",\"name\":\"Estrat\u00e9gia Concursos\",\"url\":\"https:\/\/www.estrategiaconcursos.com.br\/blog\/\",\"logo\":{\"@type\":\"ImageObject\",\"inLanguage\":\"pt-BR\",\"@id\":\"https:\/\/www.estrategiaconcursos.com.br\/blog\/#\/schema\/logo\/image\/\",\"url\":\"https:\/\/dhg1h5j42swfq.cloudfront.net\/2025\/06\/03203428\/logo_concursos-1.jpg\",\"contentUrl\":\"https:\/\/dhg1h5j42swfq.cloudfront.net\/2025\/06\/03203428\/logo_concursos-1.jpg\",\"width\":230,\"height\":60,\"caption\":\"Estrat\u00e9gia Concursos\"},\"image\":{\"@id\":\"https:\/\/www.estrategiaconcursos.com.br\/blog\/#\/schema\/logo\/image\/\"},\"sameAs\":[\"https:\/\/x.com\/EstratConcursos\"]},{\"@type\":\"Person\",\"@id\":\"https:\/\/www.estrategiaconcursos.com.br\/blog\/#\/schema\/person\/e75352021ea7f60781c599934f916eb1\",\"name\":\"Rafaela Teixeira\",\"image\":{\"@type\":\"ImageObject\",\"inLanguage\":\"pt-BR\",\"@id\":\"https:\/\/secure.gravatar.com\/avatar\/8a349a2b22039b1ee88fc06461487c950fd6aa411ea8af8633314b43334ae793?s=96&d=mm&r=g\",\"url\":\"https:\/\/secure.gravatar.com\/avatar\/8a349a2b22039b1ee88fc06461487c950fd6aa411ea8af8633314b43334ae793?s=96&d=mm&r=g\",\"contentUrl\":\"https:\/\/secure.gravatar.com\/avatar\/8a349a2b22039b1ee88fc06461487c950fd6aa411ea8af8633314b43334ae793?s=96&d=mm&r=g\",\"caption\":\"Rafaela Teixeira\"},\"description\":\"Rafaela Teixeira \u00e9 advogada conveniada \u00e0 Defensoria P\u00fablica de S\u00e3o Paulo pela OAB, com experi\u00eancia em reda\u00e7\u00e3o jur\u00eddica e atua\u00e7\u00e3o em institui\u00e7\u00f5es p\u00fablicas, incluindo est\u00e1gio no TRE-SP. Possui mais de 7 anos de experi\u00eancia na produ\u00e7\u00e3o de conte\u00fados voltados ao nicho de concursos p\u00fablicos, com foco em apura\u00e7\u00e3o jornal\u00edstica cont\u00ednua, an\u00e1lise de editais e obten\u00e7\u00e3o de informa\u00e7\u00f5es diretamente junto a \u00f3rg\u00e3os e fontes oficiais. No Blog do Estrat\u00e9gia Concursos, atua como Analista de Conte\u00fado S\u00eanior, respons\u00e1vel pelo jornalismo do per\u00edodo noturno e da madrugada, com atua\u00e7\u00e3o transversal na cobertura de concursos p\u00fablicos, garantindo a continuidade, fluidez e confiabilidade das publica\u00e7\u00f5es e dos bastidores dos certames.\",\"url\":\"https:\/\/www.estrategiaconcursos.com.br\/blog\/author\/rafaela-teixeira\/\"}]}<\/script>\n<!-- \/ Yoast SEO Premium plugin. -->","yoast_head_json":{"title":"Concurso AL RN divulga o local de aplica\u00e7\u00e3o das provas!","description":"Concurso AL RN divulga o local de aplica\u00e7\u00e3o das provas objetivas e discursivas da sele\u00e7\u00e3o. Confira neste artigo todos os detalhes!","robots":{"index":"index","follow":"follow","max-snippet":"max-snippet:-1","max-image-preview":"max-image-preview:large","max-video-preview":"max-video-preview:-1"},"canonical":"https:\/\/www.estrategiaconcursos.com.br\/blog\/concurso-al-rn-local-provas\/","og_locale":"pt_BR","og_type":"article","og_title":"Concurso AL RN divulga o local de aplica\u00e7\u00e3o das provas!","og_description":"Concurso AL RN divulga o local de aplica\u00e7\u00e3o das provas objetivas e discursivas da sele\u00e7\u00e3o. Confira neste artigo todos os detalhes!","og_url":"https:\/\/www.estrategiaconcursos.com.br\/blog\/concurso-al-rn-local-provas\/","og_site_name":"Estrat\u00e9gia Concursos","article_published_time":"2022-09-09T23:02:00+00:00","article_modified_time":"2022-09-10T00:41:11+00:00","og_image":[{"width":768,"height":432,"url":"https:\/\/dhg1h5j42swfq.cloudfront.net\/2022\/07\/20090019\/concurso-al-rn.jpg","type":"image\/jpeg"}],"author":"Rafaela Teixeira","twitter_card":"summary_large_image","twitter_creator":"@EstratConcursos","twitter_site":"@EstratConcursos","twitter_misc":{"Escrito por":"Rafaela Teixeira","Est. tempo de leitura":"2 minutos"},"schema":{"@context":"https:\/\/schema.org","@graph":[{"@type":"NewsArticle","@id":"https:\/\/www.estrategiaconcursos.com.br\/blog\/concurso-al-rn-local-provas\/#article","isPartOf":{"@id":"https:\/\/www.estrategiaconcursos.com.br\/blog\/concurso-al-rn-local-provas\/"},"author":{"name":"Rafaela Teixeira","@id":"https:\/\/www.estrategiaconcursos.com.br\/blog\/#\/schema\/person\/e75352021ea7f60781c599934f916eb1"},"headline":"Concurso AL RN divulga o local de aplica\u00e7\u00e3o das provas!","datePublished":"2022-09-09T23:02:00+00:00","dateModified":"2022-09-10T00:41:11+00:00","mainEntityOfPage":{"@id":"https:\/\/www.estrategiaconcursos.com.br\/blog\/concurso-al-rn-local-provas\/"},"wordCount":426,"commentCount":0,"publisher":{"@id":"https:\/\/www.estrategiaconcursos.com.br\/blog\/#organization"},"image":{"@id":"https:\/\/www.estrategiaconcursos.com.br\/blog\/concurso-al-rn-local-provas\/#primaryimage"},"thumbnailUrl":"https:\/\/dhg1h5j42swfq.cloudfront.net\/2022\/07\/20090019\/concurso-al-rn.jpg","articleSection":["Legislativo"],"inLanguage":"pt-BR","potentialAction":[{"@type":"CommentAction","name":"Comment","target":["https:\/\/www.estrategiaconcursos.com.br\/blog\/concurso-al-rn-local-provas\/#respond"]}],"copyrightYear":"2022","copyrightHolder":{"@id":"https:\/\/www.estrategiaconcursos.com.br\/blog\/#organization"}},{"@type":"WebPage","@id":"https:\/\/www.estrategiaconcursos.com.br\/blog\/concurso-al-rn-local-provas\/","url":"https:\/\/www.estrategiaconcursos.com.br\/blog\/concurso-al-rn-local-provas\/","name":"Concurso AL RN divulga o local de aplica\u00e7\u00e3o das provas!","isPartOf":{"@id":"https:\/\/www.estrategiaconcursos.com.br\/blog\/#website"},"primaryImageOfPage":{"@id":"https:\/\/www.estrategiaconcursos.com.br\/blog\/concurso-al-rn-local-provas\/#primaryimage"},"image":{"@id":"https:\/\/www.estrategiaconcursos.com.br\/blog\/concurso-al-rn-local-provas\/#primaryimage"},"thumbnailUrl":"https:\/\/dhg1h5j42swfq.cloudfront.net\/2022\/07\/20090019\/concurso-al-rn.jpg","datePublished":"2022-09-09T23:02:00+00:00","dateModified":"2022-09-10T00:41:11+00:00","description":"Concurso AL RN divulga o local de aplica\u00e7\u00e3o das provas objetivas e discursivas da sele\u00e7\u00e3o. Confira neste artigo todos os detalhes!","breadcrumb":{"@id":"https:\/\/www.estrategiaconcursos.com.br\/blog\/concurso-al-rn-local-provas\/#breadcrumb"},"inLanguage":"pt-BR","potentialAction":[{"@type":"ReadAction","target":["https:\/\/www.estrategiaconcursos.com.br\/blog\/concurso-al-rn-local-provas\/"]}]},{"@type":"ImageObject","inLanguage":"pt-BR","@id":"https:\/\/www.estrategiaconcursos.com.br\/blog\/concurso-al-rn-local-provas\/#primaryimage","url":"https:\/\/dhg1h5j42swfq.cloudfront.net\/2022\/07\/20090019\/concurso-al-rn.jpg","contentUrl":"https:\/\/dhg1h5j42swfq.cloudfront.net\/2022\/07\/20090019\/concurso-al-rn.jpg","width":768,"height":432,"caption":"concurso al rn"},{"@type":"BreadcrumbList","@id":"https:\/\/www.estrategiaconcursos.com.br\/blog\/concurso-al-rn-local-provas\/#breadcrumb","itemListElement":[{"@type":"ListItem","position":1,"name":"In\u00edcio","item":"https:\/\/www.estrategiaconcursos.com.br\/blog\/"},{"@type":"ListItem","position":2,"name":"Concurso AL RN divulga o local de aplica\u00e7\u00e3o das provas!"}]},{"@type":"WebSite","@id":"https:\/\/www.estrategiaconcursos.com.br\/blog\/#website","url":"https:\/\/www.estrategiaconcursos.com.br\/blog\/","name":"Estrat\u00e9gia Concursos","description":"O blog da Estrat\u00e9gia Concursos traz not\u00edcias sobre concursos e artigos de professores oferecendo cursos para concursos (pdf + videaulas) no site.","publisher":{"@id":"https:\/\/www.estrategiaconcursos.com.br\/blog\/#organization"},"potentialAction":[{"@type":"SearchAction","target":{"@type":"EntryPoint","urlTemplate":"https:\/\/www.estrategiaconcursos.com.br\/blog\/?s={search_term_string}"},"query-input":{"@type":"PropertyValueSpecification","valueRequired":true,"valueName":"search_term_string"}}],"inLanguage":"pt-BR"},{"@type":"Organization","@id":"https:\/\/www.estrategiaconcursos.com.br\/blog\/#organization","name":"Estrat\u00e9gia Concursos","url":"https:\/\/www.estrategiaconcursos.com.br\/blog\/","logo":{"@type":"ImageObject","inLanguage":"pt-BR","@id":"https:\/\/www.estrategiaconcursos.com.br\/blog\/#\/schema\/logo\/image\/","url":"https:\/\/dhg1h5j42swfq.cloudfront.net\/2025\/06\/03203428\/logo_concursos-1.jpg","contentUrl":"https:\/\/dhg1h5j42swfq.cloudfront.net\/2025\/06\/03203428\/logo_concursos-1.jpg","width":230,"height":60,"caption":"Estrat\u00e9gia Concursos"},"image":{"@id":"https:\/\/www.estrategiaconcursos.com.br\/blog\/#\/schema\/logo\/image\/"},"sameAs":["https:\/\/x.com\/EstratConcursos"]},{"@type":"Person","@id":"https:\/\/www.estrategiaconcursos.com.br\/blog\/#\/schema\/person\/e75352021ea7f60781c599934f916eb1","name":"Rafaela Teixeira","image":{"@type":"ImageObject","inLanguage":"pt-BR","@id":"https:\/\/secure.gravatar.com\/avatar\/8a349a2b22039b1ee88fc06461487c950fd6aa411ea8af8633314b43334ae793?s=96&d=mm&r=g","url":"https:\/\/secure.gravatar.com\/avatar\/8a349a2b22039b1ee88fc06461487c950fd6aa411ea8af8633314b43334ae793?s=96&d=mm&r=g","contentUrl":"https:\/\/secure.gravatar.com\/avatar\/8a349a2b22039b1ee88fc06461487c950fd6aa411ea8af8633314b43334ae793?s=96&d=mm&r=g","caption":"Rafaela Teixeira"},"description":"Rafaela Teixeira \u00e9 advogada conveniada \u00e0 Defensoria P\u00fablica de S\u00e3o Paulo pela OAB, com experi\u00eancia em reda\u00e7\u00e3o jur\u00eddica e atua\u00e7\u00e3o em institui\u00e7\u00f5es p\u00fablicas, incluindo est\u00e1gio no TRE-SP. Possui mais de 7 anos de experi\u00eancia na produ\u00e7\u00e3o de conte\u00fados voltados ao nicho de concursos p\u00fablicos, com foco em apura\u00e7\u00e3o jornal\u00edstica cont\u00ednua, an\u00e1lise de editais e obten\u00e7\u00e3o de informa\u00e7\u00f5es diretamente junto a \u00f3rg\u00e3os e fontes oficiais. No Blog do Estrat\u00e9gia Concursos, atua como Analista de Conte\u00fado S\u00eanior, respons\u00e1vel pelo jornalismo do per\u00edodo noturno e da madrugada, com atua\u00e7\u00e3o transversal na cobertura de concursos p\u00fablicos, garantindo a continuidade, fluidez e confiabilidade das publica\u00e7\u00f5es e dos bastidores dos certames.","url":"https:\/\/www.estrategiaconcursos.com.br\/blog\/author\/rafaela-teixeira\/"}]}},"_links":{"self":[{"href":"https:\/\/www.estrategiaconcursos.com.br\/blog\/wp-json\/wp\/v2\/posts\/1092437","targetHints":{"allow":["GET"]}}],"collection":[{"href":"https:\/\/www.estrategiaconcursos.com.br\/blog\/wp-json\/wp\/v2\/posts"}],"about":[{"href":"https:\/\/www.estrategiaconcursos.com.br\/blog\/wp-json\/wp\/v2\/types\/post"}],"author":[{"embeddable":true,"href":"https:\/\/www.estrategiaconcursos.com.br\/blog\/wp-json\/wp\/v2\/users\/2134"}],"replies":[{"embeddable":true,"href":"https:\/\/www.estrategiaconcursos.com.br\/blog\/wp-json\/wp\/v2\/comments?post=1092437"}],"version-history":[{"count":7,"href":"https:\/\/www.estrategiaconcursos.com.br\/blog\/wp-json\/wp\/v2\/posts\/1092437\/revisions"}],"predecessor-version":[{"id":1092460,"href":"https:\/\/www.estrategiaconcursos.com.br\/blog\/wp-json\/wp\/v2\/posts\/1092437\/revisions\/1092460"}],"wp:featuredmedia":[{"embeddable":true,"href":"https:\/\/www.estrategiaconcursos.com.br\/blog\/wp-json\/wp\/v2\/media\/1063917"}],"wp:attachment":[{"href":"https:\/\/www.estrategiaconcursos.com.br\/blog\/wp-json\/wp\/v2\/media?parent=1092437"}],"wp:term":[{"taxonomy":"category","embeddable":true,"href":"https:\/\/www.estrategiaconcursos.com.br\/blog\/wp-json\/wp\/v2\/categories?post=1092437"},{"taxonomy":"post_tag","embeddable":true,"href":"https:\/\/www.estrategiaconcursos.com.br\/blog\/wp-json\/wp\/v2\/tags?post=1092437"},{"taxonomy":"tax_estado","embeddable":true,"href":"https:\/\/www.estrategiaconcursos.com.br\/blog\/wp-json\/wp\/v2\/tax_estado?post=1092437"}],"curies":[{"name":"wp","href":"https:\/\/api.w.org\/{rel}","templated":true}]}}