{"id":1092276,"date":"2022-09-12T09:00:00","date_gmt":"2022-09-12T12:00:00","guid":{"rendered":"https:\/\/www.estrategiaconcursos.com.br\/blog\/?p=1092276"},"modified":"2022-09-16T16:23:32","modified_gmt":"2022-09-16T19:23:32","slug":"carta-aos-assinantes-098","status":"publish","type":"post","link":"https:\/\/www.estrategiaconcursos.com.br\/blog\/carta-aos-assinantes-098\/","title":{"rendered":"Carta aos Assinantes do Estrat\u00e9gia Concursos &#8211; 098"},"content":{"rendered":"\n<p class=\"has-text-align-right has-luminous-vivid-amber-background-color has-background\"><em>Confira, em nossa <strong>nonag\u00e9sima oitava<\/strong> carta aos assinantes, a nossa programa\u00e7\u00e3o semanal, as novidades do nosso Sistema de Quest\u00f5es e as principais movimenta\u00e7\u00f5es de concursos.<\/em><\/p>\n\n\n\n<p>Ol\u00e1, pessoal. Tudo bem?<\/p>\n\n\n\n<p>Aqui \u00e9 o<strong> Prof. Diego Cerqueira <\/strong>em nossa <strong><mark style=\"background-color:rgba(0, 0, 0, 0)\" class=\"has-inline-color has-vivid-purple-color\">nonag\u00e9sima oitava carta aos Assinantes<\/mark><\/strong> do Estrat\u00e9gia Concursos.<\/p>\n\n\n\n<p>Voc\u00ea que estava aguardando a publica\u00e7\u00e3o do edital para o concurso do <strong><mark style=\"background-color:rgba(0, 0, 0, 0)\" class=\"has-inline-color has-vivid-purple-color\">DETRAN DF<\/mark><\/strong>, a sua hora chegou. S\u00e3o 366 vagas, sendo 126 para Analista de Atividades de Tr\u00e2nsito e 240 para T\u00e9cnico. As vagas s\u00e3o para ensino m\u00e9dio e ensino superior, respectivamente. Se quiser saber mais e ficar por dentro de tudo que envolve este certame, <a href=\"https:\/\/www.estrategiaconcursos.com.br\/blog\/concurso-detran-df-edital-publicado\/\">clique aqui<\/a> e acesse o nosso artigo do Blog.<\/p>\n\n\n\n<p>Quem aqui vai se tornar servidor do concurso mais aguardado da \u00e1rea fiscal? Segundo fontes internas, a <strong><mark style=\"background-color:rgba(0, 0, 0, 0)\" class=\"has-inline-color has-vivid-purple-color\">Receita Federal<\/mark><\/strong> enviou a minuta do edital para a Banca FGV, organizadora do concurso. A expectativa \u00e9 que o edital saia ainda neste m\u00eas de setembro. Para n\u00e3o perder nada, <a href=\"https:\/\/t.me\/EsquadraoReceitaFederal\">inscreva-se aqui<\/a> no nosso canal exclusivo do Telegram.<\/p>\n\n\n\n<p>Por fim, mas n\u00e3o menos importante, saiu o edital do concurso da <strong><mark style=\"background-color:rgba(0, 0, 0, 0)\" class=\"has-inline-color has-vivid-purple-color\">PPGG DF (Pol\u00edticas P\u00fablicas e Gest\u00e3o Governamental do Distrito Federal)<\/mark>. <\/strong>As oportunidades ser\u00e3o destinadas para as fun\u00e7\u00f5es de Gestor e Analista em Pol\u00edticas P\u00fablicas, ambos com exig\u00eancia em n\u00edvel superior de forma\u00e7\u00e3o. Se quiser saber mais, <a href=\"https:\/\/www.estrategiaconcursos.com.br\/blog\/concurso-ppgg-df\/\">clique aqui<\/a> e confira o nosso artigo do Blog.<\/p>\n\n\n\n<h2 class=\"wp-block-heading\" id=\"h-sistema-de-questoes-do-estrategia\">Sistema de Quest\u00f5es do Estrat\u00e9gia<\/h2>\n\n\n\n<p>Na \u00faltima semana a nossa equipe do Sistema de Quest\u00f5es criou um artigo com provas anteriores para o seguinte concurso:<\/p>\n\n\n\n<ul class=\"wp-block-list\"><li>Pol\u00edcia Militar do Estado de S\u00e3o Paulo (<a href=\"https:\/\/www.estrategiaconcursos.com.br\/blog\/10-provas-de-concursos-anteriores-pm-sp\/\">Clique aqui!<\/a>)<\/li><\/ul>\n\n\n\n<h2 class=\"wp-block-heading\" id=\"h-agora-vamos-ver-as-principais-movimentacoes-de-concursos-da-ultima-semana\">Agora, vamos ver as principais movimenta\u00e7\u00f5es de concursos da \u00faltima semana?<\/h2>\n\n\n\n<ul class=\"wp-block-list\"><li><a href=\"https:\/\/www.estrategiaconcursos.com.br\/blog\/concurso-inss\/\">INSS<\/a>: O extrato de contrato do concurso INSS foi publicado no Di\u00e1rio Oficial da Uni\u00e3o desta quinta-feira, 08 de setembro, ou seja, a publica\u00e7\u00e3o do edital \u00e9 iminente! O documento oficializa a contrata\u00e7\u00e3o do Cebraspe (Centro Brasileiro de Pesquisa em Avalia\u00e7\u00e3o e Sele\u00e7\u00e3o e de Promo\u00e7\u00e3o de Eventos) pelo Instituto Nacional do Seguro Social. A expectativa agora fica pela finaliza\u00e7\u00e3o e, posteriormente, a publica\u00e7\u00e3o do t\u00e3o aguardado edital para provimento de 1.000 vagas imediatas no cargo de T\u00e9cnico do Seguro Social. A fun\u00e7\u00e3o oferece remunera\u00e7\u00e3o inicial de R$ 5.447,79, al\u00e9m da estabilidade que vai dar aos aprovados uma garantia extra de que n\u00e3o podem ser demitidos.<\/li><\/ul>\n\n\n\n<ul class=\"wp-block-list\"><li><a href=\"https:\/\/www.estrategiaconcursos.com.br\/blog\/concurso-ppgg-df\/\">PPGG DF<\/a>: Foi publicado o edital do concurso p\u00fablico PPGG DF (Pol\u00edticas P\u00fablicas e Gest\u00e3o Governamental do Distrito Federal). Ao todo, s\u00e3o ofertadas 250 imediatas mais cadastro de reserva, com iniciais de at\u00e9 R$ 7,7 mil. As oportunidades s\u00e3o destinadas para as fun\u00e7\u00f5es de Gestor e Analista em Pol\u00edticas P\u00fablicas, ambos com exig\u00eancia em n\u00edvel superior de forma\u00e7\u00e3o. Os interessados em participar do certame devem se inscrever entre os dias 14 de outubro e 20 de novembro, atrav\u00e9s do site da banca organizadora, o IADES. Al\u00e9m disso, tamb\u00e9m ser\u00e1 necess\u00e1rio efetuar o pagamento da taxa fixada que pode variar conforme o cargo. J\u00e1 as provas objetivas est\u00e3o previstas para o dia 18 de dezembro.<\/li><\/ul>\n\n\n\n<ul class=\"wp-block-list\"><li><a href=\"https:\/\/www.estrategiaconcursos.com.br\/blog\/concurso-iprev-sc\/\">IPREV SC<\/a>: Est\u00e1 oficialmente contratada a banca organizadora do pr\u00f3ximo concurso Instituto de Previd\u00eancia do Estado de Santa Catarina (IPREV SC): o Instituto Brasileiro de Apoio e Desenvolvimento Executivo \u2013 IBADE. Ao todo, ser\u00e3o ofertadas 30 vagas para fun\u00e7\u00f5es de n\u00edvel superior. Os cargos contemplados ainda n\u00e3o foram revelados, o que deve ocorrer em momento oportuno. Com o contrato com a banca j\u00e1 assinado, o pr\u00f3ximo passo ser\u00e1 a publica\u00e7\u00e3o do edital de abertura. O \u00faltimo certame foi realizado em 2013, sob organiza\u00e7\u00e3o da banca Fepese.<\/li><\/ul>\n\n\n\n<ul class=\"wp-block-list\"><li><a href=\"https:\/\/www.estrategiaconcursos.com.br\/blog\/concurso-politec-ap\/\">Politec AP<\/a>: Foi publicado o edital do concurso Politec AP com 430 vagas de n\u00edveis t\u00e9cnico e superior, com remunera\u00e7\u00e3o inicial entre R$ 2.666,28 a R$ 12.440,54. As oportunidades s\u00e3o para os cargos de Perito Criminal, Odontolegista, Papiloscopista, T\u00e9cnico Pericial e Auxiliar T\u00e9cnico-Pericial. Os interessados podem se candidatar entre os dias 6 de setembro a 4 de outubro, atrav\u00e9s do portal da banca organizadora, a FGV. A prova \u00e9 prevista no dia 4 de dezembro.<\/li><\/ul>\n\n\n\n<ul class=\"wp-block-list\"><li><a href=\"https:\/\/www.estrategiaconcursos.com.br\/blog\/concurso-detran-ap\/\">Detran AP<\/a>: Foi publicado o edital do concurso Detran AP com oferta de 66 vagas imediatas, al\u00e9m de 470 para forma\u00e7\u00e3o de cadastro reserva. As oportunidades s\u00e3o para diversos cargos de n\u00edveis m\u00e9dio e superior, com sal\u00e1rio inicial de R$ 3.048,23 a 6.830,76. Os interessados poder\u00e3o realizar a inscri\u00e7\u00e3o no per\u00edodo de 12 de setembro a 10 de outubro, no site da banca FCC. A aplica\u00e7\u00e3o da prova \u00e9 prevista no dia 11 de dezembro.<\/li><\/ul>\n\n\n\n<ul class=\"wp-block-list\"><li><a href=\"https:\/\/www.estrategiaconcursos.com.br\/blog\/concurso-bombeiros-mg\/\">Bombeiros MG<\/a>: Foi publicado o edital do concurso Bombeiros MG com oferta de 385 vagas para os cargos de Cadete (Oficial), Soldado Combatente e Soldado Especialista. As oportunidades s\u00e3o de n\u00edvel m\u00e9dio, com sal\u00e1rios de R$ 4.360,83 a R$ 7.175,30. Os interessados podem se candidatar no portal da banca IBGP, no per\u00edodo de 07 de novembro a 08 de dezembro. As provas est\u00e3o previstas para os dias 22 de janeiro e 12 de fevereiro de 2023.<\/li><\/ul>\n\n\n\n<ul class=\"wp-block-list\"><li>Seguran\u00e7a PE (<a href=\"https:\/\/www.estrategiaconcursos.com.br\/blog\/concurso-pm-pe\/\">PM<\/a>, <a href=\"https:\/\/www.estrategiaconcursos.com.br\/blog\/concurso-pc-pe\/\">PC<\/a>, <a href=\"https:\/\/www.estrategiaconcursos.com.br\/blog\/concurso-bombeiro-pe\/\">Bombeiros<\/a> e <a href=\"https:\/\/www.estrategiaconcursos.com.br\/blog\/concurso-politec-pe\/\">Politec<\/a>): O governador de Pernambuco, Paulo C\u00e2mara, anunciou a autoriza\u00e7\u00e3o de 4.741 vagas para realiza\u00e7\u00e3o de novos concursos p\u00fablicos na \u00e1rea de Seguran\u00e7a P\u00fablica. As oportunidades ser\u00e3o distribu\u00eddas entre as quatro operativas, sendo 2.580 para a Pol\u00edcia Militar, 400 para o Corpo de Bombeiros, 1.597 para a Pol\u00edcia Civil e 164 vagas para a Pol\u00edcia T\u00e9cnica.<\/li><\/ul>\n\n\n\n<ul class=\"wp-block-list\"><li><a href=\"https:\/\/www.estrategiaconcursos.com.br\/blog\/concurso-detran-df\/\">Detran DF<\/a>: Foi publicado o t\u00e3o aguardado edital do concurso Detran DF com a oferta de 366 vagas. As oportunidades s\u00e3o para os cargos de Analista e T\u00e9cnico em Atividades de Tr\u00e2nsito, sendo 123 imediatas e 243 em cadastro reserva. Os candidatos devem possuir forma\u00e7\u00e3o de n\u00edvel superior e m\u00e9dio. Os sal\u00e1rios iniciais variam de R$ 4.650,00 a R$ 6.437,50. Os interessados podem realizar as inscri\u00e7\u00f5es no per\u00edodo de 10 de outubro a 8 de novembro, no site do IBFC. A prova \u00e9 prevista no dia 11 de dezembro.<\/li><\/ul>\n\n\n\n<ul class=\"wp-block-list\"><li><a href=\"https:\/\/www.estrategiaconcursos.com.br\/blog\/concurso-pc-sp-autorizacao-3-500-vagas\/\">PC SP<\/a>: Foi divulgado um despacho de autoriza\u00e7\u00e3o visando o provimento de 3.500 vagas para um novo concurso PC SP. As oportunidades ser\u00e3o para os cargos de Delegado, M\u00e9dico Legista, Perito Criminal, Investigador e Escriv\u00e3o.<\/li><\/ul>\n\n\n\n<ul class=\"wp-block-list\"><li><a href=\"https:\/\/cj.estrategia.com\/portal\/agu-pgfn-procurador-federal\/\">AGU, PGFN e Procurador Federal<\/a>: Os concursos da AGU, PGFN e para Procurador Federal est\u00e3o prestes de ter a empresa que ir\u00e1 organiz\u00e1-los definida. Rumores indicam o Cebraspe como banca organizadora dos tr\u00eas concursos. Mas nada foi divulgado oficialmente pelo \u00f3rg\u00e3o. Al\u00e9m disso, \u00e9 prov\u00e1vel que os editais sejam publicados ainda em 2022. O novo concurso da AGU deve ofertar 100 vagas para o cargo de Advogado-Geral da Uni\u00e3o. A PGFN est\u00e1 trabalhando para realizar a nova sele\u00e7\u00e3o com oferta de 100 vagas para o cargo de Procurador da Fazenda Nacional de 2\u00aa Categoria.<\/li><\/ul>\n\n\n\n<ul class=\"wp-block-list\"><li><a href=\"https:\/\/cj.estrategia.com\/portal\/concurso-delegado-sp\/\">Delegado SP<\/a>: Foi publicada a autoriza\u00e7\u00e3o do novo concurso Delegado SP. De acordo com o documento est\u00e3o previstas 552 vagas para Delegado de Pol\u00edcia. O regulamento do concurso Delegado SP exige que o candidato seja portador do diploma de bacharel em Direito, expedido por institui\u00e7\u00e3o reconhecida pelo Minist\u00e9rio da Educa\u00e7\u00e3o (MEC). Al\u00e9m disso, \u00e9 necess\u00e1rio que o candidato comprove o exerc\u00edcio de, pelo menos, 2 anos de atividade jur\u00eddica ou policial.<\/li><\/ul>\n\n\n\n<ul class=\"wp-block-list\"><li><a href=\"https:\/\/cj.estrategia.com\/portal\/concurso-delegado-pe\/\">Delegado PE<\/a>: O governador de Pernambuco, Paulo C\u00e2mara, anunciou a autoriza\u00e7\u00e3o do concurso Delegado PE com 47 vagas imediatas. Al\u00e9m disso, vale lembrar que a delegada e deputada estadual de Pernambuco Gleide \u00c2ngelo chegou a divulgar que o edital seria publicado no 2\u00b0 semestre. \u00c9 necess\u00e1rio possuir o diploma de bacharel em Direito, expedido por institui\u00e7\u00e3o reconhecida pelo Minist\u00e9rio da Educa\u00e7\u00e3o. Al\u00e9m disso, exige-se a comprova\u00e7\u00e3o do exerc\u00edcio de tr\u00eas anos de pr\u00e1tica forense (ap\u00f3s a cola\u00e7\u00e3o de grau) ou de atividade policial, comprovadas na data da posse.<\/li><\/ul>\n\n\n\n<ul class=\"wp-block-list\"><li><a href=\"https:\/\/cj.estrategia.com\/portal\/concurso-pgm-sp\/\">Procurador PGM SP<\/a>: O Conselho Superior da Procuradoria Geral do Munic\u00edpio de S\u00e3o Paulo (PGM SP), vai debater no dia 13 de setembro, a realiza\u00e7\u00e3o do novo concurso para Procurador do Munic\u00edpio. Al\u00e9m disso, foi publicado no Di\u00e1rio Oficial o Decreto nno qual o Prefeito Ricardo Nunes passou \u00e0 delegar \u00e0 Procuradoria Geral do Munic\u00edpio a compet\u00eancia para a realiza\u00e7\u00e3o dos concursos p\u00fablicos destinados ao provimento dos cargos de Procurador do Munic\u00edpio (Concurso PGM SP).<\/li><\/ul>\n\n\n\n<ul class=\"wp-block-list\"><li><a href=\"https:\/\/www.estrategiaconcursos.com.br\/blog\/concurso-trt-ba\/\">TRT BA<\/a>: o edital do concurso para o Tribunal Regional do Trabalho da Bahia foi divulgado com a oferta de vagas em cadastro de reserva para os cargos de t\u00e9cnico e analista judici\u00e1rio. Os sal\u00e1rios iniciais variam de R$ 7.591,37 a R$ 12.455,30. Interessados poder\u00e3o se candidatar por meio do site da banca FCC no per\u00edodo de 15 de setembro a 11 de outubro. As provas objetivas est\u00e3o previstas para o dia 4 de dezembro.<\/li><\/ul>\n\n\n\n<ul class=\"wp-block-list\"><li><a href=\"https:\/\/www.estrategiaconcursos.com.br\/blog\/concurso-cnmp\/\">CNMP:<\/a> O Conselho Nacional do Minist\u00e9rio P\u00fablico est\u00e1 com comiss\u00e3o formada para novo edital! O concurso ter\u00e1 a oferta de vagas para os cargos de T\u00e9cnico e Analista. Segundo fontes internas do pr\u00f3prio \u00f3rg\u00e3o, em contato realizado no dia 9 de setembro, a inten\u00e7\u00e3o \u00e9 divulgar o novo edital \u201co mais breve poss\u00edvel\u201d em raz\u00e3o do crescente n\u00famero de vac\u00e2ncias nas carreiras de apoio do CNMP. Conforme o \u00faltimo levantamento realizado em agosto de 2022, o CNMP conta com 8 cargos vagos na carreira de Analista; e 11 na carreira de T\u00e9cnico.<\/li><\/ul>\n\n\n\n<ul class=\"wp-block-list\"><li><a href=\"https:\/\/www.estrategiaconcursos.com.br\/blog\/concurso-mp-sp\/\">MP SP:<\/a> o edital do concurso para o Minist\u00e9rio P\u00fablico de S\u00e3o Paulo pode sair a qualquer momento! Isso porque o extrato do contrato com a FGV foi divulgado no dia 7 de setembro. Est\u00e3o confirmadas 5 vagas para cargos de n\u00edvel superior de Analista de Promotoria l \u2013 v\u00e1rias especialidades, \u00c1rea da Sa\u00fade, Assist\u00eancia Social, e vagas em cadastro de reserva para o cargo de Oficial de Promotoria I.<\/li><\/ul>\n\n\n\n<ul class=\"wp-block-list\"><li><a href=\"https:\/\/www.estrategiaconcursos.com.br\/blog\/concurso-see-sp\/\">SEE SP:<\/a> A Secretaria de Educa\u00e7\u00e3o do Estado de S\u00e3o Paulo tem novo concurso autorizado para o provimento de 15 mil vagas nas carreiras de professores de n\u00edveis fundamental e m\u00e9dio! A autoriza\u00e7\u00e3o foi divulgada no dia 6 de setembro por meio do di\u00e1rio oficial estadual e, agora, a Pasta dever\u00e1 definir a banca organizadora para que o edital seja divulgado. A previs\u00e3o \u00e9 de que os novos servidores entre em exerc\u00edcio no ano letivo de 2024.<\/li><\/ul>\n\n\n\n<p>Desejo a todos uma excelente semana de estudos!<\/p>\n\n\n\n<p>Abra\u00e7os,<\/p>\n\n\n\n<p><strong>Prof. Diego Cerqueira<\/strong><\/p>\n","protected":false},"excerpt":{"rendered":"<p>Confira, em nossa nonag\u00e9sima oitava carta aos assinantes, a nossa programa\u00e7\u00e3o semanal, as novidades do nosso Sistema de Quest\u00f5es e as principais movimenta\u00e7\u00f5es de concursos. Ol\u00e1, pessoal. Tudo bem? Aqui \u00e9 o Prof. Diego Cerqueira em nossa nonag\u00e9sima oitava carta aos Assinantes do Estrat\u00e9gia Concursos. Voc\u00ea que estava aguardando a publica\u00e7\u00e3o do edital para o [&hellip;]<\/p>\n","protected":false},"author":1789,"featured_media":1092287,"comment_status":"open","ping_status":"closed","sticky":false,"template":"","format":"standard","meta":{"post_tipo":"article","footnotes":""},"categories":[1],"tags":[],"tax_estado":[219964,219965,219966,219967,219968,219969,219963,219970,219971,219972,219973,219974,219975,219976,219977,219978,219979,219980,219981,219982,219983,219984,219985,219986,219987,219988,219989,219990],"class_list":["post-1092276","post","type-post","status-publish","format-standard","has-post-thumbnail","hentry","category-cursos-e-concursos","tax_estado-ac","tax_estado-al","tax_estado-am","tax_estado-ap","tax_estado-ba","tax_estado-ce","tax_estado-concursos-federais","tax_estado-df","tax_estado-es","tax_estado-go","tax_estado-ma","tax_estado-mg","tax_estado-ms","tax_estado-mt","tax_estado-pa","tax_estado-pb","tax_estado-pe","tax_estado-pi","tax_estado-pr","tax_estado-rj","tax_estado-rn","tax_estado-ro","tax_estado-rr","tax_estado-rs","tax_estado-sc","tax_estado-se","tax_estado-sp","tax_estado-to"],"acf":[],"yoast_head":"<!-- This site is optimized with the Yoast SEO Premium plugin v27.2 (Yoast SEO v27.2) - https:\/\/yoast.com\/product\/yoast-seo-premium-wordpress\/ -->\n<title>Carta aos Assinantes do Estrat\u00e9gia Concursos - 098<\/title>\n<meta name=\"description\" content=\"Confira, em nossa 98\u00aa carta aos assinantes, a nossa programa\u00e7\u00e3o semanal, as novidades do nosso SQ e as principais movimenta\u00e7\u00f5es de concursos.\" \/>\n<meta name=\"robots\" content=\"index, follow, max-snippet:-1, max-image-preview:large, max-video-preview:-1\" \/>\n<link rel=\"canonical\" href=\"https:\/\/www.estrategiaconcursos.com.br\/blog\/carta-aos-assinantes-098\/\" \/>\n<meta property=\"og:locale\" content=\"pt_BR\" \/>\n<meta property=\"og:type\" content=\"article\" \/>\n<meta property=\"og:title\" content=\"Carta aos Assinantes do Estrat\u00e9gia Concursos - 098\" \/>\n<meta property=\"og:description\" content=\"Confira, em nossa 98\u00aa carta aos assinantes, a nossa programa\u00e7\u00e3o semanal, as novidades do nosso SQ e as principais movimenta\u00e7\u00f5es de concursos.\" \/>\n<meta property=\"og:url\" content=\"https:\/\/www.estrategiaconcursos.com.br\/blog\/carta-aos-assinantes-098\/\" \/>\n<meta property=\"og:site_name\" content=\"Estrat\u00e9gia Concursos\" \/>\n<meta property=\"article:published_time\" content=\"2022-09-12T12:00:00+00:00\" \/>\n<meta property=\"article:modified_time\" content=\"2022-09-16T19:23:32+00:00\" \/>\n<meta property=\"og:image\" content=\"https:\/\/dhg1h5j42swfq.cloudfront.net\/2022\/09\/09164709\/imagem-carta-aos-assinantes-1.png\" \/>\n\t<meta property=\"og:image:width\" content=\"800\" \/>\n\t<meta property=\"og:image:height\" content=\"450\" \/>\n\t<meta property=\"og:image:type\" content=\"image\/png\" \/>\n<meta name=\"author\" content=\"Coordena\u00e7\u00e3o Estrat\u00e9gia\" \/>\n<meta name=\"twitter:card\" content=\"summary_large_image\" \/>\n<meta name=\"twitter:creator\" content=\"@EstratConcursos\" \/>\n<meta name=\"twitter:site\" content=\"@EstratConcursos\" \/>\n<meta name=\"twitter:label1\" content=\"Escrito por\" \/>\n\t<meta name=\"twitter:data1\" content=\"Coordena\u00e7\u00e3o Estrat\u00e9gia\" \/>\n\t<meta name=\"twitter:label2\" content=\"Est. tempo de leitura\" \/>\n\t<meta name=\"twitter:data2\" content=\"9 minutos\" \/>\n<script type=\"application\/ld+json\" class=\"yoast-schema-graph\">{\"@context\":\"https:\/\/schema.org\",\"@graph\":[{\"@type\":\"NewsArticle\",\"@id\":\"https:\/\/www.estrategiaconcursos.com.br\/blog\/carta-aos-assinantes-098\/#article\",\"isPartOf\":{\"@id\":\"https:\/\/www.estrategiaconcursos.com.br\/blog\/carta-aos-assinantes-098\/\"},\"author\":{\"name\":\"Coordena\u00e7\u00e3o Estrat\u00e9gia\",\"@id\":\"https:\/\/www.estrategiaconcursos.com.br\/blog\/#\/schema\/person\/ba5fab3b1fa4a358429e37bc50f74021\"},\"headline\":\"Carta aos Assinantes do Estrat\u00e9gia Concursos &#8211; 098\",\"datePublished\":\"2022-09-12T12:00:00+00:00\",\"dateModified\":\"2022-09-16T19:23:32+00:00\",\"mainEntityOfPage\":{\"@id\":\"https:\/\/www.estrategiaconcursos.com.br\/blog\/carta-aos-assinantes-098\/\"},\"wordCount\":1762,\"commentCount\":0,\"publisher\":{\"@id\":\"https:\/\/www.estrategiaconcursos.com.br\/blog\/#organization\"},\"image\":{\"@id\":\"https:\/\/www.estrategiaconcursos.com.br\/blog\/carta-aos-assinantes-098\/#primaryimage\"},\"thumbnailUrl\":\"https:\/\/dhg1h5j42swfq.cloudfront.net\/2022\/09\/09164709\/imagem-carta-aos-assinantes-1.png\",\"articleSection\":[\"Concursos P\u00fablicos\"],\"inLanguage\":\"pt-BR\",\"potentialAction\":[{\"@type\":\"CommentAction\",\"name\":\"Comment\",\"target\":[\"https:\/\/www.estrategiaconcursos.com.br\/blog\/carta-aos-assinantes-098\/#respond\"]}],\"copyrightYear\":\"2022\",\"copyrightHolder\":{\"@id\":\"https:\/\/www.estrategiaconcursos.com.br\/blog\/#organization\"}},{\"@type\":\"WebPage\",\"@id\":\"https:\/\/www.estrategiaconcursos.com.br\/blog\/carta-aos-assinantes-098\/\",\"url\":\"https:\/\/www.estrategiaconcursos.com.br\/blog\/carta-aos-assinantes-098\/\",\"name\":\"Carta aos Assinantes do Estrat\u00e9gia Concursos - 098\",\"isPartOf\":{\"@id\":\"https:\/\/www.estrategiaconcursos.com.br\/blog\/#website\"},\"primaryImageOfPage\":{\"@id\":\"https:\/\/www.estrategiaconcursos.com.br\/blog\/carta-aos-assinantes-098\/#primaryimage\"},\"image\":{\"@id\":\"https:\/\/www.estrategiaconcursos.com.br\/blog\/carta-aos-assinantes-098\/#primaryimage\"},\"thumbnailUrl\":\"https:\/\/dhg1h5j42swfq.cloudfront.net\/2022\/09\/09164709\/imagem-carta-aos-assinantes-1.png\",\"datePublished\":\"2022-09-12T12:00:00+00:00\",\"dateModified\":\"2022-09-16T19:23:32+00:00\",\"description\":\"Confira, em nossa 98\u00aa carta aos assinantes, a nossa programa\u00e7\u00e3o semanal, as novidades do nosso SQ e as principais movimenta\u00e7\u00f5es de concursos.\",\"breadcrumb\":{\"@id\":\"https:\/\/www.estrategiaconcursos.com.br\/blog\/carta-aos-assinantes-098\/#breadcrumb\"},\"inLanguage\":\"pt-BR\",\"potentialAction\":[{\"@type\":\"ReadAction\",\"target\":[\"https:\/\/www.estrategiaconcursos.com.br\/blog\/carta-aos-assinantes-098\/\"]}]},{\"@type\":\"ImageObject\",\"inLanguage\":\"pt-BR\",\"@id\":\"https:\/\/www.estrategiaconcursos.com.br\/blog\/carta-aos-assinantes-098\/#primaryimage\",\"url\":\"https:\/\/dhg1h5j42swfq.cloudfront.net\/2022\/09\/09164709\/imagem-carta-aos-assinantes-1.png\",\"contentUrl\":\"https:\/\/dhg1h5j42swfq.cloudfront.net\/2022\/09\/09164709\/imagem-carta-aos-assinantes-1.png\",\"width\":800,\"height\":450},{\"@type\":\"BreadcrumbList\",\"@id\":\"https:\/\/www.estrategiaconcursos.com.br\/blog\/carta-aos-assinantes-098\/#breadcrumb\",\"itemListElement\":[{\"@type\":\"ListItem\",\"position\":1,\"name\":\"In\u00edcio\",\"item\":\"https:\/\/www.estrategiaconcursos.com.br\/blog\/\"},{\"@type\":\"ListItem\",\"position\":2,\"name\":\"Carta aos Assinantes do Estrat\u00e9gia Concursos &#8211; 098\"}]},{\"@type\":\"WebSite\",\"@id\":\"https:\/\/www.estrategiaconcursos.com.br\/blog\/#website\",\"url\":\"https:\/\/www.estrategiaconcursos.com.br\/blog\/\",\"name\":\"Estrat\u00e9gia Concursos\",\"description\":\"O blog da Estrat\u00e9gia Concursos traz not\u00edcias sobre concursos e artigos de professores oferecendo cursos para concursos (pdf + videaulas) no site.\",\"publisher\":{\"@id\":\"https:\/\/www.estrategiaconcursos.com.br\/blog\/#organization\"},\"potentialAction\":[{\"@type\":\"SearchAction\",\"target\":{\"@type\":\"EntryPoint\",\"urlTemplate\":\"https:\/\/www.estrategiaconcursos.com.br\/blog\/?s={search_term_string}\"},\"query-input\":{\"@type\":\"PropertyValueSpecification\",\"valueRequired\":true,\"valueName\":\"search_term_string\"}}],\"inLanguage\":\"pt-BR\"},{\"@type\":\"Organization\",\"@id\":\"https:\/\/www.estrategiaconcursos.com.br\/blog\/#organization\",\"name\":\"Estrat\u00e9gia Concursos\",\"url\":\"https:\/\/www.estrategiaconcursos.com.br\/blog\/\",\"logo\":{\"@type\":\"ImageObject\",\"inLanguage\":\"pt-BR\",\"@id\":\"https:\/\/www.estrategiaconcursos.com.br\/blog\/#\/schema\/logo\/image\/\",\"url\":\"https:\/\/dhg1h5j42swfq.cloudfront.net\/2025\/06\/03203428\/logo_concursos-1.jpg\",\"contentUrl\":\"https:\/\/dhg1h5j42swfq.cloudfront.net\/2025\/06\/03203428\/logo_concursos-1.jpg\",\"width\":230,\"height\":60,\"caption\":\"Estrat\u00e9gia Concursos\"},\"image\":{\"@id\":\"https:\/\/www.estrategiaconcursos.com.br\/blog\/#\/schema\/logo\/image\/\"},\"sameAs\":[\"https:\/\/x.com\/EstratConcursos\"]},{\"@type\":\"Person\",\"@id\":\"https:\/\/www.estrategiaconcursos.com.br\/blog\/#\/schema\/person\/ba5fab3b1fa4a358429e37bc50f74021\",\"name\":\"Coordena\u00e7\u00e3o Estrat\u00e9gia\",\"image\":{\"@type\":\"ImageObject\",\"inLanguage\":\"pt-BR\",\"@id\":\"https:\/\/secure.gravatar.com\/avatar\/adff33ff18541ba37c900dd2b1e82dbfb0fe33d873b92636b4827a8da462feb3?s=96&d=mm&r=g\",\"url\":\"https:\/\/secure.gravatar.com\/avatar\/adff33ff18541ba37c900dd2b1e82dbfb0fe33d873b92636b4827a8da462feb3?s=96&d=mm&r=g\",\"contentUrl\":\"https:\/\/secure.gravatar.com\/avatar\/adff33ff18541ba37c900dd2b1e82dbfb0fe33d873b92636b4827a8da462feb3?s=96&d=mm&r=g\",\"caption\":\"Coordena\u00e7\u00e3o Estrat\u00e9gia\"},\"url\":\"https:\/\/www.estrategiaconcursos.com.br\/blog\/author\/victor-tanakaaestrategiaconcursos-com-br\/\"}]}<\/script>\n<!-- \/ Yoast SEO Premium plugin. -->","yoast_head_json":{"title":"Carta aos Assinantes do Estrat\u00e9gia Concursos - 098","description":"Confira, em nossa 98\u00aa carta aos assinantes, a nossa programa\u00e7\u00e3o semanal, as novidades do nosso SQ e as principais movimenta\u00e7\u00f5es de concursos.","robots":{"index":"index","follow":"follow","max-snippet":"max-snippet:-1","max-image-preview":"max-image-preview:large","max-video-preview":"max-video-preview:-1"},"canonical":"https:\/\/www.estrategiaconcursos.com.br\/blog\/carta-aos-assinantes-098\/","og_locale":"pt_BR","og_type":"article","og_title":"Carta aos Assinantes do Estrat\u00e9gia Concursos - 098","og_description":"Confira, em nossa 98\u00aa carta aos assinantes, a nossa programa\u00e7\u00e3o semanal, as novidades do nosso SQ e as principais movimenta\u00e7\u00f5es de concursos.","og_url":"https:\/\/www.estrategiaconcursos.com.br\/blog\/carta-aos-assinantes-098\/","og_site_name":"Estrat\u00e9gia Concursos","article_published_time":"2022-09-12T12:00:00+00:00","article_modified_time":"2022-09-16T19:23:32+00:00","og_image":[{"width":800,"height":450,"url":"https:\/\/dhg1h5j42swfq.cloudfront.net\/2022\/09\/09164709\/imagem-carta-aos-assinantes-1.png","type":"image\/png"}],"author":"Coordena\u00e7\u00e3o Estrat\u00e9gia","twitter_card":"summary_large_image","twitter_creator":"@EstratConcursos","twitter_site":"@EstratConcursos","twitter_misc":{"Escrito por":"Coordena\u00e7\u00e3o Estrat\u00e9gia","Est. tempo de leitura":"9 minutos"},"schema":{"@context":"https:\/\/schema.org","@graph":[{"@type":"NewsArticle","@id":"https:\/\/www.estrategiaconcursos.com.br\/blog\/carta-aos-assinantes-098\/#article","isPartOf":{"@id":"https:\/\/www.estrategiaconcursos.com.br\/blog\/carta-aos-assinantes-098\/"},"author":{"name":"Coordena\u00e7\u00e3o Estrat\u00e9gia","@id":"https:\/\/www.estrategiaconcursos.com.br\/blog\/#\/schema\/person\/ba5fab3b1fa4a358429e37bc50f74021"},"headline":"Carta aos Assinantes do Estrat\u00e9gia Concursos &#8211; 098","datePublished":"2022-09-12T12:00:00+00:00","dateModified":"2022-09-16T19:23:32+00:00","mainEntityOfPage":{"@id":"https:\/\/www.estrategiaconcursos.com.br\/blog\/carta-aos-assinantes-098\/"},"wordCount":1762,"commentCount":0,"publisher":{"@id":"https:\/\/www.estrategiaconcursos.com.br\/blog\/#organization"},"image":{"@id":"https:\/\/www.estrategiaconcursos.com.br\/blog\/carta-aos-assinantes-098\/#primaryimage"},"thumbnailUrl":"https:\/\/dhg1h5j42swfq.cloudfront.net\/2022\/09\/09164709\/imagem-carta-aos-assinantes-1.png","articleSection":["Concursos P\u00fablicos"],"inLanguage":"pt-BR","potentialAction":[{"@type":"CommentAction","name":"Comment","target":["https:\/\/www.estrategiaconcursos.com.br\/blog\/carta-aos-assinantes-098\/#respond"]}],"copyrightYear":"2022","copyrightHolder":{"@id":"https:\/\/www.estrategiaconcursos.com.br\/blog\/#organization"}},{"@type":"WebPage","@id":"https:\/\/www.estrategiaconcursos.com.br\/blog\/carta-aos-assinantes-098\/","url":"https:\/\/www.estrategiaconcursos.com.br\/blog\/carta-aos-assinantes-098\/","name":"Carta aos Assinantes do Estrat\u00e9gia Concursos - 098","isPartOf":{"@id":"https:\/\/www.estrategiaconcursos.com.br\/blog\/#website"},"primaryImageOfPage":{"@id":"https:\/\/www.estrategiaconcursos.com.br\/blog\/carta-aos-assinantes-098\/#primaryimage"},"image":{"@id":"https:\/\/www.estrategiaconcursos.com.br\/blog\/carta-aos-assinantes-098\/#primaryimage"},"thumbnailUrl":"https:\/\/dhg1h5j42swfq.cloudfront.net\/2022\/09\/09164709\/imagem-carta-aos-assinantes-1.png","datePublished":"2022-09-12T12:00:00+00:00","dateModified":"2022-09-16T19:23:32+00:00","description":"Confira, em nossa 98\u00aa carta aos assinantes, a nossa programa\u00e7\u00e3o semanal, as novidades do nosso SQ e as principais movimenta\u00e7\u00f5es de concursos.","breadcrumb":{"@id":"https:\/\/www.estrategiaconcursos.com.br\/blog\/carta-aos-assinantes-098\/#breadcrumb"},"inLanguage":"pt-BR","potentialAction":[{"@type":"ReadAction","target":["https:\/\/www.estrategiaconcursos.com.br\/blog\/carta-aos-assinantes-098\/"]}]},{"@type":"ImageObject","inLanguage":"pt-BR","@id":"https:\/\/www.estrategiaconcursos.com.br\/blog\/carta-aos-assinantes-098\/#primaryimage","url":"https:\/\/dhg1h5j42swfq.cloudfront.net\/2022\/09\/09164709\/imagem-carta-aos-assinantes-1.png","contentUrl":"https:\/\/dhg1h5j42swfq.cloudfront.net\/2022\/09\/09164709\/imagem-carta-aos-assinantes-1.png","width":800,"height":450},{"@type":"BreadcrumbList","@id":"https:\/\/www.estrategiaconcursos.com.br\/blog\/carta-aos-assinantes-098\/#breadcrumb","itemListElement":[{"@type":"ListItem","position":1,"name":"In\u00edcio","item":"https:\/\/www.estrategiaconcursos.com.br\/blog\/"},{"@type":"ListItem","position":2,"name":"Carta aos Assinantes do Estrat\u00e9gia Concursos &#8211; 098"}]},{"@type":"WebSite","@id":"https:\/\/www.estrategiaconcursos.com.br\/blog\/#website","url":"https:\/\/www.estrategiaconcursos.com.br\/blog\/","name":"Estrat\u00e9gia Concursos","description":"O blog da Estrat\u00e9gia Concursos traz not\u00edcias sobre concursos e artigos de professores oferecendo cursos para concursos (pdf + videaulas) no site.","publisher":{"@id":"https:\/\/www.estrategiaconcursos.com.br\/blog\/#organization"},"potentialAction":[{"@type":"SearchAction","target":{"@type":"EntryPoint","urlTemplate":"https:\/\/www.estrategiaconcursos.com.br\/blog\/?s={search_term_string}"},"query-input":{"@type":"PropertyValueSpecification","valueRequired":true,"valueName":"search_term_string"}}],"inLanguage":"pt-BR"},{"@type":"Organization","@id":"https:\/\/www.estrategiaconcursos.com.br\/blog\/#organization","name":"Estrat\u00e9gia Concursos","url":"https:\/\/www.estrategiaconcursos.com.br\/blog\/","logo":{"@type":"ImageObject","inLanguage":"pt-BR","@id":"https:\/\/www.estrategiaconcursos.com.br\/blog\/#\/schema\/logo\/image\/","url":"https:\/\/dhg1h5j42swfq.cloudfront.net\/2025\/06\/03203428\/logo_concursos-1.jpg","contentUrl":"https:\/\/dhg1h5j42swfq.cloudfront.net\/2025\/06\/03203428\/logo_concursos-1.jpg","width":230,"height":60,"caption":"Estrat\u00e9gia Concursos"},"image":{"@id":"https:\/\/www.estrategiaconcursos.com.br\/blog\/#\/schema\/logo\/image\/"},"sameAs":["https:\/\/x.com\/EstratConcursos"]},{"@type":"Person","@id":"https:\/\/www.estrategiaconcursos.com.br\/blog\/#\/schema\/person\/ba5fab3b1fa4a358429e37bc50f74021","name":"Coordena\u00e7\u00e3o Estrat\u00e9gia","image":{"@type":"ImageObject","inLanguage":"pt-BR","@id":"https:\/\/secure.gravatar.com\/avatar\/adff33ff18541ba37c900dd2b1e82dbfb0fe33d873b92636b4827a8da462feb3?s=96&d=mm&r=g","url":"https:\/\/secure.gravatar.com\/avatar\/adff33ff18541ba37c900dd2b1e82dbfb0fe33d873b92636b4827a8da462feb3?s=96&d=mm&r=g","contentUrl":"https:\/\/secure.gravatar.com\/avatar\/adff33ff18541ba37c900dd2b1e82dbfb0fe33d873b92636b4827a8da462feb3?s=96&d=mm&r=g","caption":"Coordena\u00e7\u00e3o Estrat\u00e9gia"},"url":"https:\/\/www.estrategiaconcursos.com.br\/blog\/author\/victor-tanakaaestrategiaconcursos-com-br\/"}]}},"_links":{"self":[{"href":"https:\/\/www.estrategiaconcursos.com.br\/blog\/wp-json\/wp\/v2\/posts\/1092276","targetHints":{"allow":["GET"]}}],"collection":[{"href":"https:\/\/www.estrategiaconcursos.com.br\/blog\/wp-json\/wp\/v2\/posts"}],"about":[{"href":"https:\/\/www.estrategiaconcursos.com.br\/blog\/wp-json\/wp\/v2\/types\/post"}],"author":[{"embeddable":true,"href":"https:\/\/www.estrategiaconcursos.com.br\/blog\/wp-json\/wp\/v2\/users\/1789"}],"replies":[{"embeddable":true,"href":"https:\/\/www.estrategiaconcursos.com.br\/blog\/wp-json\/wp\/v2\/comments?post=1092276"}],"version-history":[{"count":1,"href":"https:\/\/www.estrategiaconcursos.com.br\/blog\/wp-json\/wp\/v2\/posts\/1092276\/revisions"}],"predecessor-version":[{"id":1092303,"href":"https:\/\/www.estrategiaconcursos.com.br\/blog\/wp-json\/wp\/v2\/posts\/1092276\/revisions\/1092303"}],"wp:featuredmedia":[{"embeddable":true,"href":"https:\/\/www.estrategiaconcursos.com.br\/blog\/wp-json\/wp\/v2\/media\/1092287"}],"wp:attachment":[{"href":"https:\/\/www.estrategiaconcursos.com.br\/blog\/wp-json\/wp\/v2\/media?parent=1092276"}],"wp:term":[{"taxonomy":"category","embeddable":true,"href":"https:\/\/www.estrategiaconcursos.com.br\/blog\/wp-json\/wp\/v2\/categories?post=1092276"},{"taxonomy":"post_tag","embeddable":true,"href":"https:\/\/www.estrategiaconcursos.com.br\/blog\/wp-json\/wp\/v2\/tags?post=1092276"},{"taxonomy":"tax_estado","embeddable":true,"href":"https:\/\/www.estrategiaconcursos.com.br\/blog\/wp-json\/wp\/v2\/tax_estado?post=1092276"}],"curies":[{"name":"wp","href":"https:\/\/api.w.org\/{rel}","templated":true}]}}