{"id":1092213,"date":"2022-09-09T16:32:40","date_gmt":"2022-09-09T19:32:40","guid":{"rendered":"https:\/\/www.estrategiaconcursos.com.br\/blog\/?p=1092213"},"modified":"2022-09-12T11:59:45","modified_gmt":"2022-09-12T14:59:45","slug":"concurso-ppgg-df-distribuicao-das-vagas","status":"publish","type":"post","link":"https:\/\/www.estrategiaconcursos.com.br\/blog\/concurso-ppgg-df-distribuicao-das-vagas\/","title":{"rendered":"Concurso PPGG DF: confira a distribui\u00e7\u00e3o das vagas!"},"content":{"rendered":"\n<p>Com a publica\u00e7\u00e3o do edital do concurso <strong>PPGG DF<\/strong>\u00a0(<a href=\"https:\/\/www.estrategiaconcursos.com.br\/cursosPorConcurso\/ppgg-df\/\" target=\"_blank\" rel=\"noreferrer noopener\">Pol\u00edticas P\u00fablicas e Gest\u00e3o Governamental do Distrito Federal<\/a>), os candidatos come\u00e7am a se preparar para abra\u00e7ar mais uma \u00f3tima oportunidade de ingressar na carreira p\u00fablica. <\/p>\n\n\n\n<p>Para que voc\u00ea possa ter uma ideia, o concurso oferta nada mais e nada menos que <strong>1.400 vagas<\/strong>. Deste total, 250 ser\u00e1 para provimento imediato e 1.150 para forma\u00e7\u00e3o de cadastro de reserva.<\/p>\n\n\n\n<p>As oportunidades s\u00e3o destinadas para os cargos de <a href=\"https:\/\/www.estrategiaconcursos.com.br\/cursosPorConcurso\/ppgg-df\/\" target=\"_blank\" rel=\"noreferrer noopener\">gestor<\/a>\u00a0e\u00a0<a href=\"https:\/\/www.estrategiaconcursos.com.br\/curso\/2-ppgg-df-analista-em-politicas-publicas-e-gestao-governamental-pacote-iades-2022-pre-edital\/\" target=\"_blank\" rel=\"noreferrer noopener\">analista em pol\u00edticas p\u00fablicas<\/a>, em diversas especialidades. J\u00e1 os sal\u00e1rios iniciais s\u00e3o de at\u00e9<strong>\u00a0R$ 7,7 mil<\/strong>, para uma jornada de 40 horas semanais. <\/p>\n\n\n\n<p>Conforme mencionado acima, o certame contempla diversas especialidades, sejam elas nas \u00e1reas administrativas, comunica\u00e7\u00e3o, direito, sa\u00fade, entre outras. <strong>Ademais, se voc\u00ea deseja conferir todas as vagas de pertinho, chegou ao lugar certo!<\/strong><\/p>\n\n\n\n<p><em>Confira abaixo a distribui\u00e7\u00e3o de todas as vagas do concurso PPGG DF, de acordo com a sua especialidade:<\/em><\/p>\n\n\n\n<p style=\"font-size:clamp(14.642px, 0.915rem + ((1vw - 3.2px) * 0.721), 22px);\"><strong>Distribui\u00e7\u00e3o de vagas do concurso PPGG DF: cargo de gestor<\/strong><\/p>\n\n\n\n<figure class=\"wp-block-table is-style-stripes\"><table><tbody><tr><td><strong>Administra\u00e7\u00e3o<\/strong><br \/>15 vagas + 45 vagas para cadastro reserva | Inscri\u00e7\u00e3o R$ 79,00<\/td><\/tr><tr><td><\/td><\/tr><tr><td><strong><a href=\"https:\/\/www.estrategiaconcursos.com.br\/curso\/ppgg-df-gestor-em-politicas-publicas-arquivologia-pacote-2022-pos-edital\/\" target=\"_blank\" rel=\"noreferrer noopener\">Arquivologia<\/a><\/strong><br \/>2 vagas + 6 vagas para cadastro reserva | Inscri\u00e7\u00e3o R$ 79,00<\/td><\/tr><tr><td><\/td><\/tr><tr><td><strong>Biblioteconomia<\/strong><br \/>2 vagas + 6 vagas para cadastro reserva | Inscri\u00e7\u00e3o R$ 79,00<\/td><\/tr><tr><td><\/td><\/tr><tr><td><strong>Biologia<\/strong><br \/>4 vagas + 12 vagas para cadastro reserva | Inscri\u00e7\u00e3o R$ 79,00<\/td><\/tr><tr><td><\/td><\/tr><tr><td><a href=\"https:\/\/www.estrategiaconcursos.com.br\/curso\/ppgg-df-gestor-em-politicas-publicas-direito-e-legislacao-pacote-2022-pos-edital\/\" target=\"_blank\" rel=\"noreferrer noopener\"><strong>Direito e Legisla\u00e7\u00e3o<\/strong><br \/><\/a>15 vagas + 45 vagas para cadastro reserva | Inscri\u00e7\u00e3o R$ 79,00<\/td><\/tr><tr><td><\/td><\/tr><tr><td><strong>Economia<\/strong><br \/>5 vagas + 15 vagas para cadastro reserva | Inscri\u00e7\u00e3o R$ 79,00<\/td><\/tr><tr><td><\/td><\/tr><tr><td><strong>Estat\u00edstica<\/strong><br \/>3 vagas + 9 vagas para cadastro reserva | Inscri\u00e7\u00e3o R$ 79,00<\/td><\/tr><tr><td><\/td><\/tr><tr><td><strong>Jornalismo<\/strong><br \/>8 vagas + 24 vagas para cadastro reserva | Inscri\u00e7\u00e3o R$ 79,00<\/td><\/tr><tr><td><\/td><\/tr><tr><td><strong>Hist\u00f3ria<\/strong><br \/>2 vagas + 6 vagas para cadastro reserva | Inscri\u00e7\u00e3o R$ 79,00<\/td><\/tr><tr><td><\/td><\/tr><tr><td><strong>Medicina Veterin\u00e1ria<\/strong><br \/>3 vagas + 9 vagas para cadastro reserva | Inscri\u00e7\u00e3o R$ 79,00<\/td><\/tr><tr><td><\/td><\/tr><tr><td><strong>Moderniza\u00e7\u00e3o da Gest\u00e3o<\/strong><br \/>3 vagas + 9 vagas para cadastro reserva | Inscri\u00e7\u00e3o R$ 79,00<\/td><\/tr><tr><td><\/td><\/tr><tr><td><strong>Psicologia<\/strong><br \/>5 vagas + 15 vagas para cadastro reserva | Inscri\u00e7\u00e3o R$ 79,00<\/td><\/tr><tr><td><\/td><\/tr><tr><td><strong>Tecnologia da Informa\u00e7\u00e3o e Comunica\u00e7\u00e3o<\/strong><br \/>15 vagas + 45 vagas para cadastro reserva | Inscri\u00e7\u00e3o R$ 79,00<\/td><\/tr><tr><td><\/td><\/tr><tr><td><strong>Turismo<\/strong><br \/>3 vagas + 9 vagas para cadastro reserva | Inscri\u00e7\u00e3o R$ 79,00<\/td><\/tr><tr><td><\/td><\/tr><tr><td><strong>Zootecnia<\/strong><br \/>3 vagas + 9 vagas para cadastro reserva | Inscri\u00e7\u00e3o R$ 79,00<\/td><\/tr><\/tbody><\/table><\/figure>\n\n\n\n<h2 class=\"wp-block-heading\" style=\"font-size:clamp(14.642px, 0.915rem + ((1vw - 3.2px) * 0.721), 22px);\">Distribui\u00e7\u00e3o de vagas do concurso PPGG DF: cargo de analista<\/h2>\n\n\n\n<figure class=\"wp-block-table is-style-stripes\"><table><tbody><tr><td><strong>Gest\u00e3o Governamental<\/strong><br \/>130 vagas + 770 vagas para cadastro reserva | Inscri\u00e7\u00e3o R$ 54,00<\/td><\/tr><tr><td><\/td><\/tr><tr><td><strong>Tecnologia da Informa\u00e7\u00e3o Comunica\u00e7\u00e3o<\/strong><br \/>20 vagas + 80 vagas para cadastro reserva | Inscri\u00e7\u00e3o R$ 54,00<\/td><\/tr><\/tbody><\/table><\/figure>\n\n\n\n<p>Os interessados em participar do concurso PPGG DF ter\u00e3o que se inscrever entre os dias <strong>14 de outubro e 20 de novembro<\/strong>, atrav\u00e9s do site da banca organizadora, o <a href=\"https:\/\/www.iades.com.br\/inscricao\/ProcessoSeletivo.aspx?id=afa69e9e\" target=\"_blank\" rel=\"noreferrer noopener\">IADES<\/a>. <\/p>\n\n\n\n<p>Al\u00e9m disso, tamb\u00e9m ser\u00e1 necess\u00e1rio efetuar o pagamento de uma taxa fixada no valor de <strong>R$ 79,00<\/strong> para o cargo de Gestor em Pol\u00edticas P\u00fablicas e Gest\u00e3o Governamental e de <strong>R$ 54,00<\/strong> para Analista.<\/p>\n\n\n\n<p class=\"has-text-align-center\"><em>Ficou interessado nas informa\u00e7\u00f5es dispon\u00edveis at\u00e9 aqui? Quer saber mais acerca das demais disposi\u00e7\u00f5es do edital? Ent\u00e3o acesse agora mesmo o artigo exclusivo e muito mais completo que preparamos para voc\u00ea:<\/em><\/p>\n\n\n\n<p class=\"has-text-align-center has-background\" style=\"background-color:#86e7ff;font-size:clamp(14.642px, 0.915rem + ((1vw - 3.2px) * 0.721), 22px);\"><strong>Saiba mais: <a href=\"https:\/\/www.estrategiaconcursos.com.br\/blog\/concurso-ppgg-df\/\" target=\"_blank\" rel=\"noreferrer noopener\">Concurso PPGG DF<\/a><\/strong><\/p>\n\n\n\n<h2 class=\"has-text-align-center wp-block-heading\" id=\"assinatura-e-cursos\"><em>Assinatura e cursos para o concurso PPGG DF:<\/em><\/h2>\n\n\n\n<div class=\"container\" id=\"boxes\">\n  <div class=\"row\">\n\n    <div class=\"col-sm\">\n      <div class=\"banner-tcg\" id=\"box-assinatura\">\n        <h3 class=\"titulo-assinatura\">Concurso PPGG DF<\/h3>\n        <p class=\"subtitulo-assinatura\">Conhe\u00e7a os cursos<\/p>\n        <div class=\"box-botao\">\n          <a class=\"btn-assinatura\" target=\"_blank\" href=\"https:\/\/www.estrategiaconcursos.com.br\/cursosPorConcurso\/ppgg-df\/\" role=\"button\" rel=\"noopener noreferrer\">Conhe\u00e7a mais<\/a>\n        <\/div>\n      <\/div>\n     \n    <\/div>\n\n  <\/div>\n<\/div>\n\n\n\n<div class=\"container\" id=\"boxes\">\n  <div class=\"row\">\n\n    <div class=\"col-sm\">\n      <div class=\"estrategia\" id=\"box-assinatura\">\n        <h3 class=\"titulo-assinatura\">Assinatura Concursos<\/h3>\n        <p class=\"subtitulo-assinatura\">Assinatura de 1 ano ou 2 anos<\/p>\n        <div class=\"box-botao\">\n          <a class=\"btn-assinatura\" target=\"_blank\" href=\"https:\/\/www.estrategiaconcursos.com.br\/assinaturas\/\" role=\"button\" rel=\"noopener noreferrer\">ASSINE AGORA<\/a>\n        <\/div>\n      <\/div><\/div><\/div><\/div>\n\n\n\n<h2 class=\"has-text-align-center wp-block-heading\" id=\"h-quer-saber-tudo-sobre-concursos-previstos-confira-nossos-artigos\">Quer saber tudo sobre concursos previstos?<br \/>Confira nossos artigos!<\/h2>\n\n\n\n<ul class=\"wp-block-list\"><li><a href=\"https:\/\/www.estrategiaconcursos.com.br\/blog\/concursos-abertos\/\" target=\"_blank\" rel=\"noreferrer noopener\">Concursos abertos<\/a><\/li><li><a href=\"https:\/\/www.estrategiaconcursos.com.br\/blog\/concursos-2022\/\" target=\"_blank\" rel=\"noreferrer noopener\">Concursos 2022<\/a><\/li><li><a href=\"https:\/\/www.estrategiaconcursos.com.br\/blog\/concursos-2023\/\" target=\"_blank\" rel=\"noreferrer noopener\">Concursos 2023<\/a><\/li><\/ul>\n","protected":false},"excerpt":{"rendered":"<p>Com a publica\u00e7\u00e3o do edital do concurso PPGG DF\u00a0(Pol\u00edticas P\u00fablicas e Gest\u00e3o Governamental do Distrito Federal), os candidatos come\u00e7am a se preparar para abra\u00e7ar mais uma \u00f3tima oportunidade de ingressar na carreira p\u00fablica. Para que voc\u00ea possa ter uma ideia, o concurso oferta nada mais e nada menos que 1.400 vagas. Deste total, 250 ser\u00e1 [&hellip;]<\/p>\n","protected":false},"author":656,"featured_media":698514,"comment_status":"open","ping_status":"closed","sticky":false,"template":"","format":"standard","meta":{"post_tipo":"news","footnotes":""},"categories":[214992,220219],"tags":[],"tax_estado":[219970],"class_list":["post-1092213","post","type-post","status-publish","format-standard","has-post-thumbnail","hentry","category-concursos-administrativos","category-noticias","tax_estado-df"],"acf":[],"yoast_head":"<!-- This site is optimized with the Yoast SEO Premium plugin v27.2 (Yoast SEO v27.2) - https:\/\/yoast.com\/product\/yoast-seo-premium-wordpress\/ -->\n<title>Concurso PPGG DF: confira a distribui\u00e7\u00e3o das vagas!<\/title>\n<meta name=\"description\" content=\"Concurso PPGG DF: confira AQUI a distribui\u00e7\u00e3o de vagas do novo certame, conforme a especialidade do cargo. N\u00e3o deixe de conferir!\" \/>\n<meta name=\"robots\" content=\"index, follow, max-snippet:-1, max-image-preview:large, max-video-preview:-1\" \/>\n<link rel=\"canonical\" href=\"https:\/\/www.estrategiaconcursos.com.br\/blog\/concurso-ppgg-df-distribuicao-das-vagas\/\" \/>\n<meta property=\"og:locale\" content=\"pt_BR\" \/>\n<meta property=\"og:type\" content=\"article\" \/>\n<meta property=\"og:title\" content=\"Concurso PPGG DF: confira a distribui\u00e7\u00e3o das vagas!\" \/>\n<meta property=\"og:description\" content=\"Concurso PPGG DF: confira AQUI a distribui\u00e7\u00e3o de vagas do novo certame, conforme a especialidade do cargo. N\u00e3o deixe de conferir!\" \/>\n<meta property=\"og:url\" content=\"https:\/\/www.estrategiaconcursos.com.br\/blog\/concurso-ppgg-df-distribuicao-das-vagas\/\" \/>\n<meta property=\"og:site_name\" content=\"Estrat\u00e9gia Concursos\" \/>\n<meta property=\"article:published_time\" content=\"2022-09-09T19:32:40+00:00\" \/>\n<meta property=\"article:modified_time\" content=\"2022-09-12T14:59:45+00:00\" \/>\n<meta property=\"og:image\" content=\"https:\/\/dhg1h5j42swfq.cloudfront.net\/2021\/03\/22154527\/ppgg-df.jpg\" \/>\n\t<meta property=\"og:image:width\" content=\"1200\" \/>\n\t<meta property=\"og:image:height\" content=\"628\" \/>\n\t<meta property=\"og:image:type\" content=\"image\/jpeg\" \/>\n<meta name=\"author\" content=\"F\u00e1bio Scaldelai\" \/>\n<meta name=\"twitter:card\" content=\"summary_large_image\" \/>\n<meta name=\"twitter:creator\" content=\"@EstratConcursos\" \/>\n<meta name=\"twitter:site\" content=\"@EstratConcursos\" \/>\n<meta name=\"twitter:label1\" content=\"Escrito por\" \/>\n\t<meta name=\"twitter:data1\" content=\"F\u00e1bio Scaldelai\" \/>\n\t<meta name=\"twitter:label2\" content=\"Est. tempo de leitura\" \/>\n\t<meta name=\"twitter:data2\" content=\"3 minutos\" \/>\n<script type=\"application\/ld+json\" class=\"yoast-schema-graph\">{\"@context\":\"https:\/\/schema.org\",\"@graph\":[{\"@type\":\"NewsArticle\",\"@id\":\"https:\/\/www.estrategiaconcursos.com.br\/blog\/concurso-ppgg-df-distribuicao-das-vagas\/#article\",\"isPartOf\":{\"@id\":\"https:\/\/www.estrategiaconcursos.com.br\/blog\/concurso-ppgg-df-distribuicao-das-vagas\/\"},\"author\":{\"name\":\"F\u00e1bio Scaldelai\",\"@id\":\"https:\/\/www.estrategiaconcursos.com.br\/blog\/#\/schema\/person\/e3b6b7ce0192dd4ad270655969d61750\"},\"headline\":\"Concurso PPGG DF: confira a distribui\u00e7\u00e3o das vagas!\",\"datePublished\":\"2022-09-09T19:32:40+00:00\",\"dateModified\":\"2022-09-12T14:59:45+00:00\",\"mainEntityOfPage\":{\"@id\":\"https:\/\/www.estrategiaconcursos.com.br\/blog\/concurso-ppgg-df-distribuicao-das-vagas\/\"},\"wordCount\":519,\"commentCount\":0,\"publisher\":{\"@id\":\"https:\/\/www.estrategiaconcursos.com.br\/blog\/#organization\"},\"image\":{\"@id\":\"https:\/\/www.estrategiaconcursos.com.br\/blog\/concurso-ppgg-df-distribuicao-das-vagas\/#primaryimage\"},\"thumbnailUrl\":\"https:\/\/dhg1h5j42swfq.cloudfront.net\/2021\/03\/22154527\/ppgg-df.jpg\",\"articleSection\":[\"Executivo (Administrativa)\",\"\u00daltimas not\u00edcias\"],\"inLanguage\":\"pt-BR\",\"potentialAction\":[{\"@type\":\"CommentAction\",\"name\":\"Comment\",\"target\":[\"https:\/\/www.estrategiaconcursos.com.br\/blog\/concurso-ppgg-df-distribuicao-das-vagas\/#respond\"]}],\"copyrightYear\":\"2022\",\"copyrightHolder\":{\"@id\":\"https:\/\/www.estrategiaconcursos.com.br\/blog\/#organization\"}},{\"@type\":\"WebPage\",\"@id\":\"https:\/\/www.estrategiaconcursos.com.br\/blog\/concurso-ppgg-df-distribuicao-das-vagas\/\",\"url\":\"https:\/\/www.estrategiaconcursos.com.br\/blog\/concurso-ppgg-df-distribuicao-das-vagas\/\",\"name\":\"Concurso PPGG DF: confira a distribui\u00e7\u00e3o das vagas!\",\"isPartOf\":{\"@id\":\"https:\/\/www.estrategiaconcursos.com.br\/blog\/#website\"},\"primaryImageOfPage\":{\"@id\":\"https:\/\/www.estrategiaconcursos.com.br\/blog\/concurso-ppgg-df-distribuicao-das-vagas\/#primaryimage\"},\"image\":{\"@id\":\"https:\/\/www.estrategiaconcursos.com.br\/blog\/concurso-ppgg-df-distribuicao-das-vagas\/#primaryimage\"},\"thumbnailUrl\":\"https:\/\/dhg1h5j42swfq.cloudfront.net\/2021\/03\/22154527\/ppgg-df.jpg\",\"datePublished\":\"2022-09-09T19:32:40+00:00\",\"dateModified\":\"2022-09-12T14:59:45+00:00\",\"description\":\"Concurso PPGG DF: confira AQUI a distribui\u00e7\u00e3o de vagas do novo certame, conforme a especialidade do cargo. N\u00e3o deixe de conferir!\",\"breadcrumb\":{\"@id\":\"https:\/\/www.estrategiaconcursos.com.br\/blog\/concurso-ppgg-df-distribuicao-das-vagas\/#breadcrumb\"},\"inLanguage\":\"pt-BR\",\"potentialAction\":[{\"@type\":\"ReadAction\",\"target\":[\"https:\/\/www.estrategiaconcursos.com.br\/blog\/concurso-ppgg-df-distribuicao-das-vagas\/\"]}]},{\"@type\":\"ImageObject\",\"inLanguage\":\"pt-BR\",\"@id\":\"https:\/\/www.estrategiaconcursos.com.br\/blog\/concurso-ppgg-df-distribuicao-das-vagas\/#primaryimage\",\"url\":\"https:\/\/dhg1h5j42swfq.cloudfront.net\/2021\/03\/22154527\/ppgg-df.jpg\",\"contentUrl\":\"https:\/\/dhg1h5j42swfq.cloudfront.net\/2021\/03\/22154527\/ppgg-df.jpg\",\"width\":1200,\"height\":628,\"caption\":\"Concurso PPGG DF gabaritos\"},{\"@type\":\"BreadcrumbList\",\"@id\":\"https:\/\/www.estrategiaconcursos.com.br\/blog\/concurso-ppgg-df-distribuicao-das-vagas\/#breadcrumb\",\"itemListElement\":[{\"@type\":\"ListItem\",\"position\":1,\"name\":\"In\u00edcio\",\"item\":\"https:\/\/www.estrategiaconcursos.com.br\/blog\/\"},{\"@type\":\"ListItem\",\"position\":2,\"name\":\"Concurso PPGG DF: confira a distribui\u00e7\u00e3o das vagas!\"}]},{\"@type\":\"WebSite\",\"@id\":\"https:\/\/www.estrategiaconcursos.com.br\/blog\/#website\",\"url\":\"https:\/\/www.estrategiaconcursos.com.br\/blog\/\",\"name\":\"Estrat\u00e9gia Concursos\",\"description\":\"O blog da Estrat\u00e9gia Concursos traz not\u00edcias sobre concursos e artigos de professores oferecendo cursos para concursos (pdf + videaulas) no site.\",\"publisher\":{\"@id\":\"https:\/\/www.estrategiaconcursos.com.br\/blog\/#organization\"},\"potentialAction\":[{\"@type\":\"SearchAction\",\"target\":{\"@type\":\"EntryPoint\",\"urlTemplate\":\"https:\/\/www.estrategiaconcursos.com.br\/blog\/?s={search_term_string}\"},\"query-input\":{\"@type\":\"PropertyValueSpecification\",\"valueRequired\":true,\"valueName\":\"search_term_string\"}}],\"inLanguage\":\"pt-BR\"},{\"@type\":\"Organization\",\"@id\":\"https:\/\/www.estrategiaconcursos.com.br\/blog\/#organization\",\"name\":\"Estrat\u00e9gia Concursos\",\"url\":\"https:\/\/www.estrategiaconcursos.com.br\/blog\/\",\"logo\":{\"@type\":\"ImageObject\",\"inLanguage\":\"pt-BR\",\"@id\":\"https:\/\/www.estrategiaconcursos.com.br\/blog\/#\/schema\/logo\/image\/\",\"url\":\"https:\/\/dhg1h5j42swfq.cloudfront.net\/2025\/06\/03203428\/logo_concursos-1.jpg\",\"contentUrl\":\"https:\/\/dhg1h5j42swfq.cloudfront.net\/2025\/06\/03203428\/logo_concursos-1.jpg\",\"width\":230,\"height\":60,\"caption\":\"Estrat\u00e9gia Concursos\"},\"image\":{\"@id\":\"https:\/\/www.estrategiaconcursos.com.br\/blog\/#\/schema\/logo\/image\/\"},\"sameAs\":[\"https:\/\/x.com\/EstratConcursos\"]},{\"@type\":\"Person\",\"@id\":\"https:\/\/www.estrategiaconcursos.com.br\/blog\/#\/schema\/person\/e3b6b7ce0192dd4ad270655969d61750\",\"name\":\"F\u00e1bio Scaldelai\",\"image\":{\"@type\":\"ImageObject\",\"inLanguage\":\"pt-BR\",\"@id\":\"https:\/\/secure.gravatar.com\/avatar\/8ed7492c4d88d8495bc0cb24cda6847b8ae23eec459a919e08e77d0ca0fd79ec?s=96&d=mm&r=g\",\"url\":\"https:\/\/secure.gravatar.com\/avatar\/8ed7492c4d88d8495bc0cb24cda6847b8ae23eec459a919e08e77d0ca0fd79ec?s=96&d=mm&r=g\",\"contentUrl\":\"https:\/\/secure.gravatar.com\/avatar\/8ed7492c4d88d8495bc0cb24cda6847b8ae23eec459a919e08e77d0ca0fd79ec?s=96&d=mm&r=g\",\"caption\":\"F\u00e1bio Scaldelai\"},\"description\":\"Jornalista no Estrat\u00e9gia Concursos e Produtor de Televis\u00e3o, formado em Jornalismo, R\u00e1dio e TV pela Faculdade Integrada Rio Branco, com especializa\u00e7\u00f5es em Gest\u00e3o Empresarial e Marketing pelo M\u00f3dulo. Atuou como produtor no SBT, TV Bandeirantes e R\u00e1dio Band FM, al\u00e9m de acumular tr\u00eas anos de experi\u00eancia no setor de concursos p\u00fablicos pela LFG (Luiz Fl\u00e1vio Gomes). No Estrat\u00e9gia Concursos, atua na apura\u00e7\u00e3o de not\u00edcias da \u00e1rea fiscal, al\u00e9m de coberturas sobre concursos das \u00e1reas de controle (TCU, TCE, etc), concurso AFT, \u00e1rea de gest\u00e3o e administrativa, bem como dos \u00f3rg\u00e3os participantes do CNU. Tamb\u00e9m possui experi\u00eancia em link building e an\u00e1lise de m\u00eddia, adquirida durante sua atua\u00e7\u00e3o na ag\u00eancia SEO Marketing.\",\"url\":\"https:\/\/www.estrategiaconcursos.com.br\/blog\/author\/fabio-scaldelaiestrategiaconcursos-com-br\/\"}]}<\/script>\n<!-- \/ Yoast SEO Premium plugin. -->","yoast_head_json":{"title":"Concurso PPGG DF: confira a distribui\u00e7\u00e3o das vagas!","description":"Concurso PPGG DF: confira AQUI a distribui\u00e7\u00e3o de vagas do novo certame, conforme a especialidade do cargo. N\u00e3o deixe de conferir!","robots":{"index":"index","follow":"follow","max-snippet":"max-snippet:-1","max-image-preview":"max-image-preview:large","max-video-preview":"max-video-preview:-1"},"canonical":"https:\/\/www.estrategiaconcursos.com.br\/blog\/concurso-ppgg-df-distribuicao-das-vagas\/","og_locale":"pt_BR","og_type":"article","og_title":"Concurso PPGG DF: confira a distribui\u00e7\u00e3o das vagas!","og_description":"Concurso PPGG DF: confira AQUI a distribui\u00e7\u00e3o de vagas do novo certame, conforme a especialidade do cargo. N\u00e3o deixe de conferir!","og_url":"https:\/\/www.estrategiaconcursos.com.br\/blog\/concurso-ppgg-df-distribuicao-das-vagas\/","og_site_name":"Estrat\u00e9gia Concursos","article_published_time":"2022-09-09T19:32:40+00:00","article_modified_time":"2022-09-12T14:59:45+00:00","og_image":[{"width":1200,"height":628,"url":"https:\/\/dhg1h5j42swfq.cloudfront.net\/2021\/03\/22154527\/ppgg-df.jpg","type":"image\/jpeg"}],"author":"F\u00e1bio Scaldelai","twitter_card":"summary_large_image","twitter_creator":"@EstratConcursos","twitter_site":"@EstratConcursos","twitter_misc":{"Escrito por":"F\u00e1bio Scaldelai","Est. tempo de leitura":"3 minutos"},"schema":{"@context":"https:\/\/schema.org","@graph":[{"@type":"NewsArticle","@id":"https:\/\/www.estrategiaconcursos.com.br\/blog\/concurso-ppgg-df-distribuicao-das-vagas\/#article","isPartOf":{"@id":"https:\/\/www.estrategiaconcursos.com.br\/blog\/concurso-ppgg-df-distribuicao-das-vagas\/"},"author":{"name":"F\u00e1bio Scaldelai","@id":"https:\/\/www.estrategiaconcursos.com.br\/blog\/#\/schema\/person\/e3b6b7ce0192dd4ad270655969d61750"},"headline":"Concurso PPGG DF: confira a distribui\u00e7\u00e3o das vagas!","datePublished":"2022-09-09T19:32:40+00:00","dateModified":"2022-09-12T14:59:45+00:00","mainEntityOfPage":{"@id":"https:\/\/www.estrategiaconcursos.com.br\/blog\/concurso-ppgg-df-distribuicao-das-vagas\/"},"wordCount":519,"commentCount":0,"publisher":{"@id":"https:\/\/www.estrategiaconcursos.com.br\/blog\/#organization"},"image":{"@id":"https:\/\/www.estrategiaconcursos.com.br\/blog\/concurso-ppgg-df-distribuicao-das-vagas\/#primaryimage"},"thumbnailUrl":"https:\/\/dhg1h5j42swfq.cloudfront.net\/2021\/03\/22154527\/ppgg-df.jpg","articleSection":["Executivo (Administrativa)","\u00daltimas not\u00edcias"],"inLanguage":"pt-BR","potentialAction":[{"@type":"CommentAction","name":"Comment","target":["https:\/\/www.estrategiaconcursos.com.br\/blog\/concurso-ppgg-df-distribuicao-das-vagas\/#respond"]}],"copyrightYear":"2022","copyrightHolder":{"@id":"https:\/\/www.estrategiaconcursos.com.br\/blog\/#organization"}},{"@type":"WebPage","@id":"https:\/\/www.estrategiaconcursos.com.br\/blog\/concurso-ppgg-df-distribuicao-das-vagas\/","url":"https:\/\/www.estrategiaconcursos.com.br\/blog\/concurso-ppgg-df-distribuicao-das-vagas\/","name":"Concurso PPGG DF: confira a distribui\u00e7\u00e3o das vagas!","isPartOf":{"@id":"https:\/\/www.estrategiaconcursos.com.br\/blog\/#website"},"primaryImageOfPage":{"@id":"https:\/\/www.estrategiaconcursos.com.br\/blog\/concurso-ppgg-df-distribuicao-das-vagas\/#primaryimage"},"image":{"@id":"https:\/\/www.estrategiaconcursos.com.br\/blog\/concurso-ppgg-df-distribuicao-das-vagas\/#primaryimage"},"thumbnailUrl":"https:\/\/dhg1h5j42swfq.cloudfront.net\/2021\/03\/22154527\/ppgg-df.jpg","datePublished":"2022-09-09T19:32:40+00:00","dateModified":"2022-09-12T14:59:45+00:00","description":"Concurso PPGG DF: confira AQUI a distribui\u00e7\u00e3o de vagas do novo certame, conforme a especialidade do cargo. N\u00e3o deixe de conferir!","breadcrumb":{"@id":"https:\/\/www.estrategiaconcursos.com.br\/blog\/concurso-ppgg-df-distribuicao-das-vagas\/#breadcrumb"},"inLanguage":"pt-BR","potentialAction":[{"@type":"ReadAction","target":["https:\/\/www.estrategiaconcursos.com.br\/blog\/concurso-ppgg-df-distribuicao-das-vagas\/"]}]},{"@type":"ImageObject","inLanguage":"pt-BR","@id":"https:\/\/www.estrategiaconcursos.com.br\/blog\/concurso-ppgg-df-distribuicao-das-vagas\/#primaryimage","url":"https:\/\/dhg1h5j42swfq.cloudfront.net\/2021\/03\/22154527\/ppgg-df.jpg","contentUrl":"https:\/\/dhg1h5j42swfq.cloudfront.net\/2021\/03\/22154527\/ppgg-df.jpg","width":1200,"height":628,"caption":"Concurso PPGG DF gabaritos"},{"@type":"BreadcrumbList","@id":"https:\/\/www.estrategiaconcursos.com.br\/blog\/concurso-ppgg-df-distribuicao-das-vagas\/#breadcrumb","itemListElement":[{"@type":"ListItem","position":1,"name":"In\u00edcio","item":"https:\/\/www.estrategiaconcursos.com.br\/blog\/"},{"@type":"ListItem","position":2,"name":"Concurso PPGG DF: confira a distribui\u00e7\u00e3o das vagas!"}]},{"@type":"WebSite","@id":"https:\/\/www.estrategiaconcursos.com.br\/blog\/#website","url":"https:\/\/www.estrategiaconcursos.com.br\/blog\/","name":"Estrat\u00e9gia Concursos","description":"O blog da Estrat\u00e9gia Concursos traz not\u00edcias sobre concursos e artigos de professores oferecendo cursos para concursos (pdf + videaulas) no site.","publisher":{"@id":"https:\/\/www.estrategiaconcursos.com.br\/blog\/#organization"},"potentialAction":[{"@type":"SearchAction","target":{"@type":"EntryPoint","urlTemplate":"https:\/\/www.estrategiaconcursos.com.br\/blog\/?s={search_term_string}"},"query-input":{"@type":"PropertyValueSpecification","valueRequired":true,"valueName":"search_term_string"}}],"inLanguage":"pt-BR"},{"@type":"Organization","@id":"https:\/\/www.estrategiaconcursos.com.br\/blog\/#organization","name":"Estrat\u00e9gia Concursos","url":"https:\/\/www.estrategiaconcursos.com.br\/blog\/","logo":{"@type":"ImageObject","inLanguage":"pt-BR","@id":"https:\/\/www.estrategiaconcursos.com.br\/blog\/#\/schema\/logo\/image\/","url":"https:\/\/dhg1h5j42swfq.cloudfront.net\/2025\/06\/03203428\/logo_concursos-1.jpg","contentUrl":"https:\/\/dhg1h5j42swfq.cloudfront.net\/2025\/06\/03203428\/logo_concursos-1.jpg","width":230,"height":60,"caption":"Estrat\u00e9gia Concursos"},"image":{"@id":"https:\/\/www.estrategiaconcursos.com.br\/blog\/#\/schema\/logo\/image\/"},"sameAs":["https:\/\/x.com\/EstratConcursos"]},{"@type":"Person","@id":"https:\/\/www.estrategiaconcursos.com.br\/blog\/#\/schema\/person\/e3b6b7ce0192dd4ad270655969d61750","name":"F\u00e1bio Scaldelai","image":{"@type":"ImageObject","inLanguage":"pt-BR","@id":"https:\/\/secure.gravatar.com\/avatar\/8ed7492c4d88d8495bc0cb24cda6847b8ae23eec459a919e08e77d0ca0fd79ec?s=96&d=mm&r=g","url":"https:\/\/secure.gravatar.com\/avatar\/8ed7492c4d88d8495bc0cb24cda6847b8ae23eec459a919e08e77d0ca0fd79ec?s=96&d=mm&r=g","contentUrl":"https:\/\/secure.gravatar.com\/avatar\/8ed7492c4d88d8495bc0cb24cda6847b8ae23eec459a919e08e77d0ca0fd79ec?s=96&d=mm&r=g","caption":"F\u00e1bio Scaldelai"},"description":"Jornalista no Estrat\u00e9gia Concursos e Produtor de Televis\u00e3o, formado em Jornalismo, R\u00e1dio e TV pela Faculdade Integrada Rio Branco, com especializa\u00e7\u00f5es em Gest\u00e3o Empresarial e Marketing pelo M\u00f3dulo. Atuou como produtor no SBT, TV Bandeirantes e R\u00e1dio Band FM, al\u00e9m de acumular tr\u00eas anos de experi\u00eancia no setor de concursos p\u00fablicos pela LFG (Luiz Fl\u00e1vio Gomes). No Estrat\u00e9gia Concursos, atua na apura\u00e7\u00e3o de not\u00edcias da \u00e1rea fiscal, al\u00e9m de coberturas sobre concursos das \u00e1reas de controle (TCU, TCE, etc), concurso AFT, \u00e1rea de gest\u00e3o e administrativa, bem como dos \u00f3rg\u00e3os participantes do CNU. Tamb\u00e9m possui experi\u00eancia em link building e an\u00e1lise de m\u00eddia, adquirida durante sua atua\u00e7\u00e3o na ag\u00eancia SEO Marketing.","url":"https:\/\/www.estrategiaconcursos.com.br\/blog\/author\/fabio-scaldelaiestrategiaconcursos-com-br\/"}]}},"_links":{"self":[{"href":"https:\/\/www.estrategiaconcursos.com.br\/blog\/wp-json\/wp\/v2\/posts\/1092213","targetHints":{"allow":["GET"]}}],"collection":[{"href":"https:\/\/www.estrategiaconcursos.com.br\/blog\/wp-json\/wp\/v2\/posts"}],"about":[{"href":"https:\/\/www.estrategiaconcursos.com.br\/blog\/wp-json\/wp\/v2\/types\/post"}],"author":[{"embeddable":true,"href":"https:\/\/www.estrategiaconcursos.com.br\/blog\/wp-json\/wp\/v2\/users\/656"}],"replies":[{"embeddable":true,"href":"https:\/\/www.estrategiaconcursos.com.br\/blog\/wp-json\/wp\/v2\/comments?post=1092213"}],"version-history":[{"count":9,"href":"https:\/\/www.estrategiaconcursos.com.br\/blog\/wp-json\/wp\/v2\/posts\/1092213\/revisions"}],"predecessor-version":[{"id":1092991,"href":"https:\/\/www.estrategiaconcursos.com.br\/blog\/wp-json\/wp\/v2\/posts\/1092213\/revisions\/1092991"}],"wp:featuredmedia":[{"embeddable":true,"href":"https:\/\/www.estrategiaconcursos.com.br\/blog\/wp-json\/wp\/v2\/media\/698514"}],"wp:attachment":[{"href":"https:\/\/www.estrategiaconcursos.com.br\/blog\/wp-json\/wp\/v2\/media?parent=1092213"}],"wp:term":[{"taxonomy":"category","embeddable":true,"href":"https:\/\/www.estrategiaconcursos.com.br\/blog\/wp-json\/wp\/v2\/categories?post=1092213"},{"taxonomy":"post_tag","embeddable":true,"href":"https:\/\/www.estrategiaconcursos.com.br\/blog\/wp-json\/wp\/v2\/tags?post=1092213"},{"taxonomy":"tax_estado","embeddable":true,"href":"https:\/\/www.estrategiaconcursos.com.br\/blog\/wp-json\/wp\/v2\/tax_estado?post=1092213"}],"curies":[{"name":"wp","href":"https:\/\/api.w.org\/{rel}","templated":true}]}}