{"id":1092170,"date":"2022-09-27T08:46:00","date_gmt":"2022-09-27T11:46:00","guid":{"rendered":"https:\/\/www.estrategiaconcursos.com.br\/blog\/?p=1092170"},"modified":"2023-04-14T14:53:02","modified_gmt":"2023-04-14T17:53:02","slug":"responsabilidade-civil-estado-inss","status":"publish","type":"post","link":"https:\/\/www.estrategiaconcursos.com.br\/blog\/responsabilidade-civil-estado-inss\/","title":{"rendered":"Responsabilidade Civil do Estado para o INSS"},"content":{"rendered":"\n<p>Responsabilidade Civil do Estado para o INSS<\/p>\n\n\n\n<p>Ol\u00e1, amigos. Tudo bom? Esperamos que sim.<\/p>\n\n\n\n<p>O t\u00e3o aguardado concurso para o INSS est\u00e1 se aproximando. Recentemente, a Banca CEBRASPE foi escolhida como a organizadora do certame. Portanto, \u00e9 hora de intensificar os estudos, resolver muitas quest\u00f5es da Banca e revisar de modo constante, principalmente aqueles temas que possuem elevado \u00edndice de cobran\u00e7a.<\/p>\n\n\n\n<p>Bom, para te ajudar com as revis\u00f5es, o artigo de hoje trata da <strong><mark style=\"background-color:rgba(0, 0, 0, 0)\" class=\"has-inline-color has-vivid-cyan-blue-color\">Responsabilidade Civil do Estado<\/mark><\/strong> no \u00e2mbito da disciplina de Direito Administrativo. Nosso artigo est\u00e1 estruturado da seguinte forma:<\/p>\n\n\n\n<ul class=\"wp-block-list\">\n<li>Conceito de Responsabilidade Civil;<\/li>\n\n\n\n<li>Responsabilidade Civil do Estado no direito brasileiro;<\/li>\n\n\n\n<li>Requisitos para a demonstra\u00e7\u00e3o da Responsabilidade Civil do Estado;<\/li>\n\n\n\n<li>Causas Excludentes ou Atenuantes da Responsabilidade Civil do Estado;<\/li>\n\n\n\n<li>Responsabilidade por Omiss\u00e3o do Estado;<\/li>\n\n\n\n<li>Come\u00e7ando do Zero INSS 2022: Prepara\u00e7\u00e3o Completa &#8211; No\u00e7\u00f5es De Direito Administrativo<\/li>\n<\/ul>\n\n\n\n<p>Vamos l\u00e1?!<\/p>\n\n\n\n<figure class=\"wp-block-image aligncenter size-large is-resized\"><img loading=\"lazy\" decoding=\"async\" src=\"https:\/\/dhg1h5j42swfq.cloudfront.net\/2022\/09\/02141507\/inss-1-1024x613.jpg\" alt=\"INSS: Responsabilidade Civil do Estado\" class=\"wp-image-1088440\" width=\"715\" height=\"427\" srcset=\"https:\/\/dhg1h5j42swfq.cloudfront.net\/2022\/09\/02141507\/inss-1-1024x613.jpg 1024w, https:\/\/dhg1h5j42swfq.cloudfront.net\/2022\/09\/02141507\/inss-1-300x179.jpg 300w, https:\/\/dhg1h5j42swfq.cloudfront.net\/2022\/09\/02141507\/inss-1-768x459.jpg 768w, https:\/\/dhg1h5j42swfq.cloudfront.net\/2022\/09\/02141507\/inss-1-610x365.jpg 610w, https:\/\/dhg1h5j42swfq.cloudfront.net\/2022\/09\/02141507\/inss-1-150x90.jpg 150w, https:\/\/dhg1h5j42swfq.cloudfront.net\/2022\/09\/02141507\/inss-1.jpg 1170w\" sizes=\"auto, (max-width: 715px) 100vw, 715px\" \/><figcaption class=\"wp-element-caption\">Responsabilidade Civil do Estado para o INSS<\/figcaption><\/figure>\n\n\n\n<h2 class=\"wp-block-heading\" id=\"h-conceito-de-responsabilidade-civil\">Conceito de Responsabilidade Civil<\/h2>\n\n\n\n<p>A responsabilidade civil \u00e9 a obriga\u00e7\u00e3o de reparar os danos lesivos a terceiros, seja de natureza <strong><mark style=\"background-color:rgba(0, 0, 0, 0)\" class=\"has-inline-color has-vivid-cyan-blue-color\">patrimonial ou moral,<\/mark><\/strong> podendo ser <strong><mark style=\"background-color:rgba(0, 0, 0, 0)\" class=\"has-inline-color has-vivid-cyan-blue-color\">contratual ou extracontratual<\/mark><\/strong>. Aqui, trataremos da responsabilidade extracontratual do Estado, tamb\u00e9m conhecida como Responsabilidade &#8220;Aquiliana&#8221;, que consiste na obriga\u00e7\u00e3o jur\u00eddica que o Estado possui de reparar danos morais e patrimoniais causados a terceiros por seus agentes, atuando nessa qualidade.<\/p>\n\n\n\n<h2 class=\"wp-block-heading\" id=\"h-responsabilidade-civil-do-estado-no-direito-brasileiro\">Responsabilidade Civil do Estado no direito brasileiro<\/h2>\n\n\n\n<p>No Brasil, vigora a responsabilidade objetiva do Estado, na modalidade de <strong><mark style=\"background-color:rgba(0, 0, 0, 0)\" class=\"has-inline-color has-vivid-cyan-blue-color\">risco administrativo<\/mark><\/strong>, conforme a Magna Carta:<\/p>\n\n\n\n<p><em>Art. 37, \u00a76\u00ba da Constitui\u00e7\u00e3o Federal: As pessoas jur\u00eddicas de direito p\u00fablico e as de direito privado prestadoras de servi\u00e7os p\u00fablicos responder\u00e3o pelos danos que seus agentes, nessa qualidade, causarem a terceiros, assegurado o direito de regresso contra o respons\u00e1vel nos casos de dolo ou culpa.<\/em><\/p>\n\n\n\n<p>Desse modo, a abrang\u00eancia do dispositivo <strong><mark style=\"background-color:rgba(0, 0, 0, 0)\" class=\"has-inline-color has-vivid-cyan-blue-color\">alcan\u00e7a<\/mark><\/strong>: a administra\u00e7\u00e3o direta, as autarquias e as funda\u00e7\u00f5es p\u00fablicas de direito p\u00fablico, independentemente das atividades que realizam; as empresas p\u00fablicas, as sociedades de economia mista, quando forem prestadoras de servi\u00e7os p\u00fablicos; as delegat\u00e1rias de servi\u00e7o p\u00fablico (pessoas privadas que prestam servi\u00e7o p\u00fablico por delega\u00e7\u00e3o do Estado \u2013 concess\u00e3o, permiss\u00e3o ou autoriza\u00e7\u00e3o de servi\u00e7o p\u00fablico).<\/p>\n\n\n\n<p>Por outro lado, essa modalidade de responsabilidade civil <strong><mark style=\"background-color:rgba(0, 0, 0, 0)\" class=\"has-inline-color has-vivid-cyan-blue-color\">n\u00e3o alcan\u00e7a,<\/mark><\/strong> por\u00e9m, os danos decorrentes de omiss\u00e3o da Administra\u00e7\u00e3o P\u00fablica, que, nesses casos, ser\u00e3o indenizados conforme a <strong><mark style=\"background-color:rgba(0, 0, 0, 0)\" class=\"has-inline-color has-vivid-cyan-blue-color\">teoria da culpa administrativa.<\/mark><\/strong><\/p>\n\n\n\n<p>Por fim, vale destacar que a norma permite ainda o <strong><mark style=\"background-color:rgba(0, 0, 0, 0)\" class=\"has-inline-color has-vivid-cyan-blue-color\">direito de regresso,<\/mark><\/strong> isto \u00e9, o direito de reaver do seu agente ou respons\u00e1vel o que pagou ao lesado, quando aquele procedeu com dolo ou culpa, ou seja, em rela\u00e7\u00e3o ao agente, a responsabilidade \u00e9 subjetiva.<\/p>\n\n\n\n<h2 class=\"wp-block-heading\" id=\"h-requisitos-para-a-demonstracao-da-responsabilidade-civil-do-estado\">Requisitos para a demonstra\u00e7\u00e3o da Responsabilidade Civil do Estado<\/h2>\n\n\n\n<p>A responsabilidade objetiva do Estado exige a presen\u00e7a de tr\u00eas requisitos:<\/p>\n\n\n\n<ol class=\"wp-block-list\" type=\"1\">\n<li>Conduta;<\/li>\n\n\n\n<li>Dano; e<\/li>\n\n\n\n<li>Nexo causal.<\/li>\n<\/ol>\n\n\n\n<p>Primeiramente, para que ocorra a responsabilidade civil do Estado, a pessoa dever\u00e1 comprovar que sofreu algum <strong><mark style=\"background-color:rgba(0, 0, 0, 0)\" class=\"has-inline-color has-vivid-cyan-blue-color\">dano <\/mark><\/strong>\u2013 ou resultado. Esse dano deve afetar um direito juridicamente tutelado pelo Estado, ou seja, o dano deve ser jur\u00eddico, e n\u00e3o apenas econ\u00f4mico. Ainda, o dano a ser indenizado pode ser de natureza patrimonial (dano material) ou moral.<\/p>\n\n\n\n<p>Tratando da <strong><mark style=\"background-color:rgba(0, 0, 0, 0)\" class=\"has-inline-color has-vivid-cyan-blue-color\">conduta<\/mark><\/strong>, esta deve ter sua oficialidade comprovada. Nesse sentido, considera-se que a atua\u00e7\u00e3o ocorreu na qualidade de agente estatal n\u00e3o somente no exerc\u00edcio das fun\u00e7\u00f5es \u2013 da compet\u00eancia funcional do agente \u2013, mas tamb\u00e9m fora do exerc\u00edcio das fun\u00e7\u00f5es, desde que a atua\u00e7\u00e3o decorra da qualidade de agente p\u00fablico. Nesse sentido, diz-se que o Estado possui <em>culpa in eligendo<\/em> (culpa em escolher o agente) e <em>culpa in vigilando<\/em> (culpa em n\u00e3o vigiar o agente).<\/p>\n\n\n\n<p>O STF ressaltou, no RE 160.401\/SP, que o que deve ficar assentado \u00e9 que o preceito inscrito no art. 37, \u00a7 6\u00ba, da CF, n\u00e3o exige que o agente p\u00fablico tenha agido no exerc\u00edcio de suas fun\u00e7\u00f5es, mas na qualidade de agente p\u00fablico.<\/p>\n\n\n\n<p>Por \u00faltimo, o <strong><mark style=\"background-color:rgba(0, 0, 0, 0)\" class=\"has-inline-color has-vivid-cyan-blue-color\">nexo causal <\/mark><\/strong>ocorre quando h\u00e1 rela\u00e7\u00e3o entre a conduta estatal e o dano sofrido pelo terceiro. Dessa forma, deve-se comprovar que foi a conduta estatal que causou o dano.<\/p>\n\n\n\n<h2 class=\"wp-block-heading\" id=\"h-causas-excludentes-ou-atenuantes-da-responsabilidade-civil-do-estado\">Causas Excludentes ou Atenuantes da Responsabilidade Civil do Estado<\/h2>\n\n\n\n<p>A teoria do risco administrativo admite as seguintes hip\u00f3teses de <strong><mark style=\"background-color:rgba(0, 0, 0, 0)\" class=\"has-inline-color has-vivid-cyan-blue-color\">exclus\u00e3o da responsabilidade civil do Estado<\/mark><\/strong>:<\/p>\n\n\n\n<ol class=\"wp-block-list\" type=\"1\">\n<li>caso fortuito ou for\u00e7a maior;<\/li>\n\n\n\n<li>culpa exclusiva da v\u00edtima; e<\/li>\n\n\n\n<li>fato exclusivo de terceiro<\/li>\n<\/ol>\n\n\n\n<p>A despeito das diverg\u00eancias doutrin\u00e1rias, podemos considerar o <strong><mark style=\"background-color:rgba(0, 0, 0, 0)\" class=\"has-inline-color has-vivid-cyan-blue-color\">caso fortuito ou a for\u00e7a maior <\/mark><\/strong>como eventos humanos ou da natureza dos quais n\u00e3o se poderia prever ou evitar. Todavia, apesar de o caso fortuito ou for\u00e7a maior exclui a responsabilidade objetiva, haver\u00e1 a admiss\u00e3o da responsabiliza\u00e7\u00e3o subjetiva em decorr\u00eancia de omiss\u00e3o do Poder P\u00fablico.<\/p>\n\n\n\n<p>Tratando da <strong><mark style=\"background-color:rgba(0, 0, 0, 0)\" class=\"has-inline-color has-vivid-cyan-blue-color\">culpa exclusiva da v\u00edtima<\/mark><\/strong>, verifica-se que a Administra\u00e7\u00e3o P\u00fablica pode se eximir da responsabilidade caso comprove que a culpa \u00e9 exclusiva da v\u00edtima, sendo que o \u00f4nus da prova a cabe ao Estado. Aqui, h\u00e1 duas possibilidades: se a culpa for exclusiva do particular, haver\u00e1 a exclus\u00e3o da responsabilidade civil do Estado, mas se a culpa for concorrente entre particular e a Administra\u00e7\u00e3o P\u00fablica, n\u00e3o h\u00e1 que se falar em exclus\u00e3o da responsabilidade, e sim, sua atenua\u00e7\u00e3o.&nbsp;<\/p>\n\n\n\n<p>Por fim, quanto ao <strong><mark style=\"background-color:rgba(0, 0, 0, 0)\" class=\"has-inline-color has-vivid-cyan-blue-color\">ato exclusivo de terceiro,<\/mark><\/strong> verifica-se que aqui tamb\u00e9m h\u00e1 a exclus\u00e3o da responsabilidade objetiva da Administra\u00e7\u00e3o. A t\u00edtulo de exemplo, podemos citar os atos de multid\u00f5es, que podem provocar danos ao patrim\u00f4nio de terceiros.<\/p>\n\n\n\n<h2 class=\"wp-block-heading\" id=\"h-responsabilidade-por-omissao-do-estado\">Responsabilidade por Omiss\u00e3o do Estado<\/h2>\n\n\n\n<p>A responsabilidade do Estado em decorr\u00eancia de omiss\u00e3o fundamenta-se na <strong><mark style=\"background-color:rgba(0, 0, 0, 0)\" class=\"has-inline-color has-vivid-cyan-blue-color\">teoria da culpa administrativa<\/mark><\/strong> (culpa do servi\u00e7o, culpa an\u00f4nima ou <em>faute du service<\/em>). Dessa forma, \u00e9 necess\u00e1rio que o lesado comprove a omiss\u00e3o il\u00edcita do Estado, que deixou de agir quando tinha obriga\u00e7\u00e3o.<\/p>\n\n\n\n<p>Essa omiss\u00e3o do Estado pode se dar de tr\u00eas formas distintas: pode ter havido uma verdadeira falta de servi\u00e7o, ou seja, o servi\u00e7o realmente n\u00e3o existiu, ou funcionou mal ou funcionou atrasado.<\/p>\n\n\n\n<h2 class=\"wp-block-heading\"><strong>Considera\u00e7\u00f5es Finais &#8211; Responsabilidade Civil do Estado<\/strong><\/h2>\n\n\n\n<p>Finalizamos mais um artigo, galera. Hoje trouxemos um resumo sobre <strong><mark style=\"background-color:rgba(0, 0, 0, 0)\" class=\"has-inline-color has-vivid-cyan-blue-color\">Responsabilidade Civil do Estado,<\/mark><\/strong>&nbsp; com a finalidade de facilitar a revis\u00e3o do aluno a respeito desse tema t\u00e3o importante e frequentemente cobrado em concursos.<\/p>\n\n\n\n<p>Para uma prepara\u00e7\u00e3o completa, n\u00e3o deixe de adquirir <strong><a href=\"https:\/\/www.estrategiaconcursos.com.br\/curso\/1-inss-tecnico-do-seguro-social-pacote-completo-2022-pre-edital\/\" target=\"_blank\" rel=\"noreferrer noopener\">cursos completos para o INSS do Estrat\u00e9gia Concursos.<\/a> <\/strong>L\u00e1 voc\u00ea encontrar\u00e1 aulas com os melhores professores do mercado que trar\u00e3o os conte\u00fados com o aprofundamento necess\u00e1rio para a sua aprova\u00e7\u00e3o.<\/p>\n\n\n\n<p>N\u00e3o deixe de conhecer tamb\u00e9m o<strong>&nbsp;<a href=\"https:\/\/questoes.estrategiaconcursos.com.br\/\" target=\"_blank\" rel=\"noreferrer noopener\">Sistema de Quest\u00f5es do Estrat\u00e9gia<\/a><\/strong>. Afinal, nada como a resolu\u00e7\u00e3o de quest\u00f5es para fixar os conte\u00fados estudados, n\u00e3o \u00e9 mesmo?!<\/p>\n\n\n\n<p>Desejamos que as informa\u00e7\u00f5es aqui apresentadas possam ajud\u00e1-los e contribuir para sua aprova\u00e7\u00e3o.<\/p>\n\n\n\n<p>At\u00e9 a pr\u00f3xima e bons estudos!<\/p>\n\n\n\n<h2 class=\"wp-block-heading has-text-align-center\" id=\"cursos-assinatura\">Quer estudar para o concurso do INSS?<\/h2>\n\n\n\n<p>Prepare-se com o melhor material e com quem mais aprova em Concursos P\u00fablicos em todo o pa\u00eds!<\/p>\n\n\n\n<p class=\"has-text-align-center has-vivid-cyan-blue-color has-text-color has-background\" style=\"background-color:#0078bd\"><a href=\"https:\/\/www.estrategiaconcursos.com.br\/blog\/concursos-abertos\/\" target=\"_blank\" rel=\"noreferrer noopener\"><strong><span class=\"has-inline-color has-white-color\">Concursos abertos<\/span><\/strong><\/a><\/p>\n\n\n\n<p class=\"has-text-align-center has-vivid-cyan-blue-color has-text-color has-background\" style=\"background-color:#0072b4\"><strong><a href=\"https:\/\/www.estrategiaconcursos.com.br\/blog\/concursos-2022\/\" target=\"_blank\" rel=\"noreferrer noopener\"><mark style=\"background-color:rgba(0, 0, 0, 0)\" class=\"has-inline-color has-white-color\">Concursos 2023<\/mark><\/a><\/strong><\/p>\n\n\n\n<div class=\"container\" id=\"boxes\">\n  <div class=\"row\">\n\n    <div class=\"col-sm\">\n      <div class=\"banner-adm\" id=\"box-assinatura\">\n        <h3 class=\"titulo-assinatura\">Concurso INSS<\/h3>\n        <p class=\"subtitulo-assinatura\">Conhe\u00e7a os cursos<\/p>\n        <div class=\"box-botao\">\n          <a class=\"btn-assinatura\" target=\"_blank\" href=\"https:\/\/www.estrategiaconcursos.com.br\/cursosPorConcurso\/inss-tecnico-do-seguro-social-101\/\" role=\"button\" rel=\"noopener noreferrer\">Conhe\u00e7a mais<\/a>\n        <\/div>\n      <\/div>\n     \n    <\/div>\n\n  <\/div>\n<\/div>\n\n\n\n<div class=\"container\" id=\"boxes\">\n  <div class=\"row\">\n\n    <div class=\"col-sm\">\n      <div class=\"estrategia\" id=\"box-assinatura\">\n        <h3 class=\"titulo-assinatura\">Assinatura Concursos<\/h3>\n        <p class=\"subtitulo-assinatura\">Assinatura de 1 ano ou 2 anos<\/p>\n        <div class=\"box-botao\">\n          <a class=\"btn-assinatura\" target=\"_blank\" href=\"https:\/\/www.estrategiaconcursos.com.br\/assinaturas\/\" role=\"button\" rel=\"noopener noreferrer\">ASSINE AGORA<\/a>\n        <\/div>\n      <\/div><\/div><\/div><\/div>\n\n\n\n<p><\/p>\n","protected":false},"excerpt":{"rendered":"<p>Responsabilidade Civil do Estado para o INSS Ol\u00e1, amigos. Tudo bom? Esperamos que sim. O t\u00e3o aguardado concurso para o INSS est\u00e1 se aproximando. Recentemente, a Banca CEBRASPE foi escolhida como a organizadora do certame. Portanto, \u00e9 hora de intensificar os estudos, resolver muitas quest\u00f5es da Banca e revisar de modo constante, principalmente aqueles temas [&hellip;]<\/p>\n","protected":false},"author":1572,"featured_media":1088440,"comment_status":"open","ping_status":"closed","sticky":false,"template":"","format":"standard","meta":{"post_tipo":"article","footnotes":""},"categories":[1,220191],"tags":[],"tax_estado":[219963],"class_list":["post-1092170","post","type-post","status-publish","format-standard","has-post-thumbnail","hentry","category-cursos-e-concursos","category-previdenciaria","tax_estado-concursos-federais"],"acf":[],"yoast_head":"<!-- This site is optimized with the Yoast SEO Premium plugin v27.2 (Yoast SEO v27.2) - https:\/\/yoast.com\/product\/yoast-seo-premium-wordpress\/ -->\n<title>Responsabilidade Civil do Estado para o INSS<\/title>\n<meta name=\"description\" content=\"Veja neste artigo um resumo do tema Responsabilidade Civil do Estado, com foco no concurso do INSS, e chegue preparado na prova.\" \/>\n<meta name=\"robots\" content=\"index, follow, max-snippet:-1, max-image-preview:large, max-video-preview:-1\" \/>\n<link rel=\"canonical\" href=\"https:\/\/www.estrategiaconcursos.com.br\/blog\/responsabilidade-civil-estado-inss\/\" \/>\n<meta property=\"og:locale\" content=\"pt_BR\" \/>\n<meta property=\"og:type\" content=\"article\" \/>\n<meta property=\"og:title\" content=\"Responsabilidade Civil do Estado para o INSS\" \/>\n<meta property=\"og:description\" content=\"Veja neste artigo um resumo do tema Responsabilidade Civil do Estado, com foco no concurso do INSS, e chegue preparado na prova.\" \/>\n<meta property=\"og:url\" content=\"https:\/\/www.estrategiaconcursos.com.br\/blog\/responsabilidade-civil-estado-inss\/\" \/>\n<meta property=\"og:site_name\" content=\"Estrat\u00e9gia Concursos\" \/>\n<meta property=\"article:published_time\" content=\"2022-09-27T11:46:00+00:00\" \/>\n<meta property=\"article:modified_time\" content=\"2023-04-14T17:53:02+00:00\" \/>\n<meta property=\"og:image\" content=\"https:\/\/dhg1h5j42swfq.cloudfront.net\/2022\/09\/02141507\/inss-1.jpg\" \/>\n\t<meta property=\"og:image:width\" content=\"1170\" \/>\n\t<meta property=\"og:image:height\" content=\"700\" \/>\n\t<meta property=\"og:image:type\" content=\"image\/jpeg\" \/>\n<meta name=\"author\" content=\"Marcela Neves Suonski\" \/>\n<meta name=\"twitter:card\" content=\"summary_large_image\" \/>\n<meta name=\"twitter:creator\" content=\"@EstratConcursos\" \/>\n<meta name=\"twitter:site\" content=\"@EstratConcursos\" \/>\n<meta name=\"twitter:label1\" content=\"Escrito por\" \/>\n\t<meta name=\"twitter:data1\" content=\"Marcela Neves Suonski\" \/>\n\t<meta name=\"twitter:label2\" content=\"Est. tempo de leitura\" \/>\n\t<meta name=\"twitter:data2\" content=\"6 minutos\" \/>\n<script type=\"application\/ld+json\" class=\"yoast-schema-graph\">{\"@context\":\"https:\/\/schema.org\",\"@graph\":[{\"@type\":\"NewsArticle\",\"@id\":\"https:\/\/www.estrategiaconcursos.com.br\/blog\/responsabilidade-civil-estado-inss\/#article\",\"isPartOf\":{\"@id\":\"https:\/\/www.estrategiaconcursos.com.br\/blog\/responsabilidade-civil-estado-inss\/\"},\"author\":{\"name\":\"Marcela Neves Suonski\",\"@id\":\"https:\/\/www.estrategiaconcursos.com.br\/blog\/#\/schema\/person\/a15c21c2f6fa4756fcdcb8613065671c\"},\"headline\":\"Responsabilidade Civil do Estado para o INSS\",\"datePublished\":\"2022-09-27T11:46:00+00:00\",\"dateModified\":\"2023-04-14T17:53:02+00:00\",\"mainEntityOfPage\":{\"@id\":\"https:\/\/www.estrategiaconcursos.com.br\/blog\/responsabilidade-civil-estado-inss\/\"},\"wordCount\":1241,\"commentCount\":0,\"publisher\":{\"@id\":\"https:\/\/www.estrategiaconcursos.com.br\/blog\/#organization\"},\"image\":{\"@id\":\"https:\/\/www.estrategiaconcursos.com.br\/blog\/responsabilidade-civil-estado-inss\/#primaryimage\"},\"thumbnailUrl\":\"https:\/\/dhg1h5j42swfq.cloudfront.net\/2022\/09\/02141507\/inss-1.jpg\",\"articleSection\":[\"Concursos P\u00fablicos\",\"Previdenci\u00e1ria (INSS, PREVIC)\"],\"inLanguage\":\"pt-BR\",\"potentialAction\":[{\"@type\":\"CommentAction\",\"name\":\"Comment\",\"target\":[\"https:\/\/www.estrategiaconcursos.com.br\/blog\/responsabilidade-civil-estado-inss\/#respond\"]}],\"copyrightYear\":\"2022\",\"copyrightHolder\":{\"@id\":\"https:\/\/www.estrategiaconcursos.com.br\/blog\/#organization\"}},{\"@type\":\"WebPage\",\"@id\":\"https:\/\/www.estrategiaconcursos.com.br\/blog\/responsabilidade-civil-estado-inss\/\",\"url\":\"https:\/\/www.estrategiaconcursos.com.br\/blog\/responsabilidade-civil-estado-inss\/\",\"name\":\"Responsabilidade Civil do Estado para o INSS\",\"isPartOf\":{\"@id\":\"https:\/\/www.estrategiaconcursos.com.br\/blog\/#website\"},\"primaryImageOfPage\":{\"@id\":\"https:\/\/www.estrategiaconcursos.com.br\/blog\/responsabilidade-civil-estado-inss\/#primaryimage\"},\"image\":{\"@id\":\"https:\/\/www.estrategiaconcursos.com.br\/blog\/responsabilidade-civil-estado-inss\/#primaryimage\"},\"thumbnailUrl\":\"https:\/\/dhg1h5j42swfq.cloudfront.net\/2022\/09\/02141507\/inss-1.jpg\",\"datePublished\":\"2022-09-27T11:46:00+00:00\",\"dateModified\":\"2023-04-14T17:53:02+00:00\",\"description\":\"Veja neste artigo um resumo do tema Responsabilidade Civil do Estado, com foco no concurso do INSS, e chegue preparado na prova.\",\"breadcrumb\":{\"@id\":\"https:\/\/www.estrategiaconcursos.com.br\/blog\/responsabilidade-civil-estado-inss\/#breadcrumb\"},\"inLanguage\":\"pt-BR\",\"potentialAction\":[{\"@type\":\"ReadAction\",\"target\":[\"https:\/\/www.estrategiaconcursos.com.br\/blog\/responsabilidade-civil-estado-inss\/\"]}]},{\"@type\":\"ImageObject\",\"inLanguage\":\"pt-BR\",\"@id\":\"https:\/\/www.estrategiaconcursos.com.br\/blog\/responsabilidade-civil-estado-inss\/#primaryimage\",\"url\":\"https:\/\/dhg1h5j42swfq.cloudfront.net\/2022\/09\/02141507\/inss-1.jpg\",\"contentUrl\":\"https:\/\/dhg1h5j42swfq.cloudfront.net\/2022\/09\/02141507\/inss-1.jpg\",\"width\":1170,\"height\":700,\"caption\":\"Organiza\u00e7\u00e3o da seguridade social INSS\"},{\"@type\":\"BreadcrumbList\",\"@id\":\"https:\/\/www.estrategiaconcursos.com.br\/blog\/responsabilidade-civil-estado-inss\/#breadcrumb\",\"itemListElement\":[{\"@type\":\"ListItem\",\"position\":1,\"name\":\"In\u00edcio\",\"item\":\"https:\/\/www.estrategiaconcursos.com.br\/blog\/\"},{\"@type\":\"ListItem\",\"position\":2,\"name\":\"Responsabilidade Civil do Estado para o INSS\"}]},{\"@type\":\"WebSite\",\"@id\":\"https:\/\/www.estrategiaconcursos.com.br\/blog\/#website\",\"url\":\"https:\/\/www.estrategiaconcursos.com.br\/blog\/\",\"name\":\"Estrat\u00e9gia Concursos\",\"description\":\"O blog da Estrat\u00e9gia Concursos traz not\u00edcias sobre concursos e artigos de professores oferecendo cursos para concursos (pdf + videaulas) no site.\",\"publisher\":{\"@id\":\"https:\/\/www.estrategiaconcursos.com.br\/blog\/#organization\"},\"potentialAction\":[{\"@type\":\"SearchAction\",\"target\":{\"@type\":\"EntryPoint\",\"urlTemplate\":\"https:\/\/www.estrategiaconcursos.com.br\/blog\/?s={search_term_string}\"},\"query-input\":{\"@type\":\"PropertyValueSpecification\",\"valueRequired\":true,\"valueName\":\"search_term_string\"}}],\"inLanguage\":\"pt-BR\"},{\"@type\":\"Organization\",\"@id\":\"https:\/\/www.estrategiaconcursos.com.br\/blog\/#organization\",\"name\":\"Estrat\u00e9gia Concursos\",\"url\":\"https:\/\/www.estrategiaconcursos.com.br\/blog\/\",\"logo\":{\"@type\":\"ImageObject\",\"inLanguage\":\"pt-BR\",\"@id\":\"https:\/\/www.estrategiaconcursos.com.br\/blog\/#\/schema\/logo\/image\/\",\"url\":\"https:\/\/dhg1h5j42swfq.cloudfront.net\/2025\/06\/03203428\/logo_concursos-1.jpg\",\"contentUrl\":\"https:\/\/dhg1h5j42swfq.cloudfront.net\/2025\/06\/03203428\/logo_concursos-1.jpg\",\"width\":230,\"height\":60,\"caption\":\"Estrat\u00e9gia Concursos\"},\"image\":{\"@id\":\"https:\/\/www.estrategiaconcursos.com.br\/blog\/#\/schema\/logo\/image\/\"},\"sameAs\":[\"https:\/\/x.com\/EstratConcursos\"]},{\"@type\":\"Person\",\"@id\":\"https:\/\/www.estrategiaconcursos.com.br\/blog\/#\/schema\/person\/a15c21c2f6fa4756fcdcb8613065671c\",\"name\":\"Marcela Neves Suonski\",\"image\":{\"@type\":\"ImageObject\",\"inLanguage\":\"pt-BR\",\"@id\":\"https:\/\/secure.gravatar.com\/avatar\/0d4a2e1e9762c57505715db480ae30bd030689a7d92a8cfab6265cca9baff330?s=96&d=mm&r=g\",\"url\":\"https:\/\/secure.gravatar.com\/avatar\/0d4a2e1e9762c57505715db480ae30bd030689a7d92a8cfab6265cca9baff330?s=96&d=mm&r=g\",\"contentUrl\":\"https:\/\/secure.gravatar.com\/avatar\/0d4a2e1e9762c57505715db480ae30bd030689a7d92a8cfab6265cca9baff330?s=96&d=mm&r=g\",\"caption\":\"Marcela Neves Suonski\"},\"url\":\"https:\/\/www.estrategiaconcursos.com.br\/blog\/author\/marcela_nevessuonskihotmail-com\/\"}]}<\/script>\n<!-- \/ Yoast SEO Premium plugin. -->","yoast_head_json":{"title":"Responsabilidade Civil do Estado para o INSS","description":"Veja neste artigo um resumo do tema Responsabilidade Civil do Estado, com foco no concurso do INSS, e chegue preparado na prova.","robots":{"index":"index","follow":"follow","max-snippet":"max-snippet:-1","max-image-preview":"max-image-preview:large","max-video-preview":"max-video-preview:-1"},"canonical":"https:\/\/www.estrategiaconcursos.com.br\/blog\/responsabilidade-civil-estado-inss\/","og_locale":"pt_BR","og_type":"article","og_title":"Responsabilidade Civil do Estado para o INSS","og_description":"Veja neste artigo um resumo do tema Responsabilidade Civil do Estado, com foco no concurso do INSS, e chegue preparado na prova.","og_url":"https:\/\/www.estrategiaconcursos.com.br\/blog\/responsabilidade-civil-estado-inss\/","og_site_name":"Estrat\u00e9gia Concursos","article_published_time":"2022-09-27T11:46:00+00:00","article_modified_time":"2023-04-14T17:53:02+00:00","og_image":[{"width":1170,"height":700,"url":"https:\/\/dhg1h5j42swfq.cloudfront.net\/2022\/09\/02141507\/inss-1.jpg","type":"image\/jpeg"}],"author":"Marcela Neves Suonski","twitter_card":"summary_large_image","twitter_creator":"@EstratConcursos","twitter_site":"@EstratConcursos","twitter_misc":{"Escrito por":"Marcela Neves Suonski","Est. tempo de leitura":"6 minutos"},"schema":{"@context":"https:\/\/schema.org","@graph":[{"@type":"NewsArticle","@id":"https:\/\/www.estrategiaconcursos.com.br\/blog\/responsabilidade-civil-estado-inss\/#article","isPartOf":{"@id":"https:\/\/www.estrategiaconcursos.com.br\/blog\/responsabilidade-civil-estado-inss\/"},"author":{"name":"Marcela Neves Suonski","@id":"https:\/\/www.estrategiaconcursos.com.br\/blog\/#\/schema\/person\/a15c21c2f6fa4756fcdcb8613065671c"},"headline":"Responsabilidade Civil do Estado para o INSS","datePublished":"2022-09-27T11:46:00+00:00","dateModified":"2023-04-14T17:53:02+00:00","mainEntityOfPage":{"@id":"https:\/\/www.estrategiaconcursos.com.br\/blog\/responsabilidade-civil-estado-inss\/"},"wordCount":1241,"commentCount":0,"publisher":{"@id":"https:\/\/www.estrategiaconcursos.com.br\/blog\/#organization"},"image":{"@id":"https:\/\/www.estrategiaconcursos.com.br\/blog\/responsabilidade-civil-estado-inss\/#primaryimage"},"thumbnailUrl":"https:\/\/dhg1h5j42swfq.cloudfront.net\/2022\/09\/02141507\/inss-1.jpg","articleSection":["Concursos P\u00fablicos","Previdenci\u00e1ria (INSS, PREVIC)"],"inLanguage":"pt-BR","potentialAction":[{"@type":"CommentAction","name":"Comment","target":["https:\/\/www.estrategiaconcursos.com.br\/blog\/responsabilidade-civil-estado-inss\/#respond"]}],"copyrightYear":"2022","copyrightHolder":{"@id":"https:\/\/www.estrategiaconcursos.com.br\/blog\/#organization"}},{"@type":"WebPage","@id":"https:\/\/www.estrategiaconcursos.com.br\/blog\/responsabilidade-civil-estado-inss\/","url":"https:\/\/www.estrategiaconcursos.com.br\/blog\/responsabilidade-civil-estado-inss\/","name":"Responsabilidade Civil do Estado para o INSS","isPartOf":{"@id":"https:\/\/www.estrategiaconcursos.com.br\/blog\/#website"},"primaryImageOfPage":{"@id":"https:\/\/www.estrategiaconcursos.com.br\/blog\/responsabilidade-civil-estado-inss\/#primaryimage"},"image":{"@id":"https:\/\/www.estrategiaconcursos.com.br\/blog\/responsabilidade-civil-estado-inss\/#primaryimage"},"thumbnailUrl":"https:\/\/dhg1h5j42swfq.cloudfront.net\/2022\/09\/02141507\/inss-1.jpg","datePublished":"2022-09-27T11:46:00+00:00","dateModified":"2023-04-14T17:53:02+00:00","description":"Veja neste artigo um resumo do tema Responsabilidade Civil do Estado, com foco no concurso do INSS, e chegue preparado na prova.","breadcrumb":{"@id":"https:\/\/www.estrategiaconcursos.com.br\/blog\/responsabilidade-civil-estado-inss\/#breadcrumb"},"inLanguage":"pt-BR","potentialAction":[{"@type":"ReadAction","target":["https:\/\/www.estrategiaconcursos.com.br\/blog\/responsabilidade-civil-estado-inss\/"]}]},{"@type":"ImageObject","inLanguage":"pt-BR","@id":"https:\/\/www.estrategiaconcursos.com.br\/blog\/responsabilidade-civil-estado-inss\/#primaryimage","url":"https:\/\/dhg1h5j42swfq.cloudfront.net\/2022\/09\/02141507\/inss-1.jpg","contentUrl":"https:\/\/dhg1h5j42swfq.cloudfront.net\/2022\/09\/02141507\/inss-1.jpg","width":1170,"height":700,"caption":"Organiza\u00e7\u00e3o da seguridade social INSS"},{"@type":"BreadcrumbList","@id":"https:\/\/www.estrategiaconcursos.com.br\/blog\/responsabilidade-civil-estado-inss\/#breadcrumb","itemListElement":[{"@type":"ListItem","position":1,"name":"In\u00edcio","item":"https:\/\/www.estrategiaconcursos.com.br\/blog\/"},{"@type":"ListItem","position":2,"name":"Responsabilidade Civil do Estado para o INSS"}]},{"@type":"WebSite","@id":"https:\/\/www.estrategiaconcursos.com.br\/blog\/#website","url":"https:\/\/www.estrategiaconcursos.com.br\/blog\/","name":"Estrat\u00e9gia Concursos","description":"O blog da Estrat\u00e9gia Concursos traz not\u00edcias sobre concursos e artigos de professores oferecendo cursos para concursos (pdf + videaulas) no site.","publisher":{"@id":"https:\/\/www.estrategiaconcursos.com.br\/blog\/#organization"},"potentialAction":[{"@type":"SearchAction","target":{"@type":"EntryPoint","urlTemplate":"https:\/\/www.estrategiaconcursos.com.br\/blog\/?s={search_term_string}"},"query-input":{"@type":"PropertyValueSpecification","valueRequired":true,"valueName":"search_term_string"}}],"inLanguage":"pt-BR"},{"@type":"Organization","@id":"https:\/\/www.estrategiaconcursos.com.br\/blog\/#organization","name":"Estrat\u00e9gia Concursos","url":"https:\/\/www.estrategiaconcursos.com.br\/blog\/","logo":{"@type":"ImageObject","inLanguage":"pt-BR","@id":"https:\/\/www.estrategiaconcursos.com.br\/blog\/#\/schema\/logo\/image\/","url":"https:\/\/dhg1h5j42swfq.cloudfront.net\/2025\/06\/03203428\/logo_concursos-1.jpg","contentUrl":"https:\/\/dhg1h5j42swfq.cloudfront.net\/2025\/06\/03203428\/logo_concursos-1.jpg","width":230,"height":60,"caption":"Estrat\u00e9gia Concursos"},"image":{"@id":"https:\/\/www.estrategiaconcursos.com.br\/blog\/#\/schema\/logo\/image\/"},"sameAs":["https:\/\/x.com\/EstratConcursos"]},{"@type":"Person","@id":"https:\/\/www.estrategiaconcursos.com.br\/blog\/#\/schema\/person\/a15c21c2f6fa4756fcdcb8613065671c","name":"Marcela Neves Suonski","image":{"@type":"ImageObject","inLanguage":"pt-BR","@id":"https:\/\/secure.gravatar.com\/avatar\/0d4a2e1e9762c57505715db480ae30bd030689a7d92a8cfab6265cca9baff330?s=96&d=mm&r=g","url":"https:\/\/secure.gravatar.com\/avatar\/0d4a2e1e9762c57505715db480ae30bd030689a7d92a8cfab6265cca9baff330?s=96&d=mm&r=g","contentUrl":"https:\/\/secure.gravatar.com\/avatar\/0d4a2e1e9762c57505715db480ae30bd030689a7d92a8cfab6265cca9baff330?s=96&d=mm&r=g","caption":"Marcela Neves Suonski"},"url":"https:\/\/www.estrategiaconcursos.com.br\/blog\/author\/marcela_nevessuonskihotmail-com\/"}]}},"_links":{"self":[{"href":"https:\/\/www.estrategiaconcursos.com.br\/blog\/wp-json\/wp\/v2\/posts\/1092170","targetHints":{"allow":["GET"]}}],"collection":[{"href":"https:\/\/www.estrategiaconcursos.com.br\/blog\/wp-json\/wp\/v2\/posts"}],"about":[{"href":"https:\/\/www.estrategiaconcursos.com.br\/blog\/wp-json\/wp\/v2\/types\/post"}],"author":[{"embeddable":true,"href":"https:\/\/www.estrategiaconcursos.com.br\/blog\/wp-json\/wp\/v2\/users\/1572"}],"replies":[{"embeddable":true,"href":"https:\/\/www.estrategiaconcursos.com.br\/blog\/wp-json\/wp\/v2\/comments?post=1092170"}],"version-history":[{"count":8,"href":"https:\/\/www.estrategiaconcursos.com.br\/blog\/wp-json\/wp\/v2\/posts\/1092170\/revisions"}],"predecessor-version":[{"id":1201921,"href":"https:\/\/www.estrategiaconcursos.com.br\/blog\/wp-json\/wp\/v2\/posts\/1092170\/revisions\/1201921"}],"wp:featuredmedia":[{"embeddable":true,"href":"https:\/\/www.estrategiaconcursos.com.br\/blog\/wp-json\/wp\/v2\/media\/1088440"}],"wp:attachment":[{"href":"https:\/\/www.estrategiaconcursos.com.br\/blog\/wp-json\/wp\/v2\/media?parent=1092170"}],"wp:term":[{"taxonomy":"category","embeddable":true,"href":"https:\/\/www.estrategiaconcursos.com.br\/blog\/wp-json\/wp\/v2\/categories?post=1092170"},{"taxonomy":"post_tag","embeddable":true,"href":"https:\/\/www.estrategiaconcursos.com.br\/blog\/wp-json\/wp\/v2\/tags?post=1092170"},{"taxonomy":"tax_estado","embeddable":true,"href":"https:\/\/www.estrategiaconcursos.com.br\/blog\/wp-json\/wp\/v2\/tax_estado?post=1092170"}],"curies":[{"name":"wp","href":"https:\/\/api.w.org\/{rel}","templated":true}]}}