{"id":1091976,"date":"2022-09-12T07:00:00","date_gmt":"2022-09-12T10:00:00","guid":{"rendered":"https:\/\/www.estrategiaconcursos.com.br\/blog\/?p=1091976"},"modified":"2022-09-12T12:32:52","modified_gmt":"2022-09-12T15:32:52","slug":"captacao-clandestina-tv-crime","status":"publish","type":"post","link":"https:\/\/www.estrategiaconcursos.com.br\/blog\/captacao-clandestina-tv-crime\/","title":{"rendered":"A capta\u00e7\u00e3o clandestina de sinal de TV a cabo \u00e9 crime?"},"content":{"rendered":"\n<p>A capta\u00e7\u00e3o clandestina de sinal de TV a cabo \u00e9 bastante corriqueira atualmente, ensejando debates doutrin\u00e1rios acerca de sua tipifica\u00e7\u00e3o penal.<\/p>\n\n\n\n<p>A controv\u00e9rsia tamb\u00e9m atingia os Tribunais Superiores, visto que at\u00e9 o final do ano de 2020 n\u00e3o havia consenso entre o entendimento do Supremo Tribunal Federal e o posicionamento do Superior Tribunal de Justi\u00e7a.&nbsp;<\/p>\n\n\n\n<p>Aprofundaremos a tem\u00e1tica no presente artigo.<\/p>\n\n\n\n<figure class=\"wp-block-gallery has-nested-images columns-default is-cropped wp-block-gallery-1 is-layout-flex wp-block-gallery-is-layout-flex\">\n<figure class=\"wp-block-image size-large\"><img loading=\"lazy\" decoding=\"async\" width=\"296\" height=\"170\" data-id=\"832852\" src=\"https:\/\/dhg1h5j42swfq.cloudfront.net\/2021\/08\/10184403\/foto-stf-7.jpg\" alt=\"Para o STF, a capta\u00e7\u00e3o clandestina de sinal de TV \u00e9 fato at\u00edpico\" class=\"wp-image-832852\"\/><figcaption>Para o STF, a capta\u00e7\u00e3o clandestina de sinal de TV \u00e9 fato at\u00edpico<\/figcaption><\/figure>\n<\/figure>\n\n\n\n<p>T\u00f3picos a serem vistos:<\/p>\n\n\n\n<ul class=\"wp-block-list\"><li><em>Aspectos Introdut\u00f3rios<\/em><\/li><li>Posicionamento do STF<\/li><li><em>Posicionamento do STJ<\/em><\/li><\/ul>\n\n\n\n<p>Vamos l\u00e1.<\/p>\n\n\n\n<h2 class=\"wp-block-heading\" id=\"h-aspectos-introdutorios-captacao-clandestina-de-sinal-de-tv-a-cabo\"><em>ASPECTOS INTRODUT\u00d3RIOS &#8211; CAPTA\u00c7\u00c3O CLANDESTINA DE SINAL DE TV<\/em> A CABO<\/h2>\n\n\n\n<p>O C\u00f3digo Penal, em seu art.155, caput, capitula como crime de furto a conduta daquele que subtrai, para si ou para outrem, coisa alheia m\u00f3vel.<\/p>\n\n\n\n<p>Outrossim, em seu art. 155, \u00a7 3\u00ba, equipara, para fins do crime de furto, a energia el\u00e9trica ou qualquer outra que tenha valor econ\u00f4mico \u00e0 coisa m\u00f3vel. Nesse sentido:<\/p>\n\n\n\n<blockquote class=\"wp-block-quote is-layout-flow wp-block-quote-is-layout-flow\"><p><strong>\u00a7 3\u00ba &#8211; Equipara-se \u00e0 coisa m\u00f3vel a energia el\u00e9trica ou qualquer outra que tenha valor econ\u00f4mico.<\/strong><\/p><\/blockquote>\n\n\n\n<p>Dessa forma, surge o questionamento: o sinal de TV por assinatura est\u00e1 contido no supracitado par\u00e1grafo?<\/p>\n\n\n\n<p>Vejamos.<\/p>\n\n\n\n<h2 class=\"wp-block-heading\" id=\"h-posicionamento-do-stf\">POSICIONAMENTO DO STF<\/h2>\n\n\n\n<p><strong>Segundo a Corte Suprema, com esteio na veda\u00e7\u00e3o da analogia<em> in malam partem<\/em> no Direito Penal, a capta\u00e7\u00e3o clandestina de sinal de TV a cabo \u00e9 fato at\u00edpico.<\/strong><\/p>\n\n\n\n<p>Veja-se:<\/p>\n\n\n\n<blockquote class=\"wp-block-quote is-layout-flow wp-block-quote-is-layout-flow\"><p>A 2\u00aa Turma concedeu habeas corpus para declarar a atipicidade da conduta de condenado pela pr\u00e1tica do crime descrito no art. 155, \u00a7 3\u00ba, do CP (\u2018Art. 155 \u2013 Subtrair, para si ou para outrem, coisa alheia m\u00f3vel: [&#8230;]\u00a73\u00ba Equipara-se \u00e0 coisa m\u00f3vel a energia el\u00e9trica ou qualquer outra que tenha valor econ\u00f4mico, por efetuar liga\u00e7\u00e3o clandestina de sinal de TV a cabo.<strong> Reputou-se que o objeto do aludido crime n\u00e3o seria \u2018energia\u2019 e ressaltou-se a inadmissibilidade da analogia in malam partem em Direito Penal, raz\u00e3o pela qual a conduta n\u00e3o poderia ser considerada penalmente t\u00edpica (STF, HC 97261\/RS, Rel. Min. Joaquim Barbosa, 2\u00aa T., 12\/4\/2011, Informativo n\u00ba 623).<\/strong><\/p><\/blockquote>\n\n\n\n<p>Destaca-se que, <strong>segundo o STF, a conduta<\/strong> <strong>narrada amolda-se ao il\u00edcito descrito no art. 35 da Lei 8.977\/95,<\/strong> entretanto, como o dispositivo n\u00e3o prev\u00ea nenhuma san\u00e7\u00e3o penal, n\u00e3o haveria raz\u00e3o para a persecu\u00e7\u00e3o penal.<\/p>\n\n\n\n<p>No mesmo sentido, colaciona-se o entendimento do Tribunal de Justi\u00e7a do Rio Grande do Sul:<\/p>\n\n\n\n<blockquote class=\"wp-block-quote is-layout-flow wp-block-quote-is-layout-flow\"><p>O sinal de TV a cabo, diferentemente da energia el\u00e9trica, a que se refere o C\u00f3digo Penal, n\u00e3o \u00e9 fonte capaz de gerar for\u00e7a, pot\u00eancia, fornecer energia para determinados equipamentos; n\u00e3o est\u00e1 o sinal sujeito \u00e0 apropria\u00e7\u00e3o. Apenas fornece sinal televisivo e por isso mesmo seu desvio (gato) n\u00e3o pode ser considerado conduta penalmente t\u00edpica.<strong> Admitir que o sinal seja equiparado \u00e0 energia el\u00e9trica e, assim, contemplar punitivamente o tipo penal do art. 155, \u00a7 3\u00ba, CP \u00e9 elaborar interpreta\u00e7\u00e3o in malam partem, vedado no sistema pena<\/strong>l (TJRS, Ap. 70021107727, 5\u00aa C\u00e2m. Crim., Rel. Aramis Nassif, pub. 3\/3\/2008)<\/p><\/blockquote>\n\n\n\n<h2 class=\"wp-block-heading\" id=\"h-antigo-posicionamento-do-stj\">ANTIGO POSICIONAMENTO DO STJ<\/h2>\n\n\n\n<p>O Tribunal da Cidadania, em sentido contr\u00e1rio ao entendimento do STF, possu\u00eda precedentes afirmando que a capta\u00e7\u00e3o il\u00edcita de sinal de TV a cabo configuraria o crime de furto, tendo em vista a possibilidade da equipara\u00e7\u00e3o do sinal de TV a cabo \u00e0 energia el\u00e9trica.<\/p>\n\n\n\n<p>Nesse sentido:<\/p>\n\n\n\n<blockquote class=\"wp-block-quote is-layout-flow wp-block-quote-is-layout-flow\"><p>RECURSO ORDIN\u00c1RIO EM HABEAS CORPUS. CAPTA\u00c7\u00c3O IRREGULAR DE SINAL DE TELEVIS\u00c3O A CABO. ALEGADA&nbsp;<strong>ATIPICIDADE DA CONDUTA<\/strong>. AUS\u00caNCIA DE DOCUMENTA\u00c7\u00c3O COMPROBAT\u00d3RIA. NECESSIDADE DE PROVA PR\u00c9-CONSTITU\u00cdDA.<strong> EQUIPARA\u00c7\u00c3O \u00c0 ENERGIA EL\u00c9TRICA. POSSIBILIDADE. <\/strong>RECURSO IMPROVIDO.<\/p><p>(&#8230;)<\/p><p>3. Assim n\u00e3o fosse, tomando-se por base apenas os fatos relatados na inicial do mandamus impetrado na origem e no aresto objurgado,&nbsp;<strong>n\u00e3o se constata qualquer ilegalidade pass\u00edvel de ser remediada por este Sodal\u00edcio, pois o sinal de TV a cabo pode ser equiparado \u00e0 energia el\u00e9trica para fins de incid\u00eancia do artigo&nbsp;<a href=\"http:\/\/www.jusbrasil.com.br\/topicos\/10619836\/artigo-155-do-decreto-lei-n-2848-de-07-de-dezembro-de-1940\">155<\/a>,&nbsp;<a href=\"http:\/\/www.jusbrasil.com.br\/topicos\/10619746\/par%C3%A1grafo-3-artigo-155-do-decreto-lei-n-2848-de-07-de-dezembro-de-1940\">\u00a7 3\u00ba<\/a>, do&nbsp;<a href=\"http:\/\/www.jusbrasil.com.br\/legislacao\/1033702\/c%C3%B3digo-penal-decreto-lei-2848-40\">C\u00f3digo Penal<\/a><\/strong>. Doutrina. Precedentes. 4. Recurso improvido. (<strong>RHC 30847\/RJ, Rel. Ministro JORGE MUSSI, QUINTA TURMA, julgado em 20\/08\/2013, DJe 04\/09\/2013<\/strong>).<\/p><\/blockquote>\n\n\n\n<p>Entretanto, modernamente, o Superior Tribunal de Justi\u00e7a alinhou-se ao entendimento do STF.<\/p>\n\n\n\n<h2 class=\"wp-block-heading\" id=\"h-moderno-entendimento-do-stj-captacao-clandestina-de-sinal-de-tv-a-cabo\">MODERNO ENTENDIMENTO DO STJ &#8211; <em>CAPTA\u00c7\u00c3O CLANDESTINA DE SINAL DE TV<\/em> A CABO<\/h2>\n\n\n\n<p>No fim do ano de 2020, a Terceira Se\u00e7\u00e3o do&nbsp;<a href=\"https:\/\/www.stj.jus.br\/\">Superior Tribunal de Justi\u00e7a<\/a>&nbsp;(STJ), no CC 173.968\/SP, alterou o seu cl\u00e1ssico entendimento.<\/p>\n\n\n\n<p>Assim, com base na veda\u00e7\u00e3o \u00e0 analogia in malam partem, decidiu pela impossibilidade de equipara\u00e7\u00e3o da capta\u00e7\u00e3o clandestina sinal de TV ao furto de energia el\u00e9trica.<\/p>\n\n\n\n<p><strong>Configura o paradigm\u00e1tico julgado:<\/strong><\/p>\n\n\n\n<blockquote class=\"wp-block-quote is-layout-flow wp-block-quote-is-layout-flow\"><p>(&#8230;)1. A Sexta Turma desta Corte Superior, no julgamento do Recurso Especial n. 1.838.056\/RJ, de minha Relatoria, em sintonia com precedente do Supremo Tribunal Federal, entendeu que&nbsp;<strong>a capta\u00e7\u00e3o clandestina de sinal de TV por assinatura n\u00e3o pode ser equiparada ao furto de energia el\u00e9trica, tipificado no art. 155, \u00a7 3.\u00ba, do C\u00f3digo Penal, pela veda\u00e7\u00e3o \u00e0 analogia in malam partem.&nbsp;<\/strong>4. Havendo, em tese, a pr\u00e1tica de crime contra as telecomunica\u00e7\u00f5es, tipificado na Lei n. 9.472\/1997, est\u00e1 configurada a compet\u00eancia da Justi\u00e7a Federal, por haver les\u00e3o a servi\u00e7o da Uni\u00e3o, nos termos do art. 21, inciso XII, al\u00ednea a, c.c. o art. 109, inciso IV, da Constitui\u00e7\u00e3o da Rep\u00fablica. 5. Conflito conhecido para declarar competente o Ju\u00edzo Federal da 7.\u00aa Vara Criminal de S\u00e3o Paulo \u2013 SJ\/SP, o Suscitante. (CC 173.968\/SP, Rel. Ministra LAURITA VAZ, TERCEIRA SE\u00c7\u00c3O, julgado em 09\/12\/2020, DJe 18\/12\/2020)<\/p><\/blockquote>\n\n\n\n<h2 class=\"wp-block-heading\" id=\"h-finalizando-captacao-clandestina-de-sinal-de-tv-a-cabo\"><em>FINALIZANDO<\/em> &#8211; <em>CAPTA\u00c7\u00c3O CLANDESTINA DE SINAL DE TV<\/em> A CABO<\/h2>\n\n\n\n<p><\/p><p><\/p><p><span style=\"font-size: revert; color: initial;\">Chegamos ao fim do nosso artigo sobre a capta\u00e7\u00e3o clandestina de sinal de TV.<\/span>   <\/p><p>Caso queira ter a mais completa prepara\u00e7\u00e3o para o seu concurso p\u00fablico, invista nos <a href=\"https:\/\/www.estrategiaconcursos.com.br\/cursos\/concurso\/\"><u>cursos completos <\/u><\/a>do <strong>Estrat\u00e9gia Concursos<\/strong>. L\u00e1 voc\u00ea encontrar\u00e1 tudo o que precisa para atingir o cargo dos seus sonhos.<\/p><span style=\"font-size: revert; color: initial;\">Al\u00e9m disso, \u00e9 essencial acompanhar a evolu\u00e7\u00e3o dos seus estudos por meio do <\/span><a style=\"font-size: revert;\" href=\"https:\/\/questoes.estrategiaconcursos.com.br\/\">Sistema de Quest\u00f5es do Estrat\u00e9gia<\/a><span style=\"font-size: revert; color: initial;\">, n\u00e3o deixe para marcar o \u201cx\u201d somente no dia da prova.<\/span>   <p>Grande abra\u00e7o a todos.<\/p> <span style=\"font-size: revert; color: initial;\">Victor Baio<\/span>\n\n\n\n<div class=\"container\" id=\"boxes\">\n  <div class=\"row\">\n    <div class=\"col-sm\">\n      <div class=\"estrategia\" id=\"box-assinatura\">\n        <h3 class=\"titulo-assinatura\">Assinatura de Concursos<\/h3>\n        <p class=\"subtitulo-assinatura\">Assinatura de 1 ano ou 2 anos<\/p>\n        <div class=\"box-botao\">\n          <a class=\"btn-assinatura\" target=\"_blank\" href=\"https:\/\/www.estrategiaconcursos.com.br\/assinaturas\/\" role=\"button\" rel=\"noopener noreferrer\">ASSINE AGORA<\/a>\n        <\/div>\n      <\/div>\n      <p class=\"texto-auxiliar\"><\/p>\n    <\/div>\n    <div class=\"col-sm\">\n      <div class=\"questoes\" id=\"box-assinatura\">\n        <h3 class=\"titulo-assinatura\">Sistema de Quest\u00f5es<\/h3>\n        <p class=\"subtitulo-assinatura\">Assinatura de 1 ano ou 2 anos\n<\/p>\n        <div class=\"box-botao\">\n          <a class=\"btn-assinatura\" target=\"_blank\" href=\"https:\/\/www.estrategiaconcursos.com.br\/cursosPorConcurso\/sistema-de-questoes\/#\/\" role=\"button\" rel=\"noopener noreferrer\">ASSINE AGORA<\/a>\n        <\/div>\n      <\/div>\n      <p class=\"texto-auxiliar\"><\/p>\n    <\/div>\n  <\/div>\n<\/div>\n","protected":false},"excerpt":{"rendered":"<p>A capta\u00e7\u00e3o clandestina de sinal de TV a cabo \u00e9 bastante corriqueira atualmente, ensejando debates doutrin\u00e1rios acerca de sua tipifica\u00e7\u00e3o penal. A controv\u00e9rsia tamb\u00e9m atingia os Tribunais Superiores, visto que at\u00e9 o final do ano de 2020 n\u00e3o havia consenso entre o entendimento do Supremo Tribunal Federal e o posicionamento do Superior Tribunal de Justi\u00e7a.&nbsp; [&hellip;]<\/p>\n","protected":false},"author":2343,"featured_media":912869,"comment_status":"open","ping_status":"closed","sticky":false,"template":"","format":"standard","meta":{"post_tipo":"article","footnotes":""},"categories":[1,2185,220016,220193,220194,220195,220196,220197,220188,1988,220189,220190,220186,220187],"tags":[221147,221148],"tax_estado":[219964,219965,219966,219967,219968,219969,219963,219970,219971,219972,219973,219974,219975,219976,219977,219978,219979,219980,219981,219982,219983,219984,219985,219986,219987,219988,219989,219990],"class_list":["post-1091976","post","type-post","status-publish","format-standard","has-post-thumbnail","hentry","category-cursos-e-concursos","category-carreiras-juridicas","category-cartorios","category-defensoria-publica","category-delegado","category-magistratura","category-procuradorias","category-promotor-de-justica","category-policial-agente-penitenciario","category-policia","category-policial-guarda-civis","category-policial-peritos","category-policial-oficial","category-policial-pracas","tag-captacao-clandestina-sinal-de-tv","tag-captacao-sinal-de-tv-configura-crime","tax_estado-ac","tax_estado-al","tax_estado-am","tax_estado-ap","tax_estado-ba","tax_estado-ce","tax_estado-concursos-federais","tax_estado-df","tax_estado-es","tax_estado-go","tax_estado-ma","tax_estado-mg","tax_estado-ms","tax_estado-mt","tax_estado-pa","tax_estado-pb","tax_estado-pe","tax_estado-pi","tax_estado-pr","tax_estado-rj","tax_estado-rn","tax_estado-ro","tax_estado-rr","tax_estado-rs","tax_estado-sc","tax_estado-se","tax_estado-sp","tax_estado-to"],"acf":[],"yoast_head":"<!-- This site is optimized with the Yoast SEO Premium plugin v27.2 (Yoast SEO v27.2) - https:\/\/yoast.com\/product\/yoast-seo-premium-wordpress\/ -->\n<title>A capta\u00e7\u00e3o clandestina de sinal de TV a cabo \u00e9 crime?<\/title>\n<meta name=\"description\" content=\"Capta\u00e7\u00e3o clandestina de sinal de TV a cabo. Confira tudo o que voc\u00ea precisa saber para a sua aprova\u00e7\u00e3o nos concursos p\u00fablicos\" \/>\n<meta name=\"robots\" content=\"index, follow, max-snippet:-1, max-image-preview:large, max-video-preview:-1\" \/>\n<link rel=\"canonical\" href=\"https:\/\/www.estrategiaconcursos.com.br\/blog\/captacao-clandestina-tv-crime\/\" \/>\n<meta property=\"og:locale\" content=\"pt_BR\" \/>\n<meta property=\"og:type\" content=\"article\" \/>\n<meta property=\"og:title\" content=\"A capta\u00e7\u00e3o clandestina de sinal de TV a cabo \u00e9 crime?\" \/>\n<meta property=\"og:description\" content=\"Capta\u00e7\u00e3o clandestina de sinal de TV a cabo. Confira tudo o que voc\u00ea precisa saber para a sua aprova\u00e7\u00e3o nos concursos p\u00fablicos\" \/>\n<meta property=\"og:url\" content=\"https:\/\/www.estrategiaconcursos.com.br\/blog\/captacao-clandestina-tv-crime\/\" \/>\n<meta property=\"og:site_name\" content=\"Estrat\u00e9gia Concursos\" \/>\n<meta property=\"article:published_time\" content=\"2022-09-12T10:00:00+00:00\" \/>\n<meta property=\"article:modified_time\" content=\"2022-09-12T15:32:52+00:00\" \/>\n<meta property=\"og:image\" content=\"https:\/\/dhg1h5j42swfq.cloudfront.net\/2021\/11\/20111518\/console-de-tv-na-mao-da-mulher_144627-2356.jpg\" \/>\n\t<meta property=\"og:image:width\" content=\"626\" \/>\n\t<meta property=\"og:image:height\" content=\"417\" \/>\n\t<meta property=\"og:image:type\" content=\"image\/jpeg\" \/>\n<meta name=\"author\" content=\"Victor Baio do Carmo\" \/>\n<meta name=\"twitter:card\" content=\"summary_large_image\" \/>\n<meta name=\"twitter:creator\" content=\"@EstratConcursos\" \/>\n<meta name=\"twitter:site\" content=\"@EstratConcursos\" \/>\n<meta name=\"twitter:label1\" content=\"Escrito por\" \/>\n\t<meta name=\"twitter:data1\" content=\"Victor Baio do Carmo\" \/>\n\t<meta name=\"twitter:label2\" content=\"Est. tempo de leitura\" \/>\n\t<meta name=\"twitter:data2\" content=\"5 minutos\" \/>\n<script type=\"application\/ld+json\" class=\"yoast-schema-graph\">{\"@context\":\"https:\/\/schema.org\",\"@graph\":[{\"@type\":\"NewsArticle\",\"@id\":\"https:\/\/www.estrategiaconcursos.com.br\/blog\/captacao-clandestina-tv-crime\/#article\",\"isPartOf\":{\"@id\":\"https:\/\/www.estrategiaconcursos.com.br\/blog\/captacao-clandestina-tv-crime\/\"},\"author\":{\"name\":\"Victor Baio do Carmo\",\"@id\":\"https:\/\/www.estrategiaconcursos.com.br\/blog\/#\/schema\/person\/52a5e7b42bb3c34ccdf208f25a312eec\"},\"headline\":\"A capta\u00e7\u00e3o clandestina de sinal de TV a cabo \u00e9 crime?\",\"datePublished\":\"2022-09-12T10:00:00+00:00\",\"dateModified\":\"2022-09-12T15:32:52+00:00\",\"mainEntityOfPage\":{\"@id\":\"https:\/\/www.estrategiaconcursos.com.br\/blog\/captacao-clandestina-tv-crime\/\"},\"wordCount\":1048,\"commentCount\":0,\"publisher\":{\"@id\":\"https:\/\/www.estrategiaconcursos.com.br\/blog\/#organization\"},\"image\":{\"@id\":\"https:\/\/www.estrategiaconcursos.com.br\/blog\/captacao-clandestina-tv-crime\/#primaryimage\"},\"thumbnailUrl\":\"https:\/\/dhg1h5j42swfq.cloudfront.net\/2021\/11\/20111518\/console-de-tv-na-mao-da-mulher_144627-2356.jpg\",\"keywords\":[\"capta\u00e7\u00e3o clandestina sinal de tv\",\"capta\u00e7\u00e3o sinal de tv configura crime\"],\"articleSection\":[\"Concursos P\u00fablicos\",\"Jur\u00eddico\",\"Jur\u00eddico - Cart\u00f3rios\",\"Jur\u00eddico - Defensoria P\u00fablica\",\"Jur\u00eddico - Delegado\",\"Jur\u00eddico - Magistratura\",\"Jur\u00eddico - Procuradorias\",\"Jur\u00eddico - Promotor de Justi\u00e7a\",\"Policial (Agente Penitenci\u00e1rio)\",\"Policial (Agente, Escriv\u00e3o e Investigador)\",\"Policial (Guardas Civis)\",\"Policial (Peritos, Papiloscopistas)\",\"Policial (PM\/BM - Oficial)\",\"Policial (PM\/BM - Pra\u00e7as)\"],\"inLanguage\":\"pt-BR\",\"potentialAction\":[{\"@type\":\"CommentAction\",\"name\":\"Comment\",\"target\":[\"https:\/\/www.estrategiaconcursos.com.br\/blog\/captacao-clandestina-tv-crime\/#respond\"]}],\"copyrightYear\":\"2022\",\"copyrightHolder\":{\"@id\":\"https:\/\/www.estrategiaconcursos.com.br\/blog\/#organization\"}},{\"@type\":\"WebPage\",\"@id\":\"https:\/\/www.estrategiaconcursos.com.br\/blog\/captacao-clandestina-tv-crime\/\",\"url\":\"https:\/\/www.estrategiaconcursos.com.br\/blog\/captacao-clandestina-tv-crime\/\",\"name\":\"A capta\u00e7\u00e3o clandestina de sinal de TV a cabo \u00e9 crime?\",\"isPartOf\":{\"@id\":\"https:\/\/www.estrategiaconcursos.com.br\/blog\/#website\"},\"primaryImageOfPage\":{\"@id\":\"https:\/\/www.estrategiaconcursos.com.br\/blog\/captacao-clandestina-tv-crime\/#primaryimage\"},\"image\":{\"@id\":\"https:\/\/www.estrategiaconcursos.com.br\/blog\/captacao-clandestina-tv-crime\/#primaryimage\"},\"thumbnailUrl\":\"https:\/\/dhg1h5j42swfq.cloudfront.net\/2021\/11\/20111518\/console-de-tv-na-mao-da-mulher_144627-2356.jpg\",\"datePublished\":\"2022-09-12T10:00:00+00:00\",\"dateModified\":\"2022-09-12T15:32:52+00:00\",\"description\":\"Capta\u00e7\u00e3o clandestina de sinal de TV a cabo. Confira tudo o que voc\u00ea precisa saber para a sua aprova\u00e7\u00e3o nos concursos p\u00fablicos\",\"breadcrumb\":{\"@id\":\"https:\/\/www.estrategiaconcursos.com.br\/blog\/captacao-clandestina-tv-crime\/#breadcrumb\"},\"inLanguage\":\"pt-BR\",\"potentialAction\":[{\"@type\":\"ReadAction\",\"target\":[\"https:\/\/www.estrategiaconcursos.com.br\/blog\/captacao-clandestina-tv-crime\/\"]}]},{\"@type\":\"ImageObject\",\"inLanguage\":\"pt-BR\",\"@id\":\"https:\/\/www.estrategiaconcursos.com.br\/blog\/captacao-clandestina-tv-crime\/#primaryimage\",\"url\":\"https:\/\/dhg1h5j42swfq.cloudfront.net\/2021\/11\/20111518\/console-de-tv-na-mao-da-mulher_144627-2356.jpg\",\"contentUrl\":\"https:\/\/dhg1h5j42swfq.cloudfront.net\/2021\/11\/20111518\/console-de-tv-na-mao-da-mulher_144627-2356.jpg\",\"width\":626,\"height\":417,\"caption\":\"capta\u00e7\u00e3o clandestina de sinal de tv configura crime?\"},{\"@type\":\"BreadcrumbList\",\"@id\":\"https:\/\/www.estrategiaconcursos.com.br\/blog\/captacao-clandestina-tv-crime\/#breadcrumb\",\"itemListElement\":[{\"@type\":\"ListItem\",\"position\":1,\"name\":\"In\u00edcio\",\"item\":\"https:\/\/www.estrategiaconcursos.com.br\/blog\/\"},{\"@type\":\"ListItem\",\"position\":2,\"name\":\"A capta\u00e7\u00e3o clandestina de sinal de TV a cabo \u00e9 crime?\"}]},{\"@type\":\"WebSite\",\"@id\":\"https:\/\/www.estrategiaconcursos.com.br\/blog\/#website\",\"url\":\"https:\/\/www.estrategiaconcursos.com.br\/blog\/\",\"name\":\"Estrat\u00e9gia Concursos\",\"description\":\"O blog da Estrat\u00e9gia Concursos traz not\u00edcias sobre concursos e artigos de professores oferecendo cursos para concursos (pdf + videaulas) no site.\",\"publisher\":{\"@id\":\"https:\/\/www.estrategiaconcursos.com.br\/blog\/#organization\"},\"potentialAction\":[{\"@type\":\"SearchAction\",\"target\":{\"@type\":\"EntryPoint\",\"urlTemplate\":\"https:\/\/www.estrategiaconcursos.com.br\/blog\/?s={search_term_string}\"},\"query-input\":{\"@type\":\"PropertyValueSpecification\",\"valueRequired\":true,\"valueName\":\"search_term_string\"}}],\"inLanguage\":\"pt-BR\"},{\"@type\":\"Organization\",\"@id\":\"https:\/\/www.estrategiaconcursos.com.br\/blog\/#organization\",\"name\":\"Estrat\u00e9gia Concursos\",\"url\":\"https:\/\/www.estrategiaconcursos.com.br\/blog\/\",\"logo\":{\"@type\":\"ImageObject\",\"inLanguage\":\"pt-BR\",\"@id\":\"https:\/\/www.estrategiaconcursos.com.br\/blog\/#\/schema\/logo\/image\/\",\"url\":\"https:\/\/dhg1h5j42swfq.cloudfront.net\/2025\/06\/03203428\/logo_concursos-1.jpg\",\"contentUrl\":\"https:\/\/dhg1h5j42swfq.cloudfront.net\/2025\/06\/03203428\/logo_concursos-1.jpg\",\"width\":230,\"height\":60,\"caption\":\"Estrat\u00e9gia Concursos\"},\"image\":{\"@id\":\"https:\/\/www.estrategiaconcursos.com.br\/blog\/#\/schema\/logo\/image\/\"},\"sameAs\":[\"https:\/\/x.com\/EstratConcursos\"]},{\"@type\":\"Person\",\"@id\":\"https:\/\/www.estrategiaconcursos.com.br\/blog\/#\/schema\/person\/52a5e7b42bb3c34ccdf208f25a312eec\",\"name\":\"Victor Baio do Carmo\",\"image\":{\"@type\":\"ImageObject\",\"inLanguage\":\"pt-BR\",\"@id\":\"https:\/\/secure.gravatar.com\/avatar\/148fc18f2878ea373246778f423b66b836c3535ba972328844adc004c2a998d5?s=96&d=mm&r=g\",\"url\":\"https:\/\/secure.gravatar.com\/avatar\/148fc18f2878ea373246778f423b66b836c3535ba972328844adc004c2a998d5?s=96&d=mm&r=g\",\"contentUrl\":\"https:\/\/secure.gravatar.com\/avatar\/148fc18f2878ea373246778f423b66b836c3535ba972328844adc004c2a998d5?s=96&d=mm&r=g\",\"caption\":\"Victor Baio do Carmo\"},\"url\":\"https:\/\/www.estrategiaconcursos.com.br\/blog\/author\/victorbaio93gmail-com\/\"}]}<\/script>\n<!-- \/ Yoast SEO Premium plugin. -->","yoast_head_json":{"title":"A capta\u00e7\u00e3o clandestina de sinal de TV a cabo \u00e9 crime?","description":"Capta\u00e7\u00e3o clandestina de sinal de TV a cabo. Confira tudo o que voc\u00ea precisa saber para a sua aprova\u00e7\u00e3o nos concursos p\u00fablicos","robots":{"index":"index","follow":"follow","max-snippet":"max-snippet:-1","max-image-preview":"max-image-preview:large","max-video-preview":"max-video-preview:-1"},"canonical":"https:\/\/www.estrategiaconcursos.com.br\/blog\/captacao-clandestina-tv-crime\/","og_locale":"pt_BR","og_type":"article","og_title":"A capta\u00e7\u00e3o clandestina de sinal de TV a cabo \u00e9 crime?","og_description":"Capta\u00e7\u00e3o clandestina de sinal de TV a cabo. Confira tudo o que voc\u00ea precisa saber para a sua aprova\u00e7\u00e3o nos concursos p\u00fablicos","og_url":"https:\/\/www.estrategiaconcursos.com.br\/blog\/captacao-clandestina-tv-crime\/","og_site_name":"Estrat\u00e9gia Concursos","article_published_time":"2022-09-12T10:00:00+00:00","article_modified_time":"2022-09-12T15:32:52+00:00","og_image":[{"width":626,"height":417,"url":"https:\/\/dhg1h5j42swfq.cloudfront.net\/2021\/11\/20111518\/console-de-tv-na-mao-da-mulher_144627-2356.jpg","type":"image\/jpeg"}],"author":"Victor Baio do Carmo","twitter_card":"summary_large_image","twitter_creator":"@EstratConcursos","twitter_site":"@EstratConcursos","twitter_misc":{"Escrito por":"Victor Baio do Carmo","Est. tempo de leitura":"5 minutos"},"schema":{"@context":"https:\/\/schema.org","@graph":[{"@type":"NewsArticle","@id":"https:\/\/www.estrategiaconcursos.com.br\/blog\/captacao-clandestina-tv-crime\/#article","isPartOf":{"@id":"https:\/\/www.estrategiaconcursos.com.br\/blog\/captacao-clandestina-tv-crime\/"},"author":{"name":"Victor Baio do Carmo","@id":"https:\/\/www.estrategiaconcursos.com.br\/blog\/#\/schema\/person\/52a5e7b42bb3c34ccdf208f25a312eec"},"headline":"A capta\u00e7\u00e3o clandestina de sinal de TV a cabo \u00e9 crime?","datePublished":"2022-09-12T10:00:00+00:00","dateModified":"2022-09-12T15:32:52+00:00","mainEntityOfPage":{"@id":"https:\/\/www.estrategiaconcursos.com.br\/blog\/captacao-clandestina-tv-crime\/"},"wordCount":1048,"commentCount":0,"publisher":{"@id":"https:\/\/www.estrategiaconcursos.com.br\/blog\/#organization"},"image":{"@id":"https:\/\/www.estrategiaconcursos.com.br\/blog\/captacao-clandestina-tv-crime\/#primaryimage"},"thumbnailUrl":"https:\/\/dhg1h5j42swfq.cloudfront.net\/2021\/11\/20111518\/console-de-tv-na-mao-da-mulher_144627-2356.jpg","keywords":["capta\u00e7\u00e3o clandestina sinal de tv","capta\u00e7\u00e3o sinal de tv configura crime"],"articleSection":["Concursos P\u00fablicos","Jur\u00eddico","Jur\u00eddico - Cart\u00f3rios","Jur\u00eddico - Defensoria P\u00fablica","Jur\u00eddico - Delegado","Jur\u00eddico - Magistratura","Jur\u00eddico - Procuradorias","Jur\u00eddico - Promotor de Justi\u00e7a","Policial (Agente Penitenci\u00e1rio)","Policial (Agente, Escriv\u00e3o e Investigador)","Policial (Guardas Civis)","Policial (Peritos, Papiloscopistas)","Policial (PM\/BM - Oficial)","Policial (PM\/BM - Pra\u00e7as)"],"inLanguage":"pt-BR","potentialAction":[{"@type":"CommentAction","name":"Comment","target":["https:\/\/www.estrategiaconcursos.com.br\/blog\/captacao-clandestina-tv-crime\/#respond"]}],"copyrightYear":"2022","copyrightHolder":{"@id":"https:\/\/www.estrategiaconcursos.com.br\/blog\/#organization"}},{"@type":"WebPage","@id":"https:\/\/www.estrategiaconcursos.com.br\/blog\/captacao-clandestina-tv-crime\/","url":"https:\/\/www.estrategiaconcursos.com.br\/blog\/captacao-clandestina-tv-crime\/","name":"A capta\u00e7\u00e3o clandestina de sinal de TV a cabo \u00e9 crime?","isPartOf":{"@id":"https:\/\/www.estrategiaconcursos.com.br\/blog\/#website"},"primaryImageOfPage":{"@id":"https:\/\/www.estrategiaconcursos.com.br\/blog\/captacao-clandestina-tv-crime\/#primaryimage"},"image":{"@id":"https:\/\/www.estrategiaconcursos.com.br\/blog\/captacao-clandestina-tv-crime\/#primaryimage"},"thumbnailUrl":"https:\/\/dhg1h5j42swfq.cloudfront.net\/2021\/11\/20111518\/console-de-tv-na-mao-da-mulher_144627-2356.jpg","datePublished":"2022-09-12T10:00:00+00:00","dateModified":"2022-09-12T15:32:52+00:00","description":"Capta\u00e7\u00e3o clandestina de sinal de TV a cabo. Confira tudo o que voc\u00ea precisa saber para a sua aprova\u00e7\u00e3o nos concursos p\u00fablicos","breadcrumb":{"@id":"https:\/\/www.estrategiaconcursos.com.br\/blog\/captacao-clandestina-tv-crime\/#breadcrumb"},"inLanguage":"pt-BR","potentialAction":[{"@type":"ReadAction","target":["https:\/\/www.estrategiaconcursos.com.br\/blog\/captacao-clandestina-tv-crime\/"]}]},{"@type":"ImageObject","inLanguage":"pt-BR","@id":"https:\/\/www.estrategiaconcursos.com.br\/blog\/captacao-clandestina-tv-crime\/#primaryimage","url":"https:\/\/dhg1h5j42swfq.cloudfront.net\/2021\/11\/20111518\/console-de-tv-na-mao-da-mulher_144627-2356.jpg","contentUrl":"https:\/\/dhg1h5j42swfq.cloudfront.net\/2021\/11\/20111518\/console-de-tv-na-mao-da-mulher_144627-2356.jpg","width":626,"height":417,"caption":"capta\u00e7\u00e3o clandestina de sinal de tv configura crime?"},{"@type":"BreadcrumbList","@id":"https:\/\/www.estrategiaconcursos.com.br\/blog\/captacao-clandestina-tv-crime\/#breadcrumb","itemListElement":[{"@type":"ListItem","position":1,"name":"In\u00edcio","item":"https:\/\/www.estrategiaconcursos.com.br\/blog\/"},{"@type":"ListItem","position":2,"name":"A capta\u00e7\u00e3o clandestina de sinal de TV a cabo \u00e9 crime?"}]},{"@type":"WebSite","@id":"https:\/\/www.estrategiaconcursos.com.br\/blog\/#website","url":"https:\/\/www.estrategiaconcursos.com.br\/blog\/","name":"Estrat\u00e9gia Concursos","description":"O blog da Estrat\u00e9gia Concursos traz not\u00edcias sobre concursos e artigos de professores oferecendo cursos para concursos (pdf + videaulas) no site.","publisher":{"@id":"https:\/\/www.estrategiaconcursos.com.br\/blog\/#organization"},"potentialAction":[{"@type":"SearchAction","target":{"@type":"EntryPoint","urlTemplate":"https:\/\/www.estrategiaconcursos.com.br\/blog\/?s={search_term_string}"},"query-input":{"@type":"PropertyValueSpecification","valueRequired":true,"valueName":"search_term_string"}}],"inLanguage":"pt-BR"},{"@type":"Organization","@id":"https:\/\/www.estrategiaconcursos.com.br\/blog\/#organization","name":"Estrat\u00e9gia Concursos","url":"https:\/\/www.estrategiaconcursos.com.br\/blog\/","logo":{"@type":"ImageObject","inLanguage":"pt-BR","@id":"https:\/\/www.estrategiaconcursos.com.br\/blog\/#\/schema\/logo\/image\/","url":"https:\/\/dhg1h5j42swfq.cloudfront.net\/2025\/06\/03203428\/logo_concursos-1.jpg","contentUrl":"https:\/\/dhg1h5j42swfq.cloudfront.net\/2025\/06\/03203428\/logo_concursos-1.jpg","width":230,"height":60,"caption":"Estrat\u00e9gia Concursos"},"image":{"@id":"https:\/\/www.estrategiaconcursos.com.br\/blog\/#\/schema\/logo\/image\/"},"sameAs":["https:\/\/x.com\/EstratConcursos"]},{"@type":"Person","@id":"https:\/\/www.estrategiaconcursos.com.br\/blog\/#\/schema\/person\/52a5e7b42bb3c34ccdf208f25a312eec","name":"Victor Baio do Carmo","image":{"@type":"ImageObject","inLanguage":"pt-BR","@id":"https:\/\/secure.gravatar.com\/avatar\/148fc18f2878ea373246778f423b66b836c3535ba972328844adc004c2a998d5?s=96&d=mm&r=g","url":"https:\/\/secure.gravatar.com\/avatar\/148fc18f2878ea373246778f423b66b836c3535ba972328844adc004c2a998d5?s=96&d=mm&r=g","contentUrl":"https:\/\/secure.gravatar.com\/avatar\/148fc18f2878ea373246778f423b66b836c3535ba972328844adc004c2a998d5?s=96&d=mm&r=g","caption":"Victor Baio do Carmo"},"url":"https:\/\/www.estrategiaconcursos.com.br\/blog\/author\/victorbaio93gmail-com\/"}]}},"_links":{"self":[{"href":"https:\/\/www.estrategiaconcursos.com.br\/blog\/wp-json\/wp\/v2\/posts\/1091976","targetHints":{"allow":["GET"]}}],"collection":[{"href":"https:\/\/www.estrategiaconcursos.com.br\/blog\/wp-json\/wp\/v2\/posts"}],"about":[{"href":"https:\/\/www.estrategiaconcursos.com.br\/blog\/wp-json\/wp\/v2\/types\/post"}],"author":[{"embeddable":true,"href":"https:\/\/www.estrategiaconcursos.com.br\/blog\/wp-json\/wp\/v2\/users\/2343"}],"replies":[{"embeddable":true,"href":"https:\/\/www.estrategiaconcursos.com.br\/blog\/wp-json\/wp\/v2\/comments?post=1091976"}],"version-history":[{"count":10,"href":"https:\/\/www.estrategiaconcursos.com.br\/blog\/wp-json\/wp\/v2\/posts\/1091976\/revisions"}],"predecessor-version":[{"id":1093009,"href":"https:\/\/www.estrategiaconcursos.com.br\/blog\/wp-json\/wp\/v2\/posts\/1091976\/revisions\/1093009"}],"wp:featuredmedia":[{"embeddable":true,"href":"https:\/\/www.estrategiaconcursos.com.br\/blog\/wp-json\/wp\/v2\/media\/912869"}],"wp:attachment":[{"href":"https:\/\/www.estrategiaconcursos.com.br\/blog\/wp-json\/wp\/v2\/media?parent=1091976"}],"wp:term":[{"taxonomy":"category","embeddable":true,"href":"https:\/\/www.estrategiaconcursos.com.br\/blog\/wp-json\/wp\/v2\/categories?post=1091976"},{"taxonomy":"post_tag","embeddable":true,"href":"https:\/\/www.estrategiaconcursos.com.br\/blog\/wp-json\/wp\/v2\/tags?post=1091976"},{"taxonomy":"tax_estado","embeddable":true,"href":"https:\/\/www.estrategiaconcursos.com.br\/blog\/wp-json\/wp\/v2\/tax_estado?post=1091976"}],"curies":[{"name":"wp","href":"https:\/\/api.w.org\/{rel}","templated":true}]}}