{"id":1090988,"date":"2022-10-14T08:32:00","date_gmt":"2022-10-14T11:32:00","guid":{"rendered":"https:\/\/www.estrategiaconcursos.com.br\/blog\/?p=1090988"},"modified":"2022-10-03T15:33:55","modified_gmt":"2022-10-03T18:33:55","slug":"o-que-e-lei-organica","status":"publish","type":"post","link":"https:\/\/www.estrategiaconcursos.com.br\/blog\/o-que-e-lei-organica\/","title":{"rendered":"O que \u00e9 Lei Org\u00e2nica"},"content":{"rendered":"\n<h2 class=\"wp-block-heading\" id=\"h-introducao\"><strong>Introdu\u00e7\u00e3o<\/strong><\/h2>\n\n\n\n<p>O objetivo deste artigo \u00e9 o conceito de uma lei org\u00e2nica, sua origem e qual a sua utilidade na organiza\u00e7\u00e3o pol\u00edtico-administrativa. Para que se tenha a melhor defini\u00e7\u00e3o de lei org\u00e2nica, \u00e9 preciso recorrer ao direito constitucional, que trata das normas que regem de maneira geral os assuntos de um estado organizado, um pa\u00eds.<\/p>\n\n\n\n<p>No direito internacional, os elementos que definem um <strong>estado<\/strong> s\u00e3o os seguintes: <strong>povo, territ\u00f3rio, finalidade e soberania. <\/strong>Conforme Dalmo de Abreu Dallari, doutrinador de direito constitucional, o estado \u00e9 \u201c<em>uma <strong>ordem jur\u00eddica soberana<\/strong> que tem por fim o <strong>bem comum<\/strong> de um <strong>povo<\/strong> situado em determinado <strong>territ\u00f3rio<\/strong>\u201d.<\/em> Desta forma, pode-se depreender que o estado \u00e9 composto por um <strong>povo<\/strong>, uma <strong>comunidade<\/strong> que possui <strong>caracter\u00edsticas comuns<\/strong>, como a <strong>l\u00edngua, hist\u00f3ria, cultura<\/strong>, que possui suas pr\u00f3prias <strong>leis <\/strong>(sua ordem jur\u00eddica) <strong>soberana<\/strong> (pois nada \u00e9 superior a suas pr\u00f3prias leis), cuja <strong>finalidade <\/strong>principal \u00e9 o <strong>bem comum <\/strong>(a prosperidade, a perman\u00eancia dessa civiliza\u00e7\u00e3o) desse mesmo <strong>povo<\/strong> em seu <strong>territ\u00f3rio<\/strong> (suas terras, seus dom\u00ednios).<\/p>\n\n\n\n<p>O conceito de estado remonta aos prim\u00f3rdios da civiliza\u00e7\u00e3o. O estado \u00e9 a <strong>organiza\u00e7\u00e3o pol\u00edtica<\/strong> que vai possibilitar a <strong>sobreviv\u00eancia<\/strong> e <strong>longevidade<\/strong> de uma determinada <strong>comunidade<\/strong> em <strong>ordem<\/strong>, de maneira em que todos os integrantes possam conviver com harmonia. Harmonia nesse caso n\u00e3o significa necessariamente sem conflitos, mas sem possibilitar que estes mesmos conflitos desintegrem essa ordem pol\u00edtica na comunidade.<\/p>\n\n\n\n<p>Observando as primeiras formas de estado na hist\u00f3ria, existem as <strong>cidades-estado<\/strong>, como Atenas, Esparta, na Gr\u00e9cia antiga. Estas organiza\u00e7\u00f5es foram as primeiras formas de estado conhecidas, por sua organiza\u00e7\u00e3o, tanto pelos c\u00f3digos legais que estabeleceram a ordem entre seus cidad\u00e3os, como sua <strong>prote\u00e7\u00e3o<\/strong>, atrav\u00e9s de um <strong>ex\u00e9rcito<\/strong>, que os possibilitava se defenderem contra invasores. A organiza\u00e7\u00e3o de como a sociedade deveria se comportar, bem como os direitos e deveres de cada um, vem o conceito de constitui\u00e7\u00e3o, que trata os assuntos do estado, como orienta outros diplomas legais como a constitui\u00e7\u00e3o estadual, bem como a lei org\u00e2nica.<\/p>\n\n\n\n<h2 class=\"wp-block-heading\" id=\"h-a-formacao-do-estado-nacional-e-a-lei-nao-a-organica\"><strong>A forma\u00e7\u00e3o do estado nacional e a lei (n\u00e3o a org\u00e2nica)<\/strong><\/h2>\n\n\n\n<p>Existe uma rela\u00e7\u00e3o com o estado e sua respectiva constitui\u00e7\u00e3o. A constitui\u00e7\u00e3o \u00e9 a sua lei magna, ou <strong>carta magna<\/strong> \u2013 como ficou conhecida a primeira constitui\u00e7\u00e3o que <strong>limitou <\/strong>o poder do rei na monarquia inglesa, em 1.215. Em que pese n\u00e3o ser o primeiro documento que pode ser interpretado como lei geral \u2013 afinal, j\u00e1 tinham existido o <strong>C\u00f3digo de Hamurabi<\/strong>, as t\u00e1buas dos <strong>Dez Mandamentos<\/strong>, outros documentos legais equivalentes \u2013 os primeiros <strong>estados nacionais<\/strong> na Europa surgiram entre os s\u00e9culos X e XI, tendo sido resultado da desintegra\u00e7\u00e3o do <strong>Imp\u00e9rio Romano<\/strong> e de forma\u00e7\u00e3o dos <strong>estados feudais<\/strong> que surgiram depois.<\/p>\n\n\n\n<p>Neste contexto, o surgimento dos estados nacionais vem da agrega\u00e7\u00e3o dos feudos, unidades aut\u00f4nomas regionais que aos poucos foram se juntando para formar unidades pol\u00edticas que geraram verdadeiros estados nacionais, mas em sua vers\u00e3o de <strong>reinos<\/strong>. O poder nesses estados era ent\u00e3o exercido por soberanos, os <strong>reis<\/strong>, que, atrav\u00e9s da <strong>religi\u00e3o cat\u00f3lica<\/strong>, eram considerados enviados por <strong>Deus<\/strong> para exercerem seu poder na Terra.<\/p>\n\n\n\n<p>A monarquia da Inglaterra \u00e9 uma das mais antigas, tendo sido estabelecida desde aproximadamente 927 depois de Cristo, neste regime em que o <strong>poder do rei era absoluto \u2013 <\/strong>decorre desse ponto o conceito de monarquia <strong>absolutista. <\/strong>Leis eram um atributo imposto por reis, sem nenhuma constitui\u00e7\u00e3o ou lei org\u00e2nica que o valesse.<\/p>\n\n\n\n<p>Um de seus reis em seus primeiros 300 anos, o rei <strong>Jo\u00e3o Sem Terra <\/strong>(nome dado em fun\u00e7\u00e3o de suas perdas territoriais em constantes guerras), em fun\u00e7\u00e3o das necessidades de custeio de seus esfor\u00e7os de guerra, aumentou de forma escorchante os impostos reais, gerando uma forte rea\u00e7\u00e3o da parte de sua nobreza, que elaborou a <strong>carta magna<\/strong>, impondo <strong>limites <\/strong>ao poder real. Um desses <strong>limites<\/strong> era o de que <strong>nenhum tributo<\/strong> poderia ser criado <strong>sem que o fosse por lei<\/strong> \u2013 ou seja, por uma delibera\u00e7\u00e3o entre os <strong>nobres<\/strong>, com uma vota\u00e7\u00e3o que, ainda que n\u00e3o completamente, representasse a <strong>vontade popular<\/strong>, mas n\u00e3o mais um <strong>arb\u00edtrio de um rei.<\/strong><\/p>\n\n\n\n<h2 class=\"wp-block-heading\" id=\"h-as-formas-de-estado-a-constituicao-e-a-lei-organica\"><strong>As formas de estado, a constitui\u00e7\u00e3o e a lei org\u00e2nica<\/strong><\/h2>\n\n\n\n<p>Originalmente, os estados foram se formando por uma esp\u00e9cie de fus\u00e3o de reinos circunvizinhos (como no caso da Inglaterra, Portugal, Fran\u00e7a e Alemanha). Estas primeiras fus\u00f5es geraram estados coesos que se manifestaram de forma uma. Isso quer dizer que estes estados tinham sua administra\u00e7\u00e3o <strong>centralizada<\/strong>, de modo que tudo \u00e9 decidido por um governo central.<\/p>\n\n\n\n<p>Ainda que fossem formadas <strong>federa\u00e7\u00f5es<\/strong>, estas abriam m\u00e3o de suas <strong>soberanias<\/strong> em prol de uma <strong>nova autoridade<\/strong>, composta pelo novo estado. Entretanto, nem todos os modelos s\u00e3o assim. A Su\u00ed\u00e7a \u00e9 um pa\u00eds com o modelo de <strong>federa\u00e7\u00e3o<\/strong> na qual v\u00e1rias prov\u00edncias possuem auto-organiza\u00e7\u00e3o e autogoverno. Isso significa que neste pa\u00eds o governo central possui poder, mas que \u00e9 dividido com os estados-membros. Desta maneira, existe uma constitui\u00e7\u00e3o para o pa\u00eds, a <strong>federa\u00e7\u00e3o<\/strong>, ou<strong> federal<\/strong>, mas tamb\u00e9m uma constitui\u00e7\u00e3o dos <strong>estados-membros<\/strong>, ou <strong>estadual.<\/strong><\/p>\n\n\n\n<p>Estados como os Estados Unidos da Am\u00e9rica foram formados inicialmente por uma <strong>confedera\u00e7\u00e3o de estados<\/strong>, na qual os estados, todos soberanos, se juntaram para proclamar a independ\u00eancia de um estado que os administrava. Nesse modelo, os estados inicialmente n\u00e3o abriram m\u00e3o de sua soberania.<\/p>\n\n\n\n<p>Depois, com a transforma\u00e7\u00e3o da confedera\u00e7\u00e3o das 13 col\u00f4nias da Am\u00e9rica nos Estados Unidos da Am\u00e9rica, estes converteram a <strong>confedera\u00e7\u00e3o <\/strong>em uma <strong>federa\u00e7\u00e3o<\/strong>, representada pelo pa\u00eds com este nome. Ainda assim, os estados-membros cederam apenas <strong>parte<\/strong> de sua <strong>soberania<\/strong>, mantendo compet\u00eancias para legislar sobre v\u00e1rios aspectos de suas realidades locais.<\/p>\n\n\n\n<p>Inclusive, neste aspecto, os Estados Unidos tiveram uma forma\u00e7\u00e3o que, embora an\u00e1loga \u00e0 dos estados modernos europeus, foi feita de <strong>dentro pra fora<\/strong>. As federa\u00e7\u00f5es podem ser formadas por <strong>desagrega\u00e7\u00e3o ou agrega\u00e7\u00e3o. <\/strong>A forma\u00e7\u00e3o da federa\u00e7\u00e3o dos Estados Unidos foi feita por <strong>agrega\u00e7\u00e3o<\/strong> \u2013 conforme Alexis de Tocqueville atesta em seu livro \u201cDemocracia na Am\u00e9rica\u201d, tendo sido originada pela comunidade, pela cidade, pelo condado, pelo estado e pelo pa\u00eds. \u00c9 neste exemplo que se v\u00ea uma prefer\u00eancia pol\u00edtica de resolver quest\u00f5es localmente \u2013 exigindo que leis <strong>locais<\/strong> regulem v\u00e1rias quest\u00f5es, no limite exigindo uma <strong>lei org\u00e2nica.<\/strong><\/p>\n\n\n\n<figure class=\"wp-block-image size-large\"><img loading=\"lazy\" decoding=\"async\" width=\"1024\" height=\"768\" src=\"https:\/\/dhg1h5j42swfq.cloudfront.net\/2022\/09\/07202039\/city-2567670-1024x768.jpg\" alt=\"A lei org\u00e2nica \u00e9 necess\u00e1ria para a gest\u00e3o p\u00fablica de uma cidade, para seus interesses locais\" class=\"wp-image-1090992\" srcset=\"https:\/\/dhg1h5j42swfq.cloudfront.net\/2022\/09\/07202039\/city-2567670-1024x768.jpg 1024w, https:\/\/dhg1h5j42swfq.cloudfront.net\/2022\/09\/07202039\/city-2567670-300x225.jpg 300w, https:\/\/dhg1h5j42swfq.cloudfront.net\/2022\/09\/07202039\/city-2567670-768x576.jpg 768w, https:\/\/dhg1h5j42swfq.cloudfront.net\/2022\/09\/07202039\/city-2567670-1536x1152.jpg 1536w, https:\/\/dhg1h5j42swfq.cloudfront.net\/2022\/09\/07202039\/city-2567670-2048x1536.jpg 2048w, https:\/\/dhg1h5j42swfq.cloudfront.net\/2022\/09\/07202039\/city-2567670-610x458.jpg 610w, https:\/\/dhg1h5j42swfq.cloudfront.net\/2022\/09\/07202039\/city-2567670-150x113.jpg 150w\" sizes=\"auto, (max-width: 1024px) 100vw, 1024px\" \/><figcaption>A lei org\u00e2nica \u00e9 necess\u00e1ria para a gest\u00e3o p\u00fablica de uma cidade, para seus interesses locais<\/figcaption><\/figure>\n\n\n\n<h2 class=\"wp-block-heading\" id=\"h-as-constituicoes-federais-estaduais-e-lei-organica-do-brasil\"><strong>As constitui\u00e7\u00f5es federais, estaduais e lei org\u00e2nica do Brasil<\/strong><\/h2>\n\n\n\n<p>Inicialmente, n\u00e3o houve men\u00e7\u00e3o na <a href=\"http:\/\/www.planalto.gov.br\/ccivil_03\/constituicao\/constituicao24.htm\">Constitui\u00e7\u00e3o Federal de 1824 (CF\/24)<\/a>, a primeira do Brasil Imp\u00e9rio. A organiza\u00e7\u00e3o pol\u00edtica era ent\u00e3o composta pela Uni\u00e3o e os estados federados.<\/p>\n\n\n\n<p>J\u00e1 a primeira constitui\u00e7\u00e3o do Brasil Rep\u00fablica, a <a href=\"http:\/\/www.planalto.gov.br\/ccivil_03\/constituicao\/constituicao91.htm\">Constitui\u00e7\u00e3o Federal de 1891 (CF\/91)<\/a> ainda mant\u00e9m esta mesma disposi\u00e7\u00e3o de organiza\u00e7\u00e3o administrativa, assumindo a possibilidade de o Congresso Nacional, por meio da Emenda Constitucional de 3 de setembro de 1926 <strong>decretar leis org\u00e2nicas<\/strong> \u2013 mas aqui para assuntos de interesse geral, como a <strong>lei org\u00e2nica da magistratura<\/strong>, por exemplo.<\/p>\n\n\n\n<p>Nas primeiras constitui\u00e7\u00f5es brasileiras, h\u00e1 somente a previs\u00e3o de constitui\u00e7\u00f5es estaduais, sendo que somente nelas vai haver previs\u00e3o de <strong>lei org\u00e2nica<\/strong>, nos dois sentidos: tanto para leis de interesse geral como para o regramento dos munic\u00edpios.<\/p>\n\n\n\n<p>Isso come\u00e7ou a mudar com a <a href=\"http:\/\/www.planalto.gov.br\/ccivil_03\/constituicao\/constituicao34.htm\">Constitui\u00e7\u00e3o Federal de 1934 (CF\/34)<\/a>, que passou a prever que o distrito federal, onde funciona a sede do governo federal (na \u00e9poca, no Rio de Janeiro) seria administrado por um <strong>prefeito<\/strong> e seu ordenamento jur\u00eddico, regido por <strong>lei org\u00e2nica<\/strong>.<\/p>\n\n\n\n<p>A <a href=\"http:\/\/www.planalto.gov.br\/ccivil_03\/constituicao\/constituicao37.htm\">Constitui\u00e7\u00e3o Federal de 1937 (CF\/37)<\/a> continua seguindo esse preceito e a <a href=\"http:\/\/www.planalto.gov.br\/ccivil_03\/constituicao\/constituicao46.htm\">Constitui\u00e7\u00e3o Federal de 1946 (CF\/46)<\/a> observa este posicionamento, prevendo que Estados e Munic\u00edpios sejam regidos pelas Constitui\u00e7\u00f5es Estaduais e o Distrito Federal, por <strong>lei org\u00e2nica<\/strong>. A <a href=\"http:\/\/www.planalto.gov.br\/ccivil_03\/constituicao\/constituicao67.htm\">Constitui\u00e7\u00e3o Federal de 1967 (CF\/67)<\/a> \u00e9 <strong>silente<\/strong> neste assunto, ou seja, <strong>n\u00e3o h\u00e1 men\u00e7\u00e3o <\/strong>sobre qual regramento deve ser aplicado aos Estados e Munic\u00edpios, sendo decorr\u00eancia l\u00f3gica de que, <strong>n\u00e3o havendo mudan\u00e7as constitucionais,<\/strong> mant\u00e9m-se o que at\u00e9 ent\u00e3o vinha sendo praticado.<\/p>\n\n\n\n<p>Ent\u00e3o, o que se observa \u00e9 que a organiza\u00e7\u00e3o administrativa no Brasil, desde o imp\u00e9rio at\u00e9 a proclama\u00e7\u00e3o da rep\u00fablica e ao longo do s\u00e9culo XX sempre foi compartilhada entre a Uni\u00e3o e os estados-membros, com algumas exce\u00e7\u00f5es aos territ\u00f3rios (autarquias geogr\u00e1ficas criadas e mantidas pela Uni\u00e3o com o prop\u00f3sito de defender fronteiras e sujeitos \u00e0s leis e constitui\u00e7\u00e3o federais). Isso somente vem a mudar com a <a href=\"http:\/\/www.planalto.gov.br\/ccivil_03\/constituicao\/constituicaocompilado.htm\">Constitui\u00e7\u00e3o Federal de 1988 (CF\/88)<\/a>.<\/p>\n\n\n\n<figure class=\"wp-block-image size-large\"><img loading=\"lazy\" decoding=\"async\" width=\"1024\" height=\"768\" src=\"https:\/\/dhg1h5j42swfq.cloudfront.net\/2022\/09\/07202210\/parliament-317085-1024x768.jpg\" alt=\"At\u00e9 a CF\/88, somente a Uni\u00e3o e os Estados podiam elaborar constitui\u00e7\u00f5es, n\u00e3o havia a previs\u00e3o constitucional de lei org\u00e2nica\" class=\"wp-image-1090995\" srcset=\"https:\/\/dhg1h5j42swfq.cloudfront.net\/2022\/09\/07202210\/parliament-317085-1024x768.jpg 1024w, https:\/\/dhg1h5j42swfq.cloudfront.net\/2022\/09\/07202210\/parliament-317085-300x225.jpg 300w, https:\/\/dhg1h5j42swfq.cloudfront.net\/2022\/09\/07202210\/parliament-317085-768x576.jpg 768w, https:\/\/dhg1h5j42swfq.cloudfront.net\/2022\/09\/07202210\/parliament-317085-1536x1152.jpg 1536w, https:\/\/dhg1h5j42swfq.cloudfront.net\/2022\/09\/07202210\/parliament-317085-2048x1536.jpg 2048w, https:\/\/dhg1h5j42swfq.cloudfront.net\/2022\/09\/07202210\/parliament-317085-610x458.jpg 610w, https:\/\/dhg1h5j42swfq.cloudfront.net\/2022\/09\/07202210\/parliament-317085-150x113.jpg 150w\" sizes=\"auto, (max-width: 1024px) 100vw, 1024px\" \/><figcaption>At\u00e9 a CF\/88, somente a Uni\u00e3o e os Estados podiam elaborar constitui\u00e7\u00f5es, n\u00e3o havia a previs\u00e3o constitucional de lei org\u00e2nica<\/figcaption><\/figure>\n\n\n\n<h2 class=\"wp-block-heading\" id=\"h-a-organizacao-administrativa-com-a-cf-88-e-a-lei-organica\"><strong>A organiza\u00e7\u00e3o administrativa com a CF\/88 e a lei org\u00e2nica<\/strong><\/h2>\n\n\n\n<p>O estado federativo brasileiro, desde o advento do imp\u00e9rio at\u00e9 a CF\/88 possui uma caracter\u00edstica de <strong>federalismo dual<\/strong>, representado por <strong>duas entidades \u2013 <\/strong>a Uni\u00e3o e os estados-membros. Entretanto, em um pa\u00eds de dimens\u00f5es continentais como o Brasil isso traz dificuldades quanto a assuntos de car\u00e1ter local.<\/p>\n\n\n\n<p>Como os munic\u00edpios n\u00e3o participavam dos modelos de federalismo anteriores, a administra\u00e7\u00e3o p\u00fablica das cidades ficava aqu\u00e9m, com a exce\u00e7\u00e3o representada pelas cidades que tamb\u00e9m eram <strong>capitais<\/strong> dos Estados, pois, por serem sedes administrativas dos governos estaduais, sempre eram melhor administradas e mais assistidas do que as demais cidades.<\/p>\n\n\n\n<p>Isso come\u00e7ou a mudar com a<a href=\"http:\/\/www.planalto.gov.br\/ccivil_03\/constituicao\/constituicaocompilado.htm\"> CF\/88<\/a>, que al\u00e7ou os Munic\u00edpios a fazerem parte da estrutura federativa do territ\u00f3rio brasileiro, conforme o art. 18 <em>\u201cA organiza\u00e7\u00e3o pol\u00edtico-administrativa da Rep\u00fablica Federativa do Brasil compreende a Uni\u00e3o, os Estados, o Distrito Federal e os Munic\u00edpios, todos aut\u00f4nomos, nos termos desta Constitui\u00e7\u00e3o.\u201d<\/em><\/p>\n\n\n\n<p>A partir da CF\/88, o pa\u00eds passa a admitir a <strong>tr\u00edplice estrutura do Estado brasileiro <\/strong>(Manoel Gon\u00e7alves Ferreira Filho). Observa-se que nesta estrutura existe a <strong>Uni\u00e3o<\/strong>, os <strong>Estados<\/strong> e os <strong>Munic\u00edpios<\/strong>. O Distrito Federal \u00e9 um <strong>ente h\u00edbrido<\/strong>, mas que n\u00e3o se enquadra inteiramente nem como Estado, nem como Munic\u00edpio, sendo uma <strong>unidade federada com autonomia parcialmente tutelada.<\/strong><\/p>\n\n\n\n<p>Em decorr\u00eancia disso, surge uma previs\u00e3o de ordenamento jur\u00eddico apto a reger os Munic\u00edpios, no art. 29: \u201c<em>O Munic\u00edpio reger-se-\u00e1 por <strong>lei org\u00e2nica<\/strong>, votada em dois turnos, com o interst\u00edcio m\u00ednimo de dez dias, e aprovada por dois ter\u00e7os dos membros da C\u00e2mara Municipal, que a promulgar\u00e1, atendidos os princ\u00edpios estabelecidos nesta Constitui\u00e7\u00e3o, na Constitui\u00e7\u00e3o do respectivo Estado e os seguintes preceitos: (&#8230;)<\/em><\/p>\n\n\n\n<p>Em seguida, s\u00e3o elencadas as composi\u00e7\u00f5es do poder executivo e legislativo (n\u00e3o h\u00e1 previs\u00e3o de poder judici\u00e1rio no \u00e2mbito dos Munic\u00edpios). E as <strong>compet\u00eancias <\/strong>dos Munic\u00edpios est\u00e3o no art. 30: \u201c<em>Compete aos Munic\u00edpios:<\/em><\/p>\n\n\n\n<p><em>I &#8211; legislar sobre assuntos de interesse local;<\/em><\/p>\n\n\n\n<p><em>II &#8211; suplementar a legisla\u00e7\u00e3o federal e a estadual no que couber;<\/em><\/p>\n\n\n\n<p><em>III &#8211; instituir e arrecadar os tributos de sua compet\u00eancia, bem como aplicar suas rendas, sem preju\u00edzo da obrigatoriedade de prestar contas e publicar balancetes nos prazos fixados em lei; (&#8230;).<\/em><\/p>\n\n\n\n<p>Existem mais compet\u00eancias, mas estas tr\u00eas resumem a maior parte das compet\u00eancias municipais na CF\/88. Esse municipalismo assegura tamb\u00e9m um <strong>sistema federativo por coopera\u00e7\u00e3o<\/strong>, onde os entes se auxiliam mutuamente.<\/p>\n\n\n\n<figure class=\"wp-block-image size-large\"><img loading=\"lazy\" decoding=\"async\" width=\"765\" height=\"1024\" src=\"https:\/\/dhg1h5j42swfq.cloudfront.net\/2022\/09\/07202356\/city-council-meeting-208769-765x1024.jpg\" alt=\"A lei org\u00e2nica atende aos interesses cotidianos de um munic\u00edpio de forma mais efetiva que as constitui\u00e7\u00f5es\" class=\"wp-image-1090998\" srcset=\"https:\/\/dhg1h5j42swfq.cloudfront.net\/2022\/09\/07202356\/city-council-meeting-208769-765x1024.jpg 765w, https:\/\/dhg1h5j42swfq.cloudfront.net\/2022\/09\/07202356\/city-council-meeting-208769-224x300.jpg 224w, https:\/\/dhg1h5j42swfq.cloudfront.net\/2022\/09\/07202356\/city-council-meeting-208769-768x1028.jpg 768w, https:\/\/dhg1h5j42swfq.cloudfront.net\/2022\/09\/07202356\/city-council-meeting-208769-1147x1536.jpg 1147w, https:\/\/dhg1h5j42swfq.cloudfront.net\/2022\/09\/07202356\/city-council-meeting-208769-1530x2048.jpg 1530w, https:\/\/dhg1h5j42swfq.cloudfront.net\/2022\/09\/07202356\/city-council-meeting-208769-610x817.jpg 610w, https:\/\/dhg1h5j42swfq.cloudfront.net\/2022\/09\/07202356\/city-council-meeting-208769-150x201.jpg 150w, https:\/\/dhg1h5j42swfq.cloudfront.net\/2022\/09\/07202356\/city-council-meeting-208769-scaled.jpg 1912w\" sizes=\"auto, (max-width: 765px) 100vw, 765px\" \/><figcaption>A lei org\u00e2nica atende aos interesses cotidianos de um munic\u00edpio de forma mais efetiva que as constitui\u00e7\u00f5es<\/figcaption><\/figure>\n\n\n\n<h2 class=\"wp-block-heading\" id=\"h-a-lei-organica-competencias-limites-e-jurisprudencia\"><strong>A lei org\u00e2nica: compet\u00eancias, limites e jurisprud\u00eancia<\/strong><\/h2>\n\n\n\n<p>Com a finalidade de <strong>aprimorar<\/strong> a gest\u00e3o p\u00fablica e tamb\u00e9m permitir uma participa\u00e7\u00e3o maior da popula\u00e7\u00e3o nos rumos da pol\u00edtica municipal, a CF\/88 dotou os Munic\u00edpios para legislar sobre assuntos de <strong>interesse local<\/strong>, afinal somente os Munic\u00edpios podem visualizar melhor o que exige sua aten\u00e7\u00e3o, sendo que isso pode variar de munic\u00edpio para munic\u00edpio.<\/p>\n\n\n\n<p>A compet\u00eancia de <strong>suplementar<\/strong> a legisla\u00e7\u00e3o federal e estadual est\u00e1 relacionada com seus pr\u00f3prios <strong>interesses locais<\/strong>, pois estas legisla\u00e7\u00f5es, por se referirem a espa\u00e7os maiores, podem n\u00e3o atender aos Munic\u00edpios em suas necessidades espec\u00edficas. Entretanto, esta compet\u00eancia <strong>suplementar<\/strong> possui limites: ela n\u00e3o pode ser contr\u00e1ria aos ordenamentos da Constitui\u00e7\u00e3o Federal e da Constitui\u00e7\u00e3o Estadual onde se localiza o munic\u00edpio.<\/p>\n\n\n\n<p>A terceira compet\u00eancia \u00e9 o que sustenta e financia a <strong>autonomia municipal<\/strong>: instituir e cobrar os tributos para os quais o Munic\u00edpio \u00e9 <strong>competente<\/strong>, tendo o Munic\u00edpio a obrigatoriedade de <strong>prestar contas <\/strong>da utiliza\u00e7\u00e3o dos recursos arrecadados.<\/p>\n\n\n\n<p>A jurisprud\u00eancia dos tribunais superiores, notadamente a do Supremo Tribunal Federal (STF) \u00e9 cristalina na interpreta\u00e7\u00e3o dos limites da <strong>lei org\u00e2nica:<\/strong> em cada uma das tr\u00eas hip\u00f3teses principais em que \u00e9 poss\u00edvel legislar, a lei org\u00e2nica n\u00e3o pode ser contr\u00e1ria a dispositivos contidos na <strong>Constitui\u00e7\u00e3o Estadual <\/strong>ou na<strong> Constitui\u00e7\u00e3o Federal.<\/strong><\/p>\n\n\n\n<p>No que se refere ao <strong>controle de constitucionalidade<\/strong>, a lei org\u00e2nica <strong>n\u00e3o pode ser o par\u00e2metro<\/strong> de controle de constitucionalidade, pois na CF\/88 somente s\u00e3o previstos como par\u00e2metros de controle a Constitui\u00e7\u00e3o Estadual, perante os tribunais de justi\u00e7a do estado, bem como a Constitui\u00e7\u00e3o Federal, esta perante o Supremo.<\/p>\n\n\n\n<h2 class=\"wp-block-heading\" id=\"h-conclusoes\"><strong>Conclus\u00f5es<\/strong><\/h2>\n\n\n\n<p>Neste texto se buscou conceitualizar e esclarecer a <strong>lei org\u00e2nica<\/strong>, bem como suas origens e import\u00e2ncia para a organiza\u00e7\u00e3o pol\u00edtica. A lei org\u00e2nica surge como uma manifesta\u00e7\u00e3o b\u00e1sica de lei local, para a gest\u00e3o do munic\u00edpio, tendo em vista suas peculiaridades.<\/p>\n\n\n\n<p>A necessidade de leis se verifica ao longo da hist\u00f3ria humana, sendo uma consequ\u00eancia intr\u00ednseca da forma\u00e7\u00e3o civilizacional da humanidade. Nos prim\u00f3rdios havia a barb\u00e1rie e ao longo dos tempos se verifica que a sociedade humana somente pode sobreviver e prosperar quando consegue conviver em paz e em ordem.<\/p>\n\n\n\n<p>A forma\u00e7\u00e3o de fam\u00edlias, depois a de cl\u00e3s, de comunidades, cidades, estados e na\u00e7\u00f5es foi sendo poss\u00edvel \u00e0 medida que o caos gradualmente foi dando lugar \u00e0 ordem. E isso se deve largamente ao acordo das sociedades em elaborar e seguir suas pr\u00f3prias leis.<\/p>\n\n\n\n<p>Com os primeiros estados, surge tamb\u00e9m a necessidade de uma <strong>lei maior<\/strong>, uma <strong>constitui\u00e7\u00e3o<\/strong>. A constitui\u00e7\u00e3o \u00e9 a <strong>lei magna<\/strong>, a lei que deve reger os principais fundamentos de uma na\u00e7\u00e3o, um pa\u00eds.<\/p>\n\n\n\n<p>Com a evolu\u00e7\u00e3o constitucional, aos poucos vai se sobressaindo a necessidade de aplicar um <strong>regimento<\/strong> em <strong>espa\u00e7os menores<\/strong>, visando a uma gest\u00e3o dos assuntos p\u00fablicos em car\u00e1ter mais espec\u00edfico, mais <strong>regional<\/strong>. Desta maneira, o estado fica mais subdividido, nas <strong>constitui\u00e7\u00f5es estaduais<\/strong>.<\/p>\n\n\n\n<p>Depois da Constitui\u00e7\u00e3o Federal de 1988, o federalismo brasileiro passa a reconhecer a responsabilidade e poder dos munic\u00edpios, no sentido de possibilitar que a gest\u00e3o p\u00fablica possa tamb\u00e9m atender a quest\u00f5es de interesse local. Para isso, a CF\/88 prev\u00ea que os munic\u00edpios ser\u00e3o regidos por uma <strong>lei org\u00e2nica<\/strong>, para buscar atender e resolver seus assuntos.<\/p>\n\n\n\n<p>A lei org\u00e2nica ser\u00e1 aprovada por <strong>dois ter\u00e7os<\/strong> da c\u00e2mara de vereadores, em <strong>dois turnos de vota\u00e7\u00e3o<\/strong>, com <strong>interst\u00edcio m\u00ednimo de 10 dias. <\/strong>O qu\u00f3rum \u00e9 maior do que o exigido para uma altera\u00e7\u00e3o constitucional (dois ter\u00e7os), sendo que as duas vota\u00e7\u00f5es devem ter um <strong>intervalo m\u00ednimo de dez dias entre eles. <\/strong>Estes elementos resumem a finalidade e import\u00e2ncia da lei org\u00e2nica municipal.<\/p>\n\n\n\n<p>Ricardo Pereira de Oliveira<\/p>\n\n\n\n<h2 class=\"has-text-align-center wp-block-heading\" id=\"h-cursos-e-assinaturas\">Cursos e Assinaturas <\/h2>\n\n\n\n<p>Prepare-se com o melhor material e com quem mais aprova em Concursos P\u00fablicos em todo o pa\u00eds!<\/p>\n\n\n\n<div class=\"container\" id=\"boxes\">\n  <div class=\"row\">\n    <div class=\"col-sm\">\n      <div class=\"estrategia\" id=\"box-assinatura\">\n        <h3 class=\"titulo-assinatura\">Assinatura de Concursos<\/h3>\n        <p class=\"subtitulo-assinatura\">Assinatura de 1 ano ou 2 anos<\/p>\n        <div class=\"box-botao\">\n          <a class=\"btn-assinatura\" target=\"_blank\" href=\"https:\/\/www.estrategiaconcursos.com.br\/assinaturas\/\" role=\"button\" rel=\"noopener noreferrer\">ASSINE AGORA<\/a>\n        <\/div>\n      <\/div>\n      <p class=\"texto-auxiliar\"><\/p>\n    <\/div>\n    <div class=\"col-sm\">\n      <div class=\"questoes\" id=\"box-assinatura\">\n        <h3 class=\"titulo-assinatura\">Sistema de Quest\u00f5es<\/h3>\n        <p class=\"subtitulo-assinatura\">Assinatura de 1 ano ou 2 anos\n<\/p>\n        <div class=\"box-botao\">\n          <a class=\"btn-assinatura\" target=\"_blank\" href=\"https:\/\/www.estrategiaconcursos.com.br\/cursosPorConcurso\/sistema-de-questoes\/#\/\" role=\"button\" rel=\"noopener noreferrer\">ASSINE AGORA<\/a>\n        <\/div>\n      <\/div>\n      <p class=\"texto-auxiliar\"><\/p>\n    <\/div>\n  <\/div>\n<\/div>\n\n\n\n<p><\/p>\n\n\n\n<p class=\"has-text-align-center has-white-color has-vivid-purple-background-color has-text-color has-background\"><a href=\"https:\/\/www.estrategiaconcursos.com.br\/blog\/concursos-abertos\/\" target=\"_blank\" rel=\"noreferrer noopener\"><strong><span class=\"has-inline-color has-white-color\">Concursos abertos<\/span><\/strong><\/a><\/p>\n\n\n\n<p class=\"has-text-align-center has-white-color has-vivid-purple-background-color has-text-color has-background\"><strong><a href=\"https:\/\/www.estrategiaconcursos.com.br\/blog\/concursos-2022\/\" target=\"_blank\" rel=\"noreferrer noopener\"><span class=\"has-inline-color has-white-color\">Concursos 2022<\/span><\/a><\/strong><\/p>\n\n\n\n<div class=\"container\" id=\"boxes\">\n  <div class=\"row\">\n    <div class=\"col-sm\">\n      <div class=\"estrategia\" id=\"box-assinatura\">\n        <h3 class=\"titulo-assinatura\">Assinatura de Concursos<\/h3>\n        <p class=\"subtitulo-assinatura\">Assinatura de 1 ano ou 2 anos<\/p>\n        <div class=\"box-botao\">\n          <a class=\"btn-assinatura\" target=\"_blank\" href=\"https:\/\/www.estrategiaconcursos.com.br\/assinaturas\/\" role=\"button\" rel=\"noopener noreferrer\">ASSINE AGORA<\/a>\n        <\/div>\n      <\/div>\n      \n    <\/div><\/div><\/div>\n","protected":false},"excerpt":{"rendered":"<p>Introdu\u00e7\u00e3o O objetivo deste artigo \u00e9 o conceito de uma lei org\u00e2nica, sua origem e qual a sua utilidade na organiza\u00e7\u00e3o pol\u00edtico-administrativa. Para que se tenha a melhor defini\u00e7\u00e3o de lei org\u00e2nica, \u00e9 preciso recorrer ao direito constitucional, que trata das normas que regem de maneira geral os assuntos de um estado organizado, um pa\u00eds. [&hellip;]<\/p>\n","protected":false},"author":1979,"featured_media":1090991,"comment_status":"open","ping_status":"closed","sticky":false,"template":"","format":"standard","meta":{"post_tipo":"article","footnotes":""},"categories":[220215,220216,220192,1,220180,214992,1983,220182,220183,220016,220195,2017,1984,220737,214710],"tags":[],"tax_estado":[219964,219965,219966,219967,219968,219969,219963,219970,219971,219972,219973,219974,219975,219976,219977,219978,219979,219980,219981,219982,219983,219984,219985,219986,219987,219988,219989,219990],"class_list":["post-1090988","post","type-post","status-publish","format-standard","has-post-thumbnail","hentry","category-agencia-reguladora","category-agencia-reguladora-agencia-reguladora","category-anpad","category-cursos-e-concursos","category-controle-gestao","category-concursos-administrativos","category-fiscal-estadual","category-fiscal-federal","category-fiscal-municipal","category-cartorios","category-magistratura","category-concursos-legislativos","category-tribunais","category-tribunais-tribunais","category-tribunais-de-contas","tax_estado-ac","tax_estado-al","tax_estado-am","tax_estado-ap","tax_estado-ba","tax_estado-ce","tax_estado-concursos-federais","tax_estado-df","tax_estado-es","tax_estado-go","tax_estado-ma","tax_estado-mg","tax_estado-ms","tax_estado-mt","tax_estado-pa","tax_estado-pb","tax_estado-pe","tax_estado-pi","tax_estado-pr","tax_estado-rj","tax_estado-rn","tax_estado-ro","tax_estado-rr","tax_estado-rs","tax_estado-sc","tax_estado-se","tax_estado-sp","tax_estado-to"],"acf":[],"yoast_head":"<!-- This site is optimized with the Yoast SEO Premium plugin v27.2 (Yoast SEO v27.2) - https:\/\/yoast.com\/product\/yoast-seo-premium-wordpress\/ -->\n<title>O que \u00e9 Lei Org\u00e2nica<\/title>\n<meta name=\"description\" content=\"O objetivo deste artigo \u00e9 o conceito de uma lei org\u00e2nica, sua origem e qual a sua utilidade na organiza\u00e7\u00e3o pol\u00edtico-administrativa.\" \/>\n<meta name=\"robots\" content=\"index, follow, max-snippet:-1, max-image-preview:large, max-video-preview:-1\" \/>\n<link rel=\"canonical\" href=\"https:\/\/www.estrategiaconcursos.com.br\/blog\/o-que-e-lei-organica\/\" \/>\n<meta property=\"og:locale\" content=\"pt_BR\" \/>\n<meta property=\"og:type\" content=\"article\" \/>\n<meta property=\"og:title\" content=\"O que \u00e9 Lei Org\u00e2nica\" \/>\n<meta property=\"og:description\" content=\"O objetivo deste artigo \u00e9 o conceito de uma lei org\u00e2nica, sua origem e qual a sua utilidade na organiza\u00e7\u00e3o pol\u00edtico-administrativa.\" \/>\n<meta property=\"og:url\" content=\"https:\/\/www.estrategiaconcursos.com.br\/blog\/o-que-e-lei-organica\/\" \/>\n<meta property=\"og:site_name\" content=\"Estrat\u00e9gia Concursos\" \/>\n<meta property=\"article:published_time\" content=\"2022-10-14T11:32:00+00:00\" \/>\n<meta property=\"og:image\" content=\"https:\/\/dhg1h5j42swfq.cloudfront.net\/2022\/09\/07201637\/skyline-255116-scaled.jpg\" \/>\n\t<meta property=\"og:image:width\" content=\"2560\" \/>\n\t<meta property=\"og:image:height\" content=\"1439\" \/>\n\t<meta property=\"og:image:type\" content=\"image\/jpeg\" \/>\n<meta name=\"author\" content=\"Ricardo Pereira de Oliveira\" \/>\n<meta name=\"twitter:card\" content=\"summary_large_image\" \/>\n<meta name=\"twitter:creator\" content=\"@EstratConcursos\" \/>\n<meta name=\"twitter:site\" content=\"@EstratConcursos\" \/>\n<meta name=\"twitter:label1\" content=\"Escrito por\" \/>\n\t<meta name=\"twitter:data1\" content=\"Ricardo Pereira de Oliveira\" \/>\n\t<meta name=\"twitter:label2\" content=\"Est. tempo de leitura\" \/>\n\t<meta name=\"twitter:data2\" content=\"14 minutos\" \/>\n<script type=\"application\/ld+json\" class=\"yoast-schema-graph\">{\"@context\":\"https:\/\/schema.org\",\"@graph\":[{\"@type\":\"NewsArticle\",\"@id\":\"https:\/\/www.estrategiaconcursos.com.br\/blog\/o-que-e-lei-organica\/#article\",\"isPartOf\":{\"@id\":\"https:\/\/www.estrategiaconcursos.com.br\/blog\/o-que-e-lei-organica\/\"},\"author\":{\"name\":\"Ricardo Pereira de Oliveira\",\"@id\":\"https:\/\/www.estrategiaconcursos.com.br\/blog\/#\/schema\/person\/bddec4cfff57a846dbc506e0bc7a5b36\"},\"headline\":\"O que \u00e9 Lei Org\u00e2nica\",\"datePublished\":\"2022-10-14T11:32:00+00:00\",\"mainEntityOfPage\":{\"@id\":\"https:\/\/www.estrategiaconcursos.com.br\/blog\/o-que-e-lei-organica\/\"},\"wordCount\":2729,\"commentCount\":0,\"publisher\":{\"@id\":\"https:\/\/www.estrategiaconcursos.com.br\/blog\/#organization\"},\"image\":{\"@id\":\"https:\/\/www.estrategiaconcursos.com.br\/blog\/o-que-e-lei-organica\/#primaryimage\"},\"thumbnailUrl\":\"https:\/\/dhg1h5j42swfq.cloudfront.net\/2022\/09\/07201637\/skyline-255116-scaled.jpg\",\"articleSection\":[\"Ag\u00eancia Reguladora\",\"Ag\u00eancia Reguladora\",\"ANPAD\",\"Concursos P\u00fablicos\",\"Controladorias\/Gest\u00e3o (CGU, CGE, STN, EPPGG)\",\"Executivo (Administrativa)\",\"Fiscal - Estadual (ICMS)\",\"Fiscal - Federal (RFB e AFT)\",\"Fiscal - Municipal (ISS)\",\"Jur\u00eddico - Cart\u00f3rios\",\"Jur\u00eddico - Magistratura\",\"Legislativo\",\"Tribunais\",\"Tribunais\",\"Tribunais de Contas (TCU, TCE, TCM)\"],\"inLanguage\":\"pt-BR\",\"potentialAction\":[{\"@type\":\"CommentAction\",\"name\":\"Comment\",\"target\":[\"https:\/\/www.estrategiaconcursos.com.br\/blog\/o-que-e-lei-organica\/#respond\"]}],\"copyrightYear\":\"2022\",\"copyrightHolder\":{\"@id\":\"https:\/\/www.estrategiaconcursos.com.br\/blog\/#organization\"}},{\"@type\":\"WebPage\",\"@id\":\"https:\/\/www.estrategiaconcursos.com.br\/blog\/o-que-e-lei-organica\/\",\"url\":\"https:\/\/www.estrategiaconcursos.com.br\/blog\/o-que-e-lei-organica\/\",\"name\":\"O que \u00e9 Lei Org\u00e2nica\",\"isPartOf\":{\"@id\":\"https:\/\/www.estrategiaconcursos.com.br\/blog\/#website\"},\"primaryImageOfPage\":{\"@id\":\"https:\/\/www.estrategiaconcursos.com.br\/blog\/o-que-e-lei-organica\/#primaryimage\"},\"image\":{\"@id\":\"https:\/\/www.estrategiaconcursos.com.br\/blog\/o-que-e-lei-organica\/#primaryimage\"},\"thumbnailUrl\":\"https:\/\/dhg1h5j42swfq.cloudfront.net\/2022\/09\/07201637\/skyline-255116-scaled.jpg\",\"datePublished\":\"2022-10-14T11:32:00+00:00\",\"description\":\"O objetivo deste artigo \u00e9 o conceito de uma lei org\u00e2nica, sua origem e qual a sua utilidade na organiza\u00e7\u00e3o pol\u00edtico-administrativa.\",\"breadcrumb\":{\"@id\":\"https:\/\/www.estrategiaconcursos.com.br\/blog\/o-que-e-lei-organica\/#breadcrumb\"},\"inLanguage\":\"pt-BR\",\"potentialAction\":[{\"@type\":\"ReadAction\",\"target\":[\"https:\/\/www.estrategiaconcursos.com.br\/blog\/o-que-e-lei-organica\/\"]}]},{\"@type\":\"ImageObject\",\"inLanguage\":\"pt-BR\",\"@id\":\"https:\/\/www.estrategiaconcursos.com.br\/blog\/o-que-e-lei-organica\/#primaryimage\",\"url\":\"https:\/\/dhg1h5j42swfq.cloudfront.net\/2022\/09\/07201637\/skyline-255116-scaled.jpg\",\"contentUrl\":\"https:\/\/dhg1h5j42swfq.cloudfront.net\/2022\/09\/07201637\/skyline-255116-scaled.jpg\",\"width\":2560,\"height\":1439,\"caption\":\"Lei org\u00e2nica\"},{\"@type\":\"BreadcrumbList\",\"@id\":\"https:\/\/www.estrategiaconcursos.com.br\/blog\/o-que-e-lei-organica\/#breadcrumb\",\"itemListElement\":[{\"@type\":\"ListItem\",\"position\":1,\"name\":\"In\u00edcio\",\"item\":\"https:\/\/www.estrategiaconcursos.com.br\/blog\/\"},{\"@type\":\"ListItem\",\"position\":2,\"name\":\"O que \u00e9 Lei Org\u00e2nica\"}]},{\"@type\":\"WebSite\",\"@id\":\"https:\/\/www.estrategiaconcursos.com.br\/blog\/#website\",\"url\":\"https:\/\/www.estrategiaconcursos.com.br\/blog\/\",\"name\":\"Estrat\u00e9gia Concursos\",\"description\":\"O blog da Estrat\u00e9gia Concursos traz not\u00edcias sobre concursos e artigos de professores oferecendo cursos para concursos (pdf + videaulas) no site.\",\"publisher\":{\"@id\":\"https:\/\/www.estrategiaconcursos.com.br\/blog\/#organization\"},\"potentialAction\":[{\"@type\":\"SearchAction\",\"target\":{\"@type\":\"EntryPoint\",\"urlTemplate\":\"https:\/\/www.estrategiaconcursos.com.br\/blog\/?s={search_term_string}\"},\"query-input\":{\"@type\":\"PropertyValueSpecification\",\"valueRequired\":true,\"valueName\":\"search_term_string\"}}],\"inLanguage\":\"pt-BR\"},{\"@type\":\"Organization\",\"@id\":\"https:\/\/www.estrategiaconcursos.com.br\/blog\/#organization\",\"name\":\"Estrat\u00e9gia Concursos\",\"url\":\"https:\/\/www.estrategiaconcursos.com.br\/blog\/\",\"logo\":{\"@type\":\"ImageObject\",\"inLanguage\":\"pt-BR\",\"@id\":\"https:\/\/www.estrategiaconcursos.com.br\/blog\/#\/schema\/logo\/image\/\",\"url\":\"https:\/\/dhg1h5j42swfq.cloudfront.net\/2025\/06\/03203428\/logo_concursos-1.jpg\",\"contentUrl\":\"https:\/\/dhg1h5j42swfq.cloudfront.net\/2025\/06\/03203428\/logo_concursos-1.jpg\",\"width\":230,\"height\":60,\"caption\":\"Estrat\u00e9gia Concursos\"},\"image\":{\"@id\":\"https:\/\/www.estrategiaconcursos.com.br\/blog\/#\/schema\/logo\/image\/\"},\"sameAs\":[\"https:\/\/x.com\/EstratConcursos\"]},{\"@type\":\"Person\",\"@id\":\"https:\/\/www.estrategiaconcursos.com.br\/blog\/#\/schema\/person\/bddec4cfff57a846dbc506e0bc7a5b36\",\"name\":\"Ricardo Pereira de Oliveira\",\"image\":{\"@type\":\"ImageObject\",\"inLanguage\":\"pt-BR\",\"@id\":\"https:\/\/secure.gravatar.com\/avatar\/a16d5759c3d4edc0896235928b70e4a79ec591848bb173a92801d67dcb8492b1?s=96&d=mm&r=g\",\"url\":\"https:\/\/secure.gravatar.com\/avatar\/a16d5759c3d4edc0896235928b70e4a79ec591848bb173a92801d67dcb8492b1?s=96&d=mm&r=g\",\"contentUrl\":\"https:\/\/secure.gravatar.com\/avatar\/a16d5759c3d4edc0896235928b70e4a79ec591848bb173a92801d67dcb8492b1?s=96&d=mm&r=g\",\"caption\":\"Ricardo Pereira de Oliveira\"},\"description\":\"Formado em Administra\u00e7\u00e3o de Empresas pelo Mackenzie, p\u00f3s-graduado em Marketing pela ESPM. Concurseiro desde 2014. Auditor Fiscal da Receita Municipal de Campo Grande\/MS Ex-Fiscal de Rendas de Tabo\u00e3o da Serra\/SP\",\"url\":\"https:\/\/www.estrategiaconcursos.com.br\/blog\/author\/ricperogmail-com\/\"}]}<\/script>\n<!-- \/ Yoast SEO Premium plugin. -->","yoast_head_json":{"title":"O que \u00e9 Lei Org\u00e2nica","description":"O objetivo deste artigo \u00e9 o conceito de uma lei org\u00e2nica, sua origem e qual a sua utilidade na organiza\u00e7\u00e3o pol\u00edtico-administrativa.","robots":{"index":"index","follow":"follow","max-snippet":"max-snippet:-1","max-image-preview":"max-image-preview:large","max-video-preview":"max-video-preview:-1"},"canonical":"https:\/\/www.estrategiaconcursos.com.br\/blog\/o-que-e-lei-organica\/","og_locale":"pt_BR","og_type":"article","og_title":"O que \u00e9 Lei Org\u00e2nica","og_description":"O objetivo deste artigo \u00e9 o conceito de uma lei org\u00e2nica, sua origem e qual a sua utilidade na organiza\u00e7\u00e3o pol\u00edtico-administrativa.","og_url":"https:\/\/www.estrategiaconcursos.com.br\/blog\/o-que-e-lei-organica\/","og_site_name":"Estrat\u00e9gia Concursos","article_published_time":"2022-10-14T11:32:00+00:00","og_image":[{"width":2560,"height":1439,"url":"https:\/\/dhg1h5j42swfq.cloudfront.net\/2022\/09\/07201637\/skyline-255116-scaled.jpg","type":"image\/jpeg"}],"author":"Ricardo Pereira de Oliveira","twitter_card":"summary_large_image","twitter_creator":"@EstratConcursos","twitter_site":"@EstratConcursos","twitter_misc":{"Escrito por":"Ricardo Pereira de Oliveira","Est. tempo de leitura":"14 minutos"},"schema":{"@context":"https:\/\/schema.org","@graph":[{"@type":"NewsArticle","@id":"https:\/\/www.estrategiaconcursos.com.br\/blog\/o-que-e-lei-organica\/#article","isPartOf":{"@id":"https:\/\/www.estrategiaconcursos.com.br\/blog\/o-que-e-lei-organica\/"},"author":{"name":"Ricardo Pereira de Oliveira","@id":"https:\/\/www.estrategiaconcursos.com.br\/blog\/#\/schema\/person\/bddec4cfff57a846dbc506e0bc7a5b36"},"headline":"O que \u00e9 Lei Org\u00e2nica","datePublished":"2022-10-14T11:32:00+00:00","mainEntityOfPage":{"@id":"https:\/\/www.estrategiaconcursos.com.br\/blog\/o-que-e-lei-organica\/"},"wordCount":2729,"commentCount":0,"publisher":{"@id":"https:\/\/www.estrategiaconcursos.com.br\/blog\/#organization"},"image":{"@id":"https:\/\/www.estrategiaconcursos.com.br\/blog\/o-que-e-lei-organica\/#primaryimage"},"thumbnailUrl":"https:\/\/dhg1h5j42swfq.cloudfront.net\/2022\/09\/07201637\/skyline-255116-scaled.jpg","articleSection":["Ag\u00eancia Reguladora","Ag\u00eancia Reguladora","ANPAD","Concursos P\u00fablicos","Controladorias\/Gest\u00e3o (CGU, CGE, STN, EPPGG)","Executivo (Administrativa)","Fiscal - Estadual (ICMS)","Fiscal - Federal (RFB e AFT)","Fiscal - Municipal (ISS)","Jur\u00eddico - Cart\u00f3rios","Jur\u00eddico - Magistratura","Legislativo","Tribunais","Tribunais","Tribunais de Contas (TCU, TCE, TCM)"],"inLanguage":"pt-BR","potentialAction":[{"@type":"CommentAction","name":"Comment","target":["https:\/\/www.estrategiaconcursos.com.br\/blog\/o-que-e-lei-organica\/#respond"]}],"copyrightYear":"2022","copyrightHolder":{"@id":"https:\/\/www.estrategiaconcursos.com.br\/blog\/#organization"}},{"@type":"WebPage","@id":"https:\/\/www.estrategiaconcursos.com.br\/blog\/o-que-e-lei-organica\/","url":"https:\/\/www.estrategiaconcursos.com.br\/blog\/o-que-e-lei-organica\/","name":"O que \u00e9 Lei Org\u00e2nica","isPartOf":{"@id":"https:\/\/www.estrategiaconcursos.com.br\/blog\/#website"},"primaryImageOfPage":{"@id":"https:\/\/www.estrategiaconcursos.com.br\/blog\/o-que-e-lei-organica\/#primaryimage"},"image":{"@id":"https:\/\/www.estrategiaconcursos.com.br\/blog\/o-que-e-lei-organica\/#primaryimage"},"thumbnailUrl":"https:\/\/dhg1h5j42swfq.cloudfront.net\/2022\/09\/07201637\/skyline-255116-scaled.jpg","datePublished":"2022-10-14T11:32:00+00:00","description":"O objetivo deste artigo \u00e9 o conceito de uma lei org\u00e2nica, sua origem e qual a sua utilidade na organiza\u00e7\u00e3o pol\u00edtico-administrativa.","breadcrumb":{"@id":"https:\/\/www.estrategiaconcursos.com.br\/blog\/o-que-e-lei-organica\/#breadcrumb"},"inLanguage":"pt-BR","potentialAction":[{"@type":"ReadAction","target":["https:\/\/www.estrategiaconcursos.com.br\/blog\/o-que-e-lei-organica\/"]}]},{"@type":"ImageObject","inLanguage":"pt-BR","@id":"https:\/\/www.estrategiaconcursos.com.br\/blog\/o-que-e-lei-organica\/#primaryimage","url":"https:\/\/dhg1h5j42swfq.cloudfront.net\/2022\/09\/07201637\/skyline-255116-scaled.jpg","contentUrl":"https:\/\/dhg1h5j42swfq.cloudfront.net\/2022\/09\/07201637\/skyline-255116-scaled.jpg","width":2560,"height":1439,"caption":"Lei org\u00e2nica"},{"@type":"BreadcrumbList","@id":"https:\/\/www.estrategiaconcursos.com.br\/blog\/o-que-e-lei-organica\/#breadcrumb","itemListElement":[{"@type":"ListItem","position":1,"name":"In\u00edcio","item":"https:\/\/www.estrategiaconcursos.com.br\/blog\/"},{"@type":"ListItem","position":2,"name":"O que \u00e9 Lei Org\u00e2nica"}]},{"@type":"WebSite","@id":"https:\/\/www.estrategiaconcursos.com.br\/blog\/#website","url":"https:\/\/www.estrategiaconcursos.com.br\/blog\/","name":"Estrat\u00e9gia Concursos","description":"O blog da Estrat\u00e9gia Concursos traz not\u00edcias sobre concursos e artigos de professores oferecendo cursos para concursos (pdf + videaulas) no site.","publisher":{"@id":"https:\/\/www.estrategiaconcursos.com.br\/blog\/#organization"},"potentialAction":[{"@type":"SearchAction","target":{"@type":"EntryPoint","urlTemplate":"https:\/\/www.estrategiaconcursos.com.br\/blog\/?s={search_term_string}"},"query-input":{"@type":"PropertyValueSpecification","valueRequired":true,"valueName":"search_term_string"}}],"inLanguage":"pt-BR"},{"@type":"Organization","@id":"https:\/\/www.estrategiaconcursos.com.br\/blog\/#organization","name":"Estrat\u00e9gia Concursos","url":"https:\/\/www.estrategiaconcursos.com.br\/blog\/","logo":{"@type":"ImageObject","inLanguage":"pt-BR","@id":"https:\/\/www.estrategiaconcursos.com.br\/blog\/#\/schema\/logo\/image\/","url":"https:\/\/dhg1h5j42swfq.cloudfront.net\/2025\/06\/03203428\/logo_concursos-1.jpg","contentUrl":"https:\/\/dhg1h5j42swfq.cloudfront.net\/2025\/06\/03203428\/logo_concursos-1.jpg","width":230,"height":60,"caption":"Estrat\u00e9gia Concursos"},"image":{"@id":"https:\/\/www.estrategiaconcursos.com.br\/blog\/#\/schema\/logo\/image\/"},"sameAs":["https:\/\/x.com\/EstratConcursos"]},{"@type":"Person","@id":"https:\/\/www.estrategiaconcursos.com.br\/blog\/#\/schema\/person\/bddec4cfff57a846dbc506e0bc7a5b36","name":"Ricardo Pereira de Oliveira","image":{"@type":"ImageObject","inLanguage":"pt-BR","@id":"https:\/\/secure.gravatar.com\/avatar\/a16d5759c3d4edc0896235928b70e4a79ec591848bb173a92801d67dcb8492b1?s=96&d=mm&r=g","url":"https:\/\/secure.gravatar.com\/avatar\/a16d5759c3d4edc0896235928b70e4a79ec591848bb173a92801d67dcb8492b1?s=96&d=mm&r=g","contentUrl":"https:\/\/secure.gravatar.com\/avatar\/a16d5759c3d4edc0896235928b70e4a79ec591848bb173a92801d67dcb8492b1?s=96&d=mm&r=g","caption":"Ricardo Pereira de Oliveira"},"description":"Formado em Administra\u00e7\u00e3o de Empresas pelo Mackenzie, p\u00f3s-graduado em Marketing pela ESPM. Concurseiro desde 2014. Auditor Fiscal da Receita Municipal de Campo Grande\/MS Ex-Fiscal de Rendas de Tabo\u00e3o da Serra\/SP","url":"https:\/\/www.estrategiaconcursos.com.br\/blog\/author\/ricperogmail-com\/"}]}},"_links":{"self":[{"href":"https:\/\/www.estrategiaconcursos.com.br\/blog\/wp-json\/wp\/v2\/posts\/1090988","targetHints":{"allow":["GET"]}}],"collection":[{"href":"https:\/\/www.estrategiaconcursos.com.br\/blog\/wp-json\/wp\/v2\/posts"}],"about":[{"href":"https:\/\/www.estrategiaconcursos.com.br\/blog\/wp-json\/wp\/v2\/types\/post"}],"author":[{"embeddable":true,"href":"https:\/\/www.estrategiaconcursos.com.br\/blog\/wp-json\/wp\/v2\/users\/1979"}],"replies":[{"embeddable":true,"href":"https:\/\/www.estrategiaconcursos.com.br\/blog\/wp-json\/wp\/v2\/comments?post=1090988"}],"version-history":[{"count":6,"href":"https:\/\/www.estrategiaconcursos.com.br\/blog\/wp-json\/wp\/v2\/posts\/1090988\/revisions"}],"predecessor-version":[{"id":1104056,"href":"https:\/\/www.estrategiaconcursos.com.br\/blog\/wp-json\/wp\/v2\/posts\/1090988\/revisions\/1104056"}],"wp:featuredmedia":[{"embeddable":true,"href":"https:\/\/www.estrategiaconcursos.com.br\/blog\/wp-json\/wp\/v2\/media\/1090991"}],"wp:attachment":[{"href":"https:\/\/www.estrategiaconcursos.com.br\/blog\/wp-json\/wp\/v2\/media?parent=1090988"}],"wp:term":[{"taxonomy":"category","embeddable":true,"href":"https:\/\/www.estrategiaconcursos.com.br\/blog\/wp-json\/wp\/v2\/categories?post=1090988"},{"taxonomy":"post_tag","embeddable":true,"href":"https:\/\/www.estrategiaconcursos.com.br\/blog\/wp-json\/wp\/v2\/tags?post=1090988"},{"taxonomy":"tax_estado","embeddable":true,"href":"https:\/\/www.estrategiaconcursos.com.br\/blog\/wp-json\/wp\/v2\/tax_estado?post=1090988"}],"curies":[{"name":"wp","href":"https:\/\/api.w.org\/{rel}","templated":true}]}}