{"id":1090872,"date":"2022-09-30T08:56:00","date_gmt":"2022-09-30T11:56:00","guid":{"rendered":"https:\/\/www.estrategiaconcursos.com.br\/blog\/?p=1090872"},"modified":"2022-09-12T12:41:09","modified_gmt":"2022-09-12T15:41:09","slug":"acumulacao-inss","status":"publish","type":"post","link":"https:\/\/www.estrategiaconcursos.com.br\/blog\/acumulacao-inss\/","title":{"rendered":"Acumula\u00e7\u00e3o de cargos p\u00fablicos: resumo para o concurso do INSS"},"content":{"rendered":"\n<p>Ol\u00e1. No artigo de hoje apresentaremos um resumo sobre o tema <strong>ACUMULA\u00c7\u00c3O DE CARGOS P\u00daBLICOS<\/strong>, com foco no novo concurso do <a href=\"https:\/\/www.gov.br\/inss\/pt-br\" target=\"_blank\" rel=\"noreferrer noopener\">INSS<\/a>.<\/p>\n\n\n\n<figure class=\"wp-block-image aligncenter size-large\"><img loading=\"lazy\" decoding=\"async\" width=\"1024\" height=\"536\" src=\"https:\/\/dhg1h5j42swfq.cloudfront.net\/2021\/02\/22154356\/inss-1024x536.jpg\" alt=\"Acumula\u00e7\u00e3o de cargos p\u00fablicos: resumo para o concurso do INSS\" class=\"wp-image-698508\" srcset=\"https:\/\/dhg1h5j42swfq.cloudfront.net\/2021\/02\/22154356\/inss-1024x536.jpg 1024w, https:\/\/dhg1h5j42swfq.cloudfront.net\/2021\/02\/22154356\/inss-300x157.jpg 300w, https:\/\/dhg1h5j42swfq.cloudfront.net\/2021\/02\/22154356\/inss-768x402.jpg 768w, https:\/\/dhg1h5j42swfq.cloudfront.net\/2021\/02\/22154356\/inss-610x319.jpg 610w, https:\/\/dhg1h5j42swfq.cloudfront.net\/2021\/02\/22154356\/inss.jpg 1200w\" sizes=\"auto, (max-width: 1024px) 100vw, 1024px\" \/><figcaption>Acumula\u00e7\u00e3o de cargos p\u00fablicos: resumo para o concurso do INSS<\/figcaption><\/figure>\n\n\n\n<p>Pessoal, o novo concurso p\u00fablico do INSS j\u00e1 est\u00e1 com banca examinadora definida. Dessa forma, o <a href=\"https:\/\/www.cebraspe.org.br\/\" target=\"_blank\" rel=\"noreferrer noopener\">CEBRASPE<\/a> foi contratado para conduzir o certame.<\/p>\n\n\n\n<p>Al\u00e9m disso, sobre o tema do artigo de hoje (acumula\u00e7\u00e3o de cargos p\u00fablicos), vale ressaltar que esse \u00e9 um t\u00f3pico compat\u00edvel com o estudo das disciplinas de direito constitucional e de direito administrativo.<\/p>\n\n\n\n<p>Assim, tendo em vista que provavelmente as duas mat\u00e9rias constar\u00e3o do conte\u00fado program\u00e1tico do edital vindouro, esse \u00e9 um \u201ctema quente\u201d para a prova do INSS.<\/p>\n\n\n\n<p>Ademais, vale ressaltar que, neste artigo, para fins de simplifica\u00e7\u00e3o, adotaremos o termo \u201ccargo p\u00fablico\u201d de uma forma gen\u00e9rica, abrangendo os cargos p\u00fablicos propriamente ditos, os empregos p\u00fablicos e as fun\u00e7\u00f5es p\u00fablicas.<\/p>\n\n\n\n<p>Nesse sentido, devemos ressaltar que isso n\u00e3o \u00e9, a rigor, totalmente correto, mas esse artif\u00edcio foi utilizado para facilitar o entendimento e tornar a reda\u00e7\u00e3o deste artigo mais fluida. Portanto, cuidado com as quest\u00f5es de prova mais preciosistas quanto a essa distin\u00e7\u00e3o entre cargos, empregos p\u00fablicos e fun\u00e7\u00f5es p\u00fablicas.<\/p>\n\n\n\n<p>Bons estudos!<\/p>\n\n\n\n<h2 class=\"wp-block-heading\" id=\"h-acumulacao-de-cargos-publicos-para-o-inss-e-possivel-acumular-cargos-publicos\"><strong><mark style=\"background-color:rgba(0, 0, 0, 0)\" class=\"has-inline-color has-vivid-cyan-blue-color\">Acumula\u00e7\u00e3o de cargos p\u00fablicos para o INSS: \u00e9 poss\u00edvel acumular cargos p\u00fablicos?<\/mark><\/strong><\/h2>\n\n\n\n<p>A acumula\u00e7\u00e3o de cargos p\u00fablicos, conforme a l\u00f3gica sugere, consiste no <strong>fato de um mesmo indiv\u00edduo estar investido, concomitantemente, em mais de um cargo p\u00fablico<\/strong>.<\/p>\n\n\n\n<p>Sobre isso, devemos esclarecer que, <strong>em regra, a acumula\u00e7\u00e3o de cargos p\u00fablicos \u00e9 vedada pela Constitui\u00e7\u00e3o Federal de 1988 (CF\/88)<\/strong>.<\/p>\n\n\n\n<p>Todavia, <strong>existem v\u00e1rias exce\u00e7\u00f5es<\/strong>, apresentadas pela pr\u00f3pria Carta Magna, em que se considera poss\u00edvel a acumula\u00e7\u00e3o de cargos p\u00fablicos.<\/p>\n\n\n\n<p>Nesse sentido, conforme a CF\/88, a <strong>acumula\u00e7\u00e3o de cargos p\u00fablicos \u00e9 l\u00edcita nos seguintes casos<\/strong>:<\/p>\n\n\n\n<ul class=\"wp-block-list\"><li><strong>Dois cargos de professor;<\/strong><\/li><li><strong>Um cargo de professor e um cargo de natureza t\u00e9cnica ou cient\u00edfica;<\/strong><\/li><li><strong>Dos cargos de profissional de sa\u00fade com profiss\u00e3o regulamentada.<\/strong><\/li><\/ul>\n\n\n\n<p>Por\u00e9m, vale ressaltar que a <strong>acumula\u00e7\u00e3o somente \u00e9 l\u00edcita caso haja a compatibilidade de hor\u00e1rios<\/strong>.<\/p>\n\n\n\n<p>Ademais, o texto constitucional ainda prev\u00ea a possibilidade de acumula\u00e7\u00e3o entre <strong>cargos efetivos ou empregos p\u00fablicos com cargo eletivo e com cargo em comiss\u00e3o<\/strong>.<\/p>\n\n\n\n<p>No caso de <strong>acumula\u00e7\u00e3o com cargo eletivo<\/strong>, a Carta Magna estabelece <strong>regramento espec\u00edfico a depender do ente federado em que ser\u00e1 exercido o mandato<\/strong>, a saber:<\/p>\n\n\n\n<ul class=\"wp-block-list\"><li>FEDERAL: o servidor ou empregado p\u00fablico fica <strong>afastado do cargo p\u00fablico percebendo a remunera\u00e7\u00e3o do cargo eletivo<\/strong>;<\/li><li>ESTADUAL: o servidor ou empregado p\u00fablico fica <strong>afastado do cargo percebendo a remunera\u00e7\u00e3o do cargo eletivo<\/strong>;<\/li><li>MUNICIPAL: caso <strong>eleito para o cargo de Prefeito<\/strong>, o servidor fica <strong>afastado do cargo ou emprego p\u00fablico podendo optar pela remunera\u00e7\u00e3o deste ou do cargo eletivo<\/strong>. Por outro lado, caso <strong>eleito para o cargo de Vereador<\/strong>, caso <strong>haja compatibilidade de hor\u00e1rios poder\u00e1 exercer os dois cargos, percebendo a remunera\u00e7\u00e3o de ambos<\/strong>, ou, <strong>n\u00e3o havendo a compatibilidade de hor\u00e1rios, fica afastado do cargo ou emprego p\u00fablico podendo optar pela remunera\u00e7\u00e3o deste ou do cargo eletivo<\/strong>.<\/li><\/ul>\n\n\n\n<h2 class=\"wp-block-heading\"><strong><mark style=\"background-color:rgba(0, 0, 0, 0)\" class=\"has-inline-color has-vivid-cyan-blue-color\">Acumula\u00e7\u00e3o de cargos p\u00fablicos para o INSS: \u00e9 poss\u00edvel acumular cargo e aposentadoria?<\/mark><\/strong><\/h2>\n\n\n\n<p>Pessoal, acerca da possibilidade de acumula\u00e7\u00e3o de um cargo p\u00fablico com os proventos de uma aposentadoria, a l\u00f3gica \u00e9 bastante simples, conforme veremos a seguir.<\/p>\n\n\n\n<p>Nesse sentido, pode-se dizer que \u00e9 poss\u00edvel, desde que o cargo p\u00fablico exercido seja acumul\u00e1vel com o cargo p\u00fablico origin\u00e1rio dos proventos de aposentadoria.<\/p>\n\n\n\n<p>Em outras palavras, a l\u00f3gica disso consiste em dizer que <strong>\u201co que \u00e9 acumul\u00e1vel na atividade tamb\u00e9m ser\u00e1 acumul\u00e1vel na inatividade\u201d<\/strong>.<\/p>\n\n\n\n<h2 class=\"wp-block-heading\"><strong><mark style=\"background-color:rgba(0, 0, 0, 0)\" class=\"has-inline-color has-vivid-cyan-blue-color\">Acumula\u00e7\u00e3o de cargos p\u00fablicos para o INSS: como fica o teto remunerat\u00f3rio constitucional na acumula\u00e7\u00e3o?<\/mark><\/strong><\/h2>\n\n\n\n<p>Conforme o art. 37, XI e \u00a712, da CF\/88, estabeleceu-se no servi\u00e7o p\u00fablico brasileiro alguns limites remunerat\u00f3rios (teto e subtetos) aplic\u00e1veis aos agentes p\u00fablicos.<\/p>\n\n\n\n<p>Por exemplo, em \u00e2mbito do servi\u00e7o p\u00fablico federal, nenhum agente p\u00fablico pode perceber remunera\u00e7\u00e3o (exclu\u00eddas as verbas indenizat\u00f3rias) superior ao subs\u00eddio em esp\u00e9cie dos Ministros do Supremo Tribunal Federal (STF).<\/p>\n\n\n\n<p>Todavia, em caso de acumula\u00e7\u00e3o l\u00edcita de cargos p\u00fablicos, o <strong>STF decidiu que a apura\u00e7\u00e3o dos valores para fins de teto remunerat\u00f3rio dever\u00e1 considerar cada cargo individualmente<\/strong>.<\/p>\n\n\n\n<p>Ou seja, o agente p\u00fablico pode perceber, para cada cargo, o teto ou subteto aplic\u00e1vel ao ente federativo em que se enquadra.<\/p>\n\n\n\n<h2 class=\"wp-block-heading\"><strong><mark style=\"background-color:rgba(0, 0, 0, 0)\" class=\"has-inline-color has-vivid-cyan-blue-color\">Acumula\u00e7\u00e3o de cargos p\u00fablicos para o INSS: o que ocorre nas situa\u00e7\u00f5es de acumula\u00e7\u00e3o il\u00edcita?<\/mark><\/strong><\/h2>\n\n\n\n<p>Em \u00e2mbito da administra\u00e7\u00e3o p\u00fablica federal, que \u00e9 o caso aplic\u00e1vel ao concurso do INSS, a Lei 8.112\/1990 (institui o Regime Jur\u00eddico dos Servidores P\u00fablicos Civis da Uni\u00e3o, das autarquias, inclusive as em regime especial, e das funda\u00e7\u00f5es p\u00fablicas federais) disp\u00f5e no art. 133 acerca da acumula\u00e7\u00e3o il\u00edcita de cargos, empregos ou fun\u00e7\u00f5es p\u00fablicas.<\/p>\n\n\n\n<p>Nesse sentido, <strong>caso seja constatada a acumula\u00e7\u00e3o il\u00edcita, a Administra\u00e7\u00e3o P\u00fablica notificar\u00e1 o respons\u00e1vel para que fa\u00e7a a op\u00e7\u00e3o entre os cargos acumulados, no prazo improrrog\u00e1vel de 10 dias<\/strong>.<\/p>\n\n\n\n<p>Assim, <strong>se o notificado n\u00e3o apresentar manifesta\u00e7\u00e3o no prazo supracitado, a Administra\u00e7\u00e3o dever\u00e1 adotar procedimento sum\u00e1rio para regulariza\u00e7\u00e3o da situa\u00e7\u00e3o<\/strong>.<\/p>\n\n\n\n<h2 class=\"wp-block-heading\"><strong><mark style=\"background-color:rgba(0, 0, 0, 0)\" class=\"has-inline-color has-vivid-cyan-blue-color\">Conclus\u00e3o<\/mark><\/strong><\/h2>\n\n\n\n<p>Pessoal, finalizamos o nosso resumo sobre acumula\u00e7\u00e3o de cargos p\u00fablicos para o concurso do INSS.<\/p>\n\n\n\n<p>Nos encontramos no pr\u00f3ximo artigo.<\/p>\n\n\n\n<p>Grande abra\u00e7o.<\/p>\n\n\n\n<p><strong>Rafael Chaves<\/strong><\/p>\n\n\n\n<p class=\"has-text-align-center has-pale-cyan-blue-background-color has-background has-medium-font-size\"><strong>Mais informa\u00e7\u00f5es: <a href=\"https:\/\/www.estrategiaconcursos.com.br\/blog\/concurso-inss\/\" target=\"_blank\" rel=\"noreferrer noopener\">CONCURSO INSS<\/a><\/strong><\/p>\n\n\n\n<h2 class=\"has-text-align-center wp-block-heading\">Quer saber tudo sobre concursos previstos?<br \/>Confira nossos artigos!<\/h2>\n\n\n\n<p class=\"has-text-align-center has-pale-cyan-blue-background-color has-background has-medium-font-size\"><a href=\"https:\/\/www.estrategiaconcursos.com.br\/blog\/concursos-abertos\/\" target=\"_blank\" rel=\"noreferrer noopener\">Concursos abertos<\/a><\/p>\n\n\n\n<p class=\"has-text-align-center has-pale-cyan-blue-background-color has-background has-medium-font-size\"><a href=\"https:\/\/www.estrategiaconcursos.com.br\/blog\/concursos-2022\/\" target=\"_blank\" rel=\"noreferrer noopener\">Concursos 2022<\/a><\/p>\n\n\n\n<p class=\"has-text-align-center has-pale-cyan-blue-background-color has-background has-medium-font-size\"><a href=\"https:\/\/www.estrategiaconcursos.com.br\/blog\/concursos-2023\/\" target=\"_blank\" rel=\"noreferrer noopener\">Concursos 2023<\/a><\/p>\n","protected":false},"excerpt":{"rendered":"<p>Ol\u00e1. No artigo de hoje apresentaremos um resumo sobre o tema ACUMULA\u00c7\u00c3O DE CARGOS P\u00daBLICOS, com foco no novo concurso do INSS. Pessoal, o novo concurso p\u00fablico do INSS j\u00e1 est\u00e1 com banca examinadora definida. Dessa forma, o CEBRASPE foi contratado para conduzir o certame. Al\u00e9m disso, sobre o tema do artigo de hoje (acumula\u00e7\u00e3o [&hellip;]<\/p>\n","protected":false},"author":2261,"featured_media":698508,"comment_status":"open","ping_status":"closed","sticky":false,"template":"","format":"standard","meta":{"post_tipo":"article","footnotes":""},"categories":[1,220191],"tags":[],"tax_estado":[219963],"class_list":["post-1090872","post","type-post","status-publish","format-standard","has-post-thumbnail","hentry","category-cursos-e-concursos","category-previdenciaria","tax_estado-concursos-federais"],"acf":[],"yoast_head":"<!-- This site is optimized with the Yoast SEO Premium plugin v27.2 (Yoast SEO v27.2) - https:\/\/yoast.com\/product\/yoast-seo-premium-wordpress\/ -->\n<title>Acumula\u00e7\u00e3o de cargos p\u00fablicos: resumo para o concurso do INSS<\/title>\n<meta name=\"description\" content=\"Estude sobre os principais t\u00f3picos que podem ser exigidos na prova do novo concurso do INSS acerca da acumula\u00e7\u00e3o de cargos p\u00fablicos.\" \/>\n<meta name=\"robots\" content=\"index, follow, max-snippet:-1, max-image-preview:large, max-video-preview:-1\" \/>\n<link rel=\"canonical\" href=\"https:\/\/www.estrategiaconcursos.com.br\/blog\/acumulacao-inss\/\" \/>\n<meta property=\"og:locale\" content=\"pt_BR\" \/>\n<meta property=\"og:type\" content=\"article\" \/>\n<meta property=\"og:title\" content=\"Acumula\u00e7\u00e3o de cargos p\u00fablicos: resumo para o concurso do INSS\" \/>\n<meta property=\"og:description\" content=\"Estude sobre os principais t\u00f3picos que podem ser exigidos na prova do novo concurso do INSS acerca da acumula\u00e7\u00e3o de cargos p\u00fablicos.\" \/>\n<meta property=\"og:url\" content=\"https:\/\/www.estrategiaconcursos.com.br\/blog\/acumulacao-inss\/\" \/>\n<meta property=\"og:site_name\" content=\"Estrat\u00e9gia Concursos\" \/>\n<meta property=\"article:published_time\" content=\"2022-09-30T11:56:00+00:00\" \/>\n<meta property=\"og:image\" content=\"https:\/\/dhg1h5j42swfq.cloudfront.net\/2021\/02\/22154356\/inss.jpg\" \/>\n\t<meta property=\"og:image:width\" content=\"1200\" \/>\n\t<meta property=\"og:image:height\" content=\"628\" \/>\n\t<meta property=\"og:image:type\" content=\"image\/jpeg\" \/>\n<meta name=\"author\" content=\"Rafael Ferreira Chaves\" \/>\n<meta name=\"twitter:card\" content=\"summary_large_image\" \/>\n<meta name=\"twitter:creator\" content=\"@EstratConcursos\" \/>\n<meta name=\"twitter:site\" content=\"@EstratConcursos\" \/>\n<meta name=\"twitter:label1\" content=\"Escrito por\" \/>\n\t<meta name=\"twitter:data1\" content=\"Rafael Ferreira Chaves\" \/>\n\t<meta name=\"twitter:label2\" content=\"Est. tempo de leitura\" \/>\n\t<meta name=\"twitter:data2\" content=\"5 minutos\" \/>\n<script type=\"application\/ld+json\" class=\"yoast-schema-graph\">{\"@context\":\"https:\/\/schema.org\",\"@graph\":[{\"@type\":\"NewsArticle\",\"@id\":\"https:\/\/www.estrategiaconcursos.com.br\/blog\/acumulacao-inss\/#article\",\"isPartOf\":{\"@id\":\"https:\/\/www.estrategiaconcursos.com.br\/blog\/acumulacao-inss\/\"},\"author\":{\"name\":\"Rafael Ferreira Chaves\",\"@id\":\"https:\/\/www.estrategiaconcursos.com.br\/blog\/#\/schema\/person\/545cce8f1c81268ec2ca202a954284e1\"},\"headline\":\"Acumula\u00e7\u00e3o de cargos p\u00fablicos: resumo para o concurso do INSS\",\"datePublished\":\"2022-09-30T11:56:00+00:00\",\"mainEntityOfPage\":{\"@id\":\"https:\/\/www.estrategiaconcursos.com.br\/blog\/acumulacao-inss\/\"},\"wordCount\":993,\"commentCount\":0,\"publisher\":{\"@id\":\"https:\/\/www.estrategiaconcursos.com.br\/blog\/#organization\"},\"image\":{\"@id\":\"https:\/\/www.estrategiaconcursos.com.br\/blog\/acumulacao-inss\/#primaryimage\"},\"thumbnailUrl\":\"https:\/\/dhg1h5j42swfq.cloudfront.net\/2021\/02\/22154356\/inss.jpg\",\"articleSection\":[\"Concursos P\u00fablicos\",\"Previdenci\u00e1ria (INSS, PREVIC)\"],\"inLanguage\":\"pt-BR\",\"potentialAction\":[{\"@type\":\"CommentAction\",\"name\":\"Comment\",\"target\":[\"https:\/\/www.estrategiaconcursos.com.br\/blog\/acumulacao-inss\/#respond\"]}],\"copyrightYear\":\"2022\",\"copyrightHolder\":{\"@id\":\"https:\/\/www.estrategiaconcursos.com.br\/blog\/#organization\"}},{\"@type\":\"WebPage\",\"@id\":\"https:\/\/www.estrategiaconcursos.com.br\/blog\/acumulacao-inss\/\",\"url\":\"https:\/\/www.estrategiaconcursos.com.br\/blog\/acumulacao-inss\/\",\"name\":\"Acumula\u00e7\u00e3o de cargos p\u00fablicos: resumo para o concurso do INSS\",\"isPartOf\":{\"@id\":\"https:\/\/www.estrategiaconcursos.com.br\/blog\/#website\"},\"primaryImageOfPage\":{\"@id\":\"https:\/\/www.estrategiaconcursos.com.br\/blog\/acumulacao-inss\/#primaryimage\"},\"image\":{\"@id\":\"https:\/\/www.estrategiaconcursos.com.br\/blog\/acumulacao-inss\/#primaryimage\"},\"thumbnailUrl\":\"https:\/\/dhg1h5j42swfq.cloudfront.net\/2021\/02\/22154356\/inss.jpg\",\"datePublished\":\"2022-09-30T11:56:00+00:00\",\"description\":\"Estude sobre os principais t\u00f3picos que podem ser exigidos na prova do novo concurso do INSS acerca da acumula\u00e7\u00e3o de cargos p\u00fablicos.\",\"breadcrumb\":{\"@id\":\"https:\/\/www.estrategiaconcursos.com.br\/blog\/acumulacao-inss\/#breadcrumb\"},\"inLanguage\":\"pt-BR\",\"potentialAction\":[{\"@type\":\"ReadAction\",\"target\":[\"https:\/\/www.estrategiaconcursos.com.br\/blog\/acumulacao-inss\/\"]}]},{\"@type\":\"ImageObject\",\"inLanguage\":\"pt-BR\",\"@id\":\"https:\/\/www.estrategiaconcursos.com.br\/blog\/acumulacao-inss\/#primaryimage\",\"url\":\"https:\/\/dhg1h5j42swfq.cloudfront.net\/2021\/02\/22154356\/inss.jpg\",\"contentUrl\":\"https:\/\/dhg1h5j42swfq.cloudfront.net\/2021\/02\/22154356\/inss.jpg\",\"width\":1200,\"height\":628,\"caption\":\"Concurso INSS retifica\u00e7\u00f5es\"},{\"@type\":\"BreadcrumbList\",\"@id\":\"https:\/\/www.estrategiaconcursos.com.br\/blog\/acumulacao-inss\/#breadcrumb\",\"itemListElement\":[{\"@type\":\"ListItem\",\"position\":1,\"name\":\"In\u00edcio\",\"item\":\"https:\/\/www.estrategiaconcursos.com.br\/blog\/\"},{\"@type\":\"ListItem\",\"position\":2,\"name\":\"Acumula\u00e7\u00e3o de cargos p\u00fablicos: resumo para o concurso do INSS\"}]},{\"@type\":\"WebSite\",\"@id\":\"https:\/\/www.estrategiaconcursos.com.br\/blog\/#website\",\"url\":\"https:\/\/www.estrategiaconcursos.com.br\/blog\/\",\"name\":\"Estrat\u00e9gia Concursos\",\"description\":\"O blog da Estrat\u00e9gia Concursos traz not\u00edcias sobre concursos e artigos de professores oferecendo cursos para concursos (pdf + videaulas) no site.\",\"publisher\":{\"@id\":\"https:\/\/www.estrategiaconcursos.com.br\/blog\/#organization\"},\"potentialAction\":[{\"@type\":\"SearchAction\",\"target\":{\"@type\":\"EntryPoint\",\"urlTemplate\":\"https:\/\/www.estrategiaconcursos.com.br\/blog\/?s={search_term_string}\"},\"query-input\":{\"@type\":\"PropertyValueSpecification\",\"valueRequired\":true,\"valueName\":\"search_term_string\"}}],\"inLanguage\":\"pt-BR\"},{\"@type\":\"Organization\",\"@id\":\"https:\/\/www.estrategiaconcursos.com.br\/blog\/#organization\",\"name\":\"Estrat\u00e9gia Concursos\",\"url\":\"https:\/\/www.estrategiaconcursos.com.br\/blog\/\",\"logo\":{\"@type\":\"ImageObject\",\"inLanguage\":\"pt-BR\",\"@id\":\"https:\/\/www.estrategiaconcursos.com.br\/blog\/#\/schema\/logo\/image\/\",\"url\":\"https:\/\/dhg1h5j42swfq.cloudfront.net\/2025\/06\/03203428\/logo_concursos-1.jpg\",\"contentUrl\":\"https:\/\/dhg1h5j42swfq.cloudfront.net\/2025\/06\/03203428\/logo_concursos-1.jpg\",\"width\":230,\"height\":60,\"caption\":\"Estrat\u00e9gia Concursos\"},\"image\":{\"@id\":\"https:\/\/www.estrategiaconcursos.com.br\/blog\/#\/schema\/logo\/image\/\"},\"sameAs\":[\"https:\/\/x.com\/EstratConcursos\"]},{\"@type\":\"Person\",\"@id\":\"https:\/\/www.estrategiaconcursos.com.br\/blog\/#\/schema\/person\/545cce8f1c81268ec2ca202a954284e1\",\"name\":\"Rafael Ferreira Chaves\",\"image\":{\"@type\":\"ImageObject\",\"inLanguage\":\"pt-BR\",\"@id\":\"https:\/\/secure.gravatar.com\/avatar\/7d43172b7c8451a76fe991e14bf7b661f56fcd3e9d8f44dcd92c997cfaf1286f?s=96&d=mm&r=g\",\"url\":\"https:\/\/secure.gravatar.com\/avatar\/7d43172b7c8451a76fe991e14bf7b661f56fcd3e9d8f44dcd92c997cfaf1286f?s=96&d=mm&r=g\",\"contentUrl\":\"https:\/\/secure.gravatar.com\/avatar\/7d43172b7c8451a76fe991e14bf7b661f56fcd3e9d8f44dcd92c997cfaf1286f?s=96&d=mm&r=g\",\"caption\":\"Rafael Ferreira Chaves\"},\"description\":\"Engenheiro Civil formado pela Universidade Federal do Piau\u00ed - UFPI. Especialista em Engenharia Ambiental e Saneamento B\u00e1sico pela Faculdade Est\u00e1cio. Atualmente exerce o cargo de Auditor de Controle Externo do TCE\/AM. Aprovado e nomeado nos seguintes concursos: ARSETE\/PMT (1\u00ba lugar - Analista de Regula\u00e7\u00e3o - Eng. Civil), Prefeitura de Campinas\/SP (Eng. Civil) , CODEVASF (Analista de Desenvolvimento Regional - Eng. Civil), TCE\/AM (2\u00ba lugar - Auditor de Controle Externo - Obras P\u00fablicas \/ 14\u00ba lugar - Auditor de Controle Externo - Auditoria Governamental), TCE\/TO (2\u00ba lugar - Auditor de Controle Externo - Eng. Civil), TCE GO (Analista de Controle Externo - Controle Externo).\",\"url\":\"https:\/\/www.estrategiaconcursos.com.br\/blog\/author\/fchaves01gmail-com\/\"}]}<\/script>\n<!-- \/ Yoast SEO Premium plugin. -->","yoast_head_json":{"title":"Acumula\u00e7\u00e3o de cargos p\u00fablicos: resumo para o concurso do INSS","description":"Estude sobre os principais t\u00f3picos que podem ser exigidos na prova do novo concurso do INSS acerca da acumula\u00e7\u00e3o de cargos p\u00fablicos.","robots":{"index":"index","follow":"follow","max-snippet":"max-snippet:-1","max-image-preview":"max-image-preview:large","max-video-preview":"max-video-preview:-1"},"canonical":"https:\/\/www.estrategiaconcursos.com.br\/blog\/acumulacao-inss\/","og_locale":"pt_BR","og_type":"article","og_title":"Acumula\u00e7\u00e3o de cargos p\u00fablicos: resumo para o concurso do INSS","og_description":"Estude sobre os principais t\u00f3picos que podem ser exigidos na prova do novo concurso do INSS acerca da acumula\u00e7\u00e3o de cargos p\u00fablicos.","og_url":"https:\/\/www.estrategiaconcursos.com.br\/blog\/acumulacao-inss\/","og_site_name":"Estrat\u00e9gia Concursos","article_published_time":"2022-09-30T11:56:00+00:00","og_image":[{"width":1200,"height":628,"url":"https:\/\/dhg1h5j42swfq.cloudfront.net\/2021\/02\/22154356\/inss.jpg","type":"image\/jpeg"}],"author":"Rafael Ferreira Chaves","twitter_card":"summary_large_image","twitter_creator":"@EstratConcursos","twitter_site":"@EstratConcursos","twitter_misc":{"Escrito por":"Rafael Ferreira Chaves","Est. tempo de leitura":"5 minutos"},"schema":{"@context":"https:\/\/schema.org","@graph":[{"@type":"NewsArticle","@id":"https:\/\/www.estrategiaconcursos.com.br\/blog\/acumulacao-inss\/#article","isPartOf":{"@id":"https:\/\/www.estrategiaconcursos.com.br\/blog\/acumulacao-inss\/"},"author":{"name":"Rafael Ferreira Chaves","@id":"https:\/\/www.estrategiaconcursos.com.br\/blog\/#\/schema\/person\/545cce8f1c81268ec2ca202a954284e1"},"headline":"Acumula\u00e7\u00e3o de cargos p\u00fablicos: resumo para o concurso do INSS","datePublished":"2022-09-30T11:56:00+00:00","mainEntityOfPage":{"@id":"https:\/\/www.estrategiaconcursos.com.br\/blog\/acumulacao-inss\/"},"wordCount":993,"commentCount":0,"publisher":{"@id":"https:\/\/www.estrategiaconcursos.com.br\/blog\/#organization"},"image":{"@id":"https:\/\/www.estrategiaconcursos.com.br\/blog\/acumulacao-inss\/#primaryimage"},"thumbnailUrl":"https:\/\/dhg1h5j42swfq.cloudfront.net\/2021\/02\/22154356\/inss.jpg","articleSection":["Concursos P\u00fablicos","Previdenci\u00e1ria (INSS, PREVIC)"],"inLanguage":"pt-BR","potentialAction":[{"@type":"CommentAction","name":"Comment","target":["https:\/\/www.estrategiaconcursos.com.br\/blog\/acumulacao-inss\/#respond"]}],"copyrightYear":"2022","copyrightHolder":{"@id":"https:\/\/www.estrategiaconcursos.com.br\/blog\/#organization"}},{"@type":"WebPage","@id":"https:\/\/www.estrategiaconcursos.com.br\/blog\/acumulacao-inss\/","url":"https:\/\/www.estrategiaconcursos.com.br\/blog\/acumulacao-inss\/","name":"Acumula\u00e7\u00e3o de cargos p\u00fablicos: resumo para o concurso do INSS","isPartOf":{"@id":"https:\/\/www.estrategiaconcursos.com.br\/blog\/#website"},"primaryImageOfPage":{"@id":"https:\/\/www.estrategiaconcursos.com.br\/blog\/acumulacao-inss\/#primaryimage"},"image":{"@id":"https:\/\/www.estrategiaconcursos.com.br\/blog\/acumulacao-inss\/#primaryimage"},"thumbnailUrl":"https:\/\/dhg1h5j42swfq.cloudfront.net\/2021\/02\/22154356\/inss.jpg","datePublished":"2022-09-30T11:56:00+00:00","description":"Estude sobre os principais t\u00f3picos que podem ser exigidos na prova do novo concurso do INSS acerca da acumula\u00e7\u00e3o de cargos p\u00fablicos.","breadcrumb":{"@id":"https:\/\/www.estrategiaconcursos.com.br\/blog\/acumulacao-inss\/#breadcrumb"},"inLanguage":"pt-BR","potentialAction":[{"@type":"ReadAction","target":["https:\/\/www.estrategiaconcursos.com.br\/blog\/acumulacao-inss\/"]}]},{"@type":"ImageObject","inLanguage":"pt-BR","@id":"https:\/\/www.estrategiaconcursos.com.br\/blog\/acumulacao-inss\/#primaryimage","url":"https:\/\/dhg1h5j42swfq.cloudfront.net\/2021\/02\/22154356\/inss.jpg","contentUrl":"https:\/\/dhg1h5j42swfq.cloudfront.net\/2021\/02\/22154356\/inss.jpg","width":1200,"height":628,"caption":"Concurso INSS retifica\u00e7\u00f5es"},{"@type":"BreadcrumbList","@id":"https:\/\/www.estrategiaconcursos.com.br\/blog\/acumulacao-inss\/#breadcrumb","itemListElement":[{"@type":"ListItem","position":1,"name":"In\u00edcio","item":"https:\/\/www.estrategiaconcursos.com.br\/blog\/"},{"@type":"ListItem","position":2,"name":"Acumula\u00e7\u00e3o de cargos p\u00fablicos: resumo para o concurso do INSS"}]},{"@type":"WebSite","@id":"https:\/\/www.estrategiaconcursos.com.br\/blog\/#website","url":"https:\/\/www.estrategiaconcursos.com.br\/blog\/","name":"Estrat\u00e9gia Concursos","description":"O blog da Estrat\u00e9gia Concursos traz not\u00edcias sobre concursos e artigos de professores oferecendo cursos para concursos (pdf + videaulas) no site.","publisher":{"@id":"https:\/\/www.estrategiaconcursos.com.br\/blog\/#organization"},"potentialAction":[{"@type":"SearchAction","target":{"@type":"EntryPoint","urlTemplate":"https:\/\/www.estrategiaconcursos.com.br\/blog\/?s={search_term_string}"},"query-input":{"@type":"PropertyValueSpecification","valueRequired":true,"valueName":"search_term_string"}}],"inLanguage":"pt-BR"},{"@type":"Organization","@id":"https:\/\/www.estrategiaconcursos.com.br\/blog\/#organization","name":"Estrat\u00e9gia Concursos","url":"https:\/\/www.estrategiaconcursos.com.br\/blog\/","logo":{"@type":"ImageObject","inLanguage":"pt-BR","@id":"https:\/\/www.estrategiaconcursos.com.br\/blog\/#\/schema\/logo\/image\/","url":"https:\/\/dhg1h5j42swfq.cloudfront.net\/2025\/06\/03203428\/logo_concursos-1.jpg","contentUrl":"https:\/\/dhg1h5j42swfq.cloudfront.net\/2025\/06\/03203428\/logo_concursos-1.jpg","width":230,"height":60,"caption":"Estrat\u00e9gia Concursos"},"image":{"@id":"https:\/\/www.estrategiaconcursos.com.br\/blog\/#\/schema\/logo\/image\/"},"sameAs":["https:\/\/x.com\/EstratConcursos"]},{"@type":"Person","@id":"https:\/\/www.estrategiaconcursos.com.br\/blog\/#\/schema\/person\/545cce8f1c81268ec2ca202a954284e1","name":"Rafael Ferreira Chaves","image":{"@type":"ImageObject","inLanguage":"pt-BR","@id":"https:\/\/secure.gravatar.com\/avatar\/7d43172b7c8451a76fe991e14bf7b661f56fcd3e9d8f44dcd92c997cfaf1286f?s=96&d=mm&r=g","url":"https:\/\/secure.gravatar.com\/avatar\/7d43172b7c8451a76fe991e14bf7b661f56fcd3e9d8f44dcd92c997cfaf1286f?s=96&d=mm&r=g","contentUrl":"https:\/\/secure.gravatar.com\/avatar\/7d43172b7c8451a76fe991e14bf7b661f56fcd3e9d8f44dcd92c997cfaf1286f?s=96&d=mm&r=g","caption":"Rafael Ferreira Chaves"},"description":"Engenheiro Civil formado pela Universidade Federal do Piau\u00ed - UFPI. Especialista em Engenharia Ambiental e Saneamento B\u00e1sico pela Faculdade Est\u00e1cio. Atualmente exerce o cargo de Auditor de Controle Externo do TCE\/AM. Aprovado e nomeado nos seguintes concursos: ARSETE\/PMT (1\u00ba lugar - Analista de Regula\u00e7\u00e3o - Eng. Civil), Prefeitura de Campinas\/SP (Eng. Civil) , CODEVASF (Analista de Desenvolvimento Regional - Eng. Civil), TCE\/AM (2\u00ba lugar - Auditor de Controle Externo - Obras P\u00fablicas \/ 14\u00ba lugar - Auditor de Controle Externo - Auditoria Governamental), TCE\/TO (2\u00ba lugar - Auditor de Controle Externo - Eng. Civil), TCE GO (Analista de Controle Externo - Controle Externo).","url":"https:\/\/www.estrategiaconcursos.com.br\/blog\/author\/fchaves01gmail-com\/"}]}},"_links":{"self":[{"href":"https:\/\/www.estrategiaconcursos.com.br\/blog\/wp-json\/wp\/v2\/posts\/1090872","targetHints":{"allow":["GET"]}}],"collection":[{"href":"https:\/\/www.estrategiaconcursos.com.br\/blog\/wp-json\/wp\/v2\/posts"}],"about":[{"href":"https:\/\/www.estrategiaconcursos.com.br\/blog\/wp-json\/wp\/v2\/types\/post"}],"author":[{"embeddable":true,"href":"https:\/\/www.estrategiaconcursos.com.br\/blog\/wp-json\/wp\/v2\/users\/2261"}],"replies":[{"embeddable":true,"href":"https:\/\/www.estrategiaconcursos.com.br\/blog\/wp-json\/wp\/v2\/comments?post=1090872"}],"version-history":[{"count":6,"href":"https:\/\/www.estrategiaconcursos.com.br\/blog\/wp-json\/wp\/v2\/posts\/1090872\/revisions"}],"predecessor-version":[{"id":1091664,"href":"https:\/\/www.estrategiaconcursos.com.br\/blog\/wp-json\/wp\/v2\/posts\/1090872\/revisions\/1091664"}],"wp:featuredmedia":[{"embeddable":true,"href":"https:\/\/www.estrategiaconcursos.com.br\/blog\/wp-json\/wp\/v2\/media\/698508"}],"wp:attachment":[{"href":"https:\/\/www.estrategiaconcursos.com.br\/blog\/wp-json\/wp\/v2\/media?parent=1090872"}],"wp:term":[{"taxonomy":"category","embeddable":true,"href":"https:\/\/www.estrategiaconcursos.com.br\/blog\/wp-json\/wp\/v2\/categories?post=1090872"},{"taxonomy":"post_tag","embeddable":true,"href":"https:\/\/www.estrategiaconcursos.com.br\/blog\/wp-json\/wp\/v2\/tags?post=1090872"},{"taxonomy":"tax_estado","embeddable":true,"href":"https:\/\/www.estrategiaconcursos.com.br\/blog\/wp-json\/wp\/v2\/tax_estado?post=1090872"}],"curies":[{"name":"wp","href":"https:\/\/api.w.org\/{rel}","templated":true}]}}