{"id":1090624,"date":"2022-10-10T14:10:00","date_gmt":"2022-10-10T17:10:00","guid":{"rendered":"https:\/\/www.estrategiaconcursos.com.br\/blog\/?p=1090624"},"modified":"2026-03-20T17:01:45","modified_gmt":"2026-03-20T20:01:45","slug":"concurso-detran-ap-edital-publicado","status":"publish","type":"post","link":"https:\/\/www.estrategiaconcursos.com.br\/blog\/concurso-detran-ap-edital-publicado\/","title":{"rendered":"Edital Detran AP \u00e9 publicado! Inscri\u00e7\u00f5es est\u00e3o encerradas"},"content":{"rendered":"\n<p>O edital do <strong>concurso Detran AP<\/strong> est\u00e1 com as inscri\u00e7\u00f5es encerradas. Os interessados puderam se candidatar at\u00e9 o dia 10 de outubro, ao custo de R$ 80,00 a R$ 120,00. <\/p>\n\n\n\n<p>S\u00e3o ofertadas <strong>66 vagas imediatas<\/strong>, al\u00e9m de 470 para forma\u00e7\u00e3o de cadastro reserva. As oportunidades se distribuem entre cargos de n\u00edveis m\u00e9dio e superior, com sal\u00e1rios de R$ 3.048,23 a R$ 6.830,76.<\/p>\n\n\n\n<ul class=\"has-background wp-block-list\" style=\"background:linear-gradient(135deg,rgb(255,255,255) 0%,rgb(124,154,206) 100%)\"><li><strong style=\"background-color: initial; color: initial;\">Banca<\/strong><span style=\"background-color: initial; color: initial;\">: <a href=\"https:\/\/www.concursosfcc.com.br\/concursos\/detap122\/index.html\" target=\"_blank\" rel=\"noreferrer noopener\">FCC<\/a><\/span><\/li><li><strong>Vagas<\/strong>: 66 + 470 CR<\/li><li><strong>Cargos<\/strong><span style=\"background-color: initial; color: initial;\">: diversos<\/span><\/li><li><strong>Sal\u00e1rio inicial<\/strong>: R$ 3.048,23 a R$ 6.830,76<\/li><li><strong>Edital: <\/strong><a href=\"https:\/\/dhg1h5j42swfq.cloudfront.net\/2022\/09\/06190729\/detap122_edital_de_abertura_de_inscricoes_fcc_publicar-1.pdf\" target=\"_blank\" rel=\"noreferrer noopener nofollow\">Detran AP-2022<\/a><\/li><\/ul>\n\n\n\n<div class=\"container\" id=\"boxes\">\n  <div class=\"row\"> \n\n    <div class=\"col-sm\">\n      <div class=\"banner-adm\" id=\"box-assinatura\">\n        <h3 class=\"titulo-assinatura\">Concurso Detran AP<\/h3>\n        <p class=\"subtitulo-assinatura\">Conhe\u00e7a os cursos<\/p>\n        <div class=\"box-botao\">\n          <a class=\"btn-assinatura\" target=\"_blank\" href=\"https:\/\/www.estrategiaconcursos.com.br\/cursosPorConcurso\/detran-ap\/\" role=\"button\" rel=\"noopener noreferrer\">Conhe\u00e7a mais<\/a>\n        <\/div>\n      <\/div>\n     \n\n  <\/div>\n<\/div><\/div>\n\n\n\n<h2 class=\"wp-block-heading\" id=\"definida\">Principais datas do edital Detran AP<\/h2>\n\n\n\n<ul class=\"wp-block-list\"><li><strong>Per\u00edodo de inscri\u00e7\u00f5es: <\/strong><s>12 de setembro a 10 de outubro de 2022<\/s><\/li><li><strong>Isen\u00e7\u00e3o da taxa:<\/strong> <s>12 a 16 de setembro de 2022<\/s><\/li><li><strong>\u00daltimo dia para pagamento: <\/strong><s>at\u00e9 10 de outubro de 2022<\/s><\/li><li><strong>Provas:<\/strong> 11 de dezembro de 2022<\/li><\/ul>\n\n\n\n<h2 class=\"wp-block-heading\" id=\"cargos-e-vagas-previstos\">Cargos e vagas do edital Detran AP<\/h2>\n\n\n\n<h3 class=\"wp-block-heading\">N\u00edvel M\u00e9dio<\/h3>\n\n\n\n<figure class=\"wp-block-table is-style-stripes\"><table class=\"has-background has-fixed-layout\" style=\"background-color:#dae3ef\"><thead><tr><th class=\"has-text-align-center\" data-align=\"center\">Cargos<\/th><th class=\"has-text-align-center\" data-align=\"center\">Vagas<\/th><th class=\"has-text-align-center\" data-align=\"center\">Remunera\u00e7\u00e3o<\/th><\/tr><\/thead><tbody><tr><td class=\"has-text-align-center\" data-align=\"center\">Assistente Administrativo de Tr\u00e2nsito<\/td><td class=\"has-text-align-center\" data-align=\"center\">40 + 300 CR<\/td><td class=\"has-text-align-center\" data-align=\"center\">R$ 3.048,23<\/td><\/tr><\/tbody><\/table><\/figure>\n\n\n\n<h3 class=\"wp-block-heading\">N\u00edvel Superior<\/h3>\n\n\n\n<figure class=\"wp-block-table is-style-stripes\"><table class=\"has-background has-fixed-layout\" style=\"background-color:#dae3ef\"><thead><tr><th class=\"has-text-align-center\" data-align=\"center\">Cargos<\/th><th class=\"has-text-align-center\" data-align=\"center\">Vagas<\/th><th class=\"has-text-align-center\" data-align=\"center\">Remunera\u00e7\u00e3o<\/th><\/tr><\/thead><tbody><tr><td class=\"has-text-align-center\" data-align=\"center\">Analista de Contabilidade e Controle<\/td><td class=\"has-text-align-center\" data-align=\"center\">03 + 20 CR<\/td><td class=\"has-text-align-center\" data-align=\"center\">R$ 6.830,76<\/td><\/tr><tr><td class=\"has-text-align-center\" data-align=\"center\">Analista Jur\u00eddico em Tr\u00e2nsito<\/td><td class=\"has-text-align-center\" data-align=\"center\">04 + 20 CR<\/td><td class=\"has-text-align-center\" data-align=\"center\">R$ 6.830,76<\/td><\/tr><tr><td class=\"has-text-align-center\" data-align=\"center\">Analista de Gest\u00e3o em Tr\u00e2nsito<\/td><td class=\"has-text-align-center\" data-align=\"center\">09 + 50 CR<\/td><td class=\"has-text-align-center\" data-align=\"center\">R$ 6.830,76<\/td><\/tr><tr><td class=\"has-text-align-center\" data-align=\"center\">Analista de Tecnologia da Informa\u00e7\u00e3o<\/td><td class=\"has-text-align-center\" data-align=\"center\">03 + 20 CR<\/td><td class=\"has-text-align-center\" data-align=\"center\">R$ 6.830,76<\/td><\/tr><tr><td class=\"has-text-align-center\" data-align=\"center\">Educador de Tr\u00e2nsito<\/td><td class=\"has-text-align-center\" data-align=\"center\">04 + 20 CR<\/td><td class=\"has-text-align-center\" data-align=\"center\">R$ 3.513,29<\/td><\/tr><tr><td class=\"has-text-align-center\" data-align=\"center\">Tradutor Int\u00e9rprete de Libras<\/td><td class=\"has-text-align-center\" data-align=\"center\">02 + 20 CR<\/td><td class=\"has-text-align-center\" data-align=\"center\">R$ 3.513,29<\/td><\/tr><tr><td class=\"has-text-align-center\" data-align=\"center\">M\u00e9dico Perito de Tr\u00e2nsito<\/td><td class=\"has-text-align-center\" data-align=\"center\">10 CR<\/td><td class=\"has-text-align-center\" data-align=\"center\">R$ 6.830,76<\/td><\/tr><tr><td class=\"has-text-align-center\" data-align=\"center\">Psic\u00f3logo Perito em Tr\u00e2nsito<\/td><td class=\"has-text-align-center\" data-align=\"center\">10 CR<\/td><td class=\"has-text-align-center\" data-align=\"center\">R$ 6.830,76<\/td><\/tr><\/tbody><\/table><\/figure>\n\n\n\n<h2 class=\"wp-block-heading\" id=\"anunciada\">Etapas e provas do edital Detran AP<\/h2>\n\n\n\n<p>O concurso Detran AP ser\u00e1 aplicado mediante as seguintes etapas:<\/p>\n\n\n\n<ul class=\"wp-block-list\"><li>Prova Objetiva, de car\u00e1ter eliminat\u00f3rio e classificat\u00f3rio;<\/li><li>Prova Discursiva &#8211; Estudo de Caso, de car\u00e1ter Eliminat\u00f3rio e classificat\u00f3rio; e<\/li><li>Prova Pr\u00e1tica (para o cargo de Tradutor Int\u00e9rprete de Libras), de car\u00e1ter.<\/li><\/ul>\n\n\n\n<p>Ap\u00f3s a convoca\u00e7\u00e3o dos candidatos aprovados, ser\u00e3o realizadas as seguintes etapas:<\/p>\n\n\n\n<ul class=\"wp-block-list\"><li>Exame Documental, de car\u00e1ter eliminat\u00f3rio;<\/li><li>Exame de Sa\u00fade, de car\u00e1ter eliminat\u00f3rio; e<\/li><li>Curso de Capacita\u00e7\u00e3o, de car\u00e1ter eliminat\u00f3rio.<\/li><\/ul>\n\n\n\n<h3 class=\"wp-block-heading\">Prova Objetiva<\/h3>\n\n\n\n<p>As Provas Objetivas ser\u00e3o compostas por 50 quest\u00f5es de m\u00faltipla escolha, com 5 alternativas e apenas uma considerada correta.<\/p>\n\n\n\n<p>Para os cargos de n\u00edvel superior, a etapa contar\u00e1 com 4h30 de dura\u00e7\u00e3o, no per\u00edodo da tarde. J\u00e1 para os de n\u00edvel m\u00e9dio, ser\u00e1 de 3h sua aplica\u00e7\u00e3o, no per\u00edodo da manh\u00e3.<\/p>\n\n\n\n<ul class=\"wp-block-list\"><li>Conhecimentos Gerais: 20 quest\u00f5es<\/li><li>Conhecimentos Espec\u00edficos: 30 quest\u00f5es<\/li><\/ul>\n\n\n\n<h3 class=\"wp-block-heading\">Prova Discursiva<\/h3>\n\n\n\n<p>A Prova Discursiva &#8211; Estudo de Caso ser\u00e1 aplicada a todos os cargos de n\u00edvel superior, no mesmo dia e hor\u00e1rio das provas objetivas.<\/p>\n\n\n\n<p>A etapa constar\u00e1 de quatro quest\u00f5es. O tema versar\u00e1 sobre conte\u00fado pertinente a Conhecimentos Espec\u00edficos, conforme programa constante no edital.<\/p>\n\n\n\n<p>Ser\u00e1 avaliado o dom\u00ednio dos temas abordados, consideradas a coes\u00e3o, a coer\u00eancia e a argumenta\u00e7\u00e3o, a experi\u00eancia pr\u00e9via do candidato e a adequa\u00e7\u00e3o \u00e0s atribui\u00e7\u00f5es do cargo.<\/p>\n\n\n\n<p>Na Prova Discursiva-Estudo de Caso dever\u00e3o ser rigorosamente observados os limites m\u00ednimos de 10 linhas e m\u00e1ximo de 20 linhas, sob pena de perda de pontos a serem atribu\u00eddos \u00e0 prova.<\/p>\n\n\n\n<h3 class=\"wp-block-heading\">Prova Pr\u00e1tica<\/h3>\n\n\n\n<p>A Prova Pr\u00e1tica para o cargo de Tradutor Int\u00e9rprete em Libras ser\u00e1 realizada na cidade de Macap\u00e1\/AP, em data, hor\u00e1rio e local a serem posteriormente divulgados por meio de edital de convoca\u00e7\u00e3o espec\u00edfico.<\/p>\n\n\n\n<p>A etapa do edital Detran AP ser\u00e1 composta de tr\u00eas tarefas consecutivas: <\/p>\n\n\n\n<ul class=\"wp-block-list\"><li>I. Resposta, em L\u00edngua Portuguesa, a partir de v\u00eddeo em Libras \u2013 com base na exibi\u00e7\u00e3o, em monitor de computador ou tela de proje\u00e7\u00e3o, de v\u00eddeo em Libras, o candidato responder\u00e1 a perguntas por escrito em L\u00edngua Portuguesa. Esta tarefa valer\u00e1 15 pontos;<\/li><li>II. Interpreta\u00e7\u00e3o em Libras a partir de texto escrito em L\u00edngua Portuguesa \u2013 o candidato dever\u00e1 responder em Libras ao questionamento proposto por escrito em L\u00edngua Portuguesa. Esta tarefa ser\u00e1 filmada e valer\u00e1 15 pontos; e<\/li><li>III. Interpreta\u00e7\u00e3o Simult\u00e2nea em Libras \u2013 o candidato dever\u00e1 interpretar simultaneamente em Libras um v\u00eddeo com som e legendas. Esta tarefa ser\u00e1 filmada e valer\u00e1 20 pontos.<\/li><\/ul>\n\n\n\n<h3 class=\"wp-block-heading\">Curso de Capacita\u00e7\u00e3o<\/h3>\n\n\n\n<p>Os candidatos matriculados e frequentando o curso de capacita\u00e7\u00e3o receber\u00e3o, a t\u00edtulo de aux\u00edlio financeiro, o correspondente a 50% do vencimento inicial do cargo.<\/p>\n\n\n\n<p>Ser\u00e1 eliminado, o candidato que obtiver frequ\u00eancia acad\u00eamica inferior a 80% da carga horaria ou m\u00e9dia final inferior a 70% por disciplina.<\/p>\n\n\n\n<h2 class=\"has-text-align-center wp-block-heading\" id=\"h-quer-saber-tudo-sobre-concursos-previstos-confira-nossos-artigos\">Quer saber tudo sobre concursos previstos?<br \/>Confira nossos artigos!<\/h2>\n\n\n\n<ul class=\"wp-block-list\"><li><a href=\"https:\/\/www.estrategiaconcursos.com.br\/blog\/concursos-abertos\/\" target=\"_blank\" rel=\"noreferrer noopener\">Concursos abertos<\/a><\/li><li><a href=\"https:\/\/www.estrategiaconcursos.com.br\/blog\/concursos-2022\/\" target=\"_blank\" rel=\"noreferrer noopener\">Concursos 2022<\/a><\/li><li><a href=\"https:\/\/www.estrategiaconcursos.com.br\/blog\/concursos-2023\/\" target=\"_blank\" rel=\"noreferrer noopener\">Concursos 2023<\/a><\/li><\/ul>\n\n\n\n<h2 class=\"has-text-align-center wp-block-heading\" id=\"cursos\">Quer estudar para o Edital Detran AP?<\/h2>\n\n\n\n<div class=\"container\" id=\"boxes\">\n  <div class=\"row\"> \n\n    <div class=\"col-sm\">\n      <div class=\"banner-adm\" id=\"box-assinatura\">\n        <h3 class=\"titulo-assinatura\">Concurso Detran AP<\/h3>\n        <p class=\"subtitulo-assinatura\">Conhe\u00e7a os cursos<\/p>\n        <div class=\"box-botao\">\n          <a class=\"btn-assinatura\" target=\"_blank\" href=\"https:\/\/www.estrategiaconcursos.com.br\/cursosPorConcurso\/detran-ap\/\" role=\"button\" rel=\"noopener noreferrer\">Conhe\u00e7a mais<\/a>\n        <\/div>\n      <\/div>\n     \n\n  <\/div>\n<\/div><\/div>\n\n\n\n<div class=\"container\" id=\"boxes\">\n  <div class=\"row\">\n\n    <div class=\"col-sm\">\n      <div class=\"estrategia\" id=\"box-assinatura\">\n        <h3 class=\"titulo-assinatura\">Assinatura de Concursos<\/h3>\n        <p class=\"subtitulo-assinatura\">Assinatura de 1 ano ou 2 anos<\/p>\n        <div class=\"box-botao\">\n          <a class=\"btn-assinatura\" target=\"_blank\" href=\"https:\/\/www.estrategiaconcursos.com.br\/assinaturas\/\" role=\"button\" rel=\"noopener noreferrer\">ASSINE AGORA<\/a>\n        <\/div>\n      <\/div>\n     \n    <\/div><\/div><\/div>\n\n\n\n<figure class=\"wp-block-image size-large is-resized\"><img loading=\"lazy\" decoding=\"async\" src=\"https:\/\/dhg1h5j42swfq.cloudfront.net\/2021\/08\/02092425\/ficha-tecnica-1024x632.png\" alt=\"Ficha t\u00e9cnica\" class=\"wp-image-826813\" width=\"268\" height=\"165\" srcset=\"https:\/\/dhg1h5j42swfq.cloudfront.net\/2021\/08\/02092425\/ficha-tecnica-1024x632.png 1024w, https:\/\/dhg1h5j42swfq.cloudfront.net\/2021\/08\/02092425\/ficha-tecnica-300x185.png 300w, https:\/\/dhg1h5j42swfq.cloudfront.net\/2021\/08\/02092425\/ficha-tecnica-768x474.png 768w, https:\/\/dhg1h5j42swfq.cloudfront.net\/2021\/08\/02092425\/ficha-tecnica-1536x948.png 1536w, https:\/\/dhg1h5j42swfq.cloudfront.net\/2021\/08\/02092425\/ficha-tecnica-610x377.png 610w, https:\/\/dhg1h5j42swfq.cloudfront.net\/2021\/08\/02092425\/ficha-tecnica.png 1571w\" sizes=\"auto, (max-width: 268px) 100vw, 268px\" \/><\/figure>\n\n\n\n<h3 class=\"wp-block-heading\" id=\"ficha-tecnica\">Informa\u00e7\u00f5es do<strong>&nbsp;<\/strong>edital Detran AP<\/h3>\n\n\n\n<p>\u25ba<strong>Provas:&nbsp;<\/strong>11\/12\/2022<strong><br \/>\u25baVagas:&nbsp;<\/strong>66 + 470 CR<strong><br \/>\u25baLota\u00e7\u00f5es:&nbsp;<\/strong>Amap\u00e1<strong><br \/>\u25baBanca:&nbsp;<\/strong>FCC<br \/><strong>\u25baEscolaridade:<\/strong>&nbsp;m\u00e9dio e superior<br \/><strong>\u25baEdital<\/strong>: <a href=\"https:\/\/dhg1h5j42swfq.cloudfront.net\/2022\/09\/06190729\/detap122_edital_de_abertura_de_inscricoes_fcc_publicar-1.pdf\" target=\"_blank\" rel=\"noreferrer noopener nofollow\">Detran AP-2022<\/a><\/p>\n","protected":false},"excerpt":{"rendered":"<p>O edital do concurso Detran AP est\u00e1 com as inscri\u00e7\u00f5es encerradas. Os interessados puderam se candidatar at\u00e9 o dia 10 de outubro, ao custo de R$ 80,00 a R$ 120,00. S\u00e3o ofertadas 66 vagas imediatas, al\u00e9m de 470 para forma\u00e7\u00e3o de cadastro reserva. As oportunidades se distribuem entre cargos de n\u00edveis m\u00e9dio e superior, com [&hellip;]<\/p>\n","protected":false},"author":2134,"featured_media":996913,"comment_status":"open","ping_status":"closed","sticky":false,"template":"","format":"standard","meta":{"post_tipo":"news","footnotes":""},"categories":[214992,220219],"tags":[],"tax_estado":[219967],"class_list":["post-1090624","post","type-post","status-publish","format-standard","has-post-thumbnail","hentry","category-concursos-administrativos","category-noticias","tax_estado-ap"],"acf":[],"yoast_head":"<!-- This site is optimized with the Yoast SEO Premium plugin v27.2 (Yoast SEO v27.2) - https:\/\/yoast.com\/product\/yoast-seo-premium-wordpress\/ -->\n<title>Edital Detran AP \u00e9 publicado! Inscri\u00e7\u00f5es est\u00e3o encerradas<\/title>\n<meta name=\"description\" content=\"Edital Detran AP \u00e9 publicado 66 vagas imediatas + 470 em forma\u00e7\u00e3o de cadastro reserva. Iniciais de at\u00e9 R$ 6,8 mil. Confira!\" \/>\n<meta name=\"robots\" content=\"index, follow, max-snippet:-1, max-image-preview:large, max-video-preview:-1\" \/>\n<link rel=\"canonical\" href=\"https:\/\/www.estrategiaconcursos.com.br\/blog\/concurso-detran-ap-edital-publicado\/\" \/>\n<meta property=\"og:locale\" content=\"pt_BR\" \/>\n<meta property=\"og:type\" content=\"article\" \/>\n<meta property=\"og:title\" content=\"Edital Detran AP \u00e9 publicado! Inscri\u00e7\u00f5es est\u00e3o encerradas\" \/>\n<meta property=\"og:description\" content=\"Edital Detran AP \u00e9 publicado 66 vagas imediatas + 470 em forma\u00e7\u00e3o de cadastro reserva. Iniciais de at\u00e9 R$ 6,8 mil. Confira!\" \/>\n<meta property=\"og:url\" content=\"https:\/\/www.estrategiaconcursos.com.br\/blog\/concurso-detran-ap-edital-publicado\/\" \/>\n<meta property=\"og:site_name\" content=\"Estrat\u00e9gia Concursos\" \/>\n<meta property=\"article:published_time\" content=\"2022-10-10T17:10:00+00:00\" \/>\n<meta property=\"article:modified_time\" content=\"2026-03-20T20:01:45+00:00\" \/>\n<meta property=\"og:image\" content=\"https:\/\/dhg1h5j42swfq.cloudfront.net\/2022\/03\/29145738\/detran_ap.jpg\" \/>\n\t<meta property=\"og:image:width\" content=\"768\" \/>\n\t<meta property=\"og:image:height\" content=\"432\" \/>\n\t<meta property=\"og:image:type\" content=\"image\/jpeg\" \/>\n<meta name=\"author\" content=\"Rafaela Teixeira\" \/>\n<meta name=\"twitter:card\" content=\"summary_large_image\" \/>\n<meta name=\"twitter:creator\" content=\"@EstratConcursos\" \/>\n<meta name=\"twitter:site\" content=\"@EstratConcursos\" \/>\n<meta name=\"twitter:label1\" content=\"Escrito por\" \/>\n\t<meta name=\"twitter:data1\" content=\"Rafaela Teixeira\" \/>\n\t<meta name=\"twitter:label2\" content=\"Est. tempo de leitura\" \/>\n\t<meta name=\"twitter:data2\" content=\"4 minutos\" \/>\n<script type=\"application\/ld+json\" class=\"yoast-schema-graph\">{\"@context\":\"https:\/\/schema.org\",\"@graph\":[{\"@type\":\"NewsArticle\",\"@id\":\"https:\/\/www.estrategiaconcursos.com.br\/blog\/concurso-detran-ap-edital-publicado\/#article\",\"isPartOf\":{\"@id\":\"https:\/\/www.estrategiaconcursos.com.br\/blog\/concurso-detran-ap-edital-publicado\/\"},\"author\":{\"name\":\"Rafaela Teixeira\",\"@id\":\"https:\/\/www.estrategiaconcursos.com.br\/blog\/#\/schema\/person\/e75352021ea7f60781c599934f916eb1\"},\"headline\":\"Edital Detran AP \u00e9 publicado! Inscri\u00e7\u00f5es est\u00e3o encerradas\",\"datePublished\":\"2022-10-10T17:10:00+00:00\",\"dateModified\":\"2026-03-20T20:01:45+00:00\",\"mainEntityOfPage\":{\"@id\":\"https:\/\/www.estrategiaconcursos.com.br\/blog\/concurso-detran-ap-edital-publicado\/\"},\"wordCount\":797,\"commentCount\":0,\"publisher\":{\"@id\":\"https:\/\/www.estrategiaconcursos.com.br\/blog\/#organization\"},\"image\":{\"@id\":\"https:\/\/www.estrategiaconcursos.com.br\/blog\/concurso-detran-ap-edital-publicado\/#primaryimage\"},\"thumbnailUrl\":\"https:\/\/dhg1h5j42swfq.cloudfront.net\/2022\/03\/29145738\/detran_ap.jpg\",\"articleSection\":[\"Executivo (Administrativa)\",\"\u00daltimas not\u00edcias\"],\"inLanguage\":\"pt-BR\",\"potentialAction\":[{\"@type\":\"CommentAction\",\"name\":\"Comment\",\"target\":[\"https:\/\/www.estrategiaconcursos.com.br\/blog\/concurso-detran-ap-edital-publicado\/#respond\"]}],\"copyrightYear\":\"2022\",\"copyrightHolder\":{\"@id\":\"https:\/\/www.estrategiaconcursos.com.br\/blog\/#organization\"}},{\"@type\":\"WebPage\",\"@id\":\"https:\/\/www.estrategiaconcursos.com.br\/blog\/concurso-detran-ap-edital-publicado\/\",\"url\":\"https:\/\/www.estrategiaconcursos.com.br\/blog\/concurso-detran-ap-edital-publicado\/\",\"name\":\"Edital Detran AP \u00e9 publicado! Inscri\u00e7\u00f5es est\u00e3o encerradas\",\"isPartOf\":{\"@id\":\"https:\/\/www.estrategiaconcursos.com.br\/blog\/#website\"},\"primaryImageOfPage\":{\"@id\":\"https:\/\/www.estrategiaconcursos.com.br\/blog\/concurso-detran-ap-edital-publicado\/#primaryimage\"},\"image\":{\"@id\":\"https:\/\/www.estrategiaconcursos.com.br\/blog\/concurso-detran-ap-edital-publicado\/#primaryimage\"},\"thumbnailUrl\":\"https:\/\/dhg1h5j42swfq.cloudfront.net\/2022\/03\/29145738\/detran_ap.jpg\",\"datePublished\":\"2022-10-10T17:10:00+00:00\",\"dateModified\":\"2026-03-20T20:01:45+00:00\",\"description\":\"Edital Detran AP \u00e9 publicado 66 vagas imediatas + 470 em forma\u00e7\u00e3o de cadastro reserva. Iniciais de at\u00e9 R$ 6,8 mil. Confira!\",\"breadcrumb\":{\"@id\":\"https:\/\/www.estrategiaconcursos.com.br\/blog\/concurso-detran-ap-edital-publicado\/#breadcrumb\"},\"inLanguage\":\"pt-BR\",\"potentialAction\":[{\"@type\":\"ReadAction\",\"target\":[\"https:\/\/www.estrategiaconcursos.com.br\/blog\/concurso-detran-ap-edital-publicado\/\"]}]},{\"@type\":\"ImageObject\",\"inLanguage\":\"pt-BR\",\"@id\":\"https:\/\/www.estrategiaconcursos.com.br\/blog\/concurso-detran-ap-edital-publicado\/#primaryimage\",\"url\":\"https:\/\/dhg1h5j42swfq.cloudfront.net\/2022\/03\/29145738\/detran_ap.jpg\",\"contentUrl\":\"https:\/\/dhg1h5j42swfq.cloudfront.net\/2022\/03\/29145738\/detran_ap.jpg\",\"width\":768,\"height\":432,\"caption\":\"Detran AP\"},{\"@type\":\"BreadcrumbList\",\"@id\":\"https:\/\/www.estrategiaconcursos.com.br\/blog\/concurso-detran-ap-edital-publicado\/#breadcrumb\",\"itemListElement\":[{\"@type\":\"ListItem\",\"position\":1,\"name\":\"In\u00edcio\",\"item\":\"https:\/\/www.estrategiaconcursos.com.br\/blog\/\"},{\"@type\":\"ListItem\",\"position\":2,\"name\":\"Edital Detran AP \u00e9 publicado! Inscri\u00e7\u00f5es est\u00e3o encerradas\"}]},{\"@type\":\"WebSite\",\"@id\":\"https:\/\/www.estrategiaconcursos.com.br\/blog\/#website\",\"url\":\"https:\/\/www.estrategiaconcursos.com.br\/blog\/\",\"name\":\"Estrat\u00e9gia Concursos\",\"description\":\"O blog da Estrat\u00e9gia Concursos traz not\u00edcias sobre concursos e artigos de professores oferecendo cursos para concursos (pdf + videaulas) no site.\",\"publisher\":{\"@id\":\"https:\/\/www.estrategiaconcursos.com.br\/blog\/#organization\"},\"potentialAction\":[{\"@type\":\"SearchAction\",\"target\":{\"@type\":\"EntryPoint\",\"urlTemplate\":\"https:\/\/www.estrategiaconcursos.com.br\/blog\/?s={search_term_string}\"},\"query-input\":{\"@type\":\"PropertyValueSpecification\",\"valueRequired\":true,\"valueName\":\"search_term_string\"}}],\"inLanguage\":\"pt-BR\"},{\"@type\":\"Organization\",\"@id\":\"https:\/\/www.estrategiaconcursos.com.br\/blog\/#organization\",\"name\":\"Estrat\u00e9gia Concursos\",\"url\":\"https:\/\/www.estrategiaconcursos.com.br\/blog\/\",\"logo\":{\"@type\":\"ImageObject\",\"inLanguage\":\"pt-BR\",\"@id\":\"https:\/\/www.estrategiaconcursos.com.br\/blog\/#\/schema\/logo\/image\/\",\"url\":\"https:\/\/dhg1h5j42swfq.cloudfront.net\/2025\/06\/03203428\/logo_concursos-1.jpg\",\"contentUrl\":\"https:\/\/dhg1h5j42swfq.cloudfront.net\/2025\/06\/03203428\/logo_concursos-1.jpg\",\"width\":230,\"height\":60,\"caption\":\"Estrat\u00e9gia Concursos\"},\"image\":{\"@id\":\"https:\/\/www.estrategiaconcursos.com.br\/blog\/#\/schema\/logo\/image\/\"},\"sameAs\":[\"https:\/\/x.com\/EstratConcursos\"]},{\"@type\":\"Person\",\"@id\":\"https:\/\/www.estrategiaconcursos.com.br\/blog\/#\/schema\/person\/e75352021ea7f60781c599934f916eb1\",\"name\":\"Rafaela Teixeira\",\"image\":{\"@type\":\"ImageObject\",\"inLanguage\":\"pt-BR\",\"@id\":\"https:\/\/secure.gravatar.com\/avatar\/8a349a2b22039b1ee88fc06461487c950fd6aa411ea8af8633314b43334ae793?s=96&d=mm&r=g\",\"url\":\"https:\/\/secure.gravatar.com\/avatar\/8a349a2b22039b1ee88fc06461487c950fd6aa411ea8af8633314b43334ae793?s=96&d=mm&r=g\",\"contentUrl\":\"https:\/\/secure.gravatar.com\/avatar\/8a349a2b22039b1ee88fc06461487c950fd6aa411ea8af8633314b43334ae793?s=96&d=mm&r=g\",\"caption\":\"Rafaela Teixeira\"},\"description\":\"Rafaela Teixeira \u00e9 advogada conveniada \u00e0 Defensoria P\u00fablica de S\u00e3o Paulo pela OAB, com experi\u00eancia em reda\u00e7\u00e3o jur\u00eddica e atua\u00e7\u00e3o em institui\u00e7\u00f5es p\u00fablicas, incluindo est\u00e1gio no TRE-SP. Possui mais de 7 anos de experi\u00eancia na produ\u00e7\u00e3o de conte\u00fados voltados ao nicho de concursos p\u00fablicos, com foco em apura\u00e7\u00e3o jornal\u00edstica cont\u00ednua, an\u00e1lise de editais e obten\u00e7\u00e3o de informa\u00e7\u00f5es diretamente junto a \u00f3rg\u00e3os e fontes oficiais. No Blog do Estrat\u00e9gia Concursos, atua como Analista de Conte\u00fado S\u00eanior, respons\u00e1vel pelo jornalismo do per\u00edodo noturno e da madrugada, com atua\u00e7\u00e3o transversal na cobertura de concursos p\u00fablicos, garantindo a continuidade, fluidez e confiabilidade das publica\u00e7\u00f5es e dos bastidores dos certames.\",\"url\":\"https:\/\/www.estrategiaconcursos.com.br\/blog\/author\/rafaela-teixeira\/\"}]}<\/script>\n<!-- \/ Yoast SEO Premium plugin. -->","yoast_head_json":{"title":"Edital Detran AP \u00e9 publicado! Inscri\u00e7\u00f5es est\u00e3o encerradas","description":"Edital Detran AP \u00e9 publicado 66 vagas imediatas + 470 em forma\u00e7\u00e3o de cadastro reserva. Iniciais de at\u00e9 R$ 6,8 mil. Confira!","robots":{"index":"index","follow":"follow","max-snippet":"max-snippet:-1","max-image-preview":"max-image-preview:large","max-video-preview":"max-video-preview:-1"},"canonical":"https:\/\/www.estrategiaconcursos.com.br\/blog\/concurso-detran-ap-edital-publicado\/","og_locale":"pt_BR","og_type":"article","og_title":"Edital Detran AP \u00e9 publicado! Inscri\u00e7\u00f5es est\u00e3o encerradas","og_description":"Edital Detran AP \u00e9 publicado 66 vagas imediatas + 470 em forma\u00e7\u00e3o de cadastro reserva. Iniciais de at\u00e9 R$ 6,8 mil. Confira!","og_url":"https:\/\/www.estrategiaconcursos.com.br\/blog\/concurso-detran-ap-edital-publicado\/","og_site_name":"Estrat\u00e9gia Concursos","article_published_time":"2022-10-10T17:10:00+00:00","article_modified_time":"2026-03-20T20:01:45+00:00","og_image":[{"width":768,"height":432,"url":"https:\/\/dhg1h5j42swfq.cloudfront.net\/2022\/03\/29145738\/detran_ap.jpg","type":"image\/jpeg"}],"author":"Rafaela Teixeira","twitter_card":"summary_large_image","twitter_creator":"@EstratConcursos","twitter_site":"@EstratConcursos","twitter_misc":{"Escrito por":"Rafaela Teixeira","Est. tempo de leitura":"4 minutos"},"schema":{"@context":"https:\/\/schema.org","@graph":[{"@type":"NewsArticle","@id":"https:\/\/www.estrategiaconcursos.com.br\/blog\/concurso-detran-ap-edital-publicado\/#article","isPartOf":{"@id":"https:\/\/www.estrategiaconcursos.com.br\/blog\/concurso-detran-ap-edital-publicado\/"},"author":{"name":"Rafaela Teixeira","@id":"https:\/\/www.estrategiaconcursos.com.br\/blog\/#\/schema\/person\/e75352021ea7f60781c599934f916eb1"},"headline":"Edital Detran AP \u00e9 publicado! Inscri\u00e7\u00f5es est\u00e3o encerradas","datePublished":"2022-10-10T17:10:00+00:00","dateModified":"2026-03-20T20:01:45+00:00","mainEntityOfPage":{"@id":"https:\/\/www.estrategiaconcursos.com.br\/blog\/concurso-detran-ap-edital-publicado\/"},"wordCount":797,"commentCount":0,"publisher":{"@id":"https:\/\/www.estrategiaconcursos.com.br\/blog\/#organization"},"image":{"@id":"https:\/\/www.estrategiaconcursos.com.br\/blog\/concurso-detran-ap-edital-publicado\/#primaryimage"},"thumbnailUrl":"https:\/\/dhg1h5j42swfq.cloudfront.net\/2022\/03\/29145738\/detran_ap.jpg","articleSection":["Executivo (Administrativa)","\u00daltimas not\u00edcias"],"inLanguage":"pt-BR","potentialAction":[{"@type":"CommentAction","name":"Comment","target":["https:\/\/www.estrategiaconcursos.com.br\/blog\/concurso-detran-ap-edital-publicado\/#respond"]}],"copyrightYear":"2022","copyrightHolder":{"@id":"https:\/\/www.estrategiaconcursos.com.br\/blog\/#organization"}},{"@type":"WebPage","@id":"https:\/\/www.estrategiaconcursos.com.br\/blog\/concurso-detran-ap-edital-publicado\/","url":"https:\/\/www.estrategiaconcursos.com.br\/blog\/concurso-detran-ap-edital-publicado\/","name":"Edital Detran AP \u00e9 publicado! Inscri\u00e7\u00f5es est\u00e3o encerradas","isPartOf":{"@id":"https:\/\/www.estrategiaconcursos.com.br\/blog\/#website"},"primaryImageOfPage":{"@id":"https:\/\/www.estrategiaconcursos.com.br\/blog\/concurso-detran-ap-edital-publicado\/#primaryimage"},"image":{"@id":"https:\/\/www.estrategiaconcursos.com.br\/blog\/concurso-detran-ap-edital-publicado\/#primaryimage"},"thumbnailUrl":"https:\/\/dhg1h5j42swfq.cloudfront.net\/2022\/03\/29145738\/detran_ap.jpg","datePublished":"2022-10-10T17:10:00+00:00","dateModified":"2026-03-20T20:01:45+00:00","description":"Edital Detran AP \u00e9 publicado 66 vagas imediatas + 470 em forma\u00e7\u00e3o de cadastro reserva. Iniciais de at\u00e9 R$ 6,8 mil. Confira!","breadcrumb":{"@id":"https:\/\/www.estrategiaconcursos.com.br\/blog\/concurso-detran-ap-edital-publicado\/#breadcrumb"},"inLanguage":"pt-BR","potentialAction":[{"@type":"ReadAction","target":["https:\/\/www.estrategiaconcursos.com.br\/blog\/concurso-detran-ap-edital-publicado\/"]}]},{"@type":"ImageObject","inLanguage":"pt-BR","@id":"https:\/\/www.estrategiaconcursos.com.br\/blog\/concurso-detran-ap-edital-publicado\/#primaryimage","url":"https:\/\/dhg1h5j42swfq.cloudfront.net\/2022\/03\/29145738\/detran_ap.jpg","contentUrl":"https:\/\/dhg1h5j42swfq.cloudfront.net\/2022\/03\/29145738\/detran_ap.jpg","width":768,"height":432,"caption":"Detran AP"},{"@type":"BreadcrumbList","@id":"https:\/\/www.estrategiaconcursos.com.br\/blog\/concurso-detran-ap-edital-publicado\/#breadcrumb","itemListElement":[{"@type":"ListItem","position":1,"name":"In\u00edcio","item":"https:\/\/www.estrategiaconcursos.com.br\/blog\/"},{"@type":"ListItem","position":2,"name":"Edital Detran AP \u00e9 publicado! Inscri\u00e7\u00f5es est\u00e3o encerradas"}]},{"@type":"WebSite","@id":"https:\/\/www.estrategiaconcursos.com.br\/blog\/#website","url":"https:\/\/www.estrategiaconcursos.com.br\/blog\/","name":"Estrat\u00e9gia Concursos","description":"O blog da Estrat\u00e9gia Concursos traz not\u00edcias sobre concursos e artigos de professores oferecendo cursos para concursos (pdf + videaulas) no site.","publisher":{"@id":"https:\/\/www.estrategiaconcursos.com.br\/blog\/#organization"},"potentialAction":[{"@type":"SearchAction","target":{"@type":"EntryPoint","urlTemplate":"https:\/\/www.estrategiaconcursos.com.br\/blog\/?s={search_term_string}"},"query-input":{"@type":"PropertyValueSpecification","valueRequired":true,"valueName":"search_term_string"}}],"inLanguage":"pt-BR"},{"@type":"Organization","@id":"https:\/\/www.estrategiaconcursos.com.br\/blog\/#organization","name":"Estrat\u00e9gia Concursos","url":"https:\/\/www.estrategiaconcursos.com.br\/blog\/","logo":{"@type":"ImageObject","inLanguage":"pt-BR","@id":"https:\/\/www.estrategiaconcursos.com.br\/blog\/#\/schema\/logo\/image\/","url":"https:\/\/dhg1h5j42swfq.cloudfront.net\/2025\/06\/03203428\/logo_concursos-1.jpg","contentUrl":"https:\/\/dhg1h5j42swfq.cloudfront.net\/2025\/06\/03203428\/logo_concursos-1.jpg","width":230,"height":60,"caption":"Estrat\u00e9gia Concursos"},"image":{"@id":"https:\/\/www.estrategiaconcursos.com.br\/blog\/#\/schema\/logo\/image\/"},"sameAs":["https:\/\/x.com\/EstratConcursos"]},{"@type":"Person","@id":"https:\/\/www.estrategiaconcursos.com.br\/blog\/#\/schema\/person\/e75352021ea7f60781c599934f916eb1","name":"Rafaela Teixeira","image":{"@type":"ImageObject","inLanguage":"pt-BR","@id":"https:\/\/secure.gravatar.com\/avatar\/8a349a2b22039b1ee88fc06461487c950fd6aa411ea8af8633314b43334ae793?s=96&d=mm&r=g","url":"https:\/\/secure.gravatar.com\/avatar\/8a349a2b22039b1ee88fc06461487c950fd6aa411ea8af8633314b43334ae793?s=96&d=mm&r=g","contentUrl":"https:\/\/secure.gravatar.com\/avatar\/8a349a2b22039b1ee88fc06461487c950fd6aa411ea8af8633314b43334ae793?s=96&d=mm&r=g","caption":"Rafaela Teixeira"},"description":"Rafaela Teixeira \u00e9 advogada conveniada \u00e0 Defensoria P\u00fablica de S\u00e3o Paulo pela OAB, com experi\u00eancia em reda\u00e7\u00e3o jur\u00eddica e atua\u00e7\u00e3o em institui\u00e7\u00f5es p\u00fablicas, incluindo est\u00e1gio no TRE-SP. Possui mais de 7 anos de experi\u00eancia na produ\u00e7\u00e3o de conte\u00fados voltados ao nicho de concursos p\u00fablicos, com foco em apura\u00e7\u00e3o jornal\u00edstica cont\u00ednua, an\u00e1lise de editais e obten\u00e7\u00e3o de informa\u00e7\u00f5es diretamente junto a \u00f3rg\u00e3os e fontes oficiais. No Blog do Estrat\u00e9gia Concursos, atua como Analista de Conte\u00fado S\u00eanior, respons\u00e1vel pelo jornalismo do per\u00edodo noturno e da madrugada, com atua\u00e7\u00e3o transversal na cobertura de concursos p\u00fablicos, garantindo a continuidade, fluidez e confiabilidade das publica\u00e7\u00f5es e dos bastidores dos certames.","url":"https:\/\/www.estrategiaconcursos.com.br\/blog\/author\/rafaela-teixeira\/"}]}},"_links":{"self":[{"href":"https:\/\/www.estrategiaconcursos.com.br\/blog\/wp-json\/wp\/v2\/posts\/1090624","targetHints":{"allow":["GET"]}}],"collection":[{"href":"https:\/\/www.estrategiaconcursos.com.br\/blog\/wp-json\/wp\/v2\/posts"}],"about":[{"href":"https:\/\/www.estrategiaconcursos.com.br\/blog\/wp-json\/wp\/v2\/types\/post"}],"author":[{"embeddable":true,"href":"https:\/\/www.estrategiaconcursos.com.br\/blog\/wp-json\/wp\/v2\/users\/2134"}],"replies":[{"embeddable":true,"href":"https:\/\/www.estrategiaconcursos.com.br\/blog\/wp-json\/wp\/v2\/comments?post=1090624"}],"version-history":[{"count":17,"href":"https:\/\/www.estrategiaconcursos.com.br\/blog\/wp-json\/wp\/v2\/posts\/1090624\/revisions"}],"predecessor-version":[{"id":1108054,"href":"https:\/\/www.estrategiaconcursos.com.br\/blog\/wp-json\/wp\/v2\/posts\/1090624\/revisions\/1108054"}],"wp:featuredmedia":[{"embeddable":true,"href":"https:\/\/www.estrategiaconcursos.com.br\/blog\/wp-json\/wp\/v2\/media\/996913"}],"wp:attachment":[{"href":"https:\/\/www.estrategiaconcursos.com.br\/blog\/wp-json\/wp\/v2\/media?parent=1090624"}],"wp:term":[{"taxonomy":"category","embeddable":true,"href":"https:\/\/www.estrategiaconcursos.com.br\/blog\/wp-json\/wp\/v2\/categories?post=1090624"},{"taxonomy":"post_tag","embeddable":true,"href":"https:\/\/www.estrategiaconcursos.com.br\/blog\/wp-json\/wp\/v2\/tags?post=1090624"},{"taxonomy":"tax_estado","embeddable":true,"href":"https:\/\/www.estrategiaconcursos.com.br\/blog\/wp-json\/wp\/v2\/tax_estado?post=1090624"}],"curies":[{"name":"wp","href":"https:\/\/api.w.org\/{rel}","templated":true}]}}