{"id":1089991,"date":"2022-10-08T08:35:00","date_gmt":"2022-10-08T11:35:00","guid":{"rendered":"https:\/\/www.estrategiaconcursos.com.br\/blog\/?p=1089991"},"modified":"2022-10-08T08:20:54","modified_gmt":"2022-10-08T11:20:54","slug":"residencia-ufrgs","status":"publish","type":"post","link":"https:\/\/www.estrategiaconcursos.com.br\/blog\/residencia-ufrgs\/","title":{"rendered":"Resid\u00eancia UFRGS: inscri\u00e7\u00f5es encerradas para 98 vagas"},"content":{"rendered":"\n<p>Est\u00e3o encerradas as inscri\u00e7\u00f5es para os editais de <strong>Resid\u00eancia UFRGS<\/strong> (<a href=\"https:\/\/www.estrategiaconcursos.com.br\/cursosPorConcurso\/universidade-federal-do-rio-grande-do-sul-ufrgs-residencias-profissionais\/\" target=\"_blank\" rel=\"noreferrer noopener\">Uniprofissional e Multiprofissional da Universidade Federal do Rio Grande do Sul<\/a>).  <\/p>\n\n\n\n<p>Os interessados na sele\u00e7\u00e3o puderam se candidatar at\u00e9 o dia 07 de outubro de 2022, no <a href=\"http:\/\/www.ufrgs.br\/coperse\/ris2023\" target=\"_blank\" rel=\"noreferrer noopener\">portal<\/a> da COPERSE, ao custo de <strong>R$ 150,00<\/strong>.<\/p>\n\n\n\n<p>S\u00e3o ofertadas <strong>98 vagas imediatas<\/strong> de n\u00edvel superior, distribu\u00eddas entre diversas \u00e1reas de especializa\u00e7\u00e3o. A remunera\u00e7\u00e3o inicial dos cargos \u00e9 de <strong>R$ 4.106,09<\/strong>.<\/p>\n\n\n\n<ul class=\"has-background wp-block-list\" style=\"background:linear-gradient(135deg,rgb(251,255,248) 0%,rgb(182,227,212) 50%,rgb(51,167,181) 100%)\"><li><strong>Resid\u00eancia UFRGS<\/strong><\/li><li><strong style=\"background-color: initial; color: initial;\">Status:<\/strong><span style=\"background-color: initial; color: initial;\"> <\/span>inscri\u00e7\u00f5es encerradas<\/li><li><strong>Banca<\/strong>: COPERSE<\/li><li><strong>Vagas:<\/strong> 98<\/li><li><strong>Sal\u00e1rio inicial:<\/strong> R$ 4.106,09<\/li><li><strong>Editais:<\/strong> <strong><a href=\"https:\/\/dhg1h5j42swfq.cloudfront.net\/2022\/09\/06095127\/ufrgs-residencia-edital-1-1.pdf\" target=\"_blank\" rel=\"noreferrer noopener nofollow\">UFRGS 1<\/a> | <a href=\"https:\/\/dhg1h5j42swfq.cloudfront.net\/2022\/09\/06095127\/ufrgs-residencia-edital-1-1.pdf\" target=\"_blank\" rel=\"noreferrer noopener nofollow\">UFRGS 2<\/a><\/strong><\/li><\/ul>\n\n\n\n<p id=\"indice\">A fim de te deixar sempre bem informado, elaboramos este artigo com as principais informa\u00e7\u00f5es e novidades sobre a sele\u00e7\u00e3o. Acompanhe os t\u00f3picos abaixo e n\u00e3o perca nenhum detalhe!<\/p>\n\n\n\n<ul class=\"wp-block-list\" id=\"indice\"><li><a href=\"#datas\">Principais datas<\/a><\/li><li><a href=\"#cargos-vagas\">Cargos e vagas<\/a><ul><li><a href=\"#R$\">Remunera\u00e7\u00f5es<\/a><\/li><\/ul><\/li><li><a href=\"#etapas\">Etapas e provas<\/a><\/li><li><a href=\"#cursos\">Cursos e assinaturas<\/a><\/li><li><a href=\"#ficha\">Ficha t\u00e9cnica<\/a><\/li><\/ul>\n\n\n\n<div class=\"container\" id=\"boxes\">\n  <div class=\"row\">\n\n    <div class=\"col-sm\">\n      <div class=\"banner-medicina\" id=\"box-assinatura\">\n        <h3 class=\"titulo-assinatura\">Resid\u00eancia UFRGS<\/h3>\n        <p class=\"subtitulo-assinatura\">Conhe\u00e7a nossos cursos<\/p>\n        <div class=\"box-botao\">\n          <a class=\"btn-assinatura\" target=\"_blank\" href=\"https:\/\/www.estrategiaconcursos.com.br\/cursosPorConcurso\/universidade-federal-do-rio-grande-do-sul-ufrgs-residencias-profissionais\/\" role=\"button\" rel=\"noopener noreferrer\">Conhe\u00e7a mais<\/a>\n        <\/div>\n      <\/div>\n      <p class=\"texto-auxiliar\"><\/p>\n    <\/div>\n\n  <\/div>\n<\/div>\n\n\n\n<h2 class=\"wp-block-heading\" id=\"datas\">Principais datas dos editais Resid\u00eancia UFRGS<\/h2>\n\n\n\n<ul class=\"wp-block-list\"><li><strong>Inscri\u00e7\u00f5es<\/strong>: <s>12 de setembro a 07 de outubro<\/s><\/li><li><strong>\u00daltimo dia para pagamento:<\/strong> 10 de outubro<\/li><li><strong>Provas:<\/strong> 23 de outubro<\/li><\/ul>\n\n\n\n<h2 class=\"wp-block-heading\" id=\"cargos-vagas\">Cargos e vagas dos editais Resid\u00eancia UFRGS<\/h2>\n\n\n\n<p><strong><span style=\"text-decoration: underline;\">Edital 1<\/span><\/strong><\/p>\n\n\n\n<figure class=\"wp-block-table is-style-stripes\"><table class=\"has-pale-ocean-gradient-background has-background has-fixed-layout\"><tbody><tr><td class=\"has-text-align-center\" data-align=\"center\"><strong>Programa<\/strong> <strong>&#8211; Sa\u00fade Coletiva<\/strong><\/td><td class=\"has-text-align-center\" data-align=\"center\"><strong>Vagas<\/strong><\/td><\/tr><tr><td class=\"has-text-align-center\" data-align=\"center\">Biologia<\/td><td class=\"has-text-align-center\" data-align=\"center\">02<\/td><\/tr><tr><td class=\"has-text-align-center\" data-align=\"center\">Biomedicina<\/td><td class=\"has-text-align-center\" data-align=\"center\">02<\/td><\/tr><tr><td class=\"has-text-align-center\" data-align=\"center\">Enfermagem<\/td><td class=\"has-text-align-center\" data-align=\"center\">03<\/td><\/tr><tr><td class=\"has-text-align-center\" data-align=\"center\">Farm\u00e1cia<\/td><td class=\"has-text-align-center\" data-align=\"center\">02<\/td><\/tr><tr><td class=\"has-text-align-center\" data-align=\"center\">Medicina Veterin\u00e1ria<\/td><td class=\"has-text-align-center\" data-align=\"center\">02<\/td><\/tr><tr><td class=\"has-text-align-center\" data-align=\"center\">Nutri\u00e7\u00e3o<\/td><td class=\"has-text-align-center\" data-align=\"center\">03<\/td><\/tr><tr><td class=\"has-text-align-center\" data-align=\"center\">Sa\u00fade Coletiva<\/td><td class=\"has-text-align-center\" data-align=\"center\">04<\/td><\/tr><tr><td class=\"has-text-align-center\" data-align=\"center\">Servi\u00e7o Social<\/td><td class=\"has-text-align-center\" data-align=\"center\">02<\/td><\/tr><\/tbody><\/table><\/figure>\n\n\n\n<figure class=\"wp-block-table is-style-stripes\"><table class=\"has-pale-ocean-gradient-background has-background has-fixed-layout\"><tbody><tr><td class=\"has-text-align-center\" data-align=\"center\"><strong>Programa<\/strong> <strong>&#8211; Sa\u00fade Mental Coletiva<\/strong><\/td><td class=\"has-text-align-center\" data-align=\"center\"><strong>Vagas<\/strong><\/td><\/tr><tr><td class=\"has-text-align-center\" data-align=\"center\">Enfermagem<\/td><td class=\"has-text-align-center\" data-align=\"center\">03<\/td><\/tr><tr><td class=\"has-text-align-center\" data-align=\"center\">Educa\u00e7\u00e3o F\u00edsica<\/td><td class=\"has-text-align-center\" data-align=\"center\">03<\/td><\/tr><tr><td class=\"has-text-align-center\" data-align=\"center\">Psicologia<\/td><td class=\"has-text-align-center\" data-align=\"center\">04<\/td><\/tr><tr><td class=\"has-text-align-center\" data-align=\"center\">Servi\u00e7o Social<\/td><td class=\"has-text-align-center\" data-align=\"center\">03<\/td><\/tr><tr><td class=\"has-text-align-center\" data-align=\"center\">Terapia Ocupacional<\/td><td class=\"has-text-align-center\" data-align=\"center\">03<\/td><\/tr><\/tbody><\/table><\/figure>\n\n\n\n<p><strong><span style=\"text-decoration: underline;\">Edital 2<\/span><\/strong><\/p>\n\n\n\n<figure class=\"wp-block-table is-style-stripes\"><table class=\"has-pale-ocean-gradient-background has-background has-fixed-layout\"><tbody><tr><td class=\"has-text-align-center\" data-align=\"center\"><strong>Programa<\/strong> <strong>Uniprofissional<\/strong><\/td><td class=\"has-text-align-center\" data-align=\"center\"><strong>Vagas<\/strong><\/td><\/tr><tr><td class=\"has-text-align-center\" data-align=\"center\">Sa\u00fade Bucal &#8211; Cirurgia e Traumatologia Buco-Maxilo-Faciais<\/td><td class=\"has-text-align-center\" data-align=\"center\">02<\/td><\/tr><tr><td class=\"has-text-align-center\" data-align=\"center\">Sa\u00fade Bucal &#8211; Estomatologia<\/td><td class=\"has-text-align-center\" data-align=\"center\">04<\/td><\/tr><tr><td class=\"has-text-align-center\" data-align=\"center\">Sa\u00fade Bucal &#8211; Periodontia<\/td><td class=\"has-text-align-center\" data-align=\"center\">01<\/td><\/tr><tr><td class=\"has-text-align-center\" data-align=\"center\">Sa\u00fade Bucal &#8211; Sa\u00fade da Fam\u00edlia e Comunidade<\/td><td class=\"has-text-align-center\" data-align=\"center\">06<\/td><\/tr><tr><td class=\"has-text-align-center\" data-align=\"center\">Sa\u00fade Animal e Coletiva &#8211; Anestesiologia Veterin\u00e1ria<\/td><td class=\"has-text-align-center\" data-align=\"center\">04<\/td><\/tr><tr><td class=\"has-text-align-center\" data-align=\"center\">Sa\u00fade Animal e Coletiva &#8211; Cirurgia de Pequenos Animais<\/td><td class=\"has-text-align-center\" data-align=\"center\">05<\/td><\/tr><tr><td class=\"has-text-align-center\" data-align=\"center\">Sa\u00fade Animal e Coletiva &#8211; Cl\u00ednica e Cirurgia de Animais Silvestres e Ex\u00f3ticos<\/td><td class=\"has-text-align-center\" data-align=\"center\">01<\/td><\/tr><tr><td class=\"has-text-align-center\" data-align=\"center\">Sa\u00fade Animal e Coletiva &#8211; Cl\u00ednica e Cirurgia de Grandes Animais<\/td><td class=\"has-text-align-center\" data-align=\"center\">01<\/td><\/tr><tr><td class=\"has-text-align-center\" data-align=\"center\">Sa\u00fade Animal e Coletiva &#8211; Cl\u00ednica M\u00e9dica de Pequenos Animais<\/td><td class=\"has-text-align-center\" data-align=\"center\">06<\/td><\/tr><tr><td class=\"has-text-align-center\" data-align=\"center\">Sa\u00fade Animal e Coletiva &#8211; Diagn\u00f3stico por Imagem Veterin\u00e1ria<\/td><td class=\"has-text-align-center\" data-align=\"center\">03<\/td><\/tr><tr><td class=\"has-text-align-center\" data-align=\"center\">Sa\u00fade Animal e Coletiva &#8211; Patologia Cl\u00ednica Veterin\u00e1ria<\/td><td class=\"has-text-align-center\" data-align=\"center\">02<\/td><\/tr><tr><td class=\"has-text-align-center\" data-align=\"center\">Sa\u00fade Animal e Coletiva &#8211; Patologia Veterin\u00e1ria<\/td><td class=\"has-text-align-center\" data-align=\"center\">02<\/td><\/tr><\/tbody><\/table><\/figure>\n\n\n\n<figure class=\"wp-block-table is-style-stripes\"><table class=\"has-pale-ocean-gradient-background has-background has-fixed-layout\"><tbody><tr><td class=\"has-text-align-center\" data-align=\"center\"><strong>Multiprofissional<\/strong> <strong>&#8211; Sa\u00fade da Crian\u00e7a: viol\u00eancias e vulnerabilidades<\/strong><\/td><td class=\"has-text-align-center\" data-align=\"center\"><strong>Vagas<\/strong><\/td><\/tr><tr><td class=\"has-text-align-center\" data-align=\"center\">Enfermagem<\/td><td class=\"has-text-align-center\" data-align=\"center\">01<\/td><\/tr><tr><td class=\"has-text-align-center\" data-align=\"center\">Fisioterapia<\/td><td class=\"has-text-align-center\" data-align=\"center\">01<\/td><\/tr><tr><td class=\"has-text-align-center\" data-align=\"center\">Nutri\u00e7\u00e3o<\/td><td class=\"has-text-align-center\" data-align=\"center\">01<\/td><\/tr><tr><td class=\"has-text-align-center\" data-align=\"center\">Psicologia<\/td><td class=\"has-text-align-center\" data-align=\"center\">01<\/td><\/tr><tr><td class=\"has-text-align-center\" data-align=\"center\">Servi\u00e7o Social<\/td><td class=\"has-text-align-center\" data-align=\"center\">01<\/td><\/tr><\/tbody><\/table><\/figure>\n\n\n\n<p class=\"has-medium-font-size\" id=\"R$\"><strong>Remunera\u00e7\u00e3o<\/strong><\/p>\n\n\n\n<p>Os\/as candidatos\/as matriculados\/as nas vagas oferecidas no Processo Seletivo receber\u00e3o Bolsa de Educa\u00e7\u00e3o pelo Trabalho em valor ison\u00f4mico \u00e0 Bolsa de Resid\u00eancia M\u00e9dica, atualmente no valor bruto mensal de <strong>R$ 4.106,09<\/strong>, estabelecido pela Portaria Interministerial n\u00ba 09, de 13 de outubro de 2021.<\/p>\n\n\n\n<h2 class=\"wp-block-heading\" id=\"etapas\">Etapas dos editais Resid\u00eancia UFRGS<\/h2>\n\n\n\n<p><strong><span style=\"text-decoration: underline;\">Edital 1<\/span><\/strong><\/p>\n\n\n\n<ul class=\"wp-block-list\"><li>Primeira fase: prova objetiva<\/li><li>Segunda fase: prova dissertativa<\/li><\/ul>\n\n\n\n<h3 class=\"wp-block-heading\">Prova Objetiva<\/h3>\n\n\n\n<p>A parte objetiva da Prova Escrita ser\u00e1 constitu\u00edda por 30 (trinta) quest\u00f5es do tipo m\u00faltipla escolha, com 5 (cinco) alternativas cada, sendo 1 (uma) \u00fanica a correta.<\/p>\n\n\n\n<figure class=\"wp-block-image aligncenter size-large\"><img loading=\"lazy\" decoding=\"async\" width=\"1024\" height=\"301\" src=\"https:\/\/dhg1h5j42swfq.cloudfront.net\/2022\/09\/06103046\/image-82-1024x301.png\" alt=\"Provas do edital Resid\u00eancia UFRGS\" class=\"wp-image-1090094\" srcset=\"https:\/\/dhg1h5j42swfq.cloudfront.net\/2022\/09\/06103046\/image-82-1024x301.png 1024w, https:\/\/dhg1h5j42swfq.cloudfront.net\/2022\/09\/06103046\/image-82-300x88.png 300w, https:\/\/dhg1h5j42swfq.cloudfront.net\/2022\/09\/06103046\/image-82-768x226.png 768w, https:\/\/dhg1h5j42swfq.cloudfront.net\/2022\/09\/06103046\/image-82-610x180.png 610w, https:\/\/dhg1h5j42swfq.cloudfront.net\/2022\/09\/06103046\/image-82-150x44.png 150w, https:\/\/dhg1h5j42swfq.cloudfront.net\/2022\/09\/06103046\/image-82.png 1189w\" sizes=\"auto, (max-width: 1024px) 100vw, 1024px\" \/><figcaption>Provas do edital Resid\u00eancia UFRGS<\/figcaption><\/figure>\n\n\n\n<h3 class=\"wp-block-heading\">Prova Dissertativa<\/h3>\n\n\n\n<p>A parte dissertativa da Prova Escrita ser\u00e1 constitu\u00edda por duas quest\u00f5es anal\u00edtico-reflexivas pr\u00f3prias a cada Programa de Resid\u00eancia em \u00c1rea Profissional da Sa\u00fade.<\/p>\n\n\n\n<figure class=\"wp-block-image aligncenter size-large\"><img loading=\"lazy\" decoding=\"async\" width=\"1024\" height=\"243\" src=\"https:\/\/dhg1h5j42swfq.cloudfront.net\/2022\/09\/06103821\/image-84-1024x243.png\" alt=\"Prova dissertativa do edital Resid\u00eancia UFRGS\" class=\"wp-image-1090103\" srcset=\"https:\/\/dhg1h5j42swfq.cloudfront.net\/2022\/09\/06103821\/image-84-1024x243.png 1024w, https:\/\/dhg1h5j42swfq.cloudfront.net\/2022\/09\/06103821\/image-84-300x71.png 300w, https:\/\/dhg1h5j42swfq.cloudfront.net\/2022\/09\/06103821\/image-84-768x182.png 768w, https:\/\/dhg1h5j42swfq.cloudfront.net\/2022\/09\/06103821\/image-84-610x145.png 610w, https:\/\/dhg1h5j42swfq.cloudfront.net\/2022\/09\/06103821\/image-84-150x36.png 150w, https:\/\/dhg1h5j42swfq.cloudfront.net\/2022\/09\/06103821\/image-84.png 1189w\" sizes=\"auto, (max-width: 1024px) 100vw, 1024px\" \/><figcaption>Prova dissertativa do edital Resid\u00eancia UFRGS<\/figcaption><\/figure>\n\n\n\n<p><strong><span style=\"text-decoration: underline;\">Edital 2<\/span><\/strong><\/p>\n\n\n\n<ul class=\"wp-block-list\"><li>Primeira fase: prova objetiva<\/li><li>Segunda fase: prova dissertativa<\/li><li>Terceira fase: avalia\u00e7\u00e3o de curr\u00edculo<\/li><\/ul>\n\n\n\n<h3 class=\"wp-block-heading\">Prova Objetiva<\/h3>\n\n\n\n<p>A parte objetiva da Prova Escrita ser\u00e1 constitu\u00edda por 30 (trinta) quest\u00f5es do tipo m\u00faltipla escolha, com cinco alternativas cada, sendo uma \u00fanica a correta.<\/p>\n\n\n\n<figure class=\"wp-block-image aligncenter size-full\"><img loading=\"lazy\" decoding=\"async\" width=\"957\" height=\"468\" src=\"https:\/\/dhg1h5j42swfq.cloudfront.net\/2022\/09\/06103940\/image-85.png\" alt=\"Provas do edital Resid\u00eancia UFRGS\" class=\"wp-image-1090105\" srcset=\"https:\/\/dhg1h5j42swfq.cloudfront.net\/2022\/09\/06103940\/image-85.png 957w, https:\/\/dhg1h5j42swfq.cloudfront.net\/2022\/09\/06103940\/image-85-300x147.png 300w, https:\/\/dhg1h5j42swfq.cloudfront.net\/2022\/09\/06103940\/image-85-768x376.png 768w, https:\/\/dhg1h5j42swfq.cloudfront.net\/2022\/09\/06103940\/image-85-610x298.png 610w, https:\/\/dhg1h5j42swfq.cloudfront.net\/2022\/09\/06103940\/image-85-150x73.png 150w\" sizes=\"auto, (max-width: 957px) 100vw, 957px\" \/><figcaption>Provas do edital Resid\u00eancia UFRGS<\/figcaption><\/figure>\n\n\n\n<h3 class=\"wp-block-heading\">Prova Dissertativa<\/h3>\n\n\n\n<p>A parte dissertativa da Prova Escrita ser\u00e1 constitu\u00edda por duas quest\u00f5es anal\u00edtico-reflexivas pr\u00f3prias a cada Programa de Resid\u00eancia.<\/p>\n\n\n\n<figure class=\"wp-block-image aligncenter size-full\"><img loading=\"lazy\" decoding=\"async\" width=\"955\" height=\"231\" src=\"https:\/\/dhg1h5j42swfq.cloudfront.net\/2022\/09\/06104534\/image-86.png\" alt=\"Prova dissertativa do edital \" class=\"wp-image-1090114\" srcset=\"https:\/\/dhg1h5j42swfq.cloudfront.net\/2022\/09\/06104534\/image-86.png 955w, https:\/\/dhg1h5j42swfq.cloudfront.net\/2022\/09\/06104534\/image-86-300x73.png 300w, https:\/\/dhg1h5j42swfq.cloudfront.net\/2022\/09\/06104534\/image-86-768x186.png 768w, https:\/\/dhg1h5j42swfq.cloudfront.net\/2022\/09\/06104534\/image-86-610x148.png 610w, https:\/\/dhg1h5j42swfq.cloudfront.net\/2022\/09\/06104534\/image-86-150x36.png 150w\" sizes=\"auto, (max-width: 955px) 100vw, 955px\" \/><figcaption>Prova dissertativa do edital Resid\u00eancia UFRGS<\/figcaption><\/figure>\n\n\n\n<h3 class=\"wp-block-heading\">Avalia\u00e7\u00e3o de Curr\u00edculo<\/h3>\n\n\n\n<p>Prova de Avalia\u00e7\u00e3o de Curr\u00edculo: (somente para os\/as candidatos\/as inscritos no Programa de Resid\u00eancia com op\u00e7\u00e3o em Sa\u00fade Animal e Coletiva).<\/p>\n\n\n\n<p>Os\/as candidatos\/as dever\u00e3o encaminhar os documentos abaixo listados juntamente com os documentos comprobat\u00f3rios do curr\u00edculo, na forma de arquivo digital, no Portal do\/a candidato\/a.<\/p>\n\n\n\n<ul class=\"wp-block-list\"><li>a) Diploma de Gradua\u00e7\u00e3o, ou declara\u00e7\u00e3o institucional de prov\u00e1vel formando at\u00e9 o dia 01\/03\/2021 (c\u00f3pia autenticada em cart\u00f3rio);<\/li><li>b) Hist\u00f3rico Escolar Oficial do Curso de Gradua\u00e7\u00e3o (c\u00f3pia autenticada em cart\u00f3rio);<\/li><li>c) Carteira de Identidade (c\u00f3pia autenticada em cart\u00f3rio);<\/li><li>d) CPF (c\u00f3pia autenticada em cart\u00f3rio);<\/li><\/ul>\n\n\n\n<h2 class=\"has-text-align-center wp-block-heading\" id=\"h-quer-saber-tudo-sobre-concursos-previstos-confira-nossos-artigos\">Quer saber tudo sobre concursos previstos?<br \/>Confira nossos artigos!<\/h2>\n\n\n\n<ul class=\"wp-block-list\"><li><a href=\"https:\/\/www.estrategiaconcursos.com.br\/blog\/concursos-abertos\/\" target=\"_blank\" rel=\"noreferrer noopener\">Concursos abertos<\/a><\/li><li><a href=\"https:\/\/www.estrategiaconcursos.com.br\/blog\/concursos-2022\/\" target=\"_blank\" rel=\"noreferrer noopener\">Concursos 2022<\/a><\/li><li><a href=\"https:\/\/www.estrategiaconcursos.com.br\/blog\/concursos-2023\/\" target=\"_blank\" rel=\"noreferrer noopener\">Concursos 2023<\/a><\/li><\/ul>\n\n\n\n<h2 class=\"has-text-align-center wp-block-heading\" id=\"cursos\">Quer estudar para os editais Resid\u00eancia UFRGS?<\/h2>\n\n\n\n<div class=\"container\" id=\"boxes\">\n  <div class=\"row\">\n\n    <div class=\"col-sm\">\n      <div class=\"banner-medicina\" id=\"box-assinatura\">\n        <h3 class=\"titulo-assinatura\">Resid\u00eancia UFRGS<\/h3>\n        <p class=\"subtitulo-assinatura\">Conhe\u00e7a nossos cursos<\/p>\n        <div class=\"box-botao\">\n          <a class=\"btn-assinatura\" target=\"_blank\" href=\"https:\/\/www.estrategiaconcursos.com.br\/cursosPorConcurso\/universidade-federal-do-rio-grande-do-sul-ufrgs-residencias-profissionais\/\" role=\"button\" rel=\"noopener noreferrer\">Conhe\u00e7a mais<\/a>\n        <\/div>\n      <\/div>\n      <p class=\"texto-auxiliar\"><\/p>\n    <\/div>\n\n  <\/div>\n<\/div>\n\n\n\n<div class=\"container\" id=\"boxes\">\n  <div class=\"row\">\n\n    <div class=\"col-sm\">\n      <div class=\"estrategia\" id=\"box-assinatura\">\n        <h3 class=\"titulo-assinatura\">Assinatura Concursos<\/h3>\n        <p class=\"subtitulo-assinatura\">Assinatura de 1 ano ou 2 anos<\/p>\n        <div class=\"box-botao\">\n          <a class=\"btn-assinatura\" target=\"_blank\" href=\"https:\/\/www.estrategiaconcursos.com.br\/assinaturas\/\" role=\"button\" rel=\"noopener noreferrer\">ASSINE AGORA<\/a>\n        <\/div>\n      <\/div><\/div><\/div><\/div>\n\n\n\n<figure class=\"wp-block-image size-large is-resized is-style-default\"><img loading=\"lazy\" decoding=\"async\" src=\"https:\/\/dhg1h5j42swfq.cloudfront.net\/2021\/05\/19100903\/ficha-tecnica-34-1024x632.png\" alt=\"Ficha t\u00e9cnica\" class=\"wp-image-744973\" width=\"271\" height=\"167\" srcset=\"https:\/\/dhg1h5j42swfq.cloudfront.net\/2021\/05\/19100903\/ficha-tecnica-34-1024x632.png 1024w, https:\/\/dhg1h5j42swfq.cloudfront.net\/2021\/05\/19100903\/ficha-tecnica-34-300x185.png 300w, https:\/\/dhg1h5j42swfq.cloudfront.net\/2021\/05\/19100903\/ficha-tecnica-34-768x474.png 768w, https:\/\/dhg1h5j42swfq.cloudfront.net\/2021\/05\/19100903\/ficha-tecnica-34-1536x948.png 1536w, https:\/\/dhg1h5j42swfq.cloudfront.net\/2021\/05\/19100903\/ficha-tecnica-34-610x377.png 610w, https:\/\/dhg1h5j42swfq.cloudfront.net\/2021\/05\/19100903\/ficha-tecnica-34.png 1571w\" sizes=\"auto, (max-width: 271px) 100vw, 271px\" \/><\/figure>\n\n\n\n<h3 class=\"wp-block-heading\" id=\"ficha\">Informa\u00e7\u00f5es do edital Resid\u00eancia UFRGS<\/h3>\n\n\n\n<ul class=\"wp-block-list\"><li><strong>Provas<\/strong>: 23\/10\/2022<\/li><li><strong>Vagas<\/strong>: 98<\/li><li><strong>Especialidades<\/strong>: diversas<\/li><li><strong>Escolaridade<\/strong>: n\u00edvel superior<\/li><li><strong>Editais:<\/strong> <strong><a href=\"https:\/\/dhg1h5j42swfq.cloudfront.net\/2022\/09\/06095127\/ufrgs-residencia-edital-1-1.pdf\" target=\"_blank\" rel=\"noreferrer noopener nofollow\">UFRGS 1<\/a> | <a href=\"https:\/\/dhg1h5j42swfq.cloudfront.net\/2022\/09\/06095127\/ufrgs-residencia-edital-1-1.pdf\" target=\"_blank\" rel=\"noreferrer noopener nofollow\">UFRGS 2<\/a><\/strong><\/li><\/ul>\n","protected":false},"excerpt":{"rendered":"<p>Est\u00e3o encerradas as inscri\u00e7\u00f5es para os editais de Resid\u00eancia UFRGS (Uniprofissional e Multiprofissional da Universidade Federal do Rio Grande do Sul). Os interessados na sele\u00e7\u00e3o puderam se candidatar at\u00e9 o dia 07 de outubro de 2022, no portal da COPERSE, ao custo de R$ 150,00. S\u00e3o ofertadas 98 vagas imediatas de n\u00edvel superior, distribu\u00eddas entre [&hellip;]<\/p>\n","protected":false},"author":1,"featured_media":1007295,"comment_status":"open","ping_status":"closed","sticky":false,"template":"","format":"standard","meta":{"post_tipo":"news_page","footnotes":""},"categories":[1981],"tags":[],"tax_estado":[219986],"class_list":["post-1089991","post","type-post","status-publish","format-standard","has-post-thumbnail","hentry","category-saude","tax_estado-rs"],"acf":[],"yoast_head":"<!-- This site is optimized with the Yoast SEO Premium plugin v27.2 (Yoast SEO v27.2) - https:\/\/yoast.com\/product\/yoast-seo-premium-wordpress\/ -->\n<title>Resid\u00eancia UFRGS: inscri\u00e7\u00f5es encerradas para 98 vagas<\/title>\n<meta name=\"description\" content=\"Resid\u00eancia UFRGS: editais ofertam 98 vagas imediatas. Inscri\u00e7\u00f5es est\u00e3o encerradas! Acesse o site e confira os detalhes!\" \/>\n<meta name=\"robots\" content=\"index, follow, max-snippet:-1, max-image-preview:large, max-video-preview:-1\" \/>\n<link rel=\"canonical\" href=\"https:\/\/www.estrategiaconcursos.com.br\/blog\/residencia-ufrgs\/\" \/>\n<meta property=\"og:locale\" content=\"pt_BR\" \/>\n<meta property=\"og:type\" content=\"article\" \/>\n<meta property=\"og:title\" content=\"Resid\u00eancia UFRGS: inscri\u00e7\u00f5es encerradas para 98 vagas\" \/>\n<meta property=\"og:description\" content=\"Resid\u00eancia UFRGS: editais ofertam 98 vagas imediatas. Inscri\u00e7\u00f5es est\u00e3o encerradas! Acesse o site e confira os detalhes!\" \/>\n<meta property=\"og:url\" content=\"https:\/\/www.estrategiaconcursos.com.br\/blog\/residencia-ufrgs\/\" \/>\n<meta property=\"og:site_name\" content=\"Estrat\u00e9gia Concursos\" \/>\n<meta property=\"article:author\" content=\"https:\/\/www.facebook.com\/EstrategiaConcursos\" \/>\n<meta property=\"article:published_time\" content=\"2022-10-08T11:35:00+00:00\" \/>\n<meta property=\"og:image\" content=\"https:\/\/dhg1h5j42swfq.cloudfront.net\/2022\/04\/12140104\/residencias_em_saude.jpg\" \/>\n\t<meta property=\"og:image:width\" content=\"768\" \/>\n\t<meta property=\"og:image:height\" content=\"432\" \/>\n\t<meta property=\"og:image:type\" content=\"image\/jpeg\" \/>\n<meta name=\"author\" content=\"Coordena\u00e7\u00e3o\" \/>\n<meta name=\"twitter:card\" content=\"summary_large_image\" \/>\n<meta name=\"twitter:creator\" content=\"@EstratConcursos\" \/>\n<meta name=\"twitter:site\" content=\"@EstratConcursos\" \/>\n<meta name=\"twitter:label1\" content=\"Escrito por\" \/>\n\t<meta name=\"twitter:data1\" content=\"Coordena\u00e7\u00e3o\" \/>\n\t<meta name=\"twitter:label2\" content=\"Est. tempo de leitura\" \/>\n\t<meta name=\"twitter:data2\" content=\"4 minutos\" \/>\n<script type=\"application\/ld+json\" class=\"yoast-schema-graph\">{\"@context\":\"https:\/\/schema.org\",\"@graph\":[{\"@type\":\"NewsArticle\",\"@id\":\"https:\/\/www.estrategiaconcursos.com.br\/blog\/residencia-ufrgs\/#article\",\"isPartOf\":{\"@id\":\"https:\/\/www.estrategiaconcursos.com.br\/blog\/residencia-ufrgs\/\"},\"author\":{\"name\":\"Coordena\u00e7\u00e3o\",\"@id\":\"https:\/\/www.estrategiaconcursos.com.br\/blog\/#\/schema\/person\/b4a388c97673c5f483d72185668afa1f\"},\"headline\":\"Resid\u00eancia UFRGS: inscri\u00e7\u00f5es encerradas para 98 vagas\",\"datePublished\":\"2022-10-08T11:35:00+00:00\",\"mainEntityOfPage\":{\"@id\":\"https:\/\/www.estrategiaconcursos.com.br\/blog\/residencia-ufrgs\/\"},\"wordCount\":770,\"commentCount\":0,\"publisher\":{\"@id\":\"https:\/\/www.estrategiaconcursos.com.br\/blog\/#organization\"},\"image\":{\"@id\":\"https:\/\/www.estrategiaconcursos.com.br\/blog\/residencia-ufrgs\/#primaryimage\"},\"thumbnailUrl\":\"https:\/\/dhg1h5j42swfq.cloudfront.net\/2022\/04\/12140104\/residencias_em_saude.jpg\",\"articleSection\":[\"Sa\u00fade\"],\"inLanguage\":\"pt-BR\",\"potentialAction\":[{\"@type\":\"CommentAction\",\"name\":\"Comment\",\"target\":[\"https:\/\/www.estrategiaconcursos.com.br\/blog\/residencia-ufrgs\/#respond\"]}],\"copyrightYear\":\"2022\",\"copyrightHolder\":{\"@id\":\"https:\/\/www.estrategiaconcursos.com.br\/blog\/#organization\"}},{\"@type\":\"WebPage\",\"@id\":\"https:\/\/www.estrategiaconcursos.com.br\/blog\/residencia-ufrgs\/\",\"url\":\"https:\/\/www.estrategiaconcursos.com.br\/blog\/residencia-ufrgs\/\",\"name\":\"Resid\u00eancia UFRGS: inscri\u00e7\u00f5es encerradas para 98 vagas\",\"isPartOf\":{\"@id\":\"https:\/\/www.estrategiaconcursos.com.br\/blog\/#website\"},\"primaryImageOfPage\":{\"@id\":\"https:\/\/www.estrategiaconcursos.com.br\/blog\/residencia-ufrgs\/#primaryimage\"},\"image\":{\"@id\":\"https:\/\/www.estrategiaconcursos.com.br\/blog\/residencia-ufrgs\/#primaryimage\"},\"thumbnailUrl\":\"https:\/\/dhg1h5j42swfq.cloudfront.net\/2022\/04\/12140104\/residencias_em_saude.jpg\",\"datePublished\":\"2022-10-08T11:35:00+00:00\",\"description\":\"Resid\u00eancia UFRGS: editais ofertam 98 vagas imediatas. Inscri\u00e7\u00f5es est\u00e3o encerradas! Acesse o site e confira os detalhes!\",\"breadcrumb\":{\"@id\":\"https:\/\/www.estrategiaconcursos.com.br\/blog\/residencia-ufrgs\/#breadcrumb\"},\"inLanguage\":\"pt-BR\",\"potentialAction\":[{\"@type\":\"ReadAction\",\"target\":[\"https:\/\/www.estrategiaconcursos.com.br\/blog\/residencia-ufrgs\/\"]}]},{\"@type\":\"ImageObject\",\"inLanguage\":\"pt-BR\",\"@id\":\"https:\/\/www.estrategiaconcursos.com.br\/blog\/residencia-ufrgs\/#primaryimage\",\"url\":\"https:\/\/dhg1h5j42swfq.cloudfront.net\/2022\/04\/12140104\/residencias_em_saude.jpg\",\"contentUrl\":\"https:\/\/dhg1h5j42swfq.cloudfront.net\/2022\/04\/12140104\/residencias_em_saude.jpg\",\"width\":768,\"height\":432,\"caption\":\"Resid\u00eancias em Sa\u00fade\"},{\"@type\":\"BreadcrumbList\",\"@id\":\"https:\/\/www.estrategiaconcursos.com.br\/blog\/residencia-ufrgs\/#breadcrumb\",\"itemListElement\":[{\"@type\":\"ListItem\",\"position\":1,\"name\":\"In\u00edcio\",\"item\":\"https:\/\/www.estrategiaconcursos.com.br\/blog\/\"},{\"@type\":\"ListItem\",\"position\":2,\"name\":\"Resid\u00eancia UFRGS: inscri\u00e7\u00f5es encerradas para 98 vagas\"}]},{\"@type\":\"WebSite\",\"@id\":\"https:\/\/www.estrategiaconcursos.com.br\/blog\/#website\",\"url\":\"https:\/\/www.estrategiaconcursos.com.br\/blog\/\",\"name\":\"Estrat\u00e9gia Concursos\",\"description\":\"O blog da Estrat\u00e9gia Concursos traz not\u00edcias sobre concursos e artigos de professores oferecendo cursos para concursos (pdf + videaulas) no site.\",\"publisher\":{\"@id\":\"https:\/\/www.estrategiaconcursos.com.br\/blog\/#organization\"},\"potentialAction\":[{\"@type\":\"SearchAction\",\"target\":{\"@type\":\"EntryPoint\",\"urlTemplate\":\"https:\/\/www.estrategiaconcursos.com.br\/blog\/?s={search_term_string}\"},\"query-input\":{\"@type\":\"PropertyValueSpecification\",\"valueRequired\":true,\"valueName\":\"search_term_string\"}}],\"inLanguage\":\"pt-BR\"},{\"@type\":\"Organization\",\"@id\":\"https:\/\/www.estrategiaconcursos.com.br\/blog\/#organization\",\"name\":\"Estrat\u00e9gia Concursos\",\"url\":\"https:\/\/www.estrategiaconcursos.com.br\/blog\/\",\"logo\":{\"@type\":\"ImageObject\",\"inLanguage\":\"pt-BR\",\"@id\":\"https:\/\/www.estrategiaconcursos.com.br\/blog\/#\/schema\/logo\/image\/\",\"url\":\"https:\/\/dhg1h5j42swfq.cloudfront.net\/2025\/06\/03203428\/logo_concursos-1.jpg\",\"contentUrl\":\"https:\/\/dhg1h5j42swfq.cloudfront.net\/2025\/06\/03203428\/logo_concursos-1.jpg\",\"width\":230,\"height\":60,\"caption\":\"Estrat\u00e9gia Concursos\"},\"image\":{\"@id\":\"https:\/\/www.estrategiaconcursos.com.br\/blog\/#\/schema\/logo\/image\/\"},\"sameAs\":[\"https:\/\/x.com\/EstratConcursos\"]},{\"@type\":\"Person\",\"@id\":\"https:\/\/www.estrategiaconcursos.com.br\/blog\/#\/schema\/person\/b4a388c97673c5f483d72185668afa1f\",\"name\":\"Coordena\u00e7\u00e3o\",\"image\":{\"@type\":\"ImageObject\",\"inLanguage\":\"pt-BR\",\"@id\":\"https:\/\/secure.gravatar.com\/avatar\/b720319e4c9a967eb58678d110f4fe35452fc5d5f97b202bac7b8acceb18c6ad?s=96&d=mm&r=g\",\"url\":\"https:\/\/secure.gravatar.com\/avatar\/b720319e4c9a967eb58678d110f4fe35452fc5d5f97b202bac7b8acceb18c6ad?s=96&d=mm&r=g\",\"contentUrl\":\"https:\/\/secure.gravatar.com\/avatar\/b720319e4c9a967eb58678d110f4fe35452fc5d5f97b202bac7b8acceb18c6ad?s=96&d=mm&r=g\",\"caption\":\"Coordena\u00e7\u00e3o\"},\"sameAs\":[\"https:\/\/www.facebook.com\/EstrategiaConcursos\",\"https:\/\/x.com\/EstratConcursos\"],\"url\":\"https:\/\/www.estrategiaconcursos.com.br\/blog\/author\/estrategia2013\/\"}]}<\/script>\n<!-- \/ Yoast SEO Premium plugin. -->","yoast_head_json":{"title":"Resid\u00eancia UFRGS: inscri\u00e7\u00f5es encerradas para 98 vagas","description":"Resid\u00eancia UFRGS: editais ofertam 98 vagas imediatas. Inscri\u00e7\u00f5es est\u00e3o encerradas! Acesse o site e confira os detalhes!","robots":{"index":"index","follow":"follow","max-snippet":"max-snippet:-1","max-image-preview":"max-image-preview:large","max-video-preview":"max-video-preview:-1"},"canonical":"https:\/\/www.estrategiaconcursos.com.br\/blog\/residencia-ufrgs\/","og_locale":"pt_BR","og_type":"article","og_title":"Resid\u00eancia UFRGS: inscri\u00e7\u00f5es encerradas para 98 vagas","og_description":"Resid\u00eancia UFRGS: editais ofertam 98 vagas imediatas. Inscri\u00e7\u00f5es est\u00e3o encerradas! Acesse o site e confira os detalhes!","og_url":"https:\/\/www.estrategiaconcursos.com.br\/blog\/residencia-ufrgs\/","og_site_name":"Estrat\u00e9gia Concursos","article_author":"https:\/\/www.facebook.com\/EstrategiaConcursos","article_published_time":"2022-10-08T11:35:00+00:00","og_image":[{"width":768,"height":432,"url":"https:\/\/dhg1h5j42swfq.cloudfront.net\/2022\/04\/12140104\/residencias_em_saude.jpg","type":"image\/jpeg"}],"author":"Coordena\u00e7\u00e3o","twitter_card":"summary_large_image","twitter_creator":"@EstratConcursos","twitter_site":"@EstratConcursos","twitter_misc":{"Escrito por":"Coordena\u00e7\u00e3o","Est. tempo de leitura":"4 minutos"},"schema":{"@context":"https:\/\/schema.org","@graph":[{"@type":"NewsArticle","@id":"https:\/\/www.estrategiaconcursos.com.br\/blog\/residencia-ufrgs\/#article","isPartOf":{"@id":"https:\/\/www.estrategiaconcursos.com.br\/blog\/residencia-ufrgs\/"},"author":{"name":"Coordena\u00e7\u00e3o","@id":"https:\/\/www.estrategiaconcursos.com.br\/blog\/#\/schema\/person\/b4a388c97673c5f483d72185668afa1f"},"headline":"Resid\u00eancia UFRGS: inscri\u00e7\u00f5es encerradas para 98 vagas","datePublished":"2022-10-08T11:35:00+00:00","mainEntityOfPage":{"@id":"https:\/\/www.estrategiaconcursos.com.br\/blog\/residencia-ufrgs\/"},"wordCount":770,"commentCount":0,"publisher":{"@id":"https:\/\/www.estrategiaconcursos.com.br\/blog\/#organization"},"image":{"@id":"https:\/\/www.estrategiaconcursos.com.br\/blog\/residencia-ufrgs\/#primaryimage"},"thumbnailUrl":"https:\/\/dhg1h5j42swfq.cloudfront.net\/2022\/04\/12140104\/residencias_em_saude.jpg","articleSection":["Sa\u00fade"],"inLanguage":"pt-BR","potentialAction":[{"@type":"CommentAction","name":"Comment","target":["https:\/\/www.estrategiaconcursos.com.br\/blog\/residencia-ufrgs\/#respond"]}],"copyrightYear":"2022","copyrightHolder":{"@id":"https:\/\/www.estrategiaconcursos.com.br\/blog\/#organization"}},{"@type":"WebPage","@id":"https:\/\/www.estrategiaconcursos.com.br\/blog\/residencia-ufrgs\/","url":"https:\/\/www.estrategiaconcursos.com.br\/blog\/residencia-ufrgs\/","name":"Resid\u00eancia UFRGS: inscri\u00e7\u00f5es encerradas para 98 vagas","isPartOf":{"@id":"https:\/\/www.estrategiaconcursos.com.br\/blog\/#website"},"primaryImageOfPage":{"@id":"https:\/\/www.estrategiaconcursos.com.br\/blog\/residencia-ufrgs\/#primaryimage"},"image":{"@id":"https:\/\/www.estrategiaconcursos.com.br\/blog\/residencia-ufrgs\/#primaryimage"},"thumbnailUrl":"https:\/\/dhg1h5j42swfq.cloudfront.net\/2022\/04\/12140104\/residencias_em_saude.jpg","datePublished":"2022-10-08T11:35:00+00:00","description":"Resid\u00eancia UFRGS: editais ofertam 98 vagas imediatas. Inscri\u00e7\u00f5es est\u00e3o encerradas! Acesse o site e confira os detalhes!","breadcrumb":{"@id":"https:\/\/www.estrategiaconcursos.com.br\/blog\/residencia-ufrgs\/#breadcrumb"},"inLanguage":"pt-BR","potentialAction":[{"@type":"ReadAction","target":["https:\/\/www.estrategiaconcursos.com.br\/blog\/residencia-ufrgs\/"]}]},{"@type":"ImageObject","inLanguage":"pt-BR","@id":"https:\/\/www.estrategiaconcursos.com.br\/blog\/residencia-ufrgs\/#primaryimage","url":"https:\/\/dhg1h5j42swfq.cloudfront.net\/2022\/04\/12140104\/residencias_em_saude.jpg","contentUrl":"https:\/\/dhg1h5j42swfq.cloudfront.net\/2022\/04\/12140104\/residencias_em_saude.jpg","width":768,"height":432,"caption":"Resid\u00eancias em Sa\u00fade"},{"@type":"BreadcrumbList","@id":"https:\/\/www.estrategiaconcursos.com.br\/blog\/residencia-ufrgs\/#breadcrumb","itemListElement":[{"@type":"ListItem","position":1,"name":"In\u00edcio","item":"https:\/\/www.estrategiaconcursos.com.br\/blog\/"},{"@type":"ListItem","position":2,"name":"Resid\u00eancia UFRGS: inscri\u00e7\u00f5es encerradas para 98 vagas"}]},{"@type":"WebSite","@id":"https:\/\/www.estrategiaconcursos.com.br\/blog\/#website","url":"https:\/\/www.estrategiaconcursos.com.br\/blog\/","name":"Estrat\u00e9gia Concursos","description":"O blog da Estrat\u00e9gia Concursos traz not\u00edcias sobre concursos e artigos de professores oferecendo cursos para concursos (pdf + videaulas) no site.","publisher":{"@id":"https:\/\/www.estrategiaconcursos.com.br\/blog\/#organization"},"potentialAction":[{"@type":"SearchAction","target":{"@type":"EntryPoint","urlTemplate":"https:\/\/www.estrategiaconcursos.com.br\/blog\/?s={search_term_string}"},"query-input":{"@type":"PropertyValueSpecification","valueRequired":true,"valueName":"search_term_string"}}],"inLanguage":"pt-BR"},{"@type":"Organization","@id":"https:\/\/www.estrategiaconcursos.com.br\/blog\/#organization","name":"Estrat\u00e9gia Concursos","url":"https:\/\/www.estrategiaconcursos.com.br\/blog\/","logo":{"@type":"ImageObject","inLanguage":"pt-BR","@id":"https:\/\/www.estrategiaconcursos.com.br\/blog\/#\/schema\/logo\/image\/","url":"https:\/\/dhg1h5j42swfq.cloudfront.net\/2025\/06\/03203428\/logo_concursos-1.jpg","contentUrl":"https:\/\/dhg1h5j42swfq.cloudfront.net\/2025\/06\/03203428\/logo_concursos-1.jpg","width":230,"height":60,"caption":"Estrat\u00e9gia Concursos"},"image":{"@id":"https:\/\/www.estrategiaconcursos.com.br\/blog\/#\/schema\/logo\/image\/"},"sameAs":["https:\/\/x.com\/EstratConcursos"]},{"@type":"Person","@id":"https:\/\/www.estrategiaconcursos.com.br\/blog\/#\/schema\/person\/b4a388c97673c5f483d72185668afa1f","name":"Coordena\u00e7\u00e3o","image":{"@type":"ImageObject","inLanguage":"pt-BR","@id":"https:\/\/secure.gravatar.com\/avatar\/b720319e4c9a967eb58678d110f4fe35452fc5d5f97b202bac7b8acceb18c6ad?s=96&d=mm&r=g","url":"https:\/\/secure.gravatar.com\/avatar\/b720319e4c9a967eb58678d110f4fe35452fc5d5f97b202bac7b8acceb18c6ad?s=96&d=mm&r=g","contentUrl":"https:\/\/secure.gravatar.com\/avatar\/b720319e4c9a967eb58678d110f4fe35452fc5d5f97b202bac7b8acceb18c6ad?s=96&d=mm&r=g","caption":"Coordena\u00e7\u00e3o"},"sameAs":["https:\/\/www.facebook.com\/EstrategiaConcursos","https:\/\/x.com\/EstratConcursos"],"url":"https:\/\/www.estrategiaconcursos.com.br\/blog\/author\/estrategia2013\/"}]}},"_links":{"self":[{"href":"https:\/\/www.estrategiaconcursos.com.br\/blog\/wp-json\/wp\/v2\/posts\/1089991","targetHints":{"allow":["GET"]}}],"collection":[{"href":"https:\/\/www.estrategiaconcursos.com.br\/blog\/wp-json\/wp\/v2\/posts"}],"about":[{"href":"https:\/\/www.estrategiaconcursos.com.br\/blog\/wp-json\/wp\/v2\/types\/post"}],"author":[{"embeddable":true,"href":"https:\/\/www.estrategiaconcursos.com.br\/blog\/wp-json\/wp\/v2\/users\/1"}],"replies":[{"embeddable":true,"href":"https:\/\/www.estrategiaconcursos.com.br\/blog\/wp-json\/wp\/v2\/comments?post=1089991"}],"version-history":[{"count":18,"href":"https:\/\/www.estrategiaconcursos.com.br\/blog\/wp-json\/wp\/v2\/posts\/1089991\/revisions"}],"predecessor-version":[{"id":1106843,"href":"https:\/\/www.estrategiaconcursos.com.br\/blog\/wp-json\/wp\/v2\/posts\/1089991\/revisions\/1106843"}],"wp:featuredmedia":[{"embeddable":true,"href":"https:\/\/www.estrategiaconcursos.com.br\/blog\/wp-json\/wp\/v2\/media\/1007295"}],"wp:attachment":[{"href":"https:\/\/www.estrategiaconcursos.com.br\/blog\/wp-json\/wp\/v2\/media?parent=1089991"}],"wp:term":[{"taxonomy":"category","embeddable":true,"href":"https:\/\/www.estrategiaconcursos.com.br\/blog\/wp-json\/wp\/v2\/categories?post=1089991"},{"taxonomy":"post_tag","embeddable":true,"href":"https:\/\/www.estrategiaconcursos.com.br\/blog\/wp-json\/wp\/v2\/tags?post=1089991"},{"taxonomy":"tax_estado","embeddable":true,"href":"https:\/\/www.estrategiaconcursos.com.br\/blog\/wp-json\/wp\/v2\/tax_estado?post=1089991"}],"curies":[{"name":"wp","href":"https:\/\/api.w.org\/{rel}","templated":true}]}}