{"id":1089816,"date":"2022-10-04T08:39:00","date_gmt":"2022-10-04T11:39:00","guid":{"rendered":"https:\/\/www.estrategiaconcursos.com.br\/blog\/?p=1089816"},"modified":"2023-10-18T11:25:21","modified_gmt":"2023-10-18T14:25:21","slug":"concurso-guarda-de-araras","status":"publish","type":"post","link":"https:\/\/www.estrategiaconcursos.com.br\/blog\/concurso-guarda-de-araras\/","title":{"rendered":"Concurso Guarda de Araras: inscri\u00e7\u00f5es encerradas; 60 vagas"},"content":{"rendered":"\n<p>Est\u00e3o encerradas as inscri\u00e7\u00f5es para o <strong>concurso Guarda de Araras<\/strong>, no estado de S\u00e3o Paulo, que oferta 60 vagas e cadastro reserva para o cargo de Guarda Civil Municipal.<\/p>\n\n\n\n<p>Os interessados em participar da sele\u00e7\u00e3o puderam realizar a candidatura at\u00e9 o dia <strong>03 de outubro<\/strong>, no <strong><em><a href=\"https:\/\/abconcursospublicos.org\/\" target=\"_blank\" rel=\"noreferrer noopener\">site<\/a><\/em><\/strong> da banca organizadora, ABCP, ao custo de <strong>R$ 110,00<\/strong>.<\/p>\n\n\n\n<p>As oportunidades s\u00e3o para o n\u00edvel m\u00e9dio de escolaridade, com sal\u00e1rio inicial de R$ 2,603,94. A aplica\u00e7\u00e3o da prova objetiva \u00e9 prevista para 23 de outubro.<\/p>\n\n\n\n<ul class=\"has-very-light-gray-to-cyan-bluish-gray-gradient-background has-background wp-block-list\">\n<li><strong>Guarda de Araras<\/strong><\/li>\n\n\n\n<li><strong>Status:<\/strong> inscri\u00e7\u00f5es encerradas<\/li>\n\n\n\n<li><strong>Banca:<\/strong> ABCP<\/li>\n\n\n\n<li><strong>Vagas:<\/strong> 60+ CR<\/li>\n\n\n\n<li><strong>Sal\u00e1rio inicial:<\/strong> R$ 2.603,94<\/li>\n\n\n\n<li><strong>Edital:<\/strong> <a href=\"https:\/\/dhg1h5j42swfq.cloudfront.net\/2022\/09\/05182312\/edital-guarda-araras.pdf\" target=\"_blank\" rel=\"noreferrer noopener nofollow\"><\/a><a href=\"https:\/\/dhg1h5j42swfq.cloudfront.net\/2022\/09\/05182312\/edital-guarda-araras.pdf\" target=\"_blank\" rel=\"noreferrer noopener\">GCM Araras-2022<\/a><\/li>\n<\/ul>\n\n\n\n<div class=\"container\" id=\"boxes\">\n  <div class=\"row\">\n\n    <div class=\"col-sm\">\n      <div class=\"banner-guarda-gcm\" id=\"box-assinatura\">\n        <h3 class=\"titulo-assinatura\">Concurso Guarda de Araras<\/h3>\n        <p class=\"subtitulo-assinatura\">Conhe\u00e7a os cursos<\/p>\n        <div class=\"box-botao\">\n          <a class=\"btn-assinatura\" target=\"_blank\" href=\"https:\/\/www.estrategiaconcursos.com.br\/cursosPorConcurso\/\" role=\"button\" rel=\"noopener noreferrer\">Conhe\u00e7a mais<\/a>\n        <\/div>\n      <\/div>\n     \n\n  <\/div>\n<\/div><\/div>\n\n\n\n<ul class=\"wp-block-list\">\n<li><a href=\"#datas\">Principais datas<\/a><\/li>\n\n\n\n<li><a href=\"#cargos-vagas\">Cargos, vagas e remunera\u00e7\u00e3o<\/a>\n<ul class=\"wp-block-list\">\n<li><a href=\"#requisitos\">Requisitos<\/a><\/li>\n<\/ul>\n<\/li>\n\n\n\n<li><a href=\"#etapas\">Etapas do concurso<\/a><\/li>\n\n\n\n<li><a href=\"#cursos-assinatura\">Cursos e assinaturas<\/a><\/li>\n\n\n\n<li><a href=\"#ficha\">Ficha t\u00e9cnica<\/a><\/li>\n<\/ul>\n\n\n\n<h2 class=\"wp-block-heading\" id=\"datas\">Principais datas do concurso Guarda de Araras<\/h2>\n\n\n\n<p class=\"has-very-light-gray-background-color has-background\"><strong>Inscri\u00e7\u00f5es<\/strong>: <s>02 de setembro a 03 de outubro de 2022<\/s><br \/><strong>Isen\u00e7\u00e3o da taxa<\/strong>: <s>at\u00e9 04 de setembro de 2022<\/s><br \/><strong>\u00daltimo dia para pagamento<\/strong>: 04 de outubro de 2022<br \/><strong>Prova<\/strong>: 23 de outubro de 2022<\/p>\n\n\n\n<h2 class=\"wp-block-heading\" id=\"cargos-vagas\">Cargos e vagas do concurso Guarda de Araras<\/h2>\n\n\n\n<figure class=\"wp-block-table is-style-stripes\"><table class=\"has-very-light-gray-to-cyan-bluish-gray-gradient-background has-background has-fixed-layout\"><thead><tr><th class=\"has-text-align-center\" data-align=\"center\">CARGO<\/th><th class=\"has-text-align-center\" data-align=\"center\">VAGAS<\/th><th class=\"has-text-align-center\" data-align=\"center\">SAL\u00c1RIO<\/th><\/tr><\/thead><tbody><tr><td class=\"has-text-align-center\" data-align=\"center\">Guarda Municipal (masculino)<\/td><td class=\"has-text-align-center\" data-align=\"center\">48 + CR<\/td><td class=\"has-text-align-center\" data-align=\"center\">R$ 2.603,94*<\/td><\/tr><tr><td class=\"has-text-align-center\" data-align=\"center\">Guarda Municipal (feminino)<\/td><td class=\"has-text-align-center\" data-align=\"center\">12 + CR<\/td><td class=\"has-text-align-center\" data-align=\"center\">R$ 2.603,94*<\/td><\/tr><\/tbody><\/table><\/figure>\n\n\n\n<p>*Ser\u00e1 acrescido o Adicional de Risco de Vida correspondente a 30% (trinta por cento) do valor de refer\u00eancia dos vencimentos.<\/p>\n\n\n\n<h3 class=\"wp-block-heading\" id=\"requisitos\">Requisitos<\/h3>\n\n\n\n<ul class=\"wp-block-list\">\n<li>Ensino M\u00e9dio Completo;<\/li>\n\n\n\n<li>Possuir idade m\u00ednima de 18 (dezoito) anos e m\u00e1xima de 45 (quarenta e cinco) anos, na data da inscri\u00e7\u00e3o;<\/li>\n\n\n\n<li>Altura m\u00ednima descoberta e descal\u00e7o de 1,65m (um metro e sessenta cinco) para o sexo masculino, e de 1,55m (um metro e cinquenta e cinco cent\u00edmetros) para o sexo feminino;<\/li>\n\n\n\n<li>Possuir Carteira Nacional de Habilita\u00e7\u00e3o (CNH), categorias A e B ou superior, em plena validade.<\/li>\n<\/ul>\n\n\n\n<h2 class=\"wp-block-heading\" id=\"etapas\">Etapas e provas do concurso Guarda de Araras<\/h2>\n\n\n\n<p>O concurso p\u00fablico da GCM de Araras ser\u00e1 composto pelas etapas abaixo:<\/p>\n\n\n\n<ul class=\"wp-block-list\">\n<li>a) Prova Objetiva, de car\u00e1ter classificat\u00f3rio e eliminat\u00f3rio;<\/li>\n\n\n\n<li>b) Teste de Aptid\u00e3o F\u00edsica (TAF) e Aferi\u00e7\u00e3o de Altura, ambos de car\u00e1ter eliminat\u00f3rio; e<\/li>\n\n\n\n<li>c) Avalia\u00e7\u00e3o Psicol\u00f3gica, de car\u00e1ter eliminat\u00f3rio.<\/li>\n<\/ul>\n\n\n\n<h3 class=\"wp-block-heading\">Prova Objetiva<\/h3>\n\n\n\n<p>A etapa, de car\u00e1ter eliminat\u00f3rio e classificat\u00f3rio, ser\u00e1 composta por 50 quest\u00f5es do tipo m\u00faltipla escolha, com cinco alternativas cada, das quais apenas uma deve ser assinalada, valendo 10 pontos. <\/p>\n\n\n\n<figure class=\"wp-block-image aligncenter size-full is-resized\"><img loading=\"lazy\" decoding=\"async\" width=\"960\" height=\"192\" src=\"https:\/\/dhg1h5j42swfq.cloudfront.net\/2022\/09\/05183504\/image-65.png\" alt=\"Prova Objetiva - Concurso Guarda de Araras\" class=\"wp-image-1089821\" style=\"width:810px;height:162px\" srcset=\"https:\/\/dhg1h5j42swfq.cloudfront.net\/2022\/09\/05183504\/image-65.png 960w, https:\/\/dhg1h5j42swfq.cloudfront.net\/2022\/09\/05183504\/image-65-300x60.png 300w, https:\/\/dhg1h5j42swfq.cloudfront.net\/2022\/09\/05183504\/image-65-768x154.png 768w, https:\/\/dhg1h5j42swfq.cloudfront.net\/2022\/09\/05183504\/image-65-610x122.png 610w, https:\/\/dhg1h5j42swfq.cloudfront.net\/2022\/09\/05183504\/image-65-150x30.png 150w\" sizes=\"auto, (max-width: 960px) 100vw, 960px\" \/><figcaption class=\"wp-element-caption\">Prova Objetiva &#8211; Concurso Guarda de Araras<\/figcaption><\/figure>\n\n\n\n<p>A prova objetiva de m\u00faltipla escolha ser\u00e1 atribu\u00eddo um valor de 0 a 10 pontos. O candidato dever\u00e1 obter no m\u00ednimo 50% de acertos no total, ou seja, 5 pontos para ser aprovado no certame.<\/p>\n\n\n\n<h3 class=\"wp-block-heading\">Teste de Aptid\u00e3o F\u00edsica<\/h3>\n\n\n\n<p>Para a realiza\u00e7\u00e3o do Teste de Aptid\u00e3o F\u00edsica (TAF) somente ser\u00e3o admitidos os candidatos que atingirem a altura m\u00ednima de 1,65m para homens e 1,55m para mulheres e constatada no teste de Aferi\u00e7\u00e3o de Altura.<\/p>\n\n\n\n<p><strong>Exerc\u00edcios cobrados<\/strong><\/p>\n\n\n\n<ul class=\"wp-block-list\">\n<li>a) Teste de Impuls\u00e3o Horizontal;<\/li>\n\n\n\n<li>b) Teste de Flex\u00e3o Abdominal;;<\/li>\n\n\n\n<li>c) Teste de Corrida Longa (12 minutos); e<\/li>\n\n\n\n<li>d) Teste de Flex\u00e3o de Bra\u00e7os em Barra Fixa.<\/li>\n<\/ul>\n\n\n\n<figure class=\"wp-block-image aligncenter size-full\"><img loading=\"lazy\" decoding=\"async\" width=\"771\" height=\"204\" src=\"https:\/\/dhg1h5j42swfq.cloudfront.net\/2022\/09\/05184147\/image-66.png\" alt=\"Desempenho m\u00ednimo no TAF do concurso Guarda de Araras\" class=\"wp-image-1089826\" srcset=\"https:\/\/dhg1h5j42swfq.cloudfront.net\/2022\/09\/05184147\/image-66.png 771w, https:\/\/dhg1h5j42swfq.cloudfront.net\/2022\/09\/05184147\/image-66-300x79.png 300w, https:\/\/dhg1h5j42swfq.cloudfront.net\/2022\/09\/05184147\/image-66-768x203.png 768w, https:\/\/dhg1h5j42swfq.cloudfront.net\/2022\/09\/05184147\/image-66-610x161.png 610w, https:\/\/dhg1h5j42swfq.cloudfront.net\/2022\/09\/05184147\/image-66-150x40.png 150w\" sizes=\"auto, (max-width: 771px) 100vw, 771px\" \/><figcaption class=\"wp-element-caption\">Desempenho m\u00ednimo no TAF do concurso Guarda de Araras<\/figcaption><\/figure>\n\n\n\n<h3 class=\"wp-block-heading\">Avalia\u00e7\u00e3o Psicol\u00f3gica<\/h3>\n\n\n\n<p>A Avalia\u00e7\u00e3o Psicol\u00f3gica consiste na aplica\u00e7\u00e3o de avalia\u00e7\u00e3o das caracter\u00edsticas psicol\u00f3gicas, emocionais e da personalidade do candidato. Para mensurar se o mesmo atende as exig\u00eancias necess\u00e1rias para atua\u00e7\u00e3o no cargo de Guarda Civil Municipal, bem como se possui as condi\u00e7\u00f5es necess\u00e1rias para adquirir o porte de arma de fogo.<\/p>\n\n\n\n<p>A realiza\u00e7\u00e3o da etapa ser\u00e1 baseada nas t\u00e9cnicas psicol\u00f3gicas reconhecidas pelo Conselho Federal de Psicologia e ter\u00e3o como objetivo identificar se o candidato possui as caracter\u00edsticas intelectuais, emocionais e psicol\u00f3gicas capazes de permitir o bom exerc\u00edcio das atribui\u00e7\u00f5es inerentes ao cargo.<\/p>\n\n\n\n<h3 class=\"wp-block-heading\">Investiga\u00e7\u00e3o Social<\/h3>\n\n\n\n<p>A Investiga\u00e7\u00e3o Social ter\u00e1 por finalidade coletar informa\u00e7\u00f5es pertinentes \u00e0 vida social, educacional, civil e criminal do candidato considerado \u201cApto\u201d na Avalia\u00e7\u00e3o Psicol\u00f3gica, para investigar se o mesmo possui condi\u00e7\u00f5es de desempenhar as fun\u00e7\u00f5es inerentes ao cargo de Guarda Civil Municipal.<\/p>\n\n\n\n<p>Ter\u00e1 como objetivo buscar detectar se o candidato possui condutas desabonadoras como: antecedentes criminais negativos, comportamentos violentos ou destrutivos, fugitivos da Justi\u00e7a, alcoolistas, toxic\u00f4manos, possuidores de certifica\u00e7\u00e3o escolar falsa, inid\u00f4nea e ou n\u00e3o reconhecida pelo Minist\u00e9rio da Educa\u00e7\u00e3o e Cultura, desajustados no Servi\u00e7o Militar Obrigat\u00f3rio.<\/p>\n\n\n\n<h3 class=\"wp-block-heading\">Exames de Sa\u00fade e Toxicol\u00f3gicos<\/h3>\n\n\n\n<p>A Avalia\u00e7\u00e3o dos Exames de Sa\u00fade ter\u00e1 como objetivo avaliar se as condi\u00e7\u00f5es fisiol\u00f3gicas do candidato s\u00e3o compat\u00edveis com o exerc\u00edcio do cargo de Guarda Civil Municipal.<\/p>\n\n\n\n<p>A etapa ser\u00e1 realizada por uma Junta M\u00e9dica composta por especialistas que avaliar\u00e3o aspectos como acuidade auditiva e visual, exames cl\u00ednicos e laboratoriais, realizados anteriormente pelo candidato, com custas de sua responsabilidade.<\/p>\n\n\n\n<h3 class=\"wp-block-heading\">Curso de Forma\u00e7\u00e3o<\/h3>\n\n\n\n<p>Os Guardas Civis Municipais dever\u00e3o participar, obrigatoriamente, quando de seu ingresso, de Curso de Forma\u00e7\u00e3o e, no desempenho de seu cargo, de cursos de requalifica\u00e7\u00e3o e especializa\u00e7\u00e3o, para as gradua\u00e7\u00f5es, fun\u00e7\u00f5es e atividades a serem exercidas.<\/p>\n\n\n\n<p>O candidato classificado, por ocasi\u00e3o do ingresso na institui\u00e7\u00e3o, iniciar\u00e1 como Guarda Civil Municipal Aluno-Estagi\u00e1rio, sendo incorporado nas devidas condi\u00e7\u00f5es do est\u00e1gio probat\u00f3rio e passar\u00e1 a frequentar o curso de forma\u00e7\u00e3o, com dura\u00e7\u00e3o m\u00ednima de 600 horas, no qual ser\u00e1 constantemente avaliado e necessitar\u00e1 de, no m\u00ednimo, nota 5 de aproveitamento para sua aprova\u00e7\u00e3o.<\/p>\n\n\n\n<p>O est\u00e1gio probat\u00f3rio corresponder\u00e1 ao per\u00edodo de 3 anos de efetivo exerc\u00edcio, contados da data do in\u00edcio do exerc\u00edcio no cargo inicial da carreira, qual seja, Guarda Civil Municipal Aluno-Estagi\u00e1rio, no qual ser\u00e1 avaliada a capacidade e a aptid\u00e3o profissional do Guarda Civil Municipal.<\/p>\n\n\n\n<h2 class=\"wp-block-heading has-text-align-center\" id=\"h-quer-saber-tudo-sobre-concursos-previstos-confira-nossos-artigos\">Quer saber tudo sobre concursos previstos?<br \/>Confira nossos artigos!<\/h2>\n\n\n\n<ul class=\"wp-block-list\">\n<li><a href=\"https:\/\/www.estrategiaconcursos.com.br\/blog\/concursos-abertos\/\" target=\"_blank\" rel=\"noreferrer noopener\">Concursos abertos<\/a><\/li>\n\n\n\n<li><a href=\"https:\/\/www.estrategiaconcursos.com.br\/blog\/concursos-2024\/\" target=\"_blank\" rel=\"noreferrer noopener\">Concursos 2024<\/a><\/li>\n<\/ul>\n\n\n\n<h2 class=\"wp-block-heading has-text-align-center\" id=\"cursos-assinatura\">Quer estudar para o concurso Guarda de Araras?<\/h2>\n\n\n\n<div class=\"container\" id=\"boxes\">\n  <div class=\"row\">\n\n    <div class=\"col-sm\">\n      <div class=\"banner-guarda-gcm\" id=\"box-assinatura\">\n        <h3 class=\"titulo-assinatura\">Concurso Guarda de Araras<\/h3>\n        <p class=\"subtitulo-assinatura\">Conhe\u00e7a os cursos<\/p>\n        <div class=\"box-botao\">\n          <a class=\"btn-assinatura\" target=\"_blank\" href=\"https:\/\/www.estrategiaconcursos.com.br\/cursosPorConcurso\/corpo-de-bombeiros-militar-do-rio-de-janeiro-cbm-rj\/\" role=\"button\" rel=\"noopener noreferrer\">Conhe\u00e7a mais<\/a>\n        <\/div>\n      <\/div>\n     \n\n  <\/div>\n<\/div><\/div>\n\n\n\n<div class=\"container\" id=\"boxes\">\n  <div class=\"row\">\n\n    <div class=\"col-sm\">\n      <div class=\"estrategia\" id=\"box-assinatura\">\n        <h3 class=\"titulo-assinatura\">Assinatura Concursos<\/h3>\n        <p class=\"subtitulo-assinatura\">Assinatura de 1 ano ou 2 anos<\/p>\n        <div class=\"box-botao\">\n          <a class=\"btn-assinatura\" target=\"_blank\" href=\"https:\/\/www.estrategiaconcursos.com.br\/assinaturas\/\" role=\"button\" rel=\"noopener noreferrer\">ASSINE AGORA<\/a>\n        <\/div>\n      <\/div><\/div><\/div><\/div>\n\n\n\n<figure class=\"wp-block-image size-large is-resized\"><img loading=\"lazy\" decoding=\"async\" width=\"1024\" height=\"632\" src=\"https:\/\/dhg1h5j42swfq.cloudfront.net\/2025\/06\/27101122\/ficha-tecnica-1-1024x632.png\" alt=\"Ficha do edital Bombeiro PI\" class=\"wp-image-702728\" style=\"width:269px;height:166px\" srcset=\"https:\/\/dhg1h5j42swfq.cloudfront.net\/2025\/06\/27101122\/ficha-tecnica-1-1024x632.png 1024w, https:\/\/dhg1h5j42swfq.cloudfront.net\/2025\/06\/27101122\/ficha-tecnica-1-300x185.png 300w, https:\/\/dhg1h5j42swfq.cloudfront.net\/2025\/06\/27101122\/ficha-tecnica-1-768x474.png 768w, https:\/\/dhg1h5j42swfq.cloudfront.net\/2025\/06\/27101122\/ficha-tecnica-1-1536x948.png 1536w, https:\/\/dhg1h5j42swfq.cloudfront.net\/2025\/06\/27101122\/ficha-tecnica-1-610x377.png 610w, https:\/\/dhg1h5j42swfq.cloudfront.net\/2025\/06\/27101122\/ficha-tecnica-1.png 1571w\" sizes=\"auto, (max-width: 1024px) 100vw, 1024px\" \/><\/figure>\n\n\n\n<h3 class=\"wp-block-heading\" id=\"ficha\">Informa\u00e7\u00f5es do edital do concurso Guarda de Araras<\/h3>\n\n\n\n<ul class=\"wp-block-list\">\n<li><strong>Prova<\/strong>: 23\/10\/2022<\/li>\n\n\n\n<li><strong>Vagas<\/strong>: 60 + CR<\/li>\n\n\n\n<li><strong>Cargo<\/strong>: Guarda Municipal<\/li>\n\n\n\n<li><strong>Banca<\/strong>: ABCP<\/li>\n\n\n\n<li><strong>Escolaridade<\/strong>: m\u00e9dio<\/li>\n\n\n\n<li><strong>Edital<\/strong>:&nbsp;<a href=\"https:\/\/dhg1h5j42swfq.cloudfront.net\/2022\/09\/01151925\/concurso-gcm-colombo-pr-5-1.pdf\" target=\"_blank\" rel=\"noreferrer noopener nofollow\"><\/a><a href=\"https:\/\/dhg1h5j42swfq.cloudfront.net\/2022\/09\/05182312\/edital-guarda-araras.pdf\" target=\"_blank\" rel=\"noreferrer noopener\">GCM Araras-2022<\/a><\/li>\n<\/ul>\n","protected":false},"excerpt":{"rendered":"<p>Est\u00e3o encerradas as inscri\u00e7\u00f5es para o concurso Guarda de Araras, no estado de S\u00e3o Paulo, que oferta 60 vagas e cadastro reserva para o cargo de Guarda Civil Municipal. Os interessados em participar da sele\u00e7\u00e3o puderam realizar a candidatura at\u00e9 o dia 03 de outubro, no site da banca organizadora, ABCP, ao custo de R$ [&hellip;]<\/p>\n","protected":false},"author":1,"featured_media":1094585,"comment_status":"open","ping_status":"closed","sticky":false,"template":"","format":"standard","meta":{"post_tipo":"news_page","footnotes":""},"categories":[220189],"tags":[],"tax_estado":[219989],"class_list":["post-1089816","post","type-post","status-publish","format-standard","has-post-thumbnail","hentry","category-policial-guarda-civis","tax_estado-sp"],"acf":[],"yoast_head":"<!-- This site is optimized with the Yoast SEO Premium plugin v27.2 (Yoast SEO v27.2) - https:\/\/yoast.com\/product\/yoast-seo-premium-wordpress\/ -->\n<title>Concurso Guarda de Araras: inscri\u00e7\u00f5es encerradas; 60 vagas<\/title>\n<meta name=\"description\" content=\"Concurso Guarda de Araras: edital oferta 60 vagas + CR para o cargo de Guarda Civil Municipal. Inscri\u00e7\u00f5es encerradas. Confira!\" \/>\n<meta name=\"robots\" content=\"index, follow, max-snippet:-1, max-image-preview:large, max-video-preview:-1\" \/>\n<link rel=\"canonical\" href=\"https:\/\/www.estrategiaconcursos.com.br\/blog\/concurso-guarda-de-araras\/\" \/>\n<meta property=\"og:locale\" content=\"pt_BR\" \/>\n<meta property=\"og:type\" content=\"article\" \/>\n<meta property=\"og:title\" content=\"Concurso Guarda de Araras: inscri\u00e7\u00f5es encerradas; 60 vagas\" \/>\n<meta property=\"og:description\" content=\"Concurso Guarda de Araras: edital oferta 60 vagas + CR para o cargo de Guarda Civil Municipal. Inscri\u00e7\u00f5es encerradas. Confira!\" \/>\n<meta property=\"og:url\" content=\"https:\/\/www.estrategiaconcursos.com.br\/blog\/concurso-guarda-de-araras\/\" \/>\n<meta property=\"og:site_name\" content=\"Estrat\u00e9gia Concursos\" \/>\n<meta property=\"article:author\" content=\"https:\/\/www.facebook.com\/EstrategiaConcursos\" \/>\n<meta property=\"article:published_time\" content=\"2022-10-04T11:39:00+00:00\" \/>\n<meta property=\"article:modified_time\" content=\"2023-10-18T14:25:21+00:00\" \/>\n<meta property=\"og:image\" content=\"https:\/\/dhg1h5j42swfq.cloudfront.net\/2022\/09\/14143749\/guarda_de_araras.jpg\" \/>\n\t<meta property=\"og:image:width\" content=\"768\" \/>\n\t<meta property=\"og:image:height\" content=\"432\" \/>\n\t<meta property=\"og:image:type\" content=\"image\/jpeg\" \/>\n<meta name=\"author\" content=\"Coordena\u00e7\u00e3o\" \/>\n<meta name=\"twitter:card\" content=\"summary_large_image\" \/>\n<meta name=\"twitter:creator\" content=\"@EstratConcursos\" \/>\n<meta name=\"twitter:site\" content=\"@EstratConcursos\" \/>\n<meta name=\"twitter:label1\" content=\"Escrito por\" \/>\n\t<meta name=\"twitter:data1\" content=\"Coordena\u00e7\u00e3o\" \/>\n\t<meta name=\"twitter:label2\" content=\"Est. tempo de leitura\" \/>\n\t<meta name=\"twitter:data2\" content=\"5 minutos\" \/>\n<script type=\"application\/ld+json\" class=\"yoast-schema-graph\">{\"@context\":\"https:\/\/schema.org\",\"@graph\":[{\"@type\":\"NewsArticle\",\"@id\":\"https:\/\/www.estrategiaconcursos.com.br\/blog\/concurso-guarda-de-araras\/#article\",\"isPartOf\":{\"@id\":\"https:\/\/www.estrategiaconcursos.com.br\/blog\/concurso-guarda-de-araras\/\"},\"author\":{\"name\":\"Coordena\u00e7\u00e3o\",\"@id\":\"https:\/\/www.estrategiaconcursos.com.br\/blog\/#\/schema\/person\/b4a388c97673c5f483d72185668afa1f\"},\"headline\":\"Concurso Guarda de Araras: inscri\u00e7\u00f5es encerradas; 60 vagas\",\"datePublished\":\"2022-10-04T11:39:00+00:00\",\"dateModified\":\"2023-10-18T14:25:21+00:00\",\"mainEntityOfPage\":{\"@id\":\"https:\/\/www.estrategiaconcursos.com.br\/blog\/concurso-guarda-de-araras\/\"},\"wordCount\":1033,\"commentCount\":0,\"publisher\":{\"@id\":\"https:\/\/www.estrategiaconcursos.com.br\/blog\/#organization\"},\"image\":{\"@id\":\"https:\/\/www.estrategiaconcursos.com.br\/blog\/concurso-guarda-de-araras\/#primaryimage\"},\"thumbnailUrl\":\"https:\/\/dhg1h5j42swfq.cloudfront.net\/2022\/09\/14143749\/guarda_de_araras.jpg\",\"articleSection\":[\"Policial (Guardas Civis)\"],\"inLanguage\":\"pt-BR\",\"potentialAction\":[{\"@type\":\"CommentAction\",\"name\":\"Comment\",\"target\":[\"https:\/\/www.estrategiaconcursos.com.br\/blog\/concurso-guarda-de-araras\/#respond\"]}],\"copyrightYear\":\"2022\",\"copyrightHolder\":{\"@id\":\"https:\/\/www.estrategiaconcursos.com.br\/blog\/#organization\"}},{\"@type\":\"WebPage\",\"@id\":\"https:\/\/www.estrategiaconcursos.com.br\/blog\/concurso-guarda-de-araras\/\",\"url\":\"https:\/\/www.estrategiaconcursos.com.br\/blog\/concurso-guarda-de-araras\/\",\"name\":\"Concurso Guarda de Araras: inscri\u00e7\u00f5es encerradas; 60 vagas\",\"isPartOf\":{\"@id\":\"https:\/\/www.estrategiaconcursos.com.br\/blog\/#website\"},\"primaryImageOfPage\":{\"@id\":\"https:\/\/www.estrategiaconcursos.com.br\/blog\/concurso-guarda-de-araras\/#primaryimage\"},\"image\":{\"@id\":\"https:\/\/www.estrategiaconcursos.com.br\/blog\/concurso-guarda-de-araras\/#primaryimage\"},\"thumbnailUrl\":\"https:\/\/dhg1h5j42swfq.cloudfront.net\/2022\/09\/14143749\/guarda_de_araras.jpg\",\"datePublished\":\"2022-10-04T11:39:00+00:00\",\"dateModified\":\"2023-10-18T14:25:21+00:00\",\"description\":\"Concurso Guarda de Araras: edital oferta 60 vagas + CR para o cargo de Guarda Civil Municipal. Inscri\u00e7\u00f5es encerradas. Confira!\",\"breadcrumb\":{\"@id\":\"https:\/\/www.estrategiaconcursos.com.br\/blog\/concurso-guarda-de-araras\/#breadcrumb\"},\"inLanguage\":\"pt-BR\",\"potentialAction\":[{\"@type\":\"ReadAction\",\"target\":[\"https:\/\/www.estrategiaconcursos.com.br\/blog\/concurso-guarda-de-araras\/\"]}]},{\"@type\":\"ImageObject\",\"inLanguage\":\"pt-BR\",\"@id\":\"https:\/\/www.estrategiaconcursos.com.br\/blog\/concurso-guarda-de-araras\/#primaryimage\",\"url\":\"https:\/\/dhg1h5j42swfq.cloudfront.net\/2022\/09\/14143749\/guarda_de_araras.jpg\",\"contentUrl\":\"https:\/\/dhg1h5j42swfq.cloudfront.net\/2022\/09\/14143749\/guarda_de_araras.jpg\",\"width\":768,\"height\":432},{\"@type\":\"BreadcrumbList\",\"@id\":\"https:\/\/www.estrategiaconcursos.com.br\/blog\/concurso-guarda-de-araras\/#breadcrumb\",\"itemListElement\":[{\"@type\":\"ListItem\",\"position\":1,\"name\":\"In\u00edcio\",\"item\":\"https:\/\/www.estrategiaconcursos.com.br\/blog\/\"},{\"@type\":\"ListItem\",\"position\":2,\"name\":\"Concurso Guarda de Araras: inscri\u00e7\u00f5es encerradas; 60 vagas\"}]},{\"@type\":\"WebSite\",\"@id\":\"https:\/\/www.estrategiaconcursos.com.br\/blog\/#website\",\"url\":\"https:\/\/www.estrategiaconcursos.com.br\/blog\/\",\"name\":\"Estrat\u00e9gia Concursos\",\"description\":\"O blog da Estrat\u00e9gia Concursos traz not\u00edcias sobre concursos e artigos de professores oferecendo cursos para concursos (pdf + videaulas) no site.\",\"publisher\":{\"@id\":\"https:\/\/www.estrategiaconcursos.com.br\/blog\/#organization\"},\"potentialAction\":[{\"@type\":\"SearchAction\",\"target\":{\"@type\":\"EntryPoint\",\"urlTemplate\":\"https:\/\/www.estrategiaconcursos.com.br\/blog\/?s={search_term_string}\"},\"query-input\":{\"@type\":\"PropertyValueSpecification\",\"valueRequired\":true,\"valueName\":\"search_term_string\"}}],\"inLanguage\":\"pt-BR\"},{\"@type\":\"Organization\",\"@id\":\"https:\/\/www.estrategiaconcursos.com.br\/blog\/#organization\",\"name\":\"Estrat\u00e9gia Concursos\",\"url\":\"https:\/\/www.estrategiaconcursos.com.br\/blog\/\",\"logo\":{\"@type\":\"ImageObject\",\"inLanguage\":\"pt-BR\",\"@id\":\"https:\/\/www.estrategiaconcursos.com.br\/blog\/#\/schema\/logo\/image\/\",\"url\":\"https:\/\/dhg1h5j42swfq.cloudfront.net\/2025\/06\/03203428\/logo_concursos-1.jpg\",\"contentUrl\":\"https:\/\/dhg1h5j42swfq.cloudfront.net\/2025\/06\/03203428\/logo_concursos-1.jpg\",\"width\":230,\"height\":60,\"caption\":\"Estrat\u00e9gia Concursos\"},\"image\":{\"@id\":\"https:\/\/www.estrategiaconcursos.com.br\/blog\/#\/schema\/logo\/image\/\"},\"sameAs\":[\"https:\/\/x.com\/EstratConcursos\"]},{\"@type\":\"Person\",\"@id\":\"https:\/\/www.estrategiaconcursos.com.br\/blog\/#\/schema\/person\/b4a388c97673c5f483d72185668afa1f\",\"name\":\"Coordena\u00e7\u00e3o\",\"image\":{\"@type\":\"ImageObject\",\"inLanguage\":\"pt-BR\",\"@id\":\"https:\/\/secure.gravatar.com\/avatar\/b720319e4c9a967eb58678d110f4fe35452fc5d5f97b202bac7b8acceb18c6ad?s=96&d=mm&r=g\",\"url\":\"https:\/\/secure.gravatar.com\/avatar\/b720319e4c9a967eb58678d110f4fe35452fc5d5f97b202bac7b8acceb18c6ad?s=96&d=mm&r=g\",\"contentUrl\":\"https:\/\/secure.gravatar.com\/avatar\/b720319e4c9a967eb58678d110f4fe35452fc5d5f97b202bac7b8acceb18c6ad?s=96&d=mm&r=g\",\"caption\":\"Coordena\u00e7\u00e3o\"},\"sameAs\":[\"https:\/\/www.facebook.com\/EstrategiaConcursos\",\"https:\/\/x.com\/EstratConcursos\"],\"url\":\"https:\/\/www.estrategiaconcursos.com.br\/blog\/author\/estrategia2013\/\"}]}<\/script>\n<!-- \/ Yoast SEO Premium plugin. -->","yoast_head_json":{"title":"Concurso Guarda de Araras: inscri\u00e7\u00f5es encerradas; 60 vagas","description":"Concurso Guarda de Araras: edital oferta 60 vagas + CR para o cargo de Guarda Civil Municipal. Inscri\u00e7\u00f5es encerradas. Confira!","robots":{"index":"index","follow":"follow","max-snippet":"max-snippet:-1","max-image-preview":"max-image-preview:large","max-video-preview":"max-video-preview:-1"},"canonical":"https:\/\/www.estrategiaconcursos.com.br\/blog\/concurso-guarda-de-araras\/","og_locale":"pt_BR","og_type":"article","og_title":"Concurso Guarda de Araras: inscri\u00e7\u00f5es encerradas; 60 vagas","og_description":"Concurso Guarda de Araras: edital oferta 60 vagas + CR para o cargo de Guarda Civil Municipal. Inscri\u00e7\u00f5es encerradas. Confira!","og_url":"https:\/\/www.estrategiaconcursos.com.br\/blog\/concurso-guarda-de-araras\/","og_site_name":"Estrat\u00e9gia Concursos","article_author":"https:\/\/www.facebook.com\/EstrategiaConcursos","article_published_time":"2022-10-04T11:39:00+00:00","article_modified_time":"2023-10-18T14:25:21+00:00","og_image":[{"width":768,"height":432,"url":"https:\/\/dhg1h5j42swfq.cloudfront.net\/2022\/09\/14143749\/guarda_de_araras.jpg","type":"image\/jpeg"}],"author":"Coordena\u00e7\u00e3o","twitter_card":"summary_large_image","twitter_creator":"@EstratConcursos","twitter_site":"@EstratConcursos","twitter_misc":{"Escrito por":"Coordena\u00e7\u00e3o","Est. tempo de leitura":"5 minutos"},"schema":{"@context":"https:\/\/schema.org","@graph":[{"@type":"NewsArticle","@id":"https:\/\/www.estrategiaconcursos.com.br\/blog\/concurso-guarda-de-araras\/#article","isPartOf":{"@id":"https:\/\/www.estrategiaconcursos.com.br\/blog\/concurso-guarda-de-araras\/"},"author":{"name":"Coordena\u00e7\u00e3o","@id":"https:\/\/www.estrategiaconcursos.com.br\/blog\/#\/schema\/person\/b4a388c97673c5f483d72185668afa1f"},"headline":"Concurso Guarda de Araras: inscri\u00e7\u00f5es encerradas; 60 vagas","datePublished":"2022-10-04T11:39:00+00:00","dateModified":"2023-10-18T14:25:21+00:00","mainEntityOfPage":{"@id":"https:\/\/www.estrategiaconcursos.com.br\/blog\/concurso-guarda-de-araras\/"},"wordCount":1033,"commentCount":0,"publisher":{"@id":"https:\/\/www.estrategiaconcursos.com.br\/blog\/#organization"},"image":{"@id":"https:\/\/www.estrategiaconcursos.com.br\/blog\/concurso-guarda-de-araras\/#primaryimage"},"thumbnailUrl":"https:\/\/dhg1h5j42swfq.cloudfront.net\/2022\/09\/14143749\/guarda_de_araras.jpg","articleSection":["Policial (Guardas Civis)"],"inLanguage":"pt-BR","potentialAction":[{"@type":"CommentAction","name":"Comment","target":["https:\/\/www.estrategiaconcursos.com.br\/blog\/concurso-guarda-de-araras\/#respond"]}],"copyrightYear":"2022","copyrightHolder":{"@id":"https:\/\/www.estrategiaconcursos.com.br\/blog\/#organization"}},{"@type":"WebPage","@id":"https:\/\/www.estrategiaconcursos.com.br\/blog\/concurso-guarda-de-araras\/","url":"https:\/\/www.estrategiaconcursos.com.br\/blog\/concurso-guarda-de-araras\/","name":"Concurso Guarda de Araras: inscri\u00e7\u00f5es encerradas; 60 vagas","isPartOf":{"@id":"https:\/\/www.estrategiaconcursos.com.br\/blog\/#website"},"primaryImageOfPage":{"@id":"https:\/\/www.estrategiaconcursos.com.br\/blog\/concurso-guarda-de-araras\/#primaryimage"},"image":{"@id":"https:\/\/www.estrategiaconcursos.com.br\/blog\/concurso-guarda-de-araras\/#primaryimage"},"thumbnailUrl":"https:\/\/dhg1h5j42swfq.cloudfront.net\/2022\/09\/14143749\/guarda_de_araras.jpg","datePublished":"2022-10-04T11:39:00+00:00","dateModified":"2023-10-18T14:25:21+00:00","description":"Concurso Guarda de Araras: edital oferta 60 vagas + CR para o cargo de Guarda Civil Municipal. Inscri\u00e7\u00f5es encerradas. Confira!","breadcrumb":{"@id":"https:\/\/www.estrategiaconcursos.com.br\/blog\/concurso-guarda-de-araras\/#breadcrumb"},"inLanguage":"pt-BR","potentialAction":[{"@type":"ReadAction","target":["https:\/\/www.estrategiaconcursos.com.br\/blog\/concurso-guarda-de-araras\/"]}]},{"@type":"ImageObject","inLanguage":"pt-BR","@id":"https:\/\/www.estrategiaconcursos.com.br\/blog\/concurso-guarda-de-araras\/#primaryimage","url":"https:\/\/dhg1h5j42swfq.cloudfront.net\/2022\/09\/14143749\/guarda_de_araras.jpg","contentUrl":"https:\/\/dhg1h5j42swfq.cloudfront.net\/2022\/09\/14143749\/guarda_de_araras.jpg","width":768,"height":432},{"@type":"BreadcrumbList","@id":"https:\/\/www.estrategiaconcursos.com.br\/blog\/concurso-guarda-de-araras\/#breadcrumb","itemListElement":[{"@type":"ListItem","position":1,"name":"In\u00edcio","item":"https:\/\/www.estrategiaconcursos.com.br\/blog\/"},{"@type":"ListItem","position":2,"name":"Concurso Guarda de Araras: inscri\u00e7\u00f5es encerradas; 60 vagas"}]},{"@type":"WebSite","@id":"https:\/\/www.estrategiaconcursos.com.br\/blog\/#website","url":"https:\/\/www.estrategiaconcursos.com.br\/blog\/","name":"Estrat\u00e9gia Concursos","description":"O blog da Estrat\u00e9gia Concursos traz not\u00edcias sobre concursos e artigos de professores oferecendo cursos para concursos (pdf + videaulas) no site.","publisher":{"@id":"https:\/\/www.estrategiaconcursos.com.br\/blog\/#organization"},"potentialAction":[{"@type":"SearchAction","target":{"@type":"EntryPoint","urlTemplate":"https:\/\/www.estrategiaconcursos.com.br\/blog\/?s={search_term_string}"},"query-input":{"@type":"PropertyValueSpecification","valueRequired":true,"valueName":"search_term_string"}}],"inLanguage":"pt-BR"},{"@type":"Organization","@id":"https:\/\/www.estrategiaconcursos.com.br\/blog\/#organization","name":"Estrat\u00e9gia Concursos","url":"https:\/\/www.estrategiaconcursos.com.br\/blog\/","logo":{"@type":"ImageObject","inLanguage":"pt-BR","@id":"https:\/\/www.estrategiaconcursos.com.br\/blog\/#\/schema\/logo\/image\/","url":"https:\/\/dhg1h5j42swfq.cloudfront.net\/2025\/06\/03203428\/logo_concursos-1.jpg","contentUrl":"https:\/\/dhg1h5j42swfq.cloudfront.net\/2025\/06\/03203428\/logo_concursos-1.jpg","width":230,"height":60,"caption":"Estrat\u00e9gia Concursos"},"image":{"@id":"https:\/\/www.estrategiaconcursos.com.br\/blog\/#\/schema\/logo\/image\/"},"sameAs":["https:\/\/x.com\/EstratConcursos"]},{"@type":"Person","@id":"https:\/\/www.estrategiaconcursos.com.br\/blog\/#\/schema\/person\/b4a388c97673c5f483d72185668afa1f","name":"Coordena\u00e7\u00e3o","image":{"@type":"ImageObject","inLanguage":"pt-BR","@id":"https:\/\/secure.gravatar.com\/avatar\/b720319e4c9a967eb58678d110f4fe35452fc5d5f97b202bac7b8acceb18c6ad?s=96&d=mm&r=g","url":"https:\/\/secure.gravatar.com\/avatar\/b720319e4c9a967eb58678d110f4fe35452fc5d5f97b202bac7b8acceb18c6ad?s=96&d=mm&r=g","contentUrl":"https:\/\/secure.gravatar.com\/avatar\/b720319e4c9a967eb58678d110f4fe35452fc5d5f97b202bac7b8acceb18c6ad?s=96&d=mm&r=g","caption":"Coordena\u00e7\u00e3o"},"sameAs":["https:\/\/www.facebook.com\/EstrategiaConcursos","https:\/\/x.com\/EstratConcursos"],"url":"https:\/\/www.estrategiaconcursos.com.br\/blog\/author\/estrategia2013\/"}]}},"_links":{"self":[{"href":"https:\/\/www.estrategiaconcursos.com.br\/blog\/wp-json\/wp\/v2\/posts\/1089816","targetHints":{"allow":["GET"]}}],"collection":[{"href":"https:\/\/www.estrategiaconcursos.com.br\/blog\/wp-json\/wp\/v2\/posts"}],"about":[{"href":"https:\/\/www.estrategiaconcursos.com.br\/blog\/wp-json\/wp\/v2\/types\/post"}],"author":[{"embeddable":true,"href":"https:\/\/www.estrategiaconcursos.com.br\/blog\/wp-json\/wp\/v2\/users\/1"}],"replies":[{"embeddable":true,"href":"https:\/\/www.estrategiaconcursos.com.br\/blog\/wp-json\/wp\/v2\/comments?post=1089816"}],"version-history":[{"count":7,"href":"https:\/\/www.estrategiaconcursos.com.br\/blog\/wp-json\/wp\/v2\/posts\/1089816\/revisions"}],"predecessor-version":[{"id":1294174,"href":"https:\/\/www.estrategiaconcursos.com.br\/blog\/wp-json\/wp\/v2\/posts\/1089816\/revisions\/1294174"}],"wp:featuredmedia":[{"embeddable":true,"href":"https:\/\/www.estrategiaconcursos.com.br\/blog\/wp-json\/wp\/v2\/media\/1094585"}],"wp:attachment":[{"href":"https:\/\/www.estrategiaconcursos.com.br\/blog\/wp-json\/wp\/v2\/media?parent=1089816"}],"wp:term":[{"taxonomy":"category","embeddable":true,"href":"https:\/\/www.estrategiaconcursos.com.br\/blog\/wp-json\/wp\/v2\/categories?post=1089816"},{"taxonomy":"post_tag","embeddable":true,"href":"https:\/\/www.estrategiaconcursos.com.br\/blog\/wp-json\/wp\/v2\/tags?post=1089816"},{"taxonomy":"tax_estado","embeddable":true,"href":"https:\/\/www.estrategiaconcursos.com.br\/blog\/wp-json\/wp\/v2\/tax_estado?post=1089816"}],"curies":[{"name":"wp","href":"https:\/\/api.w.org\/{rel}","templated":true}]}}