{"id":1088638,"date":"2022-09-11T18:17:00","date_gmt":"2022-09-11T21:17:00","guid":{"rendered":"https:\/\/www.estrategiaconcursos.com.br\/blog\/?p=1088638"},"modified":"2022-09-05T14:22:06","modified_gmt":"2022-09-05T17:22:06","slug":"agentes-publicos-senado","status":"publish","type":"post","link":"https:\/\/www.estrategiaconcursos.com.br\/blog\/agentes-publicos-senado\/","title":{"rendered":"Esp\u00e9cies de Agentes P\u00fablicos: resumo para o Senado Federal"},"content":{"rendered":"\n<p>Ol\u00e1, pessoal. Neste resumo trataremos acerca dos principais t\u00f3picos sobre as esp\u00e9cies de agentes p\u00fablicos, com foco no novo certame do <a href=\"https:\/\/www12.senado.leg.br\/hpsenado\" target=\"_blank\" rel=\"noreferrer noopener\">Senado Federal<\/a>.<\/p>\n\n\n\n<figure class=\"wp-block-image aligncenter size-full\"><img loading=\"lazy\" decoding=\"async\" width=\"768\" height=\"432\" src=\"https:\/\/dhg1h5j42swfq.cloudfront.net\/2022\/07\/26082143\/concurso-senado-federal-1.jpg\" alt=\"Esp\u00e9cies de Agentes P\u00fablicos: resumo para o Senado Federal\" class=\"wp-image-1066699\" srcset=\"https:\/\/dhg1h5j42swfq.cloudfront.net\/2022\/07\/26082143\/concurso-senado-federal-1.jpg 768w, https:\/\/dhg1h5j42swfq.cloudfront.net\/2022\/07\/26082143\/concurso-senado-federal-1-300x169.jpg 300w, https:\/\/dhg1h5j42swfq.cloudfront.net\/2022\/07\/26082143\/concurso-senado-federal-1-610x343.jpg 610w, https:\/\/dhg1h5j42swfq.cloudfront.net\/2022\/07\/26082143\/concurso-senado-federal-1-150x84.jpg 150w\" sizes=\"auto, (max-width: 768px) 100vw, 768px\" \/><figcaption>Esp\u00e9cies de Agentes P\u00fablicos: resumo para o Senado Federal<\/figcaption><\/figure>\n\n\n\n<p>Nesse sentido, vale ressaltar que o edital do Senado Federal j\u00e1 est\u00e1 \u201cna pra\u00e7a\u201d. Foram ofertadas 22 vagas imediatas para os cargos de T\u00e9cnico Legislativo \u2013 Policial Legislativo, Analista Legislativo (diversas especialidades), Advogado e Consultor Legislativo.<\/p>\n\n\n\n<p>Al\u00e9m disso, ser\u00e3o classificados 980 candidatos no cadastro de reserva.<\/p>\n\n\n\n<p>Por oportuno, vale lembrar tamb\u00e9m que a banca examinadora contratada para conduzir o certame foi a Funda\u00e7\u00e3o Get\u00falio Vargas (FGV).<\/p>\n\n\n\n<p>Vamos iniciar o nosso artigo de hoje?<\/p>\n\n\n\n<p>Bons estudos!<\/p>\n\n\n\n<h2 class=\"wp-block-heading\" id=\"h-conceito-de-agentes-publicos\"><strong><mark style=\"background-color:rgba(0, 0, 0, 0)\" class=\"has-inline-color has-vivid-cyan-blue-color\">Conceito de agentes p\u00fablicos<\/mark><\/strong><\/h2>\n\n\n\n<p>Na doutrina do direito administrativo existem v\u00e1rios conceitos de agentes p\u00fablicos. Todavia, neste resumo para o concurso do Senado Federal, apresentaremos de forma sint\u00e9tica o conceito positivado na Lei 8.429\/1992 (Lei de Improbidade Administrativa).<\/p>\n\n\n\n<p>Nesse sentido, <strong>para a Lei de Improbidade, considera-se agente p\u00fablico o agente pol\u00edtico, o servidor p\u00fablico e todos aqueles que exercem, ainda que sem remunera\u00e7\u00e3o ou apenas transitoriamente, mandato, cargo, emprego ou fun\u00e7\u00e3o nos \u00f3rg\u00e3os e entidades p\u00fablicas<\/strong>.<\/p>\n\n\n\n<p>Ademais, a citada lei indica que a investidura no mandato, emprego, cargo ou fun\u00e7\u00e3o, para fins de enquadramento no conceito de agente p\u00fablico, pode ser de qualquer tipo, por exemplo, elei\u00e7\u00e3o, nomea\u00e7\u00e3o, designa\u00e7\u00e3o, contrata\u00e7\u00e3o etc.<\/p>\n\n\n\n<p>Portanto, percebe-se que, para a Lei de Improbidade Administrativa, o conceito de agente p\u00fablico \u00e9 bastante amplo.<\/p>\n\n\n\n<p>Dessa forma, devemos ressaltar que nas provas de concursos p\u00fablicos, geralmente o termo agente p\u00fablico \u00e9 utilizado da forma mais ampla poss\u00edvel, de maneira similar ao conceito supracitado.<\/p>\n\n\n\n<h2 class=\"wp-block-heading\"><strong><mark style=\"background-color:rgba(0, 0, 0, 0)\" class=\"has-inline-color has-vivid-cyan-blue-color\">Esp\u00e9cies de agentes p\u00fablicos<\/mark><\/strong><\/h2>\n\n\n\n<p>Conforme estudamos anteriormente, o conceito de agente p\u00fablico envolve, de forma ampla, v\u00e1rias pessoas que possuem v\u00ednculo direto com a Administra\u00e7\u00e3o P\u00fablica.<\/p>\n\n\n\n<p>Dessa forma, a doutrina cl\u00e1ssica agrupa essas pessoas em esp\u00e9cies de agentes p\u00fablicos, a depender do v\u00ednculo existente com a Administra\u00e7\u00e3o e de suas peculiaridades.<\/p>\n\n\n\n<p>Conforme a doutrina de Hely Lopes Meirelles, os agentes p\u00fablicos abrangem os agentes pol\u00edticos, os agentes administrativos, os agentes honor\u00edficos, os agentes delegados e os agentes credenciados.<\/p>\n\n\n\n<p>Assim, apresentaremos a seguir os conceitos e caracter\u00edsticas inerentes a cada uma dessas esp\u00e9cies de agentes p\u00fablicos.<\/p>\n\n\n\n<h3 class=\"wp-block-heading\"><strong><mark style=\"background-color:rgba(0, 0, 0, 0)\" class=\"has-inline-color has-vivid-cyan-blue-color\">Esp\u00e9cies de agentes p\u00fablicos para o Senado Federal: agentes pol\u00edticos<\/mark><\/strong><\/h3>\n\n\n\n<p>Conforme a doutrina de Hely Lopes, os agentes pol\u00edticos consistem nos <strong>agentes p\u00fablicos n\u00e3o submetidos \u00e0 estrutura hier\u00e1rquica<\/strong>. Ou seja, os agentes pol\u00edticos <strong>desempenham suas atribui\u00e7\u00f5es com respaldo nas suas compet\u00eancias legais e constitucionais, com plena liberdade (respeitados os limites legais).<\/strong><\/p>\n\n\n\n<p>Por exemplo, o <strong>chefe do Poder Executivo, os membros eleitos do Poder Legislativo, os membros do Poder Judici\u00e1rio, os Conselheiros dos Tribunais de Contas dos Estados e os Ministros do Tribunal de Contas da Uni\u00e3o (TCU)<\/strong>.<\/p>\n\n\n\n<p>Todavia, deve-se ressaltar a exist\u00eancia de diverg\u00eancias doutrin\u00e1rias acerca do conceito de agentes pol\u00edticos.<\/p>\n\n\n\n<p>Nesse sentido, para alguns doutrinadores, somente seriam classificados como agentes pol\u00edticos o chefe do Poder Executivo, seus auxiliares imediatos (ministros, secret\u00e1rios de estado ou secret\u00e1rios municipais) e os membros do Poder Legislativo.<\/p>\n\n\n\n<h3 class=\"wp-block-heading\"><strong><mark style=\"background-color:rgba(0, 0, 0, 0)\" class=\"has-inline-color has-vivid-cyan-blue-color\">Esp\u00e9cies de agentes p\u00fablicos para o Senado Federal: agentes administrativos<\/mark><\/strong><\/h3>\n\n\n\n<p>Os agentes administrativos, por sua vez, est\u00e3o <strong>vinculados ao servi\u00e7o p\u00fablico por meio de sua remunera\u00e7\u00e3o<\/strong>, realizando suas atividades conforme a estrutura hier\u00e1rquica do setor p\u00fablico.<\/p>\n\n\n\n<p>Portanto, os agentes administrativos <strong>ocupam cargos, empregos e fun\u00e7\u00f5es p\u00fablicas<\/strong>.<\/p>\n\n\n\n<p>Al\u00e9m disso, <strong>existem tr\u00eas subclassifica\u00e7\u00f5es de agentes administrativos<\/strong>, a saber:<\/p>\n\n\n\n<ul class=\"wp-block-list\"><li><strong><mark style=\"background-color:rgba(0, 0, 0, 0)\" class=\"has-inline-color has-vivid-green-cyan-color\">SERVIDORES P\u00daBLICOS:<\/mark><\/strong> ocupam cargo p\u00fablico de provimento efetivo ou em comiss\u00e3o e se submetem a regramento estatut\u00e1rio.<\/li><li><strong><mark style=\"background-color:rgba(0, 0, 0, 0)\" class=\"has-inline-color has-vivid-green-cyan-color\">EMPREGADOS P\u00daBLICOS:<\/mark><\/strong> ocupam emprego p\u00fablico, ou seja, n\u00e3o t\u00eam direito \u00e0 estabilidade e s\u00e3o regidos por um contrato de trabalho obediente \u00e0 CLT.<\/li><li><strong><mark style=\"background-color:rgba(0, 0, 0, 0)\" class=\"has-inline-color has-vivid-green-cyan-color\">AGENTES TEMPOR\u00c1RIOS:<\/mark><\/strong> ocupam fun\u00e7\u00e3o p\u00fablica (sem cargo) e a sua contrata\u00e7\u00e3o ocorre por tempo determinado para suprir excepcional interesse p\u00fablico, se submetendo a um regime jur\u00eddico especial.<\/li><\/ul>\n\n\n\n<h3 class=\"wp-block-heading\"><strong><mark style=\"background-color:rgba(0, 0, 0, 0)\" class=\"has-inline-color has-vivid-cyan-blue-color\">Esp\u00e9cies de agentes p\u00fablicos para o Senado Federal: agentes honor\u00edficos<\/mark><\/strong><\/h3>\n\n\n\n<p>Por outro lado, os agentes honor\u00edficos consistem nos cidad\u00e3os designados para exercer determinada <strong>fun\u00e7\u00e3o de interesse p\u00fablico<\/strong>, por\u00e9m de <strong>forma transit\u00f3ria<\/strong> e <strong>geralmente sem remunera\u00e7\u00e3o<\/strong>.<\/p>\n\n\n\n<p>Assim, os agentes honor\u00edficos n\u00e3o possuem v\u00ednculo formal com a Administra\u00e7\u00e3o P\u00fablica.<\/p>\n\n\n\n<p>Por exemplo, os <strong>mes\u00e1rios<\/strong>, os <strong>cidad\u00e3os convocados para integrar o tribunal do j\u00fari<\/strong> e os <strong>membros dos conselhos tutelares<\/strong>.<\/p>\n\n\n\n<h3 class=\"wp-block-heading\"><strong><mark style=\"background-color:rgba(0, 0, 0, 0)\" class=\"has-inline-color has-vivid-cyan-blue-color\">Esp\u00e9cies de agentes p\u00fablicos para o Senado Federal: agentes delegados<\/mark><\/strong><\/h3>\n\n\n\n<p>Os agentes delegados, por sua vez, consistem nos <strong>particulares incumbidos da execu\u00e7\u00e3o de determinada atividade de interesse p\u00fablico, por sua conta e risco<\/strong>.<\/p>\n\n\n\n<p>Nesse sentido, deve-se ressaltar que geralmente a atua\u00e7\u00e3o dos agentes delegados se submete a acompanhamento e fiscaliza\u00e7\u00e3o da Administra\u00e7\u00e3o P\u00fablica.<\/p>\n\n\n\n<p>Por exemplo, os <strong>agentes das concession\u00e1rias de servi\u00e7os p\u00fablicos<\/strong>.<\/p>\n\n\n\n<h3 class=\"wp-block-heading\"><strong><mark style=\"background-color:rgba(0, 0, 0, 0)\" class=\"has-inline-color has-vivid-cyan-blue-color\">Esp\u00e9cies de agentes p\u00fablicos para o Senado Federal: agentes credenciados<\/mark><\/strong><\/h3>\n\n\n\n<p>Por fim, os agentes credenciados consistem em particulares com relevante influ\u00eancia ou conhecimento em uma determinada \u00e1rea que <strong>recebem a incumb\u00eancia de representar a Administra\u00e7\u00e3o P\u00fablica em determinada situa\u00e7\u00e3o<\/strong>.<\/p>\n\n\n\n<p>Nesse sentido, vale ressaltar que geralmente essa representa\u00e7\u00e3o \u00e9 remunerada pela Administra\u00e7\u00e3o P\u00fablica.<\/p>\n\n\n\n<p>Por exemplo, um <strong>atleta consagrado que recebe designa\u00e7\u00e3o para representar o Brasil em um evento esportivo internacional<\/strong>.<\/p>\n\n\n\n<h2 class=\"wp-block-heading\"><strong><mark style=\"background-color:rgba(0, 0, 0, 0)\" class=\"has-inline-color has-vivid-cyan-blue-color\">Conclus\u00e3o<\/mark><\/strong><\/h2>\n\n\n\n<p>Pessoal, chegamos ao fim do nosso resumo de hoje sobre as esp\u00e9cies de agentes p\u00fablicos para o Senado Federal.<\/p>\n\n\n\n<p>Nos encontramos no pr\u00f3ximo artigo.<\/p>\n\n\n\n<p>Grande abra\u00e7o.<\/p>\n\n\n\n<p><strong>Rafael Chaves<\/strong><\/p>\n\n\n\n<p class=\"has-text-align-center has-pale-cyan-blue-background-color has-background has-medium-font-size\"><strong>Saiba mais: <a href=\"https:\/\/www.estrategiaconcursos.com.br\/blog\/concurso-senado-federal\/#\" target=\"_blank\" rel=\"noreferrer noopener\">Concurso SENADO FEDERAL<\/a><\/strong><\/p>\n\n\n\n<h2 class=\"has-text-align-center wp-block-heading\">Quer saber tudo sobre concursos previstos?<br \/>Confira nossos artigos!<\/h2>\n\n\n\n<p class=\"has-text-align-center has-pale-cyan-blue-background-color has-background has-medium-font-size\"><a href=\"https:\/\/www.estrategiaconcursos.com.br\/blog\/concursos-abertos\/\" target=\"_blank\" rel=\"noreferrer noopener\">Concursos abertos<\/a><\/p>\n\n\n\n<p class=\"has-text-align-center has-pale-cyan-blue-background-color has-background has-medium-font-size\"><a href=\"https:\/\/www.estrategiaconcursos.com.br\/blog\/concursos-2022\/\" target=\"_blank\" rel=\"noreferrer noopener\">Concursos 2022<\/a><\/p>\n\n\n\n<p class=\"has-text-align-center has-pale-cyan-blue-background-color has-background has-medium-font-size\"><a href=\"https:\/\/www.estrategiaconcursos.com.br\/blog\/concursos-2023\/\" target=\"_blank\" rel=\"noreferrer noopener\">Concursos 2023<\/a><\/p>\n","protected":false},"excerpt":{"rendered":"<p>Ol\u00e1, pessoal. Neste resumo trataremos acerca dos principais t\u00f3picos sobre as esp\u00e9cies de agentes p\u00fablicos, com foco no novo certame do Senado Federal. Nesse sentido, vale ressaltar que o edital do Senado Federal j\u00e1 est\u00e1 \u201cna pra\u00e7a\u201d. Foram ofertadas 22 vagas imediatas para os cargos de T\u00e9cnico Legislativo \u2013 Policial Legislativo, Analista Legislativo (diversas especialidades), [&hellip;]<\/p>\n","protected":false},"author":2261,"featured_media":1066699,"comment_status":"open","ping_status":"closed","sticky":false,"template":"","format":"standard","meta":{"post_tipo":"article","footnotes":""},"categories":[1,2017],"tags":[],"tax_estado":[219963],"class_list":["post-1088638","post","type-post","status-publish","format-standard","has-post-thumbnail","hentry","category-cursos-e-concursos","category-concursos-legislativos","tax_estado-concursos-federais"],"acf":[],"yoast_head":"<!-- This site is optimized with the Yoast SEO Premium plugin v27.2 (Yoast SEO v27.2) - https:\/\/yoast.com\/product\/yoast-seo-premium-wordpress\/ -->\n<title>Esp\u00e9cies de Agentes P\u00fablicos: resumo para o Senado Federal<\/title>\n<meta name=\"description\" content=\"Aprenda sobre as esp\u00e9cies de agentes p\u00fablicos por um resumo focado no novo concurso p\u00fablico para o Senado Federal.\" \/>\n<meta name=\"robots\" content=\"index, follow, max-snippet:-1, max-image-preview:large, max-video-preview:-1\" \/>\n<link rel=\"canonical\" href=\"https:\/\/www.estrategiaconcursos.com.br\/blog\/agentes-publicos-senado\/\" \/>\n<meta property=\"og:locale\" content=\"pt_BR\" \/>\n<meta property=\"og:type\" content=\"article\" \/>\n<meta property=\"og:title\" content=\"Esp\u00e9cies de Agentes P\u00fablicos: resumo para o Senado Federal\" \/>\n<meta property=\"og:description\" content=\"Aprenda sobre as esp\u00e9cies de agentes p\u00fablicos por um resumo focado no novo concurso p\u00fablico para o Senado Federal.\" \/>\n<meta property=\"og:url\" content=\"https:\/\/www.estrategiaconcursos.com.br\/blog\/agentes-publicos-senado\/\" \/>\n<meta property=\"og:site_name\" content=\"Estrat\u00e9gia Concursos\" \/>\n<meta property=\"article:published_time\" content=\"2022-09-11T21:17:00+00:00\" \/>\n<meta property=\"og:image\" content=\"https:\/\/dhg1h5j42swfq.cloudfront.net\/2022\/07\/26082143\/concurso-senado-federal-1.jpg\" \/>\n\t<meta property=\"og:image:width\" content=\"768\" \/>\n\t<meta property=\"og:image:height\" content=\"432\" \/>\n\t<meta property=\"og:image:type\" content=\"image\/jpeg\" \/>\n<meta name=\"author\" content=\"Rafael Ferreira Chaves\" \/>\n<meta name=\"twitter:card\" content=\"summary_large_image\" \/>\n<meta name=\"twitter:creator\" content=\"@EstratConcursos\" \/>\n<meta name=\"twitter:site\" content=\"@EstratConcursos\" \/>\n<meta name=\"twitter:label1\" content=\"Escrito por\" \/>\n\t<meta name=\"twitter:data1\" content=\"Rafael Ferreira Chaves\" \/>\n\t<meta name=\"twitter:label2\" content=\"Est. tempo de leitura\" \/>\n\t<meta name=\"twitter:data2\" content=\"5 minutos\" \/>\n<script type=\"application\/ld+json\" class=\"yoast-schema-graph\">{\"@context\":\"https:\/\/schema.org\",\"@graph\":[{\"@type\":\"NewsArticle\",\"@id\":\"https:\/\/www.estrategiaconcursos.com.br\/blog\/agentes-publicos-senado\/#article\",\"isPartOf\":{\"@id\":\"https:\/\/www.estrategiaconcursos.com.br\/blog\/agentes-publicos-senado\/\"},\"author\":{\"name\":\"Rafael Ferreira Chaves\",\"@id\":\"https:\/\/www.estrategiaconcursos.com.br\/blog\/#\/schema\/person\/545cce8f1c81268ec2ca202a954284e1\"},\"headline\":\"Esp\u00e9cies de Agentes P\u00fablicos: resumo para o Senado Federal\",\"datePublished\":\"2022-09-11T21:17:00+00:00\",\"mainEntityOfPage\":{\"@id\":\"https:\/\/www.estrategiaconcursos.com.br\/blog\/agentes-publicos-senado\/\"},\"wordCount\":1002,\"commentCount\":0,\"publisher\":{\"@id\":\"https:\/\/www.estrategiaconcursos.com.br\/blog\/#organization\"},\"image\":{\"@id\":\"https:\/\/www.estrategiaconcursos.com.br\/blog\/agentes-publicos-senado\/#primaryimage\"},\"thumbnailUrl\":\"https:\/\/dhg1h5j42swfq.cloudfront.net\/2022\/07\/26082143\/concurso-senado-federal-1.jpg\",\"articleSection\":[\"Concursos P\u00fablicos\",\"Legislativo\"],\"inLanguage\":\"pt-BR\",\"potentialAction\":[{\"@type\":\"CommentAction\",\"name\":\"Comment\",\"target\":[\"https:\/\/www.estrategiaconcursos.com.br\/blog\/agentes-publicos-senado\/#respond\"]}],\"copyrightYear\":\"2022\",\"copyrightHolder\":{\"@id\":\"https:\/\/www.estrategiaconcursos.com.br\/blog\/#organization\"}},{\"@type\":\"WebPage\",\"@id\":\"https:\/\/www.estrategiaconcursos.com.br\/blog\/agentes-publicos-senado\/\",\"url\":\"https:\/\/www.estrategiaconcursos.com.br\/blog\/agentes-publicos-senado\/\",\"name\":\"Esp\u00e9cies de Agentes P\u00fablicos: resumo para o Senado Federal\",\"isPartOf\":{\"@id\":\"https:\/\/www.estrategiaconcursos.com.br\/blog\/#website\"},\"primaryImageOfPage\":{\"@id\":\"https:\/\/www.estrategiaconcursos.com.br\/blog\/agentes-publicos-senado\/#primaryimage\"},\"image\":{\"@id\":\"https:\/\/www.estrategiaconcursos.com.br\/blog\/agentes-publicos-senado\/#primaryimage\"},\"thumbnailUrl\":\"https:\/\/dhg1h5j42swfq.cloudfront.net\/2022\/07\/26082143\/concurso-senado-federal-1.jpg\",\"datePublished\":\"2022-09-11T21:17:00+00:00\",\"description\":\"Aprenda sobre as esp\u00e9cies de agentes p\u00fablicos por um resumo focado no novo concurso p\u00fablico para o Senado Federal.\",\"breadcrumb\":{\"@id\":\"https:\/\/www.estrategiaconcursos.com.br\/blog\/agentes-publicos-senado\/#breadcrumb\"},\"inLanguage\":\"pt-BR\",\"potentialAction\":[{\"@type\":\"ReadAction\",\"target\":[\"https:\/\/www.estrategiaconcursos.com.br\/blog\/agentes-publicos-senado\/\"]}]},{\"@type\":\"ImageObject\",\"inLanguage\":\"pt-BR\",\"@id\":\"https:\/\/www.estrategiaconcursos.com.br\/blog\/agentes-publicos-senado\/#primaryimage\",\"url\":\"https:\/\/dhg1h5j42swfq.cloudfront.net\/2022\/07\/26082143\/concurso-senado-federal-1.jpg\",\"contentUrl\":\"https:\/\/dhg1h5j42swfq.cloudfront.net\/2022\/07\/26082143\/concurso-senado-federal-1.jpg\",\"width\":768,\"height\":432,\"caption\":\"Concurso Senado: PL\"},{\"@type\":\"BreadcrumbList\",\"@id\":\"https:\/\/www.estrategiaconcursos.com.br\/blog\/agentes-publicos-senado\/#breadcrumb\",\"itemListElement\":[{\"@type\":\"ListItem\",\"position\":1,\"name\":\"In\u00edcio\",\"item\":\"https:\/\/www.estrategiaconcursos.com.br\/blog\/\"},{\"@type\":\"ListItem\",\"position\":2,\"name\":\"Esp\u00e9cies de Agentes P\u00fablicos: resumo para o Senado Federal\"}]},{\"@type\":\"WebSite\",\"@id\":\"https:\/\/www.estrategiaconcursos.com.br\/blog\/#website\",\"url\":\"https:\/\/www.estrategiaconcursos.com.br\/blog\/\",\"name\":\"Estrat\u00e9gia Concursos\",\"description\":\"O blog da Estrat\u00e9gia Concursos traz not\u00edcias sobre concursos e artigos de professores oferecendo cursos para concursos (pdf + videaulas) no site.\",\"publisher\":{\"@id\":\"https:\/\/www.estrategiaconcursos.com.br\/blog\/#organization\"},\"potentialAction\":[{\"@type\":\"SearchAction\",\"target\":{\"@type\":\"EntryPoint\",\"urlTemplate\":\"https:\/\/www.estrategiaconcursos.com.br\/blog\/?s={search_term_string}\"},\"query-input\":{\"@type\":\"PropertyValueSpecification\",\"valueRequired\":true,\"valueName\":\"search_term_string\"}}],\"inLanguage\":\"pt-BR\"},{\"@type\":\"Organization\",\"@id\":\"https:\/\/www.estrategiaconcursos.com.br\/blog\/#organization\",\"name\":\"Estrat\u00e9gia Concursos\",\"url\":\"https:\/\/www.estrategiaconcursos.com.br\/blog\/\",\"logo\":{\"@type\":\"ImageObject\",\"inLanguage\":\"pt-BR\",\"@id\":\"https:\/\/www.estrategiaconcursos.com.br\/blog\/#\/schema\/logo\/image\/\",\"url\":\"https:\/\/dhg1h5j42swfq.cloudfront.net\/2025\/06\/03203428\/logo_concursos-1.jpg\",\"contentUrl\":\"https:\/\/dhg1h5j42swfq.cloudfront.net\/2025\/06\/03203428\/logo_concursos-1.jpg\",\"width\":230,\"height\":60,\"caption\":\"Estrat\u00e9gia Concursos\"},\"image\":{\"@id\":\"https:\/\/www.estrategiaconcursos.com.br\/blog\/#\/schema\/logo\/image\/\"},\"sameAs\":[\"https:\/\/x.com\/EstratConcursos\"]},{\"@type\":\"Person\",\"@id\":\"https:\/\/www.estrategiaconcursos.com.br\/blog\/#\/schema\/person\/545cce8f1c81268ec2ca202a954284e1\",\"name\":\"Rafael Ferreira Chaves\",\"image\":{\"@type\":\"ImageObject\",\"inLanguage\":\"pt-BR\",\"@id\":\"https:\/\/secure.gravatar.com\/avatar\/7d43172b7c8451a76fe991e14bf7b661f56fcd3e9d8f44dcd92c997cfaf1286f?s=96&d=mm&r=g\",\"url\":\"https:\/\/secure.gravatar.com\/avatar\/7d43172b7c8451a76fe991e14bf7b661f56fcd3e9d8f44dcd92c997cfaf1286f?s=96&d=mm&r=g\",\"contentUrl\":\"https:\/\/secure.gravatar.com\/avatar\/7d43172b7c8451a76fe991e14bf7b661f56fcd3e9d8f44dcd92c997cfaf1286f?s=96&d=mm&r=g\",\"caption\":\"Rafael Ferreira Chaves\"},\"description\":\"Engenheiro Civil formado pela Universidade Federal do Piau\u00ed - UFPI. Especialista em Engenharia Ambiental e Saneamento B\u00e1sico pela Faculdade Est\u00e1cio. Atualmente exerce o cargo de Auditor de Controle Externo do TCE\/AM. Aprovado e nomeado nos seguintes concursos: ARSETE\/PMT (1\u00ba lugar - Analista de Regula\u00e7\u00e3o - Eng. Civil), Prefeitura de Campinas\/SP (Eng. Civil) , CODEVASF (Analista de Desenvolvimento Regional - Eng. Civil), TCE\/AM (2\u00ba lugar - Auditor de Controle Externo - Obras P\u00fablicas \/ 14\u00ba lugar - Auditor de Controle Externo - Auditoria Governamental), TCE\/TO (2\u00ba lugar - Auditor de Controle Externo - Eng. Civil), TCE GO (Analista de Controle Externo - Controle Externo).\",\"url\":\"https:\/\/www.estrategiaconcursos.com.br\/blog\/author\/fchaves01gmail-com\/\"}]}<\/script>\n<!-- \/ Yoast SEO Premium plugin. -->","yoast_head_json":{"title":"Esp\u00e9cies de Agentes P\u00fablicos: resumo para o Senado Federal","description":"Aprenda sobre as esp\u00e9cies de agentes p\u00fablicos por um resumo focado no novo concurso p\u00fablico para o Senado Federal.","robots":{"index":"index","follow":"follow","max-snippet":"max-snippet:-1","max-image-preview":"max-image-preview:large","max-video-preview":"max-video-preview:-1"},"canonical":"https:\/\/www.estrategiaconcursos.com.br\/blog\/agentes-publicos-senado\/","og_locale":"pt_BR","og_type":"article","og_title":"Esp\u00e9cies de Agentes P\u00fablicos: resumo para o Senado Federal","og_description":"Aprenda sobre as esp\u00e9cies de agentes p\u00fablicos por um resumo focado no novo concurso p\u00fablico para o Senado Federal.","og_url":"https:\/\/www.estrategiaconcursos.com.br\/blog\/agentes-publicos-senado\/","og_site_name":"Estrat\u00e9gia Concursos","article_published_time":"2022-09-11T21:17:00+00:00","og_image":[{"width":768,"height":432,"url":"https:\/\/dhg1h5j42swfq.cloudfront.net\/2022\/07\/26082143\/concurso-senado-federal-1.jpg","type":"image\/jpeg"}],"author":"Rafael Ferreira Chaves","twitter_card":"summary_large_image","twitter_creator":"@EstratConcursos","twitter_site":"@EstratConcursos","twitter_misc":{"Escrito por":"Rafael Ferreira Chaves","Est. tempo de leitura":"5 minutos"},"schema":{"@context":"https:\/\/schema.org","@graph":[{"@type":"NewsArticle","@id":"https:\/\/www.estrategiaconcursos.com.br\/blog\/agentes-publicos-senado\/#article","isPartOf":{"@id":"https:\/\/www.estrategiaconcursos.com.br\/blog\/agentes-publicos-senado\/"},"author":{"name":"Rafael Ferreira Chaves","@id":"https:\/\/www.estrategiaconcursos.com.br\/blog\/#\/schema\/person\/545cce8f1c81268ec2ca202a954284e1"},"headline":"Esp\u00e9cies de Agentes P\u00fablicos: resumo para o Senado Federal","datePublished":"2022-09-11T21:17:00+00:00","mainEntityOfPage":{"@id":"https:\/\/www.estrategiaconcursos.com.br\/blog\/agentes-publicos-senado\/"},"wordCount":1002,"commentCount":0,"publisher":{"@id":"https:\/\/www.estrategiaconcursos.com.br\/blog\/#organization"},"image":{"@id":"https:\/\/www.estrategiaconcursos.com.br\/blog\/agentes-publicos-senado\/#primaryimage"},"thumbnailUrl":"https:\/\/dhg1h5j42swfq.cloudfront.net\/2022\/07\/26082143\/concurso-senado-federal-1.jpg","articleSection":["Concursos P\u00fablicos","Legislativo"],"inLanguage":"pt-BR","potentialAction":[{"@type":"CommentAction","name":"Comment","target":["https:\/\/www.estrategiaconcursos.com.br\/blog\/agentes-publicos-senado\/#respond"]}],"copyrightYear":"2022","copyrightHolder":{"@id":"https:\/\/www.estrategiaconcursos.com.br\/blog\/#organization"}},{"@type":"WebPage","@id":"https:\/\/www.estrategiaconcursos.com.br\/blog\/agentes-publicos-senado\/","url":"https:\/\/www.estrategiaconcursos.com.br\/blog\/agentes-publicos-senado\/","name":"Esp\u00e9cies de Agentes P\u00fablicos: resumo para o Senado Federal","isPartOf":{"@id":"https:\/\/www.estrategiaconcursos.com.br\/blog\/#website"},"primaryImageOfPage":{"@id":"https:\/\/www.estrategiaconcursos.com.br\/blog\/agentes-publicos-senado\/#primaryimage"},"image":{"@id":"https:\/\/www.estrategiaconcursos.com.br\/blog\/agentes-publicos-senado\/#primaryimage"},"thumbnailUrl":"https:\/\/dhg1h5j42swfq.cloudfront.net\/2022\/07\/26082143\/concurso-senado-federal-1.jpg","datePublished":"2022-09-11T21:17:00+00:00","description":"Aprenda sobre as esp\u00e9cies de agentes p\u00fablicos por um resumo focado no novo concurso p\u00fablico para o Senado Federal.","breadcrumb":{"@id":"https:\/\/www.estrategiaconcursos.com.br\/blog\/agentes-publicos-senado\/#breadcrumb"},"inLanguage":"pt-BR","potentialAction":[{"@type":"ReadAction","target":["https:\/\/www.estrategiaconcursos.com.br\/blog\/agentes-publicos-senado\/"]}]},{"@type":"ImageObject","inLanguage":"pt-BR","@id":"https:\/\/www.estrategiaconcursos.com.br\/blog\/agentes-publicos-senado\/#primaryimage","url":"https:\/\/dhg1h5j42swfq.cloudfront.net\/2022\/07\/26082143\/concurso-senado-federal-1.jpg","contentUrl":"https:\/\/dhg1h5j42swfq.cloudfront.net\/2022\/07\/26082143\/concurso-senado-federal-1.jpg","width":768,"height":432,"caption":"Concurso Senado: PL"},{"@type":"BreadcrumbList","@id":"https:\/\/www.estrategiaconcursos.com.br\/blog\/agentes-publicos-senado\/#breadcrumb","itemListElement":[{"@type":"ListItem","position":1,"name":"In\u00edcio","item":"https:\/\/www.estrategiaconcursos.com.br\/blog\/"},{"@type":"ListItem","position":2,"name":"Esp\u00e9cies de Agentes P\u00fablicos: resumo para o Senado Federal"}]},{"@type":"WebSite","@id":"https:\/\/www.estrategiaconcursos.com.br\/blog\/#website","url":"https:\/\/www.estrategiaconcursos.com.br\/blog\/","name":"Estrat\u00e9gia Concursos","description":"O blog da Estrat\u00e9gia Concursos traz not\u00edcias sobre concursos e artigos de professores oferecendo cursos para concursos (pdf + videaulas) no site.","publisher":{"@id":"https:\/\/www.estrategiaconcursos.com.br\/blog\/#organization"},"potentialAction":[{"@type":"SearchAction","target":{"@type":"EntryPoint","urlTemplate":"https:\/\/www.estrategiaconcursos.com.br\/blog\/?s={search_term_string}"},"query-input":{"@type":"PropertyValueSpecification","valueRequired":true,"valueName":"search_term_string"}}],"inLanguage":"pt-BR"},{"@type":"Organization","@id":"https:\/\/www.estrategiaconcursos.com.br\/blog\/#organization","name":"Estrat\u00e9gia Concursos","url":"https:\/\/www.estrategiaconcursos.com.br\/blog\/","logo":{"@type":"ImageObject","inLanguage":"pt-BR","@id":"https:\/\/www.estrategiaconcursos.com.br\/blog\/#\/schema\/logo\/image\/","url":"https:\/\/dhg1h5j42swfq.cloudfront.net\/2025\/06\/03203428\/logo_concursos-1.jpg","contentUrl":"https:\/\/dhg1h5j42swfq.cloudfront.net\/2025\/06\/03203428\/logo_concursos-1.jpg","width":230,"height":60,"caption":"Estrat\u00e9gia Concursos"},"image":{"@id":"https:\/\/www.estrategiaconcursos.com.br\/blog\/#\/schema\/logo\/image\/"},"sameAs":["https:\/\/x.com\/EstratConcursos"]},{"@type":"Person","@id":"https:\/\/www.estrategiaconcursos.com.br\/blog\/#\/schema\/person\/545cce8f1c81268ec2ca202a954284e1","name":"Rafael Ferreira Chaves","image":{"@type":"ImageObject","inLanguage":"pt-BR","@id":"https:\/\/secure.gravatar.com\/avatar\/7d43172b7c8451a76fe991e14bf7b661f56fcd3e9d8f44dcd92c997cfaf1286f?s=96&d=mm&r=g","url":"https:\/\/secure.gravatar.com\/avatar\/7d43172b7c8451a76fe991e14bf7b661f56fcd3e9d8f44dcd92c997cfaf1286f?s=96&d=mm&r=g","contentUrl":"https:\/\/secure.gravatar.com\/avatar\/7d43172b7c8451a76fe991e14bf7b661f56fcd3e9d8f44dcd92c997cfaf1286f?s=96&d=mm&r=g","caption":"Rafael Ferreira Chaves"},"description":"Engenheiro Civil formado pela Universidade Federal do Piau\u00ed - UFPI. Especialista em Engenharia Ambiental e Saneamento B\u00e1sico pela Faculdade Est\u00e1cio. Atualmente exerce o cargo de Auditor de Controle Externo do TCE\/AM. Aprovado e nomeado nos seguintes concursos: ARSETE\/PMT (1\u00ba lugar - Analista de Regula\u00e7\u00e3o - Eng. Civil), Prefeitura de Campinas\/SP (Eng. Civil) , CODEVASF (Analista de Desenvolvimento Regional - Eng. Civil), TCE\/AM (2\u00ba lugar - Auditor de Controle Externo - Obras P\u00fablicas \/ 14\u00ba lugar - Auditor de Controle Externo - Auditoria Governamental), TCE\/TO (2\u00ba lugar - Auditor de Controle Externo - Eng. Civil), TCE GO (Analista de Controle Externo - Controle Externo).","url":"https:\/\/www.estrategiaconcursos.com.br\/blog\/author\/fchaves01gmail-com\/"}]}},"_links":{"self":[{"href":"https:\/\/www.estrategiaconcursos.com.br\/blog\/wp-json\/wp\/v2\/posts\/1088638","targetHints":{"allow":["GET"]}}],"collection":[{"href":"https:\/\/www.estrategiaconcursos.com.br\/blog\/wp-json\/wp\/v2\/posts"}],"about":[{"href":"https:\/\/www.estrategiaconcursos.com.br\/blog\/wp-json\/wp\/v2\/types\/post"}],"author":[{"embeddable":true,"href":"https:\/\/www.estrategiaconcursos.com.br\/blog\/wp-json\/wp\/v2\/users\/2261"}],"replies":[{"embeddable":true,"href":"https:\/\/www.estrategiaconcursos.com.br\/blog\/wp-json\/wp\/v2\/comments?post=1088638"}],"version-history":[{"count":9,"href":"https:\/\/www.estrategiaconcursos.com.br\/blog\/wp-json\/wp\/v2\/posts\/1088638\/revisions"}],"predecessor-version":[{"id":1089256,"href":"https:\/\/www.estrategiaconcursos.com.br\/blog\/wp-json\/wp\/v2\/posts\/1088638\/revisions\/1089256"}],"wp:featuredmedia":[{"embeddable":true,"href":"https:\/\/www.estrategiaconcursos.com.br\/blog\/wp-json\/wp\/v2\/media\/1066699"}],"wp:attachment":[{"href":"https:\/\/www.estrategiaconcursos.com.br\/blog\/wp-json\/wp\/v2\/media?parent=1088638"}],"wp:term":[{"taxonomy":"category","embeddable":true,"href":"https:\/\/www.estrategiaconcursos.com.br\/blog\/wp-json\/wp\/v2\/categories?post=1088638"},{"taxonomy":"post_tag","embeddable":true,"href":"https:\/\/www.estrategiaconcursos.com.br\/blog\/wp-json\/wp\/v2\/tags?post=1088638"},{"taxonomy":"tax_estado","embeddable":true,"href":"https:\/\/www.estrategiaconcursos.com.br\/blog\/wp-json\/wp\/v2\/tax_estado?post=1088638"}],"curies":[{"name":"wp","href":"https:\/\/api.w.org\/{rel}","templated":true}]}}