{"id":1088294,"date":"2022-09-30T11:25:00","date_gmt":"2022-09-30T14:25:00","guid":{"rendered":"https:\/\/www.estrategiaconcursos.com.br\/blog\/?p=1088294"},"modified":"2022-09-30T11:30:34","modified_gmt":"2022-09-30T14:30:34","slug":"concurso-moju-edital-publicado","status":"publish","type":"post","link":"https:\/\/www.estrategiaconcursos.com.br\/blog\/concurso-moju-edital-publicado\/","title":{"rendered":"Edital Moju: s\u00e3o ofertadas 801 vagas em diversos cargos!"},"content":{"rendered":"\n<p>O edital da Prefeitura de Moju, estado do Par\u00e1, oferta um total de <strong>801 vagas distribu\u00eddas entre cargos de n\u00edvel fundamental, m\u00e9dio, t\u00e9cnico e superior<\/strong>. J\u00e1 os sal\u00e1rios iniciais s\u00e3o de at\u00e9 R$ 4,6 mil, dependendo da fun\u00e7\u00e3o desejada.<\/p>\n\n\n\n<p>Os candidatos interessados na sele\u00e7\u00e3o puderam se inscrever at\u00e9 o dia 29 de setembro, atrav\u00e9s do site da banca organizadora, <a href=\"https:\/\/www.consulpam.com.br\/index.php?menu=concursos&amp;acao=ver&amp;id=259\" target=\"_blank\" rel=\"noreferrer noopener\">Consulpam<\/a>. Al\u00e9m disso, tamb\u00e9m foi necess\u00e1rio efetuar o pagamento da taxa fixada:<\/p>\n\n\n\n<ul class=\"wp-block-list\"><li><strong>Fundamental:<\/strong> R$ 18,35<\/li><li><strong>M\u00e9dio:<\/strong> R$ 22,77<\/li><li><strong>Superior: <\/strong>R$ 30,12<\/li><\/ul>\n\n\n\n<p>Agora, o pr\u00f3ximo passo ser\u00e1 a aplica\u00e7\u00e3o de provas, que segue prevista para ocorrer no dia 13 de novembro. Os inscritos ser\u00e3o testados por meio de tr\u00eas importantes etapas. Confira mais detalhes no decorrer desse artigo!<\/p>\n\n\n\n<div class=\"container\" id=\"boxes\">\n  <div class=\"row\">\n\n    <div class=\"col-sm\">\n      <div class=\"banner-estrategia\" id=\"box-assinatura\">\n        <h3 class=\"titulo-assinatura\">Cursos para concursos<\/h3>\n        <p class=\"subtitulo-assinatura\">Conhe\u00e7a os cursos<\/p>\n        <div class=\"box-botao\">\n          <a class=\"btn-assinatura\" target=\"_blank\" href=\"https:\/\/www.estrategiaconcursos.com.br\/cursos\/\" role=\"button\" rel=\"noopener noreferrer\">Conhe\u00e7a mais<\/a>\n        <\/div>\n      <\/div>\n     \n    <\/div>\n\n  <\/div>\n<\/div>\n\n\n\n<h2 class=\"wp-block-heading\" id=\"datas\">Edital Moju: principais datas<\/h2>\n\n\n\n<ul class=\"has-white-background-color has-background wp-block-list\"><li><strong>Inscri\u00e7\u00f5es<\/strong>: <s>1\u00ba a 29 de setembro<\/s><\/li><li><strong>Isen\u00e7\u00e3o da taxa<\/strong>: <s>1\u00ba e 02 de setembro<\/s><\/li><li><strong>Prova<\/strong>: 13 de novembro de 2022<\/li><\/ul>\n\n\n\n<h2 class=\"wp-block-heading\" id=\"cargos-vagas\">Edital Moju: cargos e vagas<\/h2>\n\n\n\n<p>Confira abaixo os cargos e vagas do edital Prefeitura de Moju &#8211; PA: <\/p>\n\n\n\n<ul class=\"wp-block-list\"><li>Agente de Vigil\u00e2ncia Escolar (30); <\/li><li>Auxiliar de Servi\u00e7os Gerais (43); <\/li><li>Auxiliar de Servi\u00e7os Gerais &#8211; Administrativos Educacionais (6); <\/li><li>Motorista (30); <\/li><li>Vigia (100); <\/li><li>Zelador (8); <\/li><li>Agente Administrativo (80); <\/li><li>Agente Comunit\u00e1rio de Sa\u00fade (100); <\/li><li>Agente de Fiscaliza\u00e7\u00e3o (13); <\/li><li>Agente de Fiscaliza\u00e7\u00e3o (73); <\/li><li>Agente de Endemias (20); <\/li><li>Auxiliar de Consult\u00f3rio Dent\u00e1rio (3); <\/li><li>Cuidador Social (7); <\/li><li>Guarda Municipal (30); <\/li><li>T\u00e9cnico de Enfermagem (7); <\/li><li>T\u00e9cnico em Meio Ambiente (1); <\/li><li>T\u00e9cnico em Radiologia (2); <\/li><li>Arquiteto (1); <\/li><li>Assistente Social (10); <\/li><li>Enfermeiro (5); <\/li><li>Engenheiro Civil (1); <\/li><li>Farmac\u00eautico Bioqu\u00edmico (2); <\/li><li>Fonoudi\u00f3logo (1); <\/li><li>Nutricionista (2); <\/li><li>Pediatra (2); <\/li><li>Professor MAG 2 &#8211; Arte (5); <\/li><li>Professor MAG 2 &#8211; Ci\u00eancias (8); <\/li><li>Professor MAG 2 &#8211; Educa\u00e7\u00e3o F\u00edsica (12); <\/li><li>Professor MAG 2 &#8211; Ensino Religioso Escolar (3); <\/li><li>Professor MAG 2 &#8211; Geografia (6); Professor MAG 2 &#8211; Hist\u00f3ria (8); <\/li><li>Professor MAG 2 &#8211; L\u00edngua Inglesa (10); <\/li><li>Professor MAG 2 &#8211; L\u00edngua Portuguesa (13); <\/li><li>Professor MAG 2 &#8211; Matem\u00e1tica (13); <\/li><li>Professor MAG 2 &#8211; Pedagogia (137); <\/li><li>Psic\u00f3logo (5); <\/li><li>Veterin\u00e1rio (2); <\/li><li>Terapeuta Ocupacional (2).<\/li><\/ul>\n\n\n\n<h2 class=\"wp-block-heading\">Edital Moju: etapas de provas<\/h2>\n\n\n\n<p>O edital do concurso Prefeitura de Moju \u00e9 composto de tr\u00eas importantes etapas, sendo elas:<\/p>\n\n\n\n<ul class=\"wp-block-list\"><li><strong>Prova Objetiva<\/strong> de car\u00e1ter eliminat\u00f3rio e classificat\u00f3rio para todos os cargos.<\/li><li><strong>Prova de T\u00edtulos<\/strong> de car\u00e1ter classificat\u00f3rio para os cargos de n\u00edvel superior.<\/li><li><strong>Prova F\u00edsica <\/strong>de car\u00e1ter eliminat\u00f3rio para o cargo de Guarda Municipal e Agente de Fiscaliza\u00e7\u00e3o<\/li><\/ul>\n\n\n\n<p>As provas objetivas, de car\u00e1ter eliminat\u00f3rio e classificat\u00f3ria, ser\u00e3o aplicadas no dia <strong>13 de novembro, na cidade de Moju &#8211; PA.<\/strong> Veja os detalhes logo abaixo:<\/p>\n\n\n\n<ul class=\"wp-block-list\"><li><strong>N\u00edvel fundamental<\/strong><ul><li>L\u00edngua Portuguesa \u2013&nbsp;<strong>15<\/strong><\/li><li>Racioc\u00ednio L\u00f3gico (Matem\u00e1tica) \u2013<strong>&nbsp;15<\/strong><\/li><\/ul><\/li><li><strong>N\u00edvel m\u00e9dio<\/strong><ul><li>L\u00edngua Portuguesa \u2013&nbsp;<strong>10<\/strong><\/li><li>Racioc\u00ednio L\u00f3gico (Matem\u00e1tica) \u2013&nbsp;<strong>10<\/strong><\/li><li>Inform\u00e1tica \u2013&nbsp;<strong>5<\/strong><\/li><li>Atualidades, hist\u00f3ria e geografia de Moju \u2013&nbsp;<strong>5<\/strong><\/li><li>Direito Administrativo, Constitucional e Estatuto dos Funcion\u00e1rios P\u00fablicos Civis do Munic\u00edpio de Moju \u2013&nbsp;<strong>10<\/strong><\/li><\/ul><\/li><li><strong>N\u00edvel t\u00e9cnico<\/strong><ul><li>L\u00edngua Portuguesa \u2013&nbsp;<strong>10<\/strong><\/li><li>Racioc\u00ednio L\u00f3gico (Matem\u00e1tica) \u2013&nbsp;<strong>10<\/strong><\/li><li>Inform\u00e1tica \u2013&nbsp;<strong>5<\/strong><\/li><li>Atualidades, hist\u00f3ria e geografia de Moju \u2013&nbsp;<strong>5<\/strong><\/li><li>Direito Administrativo, Constitucional e Estatuto dos Funcion\u00e1rios P\u00fablicos Civis do Munic\u00edpio de Moju \u2013&nbsp;<strong>10<\/strong><\/li><li>Conhecimentos espec\u00edficos \u2013&nbsp;<strong>10<\/strong><\/li><\/ul><\/li><li><strong>N\u00edvel superior<\/strong><ul><li>L\u00edngua Portuguesa \u2013&nbsp;<strong>10<\/strong><\/li><li>Racioc\u00ednio L\u00f3gico (Matem\u00e1tica) \u2013&nbsp;<strong>10<\/strong><\/li><li>Inform\u00e1tica \u2013&nbsp;<strong>5<\/strong><\/li><li>Atualidades, hist\u00f3ria e geografia de Moju \u2013&nbsp;<strong>5<\/strong><\/li><li>Direito Administrativo, Constitucional e Estatuto dos Funcion\u00e1rios P\u00fablicos Civis do Munic\u00edpio de Moju \u2013&nbsp;<strong>10<\/strong><\/li><li>Conhecimentos espec\u00edficos \u2013&nbsp;<strong>20<\/strong><\/li><\/ul><\/li><li><strong>N\u00edvel superior \u2013 Professor<\/strong><ul><li>L\u00edngua Portuguesa \u2013&nbsp;<strong>10<\/strong><\/li><li>Racioc\u00ednio L\u00f3gico (Matem\u00e1tica) \u2013&nbsp;<strong>10<\/strong><\/li><li>Inform\u00e1tica \u2013&nbsp;<strong>5<\/strong><\/li><li>Atualidades, hist\u00f3ria e geografia de Moju \u2013&nbsp;<strong>5<\/strong><\/li><li>Direito Administrativo, Constitucional e Estatuto dos Funcion\u00e1rios P\u00fablicos Civis do Munic\u00edpio de Moju \u2013&nbsp;<strong>10<\/strong><\/li><li>Conhecimentos espec\u00edficos \u2013&nbsp;<strong>20<\/strong><\/li><li>Legisla\u00e7\u00e3o \u2013<strong>&nbsp;10<\/strong><\/li><\/ul><\/li><\/ul>\n\n\n\n<p>Para saber mais detalhes acerca do edital Moju, inclusive a respeito das demais etapas de provas, basta acessar o artigo exclusivo e muito mais completo que preparamos para voc\u00ea:<\/p>\n\n\n\n<p class=\"has-text-align-center has-background\" style=\"background-color:#eff4fa;font-size:clamp(14.642px, 0.915rem + ((1vw - 3.2px) * 0.721), 22px);\"><strong>Saiba mais: <a href=\"https:\/\/www.estrategiaconcursos.com.br\/blog\/concurso-prefeitura-de-moju\/\" target=\"_blank\" rel=\"noreferrer noopener\">Concurso Prefeitura de Moju<\/a><\/strong><\/p>\n\n\n\n<hr class=\"wp-block-separator has-css-opacity\"\/>\n\n\n\n<h2 class=\"has-text-align-center wp-block-heading\" id=\"cursos-assinatura\"><em>Quer estudar para o edital Moju?<\/em><\/h2>\n\n\n\n<div class=\"container\" id=\"boxes\">\n  <div class=\"row\">\n\n    <div class=\"col-sm\">\n      <div class=\"banner-estrategia\" id=\"box-assinatura\">\n        <h3 class=\"titulo-assinatura\">Cursos para concursos<\/h3>\n        <p class=\"subtitulo-assinatura\">Conhe\u00e7a os cursos<\/p>\n        <div class=\"box-botao\">\n          <a class=\"btn-assinatura\" target=\"_blank\" href=\"https:\/\/www.estrategiaconcursos.com.br\/cursos\/\" role=\"button\" rel=\"noopener noreferrer\">Conhe\u00e7a mais<\/a>\n        <\/div>\n      <\/div>\n     \n    <\/div>\n\n  <\/div>\n<\/div>\n\n\n\n<div class=\"container\" id=\"boxes\">\n  <div class=\"row\">\n\n    <div class=\"col-sm\">\n      <div class=\"estrategia\" id=\"box-assinatura\">\n        <h3 class=\"titulo-assinatura\">Assinatura Concursos<\/h3>\n        <p class=\"subtitulo-assinatura\">Assinatura de 1 ano ou 2 anos<\/p>\n        <div class=\"box-botao\">\n          <a class=\"btn-assinatura\" target=\"_blank\" href=\"https:\/\/www.estrategiaconcursos.com.br\/assinaturas\/\" role=\"button\" rel=\"noopener noreferrer\">ASSINE AGORA<\/a>\n        <\/div>\n      <\/div><\/div><\/div><\/div>\n\n\n\n<h2 class=\"has-text-align-center wp-block-heading\" id=\"h-quer-saber-tudo-sobre-concursos-previstos-confira-nossos-artigos\">Quer saber tudo sobre concursos previstos?<br \/>Confira  nossos artigos!<\/h2>\n\n\n\n<ul class=\"wp-block-list\"><li><a href=\"https:\/\/www.estrategiaconcursos.com.br\/blog\/concursos-abertos\/\" target=\"_blank\" rel=\"noreferrer noopener\">Concursos abertos<\/a><\/li><li><a href=\"https:\/\/www.estrategiaconcursos.com.br\/blog\/concursos-2022\/\" target=\"_blank\" rel=\"noreferrer noopener\">Concursos 2022<\/a><\/li><li><a href=\"https:\/\/www.estrategiaconcursos.com.br\/blog\/concursos-2023\/\" target=\"_blank\" rel=\"noreferrer noopener\">Concursos 2023<\/a><\/li><\/ul>\n\n\n\n<figure class=\"wp-block-image is-resized\"><img loading=\"lazy\" decoding=\"async\" src=\"https:\/\/dhg1h5j42swfq.cloudfront.net\/2021\/05\/05103351\/ficha-tecnica-7-1024x632.png\" alt=\"Informa\u00e7\u00f5es sobre o concurso Prefeitura de Moju-PA\" class=\"wp-image-731606\" width=\"261\" height=\"161\" srcset=\"https:\/\/dhg1h5j42swfq.cloudfront.net\/2021\/05\/05103351\/ficha-tecnica-7-1024x632.png 1024w, https:\/\/dhg1h5j42swfq.cloudfront.net\/2021\/05\/05103351\/ficha-tecnica-7-300x185.png 300w, https:\/\/dhg1h5j42swfq.cloudfront.net\/2021\/05\/05103351\/ficha-tecnica-7-768x474.png 768w, https:\/\/dhg1h5j42swfq.cloudfront.net\/2021\/05\/05103351\/ficha-tecnica-7-1536x948.png 1536w, https:\/\/dhg1h5j42swfq.cloudfront.net\/2021\/05\/05103351\/ficha-tecnica-7-610x377.png 610w, https:\/\/dhg1h5j42swfq.cloudfront.net\/2021\/05\/05103351\/ficha-tecnica-7.png 1571w\" sizes=\"auto, (max-width: 261px) 100vw, 261px\" \/><\/figure>\n\n\n\n<h3 class=\"wp-block-heading\" id=\"ficha\">Informa\u00e7\u00f5es do edital de Moju<\/h3>\n\n\n\n<ul class=\"wp-block-list\"><li><strong>Data da prova:&nbsp;<\/strong>13\/11\/2022<\/li><li><strong>Vagas<\/strong>: 801<\/li><li><strong>Cargos<\/strong>: v\u00e1rios<\/li><li><strong>Banca<\/strong>: Instituto Consulpam<\/li><li><strong>Escolaridade<\/strong>: n\u00edvel fundamental, m\u00e9dio e superior<\/li><li><strong>Edital:<\/strong>&nbsp;<a href=\"https:\/\/dhg1h5j42swfq.cloudfront.net\/2022\/09\/02103426\/20220901_150334_edital-moju-edital-001-2022-2-assinado.pdf\" target=\"_blank\" rel=\"noreferrer noopener nofollow\">Prefeitura de Moju<\/a><\/li><\/ul>\n","protected":false},"excerpt":{"rendered":"<p>O edital da Prefeitura de Moju, estado do Par\u00e1, oferta um total de 801 vagas distribu\u00eddas entre cargos de n\u00edvel fundamental, m\u00e9dio, t\u00e9cnico e superior. J\u00e1 os sal\u00e1rios iniciais s\u00e3o de at\u00e9 R$ 4,6 mil, dependendo da fun\u00e7\u00e3o desejada. Os candidatos interessados na sele\u00e7\u00e3o puderam se inscrever at\u00e9 o dia 29 de setembro, atrav\u00e9s do [&hellip;]<\/p>\n","protected":false},"author":656,"featured_media":1103143,"comment_status":"open","ping_status":"closed","sticky":false,"template":"","format":"standard","meta":{"post_tipo":"news","footnotes":""},"categories":[214992,220219],"tags":[],"tax_estado":[219977],"class_list":["post-1088294","post","type-post","status-publish","format-standard","has-post-thumbnail","hentry","category-concursos-administrativos","category-noticias","tax_estado-pa"],"acf":[],"yoast_head":"<!-- This site is optimized with the Yoast SEO Premium plugin v27.2 (Yoast SEO v27.2) - https:\/\/yoast.com\/product\/yoast-seo-premium-wordpress\/ -->\n<title>Edital Moju: s\u00e3o ofertadas 801 vagas em diversos cargos!<\/title>\n<meta name=\"description\" content=\"Edital Moju PA: edital com 801 vagas em diversos cargos e n\u00edveis de escolaridade est\u00e1 com inscri\u00e7\u00f5es encerradas. Provas em novembro!\" \/>\n<meta name=\"robots\" content=\"index, follow, max-snippet:-1, max-image-preview:large, max-video-preview:-1\" \/>\n<link rel=\"canonical\" href=\"https:\/\/www.estrategiaconcursos.com.br\/blog\/concurso-moju-edital-publicado\/\" \/>\n<meta property=\"og:locale\" content=\"pt_BR\" \/>\n<meta property=\"og:type\" content=\"article\" \/>\n<meta property=\"og:title\" content=\"Edital Moju: s\u00e3o ofertadas 801 vagas em diversos cargos!\" \/>\n<meta property=\"og:description\" content=\"Edital Moju PA: edital com 801 vagas em diversos cargos e n\u00edveis de escolaridade est\u00e1 com inscri\u00e7\u00f5es encerradas. Provas em novembro!\" \/>\n<meta property=\"og:url\" content=\"https:\/\/www.estrategiaconcursos.com.br\/blog\/concurso-moju-edital-publicado\/\" \/>\n<meta property=\"og:site_name\" content=\"Estrat\u00e9gia Concursos\" \/>\n<meta property=\"article:published_time\" content=\"2022-09-30T14:25:00+00:00\" \/>\n<meta property=\"article:modified_time\" content=\"2022-09-30T14:30:34+00:00\" \/>\n<meta property=\"og:image\" content=\"https:\/\/dhg1h5j42swfq.cloudfront.net\/2022\/09\/30112930\/moju.jpg\" \/>\n\t<meta property=\"og:image:width\" content=\"768\" \/>\n\t<meta property=\"og:image:height\" content=\"432\" \/>\n\t<meta property=\"og:image:type\" content=\"image\/jpeg\" \/>\n<meta name=\"author\" content=\"F\u00e1bio Scaldelai\" \/>\n<meta name=\"twitter:card\" content=\"summary_large_image\" \/>\n<meta name=\"twitter:creator\" content=\"@EstratConcursos\" \/>\n<meta name=\"twitter:site\" content=\"@EstratConcursos\" \/>\n<meta name=\"twitter:label1\" content=\"Escrito por\" \/>\n\t<meta name=\"twitter:data1\" content=\"F\u00e1bio Scaldelai\" \/>\n\t<meta name=\"twitter:label2\" content=\"Est. tempo de leitura\" \/>\n\t<meta name=\"twitter:data2\" content=\"3 minutos\" \/>\n<script type=\"application\/ld+json\" class=\"yoast-schema-graph\">{\"@context\":\"https:\/\/schema.org\",\"@graph\":[{\"@type\":\"NewsArticle\",\"@id\":\"https:\/\/www.estrategiaconcursos.com.br\/blog\/concurso-moju-edital-publicado\/#article\",\"isPartOf\":{\"@id\":\"https:\/\/www.estrategiaconcursos.com.br\/blog\/concurso-moju-edital-publicado\/\"},\"author\":{\"name\":\"F\u00e1bio Scaldelai\",\"@id\":\"https:\/\/www.estrategiaconcursos.com.br\/blog\/#\/schema\/person\/e3b6b7ce0192dd4ad270655969d61750\"},\"headline\":\"Edital Moju: s\u00e3o ofertadas 801 vagas em diversos cargos!\",\"datePublished\":\"2022-09-30T14:25:00+00:00\",\"dateModified\":\"2022-09-30T14:30:34+00:00\",\"mainEntityOfPage\":{\"@id\":\"https:\/\/www.estrategiaconcursos.com.br\/blog\/concurso-moju-edital-publicado\/\"},\"wordCount\":719,\"commentCount\":0,\"publisher\":{\"@id\":\"https:\/\/www.estrategiaconcursos.com.br\/blog\/#organization\"},\"image\":{\"@id\":\"https:\/\/www.estrategiaconcursos.com.br\/blog\/concurso-moju-edital-publicado\/#primaryimage\"},\"thumbnailUrl\":\"https:\/\/dhg1h5j42swfq.cloudfront.net\/2022\/09\/30112930\/moju.jpg\",\"articleSection\":[\"Executivo (Administrativa)\",\"\u00daltimas not\u00edcias\"],\"inLanguage\":\"pt-BR\",\"potentialAction\":[{\"@type\":\"CommentAction\",\"name\":\"Comment\",\"target\":[\"https:\/\/www.estrategiaconcursos.com.br\/blog\/concurso-moju-edital-publicado\/#respond\"]}],\"copyrightYear\":\"2022\",\"copyrightHolder\":{\"@id\":\"https:\/\/www.estrategiaconcursos.com.br\/blog\/#organization\"}},{\"@type\":\"WebPage\",\"@id\":\"https:\/\/www.estrategiaconcursos.com.br\/blog\/concurso-moju-edital-publicado\/\",\"url\":\"https:\/\/www.estrategiaconcursos.com.br\/blog\/concurso-moju-edital-publicado\/\",\"name\":\"Edital Moju: s\u00e3o ofertadas 801 vagas em diversos cargos!\",\"isPartOf\":{\"@id\":\"https:\/\/www.estrategiaconcursos.com.br\/blog\/#website\"},\"primaryImageOfPage\":{\"@id\":\"https:\/\/www.estrategiaconcursos.com.br\/blog\/concurso-moju-edital-publicado\/#primaryimage\"},\"image\":{\"@id\":\"https:\/\/www.estrategiaconcursos.com.br\/blog\/concurso-moju-edital-publicado\/#primaryimage\"},\"thumbnailUrl\":\"https:\/\/dhg1h5j42swfq.cloudfront.net\/2022\/09\/30112930\/moju.jpg\",\"datePublished\":\"2022-09-30T14:25:00+00:00\",\"dateModified\":\"2022-09-30T14:30:34+00:00\",\"description\":\"Edital Moju PA: edital com 801 vagas em diversos cargos e n\u00edveis de escolaridade est\u00e1 com inscri\u00e7\u00f5es encerradas. Provas em novembro!\",\"breadcrumb\":{\"@id\":\"https:\/\/www.estrategiaconcursos.com.br\/blog\/concurso-moju-edital-publicado\/#breadcrumb\"},\"inLanguage\":\"pt-BR\",\"potentialAction\":[{\"@type\":\"ReadAction\",\"target\":[\"https:\/\/www.estrategiaconcursos.com.br\/blog\/concurso-moju-edital-publicado\/\"]}]},{\"@type\":\"ImageObject\",\"inLanguage\":\"pt-BR\",\"@id\":\"https:\/\/www.estrategiaconcursos.com.br\/blog\/concurso-moju-edital-publicado\/#primaryimage\",\"url\":\"https:\/\/dhg1h5j42swfq.cloudfront.net\/2022\/09\/30112930\/moju.jpg\",\"contentUrl\":\"https:\/\/dhg1h5j42swfq.cloudfront.net\/2022\/09\/30112930\/moju.jpg\",\"width\":768,\"height\":432,\"caption\":\"Edital Moju\"},{\"@type\":\"BreadcrumbList\",\"@id\":\"https:\/\/www.estrategiaconcursos.com.br\/blog\/concurso-moju-edital-publicado\/#breadcrumb\",\"itemListElement\":[{\"@type\":\"ListItem\",\"position\":1,\"name\":\"In\u00edcio\",\"item\":\"https:\/\/www.estrategiaconcursos.com.br\/blog\/\"},{\"@type\":\"ListItem\",\"position\":2,\"name\":\"Edital Moju: s\u00e3o ofertadas 801 vagas em diversos cargos!\"}]},{\"@type\":\"WebSite\",\"@id\":\"https:\/\/www.estrategiaconcursos.com.br\/blog\/#website\",\"url\":\"https:\/\/www.estrategiaconcursos.com.br\/blog\/\",\"name\":\"Estrat\u00e9gia Concursos\",\"description\":\"O blog da Estrat\u00e9gia Concursos traz not\u00edcias sobre concursos e artigos de professores oferecendo cursos para concursos (pdf + videaulas) no site.\",\"publisher\":{\"@id\":\"https:\/\/www.estrategiaconcursos.com.br\/blog\/#organization\"},\"potentialAction\":[{\"@type\":\"SearchAction\",\"target\":{\"@type\":\"EntryPoint\",\"urlTemplate\":\"https:\/\/www.estrategiaconcursos.com.br\/blog\/?s={search_term_string}\"},\"query-input\":{\"@type\":\"PropertyValueSpecification\",\"valueRequired\":true,\"valueName\":\"search_term_string\"}}],\"inLanguage\":\"pt-BR\"},{\"@type\":\"Organization\",\"@id\":\"https:\/\/www.estrategiaconcursos.com.br\/blog\/#organization\",\"name\":\"Estrat\u00e9gia Concursos\",\"url\":\"https:\/\/www.estrategiaconcursos.com.br\/blog\/\",\"logo\":{\"@type\":\"ImageObject\",\"inLanguage\":\"pt-BR\",\"@id\":\"https:\/\/www.estrategiaconcursos.com.br\/blog\/#\/schema\/logo\/image\/\",\"url\":\"https:\/\/dhg1h5j42swfq.cloudfront.net\/2025\/06\/03203428\/logo_concursos-1.jpg\",\"contentUrl\":\"https:\/\/dhg1h5j42swfq.cloudfront.net\/2025\/06\/03203428\/logo_concursos-1.jpg\",\"width\":230,\"height\":60,\"caption\":\"Estrat\u00e9gia Concursos\"},\"image\":{\"@id\":\"https:\/\/www.estrategiaconcursos.com.br\/blog\/#\/schema\/logo\/image\/\"},\"sameAs\":[\"https:\/\/x.com\/EstratConcursos\"]},{\"@type\":\"Person\",\"@id\":\"https:\/\/www.estrategiaconcursos.com.br\/blog\/#\/schema\/person\/e3b6b7ce0192dd4ad270655969d61750\",\"name\":\"F\u00e1bio Scaldelai\",\"image\":{\"@type\":\"ImageObject\",\"inLanguage\":\"pt-BR\",\"@id\":\"https:\/\/secure.gravatar.com\/avatar\/8ed7492c4d88d8495bc0cb24cda6847b8ae23eec459a919e08e77d0ca0fd79ec?s=96&d=mm&r=g\",\"url\":\"https:\/\/secure.gravatar.com\/avatar\/8ed7492c4d88d8495bc0cb24cda6847b8ae23eec459a919e08e77d0ca0fd79ec?s=96&d=mm&r=g\",\"contentUrl\":\"https:\/\/secure.gravatar.com\/avatar\/8ed7492c4d88d8495bc0cb24cda6847b8ae23eec459a919e08e77d0ca0fd79ec?s=96&d=mm&r=g\",\"caption\":\"F\u00e1bio Scaldelai\"},\"description\":\"Jornalista no Estrat\u00e9gia Concursos e Produtor de Televis\u00e3o, formado em Jornalismo, R\u00e1dio e TV pela Faculdade Integrada Rio Branco, com especializa\u00e7\u00f5es em Gest\u00e3o Empresarial e Marketing pelo M\u00f3dulo. Atuou como produtor no SBT, TV Bandeirantes e R\u00e1dio Band FM, al\u00e9m de acumular tr\u00eas anos de experi\u00eancia no setor de concursos p\u00fablicos pela LFG (Luiz Fl\u00e1vio Gomes). No Estrat\u00e9gia Concursos, atua na apura\u00e7\u00e3o de not\u00edcias da \u00e1rea fiscal, al\u00e9m de coberturas sobre concursos das \u00e1reas de controle (TCU, TCE, etc), concurso AFT, \u00e1rea de gest\u00e3o e administrativa, bem como dos \u00f3rg\u00e3os participantes do CNU. Tamb\u00e9m possui experi\u00eancia em link building e an\u00e1lise de m\u00eddia, adquirida durante sua atua\u00e7\u00e3o na ag\u00eancia SEO Marketing.\",\"url\":\"https:\/\/www.estrategiaconcursos.com.br\/blog\/author\/fabio-scaldelaiestrategiaconcursos-com-br\/\"}]}<\/script>\n<!-- \/ Yoast SEO Premium plugin. -->","yoast_head_json":{"title":"Edital Moju: s\u00e3o ofertadas 801 vagas em diversos cargos!","description":"Edital Moju PA: edital com 801 vagas em diversos cargos e n\u00edveis de escolaridade est\u00e1 com inscri\u00e7\u00f5es encerradas. Provas em novembro!","robots":{"index":"index","follow":"follow","max-snippet":"max-snippet:-1","max-image-preview":"max-image-preview:large","max-video-preview":"max-video-preview:-1"},"canonical":"https:\/\/www.estrategiaconcursos.com.br\/blog\/concurso-moju-edital-publicado\/","og_locale":"pt_BR","og_type":"article","og_title":"Edital Moju: s\u00e3o ofertadas 801 vagas em diversos cargos!","og_description":"Edital Moju PA: edital com 801 vagas em diversos cargos e n\u00edveis de escolaridade est\u00e1 com inscri\u00e7\u00f5es encerradas. Provas em novembro!","og_url":"https:\/\/www.estrategiaconcursos.com.br\/blog\/concurso-moju-edital-publicado\/","og_site_name":"Estrat\u00e9gia Concursos","article_published_time":"2022-09-30T14:25:00+00:00","article_modified_time":"2022-09-30T14:30:34+00:00","og_image":[{"width":768,"height":432,"url":"https:\/\/dhg1h5j42swfq.cloudfront.net\/2022\/09\/30112930\/moju.jpg","type":"image\/jpeg"}],"author":"F\u00e1bio Scaldelai","twitter_card":"summary_large_image","twitter_creator":"@EstratConcursos","twitter_site":"@EstratConcursos","twitter_misc":{"Escrito por":"F\u00e1bio Scaldelai","Est. tempo de leitura":"3 minutos"},"schema":{"@context":"https:\/\/schema.org","@graph":[{"@type":"NewsArticle","@id":"https:\/\/www.estrategiaconcursos.com.br\/blog\/concurso-moju-edital-publicado\/#article","isPartOf":{"@id":"https:\/\/www.estrategiaconcursos.com.br\/blog\/concurso-moju-edital-publicado\/"},"author":{"name":"F\u00e1bio Scaldelai","@id":"https:\/\/www.estrategiaconcursos.com.br\/blog\/#\/schema\/person\/e3b6b7ce0192dd4ad270655969d61750"},"headline":"Edital Moju: s\u00e3o ofertadas 801 vagas em diversos cargos!","datePublished":"2022-09-30T14:25:00+00:00","dateModified":"2022-09-30T14:30:34+00:00","mainEntityOfPage":{"@id":"https:\/\/www.estrategiaconcursos.com.br\/blog\/concurso-moju-edital-publicado\/"},"wordCount":719,"commentCount":0,"publisher":{"@id":"https:\/\/www.estrategiaconcursos.com.br\/blog\/#organization"},"image":{"@id":"https:\/\/www.estrategiaconcursos.com.br\/blog\/concurso-moju-edital-publicado\/#primaryimage"},"thumbnailUrl":"https:\/\/dhg1h5j42swfq.cloudfront.net\/2022\/09\/30112930\/moju.jpg","articleSection":["Executivo (Administrativa)","\u00daltimas not\u00edcias"],"inLanguage":"pt-BR","potentialAction":[{"@type":"CommentAction","name":"Comment","target":["https:\/\/www.estrategiaconcursos.com.br\/blog\/concurso-moju-edital-publicado\/#respond"]}],"copyrightYear":"2022","copyrightHolder":{"@id":"https:\/\/www.estrategiaconcursos.com.br\/blog\/#organization"}},{"@type":"WebPage","@id":"https:\/\/www.estrategiaconcursos.com.br\/blog\/concurso-moju-edital-publicado\/","url":"https:\/\/www.estrategiaconcursos.com.br\/blog\/concurso-moju-edital-publicado\/","name":"Edital Moju: s\u00e3o ofertadas 801 vagas em diversos cargos!","isPartOf":{"@id":"https:\/\/www.estrategiaconcursos.com.br\/blog\/#website"},"primaryImageOfPage":{"@id":"https:\/\/www.estrategiaconcursos.com.br\/blog\/concurso-moju-edital-publicado\/#primaryimage"},"image":{"@id":"https:\/\/www.estrategiaconcursos.com.br\/blog\/concurso-moju-edital-publicado\/#primaryimage"},"thumbnailUrl":"https:\/\/dhg1h5j42swfq.cloudfront.net\/2022\/09\/30112930\/moju.jpg","datePublished":"2022-09-30T14:25:00+00:00","dateModified":"2022-09-30T14:30:34+00:00","description":"Edital Moju PA: edital com 801 vagas em diversos cargos e n\u00edveis de escolaridade est\u00e1 com inscri\u00e7\u00f5es encerradas. Provas em novembro!","breadcrumb":{"@id":"https:\/\/www.estrategiaconcursos.com.br\/blog\/concurso-moju-edital-publicado\/#breadcrumb"},"inLanguage":"pt-BR","potentialAction":[{"@type":"ReadAction","target":["https:\/\/www.estrategiaconcursos.com.br\/blog\/concurso-moju-edital-publicado\/"]}]},{"@type":"ImageObject","inLanguage":"pt-BR","@id":"https:\/\/www.estrategiaconcursos.com.br\/blog\/concurso-moju-edital-publicado\/#primaryimage","url":"https:\/\/dhg1h5j42swfq.cloudfront.net\/2022\/09\/30112930\/moju.jpg","contentUrl":"https:\/\/dhg1h5j42swfq.cloudfront.net\/2022\/09\/30112930\/moju.jpg","width":768,"height":432,"caption":"Edital Moju"},{"@type":"BreadcrumbList","@id":"https:\/\/www.estrategiaconcursos.com.br\/blog\/concurso-moju-edital-publicado\/#breadcrumb","itemListElement":[{"@type":"ListItem","position":1,"name":"In\u00edcio","item":"https:\/\/www.estrategiaconcursos.com.br\/blog\/"},{"@type":"ListItem","position":2,"name":"Edital Moju: s\u00e3o ofertadas 801 vagas em diversos cargos!"}]},{"@type":"WebSite","@id":"https:\/\/www.estrategiaconcursos.com.br\/blog\/#website","url":"https:\/\/www.estrategiaconcursos.com.br\/blog\/","name":"Estrat\u00e9gia Concursos","description":"O blog da Estrat\u00e9gia Concursos traz not\u00edcias sobre concursos e artigos de professores oferecendo cursos para concursos (pdf + videaulas) no site.","publisher":{"@id":"https:\/\/www.estrategiaconcursos.com.br\/blog\/#organization"},"potentialAction":[{"@type":"SearchAction","target":{"@type":"EntryPoint","urlTemplate":"https:\/\/www.estrategiaconcursos.com.br\/blog\/?s={search_term_string}"},"query-input":{"@type":"PropertyValueSpecification","valueRequired":true,"valueName":"search_term_string"}}],"inLanguage":"pt-BR"},{"@type":"Organization","@id":"https:\/\/www.estrategiaconcursos.com.br\/blog\/#organization","name":"Estrat\u00e9gia Concursos","url":"https:\/\/www.estrategiaconcursos.com.br\/blog\/","logo":{"@type":"ImageObject","inLanguage":"pt-BR","@id":"https:\/\/www.estrategiaconcursos.com.br\/blog\/#\/schema\/logo\/image\/","url":"https:\/\/dhg1h5j42swfq.cloudfront.net\/2025\/06\/03203428\/logo_concursos-1.jpg","contentUrl":"https:\/\/dhg1h5j42swfq.cloudfront.net\/2025\/06\/03203428\/logo_concursos-1.jpg","width":230,"height":60,"caption":"Estrat\u00e9gia Concursos"},"image":{"@id":"https:\/\/www.estrategiaconcursos.com.br\/blog\/#\/schema\/logo\/image\/"},"sameAs":["https:\/\/x.com\/EstratConcursos"]},{"@type":"Person","@id":"https:\/\/www.estrategiaconcursos.com.br\/blog\/#\/schema\/person\/e3b6b7ce0192dd4ad270655969d61750","name":"F\u00e1bio Scaldelai","image":{"@type":"ImageObject","inLanguage":"pt-BR","@id":"https:\/\/secure.gravatar.com\/avatar\/8ed7492c4d88d8495bc0cb24cda6847b8ae23eec459a919e08e77d0ca0fd79ec?s=96&d=mm&r=g","url":"https:\/\/secure.gravatar.com\/avatar\/8ed7492c4d88d8495bc0cb24cda6847b8ae23eec459a919e08e77d0ca0fd79ec?s=96&d=mm&r=g","contentUrl":"https:\/\/secure.gravatar.com\/avatar\/8ed7492c4d88d8495bc0cb24cda6847b8ae23eec459a919e08e77d0ca0fd79ec?s=96&d=mm&r=g","caption":"F\u00e1bio Scaldelai"},"description":"Jornalista no Estrat\u00e9gia Concursos e Produtor de Televis\u00e3o, formado em Jornalismo, R\u00e1dio e TV pela Faculdade Integrada Rio Branco, com especializa\u00e7\u00f5es em Gest\u00e3o Empresarial e Marketing pelo M\u00f3dulo. Atuou como produtor no SBT, TV Bandeirantes e R\u00e1dio Band FM, al\u00e9m de acumular tr\u00eas anos de experi\u00eancia no setor de concursos p\u00fablicos pela LFG (Luiz Fl\u00e1vio Gomes). No Estrat\u00e9gia Concursos, atua na apura\u00e7\u00e3o de not\u00edcias da \u00e1rea fiscal, al\u00e9m de coberturas sobre concursos das \u00e1reas de controle (TCU, TCE, etc), concurso AFT, \u00e1rea de gest\u00e3o e administrativa, bem como dos \u00f3rg\u00e3os participantes do CNU. Tamb\u00e9m possui experi\u00eancia em link building e an\u00e1lise de m\u00eddia, adquirida durante sua atua\u00e7\u00e3o na ag\u00eancia SEO Marketing.","url":"https:\/\/www.estrategiaconcursos.com.br\/blog\/author\/fabio-scaldelaiestrategiaconcursos-com-br\/"}]}},"_links":{"self":[{"href":"https:\/\/www.estrategiaconcursos.com.br\/blog\/wp-json\/wp\/v2\/posts\/1088294","targetHints":{"allow":["GET"]}}],"collection":[{"href":"https:\/\/www.estrategiaconcursos.com.br\/blog\/wp-json\/wp\/v2\/posts"}],"about":[{"href":"https:\/\/www.estrategiaconcursos.com.br\/blog\/wp-json\/wp\/v2\/types\/post"}],"author":[{"embeddable":true,"href":"https:\/\/www.estrategiaconcursos.com.br\/blog\/wp-json\/wp\/v2\/users\/656"}],"replies":[{"embeddable":true,"href":"https:\/\/www.estrategiaconcursos.com.br\/blog\/wp-json\/wp\/v2\/comments?post=1088294"}],"version-history":[{"count":9,"href":"https:\/\/www.estrategiaconcursos.com.br\/blog\/wp-json\/wp\/v2\/posts\/1088294\/revisions"}],"predecessor-version":[{"id":1103145,"href":"https:\/\/www.estrategiaconcursos.com.br\/blog\/wp-json\/wp\/v2\/posts\/1088294\/revisions\/1103145"}],"wp:featuredmedia":[{"embeddable":true,"href":"https:\/\/www.estrategiaconcursos.com.br\/blog\/wp-json\/wp\/v2\/media\/1103143"}],"wp:attachment":[{"href":"https:\/\/www.estrategiaconcursos.com.br\/blog\/wp-json\/wp\/v2\/media?parent=1088294"}],"wp:term":[{"taxonomy":"category","embeddable":true,"href":"https:\/\/www.estrategiaconcursos.com.br\/blog\/wp-json\/wp\/v2\/categories?post=1088294"},{"taxonomy":"post_tag","embeddable":true,"href":"https:\/\/www.estrategiaconcursos.com.br\/blog\/wp-json\/wp\/v2\/tags?post=1088294"},{"taxonomy":"tax_estado","embeddable":true,"href":"https:\/\/www.estrategiaconcursos.com.br\/blog\/wp-json\/wp\/v2\/tax_estado?post=1088294"}],"curies":[{"name":"wp","href":"https:\/\/api.w.org\/{rel}","templated":true}]}}