{"id":1087727,"date":"2022-09-01T18:00:00","date_gmt":"2022-09-01T21:00:00","guid":{"rendered":"https:\/\/www.estrategiaconcursos.com.br\/blog\/?p=1087727"},"modified":"2022-09-05T11:18:14","modified_gmt":"2022-09-05T14:18:14","slug":"concurso-publico-editais-publicados-10-09-22","status":"publish","type":"post","link":"https:\/\/www.estrategiaconcursos.com.br\/blog\/concurso-publico-editais-publicados-10-09-22\/","title":{"rendered":"Concurso P\u00fablico: 7 editais publicados HOJE (01\/09)"},"content":{"rendered":"\n<p>Setembro come\u00e7ando j\u00e1 com a publica\u00e7\u00e3o de <strong>sete novos editais <\/strong>de concurso p\u00fablico, com vagas para os estados do Alagoas, Minas Gerais, Paran\u00e1, Rio de Janeiro e S\u00e3o Paulo.<\/p>\n\n\n\n<p>Junto, ofertam <strong>179 vagas<\/strong> imediatas mais forma\u00e7\u00f5es de cadastro reserva para cargos em todas as escolaridades. J\u00e1 as remunera\u00e7\u00f5es iniciais variam entre R$ 1.502,27 e R$ 13.156,59.<\/p>\n\n\n\n<p>Confira os principais detalhes das sele\u00e7\u00f5es abertas no dia de <strong>HOJE<\/strong>, como <a href=\"https:\/\/www.estrategiaconcursos.com.br\/blog\/concursos-abertos\/\" target=\"_blank\" rel=\"noreferrer noopener\">data de inscri\u00e7\u00e3o<\/a> e de aplica\u00e7\u00e3o da prova, banca organizadora, cursos e muito mais!!!<\/p>\n\n\n\n<div class=\"container\" id=\"boxes\">\n  <div class=\"row\">\n\n    <div class=\"col-sm\">\n      <div class=\"banner-estrategia\" id=\"box-assinatura\">\n        <h3 class=\"titulo-assinatura\">Cursos para concursos<\/h3>\n        <p class=\"subtitulo-assinatura\">Estude conosco<\/p>\n        <div class=\"box-botao\">\n          <a class=\"btn-assinatura\" target=\"_blank\" href=\"https:\/\/www.estrategiaconcursos.com.br\/cursos\/\" role=\"button\" rel=\"noopener noreferrer\">Conhe\u00e7a os cursos<\/a>\n        <\/div>\n      <\/div>\n     \n    <\/div>\n\n  <\/div>\n<\/div>\n\n\n\n<h2 class=\"has-text-align-center has-cyan-bluish-gray-background-color has-background wp-block-heading\" id=\"h-concurso-publico-editais-publicados\">Concurso p\u00fablico &#8211; editais publicados:<\/h2>\n\n\n\n<h3 class=\"wp-block-heading\"><a href=\"https:\/\/www.estrategiaconcursos.com.br\/blog\/concurso-crefito-2-rj\/\" target=\"_blank\" rel=\"noreferrer noopener\">Concurso Crefito 2<\/a> (RJ)<\/h3>\n\n\n\n<ul class=\"wp-block-list\"><li><strong>Banca:<\/strong>&nbsp;<a href=\"https:\/\/portal.iuds.org.br\/edital\/ver\/64\" target=\"_blank\" rel=\"noreferrer noopener\">IUDS<\/a><\/li><li><strong>Per\u00edodo de inscri\u00e7\u00f5es<\/strong>:<strong>&nbsp;<\/strong>at\u00e9 09\/10\/2022<\/li><li><strong>Data da prova:<\/strong> 27\/11\/2022<\/li><li><strong>Vagas:<\/strong>&nbsp;48 + CR<\/li><li><strong>Cargos<\/strong>:&nbsp;V\u00e1rios<\/li><li><strong>Remunera\u00e7\u00e3o<\/strong>: R$ 2.744,65 a R$ 8.429,57<\/li><li><strong>Edital:<\/strong>&nbsp;<a href=\"https:\/\/www.in.gov.br\/web\/dou\/-\/edital-n-1-de-31-de-agosto-de-2022-concurso-publico-para-provimento-de-vagas-e-formacao-de-cadastro-reserva-426322101\" target=\"_blank\" rel=\"noreferrer noopener\">CREFITO 2<\/a><\/li><\/ul>\n\n\n\n<h3 class=\"wp-block-heading\"><a href=\"https:\/\/www.estrategiaconcursos.com.br\/blog\/concurso-avare-sp\/\" target=\"_blank\" rel=\"noreferrer noopener\">Concurso Prefeitura de Avar\u00e9<\/a> (SP)<\/h3>\n\n\n\n<ul class=\"wp-block-list\"><li><strong>Banca:<\/strong>&nbsp;<a href=\"http:\/\/concursos.indepac.org.br:81\/inscricao\/\" target=\"_blank\" rel=\"noreferrer noopener\">INDEPAC<\/a><\/li><li><strong>Per\u00edodo de inscri\u00e7\u00f5es<\/strong>:<strong>&nbsp;<\/strong>05\/09 a 07\/10\/2022<\/li><li><strong>Data da prova:<\/strong> 06\/11\/2022<\/li><li><strong>Vagas:<\/strong>&nbsp;72 + CR<\/li><li><strong>Cargos<\/strong>:&nbsp;V\u00e1rios<\/li><li><strong>Remunera\u00e7\u00e3o<\/strong>: R$ 1.502,27 a R$ 13.156,59<\/li><li><strong>Edital:<\/strong>&nbsp;<a href=\"https:\/\/dhg1h5j42swfq.cloudfront.net\/2022\/09\/01083649\/895.pdf\" target=\"_blank\" rel=\"noreferrer noopener nofollow\">Quadro geral<\/a>&nbsp;|&nbsp;<a href=\"https:\/\/dhg1h5j42swfq.cloudfront.net\/2022\/09\/01083915\/897.pdf\" target=\"_blank\" rel=\"noreferrer noopener nofollow\">Sa\u00fade<\/a>&nbsp;|&nbsp;<a href=\"https:\/\/dhg1h5j42swfq.cloudfront.net\/2022\/09\/01083829\/896-1.pdf\" target=\"_blank\" rel=\"noreferrer noopener nofollow\">Educa\u00e7\u00e3o<\/a><\/li><\/ul>\n\n\n\n<h3 class=\"wp-block-heading\"><a href=\"https:\/\/www.estrategiaconcursos.com.br\/blog\/concurso-guarda-de-colombo\/\" target=\"_blank\" rel=\"noreferrer noopener\">Concurso GCM Colombo<\/a> (PR)<\/h3>\n\n\n\n<ul class=\"wp-block-list\"><li><strong>Banca:<\/strong>&nbsp;<a href=\"https:\/\/servicos.nc.ufpr.br\/PortalNC\/Concurso?concurso=COLOMBO2022\" target=\"_blank\" rel=\"noreferrer noopener\">UFPR<\/a><\/li><li><strong>Per\u00edodo de inscri\u00e7\u00f5es<\/strong>:<strong>&nbsp;<\/strong>at\u00e9 26\/09\/2022<\/li><li><strong>Data da prova:<\/strong> 16\/10\/2022<\/li><li><strong>Vagas:<\/strong>&nbsp;50 + CR<\/li><li><strong>Cargo<\/strong>:&nbsp;Guarda Municipal<\/li><li><strong>Remunera\u00e7\u00e3o<\/strong>: R$ 2.112,28<\/li><li><strong>Edital:<\/strong>&nbsp;<a href=\"https:\/\/dhg1h5j42swfq.cloudfront.net\/2022\/09\/01153342\/concurso-gcm-colombo-pr-5.pdf\" target=\"_blank\" rel=\"noreferrer noopener nofollow\">Edital GCM Colombo<\/a><\/li><\/ul>\n\n\n\n<h3 class=\"wp-block-heading\"><a href=\"https:\/\/www.estrategiaconcursos.com.br\/blog\/concurso-ufv\/\" target=\"_blank\" rel=\"noreferrer noopener\">Concurso UFV<\/a> (MG)<\/h3>\n\n\n\n<ul class=\"wp-block-list\"><li><strong>Banca:<\/strong>&nbsp;<a href=\"https:\/\/pgp.ufv.br\/edital-02-2022\/\" target=\"_blank\" rel=\"noreferrer noopener\">organiza\u00e7\u00e3o pr\u00f3pria<\/a><\/li><li><strong>Per\u00edodo de inscri\u00e7\u00f5es<\/strong>:<strong>&nbsp;<\/strong>06 a 26\/09\/2022<\/li><li><strong>Data da prova:<\/strong> 06\/11\/2022<\/li><li><strong>Vagas:<\/strong>&nbsp;05<\/li><li><strong>Cargos<\/strong>:&nbsp;M\u00e9dico\/Medicina da Fam\u00edlia e Comunidade, M\u00e9dico\/Psiquiatria e Psic\u00f3logo<\/li><li><strong>Remunera\u00e7\u00e3o<\/strong>: R$ 4.180,66<\/li><li><strong>Edital:<\/strong>&nbsp;<a href=\"https:\/\/www.in.gov.br\/en\/web\/dou\/-\/edital-n-2-de-31-de-agosto-de-2022-concurso-publico-426522567\" target=\"_blank\" rel=\"noreferrer noopener\">Edital UFV-MG<\/a><\/li><\/ul>\n\n\n\n<h3 class=\"wp-block-heading\"><a href=\"https:\/\/www.estrategiaconcursos.com.br\/blog\/concurso-ifal\/\" target=\"_blank\" rel=\"noreferrer noopener\">Concurso IFAL<\/a> (AL)<\/h3>\n\n\n\n<ul class=\"wp-block-list\"><li><strong>Banca:<\/strong>&nbsp;<a href=\"https:\/\/concurso.ifal.edu.br\/publico\/concursos\/emandamento\" target=\"_blank\" rel=\"noreferrer noopener\">organiza\u00e7\u00e3o pr\u00f3pria<\/a><\/li><li><strong>Per\u00edodo de inscri\u00e7\u00f5es<\/strong>:<strong>&nbsp;<\/strong>08\/09 a 10\/10\/2022<\/li><li><strong>Data da prova:<\/strong> 08\/01\/2023<\/li><li><strong>Vagas:<\/strong>&nbsp;04<\/li><li><strong>Cargos<\/strong>:&nbsp;Assistente em Administra\u00e7\u00e3o, T\u00e9cnico em Agropecu\u00e1ria, Contador, Engenheiro Civil e Engenheiro Eletricista<\/li><li><strong>Remunera\u00e7\u00e3o<\/strong>: R$ 2.446,96 a R$ 4.180,66<\/li><li><strong>Edital:<\/strong>&nbsp;<a href=\"https:\/\/www.in.gov.br\/web\/dou\/-\/edital-n-127\/ifal-de-31-de-agosto-de-2022-426253283\" target=\"_blank\" rel=\"noreferrer noopener\">Edital IFAL<\/a><\/li><li><a href=\"https:\/\/www.estrategiaconcursos.com.br\/cursosPorConcurso\/ifal-instituto-federal-de-alagoas\/\" target=\"_blank\" rel=\"noreferrer noopener\">Cursos para IFAL<\/a><\/li><\/ul>\n\n\n\n<p class=\"has-text-align-center has-background\" style=\"background-color:#ededed;font-size:clamp(14.642px, 0.915rem + ((1vw - 3.2px) * 0.721), 22px);px\"><strong>Veja tamb\u00e9m: <a href=\"https:\/\/www.estrategiaconcursos.com.br\/blog\/principais-noticias-do-dia\/\" target=\"_blank\" rel=\"noreferrer noopener\">Principais not\u00edcias do dia<\/a><\/strong> <strong>| <a href=\"https:\/\/www.estrategiaconcursos.com.br\/blog\/editais-previstos-setembro-2022\/\" target=\"_blank\" rel=\"noreferrer noopener\">Editais previstos para setembro<\/a><\/strong><\/p>\n\n\n\n<p class=\"has-text-align-center\"><strong>O Estrat\u00e9gia Concursos \u00e9 <a href=\"https:\/\/www.estrategiaconcursos.com.br\/blog\/estrategia-concursos-lider-em-aprovacao-nos-principais-certames\/\" target=\"_blank\" rel=\"noreferrer noopener\">l\u00edder em aprova\u00e7\u00e3o<\/a> nos principais concursos p\u00fablicos do pa\u00eds. Para fazer parte das estat\u00edsticas de aprovados, conhe\u00e7a j\u00e1 os nossos cursos e assinaturas:<\/strong><\/p>\n\n\n\n<div class=\"container\" id=\"boxes\">\n  <div class=\"row\">\n\n    <div class=\"col-sm\">\n      <div class=\"estrategia\" id=\"box-assinatura\">\n        <h3 class=\"titulo-assinatura\">Assinatura Concursos<\/h3>\n        <p class=\"subtitulo-assinatura\">Assinatura de 1 ano ou 2 anos<\/p>\n        <div class=\"box-botao\">\n          <a class=\"btn-assinatura\" target=\"_blank\" href=\"https:\/\/www.estrategiaconcursos.com.br\/assinaturas\/\" role=\"button\" rel=\"noopener noreferrer\">ASSINE AGORA<\/a>\n        <\/div>\n      <\/div><\/div><\/div><\/div>\n\n\n\n<h2 class=\"has-text-align-center wp-block-heading\" id=\"h-quer-saber-tudo-sobre-concursos-previstos-confira-nossos-artigos\">Quer saber tudo sobre concursos previstos?<br \/>Confira nossos artigos!<\/h2>\n\n\n\n<ul class=\"wp-block-list\" id=\"concurso-publico-editais-esta-semana-03-a-07-01\"><li><a href=\"https:\/\/www.estrategiaconcursos.com.br\/blog\/concursos-abertos\/\" target=\"_blank\" rel=\"noreferrer noopener\">Concursos abertos<\/a><\/li><li><a href=\"https:\/\/www.estrategiaconcursos.com.br\/blog\/concursos-2022\/\" target=\"_blank\" rel=\"noreferrer noopener\">Concursos 2022<\/a><\/li><li><a href=\"https:\/\/www.estrategiaconcursos.com.br\/blog\/concursos-2023\/\" target=\"_blank\" rel=\"noreferrer noopener\">Concursos 2023<\/a><\/li><\/ul>\n","protected":false},"excerpt":{"rendered":"<p>Setembro come\u00e7ando j\u00e1 com a publica\u00e7\u00e3o de sete novos editais de concurso p\u00fablico, com vagas para os estados do Alagoas, Minas Gerais, Paran\u00e1, Rio de Janeiro e S\u00e3o Paulo. Junto, ofertam 179 vagas imediatas mais forma\u00e7\u00f5es de cadastro reserva para cargos em todas as escolaridades. J\u00e1 as remunera\u00e7\u00f5es iniciais variam entre R$ 1.502,27 e R$ [&hellip;]<\/p>\n","protected":false},"author":659,"featured_media":834708,"comment_status":"open","ping_status":"closed","sticky":false,"template":"","format":"standard","meta":{"post_tipo":"news","footnotes":""},"categories":[1,220219],"tags":[],"tax_estado":[219965,219974,219981,219982,219989],"class_list":["post-1087727","post","type-post","status-publish","format-standard","has-post-thumbnail","hentry","category-cursos-e-concursos","category-noticias","tax_estado-al","tax_estado-mg","tax_estado-pr","tax_estado-rj","tax_estado-sp"],"acf":[],"yoast_head":"<!-- This site is optimized with the Yoast SEO Premium plugin v27.2 (Yoast SEO v27.2) - https:\/\/yoast.com\/product\/yoast-seo-premium-wordpress\/ -->\n<title>Concurso P\u00fablico: 7 editais publicados HOJE (01\/09)<\/title>\n<meta name=\"description\" content=\"Concurso P\u00fablico 2022: 07 editais sa\u00edram nesta quinta-feira. Confira o n\u00famero de vagas, remunera\u00e7\u00f5es, principais datas e muito mais!\" \/>\n<meta name=\"robots\" content=\"index, follow, max-snippet:-1, max-image-preview:large, max-video-preview:-1\" \/>\n<link rel=\"canonical\" href=\"https:\/\/www.estrategiaconcursos.com.br\/blog\/concurso-publico-editais-publicados-10-09-22\/\" \/>\n<meta property=\"og:locale\" content=\"pt_BR\" \/>\n<meta property=\"og:type\" content=\"article\" \/>\n<meta property=\"og:title\" content=\"Concurso P\u00fablico: 7 editais publicados HOJE (01\/09)\" \/>\n<meta property=\"og:description\" content=\"Concurso P\u00fablico 2022: 07 editais sa\u00edram nesta quinta-feira. Confira o n\u00famero de vagas, remunera\u00e7\u00f5es, principais datas e muito mais!\" \/>\n<meta property=\"og:url\" content=\"https:\/\/www.estrategiaconcursos.com.br\/blog\/concurso-publico-editais-publicados-10-09-22\/\" \/>\n<meta property=\"og:site_name\" content=\"Estrat\u00e9gia Concursos\" \/>\n<meta property=\"article:published_time\" content=\"2022-09-01T21:00:00+00:00\" \/>\n<meta property=\"article:modified_time\" content=\"2022-09-05T14:18:14+00:00\" \/>\n<meta property=\"og:image\" content=\"https:\/\/dhg1h5j42swfq.cloudfront.net\/2021\/08\/12154611\/editais-do-dia.jpg\" \/>\n\t<meta property=\"og:image:width\" content=\"767\" \/>\n\t<meta property=\"og:image:height\" content=\"434\" \/>\n\t<meta property=\"og:image:type\" content=\"image\/jpeg\" \/>\n<meta name=\"author\" content=\"Camila Leite\" \/>\n<meta name=\"twitter:card\" content=\"summary_large_image\" \/>\n<meta name=\"twitter:creator\" content=\"@EstratConcursos\" \/>\n<meta name=\"twitter:site\" content=\"@EstratConcursos\" \/>\n<meta name=\"twitter:label1\" content=\"Escrito por\" \/>\n\t<meta name=\"twitter:data1\" content=\"Camila Leite\" \/>\n\t<meta name=\"twitter:label2\" content=\"Est. tempo de leitura\" \/>\n\t<meta name=\"twitter:data2\" content=\"2 minutos\" \/>\n<script type=\"application\/ld+json\" class=\"yoast-schema-graph\">{\"@context\":\"https:\/\/schema.org\",\"@graph\":[{\"@type\":\"NewsArticle\",\"@id\":\"https:\/\/www.estrategiaconcursos.com.br\/blog\/concurso-publico-editais-publicados-10-09-22\/#article\",\"isPartOf\":{\"@id\":\"https:\/\/www.estrategiaconcursos.com.br\/blog\/concurso-publico-editais-publicados-10-09-22\/\"},\"author\":{\"name\":\"Camila Leite\",\"@id\":\"https:\/\/www.estrategiaconcursos.com.br\/blog\/#\/schema\/person\/84ecdc6eb58d3cf1689bf76c5cd8fb38\"},\"headline\":\"Concurso P\u00fablico: 7 editais publicados HOJE (01\/09)\",\"datePublished\":\"2022-09-01T21:00:00+00:00\",\"dateModified\":\"2022-09-05T14:18:14+00:00\",\"mainEntityOfPage\":{\"@id\":\"https:\/\/www.estrategiaconcursos.com.br\/blog\/concurso-publico-editais-publicados-10-09-22\/\"},\"wordCount\":375,\"commentCount\":0,\"publisher\":{\"@id\":\"https:\/\/www.estrategiaconcursos.com.br\/blog\/#organization\"},\"image\":{\"@id\":\"https:\/\/www.estrategiaconcursos.com.br\/blog\/concurso-publico-editais-publicados-10-09-22\/#primaryimage\"},\"thumbnailUrl\":\"https:\/\/dhg1h5j42swfq.cloudfront.net\/2021\/08\/12154611\/editais-do-dia.jpg\",\"articleSection\":[\"Concursos P\u00fablicos\",\"\u00daltimas not\u00edcias\"],\"inLanguage\":\"pt-BR\",\"potentialAction\":[{\"@type\":\"CommentAction\",\"name\":\"Comment\",\"target\":[\"https:\/\/www.estrategiaconcursos.com.br\/blog\/concurso-publico-editais-publicados-10-09-22\/#respond\"]}],\"copyrightYear\":\"2022\",\"copyrightHolder\":{\"@id\":\"https:\/\/www.estrategiaconcursos.com.br\/blog\/#organization\"}},{\"@type\":\"WebPage\",\"@id\":\"https:\/\/www.estrategiaconcursos.com.br\/blog\/concurso-publico-editais-publicados-10-09-22\/\",\"url\":\"https:\/\/www.estrategiaconcursos.com.br\/blog\/concurso-publico-editais-publicados-10-09-22\/\",\"name\":\"Concurso P\u00fablico: 7 editais publicados HOJE (01\/09)\",\"isPartOf\":{\"@id\":\"https:\/\/www.estrategiaconcursos.com.br\/blog\/#website\"},\"primaryImageOfPage\":{\"@id\":\"https:\/\/www.estrategiaconcursos.com.br\/blog\/concurso-publico-editais-publicados-10-09-22\/#primaryimage\"},\"image\":{\"@id\":\"https:\/\/www.estrategiaconcursos.com.br\/blog\/concurso-publico-editais-publicados-10-09-22\/#primaryimage\"},\"thumbnailUrl\":\"https:\/\/dhg1h5j42swfq.cloudfront.net\/2021\/08\/12154611\/editais-do-dia.jpg\",\"datePublished\":\"2022-09-01T21:00:00+00:00\",\"dateModified\":\"2022-09-05T14:18:14+00:00\",\"description\":\"Concurso P\u00fablico 2022: 07 editais sa\u00edram nesta quinta-feira. Confira o n\u00famero de vagas, remunera\u00e7\u00f5es, principais datas e muito mais!\",\"breadcrumb\":{\"@id\":\"https:\/\/www.estrategiaconcursos.com.br\/blog\/concurso-publico-editais-publicados-10-09-22\/#breadcrumb\"},\"inLanguage\":\"pt-BR\",\"potentialAction\":[{\"@type\":\"ReadAction\",\"target\":[\"https:\/\/www.estrategiaconcursos.com.br\/blog\/concurso-publico-editais-publicados-10-09-22\/\"]}]},{\"@type\":\"ImageObject\",\"inLanguage\":\"pt-BR\",\"@id\":\"https:\/\/www.estrategiaconcursos.com.br\/blog\/concurso-publico-editais-publicados-10-09-22\/#primaryimage\",\"url\":\"https:\/\/dhg1h5j42swfq.cloudfront.net\/2021\/08\/12154611\/editais-do-dia.jpg\",\"contentUrl\":\"https:\/\/dhg1h5j42swfq.cloudfront.net\/2021\/08\/12154611\/editais-do-dia.jpg\",\"width\":767,\"height\":434,\"caption\":\"Editais do dia\"},{\"@type\":\"BreadcrumbList\",\"@id\":\"https:\/\/www.estrategiaconcursos.com.br\/blog\/concurso-publico-editais-publicados-10-09-22\/#breadcrumb\",\"itemListElement\":[{\"@type\":\"ListItem\",\"position\":1,\"name\":\"In\u00edcio\",\"item\":\"https:\/\/www.estrategiaconcursos.com.br\/blog\/\"},{\"@type\":\"ListItem\",\"position\":2,\"name\":\"Concurso P\u00fablico: 7 editais publicados HOJE (01\/09)\"}]},{\"@type\":\"WebSite\",\"@id\":\"https:\/\/www.estrategiaconcursos.com.br\/blog\/#website\",\"url\":\"https:\/\/www.estrategiaconcursos.com.br\/blog\/\",\"name\":\"Estrat\u00e9gia Concursos\",\"description\":\"O blog da Estrat\u00e9gia Concursos traz not\u00edcias sobre concursos e artigos de professores oferecendo cursos para concursos (pdf + videaulas) no site.\",\"publisher\":{\"@id\":\"https:\/\/www.estrategiaconcursos.com.br\/blog\/#organization\"},\"potentialAction\":[{\"@type\":\"SearchAction\",\"target\":{\"@type\":\"EntryPoint\",\"urlTemplate\":\"https:\/\/www.estrategiaconcursos.com.br\/blog\/?s={search_term_string}\"},\"query-input\":{\"@type\":\"PropertyValueSpecification\",\"valueRequired\":true,\"valueName\":\"search_term_string\"}}],\"inLanguage\":\"pt-BR\"},{\"@type\":\"Organization\",\"@id\":\"https:\/\/www.estrategiaconcursos.com.br\/blog\/#organization\",\"name\":\"Estrat\u00e9gia Concursos\",\"url\":\"https:\/\/www.estrategiaconcursos.com.br\/blog\/\",\"logo\":{\"@type\":\"ImageObject\",\"inLanguage\":\"pt-BR\",\"@id\":\"https:\/\/www.estrategiaconcursos.com.br\/blog\/#\/schema\/logo\/image\/\",\"url\":\"https:\/\/dhg1h5j42swfq.cloudfront.net\/2025\/06\/03203428\/logo_concursos-1.jpg\",\"contentUrl\":\"https:\/\/dhg1h5j42swfq.cloudfront.net\/2025\/06\/03203428\/logo_concursos-1.jpg\",\"width\":230,\"height\":60,\"caption\":\"Estrat\u00e9gia Concursos\"},\"image\":{\"@id\":\"https:\/\/www.estrategiaconcursos.com.br\/blog\/#\/schema\/logo\/image\/\"},\"sameAs\":[\"https:\/\/x.com\/EstratConcursos\"]},{\"@type\":\"Person\",\"@id\":\"https:\/\/www.estrategiaconcursos.com.br\/blog\/#\/schema\/person\/84ecdc6eb58d3cf1689bf76c5cd8fb38\",\"name\":\"Camila Leite\",\"image\":{\"@type\":\"ImageObject\",\"inLanguage\":\"pt-BR\",\"@id\":\"https:\/\/secure.gravatar.com\/avatar\/f2f8faef639c8a2bfb7fb909912a56917f4c3a0aed064500168e2fb8ea55cf61?s=96&d=mm&r=g\",\"url\":\"https:\/\/secure.gravatar.com\/avatar\/f2f8faef639c8a2bfb7fb909912a56917f4c3a0aed064500168e2fb8ea55cf61?s=96&d=mm&r=g\",\"contentUrl\":\"https:\/\/secure.gravatar.com\/avatar\/f2f8faef639c8a2bfb7fb909912a56917f4c3a0aed064500168e2fb8ea55cf61?s=96&d=mm&r=g\",\"caption\":\"Camila Leite\"},\"description\":\"Formada em Design Gr\u00e1fico e em Propaganda e Marketing pela UNIP, integra a equipe de jornalismo do Estrat\u00e9gia Concursos desde 2018. Ao longo dos anos, construiu uma s\u00f3lida experi\u00eancia na produ\u00e7\u00e3o de conte\u00fado informativo e relevante para concurseiros. Desde 2020, atua na cobertura das \u00e1reas Fiscal \u2014 com \u00eanfase nas Secretarias de Fazenda (Sefaz) das regi\u00f5es Sul e Sudeste \u2014, al\u00e9m da cobertura de concursos federais, como CNU, Petrobras, CGU, Receita Federal, ag\u00eancias reguladoras (Anvisa, ANAC, entre outras) e INSS. Mant\u00e9m contato direto com os principais \u00f3rg\u00e3os p\u00fablicos, acompanhando editais, atualiza\u00e7\u00f5es e movimenta\u00e7\u00f5es importantes para os candidatos.\",\"sameAs\":[\"https:\/\/www.linkedin.com\/in\/camila-pinheiro-leite-9ba135b6\/\"],\"url\":\"https:\/\/www.estrategiaconcursos.com.br\/blog\/author\/camila-leiteestrategiaconcursos-com-br\/\"}]}<\/script>\n<!-- \/ Yoast SEO Premium plugin. -->","yoast_head_json":{"title":"Concurso P\u00fablico: 7 editais publicados HOJE (01\/09)","description":"Concurso P\u00fablico 2022: 07 editais sa\u00edram nesta quinta-feira. Confira o n\u00famero de vagas, remunera\u00e7\u00f5es, principais datas e muito mais!","robots":{"index":"index","follow":"follow","max-snippet":"max-snippet:-1","max-image-preview":"max-image-preview:large","max-video-preview":"max-video-preview:-1"},"canonical":"https:\/\/www.estrategiaconcursos.com.br\/blog\/concurso-publico-editais-publicados-10-09-22\/","og_locale":"pt_BR","og_type":"article","og_title":"Concurso P\u00fablico: 7 editais publicados HOJE (01\/09)","og_description":"Concurso P\u00fablico 2022: 07 editais sa\u00edram nesta quinta-feira. Confira o n\u00famero de vagas, remunera\u00e7\u00f5es, principais datas e muito mais!","og_url":"https:\/\/www.estrategiaconcursos.com.br\/blog\/concurso-publico-editais-publicados-10-09-22\/","og_site_name":"Estrat\u00e9gia Concursos","article_published_time":"2022-09-01T21:00:00+00:00","article_modified_time":"2022-09-05T14:18:14+00:00","og_image":[{"width":767,"height":434,"url":"https:\/\/dhg1h5j42swfq.cloudfront.net\/2021\/08\/12154611\/editais-do-dia.jpg","type":"image\/jpeg"}],"author":"Camila Leite","twitter_card":"summary_large_image","twitter_creator":"@EstratConcursos","twitter_site":"@EstratConcursos","twitter_misc":{"Escrito por":"Camila Leite","Est. tempo de leitura":"2 minutos"},"schema":{"@context":"https:\/\/schema.org","@graph":[{"@type":"NewsArticle","@id":"https:\/\/www.estrategiaconcursos.com.br\/blog\/concurso-publico-editais-publicados-10-09-22\/#article","isPartOf":{"@id":"https:\/\/www.estrategiaconcursos.com.br\/blog\/concurso-publico-editais-publicados-10-09-22\/"},"author":{"name":"Camila Leite","@id":"https:\/\/www.estrategiaconcursos.com.br\/blog\/#\/schema\/person\/84ecdc6eb58d3cf1689bf76c5cd8fb38"},"headline":"Concurso P\u00fablico: 7 editais publicados HOJE (01\/09)","datePublished":"2022-09-01T21:00:00+00:00","dateModified":"2022-09-05T14:18:14+00:00","mainEntityOfPage":{"@id":"https:\/\/www.estrategiaconcursos.com.br\/blog\/concurso-publico-editais-publicados-10-09-22\/"},"wordCount":375,"commentCount":0,"publisher":{"@id":"https:\/\/www.estrategiaconcursos.com.br\/blog\/#organization"},"image":{"@id":"https:\/\/www.estrategiaconcursos.com.br\/blog\/concurso-publico-editais-publicados-10-09-22\/#primaryimage"},"thumbnailUrl":"https:\/\/dhg1h5j42swfq.cloudfront.net\/2021\/08\/12154611\/editais-do-dia.jpg","articleSection":["Concursos P\u00fablicos","\u00daltimas not\u00edcias"],"inLanguage":"pt-BR","potentialAction":[{"@type":"CommentAction","name":"Comment","target":["https:\/\/www.estrategiaconcursos.com.br\/blog\/concurso-publico-editais-publicados-10-09-22\/#respond"]}],"copyrightYear":"2022","copyrightHolder":{"@id":"https:\/\/www.estrategiaconcursos.com.br\/blog\/#organization"}},{"@type":"WebPage","@id":"https:\/\/www.estrategiaconcursos.com.br\/blog\/concurso-publico-editais-publicados-10-09-22\/","url":"https:\/\/www.estrategiaconcursos.com.br\/blog\/concurso-publico-editais-publicados-10-09-22\/","name":"Concurso P\u00fablico: 7 editais publicados HOJE (01\/09)","isPartOf":{"@id":"https:\/\/www.estrategiaconcursos.com.br\/blog\/#website"},"primaryImageOfPage":{"@id":"https:\/\/www.estrategiaconcursos.com.br\/blog\/concurso-publico-editais-publicados-10-09-22\/#primaryimage"},"image":{"@id":"https:\/\/www.estrategiaconcursos.com.br\/blog\/concurso-publico-editais-publicados-10-09-22\/#primaryimage"},"thumbnailUrl":"https:\/\/dhg1h5j42swfq.cloudfront.net\/2021\/08\/12154611\/editais-do-dia.jpg","datePublished":"2022-09-01T21:00:00+00:00","dateModified":"2022-09-05T14:18:14+00:00","description":"Concurso P\u00fablico 2022: 07 editais sa\u00edram nesta quinta-feira. Confira o n\u00famero de vagas, remunera\u00e7\u00f5es, principais datas e muito mais!","breadcrumb":{"@id":"https:\/\/www.estrategiaconcursos.com.br\/blog\/concurso-publico-editais-publicados-10-09-22\/#breadcrumb"},"inLanguage":"pt-BR","potentialAction":[{"@type":"ReadAction","target":["https:\/\/www.estrategiaconcursos.com.br\/blog\/concurso-publico-editais-publicados-10-09-22\/"]}]},{"@type":"ImageObject","inLanguage":"pt-BR","@id":"https:\/\/www.estrategiaconcursos.com.br\/blog\/concurso-publico-editais-publicados-10-09-22\/#primaryimage","url":"https:\/\/dhg1h5j42swfq.cloudfront.net\/2021\/08\/12154611\/editais-do-dia.jpg","contentUrl":"https:\/\/dhg1h5j42swfq.cloudfront.net\/2021\/08\/12154611\/editais-do-dia.jpg","width":767,"height":434,"caption":"Editais do dia"},{"@type":"BreadcrumbList","@id":"https:\/\/www.estrategiaconcursos.com.br\/blog\/concurso-publico-editais-publicados-10-09-22\/#breadcrumb","itemListElement":[{"@type":"ListItem","position":1,"name":"In\u00edcio","item":"https:\/\/www.estrategiaconcursos.com.br\/blog\/"},{"@type":"ListItem","position":2,"name":"Concurso P\u00fablico: 7 editais publicados HOJE (01\/09)"}]},{"@type":"WebSite","@id":"https:\/\/www.estrategiaconcursos.com.br\/blog\/#website","url":"https:\/\/www.estrategiaconcursos.com.br\/blog\/","name":"Estrat\u00e9gia Concursos","description":"O blog da Estrat\u00e9gia Concursos traz not\u00edcias sobre concursos e artigos de professores oferecendo cursos para concursos (pdf + videaulas) no site.","publisher":{"@id":"https:\/\/www.estrategiaconcursos.com.br\/blog\/#organization"},"potentialAction":[{"@type":"SearchAction","target":{"@type":"EntryPoint","urlTemplate":"https:\/\/www.estrategiaconcursos.com.br\/blog\/?s={search_term_string}"},"query-input":{"@type":"PropertyValueSpecification","valueRequired":true,"valueName":"search_term_string"}}],"inLanguage":"pt-BR"},{"@type":"Organization","@id":"https:\/\/www.estrategiaconcursos.com.br\/blog\/#organization","name":"Estrat\u00e9gia Concursos","url":"https:\/\/www.estrategiaconcursos.com.br\/blog\/","logo":{"@type":"ImageObject","inLanguage":"pt-BR","@id":"https:\/\/www.estrategiaconcursos.com.br\/blog\/#\/schema\/logo\/image\/","url":"https:\/\/dhg1h5j42swfq.cloudfront.net\/2025\/06\/03203428\/logo_concursos-1.jpg","contentUrl":"https:\/\/dhg1h5j42swfq.cloudfront.net\/2025\/06\/03203428\/logo_concursos-1.jpg","width":230,"height":60,"caption":"Estrat\u00e9gia Concursos"},"image":{"@id":"https:\/\/www.estrategiaconcursos.com.br\/blog\/#\/schema\/logo\/image\/"},"sameAs":["https:\/\/x.com\/EstratConcursos"]},{"@type":"Person","@id":"https:\/\/www.estrategiaconcursos.com.br\/blog\/#\/schema\/person\/84ecdc6eb58d3cf1689bf76c5cd8fb38","name":"Camila Leite","image":{"@type":"ImageObject","inLanguage":"pt-BR","@id":"https:\/\/secure.gravatar.com\/avatar\/f2f8faef639c8a2bfb7fb909912a56917f4c3a0aed064500168e2fb8ea55cf61?s=96&d=mm&r=g","url":"https:\/\/secure.gravatar.com\/avatar\/f2f8faef639c8a2bfb7fb909912a56917f4c3a0aed064500168e2fb8ea55cf61?s=96&d=mm&r=g","contentUrl":"https:\/\/secure.gravatar.com\/avatar\/f2f8faef639c8a2bfb7fb909912a56917f4c3a0aed064500168e2fb8ea55cf61?s=96&d=mm&r=g","caption":"Camila Leite"},"description":"Formada em Design Gr\u00e1fico e em Propaganda e Marketing pela UNIP, integra a equipe de jornalismo do Estrat\u00e9gia Concursos desde 2018. Ao longo dos anos, construiu uma s\u00f3lida experi\u00eancia na produ\u00e7\u00e3o de conte\u00fado informativo e relevante para concurseiros. Desde 2020, atua na cobertura das \u00e1reas Fiscal \u2014 com \u00eanfase nas Secretarias de Fazenda (Sefaz) das regi\u00f5es Sul e Sudeste \u2014, al\u00e9m da cobertura de concursos federais, como CNU, Petrobras, CGU, Receita Federal, ag\u00eancias reguladoras (Anvisa, ANAC, entre outras) e INSS. Mant\u00e9m contato direto com os principais \u00f3rg\u00e3os p\u00fablicos, acompanhando editais, atualiza\u00e7\u00f5es e movimenta\u00e7\u00f5es importantes para os candidatos.","sameAs":["https:\/\/www.linkedin.com\/in\/camila-pinheiro-leite-9ba135b6\/"],"url":"https:\/\/www.estrategiaconcursos.com.br\/blog\/author\/camila-leiteestrategiaconcursos-com-br\/"}]}},"_links":{"self":[{"href":"https:\/\/www.estrategiaconcursos.com.br\/blog\/wp-json\/wp\/v2\/posts\/1087727","targetHints":{"allow":["GET"]}}],"collection":[{"href":"https:\/\/www.estrategiaconcursos.com.br\/blog\/wp-json\/wp\/v2\/posts"}],"about":[{"href":"https:\/\/www.estrategiaconcursos.com.br\/blog\/wp-json\/wp\/v2\/types\/post"}],"author":[{"embeddable":true,"href":"https:\/\/www.estrategiaconcursos.com.br\/blog\/wp-json\/wp\/v2\/users\/659"}],"replies":[{"embeddable":true,"href":"https:\/\/www.estrategiaconcursos.com.br\/blog\/wp-json\/wp\/v2\/comments?post=1087727"}],"version-history":[{"count":10,"href":"https:\/\/www.estrategiaconcursos.com.br\/blog\/wp-json\/wp\/v2\/posts\/1087727\/revisions"}],"predecessor-version":[{"id":1087902,"href":"https:\/\/www.estrategiaconcursos.com.br\/blog\/wp-json\/wp\/v2\/posts\/1087727\/revisions\/1087902"}],"wp:featuredmedia":[{"embeddable":true,"href":"https:\/\/www.estrategiaconcursos.com.br\/blog\/wp-json\/wp\/v2\/media\/834708"}],"wp:attachment":[{"href":"https:\/\/www.estrategiaconcursos.com.br\/blog\/wp-json\/wp\/v2\/media?parent=1087727"}],"wp:term":[{"taxonomy":"category","embeddable":true,"href":"https:\/\/www.estrategiaconcursos.com.br\/blog\/wp-json\/wp\/v2\/categories?post=1087727"},{"taxonomy":"post_tag","embeddable":true,"href":"https:\/\/www.estrategiaconcursos.com.br\/blog\/wp-json\/wp\/v2\/tags?post=1087727"},{"taxonomy":"tax_estado","embeddable":true,"href":"https:\/\/www.estrategiaconcursos.com.br\/blog\/wp-json\/wp\/v2\/tax_estado?post=1087727"}],"curies":[{"name":"wp","href":"https:\/\/api.w.org\/{rel}","templated":true}]}}