{"id":1087296,"date":"2026-01-12T19:30:03","date_gmt":"2026-01-12T22:30:03","guid":{"rendered":"https:\/\/www.estrategiaconcursos.com.br\/blog\/?p=1087296"},"modified":"2026-01-13T15:39:43","modified_gmt":"2026-01-13T18:39:43","slug":"concurso-prefeitura-avare","status":"publish","type":"post","link":"https:\/\/www.estrategiaconcursos.com.br\/blog\/concurso-prefeitura-avare\/","title":{"rendered":"Concurso Avar\u00e9 SP: gabaritos s\u00e3o divulgados; confira!"},"content":{"rendered":"\n<p>A <strong><a href=\"https:\/\/www.estrategiaconcursos.com.br\/pesquisa\/?q=Prefeitura+da+Est%C3%A2ncia+Tur%C3%ADstica+de+Avar%C3%A9\" target=\"_blank\" rel=\"noreferrer noopener\">Prefeitura da Est\u00e2ncia Tur\u00edstica de Avar\u00e9<\/a><\/strong>, em S\u00e3o Paulo, est\u00e1 com <strong>tr\u00eas novos editais de concurso publicados<\/strong>. S\u00e3o ofertadas, ao todo, <strong>21 vagas imediatas<\/strong>, mais forma\u00e7\u00e3o de cadastro reserva.<\/p>\n\n\n\n<p>As oportunidades est\u00e3o distribu\u00eddas em diversos cargos de n\u00edveis fundamental, m\u00e9dio, t\u00e9cnico e superior.<\/p>\n\n\n\n<p>Com organiza\u00e7\u00e3o do <strong>Indepac<\/strong>, no entanto, as provas j\u00e1 foram aplicadas no dia <strong>14 de dezembro<\/strong> e <strong>11 de janeiro<\/strong>. Veja os gabaritos:<\/p>\n\n\n\n<ul class=\"wp-block-list\">\n<li><strong>Gabaritos dia 14\/12 &#8211; <a href=\"https:\/\/anexos.cdn.selecao.net.br\/uploads\/815\/concursos\/60\/anexos\/4fabe05e-5107-4857-b12d-487954fd27a5.pdf\" target=\"_blank\" rel=\"noreferrer noopener nofollow\">edital 1<\/a> | <a href=\"https:\/\/anexos.cdn.selecao.net.br\/uploads\/815\/concursos\/61\/anexos\/83b1d87f-a57b-4d25-a404-ae1fdb6f130b.pdf\" target=\"_blank\" rel=\"noreferrer noopener nofollow\">edital 2<\/a><\/strong><\/li>\n\n\n\n<li><strong>Gabaritos dia 11\/01 &#8211; <a href=\"https:\/\/dhg1h5j42swfq.cloudfront.net\/2026\/01\/12192756\/avare.pdf\" target=\"_blank\" rel=\"noreferrer noopener nofollow\">edital 3<\/a><\/strong><\/li>\n<\/ul>\n\n\n\n<p>Aos interessados, recursos ser\u00e3o aceitos durante os dias <strong>13 e 14 de janeiro<\/strong>, diretamente no site da banca organizadora.<\/p>\n\n\n\n<ul class=\"wp-block-list has-very-light-gray-to-cyan-bluish-gray-gradient-background has-background\">\n<li><strong>Prefeitura Municipal da Est\u00e2ncia tur\u00edstica de Avar\u00e9 &#8211; SP <\/strong><\/li>\n\n\n\n<li><strong>Status:<\/strong> provas aplicadas<\/li>\n\n\n\n<li><strong>Banca:<\/strong> <a href=\"https:\/\/indepac.selecao.net.br\/\" target=\"_blank\" rel=\"noreferrer noopener\">INDEPAC<\/a><\/li>\n\n\n\n<li><strong>Vagas:<\/strong> 21 + CR<\/li>\n\n\n\n<li><strong>Sal\u00e1rio inicial:<\/strong> R$ 1.377,76 a R$ 6.236,16<\/li>\n\n\n\n<li><strong>Editais 2025<\/strong>: <a href=\"https:\/\/dhg1h5j42swfq.cloudfront.net\/2025\/10\/17141755\/1-1.pdf\" target=\"_blank\" rel=\"noreferrer noopener nofollow\">Edital 1<\/a> | <a href=\"https:\/\/dhg1h5j42swfq.cloudfront.net\/2025\/10\/17141751\/2-2.pdf\" target=\"_blank\" rel=\"noreferrer noopener nofollow\">Edital 2<\/a> | <a href=\"https:\/\/dhg1h5j42swfq.cloudfront.net\/2025\/10\/17141800\/3.pdf\" target=\"_blank\" rel=\"noreferrer noopener nofollow\">Edital 3<\/a><\/li>\n<\/ul>\n\n\n\n<p>A fim de te deixar sempre bem informado, elaboramos este artigo com as principais informa\u00e7\u00f5es e novidades sobre o concurso de Avar\u00e9 SP. Acompanhe os t\u00f3picos abaixo e n\u00e3o perca nenhum detalhe:<\/p>\n\n\n\n<ul id=\"indice\" class=\"wp-block-list\">\n<li><strong><a href=\"#ret\">Retifica\u00e7\u00f5es<\/a><\/strong><\/li>\n\n\n\n<li><a href=\"#cargos-vagas\"><strong>Cargos e vagas<\/strong><\/a>\n<ul class=\"wp-block-list\">\n<li><a href=\"#1\">Edital 1<\/a><\/li>\n\n\n\n<li><a href=\"#2\">Edital 2<\/a><\/li>\n\n\n\n<li><a href=\"#3\">Edital 3<\/a><\/li>\n<\/ul>\n<\/li>\n\n\n\n<li><a href=\"#etapas\"><strong>Etapas e provas<\/strong><\/a>\n<ul class=\"wp-block-list\">\n<li><a href=\"#objetiva\">Prova objetiva<\/a><\/li>\n\n\n\n<li><a href=\"#titulos\">Prova de T\u00edtulos<\/a><\/li>\n\n\n\n<li><a href=\"#TAF\">Teste de Aptid\u00e3o F\u00edsica<\/a><\/li>\n\n\n\n<li><a href=\"#THE\">Teste de Habilidades Espec\u00edficas<\/a><\/li>\n<\/ul>\n<\/li>\n\n\n\n<li><a href=\"#cursos-assinatura\"><strong>Cursos e assinaturas<\/strong><\/a><\/li>\n\n\n\n<li><a href=\"#ficha\"><strong>Ficha t\u00e9cnica<\/strong><\/a><\/li>\n<\/ul>\n\n\n\n<div class=\"container\" id=\"boxes\">\n  <div class=\"row\">\n\n    <div class=\"col-sm\">\n      <div class=\"banner-prefeituras-ec\" id=\"box-assinatura\">\n        <h2 class=\"titulo-assinatura\">Cursos Pref. Avar\u00e9 SP<\/h2>\n        <p class=\"subtitulo-assinatura\">Conhe\u00e7a os cursos para a sele\u00e7\u00e3o!<\/p>\n        <div class=\"box-botao\">\n          <a class=\"btn-assinatura\" target=\"_blank\" href=\"https:\/\/www.estrategiaconcursos.com.br\/cursosPorConcurso\/prefeitura-municipal-de-avare-sp\/\" role=\"button\" rel=\"noopener noreferrer\">VER CURSOS<\/a>\n        <\/div>\n      <\/div>\n     \n    <\/div>\n\n  <\/div>\n<\/div>\n\n\n\n<h2 class=\"wp-block-heading\" id=\"ret\">Retifica\u00e7\u00f5es do edital<\/h2>\n\n\n\n<ul class=\"wp-block-list\">\n<li><strong>Edital 1 &#8211; <a href=\"https:\/\/dhg1h5j42swfq.cloudfront.net\/2025\/11\/15082009\/1-2.pdf\" target=\"_blank\" rel=\"noreferrer noopener nofollow\">Retifica\u00e7\u00e3o 1<\/a> (07\/11\/2025):<\/strong> exclui-se o cargo de Profissional de Apoio Escolar.<\/li>\n<\/ul>\n\n\n\n<ul class=\"wp-block-list\">\n<li><strong>Edital 3 &#8211; <a href=\"https:\/\/dhg1h5j42swfq.cloudfront.net\/2025\/11\/15082006\/3-1.pdf\" target=\"_blank\" rel=\"noreferrer noopener nofollow\">Retifica\u00e7\u00e3o 1<\/a> (07\/11\/2025):<\/strong> exclui-se o cargo de Cozinheiro.<\/li>\n<\/ul>\n\n\n\n<h2 class=\"wp-block-heading\" id=\"cargos-vagas\">Concurso Avar\u00e9 SP: cargos e vagas<\/h2>\n\n\n\n<p>O concurso Avar\u00e9 SP oferta um total de 21 vagas distribu\u00eddas em tr\u00eas editais, confira abaixo detalhadamente:<\/p>\n\n\n\n<h3 class=\"wp-block-heading\" id=\"1\">Edital 1<\/h3>\n\n\n\n<figure class=\"wp-block-table is-style-stripes\"><table><thead><tr><th class=\"has-text-align-center\" data-align=\"center\">Cargos<\/th><th class=\"has-text-align-center\" data-align=\"center\">Vagas<\/th><th class=\"has-text-align-center\" data-align=\"center\">Sal\u00e1rio<\/th><th class=\"has-text-align-center\" data-align=\"center\">Requisito<\/th><\/tr><\/thead><tbody><tr><td class=\"has-text-align-center\" data-align=\"center\"><s>Profissional de Apoio Escolar<\/s><\/td><td class=\"has-text-align-center\" data-align=\"center\"><s>CR<\/s><\/td><td class=\"has-text-align-center\" data-align=\"center\"><s>R$ 2.212,38<\/s><\/td><td class=\"has-text-align-center\" data-align=\"center\"><s>M\u00e9dio<\/s><\/td><\/tr><tr><td class=\"has-text-align-center\" data-align=\"center\">Assistente Social Escolar<\/td><td class=\"has-text-align-center\" data-align=\"center\">CR<\/td><td class=\"has-text-align-center\" data-align=\"center\">R$ 3.660,37<\/td><td class=\"has-text-align-center\" data-align=\"center\">Superior<\/td><\/tr><tr><td class=\"has-text-align-center\" data-align=\"center\">Coordenador Pedag\u00f3gico<\/td><td class=\"has-text-align-center\" data-align=\"center\">CR<\/td><td class=\"has-text-align-center\" data-align=\"center\">R$ 3.998,49<\/td><td class=\"has-text-align-center\" data-align=\"center\">Superior<\/td><\/tr><tr><td class=\"has-text-align-center\" data-align=\"center\">Diretor de Unidade Educacional<\/td><td class=\"has-text-align-center\" data-align=\"center\">1<\/td><td class=\"has-text-align-center\" data-align=\"center\">R$ 5.502,88<\/td><td class=\"has-text-align-center\" data-align=\"center\">Superior<\/td><\/tr><tr><td class=\"has-text-align-center\" data-align=\"center\">Professor Adjunto<\/td><td class=\"has-text-align-center\" data-align=\"center\">1<\/td><td class=\"has-text-align-center\" data-align=\"center\">R$ 19,08 a<br \/>hora-aula<\/td><td class=\"has-text-align-center\" data-align=\"center\">Superior<\/td><\/tr><tr><td class=\"has-text-align-center\" data-align=\"center\">Professor de Educa\u00e7\u00e3o B\u00e1sica I \u2013 PEB I<\/td><td class=\"has-text-align-center\" data-align=\"center\">1<\/td><td class=\"has-text-align-center\" data-align=\"center\">R$ 22,55 a<br \/>hora-aula<\/td><td class=\"has-text-align-center\" data-align=\"center\">Superior<\/td><\/tr><tr><td class=\"has-text-align-center\" data-align=\"center\">Professor de Educa\u00e7\u00e3o B\u00e1sica II \u2013 PEB II &#8211; <strong><em>v\u00e1rios<\/em><\/strong><\/td><td class=\"has-text-align-center\" data-align=\"center\">4<\/td><td class=\"has-text-align-center\" data-align=\"center\">R$ 22,55 a<br \/>hora-aula<\/td><td class=\"has-text-align-center\" data-align=\"center\">Superior<\/td><\/tr><tr><td class=\"has-text-align-center\" data-align=\"center\">Professor&nbsp;Int\u00e9rprete&nbsp;de LIBRAS<\/td><td class=\"has-text-align-center\" data-align=\"center\">1<\/td><td class=\"has-text-align-center\" data-align=\"center\">R$19,08 a<br \/>hora-aula<\/td><td class=\"has-text-align-center\" data-align=\"center\">Superior<\/td><\/tr><tr><td class=\"has-text-align-center\" data-align=\"center\">Psic\u00f3logo Escolar<\/td><td class=\"has-text-align-center\" data-align=\"center\">CR<\/td><td class=\"has-text-align-center\" data-align=\"center\">R$ 3.660,37<\/td><td class=\"has-text-align-center\" data-align=\"center\">Superior<\/td><\/tr><tr><td class=\"has-text-align-center\" data-align=\"center\">Supervisor de Ensino<\/td><td class=\"has-text-align-center\" data-align=\"center\">CR<\/td><td class=\"has-text-align-center\" data-align=\"center\">R$ 6.236,16<\/td><td class=\"has-text-align-center\" data-align=\"center\">Superior<\/td><\/tr><tr><td class=\"has-text-align-center\" data-align=\"center\">Vice-diretor de Unidade Educacional<\/td><td class=\"has-text-align-center\" data-align=\"center\">CR<\/td><td class=\"has-text-align-center\" data-align=\"center\">R$ 3.998,49<\/td><td class=\"has-text-align-center\" data-align=\"center\">Superior<\/td><\/tr><\/tbody><\/table><\/figure>\n\n\n\n<h3 class=\"wp-block-heading\" id=\"2\">Edital 2<\/h3>\n\n\n\n<figure class=\"wp-block-table is-style-stripes\"><table><thead><tr><th class=\"has-text-align-center\" data-align=\"center\">Cargo<\/th><th class=\"has-text-align-center\" data-align=\"center\">Vagas<\/th><th class=\"has-text-align-center\" data-align=\"center\">Sal\u00e1rio<\/th><th class=\"has-text-align-center\" data-align=\"center\">Requisito<\/th><\/tr><\/thead><tbody><tr><td class=\"has-text-align-center\" data-align=\"center\">Enfermeiro &#8211; PSF<\/td><td class=\"has-text-align-center\" data-align=\"center\">CR<\/td><td class=\"has-text-align-center\" data-align=\"center\">R$ 4.620,23<\/td><td class=\"has-text-align-center\" data-align=\"center\">Superior<\/td><\/tr><\/tbody><\/table><\/figure>\n\n\n\n<h3 class=\"wp-block-heading\" id=\"3\">Edital 3<\/h3>\n\n\n\n<figure class=\"wp-block-table is-style-stripes\"><table><thead><tr><th class=\"has-text-align-center\" data-align=\"center\">Cargos<\/th><th class=\"has-text-align-center\" data-align=\"center\">Vagas<\/th><th class=\"has-text-align-center\" data-align=\"center\">Sal\u00e1rio<\/th><th class=\"has-text-align-center\" data-align=\"center\">Requisitos<\/th><\/tr><\/thead><tbody><tr><td class=\"has-text-align-center\" data-align=\"center\">Borracheiro<\/td><td class=\"has-text-align-center\" data-align=\"center\">CR<\/td><td class=\"has-text-align-center\" data-align=\"center\">R$ 1.687,82<\/td><td class=\"has-text-align-center\" data-align=\"center\">Fundamental<\/td><\/tr><tr><td class=\"has-text-align-center\" data-align=\"center\"><s>Cozinheiro<\/s><\/td><td class=\"has-text-align-center\" data-align=\"center\"><s>CR<\/s><\/td><td class=\"has-text-align-center\" data-align=\"center\"><s>R$ 1.577,38<\/s><\/td><td class=\"has-text-align-center\" data-align=\"center\"><s>Fundamental<\/s><\/td><\/tr><tr><td class=\"has-text-align-center\" data-align=\"center\">Marceneiro<\/td><td class=\"has-text-align-center\" data-align=\"center\">CR<\/td><td class=\"has-text-align-center\" data-align=\"center\">R$ 1.932,39<\/td><td class=\"has-text-align-center\" data-align=\"center\">Fundamental<\/td><\/tr><tr><td class=\"has-text-align-center\" data-align=\"center\">Monitor<\/td><td class=\"has-text-align-center\" data-align=\"center\">CR<\/td><td class=\"has-text-align-center\" data-align=\"center\">R$ 1.474,21<\/td><td class=\"has-text-align-center\" data-align=\"center\">Fundamental<\/td><\/tr><tr><td class=\"has-text-align-center\" data-align=\"center\">Condutor de Ve\u00edculos e Transporte Coletivo<\/td><td class=\"has-text-align-center\" data-align=\"center\">CR<\/td><td class=\"has-text-align-center\" data-align=\"center\">R$ 1.687,82<\/td><td class=\"has-text-align-center\" data-align=\"center\">Fundamental<\/td><\/tr><tr><td class=\"has-text-align-center\" data-align=\"center\">Oficial de Manuten\u00e7\u00e3o e Servi\u00e7os<\/td><td class=\"has-text-align-center\" data-align=\"center\">CR<\/td><td class=\"has-text-align-center\" data-align=\"center\">R$ 1.377,76<\/td><td class=\"has-text-align-center\" data-align=\"center\">Fundamental<\/td><\/tr><tr><td class=\"has-text-align-center\" data-align=\"center\">Pedreiro<\/td><td class=\"has-text-align-center\" data-align=\"center\">CR<\/td><td class=\"has-text-align-center\" data-align=\"center\">R$ 1.805,96<\/td><td class=\"has-text-align-center\" data-align=\"center\">Fundamental<\/td><\/tr><tr><td class=\"has-text-align-center\" data-align=\"center\">Serralheiro<\/td><td class=\"has-text-align-center\" data-align=\"center\">CR<\/td><td class=\"has-text-align-center\" data-align=\"center\">R$ 1.932,39<\/td><td class=\"has-text-align-center\" data-align=\"center\">Fundamental<\/td><\/tr><tr><td class=\"has-text-align-center\" data-align=\"center\">Agente Administrativo<\/td><td class=\"has-text-align-center\" data-align=\"center\">1<\/td><td class=\"has-text-align-center\" data-align=\"center\">R$ 1.805,96<\/td><td class=\"has-text-align-center\" data-align=\"center\">M\u00e9dio<\/td><\/tr><tr><td class=\"has-text-align-center\" data-align=\"center\">Agente de Compras<\/td><td class=\"has-text-align-center\" data-align=\"center\">CR<\/td><td class=\"has-text-align-center\" data-align=\"center\">R$ 2.532,96<\/td><td class=\"has-text-align-center\" data-align=\"center\">M\u00e9dio<\/td><\/tr><tr><td class=\"has-text-align-center\" data-align=\"center\">Agente de Fiscaliza\u00e7\u00e3o<\/td><td class=\"has-text-align-center\" data-align=\"center\">1<\/td><td class=\"has-text-align-center\" data-align=\"center\">R$ 2.067,68<\/td><td class=\"has-text-align-center\" data-align=\"center\">M\u00e9dio<\/td><\/tr><tr><td class=\"has-text-align-center\" data-align=\"center\">Agente de Saneamento e Vetores<\/td><td class=\"has-text-align-center\" data-align=\"center\">2 CR<\/td><td class=\"has-text-align-center\" data-align=\"center\">R$ 1.805,96<\/td><td class=\"has-text-align-center\" data-align=\"center\">M\u00e9dio<\/td><\/tr><tr><td class=\"has-text-align-center\" data-align=\"center\">Almoxarife<\/td><td class=\"has-text-align-center\" data-align=\"center\">CR<\/td><td class=\"has-text-align-center\" data-align=\"center\">R$ 2.067,68<\/td><td class=\"has-text-align-center\" data-align=\"center\">M\u00e9dio<\/td><\/tr><tr><td class=\"has-text-align-center\" data-align=\"center\">Auxiliar Cont\u00e1bil<\/td><td class=\"has-text-align-center\" data-align=\"center\">CR<\/td><td class=\"has-text-align-center\" data-align=\"center\">R$ 2.532,96<\/td><td class=\"has-text-align-center\" data-align=\"center\">M\u00e9dio\/T\u00e9cnico<\/td><\/tr><tr><td class=\"has-text-align-center\" data-align=\"center\">Auxiliar de Farm\u00e1cia<\/td><td class=\"has-text-align-center\" data-align=\"center\">CR<\/td><td class=\"has-text-align-center\" data-align=\"center\">R$ 1.805,96<\/td><td class=\"has-text-align-center\" data-align=\"center\">M\u00e9dio\/T\u00e9cnico<\/td><\/tr><tr><td class=\"has-text-align-center\" data-align=\"center\">Desenhista de Cadastro<\/td><td class=\"has-text-align-center\" data-align=\"center\">CR<\/td><td class=\"has-text-align-center\" data-align=\"center\">R$ 2.067,68<\/td><td class=\"has-text-align-center\" data-align=\"center\">M\u00e9dio\/T\u00e9cnico<\/td><\/tr><tr><td class=\"has-text-align-center\" data-align=\"center\">T\u00e9cnico de Manuten\u00e7\u00e3o em <br \/>Equipamentos de Inform\u00e1tica<\/td><td class=\"has-text-align-center\" data-align=\"center\">CR<\/td><td class=\"has-text-align-center\" data-align=\"center\">R$ 2.532,96<\/td><td class=\"has-text-align-center\" data-align=\"center\">M\u00e9dio\/T\u00e9cnico<\/td><\/tr><tr><td class=\"has-text-align-center\" data-align=\"center\">T\u00e9cnico em Agrimensura<\/td><td class=\"has-text-align-center\" data-align=\"center\">1<\/td><td class=\"has-text-align-center\" data-align=\"center\">R$ 2.532,96<\/td><td class=\"has-text-align-center\" data-align=\"center\">M\u00e9dio\/T\u00e9cnico<\/td><\/tr><tr><td class=\"has-text-align-center\" data-align=\"center\">T\u00e9cnico em Enfermagem<\/td><td class=\"has-text-align-center\" data-align=\"center\">CR<\/td><td class=\"has-text-align-center\" data-align=\"center\">R$ 2.367,26<\/td><td class=\"has-text-align-center\" data-align=\"center\">M\u00e9dio\/T\u00e9cnico<\/td><\/tr><tr><td class=\"has-text-align-center\" data-align=\"center\">Arquiteto<\/td><td class=\"has-text-align-center\" data-align=\"center\">1<\/td><td class=\"has-text-align-center\" data-align=\"center\">R$ 3.660,37<\/td><td class=\"has-text-align-center\" data-align=\"center\">Superior<\/td><\/tr><tr><td class=\"has-text-align-center\" data-align=\"center\">Assistente Social<\/td><td class=\"has-text-align-center\" data-align=\"center\">1<\/td><td class=\"has-text-align-center\" data-align=\"center\">R$ 3.660,37<\/td><td class=\"has-text-align-center\" data-align=\"center\">Superior<\/td><\/tr><tr><td class=\"has-text-align-center\" data-align=\"center\">Auditor Fiscal Tribut\u00e1rio<\/td><td class=\"has-text-align-center\" data-align=\"center\">CR<\/td><td class=\"has-text-align-center\" data-align=\"center\">R$ 3.660,37<\/td><td class=\"has-text-align-center\" data-align=\"center\">Superior<\/td><\/tr><tr><td class=\"has-text-align-center\" data-align=\"center\">Contador<\/td><td class=\"has-text-align-center\" data-align=\"center\">1<\/td><td class=\"has-text-align-center\" data-align=\"center\">R$ 4.575,46<\/td><td class=\"has-text-align-center\" data-align=\"center\">Superior<\/td><\/tr><tr><td class=\"has-text-align-center\" data-align=\"center\">Controlador Interno<\/td><td class=\"has-text-align-center\" data-align=\"center\">1<\/td><td class=\"has-text-align-center\" data-align=\"center\">R$ 5.636,40<\/td><td class=\"has-text-align-center\" data-align=\"center\">Superior<\/td><\/tr><tr><td class=\"has-text-align-center\" data-align=\"center\">Dentista<\/td><td class=\"has-text-align-center\" data-align=\"center\">CR<\/td><td class=\"has-text-align-center\" data-align=\"center\">R$ 3.660,37<\/td><td class=\"has-text-align-center\" data-align=\"center\">Superior<\/td><\/tr><tr><td class=\"has-text-align-center\" data-align=\"center\">Enfermeiro<\/td><td class=\"has-text-align-center\" data-align=\"center\">CR<\/td><td class=\"has-text-align-center\" data-align=\"center\">R$ 3.660,37<\/td><td class=\"has-text-align-center\" data-align=\"center\">Superior<\/td><\/tr><tr><td class=\"has-text-align-center\" data-align=\"center\">Agr\u00f4nomo<\/td><td class=\"has-text-align-center\" data-align=\"center\">CR<\/td><td class=\"has-text-align-center\" data-align=\"center\">R$ 3.660,37<\/td><td class=\"has-text-align-center\" data-align=\"center\">Superior<\/td><\/tr><tr><td class=\"has-text-align-center\" data-align=\"center\">Engenheiro Eletricista<\/td><td class=\"has-text-align-center\" data-align=\"center\">1<\/td><td class=\"has-text-align-center\" data-align=\"center\">R$ 3.660,37<\/td><td class=\"has-text-align-center\" data-align=\"center\">Superior<\/td><\/tr><tr><td class=\"has-text-align-center\" data-align=\"center\">Farmac\u00eautico<\/td><td class=\"has-text-align-center\" data-align=\"center\">CR<\/td><td class=\"has-text-align-center\" data-align=\"center\">R$ 3.660,37<\/td><td class=\"has-text-align-center\" data-align=\"center\">Superior<\/td><\/tr><tr><td class=\"has-text-align-center\" data-align=\"center\">Fisioterapeuta<\/td><td class=\"has-text-align-center\" data-align=\"center\">CR<\/td><td class=\"has-text-align-center\" data-align=\"center\">R$ 3.660,37<\/td><td class=\"has-text-align-center\" data-align=\"center\">Superior<\/td><\/tr><tr><td class=\"has-text-align-center\" data-align=\"center\">Fonoaudi\u00f3logo<\/td><td class=\"has-text-align-center\" data-align=\"center\">1<\/td><td class=\"has-text-align-center\" data-align=\"center\">R$ 3.660,37<\/td><td class=\"has-text-align-center\" data-align=\"center\">Superior<\/td><\/tr><tr><td class=\"has-text-align-center\" data-align=\"center\">M\u00e9dico Cirurgi\u00e3o Geral<\/td><td class=\"has-text-align-center\" data-align=\"center\">CR<\/td><td class=\"has-text-align-center\" data-align=\"center\">R$ 4.575,46<\/td><td class=\"has-text-align-center\" data-align=\"center\">Superior<\/td><\/tr><tr><td class=\"has-text-align-center\" data-align=\"center\">M\u00e9dico Cl\u00ednico Geral<\/td><td class=\"has-text-align-center\" data-align=\"center\">CR<\/td><td class=\"has-text-align-center\" data-align=\"center\">R$ 4.575,46<\/td><td class=\"has-text-align-center\" data-align=\"center\">Superior<\/td><\/tr><tr><td class=\"has-text-align-center\" data-align=\"center\">M\u00e9dico Especialista &#8211; <strong><em>v\u00e1rios<\/em><\/strong><\/td><td class=\"has-text-align-center\" data-align=\"center\">CR<\/td><td class=\"has-text-align-center\" data-align=\"center\">R$ 4.575,46<\/td><td class=\"has-text-align-center\" data-align=\"center\">Superior<\/td><\/tr><tr><td class=\"has-text-align-center\" data-align=\"center\">M\u00e9dico Psiquiatra<br \/>Infantil<\/td><td class=\"has-text-align-center\" data-align=\"center\">1<\/td><td class=\"has-text-align-center\" data-align=\"center\">R$ 4.575,46<\/td><td class=\"has-text-align-center\" data-align=\"center\">Superior<\/td><\/tr><tr><td class=\"has-text-align-center\" data-align=\"center\">Neuropsic\u00f3logo<\/td><td class=\"has-text-align-center\" data-align=\"center\">1<\/td><td class=\"has-text-align-center\" data-align=\"center\">R$ 3.660,37<\/td><td class=\"has-text-align-center\" data-align=\"center\">Superior<\/td><\/tr><tr><td class=\"has-text-align-center\" data-align=\"center\"><a href=\"https:\/\/cj.estrategia.com\/portal\/concurso-pgm-avare-sp\/\" target=\"_blank\" rel=\"noreferrer noopener\">Procurador Jur\u00eddico<\/a><\/td><td class=\"has-text-align-center\" data-align=\"center\">1<\/td><td class=\"has-text-align-center\" data-align=\"center\">R$ 4.980,60<\/td><td class=\"has-text-align-center\" data-align=\"center\">Superior<\/td><\/tr><tr><td class=\"has-text-align-center\" data-align=\"center\">Psic\u00f3logo<\/td><td class=\"has-text-align-center\" data-align=\"center\">1<\/td><td class=\"has-text-align-center\" data-align=\"center\">R$ 3.660,37<\/td><td class=\"has-text-align-center\" data-align=\"center\">Superior<\/td><\/tr><tr><td class=\"has-text-align-center\" data-align=\"center\">Veterin\u00e1rio<\/td><td class=\"has-text-align-center\" data-align=\"center\">CR<\/td><td class=\"has-text-align-center\" data-align=\"center\">R$ 3.660,37<\/td><td class=\"has-text-align-center\" data-align=\"center\">Superior<\/td><\/tr><\/tbody><\/table><\/figure>\n\n\n\n<h2 class=\"wp-block-heading\" id=\"etapas\">Concurso Avar\u00e9 SP: etapas de provas<\/h2>\n\n\n\n<p>Os candidatos ser\u00e3o avaliados a partir das seguintes etapas:<\/p>\n\n\n\n<p><strong>Editais 1 e 2:<\/strong><\/p>\n\n\n\n<ul class=\"wp-block-list\">\n<li><strong>1\u00aa FASE \u2013 Provas Objetivas <\/strong>para todos os cargos \u2013 Eliminat\u00f3ria e Classificat\u00f3ria;<\/li>\n\n\n\n<li><strong>2\u00aa FASE \u2013 Prova de T\u00edtulos<\/strong> somente para os cargos de ensino superior \u2013 Classificat\u00f3ria.<\/li>\n<\/ul>\n\n\n\n<p><strong>Edital 3:<\/strong><\/p>\n\n\n\n<ul class=\"wp-block-list\">\n<li><strong>1\u00aa FASE \u2013 Provas Objetivas<\/strong> para todos os cargos \u2013 Eliminat\u00f3ria e Classificat\u00f3ria;<\/li>\n\n\n\n<li><strong>2\u00aa FASE \u2013 Prova de T\u00edtulos<\/strong> somente para os cargos de ensino superior \u2013 Classificat\u00f3ria;<\/li>\n\n\n\n<li><strong>3\u00aa FASE \u2013 Prova Dissertativa<\/strong> somente para o cargo de Procurador Jur\u00eddico \u2013 Eliminat\u00f3ria e Classificat\u00f3ria;<\/li>\n\n\n\n<li><strong>4\u00aa FASE \u2013 Teste de Aptid\u00e3o F\u00edsica<\/strong> somente para os cargos de cargos de Agente de Fiscaliza\u00e7\u00e3o, Agente de Saneamento e Vetores, Monitor, Cozinheiro e Oficial de Manuten\u00e7\u00e3o e Servi\u00e7os \u2013 Eliminat\u00f3ria;<\/li>\n\n\n\n<li><strong>5\u00aa FASE \u2013 Teste de Habilidades Espec\u00edficas<\/strong> somente para os para os cargos de Borracheiro, Cozinheiro, Condutor de Ve\u00edculos e Transporte Coletivo, Marceneiro, Pedreiro, Serralheiro e T\u00e9cnico de Manuten\u00e7\u00e3o em Equipamentos de Inform\u00e1tica \u2013 Eliminat\u00f3ria.<\/li>\n<\/ul>\n\n\n\n<h3 class=\"wp-block-heading\" id=\"objetiva\">Prova objetiva<\/h3>\n\n\n\n<p>As quest\u00f5es de Conhecimentos B\u00e1sicos e Conhecimentos Espec\u00edficos foram objetivas de m\u00faltipla escolha, com 4 (quatro) alternativas cada, tiveram uma \u00fanica resposta correta.<\/p>\n\n\n\n<p>A etapa foi avaliada na escala de 0 a 100 pontos, sendo considerado habilitado o candidato que obtiver total de pontos igual ou superior a 50.<\/p>\n\n\n\n<figure class=\"wp-block-image aligncenter size-full\"><img loading=\"lazy\" decoding=\"async\" width=\"705\" height=\"298\" src=\"https:\/\/dhg1h5j42swfq.cloudfront.net\/2024\/11\/15171729\/image-218.png\" alt=\"Quadro de prova objetiva do concurso Avar\u00e9 2025\" class=\"wp-image-1657087\" srcset=\"https:\/\/dhg1h5j42swfq.cloudfront.net\/2024\/11\/15171729\/image-218.png 705w, https:\/\/dhg1h5j42swfq.cloudfront.net\/2024\/11\/15171729\/image-218-300x127.png 300w, https:\/\/dhg1h5j42swfq.cloudfront.net\/2024\/11\/15171729\/image-218-150x63.png 150w\" sizes=\"auto, (max-width: 705px) 100vw, 705px\" \/><\/figure>\n\n\n\n<figure class=\"wp-block-image aligncenter size-full\"><img loading=\"lazy\" decoding=\"async\" width=\"701\" height=\"204\" src=\"https:\/\/dhg1h5j42swfq.cloudfront.net\/2024\/11\/15171729\/image-218.png\" alt=\"Quadro de prova objetiva do concurso Avar\u00e9 2025\" class=\"wp-image-1657088\" srcset=\"https:\/\/dhg1h5j42swfq.cloudfront.net\/2024\/11\/15171729\/image-218.png 701w, https:\/\/dhg1h5j42swfq.cloudfront.net\/2024\/11\/15171729\/image-218-300x87.png 300w, https:\/\/dhg1h5j42swfq.cloudfront.net\/2024\/11\/15171729\/image-218-150x44.png 150w\" sizes=\"auto, (max-width: 701px) 100vw, 701px\" \/><\/figure>\n\n\n\n<figure class=\"wp-block-image aligncenter size-full\"><img loading=\"lazy\" decoding=\"async\" width=\"704\" height=\"115\" src=\"https:\/\/dhg1h5j42swfq.cloudfront.net\/2024\/11\/22170127\/2.jpg\" alt=\"Quadro de prova objetiva do concurso Avar\u00e9 2025\" class=\"wp-image-1657099\" srcset=\"https:\/\/dhg1h5j42swfq.cloudfront.net\/2024\/11\/22170127\/2.jpg 704w, https:\/\/dhg1h5j42swfq.cloudfront.net\/2024\/11\/22170127\/2-300x49.jpg 300w, https:\/\/dhg1h5j42swfq.cloudfront.net\/2024\/11\/22170127\/2-150x25.jpg 150w\" sizes=\"auto, (max-width: 704px) 100vw, 704px\" \/><\/figure>\n\n\n\n<figure class=\"wp-block-image aligncenter size-full\"><img loading=\"lazy\" decoding=\"async\" width=\"703\" height=\"824\" src=\"https:\/\/dhg1h5j42swfq.cloudfront.net\/2024\/11\/17145007\/3.jpg\" alt=\"Quadro de prova objetiva do concurso Avar\u00e9 2025\" class=\"wp-image-1657107\" srcset=\"https:\/\/dhg1h5j42swfq.cloudfront.net\/2024\/11\/17145007\/3.jpg 703w, https:\/\/dhg1h5j42swfq.cloudfront.net\/2024\/11\/17145007\/3-256x300.jpg 256w, https:\/\/dhg1h5j42swfq.cloudfront.net\/2024\/11\/17145007\/3-150x176.jpg 150w\" sizes=\"auto, (max-width: 703px) 100vw, 703px\" \/><\/figure>\n\n\n\n<figure class=\"wp-block-image aligncenter size-full\"><img loading=\"lazy\" decoding=\"async\" width=\"701\" height=\"270\" src=\"https:\/\/dhg1h5j42swfq.cloudfront.net\/2024\/11\/17145032\/4-1.jpg\" alt=\"Quadro de prova objetiva do concurso Avar\u00e9 2025\" class=\"wp-image-1657110\" srcset=\"https:\/\/dhg1h5j42swfq.cloudfront.net\/2024\/11\/17145032\/4-1.jpg 701w, https:\/\/dhg1h5j42swfq.cloudfront.net\/2024\/11\/17145032\/4-1-300x116.jpg 300w, https:\/\/dhg1h5j42swfq.cloudfront.net\/2024\/11\/17145032\/4-1-150x58.jpg 150w\" sizes=\"auto, (max-width: 701px) 100vw, 701px\" \/><\/figure>\n\n\n\n<h3 class=\"wp-block-heading\" id=\"titulos\">Prova de t\u00edtulos<\/h3>\n\n\n\n<p>A pontua\u00e7\u00e3o da documenta\u00e7\u00e3o de T\u00edtulos se limitar\u00e1 ao valor m\u00e1ximo de 9 (nove) pontos, sendo considerados somente os documentos constantes nas tabelas a seguir, de acordo com o respectivo cargo p\u00fablico:<\/p>\n\n\n\n<figure class=\"wp-block-image aligncenter size-full\"><img loading=\"lazy\" decoding=\"async\" width=\"704\" height=\"282\" src=\"https:\/\/dhg1h5j42swfq.cloudfront.net\/2024\/11\/02094053\/1.jpg\" alt=\"\" class=\"wp-image-1657096\" srcset=\"https:\/\/dhg1h5j42swfq.cloudfront.net\/2024\/11\/02094053\/1.jpg 704w, https:\/\/dhg1h5j42swfq.cloudfront.net\/2024\/11\/02094053\/1-300x120.jpg 300w, https:\/\/dhg1h5j42swfq.cloudfront.net\/2024\/11\/02094053\/1-150x60.jpg 150w\" sizes=\"auto, (max-width: 704px) 100vw, 704px\" \/><\/figure>\n\n\n\n<h3 class=\"wp-block-heading\" id=\"TAF\">Teste de Aptid\u00e3o F\u00edsica <\/h3>\n\n\n\n<p>O Teste de Aptid\u00e3o F\u00edsica consistir\u00e1 nas seguintes avalia\u00e7\u00f5es de esfor\u00e7os f\u00edsicos:<\/p>\n\n\n\n<ul class=\"wp-block-list\">\n<li>a) Dinamometria Dorsal (For\u00e7a Muscular), Dinamometria Manual e Dinamometria Escapular; e<\/li>\n\n\n\n<li>b) Exerc\u00edcios f\u00edsicos: barra, abdominal, flex\u00e3o de cotovelo e corrida.<\/li>\n<\/ul>\n\n\n\n<h3 class=\"wp-block-heading\" id=\"THE\">Teste de Habilidades Espec\u00edficas<\/h3>\n\n\n\n<p>As provas pr\u00e1ticas buscam aferir a capacidade de adequa\u00e7\u00e3o funcional e situacional do candidato \u00e0s exig\u00eancias e ao desempenho eficiente das atividades.<\/p>\n\n\n\n<hr class=\"wp-block-separator has-css-opacity\"\/>\n\n\n\n<h2 class=\"wp-block-heading has-text-align-center\" id=\"cursos-assinatura\">Quer estudar para o concurso Avar\u00e9 SP?<\/h2>\n\n\n\n<div class=\"container\" id=\"boxes\">\n  <div class=\"row\">\n\n    <div class=\"col-sm\">\n      <div class=\"banner-prefeituras-ec\" id=\"box-assinatura\">\n        <h2 class=\"titulo-assinatura\">Cursos Pref. Avar\u00e9 SP<\/h2>\n        <p class=\"subtitulo-assinatura\">Conhe\u00e7a os cursos para a sele\u00e7\u00e3o!<\/p>\n        <div class=\"box-botao\">\n          <a class=\"btn-assinatura\" target=\"_blank\" href=\"https:\/\/www.estrategiaconcursos.com.br\/cursosPorConcurso\/prefeitura-municipal-de-avare-sp\/\" role=\"button\" rel=\"noopener noreferrer\">VER CURSOS<\/a>\n        <\/div>\n      <\/div>\n     \n    <\/div>\n\n  <\/div>\n<\/div>\n\n\n\n<div class=\"container\" id=\"boxes\">\n  <div class=\"row\">\n\n    <div class=\"col-sm\">\n      <div class=\"estrategia\" id=\"box-assinatura\">\n        <h3 class=\"titulo-assinatura\">Assinatura Concursos<\/h3>\n        <p class=\"subtitulo-assinatura\">Assinatura de 1 ano ou 2 anos<\/p>\n        <div class=\"box-botao\">\n          <a class=\"btn-assinatura\" target=\"_blank\" href=\"https:\/\/www.estrategiaconcursos.com.br\/assinaturas\/\" role=\"button\" rel=\"noopener noreferrer\">ASSINE AGORA<\/a>\n        <\/div>\n      <\/div><\/div><\/div><\/div>\n\n\n\n<h2 class=\"wp-block-heading has-text-align-center\" id=\"h-quer-saber-tudo-sobre-concursos-previstos-confira-nossos-artigos\">Quer saber tudo sobre concursos previstos?<br \/>Confira  nossos artigos!<\/h2>\n\n\n\n<ul class=\"wp-block-list\">\n<li><a href=\"https:\/\/www.estrategiaconcursos.com.br\/blog\/concursos-abertos\/\" target=\"_blank\" rel=\"noreferrer noopener\">Concursos Abertos<\/a><\/li>\n\n\n\n<li><a href=\"https:\/\/www.estrategiaconcursos.com.br\/blog\/concursos-abertos-prefeituras\/\" target=\"_blank\" rel=\"noreferrer noopener\">Concursos Abertos Prefeituras<\/a><\/li>\n\n\n\n<li><a href=\"https:\/\/www.estrategiaconcursos.com.br\/blog\/concursos-prefeituras\/\" target=\"_blank\" rel=\"noreferrer noopener\">Concursos Prefeituras<\/a><\/li>\n\n\n\n<li><a href=\"https:\/\/www.estrategiaconcursos.com.br\/blog\/concursos-2026\/\" target=\"_blank\" rel=\"noreferrer noopener\">Concursos 2026<\/a><\/li>\n<\/ul>\n\n\n\n<figure class=\"wp-block-image size-large is-resized\"><img loading=\"lazy\" decoding=\"async\" width=\"1024\" height=\"632\" src=\"https:\/\/dhg1h5j42swfq.cloudfront.net\/2025\/06\/27101122\/ficha-tecnica-1-1024x632.png\" alt=\"Informa\u00e7\u00f5es do concurso Avar\u00e9 SP\" class=\"wp-image-702728\" style=\"width:269px;height:166px\" srcset=\"https:\/\/dhg1h5j42swfq.cloudfront.net\/2025\/06\/27101122\/ficha-tecnica-1-1024x632.png 1024w, https:\/\/dhg1h5j42swfq.cloudfront.net\/2025\/06\/27101122\/ficha-tecnica-1-300x185.png 300w, https:\/\/dhg1h5j42swfq.cloudfront.net\/2025\/06\/27101122\/ficha-tecnica-1-768x474.png 768w, https:\/\/dhg1h5j42swfq.cloudfront.net\/2025\/06\/27101122\/ficha-tecnica-1-1536x948.png 1536w, https:\/\/dhg1h5j42swfq.cloudfront.net\/2025\/06\/27101122\/ficha-tecnica-1-610x377.png 610w, https:\/\/dhg1h5j42swfq.cloudfront.net\/2025\/06\/27101122\/ficha-tecnica-1.png 1571w\" sizes=\"auto, (max-width: 1024px) 100vw, 1024px\" \/><\/figure>\n\n\n\n<h3 class=\"wp-block-heading\" id=\"ficha\">Informa\u00e7\u00f5es do concurso Avar\u00e9 SP<\/h3>\n\n\n\n<ul class=\"wp-block-list\">\n<li><strong style=\"color: initial;\">Data da prova<\/strong><span style=\"color: initial;\">: <\/span><s>14\/12\/2025 e 11\/01\/2026<\/s><\/li>\n\n\n\n<li><strong>Vagas<\/strong>: 21 + CR<\/li>\n\n\n\n<li><strong>Cargos<\/strong>: diversos<\/li>\n\n\n\n<li><strong>Banca<\/strong>: Indepac<\/li>\n\n\n\n<li><strong>Escolaridade<\/strong>: n\u00edveis fundamental, m\u00e9dio, t\u00e9cnico e superior<\/li>\n\n\n\n<li><strong>Editais 2025<\/strong>: <a href=\"https:\/\/dhg1h5j42swfq.cloudfront.net\/2025\/10\/17141755\/1-1.pdf\" target=\"_blank\" rel=\"noreferrer noopener nofollow\">Edital 1<\/a> | <a href=\"https:\/\/dhg1h5j42swfq.cloudfront.net\/2025\/10\/17141751\/2-2.pdf\" target=\"_blank\" rel=\"noreferrer noopener nofollow\">Edital 2<\/a> | <a href=\"https:\/\/dhg1h5j42swfq.cloudfront.net\/2025\/10\/17141800\/3.pdf\" target=\"_blank\" rel=\"noreferrer noopener nofollow\">Edital 3<\/a><\/li>\n<\/ul>\n","protected":false},"excerpt":{"rendered":"<p>A Prefeitura da Est\u00e2ncia Tur\u00edstica de Avar\u00e9, em S\u00e3o Paulo, est\u00e1 com tr\u00eas novos editais de concurso publicados. S\u00e3o ofertadas, ao todo, 21 vagas imediatas, mais forma\u00e7\u00e3o de cadastro reserva. As oportunidades est\u00e3o distribu\u00eddas em diversos cargos de n\u00edveis fundamental, m\u00e9dio, t\u00e9cnico e superior. Com organiza\u00e7\u00e3o do Indepac, no entanto, as provas j\u00e1 foram aplicadas [&hellip;]<\/p>\n","protected":false},"author":1788,"featured_media":1090140,"comment_status":"open","ping_status":"closed","sticky":false,"template":"","format":"standard","meta":{"post_tipo":"news_page","footnotes":""},"categories":[214992],"tags":[],"tax_estado":[219989],"class_list":["post-1087296","post","type-post","status-publish","format-standard","has-post-thumbnail","hentry","category-concursos-administrativos","tax_estado-sp"],"acf":[],"yoast_head":"<!-- This site is optimized with the Yoast SEO Premium plugin v27.2 (Yoast SEO v27.2) - https:\/\/yoast.com\/product\/yoast-seo-premium-wordpress\/ -->\n<title>Concurso Avar\u00e9 SP: gabaritos s\u00e3o divulgados; confira!<\/title>\n<meta name=\"description\" content=\"Concurso Prefeitura de Avar\u00e9 SP: 3 editais ofertam 21 vagas com sal\u00e1rio que pode chegar a R$ 6 mil. Veja os gabaritos!\" \/>\n<meta name=\"robots\" content=\"index, follow, max-snippet:-1, max-image-preview:large, max-video-preview:-1\" \/>\n<link rel=\"canonical\" href=\"https:\/\/www.estrategiaconcursos.com.br\/blog\/concurso-prefeitura-avare\/\" \/>\n<meta property=\"og:locale\" content=\"pt_BR\" \/>\n<meta property=\"og:type\" content=\"article\" \/>\n<meta property=\"og:title\" content=\"Concurso Avar\u00e9 SP: gabaritos s\u00e3o divulgados; confira!\" \/>\n<meta property=\"og:description\" content=\"Concurso Prefeitura de Avar\u00e9 SP: 3 editais ofertam 21 vagas com sal\u00e1rio que pode chegar a R$ 6 mil. Veja os gabaritos!\" \/>\n<meta property=\"og:url\" content=\"https:\/\/www.estrategiaconcursos.com.br\/blog\/concurso-prefeitura-avare\/\" \/>\n<meta property=\"og:site_name\" content=\"Estrat\u00e9gia Concursos\" \/>\n<meta property=\"article:published_time\" content=\"2026-01-12T22:30:03+00:00\" \/>\n<meta property=\"article:modified_time\" content=\"2026-01-13T18:39:43+00:00\" \/>\n<meta property=\"og:image\" content=\"https:\/\/dhg1h5j42swfq.cloudfront.net\/2022\/09\/06110535\/prefeitura_de_avare.jpg\" \/>\n\t<meta property=\"og:image:width\" content=\"768\" \/>\n\t<meta property=\"og:image:height\" content=\"432\" \/>\n\t<meta property=\"og:image:type\" content=\"image\/jpeg\" \/>\n<meta name=\"author\" content=\"Coordena\u00e7\u00e3o\" \/>\n<meta name=\"twitter:card\" content=\"summary_large_image\" \/>\n<meta name=\"twitter:creator\" content=\"@EstratConcursos\" \/>\n<meta name=\"twitter:site\" content=\"@EstratConcursos\" \/>\n<meta name=\"twitter:label1\" content=\"Escrito por\" \/>\n\t<meta name=\"twitter:data1\" content=\"Coordena\u00e7\u00e3o\" \/>\n\t<meta name=\"twitter:label2\" content=\"Est. tempo de leitura\" \/>\n\t<meta name=\"twitter:data2\" content=\"4 minutos\" \/>\n<script type=\"application\/ld+json\" class=\"yoast-schema-graph\">{\"@context\":\"https:\/\/schema.org\",\"@graph\":[{\"@type\":\"NewsArticle\",\"@id\":\"https:\/\/www.estrategiaconcursos.com.br\/blog\/concurso-prefeitura-avare\/#article\",\"isPartOf\":{\"@id\":\"https:\/\/www.estrategiaconcursos.com.br\/blog\/concurso-prefeitura-avare\/\"},\"author\":{\"name\":\"Coordena\u00e7\u00e3o\",\"@id\":\"https:\/\/www.estrategiaconcursos.com.br\/blog\/#\/schema\/person\/045703eed12dcfcc3fc58d658357c347\"},\"headline\":\"Concurso Avar\u00e9 SP: gabaritos s\u00e3o divulgados; confira!\",\"datePublished\":\"2026-01-12T22:30:03+00:00\",\"dateModified\":\"2026-01-13T18:39:43+00:00\",\"mainEntityOfPage\":{\"@id\":\"https:\/\/www.estrategiaconcursos.com.br\/blog\/concurso-prefeitura-avare\/\"},\"wordCount\":1027,\"commentCount\":0,\"publisher\":{\"@id\":\"https:\/\/www.estrategiaconcursos.com.br\/blog\/#organization\"},\"image\":{\"@id\":\"https:\/\/www.estrategiaconcursos.com.br\/blog\/concurso-prefeitura-avare\/#primaryimage\"},\"thumbnailUrl\":\"https:\/\/dhg1h5j42swfq.cloudfront.net\/2022\/09\/06110535\/prefeitura_de_avare.jpg\",\"articleSection\":[\"Executivo (Administrativa)\"],\"inLanguage\":\"pt-BR\",\"potentialAction\":[{\"@type\":\"CommentAction\",\"name\":\"Comment\",\"target\":[\"https:\/\/www.estrategiaconcursos.com.br\/blog\/concurso-prefeitura-avare\/#respond\"]}],\"copyrightYear\":\"2026\",\"copyrightHolder\":{\"@id\":\"https:\/\/www.estrategiaconcursos.com.br\/blog\/#organization\"}},{\"@type\":\"WebPage\",\"@id\":\"https:\/\/www.estrategiaconcursos.com.br\/blog\/concurso-prefeitura-avare\/\",\"url\":\"https:\/\/www.estrategiaconcursos.com.br\/blog\/concurso-prefeitura-avare\/\",\"name\":\"Concurso Avar\u00e9 SP: gabaritos s\u00e3o divulgados; confira!\",\"isPartOf\":{\"@id\":\"https:\/\/www.estrategiaconcursos.com.br\/blog\/#website\"},\"primaryImageOfPage\":{\"@id\":\"https:\/\/www.estrategiaconcursos.com.br\/blog\/concurso-prefeitura-avare\/#primaryimage\"},\"image\":{\"@id\":\"https:\/\/www.estrategiaconcursos.com.br\/blog\/concurso-prefeitura-avare\/#primaryimage\"},\"thumbnailUrl\":\"https:\/\/dhg1h5j42swfq.cloudfront.net\/2022\/09\/06110535\/prefeitura_de_avare.jpg\",\"datePublished\":\"2026-01-12T22:30:03+00:00\",\"dateModified\":\"2026-01-13T18:39:43+00:00\",\"description\":\"Concurso Prefeitura de Avar\u00e9 SP: 3 editais ofertam 21 vagas com sal\u00e1rio que pode chegar a R$ 6 mil. Veja os gabaritos!\",\"breadcrumb\":{\"@id\":\"https:\/\/www.estrategiaconcursos.com.br\/blog\/concurso-prefeitura-avare\/#breadcrumb\"},\"inLanguage\":\"pt-BR\",\"potentialAction\":[{\"@type\":\"ReadAction\",\"target\":[\"https:\/\/www.estrategiaconcursos.com.br\/blog\/concurso-prefeitura-avare\/\"]}]},{\"@type\":\"ImageObject\",\"inLanguage\":\"pt-BR\",\"@id\":\"https:\/\/www.estrategiaconcursos.com.br\/blog\/concurso-prefeitura-avare\/#primaryimage\",\"url\":\"https:\/\/dhg1h5j42swfq.cloudfront.net\/2022\/09\/06110535\/prefeitura_de_avare.jpg\",\"contentUrl\":\"https:\/\/dhg1h5j42swfq.cloudfront.net\/2022\/09\/06110535\/prefeitura_de_avare.jpg\",\"width\":768,\"height\":432},{\"@type\":\"BreadcrumbList\",\"@id\":\"https:\/\/www.estrategiaconcursos.com.br\/blog\/concurso-prefeitura-avare\/#breadcrumb\",\"itemListElement\":[{\"@type\":\"ListItem\",\"position\":1,\"name\":\"In\u00edcio\",\"item\":\"https:\/\/www.estrategiaconcursos.com.br\/blog\/\"},{\"@type\":\"ListItem\",\"position\":2,\"name\":\"Concurso Avar\u00e9 SP: gabaritos s\u00e3o divulgados; confira!\"}]},{\"@type\":\"WebSite\",\"@id\":\"https:\/\/www.estrategiaconcursos.com.br\/blog\/#website\",\"url\":\"https:\/\/www.estrategiaconcursos.com.br\/blog\/\",\"name\":\"Estrat\u00e9gia Concursos\",\"description\":\"O blog da Estrat\u00e9gia Concursos traz not\u00edcias sobre concursos e artigos de professores oferecendo cursos para concursos (pdf + videaulas) no site.\",\"publisher\":{\"@id\":\"https:\/\/www.estrategiaconcursos.com.br\/blog\/#organization\"},\"potentialAction\":[{\"@type\":\"SearchAction\",\"target\":{\"@type\":\"EntryPoint\",\"urlTemplate\":\"https:\/\/www.estrategiaconcursos.com.br\/blog\/?s={search_term_string}\"},\"query-input\":{\"@type\":\"PropertyValueSpecification\",\"valueRequired\":true,\"valueName\":\"search_term_string\"}}],\"inLanguage\":\"pt-BR\"},{\"@type\":\"Organization\",\"@id\":\"https:\/\/www.estrategiaconcursos.com.br\/blog\/#organization\",\"name\":\"Estrat\u00e9gia Concursos\",\"url\":\"https:\/\/www.estrategiaconcursos.com.br\/blog\/\",\"logo\":{\"@type\":\"ImageObject\",\"inLanguage\":\"pt-BR\",\"@id\":\"https:\/\/www.estrategiaconcursos.com.br\/blog\/#\/schema\/logo\/image\/\",\"url\":\"https:\/\/dhg1h5j42swfq.cloudfront.net\/2025\/06\/03203428\/logo_concursos-1.jpg\",\"contentUrl\":\"https:\/\/dhg1h5j42swfq.cloudfront.net\/2025\/06\/03203428\/logo_concursos-1.jpg\",\"width\":230,\"height\":60,\"caption\":\"Estrat\u00e9gia Concursos\"},\"image\":{\"@id\":\"https:\/\/www.estrategiaconcursos.com.br\/blog\/#\/schema\/logo\/image\/\"},\"sameAs\":[\"https:\/\/x.com\/EstratConcursos\"]},{\"@type\":\"Person\",\"@id\":\"https:\/\/www.estrategiaconcursos.com.br\/blog\/#\/schema\/person\/045703eed12dcfcc3fc58d658357c347\",\"name\":\"Coordena\u00e7\u00e3o\",\"image\":{\"@type\":\"ImageObject\",\"inLanguage\":\"pt-BR\",\"@id\":\"https:\/\/secure.gravatar.com\/avatar\/f3095faeb99f4ee382a251aa279c830bd3f320ce3b5f2b4981bcc67f49efef63?s=96&d=mm&r=g\",\"url\":\"https:\/\/secure.gravatar.com\/avatar\/f3095faeb99f4ee382a251aa279c830bd3f320ce3b5f2b4981bcc67f49efef63?s=96&d=mm&r=g\",\"contentUrl\":\"https:\/\/secure.gravatar.com\/avatar\/f3095faeb99f4ee382a251aa279c830bd3f320ce3b5f2b4981bcc67f49efef63?s=96&d=mm&r=g\",\"caption\":\"Coordena\u00e7\u00e3o\"},\"url\":\"https:\/\/www.estrategiaconcursos.com.br\/blog\/author\/contatoestrategiaconcursos-com-br-2\/\"}]}<\/script>\n<!-- \/ Yoast SEO Premium plugin. -->","yoast_head_json":{"title":"Concurso Avar\u00e9 SP: gabaritos s\u00e3o divulgados; confira!","description":"Concurso Prefeitura de Avar\u00e9 SP: 3 editais ofertam 21 vagas com sal\u00e1rio que pode chegar a R$ 6 mil. Veja os gabaritos!","robots":{"index":"index","follow":"follow","max-snippet":"max-snippet:-1","max-image-preview":"max-image-preview:large","max-video-preview":"max-video-preview:-1"},"canonical":"https:\/\/www.estrategiaconcursos.com.br\/blog\/concurso-prefeitura-avare\/","og_locale":"pt_BR","og_type":"article","og_title":"Concurso Avar\u00e9 SP: gabaritos s\u00e3o divulgados; confira!","og_description":"Concurso Prefeitura de Avar\u00e9 SP: 3 editais ofertam 21 vagas com sal\u00e1rio que pode chegar a R$ 6 mil. Veja os gabaritos!","og_url":"https:\/\/www.estrategiaconcursos.com.br\/blog\/concurso-prefeitura-avare\/","og_site_name":"Estrat\u00e9gia Concursos","article_published_time":"2026-01-12T22:30:03+00:00","article_modified_time":"2026-01-13T18:39:43+00:00","og_image":[{"width":768,"height":432,"url":"https:\/\/dhg1h5j42swfq.cloudfront.net\/2022\/09\/06110535\/prefeitura_de_avare.jpg","type":"image\/jpeg"}],"author":"Coordena\u00e7\u00e3o","twitter_card":"summary_large_image","twitter_creator":"@EstratConcursos","twitter_site":"@EstratConcursos","twitter_misc":{"Escrito por":"Coordena\u00e7\u00e3o","Est. tempo de leitura":"4 minutos"},"schema":{"@context":"https:\/\/schema.org","@graph":[{"@type":"NewsArticle","@id":"https:\/\/www.estrategiaconcursos.com.br\/blog\/concurso-prefeitura-avare\/#article","isPartOf":{"@id":"https:\/\/www.estrategiaconcursos.com.br\/blog\/concurso-prefeitura-avare\/"},"author":{"name":"Coordena\u00e7\u00e3o","@id":"https:\/\/www.estrategiaconcursos.com.br\/blog\/#\/schema\/person\/045703eed12dcfcc3fc58d658357c347"},"headline":"Concurso Avar\u00e9 SP: gabaritos s\u00e3o divulgados; confira!","datePublished":"2026-01-12T22:30:03+00:00","dateModified":"2026-01-13T18:39:43+00:00","mainEntityOfPage":{"@id":"https:\/\/www.estrategiaconcursos.com.br\/blog\/concurso-prefeitura-avare\/"},"wordCount":1027,"commentCount":0,"publisher":{"@id":"https:\/\/www.estrategiaconcursos.com.br\/blog\/#organization"},"image":{"@id":"https:\/\/www.estrategiaconcursos.com.br\/blog\/concurso-prefeitura-avare\/#primaryimage"},"thumbnailUrl":"https:\/\/dhg1h5j42swfq.cloudfront.net\/2022\/09\/06110535\/prefeitura_de_avare.jpg","articleSection":["Executivo (Administrativa)"],"inLanguage":"pt-BR","potentialAction":[{"@type":"CommentAction","name":"Comment","target":["https:\/\/www.estrategiaconcursos.com.br\/blog\/concurso-prefeitura-avare\/#respond"]}],"copyrightYear":"2026","copyrightHolder":{"@id":"https:\/\/www.estrategiaconcursos.com.br\/blog\/#organization"}},{"@type":"WebPage","@id":"https:\/\/www.estrategiaconcursos.com.br\/blog\/concurso-prefeitura-avare\/","url":"https:\/\/www.estrategiaconcursos.com.br\/blog\/concurso-prefeitura-avare\/","name":"Concurso Avar\u00e9 SP: gabaritos s\u00e3o divulgados; confira!","isPartOf":{"@id":"https:\/\/www.estrategiaconcursos.com.br\/blog\/#website"},"primaryImageOfPage":{"@id":"https:\/\/www.estrategiaconcursos.com.br\/blog\/concurso-prefeitura-avare\/#primaryimage"},"image":{"@id":"https:\/\/www.estrategiaconcursos.com.br\/blog\/concurso-prefeitura-avare\/#primaryimage"},"thumbnailUrl":"https:\/\/dhg1h5j42swfq.cloudfront.net\/2022\/09\/06110535\/prefeitura_de_avare.jpg","datePublished":"2026-01-12T22:30:03+00:00","dateModified":"2026-01-13T18:39:43+00:00","description":"Concurso Prefeitura de Avar\u00e9 SP: 3 editais ofertam 21 vagas com sal\u00e1rio que pode chegar a R$ 6 mil. Veja os gabaritos!","breadcrumb":{"@id":"https:\/\/www.estrategiaconcursos.com.br\/blog\/concurso-prefeitura-avare\/#breadcrumb"},"inLanguage":"pt-BR","potentialAction":[{"@type":"ReadAction","target":["https:\/\/www.estrategiaconcursos.com.br\/blog\/concurso-prefeitura-avare\/"]}]},{"@type":"ImageObject","inLanguage":"pt-BR","@id":"https:\/\/www.estrategiaconcursos.com.br\/blog\/concurso-prefeitura-avare\/#primaryimage","url":"https:\/\/dhg1h5j42swfq.cloudfront.net\/2022\/09\/06110535\/prefeitura_de_avare.jpg","contentUrl":"https:\/\/dhg1h5j42swfq.cloudfront.net\/2022\/09\/06110535\/prefeitura_de_avare.jpg","width":768,"height":432},{"@type":"BreadcrumbList","@id":"https:\/\/www.estrategiaconcursos.com.br\/blog\/concurso-prefeitura-avare\/#breadcrumb","itemListElement":[{"@type":"ListItem","position":1,"name":"In\u00edcio","item":"https:\/\/www.estrategiaconcursos.com.br\/blog\/"},{"@type":"ListItem","position":2,"name":"Concurso Avar\u00e9 SP: gabaritos s\u00e3o divulgados; confira!"}]},{"@type":"WebSite","@id":"https:\/\/www.estrategiaconcursos.com.br\/blog\/#website","url":"https:\/\/www.estrategiaconcursos.com.br\/blog\/","name":"Estrat\u00e9gia Concursos","description":"O blog da Estrat\u00e9gia Concursos traz not\u00edcias sobre concursos e artigos de professores oferecendo cursos para concursos (pdf + videaulas) no site.","publisher":{"@id":"https:\/\/www.estrategiaconcursos.com.br\/blog\/#organization"},"potentialAction":[{"@type":"SearchAction","target":{"@type":"EntryPoint","urlTemplate":"https:\/\/www.estrategiaconcursos.com.br\/blog\/?s={search_term_string}"},"query-input":{"@type":"PropertyValueSpecification","valueRequired":true,"valueName":"search_term_string"}}],"inLanguage":"pt-BR"},{"@type":"Organization","@id":"https:\/\/www.estrategiaconcursos.com.br\/blog\/#organization","name":"Estrat\u00e9gia Concursos","url":"https:\/\/www.estrategiaconcursos.com.br\/blog\/","logo":{"@type":"ImageObject","inLanguage":"pt-BR","@id":"https:\/\/www.estrategiaconcursos.com.br\/blog\/#\/schema\/logo\/image\/","url":"https:\/\/dhg1h5j42swfq.cloudfront.net\/2025\/06\/03203428\/logo_concursos-1.jpg","contentUrl":"https:\/\/dhg1h5j42swfq.cloudfront.net\/2025\/06\/03203428\/logo_concursos-1.jpg","width":230,"height":60,"caption":"Estrat\u00e9gia Concursos"},"image":{"@id":"https:\/\/www.estrategiaconcursos.com.br\/blog\/#\/schema\/logo\/image\/"},"sameAs":["https:\/\/x.com\/EstratConcursos"]},{"@type":"Person","@id":"https:\/\/www.estrategiaconcursos.com.br\/blog\/#\/schema\/person\/045703eed12dcfcc3fc58d658357c347","name":"Coordena\u00e7\u00e3o","image":{"@type":"ImageObject","inLanguage":"pt-BR","@id":"https:\/\/secure.gravatar.com\/avatar\/f3095faeb99f4ee382a251aa279c830bd3f320ce3b5f2b4981bcc67f49efef63?s=96&d=mm&r=g","url":"https:\/\/secure.gravatar.com\/avatar\/f3095faeb99f4ee382a251aa279c830bd3f320ce3b5f2b4981bcc67f49efef63?s=96&d=mm&r=g","contentUrl":"https:\/\/secure.gravatar.com\/avatar\/f3095faeb99f4ee382a251aa279c830bd3f320ce3b5f2b4981bcc67f49efef63?s=96&d=mm&r=g","caption":"Coordena\u00e7\u00e3o"},"url":"https:\/\/www.estrategiaconcursos.com.br\/blog\/author\/contatoestrategiaconcursos-com-br-2\/"}]}},"_links":{"self":[{"href":"https:\/\/www.estrategiaconcursos.com.br\/blog\/wp-json\/wp\/v2\/posts\/1087296","targetHints":{"allow":["GET"]}}],"collection":[{"href":"https:\/\/www.estrategiaconcursos.com.br\/blog\/wp-json\/wp\/v2\/posts"}],"about":[{"href":"https:\/\/www.estrategiaconcursos.com.br\/blog\/wp-json\/wp\/v2\/types\/post"}],"author":[{"embeddable":true,"href":"https:\/\/www.estrategiaconcursos.com.br\/blog\/wp-json\/wp\/v2\/users\/1788"}],"replies":[{"embeddable":true,"href":"https:\/\/www.estrategiaconcursos.com.br\/blog\/wp-json\/wp\/v2\/comments?post=1087296"}],"version-history":[{"count":56,"href":"https:\/\/www.estrategiaconcursos.com.br\/blog\/wp-json\/wp\/v2\/posts\/1087296\/revisions"}],"predecessor-version":[{"id":1698799,"href":"https:\/\/www.estrategiaconcursos.com.br\/blog\/wp-json\/wp\/v2\/posts\/1087296\/revisions\/1698799"}],"wp:featuredmedia":[{"embeddable":true,"href":"https:\/\/www.estrategiaconcursos.com.br\/blog\/wp-json\/wp\/v2\/media\/1090140"}],"wp:attachment":[{"href":"https:\/\/www.estrategiaconcursos.com.br\/blog\/wp-json\/wp\/v2\/media?parent=1087296"}],"wp:term":[{"taxonomy":"category","embeddable":true,"href":"https:\/\/www.estrategiaconcursos.com.br\/blog\/wp-json\/wp\/v2\/categories?post=1087296"},{"taxonomy":"post_tag","embeddable":true,"href":"https:\/\/www.estrategiaconcursos.com.br\/blog\/wp-json\/wp\/v2\/tags?post=1087296"},{"taxonomy":"tax_estado","embeddable":true,"href":"https:\/\/www.estrategiaconcursos.com.br\/blog\/wp-json\/wp\/v2\/tax_estado?post=1087296"}],"curies":[{"name":"wp","href":"https:\/\/api.w.org\/{rel}","templated":true}]}}