{"id":1087065,"date":"2022-08-31T17:12:28","date_gmt":"2022-08-31T20:12:28","guid":{"rendered":"https:\/\/www.estrategiaconcursos.com.br\/blog\/?p=1087065"},"modified":"2022-09-08T11:48:32","modified_gmt":"2022-09-08T14:48:32","slug":"concurso-sefaz-ap-provas","status":"publish","type":"post","link":"https:\/\/www.estrategiaconcursos.com.br\/blog\/concurso-sefaz-ap-provas\/","title":{"rendered":"Concurso Sefaz AP: candidatos s\u00e3o convocados para as provas"},"content":{"rendered":"\n<p>Com iniciais de <strong>R$ 22 mil<\/strong>, o concurso Sefaz AP segue para a sua etapa de provas, prevista para ocorrer nos dias 18 e 25 de setembro, na cidade de Macap\u00e1\/AP.<\/p>\n\n\n\n<p>A convoca\u00e7\u00e3o dos candidatos foi publicada no Di\u00e1rio Oficial do Estado desta quarta-feira, 31 de agosto. Portanto, fique atento aos detalhes que vamos trazer no decorrer deste artigo!<\/p>\n\n\n\n<figure class=\"wp-block-image aligncenter size-full\"><img loading=\"lazy\" decoding=\"async\" width=\"730\" height=\"430\" src=\"https:\/\/dhg1h5j42swfq.cloudfront.net\/2022\/08\/31165743\/garota-fazendo-prova-caneta.jpg\" alt=\"Concurso Sefaz AP provas\" class=\"wp-image-1087067\" srcset=\"https:\/\/dhg1h5j42swfq.cloudfront.net\/2022\/08\/31165743\/garota-fazendo-prova-caneta.jpg 730w, https:\/\/dhg1h5j42swfq.cloudfront.net\/2022\/08\/31165743\/garota-fazendo-prova-caneta-300x177.jpg 300w, https:\/\/dhg1h5j42swfq.cloudfront.net\/2022\/08\/31165743\/garota-fazendo-prova-caneta-610x359.jpg 610w, https:\/\/dhg1h5j42swfq.cloudfront.net\/2022\/08\/31165743\/garota-fazendo-prova-caneta-150x88.jpg 150w\" sizes=\"auto, (max-width: 730px) 100vw, 730px\" \/><\/figure>\n\n\n\n<h2 class=\"wp-block-heading\">Concurso Sefaz AP: quando ser\u00e3o as provas para o cargo de Fiscal da Receita?<\/h2>\n\n\n\n<p>As provas para o cargo <strong><a href=\"https:\/\/www.estrategiaconcursos.com.br\/cursosPorConcurso\/secretaria-de-estado-da-fazenda-do-amapa-sefaz-ap\/\" target=\"_blank\" rel=\"noreferrer noopener\">Fiscal da Receita<\/a><\/strong>&nbsp;ser\u00e3o aplicadas no primeiro dia, 18 de setembro. No entanto, a avalia\u00e7\u00e3o ocorrer\u00e1 em dois turnos, sendo eles: manh\u00e3 e tarde. Veja abaixo:<\/p>\n\n\n\n<p class=\"has-medium-font-size\"><strong>Turno manh\u00e3 <\/strong><\/p>\n\n\n\n<ul class=\"wp-block-list\"><li>Provas Objetivas de<strong> Conhecimentos Gerais<\/strong><\/li><li>Hor\u00e1rio de Apresenta\u00e7\u00e3o: 08h00<\/li><li>Hor\u00e1rio de Fechamento dos Port\u00f5es: 08h30min<\/li><\/ul>\n\n\n\n<p class=\"has-medium-font-size\"><strong>Turno tarde<\/strong><\/p>\n\n\n\n<ul class=\"wp-block-list\"><li>Provas Objetivas de <strong>Conhecimentos Espec\u00edficos<\/strong><\/li><li>Hor\u00e1rio de Apresenta\u00e7\u00e3o: 14h00<\/li><li>Hor\u00e1rio de Fechamento dos Port\u00f5es: 14h30min<\/li><\/ul>\n\n\n\n<h2 class=\"wp-block-heading\">Concurso Sefaz AP: quando ser\u00e3o as provas para o cargo de Auditor da Receita?<\/h2>\n\n\n\n<p>As provas para o cargo de <strong><a href=\"https:\/\/www.estrategiaconcursos.com.br\/cursosPorConcurso\/secretaria-de-estado-da-fazenda-do-amapa-sefaz-ap\/\" target=\"_blank\" rel=\"noreferrer noopener\">Auditor da Receita<\/a><\/strong> ser\u00e3o aplicadas no segundo dia, 25 de setembro. Apesar de ser em uma data diferente do cargo de Fiscal, os hor\u00e1rios dos turnos s\u00e3o os mesmos. Confira:<\/p>\n\n\n\n<p class=\"has-medium-font-size\"><strong>Turno manh\u00e3 <\/strong><\/p>\n\n\n\n<ul class=\"wp-block-list\"><li>Provas Objetivas de <strong>Conhecimentos Gerais<\/strong><\/li><li>Hor\u00e1rio de Apresenta\u00e7\u00e3o: 08h00<\/li><li>Hor\u00e1rio de Fechamento dos Port\u00f5es: 08h30min<\/li><\/ul>\n\n\n\n<p class=\"has-medium-font-size\"><strong>Turno tarde <\/strong><\/p>\n\n\n\n<ul class=\"wp-block-list\"><li>Provas Objetivas de <strong>Conhecimentos Espec\u00edficos<\/strong><\/li><li>Hor\u00e1rio de Apresenta\u00e7\u00e3o: 14h00<\/li><li>Hor\u00e1rio de Fechamento dos Port\u00f5es: 14h30min<\/li><\/ul>\n\n\n\n<h2 class=\"wp-block-heading\">Concurso Sefaz AP: como eu fa\u00e7o para realizar a consulta ao meu local de provas?<\/h2>\n\n\n\n<p>O candidato inscrito no concurso Sefaz AP poder\u00e1 realizar a consulta ao seu local de provas atrav\u00e9s do site da banca, a Funda\u00e7\u00e3o Carlos Chagas (FCC). <\/p>\n\n\n\n<ul class=\"wp-block-list\"><li><a href=\"https:\/\/www.concursosfcc.com.br\/concursos\/jsp\/localDeExame\/index.jsp\" target=\"_blank\" rel=\"noreferrer noopener\">Consulte o local de provas<\/a><\/li><\/ul>\n\n\n\n<p>Lembrando que aquele que n\u00e3o receber o Cart\u00e3o Informativo at\u00e9 o 3\u00ba dia que antecede a aplica\u00e7\u00e3o das provas ou havendo d\u00favidas quanto ao local, data e hor\u00e1rio de realiza\u00e7\u00e3o, dever\u00e1 entrar em contato com o Servi\u00e7o de Atendimento ao Candidato \u2013 SAC, pelo telefone (0XX11) 3723-4388. <\/p>\n\n\n\n<h2 class=\"wp-block-heading\">Normas sanit\u00e1rias para realiza\u00e7\u00e3o das provas<\/h2>\n\n\n\n<p>A realiza\u00e7\u00e3o das provas observar\u00e1 as normas sanit\u00e1rias dispostas para o restabelecimento gradual das atividades presenciais pelos \u00f3rg\u00e3os governamentais competentes.<\/p>\n\n\n\n<p>Portanto, recomenda-se que no ingresso e na perman\u00eancia nas depend\u00eancias do local de realiza\u00e7\u00e3o<br \/>das provas os candidatos convocados, evitem aglomera\u00e7\u00f5es e observem:<\/p>\n\n\n\n<ul class=\"wp-block-list\"><li><strong>a) <\/strong>o distanciamento social;<\/li><li><strong>b) <\/strong>as regras de higiene pessoal e etiqueta respirat\u00f3ria (cobrir a boca com o bra\u00e7o ao tossir ou espirrar);<\/li><li><strong>c) <\/strong>o uso de m\u00e1scara individual, cir\u00fargica ou de tecido, de prote\u00e7\u00e3o de nariz e boca;<\/li><li><strong>d) <\/strong>a utiliza\u00e7\u00e3o de \u00e1lcool em gel 70%<\/li><li><strong>e) <\/strong>a utiliza\u00e7\u00e3o de garrafa de \u00e1gua pr\u00f3pria, para uso individual;<\/li><li><strong>f) <\/strong>as orienta\u00e7\u00f5es determinadas por coordenadores e fiscais da Funda\u00e7\u00e3o Carlos Chagas.<\/li><\/ul>\n\n\n\n<p class=\"has-text-align-center\"><em>Para saber mais detalhes acerca das provas do concurso Sefaz AP, basta acessar o artigo exclusivo e muito mais completo que preparamos especialmente para voc\u00ea. <\/em><\/p>\n\n\n\n<p class=\"has-text-align-center has-background\" style=\"background-color:#e5f2fc;font-size:clamp(14.642px, 0.915rem + ((1vw - 3.2px) * 0.721), 22px);\"><strong>Saiba mais: <a href=\"https:\/\/www.estrategiaconcursos.com.br\/blog\/concurso-sefaz-ap\/\" target=\"_blank\" rel=\"noreferrer noopener\">Concurso Sefaz AP<\/a><\/strong><\/p>\n\n\n\n<h2 class=\"has-text-align-center wp-block-heading\" id=\"cursos-assinatura\"><em>Quer estudar para o concurso Sefaz AP?<\/em><\/h2>\n\n\n\n<div class=\"container\" id=\"boxes\">\n  <div class=\"row\">\n\n    <div class=\"col-sm\">\n      <div class=\"banner-fiscal-01\" id=\"box-assinatura\">\n        <h3 class=\"titulo-assinatura\">Concurso Sefaz AP<\/h3>\n        <p class=\"subtitulo-assinatura\">Estude conosco<\/p>\n        <div class=\"box-botao\">\n          <a class=\"btn-assinatura\" target=\"_blank\" href=\"https:\/\/www.estrategiaconcursos.com.br\/cursosPorConcurso\/secretaria-de-estado-da-fazenda-do-amapa-sefaz-ap\/\" role=\"button\" rel=\"noopener noreferrer\">Conhe\u00e7a os cursos<\/a>\n        <\/div>\n      <\/div>\n      \n    <\/div>\n\n  <\/div>\n<\/div>\n\n\n\n<div class=\"container\" id=\"boxes\">\n  <div class=\"row\">\n\n    <div class=\"col-sm\">\n      <div class=\"estrategia\" id=\"box-assinatura\">\n        <h3 class=\"titulo-assinatura\">Assinatura Concursos<\/h3>\n        <p class=\"subtitulo-assinatura\">Assinatura de 1 ano ou 2 anos<\/p>\n        <div class=\"box-botao\">\n          <a class=\"btn-assinatura\" target=\"_blank\" href=\"https:\/\/www.estrategiaconcursos.com.br\/assinaturas\/\" role=\"button\" rel=\"noopener noreferrer\">ASSINE AGORA<\/a>\n        <\/div>\n      <\/div><\/div><\/div><\/div>\n\n\n\n<h2 class=\"has-text-align-center wp-block-heading\" id=\"h-quer-saber-tudo-sobre-concursos-previstos-confira-nossos-artigos\">Quer saber tudo sobre concursos previstos?<br \/>Confira  nossos artigos!<\/h2>\n\n\n\n<ul class=\"wp-block-list\"><li><a href=\"https:\/\/www.estrategiaconcursos.com.br\/blog\/concursos-abertos\/\" target=\"_blank\" rel=\"noreferrer noopener\">Concursos abertos<\/a><\/li><li><a href=\"https:\/\/www.estrategiaconcursos.com.br\/blog\/concursos-2022\/\" target=\"_blank\" rel=\"noreferrer noopener\">Concursos 2022<\/a><\/li><li><a href=\"https:\/\/www.estrategiaconcursos.com.br\/blog\/concursos-2023\/\" target=\"_blank\" rel=\"noreferrer noopener\">Concursos 2023<\/a><\/li><\/ul>\n","protected":false},"excerpt":{"rendered":"<p>Com iniciais de R$ 22 mil, o concurso Sefaz AP segue para a sua etapa de provas, prevista para ocorrer nos dias 18 e 25 de setembro, na cidade de Macap\u00e1\/AP. A convoca\u00e7\u00e3o dos candidatos foi publicada no Di\u00e1rio Oficial do Estado desta quarta-feira, 31 de agosto. Portanto, fique atento aos detalhes que vamos trazer [&hellip;]<\/p>\n","protected":false},"author":656,"featured_media":979783,"comment_status":"open","ping_status":"closed","sticky":false,"template":"","format":"standard","meta":{"post_tipo":"news","footnotes":""},"categories":[1983,220219],"tags":[],"tax_estado":[219967],"class_list":["post-1087065","post","type-post","status-publish","format-standard","has-post-thumbnail","hentry","category-fiscal-estadual","category-noticias","tax_estado-ap"],"acf":[],"yoast_head":"<!-- This site is optimized with the Yoast SEO Premium plugin v27.2 (Yoast SEO v27.2) - https:\/\/yoast.com\/product\/yoast-seo-premium-wordpress\/ -->\n<title>Concurso Sefaz AP: candidatos s\u00e3o convocados para as provas<\/title>\n<meta name=\"description\" content=\"Concurso Sefaz AP: divulgada a convoca\u00e7\u00e3o das provas para os cargos de Fiscal e Auditor. Acesse e saiba os detalhes AQUI!\" \/>\n<meta name=\"robots\" content=\"index, follow, max-snippet:-1, max-image-preview:large, max-video-preview:-1\" \/>\n<link rel=\"canonical\" href=\"https:\/\/www.estrategiaconcursos.com.br\/blog\/concurso-sefaz-ap-provas\/\" \/>\n<meta property=\"og:locale\" content=\"pt_BR\" \/>\n<meta property=\"og:type\" content=\"article\" \/>\n<meta property=\"og:title\" content=\"Concurso Sefaz AP: candidatos s\u00e3o convocados para as provas\" \/>\n<meta property=\"og:description\" content=\"Concurso Sefaz AP: divulgada a convoca\u00e7\u00e3o das provas para os cargos de Fiscal e Auditor. Acesse e saiba os detalhes AQUI!\" \/>\n<meta property=\"og:url\" content=\"https:\/\/www.estrategiaconcursos.com.br\/blog\/concurso-sefaz-ap-provas\/\" \/>\n<meta property=\"og:site_name\" content=\"Estrat\u00e9gia Concursos\" \/>\n<meta property=\"article:published_time\" content=\"2022-08-31T20:12:28+00:00\" \/>\n<meta property=\"article:modified_time\" content=\"2022-09-08T14:48:32+00:00\" \/>\n<meta property=\"og:image\" content=\"https:\/\/dhg1h5j42swfq.cloudfront.net\/2022\/02\/03093240\/sefaz-ap.jpg\" \/>\n\t<meta property=\"og:image:width\" content=\"768\" \/>\n\t<meta property=\"og:image:height\" content=\"432\" \/>\n\t<meta property=\"og:image:type\" content=\"image\/jpeg\" \/>\n<meta name=\"author\" content=\"F\u00e1bio Scaldelai\" \/>\n<meta name=\"twitter:card\" content=\"summary_large_image\" \/>\n<meta name=\"twitter:creator\" content=\"@EstratConcursos\" \/>\n<meta name=\"twitter:site\" content=\"@EstratConcursos\" \/>\n<meta name=\"twitter:label1\" content=\"Escrito por\" \/>\n\t<meta name=\"twitter:data1\" content=\"F\u00e1bio Scaldelai\" \/>\n\t<meta name=\"twitter:label2\" content=\"Est. tempo de leitura\" \/>\n\t<meta name=\"twitter:data2\" content=\"3 minutos\" \/>\n<script type=\"application\/ld+json\" class=\"yoast-schema-graph\">{\"@context\":\"https:\/\/schema.org\",\"@graph\":[{\"@type\":\"NewsArticle\",\"@id\":\"https:\/\/www.estrategiaconcursos.com.br\/blog\/concurso-sefaz-ap-provas\/#article\",\"isPartOf\":{\"@id\":\"https:\/\/www.estrategiaconcursos.com.br\/blog\/concurso-sefaz-ap-provas\/\"},\"author\":{\"name\":\"F\u00e1bio Scaldelai\",\"@id\":\"https:\/\/www.estrategiaconcursos.com.br\/blog\/#\/schema\/person\/e3b6b7ce0192dd4ad270655969d61750\"},\"headline\":\"Concurso Sefaz AP: candidatos s\u00e3o convocados para as provas\",\"datePublished\":\"2022-08-31T20:12:28+00:00\",\"dateModified\":\"2022-09-08T14:48:32+00:00\",\"mainEntityOfPage\":{\"@id\":\"https:\/\/www.estrategiaconcursos.com.br\/blog\/concurso-sefaz-ap-provas\/\"},\"wordCount\":564,\"commentCount\":0,\"publisher\":{\"@id\":\"https:\/\/www.estrategiaconcursos.com.br\/blog\/#organization\"},\"image\":{\"@id\":\"https:\/\/www.estrategiaconcursos.com.br\/blog\/concurso-sefaz-ap-provas\/#primaryimage\"},\"thumbnailUrl\":\"https:\/\/dhg1h5j42swfq.cloudfront.net\/2022\/02\/03093240\/sefaz-ap.jpg\",\"articleSection\":[\"Fiscal - Estadual (ICMS)\",\"\u00daltimas not\u00edcias\"],\"inLanguage\":\"pt-BR\",\"potentialAction\":[{\"@type\":\"CommentAction\",\"name\":\"Comment\",\"target\":[\"https:\/\/www.estrategiaconcursos.com.br\/blog\/concurso-sefaz-ap-provas\/#respond\"]}],\"copyrightYear\":\"2022\",\"copyrightHolder\":{\"@id\":\"https:\/\/www.estrategiaconcursos.com.br\/blog\/#organization\"}},{\"@type\":\"WebPage\",\"@id\":\"https:\/\/www.estrategiaconcursos.com.br\/blog\/concurso-sefaz-ap-provas\/\",\"url\":\"https:\/\/www.estrategiaconcursos.com.br\/blog\/concurso-sefaz-ap-provas\/\",\"name\":\"Concurso Sefaz AP: candidatos s\u00e3o convocados para as provas\",\"isPartOf\":{\"@id\":\"https:\/\/www.estrategiaconcursos.com.br\/blog\/#website\"},\"primaryImageOfPage\":{\"@id\":\"https:\/\/www.estrategiaconcursos.com.br\/blog\/concurso-sefaz-ap-provas\/#primaryimage\"},\"image\":{\"@id\":\"https:\/\/www.estrategiaconcursos.com.br\/blog\/concurso-sefaz-ap-provas\/#primaryimage\"},\"thumbnailUrl\":\"https:\/\/dhg1h5j42swfq.cloudfront.net\/2022\/02\/03093240\/sefaz-ap.jpg\",\"datePublished\":\"2022-08-31T20:12:28+00:00\",\"dateModified\":\"2022-09-08T14:48:32+00:00\",\"description\":\"Concurso Sefaz AP: divulgada a convoca\u00e7\u00e3o das provas para os cargos de Fiscal e Auditor. Acesse e saiba os detalhes AQUI!\",\"breadcrumb\":{\"@id\":\"https:\/\/www.estrategiaconcursos.com.br\/blog\/concurso-sefaz-ap-provas\/#breadcrumb\"},\"inLanguage\":\"pt-BR\",\"potentialAction\":[{\"@type\":\"ReadAction\",\"target\":[\"https:\/\/www.estrategiaconcursos.com.br\/blog\/concurso-sefaz-ap-provas\/\"]}]},{\"@type\":\"ImageObject\",\"inLanguage\":\"pt-BR\",\"@id\":\"https:\/\/www.estrategiaconcursos.com.br\/blog\/concurso-sefaz-ap-provas\/#primaryimage\",\"url\":\"https:\/\/dhg1h5j42swfq.cloudfront.net\/2022\/02\/03093240\/sefaz-ap.jpg\",\"contentUrl\":\"https:\/\/dhg1h5j42swfq.cloudfront.net\/2022\/02\/03093240\/sefaz-ap.jpg\",\"width\":768,\"height\":432,\"caption\":\"Concurso Sefaz AP provas\"},{\"@type\":\"BreadcrumbList\",\"@id\":\"https:\/\/www.estrategiaconcursos.com.br\/blog\/concurso-sefaz-ap-provas\/#breadcrumb\",\"itemListElement\":[{\"@type\":\"ListItem\",\"position\":1,\"name\":\"In\u00edcio\",\"item\":\"https:\/\/www.estrategiaconcursos.com.br\/blog\/\"},{\"@type\":\"ListItem\",\"position\":2,\"name\":\"Concurso Sefaz AP: candidatos s\u00e3o convocados para as provas\"}]},{\"@type\":\"WebSite\",\"@id\":\"https:\/\/www.estrategiaconcursos.com.br\/blog\/#website\",\"url\":\"https:\/\/www.estrategiaconcursos.com.br\/blog\/\",\"name\":\"Estrat\u00e9gia Concursos\",\"description\":\"O blog da Estrat\u00e9gia Concursos traz not\u00edcias sobre concursos e artigos de professores oferecendo cursos para concursos (pdf + videaulas) no site.\",\"publisher\":{\"@id\":\"https:\/\/www.estrategiaconcursos.com.br\/blog\/#organization\"},\"potentialAction\":[{\"@type\":\"SearchAction\",\"target\":{\"@type\":\"EntryPoint\",\"urlTemplate\":\"https:\/\/www.estrategiaconcursos.com.br\/blog\/?s={search_term_string}\"},\"query-input\":{\"@type\":\"PropertyValueSpecification\",\"valueRequired\":true,\"valueName\":\"search_term_string\"}}],\"inLanguage\":\"pt-BR\"},{\"@type\":\"Organization\",\"@id\":\"https:\/\/www.estrategiaconcursos.com.br\/blog\/#organization\",\"name\":\"Estrat\u00e9gia Concursos\",\"url\":\"https:\/\/www.estrategiaconcursos.com.br\/blog\/\",\"logo\":{\"@type\":\"ImageObject\",\"inLanguage\":\"pt-BR\",\"@id\":\"https:\/\/www.estrategiaconcursos.com.br\/blog\/#\/schema\/logo\/image\/\",\"url\":\"https:\/\/dhg1h5j42swfq.cloudfront.net\/2025\/06\/03203428\/logo_concursos-1.jpg\",\"contentUrl\":\"https:\/\/dhg1h5j42swfq.cloudfront.net\/2025\/06\/03203428\/logo_concursos-1.jpg\",\"width\":230,\"height\":60,\"caption\":\"Estrat\u00e9gia Concursos\"},\"image\":{\"@id\":\"https:\/\/www.estrategiaconcursos.com.br\/blog\/#\/schema\/logo\/image\/\"},\"sameAs\":[\"https:\/\/x.com\/EstratConcursos\"]},{\"@type\":\"Person\",\"@id\":\"https:\/\/www.estrategiaconcursos.com.br\/blog\/#\/schema\/person\/e3b6b7ce0192dd4ad270655969d61750\",\"name\":\"F\u00e1bio Scaldelai\",\"image\":{\"@type\":\"ImageObject\",\"inLanguage\":\"pt-BR\",\"@id\":\"https:\/\/secure.gravatar.com\/avatar\/8ed7492c4d88d8495bc0cb24cda6847b8ae23eec459a919e08e77d0ca0fd79ec?s=96&d=mm&r=g\",\"url\":\"https:\/\/secure.gravatar.com\/avatar\/8ed7492c4d88d8495bc0cb24cda6847b8ae23eec459a919e08e77d0ca0fd79ec?s=96&d=mm&r=g\",\"contentUrl\":\"https:\/\/secure.gravatar.com\/avatar\/8ed7492c4d88d8495bc0cb24cda6847b8ae23eec459a919e08e77d0ca0fd79ec?s=96&d=mm&r=g\",\"caption\":\"F\u00e1bio Scaldelai\"},\"description\":\"Jornalista no Estrat\u00e9gia Concursos e Produtor de Televis\u00e3o, formado em Jornalismo, R\u00e1dio e TV pela Faculdade Integrada Rio Branco, com especializa\u00e7\u00f5es em Gest\u00e3o Empresarial e Marketing pelo M\u00f3dulo. Atuou como produtor no SBT, TV Bandeirantes e R\u00e1dio Band FM, al\u00e9m de acumular tr\u00eas anos de experi\u00eancia no setor de concursos p\u00fablicos pela LFG (Luiz Fl\u00e1vio Gomes). No Estrat\u00e9gia Concursos, atua na apura\u00e7\u00e3o de not\u00edcias da \u00e1rea fiscal, al\u00e9m de coberturas sobre concursos das \u00e1reas de controle (TCU, TCE, etc), concurso AFT, \u00e1rea de gest\u00e3o e administrativa, bem como dos \u00f3rg\u00e3os participantes do CNU. Tamb\u00e9m possui experi\u00eancia em link building e an\u00e1lise de m\u00eddia, adquirida durante sua atua\u00e7\u00e3o na ag\u00eancia SEO Marketing.\",\"url\":\"https:\/\/www.estrategiaconcursos.com.br\/blog\/author\/fabio-scaldelaiestrategiaconcursos-com-br\/\"}]}<\/script>\n<!-- \/ Yoast SEO Premium plugin. -->","yoast_head_json":{"title":"Concurso Sefaz AP: candidatos s\u00e3o convocados para as provas","description":"Concurso Sefaz AP: divulgada a convoca\u00e7\u00e3o das provas para os cargos de Fiscal e Auditor. Acesse e saiba os detalhes AQUI!","robots":{"index":"index","follow":"follow","max-snippet":"max-snippet:-1","max-image-preview":"max-image-preview:large","max-video-preview":"max-video-preview:-1"},"canonical":"https:\/\/www.estrategiaconcursos.com.br\/blog\/concurso-sefaz-ap-provas\/","og_locale":"pt_BR","og_type":"article","og_title":"Concurso Sefaz AP: candidatos s\u00e3o convocados para as provas","og_description":"Concurso Sefaz AP: divulgada a convoca\u00e7\u00e3o das provas para os cargos de Fiscal e Auditor. Acesse e saiba os detalhes AQUI!","og_url":"https:\/\/www.estrategiaconcursos.com.br\/blog\/concurso-sefaz-ap-provas\/","og_site_name":"Estrat\u00e9gia Concursos","article_published_time":"2022-08-31T20:12:28+00:00","article_modified_time":"2022-09-08T14:48:32+00:00","og_image":[{"width":768,"height":432,"url":"https:\/\/dhg1h5j42swfq.cloudfront.net\/2022\/02\/03093240\/sefaz-ap.jpg","type":"image\/jpeg"}],"author":"F\u00e1bio Scaldelai","twitter_card":"summary_large_image","twitter_creator":"@EstratConcursos","twitter_site":"@EstratConcursos","twitter_misc":{"Escrito por":"F\u00e1bio Scaldelai","Est. tempo de leitura":"3 minutos"},"schema":{"@context":"https:\/\/schema.org","@graph":[{"@type":"NewsArticle","@id":"https:\/\/www.estrategiaconcursos.com.br\/blog\/concurso-sefaz-ap-provas\/#article","isPartOf":{"@id":"https:\/\/www.estrategiaconcursos.com.br\/blog\/concurso-sefaz-ap-provas\/"},"author":{"name":"F\u00e1bio Scaldelai","@id":"https:\/\/www.estrategiaconcursos.com.br\/blog\/#\/schema\/person\/e3b6b7ce0192dd4ad270655969d61750"},"headline":"Concurso Sefaz AP: candidatos s\u00e3o convocados para as provas","datePublished":"2022-08-31T20:12:28+00:00","dateModified":"2022-09-08T14:48:32+00:00","mainEntityOfPage":{"@id":"https:\/\/www.estrategiaconcursos.com.br\/blog\/concurso-sefaz-ap-provas\/"},"wordCount":564,"commentCount":0,"publisher":{"@id":"https:\/\/www.estrategiaconcursos.com.br\/blog\/#organization"},"image":{"@id":"https:\/\/www.estrategiaconcursos.com.br\/blog\/concurso-sefaz-ap-provas\/#primaryimage"},"thumbnailUrl":"https:\/\/dhg1h5j42swfq.cloudfront.net\/2022\/02\/03093240\/sefaz-ap.jpg","articleSection":["Fiscal - Estadual (ICMS)","\u00daltimas not\u00edcias"],"inLanguage":"pt-BR","potentialAction":[{"@type":"CommentAction","name":"Comment","target":["https:\/\/www.estrategiaconcursos.com.br\/blog\/concurso-sefaz-ap-provas\/#respond"]}],"copyrightYear":"2022","copyrightHolder":{"@id":"https:\/\/www.estrategiaconcursos.com.br\/blog\/#organization"}},{"@type":"WebPage","@id":"https:\/\/www.estrategiaconcursos.com.br\/blog\/concurso-sefaz-ap-provas\/","url":"https:\/\/www.estrategiaconcursos.com.br\/blog\/concurso-sefaz-ap-provas\/","name":"Concurso Sefaz AP: candidatos s\u00e3o convocados para as provas","isPartOf":{"@id":"https:\/\/www.estrategiaconcursos.com.br\/blog\/#website"},"primaryImageOfPage":{"@id":"https:\/\/www.estrategiaconcursos.com.br\/blog\/concurso-sefaz-ap-provas\/#primaryimage"},"image":{"@id":"https:\/\/www.estrategiaconcursos.com.br\/blog\/concurso-sefaz-ap-provas\/#primaryimage"},"thumbnailUrl":"https:\/\/dhg1h5j42swfq.cloudfront.net\/2022\/02\/03093240\/sefaz-ap.jpg","datePublished":"2022-08-31T20:12:28+00:00","dateModified":"2022-09-08T14:48:32+00:00","description":"Concurso Sefaz AP: divulgada a convoca\u00e7\u00e3o das provas para os cargos de Fiscal e Auditor. Acesse e saiba os detalhes AQUI!","breadcrumb":{"@id":"https:\/\/www.estrategiaconcursos.com.br\/blog\/concurso-sefaz-ap-provas\/#breadcrumb"},"inLanguage":"pt-BR","potentialAction":[{"@type":"ReadAction","target":["https:\/\/www.estrategiaconcursos.com.br\/blog\/concurso-sefaz-ap-provas\/"]}]},{"@type":"ImageObject","inLanguage":"pt-BR","@id":"https:\/\/www.estrategiaconcursos.com.br\/blog\/concurso-sefaz-ap-provas\/#primaryimage","url":"https:\/\/dhg1h5j42swfq.cloudfront.net\/2022\/02\/03093240\/sefaz-ap.jpg","contentUrl":"https:\/\/dhg1h5j42swfq.cloudfront.net\/2022\/02\/03093240\/sefaz-ap.jpg","width":768,"height":432,"caption":"Concurso Sefaz AP provas"},{"@type":"BreadcrumbList","@id":"https:\/\/www.estrategiaconcursos.com.br\/blog\/concurso-sefaz-ap-provas\/#breadcrumb","itemListElement":[{"@type":"ListItem","position":1,"name":"In\u00edcio","item":"https:\/\/www.estrategiaconcursos.com.br\/blog\/"},{"@type":"ListItem","position":2,"name":"Concurso Sefaz AP: candidatos s\u00e3o convocados para as provas"}]},{"@type":"WebSite","@id":"https:\/\/www.estrategiaconcursos.com.br\/blog\/#website","url":"https:\/\/www.estrategiaconcursos.com.br\/blog\/","name":"Estrat\u00e9gia Concursos","description":"O blog da Estrat\u00e9gia Concursos traz not\u00edcias sobre concursos e artigos de professores oferecendo cursos para concursos (pdf + videaulas) no site.","publisher":{"@id":"https:\/\/www.estrategiaconcursos.com.br\/blog\/#organization"},"potentialAction":[{"@type":"SearchAction","target":{"@type":"EntryPoint","urlTemplate":"https:\/\/www.estrategiaconcursos.com.br\/blog\/?s={search_term_string}"},"query-input":{"@type":"PropertyValueSpecification","valueRequired":true,"valueName":"search_term_string"}}],"inLanguage":"pt-BR"},{"@type":"Organization","@id":"https:\/\/www.estrategiaconcursos.com.br\/blog\/#organization","name":"Estrat\u00e9gia Concursos","url":"https:\/\/www.estrategiaconcursos.com.br\/blog\/","logo":{"@type":"ImageObject","inLanguage":"pt-BR","@id":"https:\/\/www.estrategiaconcursos.com.br\/blog\/#\/schema\/logo\/image\/","url":"https:\/\/dhg1h5j42swfq.cloudfront.net\/2025\/06\/03203428\/logo_concursos-1.jpg","contentUrl":"https:\/\/dhg1h5j42swfq.cloudfront.net\/2025\/06\/03203428\/logo_concursos-1.jpg","width":230,"height":60,"caption":"Estrat\u00e9gia Concursos"},"image":{"@id":"https:\/\/www.estrategiaconcursos.com.br\/blog\/#\/schema\/logo\/image\/"},"sameAs":["https:\/\/x.com\/EstratConcursos"]},{"@type":"Person","@id":"https:\/\/www.estrategiaconcursos.com.br\/blog\/#\/schema\/person\/e3b6b7ce0192dd4ad270655969d61750","name":"F\u00e1bio Scaldelai","image":{"@type":"ImageObject","inLanguage":"pt-BR","@id":"https:\/\/secure.gravatar.com\/avatar\/8ed7492c4d88d8495bc0cb24cda6847b8ae23eec459a919e08e77d0ca0fd79ec?s=96&d=mm&r=g","url":"https:\/\/secure.gravatar.com\/avatar\/8ed7492c4d88d8495bc0cb24cda6847b8ae23eec459a919e08e77d0ca0fd79ec?s=96&d=mm&r=g","contentUrl":"https:\/\/secure.gravatar.com\/avatar\/8ed7492c4d88d8495bc0cb24cda6847b8ae23eec459a919e08e77d0ca0fd79ec?s=96&d=mm&r=g","caption":"F\u00e1bio Scaldelai"},"description":"Jornalista no Estrat\u00e9gia Concursos e Produtor de Televis\u00e3o, formado em Jornalismo, R\u00e1dio e TV pela Faculdade Integrada Rio Branco, com especializa\u00e7\u00f5es em Gest\u00e3o Empresarial e Marketing pelo M\u00f3dulo. Atuou como produtor no SBT, TV Bandeirantes e R\u00e1dio Band FM, al\u00e9m de acumular tr\u00eas anos de experi\u00eancia no setor de concursos p\u00fablicos pela LFG (Luiz Fl\u00e1vio Gomes). No Estrat\u00e9gia Concursos, atua na apura\u00e7\u00e3o de not\u00edcias da \u00e1rea fiscal, al\u00e9m de coberturas sobre concursos das \u00e1reas de controle (TCU, TCE, etc), concurso AFT, \u00e1rea de gest\u00e3o e administrativa, bem como dos \u00f3rg\u00e3os participantes do CNU. Tamb\u00e9m possui experi\u00eancia em link building e an\u00e1lise de m\u00eddia, adquirida durante sua atua\u00e7\u00e3o na ag\u00eancia SEO Marketing.","url":"https:\/\/www.estrategiaconcursos.com.br\/blog\/author\/fabio-scaldelaiestrategiaconcursos-com-br\/"}]}},"_links":{"self":[{"href":"https:\/\/www.estrategiaconcursos.com.br\/blog\/wp-json\/wp\/v2\/posts\/1087065","targetHints":{"allow":["GET"]}}],"collection":[{"href":"https:\/\/www.estrategiaconcursos.com.br\/blog\/wp-json\/wp\/v2\/posts"}],"about":[{"href":"https:\/\/www.estrategiaconcursos.com.br\/blog\/wp-json\/wp\/v2\/types\/post"}],"author":[{"embeddable":true,"href":"https:\/\/www.estrategiaconcursos.com.br\/blog\/wp-json\/wp\/v2\/users\/656"}],"replies":[{"embeddable":true,"href":"https:\/\/www.estrategiaconcursos.com.br\/blog\/wp-json\/wp\/v2\/comments?post=1087065"}],"version-history":[{"count":7,"href":"https:\/\/www.estrategiaconcursos.com.br\/blog\/wp-json\/wp\/v2\/posts\/1087065\/revisions"}],"predecessor-version":[{"id":1087537,"href":"https:\/\/www.estrategiaconcursos.com.br\/blog\/wp-json\/wp\/v2\/posts\/1087065\/revisions\/1087537"}],"wp:featuredmedia":[{"embeddable":true,"href":"https:\/\/www.estrategiaconcursos.com.br\/blog\/wp-json\/wp\/v2\/media\/979783"}],"wp:attachment":[{"href":"https:\/\/www.estrategiaconcursos.com.br\/blog\/wp-json\/wp\/v2\/media?parent=1087065"}],"wp:term":[{"taxonomy":"category","embeddable":true,"href":"https:\/\/www.estrategiaconcursos.com.br\/blog\/wp-json\/wp\/v2\/categories?post=1087065"},{"taxonomy":"post_tag","embeddable":true,"href":"https:\/\/www.estrategiaconcursos.com.br\/blog\/wp-json\/wp\/v2\/tags?post=1087065"},{"taxonomy":"tax_estado","embeddable":true,"href":"https:\/\/www.estrategiaconcursos.com.br\/blog\/wp-json\/wp\/v2\/tax_estado?post=1087065"}],"curies":[{"name":"wp","href":"https:\/\/api.w.org\/{rel}","templated":true}]}}