{"id":1085841,"date":"2022-08-31T17:00:00","date_gmt":"2022-08-31T20:00:00","guid":{"rendered":"https:\/\/www.estrategiaconcursos.com.br\/blog\/?p=1085841"},"modified":"2022-10-18T14:58:44","modified_gmt":"2022-10-18T17:58:44","slug":"concurso-sme-sp-edital-publicado","status":"publish","type":"post","link":"https:\/\/www.estrategiaconcursos.com.br\/blog\/concurso-sme-sp-edital-publicado\/","title":{"rendered":"Edital SME SP: inscri\u00e7\u00f5es encerradas! At\u00e9 R$ 3 mil"},"content":{"rendered":"\n<p>O <strong>edital SME SP<\/strong> est\u00e1 com as inscri\u00e7\u00f5es encerradas! Conforme o documento, a <a href=\"https:\/\/www.estrategiaconcursos.com.br\/pesquisa\/?q=sme+sp\" target=\"_blank\" rel=\"noreferrer noopener\">Secretaria Municipal de Educa\u00e7\u00e3o de S\u00e3o Paulo<\/a> oferece<strong> 3.250<\/strong> <strong>vagas<\/strong> distribu\u00eddas entre os cargos de <strong>Professor de educa\u00e7\u00e3o Infantil e Ensino Fundamental I<\/strong> e <strong>Professor de Ensino Fundamental II e M\u00e9dio<\/strong>.<\/p>\n\n\n\n<p>As oportunidades s\u00e3o de n\u00edvel superior de forma\u00e7\u00e3o na \u00e1rea pretendida, com algumas carreiras exigindo registro no Conselho competente. Os sal\u00e1rios iniciais variam de R$ 2.498,54 a R$ 3.018,20.<\/p>\n\n\n\n<p>Os interessados em participar da sele\u00e7\u00e3o realizaram as inscri\u00e7\u00f5es no per\u00edodo de 16h do dia 31 de agosto de 2022 at\u00e9 \u00e0s 16h do dia 17 de outubro de 2022, no site da banca organizadora, FGV. As taxas foram definidas em R$ 66,95.<\/p>\n\n\n\n<ul class=\"has-very-light-gray-to-cyan-bluish-gray-gradient-background has-background wp-block-list\"><li><strong>Status<\/strong>: inscri\u00e7\u00f5es encerradas<\/li><li><strong style=\"background-color: initial; color: initial;\">Banca:<\/strong> FGV<\/li><li><strong>Vagas:<\/strong> 3.250<\/li><li><strong>Cargo<\/strong>: professor <\/li><li><strong>Sal\u00e1rio inicial:<\/strong> R$ 2.498,54 a R$ 3.018,20<\/li><li><strong>Editais<\/strong>: <a href=\"https:\/\/conhecimento.fgv.br\/sites\/default\/files\/concursos\/sme_-sp_-_fgv_-_edital_01-2022_fund_ii_e_ensino_medio_22-08-25.pdf\" target=\"_blank\" rel=\"noreferrer noopener\">SME SP Ensino Fundamental e M\u00e9dio<\/a>  e <a href=\"https:\/\/conhecimento.fgv.br\/sites\/default\/files\/concursos\/sme_-sp_-_fgv_-_edital_02-2022_fund_i_e_ensino_fundamental_22-08-25.pdf\" target=\"_blank\" rel=\"noreferrer noopener\">Educa\u00e7\u00e3o Infantil e Fundamental <\/a><\/li><\/ul>\n\n\n\n<div class=\"container\" id=\"boxes\">\n  <div class=\"row\">\n\n    <div class=\"col-sm\">\n      <div class=\"banner-estrategia\" id=\"box-assinatura\">\n        <h3 class=\"titulo-assinatura\">Cursos para concursos<\/h3>\n        <p class=\"subtitulo-assinatura\">Estude conosco<\/p>\n        <div class=\"box-botao\">\n          <a class=\"btn-assinatura\" target=\"_blank\" href=\"https:\/\/www.estrategiaconcursos.com.br\/cursos\/\" role=\"button\" rel=\"noopener noreferrer\">Conhe\u00e7a os cursos<\/a>\n        <\/div>\n      <\/div>\n     \n    <\/div>\n\n  <\/div>\n<\/div>\n\n\n\n<h2 class=\"wp-block-heading\" id=\"datas\">Principais datas do edital SME SP <\/h2>\n\n\n\n<ul class=\"has-pale-ocean-gradient-background has-background wp-block-list\"><li><strong>Inscri\u00e7\u00f5es<\/strong>: <s>16h do dia 31 de agosto de 2022 at\u00e9 \u00e0s 16h do dia 17 de outubro de 2022<\/s><\/li><li><strong>Isen\u00e7\u00e3o da taxa<\/strong>: <s>31 de agosto a 06 de setembro<\/s> <\/li><li><strong>\u00daltimo dia para pagamento<\/strong>: 18 de outubro <\/li><li><strong>Provas<\/strong>: Professor de Educa\u00e7\u00e3o Infantil Ensino Fundamental I &#8211; <strong>15 de janeiro<\/strong><\/li><li>Professor de Ensino Fundamental II e M\u00e9dio &#8211;<strong> 08 de janeiro<\/strong><\/li><\/ul>\n\n\n\n<h2 class=\"wp-block-heading\" id=\"cargos-vagas\">Cargos e vagas do edital SME SP <\/h2>\n\n\n\n<p>O<strong> concurso p\u00fablico<\/strong> ser\u00e1 destinado ao preenchimento de <strong>3.250 vagas<\/strong>, sendo<strong> <\/strong>1.270 para<strong> Professor de educa\u00e7\u00e3o Infantil e Ensino Fundamental I<\/strong>; e 1.980 para <strong>Professor de Ensino Fundamental II e M\u00e9dio<\/strong>.<\/p>\n\n\n\n<p>A remunera\u00e7\u00e3o mensal inicial do cargo \u00e9 de R$ 3.018,20 acrescida de R$ 769,30 a t\u00edtulo de Abono Complementar para os ocupantes do cargo de Professor de Ensino Fundamental II e M\u00e9dio ficar\u00e3o sujeitos \u00e0 jornada b\u00e1sica de 30 (trinta) horas de trabalho semanais. <\/p>\n\n\n\n<p>Os ocupantes do cargo de Professor de Educa\u00e7\u00e3o Infantil e Ensino Fundamental I ficar\u00e3o sujeitos \u00e0 jornada b\u00e1sica de 30 (trinta) horas aula de trabalho semanais a  remunera\u00e7\u00e3o mensal inicial do cargo \u00e9 de R$ 2.498,54 acrescida de R$ 636,94 a t\u00edtulo de Abono Complementar. <br \/><\/p>\n\n\n\n<h2 class=\"wp-block-heading\" id=\"etapas\">Etapas e provas do edital SME SP<\/h2>\n\n\n\n<p>A sele\u00e7\u00e3o dos candidatos inscritos no edital SME SP se dar\u00e1 mediante aplica\u00e7\u00e3o das seguintes etapas:<\/p>\n\n\n\n<ul class=\"wp-block-list\"><li>Prova preambular (objetiva) \u2013 eliminat\u00f3rio e classificat\u00f3rio;<\/li><li>Prova escrita \u2013 eliminat\u00f3rio e classificat\u00f3rio;<\/li><li>Prova Pr\u00e1tica \u2013 eliminat\u00f3rio e classificat\u00f3rio;<\/li><li>Prova de t\u00edtulos \u2013 classificat\u00f3rio.<\/li><\/ul>\n\n\n\n<p>A convoca\u00e7\u00e3o para realiza\u00e7\u00e3o das Provas Objetiva, Discursiva, Pr\u00e1tica e de T\u00edtulos ser\u00e1 publicada no Di\u00e1rio Oficial da Cidade de S\u00e3o Paulo \u2013 DOC e no endere\u00e7o eletr\u00f4nico da FGV. <\/p>\n\n\n\n<h3 class=\"wp-block-heading\" id=\"objetiva\">Provas Objetivas<\/h3>\n\n\n\n<p>A Prova Objetiva e a Prova Discursiva ser\u00e3o aplicadas no mesmo per\u00edodo e ter\u00e3o dura\u00e7\u00e3o de 4 (quatro) horas e 30 (trinta) minutos.<\/p>\n\n\n\n<p>A Prova Objetiva de m\u00faltipla escolha, de car\u00e1ter eliminat\u00f3rio e classificat\u00f3rio, visa avaliar o grau de conhecimento do candidato, necess\u00e1rio ao desempenho do cargo.<\/p>\n\n\n\n<p>A Prova Objetiva ser\u00e1 composta de 60 (sessenta) quest\u00f5es distribu\u00eddas pelos conhecimentos b\u00e1sicos, conhecimentos pedag\u00f3gicos e conhecimentos espec\u00edficos, sendo que cada quest\u00e3o ser\u00e1 composta por 5 (cinco) alternativas, com uma \u00fanica resposta correta.<\/p>\n\n\n\n<p>A Prova Objetiva versar\u00e1 sobre os conte\u00fados program\u00e1ticos constantes do Anexo VI \u2013 Conte\u00fado Program\u00e1tico e Bibliografia, parte integrante deste Edital, conforme segue:<\/p>\n\n\n\n<p>15 de janeiro ser\u00e1 aplicada para: <\/p>\n\n\n\n<ul class=\"wp-block-list\"><li><strong>Cargo: Professor de Educa\u00e7\u00e3o Infantil Ensino Fundamental I<\/strong><ul><li>M\u00f3dulo I &#8211; Conhecimentos B\u00e1sicos Quest\u00f5es <ul><li>L\u00edngua Portuguesa &#8211; 10<\/li><li>Inform\u00e1tica B\u00e1sica &#8211; 06 <\/li><li>Legisla\u00e7\u00e3o Espec\u00edfica 04 <\/li><\/ul><\/li><li>M\u00f3dulo II &#8211; Conhecimentos Pedag\u00f3gicos Quest\u00f5es <ul><li>Fundamentos da Educa\u00e7\u00e3o &#8211; 08 <\/li><li>Processos de Ensinar e Aprender &#8211; 06 <\/li><li>Educa\u00e7\u00e3o Infantil &#8211; 06 <\/li><\/ul><\/li><\/ul><ul><li>M\u00f3dulo III &#8211; Conhecimentos Espec\u00edficos Quest\u00f5es <ul><li>Linguagem, C\u00f3digos e suas Tecnologias &#8211; 06 <\/li><li>Matem\u00e1tica e suas Tecnologias &#8211; 06 <\/li><li>Ci\u00eancias da Natureza e suas Tecnologias &#8211; 04<\/li><li>Ci\u00eancias Humanas e suas Tecnologias &#8211; 04 <\/li><\/ul><\/li><\/ul><\/li><\/ul>\n\n\n\n<p>08 de janeiro ser\u00e1 aplicada para:<\/p>\n\n\n\n<ul class=\"wp-block-list\"><li><strong>Cargo: Professor de Ensino Fundamental II e M\u00e9dio<\/strong><ul><li>M\u00f3dulo I &#8211; Conhecimentos B\u00e1sicos Quest\u00f5es <ul><li>L\u00edngua Portuguesa &#8211; 10 <\/li><li>Inform\u00e1tica B\u00e1sica &#8211; 06 <\/li><\/ul><\/li><li>M\u00f3dulo II &#8211; Conhecimentos Pedag\u00f3gicos Quest\u00f5es <ul><li>Legisla\u00e7\u00e3o Espec\u00edfica &#8211; 04 <\/li><li>Fundamentos da Educa\u00e7\u00e3o &#8211; 10 <\/li><\/ul><\/li><li>M\u00f3dulo III &#8211; Conhecimentos Espec\u00edficos Quest\u00f5es Pontos<ul><li>Conhecimentos Espec\u00edficos &#8211; 30 <\/li><\/ul><\/li><\/ul><\/li><\/ul>\n\n\n\n<h3 class=\"wp-block-heading\" id=\"discursiva\">Prova Discursiva<\/h3>\n\n\n\n<p>Ter\u00e1 a Prova Discursiva corrigida o candidato aprovado na Prova Objetiva, respeitada a propor\u00e7\u00e3o de 6 (seis) vezes o n\u00famero de vagas em concurso, mais os empatados, em cada uma das 3 (tr\u00eas) listas de classifica\u00e7\u00e3o.<\/p>\n\n\n\n<p>A Prova Discursiva visa avaliar os conhecimentos necess\u00e1rios ao desempenho pleno das atribui\u00e7\u00f5es do candidato ao respectivo cargo, al\u00e9m de considerar sua capacidade de interpreta\u00e7\u00e3o e de escrita, na forma culta da L\u00edngua Portuguesa.<\/p>\n\n\n\n<p>A Prova Discursiva ser\u00e1 composta por 2 (duas) quest\u00f5es discursivas, sendo uma quest\u00e3o sobre estudo de caso e outra de conhecimentos espec\u00edficos, valendo 50 (cinquenta) pontos cada quest\u00e3o. A quest\u00e3o Discursiva dever\u00e1 ser redigida em at\u00e9 20 (vinte) linhas.<\/p>\n\n\n\n<h3 class=\"wp-block-heading\" id=\"oral\">Prova Pr\u00e1tica <\/h3>\n\n\n\n<p>A Prova Pr\u00e1tica ser\u00e1 aplicada para os candidatos aprovados na Prova Discursiva, respeitada a propor\u00e7\u00e3o de 4 (quatro) vezes o n\u00famero de vagas oferecidas.<\/p>\n\n\n\n<p>A convoca\u00e7\u00e3o e as orienta\u00e7\u00f5es relacionadas \u00e0 prova pr\u00e1tica ser\u00e3o divulgadas no endere\u00e7o eletr\u00f4nico da FGV.<\/p>\n\n\n\n<p>Ela tem por objetivo apurar a capacidade de planejamento de aula, de comunica\u00e7\u00e3o e de s\u00edntese do candidato, bem como seu conhecimento do conte\u00fado de aula a ser proferida e capacidade de transposi\u00e7\u00e3o did\u00e1tica deste conte\u00fado.<\/p>\n\n\n\n<p>Ser\u00e1 aplicada para os candidatos aprovados na Prova Discursiva, respeitada a propor\u00e7\u00e3o de at\u00e9 4 (quatro) vezes o n\u00famero de vagas oferecidas por cargo, incluindo os candidatos empatados na menor nota a ser convocada.<\/p>\n\n\n\n<p>Constar\u00e1 de duas etapas: An\u00e1lise do Plano de Aula e Prova Did\u00e1tica. A convoca\u00e7\u00e3o e as orienta\u00e7\u00f5es relacionadas \u00e0 Prova Pr\u00e1tica ser\u00e3o divulgadas por meio de Edital de Convoca\u00e7\u00e3o espec\u00edfico, com pelo menos 30 (trinta) dias de anteced\u00eancia \u00e0 data estabelecida a realiza\u00e7\u00e3o da Prova Pr\u00e1tica.<\/p>\n\n\n\n<h3 class=\"wp-block-heading\" id=\"titulos\">Avalia\u00e7\u00e3o de T\u00edtulos<\/h3>\n\n\n\n<p>A Prova de T\u00edtulos ser\u00e1 aplicada a todos candidatos aprovados na Prova Pr\u00e1tica.<\/p>\n\n\n\n<p class=\"has-text-align-center has-cyan-bluish-gray-background-color has-background has-medium-font-size\"><strong>Saiba mais: <\/strong><a href=\"https:\/\/www.estrategiaconcursos.com.br\/blog\/concurso-sme-sp\/\" target=\"_blank\" rel=\"noreferrer noopener\">concurso SME SP<\/a><\/p>\n\n\n\n<h2 class=\"has-text-align-center wp-block-heading\" id=\"h-quer-saber-tudo-sobre-concursos-previstos-confira-nossos-artigos\">Quer saber tudo sobre concursos previstos?<br \/>Confira  nossos artigos!<\/h2>\n\n\n\n<ul class=\"wp-block-list\"><li><a href=\"https:\/\/www.estrategiaconcursos.com.br\/blog\/concursos-abertos\/\" target=\"_blank\" rel=\"noreferrer noopener\">Concursos abertos<\/a><\/li><li><a href=\"https:\/\/www.estrategiaconcursos.com.br\/blog\/concursos-2022\/\" target=\"_blank\" rel=\"noreferrer noopener\">Concursos 2022<\/a><\/li><li><a href=\"https:\/\/www.estrategiaconcursos.com.br\/blog\/concursos-2023\/\" target=\"_blank\" rel=\"noreferrer noopener\">Concursos 2023<\/a><\/li><\/ul>\n\n\n\n<figure class=\"wp-block-image size-large is-resized\"><img loading=\"lazy\" decoding=\"async\" src=\"https:\/\/dhg1h5j42swfq.cloudfront.net\/2025\/06\/27101122\/ficha-tecnica-1-1024x632.png\" alt=\"Informa\u00e7\u00f5es do edital SME SP\" class=\"wp-image-702728\" width=\"269\" height=\"166\" srcset=\"https:\/\/dhg1h5j42swfq.cloudfront.net\/2025\/06\/27101122\/ficha-tecnica-1-1024x632.png 1024w, https:\/\/dhg1h5j42swfq.cloudfront.net\/2025\/06\/27101122\/ficha-tecnica-1-300x185.png 300w, https:\/\/dhg1h5j42swfq.cloudfront.net\/2025\/06\/27101122\/ficha-tecnica-1-768x474.png 768w, https:\/\/dhg1h5j42swfq.cloudfront.net\/2025\/06\/27101122\/ficha-tecnica-1-1536x948.png 1536w, https:\/\/dhg1h5j42swfq.cloudfront.net\/2025\/06\/27101122\/ficha-tecnica-1-610x377.png 610w, https:\/\/dhg1h5j42swfq.cloudfront.net\/2025\/06\/27101122\/ficha-tecnica-1.png 1571w\" sizes=\"auto, (max-width: 269px) 100vw, 269px\" \/><\/figure>\n\n\n\n<h3 class=\"wp-block-heading\" id=\"block-ba1614b5-988b-41ef-892d-f4c9f7e9dd42\">Informa\u00e7\u00f5es do edital SME SP<\/h3>\n\n\n\n<ul class=\"wp-block-list\" id=\"block-46dd482c-33cf-409c-8762-75c111403f14\"><li><strong>Inscri\u00e7\u00f5es<\/strong>: <s>31 de agosto at\u00e9 17 de outubro de 2022<\/s><\/li><li><strong>Provas<\/strong>: 08 e 15 de janeiro de 2023<\/li><li><strong>Vagas<\/strong>: 3.250<\/li><li><strong>Cargos<\/strong>: professor <\/li><li><strong>Banca<\/strong>: FGV<\/li><li><strong>Escolaridade<\/strong>: superior <\/li><li><strong>Edital<\/strong>:\u00a0<a href=\"https:\/\/dhg1h5j42swfq.cloudfront.net\/2022\/08\/30055747\/edital-01.pdf\" target=\"_blank\" rel=\"noreferrer noopener nofollow\">SME SP Ensino Fundamental e M\u00e9dio <\/a> e <a href=\"https:\/\/dhg1h5j42swfq.cloudfront.net\/2022\/08\/30055923\/edital-02.pdf\" target=\"_blank\" rel=\"noreferrer noopener nofollow\">Educa\u00e7\u00e3o Infantil e Fundamental <\/a><\/li><\/ul>\n\n\n\n<div class=\"container\" id=\"boxes\">\n  <div class=\"row\">\n\n    <div class=\"col-sm\">\n      <div class=\"estrategia\" id=\"box-assinatura\">\n        <h3 class=\"titulo-assinatura\">Assinatura de Concursos<\/h3>\n        <p class=\"subtitulo-assinatura\">Assinatura de 1 ano ou 2 anos<\/p>\n        <div class=\"box-botao\">\n          <a class=\"btn-assinatura\" target=\"_blank\" href=\"https:\/\/www.estrategiaconcursos.com.br\/assinaturas\/\" role=\"button\" rel=\"noopener noreferrer\">ASSINE AGORA<\/a>\n        <\/div>\n      <\/div>\n     \n    <\/div><\/div><\/div>\n","protected":false},"excerpt":{"rendered":"<p>O edital SME SP est\u00e1 com as inscri\u00e7\u00f5es encerradas! Conforme o documento, a Secretaria Municipal de Educa\u00e7\u00e3o de S\u00e3o Paulo oferece 3.250 vagas distribu\u00eddas entre os cargos de Professor de educa\u00e7\u00e3o Infantil e Ensino Fundamental I e Professor de Ensino Fundamental II e M\u00e9dio. As oportunidades s\u00e3o de n\u00edvel superior de forma\u00e7\u00e3o na \u00e1rea pretendida, [&hellip;]<\/p>\n","protected":false},"author":2375,"featured_media":383087,"comment_status":"open","ping_status":"closed","sticky":false,"template":"","format":"standard","meta":{"post_tipo":"news","footnotes":""},"categories":[3766,220219],"tags":[],"tax_estado":[219989],"class_list":["post-1085841","post","type-post","status-publish","format-standard","has-post-thumbnail","hentry","category-educacional","category-noticias","tax_estado-sp"],"acf":[],"yoast_head":"<!-- This site is optimized with the Yoast SEO Premium plugin v27.2 (Yoast SEO v27.2) - https:\/\/yoast.com\/product\/yoast-seo-premium-wordpress\/ -->\n<title>Edital SME SP: inscri\u00e7\u00f5es encerradas! At\u00e9 R$ 3 mil<\/title>\n<meta name=\"description\" content=\"Edital SME SP \u00e9 publicado com a oferta de 3.250 vagas para cargos de n\u00edvel superior. Acesse e confira os detalhes completos!\" \/>\n<meta name=\"robots\" content=\"index, follow, max-snippet:-1, max-image-preview:large, max-video-preview:-1\" \/>\n<link rel=\"canonical\" href=\"https:\/\/www.estrategiaconcursos.com.br\/blog\/concurso-sme-sp-edital-publicado\/\" \/>\n<meta property=\"og:locale\" content=\"pt_BR\" \/>\n<meta property=\"og:type\" content=\"article\" \/>\n<meta property=\"og:title\" content=\"Edital SME SP: inscri\u00e7\u00f5es encerradas! At\u00e9 R$ 3 mil\" \/>\n<meta property=\"og:description\" content=\"Edital SME SP \u00e9 publicado com a oferta de 3.250 vagas para cargos de n\u00edvel superior. Acesse e confira os detalhes completos!\" \/>\n<meta property=\"og:url\" content=\"https:\/\/www.estrategiaconcursos.com.br\/blog\/concurso-sme-sp-edital-publicado\/\" \/>\n<meta property=\"og:site_name\" content=\"Estrat\u00e9gia Concursos\" \/>\n<meta property=\"article:published_time\" content=\"2022-08-31T20:00:00+00:00\" \/>\n<meta property=\"article:modified_time\" content=\"2022-10-18T17:58:44+00:00\" \/>\n<meta property=\"og:image\" content=\"https:\/\/dhg1h5j42swfq.cloudfront.net\/2019\/06\/04141346\/SME-SP.jpg\" \/>\n\t<meta property=\"og:image:width\" content=\"1200\" \/>\n\t<meta property=\"og:image:height\" content=\"628\" \/>\n\t<meta property=\"og:image:type\" content=\"image\/jpeg\" \/>\n<meta name=\"author\" content=\"Priscila Almeida\" \/>\n<meta name=\"twitter:card\" content=\"summary_large_image\" \/>\n<meta name=\"twitter:creator\" content=\"@EstratConcursos\" \/>\n<meta name=\"twitter:site\" content=\"@EstratConcursos\" \/>\n<meta name=\"twitter:label1\" content=\"Escrito por\" \/>\n\t<meta name=\"twitter:data1\" content=\"Priscila Almeida\" \/>\n\t<meta name=\"twitter:label2\" content=\"Est. tempo de leitura\" \/>\n\t<meta name=\"twitter:data2\" content=\"5 minutos\" \/>\n<script type=\"application\/ld+json\" class=\"yoast-schema-graph\">{\"@context\":\"https:\/\/schema.org\",\"@graph\":[{\"@type\":\"NewsArticle\",\"@id\":\"https:\/\/www.estrategiaconcursos.com.br\/blog\/concurso-sme-sp-edital-publicado\/#article\",\"isPartOf\":{\"@id\":\"https:\/\/www.estrategiaconcursos.com.br\/blog\/concurso-sme-sp-edital-publicado\/\"},\"author\":{\"name\":\"Priscila Almeida\",\"@id\":\"https:\/\/www.estrategiaconcursos.com.br\/blog\/#\/schema\/person\/a06e841e501f2e1d8c49c4e8f066bfd1\"},\"headline\":\"Edital SME SP: inscri\u00e7\u00f5es encerradas! At\u00e9 R$ 3 mil\",\"datePublished\":\"2022-08-31T20:00:00+00:00\",\"dateModified\":\"2022-10-18T17:58:44+00:00\",\"mainEntityOfPage\":{\"@id\":\"https:\/\/www.estrategiaconcursos.com.br\/blog\/concurso-sme-sp-edital-publicado\/\"},\"wordCount\":1116,\"commentCount\":0,\"publisher\":{\"@id\":\"https:\/\/www.estrategiaconcursos.com.br\/blog\/#organization\"},\"image\":{\"@id\":\"https:\/\/www.estrategiaconcursos.com.br\/blog\/concurso-sme-sp-edital-publicado\/#primaryimage\"},\"thumbnailUrl\":\"https:\/\/dhg1h5j42swfq.cloudfront.net\/2019\/06\/04141346\/SME-SP.jpg\",\"articleSection\":[\"Educa\u00e7\u00e3o\",\"\u00daltimas not\u00edcias\"],\"inLanguage\":\"pt-BR\",\"potentialAction\":[{\"@type\":\"CommentAction\",\"name\":\"Comment\",\"target\":[\"https:\/\/www.estrategiaconcursos.com.br\/blog\/concurso-sme-sp-edital-publicado\/#respond\"]}],\"copyrightYear\":\"2022\",\"copyrightHolder\":{\"@id\":\"https:\/\/www.estrategiaconcursos.com.br\/blog\/#organization\"}},{\"@type\":\"WebPage\",\"@id\":\"https:\/\/www.estrategiaconcursos.com.br\/blog\/concurso-sme-sp-edital-publicado\/\",\"url\":\"https:\/\/www.estrategiaconcursos.com.br\/blog\/concurso-sme-sp-edital-publicado\/\",\"name\":\"Edital SME SP: inscri\u00e7\u00f5es encerradas! At\u00e9 R$ 3 mil\",\"isPartOf\":{\"@id\":\"https:\/\/www.estrategiaconcursos.com.br\/blog\/#website\"},\"primaryImageOfPage\":{\"@id\":\"https:\/\/www.estrategiaconcursos.com.br\/blog\/concurso-sme-sp-edital-publicado\/#primaryimage\"},\"image\":{\"@id\":\"https:\/\/www.estrategiaconcursos.com.br\/blog\/concurso-sme-sp-edital-publicado\/#primaryimage\"},\"thumbnailUrl\":\"https:\/\/dhg1h5j42swfq.cloudfront.net\/2019\/06\/04141346\/SME-SP.jpg\",\"datePublished\":\"2022-08-31T20:00:00+00:00\",\"dateModified\":\"2022-10-18T17:58:44+00:00\",\"description\":\"Edital SME SP \u00e9 publicado com a oferta de 3.250 vagas para cargos de n\u00edvel superior. Acesse e confira os detalhes completos!\",\"breadcrumb\":{\"@id\":\"https:\/\/www.estrategiaconcursos.com.br\/blog\/concurso-sme-sp-edital-publicado\/#breadcrumb\"},\"inLanguage\":\"pt-BR\",\"potentialAction\":[{\"@type\":\"ReadAction\",\"target\":[\"https:\/\/www.estrategiaconcursos.com.br\/blog\/concurso-sme-sp-edital-publicado\/\"]}]},{\"@type\":\"ImageObject\",\"inLanguage\":\"pt-BR\",\"@id\":\"https:\/\/www.estrategiaconcursos.com.br\/blog\/concurso-sme-sp-edital-publicado\/#primaryimage\",\"url\":\"https:\/\/dhg1h5j42swfq.cloudfront.net\/2019\/06\/04141346\/SME-SP.jpg\",\"contentUrl\":\"https:\/\/dhg1h5j42swfq.cloudfront.net\/2019\/06\/04141346\/SME-SP.jpg\",\"width\":1200,\"height\":628,\"caption\":\"concurso sme sp\"},{\"@type\":\"BreadcrumbList\",\"@id\":\"https:\/\/www.estrategiaconcursos.com.br\/blog\/concurso-sme-sp-edital-publicado\/#breadcrumb\",\"itemListElement\":[{\"@type\":\"ListItem\",\"position\":1,\"name\":\"In\u00edcio\",\"item\":\"https:\/\/www.estrategiaconcursos.com.br\/blog\/\"},{\"@type\":\"ListItem\",\"position\":2,\"name\":\"Edital SME SP: inscri\u00e7\u00f5es encerradas! At\u00e9 R$ 3 mil\"}]},{\"@type\":\"WebSite\",\"@id\":\"https:\/\/www.estrategiaconcursos.com.br\/blog\/#website\",\"url\":\"https:\/\/www.estrategiaconcursos.com.br\/blog\/\",\"name\":\"Estrat\u00e9gia Concursos\",\"description\":\"O blog da Estrat\u00e9gia Concursos traz not\u00edcias sobre concursos e artigos de professores oferecendo cursos para concursos (pdf + videaulas) no site.\",\"publisher\":{\"@id\":\"https:\/\/www.estrategiaconcursos.com.br\/blog\/#organization\"},\"potentialAction\":[{\"@type\":\"SearchAction\",\"target\":{\"@type\":\"EntryPoint\",\"urlTemplate\":\"https:\/\/www.estrategiaconcursos.com.br\/blog\/?s={search_term_string}\"},\"query-input\":{\"@type\":\"PropertyValueSpecification\",\"valueRequired\":true,\"valueName\":\"search_term_string\"}}],\"inLanguage\":\"pt-BR\"},{\"@type\":\"Organization\",\"@id\":\"https:\/\/www.estrategiaconcursos.com.br\/blog\/#organization\",\"name\":\"Estrat\u00e9gia Concursos\",\"url\":\"https:\/\/www.estrategiaconcursos.com.br\/blog\/\",\"logo\":{\"@type\":\"ImageObject\",\"inLanguage\":\"pt-BR\",\"@id\":\"https:\/\/www.estrategiaconcursos.com.br\/blog\/#\/schema\/logo\/image\/\",\"url\":\"https:\/\/dhg1h5j42swfq.cloudfront.net\/2025\/06\/03203428\/logo_concursos-1.jpg\",\"contentUrl\":\"https:\/\/dhg1h5j42swfq.cloudfront.net\/2025\/06\/03203428\/logo_concursos-1.jpg\",\"width\":230,\"height\":60,\"caption\":\"Estrat\u00e9gia Concursos\"},\"image\":{\"@id\":\"https:\/\/www.estrategiaconcursos.com.br\/blog\/#\/schema\/logo\/image\/\"},\"sameAs\":[\"https:\/\/x.com\/EstratConcursos\"]},{\"@type\":\"Person\",\"@id\":\"https:\/\/www.estrategiaconcursos.com.br\/blog\/#\/schema\/person\/a06e841e501f2e1d8c49c4e8f066bfd1\",\"name\":\"Priscila Almeida\",\"image\":{\"@type\":\"ImageObject\",\"inLanguage\":\"pt-BR\",\"@id\":\"https:\/\/secure.gravatar.com\/avatar\/0a963c9e2a947fa675b669cea2b5d0ba6dd1cbf46b966190343b6c9973ad3337?s=96&d=mm&r=g\",\"url\":\"https:\/\/secure.gravatar.com\/avatar\/0a963c9e2a947fa675b669cea2b5d0ba6dd1cbf46b966190343b6c9973ad3337?s=96&d=mm&r=g\",\"contentUrl\":\"https:\/\/secure.gravatar.com\/avatar\/0a963c9e2a947fa675b669cea2b5d0ba6dd1cbf46b966190343b6c9973ad3337?s=96&d=mm&r=g\",\"caption\":\"Priscila Almeida\"},\"description\":\"Atua na \u00e1rea de concursos p\u00fablicos desde 2019. As editorias que mais t\u00eam familiaridade s\u00e3o: Tribunais (TJs; TRTs; TREs; TSTs; STJ, STF, STM e TSE); Defensorias; Minist\u00e9rios P\u00fablicos; Procuradorias; Educa\u00e7\u00e3o e Conselhos. Na \u00e1rea de comunica\u00e7\u00e3o, de maneira geral, a caminhada \u00e9 um pouco mais longa - desde 2007. Possui experi\u00eancia em reda\u00e7\u00f5es de r\u00e1dio, TV, Web e impresso, al\u00e9m de desenvolver trabalhos em assessorias de comunica\u00e7\u00e3o institucional, empresarial e p\u00fablicas. Entre outros trabalhos, se destacam a atua\u00e7\u00e3o nas \u00e1reas de Justi\u00e7a, Congresso, Esportes, Sa\u00fade, Agropecu\u00e1ria, Cidades e Avia\u00e7\u00e3o Civil.\",\"url\":\"https:\/\/www.estrategiaconcursos.com.br\/blog\/author\/priscila-almeidaestrategia-com\/\"}]}<\/script>\n<!-- \/ Yoast SEO Premium plugin. -->","yoast_head_json":{"title":"Edital SME SP: inscri\u00e7\u00f5es encerradas! At\u00e9 R$ 3 mil","description":"Edital SME SP \u00e9 publicado com a oferta de 3.250 vagas para cargos de n\u00edvel superior. Acesse e confira os detalhes completos!","robots":{"index":"index","follow":"follow","max-snippet":"max-snippet:-1","max-image-preview":"max-image-preview:large","max-video-preview":"max-video-preview:-1"},"canonical":"https:\/\/www.estrategiaconcursos.com.br\/blog\/concurso-sme-sp-edital-publicado\/","og_locale":"pt_BR","og_type":"article","og_title":"Edital SME SP: inscri\u00e7\u00f5es encerradas! At\u00e9 R$ 3 mil","og_description":"Edital SME SP \u00e9 publicado com a oferta de 3.250 vagas para cargos de n\u00edvel superior. Acesse e confira os detalhes completos!","og_url":"https:\/\/www.estrategiaconcursos.com.br\/blog\/concurso-sme-sp-edital-publicado\/","og_site_name":"Estrat\u00e9gia Concursos","article_published_time":"2022-08-31T20:00:00+00:00","article_modified_time":"2022-10-18T17:58:44+00:00","og_image":[{"width":1200,"height":628,"url":"https:\/\/dhg1h5j42swfq.cloudfront.net\/2019\/06\/04141346\/SME-SP.jpg","type":"image\/jpeg"}],"author":"Priscila Almeida","twitter_card":"summary_large_image","twitter_creator":"@EstratConcursos","twitter_site":"@EstratConcursos","twitter_misc":{"Escrito por":"Priscila Almeida","Est. tempo de leitura":"5 minutos"},"schema":{"@context":"https:\/\/schema.org","@graph":[{"@type":"NewsArticle","@id":"https:\/\/www.estrategiaconcursos.com.br\/blog\/concurso-sme-sp-edital-publicado\/#article","isPartOf":{"@id":"https:\/\/www.estrategiaconcursos.com.br\/blog\/concurso-sme-sp-edital-publicado\/"},"author":{"name":"Priscila Almeida","@id":"https:\/\/www.estrategiaconcursos.com.br\/blog\/#\/schema\/person\/a06e841e501f2e1d8c49c4e8f066bfd1"},"headline":"Edital SME SP: inscri\u00e7\u00f5es encerradas! At\u00e9 R$ 3 mil","datePublished":"2022-08-31T20:00:00+00:00","dateModified":"2022-10-18T17:58:44+00:00","mainEntityOfPage":{"@id":"https:\/\/www.estrategiaconcursos.com.br\/blog\/concurso-sme-sp-edital-publicado\/"},"wordCount":1116,"commentCount":0,"publisher":{"@id":"https:\/\/www.estrategiaconcursos.com.br\/blog\/#organization"},"image":{"@id":"https:\/\/www.estrategiaconcursos.com.br\/blog\/concurso-sme-sp-edital-publicado\/#primaryimage"},"thumbnailUrl":"https:\/\/dhg1h5j42swfq.cloudfront.net\/2019\/06\/04141346\/SME-SP.jpg","articleSection":["Educa\u00e7\u00e3o","\u00daltimas not\u00edcias"],"inLanguage":"pt-BR","potentialAction":[{"@type":"CommentAction","name":"Comment","target":["https:\/\/www.estrategiaconcursos.com.br\/blog\/concurso-sme-sp-edital-publicado\/#respond"]}],"copyrightYear":"2022","copyrightHolder":{"@id":"https:\/\/www.estrategiaconcursos.com.br\/blog\/#organization"}},{"@type":"WebPage","@id":"https:\/\/www.estrategiaconcursos.com.br\/blog\/concurso-sme-sp-edital-publicado\/","url":"https:\/\/www.estrategiaconcursos.com.br\/blog\/concurso-sme-sp-edital-publicado\/","name":"Edital SME SP: inscri\u00e7\u00f5es encerradas! At\u00e9 R$ 3 mil","isPartOf":{"@id":"https:\/\/www.estrategiaconcursos.com.br\/blog\/#website"},"primaryImageOfPage":{"@id":"https:\/\/www.estrategiaconcursos.com.br\/blog\/concurso-sme-sp-edital-publicado\/#primaryimage"},"image":{"@id":"https:\/\/www.estrategiaconcursos.com.br\/blog\/concurso-sme-sp-edital-publicado\/#primaryimage"},"thumbnailUrl":"https:\/\/dhg1h5j42swfq.cloudfront.net\/2019\/06\/04141346\/SME-SP.jpg","datePublished":"2022-08-31T20:00:00+00:00","dateModified":"2022-10-18T17:58:44+00:00","description":"Edital SME SP \u00e9 publicado com a oferta de 3.250 vagas para cargos de n\u00edvel superior. Acesse e confira os detalhes completos!","breadcrumb":{"@id":"https:\/\/www.estrategiaconcursos.com.br\/blog\/concurso-sme-sp-edital-publicado\/#breadcrumb"},"inLanguage":"pt-BR","potentialAction":[{"@type":"ReadAction","target":["https:\/\/www.estrategiaconcursos.com.br\/blog\/concurso-sme-sp-edital-publicado\/"]}]},{"@type":"ImageObject","inLanguage":"pt-BR","@id":"https:\/\/www.estrategiaconcursos.com.br\/blog\/concurso-sme-sp-edital-publicado\/#primaryimage","url":"https:\/\/dhg1h5j42swfq.cloudfront.net\/2019\/06\/04141346\/SME-SP.jpg","contentUrl":"https:\/\/dhg1h5j42swfq.cloudfront.net\/2019\/06\/04141346\/SME-SP.jpg","width":1200,"height":628,"caption":"concurso sme sp"},{"@type":"BreadcrumbList","@id":"https:\/\/www.estrategiaconcursos.com.br\/blog\/concurso-sme-sp-edital-publicado\/#breadcrumb","itemListElement":[{"@type":"ListItem","position":1,"name":"In\u00edcio","item":"https:\/\/www.estrategiaconcursos.com.br\/blog\/"},{"@type":"ListItem","position":2,"name":"Edital SME SP: inscri\u00e7\u00f5es encerradas! At\u00e9 R$ 3 mil"}]},{"@type":"WebSite","@id":"https:\/\/www.estrategiaconcursos.com.br\/blog\/#website","url":"https:\/\/www.estrategiaconcursos.com.br\/blog\/","name":"Estrat\u00e9gia Concursos","description":"O blog da Estrat\u00e9gia Concursos traz not\u00edcias sobre concursos e artigos de professores oferecendo cursos para concursos (pdf + videaulas) no site.","publisher":{"@id":"https:\/\/www.estrategiaconcursos.com.br\/blog\/#organization"},"potentialAction":[{"@type":"SearchAction","target":{"@type":"EntryPoint","urlTemplate":"https:\/\/www.estrategiaconcursos.com.br\/blog\/?s={search_term_string}"},"query-input":{"@type":"PropertyValueSpecification","valueRequired":true,"valueName":"search_term_string"}}],"inLanguage":"pt-BR"},{"@type":"Organization","@id":"https:\/\/www.estrategiaconcursos.com.br\/blog\/#organization","name":"Estrat\u00e9gia Concursos","url":"https:\/\/www.estrategiaconcursos.com.br\/blog\/","logo":{"@type":"ImageObject","inLanguage":"pt-BR","@id":"https:\/\/www.estrategiaconcursos.com.br\/blog\/#\/schema\/logo\/image\/","url":"https:\/\/dhg1h5j42swfq.cloudfront.net\/2025\/06\/03203428\/logo_concursos-1.jpg","contentUrl":"https:\/\/dhg1h5j42swfq.cloudfront.net\/2025\/06\/03203428\/logo_concursos-1.jpg","width":230,"height":60,"caption":"Estrat\u00e9gia Concursos"},"image":{"@id":"https:\/\/www.estrategiaconcursos.com.br\/blog\/#\/schema\/logo\/image\/"},"sameAs":["https:\/\/x.com\/EstratConcursos"]},{"@type":"Person","@id":"https:\/\/www.estrategiaconcursos.com.br\/blog\/#\/schema\/person\/a06e841e501f2e1d8c49c4e8f066bfd1","name":"Priscila Almeida","image":{"@type":"ImageObject","inLanguage":"pt-BR","@id":"https:\/\/secure.gravatar.com\/avatar\/0a963c9e2a947fa675b669cea2b5d0ba6dd1cbf46b966190343b6c9973ad3337?s=96&d=mm&r=g","url":"https:\/\/secure.gravatar.com\/avatar\/0a963c9e2a947fa675b669cea2b5d0ba6dd1cbf46b966190343b6c9973ad3337?s=96&d=mm&r=g","contentUrl":"https:\/\/secure.gravatar.com\/avatar\/0a963c9e2a947fa675b669cea2b5d0ba6dd1cbf46b966190343b6c9973ad3337?s=96&d=mm&r=g","caption":"Priscila Almeida"},"description":"Atua na \u00e1rea de concursos p\u00fablicos desde 2019. As editorias que mais t\u00eam familiaridade s\u00e3o: Tribunais (TJs; TRTs; TREs; TSTs; STJ, STF, STM e TSE); Defensorias; Minist\u00e9rios P\u00fablicos; Procuradorias; Educa\u00e7\u00e3o e Conselhos. Na \u00e1rea de comunica\u00e7\u00e3o, de maneira geral, a caminhada \u00e9 um pouco mais longa - desde 2007. Possui experi\u00eancia em reda\u00e7\u00f5es de r\u00e1dio, TV, Web e impresso, al\u00e9m de desenvolver trabalhos em assessorias de comunica\u00e7\u00e3o institucional, empresarial e p\u00fablicas. Entre outros trabalhos, se destacam a atua\u00e7\u00e3o nas \u00e1reas de Justi\u00e7a, Congresso, Esportes, Sa\u00fade, Agropecu\u00e1ria, Cidades e Avia\u00e7\u00e3o Civil.","url":"https:\/\/www.estrategiaconcursos.com.br\/blog\/author\/priscila-almeidaestrategia-com\/"}]}},"_links":{"self":[{"href":"https:\/\/www.estrategiaconcursos.com.br\/blog\/wp-json\/wp\/v2\/posts\/1085841","targetHints":{"allow":["GET"]}}],"collection":[{"href":"https:\/\/www.estrategiaconcursos.com.br\/blog\/wp-json\/wp\/v2\/posts"}],"about":[{"href":"https:\/\/www.estrategiaconcursos.com.br\/blog\/wp-json\/wp\/v2\/types\/post"}],"author":[{"embeddable":true,"href":"https:\/\/www.estrategiaconcursos.com.br\/blog\/wp-json\/wp\/v2\/users\/2375"}],"replies":[{"embeddable":true,"href":"https:\/\/www.estrategiaconcursos.com.br\/blog\/wp-json\/wp\/v2\/comments?post=1085841"}],"version-history":[{"count":25,"href":"https:\/\/www.estrategiaconcursos.com.br\/blog\/wp-json\/wp\/v2\/posts\/1085841\/revisions"}],"predecessor-version":[{"id":1111921,"href":"https:\/\/www.estrategiaconcursos.com.br\/blog\/wp-json\/wp\/v2\/posts\/1085841\/revisions\/1111921"}],"wp:featuredmedia":[{"embeddable":true,"href":"https:\/\/www.estrategiaconcursos.com.br\/blog\/wp-json\/wp\/v2\/media\/383087"}],"wp:attachment":[{"href":"https:\/\/www.estrategiaconcursos.com.br\/blog\/wp-json\/wp\/v2\/media?parent=1085841"}],"wp:term":[{"taxonomy":"category","embeddable":true,"href":"https:\/\/www.estrategiaconcursos.com.br\/blog\/wp-json\/wp\/v2\/categories?post=1085841"},{"taxonomy":"post_tag","embeddable":true,"href":"https:\/\/www.estrategiaconcursos.com.br\/blog\/wp-json\/wp\/v2\/tags?post=1085841"},{"taxonomy":"tax_estado","embeddable":true,"href":"https:\/\/www.estrategiaconcursos.com.br\/blog\/wp-json\/wp\/v2\/tax_estado?post=1085841"}],"curies":[{"name":"wp","href":"https:\/\/api.w.org\/{rel}","templated":true}]}}