{"id":1085818,"date":"2022-09-19T10:56:00","date_gmt":"2022-09-19T13:56:00","guid":{"rendered":"https:\/\/www.estrategiaconcursos.com.br\/blog\/?p=1085818"},"modified":"2022-09-06T14:48:45","modified_gmt":"2022-09-06T17:48:45","slug":"procedimento-legislativo-comum-senado","status":"publish","type":"post","link":"https:\/\/www.estrategiaconcursos.com.br\/blog\/procedimento-legislativo-comum-senado\/","title":{"rendered":"Procedimento Legislativo Comum para o Senado"},"content":{"rendered":"\n<p><em>Aprenda sobre o Procedimento Legislativo Comum para o Senado e garanta a vaga no concurso mais desejado do ano.<\/em><\/p>\n\n\n\n<figure class=\"wp-block-image size-large\"><img loading=\"lazy\" decoding=\"async\" width=\"1024\" height=\"656\" src=\"https:\/\/dhg1h5j42swfq.cloudfront.net\/2022\/09\/05162322\/congresso_do_brasil_ebc-1024x656.jpg\" alt=\"Tipos de Procedimento Legislativo Comum para o Senado\" class=\"wp-image-1089705\" srcset=\"https:\/\/dhg1h5j42swfq.cloudfront.net\/2022\/09\/05162322\/congresso_do_brasil_ebc-1024x656.jpg 1024w, https:\/\/dhg1h5j42swfq.cloudfront.net\/2022\/09\/05162322\/congresso_do_brasil_ebc-300x192.jpg 300w, https:\/\/dhg1h5j42swfq.cloudfront.net\/2022\/09\/05162322\/congresso_do_brasil_ebc-768x492.jpg 768w, https:\/\/dhg1h5j42swfq.cloudfront.net\/2022\/09\/05162322\/congresso_do_brasil_ebc-1536x984.jpg 1536w, https:\/\/dhg1h5j42swfq.cloudfront.net\/2022\/09\/05162322\/congresso_do_brasil_ebc-2048x1312.jpg 2048w, https:\/\/dhg1h5j42swfq.cloudfront.net\/2022\/09\/05162322\/congresso_do_brasil_ebc-610x391.jpg 610w, https:\/\/dhg1h5j42swfq.cloudfront.net\/2022\/09\/05162322\/congresso_do_brasil_ebc-150x96.jpg 150w\" sizes=\"auto, (max-width: 1024px) 100vw, 1024px\" \/><figcaption>Procedimento Legislativo Comum para o Senado<\/figcaption><\/figure>\n\n\n\n<p>Ol\u00e1, estrategistas! Depois de muita espera, saiu o t\u00e3o esperado <a href=\"https:\/\/conhecimento.fgv.br\/concursos\/senado22\" target=\"_blank\" rel=\"noreferrer noopener\">edital <\/a>para o <a href=\"https:\/\/www.estrategiaconcursos.com.br\/cursosPorConcurso\/senado-federal-6\/\" target=\"_blank\" rel=\"noreferrer noopener\">Concurso para o Senado Federal<\/a>. Ser\u00e3o ofertadas 22 vagas imediatas, al\u00e9m de 992 em cadastro reserva, com <strong>sal\u00e1rios iniciais variam de R$ 19.427,79 a R$ 33.461,68<\/strong>! <\/p>\n\n\n\n<p>Para ajud\u00e1-los a trilhar o caminho da aprova\u00e7\u00e3o, hoje vamos estudar sobre o <strong>Procedimento Legislativo Comum para o Senado.<\/strong><\/p>\n\n\n\n<h2 class=\"wp-block-heading\" id=\"h-o-que-e-processo-legislativo-procedimento-legislativo-comum-para-o-senado\"><mark style=\"background-color:rgba(0, 0, 0, 0)\" class=\"has-inline-color has-vivid-purple-color\">O que \u00e9 processo legislativo? &#8211; Procedimento Legislativo Comum para o Senado<\/mark><\/h2>\n\n\n\n<p>Antes de adentrarmos nos tipos de procedimento legislativo comum, precisamos entender o que \u00e9 o processo legislativo, certo?<\/p>\n\n\n\n<p><strong>Processo legislativo<\/strong> compreende<strong> a elabora\u00e7\u00e3o, an\u00e1lise e vota\u00e7\u00e3o das propostas <\/strong>normativas, cuja tramita\u00e7\u00e3o depende de procedimentos legislativos diversos. Este assunto est\u00e1 abarcado entre os Arts. 59 a 60 da Constitui\u00e7\u00e3o Federal.<\/p>\n\n\n\n<p>Assim, o processo legislativo \u00e9 dividido nos seguintes procedimentos:<\/p>\n\n\n\n<h3 class=\"wp-block-heading\"><mark style=\"background-color:rgba(0, 0, 0, 0)\" class=\"has-inline-color has-vivid-purple-color\">1) Procedimento Legislativo Comum<\/mark><\/h3>\n\n\n\n<p>a) Ordin\u00e1rio <\/p>\n\n\n\n<p>b) Sum\u00e1rio<\/p>\n\n\n\n<h3 class=\"wp-block-heading\"><mark style=\"background-color:rgba(0, 0, 0, 0)\" class=\"has-inline-color has-vivid-purple-color\">2) Procedimento Legislativo Especial<\/mark><\/h3>\n\n\n\n<p>Tendo em vista a complexidade e extens\u00e3o do assunto, abordaremos este tema em outro artigo.<\/p>\n\n\n\n<h2 class=\"wp-block-heading\" id=\"h-procedimento-legislativo-ordinario\"><mark style=\"background-color:rgba(0, 0, 0, 0)\" class=\"has-inline-color has-vivid-purple-color\">Procedimento Legislativo Ordin\u00e1rio<\/mark><\/h2>\n\n\n\n<p>Este \u00e9 o principal e o mais usual dos procedimentos legislativos comuns, ou seja, \u00e9 aquele que se dedica \u00e0 elabora\u00e7\u00e3o das leis ordin\u00e1rias. <\/p>\n\n\n\n<p>Dentre as suas principais caracter\u00edsticas est\u00e3o <strong>a n\u00e3o exig\u00eancia de um prazo para encerramento <\/strong>e a <strong>necessidade de cumprir todas as etapas e as formalidades <\/strong>necess\u00e1rias para a elabora\u00e7\u00e3o de uma lei de tramita\u00e7\u00e3o comum.<\/p>\n\n\n\n<p>Assim, o processo legislativo ordin\u00e1rio \u00e9 fracionado em <strong>tr\u00eas grandes fases: <\/strong><\/p>\n\n\n\n<p>a) <strong>Fase introdut\u00f3ria <\/strong><\/p>\n\n\n\n<p>b) <strong>Fase constitutiva<\/strong> <\/p>\n\n\n\n<p>c) <strong>Fase complementar<\/strong> <\/p>\n\n\n\n<h2 class=\"wp-block-heading\"><mark style=\"background-color:rgba(0, 0, 0, 0)\" class=\"has-inline-color has-vivid-purple-color\">Fase Introdut\u00f3ria<\/mark><\/h2>\n\n\n\n<p>Como o pr\u00f3prio nome  nos informa, \u00e9 nesta fase que se inicia o projeto de lei, ou seja, \u00e9 aqui em que ele \u00e9 apresentado. <\/p>\n\n\n\n<h4 class=\"wp-block-heading\">Apresentado por quem?<\/h4>\n\n\n\n<p>O Art. 61 da Constitui\u00e7\u00e3o Federal nos lista um<strong> rol n\u00e3o exaustivo<\/strong> dos legitimados para deflagrar o processo legislativo e inclui as seguintes figuras: <\/p>\n\n\n\n<ul class=\"wp-block-list\"><li>Qualquer membro ou Comiss\u00e3o da C\u00e2mara dos Deputados, do Senado Federal ou do Congresso Nacional<\/li><li>Presidente da Rep\u00fablica<\/li><li>Supremo Tribunal Federal<\/li><li>Tribunais Superiores<\/li><li>Procurador Geral da Rep\u00fablica<\/li><li>Cidad\u00e3os<\/li><\/ul>\n\n\n\n<p>Desta forma, esta iniciativa pode ser:<\/p>\n\n\n\n<p>a) <strong>Parlamentar:<\/strong> Apresentada pelos membros do Congresso<\/p>\n\n\n\n<p>b) <strong>Extraparlamentar: <\/strong>Apresentada por outras figuras, tais como o Presidente da Rep\u00fablica, STF, Tribunais Superiores, PGR ou cidad\u00e3os.<\/p>\n\n\n\n<p>Al\u00e9m disso, estes projetos de lei podem ser ainda de iniciativa:<\/p>\n\n\n\n<p>a) <strong>Geral (comum ou concorrente): <\/strong>Determinados temas n\u00e3o s\u00e3o de iniciativa privativa. <\/p>\n\n\n\n<p>b) <strong>Popular<\/strong>: \u00c2mbito federal, estadual e municipal.<\/p>\n\n\n\n<p>c) <strong>Privativa (exclusiva ou reservada)<\/strong> do(a):<\/p>\n\n\n\n<ul class=\"wp-block-list\"><li>Presidente da Rep\u00fablica (Art. 61, \u00a71\u00ba, CF)<\/li><li>Tribunais do Poder Judici\u00e1rio (Art. 96, I, CF)<\/li><li>Defensoria P\u00fablica (Art. 134, \u00a74\u00ba, CF)<\/li><li>Chefes dos Minist\u00e9rios P\u00fablicos (Art. 126, \u00a72\u00ba, CF)<\/li><li>Tribunais de Contas (Art. 73, CF)<\/li><li>Poder Legislativo<\/li><\/ul>\n\n\n\n<div class=\"wp-block-group is-layout-flow wp-block-group-is-layout-flow\">\n<p class=\"has-background\" style=\"background-color:#f1f1f1f2\"><mark style=\"background-color:rgba(0, 0, 0, 0)\" class=\"has-inline-color has-vivid-purple-color\"><strong>IMPORTANTE:<\/strong><\/mark> Na maioria das vezes, a C\u00e2mara dos Deputados \u00e9 a casa iniciadora e o Senado Federal \u00e9 a casa revisora. Contudo, o Senado Federal pode ser casa iniciadora quando o projeto de lei for apresentado por um senador, pela comiss\u00e3o do senado ou por uma comiss\u00e3o do Congresso Nacional.<\/p>\n<\/div>\n\n\n\n<h2 class=\"wp-block-heading\"><mark style=\"background-color:rgba(0, 0, 0, 0)\" class=\"has-inline-color has-vivid-purple-color\">Fase Constitutiva<\/mark><\/h2>\n\n\n\n<p>Durante a fase constitutiva acontece a discuss\u00e3o e vota\u00e7\u00e3o do projeto de lei apresentado, ou seja, esta \u00e9 a etapa do processo legislativo em que o projeto de lei \u00e9 discutido, validado e deliberado. Ap\u00f3s a delibera\u00e7\u00e3o parlamentar, caso o projeto de lei seja aprovado pelas duas Casas Legislativas, o chefe do Poder Executivo exercer\u00e1 seu poder de veto ou de san\u00e7\u00e3o.<\/p>\n\n\n\n<h3 class=\"wp-block-heading\"><mark style=\"background-color:rgba(0, 0, 0, 0)\" class=\"has-inline-color has-vivid-purple-color\">Delibera\u00e7\u00e3o Parlamentar<\/mark><\/h3>\n\n\n\n<p>Neste momento, o projeto de lei \u00e9 apreciado nas duas casas separadamente, em um turno de discuss\u00e3o e vota\u00e7\u00e3o, sendo necess\u00e1ria a maioria relativa em cada uma delas.<\/p>\n\n\n\n<p>O projeto de lei \u00e9 primeiramente apreciado na comiss\u00e3o de constitui\u00e7\u00e3o e justi\u00e7a e depois nas demais comiss\u00f5es tem\u00e1ticas que dever\u00e3o emitir os respectivos pareceres. <\/p>\n\n\n\n<p>Ap\u00f3s discuss\u00e3o do parecer, o projeto de lei \u00e9 enviado ao plen\u00e1rio da casa iniciadora para um turno de discuss\u00e3o e vota\u00e7\u00e3o. Caso seja aprovado por maioria simples, segue para a casa revisora, repetindo os mesmos procedimentos. Ap\u00f3s esse processo, a casa revisora poder\u00e1 rejeitar, emendar ou aprovar.<\/p>\n\n\n\n<h3 class=\"wp-block-heading\"><mark style=\"background-color:rgba(0, 0, 0, 0)\" class=\"has-inline-color has-vivid-purple-color\">Delibera\u00e7\u00e3o Executiva<\/mark><\/h3>\n\n\n\n<p>Caso a delibera\u00e7\u00e3o parlamentar decida pela aprova\u00e7\u00e3o do projeto de lei, este seguir\u00e1 para a san\u00e7\u00e3o ou veto do Presidente da Rep\u00fablica (a chamada delibera\u00e7\u00e3o executiva).<\/p>\n\n\n\n<p><strong>San\u00e7\u00e3o: <\/strong>O chefe do Poder Executivo<strong> concorda e transforma o projeto efetivamente em Lei.<\/strong><\/p>\n\n\n\n<p><strong>Veto:<\/strong> Neste caso, o chefe do Poder Executivo <strong>discorda e impede a transforma\u00e7\u00e3o do projeto em lei. <\/strong><\/p>\n\n\n\n<p> Aqui cabe detalhar um pouco mais sobre o instituto do veto, pois h\u00e1 v\u00e1rios pormenores que costumam cair em prova e causar confus\u00e3o nos candidatos.<\/p>\n\n\n\n<div class=\"wp-block-group has-background is-layout-flow wp-block-group-is-layout-flow\" style=\"background-color:#f1f1f1\">\n<p class=\"has-text-align-center\"><strong><mark style=\"background-color:rgba(0, 0, 0, 0)\" class=\"has-inline-color has-vivid-purple-color\">VETO DO PRESIDENTE<\/mark><\/strong><\/p>\n\n\n\n<ul class=\"wp-block-list\"><li>O veto pode ser <strong>total <\/strong>(quando h\u00e1 discord\u00e2ncia acerca de todo o projeto) <strong>ou parcial <\/strong>(quando h\u00e1 discord\u00e2ncia afeta apenas parte do projeto).<\/li><li>\u00c9 <strong>irretrat\u00e1vel<\/strong>.<\/li><li>Dever\u00e1 ser <strong>manifestado em 15 dias<\/strong> contados do recebimento. Caso n\u00e3o haja a manifesta\u00e7\u00e3o, o sil\u00eancio ser\u00e1 entendido como san\u00e7\u00e3o.<\/li><li>Dever\u00e1 ser <strong>devidamente motivado<\/strong>.<\/li><li><strong>N\u00e3o \u00e9 absoluto.<\/strong> Ap\u00f3s receber o veto, o Congresso Nacional tem 30 dias corridos para apreci\u00e1-lo (manter ou derrubar).<\/li><\/ul>\n<\/div>\n\n\n\n<h2 class=\"wp-block-heading\"><mark style=\"background-color:rgba(0, 0, 0, 0)\" class=\"has-inline-color has-vivid-purple-color\">Fase Complementar<\/mark><\/h2>\n\n\n\n<p>Esta \u00e9 a fase em que ocorre a promulga\u00e7\u00e3o e a publica\u00e7\u00e3o da lei, ou seja, \u00e9 <strong>a fase final do procedimento legislativo ordin\u00e1rio.<\/strong><\/p>\n\n\n\n<p><strong>Promulga\u00e7\u00e3o<\/strong> \u00e9 o ato que atesta a exist\u00eancia da lei, isto \u00e9, o momento em que a iniciativa perde o status de projeto e passa a figurar como ato normativo oficial. <\/p>\n\n\n\n<p>Por sua vez, a <strong>publica\u00e7\u00e3o<\/strong> \u00e9 o ato de divulga\u00e7\u00e3o oficial da lei, ou seja, ela \u00e9 uma comunica\u00e7\u00e3o que objetiva tornar p\u00fablica a exist\u00eancia de uma nova lei e \u00e9 uma condi\u00e7\u00e3o de efic\u00e1cia da lei. <\/p>\n\n\n\n<div class=\"wp-block-group has-background is-layout-flow wp-block-group-is-layout-flow\" style=\"background-color:#f1f1f1f2\">\n<p><strong><mark style=\"background-color:rgba(0, 0, 0, 0)\" class=\"has-inline-color has-vivid-purple-color\">TOME NOTA: <\/mark><\/strong>N\u00e3o se confunde publica\u00e7\u00e3o com promulga\u00e7\u00e3o.<strong> A publica\u00e7\u00e3o \u00e9 o ato posterior \u00e0 promulga\u00e7\u00e3o.<\/strong><\/p>\n<\/div>\n\n\n\n<h2 class=\"wp-block-heading\" id=\"h-processo-legislativo-sumario-processo-legislativo-comum-para-o-senado\"><mark style=\"background-color:rgba(0, 0, 0, 0)\" class=\"has-inline-color has-vivid-purple-color\">Processo Legislativo Sum\u00e1rio &#8211; Processo Legislativo Comum para o Senado<\/mark><\/h2>\n\n\n\n<p>Este procedimento legislativo comum \u00e9 aplicado em projetos de lei de <strong>iniciativa do Presidente da Rep\u00fablica<\/strong>, em que h\u00e1 a solicita\u00e7\u00e3o de um <strong>regime de urg\u00eancia<\/strong> em sua tramita\u00e7\u00e3o.<\/p>\n\n\n\n<div class=\"wp-block-group has-background is-layout-flow wp-block-group-is-layout-flow\" style=\"background-color:#f1f1f1f2\">\n<p><strong><mark style=\"background-color:rgba(0, 0, 0, 0)\" class=\"has-inline-color has-vivid-purple-color\">TOME NOTA: <\/mark><\/strong>N\u00e3o \u00e9 necess\u00e1rio ser um projeto de lei de iniciativa privativa do Presidente da Rep\u00fablica, basta que a iniciativa seja apresentada por ele.<br \/><\/p>\n<\/div>\n\n\n\n<p>De acordo com o Art. 64, da CF, a<strong>p\u00f3s o Presidente da Rep\u00fablica protocolar o projeto de lei na C\u00e2mara dos Deputados, a Casa verifica a solicita\u00e7\u00e3o de urg\u00eancia e tem o prazo de 45 dias para deliberar. Ap\u00f3s 45 dias, se o projeto de lei for aprovado, ele segue para o Senado Federal e contar\u00e1 com mais 45 dias para a aprova\u00e7\u00e3o, totalizando 90 dias de  tramita\u00e7\u00e3o.<\/strong><\/p>\n\n\n\n<p>Contudo, caso o Senado proponha emendas parlamentares, o projeto retornar\u00e1 para a C\u00e2mara deliberar em 10 dias.<\/p>\n\n\n\n<div class=\"wp-block-group has-background is-layout-flow wp-block-group-is-layout-flow\" style=\"background-color:#f1f1f1f2\">\n<p><strong><mark style=\"background-color:rgba(0, 0, 0, 0)\" class=\"has-inline-color has-vivid-purple-color\">TOME NOTA: <\/mark>Em regra, o Procedimento Sum\u00e1rio ter\u00e1 o prazo de 90 dias<\/strong> para ser conclu\u00eddo. Podendo, no caso de emenda parlamentar, chegar a 100 dias.<\/p>\n<\/div>\n\n\n\n<p>Por fim, \u00e9 importante ressaltar que <strong>estes prazos s\u00e3o perempt\u00f3rios<\/strong>, ou seja, a sua <strong>n\u00e3o observa\u00e7\u00e3o enseja a suspens\u00e3o dos trabalhos do Congresso at\u00e9 a efetiva decis\u00e3o do projeto de lei. <\/strong><\/p>\n\n\n\n<h2 class=\"wp-block-heading\"><mark style=\"background-color:rgba(0, 0, 0, 0)\" class=\"has-inline-color has-vivid-purple-color\">Procedimento Legislativo Abreviado<\/mark><\/h2>\n\n\n\n<p>\u00c9 aquele em que o <strong>projeto de lei vai ser discutido diretamente nas comiss\u00f5es, ou seja, o projeto de lei n\u00e3o vai ao plen\u00e1rio.<\/strong><\/p>\n\n\n\n<p>Neste sentido, o Art. 58, \u00a72\u00ba, I, da Constitui\u00e7\u00e3o Federal estabelece que as comiss\u00f5es podem discutir e votar projeto de lei que dispense a compet\u00eancia do plen\u00e1rio, de acordo com os seus regimentos internos.<\/p>\n\n\n\n<div class=\"wp-block-group has-background is-layout-flow wp-block-group-is-layout-flow\" style=\"background-color:#f1f1f1f2\">\n<p><mark style=\"background-color:rgba(0, 0, 0, 0)\" class=\"has-inline-color has-vivid-purple-color\"><strong>TOME NOTA: <\/strong><\/mark>O referido artigo traz uma exce\u00e7\u00e3o a este caso, pois, havendo recurso de um d\u00e9cimo dos membros da casa, o projeto de lei n\u00e3o passar\u00e1 por procedimento legislativo abreviado e ir\u00e1 a plen\u00e1rio.<\/p>\n<\/div>\n\n\n\n<h2 class=\"wp-block-heading\" id=\"h-conclusao-procedimento-legislativo-comum-para-o-senado\"><mark style=\"background-color:rgba(0, 0, 0, 0)\" class=\"has-inline-color has-vivid-purple-color\">Conclus\u00e3o &#8211; Procedimento Legislativo Comum para o Senado<\/mark><\/h2>\n\n\n\n<p>Em conclus\u00e3o, esperamos que esse pequeno resumo sobre o <strong>Procedimento Legislativo Comum para o Senado <\/strong>tenha sido \u00fatil para voc\u00eas.<\/p>\n\n\n\n<p>Contudo, ressaltamos que este artigo n\u00e3o tem a finalidade de esgotar a mat\u00e9ria, pois, para que voc\u00eas dominem a banca organizadora \u00e9 de grande import\u00e2ncia que estudem pelas aulas em <a href=\"https:\/\/www.estrategiaconcursos.com.br\/cursos\/concurso\/\" target=\"_blank\" rel=\"noreferrer noopener\">PDF do Estrat\u00e9gia<\/a> e fa\u00e7am muitas quest\u00f5es atrav\u00e9s do <a href=\"https:\/\/www.estrategiaconcursos.com.br\/cursosPorConcurso\/sistema-de-questoes\/\" target=\"_blank\" rel=\"noreferrer noopener\">Sistema de Quest\u00f5es do Estrat\u00e9gia<\/a> para consolidar o conte\u00fado.<\/p>\n\n\n\n<p>Para ler mais artigos escritos por mim, cliquem <a href=\"https:\/\/www.estrategiaconcursos.com.br\/blog\/author\/renata-araujosodregmail-com\/\" target=\"_blank\" rel=\"noreferrer noopener\">aqui<\/a>.<\/p>\n\n\n\n<p>Um excelente estudo a todos!<\/p>\n\n\n\n<p><a href=\"https:\/\/www.estrategiaconcursos.com.br\/blog\/author\/renata-araujosodregmail-com\/\" target=\"_blank\" rel=\"noreferrer noopener\">Renata Sodr\u00e9<\/a><\/p>\n\n\n\n<h2 class=\"has-text-align-center wp-block-heading\" id=\"h-cursos-e-assinaturas\">Cursos e Assinaturas <\/h2>\n\n\n\n<p>Prepare-se com o melhor material e com quem mais aprova em Concursos P\u00fablicos em todo o pa\u00eds!<\/p>\n\n\n\n<p class=\"has-text-align-center has-white-color has-vivid-purple-background-color has-text-color has-background\"><a href=\"https:\/\/www.estrategiaconcursos.com.br\/blog\/concursos-abertos\/\" target=\"_blank\" rel=\"noreferrer noopener\"><strong>Concursos abertos<\/strong><\/a><\/p>\n\n\n\n<p class=\"has-text-align-center has-white-color has-vivid-purple-background-color has-text-color has-background\"><strong><a href=\"https:\/\/www.estrategiaconcursos.com.br\/blog\/concursos-2022\/\" target=\"_blank\" rel=\"noreferrer noopener\">Concursos 2022<\/a><\/strong><\/p>\n\n\n\n<div class=\"container\" id=\"boxes\">\n  <div class=\"row\">\n    <div class=\"col-sm\">\n      <div class=\"estrategia\" id=\"box-assinatura\">\n        <h3 class=\"titulo-assinatura\">Assinatura de Concursos<\/h3>\n        <p class=\"subtitulo-assinatura\">Assinatura de 1 ano ou 2 anos<\/p>\n        <div class=\"box-botao\">\n          <a class=\"btn-assinatura\" target=\"_blank\" href=\"https:\/\/www.estrategiaconcursos.com.br\/assinaturas\/\" role=\"button\" rel=\"noopener noreferrer\">ASSINE AGORA<\/a>\n        <\/div>\n      <\/div>\n      \n    <\/div><\/div><\/div>\n","protected":false},"excerpt":{"rendered":"<p>Aprenda sobre o Procedimento Legislativo Comum para o Senado e garanta a vaga no concurso mais desejado do ano. Ol\u00e1, estrategistas! Depois de muita espera, saiu o t\u00e3o esperado edital para o Concurso para o Senado Federal. Ser\u00e3o ofertadas 22 vagas imediatas, al\u00e9m de 992 em cadastro reserva, com sal\u00e1rios iniciais variam de R$ 19.427,79 [&hellip;]<\/p>\n","protected":false},"author":2310,"featured_media":1089705,"comment_status":"open","ping_status":"closed","sticky":false,"template":"","format":"standard","meta":{"post_tipo":"article","footnotes":""},"categories":[1,2017],"tags":[1302,820,220861,221140,2139,1629],"tax_estado":[219963],"class_list":["post-1085818","post","type-post","status-publish","format-standard","has-post-thumbnail","hentry","category-cursos-e-concursos","category-concursos-legislativos","tag-concurso-senado-federal","tag-concursos-publicos","tag-concursos-publicos-2022","tag-procedimento-legislativo-comum","tag-processo-legislativo","tag-senado-federal","tax_estado-concursos-federais"],"acf":[],"yoast_head":"<!-- This site is optimized with the Yoast SEO Premium plugin v27.2 (Yoast SEO v27.2) - https:\/\/yoast.com\/product\/yoast-seo-premium-wordpress\/ -->\n<title>Procedimento Legislativo Comum para o Senado<\/title>\n<meta name=\"description\" content=\"Aprenda sobre o Procedimento Legislativo Comum para o Senado e garanta a vaga no concurso mais desejado do ano!\" \/>\n<meta name=\"robots\" content=\"index, follow, max-snippet:-1, max-image-preview:large, max-video-preview:-1\" \/>\n<link rel=\"canonical\" href=\"https:\/\/www.estrategiaconcursos.com.br\/blog\/procedimento-legislativo-comum-senado\/\" \/>\n<meta property=\"og:locale\" content=\"pt_BR\" \/>\n<meta property=\"og:type\" content=\"article\" \/>\n<meta property=\"og:title\" content=\"Procedimento Legislativo Comum para o Senado\" \/>\n<meta property=\"og:description\" content=\"Aprenda sobre o Procedimento Legislativo Comum para o Senado e garanta a vaga no concurso mais desejado do ano!\" \/>\n<meta property=\"og:url\" content=\"https:\/\/www.estrategiaconcursos.com.br\/blog\/procedimento-legislativo-comum-senado\/\" \/>\n<meta property=\"og:site_name\" content=\"Estrat\u00e9gia Concursos\" \/>\n<meta property=\"article:published_time\" content=\"2022-09-19T13:56:00+00:00\" \/>\n<meta property=\"og:image\" content=\"https:\/\/dhg1h5j42swfq.cloudfront.net\/2022\/09\/05162322\/congresso_do_brasil_ebc.jpg\" \/>\n\t<meta property=\"og:image:width\" content=\"2272\" \/>\n\t<meta property=\"og:image:height\" content=\"1455\" \/>\n\t<meta property=\"og:image:type\" content=\"image\/jpeg\" \/>\n<meta name=\"author\" content=\"Renata Ara\u00fajo Sodr\u00e9 da Silva\" \/>\n<meta name=\"twitter:card\" content=\"summary_large_image\" \/>\n<meta name=\"twitter:creator\" content=\"@EstratConcursos\" \/>\n<meta name=\"twitter:site\" content=\"@EstratConcursos\" \/>\n<meta name=\"twitter:label1\" content=\"Escrito por\" \/>\n\t<meta name=\"twitter:data1\" content=\"Renata Ara\u00fajo Sodr\u00e9 da Silva\" \/>\n\t<meta name=\"twitter:label2\" content=\"Est. tempo de leitura\" \/>\n\t<meta name=\"twitter:data2\" content=\"7 minutos\" \/>\n<script type=\"application\/ld+json\" class=\"yoast-schema-graph\">{\"@context\":\"https:\/\/schema.org\",\"@graph\":[{\"@type\":\"NewsArticle\",\"@id\":\"https:\/\/www.estrategiaconcursos.com.br\/blog\/procedimento-legislativo-comum-senado\/#article\",\"isPartOf\":{\"@id\":\"https:\/\/www.estrategiaconcursos.com.br\/blog\/procedimento-legislativo-comum-senado\/\"},\"author\":{\"name\":\"Renata Ara\u00fajo Sodr\u00e9 da Silva\",\"@id\":\"https:\/\/www.estrategiaconcursos.com.br\/blog\/#\/schema\/person\/a929d42d707cf35b05df2e2219927433\"},\"headline\":\"Procedimento Legislativo Comum para o Senado\",\"datePublished\":\"2022-09-19T13:56:00+00:00\",\"mainEntityOfPage\":{\"@id\":\"https:\/\/www.estrategiaconcursos.com.br\/blog\/procedimento-legislativo-comum-senado\/\"},\"wordCount\":1461,\"commentCount\":0,\"publisher\":{\"@id\":\"https:\/\/www.estrategiaconcursos.com.br\/blog\/#organization\"},\"image\":{\"@id\":\"https:\/\/www.estrategiaconcursos.com.br\/blog\/procedimento-legislativo-comum-senado\/#primaryimage\"},\"thumbnailUrl\":\"https:\/\/dhg1h5j42swfq.cloudfront.net\/2022\/09\/05162322\/congresso_do_brasil_ebc.jpg\",\"keywords\":[\"concurso senado federal\",\"concursos p\u00fablicos\",\"concursos p\u00fablicos 2022\",\"procedimento legislativo comum\",\"processo legislativo\",\"senado federal\"],\"articleSection\":[\"Concursos P\u00fablicos\",\"Legislativo\"],\"inLanguage\":\"pt-BR\",\"potentialAction\":[{\"@type\":\"CommentAction\",\"name\":\"Comment\",\"target\":[\"https:\/\/www.estrategiaconcursos.com.br\/blog\/procedimento-legislativo-comum-senado\/#respond\"]}],\"copyrightYear\":\"2022\",\"copyrightHolder\":{\"@id\":\"https:\/\/www.estrategiaconcursos.com.br\/blog\/#organization\"}},{\"@type\":\"WebPage\",\"@id\":\"https:\/\/www.estrategiaconcursos.com.br\/blog\/procedimento-legislativo-comum-senado\/\",\"url\":\"https:\/\/www.estrategiaconcursos.com.br\/blog\/procedimento-legislativo-comum-senado\/\",\"name\":\"Procedimento Legislativo Comum para o Senado\",\"isPartOf\":{\"@id\":\"https:\/\/www.estrategiaconcursos.com.br\/blog\/#website\"},\"primaryImageOfPage\":{\"@id\":\"https:\/\/www.estrategiaconcursos.com.br\/blog\/procedimento-legislativo-comum-senado\/#primaryimage\"},\"image\":{\"@id\":\"https:\/\/www.estrategiaconcursos.com.br\/blog\/procedimento-legislativo-comum-senado\/#primaryimage\"},\"thumbnailUrl\":\"https:\/\/dhg1h5j42swfq.cloudfront.net\/2022\/09\/05162322\/congresso_do_brasil_ebc.jpg\",\"datePublished\":\"2022-09-19T13:56:00+00:00\",\"description\":\"Aprenda sobre o Procedimento Legislativo Comum para o Senado e garanta a vaga no concurso mais desejado do ano!\",\"breadcrumb\":{\"@id\":\"https:\/\/www.estrategiaconcursos.com.br\/blog\/procedimento-legislativo-comum-senado\/#breadcrumb\"},\"inLanguage\":\"pt-BR\",\"potentialAction\":[{\"@type\":\"ReadAction\",\"target\":[\"https:\/\/www.estrategiaconcursos.com.br\/blog\/procedimento-legislativo-comum-senado\/\"]}]},{\"@type\":\"ImageObject\",\"inLanguage\":\"pt-BR\",\"@id\":\"https:\/\/www.estrategiaconcursos.com.br\/blog\/procedimento-legislativo-comum-senado\/#primaryimage\",\"url\":\"https:\/\/dhg1h5j42swfq.cloudfront.net\/2022\/09\/05162322\/congresso_do_brasil_ebc.jpg\",\"contentUrl\":\"https:\/\/dhg1h5j42swfq.cloudfront.net\/2022\/09\/05162322\/congresso_do_brasil_ebc.jpg\",\"width\":2272,\"height\":1455},{\"@type\":\"BreadcrumbList\",\"@id\":\"https:\/\/www.estrategiaconcursos.com.br\/blog\/procedimento-legislativo-comum-senado\/#breadcrumb\",\"itemListElement\":[{\"@type\":\"ListItem\",\"position\":1,\"name\":\"In\u00edcio\",\"item\":\"https:\/\/www.estrategiaconcursos.com.br\/blog\/\"},{\"@type\":\"ListItem\",\"position\":2,\"name\":\"Procedimento Legislativo Comum para o Senado\"}]},{\"@type\":\"WebSite\",\"@id\":\"https:\/\/www.estrategiaconcursos.com.br\/blog\/#website\",\"url\":\"https:\/\/www.estrategiaconcursos.com.br\/blog\/\",\"name\":\"Estrat\u00e9gia Concursos\",\"description\":\"O blog da Estrat\u00e9gia Concursos traz not\u00edcias sobre concursos e artigos de professores oferecendo cursos para concursos (pdf + videaulas) no site.\",\"publisher\":{\"@id\":\"https:\/\/www.estrategiaconcursos.com.br\/blog\/#organization\"},\"potentialAction\":[{\"@type\":\"SearchAction\",\"target\":{\"@type\":\"EntryPoint\",\"urlTemplate\":\"https:\/\/www.estrategiaconcursos.com.br\/blog\/?s={search_term_string}\"},\"query-input\":{\"@type\":\"PropertyValueSpecification\",\"valueRequired\":true,\"valueName\":\"search_term_string\"}}],\"inLanguage\":\"pt-BR\"},{\"@type\":\"Organization\",\"@id\":\"https:\/\/www.estrategiaconcursos.com.br\/blog\/#organization\",\"name\":\"Estrat\u00e9gia Concursos\",\"url\":\"https:\/\/www.estrategiaconcursos.com.br\/blog\/\",\"logo\":{\"@type\":\"ImageObject\",\"inLanguage\":\"pt-BR\",\"@id\":\"https:\/\/www.estrategiaconcursos.com.br\/blog\/#\/schema\/logo\/image\/\",\"url\":\"https:\/\/dhg1h5j42swfq.cloudfront.net\/2025\/06\/03203428\/logo_concursos-1.jpg\",\"contentUrl\":\"https:\/\/dhg1h5j42swfq.cloudfront.net\/2025\/06\/03203428\/logo_concursos-1.jpg\",\"width\":230,\"height\":60,\"caption\":\"Estrat\u00e9gia Concursos\"},\"image\":{\"@id\":\"https:\/\/www.estrategiaconcursos.com.br\/blog\/#\/schema\/logo\/image\/\"},\"sameAs\":[\"https:\/\/x.com\/EstratConcursos\"]},{\"@type\":\"Person\",\"@id\":\"https:\/\/www.estrategiaconcursos.com.br\/blog\/#\/schema\/person\/a929d42d707cf35b05df2e2219927433\",\"name\":\"Renata Ara\u00fajo Sodr\u00e9 da Silva\",\"image\":{\"@type\":\"ImageObject\",\"inLanguage\":\"pt-BR\",\"@id\":\"https:\/\/secure.gravatar.com\/avatar\/ca9182e3bf6658feab2bdbe93f36f56f9771baa281700b03ec5836dcf5c88918?s=96&d=mm&r=g\",\"url\":\"https:\/\/secure.gravatar.com\/avatar\/ca9182e3bf6658feab2bdbe93f36f56f9771baa281700b03ec5836dcf5c88918?s=96&d=mm&r=g\",\"contentUrl\":\"https:\/\/secure.gravatar.com\/avatar\/ca9182e3bf6658feab2bdbe93f36f56f9771baa281700b03ec5836dcf5c88918?s=96&d=mm&r=g\",\"caption\":\"Renata Ara\u00fajo Sodr\u00e9 da Silva\"},\"url\":\"https:\/\/www.estrategiaconcursos.com.br\/blog\/author\/renata-araujosodregmail-com\/\"}]}<\/script>\n<!-- \/ Yoast SEO Premium plugin. -->","yoast_head_json":{"title":"Procedimento Legislativo Comum para o Senado","description":"Aprenda sobre o Procedimento Legislativo Comum para o Senado e garanta a vaga no concurso mais desejado do ano!","robots":{"index":"index","follow":"follow","max-snippet":"max-snippet:-1","max-image-preview":"max-image-preview:large","max-video-preview":"max-video-preview:-1"},"canonical":"https:\/\/www.estrategiaconcursos.com.br\/blog\/procedimento-legislativo-comum-senado\/","og_locale":"pt_BR","og_type":"article","og_title":"Procedimento Legislativo Comum para o Senado","og_description":"Aprenda sobre o Procedimento Legislativo Comum para o Senado e garanta a vaga no concurso mais desejado do ano!","og_url":"https:\/\/www.estrategiaconcursos.com.br\/blog\/procedimento-legislativo-comum-senado\/","og_site_name":"Estrat\u00e9gia Concursos","article_published_time":"2022-09-19T13:56:00+00:00","og_image":[{"width":2272,"height":1455,"url":"https:\/\/dhg1h5j42swfq.cloudfront.net\/2022\/09\/05162322\/congresso_do_brasil_ebc.jpg","type":"image\/jpeg"}],"author":"Renata Ara\u00fajo Sodr\u00e9 da Silva","twitter_card":"summary_large_image","twitter_creator":"@EstratConcursos","twitter_site":"@EstratConcursos","twitter_misc":{"Escrito por":"Renata Ara\u00fajo Sodr\u00e9 da Silva","Est. tempo de leitura":"7 minutos"},"schema":{"@context":"https:\/\/schema.org","@graph":[{"@type":"NewsArticle","@id":"https:\/\/www.estrategiaconcursos.com.br\/blog\/procedimento-legislativo-comum-senado\/#article","isPartOf":{"@id":"https:\/\/www.estrategiaconcursos.com.br\/blog\/procedimento-legislativo-comum-senado\/"},"author":{"name":"Renata Ara\u00fajo Sodr\u00e9 da Silva","@id":"https:\/\/www.estrategiaconcursos.com.br\/blog\/#\/schema\/person\/a929d42d707cf35b05df2e2219927433"},"headline":"Procedimento Legislativo Comum para o Senado","datePublished":"2022-09-19T13:56:00+00:00","mainEntityOfPage":{"@id":"https:\/\/www.estrategiaconcursos.com.br\/blog\/procedimento-legislativo-comum-senado\/"},"wordCount":1461,"commentCount":0,"publisher":{"@id":"https:\/\/www.estrategiaconcursos.com.br\/blog\/#organization"},"image":{"@id":"https:\/\/www.estrategiaconcursos.com.br\/blog\/procedimento-legislativo-comum-senado\/#primaryimage"},"thumbnailUrl":"https:\/\/dhg1h5j42swfq.cloudfront.net\/2022\/09\/05162322\/congresso_do_brasil_ebc.jpg","keywords":["concurso senado federal","concursos p\u00fablicos","concursos p\u00fablicos 2022","procedimento legislativo comum","processo legislativo","senado federal"],"articleSection":["Concursos P\u00fablicos","Legislativo"],"inLanguage":"pt-BR","potentialAction":[{"@type":"CommentAction","name":"Comment","target":["https:\/\/www.estrategiaconcursos.com.br\/blog\/procedimento-legislativo-comum-senado\/#respond"]}],"copyrightYear":"2022","copyrightHolder":{"@id":"https:\/\/www.estrategiaconcursos.com.br\/blog\/#organization"}},{"@type":"WebPage","@id":"https:\/\/www.estrategiaconcursos.com.br\/blog\/procedimento-legislativo-comum-senado\/","url":"https:\/\/www.estrategiaconcursos.com.br\/blog\/procedimento-legislativo-comum-senado\/","name":"Procedimento Legislativo Comum para o Senado","isPartOf":{"@id":"https:\/\/www.estrategiaconcursos.com.br\/blog\/#website"},"primaryImageOfPage":{"@id":"https:\/\/www.estrategiaconcursos.com.br\/blog\/procedimento-legislativo-comum-senado\/#primaryimage"},"image":{"@id":"https:\/\/www.estrategiaconcursos.com.br\/blog\/procedimento-legislativo-comum-senado\/#primaryimage"},"thumbnailUrl":"https:\/\/dhg1h5j42swfq.cloudfront.net\/2022\/09\/05162322\/congresso_do_brasil_ebc.jpg","datePublished":"2022-09-19T13:56:00+00:00","description":"Aprenda sobre o Procedimento Legislativo Comum para o Senado e garanta a vaga no concurso mais desejado do ano!","breadcrumb":{"@id":"https:\/\/www.estrategiaconcursos.com.br\/blog\/procedimento-legislativo-comum-senado\/#breadcrumb"},"inLanguage":"pt-BR","potentialAction":[{"@type":"ReadAction","target":["https:\/\/www.estrategiaconcursos.com.br\/blog\/procedimento-legislativo-comum-senado\/"]}]},{"@type":"ImageObject","inLanguage":"pt-BR","@id":"https:\/\/www.estrategiaconcursos.com.br\/blog\/procedimento-legislativo-comum-senado\/#primaryimage","url":"https:\/\/dhg1h5j42swfq.cloudfront.net\/2022\/09\/05162322\/congresso_do_brasil_ebc.jpg","contentUrl":"https:\/\/dhg1h5j42swfq.cloudfront.net\/2022\/09\/05162322\/congresso_do_brasil_ebc.jpg","width":2272,"height":1455},{"@type":"BreadcrumbList","@id":"https:\/\/www.estrategiaconcursos.com.br\/blog\/procedimento-legislativo-comum-senado\/#breadcrumb","itemListElement":[{"@type":"ListItem","position":1,"name":"In\u00edcio","item":"https:\/\/www.estrategiaconcursos.com.br\/blog\/"},{"@type":"ListItem","position":2,"name":"Procedimento Legislativo Comum para o Senado"}]},{"@type":"WebSite","@id":"https:\/\/www.estrategiaconcursos.com.br\/blog\/#website","url":"https:\/\/www.estrategiaconcursos.com.br\/blog\/","name":"Estrat\u00e9gia Concursos","description":"O blog da Estrat\u00e9gia Concursos traz not\u00edcias sobre concursos e artigos de professores oferecendo cursos para concursos (pdf + videaulas) no site.","publisher":{"@id":"https:\/\/www.estrategiaconcursos.com.br\/blog\/#organization"},"potentialAction":[{"@type":"SearchAction","target":{"@type":"EntryPoint","urlTemplate":"https:\/\/www.estrategiaconcursos.com.br\/blog\/?s={search_term_string}"},"query-input":{"@type":"PropertyValueSpecification","valueRequired":true,"valueName":"search_term_string"}}],"inLanguage":"pt-BR"},{"@type":"Organization","@id":"https:\/\/www.estrategiaconcursos.com.br\/blog\/#organization","name":"Estrat\u00e9gia Concursos","url":"https:\/\/www.estrategiaconcursos.com.br\/blog\/","logo":{"@type":"ImageObject","inLanguage":"pt-BR","@id":"https:\/\/www.estrategiaconcursos.com.br\/blog\/#\/schema\/logo\/image\/","url":"https:\/\/dhg1h5j42swfq.cloudfront.net\/2025\/06\/03203428\/logo_concursos-1.jpg","contentUrl":"https:\/\/dhg1h5j42swfq.cloudfront.net\/2025\/06\/03203428\/logo_concursos-1.jpg","width":230,"height":60,"caption":"Estrat\u00e9gia Concursos"},"image":{"@id":"https:\/\/www.estrategiaconcursos.com.br\/blog\/#\/schema\/logo\/image\/"},"sameAs":["https:\/\/x.com\/EstratConcursos"]},{"@type":"Person","@id":"https:\/\/www.estrategiaconcursos.com.br\/blog\/#\/schema\/person\/a929d42d707cf35b05df2e2219927433","name":"Renata Ara\u00fajo Sodr\u00e9 da Silva","image":{"@type":"ImageObject","inLanguage":"pt-BR","@id":"https:\/\/secure.gravatar.com\/avatar\/ca9182e3bf6658feab2bdbe93f36f56f9771baa281700b03ec5836dcf5c88918?s=96&d=mm&r=g","url":"https:\/\/secure.gravatar.com\/avatar\/ca9182e3bf6658feab2bdbe93f36f56f9771baa281700b03ec5836dcf5c88918?s=96&d=mm&r=g","contentUrl":"https:\/\/secure.gravatar.com\/avatar\/ca9182e3bf6658feab2bdbe93f36f56f9771baa281700b03ec5836dcf5c88918?s=96&d=mm&r=g","caption":"Renata Ara\u00fajo Sodr\u00e9 da Silva"},"url":"https:\/\/www.estrategiaconcursos.com.br\/blog\/author\/renata-araujosodregmail-com\/"}]}},"_links":{"self":[{"href":"https:\/\/www.estrategiaconcursos.com.br\/blog\/wp-json\/wp\/v2\/posts\/1085818","targetHints":{"allow":["GET"]}}],"collection":[{"href":"https:\/\/www.estrategiaconcursos.com.br\/blog\/wp-json\/wp\/v2\/posts"}],"about":[{"href":"https:\/\/www.estrategiaconcursos.com.br\/blog\/wp-json\/wp\/v2\/types\/post"}],"author":[{"embeddable":true,"href":"https:\/\/www.estrategiaconcursos.com.br\/blog\/wp-json\/wp\/v2\/users\/2310"}],"replies":[{"embeddable":true,"href":"https:\/\/www.estrategiaconcursos.com.br\/blog\/wp-json\/wp\/v2\/comments?post=1085818"}],"version-history":[{"count":18,"href":"https:\/\/www.estrategiaconcursos.com.br\/blog\/wp-json\/wp\/v2\/posts\/1085818\/revisions"}],"predecessor-version":[{"id":1089811,"href":"https:\/\/www.estrategiaconcursos.com.br\/blog\/wp-json\/wp\/v2\/posts\/1085818\/revisions\/1089811"}],"wp:featuredmedia":[{"embeddable":true,"href":"https:\/\/www.estrategiaconcursos.com.br\/blog\/wp-json\/wp\/v2\/media\/1089705"}],"wp:attachment":[{"href":"https:\/\/www.estrategiaconcursos.com.br\/blog\/wp-json\/wp\/v2\/media?parent=1085818"}],"wp:term":[{"taxonomy":"category","embeddable":true,"href":"https:\/\/www.estrategiaconcursos.com.br\/blog\/wp-json\/wp\/v2\/categories?post=1085818"},{"taxonomy":"post_tag","embeddable":true,"href":"https:\/\/www.estrategiaconcursos.com.br\/blog\/wp-json\/wp\/v2\/tags?post=1085818"},{"taxonomy":"tax_estado","embeddable":true,"href":"https:\/\/www.estrategiaconcursos.com.br\/blog\/wp-json\/wp\/v2\/tax_estado?post=1085818"}],"curies":[{"name":"wp","href":"https:\/\/api.w.org\/{rel}","templated":true}]}}