{"id":1085777,"date":"2022-10-14T08:34:00","date_gmt":"2022-10-14T11:34:00","guid":{"rendered":"https:\/\/www.estrategiaconcursos.com.br\/blog\/?p=1085777"},"modified":"2022-10-03T15:40:46","modified_gmt":"2022-10-03T18:40:46","slug":"principios-governanca-publica-senado","status":"publish","type":"post","link":"https:\/\/www.estrategiaconcursos.com.br\/blog\/principios-governanca-publica-senado\/","title":{"rendered":"Princ\u00edpios de Governan\u00e7a P\u00fablica para o Senado"},"content":{"rendered":"\n<p><em>Aprenda os principais t\u00f3picos sobre Princ\u00edpios de Governan\u00e7a P\u00fablica para o Senado e garanta a vaga dos seus sonhos!<\/em><\/p>\n\n\n\n<figure class=\"wp-block-image size-large\"><img loading=\"lazy\" decoding=\"async\" width=\"1024\" height=\"683\" src=\"https:\/\/dhg1h5j42swfq.cloudfront.net\/2022\/09\/13023938\/principios-de-governanca-publica-1024x683.jpg\" alt=\"Princ\u00edpios de Governan\u00e7a P\u00fablica para o Senado\" class=\"wp-image-1093511\" srcset=\"https:\/\/dhg1h5j42swfq.cloudfront.net\/2022\/09\/13023938\/principios-de-governanca-publica-1024x683.jpg 1024w, https:\/\/dhg1h5j42swfq.cloudfront.net\/2022\/09\/13023938\/principios-de-governanca-publica-300x200.jpg 300w, https:\/\/dhg1h5j42swfq.cloudfront.net\/2022\/09\/13023938\/principios-de-governanca-publica-768x512.jpg 768w, https:\/\/dhg1h5j42swfq.cloudfront.net\/2022\/09\/13023938\/principios-de-governanca-publica-1536x1024.jpg 1536w, https:\/\/dhg1h5j42swfq.cloudfront.net\/2022\/09\/13023938\/principios-de-governanca-publica-2048x1365.jpg 2048w, https:\/\/dhg1h5j42swfq.cloudfront.net\/2022\/09\/13023938\/principios-de-governanca-publica-610x407.jpg 610w, https:\/\/dhg1h5j42swfq.cloudfront.net\/2022\/09\/13023938\/principios-de-governanca-publica-150x100.jpg 150w\" sizes=\"auto, (max-width: 1024px) 100vw, 1024px\" \/><\/figure>\n\n\n\n<p>Ol\u00e1, estrategistas! Como v\u00e3o os estudos? Depois de muita espera, foi divulgado o t\u00e3o esperado <a href=\"https:\/\/conhecimento.fgv.br\/concursos\/senado22\" target=\"_blank\" rel=\"noreferrer noopener\">edital <\/a>para o <a href=\"https:\/\/www.estrategiaconcursos.com.br\/cursosPorConcurso\/senado-federal-6\/\" target=\"_blank\" rel=\"noreferrer noopener\">Concurso para o Senado Federal<\/a> pela banca Funda\u00e7\u00e3o Get\u00falio Vargas (FGV). Ser\u00e3o ofertadas <strong>22 vagas imediatas<\/strong>, al\u00e9m de <strong>992 em cadastro reserva<\/strong>, <strong>com sal\u00e1rios iniciais variam de R$ 19.427,79 a R$ 33.461,68<\/strong>! <\/p>\n\n\n\n<p>Assim, para auxiliar nessa caminhada de estudos, vamos falar sobre os <strong>Princ\u00edpios da Governan\u00e7a P\u00fablica<\/strong> para o Senado. Um tema que vem sendo bastante recorrente nos \u00faltimos editais de Concursos P\u00fablicos.<\/p>\n\n\n\n<h2 class=\"wp-block-heading\" id=\"h-governanca-publica-o-que-e-principios-de-governanca-publica-para-o-senado\"><mark style=\"background-color:rgba(0, 0, 0, 0)\" class=\"has-inline-color has-vivid-purple-color\">Governan\u00e7a P\u00fablica: O que \u00e9? &#8211; Princ\u00edpios de Governan\u00e7a P\u00fablica para o Senado<\/mark><\/h2>\n\n\n\n<p>Primeiramente, precisamos entender o que \u00e9, afinal, Governan\u00e7a P\u00fablica. Um dos conceitos mais utilizados de Governan\u00e7a P\u00fablica \u00e9 aquele definido pelo Decreto N\u00ba 9.203\/2017, que disp\u00f5e acerca da pol\u00edtica de governan\u00e7a da administra\u00e7\u00e3o p\u00fablica.<\/p>\n\n\n\n<p>O referido ato normativo preleciona que <strong>Governan\u00e7a P\u00fablica<\/strong> compreende<strong> os mecanismos de lideran\u00e7a, estrat\u00e9gia e controle<\/strong> capazes de avaliar, direcionar e monitorar a atua\u00e7\u00e3o da gest\u00e3o, visando uma <strong>melhor condu\u00e7\u00e3o das pol\u00edticas p\u00fablicas<\/strong> com o intuito de<strong> garantir uma boa presta\u00e7\u00e3o de servi\u00e7os \u00e0 sociedade.<\/strong><\/p>\n\n\n\n<div class=\"wp-block-group is-layout-flow wp-block-group-is-layout-flow\">\n<div class=\"wp-block-group is-layout-flow wp-block-group-is-layout-flow\">\n<h3 class=\"has-text-align-center has-background wp-block-heading\" style=\"background-color:#f1f1f1\"><strong><mark style=\"background-color:rgba(0, 0, 0, 0)\" class=\"has-inline-color has-vivid-purple-color\">GOVERNAN\u00c7A X GOVERNABILIDADE<\/mark><\/strong><\/h3>\n\n\n\n<p>Todavia, antes de adentrarmos no ponto central do artigo, \u00e9 importante destacar que as bancas organizadoras adoram testar os candidatos elaborando quest\u00f5es que misturam conceitos de Governan\u00e7a e Governabilidade. Mas, aluno do Estrat\u00e9gia n\u00e3o cai nesse tipo de pegadinha, n\u00e3o \u00e9? <\/p>\n\n\n\n<p>Enquanto a <strong>GOVERNAN\u00c7A<\/strong> est\u00e1 atrelada \u00e0 capacidade gerencial, financeira e t\u00e9cnica de implementar pol\u00edticas p\u00fablicas, a <strong>GOVERNABILIDADE<\/strong> pode ser entendida como a capacidade pol\u00edtica de governar, ou seja, \u00e9 a legitimidade democr\u00e1tica do Estado e pol\u00edtica do Governo.<\/p>\n\n\n\n<p>Por fim, feito este pequeno adendo, vamos ao que interessa!<\/p>\n<\/div>\n<\/div>\n\n\n\n<h2 class=\"wp-block-heading\"><mark style=\"background-color:rgba(0, 0, 0, 0)\" class=\"has-inline-color has-vivid-purple-color\">Considera\u00e7\u00f5es Iniciais &#8211; Princ\u00edpios de Governan\u00e7a P\u00fablica para o Senado<\/mark><\/h2>\n\n\n\n<p>Os <strong>Princ\u00edpios de Governan\u00e7a P\u00fablica <\/strong>atuam como preceitos correlatos,<strong> norteando a atua\u00e7\u00e3o das organiza\u00e7\u00f5es p\u00fablicas em suas buscas por melhores resultados para a sociedade.<\/strong><\/p>\n\n\n\n<p>Atualmente, apesar de existirem v\u00e1rios documentos e manuais que tratam sobre o tema, vamos nos pautar no<strong> <a href=\"http:\/\/www.planalto.gov.br\/ccivil_03\/_ato2015-2018\/2017\/decreto\/d9203.htm\" target=\"_blank\" rel=\"noreferrer noopener\">Decreto N\u00ba 9.203\/2017<\/a><\/strong> e no <strong>Referencial B\u00e1sico de Governan\u00e7a do Tribunal de Contas da Uni\u00e3o (TCU)<\/strong> para falar sobre os princ\u00edpios norteadores da Governan\u00e7a no Setor P\u00fablico.<\/p>\n\n\n\n<p>Assim, vamos estudar <strong>seis princ\u00edpios <\/strong>primordiais para a Governan\u00e7a P\u00fablica:<\/p>\n\n\n\n<ul class=\"wp-block-list\"><li>Capacidade de Resposta<\/li><li>Integridade<\/li><li>Transpar\u00eancia<\/li><li>Equidade e Participa\u00e7\u00e3o<\/li><li>Accountability<\/li><li>Confiabilidade<\/li><\/ul>\n\n\n\n<div class=\"wp-block-group is-layout-flow wp-block-group-is-layout-flow\">\n<h3 class=\"has-text-align-center has-background wp-block-heading\" style=\"background-color:#f1f1f1f2\"><mark style=\"background-color:rgba(0, 0, 0, 0)\" class=\"has-inline-color has-vivid-purple-color\">OS SEIS PRINC\u00cdPIOS DE GOVERNAN\u00c7A P\u00daBLICA<\/mark><\/h3>\n<\/div>\n\n\n\n<h2 class=\"wp-block-heading\"><mark style=\"background-color:rgba(0, 0, 0, 0)\" class=\"has-inline-color has-vivid-purple-color\">Princ\u00edpio da Capacidade de Resposta<\/mark> <\/h2>\n\n\n\n<p>Este princ\u00edpio diz respeito \u00e0 <strong>capacidade que a Administra\u00e7\u00e3o tem de responder \u00e0s necessidades das partes envolvidas de forma clara, eficiente e eficaz<\/strong> e est\u00e1 intrinsecamente <strong>conectado com o princ\u00edpio da participa\u00e7\u00e3o.<\/strong><\/p>\n\n\n\n<p>Neste sentido, para garantir esta capacidade de resposta \u00e0 sociedade, o setor p\u00fablico precisa<strong> focar na satisfa\u00e7\u00e3o das pessoas, buscando ampliar a qualidade, quantidade e rapidez dos servi\u00e7os p\u00fablicos <\/strong>prestados.<\/p>\n\n\n\n<p>Para que isto se efetive, \u00e9 de suma import\u00e2ncia a colabora\u00e7\u00e3o entre entes estatais, n\u00e3o estatais e sociedade civil, aumentando a confian\u00e7a de todos os atores envolvidos. <\/p>\n\n\n\n<p>Al\u00e9m disso, <strong>outros fatores determinantes para aumentar a capacidade de resposta <\/strong>no setor p\u00fablico incluem:<\/p>\n\n\n\n<ul class=\"wp-block-list\"><li>capacita\u00e7\u00e3o t\u00e9cnica<\/li><li>postura \u00e9tica e profissional dos agentes<\/li><li>envolvimento dos cidad\u00e3os nas decis\u00f5es p\u00fablicas, inclusive por meios eletr\u00f4nicos<\/li><li>maior utiliza\u00e7\u00e3o das ferramentas de tecnologia para ampliar o alcance, a agilidade e o acesso a servi\u00e7os p\u00fablicos e reduzir os custos<\/li><\/ul>\n\n\n\n<h2 class=\"wp-block-heading\"><mark style=\"background-color:rgba(0, 0, 0, 0)\" class=\"has-inline-color has-vivid-purple-color\">Princ\u00edpio da Integridade<\/mark><\/h2>\n\n\n\n<p>N\u00e3o \u00e9 poss\u00edvel falar de boa Governan\u00e7a P\u00fablica sem mencionar a integridade. Afinal, este princ\u00edpio traz em seu bojo <strong>a prioriza\u00e7\u00e3o do interesse p\u00fablico sobre os interesses privados<\/strong>, pautando-se por<strong> valores e normas \u00e9ticas de conduta.<\/strong><\/p>\n\n\n\n<p>O princ\u00edpio da Integridade representa a <strong>busca incans\u00e1vel pela moralidade administrativa, prevenindo a corrup\u00e7\u00e3o e condutas desonestas.<\/strong><\/p>\n\n\n\n<p>De acordo com a Organiza\u00e7\u00e3o para a Coopera\u00e7\u00e3o e Desenvolvimento Econ\u00f4mico (OCDE),  a integridade p\u00fablica deve ser fundamentada em<strong> tr\u00eas pilares:<\/strong><\/p>\n\n\n\n<ol class=\"wp-block-list\"><li>Implementar um sistema de integridade amplo e coerente<\/li><li>Cultivar uma cultura de integridade p\u00fablica<\/li><li>Possibilitar a presta\u00e7\u00e3o de contas, a responsabiliza\u00e7\u00e3o e a transpar\u00eancia<\/li><\/ol>\n\n\n\n<h2 class=\"wp-block-heading\"><br \/><mark style=\"background-color:rgba(0, 0, 0, 0)\" class=\"has-inline-color has-vivid-purple-color\">Princ\u00edpio da Transpar\u00eancia<\/mark><\/h2>\n\n\n\n<p>O princ\u00edpio da transpar\u00eancia preza pela garantia de acesso \u00e0s informa\u00e7\u00f5es de uma organiza\u00e7\u00e3o p\u00fablica por toda a sociedade, ou seja,<strong> concede aos cidad\u00e3os o direito de obter informa\u00e7\u00f5es leg\u00edtimas e fidedignas acerca das opera\u00e7\u00f5es, decis\u00f5es, resultados e desempenho do setor p\u00fablico. <\/strong><\/p>\n\n\n\n<p>Assim, este princ\u00edpio norteador tem o intuito de<strong> fortalecer a confian\u00e7a entre ente p\u00fablico e cidad\u00e3os<\/strong>, assegurando um<strong> monitoramento interno e externo<\/strong>, sendo um dos<strong> requisitos de controle e fiscaliza\u00e7\u00e3o do Estado pela sociedade civil.<\/strong><\/p>\n\n\n\n<p>Neste sentido, \u00e9 importante ressaltar que a organiza\u00e7\u00e3o p\u00fablica que preza pela transpar\u00eancia tem a obrigatoriedade de divulgar, de forma proativa e volunt\u00e1ria, os dados abertos do governo e toda a transpar\u00eancia fiscal e or\u00e7ament\u00e1ria.<\/p>\n\n\n\n<h2 class=\"wp-block-heading\"><mark style=\"background-color:rgba(0, 0, 0, 0)\" class=\"has-inline-color has-vivid-purple-color\">Princ\u00edpio da Equidade e Participa\u00e7\u00e3o<\/mark><\/h2>\n\n\n\n<p>N\u00e3o h\u00e1 que se falar em sociedade justa, sem falar em igualdade entre as pessoas que a comp\u00f5em. <\/p>\n\n\n\n<p>Assim sendo, este princ\u00edpio \u00e9 caracterizado pelo <strong>tratamento justo e equ\u00e2nime a todas as partes envolvidas<\/strong>.<strong> Levando em considera\u00e7\u00e3o seus interesses e necessidades durante o processo de tomada de decis\u00e3o e na elabora\u00e7\u00e3o de pol\u00edticas p\u00fablicas.<\/strong><\/p>\n\n\n\n<p>Al\u00e9m disso, o Princ\u00edpio da Equidade busca <strong>ampliar a influ\u00eancia dos cidad\u00e3os nas decis\u00f5es p\u00fablicas<\/strong>, <strong>estimulando o engajamento e criando uma consci\u00eancia c\u00edvica nas pessoas.<\/strong><\/p>\n\n\n\n<p>Desta forma, o setor p\u00fablico deve buscar a combina\u00e7\u00e3o de diferentes mecanismos de participa\u00e7\u00e3o social e de iniciativas que facilitem o di\u00e1logo com a sociedade. S\u00f3 para exemplificar, podemos citar as <strong>ouvidorias, audi\u00eancias e consultas p\u00fablicas, comiss\u00f5es de pol\u00edticas e or\u00e7amentos participativos<\/strong>, dentre outros.<\/p>\n\n\n\n<h2 class=\"wp-block-heading\"><br \/><mark style=\"background-color:rgba(0, 0, 0, 0)\" class=\"has-inline-color has-vivid-purple-color\">Princ\u00edpio da Presta\u00e7\u00e3o de Contas (Accountability)<\/mark><\/h2>\n\n\n\n<p>O princ\u00edpio de <em>Accountability<\/em>  preleciona que a Administra\u00e7\u00e3o P\u00fablica <strong>tem o dever de prestar contas perante a sociedade<\/strong>. Isto \u00e9, espera-se que <strong>todas as pessoas ou entidades que detenham o poder de manusear recursos prestem contas de seu desempenho de forma clara e apropriada, assumindo as responsabilidades de sua atua\u00e7\u00e3o.<\/strong><\/p>\n\n\n\n<p>Por ser <strong>bidimensional<\/strong>, este princ\u00edpio se pauta tanto na capacidade da administra\u00e7\u00e3o p\u00fablica de prestar contas quanto em sua capacidade de puni\u00e7\u00e3o por seus atos e omiss\u00f5es.<\/p>\n\n\n\n<p>Desta forma, a presta\u00e7\u00e3o de contas est\u00e1 ligada a um conjunto amplo de incentivos e mecanismos institucionais, como os de garantia de responsabiliza\u00e7\u00e3o, de participa\u00e7\u00e3o social e de parcerias entre atores estatais e n\u00e3o estatais. <\/p>\n\n\n\n<div class=\"wp-block-columns is-layout-flex wp-container-core-columns-is-layout-28f84493 wp-block-columns-is-layout-flex\">\n<div class=\"wp-block-column is-layout-flow wp-block-column-is-layout-flow\" style=\"flex-basis:100%\">\n<div class=\"wp-block-cover is-light\"><span aria-hidden=\"true\" class=\"wp-block-cover__background has-background-dim-100 has-background-dim\" style=\"background-color:#f1f1f1f2\"><\/span><div class=\"wp-block-cover__inner-container is-layout-flow wp-block-cover-is-layout-flow\">\n<div class=\"wp-block-group is-layout-flow wp-block-group-is-layout-flow\">\n<p class=\"has-text-align-center\"><mark style=\"background-color:rgba(0, 0, 0, 0)\" class=\"has-inline-color has-vivid-purple-color\"><strong>APROFUNDANDO O TEMA<\/strong><\/mark><\/p>\n\n\n\n<p>A literatura que trata sobre o tema ensina que a <em>Accountability<\/em> pode possuir <strong>tr\u00eas dimens\u00f5es<\/strong>, de acordo com a natureza e a hierarquia do controle. Desta forma, ela pode ser:<\/p>\n\n\n\n<p><strong>Horizontal:<\/strong> \u00c9 aquela exercida entre \u00f3rg\u00e3os iguais ou aut\u00f4nomos (Tribunal de Contas, Minist\u00e9rio P\u00fablico).<\/p>\n\n\n\n<p><strong>Vertical:<\/strong> \u00c9 aquela exercida pelos pr\u00f3prios cidad\u00e3os (voto, a\u00e7\u00e3o popular)<\/p>\n\n\n\n<p><strong>Societal:<\/strong> \u00c9 aquela exercida por entidades da sociedade civil (ONGs, sindicatos, associa\u00e7\u00f5es etc.)<\/p>\n\n\n\n<p>Assim, cabe ressaltar tamb\u00e9m que quando falamos em <em>accountability<\/em> estamos nos referindo \u00e0 <strong>presta\u00e7\u00e3o de contas: financeira e or\u00e7ament\u00e1ria<\/strong>, <strong>administrativa e social.<\/strong><\/p>\n<\/div>\n<\/div><\/div>\n<\/div>\n<\/div>\n\n\n\n<h2 class=\"wp-block-heading\"><br \/><mark style=\"background-color:rgba(0, 0, 0, 0)\" class=\"has-inline-color has-vivid-purple-color\">Princ\u00edpio da Confiabilidade <\/mark><\/h2>\n\n\n\n<p>Diz respeito \u00e0 <strong>capacidade das institui\u00e7\u00f5es de minimizar as incertezas<\/strong> para os cidad\u00e3os em todos os aspectos que os permeiam (econ\u00f4mico, social e pol\u00edtico). Ou seja, est\u00e1 <strong>ligada ao grau de seguran\u00e7a e credibilidade que o cidad\u00e3o possui em rela\u00e7\u00e3o \u00e0 Administra\u00e7\u00e3o P\u00fablica.<\/strong><\/p>\n\n\n\n<p>Para aumentar o seu n\u00edvel de confiabilidade, a institui\u00e7\u00e3o p\u00fablica precisa<strong> definir seus objetivos e diretrizes e se manter leal a eles<\/strong>, mantendo a\u00e7\u00f5es coerentes com sua miss\u00e3o.  <\/p>\n\n\n\n<p>De acordo com a Organiza\u00e7\u00e3o para a Coopera\u00e7\u00e3o e Desenvolvimento Econ\u00f4mico (OCDE), <strong> para promover esta confiabilidade as organiza\u00e7\u00f5es devem:<\/strong><\/p>\n\n\n\n<ol class=\"wp-block-list\"><li> Ser competentes, fornecendo servi\u00e7os p\u00fablicos acess\u00edveis e eficientes<\/li><li>Atuar com base em valores, promovendo a integridade e o compromisso com o interesse p\u00fablico.<\/li><\/ol>\n\n\n\n<h2 class=\"wp-block-heading\"><mark style=\"background-color:rgba(0, 0, 0, 0)\" class=\"has-inline-color has-vivid-purple-color\">Conclus\u00e3o &#8211; Princ\u00edpios de Governan\u00e7a P\u00fablica para o Senado<\/mark><\/h2>\n\n\n\n<p>Em conclus\u00e3o, esperamos que esse pequeno resumo sobre <strong>Princ\u00edpios de Governan\u00e7a P\u00fablica para o Senado<\/strong> tenha sido \u00fatil para voc\u00eas.<\/p>\n\n\n\n<p>Contudo, ressaltamos que n\u00e3o foram tratados todos os princ\u00edpios, mas apenas os de maior relev\u00e2ncia. Para que voc\u00eas dominem a banca organizadora \u00e9 de grande import\u00e2ncia que estudem pelas aulas em <a href=\"https:\/\/www.estrategiaconcursos.com.br\/cursos\/concurso\/\" target=\"_blank\" rel=\"noreferrer noopener\">PDF do Estrat\u00e9gia<\/a> e fa\u00e7am muitas quest\u00f5es atrav\u00e9s do <a href=\"https:\/\/www.estrategiaconcursos.com.br\/cursosPorConcurso\/sistema-de-questoes\/\" target=\"_blank\" rel=\"noreferrer noopener\">Sistema de Quest\u00f5es do Estrat\u00e9gia<\/a> para consolidar o conte\u00fado.<\/p>\n\n\n\n<p>Para ler mais artigos escritos por mim, cliquem <a href=\"https:\/\/www.estrategiaconcursos.com.br\/blog\/author\/renata-araujosodregmail-com\/\" target=\"_blank\" rel=\"noreferrer noopener\">aqui<\/a>.<\/p>\n\n\n\n<p>Um excelente estudo a todos!<\/p>\n\n\n\n<p><a href=\"https:\/\/www.estrategiaconcursos.com.br\/blog\/author\/renata-araujosodregmail-com\/\" target=\"_blank\" rel=\"noreferrer noopener\">Renata Sodr\u00e9<\/a><\/p>\n\n\n\n<h2 class=\"has-text-align-center wp-block-heading\" id=\"h-cursos-e-assinaturas\">Cursos e Assinaturas <\/h2>\n\n\n\n<p>Prepare-se com o melhor material e com quem mais aprova em Concursos P\u00fablicos em todo o pa\u00eds!<\/p>\n\n\n\n<p class=\"has-text-align-center has-white-color has-vivid-purple-background-color has-text-color has-background\"><a href=\"https:\/\/www.estrategiaconcursos.com.br\/blog\/concursos-abertos\/\" target=\"_blank\" rel=\"noreferrer noopener\"><strong>Concursos abertos<\/strong><\/a><\/p>\n\n\n\n<p class=\"has-text-align-center has-white-color has-vivid-purple-background-color has-text-color has-background\"><strong><a href=\"https:\/\/www.estrategiaconcursos.com.br\/blog\/concursos-2022\/\" target=\"_blank\" rel=\"noreferrer noopener\">Concursos 2022<\/a><\/strong><\/p>\n\n\n\n<div class=\"container\" id=\"boxes\">\n  <div class=\"row\">\n    <div class=\"col-sm\">\n      <div class=\"estrategia\" id=\"box-assinatura\">\n        <h3 class=\"titulo-assinatura\">Assinatura de Concursos<\/h3>\n        <p class=\"subtitulo-assinatura\">Assinatura de 1 ano ou 2 anos<\/p>\n        <div class=\"box-botao\">\n          <a class=\"btn-assinatura\" target=\"_blank\" href=\"https:\/\/www.estrategiaconcursos.com.br\/assinaturas\/\" role=\"button\" rel=\"noopener noreferrer\">ASSINE AGORA<\/a>\n        <\/div>\n      <\/div>\n      \n    <\/div><\/div><\/div>\n","protected":false},"excerpt":{"rendered":"<p>Aprenda os principais t\u00f3picos sobre Princ\u00edpios de Governan\u00e7a P\u00fablica para o Senado e garanta a vaga dos seus sonhos! Ol\u00e1, estrategistas! Como v\u00e3o os estudos? Depois de muita espera, foi divulgado o t\u00e3o esperado edital para o Concurso para o Senado Federal pela banca Funda\u00e7\u00e3o Get\u00falio Vargas (FGV). Ser\u00e3o ofertadas 22 vagas imediatas, al\u00e9m de [&hellip;]<\/p>\n","protected":false},"author":2310,"featured_media":1093511,"comment_status":"open","ping_status":"closed","sticky":false,"template":"","format":"standard","meta":{"post_tipo":"article","footnotes":""},"categories":[1,2017],"tags":[50844,220861,221165,221166,1629],"tax_estado":[219963],"class_list":["post-1085777","post","type-post","status-publish","format-standard","has-post-thumbnail","hentry","category-cursos-e-concursos","category-concursos-legislativos","tag-concurso-do-senado-federal","tag-concursos-publicos-2022","tag-governanca-publica","tag-principios-de-governanca-publica","tag-senado-federal","tax_estado-concursos-federais"],"acf":[],"yoast_head":"<!-- This site is optimized with the Yoast SEO Premium plugin v27.2 (Yoast SEO v27.2) - https:\/\/yoast.com\/product\/yoast-seo-premium-wordpress\/ -->\n<title>Princ\u00edpios de Governan\u00e7a P\u00fablica para o Senado<\/title>\n<meta name=\"description\" content=\"Preparamos um artigo incr\u00edvel sobre Princ\u00edpios de Governan\u00e7a P\u00fablica para o Senado para que voc\u00ea garanta a sua vaga.\" \/>\n<meta name=\"robots\" content=\"index, follow, max-snippet:-1, max-image-preview:large, max-video-preview:-1\" \/>\n<link rel=\"canonical\" href=\"https:\/\/www.estrategiaconcursos.com.br\/blog\/principios-governanca-publica-senado\/\" \/>\n<meta property=\"og:locale\" content=\"pt_BR\" \/>\n<meta property=\"og:type\" content=\"article\" \/>\n<meta property=\"og:title\" content=\"Princ\u00edpios de Governan\u00e7a P\u00fablica para o Senado\" \/>\n<meta property=\"og:description\" content=\"Preparamos um artigo incr\u00edvel sobre Princ\u00edpios de Governan\u00e7a P\u00fablica para o Senado para que voc\u00ea garanta a sua vaga.\" \/>\n<meta property=\"og:url\" content=\"https:\/\/www.estrategiaconcursos.com.br\/blog\/principios-governanca-publica-senado\/\" \/>\n<meta property=\"og:site_name\" content=\"Estrat\u00e9gia Concursos\" \/>\n<meta property=\"article:published_time\" content=\"2022-10-14T11:34:00+00:00\" \/>\n<meta property=\"og:image\" content=\"https:\/\/dhg1h5j42swfq.cloudfront.net\/2022\/09\/13023938\/principios-de-governanca-publica-scaled.jpg\" \/>\n\t<meta property=\"og:image:width\" content=\"2560\" \/>\n\t<meta property=\"og:image:height\" content=\"1707\" \/>\n\t<meta property=\"og:image:type\" content=\"image\/jpeg\" \/>\n<meta name=\"author\" content=\"Renata Ara\u00fajo Sodr\u00e9 da Silva\" \/>\n<meta name=\"twitter:card\" content=\"summary_large_image\" \/>\n<meta name=\"twitter:creator\" content=\"@EstratConcursos\" \/>\n<meta name=\"twitter:site\" content=\"@EstratConcursos\" \/>\n<meta name=\"twitter:label1\" content=\"Escrito por\" \/>\n\t<meta name=\"twitter:data1\" content=\"Renata Ara\u00fajo Sodr\u00e9 da Silva\" \/>\n\t<meta name=\"twitter:label2\" content=\"Est. tempo de leitura\" \/>\n\t<meta name=\"twitter:data2\" content=\"8 minutos\" \/>\n<script type=\"application\/ld+json\" class=\"yoast-schema-graph\">{\"@context\":\"https:\/\/schema.org\",\"@graph\":[{\"@type\":\"NewsArticle\",\"@id\":\"https:\/\/www.estrategiaconcursos.com.br\/blog\/principios-governanca-publica-senado\/#article\",\"isPartOf\":{\"@id\":\"https:\/\/www.estrategiaconcursos.com.br\/blog\/principios-governanca-publica-senado\/\"},\"author\":{\"name\":\"Renata Ara\u00fajo Sodr\u00e9 da Silva\",\"@id\":\"https:\/\/www.estrategiaconcursos.com.br\/blog\/#\/schema\/person\/a929d42d707cf35b05df2e2219927433\"},\"headline\":\"Princ\u00edpios de Governan\u00e7a P\u00fablica para o Senado\",\"datePublished\":\"2022-10-14T11:34:00+00:00\",\"mainEntityOfPage\":{\"@id\":\"https:\/\/www.estrategiaconcursos.com.br\/blog\/principios-governanca-publica-senado\/\"},\"wordCount\":1566,\"commentCount\":0,\"publisher\":{\"@id\":\"https:\/\/www.estrategiaconcursos.com.br\/blog\/#organization\"},\"image\":{\"@id\":\"https:\/\/www.estrategiaconcursos.com.br\/blog\/principios-governanca-publica-senado\/#primaryimage\"},\"thumbnailUrl\":\"https:\/\/dhg1h5j42swfq.cloudfront.net\/2022\/09\/13023938\/principios-de-governanca-publica-scaled.jpg\",\"keywords\":[\"concurso do senado federal\",\"concursos p\u00fablicos 2022\",\"governan\u00e7a p\u00fablica\",\"princ\u00edpios de governan\u00e7a p\u00fablica\",\"senado federal\"],\"articleSection\":[\"Concursos P\u00fablicos\",\"Legislativo\"],\"inLanguage\":\"pt-BR\",\"potentialAction\":[{\"@type\":\"CommentAction\",\"name\":\"Comment\",\"target\":[\"https:\/\/www.estrategiaconcursos.com.br\/blog\/principios-governanca-publica-senado\/#respond\"]}],\"copyrightYear\":\"2022\",\"copyrightHolder\":{\"@id\":\"https:\/\/www.estrategiaconcursos.com.br\/blog\/#organization\"}},{\"@type\":\"WebPage\",\"@id\":\"https:\/\/www.estrategiaconcursos.com.br\/blog\/principios-governanca-publica-senado\/\",\"url\":\"https:\/\/www.estrategiaconcursos.com.br\/blog\/principios-governanca-publica-senado\/\",\"name\":\"Princ\u00edpios de Governan\u00e7a P\u00fablica para o Senado\",\"isPartOf\":{\"@id\":\"https:\/\/www.estrategiaconcursos.com.br\/blog\/#website\"},\"primaryImageOfPage\":{\"@id\":\"https:\/\/www.estrategiaconcursos.com.br\/blog\/principios-governanca-publica-senado\/#primaryimage\"},\"image\":{\"@id\":\"https:\/\/www.estrategiaconcursos.com.br\/blog\/principios-governanca-publica-senado\/#primaryimage\"},\"thumbnailUrl\":\"https:\/\/dhg1h5j42swfq.cloudfront.net\/2022\/09\/13023938\/principios-de-governanca-publica-scaled.jpg\",\"datePublished\":\"2022-10-14T11:34:00+00:00\",\"description\":\"Preparamos um artigo incr\u00edvel sobre Princ\u00edpios de Governan\u00e7a P\u00fablica para o Senado para que voc\u00ea garanta a sua vaga.\",\"breadcrumb\":{\"@id\":\"https:\/\/www.estrategiaconcursos.com.br\/blog\/principios-governanca-publica-senado\/#breadcrumb\"},\"inLanguage\":\"pt-BR\",\"potentialAction\":[{\"@type\":\"ReadAction\",\"target\":[\"https:\/\/www.estrategiaconcursos.com.br\/blog\/principios-governanca-publica-senado\/\"]}]},{\"@type\":\"ImageObject\",\"inLanguage\":\"pt-BR\",\"@id\":\"https:\/\/www.estrategiaconcursos.com.br\/blog\/principios-governanca-publica-senado\/#primaryimage\",\"url\":\"https:\/\/dhg1h5j42swfq.cloudfront.net\/2022\/09\/13023938\/principios-de-governanca-publica-scaled.jpg\",\"contentUrl\":\"https:\/\/dhg1h5j42swfq.cloudfront.net\/2022\/09\/13023938\/principios-de-governanca-publica-scaled.jpg\",\"width\":2560,\"height\":1707},{\"@type\":\"BreadcrumbList\",\"@id\":\"https:\/\/www.estrategiaconcursos.com.br\/blog\/principios-governanca-publica-senado\/#breadcrumb\",\"itemListElement\":[{\"@type\":\"ListItem\",\"position\":1,\"name\":\"In\u00edcio\",\"item\":\"https:\/\/www.estrategiaconcursos.com.br\/blog\/\"},{\"@type\":\"ListItem\",\"position\":2,\"name\":\"Princ\u00edpios de Governan\u00e7a P\u00fablica para o Senado\"}]},{\"@type\":\"WebSite\",\"@id\":\"https:\/\/www.estrategiaconcursos.com.br\/blog\/#website\",\"url\":\"https:\/\/www.estrategiaconcursos.com.br\/blog\/\",\"name\":\"Estrat\u00e9gia Concursos\",\"description\":\"O blog da Estrat\u00e9gia Concursos traz not\u00edcias sobre concursos e artigos de professores oferecendo cursos para concursos (pdf + videaulas) no site.\",\"publisher\":{\"@id\":\"https:\/\/www.estrategiaconcursos.com.br\/blog\/#organization\"},\"potentialAction\":[{\"@type\":\"SearchAction\",\"target\":{\"@type\":\"EntryPoint\",\"urlTemplate\":\"https:\/\/www.estrategiaconcursos.com.br\/blog\/?s={search_term_string}\"},\"query-input\":{\"@type\":\"PropertyValueSpecification\",\"valueRequired\":true,\"valueName\":\"search_term_string\"}}],\"inLanguage\":\"pt-BR\"},{\"@type\":\"Organization\",\"@id\":\"https:\/\/www.estrategiaconcursos.com.br\/blog\/#organization\",\"name\":\"Estrat\u00e9gia Concursos\",\"url\":\"https:\/\/www.estrategiaconcursos.com.br\/blog\/\",\"logo\":{\"@type\":\"ImageObject\",\"inLanguage\":\"pt-BR\",\"@id\":\"https:\/\/www.estrategiaconcursos.com.br\/blog\/#\/schema\/logo\/image\/\",\"url\":\"https:\/\/dhg1h5j42swfq.cloudfront.net\/2025\/06\/03203428\/logo_concursos-1.jpg\",\"contentUrl\":\"https:\/\/dhg1h5j42swfq.cloudfront.net\/2025\/06\/03203428\/logo_concursos-1.jpg\",\"width\":230,\"height\":60,\"caption\":\"Estrat\u00e9gia Concursos\"},\"image\":{\"@id\":\"https:\/\/www.estrategiaconcursos.com.br\/blog\/#\/schema\/logo\/image\/\"},\"sameAs\":[\"https:\/\/x.com\/EstratConcursos\"]},{\"@type\":\"Person\",\"@id\":\"https:\/\/www.estrategiaconcursos.com.br\/blog\/#\/schema\/person\/a929d42d707cf35b05df2e2219927433\",\"name\":\"Renata Ara\u00fajo Sodr\u00e9 da Silva\",\"image\":{\"@type\":\"ImageObject\",\"inLanguage\":\"pt-BR\",\"@id\":\"https:\/\/secure.gravatar.com\/avatar\/ca9182e3bf6658feab2bdbe93f36f56f9771baa281700b03ec5836dcf5c88918?s=96&d=mm&r=g\",\"url\":\"https:\/\/secure.gravatar.com\/avatar\/ca9182e3bf6658feab2bdbe93f36f56f9771baa281700b03ec5836dcf5c88918?s=96&d=mm&r=g\",\"contentUrl\":\"https:\/\/secure.gravatar.com\/avatar\/ca9182e3bf6658feab2bdbe93f36f56f9771baa281700b03ec5836dcf5c88918?s=96&d=mm&r=g\",\"caption\":\"Renata Ara\u00fajo Sodr\u00e9 da Silva\"},\"url\":\"https:\/\/www.estrategiaconcursos.com.br\/blog\/author\/renata-araujosodregmail-com\/\"}]}<\/script>\n<!-- \/ Yoast SEO Premium plugin. -->","yoast_head_json":{"title":"Princ\u00edpios de Governan\u00e7a P\u00fablica para o Senado","description":"Preparamos um artigo incr\u00edvel sobre Princ\u00edpios de Governan\u00e7a P\u00fablica para o Senado para que voc\u00ea garanta a sua vaga.","robots":{"index":"index","follow":"follow","max-snippet":"max-snippet:-1","max-image-preview":"max-image-preview:large","max-video-preview":"max-video-preview:-1"},"canonical":"https:\/\/www.estrategiaconcursos.com.br\/blog\/principios-governanca-publica-senado\/","og_locale":"pt_BR","og_type":"article","og_title":"Princ\u00edpios de Governan\u00e7a P\u00fablica para o Senado","og_description":"Preparamos um artigo incr\u00edvel sobre Princ\u00edpios de Governan\u00e7a P\u00fablica para o Senado para que voc\u00ea garanta a sua vaga.","og_url":"https:\/\/www.estrategiaconcursos.com.br\/blog\/principios-governanca-publica-senado\/","og_site_name":"Estrat\u00e9gia Concursos","article_published_time":"2022-10-14T11:34:00+00:00","og_image":[{"width":2560,"height":1707,"url":"https:\/\/dhg1h5j42swfq.cloudfront.net\/2022\/09\/13023938\/principios-de-governanca-publica-scaled.jpg","type":"image\/jpeg"}],"author":"Renata Ara\u00fajo Sodr\u00e9 da Silva","twitter_card":"summary_large_image","twitter_creator":"@EstratConcursos","twitter_site":"@EstratConcursos","twitter_misc":{"Escrito por":"Renata Ara\u00fajo Sodr\u00e9 da Silva","Est. tempo de leitura":"8 minutos"},"schema":{"@context":"https:\/\/schema.org","@graph":[{"@type":"NewsArticle","@id":"https:\/\/www.estrategiaconcursos.com.br\/blog\/principios-governanca-publica-senado\/#article","isPartOf":{"@id":"https:\/\/www.estrategiaconcursos.com.br\/blog\/principios-governanca-publica-senado\/"},"author":{"name":"Renata Ara\u00fajo Sodr\u00e9 da Silva","@id":"https:\/\/www.estrategiaconcursos.com.br\/blog\/#\/schema\/person\/a929d42d707cf35b05df2e2219927433"},"headline":"Princ\u00edpios de Governan\u00e7a P\u00fablica para o Senado","datePublished":"2022-10-14T11:34:00+00:00","mainEntityOfPage":{"@id":"https:\/\/www.estrategiaconcursos.com.br\/blog\/principios-governanca-publica-senado\/"},"wordCount":1566,"commentCount":0,"publisher":{"@id":"https:\/\/www.estrategiaconcursos.com.br\/blog\/#organization"},"image":{"@id":"https:\/\/www.estrategiaconcursos.com.br\/blog\/principios-governanca-publica-senado\/#primaryimage"},"thumbnailUrl":"https:\/\/dhg1h5j42swfq.cloudfront.net\/2022\/09\/13023938\/principios-de-governanca-publica-scaled.jpg","keywords":["concurso do senado federal","concursos p\u00fablicos 2022","governan\u00e7a p\u00fablica","princ\u00edpios de governan\u00e7a p\u00fablica","senado federal"],"articleSection":["Concursos P\u00fablicos","Legislativo"],"inLanguage":"pt-BR","potentialAction":[{"@type":"CommentAction","name":"Comment","target":["https:\/\/www.estrategiaconcursos.com.br\/blog\/principios-governanca-publica-senado\/#respond"]}],"copyrightYear":"2022","copyrightHolder":{"@id":"https:\/\/www.estrategiaconcursos.com.br\/blog\/#organization"}},{"@type":"WebPage","@id":"https:\/\/www.estrategiaconcursos.com.br\/blog\/principios-governanca-publica-senado\/","url":"https:\/\/www.estrategiaconcursos.com.br\/blog\/principios-governanca-publica-senado\/","name":"Princ\u00edpios de Governan\u00e7a P\u00fablica para o Senado","isPartOf":{"@id":"https:\/\/www.estrategiaconcursos.com.br\/blog\/#website"},"primaryImageOfPage":{"@id":"https:\/\/www.estrategiaconcursos.com.br\/blog\/principios-governanca-publica-senado\/#primaryimage"},"image":{"@id":"https:\/\/www.estrategiaconcursos.com.br\/blog\/principios-governanca-publica-senado\/#primaryimage"},"thumbnailUrl":"https:\/\/dhg1h5j42swfq.cloudfront.net\/2022\/09\/13023938\/principios-de-governanca-publica-scaled.jpg","datePublished":"2022-10-14T11:34:00+00:00","description":"Preparamos um artigo incr\u00edvel sobre Princ\u00edpios de Governan\u00e7a P\u00fablica para o Senado para que voc\u00ea garanta a sua vaga.","breadcrumb":{"@id":"https:\/\/www.estrategiaconcursos.com.br\/blog\/principios-governanca-publica-senado\/#breadcrumb"},"inLanguage":"pt-BR","potentialAction":[{"@type":"ReadAction","target":["https:\/\/www.estrategiaconcursos.com.br\/blog\/principios-governanca-publica-senado\/"]}]},{"@type":"ImageObject","inLanguage":"pt-BR","@id":"https:\/\/www.estrategiaconcursos.com.br\/blog\/principios-governanca-publica-senado\/#primaryimage","url":"https:\/\/dhg1h5j42swfq.cloudfront.net\/2022\/09\/13023938\/principios-de-governanca-publica-scaled.jpg","contentUrl":"https:\/\/dhg1h5j42swfq.cloudfront.net\/2022\/09\/13023938\/principios-de-governanca-publica-scaled.jpg","width":2560,"height":1707},{"@type":"BreadcrumbList","@id":"https:\/\/www.estrategiaconcursos.com.br\/blog\/principios-governanca-publica-senado\/#breadcrumb","itemListElement":[{"@type":"ListItem","position":1,"name":"In\u00edcio","item":"https:\/\/www.estrategiaconcursos.com.br\/blog\/"},{"@type":"ListItem","position":2,"name":"Princ\u00edpios de Governan\u00e7a P\u00fablica para o Senado"}]},{"@type":"WebSite","@id":"https:\/\/www.estrategiaconcursos.com.br\/blog\/#website","url":"https:\/\/www.estrategiaconcursos.com.br\/blog\/","name":"Estrat\u00e9gia Concursos","description":"O blog da Estrat\u00e9gia Concursos traz not\u00edcias sobre concursos e artigos de professores oferecendo cursos para concursos (pdf + videaulas) no site.","publisher":{"@id":"https:\/\/www.estrategiaconcursos.com.br\/blog\/#organization"},"potentialAction":[{"@type":"SearchAction","target":{"@type":"EntryPoint","urlTemplate":"https:\/\/www.estrategiaconcursos.com.br\/blog\/?s={search_term_string}"},"query-input":{"@type":"PropertyValueSpecification","valueRequired":true,"valueName":"search_term_string"}}],"inLanguage":"pt-BR"},{"@type":"Organization","@id":"https:\/\/www.estrategiaconcursos.com.br\/blog\/#organization","name":"Estrat\u00e9gia Concursos","url":"https:\/\/www.estrategiaconcursos.com.br\/blog\/","logo":{"@type":"ImageObject","inLanguage":"pt-BR","@id":"https:\/\/www.estrategiaconcursos.com.br\/blog\/#\/schema\/logo\/image\/","url":"https:\/\/dhg1h5j42swfq.cloudfront.net\/2025\/06\/03203428\/logo_concursos-1.jpg","contentUrl":"https:\/\/dhg1h5j42swfq.cloudfront.net\/2025\/06\/03203428\/logo_concursos-1.jpg","width":230,"height":60,"caption":"Estrat\u00e9gia Concursos"},"image":{"@id":"https:\/\/www.estrategiaconcursos.com.br\/blog\/#\/schema\/logo\/image\/"},"sameAs":["https:\/\/x.com\/EstratConcursos"]},{"@type":"Person","@id":"https:\/\/www.estrategiaconcursos.com.br\/blog\/#\/schema\/person\/a929d42d707cf35b05df2e2219927433","name":"Renata Ara\u00fajo Sodr\u00e9 da Silva","image":{"@type":"ImageObject","inLanguage":"pt-BR","@id":"https:\/\/secure.gravatar.com\/avatar\/ca9182e3bf6658feab2bdbe93f36f56f9771baa281700b03ec5836dcf5c88918?s=96&d=mm&r=g","url":"https:\/\/secure.gravatar.com\/avatar\/ca9182e3bf6658feab2bdbe93f36f56f9771baa281700b03ec5836dcf5c88918?s=96&d=mm&r=g","contentUrl":"https:\/\/secure.gravatar.com\/avatar\/ca9182e3bf6658feab2bdbe93f36f56f9771baa281700b03ec5836dcf5c88918?s=96&d=mm&r=g","caption":"Renata Ara\u00fajo Sodr\u00e9 da Silva"},"url":"https:\/\/www.estrategiaconcursos.com.br\/blog\/author\/renata-araujosodregmail-com\/"}]}},"_links":{"self":[{"href":"https:\/\/www.estrategiaconcursos.com.br\/blog\/wp-json\/wp\/v2\/posts\/1085777","targetHints":{"allow":["GET"]}}],"collection":[{"href":"https:\/\/www.estrategiaconcursos.com.br\/blog\/wp-json\/wp\/v2\/posts"}],"about":[{"href":"https:\/\/www.estrategiaconcursos.com.br\/blog\/wp-json\/wp\/v2\/types\/post"}],"author":[{"embeddable":true,"href":"https:\/\/www.estrategiaconcursos.com.br\/blog\/wp-json\/wp\/v2\/users\/2310"}],"replies":[{"embeddable":true,"href":"https:\/\/www.estrategiaconcursos.com.br\/blog\/wp-json\/wp\/v2\/comments?post=1085777"}],"version-history":[{"count":19,"href":"https:\/\/www.estrategiaconcursos.com.br\/blog\/wp-json\/wp\/v2\/posts\/1085777\/revisions"}],"predecessor-version":[{"id":1094185,"href":"https:\/\/www.estrategiaconcursos.com.br\/blog\/wp-json\/wp\/v2\/posts\/1085777\/revisions\/1094185"}],"wp:featuredmedia":[{"embeddable":true,"href":"https:\/\/www.estrategiaconcursos.com.br\/blog\/wp-json\/wp\/v2\/media\/1093511"}],"wp:attachment":[{"href":"https:\/\/www.estrategiaconcursos.com.br\/blog\/wp-json\/wp\/v2\/media?parent=1085777"}],"wp:term":[{"taxonomy":"category","embeddable":true,"href":"https:\/\/www.estrategiaconcursos.com.br\/blog\/wp-json\/wp\/v2\/categories?post=1085777"},{"taxonomy":"post_tag","embeddable":true,"href":"https:\/\/www.estrategiaconcursos.com.br\/blog\/wp-json\/wp\/v2\/tags?post=1085777"},{"taxonomy":"tax_estado","embeddable":true,"href":"https:\/\/www.estrategiaconcursos.com.br\/blog\/wp-json\/wp\/v2\/tax_estado?post=1085777"}],"curies":[{"name":"wp","href":"https:\/\/api.w.org\/{rel}","templated":true}]}}