{"id":1085301,"date":"2022-08-29T10:24:27","date_gmt":"2022-08-29T13:24:27","guid":{"rendered":"https:\/\/www.estrategiaconcursos.com.br\/blog\/?p=1085301"},"modified":"2022-08-29T17:41:10","modified_gmt":"2022-08-29T20:41:10","slug":"concurso-trt-pb-requisitos-exigidos","status":"publish","type":"post","link":"https:\/\/www.estrategiaconcursos.com.br\/blog\/concurso-trt-pb-requisitos-exigidos\/","title":{"rendered":"Concurso TRT PB: confira os requisitos exigidos"},"content":{"rendered":"\n<p>As inscri\u00e7\u00f5es do <strong>concurso TRT PB<\/strong> est\u00e3o abertas! Os interessados em participar do <strong>concurso p\u00fablico <\/strong>do <a href=\"https:\/\/www.estrategiaconcursos.com.br\/cursosPorConcurso\/trt-paraiba-13-regiao-272\/\" target=\"_blank\" rel=\"noreferrer noopener\">Tribunal Regional do Trabalho da Para\u00edba<\/a> devem acessar o endere\u00e7o eletr\u00f4nico da banca, a <strong>FGV<\/strong>, at\u00e9 \u00e0s 16h do dia 20 de setembro de 2022.. <\/p>\n\n\n\n<p>O valor da taxa de participa\u00e7\u00e3o varia conforme o cargo pretendido, sendo:<\/p>\n\n\n\n<ul class=\"wp-block-list\"><li>R$ 75,00 para cargos de n\u00edvel m\u00e9dio; e<\/li><li>R$ 95,00 para cargos de n\u00edvel superior.<\/li><\/ul>\n\n\n\n<p>O <strong>certame<\/strong> oferta, ao todo, 04 vagas imediatas e oportunidades de cadastro reserva. Confira os requisitos exigidos no edital TRT PB para cada uma das oportunidades ofertadas na sele\u00e7\u00e3o: <\/p>\n\n\n\n<h2 class=\"wp-block-heading\" id=\"h-concurso-trt-pb-requisitos\">Concurso TRT PB: requisitos <\/h2>\n\n\n\n<ul class=\"wp-block-list\"><li><strong>Analista Judici\u00e1rio: \u00c1rea Judici\u00e1ria&nbsp;<\/strong>\u2013 Gradua\u00e7\u00e3o em Direito.<\/li><li><strong>Analista Judici\u00e1rio: \u00c1rea Administrativa \u2013 Sem Especialidade&nbsp;<\/strong>\u2013 Curso de ensino superior, inclusive licenciatura plena.<\/li><li><strong>Analista Judici\u00e1rio: Oficial de Justi\u00e7a Avaliador Federal&nbsp;<\/strong>\u2013 Gradua\u00e7\u00e3o em Direito.<\/li><li><strong>Analista Judici\u00e1rio: Arquiteto&nbsp;<\/strong>\u2013 Gradua\u00e7\u00e3o em Arquitetura e registro no Conselho de Arquitetura e Urbanismo dos Estados e do DF.<\/li><li><strong>Analista Judici\u00e1rio: Estat\u00edstica&nbsp;<\/strong>\u2013 Gradua\u00e7\u00e3o em Estat\u00edstica.<\/li><li><strong>Analista Judici\u00e1rio: Tecnologia da Informa\u00e7\u00e3o&nbsp;<\/strong>\u2013 Curso de ensino superior na \u00e1rea de inform\u00e1tica ou qualquer curso de ensino superior, acrescido de curso de p\u00f3s gradua\u00e7\u00e3o em inform\u00e1tica.<\/li><li><strong>Analista Judici\u00e1rio: Biblioteconomia&nbsp;<\/strong>\u2013 Gradua\u00e7\u00e3o em Biblioteconomia e registro no Conselho Regional de Biblioteconomia.<\/li><li><strong>Analista Judici\u00e1rio: Contador&nbsp;<\/strong>\u2013 Gradua\u00e7\u00e3o em Contabilidade e registro no Conselho Regional de Contabilidade.<\/li><li><strong>Analista Judici\u00e1rio: Engenharia El\u00e9trica&nbsp;<\/strong>\u2013 Gradua\u00e7\u00e3o em Engenharia El\u00e9trica e registro no Conselho Regional de Engenharia e Agronomia dos Estados e do DF.<\/li><li><strong>Analista Judici\u00e1rio: Medicina&nbsp;<\/strong>\u2013 Gradua\u00e7\u00e3o em Medicina e registro no Conselho Regional de Medicina.<\/li><li><strong>Analista Judici\u00e1rio: Medicina Psiqui\u00e1trica&nbsp;<\/strong>\u2013 Gradua\u00e7\u00e3o em Medicina e p\u00f3s-gradua\u00e7\u00e3o em Psiquiatria e registro no Conselho Regional de Medicina.<\/li><li><strong>Analista Judici\u00e1rio: Odontologia \u2013&nbsp;<\/strong>Gradua\u00e7\u00e3o em Odontologia e registro no Conselho Regional de Odontologia.<\/li><li><strong>Analista Judici\u00e1rio: Servi\u00e7o Social \u2013&nbsp;<\/strong>Gradua\u00e7\u00e3o em Servi\u00e7o Social e registro no Conselho Regional de Servi\u00e7o Social.<\/li><li><strong>T\u00e9cnico Judici\u00e1rio: \u00c1rea Administrativa \u2013 Sem Especialidade<\/strong>&nbsp;\u2013 Curso de ensino m\u00e9dio;<\/li><li><strong>T\u00e9cnico Judici\u00e1rio: Pol\u00edcia Judicial<\/strong>&nbsp;\u2013 Curso de ensino m\u00e9dio e carteira nacional de habilita\u00e7\u00e3o categoria \u201cB\u201d ou superior.<\/li><li><strong>T\u00e9cnico Judici\u00e1rio: Enfermagem&nbsp;<\/strong>\u2013 Curso de ensino m\u00e9dio e curso t\u00e9cnico de enfermagem do trabalho e registro no Conselho Regional de Enfermagem.<\/li><li><strong>T\u00e9cnico Judici\u00e1rio: Tecnologia da Informa\u00e7\u00e3o \u2013&nbsp;<\/strong>Curso de ensino m\u00e9dio acrescido de um curso de programa\u00e7\u00e3o que tenha, no m\u00ednimo, 120 horas\/aula, ou curso t\u00e9cnico na \u00e1rea de inform\u00e1tica expedido por institui\u00e7\u00e3o de ensino reconhecida pelo Minist\u00e9rio da Educa\u00e7\u00e3o.<\/li><\/ul>\n\n\n\n<p class=\"has-text-align-center\">Confira todos os detalhes do concurso <a href=\"https:\/\/www.trt13.jus.br\/\" target=\"_blank\" rel=\"noreferrer noopener\">TRT PB<\/a> atrav\u00e9s do link abaixo:<\/p>\n\n\n\n<p class=\"has-text-align-center has-light-green-cyan-background-color has-background has-medium-font-size\">Saiba mais: <a href=\"https:\/\/www.estrategiaconcursos.com.br\/blog\/concurso-trt-pb\/\" target=\"_blank\" rel=\"noreferrer noopener\">concurso TRT PB<\/a><\/p>\n\n\n\n<h2 class=\"has-text-align-center wp-block-heading\" id=\"h-quer-saber-tudo-sobre-concursos-previstos-confira-nossos-artigos\">Quer saber tudo sobre concursos previstos?<br \/>Confira nossos artigos!<\/h2>\n\n\n\n<ul class=\"wp-block-list\"><li><a href=\"https:\/\/www.estrategiaconcursos.com.br\/blog\/concursos-abertos\/\" target=\"_blank\" rel=\"noreferrer noopener\">Concursos abertos<\/a><\/li><li><a href=\"https:\/\/www.estrategiaconcursos.com.br\/blog\/concursos-2022\/\" target=\"_blank\" rel=\"noreferrer noopener\">Concursos 2022<\/a><\/li><li><a href=\"https:\/\/www.estrategiaconcursos.com.br\/blog\/concursos-2023\/\" target=\"_blank\" rel=\"noreferrer noopener\">Concursos 2023<\/a><\/li><\/ul>\n\n\n\n<h2 class=\"has-text-align-center wp-block-heading\" id=\"cursos\">Agora que voc\u00ea conferiu os requisitos, que tal estudar para o concurso TRT PB?<\/h2>\n\n\n\n<p class=\"has-text-align-center\"><em><strong>Gostou desta oportunidade e deseja come\u00e7ar se preparar agora mesmo? Ent\u00e3o, confira os nossos cursos e comece a estudar para TRT 13:<\/strong><\/em><\/p>\n\n\n\n<div class=\"container\" id=\"boxes\">\n  <div class=\"row\">\n\n    <div class=\"col-sm\">\n      <div class=\"banner-tribunal\" id=\"box-assinatura\">\n        <h3 class=\"titulo-assinatura\">Curso TRT PB<\/h3>\n        <p class=\"subtitulo-assinatura\">Conhe\u00e7a os cursos<\/p>\n        <div class=\"box-botao\">\n          <a class=\"btn-assinatura\" target=\"_blank\" href=\"https:\/\/www.estrategiaconcursos.com.br\/cursosPorConcurso\/trt-paraiba-13-regiao-272\/\" role=\"button\" rel=\"noopener noreferrer\">Conhe\u00e7a mais<\/a>\n        <\/div>\n      <\/div>\n      <p class=\"texto-auxiliar\">Prepare-se com o melhor material e com quem mais aprova em Concursos P\u00fablicos em todo o pa\u00eds.<\/p>\n    <\/div>\n\n  <\/div>\n<\/div>\n\n\n\n<div class=\"container\" id=\"boxes\">\n  <div class=\"row\">\n\n    <div class=\"col-sm\">\n      <div class=\"estrategia\" id=\"box-assinatura\">\n        <h3 class=\"titulo-assinatura\">Assinatura de Concursos<\/h3>\n        <p class=\"subtitulo-assinatura\">Assinatura de 1 ano ou 2 anos<\/p>\n        <div class=\"box-botao\">\n          <a class=\"btn-assinatura\" target=\"_blank\" href=\"https:\/\/www.estrategiaconcursos.com.br\/assinaturas\/\" role=\"button\" rel=\"noopener noreferrer\">ASSINE AGORA<\/a>\n        <\/div>\n      <\/div>\n     \n    <\/div><\/div><\/div>\n","protected":false},"excerpt":{"rendered":"<p>As inscri\u00e7\u00f5es do concurso TRT PB est\u00e3o abertas! Os interessados em participar do concurso p\u00fablico do Tribunal Regional do Trabalho da Para\u00edba devem acessar o endere\u00e7o eletr\u00f4nico da banca, a FGV, at\u00e9 \u00e0s 16h do dia 20 de setembro de 2022.. O valor da taxa de participa\u00e7\u00e3o varia conforme o cargo pretendido, sendo: R$ 75,00 [&hellip;]<\/p>\n","protected":false},"author":2375,"featured_media":1019967,"comment_status":"open","ping_status":"closed","sticky":false,"template":"","format":"standard","meta":{"post_tipo":"news","footnotes":""},"categories":[1984,220219],"tags":[],"tax_estado":[219978],"class_list":["post-1085301","post","type-post","status-publish","format-standard","has-post-thumbnail","hentry","category-tribunais","category-noticias","tax_estado-pb"],"acf":[],"yoast_head":"<!-- This site is optimized with the Yoast SEO Premium plugin v27.2 (Yoast SEO v27.2) - https:\/\/yoast.com\/product\/yoast-seo-premium-wordpress\/ -->\n<title>Concurso TRT PB: confira os requisitos exigidos<\/title>\n<meta name=\"description\" content=\"Concurso TRT PB: quer concorrer a uma das vagas do Tribunal Regional do Trabalho da Para\u00edba? Ent\u00e3o, confira os requisitos exigidos!\" \/>\n<meta name=\"robots\" content=\"index, follow, max-snippet:-1, max-image-preview:large, max-video-preview:-1\" \/>\n<link rel=\"canonical\" href=\"https:\/\/www.estrategiaconcursos.com.br\/blog\/concurso-trt-pb-requisitos-exigidos\/\" \/>\n<meta property=\"og:locale\" content=\"pt_BR\" \/>\n<meta property=\"og:type\" content=\"article\" \/>\n<meta property=\"og:title\" content=\"Concurso TRT PB: confira os requisitos exigidos\" \/>\n<meta property=\"og:description\" content=\"Concurso TRT PB: quer concorrer a uma das vagas do Tribunal Regional do Trabalho da Para\u00edba? Ent\u00e3o, confira os requisitos exigidos!\" \/>\n<meta property=\"og:url\" content=\"https:\/\/www.estrategiaconcursos.com.br\/blog\/concurso-trt-pb-requisitos-exigidos\/\" \/>\n<meta property=\"og:site_name\" content=\"Estrat\u00e9gia Concursos\" \/>\n<meta property=\"article:published_time\" content=\"2022-08-29T13:24:27+00:00\" \/>\n<meta property=\"article:modified_time\" content=\"2022-08-29T20:41:10+00:00\" \/>\n<meta property=\"og:image\" content=\"https:\/\/dhg1h5j42swfq.cloudfront.net\/2022\/05\/03103742\/concurso_trt_pb.jpeg\" \/>\n\t<meta property=\"og:image:width\" content=\"768\" \/>\n\t<meta property=\"og:image:height\" content=\"432\" \/>\n\t<meta property=\"og:image:type\" content=\"image\/jpeg\" \/>\n<meta name=\"author\" content=\"Priscila Almeida\" \/>\n<meta name=\"twitter:card\" content=\"summary_large_image\" \/>\n<meta name=\"twitter:creator\" content=\"@EstratConcursos\" \/>\n<meta name=\"twitter:site\" content=\"@EstratConcursos\" \/>\n<meta name=\"twitter:label1\" content=\"Escrito por\" \/>\n\t<meta name=\"twitter:data1\" content=\"Priscila Almeida\" \/>\n\t<meta name=\"twitter:label2\" content=\"Est. tempo de leitura\" \/>\n\t<meta name=\"twitter:data2\" content=\"3 minutos\" \/>\n<script type=\"application\/ld+json\" class=\"yoast-schema-graph\">{\"@context\":\"https:\/\/schema.org\",\"@graph\":[{\"@type\":\"NewsArticle\",\"@id\":\"https:\/\/www.estrategiaconcursos.com.br\/blog\/concurso-trt-pb-requisitos-exigidos\/#article\",\"isPartOf\":{\"@id\":\"https:\/\/www.estrategiaconcursos.com.br\/blog\/concurso-trt-pb-requisitos-exigidos\/\"},\"author\":{\"name\":\"Priscila Almeida\",\"@id\":\"https:\/\/www.estrategiaconcursos.com.br\/blog\/#\/schema\/person\/a06e841e501f2e1d8c49c4e8f066bfd1\"},\"headline\":\"Concurso TRT PB: confira os requisitos exigidos\",\"datePublished\":\"2022-08-29T13:24:27+00:00\",\"dateModified\":\"2022-08-29T20:41:10+00:00\",\"mainEntityOfPage\":{\"@id\":\"https:\/\/www.estrategiaconcursos.com.br\/blog\/concurso-trt-pb-requisitos-exigidos\/\"},\"wordCount\":578,\"commentCount\":0,\"publisher\":{\"@id\":\"https:\/\/www.estrategiaconcursos.com.br\/blog\/#organization\"},\"image\":{\"@id\":\"https:\/\/www.estrategiaconcursos.com.br\/blog\/concurso-trt-pb-requisitos-exigidos\/#primaryimage\"},\"thumbnailUrl\":\"https:\/\/dhg1h5j42swfq.cloudfront.net\/2022\/05\/03103742\/concurso_trt_pb.jpeg\",\"articleSection\":[\"Tribunais\",\"\u00daltimas not\u00edcias\"],\"inLanguage\":\"pt-BR\",\"potentialAction\":[{\"@type\":\"CommentAction\",\"name\":\"Comment\",\"target\":[\"https:\/\/www.estrategiaconcursos.com.br\/blog\/concurso-trt-pb-requisitos-exigidos\/#respond\"]}],\"copyrightYear\":\"2022\",\"copyrightHolder\":{\"@id\":\"https:\/\/www.estrategiaconcursos.com.br\/blog\/#organization\"}},{\"@type\":\"WebPage\",\"@id\":\"https:\/\/www.estrategiaconcursos.com.br\/blog\/concurso-trt-pb-requisitos-exigidos\/\",\"url\":\"https:\/\/www.estrategiaconcursos.com.br\/blog\/concurso-trt-pb-requisitos-exigidos\/\",\"name\":\"Concurso TRT PB: confira os requisitos exigidos\",\"isPartOf\":{\"@id\":\"https:\/\/www.estrategiaconcursos.com.br\/blog\/#website\"},\"primaryImageOfPage\":{\"@id\":\"https:\/\/www.estrategiaconcursos.com.br\/blog\/concurso-trt-pb-requisitos-exigidos\/#primaryimage\"},\"image\":{\"@id\":\"https:\/\/www.estrategiaconcursos.com.br\/blog\/concurso-trt-pb-requisitos-exigidos\/#primaryimage\"},\"thumbnailUrl\":\"https:\/\/dhg1h5j42swfq.cloudfront.net\/2022\/05\/03103742\/concurso_trt_pb.jpeg\",\"datePublished\":\"2022-08-29T13:24:27+00:00\",\"dateModified\":\"2022-08-29T20:41:10+00:00\",\"description\":\"Concurso TRT PB: quer concorrer a uma das vagas do Tribunal Regional do Trabalho da Para\u00edba? Ent\u00e3o, confira os requisitos exigidos!\",\"breadcrumb\":{\"@id\":\"https:\/\/www.estrategiaconcursos.com.br\/blog\/concurso-trt-pb-requisitos-exigidos\/#breadcrumb\"},\"inLanguage\":\"pt-BR\",\"potentialAction\":[{\"@type\":\"ReadAction\",\"target\":[\"https:\/\/www.estrategiaconcursos.com.br\/blog\/concurso-trt-pb-requisitos-exigidos\/\"]}]},{\"@type\":\"ImageObject\",\"inLanguage\":\"pt-BR\",\"@id\":\"https:\/\/www.estrategiaconcursos.com.br\/blog\/concurso-trt-pb-requisitos-exigidos\/#primaryimage\",\"url\":\"https:\/\/dhg1h5j42swfq.cloudfront.net\/2022\/05\/03103742\/concurso_trt_pb.jpeg\",\"contentUrl\":\"https:\/\/dhg1h5j42swfq.cloudfront.net\/2022\/05\/03103742\/concurso_trt_pb.jpeg\",\"width\":768,\"height\":432},{\"@type\":\"BreadcrumbList\",\"@id\":\"https:\/\/www.estrategiaconcursos.com.br\/blog\/concurso-trt-pb-requisitos-exigidos\/#breadcrumb\",\"itemListElement\":[{\"@type\":\"ListItem\",\"position\":1,\"name\":\"In\u00edcio\",\"item\":\"https:\/\/www.estrategiaconcursos.com.br\/blog\/\"},{\"@type\":\"ListItem\",\"position\":2,\"name\":\"Concurso TRT PB: confira os requisitos exigidos\"}]},{\"@type\":\"WebSite\",\"@id\":\"https:\/\/www.estrategiaconcursos.com.br\/blog\/#website\",\"url\":\"https:\/\/www.estrategiaconcursos.com.br\/blog\/\",\"name\":\"Estrat\u00e9gia Concursos\",\"description\":\"O blog da Estrat\u00e9gia Concursos traz not\u00edcias sobre concursos e artigos de professores oferecendo cursos para concursos (pdf + videaulas) no site.\",\"publisher\":{\"@id\":\"https:\/\/www.estrategiaconcursos.com.br\/blog\/#organization\"},\"potentialAction\":[{\"@type\":\"SearchAction\",\"target\":{\"@type\":\"EntryPoint\",\"urlTemplate\":\"https:\/\/www.estrategiaconcursos.com.br\/blog\/?s={search_term_string}\"},\"query-input\":{\"@type\":\"PropertyValueSpecification\",\"valueRequired\":true,\"valueName\":\"search_term_string\"}}],\"inLanguage\":\"pt-BR\"},{\"@type\":\"Organization\",\"@id\":\"https:\/\/www.estrategiaconcursos.com.br\/blog\/#organization\",\"name\":\"Estrat\u00e9gia Concursos\",\"url\":\"https:\/\/www.estrategiaconcursos.com.br\/blog\/\",\"logo\":{\"@type\":\"ImageObject\",\"inLanguage\":\"pt-BR\",\"@id\":\"https:\/\/www.estrategiaconcursos.com.br\/blog\/#\/schema\/logo\/image\/\",\"url\":\"https:\/\/dhg1h5j42swfq.cloudfront.net\/2025\/06\/03203428\/logo_concursos-1.jpg\",\"contentUrl\":\"https:\/\/dhg1h5j42swfq.cloudfront.net\/2025\/06\/03203428\/logo_concursos-1.jpg\",\"width\":230,\"height\":60,\"caption\":\"Estrat\u00e9gia Concursos\"},\"image\":{\"@id\":\"https:\/\/www.estrategiaconcursos.com.br\/blog\/#\/schema\/logo\/image\/\"},\"sameAs\":[\"https:\/\/x.com\/EstratConcursos\"]},{\"@type\":\"Person\",\"@id\":\"https:\/\/www.estrategiaconcursos.com.br\/blog\/#\/schema\/person\/a06e841e501f2e1d8c49c4e8f066bfd1\",\"name\":\"Priscila Almeida\",\"image\":{\"@type\":\"ImageObject\",\"inLanguage\":\"pt-BR\",\"@id\":\"https:\/\/secure.gravatar.com\/avatar\/0a963c9e2a947fa675b669cea2b5d0ba6dd1cbf46b966190343b6c9973ad3337?s=96&d=mm&r=g\",\"url\":\"https:\/\/secure.gravatar.com\/avatar\/0a963c9e2a947fa675b669cea2b5d0ba6dd1cbf46b966190343b6c9973ad3337?s=96&d=mm&r=g\",\"contentUrl\":\"https:\/\/secure.gravatar.com\/avatar\/0a963c9e2a947fa675b669cea2b5d0ba6dd1cbf46b966190343b6c9973ad3337?s=96&d=mm&r=g\",\"caption\":\"Priscila Almeida\"},\"description\":\"Atua na \u00e1rea de concursos p\u00fablicos desde 2019. As editorias que mais t\u00eam familiaridade s\u00e3o: Tribunais (TJs; TRTs; TREs; TSTs; STJ, STF, STM e TSE); Defensorias; Minist\u00e9rios P\u00fablicos; Procuradorias; Educa\u00e7\u00e3o e Conselhos. Na \u00e1rea de comunica\u00e7\u00e3o, de maneira geral, a caminhada \u00e9 um pouco mais longa - desde 2007. Possui experi\u00eancia em reda\u00e7\u00f5es de r\u00e1dio, TV, Web e impresso, al\u00e9m de desenvolver trabalhos em assessorias de comunica\u00e7\u00e3o institucional, empresarial e p\u00fablicas. Entre outros trabalhos, se destacam a atua\u00e7\u00e3o nas \u00e1reas de Justi\u00e7a, Congresso, Esportes, Sa\u00fade, Agropecu\u00e1ria, Cidades e Avia\u00e7\u00e3o Civil.\",\"url\":\"https:\/\/www.estrategiaconcursos.com.br\/blog\/author\/priscila-almeidaestrategia-com\/\"}]}<\/script>\n<!-- \/ Yoast SEO Premium plugin. -->","yoast_head_json":{"title":"Concurso TRT PB: confira os requisitos exigidos","description":"Concurso TRT PB: quer concorrer a uma das vagas do Tribunal Regional do Trabalho da Para\u00edba? Ent\u00e3o, confira os requisitos exigidos!","robots":{"index":"index","follow":"follow","max-snippet":"max-snippet:-1","max-image-preview":"max-image-preview:large","max-video-preview":"max-video-preview:-1"},"canonical":"https:\/\/www.estrategiaconcursos.com.br\/blog\/concurso-trt-pb-requisitos-exigidos\/","og_locale":"pt_BR","og_type":"article","og_title":"Concurso TRT PB: confira os requisitos exigidos","og_description":"Concurso TRT PB: quer concorrer a uma das vagas do Tribunal Regional do Trabalho da Para\u00edba? Ent\u00e3o, confira os requisitos exigidos!","og_url":"https:\/\/www.estrategiaconcursos.com.br\/blog\/concurso-trt-pb-requisitos-exigidos\/","og_site_name":"Estrat\u00e9gia Concursos","article_published_time":"2022-08-29T13:24:27+00:00","article_modified_time":"2022-08-29T20:41:10+00:00","og_image":[{"width":768,"height":432,"url":"https:\/\/dhg1h5j42swfq.cloudfront.net\/2022\/05\/03103742\/concurso_trt_pb.jpeg","type":"image\/jpeg"}],"author":"Priscila Almeida","twitter_card":"summary_large_image","twitter_creator":"@EstratConcursos","twitter_site":"@EstratConcursos","twitter_misc":{"Escrito por":"Priscila Almeida","Est. tempo de leitura":"3 minutos"},"schema":{"@context":"https:\/\/schema.org","@graph":[{"@type":"NewsArticle","@id":"https:\/\/www.estrategiaconcursos.com.br\/blog\/concurso-trt-pb-requisitos-exigidos\/#article","isPartOf":{"@id":"https:\/\/www.estrategiaconcursos.com.br\/blog\/concurso-trt-pb-requisitos-exigidos\/"},"author":{"name":"Priscila Almeida","@id":"https:\/\/www.estrategiaconcursos.com.br\/blog\/#\/schema\/person\/a06e841e501f2e1d8c49c4e8f066bfd1"},"headline":"Concurso TRT PB: confira os requisitos exigidos","datePublished":"2022-08-29T13:24:27+00:00","dateModified":"2022-08-29T20:41:10+00:00","mainEntityOfPage":{"@id":"https:\/\/www.estrategiaconcursos.com.br\/blog\/concurso-trt-pb-requisitos-exigidos\/"},"wordCount":578,"commentCount":0,"publisher":{"@id":"https:\/\/www.estrategiaconcursos.com.br\/blog\/#organization"},"image":{"@id":"https:\/\/www.estrategiaconcursos.com.br\/blog\/concurso-trt-pb-requisitos-exigidos\/#primaryimage"},"thumbnailUrl":"https:\/\/dhg1h5j42swfq.cloudfront.net\/2022\/05\/03103742\/concurso_trt_pb.jpeg","articleSection":["Tribunais","\u00daltimas not\u00edcias"],"inLanguage":"pt-BR","potentialAction":[{"@type":"CommentAction","name":"Comment","target":["https:\/\/www.estrategiaconcursos.com.br\/blog\/concurso-trt-pb-requisitos-exigidos\/#respond"]}],"copyrightYear":"2022","copyrightHolder":{"@id":"https:\/\/www.estrategiaconcursos.com.br\/blog\/#organization"}},{"@type":"WebPage","@id":"https:\/\/www.estrategiaconcursos.com.br\/blog\/concurso-trt-pb-requisitos-exigidos\/","url":"https:\/\/www.estrategiaconcursos.com.br\/blog\/concurso-trt-pb-requisitos-exigidos\/","name":"Concurso TRT PB: confira os requisitos exigidos","isPartOf":{"@id":"https:\/\/www.estrategiaconcursos.com.br\/blog\/#website"},"primaryImageOfPage":{"@id":"https:\/\/www.estrategiaconcursos.com.br\/blog\/concurso-trt-pb-requisitos-exigidos\/#primaryimage"},"image":{"@id":"https:\/\/www.estrategiaconcursos.com.br\/blog\/concurso-trt-pb-requisitos-exigidos\/#primaryimage"},"thumbnailUrl":"https:\/\/dhg1h5j42swfq.cloudfront.net\/2022\/05\/03103742\/concurso_trt_pb.jpeg","datePublished":"2022-08-29T13:24:27+00:00","dateModified":"2022-08-29T20:41:10+00:00","description":"Concurso TRT PB: quer concorrer a uma das vagas do Tribunal Regional do Trabalho da Para\u00edba? Ent\u00e3o, confira os requisitos exigidos!","breadcrumb":{"@id":"https:\/\/www.estrategiaconcursos.com.br\/blog\/concurso-trt-pb-requisitos-exigidos\/#breadcrumb"},"inLanguage":"pt-BR","potentialAction":[{"@type":"ReadAction","target":["https:\/\/www.estrategiaconcursos.com.br\/blog\/concurso-trt-pb-requisitos-exigidos\/"]}]},{"@type":"ImageObject","inLanguage":"pt-BR","@id":"https:\/\/www.estrategiaconcursos.com.br\/blog\/concurso-trt-pb-requisitos-exigidos\/#primaryimage","url":"https:\/\/dhg1h5j42swfq.cloudfront.net\/2022\/05\/03103742\/concurso_trt_pb.jpeg","contentUrl":"https:\/\/dhg1h5j42swfq.cloudfront.net\/2022\/05\/03103742\/concurso_trt_pb.jpeg","width":768,"height":432},{"@type":"BreadcrumbList","@id":"https:\/\/www.estrategiaconcursos.com.br\/blog\/concurso-trt-pb-requisitos-exigidos\/#breadcrumb","itemListElement":[{"@type":"ListItem","position":1,"name":"In\u00edcio","item":"https:\/\/www.estrategiaconcursos.com.br\/blog\/"},{"@type":"ListItem","position":2,"name":"Concurso TRT PB: confira os requisitos exigidos"}]},{"@type":"WebSite","@id":"https:\/\/www.estrategiaconcursos.com.br\/blog\/#website","url":"https:\/\/www.estrategiaconcursos.com.br\/blog\/","name":"Estrat\u00e9gia Concursos","description":"O blog da Estrat\u00e9gia Concursos traz not\u00edcias sobre concursos e artigos de professores oferecendo cursos para concursos (pdf + videaulas) no site.","publisher":{"@id":"https:\/\/www.estrategiaconcursos.com.br\/blog\/#organization"},"potentialAction":[{"@type":"SearchAction","target":{"@type":"EntryPoint","urlTemplate":"https:\/\/www.estrategiaconcursos.com.br\/blog\/?s={search_term_string}"},"query-input":{"@type":"PropertyValueSpecification","valueRequired":true,"valueName":"search_term_string"}}],"inLanguage":"pt-BR"},{"@type":"Organization","@id":"https:\/\/www.estrategiaconcursos.com.br\/blog\/#organization","name":"Estrat\u00e9gia Concursos","url":"https:\/\/www.estrategiaconcursos.com.br\/blog\/","logo":{"@type":"ImageObject","inLanguage":"pt-BR","@id":"https:\/\/www.estrategiaconcursos.com.br\/blog\/#\/schema\/logo\/image\/","url":"https:\/\/dhg1h5j42swfq.cloudfront.net\/2025\/06\/03203428\/logo_concursos-1.jpg","contentUrl":"https:\/\/dhg1h5j42swfq.cloudfront.net\/2025\/06\/03203428\/logo_concursos-1.jpg","width":230,"height":60,"caption":"Estrat\u00e9gia Concursos"},"image":{"@id":"https:\/\/www.estrategiaconcursos.com.br\/blog\/#\/schema\/logo\/image\/"},"sameAs":["https:\/\/x.com\/EstratConcursos"]},{"@type":"Person","@id":"https:\/\/www.estrategiaconcursos.com.br\/blog\/#\/schema\/person\/a06e841e501f2e1d8c49c4e8f066bfd1","name":"Priscila Almeida","image":{"@type":"ImageObject","inLanguage":"pt-BR","@id":"https:\/\/secure.gravatar.com\/avatar\/0a963c9e2a947fa675b669cea2b5d0ba6dd1cbf46b966190343b6c9973ad3337?s=96&d=mm&r=g","url":"https:\/\/secure.gravatar.com\/avatar\/0a963c9e2a947fa675b669cea2b5d0ba6dd1cbf46b966190343b6c9973ad3337?s=96&d=mm&r=g","contentUrl":"https:\/\/secure.gravatar.com\/avatar\/0a963c9e2a947fa675b669cea2b5d0ba6dd1cbf46b966190343b6c9973ad3337?s=96&d=mm&r=g","caption":"Priscila Almeida"},"description":"Atua na \u00e1rea de concursos p\u00fablicos desde 2019. As editorias que mais t\u00eam familiaridade s\u00e3o: Tribunais (TJs; TRTs; TREs; TSTs; STJ, STF, STM e TSE); Defensorias; Minist\u00e9rios P\u00fablicos; Procuradorias; Educa\u00e7\u00e3o e Conselhos. Na \u00e1rea de comunica\u00e7\u00e3o, de maneira geral, a caminhada \u00e9 um pouco mais longa - desde 2007. Possui experi\u00eancia em reda\u00e7\u00f5es de r\u00e1dio, TV, Web e impresso, al\u00e9m de desenvolver trabalhos em assessorias de comunica\u00e7\u00e3o institucional, empresarial e p\u00fablicas. Entre outros trabalhos, se destacam a atua\u00e7\u00e3o nas \u00e1reas de Justi\u00e7a, Congresso, Esportes, Sa\u00fade, Agropecu\u00e1ria, Cidades e Avia\u00e7\u00e3o Civil.","url":"https:\/\/www.estrategiaconcursos.com.br\/blog\/author\/priscila-almeidaestrategia-com\/"}]}},"_links":{"self":[{"href":"https:\/\/www.estrategiaconcursos.com.br\/blog\/wp-json\/wp\/v2\/posts\/1085301","targetHints":{"allow":["GET"]}}],"collection":[{"href":"https:\/\/www.estrategiaconcursos.com.br\/blog\/wp-json\/wp\/v2\/posts"}],"about":[{"href":"https:\/\/www.estrategiaconcursos.com.br\/blog\/wp-json\/wp\/v2\/types\/post"}],"author":[{"embeddable":true,"href":"https:\/\/www.estrategiaconcursos.com.br\/blog\/wp-json\/wp\/v2\/users\/2375"}],"replies":[{"embeddable":true,"href":"https:\/\/www.estrategiaconcursos.com.br\/blog\/wp-json\/wp\/v2\/comments?post=1085301"}],"version-history":[{"count":7,"href":"https:\/\/www.estrategiaconcursos.com.br\/blog\/wp-json\/wp\/v2\/posts\/1085301\/revisions"}],"predecessor-version":[{"id":1085742,"href":"https:\/\/www.estrategiaconcursos.com.br\/blog\/wp-json\/wp\/v2\/posts\/1085301\/revisions\/1085742"}],"wp:featuredmedia":[{"embeddable":true,"href":"https:\/\/www.estrategiaconcursos.com.br\/blog\/wp-json\/wp\/v2\/media\/1019967"}],"wp:attachment":[{"href":"https:\/\/www.estrategiaconcursos.com.br\/blog\/wp-json\/wp\/v2\/media?parent=1085301"}],"wp:term":[{"taxonomy":"category","embeddable":true,"href":"https:\/\/www.estrategiaconcursos.com.br\/blog\/wp-json\/wp\/v2\/categories?post=1085301"},{"taxonomy":"post_tag","embeddable":true,"href":"https:\/\/www.estrategiaconcursos.com.br\/blog\/wp-json\/wp\/v2\/tags?post=1085301"},{"taxonomy":"tax_estado","embeddable":true,"href":"https:\/\/www.estrategiaconcursos.com.br\/blog\/wp-json\/wp\/v2\/tax_estado?post=1085301"}],"curies":[{"name":"wp","href":"https:\/\/api.w.org\/{rel}","templated":true}]}}