{"id":1085043,"date":"2022-08-27T11:06:05","date_gmt":"2022-08-27T14:06:05","guid":{"rendered":"https:\/\/www.estrategiaconcursos.com.br\/blog\/?p=1085043"},"modified":"2022-08-29T11:18:11","modified_gmt":"2022-08-29T14:18:11","slug":"concurso-tj-ce-ultima-prova-tecnico","status":"publish","type":"post","link":"https:\/\/www.estrategiaconcursos.com.br\/blog\/concurso-tj-ce-ultima-prova-tecnico\/","title":{"rendered":"Concurso TJ CE: confira como foi a \u00faltima prova para T\u00e9cnico!"},"content":{"rendered":"\n<p>O novo concurso para o cargo de T\u00e9cnico Judici\u00e1rio do<strong>&nbsp;<a href=\"https:\/\/www.estrategiaconcursos.com.br\/cursosPorConcurso\/tj-ce-tribunal-de-justica-do-ceara-251\/\" target=\"_blank\" rel=\"noreferrer noopener\">Tribunal de Justi\u00e7a do Cear\u00e1<\/a>&nbsp;(TJ CE)<\/strong> est\u00e1 cada vez mais perto de acontecer, e para voc\u00ea que est\u00e1 interessado, preparamos este artigo com as informa\u00e7\u00f5es da \u00faltima prova.<\/p>\n\n\n\n<p>Atualmente o \u00f3rg\u00e3o conta com <strong>14 cargos vagos<\/strong>  para T\u00e9cnico, e o certame est\u00e1 com a comiss\u00e3o respons\u00e1vel por acompanhar os tr\u00e2mites da sele\u00e7\u00e3o formada.<\/p>\n\n\n\n<p>De acordo com o \u00faltimo edital, realizado em 2019, os sal\u00e1rios iniciais ofertados para o cargo de n\u00edvel m\u00e9dio de escolaridade podem chegar at\u00e9 <strong>R$ 5.077,45<\/strong>, al\u00e9m de benef\u00edcios.<\/p>\n\n\n\n<p>O \u00faltimo concurso para T\u00e9cnico ofertou 08 vagas imediatas mais 320 em cadastro de reserva, e o total de inscritos chegou a 50.066.<\/p>\n\n\n\n<h2 class=\"wp-block-heading\" id=\"h-concurso-tj-ce-ultima-prova\">Concurso TJ CE: \u00faltima prova<\/h2>\n\n\n\n<p>Os candidatos foram avaliados por duas etapas, sendo:<\/p>\n\n\n\n<ul class=\"wp-block-list\"><li><strong>Prova Objetiva<\/strong>: 70 quest\u00f5es de m\u00faltipla escolha<\/li><li><strong>Prova Discursiva<\/strong>: 1 reda\u00e7\u00e3o<\/li><\/ul>\n\n\n\n<p>As provas objetiva e discursiva aconteceram no dia 15 de setembro de 2019, com dura\u00e7\u00e3o m\u00e1xima de  04 horas e 30 minutos.<strong> <\/strong>Ambas foram de car\u00e1ter eliminat\u00f3rio e classificat\u00f3rio.  <\/p>\n\n\n\n<h4 class=\"wp-block-heading\" id=\"OBJETIVA\">PROVA OBJETIVA<\/h4>\n\n\n\n<p>A prova objetiva para o cargo de <strong>T\u00e9cnico Judici\u00e1rio<\/strong> da \u00e1rea Judici\u00e1ria foi composta por:<\/p>\n\n\n\n<ul class=\"wp-block-list\"><li><strong>CONHECIMENTOS B\u00c1SICOS:<\/strong><ul><li>L\u00edngua Portuguesa  &#8211; 22 quest\u00f5es<\/li><li>Organiza\u00e7\u00e3o Judici\u00e1ria e Direitos dos PcD &#8211; 8 quest\u00f5es<\/li><\/ul><\/li><li><strong>CONHECIMENTOS ESPEC\u00cdFICOS:<\/strong><ul><li>No\u00e7\u00f5es de Direito Constitu<em>cional &#8211; 10 quest\u00f5es<\/em><\/li><li>No\u00e7\u00f5es de Direito Administrativo &#8211; 10 quest\u00f5es<\/li><li>No\u00e7\u00f5es de Direito Processual Civil &#8211; 10 quest\u00f5es<\/li><li>No\u00e7\u00f5es de Direito Processual Penal &#8211; 10 quest\u00f5es<\/li><\/ul><\/li><\/ul>\n\n\n\n<p>J\u00e1 a composi\u00e7\u00e3o da prova objetiva para o cargo de T\u00e9cnico Judici\u00e1rio da \u00e1rea <strong>T\u00e9cnico-Administrativa<\/strong> foi a seguinte:<\/p>\n\n\n\n<ul class=\"wp-block-list\"><li><strong>CONHECIMENTOS B\u00c1SICOS:<\/strong><ul><li>L\u00edngua Portuguesa  &#8211; 22 quest\u00f5es<\/li><li>Organiza\u00e7\u00e3o Judici\u00e1ria e Direitos dos PcD &#8211; 8 quest\u00f5es<\/li><\/ul><\/li><li><strong>CONHECIMENTOS ESPEC\u00cdFICOS:<\/strong><ul><li>No\u00e7\u00f5es de Administra\u00e7\u00e3o P\u00fablica &#8211; 10 quest\u00f5es<\/li><li>No\u00e7\u00f5es de Gest\u00e3o P\u00fablica &#8211; 10 quest\u00f5es<\/li><li>No\u00e7\u00f5es de Direito Constitucional &#8211; 10 quest\u00f5es<\/li><li>No\u00e7\u00f5es de Direito Administrativo &#8211; 10 quest\u00f5es<\/li><\/ul><\/li><\/ul>\n\n\n\n<h4 class=\"wp-block-heading\" id=\"discursiva\">PROVA DISCURSIVA<\/h4>\n\n\n\n<p>A prova discursiva foi uma reda\u00e7\u00e3o, de g\u00eanero dissertativo-argumentativo, com no m\u00ednimo 20 e no m\u00e1ximo 30 linhas. Essa prova valeu <strong>20 pontos.<\/strong><\/p>\n\n\n\n<p>Foram corrigidas as provas discursivas dos candidatos que foram aprovados na Prova Escrita Objetiva e classificados at\u00e9 a 540\u00aa posi\u00e7\u00e3o para T\u00e9cnico Judici\u00e1rio &#8211; Judici\u00e1rio. E at\u00e9 a 180\u00aa posi\u00e7\u00e3o para T\u00e9cnico Judici\u00e1rio &#8211; Administrativo, respeitados os empatados na \u00faltima posi\u00e7\u00e3o. <\/p>\n\n\n\n<p>Foram corrigidas, ainda, as provas discursivas dos candidatos negros aprovados na Prova Escrita Objetiva e classificados at\u00e9 a 108\u00aa posi\u00e7\u00e3o para T\u00e9cnico da \u00e1rea Judici\u00e1ria. E at\u00e9 a 36\u00aa posi\u00e7\u00e3o para T\u00e9cnico da \u00e1rea Administrativa, respeitados os empatados na \u00faltima posi\u00e7\u00e3o. <\/p>\n\n\n\n<p>Os crit\u00e9rios de corre\u00e7\u00e3o da prova discursiva foram:<\/p>\n\n\n\n<ul class=\"wp-block-list\"><li><strong>ESTRUTURA TEXTUAL GLOBAL<\/strong><ul><li>a) Abordagem do tema<\/li><li>b) Progress\u00e3o textual<\/li><\/ul><\/li><li><strong>CORRE\u00c7\u00c3O GRAMATICAL<\/strong><ul><li>a) Sele\u00e7\u00e3o vocabular<\/li><li>b) Norma culta<\/li><\/ul><\/li><\/ul>\n\n\n\n<h3 class=\"wp-block-heading\" id=\"conteudo-programatico\">Conte\u00fado Program\u00e1tico concurso TJ CE<\/h3>\n\n\n\n<h4 class=\"wp-block-heading\" id=\"tecnico-judiciario\">T\u00e9cnico Judici\u00e1rio &#8211; \u00c1rea Judici\u00e1ria<\/h4>\n\n\n\n<h4 class=\"wp-block-heading\" id=\"conhecimentos-basicos\">CONHECIMENTOS B\u00c1SICOS:<\/h4>\n\n\n\n<ul class=\"wp-block-list\"><li><strong>L\u00cdNGUA PORTUGUESA<\/strong>: Elementos de constru\u00e7\u00e3o do texto e seu sentido. Sem\u00e2ntica. Morfologia. Sintaxe. Ortografia. Acentua\u00e7\u00e3o gr\u00e1fica. Emprego do sinal indicativo de crase. Pontua\u00e7\u00e3o. Reescrita de frases. <\/li><li><strong>ORGANIZA\u00c7\u00c3O JUDICI\u00c1RIA DO ESTADO DO CEAR\u00c1: <\/strong>Lei n. 16.397, de 14.11.17, e altera\u00e7\u00f5es. <\/li><li><strong>DIREITOS DAS PESSOAS COM DEFICI\u00caNCIA: <\/strong>Lei n. 13.146\/2015. Resolu\u00e7\u00e3o CNJ n. 230, de 22 de junho de 2016. <\/li><\/ul>\n\n\n\n<h4 class=\"wp-block-heading\" id=\"conhecimentos-especificos\">CONHECIMENTOS ESPEC\u00cdFICOS: <\/h4>\n\n\n\n<ul class=\"wp-block-list\"><li><strong>NO\u00c7\u00d5ES DE DIREITO CONSTITUCIONAL<\/strong>: Constitui\u00e7\u00e3o. Direitos e garantias fundamentais. Organiza\u00e7\u00e3o do Estado. Administra\u00e7\u00e3o p\u00fablica. Poder Legislativo. Poder Executivo. Poder Judici\u00e1rio. Fun\u00e7\u00f5es essenciais \u00e0 justi\u00e7a<\/li><li><strong>NO\u00c7\u00d5ES DE DIREITO ADMINISTRATIVO<\/strong>: No\u00e7\u00f5es de organiza\u00e7\u00e3o administrativa. Ato administrativo. Agentes p\u00fablicos. Poderes administrativos. Licita\u00e7\u00e3o. Contratos administrativos. Controle da Administra\u00e7\u00e3o P\u00fablica. Responsabilidade civil do Estado. Regime jur\u00eddico-administrativo. Processo administrativo. Servi\u00e7os P\u00fablicos. Improbidade Administrativa &#8211; Lei no 8.429\/92<\/li><li><strong>NO\u00c7\u00d5ES DE DIREITO PROCESSUAL CIVIL<\/strong>: Lei no 13.105. Jurisdi\u00e7\u00e3o. Sucess\u00e3o das partes e dos procuradores. A\u00e7\u00e3o. Conceito e natureza. Condi\u00e7\u00f5es para o exerc\u00edcio da a\u00e7\u00e3o. Elementos da a\u00e7\u00e3o. Cumula\u00e7\u00e3o da a\u00e7\u00e3o. Processo. Do Minist\u00e9rio P\u00fablico. Da Advocacia P\u00fablica. Da Defensoria P\u00fablica. Atos processuais. Atos processuais eletr\u00f4nicos.  Modalidades de interven\u00e7\u00e3o de terceiros. Procedimento comum. Peti\u00e7\u00e3o inicial. Da improced\u00eancia liminar do pedido. Audi\u00eancia de concilia\u00e7\u00e3o ou de media\u00e7\u00e3o. Resposta do r\u00e9u. Contesta\u00e7\u00e3o e reconven\u00e7\u00e3o. Revelia. Provid\u00eancias preliminares e do saneamento. Julgamento conforme o estado do processo. Da audi\u00eancia de Instru\u00e7\u00e3o e Julgamento. Provas, disposi\u00e7\u00f5es gerais. \u00d4nus da prova. Senten\u00e7a. Elementos, conte\u00fado e efeitos. V\u00edcios das senten\u00e7as. Coisa julgada. Limites subjetivos e objetivos. Execu\u00e7\u00e3o. Compet\u00eancia. Responsabilidade patrimonial. T\u00edtulo executivo. Cumprimento de senten\u00e7a para pagamento de quantia. Execu\u00e7\u00e3o por quantia certa contra devedor solvente. Cumprimento provis\u00f3rio e definitivo da senten\u00e7a. Defesa do executado no cumprimento de senten\u00e7a e na execu\u00e7\u00e3o de t\u00edtulo extrajudicial. <\/li><li><strong>NO\u00c7\u00d5ES DE DIREITO PROCESSUAL PENAL<\/strong>: Aplica\u00e7\u00e3o da lei processual no tempo, no espa\u00e7o e em rela\u00e7\u00e3o \u00e0s pessoas. Inqu\u00e9rito policial. A\u00e7\u00e3o penal. Pris\u00e3o e liberdade provis\u00f3ria. Processo e julgamento dos crimes de responsabilidade dos funcion\u00e1rios p\u00fablicos. O habeas corpus e seu processo. Disposi\u00e7\u00f5es constitucionais aplic\u00e1veis ao direito processual penal. <\/li><\/ul>\n\n\n\n<h4 class=\"wp-block-heading\" id=\"tecnico-administrativo\">T\u00e9cnico Judici\u00e1rio &#8211; \u00c1rea T\u00e9cnico-Administrativa<\/h4>\n\n\n\n<h4 class=\"wp-block-heading\" id=\"concurso-tj-ce-conhecimentos-basicos\">Concurso TJ CE &#8211; CONHECIMENTOS B\u00c1SICOS<\/h4>\n\n\n\n<ul class=\"wp-block-list\"><li><strong>L\u00cdNGUA PORTUGUESA<\/strong>: Elementos de constru\u00e7\u00e3o do texto e seu sentido. Sem\u00e2ntica. Morfologia. Sintaxe. Ortografia. Acentua\u00e7\u00e3o gr\u00e1fica. Emprego do sinal indicativo de crase. Pontua\u00e7\u00e3o. Reescrita de frases. <\/li><li><strong>ORGANIZA\u00c7\u00c3O JUDICI\u00c1RIA DO ESTADO DO CEAR\u00c1: <\/strong>Lei n. 16.397, de 14.11.17, e altera\u00e7\u00f5es. <\/li><li><strong>DIREITOS DAS PESSOAS COM DEFICI\u00caNCIA: <\/strong>Lei n. 13.146\/2015. Resolu\u00e7\u00e3o CNJ n. 230, de 22 de junho de 2016. <\/li><\/ul>\n\n\n\n<h4 class=\"wp-block-heading\" id=\"concurso-tj-ce-conhecimentos-especificos\">Concurso TJ CE &#8211; <strong>CONHECIMENTOS ESPEC\u00cdFICOS <\/strong><\/h4>\n\n\n\n<ul class=\"wp-block-list\"><li><strong>NO\u00c7\u00d5ES DE ADMINISTRA\u00c7\u00c3O P\u00daBLICA<\/strong>: Caracter\u00edsticas b\u00e1sicas das organiza\u00e7\u00f5es formais modernas. Processo organizacional. Organiza\u00e7\u00e3o administrativa. Gest\u00e3o de processos. Gest\u00e3o de contratos. Planejamento estrat\u00e9gico<\/li><li><strong>NO\u00c7\u00d5ES DE GEST\u00c3O P\u00daBLICA<\/strong>: Modelos de gest\u00e3o p\u00fablica. Conceitos de efic\u00e1cia e efetividade aplicados \u00e0 Administra\u00e7\u00e3o P\u00fablica. Or\u00e7amento p\u00fablico. Gest\u00e3o de suprimentos e log\u00edstica na Administra\u00e7\u00e3o P\u00fablica. No\u00e7\u00f5es de licita\u00e7\u00e3o p\u00fablica<\/li><li><strong>NO\u00c7\u00d5ES DE DIREITO CONSTITUCIONAL: <\/strong>Constitui\u00e7\u00e3o. Direitos e garantias fundamentais. Organiza\u00e7\u00e3o do Estado. Administra\u00e7\u00e3o p\u00fablica. Poder Legislativo. Poder Executivo. Poder Judici\u00e1rio. Fun\u00e7\u00f5es essenciais \u00e0 justi\u00e7a<\/li><li><strong>NO\u00c7\u00d5ES DE DIREITO ADMINISTRATIVO<\/strong>: No\u00e7\u00f5es de organiza\u00e7\u00e3o administrativa. Ato administrativo. Agentes p\u00fablicos. Poderes administrativos. Licita\u00e7\u00e3o. Contratos administrativos. Controle da Administra\u00e7\u00e3o P\u00fablica. Responsabilidade civil do Estado. Regime jur\u00eddico-administrativo. Processo administrativo (Lei no 9.784\/99). Servi\u00e7os P\u00fablicos. Improbidade Administrativa &#8211; Lei no 8.429\/92 \u2013 Lei de Improbidade Administrativa<\/li><\/ul>\n\n\n\n<p>Quer ficar por dentro de todas as novidades e atualiza\u00e7\u00f5es sobre o <strong>concurso TJ CE<\/strong>, cujas informa\u00e7\u00f5es sobre a \u00faltima prova voc\u00ea conferiu aqui? Preparamos um artigo completo para voc\u00ea!<\/p>\n\n\n\n<p class=\"has-text-align-center has-background has-medium-font-size\" style=\"background-color:#deacffb0\"><strong>Saiba mais: <a href=\"https:\/\/www.estrategiaconcursos.com.br\/blog\/concurso-tj-ce\/\" target=\"_blank\" rel=\"noreferrer noopener\">concurso TJ CE<\/a><\/strong><\/p>\n\n\n\n<h2 class=\"has-text-align-center wp-block-heading\" id=\"h-quer-saber-tudo-sobre-concursos-previstos-confira-nossos-artigos\">Quer saber tudo sobre concursos previstos?<br \/>Confira nossos artigos!<\/h2>\n\n\n\n<ul class=\"wp-block-list\"><li><a href=\"https:\/\/www.estrategiaconcursos.com.br\/blog\/concursos-abertos\/\" target=\"_blank\" rel=\"noreferrer noopener\">Concursos abertos<\/a><\/li><li><a href=\"https:\/\/www.estrategiaconcursos.com.br\/blog\/concursos-2022\/\" target=\"_blank\" rel=\"noreferrer noopener\">Concursos 2022<\/a><\/li><li><a href=\"https:\/\/www.estrategiaconcursos.com.br\/blog\/concursos-2023\/\" target=\"_blank\" rel=\"noreferrer noopener\">Concursos 2023<\/a><\/li><\/ul>\n\n\n\n<h2 class=\"has-text-align-center wp-block-heading\" id=\"cursos\">Cursos e Assinatura<\/h2>\n\n\n\n<div class=\"container\" id=\"boxes\">\n  <div class=\"row\">\n\n    <div class=\"col-sm\">\n      <div class=\"banner-tribunal\" id=\"box-assinatura\">\n        <h3 class=\"titulo-assinatura\">Curso TJ CE<\/h3>\n        <p class=\"subtitulo-assinatura\">Conhe\u00e7a os cursos<\/p>\n        <div class=\"box-botao\">\n          <a class=\"btn-assinatura\" target=\"_blank\" href=\"https:\/\/www.estrategiaconcursos.com.br\/cursosPorConcurso\/tj-ce-tribunal-de-justica-do-ceara-251\/\" role=\"button\" rel=\"noopener noreferrer\">Conhe\u00e7a mais<\/a>\n        <\/div>\n      <\/div>\n      <p class=\"texto-auxiliar\">Prepare-se com o melhor material e com quem mais aprova em Concursos P\u00fablicos em todo o pa\u00eds.<\/p>\n    <\/div>\n\n  <\/div>\n<\/div>\n\n\n\n<div class=\"container\" id=\"boxes\">\n  <div class=\"row\">\n\n    <div class=\"col-sm\">\n      <div class=\"estrategia\" id=\"box-assinatura\">\n        <h3 class=\"titulo-assinatura\">Assinatura Concursos<\/h3>\n        <p class=\"subtitulo-assinatura\">Assinatura de 1 ano ou 2 anos<\/p>\n        <div class=\"box-botao\">\n          <a class=\"btn-assinatura\" target=\"_blank\" href=\"https:\/\/www.estrategiaconcursos.com.br\/assinaturas\/\" role=\"button\" rel=\"noopener noreferrer\">ASSINE AGORA<\/a>\n        <\/div>\n      <\/div>\n     \n    <\/div><\/div><\/div>\n","protected":false},"excerpt":{"rendered":"<p>O novo concurso para o cargo de T\u00e9cnico Judici\u00e1rio do&nbsp;Tribunal de Justi\u00e7a do Cear\u00e1&nbsp;(TJ CE) est\u00e1 cada vez mais perto de acontecer, e para voc\u00ea que est\u00e1 interessado, preparamos este artigo com as informa\u00e7\u00f5es da \u00faltima prova. Atualmente o \u00f3rg\u00e3o conta com 14 cargos vagos para T\u00e9cnico, e o certame est\u00e1 com a comiss\u00e3o respons\u00e1vel [&hellip;]<\/p>\n","protected":false},"author":2402,"featured_media":993349,"comment_status":"open","ping_status":"closed","sticky":false,"template":"","format":"standard","meta":{"post_tipo":"news_page","footnotes":""},"categories":[1984,220219],"tags":[],"tax_estado":[219969],"class_list":["post-1085043","post","type-post","status-publish","format-standard","has-post-thumbnail","hentry","category-tribunais","category-noticias","tax_estado-ce"],"acf":[],"yoast_head":"<!-- This site is optimized with the Yoast SEO Premium plugin v27.2 (Yoast SEO v27.2) - https:\/\/yoast.com\/product\/yoast-seo-premium-wordpress\/ -->\n<title>Concurso TJ CE: confira como foi a \u00faltima prova para T\u00e9cnico!<\/title>\n<meta name=\"description\" content=\"Concurso TJ CE: saiba os detalhes da \u00faltima prova para o cargo de T\u00e9cnico Judici\u00e1rio aqui no site do Estrat\u00e9gia Concursos!\" \/>\n<meta name=\"robots\" content=\"index, follow, max-snippet:-1, max-image-preview:large, max-video-preview:-1\" \/>\n<link rel=\"canonical\" href=\"https:\/\/www.estrategiaconcursos.com.br\/blog\/concurso-tj-ce-ultima-prova-tecnico\/\" \/>\n<meta property=\"og:locale\" content=\"pt_BR\" \/>\n<meta property=\"og:type\" content=\"article\" \/>\n<meta property=\"og:title\" content=\"Concurso TJ CE: confira como foi a \u00faltima prova para T\u00e9cnico!\" \/>\n<meta property=\"og:description\" content=\"Concurso TJ CE: saiba os detalhes da \u00faltima prova para o cargo de T\u00e9cnico Judici\u00e1rio aqui no site do Estrat\u00e9gia Concursos!\" \/>\n<meta property=\"og:url\" content=\"https:\/\/www.estrategiaconcursos.com.br\/blog\/concurso-tj-ce-ultima-prova-tecnico\/\" \/>\n<meta property=\"og:site_name\" content=\"Estrat\u00e9gia Concursos\" \/>\n<meta property=\"article:published_time\" content=\"2022-08-27T14:06:05+00:00\" \/>\n<meta property=\"article:modified_time\" content=\"2022-08-29T14:18:11+00:00\" \/>\n<meta property=\"og:image\" content=\"https:\/\/dhg1h5j42swfq.cloudfront.net\/2022\/03\/23153051\/tj_ce.jpg\" \/>\n\t<meta property=\"og:image:width\" content=\"768\" \/>\n\t<meta property=\"og:image:height\" content=\"432\" \/>\n\t<meta property=\"og:image:type\" content=\"image\/jpeg\" \/>\n<meta name=\"author\" content=\"Daniela Santos Nascimento\" \/>\n<meta name=\"twitter:card\" content=\"summary_large_image\" \/>\n<meta name=\"twitter:creator\" content=\"@EstratConcursos\" \/>\n<meta name=\"twitter:site\" content=\"@EstratConcursos\" \/>\n<meta name=\"twitter:label1\" content=\"Escrito por\" \/>\n\t<meta name=\"twitter:data1\" content=\"Daniela Santos Nascimento\" \/>\n\t<meta name=\"twitter:label2\" content=\"Est. tempo de leitura\" \/>\n\t<meta name=\"twitter:data2\" content=\"6 minutos\" \/>\n<script type=\"application\/ld+json\" class=\"yoast-schema-graph\">{\"@context\":\"https:\/\/schema.org\",\"@graph\":[{\"@type\":\"NewsArticle\",\"@id\":\"https:\/\/www.estrategiaconcursos.com.br\/blog\/concurso-tj-ce-ultima-prova-tecnico\/#article\",\"isPartOf\":{\"@id\":\"https:\/\/www.estrategiaconcursos.com.br\/blog\/concurso-tj-ce-ultima-prova-tecnico\/\"},\"author\":{\"name\":\"Daniela Santos Nascimento\",\"@id\":\"https:\/\/www.estrategiaconcursos.com.br\/blog\/#\/schema\/person\/399990d02336f200766707b881aee98f\"},\"headline\":\"Concurso TJ CE: confira como foi a \u00faltima prova para T\u00e9cnico!\",\"datePublished\":\"2022-08-27T14:06:05+00:00\",\"dateModified\":\"2022-08-29T14:18:11+00:00\",\"mainEntityOfPage\":{\"@id\":\"https:\/\/www.estrategiaconcursos.com.br\/blog\/concurso-tj-ce-ultima-prova-tecnico\/\"},\"wordCount\":1250,\"commentCount\":0,\"publisher\":{\"@id\":\"https:\/\/www.estrategiaconcursos.com.br\/blog\/#organization\"},\"image\":{\"@id\":\"https:\/\/www.estrategiaconcursos.com.br\/blog\/concurso-tj-ce-ultima-prova-tecnico\/#primaryimage\"},\"thumbnailUrl\":\"https:\/\/dhg1h5j42swfq.cloudfront.net\/2022\/03\/23153051\/tj_ce.jpg\",\"articleSection\":[\"Tribunais\",\"\u00daltimas not\u00edcias\"],\"inLanguage\":\"pt-BR\",\"potentialAction\":[{\"@type\":\"CommentAction\",\"name\":\"Comment\",\"target\":[\"https:\/\/www.estrategiaconcursos.com.br\/blog\/concurso-tj-ce-ultima-prova-tecnico\/#respond\"]}],\"copyrightYear\":\"2022\",\"copyrightHolder\":{\"@id\":\"https:\/\/www.estrategiaconcursos.com.br\/blog\/#organization\"}},{\"@type\":\"WebPage\",\"@id\":\"https:\/\/www.estrategiaconcursos.com.br\/blog\/concurso-tj-ce-ultima-prova-tecnico\/\",\"url\":\"https:\/\/www.estrategiaconcursos.com.br\/blog\/concurso-tj-ce-ultima-prova-tecnico\/\",\"name\":\"Concurso TJ CE: confira como foi a \u00faltima prova para T\u00e9cnico!\",\"isPartOf\":{\"@id\":\"https:\/\/www.estrategiaconcursos.com.br\/blog\/#website\"},\"primaryImageOfPage\":{\"@id\":\"https:\/\/www.estrategiaconcursos.com.br\/blog\/concurso-tj-ce-ultima-prova-tecnico\/#primaryimage\"},\"image\":{\"@id\":\"https:\/\/www.estrategiaconcursos.com.br\/blog\/concurso-tj-ce-ultima-prova-tecnico\/#primaryimage\"},\"thumbnailUrl\":\"https:\/\/dhg1h5j42swfq.cloudfront.net\/2022\/03\/23153051\/tj_ce.jpg\",\"datePublished\":\"2022-08-27T14:06:05+00:00\",\"dateModified\":\"2022-08-29T14:18:11+00:00\",\"description\":\"Concurso TJ CE: saiba os detalhes da \u00faltima prova para o cargo de T\u00e9cnico Judici\u00e1rio aqui no site do Estrat\u00e9gia Concursos!\",\"breadcrumb\":{\"@id\":\"https:\/\/www.estrategiaconcursos.com.br\/blog\/concurso-tj-ce-ultima-prova-tecnico\/#breadcrumb\"},\"inLanguage\":\"pt-BR\",\"potentialAction\":[{\"@type\":\"ReadAction\",\"target\":[\"https:\/\/www.estrategiaconcursos.com.br\/blog\/concurso-tj-ce-ultima-prova-tecnico\/\"]}]},{\"@type\":\"ImageObject\",\"inLanguage\":\"pt-BR\",\"@id\":\"https:\/\/www.estrategiaconcursos.com.br\/blog\/concurso-tj-ce-ultima-prova-tecnico\/#primaryimage\",\"url\":\"https:\/\/dhg1h5j42swfq.cloudfront.net\/2022\/03\/23153051\/tj_ce.jpg\",\"contentUrl\":\"https:\/\/dhg1h5j42swfq.cloudfront.net\/2022\/03\/23153051\/tj_ce.jpg\",\"width\":768,\"height\":432},{\"@type\":\"BreadcrumbList\",\"@id\":\"https:\/\/www.estrategiaconcursos.com.br\/blog\/concurso-tj-ce-ultima-prova-tecnico\/#breadcrumb\",\"itemListElement\":[{\"@type\":\"ListItem\",\"position\":1,\"name\":\"In\u00edcio\",\"item\":\"https:\/\/www.estrategiaconcursos.com.br\/blog\/\"},{\"@type\":\"ListItem\",\"position\":2,\"name\":\"Concurso TJ CE: confira como foi a \u00faltima prova para T\u00e9cnico!\"}]},{\"@type\":\"WebSite\",\"@id\":\"https:\/\/www.estrategiaconcursos.com.br\/blog\/#website\",\"url\":\"https:\/\/www.estrategiaconcursos.com.br\/blog\/\",\"name\":\"Estrat\u00e9gia Concursos\",\"description\":\"O blog da Estrat\u00e9gia Concursos traz not\u00edcias sobre concursos e artigos de professores oferecendo cursos para concursos (pdf + videaulas) no site.\",\"publisher\":{\"@id\":\"https:\/\/www.estrategiaconcursos.com.br\/blog\/#organization\"},\"potentialAction\":[{\"@type\":\"SearchAction\",\"target\":{\"@type\":\"EntryPoint\",\"urlTemplate\":\"https:\/\/www.estrategiaconcursos.com.br\/blog\/?s={search_term_string}\"},\"query-input\":{\"@type\":\"PropertyValueSpecification\",\"valueRequired\":true,\"valueName\":\"search_term_string\"}}],\"inLanguage\":\"pt-BR\"},{\"@type\":\"Organization\",\"@id\":\"https:\/\/www.estrategiaconcursos.com.br\/blog\/#organization\",\"name\":\"Estrat\u00e9gia Concursos\",\"url\":\"https:\/\/www.estrategiaconcursos.com.br\/blog\/\",\"logo\":{\"@type\":\"ImageObject\",\"inLanguage\":\"pt-BR\",\"@id\":\"https:\/\/www.estrategiaconcursos.com.br\/blog\/#\/schema\/logo\/image\/\",\"url\":\"https:\/\/dhg1h5j42swfq.cloudfront.net\/2025\/06\/03203428\/logo_concursos-1.jpg\",\"contentUrl\":\"https:\/\/dhg1h5j42swfq.cloudfront.net\/2025\/06\/03203428\/logo_concursos-1.jpg\",\"width\":230,\"height\":60,\"caption\":\"Estrat\u00e9gia Concursos\"},\"image\":{\"@id\":\"https:\/\/www.estrategiaconcursos.com.br\/blog\/#\/schema\/logo\/image\/\"},\"sameAs\":[\"https:\/\/x.com\/EstratConcursos\"]},{\"@type\":\"Person\",\"@id\":\"https:\/\/www.estrategiaconcursos.com.br\/blog\/#\/schema\/person\/399990d02336f200766707b881aee98f\",\"name\":\"Daniela Santos Nascimento\",\"image\":{\"@type\":\"ImageObject\",\"inLanguage\":\"pt-BR\",\"@id\":\"https:\/\/secure.gravatar.com\/avatar\/7f343622ad121e2893832a8c76808be436bdfcbf2f7d696174c94ecd84f2384a?s=96&d=mm&r=g\",\"url\":\"https:\/\/secure.gravatar.com\/avatar\/7f343622ad121e2893832a8c76808be436bdfcbf2f7d696174c94ecd84f2384a?s=96&d=mm&r=g\",\"contentUrl\":\"https:\/\/secure.gravatar.com\/avatar\/7f343622ad121e2893832a8c76808be436bdfcbf2f7d696174c94ecd84f2384a?s=96&d=mm&r=g\",\"caption\":\"Daniela Santos Nascimento\"},\"url\":\"https:\/\/www.estrategiaconcursos.com.br\/blog\/author\/daniela-nascimentoestrategia-com\/\"}]}<\/script>\n<!-- \/ Yoast SEO Premium plugin. -->","yoast_head_json":{"title":"Concurso TJ CE: confira como foi a \u00faltima prova para T\u00e9cnico!","description":"Concurso TJ CE: saiba os detalhes da \u00faltima prova para o cargo de T\u00e9cnico Judici\u00e1rio aqui no site do Estrat\u00e9gia Concursos!","robots":{"index":"index","follow":"follow","max-snippet":"max-snippet:-1","max-image-preview":"max-image-preview:large","max-video-preview":"max-video-preview:-1"},"canonical":"https:\/\/www.estrategiaconcursos.com.br\/blog\/concurso-tj-ce-ultima-prova-tecnico\/","og_locale":"pt_BR","og_type":"article","og_title":"Concurso TJ CE: confira como foi a \u00faltima prova para T\u00e9cnico!","og_description":"Concurso TJ CE: saiba os detalhes da \u00faltima prova para o cargo de T\u00e9cnico Judici\u00e1rio aqui no site do Estrat\u00e9gia Concursos!","og_url":"https:\/\/www.estrategiaconcursos.com.br\/blog\/concurso-tj-ce-ultima-prova-tecnico\/","og_site_name":"Estrat\u00e9gia Concursos","article_published_time":"2022-08-27T14:06:05+00:00","article_modified_time":"2022-08-29T14:18:11+00:00","og_image":[{"width":768,"height":432,"url":"https:\/\/dhg1h5j42swfq.cloudfront.net\/2022\/03\/23153051\/tj_ce.jpg","type":"image\/jpeg"}],"author":"Daniela Santos Nascimento","twitter_card":"summary_large_image","twitter_creator":"@EstratConcursos","twitter_site":"@EstratConcursos","twitter_misc":{"Escrito por":"Daniela Santos Nascimento","Est. tempo de leitura":"6 minutos"},"schema":{"@context":"https:\/\/schema.org","@graph":[{"@type":"NewsArticle","@id":"https:\/\/www.estrategiaconcursos.com.br\/blog\/concurso-tj-ce-ultima-prova-tecnico\/#article","isPartOf":{"@id":"https:\/\/www.estrategiaconcursos.com.br\/blog\/concurso-tj-ce-ultima-prova-tecnico\/"},"author":{"name":"Daniela Santos Nascimento","@id":"https:\/\/www.estrategiaconcursos.com.br\/blog\/#\/schema\/person\/399990d02336f200766707b881aee98f"},"headline":"Concurso TJ CE: confira como foi a \u00faltima prova para T\u00e9cnico!","datePublished":"2022-08-27T14:06:05+00:00","dateModified":"2022-08-29T14:18:11+00:00","mainEntityOfPage":{"@id":"https:\/\/www.estrategiaconcursos.com.br\/blog\/concurso-tj-ce-ultima-prova-tecnico\/"},"wordCount":1250,"commentCount":0,"publisher":{"@id":"https:\/\/www.estrategiaconcursos.com.br\/blog\/#organization"},"image":{"@id":"https:\/\/www.estrategiaconcursos.com.br\/blog\/concurso-tj-ce-ultima-prova-tecnico\/#primaryimage"},"thumbnailUrl":"https:\/\/dhg1h5j42swfq.cloudfront.net\/2022\/03\/23153051\/tj_ce.jpg","articleSection":["Tribunais","\u00daltimas not\u00edcias"],"inLanguage":"pt-BR","potentialAction":[{"@type":"CommentAction","name":"Comment","target":["https:\/\/www.estrategiaconcursos.com.br\/blog\/concurso-tj-ce-ultima-prova-tecnico\/#respond"]}],"copyrightYear":"2022","copyrightHolder":{"@id":"https:\/\/www.estrategiaconcursos.com.br\/blog\/#organization"}},{"@type":"WebPage","@id":"https:\/\/www.estrategiaconcursos.com.br\/blog\/concurso-tj-ce-ultima-prova-tecnico\/","url":"https:\/\/www.estrategiaconcursos.com.br\/blog\/concurso-tj-ce-ultima-prova-tecnico\/","name":"Concurso TJ CE: confira como foi a \u00faltima prova para T\u00e9cnico!","isPartOf":{"@id":"https:\/\/www.estrategiaconcursos.com.br\/blog\/#website"},"primaryImageOfPage":{"@id":"https:\/\/www.estrategiaconcursos.com.br\/blog\/concurso-tj-ce-ultima-prova-tecnico\/#primaryimage"},"image":{"@id":"https:\/\/www.estrategiaconcursos.com.br\/blog\/concurso-tj-ce-ultima-prova-tecnico\/#primaryimage"},"thumbnailUrl":"https:\/\/dhg1h5j42swfq.cloudfront.net\/2022\/03\/23153051\/tj_ce.jpg","datePublished":"2022-08-27T14:06:05+00:00","dateModified":"2022-08-29T14:18:11+00:00","description":"Concurso TJ CE: saiba os detalhes da \u00faltima prova para o cargo de T\u00e9cnico Judici\u00e1rio aqui no site do Estrat\u00e9gia Concursos!","breadcrumb":{"@id":"https:\/\/www.estrategiaconcursos.com.br\/blog\/concurso-tj-ce-ultima-prova-tecnico\/#breadcrumb"},"inLanguage":"pt-BR","potentialAction":[{"@type":"ReadAction","target":["https:\/\/www.estrategiaconcursos.com.br\/blog\/concurso-tj-ce-ultima-prova-tecnico\/"]}]},{"@type":"ImageObject","inLanguage":"pt-BR","@id":"https:\/\/www.estrategiaconcursos.com.br\/blog\/concurso-tj-ce-ultima-prova-tecnico\/#primaryimage","url":"https:\/\/dhg1h5j42swfq.cloudfront.net\/2022\/03\/23153051\/tj_ce.jpg","contentUrl":"https:\/\/dhg1h5j42swfq.cloudfront.net\/2022\/03\/23153051\/tj_ce.jpg","width":768,"height":432},{"@type":"BreadcrumbList","@id":"https:\/\/www.estrategiaconcursos.com.br\/blog\/concurso-tj-ce-ultima-prova-tecnico\/#breadcrumb","itemListElement":[{"@type":"ListItem","position":1,"name":"In\u00edcio","item":"https:\/\/www.estrategiaconcursos.com.br\/blog\/"},{"@type":"ListItem","position":2,"name":"Concurso TJ CE: confira como foi a \u00faltima prova para T\u00e9cnico!"}]},{"@type":"WebSite","@id":"https:\/\/www.estrategiaconcursos.com.br\/blog\/#website","url":"https:\/\/www.estrategiaconcursos.com.br\/blog\/","name":"Estrat\u00e9gia Concursos","description":"O blog da Estrat\u00e9gia Concursos traz not\u00edcias sobre concursos e artigos de professores oferecendo cursos para concursos (pdf + videaulas) no site.","publisher":{"@id":"https:\/\/www.estrategiaconcursos.com.br\/blog\/#organization"},"potentialAction":[{"@type":"SearchAction","target":{"@type":"EntryPoint","urlTemplate":"https:\/\/www.estrategiaconcursos.com.br\/blog\/?s={search_term_string}"},"query-input":{"@type":"PropertyValueSpecification","valueRequired":true,"valueName":"search_term_string"}}],"inLanguage":"pt-BR"},{"@type":"Organization","@id":"https:\/\/www.estrategiaconcursos.com.br\/blog\/#organization","name":"Estrat\u00e9gia Concursos","url":"https:\/\/www.estrategiaconcursos.com.br\/blog\/","logo":{"@type":"ImageObject","inLanguage":"pt-BR","@id":"https:\/\/www.estrategiaconcursos.com.br\/blog\/#\/schema\/logo\/image\/","url":"https:\/\/dhg1h5j42swfq.cloudfront.net\/2025\/06\/03203428\/logo_concursos-1.jpg","contentUrl":"https:\/\/dhg1h5j42swfq.cloudfront.net\/2025\/06\/03203428\/logo_concursos-1.jpg","width":230,"height":60,"caption":"Estrat\u00e9gia Concursos"},"image":{"@id":"https:\/\/www.estrategiaconcursos.com.br\/blog\/#\/schema\/logo\/image\/"},"sameAs":["https:\/\/x.com\/EstratConcursos"]},{"@type":"Person","@id":"https:\/\/www.estrategiaconcursos.com.br\/blog\/#\/schema\/person\/399990d02336f200766707b881aee98f","name":"Daniela Santos Nascimento","image":{"@type":"ImageObject","inLanguage":"pt-BR","@id":"https:\/\/secure.gravatar.com\/avatar\/7f343622ad121e2893832a8c76808be436bdfcbf2f7d696174c94ecd84f2384a?s=96&d=mm&r=g","url":"https:\/\/secure.gravatar.com\/avatar\/7f343622ad121e2893832a8c76808be436bdfcbf2f7d696174c94ecd84f2384a?s=96&d=mm&r=g","contentUrl":"https:\/\/secure.gravatar.com\/avatar\/7f343622ad121e2893832a8c76808be436bdfcbf2f7d696174c94ecd84f2384a?s=96&d=mm&r=g","caption":"Daniela Santos Nascimento"},"url":"https:\/\/www.estrategiaconcursos.com.br\/blog\/author\/daniela-nascimentoestrategia-com\/"}]}},"_links":{"self":[{"href":"https:\/\/www.estrategiaconcursos.com.br\/blog\/wp-json\/wp\/v2\/posts\/1085043","targetHints":{"allow":["GET"]}}],"collection":[{"href":"https:\/\/www.estrategiaconcursos.com.br\/blog\/wp-json\/wp\/v2\/posts"}],"about":[{"href":"https:\/\/www.estrategiaconcursos.com.br\/blog\/wp-json\/wp\/v2\/types\/post"}],"author":[{"embeddable":true,"href":"https:\/\/www.estrategiaconcursos.com.br\/blog\/wp-json\/wp\/v2\/users\/2402"}],"replies":[{"embeddable":true,"href":"https:\/\/www.estrategiaconcursos.com.br\/blog\/wp-json\/wp\/v2\/comments?post=1085043"}],"version-history":[{"count":5,"href":"https:\/\/www.estrategiaconcursos.com.br\/blog\/wp-json\/wp\/v2\/posts\/1085043\/revisions"}],"predecessor-version":[{"id":1085297,"href":"https:\/\/www.estrategiaconcursos.com.br\/blog\/wp-json\/wp\/v2\/posts\/1085043\/revisions\/1085297"}],"wp:featuredmedia":[{"embeddable":true,"href":"https:\/\/www.estrategiaconcursos.com.br\/blog\/wp-json\/wp\/v2\/media\/993349"}],"wp:attachment":[{"href":"https:\/\/www.estrategiaconcursos.com.br\/blog\/wp-json\/wp\/v2\/media?parent=1085043"}],"wp:term":[{"taxonomy":"category","embeddable":true,"href":"https:\/\/www.estrategiaconcursos.com.br\/blog\/wp-json\/wp\/v2\/categories?post=1085043"},{"taxonomy":"post_tag","embeddable":true,"href":"https:\/\/www.estrategiaconcursos.com.br\/blog\/wp-json\/wp\/v2\/tags?post=1085043"},{"taxonomy":"tax_estado","embeddable":true,"href":"https:\/\/www.estrategiaconcursos.com.br\/blog\/wp-json\/wp\/v2\/tax_estado?post=1085043"}],"curies":[{"name":"wp","href":"https:\/\/api.w.org\/{rel}","templated":true}]}}