{"id":1085023,"date":"2022-09-11T18:50:00","date_gmt":"2022-09-11T21:50:00","guid":{"rendered":"https:\/\/www.estrategiaconcursos.com.br\/blog\/?p=1085023"},"modified":"2022-11-10T17:30:45","modified_gmt":"2022-11-10T20:30:45","slug":"senado-previsoes-convocacoes","status":"publish","type":"post","link":"https:\/\/www.estrategiaconcursos.com.br\/blog\/senado-previsoes-convocacoes\/","title":{"rendered":"Senado Federal: Previs\u00f5es de convoca\u00e7\u00f5es."},"content":{"rendered":"\n<p><\/p>\n\n\n\n<h2 class=\"has-vivid-red-color has-text-color wp-block-heading\" id=\"h-introducao\">Introdu\u00e7\u00e3o<\/h2>\n\n\n\n<p><\/p>\n\n\n\n<p>O concurso do Senado \u00e9 um dos mais aguardados nos \u00faltimos anos. Al\u00e9m dos altos sal\u00e1rios, a institui\u00e7\u00e3o do Poder Legislativo concede benef\u00edcios significativos a seus servidores, fato que atrai muitos concurseiros. Mas ser\u00e1 mesmo que haver\u00e1 muitas convoca\u00e7\u00f5es no Senado Federal?<\/p>\n\n\n\n<p>Analisando friamente, se voc\u00ea pensa em estudar para este concurso, ter\u00e1 que enfrentar a banca FGV e uma legi\u00e3o de pessoas que sonha em ingressar na carreira, h\u00e1 muito tempo. Se por um lado o Senado atrai muitos candidatos, por outro h\u00e1 uma previs\u00e3o forte de convoca\u00e7\u00f5es em massa.<\/p>\n\n\n\n<p>Sem realizar sele\u00e7\u00f5es desde 2011\/2012, o Senado Federal acumula um n\u00famero significativo de cargos vagos, motivados por diversos fatores, incluindo aposentadorias de seus servidores. Sem d\u00favidas, \u00e9 um excelente incentivo para os estudos de qualquer um. &nbsp;<\/p>\n\n\n\n<p>Neste artigo, vamos tratar especificamente dos cargos, apresentando as atribui\u00e7\u00f5es e as quantidades de postos ocupados e vagos para cada uma delas. Com estas informa\u00e7\u00f5es, voc\u00ea ter\u00e1 uma previs\u00e3o de quantos servidores devem ser convocados. Seguem os t\u00f3picos que ser\u00e3o abordados:<\/p>\n\n\n\n<p><\/p>\n\n\n\n<ul class=\"wp-block-list\"><li><strong>Editais do Senado Federal em aberto<\/strong><\/li><li><strong>Servidores efetivos<\/strong><\/li><li><strong>Previs\u00f5es de aposentadoria<\/strong><\/li><li><strong>Previs\u00f5es de convoca\u00e7\u00f5es no concurso<\/strong><\/li><\/ul>\n\n\n\n<p><\/p>\n\n\n\n<p>Se ainda tiver d\u00favidas a respeito de qual cargo escolher, a expectativa \u00e9 que elas sejam elucidadas ao t\u00e9rmino da leitura. Voc\u00ea quer saber se vai demorar? N\u00e3o se preocupe, pois vamos direto ao ponto e voc\u00ea vai gastar apenas alguns minutos.<\/p>\n\n\n\n<p>Afinal, o Edital est\u00e1 repleto de conte\u00fado e sabemos que voc\u00ea precisa focar nos estudos. No entanto, se estiver com tempo restrito para a leitura, recomendamos realiz\u00e1-la no intervalo das aulas.<\/p>\n\n\n\n<p><\/p>\n\n\n\n<p><strong><mark style=\"background-color:#fcb900\" class=\"has-inline-color\">Tempo de leitura aproximada: 5 a 10 minutos<\/mark><\/strong><\/p>\n\n\n\n<p><\/p>\n\n\n\n<h2 class=\"has-vivid-red-color has-text-color wp-block-heading\" id=\"h-editais-do-senado-federal-em-aberto\">Editais do Senado Federal em aberto<\/h2>\n\n\n\n<p><\/p>\n\n\n\n<p>O Senado Federal est\u00e1 com 5 Editais em aberto, contemplando os seguintes cargos e especialidades. N\u00e3o consideraremos as sub\u00e1reas nessa an\u00e1lise, pois o site da institui\u00e7\u00e3o n\u00e3o faz distin\u00e7\u00e3o de cada uma delas para a publicidade das informa\u00e7\u00f5es.<\/p>\n\n\n\n<p><\/p>\n\n\n\n<figure class=\"wp-block-table is-style-stripes\" style=\"font-size:clamp(14px, 0.875rem + ((1vw - 3.2px) * 0.098), 15px);\"><table class=\"has-pale-cyan-blue-background-color has-background has-fixed-layout\"><tbody><tr><td class=\"has-text-align-center\" data-align=\"center\"><strong>Edital<\/strong><\/td><td class=\"has-text-align-center\" data-align=\"center\"><strong>Cargo<\/strong><\/td><td class=\"has-text-align-center\" data-align=\"center\"><strong>Especialidade<\/strong><\/td><td class=\"has-text-align-center\" data-align=\"center\"><strong>Vagas Imediatas<\/strong><\/td><td class=\"has-text-align-center\" data-align=\"center\"><strong>Cadastro de Reserva<\/strong><\/td><td class=\"has-text-align-center\" data-align=\"center\"><strong>Total de Oportunidades<\/strong><\/td><\/tr><tr><td class=\"has-text-align-center\" data-align=\"center\">01\/2022<\/td><td class=\"has-text-align-center\" data-align=\"center\">Analista Legislativo<\/td><td class=\"has-text-align-center\" data-align=\"center\">Administra\u00e7\u00e3o<\/td><td class=\"has-text-align-center\" data-align=\"center\">2<\/td><td class=\"has-text-align-center\" data-align=\"center\">248<\/td><td class=\"has-text-align-center\" data-align=\"center\">250<\/td><\/tr><tr><td class=\"has-text-align-center\" data-align=\"center\">01\/2022<\/td><td class=\"has-text-align-center\" data-align=\"center\">Analista Legislativo<\/td><td class=\"has-text-align-center\" data-align=\"center\">Arquivologia<\/td><td class=\"has-text-align-center\" data-align=\"center\">1<\/td><td class=\"has-text-align-center\" data-align=\"center\">14<\/td><td class=\"has-text-align-center\" data-align=\"center\">15<\/td><\/tr><tr><td class=\"has-text-align-center\" data-align=\"center\">01\/2022<\/td><td class=\"has-text-align-center\" data-align=\"center\">Analista Legislativo<\/td><td class=\"has-text-align-center\" data-align=\"center\">Assist\u00eancia Social<\/td><td class=\"has-text-align-center\" data-align=\"center\">1<\/td><td class=\"has-text-align-center\" data-align=\"center\">9<\/td><td class=\"has-text-align-center\" data-align=\"center\">10<\/td><\/tr><tr><td class=\"has-text-align-center\" data-align=\"center\">01\/2022<\/td><td class=\"has-text-align-center\" data-align=\"center\">Analista Legislativo<\/td><td class=\"has-text-align-center\" data-align=\"center\">Contabilidade<\/td><td class=\"has-text-align-center\" data-align=\"center\">1<\/td><td class=\"has-text-align-center\" data-align=\"center\">19<\/td><td class=\"has-text-align-center\" data-align=\"center\">20<\/td><\/tr><tr><td class=\"has-text-align-center\" data-align=\"center\">01\/2022<\/td><td class=\"has-text-align-center\" data-align=\"center\">Analista Legislativo<\/td><td class=\"has-text-align-center\" data-align=\"center\">Enfermagem<\/td><td class=\"has-text-align-center\" data-align=\"center\">1<\/td><td class=\"has-text-align-center\" data-align=\"center\">19<\/td><td class=\"has-text-align-center\" data-align=\"center\">20<\/td><\/tr><tr><td class=\"has-text-align-center\" data-align=\"center\">01\/2022<\/td><td class=\"has-text-align-center\" data-align=\"center\">Analista Legislativo<\/td><td class=\"has-text-align-center\" data-align=\"center\">Engenharia Eletr\u00f4nica e Telecomunica\u00e7\u00f5es<\/td><td class=\"has-text-align-center\" data-align=\"center\">1<\/td><td class=\"has-text-align-center\" data-align=\"center\">9<\/td><td class=\"has-text-align-center\" data-align=\"center\">10<\/td><\/tr><tr><td class=\"has-text-align-center\" data-align=\"center\">01\/2022<\/td><td class=\"has-text-align-center\" data-align=\"center\">Analista Legislativo<\/td><td class=\"has-text-align-center\" data-align=\"center\">Engenharia do Trabalho<\/td><td class=\"has-text-align-center\" data-align=\"center\">1<\/td><td class=\"has-text-align-center\" data-align=\"center\">16<\/td><td class=\"has-text-align-center\" data-align=\"center\">17<\/td><\/tr><tr><td class=\"has-text-align-center\" data-align=\"center\">01\/2022<\/td><td class=\"has-text-align-center\" data-align=\"center\">Analista Legislativo<\/td><td class=\"has-text-align-center\" data-align=\"center\">Processo Legislativo<\/td><td class=\"has-text-align-center\" data-align=\"center\">1<\/td><td class=\"has-text-align-center\" data-align=\"center\">249<\/td><td class=\"has-text-align-center\" data-align=\"center\">250<\/td><\/tr><tr><td class=\"has-text-align-center\" data-align=\"center\">01\/2022<\/td><td class=\"has-text-align-center\" data-align=\"center\">Analista Legislativo<\/td><td class=\"has-text-align-center\" data-align=\"center\">Inform\u00e1tica Legislativa<\/td><td class=\"has-text-align-center\" data-align=\"center\">2<\/td><td class=\"has-text-align-center\" data-align=\"center\">98<\/td><td class=\"has-text-align-center\" data-align=\"center\">100<\/td><\/tr><tr><td class=\"has-text-align-center\" data-align=\"center\">02\/2022<\/td><td class=\"has-text-align-center\" data-align=\"center\">Analista Legislativo<\/td><td class=\"has-text-align-center\" data-align=\"center\">Registro e Reda\u00e7\u00e3o Parlamentar<\/td><td class=\"has-text-align-center\" data-align=\"center\">1<\/td><td class=\"has-text-align-center\" data-align=\"center\">19<\/td><td class=\"has-text-align-center\" data-align=\"center\">20<\/td><\/tr><tr><td class=\"has-text-align-center\" data-align=\"center\">03\/2022<\/td><td class=\"has-text-align-center\" data-align=\"center\">Advogado<\/td><td class=\"has-text-align-center\" data-align=\"center\">Advocacia<\/td><td class=\"has-text-align-center\" data-align=\"center\">1<\/td><td class=\"has-text-align-center\" data-align=\"center\">19<\/td><td class=\"has-text-align-center\" data-align=\"center\">20<\/td><\/tr><tr><td class=\"has-text-align-center\" data-align=\"center\">04\/2022<\/td><td class=\"has-text-align-center\" data-align=\"center\">Consultor Legislativo<\/td><td class=\"has-text-align-center\" data-align=\"center\">Assessoramento em Or\u00e7amentos<\/td><td class=\"has-text-align-center\" data-align=\"center\">1<\/td><td class=\"has-text-align-center\" data-align=\"center\">19<\/td><td class=\"has-text-align-center\" data-align=\"center\">20<\/td><\/tr><tr><td class=\"has-text-align-center\" data-align=\"center\">04\/2022<\/td><td class=\"has-text-align-center\" data-align=\"center\">Consultor Legislativo<\/td><td class=\"has-text-align-center\" data-align=\"center\">Assessoramento Legislativo<\/td><td class=\"has-text-align-center\" data-align=\"center\">1<\/td><td class=\"has-text-align-center\" data-align=\"center\">81<\/td><td class=\"has-text-align-center\" data-align=\"center\">82<\/td><\/tr><tr><td class=\"has-text-align-center\" data-align=\"center\">05\/2022<\/td><td class=\"has-text-align-center\" data-align=\"center\">T\u00e9cnico Legislativo<\/td><td class=\"has-text-align-center\" data-align=\"center\">Policial Legislativo Federal<\/td><td class=\"has-text-align-center\" data-align=\"center\">7<\/td><td class=\"has-text-align-center\" data-align=\"center\">173<\/td><td class=\"has-text-align-center\" data-align=\"center\">180<\/td><\/tr><\/tbody><\/table><figcaption>Tabela 1 &#8211; An\u00e1lise dos Editais em aberto<\/figcaption><\/figure>\n\n\n\n<p><\/p>\n\n\n\n<p>Repare que os cargos e especialidades com maior n\u00famero de oportunidades s\u00e3o Analista Legislativo \u2013 Administra\u00e7\u00e3o, Analista Legislativo \u2013 Processo Legislativo, Analista Legislativo \u2013 Inform\u00e1tica Legislativa, Consultor Legislativo \u2013 Assessoramento Legislativo e T\u00e9cnico Legislativo \u2013 Policial Legislativo.<\/p>\n\n\n\n<p><\/p>\n\n\n\n<h2 class=\"has-vivid-red-color has-text-color wp-block-heading\" id=\"h-servidores-efetivos\">Servidores efetivos<\/h2>\n\n\n\n<p><\/p>\n\n\n\n<p>No site do Senado Federal (Transpar\u00eancia &gt; Gest\u00e3o de Pessoas &gt; Quadro de Cargos Efetivos), \u00e9 poss\u00edvel obter a quantidade de servidores efetivos nos cargos e especialidades em 2022, bem como o n\u00famero de cargos vagos. As informa\u00e7\u00f5es apresentadas foram obtidas na semana de publica\u00e7\u00e3o dos Editais.&nbsp;<\/p>\n\n\n\n<p><\/p>\n\n\n\n<figure class=\"wp-block-table is-style-stripes\"><table class=\"has-pale-cyan-blue-background-color has-background\"><tbody><tr><td class=\"has-text-align-center\" data-align=\"center\"><strong>Cargo<\/strong><\/td><td class=\"has-text-align-center\" data-align=\"center\"><strong>Especialidade<\/strong><\/td><td class=\"has-text-align-center\" data-align=\"center\"><strong>Total de Postos<\/strong><\/td><td class=\"has-text-align-center\" data-align=\"center\"><strong>Postos Ocupados<\/strong><\/td><td class=\"has-text-align-center\" data-align=\"center\"><strong>Postos Vagos<\/strong><\/td><\/tr><tr><td class=\"has-text-align-center\" data-align=\"center\">Analista Legislativo<\/td><td class=\"has-text-align-center\" data-align=\"center\">Administra\u00e7\u00e3o<\/td><td class=\"has-text-align-center\" data-align=\"center\">232<\/td><td class=\"has-text-align-center\" data-align=\"center\">119<\/td><td class=\"has-text-align-center\" data-align=\"center\">113<\/td><\/tr><tr><td class=\"has-text-align-center\" data-align=\"center\">Analista Legislativo<\/td><td class=\"has-text-align-center\" data-align=\"center\">Arquivologia<\/td><td class=\"has-text-align-center\" data-align=\"center\">12<\/td><td class=\"has-text-align-center\" data-align=\"center\">5<\/td><td class=\"has-text-align-center\" data-align=\"center\">7<\/td><\/tr><tr><td class=\"has-text-align-center\" data-align=\"center\">Analista Legislativo<\/td><td class=\"has-text-align-center\" data-align=\"center\">Assist\u00eancia Social<\/td><td class=\"has-text-align-center\" data-align=\"center\">4<\/td><td class=\"has-text-align-center\" data-align=\"center\">1<\/td><td class=\"has-text-align-center\" data-align=\"center\">3<\/td><\/tr><tr><td class=\"has-text-align-center\" data-align=\"center\">Analista Legislativo<\/td><td class=\"has-text-align-center\" data-align=\"center\">Contabilidade<\/td><td class=\"has-text-align-center\" data-align=\"center\">29<\/td><td class=\"has-text-align-center\" data-align=\"center\">21<\/td><td class=\"has-text-align-center\" data-align=\"center\">8<\/td><\/tr><tr><td class=\"has-text-align-center\" data-align=\"center\">Analista Legislativo<\/td><td class=\"has-text-align-center\" data-align=\"center\">Enfermagem<\/td><td class=\"has-text-align-center\" data-align=\"center\">12<\/td><td class=\"has-text-align-center\" data-align=\"center\">7<\/td><td class=\"has-text-align-center\" data-align=\"center\">5<\/td><\/tr><tr><td class=\"has-text-align-center\" data-align=\"center\">Analista Legislativo<\/td><td class=\"has-text-align-center\" data-align=\"center\">Engenharia Eletr\u00f4nica e Telecomunica\u00e7\u00f5es<\/td><td class=\"has-text-align-center\" data-align=\"center\">3<\/td><td class=\"has-text-align-center\" data-align=\"center\">0<\/td><td class=\"has-text-align-center\" data-align=\"center\">3<\/td><\/tr><tr><td class=\"has-text-align-center\" data-align=\"center\">Analista Legislativo<\/td><td class=\"has-text-align-center\" data-align=\"center\">Engenharia do Trabalho<\/td><td class=\"has-text-align-center\" data-align=\"center\">3<\/td><td class=\"has-text-align-center\" data-align=\"center\">0<\/td><td class=\"has-text-align-center\" data-align=\"center\">3<\/td><\/tr><tr><td class=\"has-text-align-center\" data-align=\"center\">Analista Legislativo<\/td><td class=\"has-text-align-center\" data-align=\"center\">Processo Legislativo<\/td><td class=\"has-text-align-center\" data-align=\"center\">414<\/td><td class=\"has-text-align-center\" data-align=\"center\">182<\/td><td class=\"has-text-align-center\" data-align=\"center\">232<\/td><\/tr><tr><td class=\"has-text-align-center\" data-align=\"center\">Analista Legislativo<\/td><td class=\"has-text-align-center\" data-align=\"center\">Inform\u00e1tica Legislativa<\/td><td class=\"has-text-align-center\" data-align=\"center\">250<\/td><td class=\"has-text-align-center\" data-align=\"center\">175<\/td><td class=\"has-text-align-center\" data-align=\"center\">75<\/td><\/tr><tr><td class=\"has-text-align-center\" data-align=\"center\">Analista Legislativo<\/td><td class=\"has-text-align-center\" data-align=\"center\">Registro e Reda\u00e7\u00e3o Parlamentar<\/td><td class=\"has-text-align-center\" data-align=\"center\">90<\/td><td class=\"has-text-align-center\" data-align=\"center\">52<\/td><td class=\"has-text-align-center\" data-align=\"center\">38<\/td><\/tr><tr><td class=\"has-text-align-center\" data-align=\"center\">Advogado<\/td><td class=\"has-text-align-center\" data-align=\"center\">Advocacia<\/td><td class=\"has-text-align-center\" data-align=\"center\">35<\/td><td class=\"has-text-align-center\" data-align=\"center\">29<\/td><td class=\"has-text-align-center\" data-align=\"center\">6<\/td><\/tr><tr><td class=\"has-text-align-center\" data-align=\"center\">Consultor Legislativo<\/td><td class=\"has-text-align-center\" data-align=\"center\">Assessoramento em Or\u00e7amentos<\/td><td class=\"has-text-align-center\" data-align=\"center\">50<\/td><td class=\"has-text-align-center\" data-align=\"center\">40<\/td><td class=\"has-text-align-center\" data-align=\"center\">10<\/td><\/tr><tr><td class=\"has-text-align-center\" data-align=\"center\">Consultor Legislativo<\/td><td class=\"has-text-align-center\" data-align=\"center\">Assessoramento Legislativo<\/td><td class=\"has-text-align-center\" data-align=\"center\">232<\/td><td class=\"has-text-align-center\" data-align=\"center\">185<\/td><td class=\"has-text-align-center\" data-align=\"center\">47<\/td><\/tr><tr><td class=\"has-text-align-center\" data-align=\"center\">T\u00e9cnico Legislativo<\/td><td class=\"has-text-align-center\" data-align=\"center\">Policial Legislativo Federal<\/td><td class=\"has-text-align-center\" data-align=\"center\">360<\/td><td class=\"has-text-align-center\" data-align=\"center\">171<\/td><td class=\"has-text-align-center\" data-align=\"center\">189<\/td><\/tr><\/tbody><\/table><figcaption>Tabela 2 &#8211; Quadro de cargos efetivos do Senado Federal<\/figcaption><\/figure>\n\n\n\n<p><\/p>\n\n\n\n<p>A coluna Postos Vagos da tabela representa o n\u00famero de posi\u00e7\u00f5es que poder\u00e3o ser efetivamente ocupadas para cada cargo e especialidade com este concurso. Em teoria, n\u00e3o h\u00e1 nenhuma garantia de quantos aprovados o Senado Federal ir\u00e1 requisitar. Entretanto, quanto maior o valor na coluna Postos Vagos, maior ser\u00e1 a tend\u00eancia de convoca\u00e7\u00f5es.<\/p>\n\n\n\n<p>De acordo com os dados apresentados, os cargos e as especialidades com maior n\u00famero de vagas s\u00e3o Analista Legislativo \u2013 Administra\u00e7\u00e3o, Analista Legislativo \u2013 Processo Legislativo, Analista Legislativo \u2013 Inform\u00e1tica Legislativa e T\u00e9cnico Legislativo \u2013 Policial Legislativo Federal.<\/p>\n\n\n\n<p><\/p>\n\n\n\n<h2 class=\"has-vivid-red-color has-text-color wp-block-heading\" id=\"h-previsoes-de-aposentadoria\">Previs\u00f5es de aposentadoria<\/h2>\n\n\n\n<p><\/p>\n\n\n\n<p>Uma outra vari\u00e1vel importante a ser considerada s\u00e3o as previs\u00f5es de aposentadoria. Ao se aposentar, o servidor deixa de ocupar um posto em um cargo e especialidade. Consequentemente, esse fato abre oportunidade para uma nova convoca\u00e7\u00e3o.<\/p>\n\n\n\n<p>No site do Senado Federal (Transpar\u00eancia &gt; Gest\u00e3o de Pessoas &gt; Previs\u00e3o de Aposentadoria), \u00e9 poss\u00edvel identificar quantos s\u00e3o os servidores atuais com tempo para se aposentar, al\u00e9m de estimar as futuras aposentadorias para os pr\u00f3ximos 30 anos.&nbsp;<\/p>\n\n\n\n<p>Como esse tempo \u00e9 muito longo (a validade do concurso teria expirado, ali\u00e1s), vamos listar apenas a quantidade de servidores que podem se aposentar nos pr\u00f3ximos 4 anos. Esse \u00e9 um prazo mais razo\u00e1vel para futuras convoca\u00e7\u00f5es, pois corresponde \u00e0 validade do concurso e a uma eventual prorroga\u00e7\u00e3o.<\/p>\n\n\n\n<p><\/p>\n\n\n\n<figure class=\"wp-block-table is-style-stripes\"><table class=\"has-pale-cyan-blue-background-color has-background\"><tbody><tr><td class=\"has-text-align-center\" data-align=\"center\"><strong>Cargo<\/strong><\/td><td class=\"has-text-align-center\" data-align=\"center\"><strong>Especialidade<\/strong><\/td><td class=\"has-text-align-center\" data-align=\"center\"><strong>Previs\u00e3o de Aposentadoria <\/strong><br \/><strong>at\u00e9 2026<\/strong><\/td><\/tr><tr><td class=\"has-text-align-center\" data-align=\"center\">Analista Legislativo<\/td><td class=\"has-text-align-center\" data-align=\"center\">Administra\u00e7\u00e3o<\/td><td class=\"has-text-align-center\" data-align=\"center\">32<\/td><\/tr><tr><td class=\"has-text-align-center\" data-align=\"center\">Analista Legislativo<\/td><td class=\"has-text-align-center\" data-align=\"center\">Arquivologia<\/td><td class=\"has-text-align-center\" data-align=\"center\">0<\/td><\/tr><tr><td class=\"has-text-align-center\" data-align=\"center\">Analista Legislativo<\/td><td class=\"has-text-align-center\" data-align=\"center\">Assist\u00eancia Social<\/td><td class=\"has-text-align-center\" data-align=\"center\">0<\/td><\/tr><tr><td class=\"has-text-align-center\" data-align=\"center\">Analista Legislativo<\/td><td class=\"has-text-align-center\" data-align=\"center\">Contabilidade<\/td><td class=\"has-text-align-center\" data-align=\"center\">7<\/td><\/tr><tr><td class=\"has-text-align-center\" data-align=\"center\">Analista Legislativo<\/td><td class=\"has-text-align-center\" data-align=\"center\">Enfermagem<\/td><td class=\"has-text-align-center\" data-align=\"center\">3<\/td><\/tr><tr><td class=\"has-text-align-center\" data-align=\"center\">Analista Legislativo<\/td><td class=\"has-text-align-center\" data-align=\"center\">Engenharia Eletr\u00f4nica e Telecomunica\u00e7\u00f5es<\/td><td class=\"has-text-align-center\" data-align=\"center\">0<\/td><\/tr><tr><td class=\"has-text-align-center\" data-align=\"center\">Analista Legislativo<\/td><td class=\"has-text-align-center\" data-align=\"center\">Engenharia do Trabalho<\/td><td class=\"has-text-align-center\" data-align=\"center\">0<\/td><\/tr><tr><td class=\"has-text-align-center\" data-align=\"center\">Analista Legislativo<\/td><td class=\"has-text-align-center\" data-align=\"center\">Processo Legislativo<\/td><td class=\"has-text-align-center\" data-align=\"center\">51<\/td><\/tr><tr><td class=\"has-text-align-center\" data-align=\"center\">Analista Legislativo<\/td><td class=\"has-text-align-center\" data-align=\"center\">Inform\u00e1tica Legislativa<\/td><td class=\"has-text-align-center\" data-align=\"center\">46<\/td><\/tr><tr><td class=\"has-text-align-center\" data-align=\"center\">Analista Legislativo<\/td><td class=\"has-text-align-center\" data-align=\"center\">Registro e Reda\u00e7\u00e3o Parlamentar<\/td><td class=\"has-text-align-center\" data-align=\"center\">31<\/td><\/tr><tr><td class=\"has-text-align-center\" data-align=\"center\">Advogado<\/td><td class=\"has-text-align-center\" data-align=\"center\">Advocacia<\/td><td class=\"has-text-align-center\" data-align=\"center\">1<\/td><\/tr><tr><td class=\"has-text-align-center\" data-align=\"center\">Consultor Legislativo<\/td><td class=\"has-text-align-center\" data-align=\"center\">Assessoramento em Or\u00e7amentos<\/td><td class=\"has-text-align-center\" data-align=\"center\">12<\/td><\/tr><tr><td class=\"has-text-align-center\" data-align=\"center\">Consultor Legislativo<\/td><td class=\"has-text-align-center\" data-align=\"center\">Assessoramento Legislativo<\/td><td class=\"has-text-align-center\" data-align=\"center\">54<\/td><\/tr><tr><td class=\"has-text-align-center\" data-align=\"center\">T\u00e9cnico Legislativo<\/td><td class=\"has-text-align-center\" data-align=\"center\">Policial Legislativo Federal<\/td><td class=\"has-text-align-center\" data-align=\"center\">45<\/td><\/tr><\/tbody><\/table><figcaption>Tabela 3 &#8211; Previs\u00f5es de aposentadoria at\u00e9 2026 no Senado Federal<\/figcaption><\/figure>\n\n\n\n<p><\/p>\n\n\n\n<p>Veja que os cargos e as especialidades com mais previs\u00f5es de aposentadoria at\u00e9 2026 s\u00e3o Analista Legislativo \u2013 Administra\u00e7\u00e3o, Analista Legislativo \u2013 Processo Legislativo, Analista Legislativo \u2013 Inform\u00e1tica Legislativa, Analista Legislativo \u2013 Registro e Reda\u00e7\u00e3o Parlamentar e Consultor Legislativo \u2013 Assessoramento Legislativo.<\/p>\n\n\n\n<p>Note tamb\u00e9m que os cargos e as especialidades com mais previs\u00f5es de aposentadoria s\u00e3o praticamente os mesmos que hav\u00edamos apresentado com maior n\u00famero de servidores efetivos. Pense como faz sentido: quanto maior o n\u00famero de servidores em um cargo, maior ser\u00e1 a tend\u00eancia de pessoas aposentando no futuro.<\/p>\n\n\n\n<p><\/p>\n\n\n\n<h2 class=\"has-vivid-red-color has-text-color wp-block-heading\" id=\"h-previsoes-de-convocacoes-no-concurso\">Previs\u00f5es de convoca\u00e7\u00f5es no concurso<\/h2>\n\n\n\n<p><\/p>\n\n\n\n<p>Ap\u00f3s extrairmos todos esses dados do site do Senado Federal, chegou o momento que voc\u00ea esperava: vamos fazer uma estimativa de quantos ser\u00e3o convocados no pr\u00f3ximo concurso.<\/p>\n\n\n\n<p><\/p>\n\n\n\n<h3 class=\"has-vivid-purple-color has-text-color wp-block-heading\" id=\"h-analise-matematica-dos-convocados\">An\u00e1lise matem\u00e1tica dos convocados<\/h3>\n\n\n\n<p>Primeiramente, vamos explicar a l\u00f3gica da nossa an\u00e1lise. O n\u00famero m\u00e1ximo de convoca\u00e7\u00f5es para o Senado Federal n\u00e3o poder\u00e1 ser maior do que o total de oportunidades que a banca divulgou, considerando vagas imediatas e cadastro de reserva. Entretanto, nem sempre todos ser\u00e3o nomeados.<\/p>\n\n\n\n<p>O Senado ir\u00e1 considerar os postos vagos e as previs\u00f5es de aposentadoria at\u00e9 o t\u00e9rmino da validade do concurso (2026). Sendo assim, o n\u00famero m\u00e1ximo de pessoas convocadas em cada cargo dever\u00e1 corresponder ao somat\u00f3rio de postos vagos e previs\u00f5es de aposentadoria.<\/p>\n\n\n\n<p>No entanto, esse total n\u00e3o poder\u00e1 ser maior que as oportunidades divulgadas pela banca. Se o total for maior que as oportunidades, ent\u00e3o elas devem prevalecer. Ficou confuso? Vamos ent\u00e3o fazer um passo a passo bem simplificado para voc\u00ea entender melhor:<\/p>\n\n\n\n<p><\/p>\n\n\n\n<figure class=\"wp-block-image alignleft size-full is-resized is-style-default\"><img loading=\"lazy\" decoding=\"async\" src=\"https:\/\/dhg1h5j42swfq.cloudfront.net\/2022\/08\/29210322\/formulaprevisoes.png\" alt=\"Imagem 1 - Passo a passo para calcular as previs\u00f5es de convoca\u00e7\u00f5es no concurso do Senado Federal.\" class=\"wp-image-1085786\" width=\"840\" height=\"346\" srcset=\"https:\/\/dhg1h5j42swfq.cloudfront.net\/2022\/08\/29210322\/formulaprevisoes.png 516w, https:\/\/dhg1h5j42swfq.cloudfront.net\/2022\/08\/29210322\/formulaprevisoes-300x124.png 300w, https:\/\/dhg1h5j42swfq.cloudfront.net\/2022\/08\/29210322\/formulaprevisoes-150x62.png 150w\" sizes=\"auto, (max-width: 840px) 100vw, 840px\" \/><figcaption>Imagem 1 &#8211; Passo a passo para calcular as previs\u00f5es de convoca\u00e7\u00f5es no concurso do Senado Federal.<\/figcaption><\/figure>\n\n\n\n<p><\/p>\n\n\n\n<h3 class=\"has-vivid-purple-color has-text-color wp-block-heading\" id=\"h-aplicacao-pratica-das-previsoes\">Aplica\u00e7\u00e3o pr\u00e1tica das previs\u00f5es<\/h3>\n\n\n\n<p>Viu? Voc\u00ea n\u00e3o precisa de tar\u00f4 nem baralho cigano para realizar as previs\u00f5es de convoca\u00e7\u00f5es no Senado Federal; basta um pouco de matem\u00e1tica. Para facilitar ainda mais o entendimento dos c\u00e1lculos, marcarmos as c\u00e9lulas na tabela:<\/p>\n\n\n\n<p><\/p>\n\n\n\n<figure class=\"wp-block-table is-style-stripes\" style=\"font-size:14px\"><table class=\"has-pale-cyan-blue-background-color has-background\"><tbody><tr><td class=\"has-text-align-center\" data-align=\"center\"><strong>Cargo<\/strong><\/td><td class=\"has-text-align-center\" data-align=\"center\"><strong>Especialidade<\/strong><\/td><td class=\"has-text-align-center\" data-align=\"center\"><strong>Oportunidades<\/strong><\/td><td class=\"has-text-align-center\" data-align=\"center\"><strong>Postos Vagos<\/strong><\/td><td class=\"has-text-align-center\" data-align=\"center\"><strong>Previs\u00e3o de Aposentadoria at\u00e9 2026<\/strong><\/td><td class=\"has-text-align-center\" data-align=\"center\"><strong>Previs\u00e3o de Convoca\u00e7\u00f5es at\u00e9 2026<\/strong><\/td><\/tr><tr><td class=\"has-text-align-center\" data-align=\"center\">Analista Legislativo<\/td><td class=\"has-text-align-center\" data-align=\"center\">Administra\u00e7\u00e3o<\/td><td class=\"has-text-align-center\" data-align=\"center\">250<\/td><td class=\"has-text-align-center\" data-align=\"center\"><mark style=\"background-color:#fcb900\" class=\"has-inline-color\">113<\/mark><\/td><td class=\"has-text-align-center\" data-align=\"center\"><mark style=\"background-color:#fcb900\" class=\"has-inline-color\">32<\/mark><\/td><td class=\"has-text-align-center\" data-align=\"center\"><mark style=\"background-color:#fcb900\" class=\"has-inline-color\">145<\/mark><\/td><\/tr><tr><td class=\"has-text-align-center\" data-align=\"center\">Analista Legislativo<\/td><td class=\"has-text-align-center\" data-align=\"center\">Arquivologia<\/td><td class=\"has-text-align-center\" data-align=\"center\">15<\/td><td class=\"has-text-align-center\" data-align=\"center\"><mark style=\"background-color:#fcb900\" class=\"has-inline-color\">7<\/mark><\/td><td class=\"has-text-align-center\" data-align=\"center\"><mark style=\"background-color:#fcb900\" class=\"has-inline-color\">0<\/mark><\/td><td class=\"has-text-align-center\" data-align=\"center\"><mark style=\"background-color:#fcb900\" class=\"has-inline-color\">7<\/mark><\/td><\/tr><tr><td class=\"has-text-align-center\" data-align=\"center\">Analista Legislativo<\/td><td class=\"has-text-align-center\" data-align=\"center\">Assist\u00eancia Social<\/td><td class=\"has-text-align-center\" data-align=\"center\">10<\/td><td class=\"has-text-align-center\" data-align=\"center\"><mark style=\"background-color:#fcb900\" class=\"has-inline-color\">3<\/mark><\/td><td class=\"has-text-align-center\" data-align=\"center\"><mark style=\"background-color:#fcb900\" class=\"has-inline-color\">0<\/mark><\/td><td class=\"has-text-align-center\" data-align=\"center\"><mark style=\"background-color:#fcb900\" class=\"has-inline-color\">3<\/mark><\/td><\/tr><tr><td class=\"has-text-align-center\" data-align=\"center\">Analista Legislativo<\/td><td class=\"has-text-align-center\" data-align=\"center\">Contabilidade<\/td><td class=\"has-text-align-center\" data-align=\"center\">20<\/td><td class=\"has-text-align-center\" data-align=\"center\"><mark style=\"background-color:#fcb900\" class=\"has-inline-color\">8<\/mark><\/td><td class=\"has-text-align-center\" data-align=\"center\"><mark style=\"background-color:#fcb900\" class=\"has-inline-color\">7<\/mark><\/td><td class=\"has-text-align-center\" data-align=\"center\"><mark style=\"background-color:#fcb900\" class=\"has-inline-color\">15<\/mark><\/td><\/tr><tr><td class=\"has-text-align-center\" data-align=\"center\">Analista Legislativo<\/td><td class=\"has-text-align-center\" data-align=\"center\">Enfermagem<\/td><td class=\"has-text-align-center\" data-align=\"center\">20<\/td><td class=\"has-text-align-center\" data-align=\"center\"><mark style=\"background-color:#fcb900\" class=\"has-inline-color\">5<\/mark><\/td><td class=\"has-text-align-center\" data-align=\"center\"><mark style=\"background-color:#fcb900\" class=\"has-inline-color\">3<\/mark><\/td><td class=\"has-text-align-center\" data-align=\"center\"><mark style=\"background-color:#fcb900\" class=\"has-inline-color\">8<\/mark><\/td><\/tr><tr><td class=\"has-text-align-center\" data-align=\"center\">Analista Legislativo<\/td><td class=\"has-text-align-center\" data-align=\"center\">Engenharia Eletr\u00f4nica e Telecomunica\u00e7\u00f5es<\/td><td class=\"has-text-align-center\" data-align=\"center\">10<\/td><td class=\"has-text-align-center\" data-align=\"center\"><mark style=\"background-color:#fcb900\" class=\"has-inline-color\">3<\/mark><\/td><td class=\"has-text-align-center\" data-align=\"center\"><mark style=\"background-color:#fcb900\" class=\"has-inline-color\">0<\/mark><\/td><td class=\"has-text-align-center\" data-align=\"center\"><mark style=\"background-color:#fcb900\" class=\"has-inline-color\">3<\/mark><\/td><\/tr><tr><td class=\"has-text-align-center\" data-align=\"center\">Analista Legislativo<\/td><td class=\"has-text-align-center\" data-align=\"center\">Engenharia do Trabalho<\/td><td class=\"has-text-align-center\" data-align=\"center\">17<\/td><td class=\"has-text-align-center\" data-align=\"center\"><mark style=\"background-color:#fcb900\" class=\"has-inline-color\">3<\/mark><\/td><td class=\"has-text-align-center\" data-align=\"center\"><mark style=\"background-color:#fcb900\" class=\"has-inline-color\">0<\/mark><\/td><td class=\"has-text-align-center\" data-align=\"center\"><mark style=\"background-color:#fcb900\" class=\"has-inline-color\">3<\/mark><\/td><\/tr><tr><td class=\"has-text-align-center\" data-align=\"center\">Analista Legislativo<\/td><td class=\"has-text-align-center\" data-align=\"center\">Processo Legislativo<\/td><td class=\"has-text-align-center\" data-align=\"center\"><mark style=\"background-color:#fcb900\" class=\"has-inline-color\">250<\/mark><\/td><td class=\"has-text-align-center\" data-align=\"center\">232<\/td><td class=\"has-text-align-center\" data-align=\"center\">51<\/td><td class=\"has-text-align-center\" data-align=\"center\"><mark style=\"background-color:#fcb900\" class=\"has-inline-color\">250<\/mark><\/td><\/tr><tr><td class=\"has-text-align-center\" data-align=\"center\">Analista Legislativo<\/td><td class=\"has-text-align-center\" data-align=\"center\">Inform\u00e1tica Legislativa<\/td><td class=\"has-text-align-center\" data-align=\"center\"><mark style=\"background-color:#fcb900\" class=\"has-inline-color\">100<\/mark><\/td><td class=\"has-text-align-center\" data-align=\"center\">75<\/td><td class=\"has-text-align-center\" data-align=\"center\">46<\/td><td class=\"has-text-align-center\" data-align=\"center\"><mark style=\"background-color:#fcb900\" class=\"has-inline-color\">100<\/mark><\/td><\/tr><tr><td class=\"has-text-align-center\" data-align=\"center\">Analista Legislativo<\/td><td class=\"has-text-align-center\" data-align=\"center\">Registro e Reda\u00e7\u00e3o Parlamentar<\/td><td class=\"has-text-align-center\" data-align=\"center\"><mark style=\"background-color:#fcb900\" class=\"has-inline-color\">20<\/mark><\/td><td class=\"has-text-align-center\" data-align=\"center\">38<\/td><td class=\"has-text-align-center\" data-align=\"center\">31<\/td><td class=\"has-text-align-center\" data-align=\"center\"><mark style=\"background-color:#fcb900\" class=\"has-inline-color\">20<\/mark><\/td><\/tr><tr><td class=\"has-text-align-center\" data-align=\"center\">Advogado<\/td><td class=\"has-text-align-center\" data-align=\"center\">Advocacia<\/td><td class=\"has-text-align-center\" data-align=\"center\">20<\/td><td class=\"has-text-align-center\" data-align=\"center\"><mark style=\"background-color:#fcb900\" class=\"has-inline-color\">6<\/mark><\/td><td class=\"has-text-align-center\" data-align=\"center\"><mark style=\"background-color:#fcb900\" class=\"has-inline-color\">1<\/mark><\/td><td class=\"has-text-align-center\" data-align=\"center\"><mark style=\"background-color:#fcb900\" class=\"has-inline-color\">7<\/mark><\/td><\/tr><tr><td class=\"has-text-align-center\" data-align=\"center\">Consultor Legislativo<\/td><td class=\"has-text-align-center\" data-align=\"center\">Assessoramento em Or\u00e7amentos<\/td><td class=\"has-text-align-center\" data-align=\"center\"><mark style=\"background-color:#fcb900\" class=\"has-inline-color\">20<\/mark><\/td><td class=\"has-text-align-center\" data-align=\"center\">10<\/td><td class=\"has-text-align-center\" data-align=\"center\">12<\/td><td class=\"has-text-align-center\" data-align=\"center\"><mark style=\"background-color:#fcb900\" class=\"has-inline-color\">20<\/mark><\/td><\/tr><tr><td class=\"has-text-align-center\" data-align=\"center\">Consultor Legislativo<\/td><td class=\"has-text-align-center\" data-align=\"center\">Assessoramento Legislativo<\/td><td class=\"has-text-align-center\" data-align=\"center\"><mark style=\"background-color:#fcb900\" class=\"has-inline-color\">82<\/mark><\/td><td class=\"has-text-align-center\" data-align=\"center\">47<\/td><td class=\"has-text-align-center\" data-align=\"center\">54<\/td><td class=\"has-text-align-center\" data-align=\"center\"><mark style=\"background-color:#fcb900\" class=\"has-inline-color\">82<\/mark><\/td><\/tr><tr><td class=\"has-text-align-center\" data-align=\"center\">T\u00e9cnico Legislativo<\/td><td class=\"has-text-align-center\" data-align=\"center\">Policial Legislativo Federal<\/td><td class=\"has-text-align-center\" data-align=\"center\"><mark style=\"background-color:#fcb900\" class=\"has-inline-color\">180<\/mark><\/td><td class=\"has-text-align-center\" data-align=\"center\">189<\/td><td class=\"has-text-align-center\" data-align=\"center\">45<\/td><td class=\"has-text-align-center\" data-align=\"center\"><mark style=\"background-color:#fcb900\" class=\"has-inline-color\">180<\/mark><\/td><\/tr><\/tbody><\/table><figcaption>Tabela 4 &#8211; Previs\u00f5es de convoca\u00e7\u00f5es no concurso do Senado Federal at\u00e9 2026<\/figcaption><\/figure>\n\n\n\n<p><\/p>\n\n\n\n<p>De acordo com os dados apresentados, os cargos e as especialidade com as maiores previs\u00f5es de convoca\u00e7\u00f5es at\u00e9 o t\u00e9rmino da validade do concurso s\u00e3o Analista Legislativo \u2013 Administra\u00e7\u00e3o, Analista Legislativo \u2013 Processo Legislativo, Analista Legislativo \u2013 Inform\u00e1tica Legislativa, Consultor Legislativo \u2013 Assessoramento Legislativo e T\u00e9cnico Legislativo \u2013 Policial Legislativo Federal.<\/p>\n\n\n\n<p><\/p>\n\n\n\n<h2 class=\"has-vivid-red-color has-text-color wp-block-heading\" id=\"h-conclusao\">Conclus\u00e3o<\/h2>\n\n\n\n<p><\/p>\n\n\n\n<p>Neste artigo, procuramos realizar uma an\u00e1lise do concurso do Senado Federal, organizado pela banca FGV. O objetivo foi prever quantos aprovados ser\u00e3o convocados, de acordo com as oportunidades divulgadas e o quadro de pessoal atual da institui\u00e7\u00e3o. Destaca-se que a estimativa n\u00e3o \u00e9 exata.<\/p>\n\n\n\n<p>Se muitos servidores resolverem pedir exonera\u00e7\u00e3o no ano que vem e o n\u00famero de postos vagos aumentar muito, por exemplo, o Senado teria uma previs\u00e3o de convoca\u00e7\u00f5es superior aos dados apresentados. Entretanto, os dados s\u00e3o uma base para que voc\u00ea veja que vale a pena continuar estudando. A an\u00e1lise tamb\u00e9m pode ajudar se voc\u00ea tiver em d\u00favida entre dois ou mais cargos.<\/p>\n\n\n\n<p>Lembramos que o Estrat\u00e9gia oferece diversos cursos em pdf, videoaulas e \u00e1udios para voc\u00ea ouvir onde quiser. Saiba mais sobre todos os nossos cursos dispon\u00edveis na plataforma por meio do link <a href=\"https:\/\/www.estrategiaconcursos.com.br\/cursos\/\">https:\/\/www.estrategiaconcursos.com.br\/cursos\/<\/a>.<\/p>\n\n\n\n<p>Por fim, recomendamos tamb\u00e9m a utiliza\u00e7\u00e3o do Sistema de Quest\u00f5es do Estrat\u00e9gia. As quest\u00f5es s\u00e3o fundamentais para praticar o conte\u00fado e testar seu n\u00edvel de conhecimento. O acesso \u00e9 feito pelo link: <a href=\"https:\/\/concursos.estrategia.com\/\">https:\/\/concursos.estrategia.com\/<\/a>.<\/p>\n\n\n\n<p><\/p>\n\n\n\n<p>Bons estudos e at\u00e9 a pr\u00f3xima!<\/p>\n\n\n\n<p><\/p>\n\n\n\n<p><em>Cristiane Selem Ferreira Neves \u00e9 Bacharel em Ci\u00eancia da Computa\u00e7\u00e3o e Mestre em Sistemas de Informa\u00e7\u00e3o pela Universidade Federal do Rio de Janeiro (UFRJ), al\u00e9m de possuir a certifica\u00e7\u00e3o Project Management Profissional pelo Project Management Institute (PMI). J\u00e1 foi aprovada nos seguintes concursos: ITERJ (2012), DATAPREV (2012), VALEC (2012), Rioprevid\u00eancia (2012\/2013), TJ-RJ (2022) e TCE-RJ (2022). Atualmente exerce o cargo efetivo de Especialista em Previd\u00eancia Social \u2013 Ci\u00eancia da Computa\u00e7\u00e3o e o cargo em comiss\u00e3o de Coordenadora de Desenvolvimento em TI no Rioprevid\u00eancia, al\u00e9m de ser colaboradora do Blog do Estrat\u00e9gia Concursos.<\/em><\/p>\n\n\n\n<p><\/p>\n\n\n\n<p class=\"has-text-align-center has-light-green-cyan-background-color has-background\"><a href=\"https:\/\/www.estrategiaconcursos.com.br\/blog\/concursos-abertos\/\" target=\"_blank\" rel=\"noreferrer noopener\">Concursos Abertos<\/a><\/p>\n\n\n\n<h4 class=\"has-text-align-center wp-block-heading\"><strong>Quer Saber Tudo de Concursos Previstos?<\/strong><\/h4>\n\n\n\n<h4 class=\"has-text-align-center wp-block-heading\"><strong>Confira Nossos Artigos<\/strong><\/h4>\n\n\n\n<p class=\"has-text-align-center has-light-green-cyan-background-color has-background\"><a href=\"https:\/\/www.estrategiaconcursos.com.br\/blog\/concursos-2022\/\" target=\"_blank\" rel=\"noreferrer noopener\">Concursos 2022<\/a><\/p>\n\n\n\n<p class=\"has-text-align-center has-light-green-cyan-background-color has-background\"><a href=\"https:\/\/www.estrategiaconcursos.com.br\/blog\/concursos-2023\/\" target=\"_blank\" rel=\"noreferrer noopener\">Concursos 2023<\/a><\/p>\n","protected":false},"excerpt":{"rendered":"<p>Saiba quantos cargos est\u00e3o vagos no Senado Federal atualmente, al\u00e9m das previs\u00f5es de convoca\u00e7\u00f5es para o concurso realizado pela banca FGV. <\/p>\n","protected":false},"author":2462,"featured_media":1066699,"comment_status":"open","ping_status":"closed","sticky":false,"template":"","format":"standard","meta":{"post_tipo":"article","footnotes":""},"categories":[1,2017],"tags":[40,1629],"tax_estado":[219964,219965,219966,219967,219968,219969,219963,219970,219971,219972,219973,219974,219975,219977,219978,219979,219980,219981,219982,219983,219984,219985,219986,219987,219988,219989,219990],"class_list":["post-1085023","post","type-post","status-publish","format-standard","has-post-thumbnail","hentry","category-cursos-e-concursos","category-concursos-legislativos","tag-concurso","tag-senado-federal","tax_estado-ac","tax_estado-al","tax_estado-am","tax_estado-ap","tax_estado-ba","tax_estado-ce","tax_estado-concursos-federais","tax_estado-df","tax_estado-es","tax_estado-go","tax_estado-ma","tax_estado-mg","tax_estado-ms","tax_estado-pa","tax_estado-pb","tax_estado-pe","tax_estado-pi","tax_estado-pr","tax_estado-rj","tax_estado-rn","tax_estado-ro","tax_estado-rr","tax_estado-rs","tax_estado-sc","tax_estado-se","tax_estado-sp","tax_estado-to"],"acf":[],"yoast_head":"<!-- This site is optimized with the Yoast SEO Premium plugin v27.2 (Yoast SEO v27.2) - https:\/\/yoast.com\/product\/yoast-seo-premium-wordpress\/ -->\n<title>Convoca\u00e7\u00f5es no Senado Federal: Previs\u00f5es para o concurso.<\/title>\n<meta name=\"description\" content=\"Saiba quantos cargos est\u00e3o vagos no Senado Federal atualmente, al\u00e9m das previs\u00f5es de convoca\u00e7\u00f5es para o concurso realizado pela banca FGV.\" \/>\n<meta name=\"robots\" content=\"index, follow, max-snippet:-1, max-image-preview:large, max-video-preview:-1\" \/>\n<link rel=\"canonical\" href=\"https:\/\/www.estrategiaconcursos.com.br\/blog\/senado-previsoes-convocacoes\/\" \/>\n<meta property=\"og:locale\" content=\"pt_BR\" \/>\n<meta property=\"og:type\" content=\"article\" \/>\n<meta property=\"og:title\" content=\"Senado Federal: Previs\u00f5es de convoca\u00e7\u00f5es.\" \/>\n<meta property=\"og:description\" content=\"Saiba quantos cargos est\u00e3o vagos no Senado Federal atualmente, al\u00e9m das previs\u00f5es de convoca\u00e7\u00f5es para o concurso realizado pela banca FGV.\" \/>\n<meta property=\"og:url\" content=\"https:\/\/www.estrategiaconcursos.com.br\/blog\/senado-previsoes-convocacoes\/\" \/>\n<meta property=\"og:site_name\" content=\"Estrat\u00e9gia Concursos\" \/>\n<meta property=\"article:published_time\" content=\"2022-09-11T21:50:00+00:00\" \/>\n<meta property=\"article:modified_time\" content=\"2022-11-10T20:30:45+00:00\" \/>\n<meta property=\"og:image\" content=\"https:\/\/dhg1h5j42swfq.cloudfront.net\/2022\/07\/26082143\/concurso-senado-federal-1.jpg\" \/>\n\t<meta property=\"og:image:width\" content=\"768\" \/>\n\t<meta property=\"og:image:height\" content=\"432\" \/>\n\t<meta property=\"og:image:type\" content=\"image\/jpeg\" \/>\n<meta name=\"author\" content=\"Cristiane Selem Ferreira Neves\" \/>\n<meta name=\"twitter:card\" content=\"summary_large_image\" \/>\n<meta name=\"twitter:creator\" content=\"@EstratConcursos\" \/>\n<meta name=\"twitter:site\" content=\"@EstratConcursos\" \/>\n<meta name=\"twitter:label1\" content=\"Escrito por\" \/>\n\t<meta name=\"twitter:data1\" content=\"Cristiane Selem Ferreira Neves\" \/>\n\t<meta name=\"twitter:label2\" content=\"Est. tempo de leitura\" \/>\n\t<meta name=\"twitter:data2\" content=\"8 minutos\" \/>\n<script type=\"application\/ld+json\" class=\"yoast-schema-graph\">{\"@context\":\"https:\/\/schema.org\",\"@graph\":[{\"@type\":\"NewsArticle\",\"@id\":\"https:\/\/www.estrategiaconcursos.com.br\/blog\/senado-previsoes-convocacoes\/#article\",\"isPartOf\":{\"@id\":\"https:\/\/www.estrategiaconcursos.com.br\/blog\/senado-previsoes-convocacoes\/\"},\"author\":{\"name\":\"Cristiane Selem Ferreira Neves\",\"@id\":\"https:\/\/www.estrategiaconcursos.com.br\/blog\/#\/schema\/person\/4afd42dbb493f6ef0c87baf438fd3904\"},\"headline\":\"Senado Federal: Previs\u00f5es de convoca\u00e7\u00f5es.\",\"datePublished\":\"2022-09-11T21:50:00+00:00\",\"dateModified\":\"2022-11-10T20:30:45+00:00\",\"mainEntityOfPage\":{\"@id\":\"https:\/\/www.estrategiaconcursos.com.br\/blog\/senado-previsoes-convocacoes\/\"},\"wordCount\":1731,\"commentCount\":0,\"publisher\":{\"@id\":\"https:\/\/www.estrategiaconcursos.com.br\/blog\/#organization\"},\"image\":{\"@id\":\"https:\/\/www.estrategiaconcursos.com.br\/blog\/senado-previsoes-convocacoes\/#primaryimage\"},\"thumbnailUrl\":\"https:\/\/dhg1h5j42swfq.cloudfront.net\/2022\/07\/26082143\/concurso-senado-federal-1.jpg\",\"keywords\":[\"Concurso\",\"senado federal\"],\"articleSection\":[\"Concursos P\u00fablicos\",\"Legislativo\"],\"inLanguage\":\"pt-BR\",\"potentialAction\":[{\"@type\":\"CommentAction\",\"name\":\"Comment\",\"target\":[\"https:\/\/www.estrategiaconcursos.com.br\/blog\/senado-previsoes-convocacoes\/#respond\"]}],\"copyrightYear\":\"2022\",\"copyrightHolder\":{\"@id\":\"https:\/\/www.estrategiaconcursos.com.br\/blog\/#organization\"}},{\"@type\":\"WebPage\",\"@id\":\"https:\/\/www.estrategiaconcursos.com.br\/blog\/senado-previsoes-convocacoes\/\",\"url\":\"https:\/\/www.estrategiaconcursos.com.br\/blog\/senado-previsoes-convocacoes\/\",\"name\":\"Convoca\u00e7\u00f5es no Senado Federal: Previs\u00f5es para o concurso.\",\"isPartOf\":{\"@id\":\"https:\/\/www.estrategiaconcursos.com.br\/blog\/#website\"},\"primaryImageOfPage\":{\"@id\":\"https:\/\/www.estrategiaconcursos.com.br\/blog\/senado-previsoes-convocacoes\/#primaryimage\"},\"image\":{\"@id\":\"https:\/\/www.estrategiaconcursos.com.br\/blog\/senado-previsoes-convocacoes\/#primaryimage\"},\"thumbnailUrl\":\"https:\/\/dhg1h5j42swfq.cloudfront.net\/2022\/07\/26082143\/concurso-senado-federal-1.jpg\",\"datePublished\":\"2022-09-11T21:50:00+00:00\",\"dateModified\":\"2022-11-10T20:30:45+00:00\",\"description\":\"Saiba quantos cargos est\u00e3o vagos no Senado Federal atualmente, al\u00e9m das previs\u00f5es de convoca\u00e7\u00f5es para o concurso realizado pela banca FGV.\",\"breadcrumb\":{\"@id\":\"https:\/\/www.estrategiaconcursos.com.br\/blog\/senado-previsoes-convocacoes\/#breadcrumb\"},\"inLanguage\":\"pt-BR\",\"potentialAction\":[{\"@type\":\"ReadAction\",\"target\":[\"https:\/\/www.estrategiaconcursos.com.br\/blog\/senado-previsoes-convocacoes\/\"]}]},{\"@type\":\"ImageObject\",\"inLanguage\":\"pt-BR\",\"@id\":\"https:\/\/www.estrategiaconcursos.com.br\/blog\/senado-previsoes-convocacoes\/#primaryimage\",\"url\":\"https:\/\/dhg1h5j42swfq.cloudfront.net\/2022\/07\/26082143\/concurso-senado-federal-1.jpg\",\"contentUrl\":\"https:\/\/dhg1h5j42swfq.cloudfront.net\/2022\/07\/26082143\/concurso-senado-federal-1.jpg\",\"width\":768,\"height\":432,\"caption\":\"Concurso Senado: PL\"},{\"@type\":\"BreadcrumbList\",\"@id\":\"https:\/\/www.estrategiaconcursos.com.br\/blog\/senado-previsoes-convocacoes\/#breadcrumb\",\"itemListElement\":[{\"@type\":\"ListItem\",\"position\":1,\"name\":\"In\u00edcio\",\"item\":\"https:\/\/www.estrategiaconcursos.com.br\/blog\/\"},{\"@type\":\"ListItem\",\"position\":2,\"name\":\"Senado Federal: Previs\u00f5es de convoca\u00e7\u00f5es.\"}]},{\"@type\":\"WebSite\",\"@id\":\"https:\/\/www.estrategiaconcursos.com.br\/blog\/#website\",\"url\":\"https:\/\/www.estrategiaconcursos.com.br\/blog\/\",\"name\":\"Estrat\u00e9gia Concursos\",\"description\":\"O blog da Estrat\u00e9gia Concursos traz not\u00edcias sobre concursos e artigos de professores oferecendo cursos para concursos (pdf + videaulas) no site.\",\"publisher\":{\"@id\":\"https:\/\/www.estrategiaconcursos.com.br\/blog\/#organization\"},\"potentialAction\":[{\"@type\":\"SearchAction\",\"target\":{\"@type\":\"EntryPoint\",\"urlTemplate\":\"https:\/\/www.estrategiaconcursos.com.br\/blog\/?s={search_term_string}\"},\"query-input\":{\"@type\":\"PropertyValueSpecification\",\"valueRequired\":true,\"valueName\":\"search_term_string\"}}],\"inLanguage\":\"pt-BR\"},{\"@type\":\"Organization\",\"@id\":\"https:\/\/www.estrategiaconcursos.com.br\/blog\/#organization\",\"name\":\"Estrat\u00e9gia Concursos\",\"url\":\"https:\/\/www.estrategiaconcursos.com.br\/blog\/\",\"logo\":{\"@type\":\"ImageObject\",\"inLanguage\":\"pt-BR\",\"@id\":\"https:\/\/www.estrategiaconcursos.com.br\/blog\/#\/schema\/logo\/image\/\",\"url\":\"https:\/\/dhg1h5j42swfq.cloudfront.net\/2025\/06\/03203428\/logo_concursos-1.jpg\",\"contentUrl\":\"https:\/\/dhg1h5j42swfq.cloudfront.net\/2025\/06\/03203428\/logo_concursos-1.jpg\",\"width\":230,\"height\":60,\"caption\":\"Estrat\u00e9gia Concursos\"},\"image\":{\"@id\":\"https:\/\/www.estrategiaconcursos.com.br\/blog\/#\/schema\/logo\/image\/\"},\"sameAs\":[\"https:\/\/x.com\/EstratConcursos\"]},{\"@type\":\"Person\",\"@id\":\"https:\/\/www.estrategiaconcursos.com.br\/blog\/#\/schema\/person\/4afd42dbb493f6ef0c87baf438fd3904\",\"name\":\"Cristiane Selem Ferreira Neves\",\"image\":{\"@type\":\"ImageObject\",\"inLanguage\":\"pt-BR\",\"@id\":\"https:\/\/secure.gravatar.com\/avatar\/75398471ed0bdb2b96874c4f62eccff4b792181d3ee38d22ddd2bcb33c82e45a?s=96&d=mm&r=g\",\"url\":\"https:\/\/secure.gravatar.com\/avatar\/75398471ed0bdb2b96874c4f62eccff4b792181d3ee38d22ddd2bcb33c82e45a?s=96&d=mm&r=g\",\"contentUrl\":\"https:\/\/secure.gravatar.com\/avatar\/75398471ed0bdb2b96874c4f62eccff4b792181d3ee38d22ddd2bcb33c82e45a?s=96&d=mm&r=g\",\"caption\":\"Cristiane Selem Ferreira Neves\"},\"description\":\"Cristiane Selem Ferreira Neves \u00e9 Bacharel em Ci\u00eancia da Computa\u00e7\u00e3o e Mestre em Sistemas de Informa\u00e7\u00e3o pela Universidade Federal do Rio de Janeiro (UFRJ), al\u00e9m de possuir a certifica\u00e7\u00e3o Project Management Professional pelo Project Management Institute (PMI). J\u00e1 foi aprovada nos seguintes concursos: ITERJ (2012), DATAPREV (2012), VALEC (2012), Rioprevid\u00eancia (2012\/2013), TJ-RJ (2022), TCE-RJ (2022) e CGE-SC (2022\/2023). Atualmente exerce o cargo efetivo de Auditora de Controle Externo \u2013 Tecnologia da Informa\u00e7\u00e3o e integra o corpo docente da Escola de Contas de Gest\u00e3o do TCE-RJ, al\u00e9m de ser produtora de conte\u00fado dos Blogs do Estrat\u00e9gia Concursos, OAB e Carreiras Jur\u00eddicas.\",\"url\":\"https:\/\/www.estrategiaconcursos.com.br\/blog\/author\/cristianeselemgmail-com\/\"}]}<\/script>\n<!-- \/ Yoast SEO Premium plugin. -->","yoast_head_json":{"title":"Convoca\u00e7\u00f5es no Senado Federal: Previs\u00f5es para o concurso.","description":"Saiba quantos cargos est\u00e3o vagos no Senado Federal atualmente, al\u00e9m das previs\u00f5es de convoca\u00e7\u00f5es para o concurso realizado pela banca FGV.","robots":{"index":"index","follow":"follow","max-snippet":"max-snippet:-1","max-image-preview":"max-image-preview:large","max-video-preview":"max-video-preview:-1"},"canonical":"https:\/\/www.estrategiaconcursos.com.br\/blog\/senado-previsoes-convocacoes\/","og_locale":"pt_BR","og_type":"article","og_title":"Senado Federal: Previs\u00f5es de convoca\u00e7\u00f5es.","og_description":"Saiba quantos cargos est\u00e3o vagos no Senado Federal atualmente, al\u00e9m das previs\u00f5es de convoca\u00e7\u00f5es para o concurso realizado pela banca FGV.","og_url":"https:\/\/www.estrategiaconcursos.com.br\/blog\/senado-previsoes-convocacoes\/","og_site_name":"Estrat\u00e9gia Concursos","article_published_time":"2022-09-11T21:50:00+00:00","article_modified_time":"2022-11-10T20:30:45+00:00","og_image":[{"width":768,"height":432,"url":"https:\/\/dhg1h5j42swfq.cloudfront.net\/2022\/07\/26082143\/concurso-senado-federal-1.jpg","type":"image\/jpeg"}],"author":"Cristiane Selem Ferreira Neves","twitter_card":"summary_large_image","twitter_creator":"@EstratConcursos","twitter_site":"@EstratConcursos","twitter_misc":{"Escrito por":"Cristiane Selem Ferreira Neves","Est. tempo de leitura":"8 minutos"},"schema":{"@context":"https:\/\/schema.org","@graph":[{"@type":"NewsArticle","@id":"https:\/\/www.estrategiaconcursos.com.br\/blog\/senado-previsoes-convocacoes\/#article","isPartOf":{"@id":"https:\/\/www.estrategiaconcursos.com.br\/blog\/senado-previsoes-convocacoes\/"},"author":{"name":"Cristiane Selem Ferreira Neves","@id":"https:\/\/www.estrategiaconcursos.com.br\/blog\/#\/schema\/person\/4afd42dbb493f6ef0c87baf438fd3904"},"headline":"Senado Federal: Previs\u00f5es de convoca\u00e7\u00f5es.","datePublished":"2022-09-11T21:50:00+00:00","dateModified":"2022-11-10T20:30:45+00:00","mainEntityOfPage":{"@id":"https:\/\/www.estrategiaconcursos.com.br\/blog\/senado-previsoes-convocacoes\/"},"wordCount":1731,"commentCount":0,"publisher":{"@id":"https:\/\/www.estrategiaconcursos.com.br\/blog\/#organization"},"image":{"@id":"https:\/\/www.estrategiaconcursos.com.br\/blog\/senado-previsoes-convocacoes\/#primaryimage"},"thumbnailUrl":"https:\/\/dhg1h5j42swfq.cloudfront.net\/2022\/07\/26082143\/concurso-senado-federal-1.jpg","keywords":["Concurso","senado federal"],"articleSection":["Concursos P\u00fablicos","Legislativo"],"inLanguage":"pt-BR","potentialAction":[{"@type":"CommentAction","name":"Comment","target":["https:\/\/www.estrategiaconcursos.com.br\/blog\/senado-previsoes-convocacoes\/#respond"]}],"copyrightYear":"2022","copyrightHolder":{"@id":"https:\/\/www.estrategiaconcursos.com.br\/blog\/#organization"}},{"@type":"WebPage","@id":"https:\/\/www.estrategiaconcursos.com.br\/blog\/senado-previsoes-convocacoes\/","url":"https:\/\/www.estrategiaconcursos.com.br\/blog\/senado-previsoes-convocacoes\/","name":"Convoca\u00e7\u00f5es no Senado Federal: Previs\u00f5es para o concurso.","isPartOf":{"@id":"https:\/\/www.estrategiaconcursos.com.br\/blog\/#website"},"primaryImageOfPage":{"@id":"https:\/\/www.estrategiaconcursos.com.br\/blog\/senado-previsoes-convocacoes\/#primaryimage"},"image":{"@id":"https:\/\/www.estrategiaconcursos.com.br\/blog\/senado-previsoes-convocacoes\/#primaryimage"},"thumbnailUrl":"https:\/\/dhg1h5j42swfq.cloudfront.net\/2022\/07\/26082143\/concurso-senado-federal-1.jpg","datePublished":"2022-09-11T21:50:00+00:00","dateModified":"2022-11-10T20:30:45+00:00","description":"Saiba quantos cargos est\u00e3o vagos no Senado Federal atualmente, al\u00e9m das previs\u00f5es de convoca\u00e7\u00f5es para o concurso realizado pela banca FGV.","breadcrumb":{"@id":"https:\/\/www.estrategiaconcursos.com.br\/blog\/senado-previsoes-convocacoes\/#breadcrumb"},"inLanguage":"pt-BR","potentialAction":[{"@type":"ReadAction","target":["https:\/\/www.estrategiaconcursos.com.br\/blog\/senado-previsoes-convocacoes\/"]}]},{"@type":"ImageObject","inLanguage":"pt-BR","@id":"https:\/\/www.estrategiaconcursos.com.br\/blog\/senado-previsoes-convocacoes\/#primaryimage","url":"https:\/\/dhg1h5j42swfq.cloudfront.net\/2022\/07\/26082143\/concurso-senado-federal-1.jpg","contentUrl":"https:\/\/dhg1h5j42swfq.cloudfront.net\/2022\/07\/26082143\/concurso-senado-federal-1.jpg","width":768,"height":432,"caption":"Concurso Senado: PL"},{"@type":"BreadcrumbList","@id":"https:\/\/www.estrategiaconcursos.com.br\/blog\/senado-previsoes-convocacoes\/#breadcrumb","itemListElement":[{"@type":"ListItem","position":1,"name":"In\u00edcio","item":"https:\/\/www.estrategiaconcursos.com.br\/blog\/"},{"@type":"ListItem","position":2,"name":"Senado Federal: Previs\u00f5es de convoca\u00e7\u00f5es."}]},{"@type":"WebSite","@id":"https:\/\/www.estrategiaconcursos.com.br\/blog\/#website","url":"https:\/\/www.estrategiaconcursos.com.br\/blog\/","name":"Estrat\u00e9gia Concursos","description":"O blog da Estrat\u00e9gia Concursos traz not\u00edcias sobre concursos e artigos de professores oferecendo cursos para concursos (pdf + videaulas) no site.","publisher":{"@id":"https:\/\/www.estrategiaconcursos.com.br\/blog\/#organization"},"potentialAction":[{"@type":"SearchAction","target":{"@type":"EntryPoint","urlTemplate":"https:\/\/www.estrategiaconcursos.com.br\/blog\/?s={search_term_string}"},"query-input":{"@type":"PropertyValueSpecification","valueRequired":true,"valueName":"search_term_string"}}],"inLanguage":"pt-BR"},{"@type":"Organization","@id":"https:\/\/www.estrategiaconcursos.com.br\/blog\/#organization","name":"Estrat\u00e9gia Concursos","url":"https:\/\/www.estrategiaconcursos.com.br\/blog\/","logo":{"@type":"ImageObject","inLanguage":"pt-BR","@id":"https:\/\/www.estrategiaconcursos.com.br\/blog\/#\/schema\/logo\/image\/","url":"https:\/\/dhg1h5j42swfq.cloudfront.net\/2025\/06\/03203428\/logo_concursos-1.jpg","contentUrl":"https:\/\/dhg1h5j42swfq.cloudfront.net\/2025\/06\/03203428\/logo_concursos-1.jpg","width":230,"height":60,"caption":"Estrat\u00e9gia Concursos"},"image":{"@id":"https:\/\/www.estrategiaconcursos.com.br\/blog\/#\/schema\/logo\/image\/"},"sameAs":["https:\/\/x.com\/EstratConcursos"]},{"@type":"Person","@id":"https:\/\/www.estrategiaconcursos.com.br\/blog\/#\/schema\/person\/4afd42dbb493f6ef0c87baf438fd3904","name":"Cristiane Selem Ferreira Neves","image":{"@type":"ImageObject","inLanguage":"pt-BR","@id":"https:\/\/secure.gravatar.com\/avatar\/75398471ed0bdb2b96874c4f62eccff4b792181d3ee38d22ddd2bcb33c82e45a?s=96&d=mm&r=g","url":"https:\/\/secure.gravatar.com\/avatar\/75398471ed0bdb2b96874c4f62eccff4b792181d3ee38d22ddd2bcb33c82e45a?s=96&d=mm&r=g","contentUrl":"https:\/\/secure.gravatar.com\/avatar\/75398471ed0bdb2b96874c4f62eccff4b792181d3ee38d22ddd2bcb33c82e45a?s=96&d=mm&r=g","caption":"Cristiane Selem Ferreira Neves"},"description":"Cristiane Selem Ferreira Neves \u00e9 Bacharel em Ci\u00eancia da Computa\u00e7\u00e3o e Mestre em Sistemas de Informa\u00e7\u00e3o pela Universidade Federal do Rio de Janeiro (UFRJ), al\u00e9m de possuir a certifica\u00e7\u00e3o Project Management Professional pelo Project Management Institute (PMI). J\u00e1 foi aprovada nos seguintes concursos: ITERJ (2012), DATAPREV (2012), VALEC (2012), Rioprevid\u00eancia (2012\/2013), TJ-RJ (2022), TCE-RJ (2022) e CGE-SC (2022\/2023). Atualmente exerce o cargo efetivo de Auditora de Controle Externo \u2013 Tecnologia da Informa\u00e7\u00e3o e integra o corpo docente da Escola de Contas de Gest\u00e3o do TCE-RJ, al\u00e9m de ser produtora de conte\u00fado dos Blogs do Estrat\u00e9gia Concursos, OAB e Carreiras Jur\u00eddicas.","url":"https:\/\/www.estrategiaconcursos.com.br\/blog\/author\/cristianeselemgmail-com\/"}]}},"_links":{"self":[{"href":"https:\/\/www.estrategiaconcursos.com.br\/blog\/wp-json\/wp\/v2\/posts\/1085023","targetHints":{"allow":["GET"]}}],"collection":[{"href":"https:\/\/www.estrategiaconcursos.com.br\/blog\/wp-json\/wp\/v2\/posts"}],"about":[{"href":"https:\/\/www.estrategiaconcursos.com.br\/blog\/wp-json\/wp\/v2\/types\/post"}],"author":[{"embeddable":true,"href":"https:\/\/www.estrategiaconcursos.com.br\/blog\/wp-json\/wp\/v2\/users\/2462"}],"replies":[{"embeddable":true,"href":"https:\/\/www.estrategiaconcursos.com.br\/blog\/wp-json\/wp\/v2\/comments?post=1085023"}],"version-history":[{"count":13,"href":"https:\/\/www.estrategiaconcursos.com.br\/blog\/wp-json\/wp\/v2\/posts\/1085023\/revisions"}],"predecessor-version":[{"id":1123418,"href":"https:\/\/www.estrategiaconcursos.com.br\/blog\/wp-json\/wp\/v2\/posts\/1085023\/revisions\/1123418"}],"wp:featuredmedia":[{"embeddable":true,"href":"https:\/\/www.estrategiaconcursos.com.br\/blog\/wp-json\/wp\/v2\/media\/1066699"}],"wp:attachment":[{"href":"https:\/\/www.estrategiaconcursos.com.br\/blog\/wp-json\/wp\/v2\/media?parent=1085023"}],"wp:term":[{"taxonomy":"category","embeddable":true,"href":"https:\/\/www.estrategiaconcursos.com.br\/blog\/wp-json\/wp\/v2\/categories?post=1085023"},{"taxonomy":"post_tag","embeddable":true,"href":"https:\/\/www.estrategiaconcursos.com.br\/blog\/wp-json\/wp\/v2\/tags?post=1085023"},{"taxonomy":"tax_estado","embeddable":true,"href":"https:\/\/www.estrategiaconcursos.com.br\/blog\/wp-json\/wp\/v2\/tax_estado?post=1085023"}],"curies":[{"name":"wp","href":"https:\/\/api.w.org\/{rel}","templated":true}]}}