{"id":1084843,"date":"2022-08-29T09:00:00","date_gmt":"2022-08-29T12:00:00","guid":{"rendered":"https:\/\/www.estrategiaconcursos.com.br\/blog\/?p=1084843"},"modified":"2022-09-02T16:05:27","modified_gmt":"2022-09-02T19:05:27","slug":"carta-aos-assinantes-096","status":"publish","type":"post","link":"https:\/\/www.estrategiaconcursos.com.br\/blog\/carta-aos-assinantes-096\/","title":{"rendered":"Carta aos Assinantes do Estrat\u00e9gia Concursos &#8211; 096"},"content":{"rendered":"\n<p class=\"has-text-align-right has-luminous-vivid-amber-background-color has-background\"><em>Confira, em nossa <strong>nonag\u00e9sima sexta<\/strong> carta aos assinantes, a nossa programa\u00e7\u00e3o semanal, as novidades do nosso Sistema de Quest\u00f5es e as principais movimenta\u00e7\u00f5es de concursos.<\/em><\/p>\n\n\n\n<p>Ol\u00e1, pessoal. Tudo bem?<\/p>\n\n\n\n<p>Aqui \u00e9 o<strong> Prof. Diego Cerqueira <\/strong>em nossa <strong><mark style=\"background-color:rgba(0, 0, 0, 0)\" class=\"has-inline-color has-vivid-purple-color\">nonag\u00e9sima sexta carta aos Assinantes<\/mark><\/strong> do Estrat\u00e9gia Concursos.<\/p>\n\n\n\n<p>Finalmente saiu o edital t\u00e3o aguardado do <strong><mark style=\"background-color:rgba(0, 0, 0, 0)\" class=\"has-inline-color has-vivid-purple-color\">Senado Federal<\/mark>.<\/strong> O cargo de <strong>Analista Legislativo<\/strong>, h\u00e1 a oferta da maior parte das vagas. Essas oportunidades s\u00e3o distribu\u00eddas entre v\u00e1rias especialidades. No total, s\u00e3o 712 vagas, sendo 12 oportunidades imediatas e 700 para forma\u00e7\u00e3o de cadastro de reserva. Com sal\u00e1rio inicial de R$ 25.897,76, o cargo exige n\u00edvel superior de forma\u00e7\u00e3o. O \u00f3rg\u00e3o possui 1.517 cargos vagos, por isso a expectativa \u00e9 de que muitos candidatos sejam convocados no decorrer do prazo de validade do certame. Para ficar por dentro de tudo, <a href=\"https:\/\/www.estrategiaconcursos.com.br\/blog\/concurso-senado-analista\/\">acesse aqui<\/a> o nosso artigo do Blog.<\/p>\n\n\n\n<p>Voc\u00ea sabe quais s\u00e3o as etapas do concurso da <strong><mark style=\"background-color:rgba(0, 0, 0, 0)\" class=\"has-inline-color has-vivid-purple-color\">Secretaria da Fazenda de Minas Gerais<\/mark><\/strong>? S\u00e3o tr\u00eas etapas: 1\u00aa etapa \u2013 Prova Objetiva (eliminat\u00f3ria e classificat\u00f3ria), 2\u00aa etapa \u2013 Prova Discursiva (eliminat\u00f3ria e classificat\u00f3ria), por fim, temos a Per\u00edcia M\u00e9dica. Para saber mais detalhes de todas estas etapas, <a href=\"https:\/\/www.estrategiaconcursos.com.br\/blog\/concurso-sefaz-mg-etapas\/\">clique aqui<\/a>.<\/p>\n\n\n\n<p>Sabemos que a rotina de estudos \u00e9 bastante pesada e, assim, \u00e0s vezes fica dif\u00edcil acompanhar tudo. Dessa forma, para voc\u00ea ficar por dentro de tudo o que temos de aulas programadas, <a href=\"https:\/\/www.youtube.com\/c\/EstrategiaConcursosBrasil\/videos\">inscreva-se<\/a> no <strong><mark style=\"background-color:rgba(0, 0, 0, 0)\" class=\"has-inline-color has-vivid-purple-color\">nosso canal do YouTube<\/mark><\/strong>.<\/p>\n\n\n\n<h2 class=\"wp-block-heading\" id=\"h-agora-vamos-ver-as-principais-movimentacoes-de-concursos-da-ultima-semana\">Agora, vamos ver as principais movimenta\u00e7\u00f5es de concursos da \u00faltima semana?<\/h2>\n\n\n\n<ul class=\"wp-block-list\"><li><a href=\"https:\/\/www.estrategiaconcursos.com.br\/blog\/concurso-sefaz-ms\/\">SEFAZ MS:<\/a> O edital do concurso Secretaria de Fazenda do Mato Grosso do Sul est\u00e1 previsto para ser publicado entre os meses de setembro e dezembro de 2022. A informa\u00e7\u00e3o foi confirmada pela assessoria de imprensa do \u00f3rg\u00e3o ao jornalismo do Estrat\u00e9gia. Vale lembrar que o certame j\u00e1 possui comiss\u00e3o organizadora formada, al\u00e9m de ter definido o quantitativo de vagas que ser\u00e3o ofertadas. Ao todo, est\u00e3o previstas 30 oportunidades para o cargo de Analista de Tecnologia da Informa\u00e7\u00e3o na SGI (Superintend\u00eancia de Gest\u00e3o da Informa\u00e7\u00e3o). Os servidores receber\u00e3o sal\u00e1rios iniciais de R$ 9.250,00, para uma jornada de trabalho de at\u00e9 40 horas semanais.<\/li><\/ul>\n\n\n\n<ul class=\"wp-block-list\"><li><a href=\"https:\/\/www.estrategiaconcursos.com.br\/blog\/concurso-ppgg-df\/\">PPGG DF:<\/a> O edital de concurso p\u00fablico para a carreira de Pol\u00edticas P\u00fablicas e Gest\u00e3o Governamental do Distrito Federal (PPGG DF) est\u00e1 cada vez mais pr\u00f3ximo de ser publicado. Inclusive, foi formada uma comiss\u00e3o espec\u00edfica para acompanhar e fiscalizar o contrato firmado com a banca IADES. A Portaria que designa o grupo foi divulgada nesta segunda-feira (22), no Di\u00e1rio Oficial do DF. Agora, o pr\u00f3ximo passo ser\u00e1 a abertura do certame que visa preencher 250 vagas imediatas mais 1.150 oportunidades em cadastro reserva para cargos de n\u00edvel superior. Esse ser\u00e1 o primeiro concurso da carreira de PPGG DF. As fun\u00e7\u00f5es contempladas possuem remunera\u00e7\u00f5es iniciais que variam entre R$ 3,7 mil e R$ 7,7 mil, conforme a carga hor\u00e1ria, que pode ser de 30 ou 40 horas semanais.<\/li><\/ul>\n\n\n\n<ul class=\"wp-block-list\"><li><a href=\"https:\/\/www.estrategiaconcursos.com.br\/blog\/concurso-semad-go\/\">SEMAD GO:<\/a> A Secretaria de Estado de Meio Ambiente e Desenvolvimento Sustent\u00e1vel de Goi\u00e1s (SEMAD GO) j\u00e1 possui banca organizadora definida para o seu concurso p\u00fablico. De acordo com o extrato de dispensa de licita\u00e7\u00e3o publicado nesta segunda-feira, 22 de agosto, a empresa escolhida para organizar o certame foi o Instituto Brasileiro de Forma\u00e7\u00e3o e Capacita\u00e7\u00e3o (IBFC). Ap\u00f3s ocorrer a assinatura do contrato, o edital de abertura para provimento de 98 vagas imediatas poder\u00e1 ser divulgado. Lembrando que deste total de vagas mencionado, 63 ser\u00e3o para o cargo de Analista Ambiental (superior) e 35 para a fun\u00e7\u00e3o de T\u00e9cnico Ambiental (m\u00e9dio\/t\u00e9cnico). Os futuros contratados receber\u00e3o sal\u00e1rios iniciais que podem variar entre R$ 3.649,32 e R$ 5.061,96, de acordo com o Padr\u00e3o I da Classe.<\/li><\/ul>\n\n\n\n<ul class=\"wp-block-list\"><li><a href=\"https:\/\/www.estrategiaconcursos.com.br\/blog\/concurso-senado-federal\/\">Senado Federal<\/a>: Foi publicado o edital do concurso Senado Federal com a oferta de 22 vagas imediatas, al\u00e9m 980 oportunidades em cadastro reserva. Os sal\u00e1rios iniciais variam de R$ 19.427,79 a R$ 33.461,68. As oportunidades se distribuem entre as carreiras de T\u00e9cnico Legislativo (Policial Legislativo), Analista Legislativo (v\u00e1rias especialidades), Consultor Legislativo e Advogado. Todos os cargos exigem n\u00edvel superior. Com inscri\u00e7\u00f5es abertas desde 23 de agosto, os interessados podem se inscrever at\u00e9 \u00e0s 16h do dia 21 de setembro, atrav\u00e9s do site da FGV. A prova \u00e9 prevista no dia 6 de novembro.<\/li><\/ul>\n\n\n\n<ul class=\"wp-block-list\"><li><a href=\"https:\/\/www.estrategiaconcursos.com.br\/blog\/concurso-pc-go\/\">PC GO<\/a>: Foi publicado o edital do concurso PC GO (Pol\u00edcia Civil de Goi\u00e1s) com 864 vagas. As oportunidades s\u00e3o para os cargos de Agente, Escriv\u00e3o, Papiloscopista e Delegado. Os sal\u00e1rios iniciais variam de R$ 6.353,13 a R$ 23.811,22. Os interessados em participar da sele\u00e7\u00e3o devem realizar as inscri\u00e7\u00f5es no per\u00edodo de 26 de setembro a 25 de outubro, no site do Instituto AOCP. A prova \u00e9 prevista nos dias 11 de dezembro de 2022, 8 e 15 de janeiro de 2023.<\/li><\/ul>\n\n\n\n<ul class=\"wp-block-list\"><li><a href=\"https:\/\/www.estrategiaconcursos.com.br\/blog\/concurso-bombeiro-rj\/\">Bombeiros RJ<\/a>: Foi publicado o edital do concurso Bombeiro RJ com a oferta de 40 vagas para Cadete (Oficial). O cargo exige forma\u00e7\u00e3o de n\u00edvel m\u00e9dio, com sal\u00e1rio inicial de R$ 3.897,24. Os interessados em participar da sele\u00e7\u00e3o devem realizar as inscri\u00e7\u00f5es no per\u00edodo de 1\u00ba de setembro a 6 de outubro, no site da FGV. A prova \u00e9 prevista no dia 27 de novembro.<\/li><\/ul>\n\n\n\n<ul class=\"wp-block-list\"><li><a href=\"https:\/\/cj.estrategia.com\/portal\/concurso-mpf-procurador\/\" target=\"_blank\" rel=\"noreferrer noopener\">Procurador da Rep\u00fablica<\/a>: Um novo concurso p\u00fablico para o Minist\u00e9rio P\u00fablico Federal foi aprovado durante a 5\u00aa Sess\u00e3o Extraordin\u00e1ria do Conselho Superior do \u00f3rg\u00e3o. Est\u00e3o previstas 20 vagas para o cargo de Procurador da Rep\u00fablica. Al\u00e9m disso, foi tamb\u00e9m divulgada a composi\u00e7\u00e3o da banca examinadora do certame.<\/li><\/ul>\n\n\n\n<ul class=\"wp-block-list\"><li><a href=\"https:\/\/cj.estrategia.com\/portal\/concurso-magistratura-do-trabalho\/\">Magistratura do Trabalho<\/a>: O Presidente do Tribunal Superior do Trabalho e do CSJT, Ministro Emmanoel Pereira, decidiu submeter antecipadamente ao plen\u00e1rio, na sess\u00e3o desta sexta-feira, 26 de agosto, o ato que tratar\u00e1 da realiza\u00e7\u00e3o do novo concurso para ju\u00edzes do trabalho, com remunera\u00e7\u00e3o inicial de R$ 27.500,17. Para que ele seja ratificado, o que \u00e9 esperado, s\u00e3o necess\u00e1rios sete votos.<\/li><\/ul>\n\n\n\n<ul class=\"wp-block-list\"><li><a href=\"https:\/\/cj.estrategia.com\/portal\/concurso-advogado-senado-federal\/\">Advogado do Senado<\/a>: O edital do concurso Advogado do Senado Federal foi publicado e oferta 1 vaga imediata mais 19 em cadastro de reserva, com remunera\u00e7\u00e3o que varia de R$ 33.461,68 a R$ 35.114,14. As inscri\u00e7\u00f5es est\u00e3o abertas at\u00e9 o dia 21 de setembro de 2022. O valor da taxa para o cargo \u00e9 de R$ 94,00. A Prova Objetiva ser\u00e1 realizada em todas as capitais do pa\u00eds, na data prov\u00e1vel de 06 de novembro de 2022. O candidato deve possuir diploma de n\u00edvel superior de Direito e inscri\u00e7\u00e3o na OAB.<\/li><\/ul>\n\n\n\n<ul class=\"wp-block-list\"><li><a href=\"https:\/\/cj.estrategia.com\/portal\/concurso-mp-pa-promotor\/\">MP PA Promotor<\/a>: Est\u00e3o abertas as inscri\u00e7\u00f5es do concurso que oferta 65 vagas imediatas mais CR para o cargo de Promotor de Justi\u00e7a Substituto de Primeira Entr\u00e2ncia do Par\u00e1. Elas podem ser feitas at\u00e9 o dia 22 de setembro no site da Cebraspe. A taxa foi fixada em R$ 375,00. A prova objetiva est\u00e1 prevista para acontecer em 15 de janeiro de 2023. O candidato interessado dever\u00e1 possuir bacharelado em Direito, registro na Ordem dos Advogados do Brasil (OAB) e, no m\u00ednimo, tr\u00eas anos de pr\u00e1tica jur\u00eddica.<\/li><\/ul>\n\n\n\n<ul class=\"wp-block-list\"><li><a href=\"https:\/\/cj.estrategia.com\/portal\/concurso-delegado-go\/\">Delegado GO<\/a>: Foi publicado o edital do concurso que oferta 44 vagas para o cargo de Delegado de Pol\u00edcia Substituto do Goi\u00e1s, com sal\u00e1rio de R$ 23.811,22. As inscri\u00e7\u00f5es podem ser feitas entre os dias 20 de setembro e 20 de outubro, no site da banca AOCP. A taxa foi fixada em R$ 200,00. A prova objetiva est\u00e1 prevista para o dia 04 de dezembro. Para participar \u00e9 necess\u00e1rio possuir bacharelado em Direito.<\/li><\/ul>\n\n\n\n<ul class=\"wp-block-list\"><li><a href=\"https:\/\/cj.estrategia.com\/portal\/concurso-pge-mg-procurador\/\">PGE MG Procurador<\/a>: Est\u00e3o abertas as inscri\u00e7\u00f5es do concurso para Procurador de Minas Gerais at\u00e9 o dia 29 de setembro, com oferta de 42 vagas. A taxa de inscri\u00e7\u00e3o foi fixada em R$ 250,00. A prova objetiva est\u00e1 prevista para 11 de dezembro. S\u00e3o requisitos para o ingresso no cargo da carreira possui ensino superior em Direito, ser inscrito na OAB e ter, no m\u00ednimo, tr\u00eas anos de exerc\u00edcio de atividade jur\u00eddica, privativa de bacharel em Direito, devidamente comprovados.<\/li><\/ul>\n\n\n\n<ul class=\"wp-block-list\"><li><a href=\"https:\/\/www.estrategiaconcursos.com.br\/blog\/concurso-mp-sp\/\">MP SP:<\/a> O edital do concurso MP SP (Minist\u00e9rio P\u00fablico de Estado de S\u00e3o Paulo) teve a empresa FGV (Funda\u00e7\u00e3o Get\u00falio Vargas) definida como banca organizadora. A informa\u00e7\u00e3o foi divulgada no Di\u00e1rio Oficial do Estado de S\u00e3o Paulo no dia 26 de agosto e torna a publica\u00e7\u00e3o ainda mais pr\u00f3xima. Est\u00e3o confirmadas 05 vagas para cargos de n\u00edvel superior de Analista de Promotoria l \u2013 v\u00e1rias especialidades, \u00c1rea da Sa\u00fade, Assist\u00eancia Social, e vagas em cadastro de reserva para o cargo de Oficial de Promotoria I.<\/li><\/ul>\n\n\n\n<ul class=\"wp-block-list\"><li><a href=\"https:\/\/www.estrategiaconcursos.com.br\/blog\/concurso-trt-ba\/\">TRT BA:<\/a> Foi publicado o extrato de contrato que definiu a Funda\u00e7\u00e3o Carlos Chagas (FCC) como banca organizadora do pr\u00f3ximo concurso do Tribunal Regional do Trabalho da 5\u00aa regi\u00e3o (concurso TRT BA). Ser\u00e3o ofertadas vagas em cadastro de reserva ao quadro permanente de pessoal do \u00f3rg\u00e3o. Agora, aguarda-se a divulga\u00e7\u00e3o do extrato de contrato para, na sequ\u00eancia, o edital ser publicado!<\/li><\/ul>\n\n\n\n<ul class=\"wp-block-list\"><li><a href=\"https:\/\/www.estrategiaconcursos.com.br\/blog\/concurso-trt-14\/\">TRT 14:<\/a> A Funda\u00e7\u00e3o Carlos Chagas (FCC) foi confirmada como banca organizadora do concurso do Tribunal Regional do Trabalho da 14\u00aa Regi\u00e3o (TRT 14), que abrange os Estados de Rond\u00f4nia e Acre. O contrato com a empresa, inclusive, foi publicado. De acordo com as informa\u00e7\u00f5es contidas no documento, ser\u00e3o ofertadas vagas para Analista Judici\u00e1rio e T\u00e9cnico Judici\u00e1rio para diversas especialidades.<\/li><\/ul>\n\n\n\n<ul class=\"wp-block-list\"><li><a href=\"https:\/\/www.estrategiaconcursos.com.br\/blog\/concurso-mp-mg\">MP MG:<\/a> O novo concurso para servidores do Minist\u00e9rio P\u00fablico de Minas Gerais (MP MG) est\u00e1 com banca organizadora definida. A Consulplan foi oficializada como banca da sele\u00e7\u00e3o no dia 24 de agosto de 2022 e contratada via dispensa de licita\u00e7\u00e3o. A previs\u00e3o \u00e9 que o edital possa ser publicado em setembro com vagas para as carreiras de Oficial e T\u00e9cnico.<\/li><\/ul>\n\n\n\n<p>Desejo a todos uma excelente semana de estudos!<\/p>\n\n\n\n<p>Abra\u00e7os,<\/p>\n\n\n\n<p><strong>Prof. Diego Cerqueira<\/strong><\/p>\n","protected":false},"excerpt":{"rendered":"<p>Confira, em nossa nonag\u00e9sima sexta carta aos assinantes, a nossa programa\u00e7\u00e3o semanal, as novidades do nosso Sistema de Quest\u00f5es e as principais movimenta\u00e7\u00f5es de concursos. Ol\u00e1, pessoal. Tudo bem? Aqui \u00e9 o Prof. Diego Cerqueira em nossa nonag\u00e9sima sexta carta aos Assinantes do Estrat\u00e9gia Concursos. Finalmente saiu o edital t\u00e3o aguardado do Senado Federal. O [&hellip;]<\/p>\n","protected":false},"author":1789,"featured_media":1084852,"comment_status":"open","ping_status":"closed","sticky":false,"template":"","format":"standard","meta":{"post_tipo":"article","footnotes":""},"categories":[1],"tags":[],"tax_estado":[219964,219965,219966,219967,219968,219969,219963,219970,219971,219972,219973,219974,219975,219976,219977,219978,219979,219980,219981,219982,219983,219984,219985,219986,219987,219988,219989,219990],"class_list":["post-1084843","post","type-post","status-publish","format-standard","has-post-thumbnail","hentry","category-cursos-e-concursos","tax_estado-ac","tax_estado-al","tax_estado-am","tax_estado-ap","tax_estado-ba","tax_estado-ce","tax_estado-concursos-federais","tax_estado-df","tax_estado-es","tax_estado-go","tax_estado-ma","tax_estado-mg","tax_estado-ms","tax_estado-mt","tax_estado-pa","tax_estado-pb","tax_estado-pe","tax_estado-pi","tax_estado-pr","tax_estado-rj","tax_estado-rn","tax_estado-ro","tax_estado-rr","tax_estado-rs","tax_estado-sc","tax_estado-se","tax_estado-sp","tax_estado-to"],"acf":[],"yoast_head":"<!-- This site is optimized with the Yoast SEO Premium plugin v27.2 (Yoast SEO v27.2) - https:\/\/yoast.com\/product\/yoast-seo-premium-wordpress\/ -->\n<title>Carta aos Assinantes do Estrat\u00e9gia Concursos - 096<\/title>\n<meta name=\"description\" content=\"Confira, em nossa 96\u00aa carta aos assinantes, a nossa programa\u00e7\u00e3o semanal, as novidades do nosso SQ e as principais movimenta\u00e7\u00f5es de concursos.\" \/>\n<meta name=\"robots\" content=\"index, follow, max-snippet:-1, max-image-preview:large, max-video-preview:-1\" \/>\n<link rel=\"canonical\" href=\"https:\/\/www.estrategiaconcursos.com.br\/blog\/carta-aos-assinantes-096\/\" \/>\n<meta property=\"og:locale\" content=\"pt_BR\" \/>\n<meta property=\"og:type\" content=\"article\" \/>\n<meta property=\"og:title\" content=\"Carta aos Assinantes do Estrat\u00e9gia Concursos - 096\" \/>\n<meta property=\"og:description\" content=\"Confira, em nossa 96\u00aa carta aos assinantes, a nossa programa\u00e7\u00e3o semanal, as novidades do nosso SQ e as principais movimenta\u00e7\u00f5es de concursos.\" \/>\n<meta property=\"og:url\" content=\"https:\/\/www.estrategiaconcursos.com.br\/blog\/carta-aos-assinantes-096\/\" \/>\n<meta property=\"og:site_name\" content=\"Estrat\u00e9gia Concursos\" \/>\n<meta property=\"article:published_time\" content=\"2022-08-29T12:00:00+00:00\" \/>\n<meta property=\"article:modified_time\" content=\"2022-09-02T19:05:27+00:00\" \/>\n<meta property=\"og:image\" content=\"https:\/\/dhg1h5j42swfq.cloudfront.net\/2022\/08\/26161218\/imagem-carta-aos-assinantes-3.png\" \/>\n\t<meta property=\"og:image:width\" content=\"800\" \/>\n\t<meta property=\"og:image:height\" content=\"450\" \/>\n\t<meta property=\"og:image:type\" content=\"image\/png\" \/>\n<meta name=\"author\" content=\"Coordena\u00e7\u00e3o Estrat\u00e9gia\" \/>\n<meta name=\"twitter:card\" content=\"summary_large_image\" \/>\n<meta name=\"twitter:creator\" content=\"@EstratConcursos\" \/>\n<meta name=\"twitter:site\" content=\"@EstratConcursos\" \/>\n<meta name=\"twitter:label1\" content=\"Escrito por\" \/>\n\t<meta name=\"twitter:data1\" content=\"Coordena\u00e7\u00e3o Estrat\u00e9gia\" \/>\n\t<meta name=\"twitter:label2\" content=\"Est. tempo de leitura\" \/>\n\t<meta name=\"twitter:data2\" content=\"8 minutos\" \/>\n<script type=\"application\/ld+json\" class=\"yoast-schema-graph\">{\"@context\":\"https:\/\/schema.org\",\"@graph\":[{\"@type\":\"NewsArticle\",\"@id\":\"https:\/\/www.estrategiaconcursos.com.br\/blog\/carta-aos-assinantes-096\/#article\",\"isPartOf\":{\"@id\":\"https:\/\/www.estrategiaconcursos.com.br\/blog\/carta-aos-assinantes-096\/\"},\"author\":{\"name\":\"Coordena\u00e7\u00e3o Estrat\u00e9gia\",\"@id\":\"https:\/\/www.estrategiaconcursos.com.br\/blog\/#\/schema\/person\/ba5fab3b1fa4a358429e37bc50f74021\"},\"headline\":\"Carta aos Assinantes do Estrat\u00e9gia Concursos &#8211; 096\",\"datePublished\":\"2022-08-29T12:00:00+00:00\",\"dateModified\":\"2022-09-02T19:05:27+00:00\",\"mainEntityOfPage\":{\"@id\":\"https:\/\/www.estrategiaconcursos.com.br\/blog\/carta-aos-assinantes-096\/\"},\"wordCount\":1640,\"commentCount\":0,\"publisher\":{\"@id\":\"https:\/\/www.estrategiaconcursos.com.br\/blog\/#organization\"},\"image\":{\"@id\":\"https:\/\/www.estrategiaconcursos.com.br\/blog\/carta-aos-assinantes-096\/#primaryimage\"},\"thumbnailUrl\":\"https:\/\/dhg1h5j42swfq.cloudfront.net\/2022\/08\/26161218\/imagem-carta-aos-assinantes-3.png\",\"articleSection\":[\"Concursos P\u00fablicos\"],\"inLanguage\":\"pt-BR\",\"potentialAction\":[{\"@type\":\"CommentAction\",\"name\":\"Comment\",\"target\":[\"https:\/\/www.estrategiaconcursos.com.br\/blog\/carta-aos-assinantes-096\/#respond\"]}],\"copyrightYear\":\"2022\",\"copyrightHolder\":{\"@id\":\"https:\/\/www.estrategiaconcursos.com.br\/blog\/#organization\"}},{\"@type\":\"WebPage\",\"@id\":\"https:\/\/www.estrategiaconcursos.com.br\/blog\/carta-aos-assinantes-096\/\",\"url\":\"https:\/\/www.estrategiaconcursos.com.br\/blog\/carta-aos-assinantes-096\/\",\"name\":\"Carta aos Assinantes do Estrat\u00e9gia Concursos - 096\",\"isPartOf\":{\"@id\":\"https:\/\/www.estrategiaconcursos.com.br\/blog\/#website\"},\"primaryImageOfPage\":{\"@id\":\"https:\/\/www.estrategiaconcursos.com.br\/blog\/carta-aos-assinantes-096\/#primaryimage\"},\"image\":{\"@id\":\"https:\/\/www.estrategiaconcursos.com.br\/blog\/carta-aos-assinantes-096\/#primaryimage\"},\"thumbnailUrl\":\"https:\/\/dhg1h5j42swfq.cloudfront.net\/2022\/08\/26161218\/imagem-carta-aos-assinantes-3.png\",\"datePublished\":\"2022-08-29T12:00:00+00:00\",\"dateModified\":\"2022-09-02T19:05:27+00:00\",\"description\":\"Confira, em nossa 96\u00aa carta aos assinantes, a nossa programa\u00e7\u00e3o semanal, as novidades do nosso SQ e as principais movimenta\u00e7\u00f5es de concursos.\",\"breadcrumb\":{\"@id\":\"https:\/\/www.estrategiaconcursos.com.br\/blog\/carta-aos-assinantes-096\/#breadcrumb\"},\"inLanguage\":\"pt-BR\",\"potentialAction\":[{\"@type\":\"ReadAction\",\"target\":[\"https:\/\/www.estrategiaconcursos.com.br\/blog\/carta-aos-assinantes-096\/\"]}]},{\"@type\":\"ImageObject\",\"inLanguage\":\"pt-BR\",\"@id\":\"https:\/\/www.estrategiaconcursos.com.br\/blog\/carta-aos-assinantes-096\/#primaryimage\",\"url\":\"https:\/\/dhg1h5j42swfq.cloudfront.net\/2022\/08\/26161218\/imagem-carta-aos-assinantes-3.png\",\"contentUrl\":\"https:\/\/dhg1h5j42swfq.cloudfront.net\/2022\/08\/26161218\/imagem-carta-aos-assinantes-3.png\",\"width\":800,\"height\":450},{\"@type\":\"BreadcrumbList\",\"@id\":\"https:\/\/www.estrategiaconcursos.com.br\/blog\/carta-aos-assinantes-096\/#breadcrumb\",\"itemListElement\":[{\"@type\":\"ListItem\",\"position\":1,\"name\":\"In\u00edcio\",\"item\":\"https:\/\/www.estrategiaconcursos.com.br\/blog\/\"},{\"@type\":\"ListItem\",\"position\":2,\"name\":\"Carta aos Assinantes do Estrat\u00e9gia Concursos &#8211; 096\"}]},{\"@type\":\"WebSite\",\"@id\":\"https:\/\/www.estrategiaconcursos.com.br\/blog\/#website\",\"url\":\"https:\/\/www.estrategiaconcursos.com.br\/blog\/\",\"name\":\"Estrat\u00e9gia Concursos\",\"description\":\"O blog da Estrat\u00e9gia Concursos traz not\u00edcias sobre concursos e artigos de professores oferecendo cursos para concursos (pdf + videaulas) no site.\",\"publisher\":{\"@id\":\"https:\/\/www.estrategiaconcursos.com.br\/blog\/#organization\"},\"potentialAction\":[{\"@type\":\"SearchAction\",\"target\":{\"@type\":\"EntryPoint\",\"urlTemplate\":\"https:\/\/www.estrategiaconcursos.com.br\/blog\/?s={search_term_string}\"},\"query-input\":{\"@type\":\"PropertyValueSpecification\",\"valueRequired\":true,\"valueName\":\"search_term_string\"}}],\"inLanguage\":\"pt-BR\"},{\"@type\":\"Organization\",\"@id\":\"https:\/\/www.estrategiaconcursos.com.br\/blog\/#organization\",\"name\":\"Estrat\u00e9gia Concursos\",\"url\":\"https:\/\/www.estrategiaconcursos.com.br\/blog\/\",\"logo\":{\"@type\":\"ImageObject\",\"inLanguage\":\"pt-BR\",\"@id\":\"https:\/\/www.estrategiaconcursos.com.br\/blog\/#\/schema\/logo\/image\/\",\"url\":\"https:\/\/dhg1h5j42swfq.cloudfront.net\/2025\/06\/03203428\/logo_concursos-1.jpg\",\"contentUrl\":\"https:\/\/dhg1h5j42swfq.cloudfront.net\/2025\/06\/03203428\/logo_concursos-1.jpg\",\"width\":230,\"height\":60,\"caption\":\"Estrat\u00e9gia Concursos\"},\"image\":{\"@id\":\"https:\/\/www.estrategiaconcursos.com.br\/blog\/#\/schema\/logo\/image\/\"},\"sameAs\":[\"https:\/\/x.com\/EstratConcursos\"]},{\"@type\":\"Person\",\"@id\":\"https:\/\/www.estrategiaconcursos.com.br\/blog\/#\/schema\/person\/ba5fab3b1fa4a358429e37bc50f74021\",\"name\":\"Coordena\u00e7\u00e3o Estrat\u00e9gia\",\"image\":{\"@type\":\"ImageObject\",\"inLanguage\":\"pt-BR\",\"@id\":\"https:\/\/secure.gravatar.com\/avatar\/adff33ff18541ba37c900dd2b1e82dbfb0fe33d873b92636b4827a8da462feb3?s=96&d=mm&r=g\",\"url\":\"https:\/\/secure.gravatar.com\/avatar\/adff33ff18541ba37c900dd2b1e82dbfb0fe33d873b92636b4827a8da462feb3?s=96&d=mm&r=g\",\"contentUrl\":\"https:\/\/secure.gravatar.com\/avatar\/adff33ff18541ba37c900dd2b1e82dbfb0fe33d873b92636b4827a8da462feb3?s=96&d=mm&r=g\",\"caption\":\"Coordena\u00e7\u00e3o Estrat\u00e9gia\"},\"url\":\"https:\/\/www.estrategiaconcursos.com.br\/blog\/author\/victor-tanakaaestrategiaconcursos-com-br\/\"}]}<\/script>\n<!-- \/ Yoast SEO Premium plugin. -->","yoast_head_json":{"title":"Carta aos Assinantes do Estrat\u00e9gia Concursos - 096","description":"Confira, em nossa 96\u00aa carta aos assinantes, a nossa programa\u00e7\u00e3o semanal, as novidades do nosso SQ e as principais movimenta\u00e7\u00f5es de concursos.","robots":{"index":"index","follow":"follow","max-snippet":"max-snippet:-1","max-image-preview":"max-image-preview:large","max-video-preview":"max-video-preview:-1"},"canonical":"https:\/\/www.estrategiaconcursos.com.br\/blog\/carta-aos-assinantes-096\/","og_locale":"pt_BR","og_type":"article","og_title":"Carta aos Assinantes do Estrat\u00e9gia Concursos - 096","og_description":"Confira, em nossa 96\u00aa carta aos assinantes, a nossa programa\u00e7\u00e3o semanal, as novidades do nosso SQ e as principais movimenta\u00e7\u00f5es de concursos.","og_url":"https:\/\/www.estrategiaconcursos.com.br\/blog\/carta-aos-assinantes-096\/","og_site_name":"Estrat\u00e9gia Concursos","article_published_time":"2022-08-29T12:00:00+00:00","article_modified_time":"2022-09-02T19:05:27+00:00","og_image":[{"width":800,"height":450,"url":"https:\/\/dhg1h5j42swfq.cloudfront.net\/2022\/08\/26161218\/imagem-carta-aos-assinantes-3.png","type":"image\/png"}],"author":"Coordena\u00e7\u00e3o Estrat\u00e9gia","twitter_card":"summary_large_image","twitter_creator":"@EstratConcursos","twitter_site":"@EstratConcursos","twitter_misc":{"Escrito por":"Coordena\u00e7\u00e3o Estrat\u00e9gia","Est. tempo de leitura":"8 minutos"},"schema":{"@context":"https:\/\/schema.org","@graph":[{"@type":"NewsArticle","@id":"https:\/\/www.estrategiaconcursos.com.br\/blog\/carta-aos-assinantes-096\/#article","isPartOf":{"@id":"https:\/\/www.estrategiaconcursos.com.br\/blog\/carta-aos-assinantes-096\/"},"author":{"name":"Coordena\u00e7\u00e3o Estrat\u00e9gia","@id":"https:\/\/www.estrategiaconcursos.com.br\/blog\/#\/schema\/person\/ba5fab3b1fa4a358429e37bc50f74021"},"headline":"Carta aos Assinantes do Estrat\u00e9gia Concursos &#8211; 096","datePublished":"2022-08-29T12:00:00+00:00","dateModified":"2022-09-02T19:05:27+00:00","mainEntityOfPage":{"@id":"https:\/\/www.estrategiaconcursos.com.br\/blog\/carta-aos-assinantes-096\/"},"wordCount":1640,"commentCount":0,"publisher":{"@id":"https:\/\/www.estrategiaconcursos.com.br\/blog\/#organization"},"image":{"@id":"https:\/\/www.estrategiaconcursos.com.br\/blog\/carta-aos-assinantes-096\/#primaryimage"},"thumbnailUrl":"https:\/\/dhg1h5j42swfq.cloudfront.net\/2022\/08\/26161218\/imagem-carta-aos-assinantes-3.png","articleSection":["Concursos P\u00fablicos"],"inLanguage":"pt-BR","potentialAction":[{"@type":"CommentAction","name":"Comment","target":["https:\/\/www.estrategiaconcursos.com.br\/blog\/carta-aos-assinantes-096\/#respond"]}],"copyrightYear":"2022","copyrightHolder":{"@id":"https:\/\/www.estrategiaconcursos.com.br\/blog\/#organization"}},{"@type":"WebPage","@id":"https:\/\/www.estrategiaconcursos.com.br\/blog\/carta-aos-assinantes-096\/","url":"https:\/\/www.estrategiaconcursos.com.br\/blog\/carta-aos-assinantes-096\/","name":"Carta aos Assinantes do Estrat\u00e9gia Concursos - 096","isPartOf":{"@id":"https:\/\/www.estrategiaconcursos.com.br\/blog\/#website"},"primaryImageOfPage":{"@id":"https:\/\/www.estrategiaconcursos.com.br\/blog\/carta-aos-assinantes-096\/#primaryimage"},"image":{"@id":"https:\/\/www.estrategiaconcursos.com.br\/blog\/carta-aos-assinantes-096\/#primaryimage"},"thumbnailUrl":"https:\/\/dhg1h5j42swfq.cloudfront.net\/2022\/08\/26161218\/imagem-carta-aos-assinantes-3.png","datePublished":"2022-08-29T12:00:00+00:00","dateModified":"2022-09-02T19:05:27+00:00","description":"Confira, em nossa 96\u00aa carta aos assinantes, a nossa programa\u00e7\u00e3o semanal, as novidades do nosso SQ e as principais movimenta\u00e7\u00f5es de concursos.","breadcrumb":{"@id":"https:\/\/www.estrategiaconcursos.com.br\/blog\/carta-aos-assinantes-096\/#breadcrumb"},"inLanguage":"pt-BR","potentialAction":[{"@type":"ReadAction","target":["https:\/\/www.estrategiaconcursos.com.br\/blog\/carta-aos-assinantes-096\/"]}]},{"@type":"ImageObject","inLanguage":"pt-BR","@id":"https:\/\/www.estrategiaconcursos.com.br\/blog\/carta-aos-assinantes-096\/#primaryimage","url":"https:\/\/dhg1h5j42swfq.cloudfront.net\/2022\/08\/26161218\/imagem-carta-aos-assinantes-3.png","contentUrl":"https:\/\/dhg1h5j42swfq.cloudfront.net\/2022\/08\/26161218\/imagem-carta-aos-assinantes-3.png","width":800,"height":450},{"@type":"BreadcrumbList","@id":"https:\/\/www.estrategiaconcursos.com.br\/blog\/carta-aos-assinantes-096\/#breadcrumb","itemListElement":[{"@type":"ListItem","position":1,"name":"In\u00edcio","item":"https:\/\/www.estrategiaconcursos.com.br\/blog\/"},{"@type":"ListItem","position":2,"name":"Carta aos Assinantes do Estrat\u00e9gia Concursos &#8211; 096"}]},{"@type":"WebSite","@id":"https:\/\/www.estrategiaconcursos.com.br\/blog\/#website","url":"https:\/\/www.estrategiaconcursos.com.br\/blog\/","name":"Estrat\u00e9gia Concursos","description":"O blog da Estrat\u00e9gia Concursos traz not\u00edcias sobre concursos e artigos de professores oferecendo cursos para concursos (pdf + videaulas) no site.","publisher":{"@id":"https:\/\/www.estrategiaconcursos.com.br\/blog\/#organization"},"potentialAction":[{"@type":"SearchAction","target":{"@type":"EntryPoint","urlTemplate":"https:\/\/www.estrategiaconcursos.com.br\/blog\/?s={search_term_string}"},"query-input":{"@type":"PropertyValueSpecification","valueRequired":true,"valueName":"search_term_string"}}],"inLanguage":"pt-BR"},{"@type":"Organization","@id":"https:\/\/www.estrategiaconcursos.com.br\/blog\/#organization","name":"Estrat\u00e9gia Concursos","url":"https:\/\/www.estrategiaconcursos.com.br\/blog\/","logo":{"@type":"ImageObject","inLanguage":"pt-BR","@id":"https:\/\/www.estrategiaconcursos.com.br\/blog\/#\/schema\/logo\/image\/","url":"https:\/\/dhg1h5j42swfq.cloudfront.net\/2025\/06\/03203428\/logo_concursos-1.jpg","contentUrl":"https:\/\/dhg1h5j42swfq.cloudfront.net\/2025\/06\/03203428\/logo_concursos-1.jpg","width":230,"height":60,"caption":"Estrat\u00e9gia Concursos"},"image":{"@id":"https:\/\/www.estrategiaconcursos.com.br\/blog\/#\/schema\/logo\/image\/"},"sameAs":["https:\/\/x.com\/EstratConcursos"]},{"@type":"Person","@id":"https:\/\/www.estrategiaconcursos.com.br\/blog\/#\/schema\/person\/ba5fab3b1fa4a358429e37bc50f74021","name":"Coordena\u00e7\u00e3o Estrat\u00e9gia","image":{"@type":"ImageObject","inLanguage":"pt-BR","@id":"https:\/\/secure.gravatar.com\/avatar\/adff33ff18541ba37c900dd2b1e82dbfb0fe33d873b92636b4827a8da462feb3?s=96&d=mm&r=g","url":"https:\/\/secure.gravatar.com\/avatar\/adff33ff18541ba37c900dd2b1e82dbfb0fe33d873b92636b4827a8da462feb3?s=96&d=mm&r=g","contentUrl":"https:\/\/secure.gravatar.com\/avatar\/adff33ff18541ba37c900dd2b1e82dbfb0fe33d873b92636b4827a8da462feb3?s=96&d=mm&r=g","caption":"Coordena\u00e7\u00e3o Estrat\u00e9gia"},"url":"https:\/\/www.estrategiaconcursos.com.br\/blog\/author\/victor-tanakaaestrategiaconcursos-com-br\/"}]}},"_links":{"self":[{"href":"https:\/\/www.estrategiaconcursos.com.br\/blog\/wp-json\/wp\/v2\/posts\/1084843","targetHints":{"allow":["GET"]}}],"collection":[{"href":"https:\/\/www.estrategiaconcursos.com.br\/blog\/wp-json\/wp\/v2\/posts"}],"about":[{"href":"https:\/\/www.estrategiaconcursos.com.br\/blog\/wp-json\/wp\/v2\/types\/post"}],"author":[{"embeddable":true,"href":"https:\/\/www.estrategiaconcursos.com.br\/blog\/wp-json\/wp\/v2\/users\/1789"}],"replies":[{"embeddable":true,"href":"https:\/\/www.estrategiaconcursos.com.br\/blog\/wp-json\/wp\/v2\/comments?post=1084843"}],"version-history":[{"count":1,"href":"https:\/\/www.estrategiaconcursos.com.br\/blog\/wp-json\/wp\/v2\/posts\/1084843\/revisions"}],"predecessor-version":[{"id":1084854,"href":"https:\/\/www.estrategiaconcursos.com.br\/blog\/wp-json\/wp\/v2\/posts\/1084843\/revisions\/1084854"}],"wp:featuredmedia":[{"embeddable":true,"href":"https:\/\/www.estrategiaconcursos.com.br\/blog\/wp-json\/wp\/v2\/media\/1084852"}],"wp:attachment":[{"href":"https:\/\/www.estrategiaconcursos.com.br\/blog\/wp-json\/wp\/v2\/media?parent=1084843"}],"wp:term":[{"taxonomy":"category","embeddable":true,"href":"https:\/\/www.estrategiaconcursos.com.br\/blog\/wp-json\/wp\/v2\/categories?post=1084843"},{"taxonomy":"post_tag","embeddable":true,"href":"https:\/\/www.estrategiaconcursos.com.br\/blog\/wp-json\/wp\/v2\/tags?post=1084843"},{"taxonomy":"tax_estado","embeddable":true,"href":"https:\/\/www.estrategiaconcursos.com.br\/blog\/wp-json\/wp\/v2\/tax_estado?post=1084843"}],"curies":[{"name":"wp","href":"https:\/\/api.w.org\/{rel}","templated":true}]}}