{"id":1084841,"date":"2022-08-26T16:53:34","date_gmt":"2022-08-26T19:53:34","guid":{"rendered":"https:\/\/www.estrategiaconcursos.com.br\/blog\/?p=1084841"},"modified":"2022-08-26T17:21:26","modified_gmt":"2022-08-26T20:21:26","slug":"concurso-ufba-edital-previsto","status":"publish","type":"post","link":"https:\/\/www.estrategiaconcursos.com.br\/blog\/concurso-ufba-edital-previsto\/","title":{"rendered":"Concurso UFBA: edital previsto para \u00faltima semana de agosto!"},"content":{"rendered":"\n<p>O edital do concurso da <a href=\"https:\/\/www.estrategiaconcursos.com.br\/mes-dos-concursos\/\" target=\"_blank\" rel=\"noreferrer noopener\">Universidade Federal da Bahia<\/a> (<strong>UFBA<\/strong>) que ofertar\u00e1 oportunidades de n\u00edveis m\u00e9dio, t\u00e9cnico e superior est\u00e1 previsto para a \u00faltima semana de agosto! <\/p>\n\n\n\n<p>A informa\u00e7\u00e3o foi divulgada nesta sexta-feira, 26 de agosto, atrav\u00e9s das <a href=\"https:\/\/www.ufba.br\/\" target=\"_blank\" rel=\"noreferrer noopener\">redes<\/a> de comunica\u00e7\u00e3o da pr\u00f3pria Universidade. <\/p>\n\n\n\n<p>Al\u00e9m da previs\u00e3o do edital, o comunicado aponta que o documento ofertar\u00e1 <strong>145 vagas<\/strong> para cargos com remunera\u00e7\u00f5es iniciais que variam entre <strong>R$ 2.446,96<\/strong> e <strong>R$ 4.180,66<\/strong>, sendo:<\/p>\n\n\n\n<h4 class=\"wp-block-heading\" id=\"h-cargos-de-nivel-superior\"><strong>Cargos de n\u00edvel superior:<\/strong><\/h4>\n\n\n\n<ul class=\"wp-block-list\"><li>T\u00e9cnico em Assuntos Educacionais; <\/li><li>Pedagogo;<\/li><li>M\u00fasico;<\/li><li>M\u00e9dico Veterin\u00e1rio; <\/li><li>M\u00e9dico;<\/li><li>Farmac\u00eautico Bioqu\u00edmico;<\/li><li>Engenheiro; <\/li><li>Assistente Social; <\/li><li>Analista de Tecnologia da Informa\u00e7\u00e3o; <\/li><li>T\u00e9cnico em Enfermagem;<\/li><li>T\u00e9cnico em Contabilidade;<\/li><li>T\u00e9cnico de Tecnologia da Informa\u00e7\u00e3o;<\/li><li>T\u00e9cnico em Radiologia; <\/li><li>T\u00e9cnico em Agropecu\u00e1ria; e <\/li><li>T\u00e9cnico de Laborat\u00f3rio. <\/li><\/ul>\n\n\n\n<h4 class=\"wp-block-heading\"><strong>Cargos de n\u00edvel m\u00e9dio<\/strong><\/h4>\n\n\n\n<ul class=\"wp-block-list\"><li>Assistente em Administra\u00e7\u00e3o: 75 vagas.<\/li><\/ul>\n\n\n\n<p>Os candidatos ser\u00e3o avaliados por meio de provas objetivas previstas para o dia 04 de dezembro de 2022. A organiza\u00e7\u00e3o da sele\u00e7\u00e3o ficar\u00e1 a cargo da banca Idecan.<\/p>\n\n\n\n<p>Quer saber todas as informa\u00e7\u00f5es sobre o concurso UFBA, cujo edital previsto voc\u00ea conferiu nesta mat\u00e9ria? Preparamos um artigo completo para voc\u00ea!<\/p>\n\n\n\n<p class=\"has-text-align-center has-light-green-cyan-background-color has-background has-medium-font-size\"><strong>Saiba mais: <a href=\"https:\/\/www.estrategiaconcursos.com.br\/blog\/concurso-ufba\/\" target=\"_blank\" rel=\"noreferrer noopener\">concurso UFBA<\/a><\/strong><\/p>\n\n\n\n<h2 class=\"has-text-align-center wp-block-heading\" id=\"h-quer-saber-tudo-sobre-concursos-previstos-confira-nossos-artigos\">Quer saber tudo sobre concursos previstos?<br \/>Confira  nossos artigos!<\/h2>\n\n\n\n<ul class=\"wp-block-list\"><li><a href=\"https:\/\/www.estrategiaconcursos.com.br\/blog\/concursos-abertos\/\" target=\"_blank\" rel=\"noreferrer noopener\">Concursos abertos<\/a><\/li><li><a href=\"https:\/\/www.estrategiaconcursos.com.br\/blog\/concursos-2022\/\" target=\"_blank\" rel=\"noreferrer noopener\">Concursos 2022<\/a><\/li><li><a href=\"https:\/\/www.estrategiaconcursos.com.br\/blog\/concursos-2023\/\" target=\"_blank\" rel=\"noreferrer noopener\">Concursos 2023<\/a><\/li><\/ul>\n\n\n\n<h2 class=\"has-text-align-center wp-block-heading\" id=\"cursos-para-concursos\">Cursos para concursos: <\/h2>\n\n\n","protected":false},"excerpt":{"rendered":"<p>O edital do concurso da Universidade Federal da Bahia (UFBA) que ofertar\u00e1 oportunidades de n\u00edveis m\u00e9dio, t\u00e9cnico e superior est\u00e1 previsto para a \u00faltima semana de agosto! A informa\u00e7\u00e3o foi divulgada nesta sexta-feira, 26 de agosto, atrav\u00e9s das redes de comunica\u00e7\u00e3o da pr\u00f3pria Universidade. Al\u00e9m da previs\u00e3o do edital, o comunicado aponta que o documento [&hellip;]<\/p>\n","protected":false},"author":2402,"featured_media":630720,"comment_status":"open","ping_status":"closed","sticky":false,"template":"","format":"standard","meta":{"post_tipo":"news","footnotes":""},"categories":[3766],"tags":[],"tax_estado":[219968],"class_list":["post-1084841","post","type-post","status-publish","format-standard","has-post-thumbnail","hentry","category-educacional","tax_estado-ba"],"acf":[],"yoast_head":"<!-- This site is optimized with the Yoast SEO Premium plugin v27.2 (Yoast SEO v27.2) - https:\/\/yoast.com\/product\/yoast-seo-premium-wordpress\/ -->\n<title>Concurso UFBA: edital previsto para \u00faltima semana de agosto!<\/title>\n<meta name=\"description\" content=\"Concurso UFBA: edital com oportunidades de n\u00edveis m\u00e9dio, t\u00e9cnico e superior est\u00e1 previsto! Confira os detalhes aqui no site da Coruja!\" \/>\n<meta name=\"robots\" content=\"index, follow, max-snippet:-1, max-image-preview:large, max-video-preview:-1\" \/>\n<link rel=\"canonical\" href=\"https:\/\/www.estrategiaconcursos.com.br\/blog\/concurso-ufba-edital-previsto\/\" \/>\n<meta property=\"og:locale\" content=\"pt_BR\" \/>\n<meta property=\"og:type\" content=\"article\" \/>\n<meta property=\"og:title\" content=\"Concurso UFBA: edital previsto para \u00faltima semana de agosto!\" \/>\n<meta property=\"og:description\" content=\"Concurso UFBA: edital com oportunidades de n\u00edveis m\u00e9dio, t\u00e9cnico e superior est\u00e1 previsto! Confira os detalhes aqui no site da Coruja!\" \/>\n<meta property=\"og:url\" content=\"https:\/\/www.estrategiaconcursos.com.br\/blog\/concurso-ufba-edital-previsto\/\" \/>\n<meta property=\"og:site_name\" content=\"Estrat\u00e9gia Concursos\" \/>\n<meta property=\"article:published_time\" content=\"2022-08-26T19:53:34+00:00\" \/>\n<meta property=\"article:modified_time\" content=\"2022-08-26T20:21:26+00:00\" \/>\n<meta property=\"og:image\" content=\"https:\/\/dhg1h5j42swfq.cloudfront.net\/2020\/12\/15084628\/ufba.jpg\" \/>\n\t<meta property=\"og:image:width\" content=\"328\" \/>\n\t<meta property=\"og:image:height\" content=\"154\" \/>\n\t<meta property=\"og:image:type\" content=\"image\/jpeg\" \/>\n<meta name=\"author\" content=\"Daniela Santos Nascimento\" \/>\n<meta name=\"twitter:card\" content=\"summary_large_image\" \/>\n<meta name=\"twitter:creator\" content=\"@EstratConcursos\" \/>\n<meta name=\"twitter:site\" content=\"@EstratConcursos\" \/>\n<meta name=\"twitter:label1\" content=\"Escrito por\" \/>\n\t<meta name=\"twitter:data1\" content=\"Daniela Santos Nascimento\" \/>\n\t<meta name=\"twitter:label2\" content=\"Est. tempo de leitura\" \/>\n\t<meta name=\"twitter:data2\" content=\"1 minuto\" \/>\n<script type=\"application\/ld+json\" class=\"yoast-schema-graph\">{\"@context\":\"https:\/\/schema.org\",\"@graph\":[{\"@type\":\"NewsArticle\",\"@id\":\"https:\/\/www.estrategiaconcursos.com.br\/blog\/concurso-ufba-edital-previsto\/#article\",\"isPartOf\":{\"@id\":\"https:\/\/www.estrategiaconcursos.com.br\/blog\/concurso-ufba-edital-previsto\/\"},\"author\":{\"name\":\"Daniela Santos Nascimento\",\"@id\":\"https:\/\/www.estrategiaconcursos.com.br\/blog\/#\/schema\/person\/399990d02336f200766707b881aee98f\"},\"headline\":\"Concurso UFBA: edital previsto para \u00faltima semana de agosto!\",\"datePublished\":\"2022-08-26T19:53:34+00:00\",\"dateModified\":\"2022-08-26T20:21:26+00:00\",\"mainEntityOfPage\":{\"@id\":\"https:\/\/www.estrategiaconcursos.com.br\/blog\/concurso-ufba-edital-previsto\/\"},\"wordCount\":233,\"commentCount\":0,\"publisher\":{\"@id\":\"https:\/\/www.estrategiaconcursos.com.br\/blog\/#organization\"},\"image\":{\"@id\":\"https:\/\/www.estrategiaconcursos.com.br\/blog\/concurso-ufba-edital-previsto\/#primaryimage\"},\"thumbnailUrl\":\"https:\/\/dhg1h5j42swfq.cloudfront.net\/2020\/12\/15084628\/ufba.jpg\",\"articleSection\":[\"Educa\u00e7\u00e3o\"],\"inLanguage\":\"pt-BR\",\"potentialAction\":[{\"@type\":\"CommentAction\",\"name\":\"Comment\",\"target\":[\"https:\/\/www.estrategiaconcursos.com.br\/blog\/concurso-ufba-edital-previsto\/#respond\"]}],\"copyrightYear\":\"2022\",\"copyrightHolder\":{\"@id\":\"https:\/\/www.estrategiaconcursos.com.br\/blog\/#organization\"}},{\"@type\":\"WebPage\",\"@id\":\"https:\/\/www.estrategiaconcursos.com.br\/blog\/concurso-ufba-edital-previsto\/\",\"url\":\"https:\/\/www.estrategiaconcursos.com.br\/blog\/concurso-ufba-edital-previsto\/\",\"name\":\"Concurso UFBA: edital previsto para \u00faltima semana de agosto!\",\"isPartOf\":{\"@id\":\"https:\/\/www.estrategiaconcursos.com.br\/blog\/#website\"},\"primaryImageOfPage\":{\"@id\":\"https:\/\/www.estrategiaconcursos.com.br\/blog\/concurso-ufba-edital-previsto\/#primaryimage\"},\"image\":{\"@id\":\"https:\/\/www.estrategiaconcursos.com.br\/blog\/concurso-ufba-edital-previsto\/#primaryimage\"},\"thumbnailUrl\":\"https:\/\/dhg1h5j42swfq.cloudfront.net\/2020\/12\/15084628\/ufba.jpg\",\"datePublished\":\"2022-08-26T19:53:34+00:00\",\"dateModified\":\"2022-08-26T20:21:26+00:00\",\"description\":\"Concurso UFBA: edital com oportunidades de n\u00edveis m\u00e9dio, t\u00e9cnico e superior est\u00e1 previsto! Confira os detalhes aqui no site da Coruja!\",\"breadcrumb\":{\"@id\":\"https:\/\/www.estrategiaconcursos.com.br\/blog\/concurso-ufba-edital-previsto\/#breadcrumb\"},\"inLanguage\":\"pt-BR\",\"potentialAction\":[{\"@type\":\"ReadAction\",\"target\":[\"https:\/\/www.estrategiaconcursos.com.br\/blog\/concurso-ufba-edital-previsto\/\"]}]},{\"@type\":\"ImageObject\",\"inLanguage\":\"pt-BR\",\"@id\":\"https:\/\/www.estrategiaconcursos.com.br\/blog\/concurso-ufba-edital-previsto\/#primaryimage\",\"url\":\"https:\/\/dhg1h5j42swfq.cloudfront.net\/2020\/12\/15084628\/ufba.jpg\",\"contentUrl\":\"https:\/\/dhg1h5j42swfq.cloudfront.net\/2020\/12\/15084628\/ufba.jpg\",\"width\":328,\"height\":154},{\"@type\":\"BreadcrumbList\",\"@id\":\"https:\/\/www.estrategiaconcursos.com.br\/blog\/concurso-ufba-edital-previsto\/#breadcrumb\",\"itemListElement\":[{\"@type\":\"ListItem\",\"position\":1,\"name\":\"In\u00edcio\",\"item\":\"https:\/\/www.estrategiaconcursos.com.br\/blog\/\"},{\"@type\":\"ListItem\",\"position\":2,\"name\":\"Concurso UFBA: edital previsto para \u00faltima semana de agosto!\"}]},{\"@type\":\"WebSite\",\"@id\":\"https:\/\/www.estrategiaconcursos.com.br\/blog\/#website\",\"url\":\"https:\/\/www.estrategiaconcursos.com.br\/blog\/\",\"name\":\"Estrat\u00e9gia Concursos\",\"description\":\"O blog da Estrat\u00e9gia Concursos traz not\u00edcias sobre concursos e artigos de professores oferecendo cursos para concursos (pdf + videaulas) no site.\",\"publisher\":{\"@id\":\"https:\/\/www.estrategiaconcursos.com.br\/blog\/#organization\"},\"potentialAction\":[{\"@type\":\"SearchAction\",\"target\":{\"@type\":\"EntryPoint\",\"urlTemplate\":\"https:\/\/www.estrategiaconcursos.com.br\/blog\/?s={search_term_string}\"},\"query-input\":{\"@type\":\"PropertyValueSpecification\",\"valueRequired\":true,\"valueName\":\"search_term_string\"}}],\"inLanguage\":\"pt-BR\"},{\"@type\":\"Organization\",\"@id\":\"https:\/\/www.estrategiaconcursos.com.br\/blog\/#organization\",\"name\":\"Estrat\u00e9gia Concursos\",\"url\":\"https:\/\/www.estrategiaconcursos.com.br\/blog\/\",\"logo\":{\"@type\":\"ImageObject\",\"inLanguage\":\"pt-BR\",\"@id\":\"https:\/\/www.estrategiaconcursos.com.br\/blog\/#\/schema\/logo\/image\/\",\"url\":\"https:\/\/dhg1h5j42swfq.cloudfront.net\/2025\/06\/03203428\/logo_concursos-1.jpg\",\"contentUrl\":\"https:\/\/dhg1h5j42swfq.cloudfront.net\/2025\/06\/03203428\/logo_concursos-1.jpg\",\"width\":230,\"height\":60,\"caption\":\"Estrat\u00e9gia Concursos\"},\"image\":{\"@id\":\"https:\/\/www.estrategiaconcursos.com.br\/blog\/#\/schema\/logo\/image\/\"},\"sameAs\":[\"https:\/\/x.com\/EstratConcursos\"]},{\"@type\":\"Person\",\"@id\":\"https:\/\/www.estrategiaconcursos.com.br\/blog\/#\/schema\/person\/399990d02336f200766707b881aee98f\",\"name\":\"Daniela Santos Nascimento\",\"image\":{\"@type\":\"ImageObject\",\"inLanguage\":\"pt-BR\",\"@id\":\"https:\/\/secure.gravatar.com\/avatar\/7f343622ad121e2893832a8c76808be436bdfcbf2f7d696174c94ecd84f2384a?s=96&d=mm&r=g\",\"url\":\"https:\/\/secure.gravatar.com\/avatar\/7f343622ad121e2893832a8c76808be436bdfcbf2f7d696174c94ecd84f2384a?s=96&d=mm&r=g\",\"contentUrl\":\"https:\/\/secure.gravatar.com\/avatar\/7f343622ad121e2893832a8c76808be436bdfcbf2f7d696174c94ecd84f2384a?s=96&d=mm&r=g\",\"caption\":\"Daniela Santos Nascimento\"},\"url\":\"https:\/\/www.estrategiaconcursos.com.br\/blog\/author\/daniela-nascimentoestrategia-com\/\"}]}<\/script>\n<!-- \/ Yoast SEO Premium plugin. -->","yoast_head_json":{"title":"Concurso UFBA: edital previsto para \u00faltima semana de agosto!","description":"Concurso UFBA: edital com oportunidades de n\u00edveis m\u00e9dio, t\u00e9cnico e superior est\u00e1 previsto! Confira os detalhes aqui no site da Coruja!","robots":{"index":"index","follow":"follow","max-snippet":"max-snippet:-1","max-image-preview":"max-image-preview:large","max-video-preview":"max-video-preview:-1"},"canonical":"https:\/\/www.estrategiaconcursos.com.br\/blog\/concurso-ufba-edital-previsto\/","og_locale":"pt_BR","og_type":"article","og_title":"Concurso UFBA: edital previsto para \u00faltima semana de agosto!","og_description":"Concurso UFBA: edital com oportunidades de n\u00edveis m\u00e9dio, t\u00e9cnico e superior est\u00e1 previsto! Confira os detalhes aqui no site da Coruja!","og_url":"https:\/\/www.estrategiaconcursos.com.br\/blog\/concurso-ufba-edital-previsto\/","og_site_name":"Estrat\u00e9gia Concursos","article_published_time":"2022-08-26T19:53:34+00:00","article_modified_time":"2022-08-26T20:21:26+00:00","og_image":[{"width":328,"height":154,"url":"https:\/\/dhg1h5j42swfq.cloudfront.net\/2020\/12\/15084628\/ufba.jpg","type":"image\/jpeg"}],"author":"Daniela Santos Nascimento","twitter_card":"summary_large_image","twitter_creator":"@EstratConcursos","twitter_site":"@EstratConcursos","twitter_misc":{"Escrito por":"Daniela Santos Nascimento","Est. tempo de leitura":"1 minuto"},"schema":{"@context":"https:\/\/schema.org","@graph":[{"@type":"NewsArticle","@id":"https:\/\/www.estrategiaconcursos.com.br\/blog\/concurso-ufba-edital-previsto\/#article","isPartOf":{"@id":"https:\/\/www.estrategiaconcursos.com.br\/blog\/concurso-ufba-edital-previsto\/"},"author":{"name":"Daniela Santos Nascimento","@id":"https:\/\/www.estrategiaconcursos.com.br\/blog\/#\/schema\/person\/399990d02336f200766707b881aee98f"},"headline":"Concurso UFBA: edital previsto para \u00faltima semana de agosto!","datePublished":"2022-08-26T19:53:34+00:00","dateModified":"2022-08-26T20:21:26+00:00","mainEntityOfPage":{"@id":"https:\/\/www.estrategiaconcursos.com.br\/blog\/concurso-ufba-edital-previsto\/"},"wordCount":233,"commentCount":0,"publisher":{"@id":"https:\/\/www.estrategiaconcursos.com.br\/blog\/#organization"},"image":{"@id":"https:\/\/www.estrategiaconcursos.com.br\/blog\/concurso-ufba-edital-previsto\/#primaryimage"},"thumbnailUrl":"https:\/\/dhg1h5j42swfq.cloudfront.net\/2020\/12\/15084628\/ufba.jpg","articleSection":["Educa\u00e7\u00e3o"],"inLanguage":"pt-BR","potentialAction":[{"@type":"CommentAction","name":"Comment","target":["https:\/\/www.estrategiaconcursos.com.br\/blog\/concurso-ufba-edital-previsto\/#respond"]}],"copyrightYear":"2022","copyrightHolder":{"@id":"https:\/\/www.estrategiaconcursos.com.br\/blog\/#organization"}},{"@type":"WebPage","@id":"https:\/\/www.estrategiaconcursos.com.br\/blog\/concurso-ufba-edital-previsto\/","url":"https:\/\/www.estrategiaconcursos.com.br\/blog\/concurso-ufba-edital-previsto\/","name":"Concurso UFBA: edital previsto para \u00faltima semana de agosto!","isPartOf":{"@id":"https:\/\/www.estrategiaconcursos.com.br\/blog\/#website"},"primaryImageOfPage":{"@id":"https:\/\/www.estrategiaconcursos.com.br\/blog\/concurso-ufba-edital-previsto\/#primaryimage"},"image":{"@id":"https:\/\/www.estrategiaconcursos.com.br\/blog\/concurso-ufba-edital-previsto\/#primaryimage"},"thumbnailUrl":"https:\/\/dhg1h5j42swfq.cloudfront.net\/2020\/12\/15084628\/ufba.jpg","datePublished":"2022-08-26T19:53:34+00:00","dateModified":"2022-08-26T20:21:26+00:00","description":"Concurso UFBA: edital com oportunidades de n\u00edveis m\u00e9dio, t\u00e9cnico e superior est\u00e1 previsto! Confira os detalhes aqui no site da Coruja!","breadcrumb":{"@id":"https:\/\/www.estrategiaconcursos.com.br\/blog\/concurso-ufba-edital-previsto\/#breadcrumb"},"inLanguage":"pt-BR","potentialAction":[{"@type":"ReadAction","target":["https:\/\/www.estrategiaconcursos.com.br\/blog\/concurso-ufba-edital-previsto\/"]}]},{"@type":"ImageObject","inLanguage":"pt-BR","@id":"https:\/\/www.estrategiaconcursos.com.br\/blog\/concurso-ufba-edital-previsto\/#primaryimage","url":"https:\/\/dhg1h5j42swfq.cloudfront.net\/2020\/12\/15084628\/ufba.jpg","contentUrl":"https:\/\/dhg1h5j42swfq.cloudfront.net\/2020\/12\/15084628\/ufba.jpg","width":328,"height":154},{"@type":"BreadcrumbList","@id":"https:\/\/www.estrategiaconcursos.com.br\/blog\/concurso-ufba-edital-previsto\/#breadcrumb","itemListElement":[{"@type":"ListItem","position":1,"name":"In\u00edcio","item":"https:\/\/www.estrategiaconcursos.com.br\/blog\/"},{"@type":"ListItem","position":2,"name":"Concurso UFBA: edital previsto para \u00faltima semana de agosto!"}]},{"@type":"WebSite","@id":"https:\/\/www.estrategiaconcursos.com.br\/blog\/#website","url":"https:\/\/www.estrategiaconcursos.com.br\/blog\/","name":"Estrat\u00e9gia Concursos","description":"O blog da Estrat\u00e9gia Concursos traz not\u00edcias sobre concursos e artigos de professores oferecendo cursos para concursos (pdf + videaulas) no site.","publisher":{"@id":"https:\/\/www.estrategiaconcursos.com.br\/blog\/#organization"},"potentialAction":[{"@type":"SearchAction","target":{"@type":"EntryPoint","urlTemplate":"https:\/\/www.estrategiaconcursos.com.br\/blog\/?s={search_term_string}"},"query-input":{"@type":"PropertyValueSpecification","valueRequired":true,"valueName":"search_term_string"}}],"inLanguage":"pt-BR"},{"@type":"Organization","@id":"https:\/\/www.estrategiaconcursos.com.br\/blog\/#organization","name":"Estrat\u00e9gia Concursos","url":"https:\/\/www.estrategiaconcursos.com.br\/blog\/","logo":{"@type":"ImageObject","inLanguage":"pt-BR","@id":"https:\/\/www.estrategiaconcursos.com.br\/blog\/#\/schema\/logo\/image\/","url":"https:\/\/dhg1h5j42swfq.cloudfront.net\/2025\/06\/03203428\/logo_concursos-1.jpg","contentUrl":"https:\/\/dhg1h5j42swfq.cloudfront.net\/2025\/06\/03203428\/logo_concursos-1.jpg","width":230,"height":60,"caption":"Estrat\u00e9gia Concursos"},"image":{"@id":"https:\/\/www.estrategiaconcursos.com.br\/blog\/#\/schema\/logo\/image\/"},"sameAs":["https:\/\/x.com\/EstratConcursos"]},{"@type":"Person","@id":"https:\/\/www.estrategiaconcursos.com.br\/blog\/#\/schema\/person\/399990d02336f200766707b881aee98f","name":"Daniela Santos Nascimento","image":{"@type":"ImageObject","inLanguage":"pt-BR","@id":"https:\/\/secure.gravatar.com\/avatar\/7f343622ad121e2893832a8c76808be436bdfcbf2f7d696174c94ecd84f2384a?s=96&d=mm&r=g","url":"https:\/\/secure.gravatar.com\/avatar\/7f343622ad121e2893832a8c76808be436bdfcbf2f7d696174c94ecd84f2384a?s=96&d=mm&r=g","contentUrl":"https:\/\/secure.gravatar.com\/avatar\/7f343622ad121e2893832a8c76808be436bdfcbf2f7d696174c94ecd84f2384a?s=96&d=mm&r=g","caption":"Daniela Santos Nascimento"},"url":"https:\/\/www.estrategiaconcursos.com.br\/blog\/author\/daniela-nascimentoestrategia-com\/"}]}},"_links":{"self":[{"href":"https:\/\/www.estrategiaconcursos.com.br\/blog\/wp-json\/wp\/v2\/posts\/1084841","targetHints":{"allow":["GET"]}}],"collection":[{"href":"https:\/\/www.estrategiaconcursos.com.br\/blog\/wp-json\/wp\/v2\/posts"}],"about":[{"href":"https:\/\/www.estrategiaconcursos.com.br\/blog\/wp-json\/wp\/v2\/types\/post"}],"author":[{"embeddable":true,"href":"https:\/\/www.estrategiaconcursos.com.br\/blog\/wp-json\/wp\/v2\/users\/2402"}],"replies":[{"embeddable":true,"href":"https:\/\/www.estrategiaconcursos.com.br\/blog\/wp-json\/wp\/v2\/comments?post=1084841"}],"version-history":[{"count":5,"href":"https:\/\/www.estrategiaconcursos.com.br\/blog\/wp-json\/wp\/v2\/posts\/1084841\/revisions"}],"predecessor-version":[{"id":1084940,"href":"https:\/\/www.estrategiaconcursos.com.br\/blog\/wp-json\/wp\/v2\/posts\/1084841\/revisions\/1084940"}],"wp:featuredmedia":[{"embeddable":true,"href":"https:\/\/www.estrategiaconcursos.com.br\/blog\/wp-json\/wp\/v2\/media\/630720"}],"wp:attachment":[{"href":"https:\/\/www.estrategiaconcursos.com.br\/blog\/wp-json\/wp\/v2\/media?parent=1084841"}],"wp:term":[{"taxonomy":"category","embeddable":true,"href":"https:\/\/www.estrategiaconcursos.com.br\/blog\/wp-json\/wp\/v2\/categories?post=1084841"},{"taxonomy":"post_tag","embeddable":true,"href":"https:\/\/www.estrategiaconcursos.com.br\/blog\/wp-json\/wp\/v2\/tags?post=1084841"},{"taxonomy":"tax_estado","embeddable":true,"href":"https:\/\/www.estrategiaconcursos.com.br\/blog\/wp-json\/wp\/v2\/tax_estado?post=1084841"}],"curies":[{"name":"wp","href":"https:\/\/api.w.org\/{rel}","templated":true}]}}