{"id":1084810,"date":"2026-01-14T16:08:00","date_gmt":"2026-01-14T19:08:00","guid":{"rendered":"https:\/\/www.estrategiaconcursos.com.br\/blog\/?p=1084810"},"modified":"2026-02-03T09:09:49","modified_gmt":"2026-02-03T12:09:49","slug":"concurso-tce-ac","status":"publish","type":"post","link":"https:\/\/www.estrategiaconcursos.com.br\/blog\/concurso-tce-ac\/","title":{"rendered":"Concurso TCE AC 2026: Cebraspe \u00e9 a poss\u00edvel banca; confira!"},"content":{"rendered":"\n<p style=\"font-size:clamp(16.293px, 1.018rem + ((1vw - 3.2px) * 0.854), 25px);\"><strong><em>Concurso TCE AC ter\u00e1 vaga para Conselheiro Substituto<\/em><\/strong><\/p>\n\n\n\n<center><a id=\"cta-icon\" href=\"https:\/\/sndflw.com\/i\/tce-ac-grupo\" target=\"_blank\" style=\"background:#29a61a; display:inline-flex; align-items:center; padding:10px 15px; border-radius:6px; color:#fff; text-decoration:none; font-weight:500; font-size:15px;\"><img decoding=\"async\" src=\"https:\/\/dhg1h5j42swfq.cloudfront.net\/2023\/12\/07154107\/whatsapp_13851.png\" alt=\"\" style=\"width:20px; height:20px; margin-right:8px;\"><span>Acesse agora o Grupo de Estudos para o Concurso TCE AC<\/span><\/a><\/center>\n\n\n\n<div style=\"height:21px\" aria-hidden=\"true\" class=\"wp-block-spacer\"><\/div>\n\n\n\n<p>Em contato com fontes internas do <strong>Tribunal de Contas do Acre (<a href=\"https:\/\/www.estrategiaconcursos.com.br\/cursosPorConcurso\/tribunal-de-contas-do-estado-do-acre-tce-ac\/\" target=\"_blank\" rel=\"noreferrer noopener\">TCE AC<\/a><\/strong>), fomos informados, <a href=\"https:\/\/www.estrategiaconcursos.com.br\/blog\/concurso-tce-ac-banca-conselheiro\/\" target=\"_blank\" rel=\"noreferrer noopener\">em primeira m\u00e3o<\/a>, que existe grande chance de o <strong>Cebraspe <\/strong>ser a banca organizadora do certame.<\/p>\n\n\n\n<p>Isso porque a empresa \u00e9 muito bem avaliada internamente pela diretoria do \u00f3rg\u00e3o e j\u00e1 foi respons\u00e1vel pela organiza\u00e7\u00e3o de outros concursos do Tribunal.<\/p>\n\n\n\n<p>Al\u00e9m disso, uma <strong>nova comiss\u00e3o <\/strong>foi formada recentemente para organizar todas as etapas do concurso, incluindo a defini\u00e7\u00e3o e contrata\u00e7\u00e3o da banca.<\/p>\n\n\n\n<p>A previs\u00e3o \u00e9 de que o concurso oferte uma \u00fanica vaga, mais forma\u00e7\u00e3o de cadastro reserva, para o cargo de <strong>Conselheiro Substituto<\/strong>.<\/p>\n\n\n\n<ul class=\"wp-block-list has-very-light-gray-to-cyan-bluish-gray-gradient-background has-background\">\n<li><strong>Tribunal de Contas do Estado do Acre <em>&#8211; <span style=\"text-decoration: underline;\">Conselheiro Substituto<\/span><\/em><\/strong><\/li>\n\n\n\n<li><strong>Status<\/strong>: comiss\u00e3o formada<\/li>\n\n\n\n<li><strong>Banca:<\/strong> Cebraspe (poss\u00edvel)<\/li>\n\n\n\n<li><strong>Vagas:<\/strong> 01 + CR<\/li>\n\n\n\n<li><strong>Sal\u00e1rio inicial:<\/strong> R$ 37.731,81<\/li>\n<\/ul>\n\n\n\n<p>No mais, \u00e9 importante lembrar que o TCE AC publicou seu \u00faltimo edital para servidores em 2024.<\/p>\n\n\n\n<p>Assim, o concurso encontra-se devidamente <strong>homologado <\/strong>e segue vigente at\u00e9 19 de novembro de 2026 (demais cargos) e 31 de dezembro de 2026 (Auditor).<\/p>\n\n\n\n<p>Ademais, o edital ofertou <strong>38 vagas imediatas, mais forma\u00e7\u00e3o de cadastro reserva<\/strong>, para cargos de n\u00edveis m\u00e9dio e superior, com sal\u00e1rios entre R$ 7.472,00 e R$ 12.459,27.<\/p>\n\n\n\n<ul class=\"wp-block-list has-very-light-gray-to-cyan-bluish-gray-gradient-background has-background\">\n<li><strong>Tribunal de Contas do Estado do Acre <em>&#8211; <span style=\"text-decoration: underline;\">Auditor, Analista e T\u00e9cnico<\/span><\/em><\/strong><\/li>\n\n\n\n<li><strong>Status<\/strong>: homologado <\/li>\n\n\n\n<li><strong>Banca:<\/strong> <a href=\"https:\/\/www.cebraspe.org.br\/concursos\/TCE_AC_24\" target=\"_blank\" rel=\"noreferrer noopener\">Cebraspe<\/a><\/li>\n\n\n\n<li><strong>Vagas:<\/strong> 38 + CR<\/li>\n\n\n\n<li><strong>Sal\u00e1rio inicial:<\/strong> R$ 7.472,00 a R$ 12.459,27<\/li>\n\n\n\n<li><strong>Edital:<\/strong> <a href=\"https:\/\/dhg1h5j42swfq.cloudfront.net\/2024\/06\/20110921\/ed_1_tce_ac_24_abertura.pdf\" target=\"_blank\" rel=\"noreferrer noopener nofollow\">TCE AC 2024<\/a><\/li>\n<\/ul>\n\n\n\n<p>A fim de te deixar sempre bem informado, elaboramos este artigo com as principais informa\u00e7\u00f5es do concurso TCE AC. Acompanhe os t\u00f3picos abaixo e n\u00e3o perca nenhum detalhe:<\/p>\n\n\n\n<ul id=\"indice\" class=\"wp-block-list\">\n<li><a href=\"#h-situacao-atual-tce-ac\"><strong>Situa\u00e7\u00e3o atual<\/strong><\/a>\n<ul class=\"wp-block-list\">\n<li><a href=\"#linha\">Linha do tempo<\/a><\/li>\n\n\n\n<li><a href=\"#comissao\">Comiss\u00e3o de estudos<\/a><\/li>\n<\/ul>\n<\/li>\n\n\n\n<li><a href=\"#carreira\"><strong>Carreira<\/strong><\/a>\n<ul class=\"wp-block-list\">\n<li><a href=\"#salario\">Remunera\u00e7\u00e3o<\/a><\/li>\n\n\n\n<li><a href=\"#requisitos\">Requisitos<\/a><\/li>\n\n\n\n<li><a href=\"#atribuicoes\">Atribui\u00e7\u00f5es<\/a><\/li>\n\n\n\n<li><a href=\"#cargos\">Cargos vagos<\/a><\/li>\n<\/ul>\n<\/li>\n\n\n\n<li><strong><a href=\"#edital\">\u00daltimo concurso<\/a><\/strong> (2024)\n<ul class=\"wp-block-list\">\n<li><a href=\"#etapas\">Etapas e provas<\/a>\n<ul class=\"wp-block-list\">\n<li><a href=\"#objetiva\">Prova objetiva<\/a><\/li>\n\n\n\n<li><a href=\"#discursiva\">Prova discursiva<\/a><\/li>\n\n\n\n<li><a href=\"#titulos\">Avalia\u00e7\u00e3o de t\u00edtulos<\/a><\/li>\n<\/ul>\n<\/li>\n<\/ul>\n<\/li>\n\n\n\n<li><a href=\"#cursos-assinatura\"><strong>Cursos e assinaturas<\/strong><\/a><\/li>\n\n\n\n<li><a href=\"#ficha\"><strong>Ficha t\u00e9cnica<\/strong><\/a><\/li>\n<\/ul>\n\n\n\n<div class=\"container\" id=\"boxes\">\n  <div class=\"row\">\n\n    <div class=\"col-sm\">\n      <div class=\"banner-controle-ec\" id=\"box-assinatura\">\n        <h2 class=\"titulo-assinatura\">Cursos Concurso TCE AC<\/h2>\n        <p class=\"subtitulo-assinatura\">Cursos preparat\u00f3rios completos! \u2b50<\/p>\n        <div class=\"box-botao\">\n          <a class=\"btn-assinatura\" target=\"_blank\" href=\"https:\/\/www.estrategiaconcursos.com.br\/cursosPorConcurso\/tribunal-de-contas-do-estado-do-acre-tce-ac\/\" role=\"button\" rel=\"noopener noreferrer\">VER CURSOS<\/a>\n        <\/div>\n      <\/div>\n      \n    <\/div>\n\n  <\/div>\n<\/div>\n\n\n\n<h2 class=\"wp-block-heading\" id=\"h-situacao-atual-do-concurso-tce-ac\">Situa\u00e7\u00e3o atual do concurso TCE AC<\/h2>\n\n\n\n<h3 class=\"wp-block-heading\" id=\"linha\">Linha do tempo<\/h3>\n\n\n\n<ul class=\"wp-block-list\">\n<li><strong>22\/11\/2024: <\/strong><a href=\"https:\/\/dhg1h5j42swfq.cloudfront.net\/2024\/11\/22175212\/dec-002416-22-11-2024-9-1.pdf\" target=\"_blank\" rel=\"noreferrer noopener nofollow\">designada comiss\u00e3o de estudos para o cargo de Conselheiro-Substituto<\/a>;<\/li>\n\n\n\n<li><strong>09\/06\/2025:<\/strong> <a href=\"https:\/\/www.estrategiaconcursos.com.br\/blog\/concurso-tce-ac-edital-conselheiro\/\" target=\"_blank\" rel=\"noreferrer noopener\">novo grupo de trabalho ser\u00e1 institu\u00eddo\/edital no 2\u00ba semestre<\/a>;<\/li>\n\n\n\n<li><strong>23\/07\/2025:<\/strong> <a href=\"https:\/\/www.estrategiaconcursos.com.br\/blog\/concurso-tce-ac-comissao-conselheiro\/\" target=\"_blank\" rel=\"noreferrer noopener\">comiss\u00e3o organizadora oficialmente formada<\/a>;<\/li>\n\n\n\n<li><strong>14\/01\/2026:<\/strong> novas informa\u00e7\u00f5es exclusivas indicam Cebraspe como a poss\u00edvel banca.<\/li>\n<\/ul>\n\n\n\n<h3 class=\"wp-block-heading\" id=\"comissao\">Comiss\u00e3o de estudos<\/h3>\n\n\n\n<p>O grupo de trabalho foi respons\u00e1vel pelo relat\u00f3rio contendo estudo de viabilidade e abrang\u00eancia das necessidades referentes \u00e0 realiza\u00e7\u00e3o de concurso.<\/p>\n\n\n\n<p><strong>&gt;&gt;&gt; <a href=\"https:\/\/dhg1h5j42swfq.cloudfront.net\/2025\/07\/23192517\/tce-ac.pdf\" target=\"_blank\" rel=\"noreferrer noopener nofollow\">Veja o documento na \u00edntegra!<\/a><\/strong><\/p>\n\n\n\n<h2 class=\"wp-block-heading\" id=\"carreira\">Carreira no TCE AC<\/h2>\n\n\n\n<p>O Quadro Permanente de Pessoal do Tribunal de Contas do Estado do Acre est\u00e1 escalonado em tr\u00eas grupos, na forma a seguir elencada:<\/p>\n\n\n\n<ul class=\"wp-block-list\">\n<li>I &#8211; Grupo de N\u00edvel Superior &#8211; Auditor de Controle Externo (160 cargos);<\/li>\n\n\n\n<li>II &#8211; Grupo de N\u00edvel M\u00e9dio \u2013 T\u00e9cnico T\u00e9cnico de Controle Externo (29 cargos); e<\/li>\n\n\n\n<li>III &#8211; Grupo de N\u00edvel Fundamental \u2013 Agente de Controle Externo (29 cargos).<\/li>\n<\/ul>\n\n\n\n<figure class=\"wp-block-image aligncenter size-full\"><img loading=\"lazy\" decoding=\"async\" width=\"827\" height=\"262\" src=\"https:\/\/dhg1h5j42swfq.cloudfront.net\/2022\/08\/29110611\/image-426.png\" alt=\"Quadro com o quantitativo de cargos criados para Analista de Controle Externo\" class=\"wp-image-1085351\" srcset=\"https:\/\/dhg1h5j42swfq.cloudfront.net\/2022\/08\/29110611\/image-426.png 827w, https:\/\/dhg1h5j42swfq.cloudfront.net\/2022\/08\/29110611\/image-426-300x95.png 300w, https:\/\/dhg1h5j42swfq.cloudfront.net\/2022\/08\/29110611\/image-426-768x243.png 768w, https:\/\/dhg1h5j42swfq.cloudfront.net\/2022\/08\/29110611\/image-426-610x193.png 610w, https:\/\/dhg1h5j42swfq.cloudfront.net\/2022\/08\/29110611\/image-426-150x48.png 150w\" sizes=\"auto, (max-width: 827px) 100vw, 827px\" \/><figcaption class=\"wp-element-caption\">Cargos criados Auditor de Controle Externo<\/figcaption><\/figure>\n\n\n\n<h3 class=\"wp-block-heading\" id=\"salario\">Sal\u00e1rios dos cargos<\/h3>\n\n\n\n<ul class=\"wp-block-list\">\n<li><strong>Analistas: <\/strong>\n<ul class=\"wp-block-list\">\n<li>Vencimento de R$ 7.509,27<\/li>\n\n\n\n<li>Aux\u00edlio-Alimenta\u00e7\u00e3o de R$ 3.300,00<\/li>\n\n\n\n<li>Total: <strong>R$ 10.809,27<\/strong><\/li>\n<\/ul>\n<\/li>\n<\/ul>\n\n\n\n<ul class=\"wp-block-list\">\n<li><strong>Auditor:<\/strong>\n<ul class=\"wp-block-list\">\n<li>Vencimento de R$ 8.260,20<\/li>\n\n\n\n<li>Gratifica\u00e7\u00e3o de Incentivo \u00e0 Qualifica\u00e7\u00e3o e Resultados de R$ 1.650,00<\/li>\n\n\n\n<li>Aux\u00edlio-Alimenta\u00e7\u00e3o de R$ 3.300,00<\/li>\n\n\n\n<li>Total: <strong>R$ 13.210,20<\/strong><\/li>\n<\/ul>\n<\/li>\n<\/ul>\n\n\n\n<ul class=\"wp-block-list\">\n<li><strong>T\u00e9cnico:<\/strong>\n<ul class=\"wp-block-list\">\n<li>Vencimento de R$ 3.791,70<\/li>\n\n\n\n<li>Adicional de Fun\u00e7\u00e3o de Apoio Log\u00edstico de R$ 825,00<\/li>\n\n\n\n<li>Aux\u00edlio-Alimenta\u00e7\u00e3o de R$ 3.300,00<\/li>\n\n\n\n<li>Total: <strong>R$ 7.916,70<\/strong><\/li>\n<\/ul>\n<\/li>\n<\/ul>\n\n\n\n<figure class=\"wp-block-image aligncenter size-large\"><img loading=\"lazy\" decoding=\"async\" width=\"1024\" height=\"280\" src=\"https:\/\/dhg1h5j42swfq.cloudfront.net\/2025\/06\/09153544\/image-101-1024x280.png\" alt=\"\" class=\"wp-image-1588467\" srcset=\"https:\/\/dhg1h5j42swfq.cloudfront.net\/2025\/06\/09153544\/image-101-1024x280.png 1024w, https:\/\/dhg1h5j42swfq.cloudfront.net\/2025\/06\/09153544\/image-101-300x82.png 300w, https:\/\/dhg1h5j42swfq.cloudfront.net\/2025\/06\/09153544\/image-101-768x210.png 768w, https:\/\/dhg1h5j42swfq.cloudfront.net\/2025\/06\/09153544\/image-101-1536x420.png 1536w, https:\/\/dhg1h5j42swfq.cloudfront.net\/2025\/06\/09153544\/image-101-150x41.png 150w, https:\/\/dhg1h5j42swfq.cloudfront.net\/2025\/06\/09153544\/image-101.png 1908w\" sizes=\"auto, (max-width: 1024px) 100vw, 1024px\" \/><figcaption class=\"wp-element-caption\">Atualizado em: 30\/05\/2025<\/figcaption><\/figure>\n\n\n\n<p><strong>Conselheiro-Substituto:<\/strong> Atualmente, o TCE AC possui apenas 1 (um) Conselheiro Substituto ativo, sendo que os demais j\u00e1 est\u00e3o aposentados. O<strong> sal\u00e1rio base do cargo \u00e9 de R$ 37.731,81<\/strong>.<\/p>\n\n\n\n<h3 class=\"wp-block-heading\" id=\"requisitos\">Requisitos<\/h3>\n\n\n\n<p><strong>Analista Administrativo:<\/strong> diploma, devidamente registrado, de conclus\u00e3o de curso de n\u00edvel superior na respectiva \u00e1rea, fornecido por institui\u00e7\u00e3o de ensino superior reconhecida pelo Minist\u00e9rio da Educa\u00e7\u00e3o (MEC), e registro no \u00f3rg\u00e3o de classe.<\/p>\n\n\n\n<p><strong>Analista de Tecnologia da Inform\u00e1tica<\/strong>: diploma, devidamente registrado, de conclus\u00e3o de curso de n\u00edvel superior espec\u00edfico na \u00e1rea de Tecnologia, fornecido por institui\u00e7\u00e3o de ensino superior reconhecida pelo MEC.<\/p>\n\n\n\n<p><strong>Analista Ministerial:<\/strong> diploma, devidamente registrado, de conclus\u00e3o de curso de n\u00edvel superior na respectiva \u00e1rea, fornecido por institui\u00e7\u00e3o de ensino superior reconhecida pelo MEC, e registro no \u00f3rg\u00e3o de classe.<\/p>\n\n\n\n<p><strong>Auditor <\/strong><strong>de Controle Externo<\/strong>: diploma, devidamente registrado, de conclus\u00e3o de curso de n\u00edvel superior na respectiva \u00e1rea, fornecido por institui\u00e7\u00e3o de ensino superior reconhecida pelo MEC, e registro no \u00f3rg\u00e3o de classe.<\/p>\n\n\n\n<p><strong>T\u00e9cnico <\/strong><strong>de Controle Externo<\/strong>: certificado, devidamente registrado, de conclus\u00e3o de curso de ensino m\u00e9dio, expedido por institui\u00e7\u00e3o de ensino reconhecida pelo \u00f3rg\u00e3o competente.<\/p>\n\n\n\n<h3 class=\"wp-block-heading\" id=\"atribuicoes\">Atribui\u00e7\u00f5es<\/h3>\n\n\n\n<p><strong>Auditor de Controle Externo:<\/strong> executar trabalhos de n\u00edvel t\u00e9cnico, de ampla complexidade, no \u00e2mbito interno e externo do Tribunal de Contas, consistindo no exame e an\u00e1lise de documentos e atos de gest\u00e3o cont\u00e1beis, or\u00e7ament\u00e1rios, financeiros, operacionais, patrimoniais e ambientais e tudo mais que possa ser exigido para o desempenho do controle externo. Emiss\u00e3o de relat\u00f3rios de auditoria, emiss\u00e3o de pareceres e informa\u00e7\u00f5es t\u00e9cnicas, an\u00e1lise de balan\u00e7os, exame da legalidade dos atos praticados pelos gestores p\u00fablicos jurisdicionados.<\/p>\n\n\n\n<p><strong>T\u00e9cnico de Controle Externo<\/strong>: atividades de m\u00e9dia complexidade inseridas no contexto do Tribunal de Contas, tais como: recep\u00e7\u00e3o e encaminhamento de documentos, atividades de apoio log\u00edstico ao desempenho do Controle Externo, atividades de apoio e organiza\u00e7\u00e3o, digita\u00e7\u00e3o, montagem e autua\u00e7\u00e3o de processos, confer\u00eancia de documentos, pesquisa de informa\u00e7\u00f5es e outras atividades correlatas, al\u00e9m das espec\u00edficas abaixo discriminadas.<\/p>\n\n\n\n<p><strong>T\u00e9cnico de Controle Externo &#8211; TI:<\/strong> certificado, devidamente registrado, de conclus\u00e3o de curso de ensino m\u00e9dio, expedido por institui\u00e7\u00e3o de ensino reconhecida pelo \u00f3rg\u00e3o competente.<\/p>\n\n\n\n<p><strong>Analista de Tecnologia da Inform\u00e1tica:<\/strong> implementar projetos de engenharia e constru\u00e7\u00e3o de software, desenvolvendo novas funcionalidades, testando e mantendo sistemas de acordo comas metodologias e t\u00e9cnicas adequadas, visando aos objetivos estabelecidos quanto \u00e0 qualidade, custos, prazos e benef\u00edcios; prestar suporte aos sistemas; participar do planejamento, execu\u00e7\u00e3o, medi\u00e7\u00e3o e melhorias dos processos de desenvolvimento de software.<\/p>\n\n\n\n<p><strong>Analista Administrativo:<\/strong> realizar atividades de natureza administrativa e log\u00edstica de n\u00edvel superior do TCE, aplicando instrumentos de acompanhamento, avalia\u00e7\u00e3o, pesquisa, controle e comunica\u00e7\u00e3o referentes aos planos, programas, projetos e atividades desenvolvidas.<\/p>\n\n\n\n<p><strong>Analista Ministerial:<\/strong> exercer atividades de natureza continuada, de planejamento, implementa\u00e7\u00e3o, supervis\u00e3o, assessoramento, monitoramento e execu\u00e7\u00e3o de a\u00e7\u00f5es, projetos, programar, processos e procedimentos de Controle Externo, de pol\u00edticas p\u00fablicas, de gest\u00e3o e governan\u00e7a, de controle interno e suporte, conforme \u00e1rea de habilita\u00e7\u00e3o, no \u00e2mbito das \u00e1reas meio e final\u00edsticas do MPC AC.<\/p>\n\n\n\n<h3 class=\"wp-block-heading\" id=\"atual\">Cargos vagos<\/h3>\n\n\n\n<p>Atualmente, o Tribunal de Contas do Acre tem cerca de <strong>52 cargos vagos<\/strong>, sendo o maior d\u00e9ficit do cargo de Auditor de Controle Externo.<\/p>\n\n\n\n<figure class=\"wp-block-table is-style-stripes\"><table><thead><tr><th class=\"has-text-align-center\" data-align=\"center\">RELA\u00c7\u00c3O DE CARGOS EFETIVOS<\/th><th class=\"has-text-align-center\" data-align=\"center\">PROVIDOS<\/th><th class=\"has-text-align-center\" data-align=\"center\">VAGOS<\/th><\/tr><\/thead><tbody><tr><td class=\"has-text-align-center\" data-align=\"center\">Auditor de Controle Externo<\/td><td class=\"has-text-align-center\" data-align=\"center\">126<\/td><td class=\"has-text-align-center\" data-align=\"center\">34<\/td><\/tr><tr><td class=\"has-text-align-center\" data-align=\"center\">T\u00e9cnico de Controle Externo<\/td><td class=\"has-text-align-center\" data-align=\"center\">18<\/td><td class=\"has-text-align-center\" data-align=\"center\">11<\/td><\/tr><tr><td class=\"has-text-align-center\" data-align=\"center\">Agente de Controle Externo<\/td><td class=\"has-text-align-center\" data-align=\"center\">22<\/td><td class=\"has-text-align-center\" data-align=\"center\">7<\/td><\/tr><\/tbody><\/table><figcaption class=\"wp-element-caption\">Tabela de cargos providos e vagos no \u00f3rg\u00e3o<\/figcaption><\/figure>\n\n\n\n<h2 class=\"wp-block-heading\" id=\"edital\">\u00daltimo concurso TCE AC (2024)<\/h2>\n\n\n\n<p>Com organiza\u00e7\u00e3o do Cebraspe, o edital ofereceu 38 vagas imediatas mais forma\u00e7\u00e3o de cadastro reserva para cargos de n\u00edveis m\u00e9dio e superior, com sal\u00e1rios que variam entre R$ 7.472,00 a R$ 12.459,27.<\/p>\n\n\n\n<p>Foram <a href=\"https:\/\/dhg1h5j42swfq.cloudfront.net\/2024\/08\/23162059\/tce_ac_24___demanda_candidatos_por_vaga.pdf\" target=\"_blank\" rel=\"noreferrer noopener nofollow\">registradas<\/a> <strong>5.349 <\/strong>candidaturas, sendo que o cargo com mais procura foi o de&nbsp;T\u00e9cnico de Controle Externo \u2013 \u00c1rea: T\u00e9cnico Administrativo \u2013 Especialidade: Instrutivo, com&nbsp;2.398&nbsp;interessados.<\/p>\n\n\n\n<figure class=\"wp-block-image aligncenter size-full\"><img loading=\"lazy\" decoding=\"async\" width=\"724\" height=\"502\" src=\"https:\/\/dhg1h5j42swfq.cloudfront.net\/2024\/06\/14101214\/image-330.png\" alt=\"Quadro dos cargos e vagas previstos no edital do TCE AC\" class=\"wp-image-1415393\" srcset=\"https:\/\/dhg1h5j42swfq.cloudfront.net\/2024\/06\/14101214\/image-330.png 724w, https:\/\/dhg1h5j42swfq.cloudfront.net\/2024\/06\/14101214\/image-330-300x208.png 300w, https:\/\/dhg1h5j42swfq.cloudfront.net\/2024\/06\/14101214\/image-330-610x423.png 610w, https:\/\/dhg1h5j42swfq.cloudfront.net\/2024\/06\/14101214\/image-330-150x104.png 150w\" sizes=\"auto, (max-width: 724px) 100vw, 724px\" \/><\/figure>\n\n\n\n<h2 class=\"wp-block-heading\" id=\"etapas\">Etapas de provas do concurso TCE AC<\/h2>\n\n\n\n<p>O concurso TCE AC para os cargos de que trata este edital foi constitu\u00eddo das seguintes fases, todas de responsabilidade do Cebraspe:<\/p>\n\n\n\n<ul class=\"wp-block-list\">\n<li><strong>Provas objetivas<\/strong>, de car\u00e1ter eliminat\u00f3rio e classificat\u00f3rio, para todos os cargos;<\/li>\n\n\n\n<li><strong>Provas discursivas<\/strong>, de car\u00e1ter eliminat\u00f3rio e classificat\u00f3rio, para todos os cargos;<\/li>\n\n\n\n<li><strong>Avalia\u00e7\u00e3o de t\u00edtulos<\/strong>, de car\u00e1ter classificat\u00f3rio, somente para os cargos de n\u00edvel superior.<\/li>\n<\/ul>\n\n\n\n<p>As provas objetivas e a prova discursiva do concurso TCE AC foram realizadas da seguinte forma:<\/p>\n\n\n\n<figure class=\"wp-block-table is-style-stripes\"><table><thead><tr><th class=\"has-text-align-center\" data-align=\"center\">Cargo<\/th><th class=\"has-text-align-center\" data-align=\"center\">Etapa<\/th><th class=\"has-text-align-center\" data-align=\"center\">Data<\/th><th class=\"has-text-align-center\" data-align=\"center\">Dura\u00e7\u00e3o<\/th><th class=\"has-text-align-center\" data-align=\"center\">Turno<\/th><\/tr><\/thead><tbody><tr><td class=\"has-text-align-center\" data-align=\"center\">T\u00e9cnico<\/td><td class=\"has-text-align-center\" data-align=\"center\">Objetiva e Discursiva<\/td><td class=\"has-text-align-center\" data-align=\"center\">01\/09<\/td><td class=\"has-text-align-center\" data-align=\"center\">4h30min<\/td><td class=\"has-text-align-center\" data-align=\"center\">Tarde<\/td><\/tr><tr><td class=\"has-text-align-center\" data-align=\"center\">Analista<\/td><td class=\"has-text-align-center\" data-align=\"center\">Objetiva e Discursiva<\/td><td class=\"has-text-align-center\" data-align=\"center\">01\/09<\/td><td class=\"has-text-align-center\" data-align=\"center\">4h30min<\/td><td class=\"has-text-align-center\" data-align=\"center\">Manh\u00e3<\/td><\/tr><tr><td class=\"has-text-align-center\" data-align=\"center\">Auditor<\/td><td class=\"has-text-align-center\" data-align=\"center\">Objetiva<\/td><td class=\"has-text-align-center\" data-align=\"center\">01\/09<\/td><td class=\"has-text-align-center\" data-align=\"center\">4h<\/td><td class=\"has-text-align-center\" data-align=\"center\">Tarde<\/td><\/tr><tr><td class=\"has-text-align-center\" data-align=\"center\">Auditor<\/td><td class=\"has-text-align-center\" data-align=\"center\">Discursiva (P3)<\/td><td class=\"has-text-align-center\" data-align=\"center\">13\/10<\/td><td class=\"has-text-align-center\" data-align=\"center\">4h<\/td><td class=\"has-text-align-center\" data-align=\"center\">Manh\u00e3<\/td><\/tr><tr><td class=\"has-text-align-center\" data-align=\"center\">Auditor<\/td><td class=\"has-text-align-center\" data-align=\"center\">Discursiva (P4)<\/td><td class=\"has-text-align-center\" data-align=\"center\">13\/10<\/td><td class=\"has-text-align-center\" data-align=\"center\">4h<\/td><td class=\"has-text-align-center\" data-align=\"center\">Tarde<\/td><\/tr><\/tbody><\/table><figcaption class=\"wp-element-caption\">Datas e turnos das avalia\u00e7\u00f5es<\/figcaption><\/figure>\n\n\n\n<h3 class=\"wp-block-heading\" id=\"objetiva\">Provas Objetivas<\/h3>\n\n\n\n<p>A etapa valeu 120,00 pontos e abrangeu quest\u00f5es do tipo &#8220;Certo ou Errado&#8221; acerca de conte\u00fados de conhecimentos b\u00e1sicos (50) e espec\u00edficos (70).<\/p>\n\n\n\n<ul class=\"wp-block-list\">\n<li><strong>Conhecimentos b\u00e1sicos n\u00edvel superior<\/strong>\n<ul class=\"wp-block-list\">\n<li>L\u00edngua Portuguesa;<\/li>\n\n\n\n<li>L\u00edngua Inglesa;<\/li>\n\n\n\n<li>Racioc\u00ednio L\u00f3gico e Quantitativo;<\/li>\n\n\n\n<li>Conhecimentos da Realidade \u00c9tnica, Social, Geogr\u00e1fica, Cultural, Pol\u00edtica e Econ\u00f4mica do Acre;<\/li>\n\n\n\n<li>No\u00e7\u00f5es de Direito Constitucional;<\/li>\n\n\n\n<li>No\u00e7\u00f5es de Direito Administrativo;<\/li>\n\n\n\n<li>Legisla\u00e7\u00e3o;<\/li>\n\n\n\n<li>Gest\u00e3o P\u00fablica;<\/li>\n\n\n\n<li>No\u00e7\u00f5es de Inform\u00e1tica (<span style=\"text-decoration: underline;\">exceto<\/span> para os cargos 6, 7, 8, 9 e 11).<\/li>\n<\/ul>\n<\/li>\n\n\n\n<li><strong>Conhecimentos b\u00e1sicos n\u00edvel m\u00e9dio<\/strong>\n<ul class=\"wp-block-list\">\n<li>L\u00edngua Portuguesa;<\/li>\n\n\n\n<li>Matem\u00e1tica;<\/li>\n\n\n\n<li>No\u00e7\u00f5es de Inform\u00e1tica (<span style=\"text-decoration: underline;\">exceto<\/span> para o cargo 20);<\/li>\n\n\n\n<li>Conhecimentos da Realidade \u00c9tnica, Social, Geogr\u00e1fica, Cultural, Pol\u00edtica e Econ\u00f4mica do Acre.<\/li>\n<\/ul>\n<\/li>\n\n\n\n<li><strong>Conhecimentos espec\u00edficos <\/strong><\/li>\n<\/ul>\n\n\n\n<p>Foi reprovado nas provas objetivas e eliminado do concurso TCE AC o candidato que se enquadrasse em pelo menos um dos itens a seguir:<\/p>\n\n\n\n<ul class=\"wp-block-list\">\n<li>obtivesse nota inferior a 10,00 pontos na prova objetiva de conhecimentos b\u00e1sicos P1;<\/li>\n\n\n\n<li>obtivesse nota inferior a 21,00 pontos na prova objetiva de conhecimentos espec\u00edficos P2;<\/li>\n\n\n\n<li>obtivesse nota inferior a 36,00 pontos no conjunto das provas objetivas.<\/li>\n<\/ul>\n\n\n\n<h3 class=\"wp-block-heading\" id=\"discursiva\">Prova Discursiva<\/h3>\n\n\n\n<p>A prova discursiva (P3) para os cargos de n\u00edvel superior, exceto para o cargo de Auditor de Controle<br \/>Externo, e de n\u00edvel m\u00e9dio, vale 20,00 pontos e consistiu de <strong>reda\u00e7\u00e3o de texto dissertativo<\/strong>, de at\u00e9 30 linhas, acerca de tema da atualidade.<\/p>\n\n\n\n<p>As provas discursivas (P3 e P4) para o cargo de Auditor de Controle Externo valeram um total de 100,00 pontos e consistiram de:<\/p>\n\n\n\n<ul class=\"wp-block-list\">\n<li><strong>prova discursiva P3:<\/strong> quatro quest\u00f5es, a serem respondidas em at\u00e9 20 linhas cada, no valor de 15,00 pontos cada, totalizando 60,00 pontos acerca de assuntos relacionados aos conhecimentos espec\u00edficos do cargo\/\u00e1rea;<\/li>\n\n\n\n<li><strong>prova discursiva P4:<\/strong> reda\u00e7\u00e3o de uma pe\u00e7a pr\u00e1tica \u2013 Relat\u00f3rio de Auditoria, de at\u00e9 120 linhas, no valor de 40,00 pontos, envolvendo um caso hipot\u00e9tico acerca de assunto relacionado aos conhecimentos espec\u00edficos do cargo\/\u00e1rea.<\/li>\n<\/ul>\n\n\n\n<h3 class=\"wp-block-heading\" id=\"titulos\">Avalia\u00e7\u00e3o de T\u00edtulos<\/h3>\n\n\n\n<p>A avalia\u00e7\u00e3o de t\u00edtulos valeu 10,00, ainda que a soma dos valores dos t\u00edtulos enviados fosse superior a<br \/>esse valor.<\/p>\n\n\n\n<p>Somente foram aceitos os t\u00edtulos abaixo relacionados, expedidos at\u00e9 a data de envio, observados os<br \/>limites de pontos do quadro a seguir.<\/p>\n\n\n\n<figure class=\"wp-block-image aligncenter size-full\"><img loading=\"lazy\" decoding=\"async\" width=\"639\" height=\"450\" src=\"https:\/\/dhg1h5j42swfq.cloudfront.net\/2024\/06\/14103520\/image-337.png\" alt=\"Tabela de atribui\u00e7\u00e3o de pontos na avalia\u00e7\u00e3o de t\u00edtulos\" class=\"wp-image-1415428\" srcset=\"https:\/\/dhg1h5j42swfq.cloudfront.net\/2024\/06\/14103520\/image-337.png 639w, https:\/\/dhg1h5j42swfq.cloudfront.net\/2024\/06\/14103520\/image-337-300x211.png 300w, https:\/\/dhg1h5j42swfq.cloudfront.net\/2024\/06\/14103520\/image-337-610x430.png 610w, https:\/\/dhg1h5j42swfq.cloudfront.net\/2024\/06\/14103520\/image-337-150x106.png 150w\" sizes=\"auto, (max-width: 639px) 100vw, 639px\" \/><figcaption class=\"wp-element-caption\">Concurso TCE AC<\/figcaption><\/figure>\n\n\n\n<hr class=\"wp-block-separator has-css-opacity\"\/>\n\n\n\n<h2 class=\"wp-block-heading has-text-align-center\" id=\"cursos-assinatura\"><em>Cursos para o concurso TCE AC<\/em><\/h2>\n\n\n\n<div class=\"container\" id=\"boxes\">\n  <div class=\"row\">\n\n    <div class=\"col-sm\">\n      <div class=\"banner-controle-ec\" id=\"box-assinatura\">\n        <h2 class=\"titulo-assinatura\">Cursos Concurso TCE AC<\/h2>\n        <p class=\"subtitulo-assinatura\">Cursos preparat\u00f3rios completos! \u2b50<\/p>\n        <div class=\"box-botao\">\n          <a class=\"btn-assinatura\" target=\"_blank\" href=\"https:\/\/www.estrategiaconcursos.com.br\/cursosPorConcurso\/tribunal-de-contas-do-estado-do-acre-tce-ac\/\" role=\"button\" rel=\"noopener noreferrer\">VER CURSOS<\/a>\n        <\/div>\n      <\/div>\n      \n    <\/div>\n\n  <\/div>\n<\/div>\n\n\n\n<div class=\"container\" id=\"boxes\">\r\n  <div class=\"row\">\r\n\r\n    <div class=\"col-sm\">\r\n      <div class=\"estrategia\" id=\"box-assinatura\">\r\n        <h3 class=\"titulo-assinatura\">Assinatura Concursos<\/h3>\r\n        <p class=\"subtitulo-assinatura\">Assinatura de 1 ano ou 2 anos<\/p>\r\n        <div class=\"box-botao\">\r\n          <a class=\"btn-assinatura\" target=\"_blank\" href=\"https:\/\/www.estrategiaconcursos.com.br\/assinaturas\/\" role=\"button\" rel=\"noopener noreferrer\">ASSINE AGORA<\/a>\r\n        <\/div>\r\n      <\/div><\/div><\/div><\/div>\n\n\n\n<h2 class=\"wp-block-heading has-text-align-center\" id=\"cursos\">Quer saber tudo sobre concursos previstos?<br \/>Confira  nossos artigos!<\/h2>\n\n\n\n<ul class=\"wp-block-list\">\n<li><a href=\"https:\/\/www.estrategiaconcursos.com.br\/blog\/concursos-abertos\/\" target=\"_blank\" rel=\"noreferrer noopener\">Concursos Abertos<\/a><\/li>\n\n\n\n<li><a href=\"https:\/\/www.estrategiaconcursos.com.br\/blog\/concursos-controle\/\" target=\"_blank\" rel=\"noreferrer noopener\">Concursos Controle<\/a><\/li>\n\n\n\n<li><a href=\"https:\/\/www.estrategiaconcursos.com.br\/blog\/concursos-2026\/\" target=\"_blank\" rel=\"noreferrer noopener\">Concursos 2026<\/a><\/li>\n<\/ul>\n\n\n\n<figure class=\"wp-block-image size-large is-resized\"><img loading=\"lazy\" decoding=\"async\" width=\"1024\" height=\"632\" src=\"https:\/\/dhg1h5j42swfq.cloudfront.net\/2025\/06\/27101122\/ficha-tecnica-1-1024x632.png\" alt=\"Informa\u00e7\u00f5es do \u00faltimo concurso TCE AC\" class=\"wp-image-702728\" style=\"width:266px;height:auto\" srcset=\"https:\/\/dhg1h5j42swfq.cloudfront.net\/2025\/06\/27101122\/ficha-tecnica-1-1024x632.png 1024w, https:\/\/dhg1h5j42swfq.cloudfront.net\/2025\/06\/27101122\/ficha-tecnica-1-300x185.png 300w, https:\/\/dhg1h5j42swfq.cloudfront.net\/2025\/06\/27101122\/ficha-tecnica-1-768x474.png 768w, https:\/\/dhg1h5j42swfq.cloudfront.net\/2025\/06\/27101122\/ficha-tecnica-1-1536x948.png 1536w, https:\/\/dhg1h5j42swfq.cloudfront.net\/2025\/06\/27101122\/ficha-tecnica-1-610x377.png 610w, https:\/\/dhg1h5j42swfq.cloudfront.net\/2025\/06\/27101122\/ficha-tecnica-1.png 1571w\" sizes=\"auto, (max-width: 1024px) 100vw, 1024px\" \/><\/figure>\n\n\n\n<h3 class=\"wp-block-heading\" id=\"ficha\">Informa\u00e7\u00f5es do pr\u00f3ximo concurso TCE AC<\/h3>\n\n\n\n<ul class=\"wp-block-list\">\n<li><strong style=\"color: initial;\">Data prevista: <\/strong>2026<\/li>\n\n\n\n<li><strong style=\"color: initial;\">Vagas<\/strong><span style=\"color: initial;\">: <\/span>01 + CR<\/li>\n\n\n\n<li><strong>Cargos<\/strong>: Conselheiro Substituto<\/li>\n\n\n\n<li><strong>Banca<\/strong>: a definir<\/li>\n\n\n\n<li><strong>Escolaridade<\/strong>: N\u00edvel superior<\/li>\n<\/ul>\n\n\n\n<h3 class=\"wp-block-heading\">Informa\u00e7\u00f5es do \u00faltimo concurso TCE AC<\/h3>\n\n\n\n<ul class=\"wp-block-list\">\n<li><strong style=\"color: initial;\">Ano: <\/strong>2024<\/li>\n\n\n\n<li><strong style=\"color: initial;\">Vagas<\/strong><span style=\"color: initial;\">: <\/span>38 + CR<\/li>\n\n\n\n<li><strong>Cargos<\/strong>: Auditor, Analista e T\u00e9cnico<\/li>\n\n\n\n<li><strong>Banca<\/strong>: Cebraspe<\/li>\n\n\n\n<li><strong>Escolaridade<\/strong>: N\u00edvel superior<\/li>\n\n\n\n<li><strong>Edital:<\/strong> <a href=\"https:\/\/dhg1h5j42swfq.cloudfront.net\/2024\/06\/20110921\/ed_1_tce_ac_24_abertura.pdf\" target=\"_blank\" rel=\"noreferrer noopener nofollow\">TCE AC 2024<\/a> | <a href=\"https:\/\/dhg1h5j42swfq.cloudfront.net\/2024\/07\/03112304\/ed_2_tce_ac_24_ret_nome_cargo_contedo.pdf\" target=\"_blank\" rel=\"noreferrer noopener nofollow\">Retifica\u00e7\u00e3o 1<\/a> | <a href=\"https:\/\/dhg1h5j42swfq.cloudfront.net\/2024\/07\/23141241\/ed_4_tce_ac_24_ret_conteudo.pdf\" target=\"_blank\" rel=\"noreferrer noopener nofollow\">Retifica\u00e7\u00e3o 2<\/a><\/li>\n<\/ul>\n","protected":false},"excerpt":{"rendered":"<p>Concurso TCE AC ter\u00e1 vaga para Conselheiro Substituto Em contato com fontes internas do Tribunal de Contas do Acre (TCE AC), fomos informados, em primeira m\u00e3o, que existe grande chance de o Cebraspe ser a banca organizadora do certame. Isso porque a empresa \u00e9 muito bem avaliada internamente pela diretoria do \u00f3rg\u00e3o e j\u00e1 foi [&hellip;]<\/p>\n","protected":false},"author":656,"featured_media":1090088,"comment_status":"open","ping_status":"closed","sticky":false,"template":"","format":"standard","meta":{"post_tipo":"news_page","footnotes":""},"categories":[214710],"tags":[],"tax_estado":[219964],"class_list":["post-1084810","post","type-post","status-publish","format-standard","has-post-thumbnail","hentry","category-tribunais-de-contas","tax_estado-ac"],"acf":[],"yoast_head":"<!-- This site is optimized with the Yoast SEO Premium plugin v27.2 (Yoast SEO v27.2) - https:\/\/yoast.com\/product\/yoast-seo-premium-wordpress\/ -->\n<title>Concurso TCE AC 2026: Cebraspe \u00e9 a poss\u00edvel banca; confira!<\/title>\n<meta name=\"description\" content=\"Concurso TCE AC 2026: edital para o cargo de Conselheiro ser\u00e1 publicado em breve. Ser\u00e1 ofertada uma vaga com sal\u00e1rio de R$ 37 mil!\" \/>\n<meta name=\"robots\" content=\"index, follow, max-snippet:-1, max-image-preview:large, max-video-preview:-1\" \/>\n<link rel=\"canonical\" href=\"https:\/\/www.estrategiaconcursos.com.br\/blog\/concurso-tce-ac\/\" \/>\n<meta property=\"og:locale\" content=\"pt_BR\" \/>\n<meta property=\"og:type\" content=\"article\" \/>\n<meta property=\"og:title\" content=\"Concurso TCE AC 2026: Cebraspe \u00e9 a poss\u00edvel banca; confira!\" \/>\n<meta property=\"og:description\" content=\"Concurso TCE AC 2026: edital para o cargo de Conselheiro ser\u00e1 publicado em breve. Ser\u00e1 ofertada uma vaga com sal\u00e1rio de R$ 37 mil!\" \/>\n<meta property=\"og:url\" content=\"https:\/\/www.estrategiaconcursos.com.br\/blog\/concurso-tce-ac\/\" \/>\n<meta property=\"og:site_name\" content=\"Estrat\u00e9gia Concursos\" \/>\n<meta property=\"article:published_time\" content=\"2026-01-14T19:08:00+00:00\" \/>\n<meta property=\"article:modified_time\" content=\"2026-02-03T12:09:49+00:00\" \/>\n<meta property=\"og:image\" content=\"https:\/\/dhg1h5j42swfq.cloudfront.net\/2022\/08\/06102611\/tce_ac.jpg\" \/>\n\t<meta property=\"og:image:width\" content=\"768\" \/>\n\t<meta property=\"og:image:height\" content=\"432\" \/>\n\t<meta property=\"og:image:type\" content=\"image\/jpeg\" \/>\n<meta name=\"author\" content=\"F\u00e1bio Scaldelai\" \/>\n<meta name=\"twitter:card\" content=\"summary_large_image\" \/>\n<meta name=\"twitter:creator\" content=\"@EstratConcursos\" \/>\n<meta name=\"twitter:site\" content=\"@EstratConcursos\" \/>\n<meta name=\"twitter:label1\" content=\"Escrito por\" \/>\n\t<meta name=\"twitter:data1\" content=\"F\u00e1bio Scaldelai\" \/>\n\t<meta name=\"twitter:label2\" content=\"Est. tempo de leitura\" \/>\n\t<meta name=\"twitter:data2\" content=\"9 minutos\" \/>\n<script type=\"application\/ld+json\" class=\"yoast-schema-graph\">{\"@context\":\"https:\/\/schema.org\",\"@graph\":[{\"@type\":\"NewsArticle\",\"@id\":\"https:\/\/www.estrategiaconcursos.com.br\/blog\/concurso-tce-ac\/#article\",\"isPartOf\":{\"@id\":\"https:\/\/www.estrategiaconcursos.com.br\/blog\/concurso-tce-ac\/\"},\"author\":{\"name\":\"F\u00e1bio Scaldelai\",\"@id\":\"https:\/\/www.estrategiaconcursos.com.br\/blog\/#\/schema\/person\/e3b6b7ce0192dd4ad270655969d61750\"},\"headline\":\"Concurso TCE AC 2026: Cebraspe \u00e9 a poss\u00edvel banca; confira!\",\"datePublished\":\"2026-01-14T19:08:00+00:00\",\"dateModified\":\"2026-02-03T12:09:49+00:00\",\"mainEntityOfPage\":{\"@id\":\"https:\/\/www.estrategiaconcursos.com.br\/blog\/concurso-tce-ac\/\"},\"wordCount\":1831,\"commentCount\":0,\"publisher\":{\"@id\":\"https:\/\/www.estrategiaconcursos.com.br\/blog\/#organization\"},\"image\":{\"@id\":\"https:\/\/www.estrategiaconcursos.com.br\/blog\/concurso-tce-ac\/#primaryimage\"},\"thumbnailUrl\":\"https:\/\/dhg1h5j42swfq.cloudfront.net\/2022\/08\/06102611\/tce_ac.jpg\",\"articleSection\":[\"Tribunais de Contas (TCU, TCE, TCM)\"],\"inLanguage\":\"pt-BR\",\"potentialAction\":[{\"@type\":\"CommentAction\",\"name\":\"Comment\",\"target\":[\"https:\/\/www.estrategiaconcursos.com.br\/blog\/concurso-tce-ac\/#respond\"]}],\"copyrightYear\":\"2026\",\"copyrightHolder\":{\"@id\":\"https:\/\/www.estrategiaconcursos.com.br\/blog\/#organization\"}},{\"@type\":\"WebPage\",\"@id\":\"https:\/\/www.estrategiaconcursos.com.br\/blog\/concurso-tce-ac\/\",\"url\":\"https:\/\/www.estrategiaconcursos.com.br\/blog\/concurso-tce-ac\/\",\"name\":\"Concurso TCE AC 2026: Cebraspe \u00e9 a poss\u00edvel banca; confira!\",\"isPartOf\":{\"@id\":\"https:\/\/www.estrategiaconcursos.com.br\/blog\/#website\"},\"primaryImageOfPage\":{\"@id\":\"https:\/\/www.estrategiaconcursos.com.br\/blog\/concurso-tce-ac\/#primaryimage\"},\"image\":{\"@id\":\"https:\/\/www.estrategiaconcursos.com.br\/blog\/concurso-tce-ac\/#primaryimage\"},\"thumbnailUrl\":\"https:\/\/dhg1h5j42swfq.cloudfront.net\/2022\/08\/06102611\/tce_ac.jpg\",\"datePublished\":\"2026-01-14T19:08:00+00:00\",\"dateModified\":\"2026-02-03T12:09:49+00:00\",\"description\":\"Concurso TCE AC 2026: edital para o cargo de Conselheiro ser\u00e1 publicado em breve. Ser\u00e1 ofertada uma vaga com sal\u00e1rio de R$ 37 mil!\",\"breadcrumb\":{\"@id\":\"https:\/\/www.estrategiaconcursos.com.br\/blog\/concurso-tce-ac\/#breadcrumb\"},\"inLanguage\":\"pt-BR\",\"potentialAction\":[{\"@type\":\"ReadAction\",\"target\":[\"https:\/\/www.estrategiaconcursos.com.br\/blog\/concurso-tce-ac\/\"]}]},{\"@type\":\"ImageObject\",\"inLanguage\":\"pt-BR\",\"@id\":\"https:\/\/www.estrategiaconcursos.com.br\/blog\/concurso-tce-ac\/#primaryimage\",\"url\":\"https:\/\/dhg1h5j42swfq.cloudfront.net\/2022\/08\/06102611\/tce_ac.jpg\",\"contentUrl\":\"https:\/\/dhg1h5j42swfq.cloudfront.net\/2022\/08\/06102611\/tce_ac.jpg\",\"width\":768,\"height\":432,\"caption\":\"Concurso TCE AC banca\"},{\"@type\":\"BreadcrumbList\",\"@id\":\"https:\/\/www.estrategiaconcursos.com.br\/blog\/concurso-tce-ac\/#breadcrumb\",\"itemListElement\":[{\"@type\":\"ListItem\",\"position\":1,\"name\":\"In\u00edcio\",\"item\":\"https:\/\/www.estrategiaconcursos.com.br\/blog\/\"},{\"@type\":\"ListItem\",\"position\":2,\"name\":\"Concurso TCE AC 2026: Cebraspe \u00e9 a poss\u00edvel banca; confira!\"}]},{\"@type\":\"WebSite\",\"@id\":\"https:\/\/www.estrategiaconcursos.com.br\/blog\/#website\",\"url\":\"https:\/\/www.estrategiaconcursos.com.br\/blog\/\",\"name\":\"Estrat\u00e9gia Concursos\",\"description\":\"O blog da Estrat\u00e9gia Concursos traz not\u00edcias sobre concursos e artigos de professores oferecendo cursos para concursos (pdf + videaulas) no site.\",\"publisher\":{\"@id\":\"https:\/\/www.estrategiaconcursos.com.br\/blog\/#organization\"},\"potentialAction\":[{\"@type\":\"SearchAction\",\"target\":{\"@type\":\"EntryPoint\",\"urlTemplate\":\"https:\/\/www.estrategiaconcursos.com.br\/blog\/?s={search_term_string}\"},\"query-input\":{\"@type\":\"PropertyValueSpecification\",\"valueRequired\":true,\"valueName\":\"search_term_string\"}}],\"inLanguage\":\"pt-BR\"},{\"@type\":\"Organization\",\"@id\":\"https:\/\/www.estrategiaconcursos.com.br\/blog\/#organization\",\"name\":\"Estrat\u00e9gia Concursos\",\"url\":\"https:\/\/www.estrategiaconcursos.com.br\/blog\/\",\"logo\":{\"@type\":\"ImageObject\",\"inLanguage\":\"pt-BR\",\"@id\":\"https:\/\/www.estrategiaconcursos.com.br\/blog\/#\/schema\/logo\/image\/\",\"url\":\"https:\/\/dhg1h5j42swfq.cloudfront.net\/2025\/06\/03203428\/logo_concursos-1.jpg\",\"contentUrl\":\"https:\/\/dhg1h5j42swfq.cloudfront.net\/2025\/06\/03203428\/logo_concursos-1.jpg\",\"width\":230,\"height\":60,\"caption\":\"Estrat\u00e9gia Concursos\"},\"image\":{\"@id\":\"https:\/\/www.estrategiaconcursos.com.br\/blog\/#\/schema\/logo\/image\/\"},\"sameAs\":[\"https:\/\/x.com\/EstratConcursos\"]},{\"@type\":\"Person\",\"@id\":\"https:\/\/www.estrategiaconcursos.com.br\/blog\/#\/schema\/person\/e3b6b7ce0192dd4ad270655969d61750\",\"name\":\"F\u00e1bio Scaldelai\",\"image\":{\"@type\":\"ImageObject\",\"inLanguage\":\"pt-BR\",\"@id\":\"https:\/\/secure.gravatar.com\/avatar\/8ed7492c4d88d8495bc0cb24cda6847b8ae23eec459a919e08e77d0ca0fd79ec?s=96&d=mm&r=g\",\"url\":\"https:\/\/secure.gravatar.com\/avatar\/8ed7492c4d88d8495bc0cb24cda6847b8ae23eec459a919e08e77d0ca0fd79ec?s=96&d=mm&r=g\",\"contentUrl\":\"https:\/\/secure.gravatar.com\/avatar\/8ed7492c4d88d8495bc0cb24cda6847b8ae23eec459a919e08e77d0ca0fd79ec?s=96&d=mm&r=g\",\"caption\":\"F\u00e1bio Scaldelai\"},\"description\":\"Jornalista no Estrat\u00e9gia Concursos e Produtor de Televis\u00e3o, formado em Jornalismo, R\u00e1dio e TV pela Faculdade Integrada Rio Branco, com especializa\u00e7\u00f5es em Gest\u00e3o Empresarial e Marketing pelo M\u00f3dulo. Atuou como produtor no SBT, TV Bandeirantes e R\u00e1dio Band FM, al\u00e9m de acumular tr\u00eas anos de experi\u00eancia no setor de concursos p\u00fablicos pela LFG (Luiz Fl\u00e1vio Gomes). No Estrat\u00e9gia Concursos, atua na apura\u00e7\u00e3o de not\u00edcias da \u00e1rea fiscal, al\u00e9m de coberturas sobre concursos das \u00e1reas de controle (TCU, TCE, etc), concurso AFT, \u00e1rea de gest\u00e3o e administrativa, bem como dos \u00f3rg\u00e3os participantes do CNU. Tamb\u00e9m possui experi\u00eancia em link building e an\u00e1lise de m\u00eddia, adquirida durante sua atua\u00e7\u00e3o na ag\u00eancia SEO Marketing.\",\"url\":\"https:\/\/www.estrategiaconcursos.com.br\/blog\/author\/fabio-scaldelaiestrategiaconcursos-com-br\/\"}]}<\/script>\n<!-- \/ Yoast SEO Premium plugin. -->","yoast_head_json":{"title":"Concurso TCE AC 2026: Cebraspe \u00e9 a poss\u00edvel banca; confira!","description":"Concurso TCE AC 2026: edital para o cargo de Conselheiro ser\u00e1 publicado em breve. Ser\u00e1 ofertada uma vaga com sal\u00e1rio de R$ 37 mil!","robots":{"index":"index","follow":"follow","max-snippet":"max-snippet:-1","max-image-preview":"max-image-preview:large","max-video-preview":"max-video-preview:-1"},"canonical":"https:\/\/www.estrategiaconcursos.com.br\/blog\/concurso-tce-ac\/","og_locale":"pt_BR","og_type":"article","og_title":"Concurso TCE AC 2026: Cebraspe \u00e9 a poss\u00edvel banca; confira!","og_description":"Concurso TCE AC 2026: edital para o cargo de Conselheiro ser\u00e1 publicado em breve. Ser\u00e1 ofertada uma vaga com sal\u00e1rio de R$ 37 mil!","og_url":"https:\/\/www.estrategiaconcursos.com.br\/blog\/concurso-tce-ac\/","og_site_name":"Estrat\u00e9gia Concursos","article_published_time":"2026-01-14T19:08:00+00:00","article_modified_time":"2026-02-03T12:09:49+00:00","og_image":[{"width":768,"height":432,"url":"https:\/\/dhg1h5j42swfq.cloudfront.net\/2022\/08\/06102611\/tce_ac.jpg","type":"image\/jpeg"}],"author":"F\u00e1bio Scaldelai","twitter_card":"summary_large_image","twitter_creator":"@EstratConcursos","twitter_site":"@EstratConcursos","twitter_misc":{"Escrito por":"F\u00e1bio Scaldelai","Est. tempo de leitura":"9 minutos"},"schema":{"@context":"https:\/\/schema.org","@graph":[{"@type":"NewsArticle","@id":"https:\/\/www.estrategiaconcursos.com.br\/blog\/concurso-tce-ac\/#article","isPartOf":{"@id":"https:\/\/www.estrategiaconcursos.com.br\/blog\/concurso-tce-ac\/"},"author":{"name":"F\u00e1bio Scaldelai","@id":"https:\/\/www.estrategiaconcursos.com.br\/blog\/#\/schema\/person\/e3b6b7ce0192dd4ad270655969d61750"},"headline":"Concurso TCE AC 2026: Cebraspe \u00e9 a poss\u00edvel banca; confira!","datePublished":"2026-01-14T19:08:00+00:00","dateModified":"2026-02-03T12:09:49+00:00","mainEntityOfPage":{"@id":"https:\/\/www.estrategiaconcursos.com.br\/blog\/concurso-tce-ac\/"},"wordCount":1831,"commentCount":0,"publisher":{"@id":"https:\/\/www.estrategiaconcursos.com.br\/blog\/#organization"},"image":{"@id":"https:\/\/www.estrategiaconcursos.com.br\/blog\/concurso-tce-ac\/#primaryimage"},"thumbnailUrl":"https:\/\/dhg1h5j42swfq.cloudfront.net\/2022\/08\/06102611\/tce_ac.jpg","articleSection":["Tribunais de Contas (TCU, TCE, TCM)"],"inLanguage":"pt-BR","potentialAction":[{"@type":"CommentAction","name":"Comment","target":["https:\/\/www.estrategiaconcursos.com.br\/blog\/concurso-tce-ac\/#respond"]}],"copyrightYear":"2026","copyrightHolder":{"@id":"https:\/\/www.estrategiaconcursos.com.br\/blog\/#organization"}},{"@type":"WebPage","@id":"https:\/\/www.estrategiaconcursos.com.br\/blog\/concurso-tce-ac\/","url":"https:\/\/www.estrategiaconcursos.com.br\/blog\/concurso-tce-ac\/","name":"Concurso TCE AC 2026: Cebraspe \u00e9 a poss\u00edvel banca; confira!","isPartOf":{"@id":"https:\/\/www.estrategiaconcursos.com.br\/blog\/#website"},"primaryImageOfPage":{"@id":"https:\/\/www.estrategiaconcursos.com.br\/blog\/concurso-tce-ac\/#primaryimage"},"image":{"@id":"https:\/\/www.estrategiaconcursos.com.br\/blog\/concurso-tce-ac\/#primaryimage"},"thumbnailUrl":"https:\/\/dhg1h5j42swfq.cloudfront.net\/2022\/08\/06102611\/tce_ac.jpg","datePublished":"2026-01-14T19:08:00+00:00","dateModified":"2026-02-03T12:09:49+00:00","description":"Concurso TCE AC 2026: edital para o cargo de Conselheiro ser\u00e1 publicado em breve. Ser\u00e1 ofertada uma vaga com sal\u00e1rio de R$ 37 mil!","breadcrumb":{"@id":"https:\/\/www.estrategiaconcursos.com.br\/blog\/concurso-tce-ac\/#breadcrumb"},"inLanguage":"pt-BR","potentialAction":[{"@type":"ReadAction","target":["https:\/\/www.estrategiaconcursos.com.br\/blog\/concurso-tce-ac\/"]}]},{"@type":"ImageObject","inLanguage":"pt-BR","@id":"https:\/\/www.estrategiaconcursos.com.br\/blog\/concurso-tce-ac\/#primaryimage","url":"https:\/\/dhg1h5j42swfq.cloudfront.net\/2022\/08\/06102611\/tce_ac.jpg","contentUrl":"https:\/\/dhg1h5j42swfq.cloudfront.net\/2022\/08\/06102611\/tce_ac.jpg","width":768,"height":432,"caption":"Concurso TCE AC banca"},{"@type":"BreadcrumbList","@id":"https:\/\/www.estrategiaconcursos.com.br\/blog\/concurso-tce-ac\/#breadcrumb","itemListElement":[{"@type":"ListItem","position":1,"name":"In\u00edcio","item":"https:\/\/www.estrategiaconcursos.com.br\/blog\/"},{"@type":"ListItem","position":2,"name":"Concurso TCE AC 2026: Cebraspe \u00e9 a poss\u00edvel banca; confira!"}]},{"@type":"WebSite","@id":"https:\/\/www.estrategiaconcursos.com.br\/blog\/#website","url":"https:\/\/www.estrategiaconcursos.com.br\/blog\/","name":"Estrat\u00e9gia Concursos","description":"O blog da Estrat\u00e9gia Concursos traz not\u00edcias sobre concursos e artigos de professores oferecendo cursos para concursos (pdf + videaulas) no site.","publisher":{"@id":"https:\/\/www.estrategiaconcursos.com.br\/blog\/#organization"},"potentialAction":[{"@type":"SearchAction","target":{"@type":"EntryPoint","urlTemplate":"https:\/\/www.estrategiaconcursos.com.br\/blog\/?s={search_term_string}"},"query-input":{"@type":"PropertyValueSpecification","valueRequired":true,"valueName":"search_term_string"}}],"inLanguage":"pt-BR"},{"@type":"Organization","@id":"https:\/\/www.estrategiaconcursos.com.br\/blog\/#organization","name":"Estrat\u00e9gia Concursos","url":"https:\/\/www.estrategiaconcursos.com.br\/blog\/","logo":{"@type":"ImageObject","inLanguage":"pt-BR","@id":"https:\/\/www.estrategiaconcursos.com.br\/blog\/#\/schema\/logo\/image\/","url":"https:\/\/dhg1h5j42swfq.cloudfront.net\/2025\/06\/03203428\/logo_concursos-1.jpg","contentUrl":"https:\/\/dhg1h5j42swfq.cloudfront.net\/2025\/06\/03203428\/logo_concursos-1.jpg","width":230,"height":60,"caption":"Estrat\u00e9gia Concursos"},"image":{"@id":"https:\/\/www.estrategiaconcursos.com.br\/blog\/#\/schema\/logo\/image\/"},"sameAs":["https:\/\/x.com\/EstratConcursos"]},{"@type":"Person","@id":"https:\/\/www.estrategiaconcursos.com.br\/blog\/#\/schema\/person\/e3b6b7ce0192dd4ad270655969d61750","name":"F\u00e1bio Scaldelai","image":{"@type":"ImageObject","inLanguage":"pt-BR","@id":"https:\/\/secure.gravatar.com\/avatar\/8ed7492c4d88d8495bc0cb24cda6847b8ae23eec459a919e08e77d0ca0fd79ec?s=96&d=mm&r=g","url":"https:\/\/secure.gravatar.com\/avatar\/8ed7492c4d88d8495bc0cb24cda6847b8ae23eec459a919e08e77d0ca0fd79ec?s=96&d=mm&r=g","contentUrl":"https:\/\/secure.gravatar.com\/avatar\/8ed7492c4d88d8495bc0cb24cda6847b8ae23eec459a919e08e77d0ca0fd79ec?s=96&d=mm&r=g","caption":"F\u00e1bio Scaldelai"},"description":"Jornalista no Estrat\u00e9gia Concursos e Produtor de Televis\u00e3o, formado em Jornalismo, R\u00e1dio e TV pela Faculdade Integrada Rio Branco, com especializa\u00e7\u00f5es em Gest\u00e3o Empresarial e Marketing pelo M\u00f3dulo. Atuou como produtor no SBT, TV Bandeirantes e R\u00e1dio Band FM, al\u00e9m de acumular tr\u00eas anos de experi\u00eancia no setor de concursos p\u00fablicos pela LFG (Luiz Fl\u00e1vio Gomes). No Estrat\u00e9gia Concursos, atua na apura\u00e7\u00e3o de not\u00edcias da \u00e1rea fiscal, al\u00e9m de coberturas sobre concursos das \u00e1reas de controle (TCU, TCE, etc), concurso AFT, \u00e1rea de gest\u00e3o e administrativa, bem como dos \u00f3rg\u00e3os participantes do CNU. Tamb\u00e9m possui experi\u00eancia em link building e an\u00e1lise de m\u00eddia, adquirida durante sua atua\u00e7\u00e3o na ag\u00eancia SEO Marketing.","url":"https:\/\/www.estrategiaconcursos.com.br\/blog\/author\/fabio-scaldelaiestrategiaconcursos-com-br\/"}]}},"_links":{"self":[{"href":"https:\/\/www.estrategiaconcursos.com.br\/blog\/wp-json\/wp\/v2\/posts\/1084810","targetHints":{"allow":["GET"]}}],"collection":[{"href":"https:\/\/www.estrategiaconcursos.com.br\/blog\/wp-json\/wp\/v2\/posts"}],"about":[{"href":"https:\/\/www.estrategiaconcursos.com.br\/blog\/wp-json\/wp\/v2\/types\/post"}],"author":[{"embeddable":true,"href":"https:\/\/www.estrategiaconcursos.com.br\/blog\/wp-json\/wp\/v2\/users\/656"}],"replies":[{"embeddable":true,"href":"https:\/\/www.estrategiaconcursos.com.br\/blog\/wp-json\/wp\/v2\/comments?post=1084810"}],"version-history":[{"count":137,"href":"https:\/\/www.estrategiaconcursos.com.br\/blog\/wp-json\/wp\/v2\/posts\/1084810\/revisions"}],"predecessor-version":[{"id":1699436,"href":"https:\/\/www.estrategiaconcursos.com.br\/blog\/wp-json\/wp\/v2\/posts\/1084810\/revisions\/1699436"}],"wp:featuredmedia":[{"embeddable":true,"href":"https:\/\/www.estrategiaconcursos.com.br\/blog\/wp-json\/wp\/v2\/media\/1090088"}],"wp:attachment":[{"href":"https:\/\/www.estrategiaconcursos.com.br\/blog\/wp-json\/wp\/v2\/media?parent=1084810"}],"wp:term":[{"taxonomy":"category","embeddable":true,"href":"https:\/\/www.estrategiaconcursos.com.br\/blog\/wp-json\/wp\/v2\/categories?post=1084810"},{"taxonomy":"post_tag","embeddable":true,"href":"https:\/\/www.estrategiaconcursos.com.br\/blog\/wp-json\/wp\/v2\/tags?post=1084810"},{"taxonomy":"tax_estado","embeddable":true,"href":"https:\/\/www.estrategiaconcursos.com.br\/blog\/wp-json\/wp\/v2\/tax_estado?post=1084810"}],"curies":[{"name":"wp","href":"https:\/\/api.w.org\/{rel}","templated":true}]}}