{"id":1084338,"date":"2022-09-21T10:09:00","date_gmt":"2022-09-21T13:09:00","guid":{"rendered":"https:\/\/www.estrategiaconcursos.com.br\/blog\/?p=1084338"},"modified":"2022-09-12T13:27:24","modified_gmt":"2022-09-12T16:27:24","slug":"jurisprudencia-direito-tributario","status":"publish","type":"post","link":"https:\/\/www.estrategiaconcursos.com.br\/blog\/jurisprudencia-direito-tributario\/","title":{"rendered":"Jurisprud\u00eancia em Direito Tribut\u00e1rio: taxas"},"content":{"rendered":"\n<p class=\"has-text-align-center\"><em>Resumo acerca das principais jurisprud\u00eancias em mat\u00e9ria tribut\u00e1ria com rela\u00e7\u00e3o \u00e0s taxas.<\/em><\/p>\n\n\n\n<p><\/p>\n\n\n\n<figure class=\"wp-block-image aligncenter size-full is-resized\"><img loading=\"lazy\" decoding=\"async\" src=\"https:\/\/dhg1h5j42swfq.cloudfront.net\/2022\/08\/25221244\/image-125-2.png\" alt=\"Jurisprud\u00eancia em direito tribut\u00e1rio: taxas\" class=\"wp-image-1084339\" width=\"625\" height=\"430\" srcset=\"https:\/\/dhg1h5j42swfq.cloudfront.net\/2022\/08\/25221244\/image-125-2.png 800w, https:\/\/dhg1h5j42swfq.cloudfront.net\/2022\/08\/25221244\/image-125-2-300x206.png 300w, https:\/\/dhg1h5j42swfq.cloudfront.net\/2022\/08\/25221244\/image-125-2-768x528.png 768w, https:\/\/dhg1h5j42swfq.cloudfront.net\/2022\/08\/25221244\/image-125-2-610x419.png 610w, https:\/\/dhg1h5j42swfq.cloudfront.net\/2022\/08\/25221244\/image-125-2-150x103.png 150w\" sizes=\"auto, (max-width: 625px) 100vw, 625px\" \/><figcaption>Jurisprud\u00eancia em direito tribut\u00e1rio: taxas<\/figcaption><\/figure>\n\n\n\n<p>Fala pessoal!<\/p>\n\n\n\n<p>Tudo bem?<\/p>\n\n\n\n<p>Neste artigo vamos continuar a abordagem da <strong>jurisprud\u00eancia em direito tribut\u00e1rio<\/strong>. O tema tratado ser\u00e1: <strong>taxas.<\/strong><\/p>\n\n\n\n<p>Como s\u00e3o muitos entendimentos jurisprudenciais em mat\u00e9ria tribut\u00e1ria, nossos artigos ser\u00e3o divididos por temas a fim de deixar mais did\u00e1tico o estudo.<\/p>\n\n\n\n<p>Vamos trazer um compilado com as principais jurisprud\u00eancias a esse respeito e fazer os coment\u00e1rios necess\u00e1rios.<\/p>\n\n\n\n<p>Diante da mudan\u00e7a do estilo de cobran\u00e7a de algumas bancas,<strong> principalmente em rela\u00e7\u00e3o \u00e0 FGV<\/strong>, surge a necessidade de aprofundarmos o estudo das jurisprud\u00eancias.<\/p>\n\n\n\n<p>\u00c9 importante frisar que este artigo n\u00e3o tem o objetivo de analisar a fundo cada jurisprud\u00eancia apresentada.<strong> A ideia \u00e9 dar uma vis\u00e3o geral dos principais entendimentos jurisprudenciais acerca das taxas.<\/strong><\/p>\n\n\n\n<p>Ademais, outros artigos abordar\u00e3o outros temas importantes em direito tribut\u00e1rio, fiquem atentos.<\/p>\n\n\n\n<p>Vamos nessa?<\/p>\n\n\n\n<h2 class=\"wp-block-heading\">JURISPRUD\u00caNCIA EM DIREITO TRIBUT\u00c1RIO<\/h2>\n\n\n\n<h3 class=\"wp-block-heading\" id=\"h-\"><\/h3>\n\n\n\n<p>A primeira jurisprud\u00eancia em direito tribut\u00e1rio, relacionada \u00e0 taxa, trata sobre a cobran\u00e7a desta para a matr\u00edcula nas universidades p\u00fablicas.<\/p>\n\n\n\n<p>O art. 206, inciso IV da Constitui\u00e7\u00e3o Federal de 1988 apresenta como princ\u00edpio da educa\u00e7\u00e3o a<strong> gratuidade do ensino p\u00fablico em estabelecimentos oficiais.<\/strong><\/p>\n\n\n\n<p>Portanto, segundo o ministro Joaquim Barbosa \u201cO que n\u00e3o se mostra fact\u00edvel, do ponto de vista constitucional, \u00e9 que as universidades p\u00fablicas, integralmente mantidas pelo Estado, criem obst\u00e1culos de natureza financeira para o acesso dos estudantes aos cursos que ministram, ainda que de pequena express\u00e3o econ\u00f4mica, a pretexto de subsidiar alunos carentes, como ocorre no caso dos autos\u201d.<\/p>\n\n\n\n<p>Com isso, o Supremo Tribunal Federal sumulou o entendimento contra a cobran\u00e7a de taxa de matr\u00edcula nas universidades p\u00fablicas. Vejamos o teor da s\u00famula:<\/p>\n\n\n\n<p><strong><mark style=\"background-color:rgba(0, 0, 0, 0)\" class=\"has-inline-color has-vivid-red-color\">S\u00famula Vinculante STF n\u00ba 12<\/mark><\/strong><\/p>\n\n\n\n<p>A cobran\u00e7a de <strong>taxa de matr\u00edcula<\/strong> nas universidades p\u00fablicas <strong>viola o disposto no art. 206, IV,<\/strong> da Constitui\u00e7\u00e3o Federal.<\/p>\n\n\n\n<p>Vejamos o que diz a pr\u00f3xima s\u00famula.<\/p>\n\n\n\n<p><strong><mark style=\"background-color:rgba(0, 0, 0, 0)\" class=\"has-inline-color has-vivid-red-color\">S\u00famula Vinculante STF n\u00ba 19<\/mark><\/strong><\/p>\n\n\n\n<p>A taxa cobrada <strong>exclusivamente em raz\u00e3o dos servi\u00e7os p\u00fablicos de<\/strong><strong> coleta, remo\u00e7\u00e3o e tratamento ou destina\u00e7\u00e3o de lixo<\/strong> ou res\u00edduos provenientes de im\u00f3veis, <strong>n\u00e3o viola<\/strong> o artigo 145, II, da Constitui\u00e7\u00e3o Federal.<\/p>\n\n\n\n<p>Sabemos que a taxa se caracteriza por ser uma esp\u00e9cie de tributo cujo fato gerador \u00e9 configurado por uma atua\u00e7\u00e3o do Estado que pode consistir no exerc\u00edcio regular do poder de pol\u00edcia ou <strong>na presta\u00e7\u00e3o ao contribuinte de servi\u00e7o p\u00fablico espec\u00edfico e divis\u00edvel.<\/strong><\/p>\n\n\n\n<p>Dessa forma, a Suprema Corte entendeu que <strong>\u00e9 poss\u00edvel<\/strong> considerar o servi\u00e7o de coleta, remo\u00e7\u00e3o e tratamento do lixo como um <strong>servi\u00e7o espec\u00edfico e divis\u00edvel<\/strong> decorrentes de cada im\u00f3vel.<\/p>\n\n\n\n<p>Vamos relembrar esses conceitos:<\/p>\n\n\n\n<p><strong>Servi\u00e7os espec\u00edficos:<\/strong> quando possam ser destacados em unidades aut\u00f4nomas de interven\u00e7\u00e3o, de utilidade, ou de necessidades p\u00fablicas;<\/p>\n\n\n\n<p><strong>Servi\u00e7os divis\u00edveis:<\/strong> quando suscet\u00edveis de utiliza\u00e7\u00e3o, separadamente, por parte de cada um dos seus usu\u00e1rios.<\/p>\n\n\n\n<p>\u00c9 importante salientar que isso s\u00f3 \u00e9 poss\u00edvel quando o servi\u00e7o citado <strong>estiver dissociado de outros servi\u00e7os p\u00fablicos<\/strong> de limpeza realizados em benef\u00edcio <strong>\u00e0 popula\u00e7\u00e3o geral,<\/strong> como a limpeza de pra\u00e7as.<\/p>\n\n\n\n<p>Vamos a pr\u00f3xima.<\/p>\n\n\n\n<p><strong><mark style=\"background-color:rgba(0, 0, 0, 0)\" class=\"has-inline-color has-vivid-red-color\">S\u00famula Vinculante STF n\u00ba 29<\/mark><\/strong><\/p>\n\n\n\n<p>\u00c9 <strong>constitucional<\/strong> a ado\u00e7\u00e3o, no c\u00e1lculo do valor de taxa, de um ou mais elementos da base de c\u00e1lculo pr\u00f3pria de determinado imposto, <strong>desde<\/strong><strong> <\/strong><strong>que<\/strong> n\u00e3o haja integral identidade entre uma base e outra.<\/p>\n\n\n\n<p>O art. 145, \u00a7 2\u00ba da Constitui\u00e7\u00e3o Federal de 1988, trata sobre a proibi\u00e7\u00e3o das taxas possu\u00edrem a mesma base de c\u00e1lculo dos impostos.<\/p>\n\n\n\n<p>Entretanto, em busca do princ\u00edpio da <strong>proporcionalidade e razoabilidade<\/strong>, a jurisprud\u00eancia em direito tribut\u00e1rio foi no sentido de ser poss\u00edvel a utiliza\u00e7\u00e3o de alguns crit\u00e9rios utilizados na base de c\u00e1lculo dos impostos, <strong>desde que n\u00e3o haja total identidade entre uma base e outra.<\/strong><\/p>\n\n\n\n<p>N\u00e3o deixem de gravar esse entendimento jurisprudencial.<\/p>\n\n\n\n<p><strong><mark style=\"background-color:rgba(0, 0, 0, 0)\" class=\"has-inline-color has-vivid-red-color\">S\u00famula Vinculante STF n\u00ba 41<\/mark><\/strong><\/p>\n\n\n\n<p>O servi\u00e7o de<strong> ilumina\u00e7\u00e3o p\u00fablica<\/strong> <strong>n\u00e3o pode<\/strong> ser remunerado mediante taxa.<\/p>\n\n\n\n<p>Essa jurisprud\u00eancia n\u00e3o pode ser deixada de lado. O servi\u00e7o de ilumina\u00e7\u00e3o p\u00fablica n\u00e3o atende ao crit\u00e9rio de especificidade e divisibilidade exigidos pelo conceito de taxa.<\/p>\n\n\n\n<p>Portanto, s\u00e3o remunerados por meio de contribui\u00e7\u00f5es estabelecidas pelos munic\u00edpios, por serem de interesse local.<\/p>\n\n\n\n<p><strong><mark style=\"background-color:rgba(0, 0, 0, 0)\" class=\"has-inline-color has-vivid-red-color\">STF S\u00famula n\u00ba 545<\/mark><\/strong><\/p>\n\n\n\n<p>Pre\u00e7os de servi\u00e7os p\u00fablicos e taxas <strong>n\u00e3o se confundem<\/strong>, porque estas, diferentemente daqueles, s\u00e3o <strong>compuls\u00f3rias<\/strong> e t\u00eam sua cobran\u00e7a condicionada \u00e0 pr\u00e9via autoriza\u00e7\u00e3o or\u00e7ament\u00e1ria, em rela\u00e7\u00e3o \u00e0 lei que as instituiu.<\/p>\n\n\n\n<p>Uma confus\u00e3o muito comum de se fazer acontece entre os conceitos de pre\u00e7o p\u00fablico e taxas.<\/p>\n\n\n\n<p>Diante disso, vamos colocar em uma tabela os principais pontos de diferen\u00e7as entre eles.<\/p>\n\n\n\n<figure class=\"wp-block-table aligncenter\"><table><tbody><tr><td class=\"has-text-align-center\" data-align=\"center\"><strong>TAXA<\/strong><\/td><td class=\"has-text-align-center\" data-align=\"center\"><strong>PRE\u00c7O P\u00daBLICO<\/strong><\/td><\/tr><tr><td class=\"has-text-align-center\" data-align=\"center\">Receita derivada (tribut\u00e1ria)<\/td><td class=\"has-text-align-center\" data-align=\"center\">Receita origin\u00e1ria (patrimonial)<\/td><\/tr><tr><td class=\"has-text-align-center\" data-align=\"center\">Regime jur\u00eddico de direito p\u00fablico<\/td><td class=\"has-text-align-center\" data-align=\"center\">Regime jur\u00eddico de direito privado<\/td><\/tr><tr><td class=\"has-text-align-center\" data-align=\"center\">Compuls\u00f3rio<\/td><td class=\"has-text-align-center\" data-align=\"center\">Facultativo<\/td><\/tr><tr><td class=\"has-text-align-center\" data-align=\"center\">N\u00e3o admite rescis\u00e3o<\/td><td class=\"has-text-align-center\" data-align=\"center\">Admite rescis\u00e3o<\/td><\/tr><tr><td class=\"has-text-align-center\" data-align=\"center\">Sujeita aos princ\u00edpios tribut\u00e1rios<\/td><td class=\"has-text-align-center\" data-align=\"center\">N\u00e3o sujeito aos princ\u00edpios tribut\u00e1rios<\/td><\/tr><\/tbody><\/table><figcaption>Compara\u00e7\u00e3o entre taxa e pre\u00e7o p\u00fablico<\/figcaption><\/figure>\n\n\n\n<p>A principal diferen\u00e7a entre eles \u00e9 que a taxa, seguindo o conceito de tributo, tem car\u00e1ter compuls\u00f3rio, enquanto o pre\u00e7o p\u00fablico possui car\u00e1ter facultativo.<\/p>\n\n\n\n<p>Por consequ\u00eancia, a taxa est\u00e1 sujeita aos princ\u00edpios tribut\u00e1rios e os pre\u00e7os p\u00fablicos, n\u00e3o.<\/p>\n\n\n\n<p>Ainda, a taxa \u00e9 uma receita derivada, pois \u00e9 decorrente de arrecada\u00e7\u00e3o tribut\u00e1ria, enquanto o pre\u00e7o p\u00fablico \u00e9 uma receita origin\u00e1ria, resultante da explora\u00e7\u00e3o de patrim\u00f4nio do governo.<\/p>\n\n\n\n<p>Al\u00e9m disso, n\u00e3o h\u00e1 de se falar de rescis\u00e3o de tributo, logo, n\u00e3o \u00e9 admitida a rescis\u00e3o da taxa, enquanto o pre\u00e7o p\u00fablico deriva de contrato, podendo haver rescis\u00e3o.<\/p>\n\n\n\n<p>Esse \u00e9 um assunto muito recorrente em prova, n\u00e3o deixem de memorizar essa jurisprud\u00eancia.<\/p>\n\n\n\n<p><strong><mark style=\"background-color:rgba(0, 0, 0, 0)\" class=\"has-inline-color has-vivid-red-color\">STF S\u00famula n\u00ba 595<\/mark><\/strong><\/p>\n\n\n\n<p>\u00c9 <strong>inconstitucional<\/strong> a taxa municipal de conserva\u00e7\u00e3o de estradas de rodagem cuja base de c\u00e1lculo seja <strong>id\u00eantica <\/strong>a do imposto territorial rural.<\/p>\n\n\n\n<p>Como j\u00e1 visto, a base de c\u00e1lculo das taxas n\u00e3o pode ser id\u00eantica \u00e0 dos impostos, logo, o Supremo entendeu que&nbsp; a base de c\u00e1lculo \u00e9 &#8220;<strong>pr\u00f3pria de imposto e n\u00e3o de taxa por servi\u00e7os espec\u00edficos e divis\u00edveis<\/strong> postos \u00e0 disposi\u00e7\u00e3o do seu contribuinte&#8221; e &#8220;n\u00e3o tendo o munic\u00edpio &#8211; uma vez que, em mat\u00e9ria de impostos, a compet\u00eancia \u00e9 da Uni\u00e3o &#8211; compet\u00eancia para criar tributos outros que n\u00e3o os que a <a href=\"http:\/\/www.planalto.gov.br\/ccivil_03\/constituicao\/constituicao.htm\" target=\"_blank\" rel=\"noreferrer noopener\">Constitui\u00e7\u00e3o<\/a> lhe atribui, o imposto dissimulado pela taxa \u00e9 inconstitucional&#8221; (<a href=\"http:\/\/redir.stf.jus.br\/paginadorpub\/paginador.jsp?docTP=AC&amp;docID=207416\" target=\"_blank\" rel=\"noreferrer noopener\">RE 121.617<\/a>).<\/p>\n\n\n\n<p><strong><mark style=\"background-color:rgba(0, 0, 0, 0)\" class=\"has-inline-color has-vivid-red-color\">STF S\u00famula n\u00ba 665<\/mark><\/strong><\/p>\n\n\n\n<p>\u00c9 <strong>constitucional <\/strong>a Taxa de <strong>Fiscaliza\u00e7\u00e3o <\/strong>dos Mercados de T\u00edtulos e Valores Mobili\u00e1rios institu\u00edda pela Lei 7.940\/89.<\/p>\n\n\n\n<p>Sem muitos coment\u00e1rios para essa s\u00famula. Gravem a constitucionalidade da taxa de fiscaliza\u00e7\u00e3o dos Mercados de T\u00edtulos e Valores Mobili\u00e1rios, afinal, ela atende aos crit\u00e9rios exigidos para ser considerada taxa.<\/p>\n\n\n\n<p><strong><mark style=\"background-color:rgba(0, 0, 0, 0)\" class=\"has-inline-color has-vivid-red-color\">STF S\u00famula n\u00ba 667<\/mark><\/strong><\/p>\n\n\n\n<p><strong>Viola a garantia constitucional<\/strong> de acesso \u00e0 jurisdi\u00e7\u00e3o a <strong>taxa judici\u00e1ria<\/strong><strong> <\/strong><strong>calculada sem limite<\/strong> sobre o valor da causa.<\/p>\n\n\n\n<p>\u00c9 leg\u00edtima a cobran\u00e7a das custas judiciais e das taxas judici\u00e1rias tendo por par\u00e2metro o valor da causa, <strong><mark style=\"background-color:rgba(0, 0, 0, 0)\" class=\"has-inline-color has-vivid-red-color\">desde que<\/mark><\/strong> fixados valores m\u00ednimos e m\u00e1ximos. <em>STF. Plen\u00e1rio. ADI 5688\/PB, Rel. Min. Edson Fachin, julgado em <strong>22\/10\/2021<\/strong> (Info 1035).<\/em><\/p>\n\n\n\n<p>A ideia da s\u00famula 667 foi evitar cobran\u00e7as judiciais sem limites, estabelecendo um teto limite que assegure correla\u00e7\u00e3o entre o que foi pago e o custo da atividade prestada. Contudo, em 2021, o STF decidiu, no \u00e2mbito de uma a\u00e7\u00e3o direta de inconstitucionalidade, que \u00e9 poss\u00edvel a cobran\u00e7a das taxas judici\u00e1rias, <strong>desde que<\/strong> sejam fixados valores m\u00e1ximos e m\u00ednimos. <\/p>\n\n\n\n<p>Portanto, fiquem atentos ao que a quest\u00e3o da prova exige e tenha em mente esses dois entendimentos.<\/p>\n\n\n\n<h2 class=\"wp-block-heading\">ENTENDIMENTOS JURISPRUDENCIAIS<\/h2>\n\n\n\n<p>Pessoal, vamos abordar agora alguns entendimentos jurisprudenciais que, a despeito de n\u00e3o terem sido sumulados, s\u00e3o de grande relev\u00e2ncia e est\u00e3o sendo aplicados.<\/p>\n\n\n\n<p><strong>\u00c9<mark style=\"background-color:rgba(0, 0, 0, 0)\" class=\"has-inline-color has-vivid-red-color\"> constitucional<\/mark> a institui\u00e7\u00e3o de taxa pela qual observada equival\u00eancia razo\u00e1vel entre o valor exigido do contribuinte e os custos referentes ao exerc\u00edcio do poder de pol\u00edcia, nos termos do art. 145, II, da Constitui\u00e7\u00e3o Federal.<\/strong><\/p>\n\n\n\n<p><em>STF. Plen\u00e1rio. ADI 6737\/PR, Rel. Min. Carmem L\u00facia, julgado em 7\/6\/2021 (Info 1020).<\/em><\/p>\n\n\n\n<p><strong>\u00c9 <mark style=\"background-color:rgba(0, 0, 0, 0)\" class=\"has-inline-color has-vivid-red-color\">inconstitucional<\/mark> lei estadual que cria taxa de fiscaliza\u00e7\u00e3o da explora\u00e7\u00e3o de recursos h\u00eddricos na qual o valor cobrado \u00e9 muito superior em rela\u00e7\u00e3o ao custo da atividade estatal relacionada.<\/strong><\/p>\n\n\n\n<p><em>STF. Plen\u00e1rio. ADI 6211\/AP, Rel. Min. Marco Aur\u00e9lio, julgado em 4\/12\/2019 (Info 962).<\/em><\/p>\n\n\n\n<p>Percebam que esses dois recentes entendimentos jurisprudenciais buscam compatibilizar o valor cobrado pelas taxas de servi\u00e7o e os custos para a presta\u00e7\u00e3o destes.<\/p>\n\n\n\n<p>Portanto, busca-se atender os princ\u00edpios da razoabilidade e da proporcionalidade.<\/p>\n\n\n\n<p>Vejamos a pr\u00f3xima jurisprud\u00eancia em direito tribut\u00e1rio acerca das taxas.<\/p>\n\n\n\n<p><strong>A seguran\u00e7a p\u00fablica, presentes a preven\u00e7\u00e3o e o combate a inc\u00eandios, faz-se, no campo da atividade prec\u00edpua, pela unidade da Federa\u00e7\u00e3o, e, porque servi\u00e7o essencial, tem como a viabiliz\u00e1-la a arrecada\u00e7\u00e3o de impostos, n\u00e3o cabendo ao Munic\u00edpio a cria\u00e7\u00e3o de taxa para tal fim.<\/strong> <em>STF. Plen\u00e1rio. RE 643247\/SP, Rel. Min. Marco Aur\u00e9lio, julgado em 1\u00ba\/8\/2017 (repercuss\u00e3o geral)<\/em> <em>(Info 871).<\/em><\/p>\n\n\n\n<p>A seguran\u00e7a p\u00fablica e a preven\u00e7\u00e3o e combate a inc\u00eandio s\u00e3o atividades <strong>prestadas pelos Estados e s\u00e3o considerados servi\u00e7os essenciais.<\/strong> Dessa forma, s\u00e3o financiados por meio de<strong> impostos.<\/strong><\/p>\n\n\n\n<p>Isto posto, a jurisprud\u00eancia do STF entendeu que <strong>n\u00e3o \u00e9 poss\u00edvel<\/strong> o estabelecimento de taxas pelos <strong>Munic\u00edpios<\/strong> para esse fim.<\/p>\n\n\n\n<p>Ademais, a despeito do entendimento se referir ao Munic\u00edpio, <strong>nem mesmo os Estados<\/strong>, que s\u00e3o respons\u00e1veis pela preven\u00e7\u00e3o e combate a inc\u00eandio, podem instituir <strong>taxas<\/strong> para cobran\u00e7a desse servi\u00e7o. Podemos perceber que este servi\u00e7o n\u00e3o se encaixa no conceito de taxa.<\/p>\n\n\n\n<p>Vamos seguir.<\/p>\n\n\n\n<p><strong>As taxas municipais de fiscaliza\u00e7\u00e3o e funcionamento <mark style=\"background-color:rgba(0, 0, 0, 0)\" class=\"has-inline-color has-vivid-red-color\">n\u00e3o podem ter como base de c\u00e1lculo o n\u00famero de empregados ou ramo de atividade <\/mark>exercida pelo contribuinte.<\/strong> <em>STF. 2\u00aa Turma. ARE 990914\/SP, Rel. Min. Dias Toffoli, julgado em 20\/6\/2017 (Info 870).<\/em><\/p>\n\n\n\n<p>Novamente, nos deparamos com uma jurisprud\u00eancia em direito tribut\u00e1rio a respeito das taxas que impede os munic\u00edpios de estabelecerem crit\u00e9rios aleat\u00f3rios para configurar a base de c\u00e1lculo destas. Sabemos que o balizador ser\u00e1 o custo do servi\u00e7o prestado ou colocado \u00e0 disposi\u00e7\u00e3o.<\/p>\n\n\n\n<p><strong>A taxa de fiscaliza\u00e7\u00e3o e funcionamento <mark style=\"background-color:rgba(0, 0, 0, 0)\" class=\"has-inline-color has-vivid-red-color\">pode ter como base de c\u00e1lculo a \u00e1rea de fiscaliza\u00e7\u00e3o<\/mark>, na medida em que traduz o custo da atividade estatal de fiscaliza\u00e7\u00e3o.<\/strong> <em>STF. 1\u00aa Turma. RE 856185 AgR, Rel. Min. Roberto Barroso, julgado em 04\/08\/2015.<\/em><\/p>\n\n\n\n<p>Percebam a diferen\u00e7a entre o entendimento citado anteriormente \u00e0 este. O n\u00famero de empregados ou o ramo da atividade do estabelecimento n\u00e3o pode servir como base para estabelecer a taxa.<\/p>\n\n\n\n<p>Entretanto, a \u00e1rea fiscalizada pode ser usada como base pois ela est\u00e1 diretamente relacionada com o custo do servi\u00e7o prestado.<\/p>\n\n\n\n<p>Pessoal, sempre que necess\u00e1rio, revisem esse material para fixarem a jurisprud\u00eancia em direito tribut\u00e1rio relacionada \u00e0s <strong>taxas.<\/strong> <\/p>\n\n\n\n<h2 class=\"wp-block-heading\">Finalizando<\/h2>\n\n\n\n<p>Esse foi o nosso resumo acerca das<strong> principais jurisprud\u00eancias em mat\u00e9ria tribut\u00e1ria com rela\u00e7\u00e3o \u00e0s taxas.<\/strong><\/p>\n\n\n\n<p>Caso tenham d\u00favidas em alguma jurisprud\u00eancia, n\u00e3o deixem de fazer a leitura completa da decis\u00e3o de forma a aprofundar o tema. <\/p>\n\n\n\n<p>As provas recentes t\u00eam exigido um <em>plus<\/em> na prepara\u00e7\u00e3o dos concurseiros, n\u00e3o deixe de se atualizar.<\/p>\n\n\n\n<p>Bons estudos.<\/p>\n\n\n\n<p>At\u00e9 a pr\u00f3xima!<\/p>\n\n\n\n<h2 class=\"has-text-align-center wp-block-heading\" id=\"h-quer-saber-tudo-sobre-concursos-previstos-confira-nossos-artigos\">Quer saber tudo sobre concursos previstos?<br \/>Confira nossos artigos<\/h2>\n\n\n\n<p class=\"has-text-align-center has-black-color has-pale-cyan-blue-background-color has-text-color has-background\"><a href=\"https:\/\/www.estrategiaconcursos.com.br\/blog\/concursos-abertos\/\" target=\"_blank\" rel=\"noreferrer noopener\">Concursos abertos<\/a><\/p>\n\n\n\n<p class=\"has-text-align-center has-pale-cyan-blue-background-color has-background\"><a href=\"https:\/\/www.estrategiaconcursos.com.br\/blog\/concursos-2022\/\" target=\"_blank\" rel=\"noreferrer noopener\">Concursos 2022<\/a><\/p>\n\n\n\n<p class=\"has-text-align-center has-pale-cyan-blue-background-color has-background\"><a href=\"https:\/\/www.estrategiaconcursos.com.br\/blog\/concursos-2023\/\" target=\"_blank\" rel=\"noreferrer noopener\">Concursos 2023<\/a><\/p>\n","protected":false},"excerpt":{"rendered":"<p>Resumo acerca das principais jurisprud\u00eancias em mat\u00e9ria tribut\u00e1ria com rela\u00e7\u00e3o \u00e0s taxas.<\/p>\n","protected":false},"author":2459,"featured_media":1084339,"comment_status":"open","ping_status":"closed","sticky":false,"template":"","format":"standard","meta":{"post_tipo":"article","footnotes":""},"categories":[1,1983,220182,220183,214710],"tags":[40,535,672],"tax_estado":[219964,219965,219966,219967,219968,219969,219963,219970,219971,219972,219973,219974,219975,219976,219977,219978,219979,219980,219981,219982,219983,219984,219985,219986,219987,219988,219989,219990],"class_list":["post-1084338","post","type-post","status-publish","format-standard","has-post-thumbnail","hentry","category-cursos-e-concursos","category-fiscal-estadual","category-fiscal-federal","category-fiscal-municipal","category-tribunais-de-contas","tag-concurso","tag-direito-tributario","tag-jurisprudencia","tax_estado-ac","tax_estado-al","tax_estado-am","tax_estado-ap","tax_estado-ba","tax_estado-ce","tax_estado-concursos-federais","tax_estado-df","tax_estado-es","tax_estado-go","tax_estado-ma","tax_estado-mg","tax_estado-ms","tax_estado-mt","tax_estado-pa","tax_estado-pb","tax_estado-pe","tax_estado-pi","tax_estado-pr","tax_estado-rj","tax_estado-rn","tax_estado-ro","tax_estado-rr","tax_estado-rs","tax_estado-sc","tax_estado-se","tax_estado-sp","tax_estado-to"],"acf":[],"yoast_head":"<!-- This site is optimized with the Yoast SEO Premium plugin v27.2 (Yoast SEO v27.2) - https:\/\/yoast.com\/product\/yoast-seo-premium-wordpress\/ -->\n<title>Jurisprud\u00eancia em Direito Tribut\u00e1rio: taxas<\/title>\n<meta name=\"description\" content=\"Resumo acerca das principais jurisprud\u00eancias em direito tribut\u00e1ria com rela\u00e7\u00e3o \u00e0s taxas. Fique por dentro das atualiza\u00e7\u00f5es.\" \/>\n<meta name=\"robots\" content=\"index, follow, max-snippet:-1, max-image-preview:large, max-video-preview:-1\" \/>\n<link rel=\"canonical\" href=\"https:\/\/www.estrategiaconcursos.com.br\/blog\/jurisprudencia-direito-tributario\/\" \/>\n<meta property=\"og:locale\" content=\"pt_BR\" \/>\n<meta property=\"og:type\" content=\"article\" \/>\n<meta property=\"og:title\" content=\"Jurisprud\u00eancia em Direito Tribut\u00e1rio: taxas\" \/>\n<meta property=\"og:description\" content=\"Resumo acerca das principais jurisprud\u00eancias em direito tribut\u00e1ria com rela\u00e7\u00e3o \u00e0s taxas. Fique por dentro das atualiza\u00e7\u00f5es.\" \/>\n<meta property=\"og:url\" content=\"https:\/\/www.estrategiaconcursos.com.br\/blog\/jurisprudencia-direito-tributario\/\" \/>\n<meta property=\"og:site_name\" content=\"Estrat\u00e9gia Concursos\" \/>\n<meta property=\"article:published_time\" content=\"2022-09-21T13:09:00+00:00\" \/>\n<meta property=\"og:image\" content=\"https:\/\/dhg1h5j42swfq.cloudfront.net\/2022\/08\/25221244\/image-125-2.png\" \/>\n\t<meta property=\"og:image:width\" content=\"800\" \/>\n\t<meta property=\"og:image:height\" content=\"550\" \/>\n\t<meta property=\"og:image:type\" content=\"image\/png\" \/>\n<meta name=\"author\" content=\"J\u00e9ssica Luciano Barcelos\" \/>\n<meta name=\"twitter:card\" content=\"summary_large_image\" \/>\n<meta name=\"twitter:creator\" content=\"@EstratConcursos\" \/>\n<meta name=\"twitter:site\" content=\"@EstratConcursos\" \/>\n<meta name=\"twitter:label1\" content=\"Escrito por\" \/>\n\t<meta name=\"twitter:data1\" content=\"J\u00e9ssica Luciano Barcelos\" \/>\n\t<meta name=\"twitter:label2\" content=\"Est. tempo de leitura\" \/>\n\t<meta name=\"twitter:data2\" content=\"10 minutos\" \/>\n<script type=\"application\/ld+json\" class=\"yoast-schema-graph\">{\"@context\":\"https:\/\/schema.org\",\"@graph\":[{\"@type\":\"NewsArticle\",\"@id\":\"https:\/\/www.estrategiaconcursos.com.br\/blog\/jurisprudencia-direito-tributario\/#article\",\"isPartOf\":{\"@id\":\"https:\/\/www.estrategiaconcursos.com.br\/blog\/jurisprudencia-direito-tributario\/\"},\"author\":{\"name\":\"J\u00e9ssica Luciano Barcelos\",\"@id\":\"https:\/\/www.estrategiaconcursos.com.br\/blog\/#\/schema\/person\/8207b340097a76d57b0d52dd527d7e53\"},\"headline\":\"Jurisprud\u00eancia em Direito Tribut\u00e1rio: taxas\",\"datePublished\":\"2022-09-21T13:09:00+00:00\",\"mainEntityOfPage\":{\"@id\":\"https:\/\/www.estrategiaconcursos.com.br\/blog\/jurisprudencia-direito-tributario\/\"},\"wordCount\":2021,\"commentCount\":0,\"publisher\":{\"@id\":\"https:\/\/www.estrategiaconcursos.com.br\/blog\/#organization\"},\"image\":{\"@id\":\"https:\/\/www.estrategiaconcursos.com.br\/blog\/jurisprudencia-direito-tributario\/#primaryimage\"},\"thumbnailUrl\":\"https:\/\/dhg1h5j42swfq.cloudfront.net\/2022\/08\/25221244\/image-125-2.png\",\"keywords\":[\"Concurso\",\"Direito Tribut\u00e1rio\",\"Jurisprud\u00eancia\"],\"articleSection\":[\"Concursos P\u00fablicos\",\"Fiscal - Estadual (ICMS)\",\"Fiscal - Federal (RFB e AFT)\",\"Fiscal - Municipal (ISS)\",\"Tribunais de Contas (TCU, TCE, TCM)\"],\"inLanguage\":\"pt-BR\",\"potentialAction\":[{\"@type\":\"CommentAction\",\"name\":\"Comment\",\"target\":[\"https:\/\/www.estrategiaconcursos.com.br\/blog\/jurisprudencia-direito-tributario\/#respond\"]}],\"copyrightYear\":\"2022\",\"copyrightHolder\":{\"@id\":\"https:\/\/www.estrategiaconcursos.com.br\/blog\/#organization\"}},{\"@type\":\"WebPage\",\"@id\":\"https:\/\/www.estrategiaconcursos.com.br\/blog\/jurisprudencia-direito-tributario\/\",\"url\":\"https:\/\/www.estrategiaconcursos.com.br\/blog\/jurisprudencia-direito-tributario\/\",\"name\":\"Jurisprud\u00eancia em Direito Tribut\u00e1rio: taxas\",\"isPartOf\":{\"@id\":\"https:\/\/www.estrategiaconcursos.com.br\/blog\/#website\"},\"primaryImageOfPage\":{\"@id\":\"https:\/\/www.estrategiaconcursos.com.br\/blog\/jurisprudencia-direito-tributario\/#primaryimage\"},\"image\":{\"@id\":\"https:\/\/www.estrategiaconcursos.com.br\/blog\/jurisprudencia-direito-tributario\/#primaryimage\"},\"thumbnailUrl\":\"https:\/\/dhg1h5j42swfq.cloudfront.net\/2022\/08\/25221244\/image-125-2.png\",\"datePublished\":\"2022-09-21T13:09:00+00:00\",\"description\":\"Resumo acerca das principais jurisprud\u00eancias em direito tribut\u00e1ria com rela\u00e7\u00e3o \u00e0s taxas. Fique por dentro das atualiza\u00e7\u00f5es.\",\"breadcrumb\":{\"@id\":\"https:\/\/www.estrategiaconcursos.com.br\/blog\/jurisprudencia-direito-tributario\/#breadcrumb\"},\"inLanguage\":\"pt-BR\",\"potentialAction\":[{\"@type\":\"ReadAction\",\"target\":[\"https:\/\/www.estrategiaconcursos.com.br\/blog\/jurisprudencia-direito-tributario\/\"]}]},{\"@type\":\"ImageObject\",\"inLanguage\":\"pt-BR\",\"@id\":\"https:\/\/www.estrategiaconcursos.com.br\/blog\/jurisprudencia-direito-tributario\/#primaryimage\",\"url\":\"https:\/\/dhg1h5j42swfq.cloudfront.net\/2022\/08\/25221244\/image-125-2.png\",\"contentUrl\":\"https:\/\/dhg1h5j42swfq.cloudfront.net\/2022\/08\/25221244\/image-125-2.png\",\"width\":800,\"height\":550},{\"@type\":\"BreadcrumbList\",\"@id\":\"https:\/\/www.estrategiaconcursos.com.br\/blog\/jurisprudencia-direito-tributario\/#breadcrumb\",\"itemListElement\":[{\"@type\":\"ListItem\",\"position\":1,\"name\":\"In\u00edcio\",\"item\":\"https:\/\/www.estrategiaconcursos.com.br\/blog\/\"},{\"@type\":\"ListItem\",\"position\":2,\"name\":\"Jurisprud\u00eancia em Direito Tribut\u00e1rio: taxas\"}]},{\"@type\":\"WebSite\",\"@id\":\"https:\/\/www.estrategiaconcursos.com.br\/blog\/#website\",\"url\":\"https:\/\/www.estrategiaconcursos.com.br\/blog\/\",\"name\":\"Estrat\u00e9gia Concursos\",\"description\":\"O blog da Estrat\u00e9gia Concursos traz not\u00edcias sobre concursos e artigos de professores oferecendo cursos para concursos (pdf + videaulas) no site.\",\"publisher\":{\"@id\":\"https:\/\/www.estrategiaconcursos.com.br\/blog\/#organization\"},\"potentialAction\":[{\"@type\":\"SearchAction\",\"target\":{\"@type\":\"EntryPoint\",\"urlTemplate\":\"https:\/\/www.estrategiaconcursos.com.br\/blog\/?s={search_term_string}\"},\"query-input\":{\"@type\":\"PropertyValueSpecification\",\"valueRequired\":true,\"valueName\":\"search_term_string\"}}],\"inLanguage\":\"pt-BR\"},{\"@type\":\"Organization\",\"@id\":\"https:\/\/www.estrategiaconcursos.com.br\/blog\/#organization\",\"name\":\"Estrat\u00e9gia Concursos\",\"url\":\"https:\/\/www.estrategiaconcursos.com.br\/blog\/\",\"logo\":{\"@type\":\"ImageObject\",\"inLanguage\":\"pt-BR\",\"@id\":\"https:\/\/www.estrategiaconcursos.com.br\/blog\/#\/schema\/logo\/image\/\",\"url\":\"https:\/\/dhg1h5j42swfq.cloudfront.net\/2025\/06\/03203428\/logo_concursos-1.jpg\",\"contentUrl\":\"https:\/\/dhg1h5j42swfq.cloudfront.net\/2025\/06\/03203428\/logo_concursos-1.jpg\",\"width\":230,\"height\":60,\"caption\":\"Estrat\u00e9gia Concursos\"},\"image\":{\"@id\":\"https:\/\/www.estrategiaconcursos.com.br\/blog\/#\/schema\/logo\/image\/\"},\"sameAs\":[\"https:\/\/x.com\/EstratConcursos\"]},{\"@type\":\"Person\",\"@id\":\"https:\/\/www.estrategiaconcursos.com.br\/blog\/#\/schema\/person\/8207b340097a76d57b0d52dd527d7e53\",\"name\":\"J\u00e9ssica Luciano Barcelos\",\"image\":{\"@type\":\"ImageObject\",\"inLanguage\":\"pt-BR\",\"@id\":\"https:\/\/secure.gravatar.com\/avatar\/feaa24cba2d6d73f21c019e05c8bff471043b1db62437f2c2e5112e2f3773495?s=96&d=mm&r=g\",\"url\":\"https:\/\/secure.gravatar.com\/avatar\/feaa24cba2d6d73f21c019e05c8bff471043b1db62437f2c2e5112e2f3773495?s=96&d=mm&r=g\",\"contentUrl\":\"https:\/\/secure.gravatar.com\/avatar\/feaa24cba2d6d73f21c019e05c8bff471043b1db62437f2c2e5112e2f3773495?s=96&d=mm&r=g\",\"caption\":\"J\u00e9ssica Luciano Barcelos\"},\"description\":\"Formada em Engenharia Civil pela Universidade Federal dos Vales do Jequitinhonha e Mucuri (UFVJM). Aprovada para Auditora Fiscal da SEFAZ AM em 2022.\",\"sameAs\":[\"https:\/\/www.instagram.com\/jessicalbarcelos\/\",\"https:\/\/www.linkedin.com\/in\/jssica-barcelos-580594143\/\"],\"worksFor\":\"J\u00c9SSICA LUCIANO BARCELOS\",\"url\":\"https:\/\/www.estrategiaconcursos.com.br\/blog\/author\/jessicalbarcelosgmail-com\/\"}]}<\/script>\n<!-- \/ Yoast SEO Premium plugin. -->","yoast_head_json":{"title":"Jurisprud\u00eancia em Direito Tribut\u00e1rio: taxas","description":"Resumo acerca das principais jurisprud\u00eancias em direito tribut\u00e1ria com rela\u00e7\u00e3o \u00e0s taxas. Fique por dentro das atualiza\u00e7\u00f5es.","robots":{"index":"index","follow":"follow","max-snippet":"max-snippet:-1","max-image-preview":"max-image-preview:large","max-video-preview":"max-video-preview:-1"},"canonical":"https:\/\/www.estrategiaconcursos.com.br\/blog\/jurisprudencia-direito-tributario\/","og_locale":"pt_BR","og_type":"article","og_title":"Jurisprud\u00eancia em Direito Tribut\u00e1rio: taxas","og_description":"Resumo acerca das principais jurisprud\u00eancias em direito tribut\u00e1ria com rela\u00e7\u00e3o \u00e0s taxas. Fique por dentro das atualiza\u00e7\u00f5es.","og_url":"https:\/\/www.estrategiaconcursos.com.br\/blog\/jurisprudencia-direito-tributario\/","og_site_name":"Estrat\u00e9gia Concursos","article_published_time":"2022-09-21T13:09:00+00:00","og_image":[{"width":800,"height":550,"url":"https:\/\/dhg1h5j42swfq.cloudfront.net\/2022\/08\/25221244\/image-125-2.png","type":"image\/png"}],"author":"J\u00e9ssica Luciano Barcelos","twitter_card":"summary_large_image","twitter_creator":"@EstratConcursos","twitter_site":"@EstratConcursos","twitter_misc":{"Escrito por":"J\u00e9ssica Luciano Barcelos","Est. tempo de leitura":"10 minutos"},"schema":{"@context":"https:\/\/schema.org","@graph":[{"@type":"NewsArticle","@id":"https:\/\/www.estrategiaconcursos.com.br\/blog\/jurisprudencia-direito-tributario\/#article","isPartOf":{"@id":"https:\/\/www.estrategiaconcursos.com.br\/blog\/jurisprudencia-direito-tributario\/"},"author":{"name":"J\u00e9ssica Luciano Barcelos","@id":"https:\/\/www.estrategiaconcursos.com.br\/blog\/#\/schema\/person\/8207b340097a76d57b0d52dd527d7e53"},"headline":"Jurisprud\u00eancia em Direito Tribut\u00e1rio: taxas","datePublished":"2022-09-21T13:09:00+00:00","mainEntityOfPage":{"@id":"https:\/\/www.estrategiaconcursos.com.br\/blog\/jurisprudencia-direito-tributario\/"},"wordCount":2021,"commentCount":0,"publisher":{"@id":"https:\/\/www.estrategiaconcursos.com.br\/blog\/#organization"},"image":{"@id":"https:\/\/www.estrategiaconcursos.com.br\/blog\/jurisprudencia-direito-tributario\/#primaryimage"},"thumbnailUrl":"https:\/\/dhg1h5j42swfq.cloudfront.net\/2022\/08\/25221244\/image-125-2.png","keywords":["Concurso","Direito Tribut\u00e1rio","Jurisprud\u00eancia"],"articleSection":["Concursos P\u00fablicos","Fiscal - Estadual (ICMS)","Fiscal - Federal (RFB e AFT)","Fiscal - Municipal (ISS)","Tribunais de Contas (TCU, TCE, TCM)"],"inLanguage":"pt-BR","potentialAction":[{"@type":"CommentAction","name":"Comment","target":["https:\/\/www.estrategiaconcursos.com.br\/blog\/jurisprudencia-direito-tributario\/#respond"]}],"copyrightYear":"2022","copyrightHolder":{"@id":"https:\/\/www.estrategiaconcursos.com.br\/blog\/#organization"}},{"@type":"WebPage","@id":"https:\/\/www.estrategiaconcursos.com.br\/blog\/jurisprudencia-direito-tributario\/","url":"https:\/\/www.estrategiaconcursos.com.br\/blog\/jurisprudencia-direito-tributario\/","name":"Jurisprud\u00eancia em Direito Tribut\u00e1rio: taxas","isPartOf":{"@id":"https:\/\/www.estrategiaconcursos.com.br\/blog\/#website"},"primaryImageOfPage":{"@id":"https:\/\/www.estrategiaconcursos.com.br\/blog\/jurisprudencia-direito-tributario\/#primaryimage"},"image":{"@id":"https:\/\/www.estrategiaconcursos.com.br\/blog\/jurisprudencia-direito-tributario\/#primaryimage"},"thumbnailUrl":"https:\/\/dhg1h5j42swfq.cloudfront.net\/2022\/08\/25221244\/image-125-2.png","datePublished":"2022-09-21T13:09:00+00:00","description":"Resumo acerca das principais jurisprud\u00eancias em direito tribut\u00e1ria com rela\u00e7\u00e3o \u00e0s taxas. Fique por dentro das atualiza\u00e7\u00f5es.","breadcrumb":{"@id":"https:\/\/www.estrategiaconcursos.com.br\/blog\/jurisprudencia-direito-tributario\/#breadcrumb"},"inLanguage":"pt-BR","potentialAction":[{"@type":"ReadAction","target":["https:\/\/www.estrategiaconcursos.com.br\/blog\/jurisprudencia-direito-tributario\/"]}]},{"@type":"ImageObject","inLanguage":"pt-BR","@id":"https:\/\/www.estrategiaconcursos.com.br\/blog\/jurisprudencia-direito-tributario\/#primaryimage","url":"https:\/\/dhg1h5j42swfq.cloudfront.net\/2022\/08\/25221244\/image-125-2.png","contentUrl":"https:\/\/dhg1h5j42swfq.cloudfront.net\/2022\/08\/25221244\/image-125-2.png","width":800,"height":550},{"@type":"BreadcrumbList","@id":"https:\/\/www.estrategiaconcursos.com.br\/blog\/jurisprudencia-direito-tributario\/#breadcrumb","itemListElement":[{"@type":"ListItem","position":1,"name":"In\u00edcio","item":"https:\/\/www.estrategiaconcursos.com.br\/blog\/"},{"@type":"ListItem","position":2,"name":"Jurisprud\u00eancia em Direito Tribut\u00e1rio: taxas"}]},{"@type":"WebSite","@id":"https:\/\/www.estrategiaconcursos.com.br\/blog\/#website","url":"https:\/\/www.estrategiaconcursos.com.br\/blog\/","name":"Estrat\u00e9gia Concursos","description":"O blog da Estrat\u00e9gia Concursos traz not\u00edcias sobre concursos e artigos de professores oferecendo cursos para concursos (pdf + videaulas) no site.","publisher":{"@id":"https:\/\/www.estrategiaconcursos.com.br\/blog\/#organization"},"potentialAction":[{"@type":"SearchAction","target":{"@type":"EntryPoint","urlTemplate":"https:\/\/www.estrategiaconcursos.com.br\/blog\/?s={search_term_string}"},"query-input":{"@type":"PropertyValueSpecification","valueRequired":true,"valueName":"search_term_string"}}],"inLanguage":"pt-BR"},{"@type":"Organization","@id":"https:\/\/www.estrategiaconcursos.com.br\/blog\/#organization","name":"Estrat\u00e9gia Concursos","url":"https:\/\/www.estrategiaconcursos.com.br\/blog\/","logo":{"@type":"ImageObject","inLanguage":"pt-BR","@id":"https:\/\/www.estrategiaconcursos.com.br\/blog\/#\/schema\/logo\/image\/","url":"https:\/\/dhg1h5j42swfq.cloudfront.net\/2025\/06\/03203428\/logo_concursos-1.jpg","contentUrl":"https:\/\/dhg1h5j42swfq.cloudfront.net\/2025\/06\/03203428\/logo_concursos-1.jpg","width":230,"height":60,"caption":"Estrat\u00e9gia Concursos"},"image":{"@id":"https:\/\/www.estrategiaconcursos.com.br\/blog\/#\/schema\/logo\/image\/"},"sameAs":["https:\/\/x.com\/EstratConcursos"]},{"@type":"Person","@id":"https:\/\/www.estrategiaconcursos.com.br\/blog\/#\/schema\/person\/8207b340097a76d57b0d52dd527d7e53","name":"J\u00e9ssica Luciano Barcelos","image":{"@type":"ImageObject","inLanguage":"pt-BR","@id":"https:\/\/secure.gravatar.com\/avatar\/feaa24cba2d6d73f21c019e05c8bff471043b1db62437f2c2e5112e2f3773495?s=96&d=mm&r=g","url":"https:\/\/secure.gravatar.com\/avatar\/feaa24cba2d6d73f21c019e05c8bff471043b1db62437f2c2e5112e2f3773495?s=96&d=mm&r=g","contentUrl":"https:\/\/secure.gravatar.com\/avatar\/feaa24cba2d6d73f21c019e05c8bff471043b1db62437f2c2e5112e2f3773495?s=96&d=mm&r=g","caption":"J\u00e9ssica Luciano Barcelos"},"description":"Formada em Engenharia Civil pela Universidade Federal dos Vales do Jequitinhonha e Mucuri (UFVJM). Aprovada para Auditora Fiscal da SEFAZ AM em 2022.","sameAs":["https:\/\/www.instagram.com\/jessicalbarcelos\/","https:\/\/www.linkedin.com\/in\/jssica-barcelos-580594143\/"],"worksFor":"J\u00c9SSICA LUCIANO BARCELOS","url":"https:\/\/www.estrategiaconcursos.com.br\/blog\/author\/jessicalbarcelosgmail-com\/"}]}},"_links":{"self":[{"href":"https:\/\/www.estrategiaconcursos.com.br\/blog\/wp-json\/wp\/v2\/posts\/1084338","targetHints":{"allow":["GET"]}}],"collection":[{"href":"https:\/\/www.estrategiaconcursos.com.br\/blog\/wp-json\/wp\/v2\/posts"}],"about":[{"href":"https:\/\/www.estrategiaconcursos.com.br\/blog\/wp-json\/wp\/v2\/types\/post"}],"author":[{"embeddable":true,"href":"https:\/\/www.estrategiaconcursos.com.br\/blog\/wp-json\/wp\/v2\/users\/2459"}],"replies":[{"embeddable":true,"href":"https:\/\/www.estrategiaconcursos.com.br\/blog\/wp-json\/wp\/v2\/comments?post=1084338"}],"version-history":[{"count":7,"href":"https:\/\/www.estrategiaconcursos.com.br\/blog\/wp-json\/wp\/v2\/posts\/1084338\/revisions"}],"predecessor-version":[{"id":1089884,"href":"https:\/\/www.estrategiaconcursos.com.br\/blog\/wp-json\/wp\/v2\/posts\/1084338\/revisions\/1089884"}],"wp:featuredmedia":[{"embeddable":true,"href":"https:\/\/www.estrategiaconcursos.com.br\/blog\/wp-json\/wp\/v2\/media\/1084339"}],"wp:attachment":[{"href":"https:\/\/www.estrategiaconcursos.com.br\/blog\/wp-json\/wp\/v2\/media?parent=1084338"}],"wp:term":[{"taxonomy":"category","embeddable":true,"href":"https:\/\/www.estrategiaconcursos.com.br\/blog\/wp-json\/wp\/v2\/categories?post=1084338"},{"taxonomy":"post_tag","embeddable":true,"href":"https:\/\/www.estrategiaconcursos.com.br\/blog\/wp-json\/wp\/v2\/tags?post=1084338"},{"taxonomy":"tax_estado","embeddable":true,"href":"https:\/\/www.estrategiaconcursos.com.br\/blog\/wp-json\/wp\/v2\/tax_estado?post=1084338"}],"curies":[{"name":"wp","href":"https:\/\/api.w.org\/{rel}","templated":true}]}}