{"id":1083719,"date":"2022-08-26T17:59:00","date_gmt":"2022-08-26T20:59:00","guid":{"rendered":"https:\/\/www.estrategiaconcursos.com.br\/blog\/?p=1083719"},"modified":"2022-08-29T11:41:57","modified_gmt":"2022-08-29T14:41:57","slug":"concurso-senado-nomeacoes-excedentes","status":"publish","type":"post","link":"https:\/\/www.estrategiaconcursos.com.br\/blog\/concurso-senado-nomeacoes-excedentes\/","title":{"rendered":"Concurso Senado: houve excedentes no \u00faltimo concurso?"},"content":{"rendered":"\n<h3 class=\"wp-block-heading\" style=\"font-style:italic;font-weight:800\">Senado registra d\u00e9ficit de 1.517 servidores<\/h3>\n\n\n\n<p>O edital do <strong>concurso Senado<\/strong> finalmente foi publicado. S\u00e3o ofertadas <a href=\"https:\/\/www.estrategiaconcursos.com.br\/cursosPorConcurso\/senado-federal-6\/\" target=\"_blank\" rel=\"noreferrer noopener\">22 vagas imediatas<\/a>, al\u00e9m 992 oportunidades em cadastro reserva para diversos cargos.<\/p>\n\n\n\n<p>Neste momento, voc\u00ea pode acreditar que s\u00e3o poucas vagas ou que n\u00e3o existe a possibilidade de convocar os candidatos excedentes do cadastro de reserva, mas n\u00e3o \u00e9 bem por a\u00ed!<\/p>\n\n\n\n<p>Segundo informa\u00e7\u00f5es da Transpar\u00eancia do site do Senado, foram nomeados, desde 2012 at\u00e9 o vigente ano,&nbsp;<strong>624 novos servidores.<\/strong>&nbsp;Desse total, 19 foram tornadas sem efeito, resultando em 605 nomea\u00e7\u00f5es l\u00edquidas. Veja abaixo os detalhes dos cargos e especialidades dos nomeados:<\/p>\n\n\n\n<figure class=\"wp-block-table is-style-stripes\"><table class=\"has-fixed-layout\"><tbody><tr><td class=\"has-text-align-center\" data-align=\"center\"><strong>Cargo<\/strong><\/td><td class=\"has-text-align-center\" data-align=\"center\"><strong>Especialidade<\/strong><\/td><td class=\"has-text-align-center\" data-align=\"center\"><strong>Total<\/strong><\/td><\/tr><tr><td class=\"has-text-align-center\" data-align=\"center\">Consultor Legislativo<\/td><td class=\"has-text-align-center\" data-align=\"center\">Assessoramento Legislativo<\/td><td class=\"has-text-align-center\" data-align=\"center\">77<\/td><\/tr><tr><td class=\"has-text-align-center\" data-align=\"center\">Consultor Legislativo<\/td><td class=\"has-text-align-center\" data-align=\"center\">Assessoramento em Or\u00e7amentos<\/td><td class=\"has-text-align-center\" data-align=\"center\">15<\/td><\/tr><tr><td class=\"has-text-align-center\" data-align=\"center\">Analista Legislativo<\/td><td class=\"has-text-align-center\" data-align=\"center\">Processo Legislativo<\/td><td class=\"has-text-align-center\" data-align=\"center\">73<\/td><\/tr><tr><td class=\"has-text-align-center\" data-align=\"center\">Analista Legislativo<\/td><td class=\"has-text-align-center\" data-align=\"center\">Administra\u00e7\u00e3o<\/td><td class=\"has-text-align-center\" data-align=\"center\">80<\/td><\/tr><tr><td class=\"has-text-align-center\" data-align=\"center\">Analista Legislativo<\/td><td class=\"has-text-align-center\" data-align=\"center\">Arquitetura<\/td><td class=\"has-text-align-center\" data-align=\"center\">4<\/td><\/tr><tr><td class=\"has-text-align-center\" data-align=\"center\">Analista Legislativo<\/td><td class=\"has-text-align-center\" data-align=\"center\">Engenharia<\/td><td class=\"has-text-align-center\" data-align=\"center\">19<\/td><\/tr><tr><td class=\"has-text-align-center\" data-align=\"center\">Analista Legislativo<\/td><td class=\"has-text-align-center\" data-align=\"center\">Medicina<\/td><td class=\"has-text-align-center\" data-align=\"center\">13<\/td><\/tr><tr><td class=\"has-text-align-center\" data-align=\"center\">Analista Legislativo<\/td><td class=\"has-text-align-center\" data-align=\"center\">Nutri\u00e7\u00e3o<\/td><td class=\"has-text-align-center\" data-align=\"center\">1<\/td><\/tr><tr><td class=\"has-text-align-center\" data-align=\"center\">Analista Legislativo<\/td><td class=\"has-text-align-center\" data-align=\"center\">Farm\u00e1cia<\/td><td class=\"has-text-align-center\" data-align=\"center\">1<\/td><\/tr><tr><td class=\"has-text-align-center\" data-align=\"center\">Analista Legislativo<\/td><td class=\"has-text-align-center\" data-align=\"center\">Assist\u00eancia Social<\/td><td class=\"has-text-align-center\" data-align=\"center\">1<\/td><\/tr><tr><td class=\"has-text-align-center\" data-align=\"center\">Analista Legislativo<\/td><td class=\"has-text-align-center\" data-align=\"center\">Psicologia<\/td><td class=\"has-text-align-center\" data-align=\"center\">5<\/td><\/tr><tr><td class=\"has-text-align-center\" data-align=\"center\">Analista Legislativo<\/td><td class=\"has-text-align-center\" data-align=\"center\">Fisioterapia<\/td><td class=\"has-text-align-center\" data-align=\"center\">1<\/td><\/tr><tr><td class=\"has-text-align-center\" data-align=\"center\">Analista Legislativo<\/td><td class=\"has-text-align-center\" data-align=\"center\">Enfermagem<\/td><td class=\"has-text-align-center\" data-align=\"center\">5<\/td><\/tr><tr><td class=\"has-text-align-center\" data-align=\"center\">Analista Legislativo<\/td><td class=\"has-text-align-center\" data-align=\"center\">Comunica\u00e7\u00e3o Social<\/td><td class=\"has-text-align-center\" data-align=\"center\">17<\/td><\/tr><tr><td class=\"has-text-align-center\" data-align=\"center\">Analista Legislativo<\/td><td class=\"has-text-align-center\" data-align=\"center\">Inform\u00e1tica Legislativa<\/td><td class=\"has-text-align-center\" data-align=\"center\">38<\/td><\/tr><tr><td class=\"has-text-align-center\" data-align=\"center\">Analista Legislativo<\/td><td class=\"has-text-align-center\" data-align=\"center\">Registro e Reda\u00e7\u00e3o Parlamentar (Taquigrafia)<\/td><td class=\"has-text-align-center\" data-align=\"center\">28<\/td><\/tr><tr><td class=\"has-text-align-center\" data-align=\"center\">Analista Legislativo<\/td><td class=\"has-text-align-center\" data-align=\"center\">Arquivologia<\/td><td class=\"has-text-align-center\" data-align=\"center\">5<\/td><\/tr><tr><td class=\"has-text-align-center\" data-align=\"center\">Analista Legislativo<\/td><td class=\"has-text-align-center\" data-align=\"center\">Biblioteconomia<\/td><td class=\"has-text-align-center\" data-align=\"center\">7<\/td><\/tr><tr><td class=\"has-text-align-center\" data-align=\"center\">Analista Legislativo<\/td><td class=\"has-text-align-center\" data-align=\"center\">Contabilidade<\/td><td class=\"has-text-align-center\" data-align=\"center\">12<\/td><\/tr><tr><td class=\"has-text-align-center\" data-align=\"center\">Analista Legislativo<\/td><td class=\"has-text-align-center\" data-align=\"center\">Reda\u00e7\u00e3o e Revis\u00e3o<\/td><td class=\"has-text-align-center\" data-align=\"center\">7<\/td><\/tr><tr><td class=\"has-text-align-center\" data-align=\"center\">T\u00e9cnico Legislativo<\/td><td class=\"has-text-align-center\" data-align=\"center\">Processo Legislativo<\/td><td class=\"has-text-align-center\" data-align=\"center\">45<\/td><\/tr><tr><td class=\"has-text-align-center\" data-align=\"center\">T\u00e9cnico Legislativo<\/td><td class=\"has-text-align-center\" data-align=\"center\">Administra\u00e7\u00e3o<\/td><td class=\"has-text-align-center\" data-align=\"center\">40<\/td><\/tr><tr><td class=\"has-text-align-center\" data-align=\"center\">T\u00e9cnico Legislativo<\/td><td class=\"has-text-align-center\" data-align=\"center\">Arquivologia<\/td><td class=\"has-text-align-center\" data-align=\"center\">8<\/td><\/tr><tr><td class=\"has-text-align-center\" data-align=\"center\">T\u00e9cnico Legislativo<\/td><td class=\"has-text-align-center\" data-align=\"center\">Enfermagem<\/td><td class=\"has-text-align-center\" data-align=\"center\">6<\/td><\/tr><tr><td class=\"has-text-align-center\" data-align=\"center\">T\u00e9cnico Legislativo<\/td><td class=\"has-text-align-center\" data-align=\"center\">Odontologia<\/td><td class=\"has-text-align-center\" data-align=\"center\">1<\/td><\/tr><tr><td class=\"has-text-align-center\" data-align=\"center\">T\u00e9cnico Legislativo<\/td><td class=\"has-text-align-center\" data-align=\"center\">Eletr\u00f4nica e Telecomunica\u00e7\u00f5es<\/td><td class=\"has-text-align-center\" data-align=\"center\">16<\/td><\/tr><tr><td class=\"has-text-align-center\" data-align=\"center\">T\u00e9cnico Legislativo<\/td><td class=\"has-text-align-center\" data-align=\"center\">Processo Industrial Gr\u00e1fico<\/td><td class=\"has-text-align-center\" data-align=\"center\">31<\/td><\/tr><tr><td class=\"has-text-align-center\" data-align=\"center\">T\u00e9cnico Legislativo<\/td><td class=\"has-text-align-center\" data-align=\"center\">Policial Legislativo Federal<\/td><td class=\"has-text-align-center\" data-align=\"center\">68<\/td><\/tr><tr><td class=\"has-text-align-center\" data-align=\"center\"><strong>Total nomeados<\/strong><\/td><td class=\"has-text-align-center\" data-align=\"center\"><\/td><td class=\"has-text-align-center\" data-align=\"center\"><strong>624<\/strong><\/td><\/tr><\/tbody><\/table><figcaption>quadro de nomea\u00e7\u00f5es do \u00faltimo Concurso do Senado<\/figcaption><\/figure>\n\n\n\n<p>O certame ofertou 260 vagas aos cargos de Analista Legislativo, Consultor Legislativo, T\u00e9cnico Legislativo e T\u00e9cnico Legislativo da \u00e1rea de Pol\u00edcia Legislativa. Ou seja, 364 candidatos excedentes do concurso Senado foram nomeados.<\/p>\n\n\n\n<p>O Estrat\u00e9gia Concursos preparou um artigo completo e exclusivo sobre os excedentes do \u00faltimo concurso Senado e todos os detalhes do novo edital. Acesse e confira mais informa\u00e7\u00f5es:<\/p>\n\n\n\n<h3 class=\"has-text-align-center has-background wp-block-heading\" id=\"concurso-senado-federal\" style=\"background-color:#f4d484\"><a href=\"https:\/\/www.estrategiaconcursos.com.br\/blog\/concurso-senado-federal\/\" target=\"_blank\" rel=\"noreferrer noopener\">Concurso Senado Federal<\/a><\/h3>\n\n\n\n<h3 class=\"has-text-align-center wp-block-heading\" id=\"quer-conquistar-uma-das-vagas-no-concurso-senado-estude-com-o-lider-absoluto-em-aprovacao\">Quer conquistar uma das vagas no concurso Senado? Estude com o l\u00edder absoluto em aprova\u00e7\u00e3o!<\/h3>\n\n\n\n<div class=\"container\" id=\"boxes\">\n  <div class=\"row\">\n\n    <div class=\"col-sm\">\n      <div class=\"banner-legislativo\" id=\"box-assinatura\">\n        <h3 class=\"titulo-assinatura\">Concurso Senado<\/h3>\n        <p class=\"subtitulo-assinatura\">Conhe\u00e7a os cursos<\/p>\n        <div class=\"box-botao\">\n          <a class=\"btn-assinatura\" target=\"_blank\" href=\"https:\/\/www.estrategiaconcursos.com.br\/cursosPorConcurso\/senado-federal-6\/\" role=\"button\" rel=\"noopener noreferrer\">Conhe\u00e7a mais<\/a>\n        <\/div>\n      <\/div>\n     \n\n  <\/div>\n<\/div><\/div>\n\n\n\n<div class=\"container\" id=\"boxes\">\n  <div class=\"row\">\n\n    <div class=\"col-sm\">\n      <div class=\"estrategia\" id=\"box-assinatura\">\n        <h3 class=\"titulo-assinatura\">Assinatura de Concursos<\/h3>\n        <p class=\"subtitulo-assinatura\">Assinatura de 1 ano ou 2 anos<\/p>\n        <div class=\"box-botao\">\n          <a class=\"btn-assinatura\" target=\"_blank\" href=\"https:\/\/www.estrategiaconcursos.com.br\/assinaturas\/\" role=\"button\" rel=\"noopener noreferrer\">ASSINE AGORA<\/a>\n        <\/div>\n      <\/div>\n     \n    <\/div><\/div><\/div>\n\n\n\n<h2 class=\"has-text-align-center wp-block-heading\" id=\"h-quer-saber-tudo-sobre-concursos-previstos-confira-nossos-artigos\">Quer saber tudo sobre concursos previstos?<br \/>Confira nossos artigos!<\/h2>\n\n\n\n<ul class=\"wp-block-list\"><li><a href=\"https:\/\/www.estrategiaconcursos.com.br\/blog\/concursos-abertos\/\" target=\"_blank\" rel=\"noreferrer noopener\">Concursos abertos<\/a><\/li><li><a href=\"https:\/\/www.estrategiaconcursos.com.br\/blog\/concursos-2022\/\" target=\"_blank\" rel=\"noreferrer noopener\">Concursos 2022<\/a><\/li><li><a href=\"https:\/\/www.estrategiaconcursos.com.br\/blog\/concursos-2023\/\" target=\"_blank\" rel=\"noreferrer noopener\">Concursos 2023<\/a><\/li><\/ul>\n","protected":false},"excerpt":{"rendered":"<p>Senado registra d\u00e9ficit de 1.517 servidores O edital do concurso Senado finalmente foi publicado. S\u00e3o ofertadas 22 vagas imediatas, al\u00e9m 992 oportunidades em cadastro reserva para diversos cargos. Neste momento, voc\u00ea pode acreditar que s\u00e3o poucas vagas ou que n\u00e3o existe a possibilidade de convocar os candidatos excedentes do cadastro de reserva, mas n\u00e3o \u00e9 [&hellip;]<\/p>\n","protected":false},"author":2041,"featured_media":1066699,"comment_status":"open","ping_status":"closed","sticky":false,"template":"","format":"standard","meta":{"post_tipo":"news","footnotes":""},"categories":[2017,220219],"tags":[],"tax_estado":[219963],"class_list":["post-1083719","post","type-post","status-publish","format-standard","has-post-thumbnail","hentry","category-concursos-legislativos","category-noticias","tax_estado-concursos-federais"],"acf":[],"yoast_head":"<!-- This site is optimized with the Yoast SEO Premium plugin v27.2 (Yoast SEO v27.2) - https:\/\/yoast.com\/product\/yoast-seo-premium-wordpress\/ -->\n<title>Concurso Senado: houve excedentes no \u00faltimo concurso?<\/title>\n<meta name=\"description\" content=\"Neste artigo, reunimos o n\u00famero de nomea\u00e7\u00f5es de excedentes do \u00faltimo concurso do Senado Federal. Confira os detalhes!\" \/>\n<meta name=\"robots\" content=\"index, follow, max-snippet:-1, max-image-preview:large, max-video-preview:-1\" \/>\n<link rel=\"canonical\" href=\"https:\/\/www.estrategiaconcursos.com.br\/blog\/concurso-senado-nomeacoes-excedentes\/\" \/>\n<meta property=\"og:locale\" content=\"pt_BR\" \/>\n<meta property=\"og:type\" content=\"article\" \/>\n<meta property=\"og:title\" content=\"Concurso Senado: houve excedentes no \u00faltimo concurso?\" \/>\n<meta property=\"og:description\" content=\"Neste artigo, reunimos o n\u00famero de nomea\u00e7\u00f5es de excedentes do \u00faltimo concurso do Senado Federal. Confira os detalhes!\" \/>\n<meta property=\"og:url\" content=\"https:\/\/www.estrategiaconcursos.com.br\/blog\/concurso-senado-nomeacoes-excedentes\/\" \/>\n<meta property=\"og:site_name\" content=\"Estrat\u00e9gia Concursos\" \/>\n<meta property=\"article:published_time\" content=\"2022-08-26T20:59:00+00:00\" \/>\n<meta property=\"article:modified_time\" content=\"2022-08-29T14:41:57+00:00\" \/>\n<meta property=\"og:image\" content=\"https:\/\/dhg1h5j42swfq.cloudfront.net\/2022\/07\/26082143\/concurso-senado-federal-1.jpg\" \/>\n\t<meta property=\"og:image:width\" content=\"768\" \/>\n\t<meta property=\"og:image:height\" content=\"432\" \/>\n\t<meta property=\"og:image:type\" content=\"image\/jpeg\" \/>\n<meta name=\"author\" content=\"Thiago Cavalcante Gomes\" \/>\n<meta name=\"twitter:card\" content=\"summary_large_image\" \/>\n<meta name=\"twitter:creator\" content=\"@EstratConcursos\" \/>\n<meta name=\"twitter:site\" content=\"@EstratConcursos\" \/>\n<meta name=\"twitter:label1\" content=\"Escrito por\" \/>\n\t<meta name=\"twitter:data1\" content=\"Thiago Cavalcante Gomes\" \/>\n\t<meta name=\"twitter:label2\" content=\"Est. tempo de leitura\" \/>\n\t<meta name=\"twitter:data2\" content=\"2 minutos\" \/>\n<script type=\"application\/ld+json\" class=\"yoast-schema-graph\">{\"@context\":\"https:\/\/schema.org\",\"@graph\":[{\"@type\":\"NewsArticle\",\"@id\":\"https:\/\/www.estrategiaconcursos.com.br\/blog\/concurso-senado-nomeacoes-excedentes\/#article\",\"isPartOf\":{\"@id\":\"https:\/\/www.estrategiaconcursos.com.br\/blog\/concurso-senado-nomeacoes-excedentes\/\"},\"author\":{\"name\":\"Thiago Cavalcante Gomes\",\"@id\":\"https:\/\/www.estrategiaconcursos.com.br\/blog\/#\/schema\/person\/4970184533d0a3ffa5b0299ae0a2b21f\"},\"headline\":\"Concurso Senado: houve excedentes no \u00faltimo concurso?\",\"datePublished\":\"2022-08-26T20:59:00+00:00\",\"dateModified\":\"2022-08-29T14:41:57+00:00\",\"mainEntityOfPage\":{\"@id\":\"https:\/\/www.estrategiaconcursos.com.br\/blog\/concurso-senado-nomeacoes-excedentes\/\"},\"wordCount\":365,\"commentCount\":0,\"publisher\":{\"@id\":\"https:\/\/www.estrategiaconcursos.com.br\/blog\/#organization\"},\"image\":{\"@id\":\"https:\/\/www.estrategiaconcursos.com.br\/blog\/concurso-senado-nomeacoes-excedentes\/#primaryimage\"},\"thumbnailUrl\":\"https:\/\/dhg1h5j42swfq.cloudfront.net\/2022\/07\/26082143\/concurso-senado-federal-1.jpg\",\"articleSection\":[\"Legislativo\",\"\u00daltimas not\u00edcias\"],\"inLanguage\":\"pt-BR\",\"potentialAction\":[{\"@type\":\"CommentAction\",\"name\":\"Comment\",\"target\":[\"https:\/\/www.estrategiaconcursos.com.br\/blog\/concurso-senado-nomeacoes-excedentes\/#respond\"]}],\"copyrightYear\":\"2022\",\"copyrightHolder\":{\"@id\":\"https:\/\/www.estrategiaconcursos.com.br\/blog\/#organization\"}},{\"@type\":\"WebPage\",\"@id\":\"https:\/\/www.estrategiaconcursos.com.br\/blog\/concurso-senado-nomeacoes-excedentes\/\",\"url\":\"https:\/\/www.estrategiaconcursos.com.br\/blog\/concurso-senado-nomeacoes-excedentes\/\",\"name\":\"Concurso Senado: houve excedentes no \u00faltimo concurso?\",\"isPartOf\":{\"@id\":\"https:\/\/www.estrategiaconcursos.com.br\/blog\/#website\"},\"primaryImageOfPage\":{\"@id\":\"https:\/\/www.estrategiaconcursos.com.br\/blog\/concurso-senado-nomeacoes-excedentes\/#primaryimage\"},\"image\":{\"@id\":\"https:\/\/www.estrategiaconcursos.com.br\/blog\/concurso-senado-nomeacoes-excedentes\/#primaryimage\"},\"thumbnailUrl\":\"https:\/\/dhg1h5j42swfq.cloudfront.net\/2022\/07\/26082143\/concurso-senado-federal-1.jpg\",\"datePublished\":\"2022-08-26T20:59:00+00:00\",\"dateModified\":\"2022-08-29T14:41:57+00:00\",\"description\":\"Neste artigo, reunimos o n\u00famero de nomea\u00e7\u00f5es de excedentes do \u00faltimo concurso do Senado Federal. Confira os detalhes!\",\"breadcrumb\":{\"@id\":\"https:\/\/www.estrategiaconcursos.com.br\/blog\/concurso-senado-nomeacoes-excedentes\/#breadcrumb\"},\"inLanguage\":\"pt-BR\",\"potentialAction\":[{\"@type\":\"ReadAction\",\"target\":[\"https:\/\/www.estrategiaconcursos.com.br\/blog\/concurso-senado-nomeacoes-excedentes\/\"]}]},{\"@type\":\"ImageObject\",\"inLanguage\":\"pt-BR\",\"@id\":\"https:\/\/www.estrategiaconcursos.com.br\/blog\/concurso-senado-nomeacoes-excedentes\/#primaryimage\",\"url\":\"https:\/\/dhg1h5j42swfq.cloudfront.net\/2022\/07\/26082143\/concurso-senado-federal-1.jpg\",\"contentUrl\":\"https:\/\/dhg1h5j42swfq.cloudfront.net\/2022\/07\/26082143\/concurso-senado-federal-1.jpg\",\"width\":768,\"height\":432,\"caption\":\"Concurso Senado: PL\"},{\"@type\":\"BreadcrumbList\",\"@id\":\"https:\/\/www.estrategiaconcursos.com.br\/blog\/concurso-senado-nomeacoes-excedentes\/#breadcrumb\",\"itemListElement\":[{\"@type\":\"ListItem\",\"position\":1,\"name\":\"In\u00edcio\",\"item\":\"https:\/\/www.estrategiaconcursos.com.br\/blog\/\"},{\"@type\":\"ListItem\",\"position\":2,\"name\":\"Concurso Senado: houve excedentes no \u00faltimo concurso?\"}]},{\"@type\":\"WebSite\",\"@id\":\"https:\/\/www.estrategiaconcursos.com.br\/blog\/#website\",\"url\":\"https:\/\/www.estrategiaconcursos.com.br\/blog\/\",\"name\":\"Estrat\u00e9gia Concursos\",\"description\":\"O blog da Estrat\u00e9gia Concursos traz not\u00edcias sobre concursos e artigos de professores oferecendo cursos para concursos (pdf + videaulas) no site.\",\"publisher\":{\"@id\":\"https:\/\/www.estrategiaconcursos.com.br\/blog\/#organization\"},\"potentialAction\":[{\"@type\":\"SearchAction\",\"target\":{\"@type\":\"EntryPoint\",\"urlTemplate\":\"https:\/\/www.estrategiaconcursos.com.br\/blog\/?s={search_term_string}\"},\"query-input\":{\"@type\":\"PropertyValueSpecification\",\"valueRequired\":true,\"valueName\":\"search_term_string\"}}],\"inLanguage\":\"pt-BR\"},{\"@type\":\"Organization\",\"@id\":\"https:\/\/www.estrategiaconcursos.com.br\/blog\/#organization\",\"name\":\"Estrat\u00e9gia Concursos\",\"url\":\"https:\/\/www.estrategiaconcursos.com.br\/blog\/\",\"logo\":{\"@type\":\"ImageObject\",\"inLanguage\":\"pt-BR\",\"@id\":\"https:\/\/www.estrategiaconcursos.com.br\/blog\/#\/schema\/logo\/image\/\",\"url\":\"https:\/\/dhg1h5j42swfq.cloudfront.net\/2025\/06\/03203428\/logo_concursos-1.jpg\",\"contentUrl\":\"https:\/\/dhg1h5j42swfq.cloudfront.net\/2025\/06\/03203428\/logo_concursos-1.jpg\",\"width\":230,\"height\":60,\"caption\":\"Estrat\u00e9gia Concursos\"},\"image\":{\"@id\":\"https:\/\/www.estrategiaconcursos.com.br\/blog\/#\/schema\/logo\/image\/\"},\"sameAs\":[\"https:\/\/x.com\/EstratConcursos\"]},{\"@type\":\"Person\",\"@id\":\"https:\/\/www.estrategiaconcursos.com.br\/blog\/#\/schema\/person\/4970184533d0a3ffa5b0299ae0a2b21f\",\"name\":\"Thiago Cavalcante Gomes\",\"image\":{\"@type\":\"ImageObject\",\"inLanguage\":\"pt-BR\",\"@id\":\"https:\/\/secure.gravatar.com\/avatar\/?s=96&d=mm&r=g\",\"url\":\"https:\/\/secure.gravatar.com\/avatar\/?s=96&d=mm&r=g\",\"contentUrl\":\"https:\/\/secure.gravatar.com\/avatar\/?s=96&d=mm&r=g\",\"caption\":\"Thiago Cavalcante Gomes\"},\"url\":\"https:\/\/www.estrategiaconcursos.com.br\/blog\/author\/thiago-gomes\/\"}]}<\/script>\n<!-- \/ Yoast SEO Premium plugin. -->","yoast_head_json":{"title":"Concurso Senado: houve excedentes no \u00faltimo concurso?","description":"Neste artigo, reunimos o n\u00famero de nomea\u00e7\u00f5es de excedentes do \u00faltimo concurso do Senado Federal. Confira os detalhes!","robots":{"index":"index","follow":"follow","max-snippet":"max-snippet:-1","max-image-preview":"max-image-preview:large","max-video-preview":"max-video-preview:-1"},"canonical":"https:\/\/www.estrategiaconcursos.com.br\/blog\/concurso-senado-nomeacoes-excedentes\/","og_locale":"pt_BR","og_type":"article","og_title":"Concurso Senado: houve excedentes no \u00faltimo concurso?","og_description":"Neste artigo, reunimos o n\u00famero de nomea\u00e7\u00f5es de excedentes do \u00faltimo concurso do Senado Federal. Confira os detalhes!","og_url":"https:\/\/www.estrategiaconcursos.com.br\/blog\/concurso-senado-nomeacoes-excedentes\/","og_site_name":"Estrat\u00e9gia Concursos","article_published_time":"2022-08-26T20:59:00+00:00","article_modified_time":"2022-08-29T14:41:57+00:00","og_image":[{"width":768,"height":432,"url":"https:\/\/dhg1h5j42swfq.cloudfront.net\/2022\/07\/26082143\/concurso-senado-federal-1.jpg","type":"image\/jpeg"}],"author":"Thiago Cavalcante Gomes","twitter_card":"summary_large_image","twitter_creator":"@EstratConcursos","twitter_site":"@EstratConcursos","twitter_misc":{"Escrito por":"Thiago Cavalcante Gomes","Est. tempo de leitura":"2 minutos"},"schema":{"@context":"https:\/\/schema.org","@graph":[{"@type":"NewsArticle","@id":"https:\/\/www.estrategiaconcursos.com.br\/blog\/concurso-senado-nomeacoes-excedentes\/#article","isPartOf":{"@id":"https:\/\/www.estrategiaconcursos.com.br\/blog\/concurso-senado-nomeacoes-excedentes\/"},"author":{"name":"Thiago Cavalcante Gomes","@id":"https:\/\/www.estrategiaconcursos.com.br\/blog\/#\/schema\/person\/4970184533d0a3ffa5b0299ae0a2b21f"},"headline":"Concurso Senado: houve excedentes no \u00faltimo concurso?","datePublished":"2022-08-26T20:59:00+00:00","dateModified":"2022-08-29T14:41:57+00:00","mainEntityOfPage":{"@id":"https:\/\/www.estrategiaconcursos.com.br\/blog\/concurso-senado-nomeacoes-excedentes\/"},"wordCount":365,"commentCount":0,"publisher":{"@id":"https:\/\/www.estrategiaconcursos.com.br\/blog\/#organization"},"image":{"@id":"https:\/\/www.estrategiaconcursos.com.br\/blog\/concurso-senado-nomeacoes-excedentes\/#primaryimage"},"thumbnailUrl":"https:\/\/dhg1h5j42swfq.cloudfront.net\/2022\/07\/26082143\/concurso-senado-federal-1.jpg","articleSection":["Legislativo","\u00daltimas not\u00edcias"],"inLanguage":"pt-BR","potentialAction":[{"@type":"CommentAction","name":"Comment","target":["https:\/\/www.estrategiaconcursos.com.br\/blog\/concurso-senado-nomeacoes-excedentes\/#respond"]}],"copyrightYear":"2022","copyrightHolder":{"@id":"https:\/\/www.estrategiaconcursos.com.br\/blog\/#organization"}},{"@type":"WebPage","@id":"https:\/\/www.estrategiaconcursos.com.br\/blog\/concurso-senado-nomeacoes-excedentes\/","url":"https:\/\/www.estrategiaconcursos.com.br\/blog\/concurso-senado-nomeacoes-excedentes\/","name":"Concurso Senado: houve excedentes no \u00faltimo concurso?","isPartOf":{"@id":"https:\/\/www.estrategiaconcursos.com.br\/blog\/#website"},"primaryImageOfPage":{"@id":"https:\/\/www.estrategiaconcursos.com.br\/blog\/concurso-senado-nomeacoes-excedentes\/#primaryimage"},"image":{"@id":"https:\/\/www.estrategiaconcursos.com.br\/blog\/concurso-senado-nomeacoes-excedentes\/#primaryimage"},"thumbnailUrl":"https:\/\/dhg1h5j42swfq.cloudfront.net\/2022\/07\/26082143\/concurso-senado-federal-1.jpg","datePublished":"2022-08-26T20:59:00+00:00","dateModified":"2022-08-29T14:41:57+00:00","description":"Neste artigo, reunimos o n\u00famero de nomea\u00e7\u00f5es de excedentes do \u00faltimo concurso do Senado Federal. Confira os detalhes!","breadcrumb":{"@id":"https:\/\/www.estrategiaconcursos.com.br\/blog\/concurso-senado-nomeacoes-excedentes\/#breadcrumb"},"inLanguage":"pt-BR","potentialAction":[{"@type":"ReadAction","target":["https:\/\/www.estrategiaconcursos.com.br\/blog\/concurso-senado-nomeacoes-excedentes\/"]}]},{"@type":"ImageObject","inLanguage":"pt-BR","@id":"https:\/\/www.estrategiaconcursos.com.br\/blog\/concurso-senado-nomeacoes-excedentes\/#primaryimage","url":"https:\/\/dhg1h5j42swfq.cloudfront.net\/2022\/07\/26082143\/concurso-senado-federal-1.jpg","contentUrl":"https:\/\/dhg1h5j42swfq.cloudfront.net\/2022\/07\/26082143\/concurso-senado-federal-1.jpg","width":768,"height":432,"caption":"Concurso Senado: PL"},{"@type":"BreadcrumbList","@id":"https:\/\/www.estrategiaconcursos.com.br\/blog\/concurso-senado-nomeacoes-excedentes\/#breadcrumb","itemListElement":[{"@type":"ListItem","position":1,"name":"In\u00edcio","item":"https:\/\/www.estrategiaconcursos.com.br\/blog\/"},{"@type":"ListItem","position":2,"name":"Concurso Senado: houve excedentes no \u00faltimo concurso?"}]},{"@type":"WebSite","@id":"https:\/\/www.estrategiaconcursos.com.br\/blog\/#website","url":"https:\/\/www.estrategiaconcursos.com.br\/blog\/","name":"Estrat\u00e9gia Concursos","description":"O blog da Estrat\u00e9gia Concursos traz not\u00edcias sobre concursos e artigos de professores oferecendo cursos para concursos (pdf + videaulas) no site.","publisher":{"@id":"https:\/\/www.estrategiaconcursos.com.br\/blog\/#organization"},"potentialAction":[{"@type":"SearchAction","target":{"@type":"EntryPoint","urlTemplate":"https:\/\/www.estrategiaconcursos.com.br\/blog\/?s={search_term_string}"},"query-input":{"@type":"PropertyValueSpecification","valueRequired":true,"valueName":"search_term_string"}}],"inLanguage":"pt-BR"},{"@type":"Organization","@id":"https:\/\/www.estrategiaconcursos.com.br\/blog\/#organization","name":"Estrat\u00e9gia Concursos","url":"https:\/\/www.estrategiaconcursos.com.br\/blog\/","logo":{"@type":"ImageObject","inLanguage":"pt-BR","@id":"https:\/\/www.estrategiaconcursos.com.br\/blog\/#\/schema\/logo\/image\/","url":"https:\/\/dhg1h5j42swfq.cloudfront.net\/2025\/06\/03203428\/logo_concursos-1.jpg","contentUrl":"https:\/\/dhg1h5j42swfq.cloudfront.net\/2025\/06\/03203428\/logo_concursos-1.jpg","width":230,"height":60,"caption":"Estrat\u00e9gia Concursos"},"image":{"@id":"https:\/\/www.estrategiaconcursos.com.br\/blog\/#\/schema\/logo\/image\/"},"sameAs":["https:\/\/x.com\/EstratConcursos"]},{"@type":"Person","@id":"https:\/\/www.estrategiaconcursos.com.br\/blog\/#\/schema\/person\/4970184533d0a3ffa5b0299ae0a2b21f","name":"Thiago Cavalcante Gomes","image":{"@type":"ImageObject","inLanguage":"pt-BR","@id":"https:\/\/secure.gravatar.com\/avatar\/?s=96&d=mm&r=g","url":"https:\/\/secure.gravatar.com\/avatar\/?s=96&d=mm&r=g","contentUrl":"https:\/\/secure.gravatar.com\/avatar\/?s=96&d=mm&r=g","caption":"Thiago Cavalcante Gomes"},"url":"https:\/\/www.estrategiaconcursos.com.br\/blog\/author\/thiago-gomes\/"}]}},"_links":{"self":[{"href":"https:\/\/www.estrategiaconcursos.com.br\/blog\/wp-json\/wp\/v2\/posts\/1083719","targetHints":{"allow":["GET"]}}],"collection":[{"href":"https:\/\/www.estrategiaconcursos.com.br\/blog\/wp-json\/wp\/v2\/posts"}],"about":[{"href":"https:\/\/www.estrategiaconcursos.com.br\/blog\/wp-json\/wp\/v2\/types\/post"}],"author":[{"embeddable":true,"href":"https:\/\/www.estrategiaconcursos.com.br\/blog\/wp-json\/wp\/v2\/users\/2041"}],"replies":[{"embeddable":true,"href":"https:\/\/www.estrategiaconcursos.com.br\/blog\/wp-json\/wp\/v2\/comments?post=1083719"}],"version-history":[{"count":6,"href":"https:\/\/www.estrategiaconcursos.com.br\/blog\/wp-json\/wp\/v2\/posts\/1083719\/revisions"}],"predecessor-version":[{"id":1084260,"href":"https:\/\/www.estrategiaconcursos.com.br\/blog\/wp-json\/wp\/v2\/posts\/1083719\/revisions\/1084260"}],"wp:featuredmedia":[{"embeddable":true,"href":"https:\/\/www.estrategiaconcursos.com.br\/blog\/wp-json\/wp\/v2\/media\/1066699"}],"wp:attachment":[{"href":"https:\/\/www.estrategiaconcursos.com.br\/blog\/wp-json\/wp\/v2\/media?parent=1083719"}],"wp:term":[{"taxonomy":"category","embeddable":true,"href":"https:\/\/www.estrategiaconcursos.com.br\/blog\/wp-json\/wp\/v2\/categories?post=1083719"},{"taxonomy":"post_tag","embeddable":true,"href":"https:\/\/www.estrategiaconcursos.com.br\/blog\/wp-json\/wp\/v2\/tags?post=1083719"},{"taxonomy":"tax_estado","embeddable":true,"href":"https:\/\/www.estrategiaconcursos.com.br\/blog\/wp-json\/wp\/v2\/tax_estado?post=1083719"}],"curies":[{"name":"wp","href":"https:\/\/api.w.org\/{rel}","templated":true}]}}