{"id":1083650,"date":"2022-08-25T08:08:19","date_gmt":"2022-08-25T11:08:19","guid":{"rendered":"https:\/\/www.estrategiaconcursos.com.br\/blog\/?p=1083650"},"modified":"2022-09-01T16:56:25","modified_gmt":"2022-09-01T19:56:25","slug":"concurso-ibge-edital-processo-seletivo","status":"publish","type":"post","link":"https:\/\/www.estrategiaconcursos.com.br\/blog\/concurso-ibge-edital-processo-seletivo\/","title":{"rendered":"Concurso IBGE: novo edital oferta mais de 6 mil vagas!"},"content":{"rendered":"\n<p>O <strong>IBGE <\/strong>pulicou mais um edital complementar de processo seletivo que visa preencher vagas para atua\u00e7\u00e3o no <a href=\"https:\/\/www.estrategiaconcursos.com.br\/blog\/concurso-ibge\/\" target=\"_blank\" rel=\"noreferrer noopener\">Censo 2022<\/a>. Dessa vez, s\u00e3o ofertadas<strong> 6.514 vagas de Recenseador<\/strong> e <strong>251 vagas de Agente Censit\u00e1rio Municipal (ACM) e Agente Censit\u00e1rio Supervisor (ACS)<\/strong>.<\/p>\n\n\n\n<p>As inscri\u00e7\u00f5es devem ser efetuadas <strong>presencialmente<\/strong>, nos dias <strong>25, 26 ou 29 de agosto<\/strong>. Para isso, o candidato deve comparecer a um dos <a href=\"#ficha\">postos de inscri\u00e7\u00e3o<\/a> do IBGE e entregar o <a href=\"https:\/\/ftp.ibge.gov.br\/edital\/PSS_Censo_2022\/PSS_Complementar_Censo_2022\/18_2022\/edital_2022_18_REC_ACM_ACS_formulario_inscricao.pdf\" target=\"_blank\" rel=\"noreferrer noopener\">formul\u00e1rio de inscri\u00e7\u00e3o<\/a>, preenchido e assinado. A participa\u00e7\u00e3o \u00e9 gratuita!<\/p>\n\n\n\n<p>J\u00e1 a avalia\u00e7\u00e3o ser\u00e1 feita por meio de <strong>An\u00e1lise de T\u00edtulos<\/strong>, compreendendo a Titula\u00e7\u00e3o Acad\u00eamica dos<br \/>candidatos.<\/p>\n\n\n\n<figure class=\"wp-block-image aligncenter size-large is-resized\"><img loading=\"lazy\" decoding=\"async\" src=\"https:\/\/dhg1h5j42swfq.cloudfront.net\/2022\/04\/11113217\/selecaoibge_home-1-1024x613.jpg\" alt=\"Recenseadores e agentes censit\u00e1rios do IBGE\" class=\"wp-image-1006097\" width=\"700\" height=\"418\" srcset=\"https:\/\/dhg1h5j42swfq.cloudfront.net\/2022\/04\/11113217\/selecaoibge_home-1-1024x613.jpg 1024w, https:\/\/dhg1h5j42swfq.cloudfront.net\/2022\/04\/11113217\/selecaoibge_home-1-300x179.jpg 300w, https:\/\/dhg1h5j42swfq.cloudfront.net\/2022\/04\/11113217\/selecaoibge_home-1-768x459.jpg 768w, https:\/\/dhg1h5j42swfq.cloudfront.net\/2022\/04\/11113217\/selecaoibge_home-1-610x365.jpg 610w, https:\/\/dhg1h5j42swfq.cloudfront.net\/2022\/04\/11113217\/selecaoibge_home-1.jpg 1170w\" sizes=\"auto, (max-width: 700px) 100vw, 700px\" \/><\/figure>\n\n\n\n<h3 class=\"wp-block-heading\">Edital processo seletivo IBGE: principais datas<\/h3>\n\n\n\n<ul class=\"wp-block-list\"><li><strong>Per\u00edodo de inscri\u00e7\u00f5es: <\/strong>25 a 29 de agosto, exceto s\u00e1bado e domingo<\/li><li><strong>Divulga\u00e7\u00e3o preliminar da an\u00e1lise de t\u00edtulos: <\/strong>31 de agosto<\/li><li><strong>Interposi\u00e7\u00e3o de recursos contra a an\u00e1lise preliminar de t\u00edtulos: <\/strong>de 08h \u00e0s 17h de 1\u00ba de setembro<\/li><li><strong>Divulga\u00e7\u00e3o definitiva dos inscritos\/resultado definitivo da an\u00e1lise de t\u00edtulos: <\/strong>05 de setembro<\/li><li><strong>Divulga\u00e7\u00e3o do resultado preliminar do parecer da equipe multiprofissional: <\/strong>05 de setembro<\/li><li><strong>Interposi\u00e7\u00e3o de recursos contra o resultado preliminar do parecer da equipe multiprofissional:<\/strong> de 08h \u00e0s 17h de 06 de setembro<\/li><li><strong>Divulga\u00e7\u00e3o do resultado definitivo do parecer da equipe multiprofissional: <\/strong>09 de setembro<\/li><li><strong>Divulga\u00e7\u00e3o do resultado final do pss: <\/strong>09 de setembro<\/li><\/ul>\n\n\n\n<h3 class=\"wp-block-heading\">Edital processo seletivo IBGE: requisitos e sal\u00e1rios<\/h3>\n\n\n\n<p><strong>Recenseador<\/strong>: o pr\u00e9-requisito de escolaridade para a fun\u00e7\u00e3o \u00e9 o ensino fundamental completo. A remunera\u00e7\u00e3o ser\u00e1 <strong>por produ\u00e7\u00e3o<\/strong>, <a href=\"https:\/\/censo2022.ibge.gov.br\/trabalhe-no-censo\/estimativa-de-remuneracao.html\" target=\"_blank\" rel=\"noreferrer noopener\">calculada por setor censit\u00e1rio<\/a>, conforme taxa fixada e de conhecimento pr\u00e9vio pelo Recenseador, de unidades recenseadas (domic\u00edlios urbanos e\/ou rurais), tipo de question\u00e1rio (b\u00e1sico ou amostra), pessoas recenseadas e registro no controle da coleta de dados. <\/p>\n\n\n\n<p><strong>Agente Censit\u00e1rio:<\/strong> o pr\u00e9-requisito de escolaridade para ambas as fun\u00e7\u00f5es \u00e9 o ensino m\u00e9dio completo. A remunera\u00e7\u00e3o mensal ser\u00e1 de <strong>R$ 2.100,00<\/strong> para ACM e de <strong>R$ 1.700,00<\/strong> para ACS.<\/p>\n\n\n\n<p>Os contratados far\u00e3o jus ao Aux\u00edlio Alimenta\u00e7\u00e3o, ao Aux\u00edlio Transporte e ao Aux\u00edlio Pr\u00e9-escolar, assim como f\u00e9rias e 13\u00ba sal\u00e1rio proporcionais.<\/p>\n\n\n\n<h3 class=\"wp-block-heading\">Edital processo seletivo IBGE: an\u00e1lise de t\u00edtulos<\/h3>\n\n\n\n<p>A an\u00e1lise de t\u00edtulos valer\u00e1 at\u00e9 10 pontos e ser\u00e1 realizada de acordo com a pontua\u00e7\u00e3o pr\u00e9-estabelecida na tabela abaixo, em fun\u00e7\u00e3o dos t\u00edtulos informados pelos candidatos no ato da inscri\u00e7\u00e3o.<\/p>\n\n\n\n<figure class=\"wp-block-image aligncenter size-full\"><img loading=\"lazy\" decoding=\"async\" width=\"472\" height=\"302\" src=\"https:\/\/dhg1h5j42swfq.cloudfront.net\/2022\/08\/25075318\/image-374.png\" alt=\"Quadro de an\u00e1lise de t\u00edtulos do edital de processo seletivo IBGE\" class=\"wp-image-1083667\" srcset=\"https:\/\/dhg1h5j42swfq.cloudfront.net\/2022\/08\/25075318\/image-374.png 472w, https:\/\/dhg1h5j42swfq.cloudfront.net\/2022\/08\/25075318\/image-374-300x192.png 300w, https:\/\/dhg1h5j42swfq.cloudfront.net\/2022\/08\/25075318\/image-374-150x96.png 150w\" sizes=\"auto, (max-width: 472px) 100vw, 472px\" \/><\/figure>\n\n\n\n<p><strong>a) <\/strong>Para comprova\u00e7\u00e3o do ensino fundamental completo ser\u00e1 aceito o diploma ou certificado\/declara\u00e7\u00e3o (este \u00faltimo acompanhado obrigatoriamente de hist\u00f3rico escolar) de conclus\u00e3o do curso.<\/p>\n\n\n\n<p><strong>b)<\/strong> Para comprova\u00e7\u00e3o do ensino m\u00e9dio incompleto ser\u00e1 aceita a declara\u00e7\u00e3o (acompanhada obrigatoriamente de hist\u00f3rico escolar) da institui\u00e7\u00e3o de ensino que permita identificar em qual situa\u00e7\u00e3o o candidato se encontra.<\/p>\n\n\n\n<p><strong>c)<\/strong> Para comprova\u00e7\u00e3o do ensino m\u00e9dio completo ser\u00e1 aceito o diploma ou certificado\/declara\u00e7\u00e3o de conclus\u00e3o do curso. <\/p>\n\n\n\n<p><strong>d)<\/strong> Para comprova\u00e7\u00e3o do curso de gradua\u00e7\u00e3o incompleto ser\u00e1 aceita a declara\u00e7\u00e3o da institui\u00e7\u00e3o de ensino que permita identificar em qual per\u00edodo (semestre\/ano) e curso o candidato se encontra. No caso de trancamento de matr\u00edcula ou abandono de curso, ser\u00e1 aceita a declara\u00e7\u00e3o da institui\u00e7\u00e3o de ensino que permita identificar quais per\u00edodos e curso(s) o candidato frequentou. <\/p>\n\n\n\n<p><strong>e)<\/strong> Para a comprova\u00e7\u00e3o da conclus\u00e3o do curso de gradua\u00e7\u00e3o completo ser\u00e1 aceito diploma ou certificado\/declara\u00e7\u00e3o de conclus\u00e3o do curso (com data da cola\u00e7\u00e3o de grau). Este \u00faltimo acompanhado obrigatoriamente de hist\u00f3rico escolar que permita identificar o n\u00famero de cr\u00e9ditos obtidos, carga hor\u00e1ria, as disciplinas cursadas e notas obtidas de conclus\u00e3o do curso.<\/p>\n\n\n\n<hr class=\"wp-block-separator has-alpha-channel-opacity\"\/>\n\n\n\n<p class=\"has-text-align-center\"><em>Para ficar por dentro de todas as informa\u00e7\u00f5es sobre o concurso IBGE, n\u00e3o deixe de conferir nosso artigo completo:<\/em><\/p>\n\n\n\n<p class=\"has-text-align-center has-background\" style=\"background-color:#eceeef;font-size:clamp(14.642px, 0.915rem + ((1vw - 3.2px) * 0.721), 22px);\"><strong>Saiba mais: <a href=\"https:\/\/www.estrategiaconcursos.com.br\/blog\/concurso-ibge\/\" target=\"_blank\" rel=\"noreferrer noopener\">IBGE<\/a><\/strong><\/p>\n\n\n\n<div id=\"boxes\" class=\"container\">\n<div class=\"row\">\n<div class=\"col-sm\">\n<div id=\"box-assinatura\" class=\"banner-adm\">\n<h3 class=\"titulo-assinatura\">Curso IBGE<\/h3>\n<p class=\"subtitulo-assinatura\">Conhe\u00e7a os cursos<\/p>\n<div class=\"box-botao\"><a class=\"btn-assinatura\" role=\"button\" href=\"https:\/\/www.estrategiaconcursos.com.br\/cursosPorConcurso\/ibge-204\/\" target=\"_blank\" rel=\"noopener noreferrer\">Conhe\u00e7a mais<\/a><\/div>\n<\/div>\n<\/div>\n<\/div>\n<\/div>\n\n\n\n<div class=\"container\" id=\"boxes\">\n  <div class=\"row\">\n\n    <div class=\"col-sm\">\n      <div class=\"estrategia\" id=\"box-assinatura\">\n        <h3 class=\"titulo-assinatura\">Assinatura Concursos<\/h3>\n        <p class=\"subtitulo-assinatura\">Assinatura de 1 ano ou 2 anos<\/p>\n        <div class=\"box-botao\">\n          <a class=\"btn-assinatura\" target=\"_blank\" href=\"https:\/\/www.estrategiaconcursos.com.br\/assinaturas\/\" role=\"button\" rel=\"noopener noreferrer\">ASSINE AGORA<\/a>\n        <\/div>\n      <\/div><\/div><\/div><\/div>\n\n\n\n<h2 class=\"has-text-align-center wp-block-heading\" id=\"h-quer-saber-tudo-sobre-concursos-previstos-confira-nossos-artigos\">Quer saber tudo sobre concursos previstos?<br \/>Confira nossos artigos!<\/h2>\n\n\n\n<ul class=\"wp-block-list\"><li><a href=\"https:\/\/www.estrategiaconcursos.com.br\/blog\/concursos-abertos\/\" target=\"_blank\" rel=\"noreferrer noopener\">Concursos abertos<\/a><\/li><li><a href=\"https:\/\/www.estrategiaconcursos.com.br\/blog\/concursos-2022\/\" target=\"_blank\" rel=\"noreferrer noopener\">Concursos 2022<\/a><\/li><li><a href=\"https:\/\/www.estrategiaconcursos.com.br\/blog\/concursos-2023\/\" target=\"_blank\" rel=\"noreferrer noopener\">Concursos 2023<\/a><\/li><\/ul>\n\n\n\n<figure class=\"wp-block-image is-resized\" id=\"block-33b353de-afbf-444f-850f-7ff67d98a3a0\"><img loading=\"lazy\" decoding=\"async\" src=\"https:\/\/dhg1h5j42swfq.cloudfront.net\/2020\/12\/27121704\/ficha-tecnica-1024x632.png\" alt=\"Informa\u00e7\u00f5es do Edital de processo seletivo IBGE \" class=\"wp-image-702891\" width=\"242\" height=\"149\" srcset=\"https:\/\/dhg1h5j42swfq.cloudfront.net\/2020\/12\/27121704\/ficha-tecnica-1024x632.png 1024w, https:\/\/dhg1h5j42swfq.cloudfront.net\/2020\/12\/27121704\/ficha-tecnica-300x185.png 300w, https:\/\/dhg1h5j42swfq.cloudfront.net\/2020\/12\/27121704\/ficha-tecnica-768x474.png 768w, https:\/\/dhg1h5j42swfq.cloudfront.net\/2020\/12\/27121704\/ficha-tecnica-1536x948.png 1536w, https:\/\/dhg1h5j42swfq.cloudfront.net\/2020\/12\/27121704\/ficha-tecnica-610x377.png 610w, https:\/\/dhg1h5j42swfq.cloudfront.net\/2020\/12\/27121704\/ficha-tecnica.png 1571w\" sizes=\"auto, (max-width: 242px) 100vw, 242px\" \/><\/figure>\n\n\n\n<h3 class=\"wp-block-heading\" id=\"ficha-tecnica\">Informa\u00e7\u00f5es do Edital de processo seletivo IBGE <\/h3>\n\n\n\n<ul class=\"wp-block-list\" id=\"block-8db68d8f-0115-4f20-833a-486bc61aa9d1\"><li><strong>Inscri\u00e7\u00f5es:<\/strong> 25 a 29\/08\/2022 (exceto s\u00e1bado e domingo)<\/li><li><strong>Vagas<\/strong>: 6.765<\/li><li><strong>Cargos<\/strong>: Recenseador, Agente Censit\u00e1rio Municipal e Agente Censit\u00e1rio Supervisor<\/li><li><strong>Banca<\/strong>: <a href=\"https:\/\/www.ibge.gov.br\/acesso-informacao\/institucional\/trabalhe-conosco\/34707-2022-18-recenseador-agente-censitario-municipal-e-agente-censitario-supervisor-complementar.html\" target=\"_blank\" rel=\"noreferrer noopener\">organiza\u00e7\u00e3o pr\u00f3pria<\/a><\/li><li><strong>Escolaridade<\/strong>: N\u00edvel m\u00e9dio<\/li><li><strong>Edital: <\/strong><a href=\"https:\/\/dhg1h5j42swfq.cloudfront.net\/2022\/08\/25073620\/edital-ibge.pdf\" target=\"_blank\" rel=\"noreferrer noopener nofollow\">PSS IBGE Complementar<\/a> | <a href=\"https:\/\/dhg1h5j42swfq.cloudfront.net\/2022\/08\/25074713\/edital_2022_18_rec_acm_acs_quadro_vagas_1a_retificacao.pdf\" target=\"_blank\" rel=\"noreferrer noopener nofollow\">Quadro de vagas<\/a><\/li><\/ul>\n","protected":false},"excerpt":{"rendered":"<p>O IBGE pulicou mais um edital complementar de processo seletivo que visa preencher vagas para atua\u00e7\u00e3o no Censo 2022. Dessa vez, s\u00e3o ofertadas 6.514 vagas de Recenseador e 251 vagas de Agente Censit\u00e1rio Municipal (ACM) e Agente Censit\u00e1rio Supervisor (ACS). As inscri\u00e7\u00f5es devem ser efetuadas presencialmente, nos dias 25, 26 ou 29 de agosto. Para [&hellip;]<\/p>\n","protected":false},"author":659,"featured_media":725517,"comment_status":"open","ping_status":"closed","sticky":false,"template":"","format":"standard","meta":{"post_tipo":"news","footnotes":""},"categories":[214992,220219],"tags":[],"tax_estado":[219963],"class_list":["post-1083650","post","type-post","status-publish","format-standard","has-post-thumbnail","hentry","category-concursos-administrativos","category-noticias","tax_estado-concursos-federais"],"acf":[],"yoast_head":"<!-- This site is optimized with the Yoast SEO Premium plugin v27.2 (Yoast SEO v27.2) - https:\/\/yoast.com\/product\/yoast-seo-premium-wordpress\/ -->\n<title>Concurso IBGE: novo edital oferta mais de 6 mil vagas!<\/title>\n<meta name=\"description\" content=\"Concurso IBGE: mais um edital de processo seletivo complementar \u00e9 publicado, ofertando 6.765 vagas para Recenseador, ACS e ACM.\" \/>\n<meta name=\"robots\" content=\"index, follow, max-snippet:-1, max-image-preview:large, max-video-preview:-1\" \/>\n<link rel=\"canonical\" href=\"https:\/\/www.estrategiaconcursos.com.br\/blog\/concurso-ibge-edital-processo-seletivo\/\" \/>\n<meta property=\"og:locale\" content=\"pt_BR\" \/>\n<meta property=\"og:type\" content=\"article\" \/>\n<meta property=\"og:title\" content=\"Concurso IBGE: novo edital oferta mais de 6 mil vagas!\" \/>\n<meta property=\"og:description\" content=\"Concurso IBGE: mais um edital de processo seletivo complementar \u00e9 publicado, ofertando 6.765 vagas para Recenseador, ACS e ACM.\" \/>\n<meta property=\"og:url\" content=\"https:\/\/www.estrategiaconcursos.com.br\/blog\/concurso-ibge-edital-processo-seletivo\/\" \/>\n<meta property=\"og:site_name\" content=\"Estrat\u00e9gia Concursos\" \/>\n<meta property=\"article:published_time\" content=\"2022-08-25T11:08:19+00:00\" \/>\n<meta property=\"article:modified_time\" content=\"2022-09-01T19:56:25+00:00\" \/>\n<meta property=\"og:image\" content=\"https:\/\/dhg1h5j42swfq.cloudfront.net\/2021\/04\/28111939\/ibge.jpg\" \/>\n\t<meta property=\"og:image:width\" content=\"1200\" \/>\n\t<meta property=\"og:image:height\" content=\"628\" \/>\n\t<meta property=\"og:image:type\" content=\"image\/jpeg\" \/>\n<meta name=\"author\" content=\"Camila Leite\" \/>\n<meta name=\"twitter:card\" content=\"summary_large_image\" \/>\n<meta name=\"twitter:creator\" content=\"@EstratConcursos\" \/>\n<meta name=\"twitter:site\" content=\"@EstratConcursos\" \/>\n<meta name=\"twitter:label1\" content=\"Escrito por\" \/>\n\t<meta name=\"twitter:data1\" content=\"Camila Leite\" \/>\n\t<meta name=\"twitter:label2\" content=\"Est. tempo de leitura\" \/>\n\t<meta name=\"twitter:data2\" content=\"4 minutos\" \/>\n<script type=\"application\/ld+json\" class=\"yoast-schema-graph\">{\"@context\":\"https:\/\/schema.org\",\"@graph\":[{\"@type\":\"NewsArticle\",\"@id\":\"https:\/\/www.estrategiaconcursos.com.br\/blog\/concurso-ibge-edital-processo-seletivo\/#article\",\"isPartOf\":{\"@id\":\"https:\/\/www.estrategiaconcursos.com.br\/blog\/concurso-ibge-edital-processo-seletivo\/\"},\"author\":{\"name\":\"Camila Leite\",\"@id\":\"https:\/\/www.estrategiaconcursos.com.br\/blog\/#\/schema\/person\/84ecdc6eb58d3cf1689bf76c5cd8fb38\"},\"headline\":\"Concurso IBGE: novo edital oferta mais de 6 mil vagas!\",\"datePublished\":\"2022-08-25T11:08:19+00:00\",\"dateModified\":\"2022-09-01T19:56:25+00:00\",\"mainEntityOfPage\":{\"@id\":\"https:\/\/www.estrategiaconcursos.com.br\/blog\/concurso-ibge-edital-processo-seletivo\/\"},\"wordCount\":727,\"commentCount\":0,\"publisher\":{\"@id\":\"https:\/\/www.estrategiaconcursos.com.br\/blog\/#organization\"},\"image\":{\"@id\":\"https:\/\/www.estrategiaconcursos.com.br\/blog\/concurso-ibge-edital-processo-seletivo\/#primaryimage\"},\"thumbnailUrl\":\"https:\/\/dhg1h5j42swfq.cloudfront.net\/2021\/04\/28111939\/ibge.jpg\",\"articleSection\":[\"Executivo (Administrativa)\",\"\u00daltimas not\u00edcias\"],\"inLanguage\":\"pt-BR\",\"potentialAction\":[{\"@type\":\"CommentAction\",\"name\":\"Comment\",\"target\":[\"https:\/\/www.estrategiaconcursos.com.br\/blog\/concurso-ibge-edital-processo-seletivo\/#respond\"]}],\"copyrightYear\":\"2022\",\"copyrightHolder\":{\"@id\":\"https:\/\/www.estrategiaconcursos.com.br\/blog\/#organization\"}},{\"@type\":\"WebPage\",\"@id\":\"https:\/\/www.estrategiaconcursos.com.br\/blog\/concurso-ibge-edital-processo-seletivo\/\",\"url\":\"https:\/\/www.estrategiaconcursos.com.br\/blog\/concurso-ibge-edital-processo-seletivo\/\",\"name\":\"Concurso IBGE: novo edital oferta mais de 6 mil vagas!\",\"isPartOf\":{\"@id\":\"https:\/\/www.estrategiaconcursos.com.br\/blog\/#website\"},\"primaryImageOfPage\":{\"@id\":\"https:\/\/www.estrategiaconcursos.com.br\/blog\/concurso-ibge-edital-processo-seletivo\/#primaryimage\"},\"image\":{\"@id\":\"https:\/\/www.estrategiaconcursos.com.br\/blog\/concurso-ibge-edital-processo-seletivo\/#primaryimage\"},\"thumbnailUrl\":\"https:\/\/dhg1h5j42swfq.cloudfront.net\/2021\/04\/28111939\/ibge.jpg\",\"datePublished\":\"2022-08-25T11:08:19+00:00\",\"dateModified\":\"2022-09-01T19:56:25+00:00\",\"description\":\"Concurso IBGE: mais um edital de processo seletivo complementar \u00e9 publicado, ofertando 6.765 vagas para Recenseador, ACS e ACM.\",\"breadcrumb\":{\"@id\":\"https:\/\/www.estrategiaconcursos.com.br\/blog\/concurso-ibge-edital-processo-seletivo\/#breadcrumb\"},\"inLanguage\":\"pt-BR\",\"potentialAction\":[{\"@type\":\"ReadAction\",\"target\":[\"https:\/\/www.estrategiaconcursos.com.br\/blog\/concurso-ibge-edital-processo-seletivo\/\"]}]},{\"@type\":\"ImageObject\",\"inLanguage\":\"pt-BR\",\"@id\":\"https:\/\/www.estrategiaconcursos.com.br\/blog\/concurso-ibge-edital-processo-seletivo\/#primaryimage\",\"url\":\"https:\/\/dhg1h5j42swfq.cloudfront.net\/2021\/04\/28111939\/ibge.jpg\",\"contentUrl\":\"https:\/\/dhg1h5j42swfq.cloudfront.net\/2021\/04\/28111939\/ibge.jpg\",\"width\":1200,\"height\":628,\"caption\":\"concurso ibge\"},{\"@type\":\"BreadcrumbList\",\"@id\":\"https:\/\/www.estrategiaconcursos.com.br\/blog\/concurso-ibge-edital-processo-seletivo\/#breadcrumb\",\"itemListElement\":[{\"@type\":\"ListItem\",\"position\":1,\"name\":\"In\u00edcio\",\"item\":\"https:\/\/www.estrategiaconcursos.com.br\/blog\/\"},{\"@type\":\"ListItem\",\"position\":2,\"name\":\"Concurso IBGE: novo edital oferta mais de 6 mil vagas!\"}]},{\"@type\":\"WebSite\",\"@id\":\"https:\/\/www.estrategiaconcursos.com.br\/blog\/#website\",\"url\":\"https:\/\/www.estrategiaconcursos.com.br\/blog\/\",\"name\":\"Estrat\u00e9gia Concursos\",\"description\":\"O blog da Estrat\u00e9gia Concursos traz not\u00edcias sobre concursos e artigos de professores oferecendo cursos para concursos (pdf + videaulas) no site.\",\"publisher\":{\"@id\":\"https:\/\/www.estrategiaconcursos.com.br\/blog\/#organization\"},\"potentialAction\":[{\"@type\":\"SearchAction\",\"target\":{\"@type\":\"EntryPoint\",\"urlTemplate\":\"https:\/\/www.estrategiaconcursos.com.br\/blog\/?s={search_term_string}\"},\"query-input\":{\"@type\":\"PropertyValueSpecification\",\"valueRequired\":true,\"valueName\":\"search_term_string\"}}],\"inLanguage\":\"pt-BR\"},{\"@type\":\"Organization\",\"@id\":\"https:\/\/www.estrategiaconcursos.com.br\/blog\/#organization\",\"name\":\"Estrat\u00e9gia Concursos\",\"url\":\"https:\/\/www.estrategiaconcursos.com.br\/blog\/\",\"logo\":{\"@type\":\"ImageObject\",\"inLanguage\":\"pt-BR\",\"@id\":\"https:\/\/www.estrategiaconcursos.com.br\/blog\/#\/schema\/logo\/image\/\",\"url\":\"https:\/\/dhg1h5j42swfq.cloudfront.net\/2025\/06\/03203428\/logo_concursos-1.jpg\",\"contentUrl\":\"https:\/\/dhg1h5j42swfq.cloudfront.net\/2025\/06\/03203428\/logo_concursos-1.jpg\",\"width\":230,\"height\":60,\"caption\":\"Estrat\u00e9gia Concursos\"},\"image\":{\"@id\":\"https:\/\/www.estrategiaconcursos.com.br\/blog\/#\/schema\/logo\/image\/\"},\"sameAs\":[\"https:\/\/x.com\/EstratConcursos\"]},{\"@type\":\"Person\",\"@id\":\"https:\/\/www.estrategiaconcursos.com.br\/blog\/#\/schema\/person\/84ecdc6eb58d3cf1689bf76c5cd8fb38\",\"name\":\"Camila Leite\",\"image\":{\"@type\":\"ImageObject\",\"inLanguage\":\"pt-BR\",\"@id\":\"https:\/\/secure.gravatar.com\/avatar\/f2f8faef639c8a2bfb7fb909912a56917f4c3a0aed064500168e2fb8ea55cf61?s=96&d=mm&r=g\",\"url\":\"https:\/\/secure.gravatar.com\/avatar\/f2f8faef639c8a2bfb7fb909912a56917f4c3a0aed064500168e2fb8ea55cf61?s=96&d=mm&r=g\",\"contentUrl\":\"https:\/\/secure.gravatar.com\/avatar\/f2f8faef639c8a2bfb7fb909912a56917f4c3a0aed064500168e2fb8ea55cf61?s=96&d=mm&r=g\",\"caption\":\"Camila Leite\"},\"description\":\"Formada em Design Gr\u00e1fico e em Propaganda e Marketing pela UNIP, integra a equipe de jornalismo do Estrat\u00e9gia Concursos desde 2018. Ao longo dos anos, construiu uma s\u00f3lida experi\u00eancia na produ\u00e7\u00e3o de conte\u00fado informativo e relevante para concurseiros. Desde 2020, atua na cobertura das \u00e1reas Fiscal \u2014 com \u00eanfase nas Secretarias de Fazenda (Sefaz) das regi\u00f5es Sul e Sudeste \u2014, al\u00e9m da cobertura de concursos federais, como CNU, Petrobras, CGU, Receita Federal, ag\u00eancias reguladoras (Anvisa, ANAC, entre outras) e INSS. Mant\u00e9m contato direto com os principais \u00f3rg\u00e3os p\u00fablicos, acompanhando editais, atualiza\u00e7\u00f5es e movimenta\u00e7\u00f5es importantes para os candidatos.\",\"sameAs\":[\"https:\/\/www.linkedin.com\/in\/camila-pinheiro-leite-9ba135b6\/\"],\"url\":\"https:\/\/www.estrategiaconcursos.com.br\/blog\/author\/camila-leiteestrategiaconcursos-com-br\/\"}]}<\/script>\n<!-- \/ Yoast SEO Premium plugin. -->","yoast_head_json":{"title":"Concurso IBGE: novo edital oferta mais de 6 mil vagas!","description":"Concurso IBGE: mais um edital de processo seletivo complementar \u00e9 publicado, ofertando 6.765 vagas para Recenseador, ACS e ACM.","robots":{"index":"index","follow":"follow","max-snippet":"max-snippet:-1","max-image-preview":"max-image-preview:large","max-video-preview":"max-video-preview:-1"},"canonical":"https:\/\/www.estrategiaconcursos.com.br\/blog\/concurso-ibge-edital-processo-seletivo\/","og_locale":"pt_BR","og_type":"article","og_title":"Concurso IBGE: novo edital oferta mais de 6 mil vagas!","og_description":"Concurso IBGE: mais um edital de processo seletivo complementar \u00e9 publicado, ofertando 6.765 vagas para Recenseador, ACS e ACM.","og_url":"https:\/\/www.estrategiaconcursos.com.br\/blog\/concurso-ibge-edital-processo-seletivo\/","og_site_name":"Estrat\u00e9gia Concursos","article_published_time":"2022-08-25T11:08:19+00:00","article_modified_time":"2022-09-01T19:56:25+00:00","og_image":[{"width":1200,"height":628,"url":"https:\/\/dhg1h5j42swfq.cloudfront.net\/2021\/04\/28111939\/ibge.jpg","type":"image\/jpeg"}],"author":"Camila Leite","twitter_card":"summary_large_image","twitter_creator":"@EstratConcursos","twitter_site":"@EstratConcursos","twitter_misc":{"Escrito por":"Camila Leite","Est. tempo de leitura":"4 minutos"},"schema":{"@context":"https:\/\/schema.org","@graph":[{"@type":"NewsArticle","@id":"https:\/\/www.estrategiaconcursos.com.br\/blog\/concurso-ibge-edital-processo-seletivo\/#article","isPartOf":{"@id":"https:\/\/www.estrategiaconcursos.com.br\/blog\/concurso-ibge-edital-processo-seletivo\/"},"author":{"name":"Camila Leite","@id":"https:\/\/www.estrategiaconcursos.com.br\/blog\/#\/schema\/person\/84ecdc6eb58d3cf1689bf76c5cd8fb38"},"headline":"Concurso IBGE: novo edital oferta mais de 6 mil vagas!","datePublished":"2022-08-25T11:08:19+00:00","dateModified":"2022-09-01T19:56:25+00:00","mainEntityOfPage":{"@id":"https:\/\/www.estrategiaconcursos.com.br\/blog\/concurso-ibge-edital-processo-seletivo\/"},"wordCount":727,"commentCount":0,"publisher":{"@id":"https:\/\/www.estrategiaconcursos.com.br\/blog\/#organization"},"image":{"@id":"https:\/\/www.estrategiaconcursos.com.br\/blog\/concurso-ibge-edital-processo-seletivo\/#primaryimage"},"thumbnailUrl":"https:\/\/dhg1h5j42swfq.cloudfront.net\/2021\/04\/28111939\/ibge.jpg","articleSection":["Executivo (Administrativa)","\u00daltimas not\u00edcias"],"inLanguage":"pt-BR","potentialAction":[{"@type":"CommentAction","name":"Comment","target":["https:\/\/www.estrategiaconcursos.com.br\/blog\/concurso-ibge-edital-processo-seletivo\/#respond"]}],"copyrightYear":"2022","copyrightHolder":{"@id":"https:\/\/www.estrategiaconcursos.com.br\/blog\/#organization"}},{"@type":"WebPage","@id":"https:\/\/www.estrategiaconcursos.com.br\/blog\/concurso-ibge-edital-processo-seletivo\/","url":"https:\/\/www.estrategiaconcursos.com.br\/blog\/concurso-ibge-edital-processo-seletivo\/","name":"Concurso IBGE: novo edital oferta mais de 6 mil vagas!","isPartOf":{"@id":"https:\/\/www.estrategiaconcursos.com.br\/blog\/#website"},"primaryImageOfPage":{"@id":"https:\/\/www.estrategiaconcursos.com.br\/blog\/concurso-ibge-edital-processo-seletivo\/#primaryimage"},"image":{"@id":"https:\/\/www.estrategiaconcursos.com.br\/blog\/concurso-ibge-edital-processo-seletivo\/#primaryimage"},"thumbnailUrl":"https:\/\/dhg1h5j42swfq.cloudfront.net\/2021\/04\/28111939\/ibge.jpg","datePublished":"2022-08-25T11:08:19+00:00","dateModified":"2022-09-01T19:56:25+00:00","description":"Concurso IBGE: mais um edital de processo seletivo complementar \u00e9 publicado, ofertando 6.765 vagas para Recenseador, ACS e ACM.","breadcrumb":{"@id":"https:\/\/www.estrategiaconcursos.com.br\/blog\/concurso-ibge-edital-processo-seletivo\/#breadcrumb"},"inLanguage":"pt-BR","potentialAction":[{"@type":"ReadAction","target":["https:\/\/www.estrategiaconcursos.com.br\/blog\/concurso-ibge-edital-processo-seletivo\/"]}]},{"@type":"ImageObject","inLanguage":"pt-BR","@id":"https:\/\/www.estrategiaconcursos.com.br\/blog\/concurso-ibge-edital-processo-seletivo\/#primaryimage","url":"https:\/\/dhg1h5j42swfq.cloudfront.net\/2021\/04\/28111939\/ibge.jpg","contentUrl":"https:\/\/dhg1h5j42swfq.cloudfront.net\/2021\/04\/28111939\/ibge.jpg","width":1200,"height":628,"caption":"concurso ibge"},{"@type":"BreadcrumbList","@id":"https:\/\/www.estrategiaconcursos.com.br\/blog\/concurso-ibge-edital-processo-seletivo\/#breadcrumb","itemListElement":[{"@type":"ListItem","position":1,"name":"In\u00edcio","item":"https:\/\/www.estrategiaconcursos.com.br\/blog\/"},{"@type":"ListItem","position":2,"name":"Concurso IBGE: novo edital oferta mais de 6 mil vagas!"}]},{"@type":"WebSite","@id":"https:\/\/www.estrategiaconcursos.com.br\/blog\/#website","url":"https:\/\/www.estrategiaconcursos.com.br\/blog\/","name":"Estrat\u00e9gia Concursos","description":"O blog da Estrat\u00e9gia Concursos traz not\u00edcias sobre concursos e artigos de professores oferecendo cursos para concursos (pdf + videaulas) no site.","publisher":{"@id":"https:\/\/www.estrategiaconcursos.com.br\/blog\/#organization"},"potentialAction":[{"@type":"SearchAction","target":{"@type":"EntryPoint","urlTemplate":"https:\/\/www.estrategiaconcursos.com.br\/blog\/?s={search_term_string}"},"query-input":{"@type":"PropertyValueSpecification","valueRequired":true,"valueName":"search_term_string"}}],"inLanguage":"pt-BR"},{"@type":"Organization","@id":"https:\/\/www.estrategiaconcursos.com.br\/blog\/#organization","name":"Estrat\u00e9gia Concursos","url":"https:\/\/www.estrategiaconcursos.com.br\/blog\/","logo":{"@type":"ImageObject","inLanguage":"pt-BR","@id":"https:\/\/www.estrategiaconcursos.com.br\/blog\/#\/schema\/logo\/image\/","url":"https:\/\/dhg1h5j42swfq.cloudfront.net\/2025\/06\/03203428\/logo_concursos-1.jpg","contentUrl":"https:\/\/dhg1h5j42swfq.cloudfront.net\/2025\/06\/03203428\/logo_concursos-1.jpg","width":230,"height":60,"caption":"Estrat\u00e9gia Concursos"},"image":{"@id":"https:\/\/www.estrategiaconcursos.com.br\/blog\/#\/schema\/logo\/image\/"},"sameAs":["https:\/\/x.com\/EstratConcursos"]},{"@type":"Person","@id":"https:\/\/www.estrategiaconcursos.com.br\/blog\/#\/schema\/person\/84ecdc6eb58d3cf1689bf76c5cd8fb38","name":"Camila Leite","image":{"@type":"ImageObject","inLanguage":"pt-BR","@id":"https:\/\/secure.gravatar.com\/avatar\/f2f8faef639c8a2bfb7fb909912a56917f4c3a0aed064500168e2fb8ea55cf61?s=96&d=mm&r=g","url":"https:\/\/secure.gravatar.com\/avatar\/f2f8faef639c8a2bfb7fb909912a56917f4c3a0aed064500168e2fb8ea55cf61?s=96&d=mm&r=g","contentUrl":"https:\/\/secure.gravatar.com\/avatar\/f2f8faef639c8a2bfb7fb909912a56917f4c3a0aed064500168e2fb8ea55cf61?s=96&d=mm&r=g","caption":"Camila Leite"},"description":"Formada em Design Gr\u00e1fico e em Propaganda e Marketing pela UNIP, integra a equipe de jornalismo do Estrat\u00e9gia Concursos desde 2018. Ao longo dos anos, construiu uma s\u00f3lida experi\u00eancia na produ\u00e7\u00e3o de conte\u00fado informativo e relevante para concurseiros. Desde 2020, atua na cobertura das \u00e1reas Fiscal \u2014 com \u00eanfase nas Secretarias de Fazenda (Sefaz) das regi\u00f5es Sul e Sudeste \u2014, al\u00e9m da cobertura de concursos federais, como CNU, Petrobras, CGU, Receita Federal, ag\u00eancias reguladoras (Anvisa, ANAC, entre outras) e INSS. Mant\u00e9m contato direto com os principais \u00f3rg\u00e3os p\u00fablicos, acompanhando editais, atualiza\u00e7\u00f5es e movimenta\u00e7\u00f5es importantes para os candidatos.","sameAs":["https:\/\/www.linkedin.com\/in\/camila-pinheiro-leite-9ba135b6\/"],"url":"https:\/\/www.estrategiaconcursos.com.br\/blog\/author\/camila-leiteestrategiaconcursos-com-br\/"}]}},"_links":{"self":[{"href":"https:\/\/www.estrategiaconcursos.com.br\/blog\/wp-json\/wp\/v2\/posts\/1083650","targetHints":{"allow":["GET"]}}],"collection":[{"href":"https:\/\/www.estrategiaconcursos.com.br\/blog\/wp-json\/wp\/v2\/posts"}],"about":[{"href":"https:\/\/www.estrategiaconcursos.com.br\/blog\/wp-json\/wp\/v2\/types\/post"}],"author":[{"embeddable":true,"href":"https:\/\/www.estrategiaconcursos.com.br\/blog\/wp-json\/wp\/v2\/users\/659"}],"replies":[{"embeddable":true,"href":"https:\/\/www.estrategiaconcursos.com.br\/blog\/wp-json\/wp\/v2\/comments?post=1083650"}],"version-history":[{"count":11,"href":"https:\/\/www.estrategiaconcursos.com.br\/blog\/wp-json\/wp\/v2\/posts\/1083650\/revisions"}],"predecessor-version":[{"id":1087895,"href":"https:\/\/www.estrategiaconcursos.com.br\/blog\/wp-json\/wp\/v2\/posts\/1083650\/revisions\/1087895"}],"wp:featuredmedia":[{"embeddable":true,"href":"https:\/\/www.estrategiaconcursos.com.br\/blog\/wp-json\/wp\/v2\/media\/725517"}],"wp:attachment":[{"href":"https:\/\/www.estrategiaconcursos.com.br\/blog\/wp-json\/wp\/v2\/media?parent=1083650"}],"wp:term":[{"taxonomy":"category","embeddable":true,"href":"https:\/\/www.estrategiaconcursos.com.br\/blog\/wp-json\/wp\/v2\/categories?post=1083650"},{"taxonomy":"post_tag","embeddable":true,"href":"https:\/\/www.estrategiaconcursos.com.br\/blog\/wp-json\/wp\/v2\/tags?post=1083650"},{"taxonomy":"tax_estado","embeddable":true,"href":"https:\/\/www.estrategiaconcursos.com.br\/blog\/wp-json\/wp\/v2\/tax_estado?post=1083650"}],"curies":[{"name":"wp","href":"https:\/\/api.w.org\/{rel}","templated":true}]}}