{"id":10832,"date":"2013-09-11T21:10:58","date_gmt":"2013-09-12T00:10:58","guid":{"rendered":"https:\/\/www.estrategiaconcursos.com.br\/blog\/?p=10832"},"modified":"2016-06-08T11:35:23","modified_gmt":"2016-06-08T14:35:23","slug":"aft2013-redacao-oficial","status":"publish","type":"post","link":"https:\/\/www.estrategiaconcursos.com.br\/blog\/aft2013-redacao-oficial\/","title":{"rendered":"AFT\/2013: Reda\u00e7\u00e3o Oficial"},"content":{"rendered":"<p>Ol\u00e1, pessoal!<\/p>\n<p>&nbsp;<\/p>\n<p>A seguir, apresento minhas considera\u00e7\u00f5es acerca das quest\u00f5es de Reda\u00e7\u00e3o Oficial cobradas na prova para o cargo de Auditor-Fiscal do Trabalho. Acrescento que n\u00e3o vislumbrei possibilidade de interpor recurso contra o gabarito preliminar.<\/p>\n<p>&nbsp;<\/p>\n<p>Vamos l\u00e1!<\/p>\n<p>&nbsp;<\/p>\n<p>Considerando as orienta\u00e7\u00f5es constantes do Manual de Reda\u00e7\u00e3o da Presid\u00eancia da Rep\u00fablica, julgue os itens subsequentes.<\/p>\n<p>&nbsp;<\/p>\n<p>21 O of\u00edcio e o aviso se diferenciam do memorando quanto a sua forma e finalidade.<\/p>\n<p>&nbsp;<\/p>\n<p>Coment\u00e1rio: De acordo com o Manual de Reda\u00e7\u00e3o da Presid\u00eancia da Rep\u00fablica, o of\u00edcio, o aviso e o memorando diferenciam-se pela finalidade. Vejam o que prescreve o citado manual:<\/p>\n<p>&nbsp;<\/p>\n<p>Existem tr\u00eas tipos de expedientes que se diferenciam antes pela finalidade do que pela forma: o of\u00edcio, o aviso e o memorando.<\/p>\n<p>&nbsp;<\/p>\n<p>Portanto, o item est\u00e1 errado.<\/p>\n<p>&nbsp;<\/p>\n<p>Gabarito: Errado.<\/p>\n<p>&nbsp;<\/p>\n<p>22 O of\u00edcio segue o mesmo padr\u00e3o do aviso quanto ao formato, sendo que se diferencia quanto \u00e0 finalidade por tratar tamb\u00e9m de assuntos oficiais com particulares.<\/p>\n<p>&nbsp;<\/p>\n<p>Coment\u00e1rio: O item apresentou as ideias contidas no MRPR. Segundo o manual, aviso e of\u00edcio t\u00eam como finalidade o tratamento de assuntos oficiais pelos \u00f3rg\u00e3os da Administra\u00e7\u00e3o P\u00fablica entre si e, no caso do of\u00edcio, tamb\u00e9m com particulares (comunica\u00e7\u00e3o externa).<br \/>\nLogo, a reda\u00e7\u00e3o do item est\u00e1 correta.<\/p>\n<p>&nbsp;<\/p>\n<p>Gabarito: Certo.<\/p>\n<p>&nbsp;<\/p>\n<p>23 O memorando \u00e9 uma forma de comunica\u00e7\u00e3o estritamente interna.<\/p>\n<p>&nbsp;<\/p>\n<p>Coment\u00e1rio: Quest\u00e3o muito f\u00e1cil, pois o item reproduziu o que est\u00e1 expresso no Manual de Reda\u00e7\u00e3o da Presid\u00eancia da Rep\u00fablica:<\/p>\n<p>&nbsp;<\/p>\n<p>Memorando \u00e9 uma modalidade de comunica\u00e7\u00e3o entre unidades administrativas de um mesmo \u00f3rg\u00e3o, que podem estar hierarquicamente em mesmo n\u00edvel ou em n\u00edveis diferentes. Trata-se, portanto, de uma forma de comunica\u00e7\u00e3o eminentemente (exclusivamente) interna.<\/p>\n<p>&nbsp;<\/p>\n<p>Por conseguinte, o item est\u00e1 correto.<\/p>\n<p>&nbsp;<\/p>\n<p>Gabarito: Certo.<\/p>\n<p>&nbsp;<\/p>\n<p>24 O despacho ao memorando deve ser dado por meio de outro memorando. Assim, torna-se poss\u00edvel historiar o andamento de mat\u00e9ria que seja tratada no memorando, formando-se uma esp\u00e9cie de processo simplificado.<\/p>\n<p>&nbsp;<\/p>\n<p>Coment\u00e1rio: Item (muito) errado! De acordo com o MRPR, os despachos ao memorando devem ser dados no pr\u00f3prio documento e, no caso de falta de espa\u00e7o, em folha de continua\u00e7\u00e3o.<\/p>\n<p>&nbsp;<\/p>\n<p>Gabarito: Errado.<\/p>\n<p>&nbsp;<\/p>\n<p>25 Os princ\u00edpios da publicidade e da impessoalidade, princ\u00edpios da administra\u00e7\u00e3o p\u00fablica, orientam a elabora\u00e7\u00e3o de atos e comunica\u00e7\u00f5es oficiais.<\/p>\n<p>&nbsp;<\/p>\n<p>Coment\u00e1rio: Conforme mencionei para voc\u00eas nas aulas, a reda\u00e7\u00e3o de correspond\u00eancias oficiais deve sempre conter os seguintes atributos: impessoalidade, padr\u00e3o culto de linguagem, clareza, concis\u00e3o, formalidade e uniformidade. Todos esses atributos prov\u00eam do artigo 37, da Constitui\u00e7\u00e3o Federal de 1988, o qual aduz que:<\/p>\n<p>&nbsp;<\/p>\n<p>\u201cA administra\u00e7\u00e3o p\u00fablica direta, indireta ou fundacional, de qualquer dos Poderes da Uni\u00e3o, dos Estados, do Distrito Federal e dos Munic\u00edpios obedecer\u00e1 aos princ\u00edpios de legalidade, impessoalidade, moralidade, publicidade e efici\u00eancia (&#8230;)\u201d.<\/p>\n<p>&nbsp;<\/p>\n<p>Sendo assim, os princ\u00edpios da impessoalidade e da publicidade devem nortear a elabora\u00e7\u00e3o dos atos e das comunica\u00e7\u00f5es oficiais.<\/p>\n<p>&nbsp;<\/p>\n<p>Gabarito: Certo.<\/p>\n<p>&nbsp;<\/p>\n<p>26 A linguagem clara e intelig\u00edvel deve pautar a comunica\u00e7\u00e3o oficial. Desse modo, o uso de jarg\u00e3o t\u00e9cnico colabora para a clareza na comunica\u00e7\u00e3o.<\/p>\n<p>&nbsp;<\/p>\n<p>Coment\u00e1rio: Errado! Mais uma vez, a reda\u00e7\u00e3o do item contradisse as ideias do Manual de Reda\u00e7\u00e3o da Presid\u00eancia da Rep\u00fablica. De acordo com o documento, As comunica\u00e7\u00f5es que partem dos \u00f3rg\u00e3os p\u00fablicos devem ser compreendidas por todo e qualquer cidad\u00e3o brasileiro. Para atingir esse objetivo, devemos evitar o uso de uma linguagem restrita a determinados grupos, pois um texto marcado por express\u00f5es de circula\u00e7\u00e3o restrita, como a g\u00edria, os regionalismos vocabulares ou o jarg\u00e3o t\u00e9cnico, por exemplo, tem sua compreens\u00e3o dificultada.<\/p>\n<p>&nbsp;<\/p>\n<p>Gabarito: Errado.<\/p>\n<p>&nbsp;<\/p>\n<p>Abra\u00e7os e sucesso a todos!<\/p>\n","protected":false},"excerpt":{"rendered":"<p>Ol\u00e1, pessoal! &nbsp; A seguir, apresento minhas considera\u00e7\u00f5es acerca das quest\u00f5es de Reda\u00e7\u00e3o Oficial cobradas na prova para o cargo de Auditor-Fiscal do Trabalho. Acrescento que n\u00e3o vislumbrei possibilidade de interpor recurso contra o gabarito preliminar. &nbsp; Vamos l\u00e1! &nbsp; Considerando as orienta\u00e7\u00f5es constantes do Manual de Reda\u00e7\u00e3o da Presid\u00eancia da Rep\u00fablica, julgue os itens [&hellip;]<\/p>\n","protected":false},"author":12,"featured_media":0,"comment_status":"open","ping_status":"open","sticky":false,"template":"","format":"standard","meta":{"post_tipo":"article","footnotes":""},"categories":[1],"tags":[542],"tax_estado":[],"class_list":["post-10832","post","type-post","status-publish","format-standard","hentry","category-cursos-e-concursos","tag-aft"],"acf":[],"yoast_head":"<!-- This site is optimized with the Yoast SEO Premium plugin v27.2 (Yoast SEO v27.2) - https:\/\/yoast.com\/product\/yoast-seo-premium-wordpress\/ -->\n<title>AFT\/2013: Reda\u00e7\u00e3o Oficial<\/title>\n<meta name=\"robots\" content=\"index, follow, max-snippet:-1, max-image-preview:large, max-video-preview:-1\" \/>\n<link rel=\"canonical\" href=\"https:\/\/www.estrategiaconcursos.com.br\/blog\/aft2013-redacao-oficial\/\" \/>\n<meta property=\"og:locale\" content=\"pt_BR\" \/>\n<meta property=\"og:type\" content=\"article\" \/>\n<meta property=\"og:title\" content=\"AFT\/2013: Reda\u00e7\u00e3o Oficial\" \/>\n<meta property=\"og:description\" content=\"Ol\u00e1, pessoal! &nbsp; A seguir, apresento minhas considera\u00e7\u00f5es acerca das quest\u00f5es de Reda\u00e7\u00e3o Oficial cobradas na prova para o cargo de Auditor-Fiscal do Trabalho. Acrescento que n\u00e3o vislumbrei possibilidade de interpor recurso contra o gabarito preliminar. &nbsp; Vamos l\u00e1! &nbsp; Considerando as orienta\u00e7\u00f5es constantes do Manual de Reda\u00e7\u00e3o da Presid\u00eancia da Rep\u00fablica, julgue os itens [&hellip;]\" \/>\n<meta property=\"og:url\" content=\"https:\/\/www.estrategiaconcursos.com.br\/blog\/aft2013-redacao-oficial\/\" \/>\n<meta property=\"og:site_name\" content=\"Estrat\u00e9gia Concursos\" \/>\n<meta property=\"article:author\" content=\"https:\/\/www.facebook.com\/salesfabiano\" \/>\n<meta property=\"article:published_time\" content=\"2013-09-12T00:10:58+00:00\" \/>\n<meta property=\"article:modified_time\" content=\"2016-06-08T14:35:23+00:00\" \/>\n<meta name=\"author\" content=\"Fabiano Sales\" \/>\n<meta name=\"twitter:card\" content=\"summary_large_image\" \/>\n<meta name=\"twitter:creator\" content=\"@EstratConcursos\" \/>\n<meta name=\"twitter:site\" content=\"@EstratConcursos\" \/>\n<meta name=\"twitter:label1\" content=\"Escrito por\" \/>\n\t<meta name=\"twitter:data1\" content=\"Fabiano Sales\" \/>\n\t<meta name=\"twitter:label2\" content=\"Est. tempo de leitura\" \/>\n\t<meta name=\"twitter:data2\" content=\"3 minutos\" \/>\n<script type=\"application\/ld+json\" class=\"yoast-schema-graph\">{\"@context\":\"https:\/\/schema.org\",\"@graph\":[{\"@type\":\"NewsArticle\",\"@id\":\"https:\/\/www.estrategiaconcursos.com.br\/blog\/aft2013-redacao-oficial\/#article\",\"isPartOf\":{\"@id\":\"https:\/\/www.estrategiaconcursos.com.br\/blog\/aft2013-redacao-oficial\/\"},\"author\":{\"name\":\"Fabiano Sales\",\"@id\":\"https:\/\/www.estrategiaconcursos.com.br\/blog\/#\/schema\/person\/5e2504a4ef800b3008f46cf323678a7d\"},\"headline\":\"AFT\/2013: Reda\u00e7\u00e3o Oficial\",\"datePublished\":\"2013-09-12T00:10:58+00:00\",\"dateModified\":\"2016-06-08T14:35:23+00:00\",\"mainEntityOfPage\":{\"@id\":\"https:\/\/www.estrategiaconcursos.com.br\/blog\/aft2013-redacao-oficial\/\"},\"wordCount\":680,\"commentCount\":0,\"publisher\":{\"@id\":\"https:\/\/www.estrategiaconcursos.com.br\/blog\/#organization\"},\"keywords\":[\"AFT\"],\"articleSection\":[\"Concursos P\u00fablicos\"],\"inLanguage\":\"pt-BR\",\"potentialAction\":[{\"@type\":\"CommentAction\",\"name\":\"Comment\",\"target\":[\"https:\/\/www.estrategiaconcursos.com.br\/blog\/aft2013-redacao-oficial\/#respond\"]}],\"copyrightYear\":\"2013\",\"copyrightHolder\":{\"@id\":\"https:\/\/www.estrategiaconcursos.com.br\/blog\/#organization\"}},{\"@type\":\"WebPage\",\"@id\":\"https:\/\/www.estrategiaconcursos.com.br\/blog\/aft2013-redacao-oficial\/\",\"url\":\"https:\/\/www.estrategiaconcursos.com.br\/blog\/aft2013-redacao-oficial\/\",\"name\":\"AFT\/2013: Reda\u00e7\u00e3o Oficial\",\"isPartOf\":{\"@id\":\"https:\/\/www.estrategiaconcursos.com.br\/blog\/#website\"},\"datePublished\":\"2013-09-12T00:10:58+00:00\",\"dateModified\":\"2016-06-08T14:35:23+00:00\",\"breadcrumb\":{\"@id\":\"https:\/\/www.estrategiaconcursos.com.br\/blog\/aft2013-redacao-oficial\/#breadcrumb\"},\"inLanguage\":\"pt-BR\",\"potentialAction\":[{\"@type\":\"ReadAction\",\"target\":[\"https:\/\/www.estrategiaconcursos.com.br\/blog\/aft2013-redacao-oficial\/\"]}]},{\"@type\":\"BreadcrumbList\",\"@id\":\"https:\/\/www.estrategiaconcursos.com.br\/blog\/aft2013-redacao-oficial\/#breadcrumb\",\"itemListElement\":[{\"@type\":\"ListItem\",\"position\":1,\"name\":\"In\u00edcio\",\"item\":\"https:\/\/www.estrategiaconcursos.com.br\/blog\/\"},{\"@type\":\"ListItem\",\"position\":2,\"name\":\"AFT\/2013: Reda\u00e7\u00e3o Oficial\"}]},{\"@type\":\"WebSite\",\"@id\":\"https:\/\/www.estrategiaconcursos.com.br\/blog\/#website\",\"url\":\"https:\/\/www.estrategiaconcursos.com.br\/blog\/\",\"name\":\"Estrat\u00e9gia Concursos\",\"description\":\"O blog da Estrat\u00e9gia Concursos traz not\u00edcias sobre concursos e artigos de professores oferecendo cursos para concursos (pdf + videaulas) no site.\",\"publisher\":{\"@id\":\"https:\/\/www.estrategiaconcursos.com.br\/blog\/#organization\"},\"potentialAction\":[{\"@type\":\"SearchAction\",\"target\":{\"@type\":\"EntryPoint\",\"urlTemplate\":\"https:\/\/www.estrategiaconcursos.com.br\/blog\/?s={search_term_string}\"},\"query-input\":{\"@type\":\"PropertyValueSpecification\",\"valueRequired\":true,\"valueName\":\"search_term_string\"}}],\"inLanguage\":\"pt-BR\"},{\"@type\":\"Organization\",\"@id\":\"https:\/\/www.estrategiaconcursos.com.br\/blog\/#organization\",\"name\":\"Estrat\u00e9gia Concursos\",\"url\":\"https:\/\/www.estrategiaconcursos.com.br\/blog\/\",\"logo\":{\"@type\":\"ImageObject\",\"inLanguage\":\"pt-BR\",\"@id\":\"https:\/\/www.estrategiaconcursos.com.br\/blog\/#\/schema\/logo\/image\/\",\"url\":\"https:\/\/dhg1h5j42swfq.cloudfront.net\/2025\/06\/03203428\/logo_concursos-1.jpg\",\"contentUrl\":\"https:\/\/dhg1h5j42swfq.cloudfront.net\/2025\/06\/03203428\/logo_concursos-1.jpg\",\"width\":230,\"height\":60,\"caption\":\"Estrat\u00e9gia Concursos\"},\"image\":{\"@id\":\"https:\/\/www.estrategiaconcursos.com.br\/blog\/#\/schema\/logo\/image\/\"},\"sameAs\":[\"https:\/\/x.com\/EstratConcursos\"]},{\"@type\":\"Person\",\"@id\":\"https:\/\/www.estrategiaconcursos.com.br\/blog\/#\/schema\/person\/5e2504a4ef800b3008f46cf323678a7d\",\"name\":\"Fabiano Sales\",\"image\":{\"@type\":\"ImageObject\",\"inLanguage\":\"pt-BR\",\"@id\":\"https:\/\/secure.gravatar.com\/avatar\/b939e971ef99146af1aeaf8171ab14d88ec45e82cd95ed1a2ddc3e4eb3d373f3?s=96&d=mm&r=g\",\"url\":\"https:\/\/secure.gravatar.com\/avatar\/b939e971ef99146af1aeaf8171ab14d88ec45e82cd95ed1a2ddc3e4eb3d373f3?s=96&d=mm&r=g\",\"contentUrl\":\"https:\/\/secure.gravatar.com\/avatar\/b939e971ef99146af1aeaf8171ab14d88ec45e82cd95ed1a2ddc3e4eb3d373f3?s=96&d=mm&r=g\",\"caption\":\"Fabiano Sales\"},\"sameAs\":[\"https:\/\/www.facebook.com\/salesfabiano\"],\"url\":\"https:\/\/www.estrategiaconcursos.com.br\/blog\/author\/fabianosalesestrategiaconcursos-com-br\/\"}]}<\/script>\n<!-- \/ Yoast SEO Premium plugin. -->","yoast_head_json":{"title":"AFT\/2013: Reda\u00e7\u00e3o Oficial","robots":{"index":"index","follow":"follow","max-snippet":"max-snippet:-1","max-image-preview":"max-image-preview:large","max-video-preview":"max-video-preview:-1"},"canonical":"https:\/\/www.estrategiaconcursos.com.br\/blog\/aft2013-redacao-oficial\/","og_locale":"pt_BR","og_type":"article","og_title":"AFT\/2013: Reda\u00e7\u00e3o Oficial","og_description":"Ol\u00e1, pessoal! &nbsp; A seguir, apresento minhas considera\u00e7\u00f5es acerca das quest\u00f5es de Reda\u00e7\u00e3o Oficial cobradas na prova para o cargo de Auditor-Fiscal do Trabalho. Acrescento que n\u00e3o vislumbrei possibilidade de interpor recurso contra o gabarito preliminar. &nbsp; Vamos l\u00e1! &nbsp; Considerando as orienta\u00e7\u00f5es constantes do Manual de Reda\u00e7\u00e3o da Presid\u00eancia da Rep\u00fablica, julgue os itens [&hellip;]","og_url":"https:\/\/www.estrategiaconcursos.com.br\/blog\/aft2013-redacao-oficial\/","og_site_name":"Estrat\u00e9gia Concursos","article_author":"https:\/\/www.facebook.com\/salesfabiano","article_published_time":"2013-09-12T00:10:58+00:00","article_modified_time":"2016-06-08T14:35:23+00:00","author":"Fabiano Sales","twitter_card":"summary_large_image","twitter_creator":"@EstratConcursos","twitter_site":"@EstratConcursos","twitter_misc":{"Escrito por":"Fabiano Sales","Est. tempo de leitura":"3 minutos"},"schema":{"@context":"https:\/\/schema.org","@graph":[{"@type":"NewsArticle","@id":"https:\/\/www.estrategiaconcursos.com.br\/blog\/aft2013-redacao-oficial\/#article","isPartOf":{"@id":"https:\/\/www.estrategiaconcursos.com.br\/blog\/aft2013-redacao-oficial\/"},"author":{"name":"Fabiano Sales","@id":"https:\/\/www.estrategiaconcursos.com.br\/blog\/#\/schema\/person\/5e2504a4ef800b3008f46cf323678a7d"},"headline":"AFT\/2013: Reda\u00e7\u00e3o Oficial","datePublished":"2013-09-12T00:10:58+00:00","dateModified":"2016-06-08T14:35:23+00:00","mainEntityOfPage":{"@id":"https:\/\/www.estrategiaconcursos.com.br\/blog\/aft2013-redacao-oficial\/"},"wordCount":680,"commentCount":0,"publisher":{"@id":"https:\/\/www.estrategiaconcursos.com.br\/blog\/#organization"},"keywords":["AFT"],"articleSection":["Concursos P\u00fablicos"],"inLanguage":"pt-BR","potentialAction":[{"@type":"CommentAction","name":"Comment","target":["https:\/\/www.estrategiaconcursos.com.br\/blog\/aft2013-redacao-oficial\/#respond"]}],"copyrightYear":"2013","copyrightHolder":{"@id":"https:\/\/www.estrategiaconcursos.com.br\/blog\/#organization"}},{"@type":"WebPage","@id":"https:\/\/www.estrategiaconcursos.com.br\/blog\/aft2013-redacao-oficial\/","url":"https:\/\/www.estrategiaconcursos.com.br\/blog\/aft2013-redacao-oficial\/","name":"AFT\/2013: Reda\u00e7\u00e3o Oficial","isPartOf":{"@id":"https:\/\/www.estrategiaconcursos.com.br\/blog\/#website"},"datePublished":"2013-09-12T00:10:58+00:00","dateModified":"2016-06-08T14:35:23+00:00","breadcrumb":{"@id":"https:\/\/www.estrategiaconcursos.com.br\/blog\/aft2013-redacao-oficial\/#breadcrumb"},"inLanguage":"pt-BR","potentialAction":[{"@type":"ReadAction","target":["https:\/\/www.estrategiaconcursos.com.br\/blog\/aft2013-redacao-oficial\/"]}]},{"@type":"BreadcrumbList","@id":"https:\/\/www.estrategiaconcursos.com.br\/blog\/aft2013-redacao-oficial\/#breadcrumb","itemListElement":[{"@type":"ListItem","position":1,"name":"In\u00edcio","item":"https:\/\/www.estrategiaconcursos.com.br\/blog\/"},{"@type":"ListItem","position":2,"name":"AFT\/2013: Reda\u00e7\u00e3o Oficial"}]},{"@type":"WebSite","@id":"https:\/\/www.estrategiaconcursos.com.br\/blog\/#website","url":"https:\/\/www.estrategiaconcursos.com.br\/blog\/","name":"Estrat\u00e9gia Concursos","description":"O blog da Estrat\u00e9gia Concursos traz not\u00edcias sobre concursos e artigos de professores oferecendo cursos para concursos (pdf + videaulas) no site.","publisher":{"@id":"https:\/\/www.estrategiaconcursos.com.br\/blog\/#organization"},"potentialAction":[{"@type":"SearchAction","target":{"@type":"EntryPoint","urlTemplate":"https:\/\/www.estrategiaconcursos.com.br\/blog\/?s={search_term_string}"},"query-input":{"@type":"PropertyValueSpecification","valueRequired":true,"valueName":"search_term_string"}}],"inLanguage":"pt-BR"},{"@type":"Organization","@id":"https:\/\/www.estrategiaconcursos.com.br\/blog\/#organization","name":"Estrat\u00e9gia Concursos","url":"https:\/\/www.estrategiaconcursos.com.br\/blog\/","logo":{"@type":"ImageObject","inLanguage":"pt-BR","@id":"https:\/\/www.estrategiaconcursos.com.br\/blog\/#\/schema\/logo\/image\/","url":"https:\/\/dhg1h5j42swfq.cloudfront.net\/2025\/06\/03203428\/logo_concursos-1.jpg","contentUrl":"https:\/\/dhg1h5j42swfq.cloudfront.net\/2025\/06\/03203428\/logo_concursos-1.jpg","width":230,"height":60,"caption":"Estrat\u00e9gia Concursos"},"image":{"@id":"https:\/\/www.estrategiaconcursos.com.br\/blog\/#\/schema\/logo\/image\/"},"sameAs":["https:\/\/x.com\/EstratConcursos"]},{"@type":"Person","@id":"https:\/\/www.estrategiaconcursos.com.br\/blog\/#\/schema\/person\/5e2504a4ef800b3008f46cf323678a7d","name":"Fabiano Sales","image":{"@type":"ImageObject","inLanguage":"pt-BR","@id":"https:\/\/secure.gravatar.com\/avatar\/b939e971ef99146af1aeaf8171ab14d88ec45e82cd95ed1a2ddc3e4eb3d373f3?s=96&d=mm&r=g","url":"https:\/\/secure.gravatar.com\/avatar\/b939e971ef99146af1aeaf8171ab14d88ec45e82cd95ed1a2ddc3e4eb3d373f3?s=96&d=mm&r=g","contentUrl":"https:\/\/secure.gravatar.com\/avatar\/b939e971ef99146af1aeaf8171ab14d88ec45e82cd95ed1a2ddc3e4eb3d373f3?s=96&d=mm&r=g","caption":"Fabiano Sales"},"sameAs":["https:\/\/www.facebook.com\/salesfabiano"],"url":"https:\/\/www.estrategiaconcursos.com.br\/blog\/author\/fabianosalesestrategiaconcursos-com-br\/"}]}},"_links":{"self":[{"href":"https:\/\/www.estrategiaconcursos.com.br\/blog\/wp-json\/wp\/v2\/posts\/10832","targetHints":{"allow":["GET"]}}],"collection":[{"href":"https:\/\/www.estrategiaconcursos.com.br\/blog\/wp-json\/wp\/v2\/posts"}],"about":[{"href":"https:\/\/www.estrategiaconcursos.com.br\/blog\/wp-json\/wp\/v2\/types\/post"}],"author":[{"embeddable":true,"href":"https:\/\/www.estrategiaconcursos.com.br\/blog\/wp-json\/wp\/v2\/users\/12"}],"replies":[{"embeddable":true,"href":"https:\/\/www.estrategiaconcursos.com.br\/blog\/wp-json\/wp\/v2\/comments?post=10832"}],"version-history":[{"count":4,"href":"https:\/\/www.estrategiaconcursos.com.br\/blog\/wp-json\/wp\/v2\/posts\/10832\/revisions"}],"predecessor-version":[{"id":40972,"href":"https:\/\/www.estrategiaconcursos.com.br\/blog\/wp-json\/wp\/v2\/posts\/10832\/revisions\/40972"}],"wp:attachment":[{"href":"https:\/\/www.estrategiaconcursos.com.br\/blog\/wp-json\/wp\/v2\/media?parent=10832"}],"wp:term":[{"taxonomy":"category","embeddable":true,"href":"https:\/\/www.estrategiaconcursos.com.br\/blog\/wp-json\/wp\/v2\/categories?post=10832"},{"taxonomy":"post_tag","embeddable":true,"href":"https:\/\/www.estrategiaconcursos.com.br\/blog\/wp-json\/wp\/v2\/tags?post=10832"},{"taxonomy":"tax_estado","embeddable":true,"href":"https:\/\/www.estrategiaconcursos.com.br\/blog\/wp-json\/wp\/v2\/tax_estado?post=10832"}],"curies":[{"name":"wp","href":"https:\/\/api.w.org\/{rel}","templated":true}]}}