{"id":1083161,"date":"2022-08-26T18:00:00","date_gmt":"2022-08-26T21:00:00","guid":{"rendered":"https:\/\/www.estrategiaconcursos.com.br\/blog\/?p=1083161"},"modified":"2022-09-02T12:23:13","modified_gmt":"2022-09-02T15:23:13","slug":"concurso-publico-editais-da-semana-22-a-26-08","status":"publish","type":"post","link":"https:\/\/www.estrategiaconcursos.com.br\/blog\/concurso-publico-editais-da-semana-22-a-26-08\/","title":{"rendered":"Concurso P\u00fablico: 23 editais esta semana; mais de 10 mil vagas"},"content":{"rendered":"\n<p>Agosto \u00e9 conhecido como o &#8220;m\u00eas do desgosto&#8221;, mas para o mundo dos concursos p\u00fablicos, est\u00e1 sendo um excelente m\u00eas, com a divulga\u00e7\u00e3o de diversos editais. Inclusive, esta semana tivemos a publica\u00e7\u00e3o de um certame que era previsto l\u00e1 para 2020, mas acabou sendo suspenso.<\/p>\n\n\n\n<p>Estamos falando do edital do <strong>Senado Federal<\/strong>. Na \u00e9poca, a sele\u00e7\u00e3o estava bem encaminhada, com grupo de trabalho formado e uma poss\u00edvel banca j\u00e1 anunciada, entretanto, a comiss\u00e3o precisou ser desfeita, veio a pandemia, e tudo ficou meio incerto.<\/p>\n\n\n\n<p>Mas em 2022 o certame retornou e agora j\u00e1 est\u00e1 na pra\u00e7a, com a oferta de 22 vagas imediatas e mais 992 em cadastro reserva para cargos de n\u00edvel superior e <strong>remunera\u00e7\u00f5es a partir de R$ 19,4 mil<\/strong>!<\/p>\n\n\n\n<p>Quer ficar informado sobre TODOS os <a href=\"https:\/\/www.estrategiaconcursos.com.br\/blog\/concursos-abertos\/\" target=\"_blank\" rel=\"noreferrer noopener\">novos editais de concursos<\/a> publicados nos \u00faltimos dias? <em><strong>Confira mais informa\u00e7\u00f5es ao longo deste artigo!<\/strong><\/em>  <\/p>\n\n\n\n<div class=\"container\" id=\"boxes\">\n  <div class=\"row\">\n\n    <div class=\"col-sm\">\n      <div class=\"banner-estrategia\" id=\"box-assinatura\">\n        <h3 class=\"titulo-assinatura\">Cursos para concursos<\/h3>\n        <p class=\"subtitulo-assinatura\">Estude conosco<\/p>\n        <div class=\"box-botao\">\n          <a class=\"btn-assinatura\" target=\"_blank\" href=\"https:\/\/www.estrategiaconcursos.com.br\/cursos\/\" role=\"button\" rel=\"noopener noreferrer\">Conhe\u00e7a os cursos<\/a>\n        <\/div>\n      <\/div>\n     \n    <\/div>\n\n  <\/div>\n<\/div>\n\n\n\n<h2 class=\"has-text-align-center has-cyan-bluish-gray-background-color has-background wp-block-heading\" id=\"h-confira-os-editais-de-concursos-publicados-nesta-semana\">Confira os editais de concursos publicados nesta semana:<\/h2>\n\n\n\n<h3 class=\"wp-block-heading\"><a href=\"https:\/\/www.estrategiaconcursos.com.br\/blog\/concurso-senado-federal\/\" target=\"_blank\" rel=\"noreferrer noopener\">Concurso Senado Federal<\/a>&nbsp;|&nbsp;<a href=\"https:\/\/cj.estrategia.com\/portal\/concurso-advogado-senado-federal\/\" target=\"_blank\" rel=\"noreferrer noopener\">Advogado do Senado<\/a><\/h3>\n\n\n\n<ul class=\"wp-block-list\"><li><strong>Banca:<\/strong>&nbsp;<a href=\"https:\/\/conhecimento.fgv.br\/concursos\/senado22\" target=\"_blank\" rel=\"noreferrer noopener\">FGV<\/a><\/li><li><strong>Per\u00edodo de inscri\u00e7\u00f5es<\/strong>:<strong>&nbsp;<\/strong>at\u00e9 21\/09\/2022<\/li><li><strong>Data da prova<\/strong>: 06\/11\/2022 (discursiva)<\/li><li><strong>Vagas:<\/strong>&nbsp;22 vagas&nbsp;+ 992 CR<\/li><li><strong>Cargos<\/strong>: T\u00e9cnico Legislativo (Policial Legislativo), Analista Legislativo, Consultor Legislativo e Advogado<\/li><li><strong>Remunera\u00e7\u00e3o<\/strong>: R$ 19.427,79 a R$ 33.461,68<\/li><li><strong>Editais:<\/strong>&nbsp;<a href=\"https:\/\/dhg1h5j42swfq.cloudfront.net\/2022\/08\/23083526\/analistas-senado-2022-1.pdf\" target=\"_blank\" rel=\"noreferrer noopener nofollow\">Analista (especialidades)<\/a>&nbsp;|&nbsp;<a href=\"https:\/\/dhg1h5j42swfq.cloudfront.net\/2022\/08\/23083522\/consultor-senado-2022-1.pdf\" target=\"_blank\" rel=\"noreferrer noopener nofollow\">Consultor<\/a>&nbsp;|&nbsp;<a href=\"https:\/\/dhg1h5j42swfq.cloudfront.net\/2022\/08\/23083536\/analista-redacao-senado-2022-1.pdf\" target=\"_blank\" rel=\"noreferrer noopener nofollow\">Analista (Registro e Reda\u00e7\u00e3o)<\/a>&nbsp;|&nbsp;<a href=\"https:\/\/dhg1h5j42swfq.cloudfront.net\/2022\/08\/23083532\/tecnico-policial-senado-2022-1.pdf\" target=\"_blank\" rel=\"noreferrer noopener nofollow\">T\u00e9cnico (Policial)<\/a>&nbsp;|&nbsp;<a href=\"https:\/\/dhg1h5j42swfq.cloudfront.net\/2022\/08\/23083430\/advogado-senado-2022.pdf\" target=\"_blank\" rel=\"noreferrer noopener nofollow\">Advogado<\/a><\/li><li><a href=\"https:\/\/www.estrategiaconcursos.com.br\/cursosPorConcurso\/senado-federal-6\/\" target=\"_blank\" rel=\"noreferrer noopener\">Cursos para Senado<\/a><\/li><\/ul>\n\n\n\n<h3 class=\"wp-block-heading\"><a href=\"https:\/\/www.estrategiaconcursos.com.br\/blog\/concurso-pc-go\/\" target=\"_blank\" rel=\"noreferrer noopener\">Concurso PC GO<\/a><\/h3>\n\n\n\n<ul class=\"wp-block-list\"><li><strong>Banca:<\/strong>&nbsp;<a href=\"https:\/\/www.institutoaocp.org.br\/concurso.jsp?id=444\" target=\"_blank\" rel=\"noreferrer noopener\">Instituto AOCP<\/a><\/li><li><strong>Per\u00edodo de inscri\u00e7\u00f5es<\/strong>:<strong>&nbsp;<\/strong>26\/09 a 25\/10\/2022<\/li><li><strong>Data da prova<\/strong>: 11\/12\/22 (Agente), 08\/01\/23 (Papi) e 15\/01\/23 (Escriv\u00e3o)<\/li><li><strong>Vagas:<\/strong>&nbsp;820<\/li><li><strong>Cargos<\/strong>:&nbsp;Agente de Pol\u00edcia, Papiloscopista e Escriv\u00e3o<\/li><li><strong>Remunera\u00e7\u00e3o<\/strong>: R$ 6.353,13 <\/li><li><strong>Edital:<\/strong>&nbsp;<a href=\"https:\/\/dhg1h5j42swfq.cloudfront.net\/2022\/08\/26083612\/edital-abertura-pc-006-1.pdf\" target=\"_blank\" rel=\"noreferrer noopener nofollow\">PC GO 2022<\/a>&nbsp;<\/li><li><a href=\"https:\/\/www.estrategiaconcursos.com.br\/cursosPorConcurso\/policia-civil-de-goias-pc-go\/\/\" target=\"_blank\" rel=\"noreferrer noopener\">Cursos para PC GO<\/a><\/li><\/ul>\n\n\n\n<h3 class=\"wp-block-heading\"><a href=\"https:\/\/cj.estrategia.com\/portal\/concurso-delegado-go\/\" target=\"_blank\" rel=\"noreferrer noopener\">Concurso Delegado GO<\/a><\/h3>\n\n\n\n<ul class=\"wp-block-list\"><li><strong>Banca:<\/strong>&nbsp;<a href=\"https:\/\/www.institutoaocp.org.br\/concurso.jsp?id=445\" target=\"_blank\" rel=\"noreferrer noopener\">Instituto AOCP<\/a><\/li><li><strong>Per\u00edodo de inscri\u00e7\u00f5es<\/strong>:<strong>&nbsp;<\/strong>26\/09 a 25\/10\/2022<\/li><li><strong>Data da prova<\/strong>: 04\/12\/22<\/li><li><strong>Vagas:<\/strong>&nbsp;44<\/li><li><strong>Cargo<\/strong>:&nbsp;Delegado de Pol\u00edcia Substituto<\/li><li><strong>Remunera\u00e7\u00e3o<\/strong>: R$ 23.811,22<\/li><li><strong>Edital:<\/strong>&nbsp;<a href=\"https:\/\/dhg1h5j42swfq.cloudfront.net\/2022\/08\/26083431\/edital-abertura-008-pc-delegado.pdf\" target=\"_blank\" rel=\"noreferrer noopener nofollow\">Delegado GO<\/a><\/li><li><a href=\"https:\/\/www.estrategiaconcursos.com.br\/cursosPorConcurso\/policia-civil-go-110\/\" target=\"_blank\" rel=\"noreferrer noopener\">Cursos para Delta GO<\/a><\/li><\/ul>\n\n\n\n<h3 class=\"wp-block-heading\"><a href=\"https:\/\/www.estrategiaconcursos.com.br\/blog\/concurso-bombeiro-rj\/\" target=\"_blank\" rel=\"noreferrer noopener\">Concurso Bombeiro RJ<\/a><\/h3>\n\n\n\n<ul class=\"wp-block-list\"><li><strong>Banca:<\/strong>&nbsp;FGV<\/li><li><strong>Per\u00edodo de inscri\u00e7\u00f5es<\/strong>:<strong>&nbsp;<\/strong>01\/09 a 06\/10\/2022<\/li><li><strong>Data da prova<\/strong>: 27\/11\/2022<\/li><li><strong>Vagas:<\/strong>&nbsp;40<\/li><li><strong>Cargos<\/strong>:&nbsp;Oficial<\/li><li><strong>Remunera\u00e7\u00e3o<\/strong>: R$ 3.897,24<\/li><li><strong>Edital:<\/strong>&nbsp;<a href=\"https:\/\/dhg1h5j42swfq.cloudfront.net\/2022\/08\/26090053\/cbm-1_merged-1.pdf\" target=\"_blank\" rel=\"noreferrer noopener nofollow\">CBMERJ Oficial-2022<\/a><\/li><li><a href=\"https:\/\/www.estrategiaconcursos.com.br\/cursosPorConcurso\/corpo-de-bombeiros-militar-do-rio-de-janeiro-cbm-rj\/\" target=\"_blank\" rel=\"noreferrer noopener\">Cursos para CBM RJ<\/a><\/li><\/ul>\n\n\n\n<h3 class=\"wp-block-heading\"><a href=\"https:\/\/cj.estrategia.com\/portal\/concurso-mp-pa-promotor\/\" target=\"_blank\" rel=\"noreferrer noopener\">Concurso MP PA Promotor<\/a><\/h3>\n\n\n\n<ul class=\"wp-block-list\"><li><strong>Banca:<\/strong>&nbsp;<a href=\"https:\/\/www.cebraspe.org.br\/concursos\/MP_PA_22_PROMOTOR\" target=\"_blank\" rel=\"noreferrer noopener\">Cebraspe<\/a><\/li><li><strong>Per\u00edodo de inscri\u00e7\u00f5es<\/strong>:<strong>&nbsp;<\/strong>at\u00e9 22\/09\/2022<\/li><li><strong>Data da prova<\/strong>: 15\/01\/2023<\/li><li><strong>Vagas:<\/strong>&nbsp;65 + CR<\/li><li><strong>Cargos<\/strong>:&nbsp;Promotor de Justi\u00e7a Substituto de 1\u00aa Entr\u00e2ncia<\/li><li><strong>Remunera\u00e7\u00e3o<\/strong>: R$ 30.404,47<\/li><li><strong>Edital:<\/strong>&nbsp;<a href=\"https:\/\/cj.estrategia.com\/portal\/wp-content\/uploads\/2022\/08\/23062554\/edital-publicado-mp-pa-promotor.pdf\" target=\"_blank\" rel=\"noreferrer noopener nofollow\">Edital MP PA 2022<\/a><\/li><li><a href=\"https:\/\/www.estrategiaconcursos.com.br\/cursosPorConcurso\/mp-pa-ministerio-publico-do-estado-do-para-promotor-de-justica\/\" target=\"_blank\" rel=\"noreferrer noopener\">Cursos para PM PA<\/a><\/li><\/ul>\n\n\n\n<h3 class=\"wp-block-heading\"><a href=\"https:\/\/www.estrategiaconcursos.com.br\/blog\/concurso-cref-5\/\" target=\"_blank\" rel=\"noreferrer noopener\">Concurso CREF 5<\/a>&nbsp;(CE)<\/h3>\n\n\n\n<ul class=\"wp-block-list\"><li><strong>Banca:<\/strong>&nbsp;<a href=\"http:\/\/www.quadrix.org.br\/todos-os-concursos\/inscricoes-abertas\/cref5_2022.aspx\" target=\"_blank\" rel=\"noreferrer noopener\">Instituto Quadrix<\/a><\/li><li><strong>Per\u00edodo de inscri\u00e7\u00f5es<\/strong>:<strong>&nbsp;<\/strong>at\u00e9 19\/09\/2022<\/li><li><strong>Data da prova<\/strong>: 23\/10\/2022<\/li><li><strong>Vagas:<\/strong>&nbsp;03 + 122 CR<\/li><li><strong>Cargos<\/strong>:&nbsp;Auxiliar Administrativo, Agente Administrativo e Agente Fiscal<\/li><li><strong>Remunera\u00e7\u00e3o<\/strong>: R$ 1.546,60 a R$ 3.615,06<\/li><li><strong>Edital:<\/strong>&nbsp;<a href=\"https:\/\/dhg1h5j42swfq.cloudfront.net\/2022\/08\/22114844\/1_cref-5-ce_concurso_publico_2022_edital_1_abertura.pdf\" target=\"_blank\" rel=\"noreferrer noopener nofollow\">Edital CREF 5<\/a><\/li><li><a href=\"https:\/\/www.estrategiaconcursos.com.br\/cursosPorConcurso\/conselho-regional-de-educacao-fisica-do-ceara-cref-5-regiao-ce\/\" target=\"_blank\" rel=\"noreferrer noopener\">Cursos para Cref 5<\/a><\/li><\/ul>\n\n\n\n<h3 class=\"wp-block-heading\"><a href=\"https:\/\/www.estrategiaconcursos.com.br\/blog\/concurso-crc-mg\/\" target=\"_blank\" rel=\"noreferrer noopener\">Concurso CRC MG<\/a><\/h3>\n\n\n\n<ul class=\"wp-block-list\"><li><strong>Banca:<\/strong>&nbsp;<a href=\"http:\/\/www.quadrix.org.br\/todos-os-concursos\/inscricoes-abertas\/crcmg-2022.aspx\" target=\"_blank\" rel=\"noreferrer noopener\">Instituto Quadrix<\/a><\/li><li><strong>Per\u00edodo de inscri\u00e7\u00f5es<\/strong>:<strong>&nbsp;<\/strong>at\u00e9 26\/09\/2022<\/li><li><strong>Data da prova<\/strong>: 06\/11\/2022<\/li><li><strong>Vagas:<\/strong>&nbsp;04 + 61 CR<\/li><li><strong>Cargos<\/strong>:&nbsp;Auxiliar Administrativo e Fiscal<\/li><li><strong>Remunera\u00e7\u00e3o<\/strong>: R$ 2.511,00 a R$ 5.734,00<\/li><li><strong>Edital:<\/strong>&nbsp;<a href=\"https:\/\/dhg1h5j42swfq.cloudfront.net\/2022\/08\/22114840\/1_crcmg_concurso_publico_2022_edital_1_abertura.pdf\" target=\"_blank\" rel=\"noreferrer noopener nofollow\">Edital CRC MG<\/a><\/li><li><a href=\"https:\/\/www.estrategiaconcursos.com.br\/cursosPorConcurso\/conselho-regional-de-contabilidade-de-minas-gerais-crc-mg\/\" target=\"_blank\" rel=\"noreferrer noopener\">Cursos para CRC MG<\/a><\/li><\/ul>\n\n\n\n<h3 class=\"wp-block-heading\"><a href=\"https:\/\/www.estrategiaconcursos.com.br\/blog\/concurso-ifam\/\" target=\"_blank\" rel=\"noreferrer noopener\">Concurso IFAM<\/a><\/h3>\n\n\n\n<ul class=\"wp-block-list\"><li><strong>Banca:<\/strong>&nbsp;<a href=\"https:\/\/concurso.fundacaocefetminas.org.br\/site\/processo_seletivo.aspx\" target=\"_blank\" rel=\"noreferrer noopener\">Funda\u00e7\u00e3o Cefetminas<\/a><\/li><li><strong>Per\u00edodo de inscri\u00e7\u00f5es<\/strong>:<strong>&nbsp;<\/strong>02 a 23\/09\/2022<\/li><li><strong>Data da prova<\/strong>: 06\/11\/2022<\/li><li><strong>Vagas:<\/strong>&nbsp;142<\/li><li><strong>Cargos<\/strong>:&nbsp;T\u00e9cnico Administrativo em Educa\u00e7\u00e3o e Professor<\/li><li><strong>Remunera\u00e7\u00e3o<\/strong>: R$ 2.403,06 a R$ 9.616,18<\/li><li><strong>Editais:<\/strong>&nbsp;<a href=\"https:\/\/dhg1h5j42swfq.cloudfront.net\/2022\/08\/22115732\/editaltae00183637966990535998763.pdf\" target=\"_blank\" rel=\"noreferrer noopener nofollow\">Edital TAE<\/a>&nbsp;|&nbsp;<a href=\"https:\/\/dhg1h5j42swfq.cloudfront.net\/2022\/08\/22115728\/editaldocente00282637966991959973443.pdf\" target=\"_blank\" rel=\"noreferrer noopener nofollow\">Edital Professor<\/a><\/li><li><a href=\"https:\/\/concurso.fundacaocefetminas.org.br\/site\/processo_seletivo.aspx\" target=\"_blank\" rel=\"noreferrer noopener\">Cursos para IFAM<\/a><\/li><\/ul>\n\n\n\n<h3 class=\"wp-block-heading\"><a href=\"https:\/\/www.estrategiaconcursos.com.br\/blog\/concurso-ufrn-tecnico\/\" target=\"_blank\" rel=\"noreferrer noopener\">Concurso URFN<\/a><\/h3>\n\n\n\n<ul class=\"wp-block-list\"><li><strong>Banca:<\/strong>&nbsp;Comperve<\/li><li><strong>Per\u00edodo de inscri\u00e7\u00f5es<\/strong>:<strong>&nbsp;<\/strong>17\/10 a 21\/11\/2022<\/li><li><strong>Data da prova<\/strong>: 08 e 15\/01\/2023<\/li><li><strong>Vagas:<\/strong>&nbsp;103 + CR<\/li><li><strong>Cargos<\/strong>:&nbsp;T\u00e9cnico Administrativo <\/li><li><strong>Remunera\u00e7\u00e3o<\/strong>: R$ 2.446,96 a R$ 4.180,66<\/li><li><strong>Edital:<\/strong>&nbsp;<a href=\"https:\/\/dhg1h5j42swfq.cloudfront.net\/2022\/08\/24214915\/edital.pdf\" target=\"_blank\" rel=\"noreferrer noopener nofollow\">UFRN-2022<\/a><\/li><\/ul>\n\n\n\n<h3 class=\"wp-block-heading\"><a href=\"https:\/\/www.estrategiaconcursos.com.br\/blog\/concurso-ueg\/\" target=\"_blank\" rel=\"noreferrer noopener\">Concurso UEG<\/a><\/h3>\n\n\n\n<ul class=\"wp-block-list\"><li><strong>Banca:<\/strong>&nbsp;<a href=\"http:\/\/www.nucleodeselecao.ueg.br\/\" target=\"_blank\" rel=\"noreferrer noopener\">organiza\u00e7\u00e3o pr\u00f3pria<\/a><\/li><li><strong>Per\u00edodo de inscri\u00e7\u00f5es<\/strong>:<strong>&nbsp;<\/strong>30\/08 a 29\/09\/2022<\/li><li><strong>Data da prova<\/strong>: 27\/11\/2022<\/li><li><strong>Vagas:<\/strong>&nbsp;36<\/li><li><strong>Cargos<\/strong>:&nbsp;Professor Ci\u00eancias da Sa\u00fade e Ci\u00eancias Biol\u00f3gicas<\/li><li><strong>Remunera\u00e7\u00e3o<\/strong>: R$ 3.836,42<\/li><li><strong>Edital:<\/strong>&nbsp;<a href=\"https:\/\/dhg1h5j42swfq.cloudfront.net\/2022\/08\/24111607\/edital-ueg-1.pdf\" target=\"_blank\" rel=\"noreferrer noopener nofollow\">UEG Professor<\/a><\/li><li><a href=\"https:\/\/www.estrategiaconcursos.com.br\/cursosPorConcurso\/universidade-estadual-de-goias-ueg\/\" target=\"_blank\" rel=\"noreferrer noopener\">Cursos para UEG<\/a><\/li><\/ul>\n\n\n\n<h3 class=\"wp-block-heading\"><a href=\"https:\/\/www.estrategiaconcursos.com.br\/blog\/concurso-prefeitura-de-araras\/\" target=\"_blank\" rel=\"noreferrer noopener\">Concurso Prefeitura de Araras<\/a> (SP)<\/h3>\n\n\n\n<ul class=\"wp-block-list\"><li><strong>Banca:<\/strong>&nbsp;<a href=\"https:\/\/abcp.selecao.net.br\/informacoes\/2680\/\" target=\"_blank\" rel=\"noreferrer noopener\">ABCP<\/a><\/li><li><strong>Per\u00edodo de inscri\u00e7\u00f5es<\/strong>:<strong>&nbsp;<\/strong>at\u00e9 03\/10\/2022<\/li><li><strong>Data da prova<\/strong>: 23\/10\/2022<\/li><li><strong>Vagas:<\/strong>&nbsp;29 + CR<\/li><li><strong>Cargos<\/strong>:&nbsp;V\u00e1rios<\/li><li><strong>Remunera\u00e7\u00e3o<\/strong>: R$ 2.173,70 a R$ 6.301,20<\/li><li><strong>Edital:<\/strong>&nbsp;<a href=\"https:\/\/dhg1h5j42swfq.cloudfront.net\/2022\/08\/26072333\/7fhog7qhvslka4vhuzngsyfodyebiqmziacpfwhj.pdf\" target=\"_blank\" rel=\"noreferrer noopener nofollow\">Edital Araras 2022<\/a><\/li><\/ul>\n\n\n\n<h3 class=\"wp-block-heading\"><a href=\"https:\/\/www.estrategiaconcursos.com.br\/blog\/concurso-jacarei-educacao\/\" target=\"_blank\" rel=\"noreferrer noopener\">Concurso Prefeitura de Jacare\u00ed<\/a>&nbsp;(SP)<\/h3>\n\n\n\n<ul class=\"wp-block-list\"><li><strong>Banca:<\/strong>&nbsp;<a href=\"https:\/\/www.publiconsult.com.br\/Concurso\/Detail\/473?origem=H\" target=\"_blank\" rel=\"noreferrer noopener\">Publiconsult<\/a><\/li><li><strong>Per\u00edodo de inscri\u00e7\u00f5es<\/strong>:<strong>&nbsp;<\/strong>at\u00e9 08\/09\/2022<\/li><li><strong>Data da prova<\/strong>: 09 e 16\/10\/2022<\/li><li><strong>Vagas:<\/strong>&nbsp;242<\/li><li><strong>Cargos<\/strong>:&nbsp;V\u00e1rios<\/li><li><strong>Remunera\u00e7\u00e3o<\/strong>: R$ 4.529,50 a R$ 6.259,92<\/li><li><strong>Edital:<\/strong>&nbsp;<a href=\"https:\/\/dhg1h5j42swfq.cloudfront.net\/2022\/08\/22133510\/pm-jacarei-cp-006-2022-edital-de-abertura-de-inscricoes-1.pdf\" target=\"_blank\" rel=\"noreferrer noopener nofollow\">Jacare\u00ed Educa\u00e7\u00e3o<\/a><\/li><\/ul>\n\n\n\n<h3 class=\"wp-block-heading\"><a href=\"https:\/\/www.estrategiaconcursos.com.br\/blog\/concurso-sme-piracicaba\/\" target=\"_blank\" rel=\"noreferrer noopener\">Concurso Prefeitura de Piracicaba<\/a> (SP) \u2013 Educa\u00e7\u00e3o<\/h3>\n\n\n\n<ul class=\"wp-block-list\"><li><strong>Banca:<\/strong>&nbsp;<a href=\"https:\/\/www.vunesp.com.br\/PMPR2209\" target=\"_blank\" rel=\"noreferrer noopener\">Vunesp<\/a><\/li><li><strong>Per\u00edodo de inscri\u00e7\u00f5es<\/strong>:<strong>&nbsp;<\/strong>02\/09 a 10\/10\/2022<\/li><li><strong>Data da prova<\/strong>: 27\/11\/2022<\/li><li><strong>Vagas:<\/strong>&nbsp;06<\/li><li><strong>Cargo<\/strong>:&nbsp;Professor de Educa\u00e7\u00e3o F\u00edsica<\/li><li><strong>Remunera\u00e7\u00e3o<\/strong>: R$ 2.735,49 (20h) ou R$ 4.539,36 (40h)<\/li><li><strong>Edital:<\/strong>&nbsp;<a href=\"https:\/\/dhg1h5j42swfq.cloudfront.net\/2022\/08\/22154410\/pira.pdf\" target=\"_blank\" rel=\"noreferrer noopener nofollow\">Piracicaba Edu<\/a><\/li><\/ul>\n\n\n\n<h3 class=\"wp-block-heading\"><a href=\"https:\/\/www.estrategiaconcursos.com.br\/blog\/concurso-piracicaba-saude\/\" target=\"_blank\" rel=\"noreferrer noopener\">Concurso Prefeitura de Piracicaba<\/a>&nbsp;(SP) \u2013 Sa\u00fade<\/h3>\n\n\n\n<ul class=\"wp-block-list\"><li><strong>Banca:<\/strong>&nbsp;<a href=\"https:\/\/www.vunesp.com.br\/\" target=\"_blank\" rel=\"noreferrer noopener\">Vunesp<\/a><\/li><li><strong>Per\u00edodo de inscri\u00e7\u00f5es<\/strong>:<strong>&nbsp;<\/strong>02\/09 a 10\/10\/2022<\/li><li><strong>Data da prova<\/strong>: 27\/11\/2022<\/li><li><strong>Vagas:<\/strong>&nbsp;23<\/li><li><strong>Cargos<\/strong>:&nbsp;V\u00e1rios<\/li><li><strong>Remunera\u00e7\u00e3o<\/strong>: R$ 4.628,49 a R$ 11.735,41<\/li><li><strong>Editais:<\/strong>&nbsp;<a href=\"https:\/\/dhg1h5j42swfq.cloudfront.net\/2022\/08\/22113557\/medicos.pdf\" target=\"_blank\" rel=\"noreferrer noopener nofollow\">M\u00e9dicos<\/a>&nbsp;|&nbsp;<a href=\"https:\/\/dhg1h5j42swfq.cloudfront.net\/2022\/08\/22113621\/demais-cargos-1.pdf\" target=\"_blank\" rel=\"noreferrer noopener nofollow\">Demais cargos<\/a><\/li><\/ul>\n\n\n\n<h3 class=\"wp-block-heading\"><a href=\"https:\/\/www.estrategiaconcursos.com.br\/blog\/residencia-enare\/\" target=\"_blank\" rel=\"noreferrer noopener\">Concurso Resid\u00eancia ENARE<\/a><\/h3>\n\n\n\n<ul class=\"wp-block-list\"><li><strong>Banca:<\/strong>&nbsp;Instituto AOCP<\/li><li><strong>Per\u00edodo de inscri\u00e7\u00f5es<\/strong>:<strong>&nbsp;<\/strong>12\/09 a 03\/10\/2022<\/li><li><strong>Data da prova<\/strong>: 06\/11\/2022<\/li><li><strong>Vagas:<\/strong>&nbsp;1.413<\/li><li><strong>Especialidades<\/strong>:&nbsp;V\u00e1rias<\/li><li><strong>Remunera\u00e7\u00e3o<\/strong>: R$ 4.106,09<\/li><li><strong>Edital:<\/strong>&nbsp;<a href=\"https:\/\/dhg1h5j42swfq.cloudfront.net\/2022\/08\/24151552\/ed_abert_uni_mult_enare22.pdf\" target=\"_blank\" rel=\"noreferrer noopener nofollow\">Resid\u00eancia ENARE \u2013 2023<\/a><\/li><\/ul>\n\n\n\n<h3 class=\"wp-block-heading\"><a href=\"https:\/\/www.estrategiaconcursos.com.br\/blog\/concurso-mgs-mg\/\" target=\"_blank\" rel=\"noreferrer noopener\">Processo seletivo MGS MG<\/a><\/h3>\n\n\n\n<ul class=\"wp-block-list\"><li><strong>Banca:<\/strong>&nbsp;<a href=\"https:\/\/ibfc.org.br\/concurso\/concurso_selecionado\/408\" target=\"_blank\" rel=\"noreferrer noopener\">IBFC<\/a><\/li><li><strong>Per\u00edodo de inscri\u00e7\u00f5es<\/strong>:<strong>&nbsp;<\/strong>29\/08 a 03\/10\/2022<\/li><li><strong>Data da prova:<\/strong> 06\/11\/2022<\/li><li><strong>Vagas:<\/strong>&nbsp;65 + CR<\/li><li><strong>Cargos<\/strong>:&nbsp;V\u00e1rios<\/li><li><strong>Remunera\u00e7\u00e3o<\/strong>: R$ 1.352,49 a R$ 3.613,53<\/li><li><strong>Edital:<\/strong>&nbsp;<a href=\"https:\/\/dhg1h5j42swfq.cloudfront.net\/2022\/08\/25112816\/b624f24c9b4ed852d4f44d655880015d.pdf\" target=\"_blank\" rel=\"noreferrer noopener nofollow\">PSS 06\/2022<\/a><\/li><\/ul>\n\n\n\n<h3 class=\"wp-block-heading\"><a href=\"https:\/\/www.estrategiaconcursos.com.br\/blog\/concurso-ibge-edital-processo-seletivo\/\" target=\"_blank\" rel=\"noreferrer noopener\">Processo seletivo IBGE<\/a><\/h3>\n\n\n\n<ul class=\"wp-block-list\"><li><strong>Banca:<\/strong>&nbsp;<a href=\"https:\/\/www.ibge.gov.br\/acesso-informacao\/institucional\/trabalhe-conosco\/34707-2022-18-recenseador-agente-censitario-municipal-e-agente-censitario-supervisor-complementar.html\" target=\"_blank\" rel=\"noreferrer noopener\">organiza\u00e7\u00e3o pr\u00f3pria<\/a><\/li><li><strong>Per\u00edodo de inscri\u00e7\u00f5es<\/strong>:<strong>&nbsp;<\/strong>26 e 29\/08\/2022<\/li><li><strong>Vagas:<\/strong>&nbsp;6.765<\/li><li><strong>Cargos<\/strong>:&nbsp;Recenseador, Agente Censit\u00e1rio Municipal e Agente Censit\u00e1rio Supervisor<\/li><li><strong>Remunera\u00e7\u00e3o<\/strong>: R$ 1.700,00 a R$ 2.100,00&nbsp;<\/li><li><strong>Edital:<\/strong>&nbsp;<a href=\"https:\/\/dhg1h5j42swfq.cloudfront.net\/2022\/08\/25073620\/edital-ibge.pdf\" target=\"_blank\" rel=\"noreferrer noopener nofollow\">PSS IBGE Complementar<\/a>&nbsp;<\/li><\/ul>\n\n\n\n<p class=\"has-text-align-center has-background\" style=\"background-color:#ededed;font-size:clamp(14.642px, 0.915rem + ((1vw - 3.2px) * 0.721), 22px);px\"><strong>Veja tamb\u00e9m: <a href=\"https:\/\/www.estrategiaconcursos.com.br\/blog\/principais-noticias-do-dia\/\" target=\"_blank\" rel=\"noreferrer noopener\">Principais not\u00edcias do dia<\/a><\/strong><\/p>\n\n\n\n<div class=\"container\" id=\"boxes\">\n  <div class=\"row\">\n\n    <div class=\"col-sm\">\n      <div class=\"estrategia\" id=\"box-assinatura\">\n        <h3 class=\"titulo-assinatura\">Assinatura Concursos<\/h3>\n        <p class=\"subtitulo-assinatura\">Assinatura de 1 ano ou 2 anos<\/p>\n        <div class=\"box-botao\">\n          <a class=\"btn-assinatura\" target=\"_blank\" href=\"https:\/\/www.estrategiaconcursos.com.br\/assinaturas\/\" role=\"button\" rel=\"noopener noreferrer\">ASSINE AGORA<\/a>\n        <\/div>\n      <\/div><\/div><\/div><\/div>\n\n\n\n<h2 class=\"has-text-align-center wp-block-heading\" id=\"h-quer-saber-tudo-sobre-concursos-previstos-confira-nossos-artigos\">Quer saber tudo sobre concursos previstos?<br \/>Confira nossos artigos!<\/h2>\n\n\n\n<ul class=\"wp-block-list\" id=\"concurso-publico-editais-esta-semana-03-a-07-01\"><li><a href=\"https:\/\/www.estrategiaconcursos.com.br\/blog\/concursos-abertos\/\" target=\"_blank\" rel=\"noreferrer noopener\">Concursos abertos<\/a><\/li><li><a href=\"https:\/\/www.estrategiaconcursos.com.br\/blog\/concursos-2022\/\" target=\"_blank\" rel=\"noreferrer noopener\">Concursos 2022<\/a><\/li><li><a href=\"https:\/\/www.estrategiaconcursos.com.br\/blog\/concursos-2022\/\" target=\"_blank\" rel=\"noreferrer noopener\">Concursos 2023<\/a><\/li><\/ul>\n","protected":false},"excerpt":{"rendered":"<p>Agosto \u00e9 conhecido como o &#8220;m\u00eas do desgosto&#8221;, mas para o mundo dos concursos p\u00fablicos, est\u00e1 sendo um excelente m\u00eas, com a divulga\u00e7\u00e3o de diversos editais. Inclusive, esta semana tivemos a publica\u00e7\u00e3o de um certame que era previsto l\u00e1 para 2020, mas acabou sendo suspenso. Estamos falando do edital do Senado Federal. Na \u00e9poca, a [&hellip;]<\/p>\n","protected":false},"author":659,"featured_media":1071743,"comment_status":"open","ping_status":"closed","sticky":false,"template":"","format":"standard","meta":{"post_tipo":"news","footnotes":""},"categories":[1,220219],"tags":[],"tax_estado":[219963],"class_list":["post-1083161","post","type-post","status-publish","format-standard","has-post-thumbnail","hentry","category-cursos-e-concursos","category-noticias","tax_estado-concursos-federais"],"acf":[],"yoast_head":"<!-- This site is optimized with the Yoast SEO Premium plugin v27.2 (Yoast SEO v27.2) - https:\/\/yoast.com\/product\/yoast-seo-premium-wordpress\/ -->\n<title>Concurso P\u00fablico: 23 editais esta semana; mais de 10 mil vagas<\/title>\n<meta name=\"description\" content=\"Concurso P\u00fablico 2022: 23 editais sa\u00edram ao longo desta semana (22 a 26\/08). Confira n\u00famero de vagas, remunera\u00e7\u00e3o e principais datas.\" \/>\n<meta name=\"robots\" content=\"index, follow, max-snippet:-1, max-image-preview:large, max-video-preview:-1\" \/>\n<link rel=\"canonical\" href=\"https:\/\/www.estrategiaconcursos.com.br\/blog\/concurso-publico-editais-da-semana-22-a-26-08\/\" \/>\n<meta property=\"og:locale\" content=\"pt_BR\" \/>\n<meta property=\"og:type\" content=\"article\" \/>\n<meta property=\"og:title\" content=\"Concurso P\u00fablico: 23 editais esta semana; mais de 10 mil vagas\" \/>\n<meta property=\"og:description\" content=\"Concurso P\u00fablico 2022: 23 editais sa\u00edram ao longo desta semana (22 a 26\/08). Confira n\u00famero de vagas, remunera\u00e7\u00e3o e principais datas.\" \/>\n<meta property=\"og:url\" content=\"https:\/\/www.estrategiaconcursos.com.br\/blog\/concurso-publico-editais-da-semana-22-a-26-08\/\" \/>\n<meta property=\"og:site_name\" content=\"Estrat\u00e9gia Concursos\" \/>\n<meta property=\"article:published_time\" content=\"2022-08-26T21:00:00+00:00\" \/>\n<meta property=\"article:modified_time\" content=\"2022-09-02T15:23:13+00:00\" \/>\n<meta property=\"og:image\" content=\"https:\/\/dhg1h5j42swfq.cloudfront.net\/2022\/08\/04085605\/2022_concursos.jpeg\" \/>\n\t<meta property=\"og:image:width\" content=\"768\" \/>\n\t<meta property=\"og:image:height\" content=\"432\" \/>\n\t<meta property=\"og:image:type\" content=\"image\/jpeg\" \/>\n<meta name=\"author\" content=\"Camila Leite\" \/>\n<meta name=\"twitter:card\" content=\"summary_large_image\" \/>\n<meta name=\"twitter:creator\" content=\"@EstratConcursos\" \/>\n<meta name=\"twitter:site\" content=\"@EstratConcursos\" \/>\n<meta name=\"twitter:label1\" content=\"Escrito por\" \/>\n\t<meta name=\"twitter:data1\" content=\"Camila Leite\" \/>\n\t<meta name=\"twitter:label2\" content=\"Est. tempo de leitura\" \/>\n\t<meta name=\"twitter:data2\" content=\"4 minutos\" \/>\n<script type=\"application\/ld+json\" class=\"yoast-schema-graph\">{\"@context\":\"https:\/\/schema.org\",\"@graph\":[{\"@type\":\"NewsArticle\",\"@id\":\"https:\/\/www.estrategiaconcursos.com.br\/blog\/concurso-publico-editais-da-semana-22-a-26-08\/#article\",\"isPartOf\":{\"@id\":\"https:\/\/www.estrategiaconcursos.com.br\/blog\/concurso-publico-editais-da-semana-22-a-26-08\/\"},\"author\":{\"name\":\"Camila Leite\",\"@id\":\"https:\/\/www.estrategiaconcursos.com.br\/blog\/#\/schema\/person\/84ecdc6eb58d3cf1689bf76c5cd8fb38\"},\"headline\":\"Concurso P\u00fablico: 23 editais esta semana; mais de 10 mil vagas\",\"datePublished\":\"2022-08-26T21:00:00+00:00\",\"dateModified\":\"2022-09-02T15:23:13+00:00\",\"mainEntityOfPage\":{\"@id\":\"https:\/\/www.estrategiaconcursos.com.br\/blog\/concurso-publico-editais-da-semana-22-a-26-08\/\"},\"wordCount\":891,\"commentCount\":0,\"publisher\":{\"@id\":\"https:\/\/www.estrategiaconcursos.com.br\/blog\/#organization\"},\"image\":{\"@id\":\"https:\/\/www.estrategiaconcursos.com.br\/blog\/concurso-publico-editais-da-semana-22-a-26-08\/#primaryimage\"},\"thumbnailUrl\":\"https:\/\/dhg1h5j42swfq.cloudfront.net\/2022\/08\/04085605\/2022_concursos.jpeg\",\"articleSection\":[\"Concursos P\u00fablicos\",\"\u00daltimas not\u00edcias\"],\"inLanguage\":\"pt-BR\",\"potentialAction\":[{\"@type\":\"CommentAction\",\"name\":\"Comment\",\"target\":[\"https:\/\/www.estrategiaconcursos.com.br\/blog\/concurso-publico-editais-da-semana-22-a-26-08\/#respond\"]}],\"copyrightYear\":\"2022\",\"copyrightHolder\":{\"@id\":\"https:\/\/www.estrategiaconcursos.com.br\/blog\/#organization\"}},{\"@type\":\"WebPage\",\"@id\":\"https:\/\/www.estrategiaconcursos.com.br\/blog\/concurso-publico-editais-da-semana-22-a-26-08\/\",\"url\":\"https:\/\/www.estrategiaconcursos.com.br\/blog\/concurso-publico-editais-da-semana-22-a-26-08\/\",\"name\":\"Concurso P\u00fablico: 23 editais esta semana; mais de 10 mil vagas\",\"isPartOf\":{\"@id\":\"https:\/\/www.estrategiaconcursos.com.br\/blog\/#website\"},\"primaryImageOfPage\":{\"@id\":\"https:\/\/www.estrategiaconcursos.com.br\/blog\/concurso-publico-editais-da-semana-22-a-26-08\/#primaryimage\"},\"image\":{\"@id\":\"https:\/\/www.estrategiaconcursos.com.br\/blog\/concurso-publico-editais-da-semana-22-a-26-08\/#primaryimage\"},\"thumbnailUrl\":\"https:\/\/dhg1h5j42swfq.cloudfront.net\/2022\/08\/04085605\/2022_concursos.jpeg\",\"datePublished\":\"2022-08-26T21:00:00+00:00\",\"dateModified\":\"2022-09-02T15:23:13+00:00\",\"description\":\"Concurso P\u00fablico 2022: 23 editais sa\u00edram ao longo desta semana (22 a 26\/08). Confira n\u00famero de vagas, remunera\u00e7\u00e3o e principais datas.\",\"breadcrumb\":{\"@id\":\"https:\/\/www.estrategiaconcursos.com.br\/blog\/concurso-publico-editais-da-semana-22-a-26-08\/#breadcrumb\"},\"inLanguage\":\"pt-BR\",\"potentialAction\":[{\"@type\":\"ReadAction\",\"target\":[\"https:\/\/www.estrategiaconcursos.com.br\/blog\/concurso-publico-editais-da-semana-22-a-26-08\/\"]}]},{\"@type\":\"ImageObject\",\"inLanguage\":\"pt-BR\",\"@id\":\"https:\/\/www.estrategiaconcursos.com.br\/blog\/concurso-publico-editais-da-semana-22-a-26-08\/#primaryimage\",\"url\":\"https:\/\/dhg1h5j42swfq.cloudfront.net\/2022\/08\/04085605\/2022_concursos.jpeg\",\"contentUrl\":\"https:\/\/dhg1h5j42swfq.cloudfront.net\/2022\/08\/04085605\/2022_concursos.jpeg\",\"width\":768,\"height\":432,\"caption\":\"ano novo do aprovado\"},{\"@type\":\"BreadcrumbList\",\"@id\":\"https:\/\/www.estrategiaconcursos.com.br\/blog\/concurso-publico-editais-da-semana-22-a-26-08\/#breadcrumb\",\"itemListElement\":[{\"@type\":\"ListItem\",\"position\":1,\"name\":\"In\u00edcio\",\"item\":\"https:\/\/www.estrategiaconcursos.com.br\/blog\/\"},{\"@type\":\"ListItem\",\"position\":2,\"name\":\"Concurso P\u00fablico: 23 editais esta semana; mais de 10 mil vagas\"}]},{\"@type\":\"WebSite\",\"@id\":\"https:\/\/www.estrategiaconcursos.com.br\/blog\/#website\",\"url\":\"https:\/\/www.estrategiaconcursos.com.br\/blog\/\",\"name\":\"Estrat\u00e9gia Concursos\",\"description\":\"O blog da Estrat\u00e9gia Concursos traz not\u00edcias sobre concursos e artigos de professores oferecendo cursos para concursos (pdf + videaulas) no site.\",\"publisher\":{\"@id\":\"https:\/\/www.estrategiaconcursos.com.br\/blog\/#organization\"},\"potentialAction\":[{\"@type\":\"SearchAction\",\"target\":{\"@type\":\"EntryPoint\",\"urlTemplate\":\"https:\/\/www.estrategiaconcursos.com.br\/blog\/?s={search_term_string}\"},\"query-input\":{\"@type\":\"PropertyValueSpecification\",\"valueRequired\":true,\"valueName\":\"search_term_string\"}}],\"inLanguage\":\"pt-BR\"},{\"@type\":\"Organization\",\"@id\":\"https:\/\/www.estrategiaconcursos.com.br\/blog\/#organization\",\"name\":\"Estrat\u00e9gia Concursos\",\"url\":\"https:\/\/www.estrategiaconcursos.com.br\/blog\/\",\"logo\":{\"@type\":\"ImageObject\",\"inLanguage\":\"pt-BR\",\"@id\":\"https:\/\/www.estrategiaconcursos.com.br\/blog\/#\/schema\/logo\/image\/\",\"url\":\"https:\/\/dhg1h5j42swfq.cloudfront.net\/2025\/06\/03203428\/logo_concursos-1.jpg\",\"contentUrl\":\"https:\/\/dhg1h5j42swfq.cloudfront.net\/2025\/06\/03203428\/logo_concursos-1.jpg\",\"width\":230,\"height\":60,\"caption\":\"Estrat\u00e9gia Concursos\"},\"image\":{\"@id\":\"https:\/\/www.estrategiaconcursos.com.br\/blog\/#\/schema\/logo\/image\/\"},\"sameAs\":[\"https:\/\/x.com\/EstratConcursos\"]},{\"@type\":\"Person\",\"@id\":\"https:\/\/www.estrategiaconcursos.com.br\/blog\/#\/schema\/person\/84ecdc6eb58d3cf1689bf76c5cd8fb38\",\"name\":\"Camila Leite\",\"image\":{\"@type\":\"ImageObject\",\"inLanguage\":\"pt-BR\",\"@id\":\"https:\/\/secure.gravatar.com\/avatar\/f2f8faef639c8a2bfb7fb909912a56917f4c3a0aed064500168e2fb8ea55cf61?s=96&d=mm&r=g\",\"url\":\"https:\/\/secure.gravatar.com\/avatar\/f2f8faef639c8a2bfb7fb909912a56917f4c3a0aed064500168e2fb8ea55cf61?s=96&d=mm&r=g\",\"contentUrl\":\"https:\/\/secure.gravatar.com\/avatar\/f2f8faef639c8a2bfb7fb909912a56917f4c3a0aed064500168e2fb8ea55cf61?s=96&d=mm&r=g\",\"caption\":\"Camila Leite\"},\"description\":\"Formada em Design Gr\u00e1fico e em Propaganda e Marketing pela UNIP, integra a equipe de jornalismo do Estrat\u00e9gia Concursos desde 2018. Ao longo dos anos, construiu uma s\u00f3lida experi\u00eancia na produ\u00e7\u00e3o de conte\u00fado informativo e relevante para concurseiros. Desde 2020, atua na cobertura das \u00e1reas Fiscal \u2014 com \u00eanfase nas Secretarias de Fazenda (Sefaz) das regi\u00f5es Sul e Sudeste \u2014, al\u00e9m da cobertura de concursos federais, como CNU, Petrobras, CGU, Receita Federal, ag\u00eancias reguladoras (Anvisa, ANAC, entre outras) e INSS. Mant\u00e9m contato direto com os principais \u00f3rg\u00e3os p\u00fablicos, acompanhando editais, atualiza\u00e7\u00f5es e movimenta\u00e7\u00f5es importantes para os candidatos.\",\"sameAs\":[\"https:\/\/www.linkedin.com\/in\/camila-pinheiro-leite-9ba135b6\/\"],\"url\":\"https:\/\/www.estrategiaconcursos.com.br\/blog\/author\/camila-leiteestrategiaconcursos-com-br\/\"}]}<\/script>\n<!-- \/ Yoast SEO Premium plugin. -->","yoast_head_json":{"title":"Concurso P\u00fablico: 23 editais esta semana; mais de 10 mil vagas","description":"Concurso P\u00fablico 2022: 23 editais sa\u00edram ao longo desta semana (22 a 26\/08). Confira n\u00famero de vagas, remunera\u00e7\u00e3o e principais datas.","robots":{"index":"index","follow":"follow","max-snippet":"max-snippet:-1","max-image-preview":"max-image-preview:large","max-video-preview":"max-video-preview:-1"},"canonical":"https:\/\/www.estrategiaconcursos.com.br\/blog\/concurso-publico-editais-da-semana-22-a-26-08\/","og_locale":"pt_BR","og_type":"article","og_title":"Concurso P\u00fablico: 23 editais esta semana; mais de 10 mil vagas","og_description":"Concurso P\u00fablico 2022: 23 editais sa\u00edram ao longo desta semana (22 a 26\/08). Confira n\u00famero de vagas, remunera\u00e7\u00e3o e principais datas.","og_url":"https:\/\/www.estrategiaconcursos.com.br\/blog\/concurso-publico-editais-da-semana-22-a-26-08\/","og_site_name":"Estrat\u00e9gia Concursos","article_published_time":"2022-08-26T21:00:00+00:00","article_modified_time":"2022-09-02T15:23:13+00:00","og_image":[{"width":768,"height":432,"url":"https:\/\/dhg1h5j42swfq.cloudfront.net\/2022\/08\/04085605\/2022_concursos.jpeg","type":"image\/jpeg"}],"author":"Camila Leite","twitter_card":"summary_large_image","twitter_creator":"@EstratConcursos","twitter_site":"@EstratConcursos","twitter_misc":{"Escrito por":"Camila Leite","Est. tempo de leitura":"4 minutos"},"schema":{"@context":"https:\/\/schema.org","@graph":[{"@type":"NewsArticle","@id":"https:\/\/www.estrategiaconcursos.com.br\/blog\/concurso-publico-editais-da-semana-22-a-26-08\/#article","isPartOf":{"@id":"https:\/\/www.estrategiaconcursos.com.br\/blog\/concurso-publico-editais-da-semana-22-a-26-08\/"},"author":{"name":"Camila Leite","@id":"https:\/\/www.estrategiaconcursos.com.br\/blog\/#\/schema\/person\/84ecdc6eb58d3cf1689bf76c5cd8fb38"},"headline":"Concurso P\u00fablico: 23 editais esta semana; mais de 10 mil vagas","datePublished":"2022-08-26T21:00:00+00:00","dateModified":"2022-09-02T15:23:13+00:00","mainEntityOfPage":{"@id":"https:\/\/www.estrategiaconcursos.com.br\/blog\/concurso-publico-editais-da-semana-22-a-26-08\/"},"wordCount":891,"commentCount":0,"publisher":{"@id":"https:\/\/www.estrategiaconcursos.com.br\/blog\/#organization"},"image":{"@id":"https:\/\/www.estrategiaconcursos.com.br\/blog\/concurso-publico-editais-da-semana-22-a-26-08\/#primaryimage"},"thumbnailUrl":"https:\/\/dhg1h5j42swfq.cloudfront.net\/2022\/08\/04085605\/2022_concursos.jpeg","articleSection":["Concursos P\u00fablicos","\u00daltimas not\u00edcias"],"inLanguage":"pt-BR","potentialAction":[{"@type":"CommentAction","name":"Comment","target":["https:\/\/www.estrategiaconcursos.com.br\/blog\/concurso-publico-editais-da-semana-22-a-26-08\/#respond"]}],"copyrightYear":"2022","copyrightHolder":{"@id":"https:\/\/www.estrategiaconcursos.com.br\/blog\/#organization"}},{"@type":"WebPage","@id":"https:\/\/www.estrategiaconcursos.com.br\/blog\/concurso-publico-editais-da-semana-22-a-26-08\/","url":"https:\/\/www.estrategiaconcursos.com.br\/blog\/concurso-publico-editais-da-semana-22-a-26-08\/","name":"Concurso P\u00fablico: 23 editais esta semana; mais de 10 mil vagas","isPartOf":{"@id":"https:\/\/www.estrategiaconcursos.com.br\/blog\/#website"},"primaryImageOfPage":{"@id":"https:\/\/www.estrategiaconcursos.com.br\/blog\/concurso-publico-editais-da-semana-22-a-26-08\/#primaryimage"},"image":{"@id":"https:\/\/www.estrategiaconcursos.com.br\/blog\/concurso-publico-editais-da-semana-22-a-26-08\/#primaryimage"},"thumbnailUrl":"https:\/\/dhg1h5j42swfq.cloudfront.net\/2022\/08\/04085605\/2022_concursos.jpeg","datePublished":"2022-08-26T21:00:00+00:00","dateModified":"2022-09-02T15:23:13+00:00","description":"Concurso P\u00fablico 2022: 23 editais sa\u00edram ao longo desta semana (22 a 26\/08). Confira n\u00famero de vagas, remunera\u00e7\u00e3o e principais datas.","breadcrumb":{"@id":"https:\/\/www.estrategiaconcursos.com.br\/blog\/concurso-publico-editais-da-semana-22-a-26-08\/#breadcrumb"},"inLanguage":"pt-BR","potentialAction":[{"@type":"ReadAction","target":["https:\/\/www.estrategiaconcursos.com.br\/blog\/concurso-publico-editais-da-semana-22-a-26-08\/"]}]},{"@type":"ImageObject","inLanguage":"pt-BR","@id":"https:\/\/www.estrategiaconcursos.com.br\/blog\/concurso-publico-editais-da-semana-22-a-26-08\/#primaryimage","url":"https:\/\/dhg1h5j42swfq.cloudfront.net\/2022\/08\/04085605\/2022_concursos.jpeg","contentUrl":"https:\/\/dhg1h5j42swfq.cloudfront.net\/2022\/08\/04085605\/2022_concursos.jpeg","width":768,"height":432,"caption":"ano novo do aprovado"},{"@type":"BreadcrumbList","@id":"https:\/\/www.estrategiaconcursos.com.br\/blog\/concurso-publico-editais-da-semana-22-a-26-08\/#breadcrumb","itemListElement":[{"@type":"ListItem","position":1,"name":"In\u00edcio","item":"https:\/\/www.estrategiaconcursos.com.br\/blog\/"},{"@type":"ListItem","position":2,"name":"Concurso P\u00fablico: 23 editais esta semana; mais de 10 mil vagas"}]},{"@type":"WebSite","@id":"https:\/\/www.estrategiaconcursos.com.br\/blog\/#website","url":"https:\/\/www.estrategiaconcursos.com.br\/blog\/","name":"Estrat\u00e9gia Concursos","description":"O blog da Estrat\u00e9gia Concursos traz not\u00edcias sobre concursos e artigos de professores oferecendo cursos para concursos (pdf + videaulas) no site.","publisher":{"@id":"https:\/\/www.estrategiaconcursos.com.br\/blog\/#organization"},"potentialAction":[{"@type":"SearchAction","target":{"@type":"EntryPoint","urlTemplate":"https:\/\/www.estrategiaconcursos.com.br\/blog\/?s={search_term_string}"},"query-input":{"@type":"PropertyValueSpecification","valueRequired":true,"valueName":"search_term_string"}}],"inLanguage":"pt-BR"},{"@type":"Organization","@id":"https:\/\/www.estrategiaconcursos.com.br\/blog\/#organization","name":"Estrat\u00e9gia Concursos","url":"https:\/\/www.estrategiaconcursos.com.br\/blog\/","logo":{"@type":"ImageObject","inLanguage":"pt-BR","@id":"https:\/\/www.estrategiaconcursos.com.br\/blog\/#\/schema\/logo\/image\/","url":"https:\/\/dhg1h5j42swfq.cloudfront.net\/2025\/06\/03203428\/logo_concursos-1.jpg","contentUrl":"https:\/\/dhg1h5j42swfq.cloudfront.net\/2025\/06\/03203428\/logo_concursos-1.jpg","width":230,"height":60,"caption":"Estrat\u00e9gia Concursos"},"image":{"@id":"https:\/\/www.estrategiaconcursos.com.br\/blog\/#\/schema\/logo\/image\/"},"sameAs":["https:\/\/x.com\/EstratConcursos"]},{"@type":"Person","@id":"https:\/\/www.estrategiaconcursos.com.br\/blog\/#\/schema\/person\/84ecdc6eb58d3cf1689bf76c5cd8fb38","name":"Camila Leite","image":{"@type":"ImageObject","inLanguage":"pt-BR","@id":"https:\/\/secure.gravatar.com\/avatar\/f2f8faef639c8a2bfb7fb909912a56917f4c3a0aed064500168e2fb8ea55cf61?s=96&d=mm&r=g","url":"https:\/\/secure.gravatar.com\/avatar\/f2f8faef639c8a2bfb7fb909912a56917f4c3a0aed064500168e2fb8ea55cf61?s=96&d=mm&r=g","contentUrl":"https:\/\/secure.gravatar.com\/avatar\/f2f8faef639c8a2bfb7fb909912a56917f4c3a0aed064500168e2fb8ea55cf61?s=96&d=mm&r=g","caption":"Camila Leite"},"description":"Formada em Design Gr\u00e1fico e em Propaganda e Marketing pela UNIP, integra a equipe de jornalismo do Estrat\u00e9gia Concursos desde 2018. Ao longo dos anos, construiu uma s\u00f3lida experi\u00eancia na produ\u00e7\u00e3o de conte\u00fado informativo e relevante para concurseiros. Desde 2020, atua na cobertura das \u00e1reas Fiscal \u2014 com \u00eanfase nas Secretarias de Fazenda (Sefaz) das regi\u00f5es Sul e Sudeste \u2014, al\u00e9m da cobertura de concursos federais, como CNU, Petrobras, CGU, Receita Federal, ag\u00eancias reguladoras (Anvisa, ANAC, entre outras) e INSS. Mant\u00e9m contato direto com os principais \u00f3rg\u00e3os p\u00fablicos, acompanhando editais, atualiza\u00e7\u00f5es e movimenta\u00e7\u00f5es importantes para os candidatos.","sameAs":["https:\/\/www.linkedin.com\/in\/camila-pinheiro-leite-9ba135b6\/"],"url":"https:\/\/www.estrategiaconcursos.com.br\/blog\/author\/camila-leiteestrategiaconcursos-com-br\/"}]}},"_links":{"self":[{"href":"https:\/\/www.estrategiaconcursos.com.br\/blog\/wp-json\/wp\/v2\/posts\/1083161","targetHints":{"allow":["GET"]}}],"collection":[{"href":"https:\/\/www.estrategiaconcursos.com.br\/blog\/wp-json\/wp\/v2\/posts"}],"about":[{"href":"https:\/\/www.estrategiaconcursos.com.br\/blog\/wp-json\/wp\/v2\/types\/post"}],"author":[{"embeddable":true,"href":"https:\/\/www.estrategiaconcursos.com.br\/blog\/wp-json\/wp\/v2\/users\/659"}],"replies":[{"embeddable":true,"href":"https:\/\/www.estrategiaconcursos.com.br\/blog\/wp-json\/wp\/v2\/comments?post=1083161"}],"version-history":[{"count":15,"href":"https:\/\/www.estrategiaconcursos.com.br\/blog\/wp-json\/wp\/v2\/posts\/1083161\/revisions"}],"predecessor-version":[{"id":1084809,"href":"https:\/\/www.estrategiaconcursos.com.br\/blog\/wp-json\/wp\/v2\/posts\/1083161\/revisions\/1084809"}],"wp:featuredmedia":[{"embeddable":true,"href":"https:\/\/www.estrategiaconcursos.com.br\/blog\/wp-json\/wp\/v2\/media\/1071743"}],"wp:attachment":[{"href":"https:\/\/www.estrategiaconcursos.com.br\/blog\/wp-json\/wp\/v2\/media?parent=1083161"}],"wp:term":[{"taxonomy":"category","embeddable":true,"href":"https:\/\/www.estrategiaconcursos.com.br\/blog\/wp-json\/wp\/v2\/categories?post=1083161"},{"taxonomy":"post_tag","embeddable":true,"href":"https:\/\/www.estrategiaconcursos.com.br\/blog\/wp-json\/wp\/v2\/tags?post=1083161"},{"taxonomy":"tax_estado","embeddable":true,"href":"https:\/\/www.estrategiaconcursos.com.br\/blog\/wp-json\/wp\/v2\/tax_estado?post=1083161"}],"curies":[{"name":"wp","href":"https:\/\/api.w.org\/{rel}","templated":true}]}}