{"id":1082600,"date":"2022-08-24T11:30:00","date_gmt":"2022-08-24T14:30:00","guid":{"rendered":"https:\/\/www.estrategiaconcursos.com.br\/blog\/?p=1082600"},"modified":"2022-08-25T10:54:33","modified_gmt":"2022-08-25T13:54:33","slug":"concurso-senado-conheca-os-cargos","status":"publish","type":"post","link":"https:\/\/www.estrategiaconcursos.com.br\/blog\/concurso-senado-conheca-os-cargos\/","title":{"rendered":"Concurso Senado: inscri\u00e7\u00f5es abertas; conhe\u00e7a os cargos!"},"content":{"rendered":"\n<p>O edital do <a href=\"https:\/\/www.estrategiaconcursos.com.br\/cursosPorConcurso\/senado-federal-6\/\" target=\"_blank\" rel=\"noreferrer noopener\">concurso p\u00fablico para o Senado Federal<\/a> foi publicado com a oferta de 22 vagas imediatas, al\u00e9m de 992 em cadastro reserva, todas para <strong>cargos de n\u00edvel superior<\/strong>.<\/p>\n\n\n\n<p>As oportunidades se distribuem entre as carreiras de <strong>T\u00e9cnico Legislativo (Policial Legislativo), Analista Legislativo, Consultor Legislativo e Advogado<\/strong>. Os sal\u00e1rios variam de R$ 19.427,79 a R$ 33.461,68.<\/p>\n\n\n\n<h3 class=\"wp-block-heading\">Conhe\u00e7a os cargos ofertados no concurso Senado<\/h3>\n\n\n\n<figure class=\"wp-block-table is-style-stripes\"><table class=\"has-background has-fixed-layout\" style=\"background:linear-gradient(135deg,rgb(236,232,217) 0%,rgb(201,182,142) 100%)\"><thead><tr><th class=\"has-text-align-center\" data-align=\"center\">Cargos<\/th><th class=\"has-text-align-center\" data-align=\"center\">Vagas<\/th><th class=\"has-text-align-center\" data-align=\"center\">Sal\u00e1rio<\/th><\/tr><\/thead><tbody><tr><td class=\"has-text-align-center\" data-align=\"center\"><a href=\"https:\/\/www.estrategiaconcursos.com.br\/curso\/senado-federal-tecnico-legislativo-policial-legislativo-pacote-2022-pos-edital\/\" target=\"_blank\" rel=\"noreferrer noopener\">T\u00e9cnico Legislativo&nbsp;\u2013&nbsp;Policial Legislativo<\/a><\/td><td class=\"has-text-align-center\" data-align=\"center\">7 + 173 CR<\/td><td class=\"has-text-align-center\" data-align=\"center\">R$ 19.427,79<\/td><\/tr><tr><td class=\"has-text-align-center\" data-align=\"center\"><a href=\"https:\/\/www.estrategiaconcursos.com.br\/curso\/senado-federal-analista-legislativo-administracao-pacote-2022-pos-edital\/\" target=\"_blank\" rel=\"noreferrer noopener\">Analista Legislativo \u2013 Administra\u00e7\u00e3o<\/a><\/td><td class=\"has-text-align-center\" data-align=\"center\">2 + 248 CR<\/td><td class=\"has-text-align-center\" data-align=\"center\">R$ 25.897,76<\/td><\/tr><tr><td class=\"has-text-align-center\" data-align=\"center\"><a href=\"https:\/\/www.estrategiaconcursos.com.br\/curso\/senado-federal-analista-legislativo-arquivologia-pacote-2022-pos-edital\/\" target=\"_blank\" rel=\"noreferrer noopener\">Analista Legislativo \u2013 Arquivologia<\/a><\/td><td class=\"has-text-align-center\" data-align=\"center\">1 + 14 CR<\/td><td class=\"has-text-align-center\" data-align=\"center\">R$ 25.897,76<\/td><\/tr><tr><td class=\"has-text-align-center\" data-align=\"center\"><a href=\"https:\/\/www.estrategiaconcursos.com.br\/curso\/senado-federal-analista-legislativo-assistencia-social-pacote-2022-pos-edital\/\" target=\"_blank\" rel=\"noreferrer noopener\">Analista Legislativo \u2013 Assist\u00eancia Social<\/a><\/td><td class=\"has-text-align-center\" data-align=\"center\">1 + 9 CR<\/td><td class=\"has-text-align-center\" data-align=\"center\">R$ 25.897,76<\/td><\/tr><tr><td class=\"has-text-align-center\" data-align=\"center\"><a href=\"https:\/\/www.estrategiaconcursos.com.br\/curso\/senado-federal-analista-legislativo-contabilidade-pacote-2022-pos-edital\/\" target=\"_blank\" rel=\"noreferrer noopener\">Analista Legislativo \u2013 Contabilidade<\/a><\/td><td class=\"has-text-align-center\" data-align=\"center\">1 + 19 CR<\/td><td class=\"has-text-align-center\" data-align=\"center\">R$ 25.897,76<\/td><\/tr><tr><td class=\"has-text-align-center\" data-align=\"center\"><a href=\"https:\/\/www.estrategiaconcursos.com.br\/curso\/senado-federal-analista-legislativo-enfermagem-pacote-2022-pos-edital\/\" target=\"_blank\" rel=\"noreferrer noopener\">Analista Legislativo \u2013 Enfermagem<\/a><\/td><td class=\"has-text-align-center\" data-align=\"center\">1 + 19 CR<\/td><td class=\"has-text-align-center\" data-align=\"center\">R$ 25.897,76<\/td><\/tr><tr><td class=\"has-text-align-center\" data-align=\"center\"><a href=\"https:\/\/www.estrategiaconcursos.com.br\/curso\/senado-federal-analista-legislativo-informatica-analise-de-sistemas-pacote-2022-pos-edital\/\" target=\"_blank\" rel=\"noreferrer noopener\">Analista Legislativo \u2013 Inform\u00e1tica Legislativa (An\u00e1lise de Sistemas)<\/a><\/td><td class=\"has-text-align-center\" data-align=\"center\">1 + 59 CR<\/td><td class=\"has-text-align-center\" data-align=\"center\">R$ 25.897,76<\/td><\/tr><tr><td class=\"has-text-align-center\" data-align=\"center\"><a href=\"https:\/\/www.estrategiaconcursos.com.br\/curso\/senado-federal-analista-legislativo-informatica-analise-de-suporte-a-sistemas-pacote-2022-pos-edital\/\" target=\"_blank\" rel=\"noreferrer noopener\">Analista Legislativo \u2013 Inform\u00e1tica Legislativa (An\u00e1lise de Suporte)<\/a><\/td><td class=\"has-text-align-center\" data-align=\"center\">1 + 39 CR<\/td><td class=\"has-text-align-center\" data-align=\"center\">R$ 25.897,76<\/td><\/tr><tr><td class=\"has-text-align-center\" data-align=\"center\"><a href=\"https:\/\/www.estrategiaconcursos.com.br\/curso\/senado-federal-analista-legislativo-processo-legislativo-pacote-2022-pos-edital\/\" target=\"_blank\" rel=\"noreferrer noopener\">Analista Legislativo \u2013 Processo Legislativo<\/a><\/td><td class=\"has-text-align-center\" data-align=\"center\">1 + 249 CR<\/td><td class=\"has-text-align-center\" data-align=\"center\">R$ 25.897,76<\/td><\/tr><tr><td class=\"has-text-align-center\" data-align=\"center\">Analista Legislativo \u2013 Registro e Reda\u00e7\u00e3o Parlamentar<\/td><td class=\"has-text-align-center\" data-align=\"center\">1 + 19 CR<\/td><td class=\"has-text-align-center\" data-align=\"center\">R$ 25.897,76<\/td><\/tr><tr><td class=\"has-text-align-center\" data-align=\"center\">Analista Legislativo \u2013 Engenharia do Trabalho<\/td><td class=\"has-text-align-center\" data-align=\"center\">1 + 16 CR<\/td><td class=\"has-text-align-center\" data-align=\"center\">R$ 25.897,76<\/td><\/tr><tr><td class=\"has-text-align-center\" data-align=\"center\">Analista Legislativo \u2013 Engenharia Eletr\u00f4nica e Telecomunica\u00e7\u00f5es<\/td><td class=\"has-text-align-center\" data-align=\"center\">1 + 9  CR<\/td><td class=\"has-text-align-center\" data-align=\"center\">R$ 25.897,76<\/td><\/tr><tr><td class=\"has-text-align-center\" data-align=\"center\">Consultor Legislativo \u2013 Assessoramento Legislativo<\/td><td class=\"has-text-align-center\" data-align=\"center\">1 + 81 CR<\/td><td class=\"has-text-align-center\" data-align=\"center\">R$ 33.461,68<\/td><\/tr><tr><td class=\"has-text-align-center\" data-align=\"center\">Consultor Legislativo \u2013 Assessoramento em Or\u00e7amentos<\/td><td class=\"has-text-align-center\" data-align=\"center\">1 + 19 CR<\/td><td class=\"has-text-align-center\" data-align=\"center\">R$ 33.461,68<\/td><\/tr><tr><td class=\"has-text-align-center\" data-align=\"center\">Advogado \u2013 Advocacia<\/td><td class=\"has-text-align-center\" data-align=\"center\">1 + 19 CR<\/td><td class=\"has-text-align-center\" data-align=\"center\">R$ 33.461,68<\/td><\/tr><\/tbody><\/table><figcaption>Quadro de cargos ofertados <\/figcaption><\/figure>\n\n\n\n<h3 class=\"wp-block-heading\">Inscri\u00e7\u00f5es para o concurso j\u00e1 est\u00e3o abertas!<\/h3>\n\n\n\n<p>J\u00e1 est\u00e3o abertas as inscri\u00e7\u00f5es para participar do concurso Senado. Os interessados podem se candidatar <strong>at\u00e9 \u00e0s 16h do dia 21 de setembro<\/strong>, no site da <a href=\"https:\/\/conhecimento.fgv.br\/concursos\/senado22\" target=\"_blank\" rel=\"noreferrer noopener\">FGV<\/a>, ao custo de R$ 55,00 a R$ 94,00. N\u00e3o perca tempo!<\/p>\n\n\n\n<p>A avalia\u00e7\u00e3o dos candidatos ser\u00e1 realizada mediante aplica\u00e7\u00e3o de at\u00e9 sete etapas, conforme o cargo pretendido, sendo as primeiras compostas de prova objetiva e prova discursiva.<\/p>\n\n\n\n<p>Para conferir todos os detalhes sobre este excelente certame da <a href=\"https:\/\/www.estrategiaconcursos.com.br\/blog\/concursos-legislativos-2022\/\" target=\"_blank\" rel=\"noreferrer noopener\">\u00e1rea legislativa<\/a>, acesse nosso artigo na \u00edntegra:<\/p>\n\n\n\n<h2 class=\"has-text-align-center has-background has-medium-font-size wp-block-heading\" id=\"saiba-mais-concurso-senado-federal\" style=\"background-color:#cfc396\"><a href=\"https:\/\/www.estrategiaconcursos.com.br\/blog\/concurso-senado-federal\/\" target=\"_blank\" rel=\"noreferrer noopener\">Concurso Senado Federal<\/a><\/h2>\n\n\n\n<hr class=\"wp-block-separator has-css-opacity\"\/>\n\n\n\n<h2 class=\"has-text-align-center wp-block-heading\" id=\"h-quer-saber-tudo-sobre-concursos-previstos-confira-nossos-artigos\">Quer saber tudo sobre concursos previstos?<br \/>Confira nossos artigos!<\/h2>\n\n\n\n<ul class=\"wp-block-list\"><li><a href=\"https:\/\/www.estrategiaconcursos.com.br\/blog\/concursos-abertos\/\" target=\"_blank\" rel=\"noreferrer noopener\">Concursos abertos<\/a><\/li><li><a href=\"https:\/\/www.estrategiaconcursos.com.br\/blog\/concursos-2022\/\" target=\"_blank\" rel=\"noreferrer noopener\">Concursos 2022<\/a><\/li><li><a href=\"https:\/\/www.estrategiaconcursos.com.br\/blog\/concursos-2023\/\" target=\"_blank\" rel=\"noreferrer noopener\">Concursos 2023<\/a><\/li><\/ul>\n\n\n\n<div class=\"container\" id=\"boxes\">\n  <div class=\"row\">\n\n    <div class=\"col-sm\">\n      <div class=\"banner-legislativo\" id=\"box-assinatura\">\n        <h3 class=\"titulo-assinatura\">Concurso Senado Federal<\/h3>\n        <p class=\"subtitulo-assinatura\">Conhe\u00e7a os cursos<\/p>\n        <div class=\"box-botao\">\n          <a class=\"btn-assinatura\" target=\"_blank\" href=\"https:\/\/www.estrategiaconcursos.com.br\/cursosPorConcurso\/senado-federal-6\/\" role=\"button\" rel=\"noopener noreferrer\">Conhe\u00e7a mais<\/a>\n        <\/div>\n      <\/div>\n     \n\n  <\/div>\n<\/div><\/div>\n\n\n\n<div class=\"container\" id=\"boxes\">\n  <div class=\"row\">\n\n    <div class=\"col-sm\">\n      <div class=\"estrategia\" id=\"box-assinatura\">\n        <h3 class=\"titulo-assinatura\">Assinatura Concursos<\/h3>\n        <p class=\"subtitulo-assinatura\">Assinatura de 1 ano ou 2 anos<\/p>\n        <div class=\"box-botao\">\n          <a class=\"btn-assinatura\" target=\"_blank\" href=\"https:\/\/www.estrategiaconcursos.com.br\/assinaturas\/\" role=\"button\" rel=\"noopener noreferrer\">ASSINE AGORA<\/a>\n        <\/div>\n      <\/div>\n     \n    <\/div><\/div><\/div>\n","protected":false},"excerpt":{"rendered":"<p>O edital do concurso p\u00fablico para o Senado Federal foi publicado com a oferta de 22 vagas imediatas, al\u00e9m de 992 em cadastro reserva, todas para cargos de n\u00edvel superior. As oportunidades se distribuem entre as carreiras de T\u00e9cnico Legislativo (Policial Legislativo), Analista Legislativo, Consultor Legislativo e Advogado. Os sal\u00e1rios variam de R$ 19.427,79 a [&hellip;]<\/p>\n","protected":false},"author":1206,"featured_media":788428,"comment_status":"open","ping_status":"closed","sticky":false,"template":"","format":"standard","meta":{"post_tipo":"news","footnotes":""},"categories":[2017,220219],"tags":[],"tax_estado":[219963],"class_list":["post-1082600","post","type-post","status-publish","format-standard","has-post-thumbnail","hentry","category-concursos-legislativos","category-noticias","tax_estado-concursos-federais"],"acf":[],"yoast_head":"<!-- This site is optimized with the Yoast SEO Premium plugin v27.2 (Yoast SEO v27.2) - https:\/\/yoast.com\/product\/yoast-seo-premium-wordpress\/ -->\n<title>Concurso Senado: inscri\u00e7\u00f5es abertas; conhe\u00e7a os cargos!<\/title>\n<meta name=\"description\" content=\"O edital do concurso Senado Federal foi publicado com 22 vagas diretas e 992 em CR para cargos de n\u00edvel superior. Confira!\" \/>\n<meta name=\"robots\" content=\"index, follow, max-snippet:-1, max-image-preview:large, max-video-preview:-1\" \/>\n<link rel=\"canonical\" href=\"https:\/\/www.estrategiaconcursos.com.br\/blog\/concurso-senado-conheca-os-cargos\/\" \/>\n<meta property=\"og:locale\" content=\"pt_BR\" \/>\n<meta property=\"og:type\" content=\"article\" \/>\n<meta property=\"og:title\" content=\"Concurso Senado: inscri\u00e7\u00f5es abertas; conhe\u00e7a os cargos!\" \/>\n<meta property=\"og:description\" content=\"O edital do concurso Senado Federal foi publicado com 22 vagas diretas e 992 em CR para cargos de n\u00edvel superior. Confira!\" \/>\n<meta property=\"og:url\" content=\"https:\/\/www.estrategiaconcursos.com.br\/blog\/concurso-senado-conheca-os-cargos\/\" \/>\n<meta property=\"og:site_name\" content=\"Estrat\u00e9gia Concursos\" \/>\n<meta property=\"article:published_time\" content=\"2022-08-24T14:30:00+00:00\" \/>\n<meta property=\"article:modified_time\" content=\"2022-08-25T13:54:33+00:00\" \/>\n<meta property=\"og:image\" content=\"https:\/\/dhg1h5j42swfq.cloudfront.net\/2021\/06\/06144315\/senado-federal.jpg\" \/>\n\t<meta property=\"og:image:width\" content=\"768\" \/>\n\t<meta property=\"og:image:height\" content=\"432\" \/>\n\t<meta property=\"og:image:type\" content=\"image\/jpeg\" \/>\n<meta name=\"author\" content=\"Bruna de Andrade Fran\u00e7a\" \/>\n<meta name=\"twitter:card\" content=\"summary_large_image\" \/>\n<meta name=\"twitter:creator\" content=\"@EstratConcursos\" \/>\n<meta name=\"twitter:site\" content=\"@EstratConcursos\" \/>\n<meta name=\"twitter:label1\" content=\"Escrito por\" \/>\n\t<meta name=\"twitter:data1\" content=\"Bruna de Andrade Fran\u00e7a\" \/>\n\t<meta name=\"twitter:label2\" content=\"Est. tempo de leitura\" \/>\n\t<meta name=\"twitter:data2\" content=\"1 minuto\" \/>\n<script type=\"application\/ld+json\" class=\"yoast-schema-graph\">{\"@context\":\"https:\/\/schema.org\",\"@graph\":[{\"@type\":\"NewsArticle\",\"@id\":\"https:\/\/www.estrategiaconcursos.com.br\/blog\/concurso-senado-conheca-os-cargos\/#article\",\"isPartOf\":{\"@id\":\"https:\/\/www.estrategiaconcursos.com.br\/blog\/concurso-senado-conheca-os-cargos\/\"},\"author\":{\"name\":\"Bruna de Andrade Fran\u00e7a\",\"@id\":\"https:\/\/www.estrategiaconcursos.com.br\/blog\/#\/schema\/person\/6630f91134abc08115cca62ce6372855\"},\"headline\":\"Concurso Senado: inscri\u00e7\u00f5es abertas; conhe\u00e7a os cargos!\",\"datePublished\":\"2022-08-24T14:30:00+00:00\",\"dateModified\":\"2022-08-25T13:54:33+00:00\",\"mainEntityOfPage\":{\"@id\":\"https:\/\/www.estrategiaconcursos.com.br\/blog\/concurso-senado-conheca-os-cargos\/\"},\"wordCount\":319,\"commentCount\":0,\"publisher\":{\"@id\":\"https:\/\/www.estrategiaconcursos.com.br\/blog\/#organization\"},\"image\":{\"@id\":\"https:\/\/www.estrategiaconcursos.com.br\/blog\/concurso-senado-conheca-os-cargos\/#primaryimage\"},\"thumbnailUrl\":\"https:\/\/dhg1h5j42swfq.cloudfront.net\/2021\/06\/06144315\/senado-federal.jpg\",\"articleSection\":[\"Legislativo\",\"\u00daltimas not\u00edcias\"],\"inLanguage\":\"pt-BR\",\"potentialAction\":[{\"@type\":\"CommentAction\",\"name\":\"Comment\",\"target\":[\"https:\/\/www.estrategiaconcursos.com.br\/blog\/concurso-senado-conheca-os-cargos\/#respond\"]}],\"copyrightYear\":\"2022\",\"copyrightHolder\":{\"@id\":\"https:\/\/www.estrategiaconcursos.com.br\/blog\/#organization\"}},{\"@type\":\"WebPage\",\"@id\":\"https:\/\/www.estrategiaconcursos.com.br\/blog\/concurso-senado-conheca-os-cargos\/\",\"url\":\"https:\/\/www.estrategiaconcursos.com.br\/blog\/concurso-senado-conheca-os-cargos\/\",\"name\":\"Concurso Senado: inscri\u00e7\u00f5es abertas; conhe\u00e7a os cargos!\",\"isPartOf\":{\"@id\":\"https:\/\/www.estrategiaconcursos.com.br\/blog\/#website\"},\"primaryImageOfPage\":{\"@id\":\"https:\/\/www.estrategiaconcursos.com.br\/blog\/concurso-senado-conheca-os-cargos\/#primaryimage\"},\"image\":{\"@id\":\"https:\/\/www.estrategiaconcursos.com.br\/blog\/concurso-senado-conheca-os-cargos\/#primaryimage\"},\"thumbnailUrl\":\"https:\/\/dhg1h5j42swfq.cloudfront.net\/2021\/06\/06144315\/senado-federal.jpg\",\"datePublished\":\"2022-08-24T14:30:00+00:00\",\"dateModified\":\"2022-08-25T13:54:33+00:00\",\"description\":\"O edital do concurso Senado Federal foi publicado com 22 vagas diretas e 992 em CR para cargos de n\u00edvel superior. Confira!\",\"breadcrumb\":{\"@id\":\"https:\/\/www.estrategiaconcursos.com.br\/blog\/concurso-senado-conheca-os-cargos\/#breadcrumb\"},\"inLanguage\":\"pt-BR\",\"potentialAction\":[{\"@type\":\"ReadAction\",\"target\":[\"https:\/\/www.estrategiaconcursos.com.br\/blog\/concurso-senado-conheca-os-cargos\/\"]}]},{\"@type\":\"ImageObject\",\"inLanguage\":\"pt-BR\",\"@id\":\"https:\/\/www.estrategiaconcursos.com.br\/blog\/concurso-senado-conheca-os-cargos\/#primaryimage\",\"url\":\"https:\/\/dhg1h5j42swfq.cloudfront.net\/2021\/06\/06144315\/senado-federal.jpg\",\"contentUrl\":\"https:\/\/dhg1h5j42swfq.cloudfront.net\/2021\/06\/06144315\/senado-federal.jpg\",\"width\":768,\"height\":432,\"caption\":\"SENADO FEDERAL\"},{\"@type\":\"BreadcrumbList\",\"@id\":\"https:\/\/www.estrategiaconcursos.com.br\/blog\/concurso-senado-conheca-os-cargos\/#breadcrumb\",\"itemListElement\":[{\"@type\":\"ListItem\",\"position\":1,\"name\":\"In\u00edcio\",\"item\":\"https:\/\/www.estrategiaconcursos.com.br\/blog\/\"},{\"@type\":\"ListItem\",\"position\":2,\"name\":\"Concurso Senado: inscri\u00e7\u00f5es abertas; conhe\u00e7a os cargos!\"}]},{\"@type\":\"WebSite\",\"@id\":\"https:\/\/www.estrategiaconcursos.com.br\/blog\/#website\",\"url\":\"https:\/\/www.estrategiaconcursos.com.br\/blog\/\",\"name\":\"Estrat\u00e9gia Concursos\",\"description\":\"O blog da Estrat\u00e9gia Concursos traz not\u00edcias sobre concursos e artigos de professores oferecendo cursos para concursos (pdf + videaulas) no site.\",\"publisher\":{\"@id\":\"https:\/\/www.estrategiaconcursos.com.br\/blog\/#organization\"},\"potentialAction\":[{\"@type\":\"SearchAction\",\"target\":{\"@type\":\"EntryPoint\",\"urlTemplate\":\"https:\/\/www.estrategiaconcursos.com.br\/blog\/?s={search_term_string}\"},\"query-input\":{\"@type\":\"PropertyValueSpecification\",\"valueRequired\":true,\"valueName\":\"search_term_string\"}}],\"inLanguage\":\"pt-BR\"},{\"@type\":\"Organization\",\"@id\":\"https:\/\/www.estrategiaconcursos.com.br\/blog\/#organization\",\"name\":\"Estrat\u00e9gia Concursos\",\"url\":\"https:\/\/www.estrategiaconcursos.com.br\/blog\/\",\"logo\":{\"@type\":\"ImageObject\",\"inLanguage\":\"pt-BR\",\"@id\":\"https:\/\/www.estrategiaconcursos.com.br\/blog\/#\/schema\/logo\/image\/\",\"url\":\"https:\/\/dhg1h5j42swfq.cloudfront.net\/2025\/06\/03203428\/logo_concursos-1.jpg\",\"contentUrl\":\"https:\/\/dhg1h5j42swfq.cloudfront.net\/2025\/06\/03203428\/logo_concursos-1.jpg\",\"width\":230,\"height\":60,\"caption\":\"Estrat\u00e9gia Concursos\"},\"image\":{\"@id\":\"https:\/\/www.estrategiaconcursos.com.br\/blog\/#\/schema\/logo\/image\/\"},\"sameAs\":[\"https:\/\/x.com\/EstratConcursos\"]},{\"@type\":\"Person\",\"@id\":\"https:\/\/www.estrategiaconcursos.com.br\/blog\/#\/schema\/person\/6630f91134abc08115cca62ce6372855\",\"name\":\"Bruna de Andrade Fran\u00e7a\",\"image\":{\"@type\":\"ImageObject\",\"inLanguage\":\"pt-BR\",\"@id\":\"https:\/\/secure.gravatar.com\/avatar\/d6316d36d50cea0fadae28ed3015b8870cc90a2d3d8a95c37b44006af36a00e3?s=96&d=mm&r=g\",\"url\":\"https:\/\/secure.gravatar.com\/avatar\/d6316d36d50cea0fadae28ed3015b8870cc90a2d3d8a95c37b44006af36a00e3?s=96&d=mm&r=g\",\"contentUrl\":\"https:\/\/secure.gravatar.com\/avatar\/d6316d36d50cea0fadae28ed3015b8870cc90a2d3d8a95c37b44006af36a00e3?s=96&d=mm&r=g\",\"caption\":\"Bruna de Andrade Fran\u00e7a\"},\"description\":\"Bruna de Andrade Fran\u00e7a \u00e9 publicit\u00e1ria com p\u00f3s-gradua\u00e7\u00e3o em Marketing &amp; Growth, atuando h\u00e1 mais de 6 anos no universo dos concursos p\u00fablicos. Desde 2021, lidera no Blog do Estrat\u00e9gia Concursos a cobertura editorial especializada em Concursos Policiais (PF, PRF, PM, PC, etc.), al\u00e9m das frentes de concursos banc\u00e1rios, de sa\u00fade e da \u00e1rea legislativa. Especialista em reda\u00e7\u00e3o, com pr\u00e1ticas de SEO e Copywriting, possui tamb\u00e9m atua\u00e7\u00e3o pr\u00e1tica de contato direto com \u00f3rg\u00e3os p\u00fablicos respons\u00e1veis por editais, permitindo acesso antecipado a informa\u00e7\u00f5es, desdobramentos importantes e atualiza\u00e7\u00e3o eficiente dos concursos p\u00fablicos.\",\"url\":\"https:\/\/www.estrategiaconcursos.com.br\/blog\/author\/bruna-andrade\/\"}]}<\/script>\n<!-- \/ Yoast SEO Premium plugin. -->","yoast_head_json":{"title":"Concurso Senado: inscri\u00e7\u00f5es abertas; conhe\u00e7a os cargos!","description":"O edital do concurso Senado Federal foi publicado com 22 vagas diretas e 992 em CR para cargos de n\u00edvel superior. Confira!","robots":{"index":"index","follow":"follow","max-snippet":"max-snippet:-1","max-image-preview":"max-image-preview:large","max-video-preview":"max-video-preview:-1"},"canonical":"https:\/\/www.estrategiaconcursos.com.br\/blog\/concurso-senado-conheca-os-cargos\/","og_locale":"pt_BR","og_type":"article","og_title":"Concurso Senado: inscri\u00e7\u00f5es abertas; conhe\u00e7a os cargos!","og_description":"O edital do concurso Senado Federal foi publicado com 22 vagas diretas e 992 em CR para cargos de n\u00edvel superior. Confira!","og_url":"https:\/\/www.estrategiaconcursos.com.br\/blog\/concurso-senado-conheca-os-cargos\/","og_site_name":"Estrat\u00e9gia Concursos","article_published_time":"2022-08-24T14:30:00+00:00","article_modified_time":"2022-08-25T13:54:33+00:00","og_image":[{"width":768,"height":432,"url":"https:\/\/dhg1h5j42swfq.cloudfront.net\/2021\/06\/06144315\/senado-federal.jpg","type":"image\/jpeg"}],"author":"Bruna de Andrade Fran\u00e7a","twitter_card":"summary_large_image","twitter_creator":"@EstratConcursos","twitter_site":"@EstratConcursos","twitter_misc":{"Escrito por":"Bruna de Andrade Fran\u00e7a","Est. tempo de leitura":"1 minuto"},"schema":{"@context":"https:\/\/schema.org","@graph":[{"@type":"NewsArticle","@id":"https:\/\/www.estrategiaconcursos.com.br\/blog\/concurso-senado-conheca-os-cargos\/#article","isPartOf":{"@id":"https:\/\/www.estrategiaconcursos.com.br\/blog\/concurso-senado-conheca-os-cargos\/"},"author":{"name":"Bruna de Andrade Fran\u00e7a","@id":"https:\/\/www.estrategiaconcursos.com.br\/blog\/#\/schema\/person\/6630f91134abc08115cca62ce6372855"},"headline":"Concurso Senado: inscri\u00e7\u00f5es abertas; conhe\u00e7a os cargos!","datePublished":"2022-08-24T14:30:00+00:00","dateModified":"2022-08-25T13:54:33+00:00","mainEntityOfPage":{"@id":"https:\/\/www.estrategiaconcursos.com.br\/blog\/concurso-senado-conheca-os-cargos\/"},"wordCount":319,"commentCount":0,"publisher":{"@id":"https:\/\/www.estrategiaconcursos.com.br\/blog\/#organization"},"image":{"@id":"https:\/\/www.estrategiaconcursos.com.br\/blog\/concurso-senado-conheca-os-cargos\/#primaryimage"},"thumbnailUrl":"https:\/\/dhg1h5j42swfq.cloudfront.net\/2021\/06\/06144315\/senado-federal.jpg","articleSection":["Legislativo","\u00daltimas not\u00edcias"],"inLanguage":"pt-BR","potentialAction":[{"@type":"CommentAction","name":"Comment","target":["https:\/\/www.estrategiaconcursos.com.br\/blog\/concurso-senado-conheca-os-cargos\/#respond"]}],"copyrightYear":"2022","copyrightHolder":{"@id":"https:\/\/www.estrategiaconcursos.com.br\/blog\/#organization"}},{"@type":"WebPage","@id":"https:\/\/www.estrategiaconcursos.com.br\/blog\/concurso-senado-conheca-os-cargos\/","url":"https:\/\/www.estrategiaconcursos.com.br\/blog\/concurso-senado-conheca-os-cargos\/","name":"Concurso Senado: inscri\u00e7\u00f5es abertas; conhe\u00e7a os cargos!","isPartOf":{"@id":"https:\/\/www.estrategiaconcursos.com.br\/blog\/#website"},"primaryImageOfPage":{"@id":"https:\/\/www.estrategiaconcursos.com.br\/blog\/concurso-senado-conheca-os-cargos\/#primaryimage"},"image":{"@id":"https:\/\/www.estrategiaconcursos.com.br\/blog\/concurso-senado-conheca-os-cargos\/#primaryimage"},"thumbnailUrl":"https:\/\/dhg1h5j42swfq.cloudfront.net\/2021\/06\/06144315\/senado-federal.jpg","datePublished":"2022-08-24T14:30:00+00:00","dateModified":"2022-08-25T13:54:33+00:00","description":"O edital do concurso Senado Federal foi publicado com 22 vagas diretas e 992 em CR para cargos de n\u00edvel superior. Confira!","breadcrumb":{"@id":"https:\/\/www.estrategiaconcursos.com.br\/blog\/concurso-senado-conheca-os-cargos\/#breadcrumb"},"inLanguage":"pt-BR","potentialAction":[{"@type":"ReadAction","target":["https:\/\/www.estrategiaconcursos.com.br\/blog\/concurso-senado-conheca-os-cargos\/"]}]},{"@type":"ImageObject","inLanguage":"pt-BR","@id":"https:\/\/www.estrategiaconcursos.com.br\/blog\/concurso-senado-conheca-os-cargos\/#primaryimage","url":"https:\/\/dhg1h5j42swfq.cloudfront.net\/2021\/06\/06144315\/senado-federal.jpg","contentUrl":"https:\/\/dhg1h5j42swfq.cloudfront.net\/2021\/06\/06144315\/senado-federal.jpg","width":768,"height":432,"caption":"SENADO FEDERAL"},{"@type":"BreadcrumbList","@id":"https:\/\/www.estrategiaconcursos.com.br\/blog\/concurso-senado-conheca-os-cargos\/#breadcrumb","itemListElement":[{"@type":"ListItem","position":1,"name":"In\u00edcio","item":"https:\/\/www.estrategiaconcursos.com.br\/blog\/"},{"@type":"ListItem","position":2,"name":"Concurso Senado: inscri\u00e7\u00f5es abertas; conhe\u00e7a os cargos!"}]},{"@type":"WebSite","@id":"https:\/\/www.estrategiaconcursos.com.br\/blog\/#website","url":"https:\/\/www.estrategiaconcursos.com.br\/blog\/","name":"Estrat\u00e9gia Concursos","description":"O blog da Estrat\u00e9gia Concursos traz not\u00edcias sobre concursos e artigos de professores oferecendo cursos para concursos (pdf + videaulas) no site.","publisher":{"@id":"https:\/\/www.estrategiaconcursos.com.br\/blog\/#organization"},"potentialAction":[{"@type":"SearchAction","target":{"@type":"EntryPoint","urlTemplate":"https:\/\/www.estrategiaconcursos.com.br\/blog\/?s={search_term_string}"},"query-input":{"@type":"PropertyValueSpecification","valueRequired":true,"valueName":"search_term_string"}}],"inLanguage":"pt-BR"},{"@type":"Organization","@id":"https:\/\/www.estrategiaconcursos.com.br\/blog\/#organization","name":"Estrat\u00e9gia Concursos","url":"https:\/\/www.estrategiaconcursos.com.br\/blog\/","logo":{"@type":"ImageObject","inLanguage":"pt-BR","@id":"https:\/\/www.estrategiaconcursos.com.br\/blog\/#\/schema\/logo\/image\/","url":"https:\/\/dhg1h5j42swfq.cloudfront.net\/2025\/06\/03203428\/logo_concursos-1.jpg","contentUrl":"https:\/\/dhg1h5j42swfq.cloudfront.net\/2025\/06\/03203428\/logo_concursos-1.jpg","width":230,"height":60,"caption":"Estrat\u00e9gia Concursos"},"image":{"@id":"https:\/\/www.estrategiaconcursos.com.br\/blog\/#\/schema\/logo\/image\/"},"sameAs":["https:\/\/x.com\/EstratConcursos"]},{"@type":"Person","@id":"https:\/\/www.estrategiaconcursos.com.br\/blog\/#\/schema\/person\/6630f91134abc08115cca62ce6372855","name":"Bruna de Andrade Fran\u00e7a","image":{"@type":"ImageObject","inLanguage":"pt-BR","@id":"https:\/\/secure.gravatar.com\/avatar\/d6316d36d50cea0fadae28ed3015b8870cc90a2d3d8a95c37b44006af36a00e3?s=96&d=mm&r=g","url":"https:\/\/secure.gravatar.com\/avatar\/d6316d36d50cea0fadae28ed3015b8870cc90a2d3d8a95c37b44006af36a00e3?s=96&d=mm&r=g","contentUrl":"https:\/\/secure.gravatar.com\/avatar\/d6316d36d50cea0fadae28ed3015b8870cc90a2d3d8a95c37b44006af36a00e3?s=96&d=mm&r=g","caption":"Bruna de Andrade Fran\u00e7a"},"description":"Bruna de Andrade Fran\u00e7a \u00e9 publicit\u00e1ria com p\u00f3s-gradua\u00e7\u00e3o em Marketing &amp; Growth, atuando h\u00e1 mais de 6 anos no universo dos concursos p\u00fablicos. Desde 2021, lidera no Blog do Estrat\u00e9gia Concursos a cobertura editorial especializada em Concursos Policiais (PF, PRF, PM, PC, etc.), al\u00e9m das frentes de concursos banc\u00e1rios, de sa\u00fade e da \u00e1rea legislativa. Especialista em reda\u00e7\u00e3o, com pr\u00e1ticas de SEO e Copywriting, possui tamb\u00e9m atua\u00e7\u00e3o pr\u00e1tica de contato direto com \u00f3rg\u00e3os p\u00fablicos respons\u00e1veis por editais, permitindo acesso antecipado a informa\u00e7\u00f5es, desdobramentos importantes e atualiza\u00e7\u00e3o eficiente dos concursos p\u00fablicos.","url":"https:\/\/www.estrategiaconcursos.com.br\/blog\/author\/bruna-andrade\/"}]}},"_links":{"self":[{"href":"https:\/\/www.estrategiaconcursos.com.br\/blog\/wp-json\/wp\/v2\/posts\/1082600","targetHints":{"allow":["GET"]}}],"collection":[{"href":"https:\/\/www.estrategiaconcursos.com.br\/blog\/wp-json\/wp\/v2\/posts"}],"about":[{"href":"https:\/\/www.estrategiaconcursos.com.br\/blog\/wp-json\/wp\/v2\/types\/post"}],"author":[{"embeddable":true,"href":"https:\/\/www.estrategiaconcursos.com.br\/blog\/wp-json\/wp\/v2\/users\/1206"}],"replies":[{"embeddable":true,"href":"https:\/\/www.estrategiaconcursos.com.br\/blog\/wp-json\/wp\/v2\/comments?post=1082600"}],"version-history":[{"count":8,"href":"https:\/\/www.estrategiaconcursos.com.br\/blog\/wp-json\/wp\/v2\/posts\/1082600\/revisions"}],"predecessor-version":[{"id":1083787,"href":"https:\/\/www.estrategiaconcursos.com.br\/blog\/wp-json\/wp\/v2\/posts\/1082600\/revisions\/1083787"}],"wp:featuredmedia":[{"embeddable":true,"href":"https:\/\/www.estrategiaconcursos.com.br\/blog\/wp-json\/wp\/v2\/media\/788428"}],"wp:attachment":[{"href":"https:\/\/www.estrategiaconcursos.com.br\/blog\/wp-json\/wp\/v2\/media?parent=1082600"}],"wp:term":[{"taxonomy":"category","embeddable":true,"href":"https:\/\/www.estrategiaconcursos.com.br\/blog\/wp-json\/wp\/v2\/categories?post=1082600"},{"taxonomy":"post_tag","embeddable":true,"href":"https:\/\/www.estrategiaconcursos.com.br\/blog\/wp-json\/wp\/v2\/tags?post=1082600"},{"taxonomy":"tax_estado","embeddable":true,"href":"https:\/\/www.estrategiaconcursos.com.br\/blog\/wp-json\/wp\/v2\/tax_estado?post=1082600"}],"curies":[{"name":"wp","href":"https:\/\/api.w.org\/{rel}","templated":true}]}}