{"id":1082218,"date":"2022-11-04T08:37:00","date_gmt":"2022-11-04T11:37:00","guid":{"rendered":"https:\/\/www.estrategiaconcursos.com.br\/blog\/?p=1082218"},"modified":"2022-10-24T14:05:17","modified_gmt":"2022-10-24T17:05:17","slug":"momento-fato-gerador-mg","status":"publish","type":"post","link":"https:\/\/www.estrategiaconcursos.com.br\/blog\/momento-fato-gerador-mg\/","title":{"rendered":"Momento do Fato Gerador do ICMS para SEFAZ MG"},"content":{"rendered":"\n<p class=\"has-text-align-center\"><em>Resumo acerca do <strong>momento do fato gerador<\/strong> do Imposto sobre Circula\u00e7\u00e3o de Mercadoria e Presta\u00e7\u00e3o de Servi\u00e7o de Transporte Interestadual e Intermunicipal e de Comunica\u00e7\u00e3o (ICMS) na legisla\u00e7\u00e3o mineira para SEFAZ MG.<\/em><\/p>\n\n\n\n<figure class=\"wp-block-image aligncenter size-full is-resized\"><img loading=\"lazy\" decoding=\"async\" src=\"https:\/\/dhg1h5j42swfq.cloudfront.net\/2022\/10\/09183323\/image-337-1024x538-1-3.png\" alt=\"momento fato gerador sefaz mg\" class=\"wp-image-1107034\" width=\"644\" height=\"338\" srcset=\"https:\/\/dhg1h5j42swfq.cloudfront.net\/2022\/10\/09183323\/image-337-1024x538-1-3.png 1024w, https:\/\/dhg1h5j42swfq.cloudfront.net\/2022\/10\/09183323\/image-337-1024x538-1-3-300x158.png 300w, https:\/\/dhg1h5j42swfq.cloudfront.net\/2022\/10\/09183323\/image-337-1024x538-1-3-768x404.png 768w, https:\/\/dhg1h5j42swfq.cloudfront.net\/2022\/10\/09183323\/image-337-1024x538-1-3-610x320.png 610w, https:\/\/dhg1h5j42swfq.cloudfront.net\/2022\/10\/09183323\/image-337-1024x538-1-3-150x79.png 150w\" sizes=\"auto, (max-width: 644px) 100vw, 644px\" \/><figcaption>Momento do Fato Gerador do ICMS &#8211; SEFAZ MG<\/figcaption><\/figure>\n\n\n\n<p>Fala, pessoal!<\/p>\n\n\n\n<p>Tudo bem?<\/p>\n\n\n\n<p>Neste artigo vamos resumir mais um ponto muito importante acerca do Imposto sobre Circula\u00e7\u00e3o de Mercadoria e Presta\u00e7\u00e3o de Servi\u00e7o de Transporte Interestadual e Intermunicipal e de Comunica\u00e7\u00e3o (ICMS), mais especificamente, vamos abordar o <strong>momento do fato gerador.<\/strong><\/p>\n\n\n\n<p>O concurso da <strong><a href=\"https:\/\/conhecimento.fgv.br\/concursos\/sefmg22\" target=\"_blank\" rel=\"noreferrer noopener\">SEFAZ MG<\/a><\/strong> chegou com uma oportunidade \u00fanica para quem estuda para a \u00e1rea fiscal. S\u00e3o <strong>431 vagas<\/strong> com remunera\u00e7\u00f5es podendo chegar a mais de <strong>R$25.000.<\/strong><\/p>\n\n\n\n<p>Dito isso, precisamos de uma prepara\u00e7\u00e3o de alto n\u00edvel.<\/p>\n\n\n\n<p>Vamos nessa?<\/p>\n\n\n\n<h2 class=\"wp-block-heading\" id=\"h-momento-do-fato-gerador\">MOMENTO DO FATO GERADOR<\/h2>\n\n\n\n<p>Para abordar o momento do fato gerador &#8211; SEFAZ MG, usaremos como base o <strong><a href=\"http:\/\/www.fazenda.mg.gov.br\/empresas\/legislacao_tributaria\/decretos\/d43080_2002.html\" target=\"_blank\" rel=\"noreferrer noopener\">Decreto 43.080 de 2002<\/a><\/strong>, o qual regulamenta o ICMS no Estado de Minas Gerais. Entretanto, em alguns momentos vamos trazer algumas observa\u00e7\u00f5es presentes na <strong>Lei 6.763 de 1975<\/strong>.<\/p>\n\n\n\n<p>Pessoal, as provas de legisla\u00e7\u00e3o tribut\u00e1ria muitas vezes cobram a literariedade dos dispositivos da lei e do decreto. Dito isto, \u00e9 de extrema import\u00e2ncia a leitura dos dispositivos para que n\u00e3o deixem passar nenhum detalhe que possa te confundir na hora da prova. Vamos trazer aqui os dispositivos previstos na lei e no decreto e tecer os coment\u00e1rios necess\u00e1rios.<\/p>\n\n\n\n<p>Dessa forma, voc\u00eas entram em contato com a literariedade dos artigos e fazem as associa\u00e7\u00f5es com as explica\u00e7\u00f5es.<\/p>\n\n\n\n<p>Ademais, nem sempre vamos seguir a ordem dos dispositivos conforme o decreto ou a lei, tudo para tentar deixar o mais did\u00e1tico poss\u00edvel.<\/p>\n\n\n\n<p>Art. 2\u00ba <strong>Ocorre o fato gerador do imposto<\/strong>:<\/p>\n\n\n\n<p>IV &#8211; <strong><mark style=\"background-color:rgba(0, 0, 0, 0)\" class=\"has-inline-color has-vivid-red-color\">na aquisi\u00e7\u00e3o<\/mark>, em <em>licita\u00e7\u00e3o<\/em> promovida pelo poder p\u00fablico<\/strong>, de mercadoria ou bem<\/p>\n\n\n\n<p>importados do exterior e apreendidos ou abandonados;<\/p>\n\n\n\n<p>V &#8211;<mark style=\"background-color:rgba(0, 0, 0, 0)\" class=\"has-inline-color has-vivid-red-color\"> <strong>na sa\u00edda<\/strong><\/mark><strong> de mercadoria em <em>hasta p\u00fablica<\/em><\/strong><em>;<\/em><\/p>\n\n\n\n<p>Vejam que s\u00e3o duas coisas diferentes. O inciso IV trata da situa\u00e7\u00e3o j\u00e1 prevista na Lei Kandir de licita\u00e7\u00e3o de mercadoria ou bem importados do exterior e apreendidos ou abandonados. Neste caso, o momento \u00e9 a AQUISI\u00c7\u00c3O.<\/p>\n\n\n\n<p>Por outro lado, o inciso V trata da hasta p\u00fablica, abrangendo os leil\u00f5es que n\u00e3o se encaixam na situa\u00e7\u00e3o prevista no inciso IV e, neste caso, o momento do fato gerador \u00e9 a SA\u00cdDA DA MERCADORIA.<\/p>\n\n\n\n<p>VI &#8211; <strong>na <mark style=\"background-color:rgba(0, 0, 0, 0)\" class=\"has-inline-color has-vivid-red-color\">sa\u00edda<\/mark> de mercadoria, a qualquer t\u00edtulo<\/strong>, <strong><em>inclusive<\/em> em decorr\u00eancia de bonifica\u00e7\u00e3o<\/strong>,<\/p>\n\n\n\n<p>de estabelecimento de contribuinte, <strong>ainda que para outro estabelecimento do mesmo<\/strong><\/p>\n\n\n\n<p><strong>titular<\/strong>;<\/p>\n\n\n\n<p>Aqui temos duas observa\u00e7\u00f5es necess\u00e1rias. A primeira \u00e9 que a legisla\u00e7\u00e3o mineira incluiu as bonifica\u00e7\u00f5es no pre\u00e7o da mercadoria. <\/p>\n\n\n\n<p>\u00c9 importante ter em mente que a jurisprud\u00eancia entende que as bonifica\u00e7\u00f5es n\u00e3o fazem parte da base de c\u00e1lculo do ICMS, isso porque elas funcionam como se fossem um desconto incondicional que \u00e9 dado no momento da compra, normalmente, devido ao volume de mercadorias.<\/p>\n\n\n\n<p>Apesar da diverg\u00eancia, para uma prova de legisla\u00e7\u00e3o tribut\u00e1ria, o que vale \u00e9 o que est\u00e1 na legisla\u00e7\u00e3o mineira. Mas n\u00e3o deixem de gravar o entendimento jurisprudencial que pode vir a ser objeto de prova discursiva.<\/p>\n\n\n\n<p>O segundo \u00e9 que, apesar da legisla\u00e7\u00e3o trazer como op\u00e7\u00e3o a incid\u00eancia do imposto em opera\u00e7\u00f5es entre estabelecimentos do mesmo titular, sabemos que o STF tamb\u00e9m j\u00e1 entende o contr\u00e1rio, inclusive para opera\u00e7\u00f5es interestaduais.<\/p>\n\n\n\n<p>Ademais, o momento do fato gerador neste caso \u00e9 na <strong>sa\u00edda da mercadoria.<\/strong><\/p>\n\n\n\n<p>VII &#8211;<mark style=\"background-color:rgba(0, 0, 0, 0)\" class=\"has-inline-color has-vivid-red-color\"><strong> no recebimento<\/strong>,<\/mark> pelo destinat\u00e1rio situado em territ\u00f3rio mineiro, <strong>de petr\u00f3leo,<\/strong> <strong>lubrificante e combust\u00edvel l\u00edquido ou gasoso dele derivados ou de energia el\u00e9trica,<\/strong> <strong>oriundos de outra unidade da Federa\u00e7\u00e3o<\/strong>, <strong>quando n\u00e3o destinados \u00e0 comercializa\u00e7\u00e3o ou \u00e0<\/strong> <strong>industrializa\u00e7\u00e3o <\/strong>do pr\u00f3prio produto;<\/p>\n\n\n\n<p>II &#8211; <mark style=\"background-color:rgba(0, 0, 0, 0)\" class=\"has-inline-color has-vivid-red-color\"><strong>na entrada no territ\u00f3rio do Estado <\/strong><\/mark>de bem ou mercadoria oriundos de outro Estado <strong>adquiridos por <\/strong><em><strong><mark style=\"background-color:rgba(0, 0, 0, 0)\" class=\"has-inline-color has-vivid-cyan-blue-color\">contribuinte<\/mark> <\/strong>do imposto<\/em> e destinados ao seu uso ou consumo ou \u00e0 <strong>integra\u00e7\u00e3o ao seu ativo imobilizado<\/strong>;<\/p>\n\n\n\n<p>III &#8211; <mark style=\"background-color:rgba(0, 0, 0, 0)\" class=\"has-inline-color has-vivid-red-color\"><strong>na utiliza\u00e7\u00e3o<\/strong><\/mark>, <em>por <strong><mark style=\"background-color:rgba(0, 0, 0, 0)\" class=\"has-inline-color has-vivid-cyan-blue-color\">contribuinte<\/mark><\/strong><\/em>, de servi\u00e7o de transporte ou de servi\u00e7o oneroso de comunica\u00e7\u00e3o cuja presta\u00e7\u00e3o, em ambos os casos, tenha-se iniciado em outra unidade da Federa\u00e7\u00e3o e n\u00e3o esteja vinculada a opera\u00e7\u00e3o ou presta\u00e7\u00e3o subsequentes;<\/p>\n\n\n\n<p>Cuidado para n\u00e3o confundir esses incisos! Sabemos que o caso previsto no inciso VII trata-se da aquisi\u00e7\u00e3o de <strong>petr\u00f3leo lubrificante e combust\u00edvel l\u00edquido ou gasoso<\/strong> dele derivados ou de energia el\u00e9trica <strong>para consumo <\/strong>e, nesse caso, o momento \u00e9 no <strong>RECEBIMENTO<\/strong> pelo destinat\u00e1rio.<\/p>\n\n\n\n<p>J\u00e1 nos casos de mercadoria para consumo, o momento \u00e9 na <strong>ENTRADA DO TERRIT\u00d3RIO DO ESTADO. <\/strong>S\u00e3o diferen\u00e7as sutis que podem levar ao erro na hora da prova.<\/p>\n\n\n\n<p>Al\u00e9m disso, no caso dos servi\u00e7os previstos no inciso III, o momento e a sua <strong>UTILIZA\u00c7\u00c3O<\/strong>.<\/p>\n\n\n\n<p>VIII &#8211; <strong>no <mark style=\"background-color:rgba(0, 0, 0, 0)\" class=\"has-inline-color has-vivid-red-color\">fornecimento<\/mark> de alimenta\u00e7\u00e3o, bebida ou outra mercadoria por bar, restaurante<\/strong> ou por qualquer estabelecimento que explore tal atividade, inclu\u00eddos os servi\u00e7os a ela inerentes;<\/p>\n\n\n\n<p>Esse inciso n\u00e3o tem muito segredo, no caso de fornecimento de alimenta\u00e7\u00e3o e bebida em bares, restaurantes, o momento \u00e9 o do<strong> fornecimento<\/strong>.&nbsp;&nbsp;<\/p>\n\n\n\n<p>Lembrem-se que, neste caso, a base de c\u00e1lculo do ICMS inclui o valor das mercadorias e tamb\u00e9m dos servi\u00e7os. <\/p>\n\n\n\n<p>Ademais, o Estado de Minas permite que o valor cobrado pela gorjeta possa ser retirado da base de c\u00e1lculo do imposto, desde que limitada a 10%.<\/p>\n\n\n\n<p>IX &#8211; <strong>no <mark style=\"background-color:rgba(0, 0, 0, 0)\" class=\"has-inline-color has-vivid-red-color\">fornecimento <\/mark>de mercadoria com presta\u00e7\u00e3o de servi\u00e7os<\/strong>:&nbsp;&nbsp;<\/p>\n\n\n\n<p>a)&nbsp; <strong>n\u00e3o compreendidos na compet\u00eancia tribut\u00e1ria dos Munic\u00edpios<\/strong>;<\/p>\n\n\n\n<p>b) &nbsp;<strong>compreendidos na compet\u00eancia tribut\u00e1ria dos Munic\u00edpios e com indica\u00e7\u00e3o expressa de<\/strong> <strong>incid\u00eancia do imposto estadual<\/strong>, como definido em lei complementar;<\/p>\n\n\n\n<p>Pessoal, neste ponto, cuidado para n\u00e3o cair em pegadinhas que indiquem que o ICMS incide no momento da presta\u00e7\u00e3o de servi\u00e7o n\u00e3o compreendidos na compet\u00eancia dos Munic\u00edpios. Lembrem-se, neste caso, s\u00f3 haver\u00e1 ICMS se a presta\u00e7\u00e3o de servi\u00e7os compreender tamb\u00e9m o fornecimento de mercadorias.<\/p>\n\n\n\n<p>Ademais, tenham em mente que o momento do fato gerador \u00e9 no fornecimento dessas mercadorias.<\/p>\n\n\n\n<p>XI &#8211; <strong>na <mark style=\"background-color:rgba(0, 0, 0, 0)\" class=\"has-inline-color has-vivid-red-color\">gera\u00e7\u00e3o, emiss\u00e3o, transmiss\u00e3o, retransmiss\u00e3o, repeti\u00e7\u00e3o, amplia\u00e7\u00e3o ou recep\u00e7\u00e3o,<\/mark><\/strong> <strong>quando onerosas, de comunica\u00e7\u00e3o de qualquer natureza, por qualquer processo, ainda<\/strong> <strong>que iniciada no exterior<\/strong>, observado o seguinte:<\/p>\n\n\n\n<p>a) quando se tratar de servi\u00e7o de <strong>telecomunica\u00e7\u00f5es<\/strong>, o imposto ser\u00e1 devido a este Estado:<\/p>\n\n\n\n<p>a.1) <strong>nos <em>servi\u00e7os internacionais<\/em>, tarifados e cobrados no Brasil, cuja receita perten\u00e7a \u00e0s<\/strong> <strong>operadoras, e o equipamento terminal brasileiro esteja situado em territ\u00f3rio deste<\/strong> <strong>Estado<\/strong>;<\/p>\n\n\n\n<p>a.2) <strong>na <\/strong><strong><em>presta\u00e7\u00e3o de servi\u00e7os m\u00f3veis<\/em><\/strong><strong> de telecomunica\u00e7\u00f5es, desde que em territ\u00f3rio deste<\/strong> <strong>Estado esteja instalada a esta\u00e7\u00e3o que receber a solicita\u00e7\u00e3o<\/strong>;<\/p>\n\n\n\n<p><strong>b)<\/strong>&nbsp; &nbsp; <strong>caso o servi\u00e7o seja prestado mediante ficha, cart\u00e3o ou assemelhados, considera-se<\/strong> <strong>ocorrido o fato gerador do imposto <\/strong><mark style=\"background-color:rgba(0, 0, 0, 0)\" class=\"has-inline-color has-vivid-red-color\"><strong><em>quando de seu fornecimento ao usu\u00e1rio<\/em><\/strong>;<\/mark><\/p>\n\n\n\n<p>O momento do fato gerador no servi\u00e7o de comunica\u00e7\u00e3o onerosa \u00e9 <strong>o da gera\u00e7\u00e3o, emiss\u00e3o, transmiss\u00e3o, retransmiss\u00e3o, repeti\u00e7\u00e3o, amplia\u00e7\u00e3o ou recep\u00e7\u00e3o.<\/strong> <\/p>\n\n\n\n<p>Aqui, n\u00e3o se esque\u00e7a que o STF entende que os servi\u00e7os preparat\u00f3rios de comunica\u00e7\u00e3o n\u00e3o est\u00e3o abrangidos pela incid\u00eancia do ICMS, como, por exemplo, os servi\u00e7os de habilita\u00e7\u00e3o. Da\u00ed a import\u00e2ncia de se atentar \u00e0s palavras previstas no inciso XI.<\/p>\n\n\n\n<p>A legisla\u00e7\u00e3o mineira trouxe ainda as situa\u00e7\u00f5es nas quais o imposto \u00e9 devido \u00e0 Minas nos servi\u00e7os internacionais e nos servi\u00e7os m\u00f3veis de comunica\u00e7\u00e3o. Fiquem atentos a estes incisos pois n\u00e3o s\u00e3o muito comuns em outros Estados. <\/p>\n\n\n\n<p>Vamos esquematizar para facilitar a memoriza\u00e7\u00e3o. Ser\u00e3o devidos \u00e0 Minas Gerais nos seguintes casos:<\/p>\n\n\n\n<p><strong><em>Servi\u00e7os internacionais<\/em><\/strong><\/p>\n\n\n\n<p>-Tarifado e cobrado no Brasil<\/p>\n\n\n\n<p>-Receita pertence \u00e0 operadora<\/p>\n\n\n\n<p>&#8211; <strong>Equipamento est\u00e1 situado em MG.<\/strong><\/p>\n\n\n\n<p><strong><em>Servi\u00e7os m\u00f3veis de telecomunica\u00e7\u00e3o<\/em><\/strong><\/p>\n\n\n\n<p>&#8211; A <strong>esta\u00e7\u00e3o que receber a solicita\u00e7\u00e3o <\/strong>do servi\u00e7o esteja situada em MG.<\/p>\n\n\n\n<p>Ademais, no caso do servi\u00e7o prestado por meio de fichas, cart\u00f5es e assemelhados, o momento \u00e9 o do <strong>fornecimento dessas fichas ao usu\u00e1rio.<\/strong><\/p>\n\n\n\n<p>XII &#8211; <strong>no <mark style=\"background-color:rgba(0, 0, 0, 0)\" class=\"has-inline-color has-vivid-red-color\">ato final <\/mark>da presta\u00e7\u00e3o de servi\u00e7o de transporte iniciada no exterior<\/strong>;<\/p>\n\n\n\n<p>XIII &#8211; no<strong><mark style=\"background-color:rgba(0, 0, 0, 0)\" class=\"has-inline-color has-vivid-red-color\"> recebimento<\/mark><\/strong>, pelo destinat\u00e1rio, de <strong>servi\u00e7o de transporte ou de comunica\u00e7\u00e3o prestado no exterior;<\/strong><\/p>\n\n\n\n<p>A regra geral para o momento do fato gerador de servi\u00e7os de transporte \u00e9 o in\u00edcio da presta\u00e7\u00e3o. Mas, isso n\u00e3o \u00e9 poss\u00edvel no caso de servi\u00e7o iniciado no exterior, logo, o momento passa a ser o ato final da presta\u00e7\u00e3o.<\/p>\n\n\n\n<p>Ainda, o inciso XIII parece estranha a reda\u00e7\u00e3o que se refere ao servi\u00e7o de transporte, visto que, se temos um servi\u00e7o de transporte totalmente prestado no exterior, n\u00e3o h\u00e1 de se falar em incid\u00eancia do imposto. Mas fiquem atentos \u00e0 letra da lei.<\/p>\n\n\n\n<p>Vamos para mais um momento do fato gerador para SEFAZ MG.<\/p>\n\n\n\n<p>XIV &#8211; no momento da <strong><mark style=\"background-color:rgba(0, 0, 0, 0)\" class=\"has-inline-color has-vivid-red-color\">transmiss\u00e3o da propriedade<\/mark><\/strong> do bem em decorr\u00eancia da op\u00e7\u00e3o de<strong> <\/strong>compra exercida pelo arrendat\u00e1rio, quando objeto de contrato de arrendamento mercantil;<\/p>\n\n\n\n<p>Sabemos que no caso de arrendamento mercantil, o imposto incide quando se consumar a op\u00e7\u00e3o de compra do bem. Com isso, o momento do fato gerador \u00e9 o da transmiss\u00e3o da propriedade do bem.<\/p>\n\n\n\n<p>No caso da empresa importar um equipamento, por exemplo, por meio de um arrendamento mercantil, o ICMS somente incidir\u00e1 se for realizada a antecipa\u00e7\u00e3o da op\u00e7\u00e3o de compra. Fiquem atentos pois esse assunto possui decis\u00e3o jurisprudencial recente.<\/p>\n\n\n\n<p>I &#8211; no <strong><mark style=\"background-color:rgba(0, 0, 0, 0)\" class=\"has-inline-color has-vivid-red-color\">desembara\u00e7o aduaneiro<\/mark><\/strong> de mercadoria ou bem importados do exterior, observado o disposto no \u00a7 2\u00ba;<\/p>\n\n\n\n<p>\u00a7 1\u00ba. Na hip\u00f3tese do inciso I do <em>caput <\/em>deste artigo:<\/p>\n\n\n\n<p>II &#8211; ocorrendo a <strong><mark style=\"background-color:rgba(0, 0, 0, 0)\" class=\"has-inline-color has-vivid-red-color\">entrega<\/mark><\/strong> da mercadoria ou do bem importados do exterior <strong>antes do desembara\u00e7o<\/strong> aduaneiro, inclusive na hip\u00f3tese de admiss\u00e3o dos mesmos em regime aduaneiro especial que preveja a suspens\u00e3o do Imposto sobre a Importa\u00e7\u00e3o (II) e do Imposto sobre Produtos Industrializados (IPI), considera-se ocorrido o<strong> fato gerador no momento da entrega<\/strong>, devendo a autoridade respons\u00e1vel, salvo disposi\u00e7\u00e3o em contr\u00e1rio deste Regulamento, exigir a comprova\u00e7\u00e3o do pagamento do imposto.<\/p>\n\n\n\n<p>O caso t\u00edpico de importa\u00e7\u00e3o, traz como momento do fato gerador o do DESEMBARA\u00c7O ADUANEIRO. Por\u00e9m, existem situa\u00e7\u00f5es em que a mercadoria \u00e9 entregue antes do desembara\u00e7o, de forma que essa entrega \u00e9 considerada o momento do fato gerador.<\/p>\n\n\n\n<p>Sendo assim, o evento que ocorrer primeiro caracteriza o momento do fato gerador.<\/p>\n\n\n\n<p>XVI &#8211; no <strong><mark style=\"background-color:rgba(0, 0, 0, 0)\" class=\"has-inline-color has-vivid-red-color\">in\u00edcio da presta\u00e7\u00e3o de servi\u00e7o de transporte interestadual<\/mark><\/strong>, nas presta\u00e7\u00f5es n\u00e3o<strong> <\/strong>vinculadas \u00e0 opera\u00e7\u00e3o ou presta\u00e7\u00e3o subsequente, cujo tomador <strong><mark style=\"background-color:rgba(0, 0, 0, 0)\" class=\"has-inline-color has-vivid-cyan-blue-color\">n\u00e3o seja contribuinte<\/mark><\/strong> do imposto domiciliado ou estabelecido no Estado de destino;<\/p>\n\n\n\n<p>XVII &#8211; <strong><mark style=\"background-color:rgba(0, 0, 0, 0)\" class=\"has-inline-color has-vivid-red-color\">da sa\u00edda<\/mark><\/strong>, de estabelecimento de contribuinte, de bem ou mercadoria destinados a<strong> <\/strong>consumidor final <strong><mark style=\"background-color:rgba(0, 0, 0, 0)\" class=\"has-inline-color has-vivid-cyan-blue-color\">n\u00e3o contribuinte<\/mark><\/strong> do imposto domiciliado ou estabelecido em outro Estado.<\/p>\n\n\n\n<p>Percebam que no caso de presta\u00e7\u00e3o de servi\u00e7o ou na circula\u00e7\u00e3o de mercadoria interestadual destinada a tomador ou consumidor final N\u00c3O CONTRIBUINTE, o momento do fato gerador passa a ser <strong>na sa\u00edda<\/strong> da mercadoria ou <strong>in\u00edcio da presta\u00e7\u00e3o<\/strong>.<\/p>\n\n\n\n<p>Pessoal, tentem estabelecer na mente uma correla\u00e7\u00e3o entre os assuntos, pois isso pode facilitar a compreens\u00e3o e memoriza\u00e7\u00e3o de algumas situa\u00e7\u00f5es.<\/p>\n\n\n\n<p>Como sabemos, neste caso, o respons\u00e1vel pelo recolhimento do ICMS ser\u00e1 o remetente da mercadoria ou o prestador do servi\u00e7o. Portanto, nada mais justo do que estabelecer o momento do fato gerador como sendo na sa\u00edda da mercadoria ou no in\u00edcio da presta\u00e7\u00e3o de servi\u00e7o.<\/p>\n\n\n\n<p>X &#8211; no <strong><mark style=\"background-color:rgba(0, 0, 0, 0)\" class=\"has-inline-color has-vivid-red-color\">in\u00edcio da presta\u00e7\u00e3o<\/mark><\/strong> ou da execu\u00e7\u00e3o dos servi\u00e7os de <strong>transporte interestadual ou intermunicipal<\/strong> de bens, mercadorias, valores, pessoas ou passageiros, por qualquer<strong> <\/strong>meio, por pessoa f\u00edsica ou jur\u00eddica, considerando-se prestado ou executado o servi\u00e7o <strong>no momento em que deva ser emitido o documento a ele relativo;<\/strong><\/p>\n\n\n\n<p>Essa \u00e9 a regra geral do momento para o servi\u00e7o de transporte. <\/p>\n\n\n\n<p>Observe que a legisla\u00e7\u00e3o foi al\u00e9m e trouxe como o momento que \u00e9 considerado prestado o servi\u00e7o como o da<strong> emiss\u00e3o do documento <\/strong>referente a ele.<\/p>\n\n\n\n<p>Vamos para o \u00faltimo momento do fato gerador para SEFAZ MG.<\/p>\n\n\n\n<p>XV &#8211; no <strong><mark style=\"background-color:rgba(0, 0, 0, 0)\" class=\"has-inline-color has-vivid-red-color\">momento da sa\u00edda do estabelecimento remetente<\/mark><\/strong>, quando n\u00e3o se efetivar a<strong> <\/strong>exporta\u00e7\u00e3o, nas hip\u00f3teses previstas no inciso I do \u00a7 3\u00ba do art. 5\u00ba deste Regulamento.<\/p>\n\n\n\n<p>Sabemos que quando o contribuinte envia mercadoria para a exporta\u00e7\u00e3o, n\u00e3o h\u00e1 incid\u00eancia do imposto. Contudo, se por algum motivo essa exporta\u00e7\u00e3o n\u00e3o acontecer, o imposto ser\u00e1 considerado devido desde quando saiu do estabelecimento com o fim de ser exportado.<\/p>\n\n\n\n<p>Ademais, a Lei 6.763\/75 diz que <strong>mesmo se houver a perda da mercadoria que seria exportada, n\u00e3o se efetivar a exporta\u00e7\u00e3o no prazo previsto no regulamento ou ocorrer a sua reintrodu\u00e7\u00e3o no mercado interno, incide o imposto <\/strong>no momento da sa\u00edda do estabelecimento remetente.<\/p>\n\n\n\n<p>Por outro lado, se o retorno ao estabelecimento ocorrer em raz\u00e3o de <mark style=\"background-color:rgba(0, 0, 0, 0)\" class=\"has-inline-color has-vivid-cyan-blue-color\"><strong>desfazimento do neg\u00f3cio, n\u00e3o h\u00e1 incid\u00eancia do imposto<\/strong>.<\/mark><\/p>\n\n\n\n<p>Este \u00e9 um inciso importante. Gravem:<\/p>\n\n\n\n<p>No caso de<strong> perda, n\u00e3o se efetivar no prazo, reintrodu\u00e7\u00e3o <\/strong>no mercado interno: <strong><mark style=\"background-color:rgba(0, 0, 0, 0)\" class=\"has-inline-color has-vivid-red-color\">incide o imposto <\/mark><\/strong><\/p>\n\n\n\n<p>No caso de <strong>reintrodu\u00e7\u00e3o por desfazimento do neg\u00f3cio: <mark style=\"background-color:rgba(0, 0, 0, 0)\" class=\"has-inline-color has-vivid-red-color\">n\u00e3o incide o imposto.<\/mark><\/strong><\/p>\n\n\n\n<h2 class=\"wp-block-heading\">Finalizando &#8211; Momento do fato gerador<\/h2>\n\n\n\n<p>Pessoal, esse foi mais um resumo sobre a legisla\u00e7\u00e3o mineira.<\/p>\n\n\n\n<p>Abordamos os<strong> principais pontos referentes ao momento do fato gerador do ICMS para SEFAZ MG,<\/strong> contudo, n\u00e3o deixem de ler a legisla\u00e7\u00e3o para fixar o conhecimento. Esperamos que tenham gostado!<\/p>\n\n\n\n<p>Bons estudos.<\/p>\n\n\n\n<p>At\u00e9 a pr\u00f3xima.<\/p>\n\n\n\n<h3 class=\"has-text-align-center has-cyan-bluish-gray-background-color has-background wp-block-heading\" id=\"h-cursos-sefaz-mg\"><a href=\"https:\/\/www.estrategiaconcursos.com.br\/cursosPorConcurso\/secretaria-da-fazenda-do-estado-de-minas-gerais-sefaz-mg\/\" target=\"_blank\" rel=\"noreferrer noopener\">CURSOS SEFAZ MG<\/a><\/h3>\n\n\n\n<h2 class=\"has-text-align-center wp-block-heading\" id=\"h-quer-saber-tudo-sobre-concursos-previstos-confira-nossos-artigos\">Quer saber tudo sobre concursos previstos?<br \/>Confira nossos artigos<\/h2>\n\n\n\n<p class=\"has-text-align-center has-black-color has-pale-cyan-blue-background-color has-text-color has-background\"><a href=\"https:\/\/www.estrategiaconcursos.com.br\/blog\/concursos-abertos\/\" target=\"_blank\" rel=\"noreferrer noopener\">Concursos abertos<\/a><\/p>\n\n\n\n<p class=\"has-text-align-center has-pale-cyan-blue-background-color has-background\"><a href=\"https:\/\/www.estrategiaconcursos.com.br\/blog\/concursos-2022\/\" target=\"_blank\" rel=\"noreferrer noopener\">Concursos 2022<\/a><\/p>\n\n\n\n<p class=\"has-text-align-center has-pale-cyan-blue-background-color has-background\"><a href=\"https:\/\/www.estrategiaconcursos.com.br\/blog\/concursos-2023\/\" target=\"_blank\" rel=\"noreferrer noopener\">Concursos 2023<\/a><\/p>\n","protected":false},"excerpt":{"rendered":"<p>Neste artigo vamos resumir mais um ponto muito importante acerca do Imposto sobre Circula\u00e7\u00e3o de Mercadoria e Presta\u00e7\u00e3o de Servi\u00e7o de Transporte Interestadual e Intermunicipal e de Comunica\u00e7\u00e3o (ICMS), mais especificamente, vamos abordar o momento do fato gerador.<\/p>\n","protected":false},"author":2459,"featured_media":1082758,"comment_status":"open","ping_status":"closed","sticky":false,"template":"","format":"standard","meta":{"post_tipo":"article","footnotes":""},"categories":[1,1983],"tags":[40,221041],"tax_estado":[219974],"class_list":["post-1082218","post","type-post","status-publish","format-standard","has-post-thumbnail","hentry","category-cursos-e-concursos","category-fiscal-estadual","tag-concurso","tag-sefaz-mg-2","tax_estado-mg"],"acf":[],"yoast_head":"<!-- This site is optimized with the Yoast SEO Premium plugin v27.2 (Yoast SEO v27.2) - https:\/\/yoast.com\/product\/yoast-seo-premium-wordpress\/ -->\n<title>Momento do Fato Gerador do ICMS para SEFAZ MG<\/title>\n<meta name=\"description\" content=\"Resumo a respeito do momento do fato gerador do ICMS na legisla\u00e7\u00e3o mineira para SEFAZ MG. Turbine a sua prepara\u00e7\u00e3o.\" \/>\n<meta name=\"robots\" content=\"index, follow, max-snippet:-1, max-image-preview:large, max-video-preview:-1\" \/>\n<link rel=\"canonical\" href=\"https:\/\/www.estrategiaconcursos.com.br\/blog\/momento-fato-gerador-mg\/\" \/>\n<meta property=\"og:locale\" content=\"pt_BR\" \/>\n<meta property=\"og:type\" content=\"article\" \/>\n<meta property=\"og:title\" content=\"Momento do Fato Gerador do ICMS para SEFAZ MG\" \/>\n<meta property=\"og:description\" content=\"Resumo a respeito do momento do fato gerador do ICMS na legisla\u00e7\u00e3o mineira para SEFAZ MG. Turbine a sua prepara\u00e7\u00e3o.\" \/>\n<meta property=\"og:url\" content=\"https:\/\/www.estrategiaconcursos.com.br\/blog\/momento-fato-gerador-mg\/\" \/>\n<meta property=\"og:site_name\" content=\"Estrat\u00e9gia Concursos\" \/>\n<meta property=\"article:published_time\" content=\"2022-11-04T11:37:00+00:00\" \/>\n<meta property=\"og:image\" content=\"https:\/\/dhg1h5j42swfq.cloudfront.net\/2022\/08\/23164104\/image-337-1024x538-1.png\" \/>\n\t<meta property=\"og:image:width\" content=\"1024\" \/>\n\t<meta property=\"og:image:height\" content=\"538\" \/>\n\t<meta property=\"og:image:type\" content=\"image\/png\" \/>\n<meta name=\"author\" content=\"J\u00e9ssica Luciano Barcelos\" \/>\n<meta name=\"twitter:card\" content=\"summary_large_image\" \/>\n<meta name=\"twitter:creator\" content=\"@EstratConcursos\" \/>\n<meta name=\"twitter:site\" content=\"@EstratConcursos\" \/>\n<meta name=\"twitter:label1\" content=\"Escrito por\" \/>\n\t<meta name=\"twitter:data1\" content=\"J\u00e9ssica Luciano Barcelos\" \/>\n\t<meta name=\"twitter:label2\" content=\"Est. tempo de leitura\" \/>\n\t<meta name=\"twitter:data2\" content=\"12 minutos\" \/>\n<script type=\"application\/ld+json\" class=\"yoast-schema-graph\">{\"@context\":\"https:\/\/schema.org\",\"@graph\":[{\"@type\":\"NewsArticle\",\"@id\":\"https:\/\/www.estrategiaconcursos.com.br\/blog\/momento-fato-gerador-mg\/#article\",\"isPartOf\":{\"@id\":\"https:\/\/www.estrategiaconcursos.com.br\/blog\/momento-fato-gerador-mg\/\"},\"author\":{\"name\":\"J\u00e9ssica Luciano Barcelos\",\"@id\":\"https:\/\/www.estrategiaconcursos.com.br\/blog\/#\/schema\/person\/8207b340097a76d57b0d52dd527d7e53\"},\"headline\":\"Momento do Fato Gerador do ICMS para SEFAZ MG\",\"datePublished\":\"2022-11-04T11:37:00+00:00\",\"mainEntityOfPage\":{\"@id\":\"https:\/\/www.estrategiaconcursos.com.br\/blog\/momento-fato-gerador-mg\/\"},\"wordCount\":2369,\"commentCount\":0,\"publisher\":{\"@id\":\"https:\/\/www.estrategiaconcursos.com.br\/blog\/#organization\"},\"image\":{\"@id\":\"https:\/\/www.estrategiaconcursos.com.br\/blog\/momento-fato-gerador-mg\/#primaryimage\"},\"thumbnailUrl\":\"https:\/\/dhg1h5j42swfq.cloudfront.net\/2022\/08\/23164104\/image-337-1024x538-1.png\",\"keywords\":[\"Concurso\",\"sefaz mg\"],\"articleSection\":[\"Concursos P\u00fablicos\",\"Fiscal - Estadual (ICMS)\"],\"inLanguage\":\"pt-BR\",\"potentialAction\":[{\"@type\":\"CommentAction\",\"name\":\"Comment\",\"target\":[\"https:\/\/www.estrategiaconcursos.com.br\/blog\/momento-fato-gerador-mg\/#respond\"]}],\"copyrightYear\":\"2022\",\"copyrightHolder\":{\"@id\":\"https:\/\/www.estrategiaconcursos.com.br\/blog\/#organization\"}},{\"@type\":\"WebPage\",\"@id\":\"https:\/\/www.estrategiaconcursos.com.br\/blog\/momento-fato-gerador-mg\/\",\"url\":\"https:\/\/www.estrategiaconcursos.com.br\/blog\/momento-fato-gerador-mg\/\",\"name\":\"Momento do Fato Gerador do ICMS para SEFAZ MG\",\"isPartOf\":{\"@id\":\"https:\/\/www.estrategiaconcursos.com.br\/blog\/#website\"},\"primaryImageOfPage\":{\"@id\":\"https:\/\/www.estrategiaconcursos.com.br\/blog\/momento-fato-gerador-mg\/#primaryimage\"},\"image\":{\"@id\":\"https:\/\/www.estrategiaconcursos.com.br\/blog\/momento-fato-gerador-mg\/#primaryimage\"},\"thumbnailUrl\":\"https:\/\/dhg1h5j42swfq.cloudfront.net\/2022\/08\/23164104\/image-337-1024x538-1.png\",\"datePublished\":\"2022-11-04T11:37:00+00:00\",\"description\":\"Resumo a respeito do momento do fato gerador do ICMS na legisla\u00e7\u00e3o mineira para SEFAZ MG. Turbine a sua prepara\u00e7\u00e3o.\",\"breadcrumb\":{\"@id\":\"https:\/\/www.estrategiaconcursos.com.br\/blog\/momento-fato-gerador-mg\/#breadcrumb\"},\"inLanguage\":\"pt-BR\",\"potentialAction\":[{\"@type\":\"ReadAction\",\"target\":[\"https:\/\/www.estrategiaconcursos.com.br\/blog\/momento-fato-gerador-mg\/\"]}]},{\"@type\":\"ImageObject\",\"inLanguage\":\"pt-BR\",\"@id\":\"https:\/\/www.estrategiaconcursos.com.br\/blog\/momento-fato-gerador-mg\/#primaryimage\",\"url\":\"https:\/\/dhg1h5j42swfq.cloudfront.net\/2022\/08\/23164104\/image-337-1024x538-1.png\",\"contentUrl\":\"https:\/\/dhg1h5j42swfq.cloudfront.net\/2022\/08\/23164104\/image-337-1024x538-1.png\",\"width\":1024,\"height\":538},{\"@type\":\"BreadcrumbList\",\"@id\":\"https:\/\/www.estrategiaconcursos.com.br\/blog\/momento-fato-gerador-mg\/#breadcrumb\",\"itemListElement\":[{\"@type\":\"ListItem\",\"position\":1,\"name\":\"In\u00edcio\",\"item\":\"https:\/\/www.estrategiaconcursos.com.br\/blog\/\"},{\"@type\":\"ListItem\",\"position\":2,\"name\":\"Momento do Fato Gerador do ICMS para SEFAZ MG\"}]},{\"@type\":\"WebSite\",\"@id\":\"https:\/\/www.estrategiaconcursos.com.br\/blog\/#website\",\"url\":\"https:\/\/www.estrategiaconcursos.com.br\/blog\/\",\"name\":\"Estrat\u00e9gia Concursos\",\"description\":\"O blog da Estrat\u00e9gia Concursos traz not\u00edcias sobre concursos e artigos de professores oferecendo cursos para concursos (pdf + videaulas) no site.\",\"publisher\":{\"@id\":\"https:\/\/www.estrategiaconcursos.com.br\/blog\/#organization\"},\"potentialAction\":[{\"@type\":\"SearchAction\",\"target\":{\"@type\":\"EntryPoint\",\"urlTemplate\":\"https:\/\/www.estrategiaconcursos.com.br\/blog\/?s={search_term_string}\"},\"query-input\":{\"@type\":\"PropertyValueSpecification\",\"valueRequired\":true,\"valueName\":\"search_term_string\"}}],\"inLanguage\":\"pt-BR\"},{\"@type\":\"Organization\",\"@id\":\"https:\/\/www.estrategiaconcursos.com.br\/blog\/#organization\",\"name\":\"Estrat\u00e9gia Concursos\",\"url\":\"https:\/\/www.estrategiaconcursos.com.br\/blog\/\",\"logo\":{\"@type\":\"ImageObject\",\"inLanguage\":\"pt-BR\",\"@id\":\"https:\/\/www.estrategiaconcursos.com.br\/blog\/#\/schema\/logo\/image\/\",\"url\":\"https:\/\/dhg1h5j42swfq.cloudfront.net\/2025\/06\/03203428\/logo_concursos-1.jpg\",\"contentUrl\":\"https:\/\/dhg1h5j42swfq.cloudfront.net\/2025\/06\/03203428\/logo_concursos-1.jpg\",\"width\":230,\"height\":60,\"caption\":\"Estrat\u00e9gia Concursos\"},\"image\":{\"@id\":\"https:\/\/www.estrategiaconcursos.com.br\/blog\/#\/schema\/logo\/image\/\"},\"sameAs\":[\"https:\/\/x.com\/EstratConcursos\"]},{\"@type\":\"Person\",\"@id\":\"https:\/\/www.estrategiaconcursos.com.br\/blog\/#\/schema\/person\/8207b340097a76d57b0d52dd527d7e53\",\"name\":\"J\u00e9ssica Luciano Barcelos\",\"image\":{\"@type\":\"ImageObject\",\"inLanguage\":\"pt-BR\",\"@id\":\"https:\/\/secure.gravatar.com\/avatar\/feaa24cba2d6d73f21c019e05c8bff471043b1db62437f2c2e5112e2f3773495?s=96&d=mm&r=g\",\"url\":\"https:\/\/secure.gravatar.com\/avatar\/feaa24cba2d6d73f21c019e05c8bff471043b1db62437f2c2e5112e2f3773495?s=96&d=mm&r=g\",\"contentUrl\":\"https:\/\/secure.gravatar.com\/avatar\/feaa24cba2d6d73f21c019e05c8bff471043b1db62437f2c2e5112e2f3773495?s=96&d=mm&r=g\",\"caption\":\"J\u00e9ssica Luciano Barcelos\"},\"description\":\"Formada em Engenharia Civil pela Universidade Federal dos Vales do Jequitinhonha e Mucuri (UFVJM). Aprovada para Auditora Fiscal da SEFAZ AM em 2022.\",\"sameAs\":[\"https:\/\/www.instagram.com\/jessicalbarcelos\/\",\"https:\/\/www.linkedin.com\/in\/jssica-barcelos-580594143\/\"],\"worksFor\":\"J\u00c9SSICA LUCIANO BARCELOS\",\"url\":\"https:\/\/www.estrategiaconcursos.com.br\/blog\/author\/jessicalbarcelosgmail-com\/\"}]}<\/script>\n<!-- \/ Yoast SEO Premium plugin. -->","yoast_head_json":{"title":"Momento do Fato Gerador do ICMS para SEFAZ MG","description":"Resumo a respeito do momento do fato gerador do ICMS na legisla\u00e7\u00e3o mineira para SEFAZ MG. Turbine a sua prepara\u00e7\u00e3o.","robots":{"index":"index","follow":"follow","max-snippet":"max-snippet:-1","max-image-preview":"max-image-preview:large","max-video-preview":"max-video-preview:-1"},"canonical":"https:\/\/www.estrategiaconcursos.com.br\/blog\/momento-fato-gerador-mg\/","og_locale":"pt_BR","og_type":"article","og_title":"Momento do Fato Gerador do ICMS para SEFAZ MG","og_description":"Resumo a respeito do momento do fato gerador do ICMS na legisla\u00e7\u00e3o mineira para SEFAZ MG. Turbine a sua prepara\u00e7\u00e3o.","og_url":"https:\/\/www.estrategiaconcursos.com.br\/blog\/momento-fato-gerador-mg\/","og_site_name":"Estrat\u00e9gia Concursos","article_published_time":"2022-11-04T11:37:00+00:00","og_image":[{"width":1024,"height":538,"url":"https:\/\/dhg1h5j42swfq.cloudfront.net\/2022\/08\/23164104\/image-337-1024x538-1.png","type":"image\/png"}],"author":"J\u00e9ssica Luciano Barcelos","twitter_card":"summary_large_image","twitter_creator":"@EstratConcursos","twitter_site":"@EstratConcursos","twitter_misc":{"Escrito por":"J\u00e9ssica Luciano Barcelos","Est. tempo de leitura":"12 minutos"},"schema":{"@context":"https:\/\/schema.org","@graph":[{"@type":"NewsArticle","@id":"https:\/\/www.estrategiaconcursos.com.br\/blog\/momento-fato-gerador-mg\/#article","isPartOf":{"@id":"https:\/\/www.estrategiaconcursos.com.br\/blog\/momento-fato-gerador-mg\/"},"author":{"name":"J\u00e9ssica Luciano Barcelos","@id":"https:\/\/www.estrategiaconcursos.com.br\/blog\/#\/schema\/person\/8207b340097a76d57b0d52dd527d7e53"},"headline":"Momento do Fato Gerador do ICMS para SEFAZ MG","datePublished":"2022-11-04T11:37:00+00:00","mainEntityOfPage":{"@id":"https:\/\/www.estrategiaconcursos.com.br\/blog\/momento-fato-gerador-mg\/"},"wordCount":2369,"commentCount":0,"publisher":{"@id":"https:\/\/www.estrategiaconcursos.com.br\/blog\/#organization"},"image":{"@id":"https:\/\/www.estrategiaconcursos.com.br\/blog\/momento-fato-gerador-mg\/#primaryimage"},"thumbnailUrl":"https:\/\/dhg1h5j42swfq.cloudfront.net\/2022\/08\/23164104\/image-337-1024x538-1.png","keywords":["Concurso","sefaz mg"],"articleSection":["Concursos P\u00fablicos","Fiscal - Estadual (ICMS)"],"inLanguage":"pt-BR","potentialAction":[{"@type":"CommentAction","name":"Comment","target":["https:\/\/www.estrategiaconcursos.com.br\/blog\/momento-fato-gerador-mg\/#respond"]}],"copyrightYear":"2022","copyrightHolder":{"@id":"https:\/\/www.estrategiaconcursos.com.br\/blog\/#organization"}},{"@type":"WebPage","@id":"https:\/\/www.estrategiaconcursos.com.br\/blog\/momento-fato-gerador-mg\/","url":"https:\/\/www.estrategiaconcursos.com.br\/blog\/momento-fato-gerador-mg\/","name":"Momento do Fato Gerador do ICMS para SEFAZ MG","isPartOf":{"@id":"https:\/\/www.estrategiaconcursos.com.br\/blog\/#website"},"primaryImageOfPage":{"@id":"https:\/\/www.estrategiaconcursos.com.br\/blog\/momento-fato-gerador-mg\/#primaryimage"},"image":{"@id":"https:\/\/www.estrategiaconcursos.com.br\/blog\/momento-fato-gerador-mg\/#primaryimage"},"thumbnailUrl":"https:\/\/dhg1h5j42swfq.cloudfront.net\/2022\/08\/23164104\/image-337-1024x538-1.png","datePublished":"2022-11-04T11:37:00+00:00","description":"Resumo a respeito do momento do fato gerador do ICMS na legisla\u00e7\u00e3o mineira para SEFAZ MG. Turbine a sua prepara\u00e7\u00e3o.","breadcrumb":{"@id":"https:\/\/www.estrategiaconcursos.com.br\/blog\/momento-fato-gerador-mg\/#breadcrumb"},"inLanguage":"pt-BR","potentialAction":[{"@type":"ReadAction","target":["https:\/\/www.estrategiaconcursos.com.br\/blog\/momento-fato-gerador-mg\/"]}]},{"@type":"ImageObject","inLanguage":"pt-BR","@id":"https:\/\/www.estrategiaconcursos.com.br\/blog\/momento-fato-gerador-mg\/#primaryimage","url":"https:\/\/dhg1h5j42swfq.cloudfront.net\/2022\/08\/23164104\/image-337-1024x538-1.png","contentUrl":"https:\/\/dhg1h5j42swfq.cloudfront.net\/2022\/08\/23164104\/image-337-1024x538-1.png","width":1024,"height":538},{"@type":"BreadcrumbList","@id":"https:\/\/www.estrategiaconcursos.com.br\/blog\/momento-fato-gerador-mg\/#breadcrumb","itemListElement":[{"@type":"ListItem","position":1,"name":"In\u00edcio","item":"https:\/\/www.estrategiaconcursos.com.br\/blog\/"},{"@type":"ListItem","position":2,"name":"Momento do Fato Gerador do ICMS para SEFAZ MG"}]},{"@type":"WebSite","@id":"https:\/\/www.estrategiaconcursos.com.br\/blog\/#website","url":"https:\/\/www.estrategiaconcursos.com.br\/blog\/","name":"Estrat\u00e9gia Concursos","description":"O blog da Estrat\u00e9gia Concursos traz not\u00edcias sobre concursos e artigos de professores oferecendo cursos para concursos (pdf + videaulas) no site.","publisher":{"@id":"https:\/\/www.estrategiaconcursos.com.br\/blog\/#organization"},"potentialAction":[{"@type":"SearchAction","target":{"@type":"EntryPoint","urlTemplate":"https:\/\/www.estrategiaconcursos.com.br\/blog\/?s={search_term_string}"},"query-input":{"@type":"PropertyValueSpecification","valueRequired":true,"valueName":"search_term_string"}}],"inLanguage":"pt-BR"},{"@type":"Organization","@id":"https:\/\/www.estrategiaconcursos.com.br\/blog\/#organization","name":"Estrat\u00e9gia Concursos","url":"https:\/\/www.estrategiaconcursos.com.br\/blog\/","logo":{"@type":"ImageObject","inLanguage":"pt-BR","@id":"https:\/\/www.estrategiaconcursos.com.br\/blog\/#\/schema\/logo\/image\/","url":"https:\/\/dhg1h5j42swfq.cloudfront.net\/2025\/06\/03203428\/logo_concursos-1.jpg","contentUrl":"https:\/\/dhg1h5j42swfq.cloudfront.net\/2025\/06\/03203428\/logo_concursos-1.jpg","width":230,"height":60,"caption":"Estrat\u00e9gia Concursos"},"image":{"@id":"https:\/\/www.estrategiaconcursos.com.br\/blog\/#\/schema\/logo\/image\/"},"sameAs":["https:\/\/x.com\/EstratConcursos"]},{"@type":"Person","@id":"https:\/\/www.estrategiaconcursos.com.br\/blog\/#\/schema\/person\/8207b340097a76d57b0d52dd527d7e53","name":"J\u00e9ssica Luciano Barcelos","image":{"@type":"ImageObject","inLanguage":"pt-BR","@id":"https:\/\/secure.gravatar.com\/avatar\/feaa24cba2d6d73f21c019e05c8bff471043b1db62437f2c2e5112e2f3773495?s=96&d=mm&r=g","url":"https:\/\/secure.gravatar.com\/avatar\/feaa24cba2d6d73f21c019e05c8bff471043b1db62437f2c2e5112e2f3773495?s=96&d=mm&r=g","contentUrl":"https:\/\/secure.gravatar.com\/avatar\/feaa24cba2d6d73f21c019e05c8bff471043b1db62437f2c2e5112e2f3773495?s=96&d=mm&r=g","caption":"J\u00e9ssica Luciano Barcelos"},"description":"Formada em Engenharia Civil pela Universidade Federal dos Vales do Jequitinhonha e Mucuri (UFVJM). Aprovada para Auditora Fiscal da SEFAZ AM em 2022.","sameAs":["https:\/\/www.instagram.com\/jessicalbarcelos\/","https:\/\/www.linkedin.com\/in\/jssica-barcelos-580594143\/"],"worksFor":"J\u00c9SSICA LUCIANO BARCELOS","url":"https:\/\/www.estrategiaconcursos.com.br\/blog\/author\/jessicalbarcelosgmail-com\/"}]}},"_links":{"self":[{"href":"https:\/\/www.estrategiaconcursos.com.br\/blog\/wp-json\/wp\/v2\/posts\/1082218","targetHints":{"allow":["GET"]}}],"collection":[{"href":"https:\/\/www.estrategiaconcursos.com.br\/blog\/wp-json\/wp\/v2\/posts"}],"about":[{"href":"https:\/\/www.estrategiaconcursos.com.br\/blog\/wp-json\/wp\/v2\/types\/post"}],"author":[{"embeddable":true,"href":"https:\/\/www.estrategiaconcursos.com.br\/blog\/wp-json\/wp\/v2\/users\/2459"}],"replies":[{"embeddable":true,"href":"https:\/\/www.estrategiaconcursos.com.br\/blog\/wp-json\/wp\/v2\/comments?post=1082218"}],"version-history":[{"count":11,"href":"https:\/\/www.estrategiaconcursos.com.br\/blog\/wp-json\/wp\/v2\/posts\/1082218\/revisions"}],"predecessor-version":[{"id":1114687,"href":"https:\/\/www.estrategiaconcursos.com.br\/blog\/wp-json\/wp\/v2\/posts\/1082218\/revisions\/1114687"}],"wp:featuredmedia":[{"embeddable":true,"href":"https:\/\/www.estrategiaconcursos.com.br\/blog\/wp-json\/wp\/v2\/media\/1082758"}],"wp:attachment":[{"href":"https:\/\/www.estrategiaconcursos.com.br\/blog\/wp-json\/wp\/v2\/media?parent=1082218"}],"wp:term":[{"taxonomy":"category","embeddable":true,"href":"https:\/\/www.estrategiaconcursos.com.br\/blog\/wp-json\/wp\/v2\/categories?post=1082218"},{"taxonomy":"post_tag","embeddable":true,"href":"https:\/\/www.estrategiaconcursos.com.br\/blog\/wp-json\/wp\/v2\/tags?post=1082218"},{"taxonomy":"tax_estado","embeddable":true,"href":"https:\/\/www.estrategiaconcursos.com.br\/blog\/wp-json\/wp\/v2\/tax_estado?post=1082218"}],"curies":[{"name":"wp","href":"https:\/\/api.w.org\/{rel}","templated":true}]}}