{"id":1081945,"date":"2022-08-22T14:13:19","date_gmt":"2022-08-22T17:13:19","guid":{"rendered":"https:\/\/www.estrategiaconcursos.com.br\/blog\/?p=1081945"},"modified":"2022-08-22T15:04:30","modified_gmt":"2022-08-22T18:04:30","slug":"concurso-sefaz-ap-inscritos","status":"publish","type":"post","link":"https:\/\/www.estrategiaconcursos.com.br\/blog\/concurso-sefaz-ap-inscritos\/","title":{"rendered":"Concurso Sefaz AP: 9.730\u00a0inscritos para as provas de setembro"},"content":{"rendered":"\n<h3 class=\"wp-block-heading\"><em>Provas objetivas ser\u00e3o aplicadas nos dias 18 e 25 de setembro<\/em><\/h3>\n\n\n\n<p>A Funda\u00e7\u00e3o Carlos Chagas (FCC) aplica, em setembro, as provas objetivas para<strong>&nbsp;9.730 candidatos inscritos nos cargos do concurso Sefaz AP<\/strong>. A sele\u00e7\u00e3o oferta 250 vagas em CR com sal\u00e1rios iniciais de R$ 22.019,25.<\/p>\n\n\n\n<p>O quantitativo de inscritos foi divulgado pela Secretaria de Estado de Administra\u00e7\u00e3o (Sead). Deste total, 4.414 concorrem ao cargo de <a href=\"https:\/\/www.estrategiaconcursos.com.br\/curso\/sefaz-ap-auditor-fiscal-da-receita-estadual-e-fiscal-da-receita-estadual-pacotaco-pacote-teorico-pacote-teorico-passo-estrategico-2022-pos-edital\/\" target=\"_blank\" rel=\"noreferrer noopener\">auditor<\/a> e 5.316 para o cargo de <a href=\"https:\/\/www.estrategiaconcursos.com.br\/curso\/sefaz-ap-auditor-fiscal-da-receita-estadual-e-fiscal-da-receita-estadual-pacotaco-pacote-teorico-pacote-teorico-passo-estrategico-2022-pos-edital\/\" target=\"_blank\" rel=\"noreferrer noopener\">fiscal da Receita Estadual<\/a>.<\/p>\n\n\n\n<p>As avalia\u00e7\u00f5es, de car\u00e1ter eliminat\u00f3rio e classificat\u00f3rio, est\u00e3o marcadas para os dias <strong>18 e 25 de setembro<em>.<\/em><\/strong><\/p>\n\n\n\n<figure class=\"wp-block-image aligncenter size-full\"><img loading=\"lazy\" decoding=\"async\" width=\"810\" height=\"540\" src=\"https:\/\/dhg1h5j42swfq.cloudfront.net\/2022\/08\/22140454\/concursos.jpg\" alt=\"Concurso Sefaz AP registra 9.730\u00a0candidatos inscritos no certame\" class=\"wp-image-1081961\" srcset=\"https:\/\/dhg1h5j42swfq.cloudfront.net\/2022\/08\/22140454\/concursos.jpg 810w, https:\/\/dhg1h5j42swfq.cloudfront.net\/2022\/08\/22140454\/concursos-300x200.jpg 300w, https:\/\/dhg1h5j42swfq.cloudfront.net\/2022\/08\/22140454\/concursos-768x512.jpg 768w, https:\/\/dhg1h5j42swfq.cloudfront.net\/2022\/08\/22140454\/concursos-610x407.jpg 610w, https:\/\/dhg1h5j42swfq.cloudfront.net\/2022\/08\/22140454\/concursos-150x100.jpg 150w\" sizes=\"auto, (max-width: 810px) 100vw, 810px\" \/><figcaption>Concurso Sefaz AP registra 9.730&nbsp;candidatos inscritos no site da <a href=\"https:\/\/www.concursosfcc.com.br\/\" target=\"_blank\" rel=\"noreferrer noopener\">FCC<\/a><\/figcaption><\/figure>\n\n\n\n<p>Importante frisar que a primeira fase do concurso Sefaz AP acontecer\u00e1 no dia <strong>18 de setembro<\/strong>, no per\u00edodo da manh\u00e3, com a prova de Conhecimentos Gerais e, no per\u00edodo da tarde, a Conhecimentos Espec\u00edficos para o cargo de <strong>fiscal<\/strong>.<\/p>\n\n\n\n<p>J\u00e1 para o cargo de <strong>auditor<\/strong>, os exames ocorrer\u00e3o no dia <strong>25 de setembro<\/strong>, com provas de Conhecimentos Gerais e de Conhecimentos Espec\u00edficos, nos turnos da manh\u00e3 e tarde, respectivamente.<\/p>\n\n\n\n<p>Para ambos os cargos, ser\u00e1 considerado habilitado na primeira fase o candidato que obtiver, no m\u00ednimo, 60% de acertos nas provas de Conhecimentos Gerais e 60% de acertos na prova de Conhecimentos Espec\u00edficos. <\/p>\n\n\n\n<p>Para a aprova\u00e7\u00e3o, tamb\u00e9m \u00e9 necess\u00e1rio nota maior que zero em cada disciplina; e estiver classificado at\u00e9 a posi\u00e7\u00e3o-limite de classifica\u00e7\u00e3o estabelecida no edital.<\/p>\n\n\n\n<p>As demais fases do certame consistem em exame documental, exame de sa\u00fade e Programa de Forma\u00e7\u00e3o, todas com car\u00e1ter eliminat\u00f3rio.<\/p>\n\n\n\n<p>Ficou interessado nas informa\u00e7\u00f5es dispon\u00edveis at\u00e9 aqui? Quer saber mais acerca das provas do concurso Sefaz AP, bem como das demais disposi\u00e7\u00f5es do edital? Ent\u00e3o acesse agora mesmo o link abaixo:<\/p>\n\n\n\n<p class=\"has-text-align-center has-background\" style=\"background-color:#e9f5ff;font-size:clamp(14.642px, 0.915rem + ((1vw - 3.2px) * 0.721), 22px);\"><strong>Saiba mais: <a href=\"https:\/\/www.estrategiaconcursos.com.br\/blog\/concurso-sefaz-ap\/\" target=\"_blank\" rel=\"noreferrer noopener\">Concurso Sefaz AP<\/a><\/strong><\/p>\n\n\n\n<h2 class=\"has-text-align-center wp-block-heading\" id=\"cursos-assinatura\"><em>Quer estudar para o concurso Sefaz AP?<\/em><\/h2>\n\n\n\n<div class=\"container\" id=\"boxes\">\n  <div class=\"row\">\n\n    <div class=\"col-sm\">\n      <div class=\"banner-fiscal-01\" id=\"box-assinatura\">\n        <h3 class=\"titulo-assinatura\">Concurso Sefaz AP<\/h3>\n        <p class=\"subtitulo-assinatura\">Estude conosco<\/p>\n        <div class=\"box-botao\">\n          <a class=\"btn-assinatura\" target=\"_blank\" href=\"https:\/\/www.estrategiaconcursos.com.br\/cursosPorConcurso\/secretaria-de-estado-da-fazenda-do-amapa-sefaz-ap\/\" role=\"button\" rel=\"noopener noreferrer\">Conhe\u00e7a os cursos<\/a>\n        <\/div>\n      <\/div>\n      \n    <\/div>\n\n  <\/div>\n<\/div>\n\n\n\n<div class=\"container\" id=\"boxes\">\n  <div class=\"row\">\n\n    <div class=\"col-sm\">\n      <div class=\"estrategia\" id=\"box-assinatura\">\n        <h3 class=\"titulo-assinatura\">Assinatura Concursos<\/h3>\n        <p class=\"subtitulo-assinatura\">Assinatura de 1 ano ou 2 anos<\/p>\n        <div class=\"box-botao\">\n          <a class=\"btn-assinatura\" target=\"_blank\" href=\"https:\/\/www.estrategiaconcursos.com.br\/assinaturas\/\" role=\"button\" rel=\"noopener noreferrer\">ASSINE AGORA<\/a>\n        <\/div>\n      <\/div><\/div><\/div><\/div>\n\n\n\n<h2 class=\"has-text-align-center wp-block-heading\" id=\"h-quer-saber-tudo-sobre-concursos-previstos-confira-nossos-artigos\">Quer saber tudo sobre concursos previstos?<br \/>Confira  nossos artigos!<\/h2>\n\n\n\n<ul class=\"wp-block-list\"><li><a href=\"https:\/\/www.estrategiaconcursos.com.br\/blog\/concursos-abertos\/\" target=\"_blank\" rel=\"noreferrer noopener\">Concursos abertos<\/a><\/li><li><a href=\"https:\/\/www.estrategiaconcursos.com.br\/blog\/concursos-2022\/\" target=\"_blank\" rel=\"noreferrer noopener\">Concursos 2022<\/a><\/li><li><a href=\"https:\/\/www.estrategiaconcursos.com.br\/blog\/concursos-2023\/\" target=\"_blank\" rel=\"noreferrer noopener\">Concursos 2023<\/a><\/li><\/ul>\n","protected":false},"excerpt":{"rendered":"<p>Provas objetivas ser\u00e3o aplicadas nos dias 18 e 25 de setembro A Funda\u00e7\u00e3o Carlos Chagas (FCC) aplica, em setembro, as provas objetivas para&nbsp;9.730 candidatos inscritos nos cargos do concurso Sefaz AP. A sele\u00e7\u00e3o oferta 250 vagas em CR com sal\u00e1rios iniciais de R$ 22.019,25. O quantitativo de inscritos foi divulgado pela Secretaria de Estado de [&hellip;]<\/p>\n","protected":false},"author":656,"featured_media":1064248,"comment_status":"open","ping_status":"closed","sticky":false,"template":"","format":"standard","meta":{"post_tipo":"news","footnotes":""},"categories":[1983,220219],"tags":[],"tax_estado":[219967],"class_list":["post-1081945","post","type-post","status-publish","format-standard","has-post-thumbnail","hentry","category-fiscal-estadual","category-noticias","tax_estado-ap"],"acf":[],"yoast_head":"<!-- This site is optimized with the Yoast SEO Premium plugin v27.2 (Yoast SEO v27.2) - https:\/\/yoast.com\/product\/yoast-seo-premium-wordpress\/ -->\n<title>Concurso Sefaz AP: 9.730\u00a0inscritos para as provas de setembro<\/title>\n<meta name=\"description\" content=\"Concurso Sefaz AP registra 9.730\u00a0candidatos inscritos nos cargos de auditor e fiscal, com iniciais de R$ 22 mil. Provas em setembro!\" \/>\n<meta name=\"robots\" content=\"index, follow, max-snippet:-1, max-image-preview:large, max-video-preview:-1\" \/>\n<link rel=\"canonical\" href=\"https:\/\/www.estrategiaconcursos.com.br\/blog\/concurso-sefaz-ap-inscritos\/\" \/>\n<meta property=\"og:locale\" content=\"pt_BR\" \/>\n<meta property=\"og:type\" content=\"article\" \/>\n<meta property=\"og:title\" content=\"Concurso Sefaz AP: 9.730\u00a0inscritos para as provas de setembro\" \/>\n<meta property=\"og:description\" content=\"Concurso Sefaz AP registra 9.730\u00a0candidatos inscritos nos cargos de auditor e fiscal, com iniciais de R$ 22 mil. Provas em setembro!\" \/>\n<meta property=\"og:url\" content=\"https:\/\/www.estrategiaconcursos.com.br\/blog\/concurso-sefaz-ap-inscritos\/\" \/>\n<meta property=\"og:site_name\" content=\"Estrat\u00e9gia Concursos\" \/>\n<meta property=\"article:published_time\" content=\"2022-08-22T17:13:19+00:00\" \/>\n<meta property=\"article:modified_time\" content=\"2022-08-22T18:04:30+00:00\" \/>\n<meta property=\"og:image\" content=\"https:\/\/dhg1h5j42swfq.cloudfront.net\/2022\/07\/20153148\/sefaz-ap.jpg\" \/>\n\t<meta property=\"og:image:width\" content=\"768\" \/>\n\t<meta property=\"og:image:height\" content=\"432\" \/>\n\t<meta property=\"og:image:type\" content=\"image\/jpeg\" \/>\n<meta name=\"author\" content=\"F\u00e1bio Scaldelai\" \/>\n<meta name=\"twitter:card\" content=\"summary_large_image\" \/>\n<meta name=\"twitter:creator\" content=\"@EstratConcursos\" \/>\n<meta name=\"twitter:site\" content=\"@EstratConcursos\" \/>\n<meta name=\"twitter:label1\" content=\"Escrito por\" \/>\n\t<meta name=\"twitter:data1\" content=\"F\u00e1bio Scaldelai\" \/>\n\t<meta name=\"twitter:label2\" content=\"Est. tempo de leitura\" \/>\n\t<meta name=\"twitter:data2\" content=\"2 minutos\" \/>\n<script type=\"application\/ld+json\" class=\"yoast-schema-graph\">{\"@context\":\"https:\/\/schema.org\",\"@graph\":[{\"@type\":\"NewsArticle\",\"@id\":\"https:\/\/www.estrategiaconcursos.com.br\/blog\/concurso-sefaz-ap-inscritos\/#article\",\"isPartOf\":{\"@id\":\"https:\/\/www.estrategiaconcursos.com.br\/blog\/concurso-sefaz-ap-inscritos\/\"},\"author\":{\"name\":\"F\u00e1bio Scaldelai\",\"@id\":\"https:\/\/www.estrategiaconcursos.com.br\/blog\/#\/schema\/person\/e3b6b7ce0192dd4ad270655969d61750\"},\"headline\":\"Concurso Sefaz AP: 9.730\u00a0inscritos para as provas de setembro\",\"datePublished\":\"2022-08-22T17:13:19+00:00\",\"dateModified\":\"2022-08-22T18:04:30+00:00\",\"mainEntityOfPage\":{\"@id\":\"https:\/\/www.estrategiaconcursos.com.br\/blog\/concurso-sefaz-ap-inscritos\/\"},\"wordCount\":350,\"commentCount\":0,\"publisher\":{\"@id\":\"https:\/\/www.estrategiaconcursos.com.br\/blog\/#organization\"},\"image\":{\"@id\":\"https:\/\/www.estrategiaconcursos.com.br\/blog\/concurso-sefaz-ap-inscritos\/#primaryimage\"},\"thumbnailUrl\":\"https:\/\/dhg1h5j42swfq.cloudfront.net\/2022\/07\/20153148\/sefaz-ap.jpg\",\"articleSection\":[\"Fiscal - Estadual (ICMS)\",\"\u00daltimas not\u00edcias\"],\"inLanguage\":\"pt-BR\",\"potentialAction\":[{\"@type\":\"CommentAction\",\"name\":\"Comment\",\"target\":[\"https:\/\/www.estrategiaconcursos.com.br\/blog\/concurso-sefaz-ap-inscritos\/#respond\"]}],\"copyrightYear\":\"2022\",\"copyrightHolder\":{\"@id\":\"https:\/\/www.estrategiaconcursos.com.br\/blog\/#organization\"}},{\"@type\":\"WebPage\",\"@id\":\"https:\/\/www.estrategiaconcursos.com.br\/blog\/concurso-sefaz-ap-inscritos\/\",\"url\":\"https:\/\/www.estrategiaconcursos.com.br\/blog\/concurso-sefaz-ap-inscritos\/\",\"name\":\"Concurso Sefaz AP: 9.730\u00a0inscritos para as provas de setembro\",\"isPartOf\":{\"@id\":\"https:\/\/www.estrategiaconcursos.com.br\/blog\/#website\"},\"primaryImageOfPage\":{\"@id\":\"https:\/\/www.estrategiaconcursos.com.br\/blog\/concurso-sefaz-ap-inscritos\/#primaryimage\"},\"image\":{\"@id\":\"https:\/\/www.estrategiaconcursos.com.br\/blog\/concurso-sefaz-ap-inscritos\/#primaryimage\"},\"thumbnailUrl\":\"https:\/\/dhg1h5j42swfq.cloudfront.net\/2022\/07\/20153148\/sefaz-ap.jpg\",\"datePublished\":\"2022-08-22T17:13:19+00:00\",\"dateModified\":\"2022-08-22T18:04:30+00:00\",\"description\":\"Concurso Sefaz AP registra 9.730\u00a0candidatos inscritos nos cargos de auditor e fiscal, com iniciais de R$ 22 mil. Provas em setembro!\",\"breadcrumb\":{\"@id\":\"https:\/\/www.estrategiaconcursos.com.br\/blog\/concurso-sefaz-ap-inscritos\/#breadcrumb\"},\"inLanguage\":\"pt-BR\",\"potentialAction\":[{\"@type\":\"ReadAction\",\"target\":[\"https:\/\/www.estrategiaconcursos.com.br\/blog\/concurso-sefaz-ap-inscritos\/\"]}]},{\"@type\":\"ImageObject\",\"inLanguage\":\"pt-BR\",\"@id\":\"https:\/\/www.estrategiaconcursos.com.br\/blog\/concurso-sefaz-ap-inscritos\/#primaryimage\",\"url\":\"https:\/\/dhg1h5j42swfq.cloudfront.net\/2022\/07\/20153148\/sefaz-ap.jpg\",\"contentUrl\":\"https:\/\/dhg1h5j42swfq.cloudfront.net\/2022\/07\/20153148\/sefaz-ap.jpg\",\"width\":768,\"height\":432,\"caption\":\"Concurso Sefaz AP inscritos\"},{\"@type\":\"BreadcrumbList\",\"@id\":\"https:\/\/www.estrategiaconcursos.com.br\/blog\/concurso-sefaz-ap-inscritos\/#breadcrumb\",\"itemListElement\":[{\"@type\":\"ListItem\",\"position\":1,\"name\":\"In\u00edcio\",\"item\":\"https:\/\/www.estrategiaconcursos.com.br\/blog\/\"},{\"@type\":\"ListItem\",\"position\":2,\"name\":\"Concurso Sefaz AP: 9.730\u00a0inscritos para as provas de setembro\"}]},{\"@type\":\"WebSite\",\"@id\":\"https:\/\/www.estrategiaconcursos.com.br\/blog\/#website\",\"url\":\"https:\/\/www.estrategiaconcursos.com.br\/blog\/\",\"name\":\"Estrat\u00e9gia Concursos\",\"description\":\"O blog da Estrat\u00e9gia Concursos traz not\u00edcias sobre concursos e artigos de professores oferecendo cursos para concursos (pdf + videaulas) no site.\",\"publisher\":{\"@id\":\"https:\/\/www.estrategiaconcursos.com.br\/blog\/#organization\"},\"potentialAction\":[{\"@type\":\"SearchAction\",\"target\":{\"@type\":\"EntryPoint\",\"urlTemplate\":\"https:\/\/www.estrategiaconcursos.com.br\/blog\/?s={search_term_string}\"},\"query-input\":{\"@type\":\"PropertyValueSpecification\",\"valueRequired\":true,\"valueName\":\"search_term_string\"}}],\"inLanguage\":\"pt-BR\"},{\"@type\":\"Organization\",\"@id\":\"https:\/\/www.estrategiaconcursos.com.br\/blog\/#organization\",\"name\":\"Estrat\u00e9gia Concursos\",\"url\":\"https:\/\/www.estrategiaconcursos.com.br\/blog\/\",\"logo\":{\"@type\":\"ImageObject\",\"inLanguage\":\"pt-BR\",\"@id\":\"https:\/\/www.estrategiaconcursos.com.br\/blog\/#\/schema\/logo\/image\/\",\"url\":\"https:\/\/dhg1h5j42swfq.cloudfront.net\/2025\/06\/03203428\/logo_concursos-1.jpg\",\"contentUrl\":\"https:\/\/dhg1h5j42swfq.cloudfront.net\/2025\/06\/03203428\/logo_concursos-1.jpg\",\"width\":230,\"height\":60,\"caption\":\"Estrat\u00e9gia Concursos\"},\"image\":{\"@id\":\"https:\/\/www.estrategiaconcursos.com.br\/blog\/#\/schema\/logo\/image\/\"},\"sameAs\":[\"https:\/\/x.com\/EstratConcursos\"]},{\"@type\":\"Person\",\"@id\":\"https:\/\/www.estrategiaconcursos.com.br\/blog\/#\/schema\/person\/e3b6b7ce0192dd4ad270655969d61750\",\"name\":\"F\u00e1bio Scaldelai\",\"image\":{\"@type\":\"ImageObject\",\"inLanguage\":\"pt-BR\",\"@id\":\"https:\/\/secure.gravatar.com\/avatar\/8ed7492c4d88d8495bc0cb24cda6847b8ae23eec459a919e08e77d0ca0fd79ec?s=96&d=mm&r=g\",\"url\":\"https:\/\/secure.gravatar.com\/avatar\/8ed7492c4d88d8495bc0cb24cda6847b8ae23eec459a919e08e77d0ca0fd79ec?s=96&d=mm&r=g\",\"contentUrl\":\"https:\/\/secure.gravatar.com\/avatar\/8ed7492c4d88d8495bc0cb24cda6847b8ae23eec459a919e08e77d0ca0fd79ec?s=96&d=mm&r=g\",\"caption\":\"F\u00e1bio Scaldelai\"},\"description\":\"Jornalista no Estrat\u00e9gia Concursos e Produtor de Televis\u00e3o, formado em Jornalismo, R\u00e1dio e TV pela Faculdade Integrada Rio Branco, com especializa\u00e7\u00f5es em Gest\u00e3o Empresarial e Marketing pelo M\u00f3dulo. Atuou como produtor no SBT, TV Bandeirantes e R\u00e1dio Band FM, al\u00e9m de acumular tr\u00eas anos de experi\u00eancia no setor de concursos p\u00fablicos pela LFG (Luiz Fl\u00e1vio Gomes). No Estrat\u00e9gia Concursos, atua na apura\u00e7\u00e3o de not\u00edcias da \u00e1rea fiscal, al\u00e9m de coberturas sobre concursos das \u00e1reas de controle (TCU, TCE, etc), concurso AFT, \u00e1rea de gest\u00e3o e administrativa, bem como dos \u00f3rg\u00e3os participantes do CNU. Tamb\u00e9m possui experi\u00eancia em link building e an\u00e1lise de m\u00eddia, adquirida durante sua atua\u00e7\u00e3o na ag\u00eancia SEO Marketing.\",\"url\":\"https:\/\/www.estrategiaconcursos.com.br\/blog\/author\/fabio-scaldelaiestrategiaconcursos-com-br\/\"}]}<\/script>\n<!-- \/ Yoast SEO Premium plugin. -->","yoast_head_json":{"title":"Concurso Sefaz AP: 9.730\u00a0inscritos para as provas de setembro","description":"Concurso Sefaz AP registra 9.730\u00a0candidatos inscritos nos cargos de auditor e fiscal, com iniciais de R$ 22 mil. Provas em setembro!","robots":{"index":"index","follow":"follow","max-snippet":"max-snippet:-1","max-image-preview":"max-image-preview:large","max-video-preview":"max-video-preview:-1"},"canonical":"https:\/\/www.estrategiaconcursos.com.br\/blog\/concurso-sefaz-ap-inscritos\/","og_locale":"pt_BR","og_type":"article","og_title":"Concurso Sefaz AP: 9.730\u00a0inscritos para as provas de setembro","og_description":"Concurso Sefaz AP registra 9.730\u00a0candidatos inscritos nos cargos de auditor e fiscal, com iniciais de R$ 22 mil. Provas em setembro!","og_url":"https:\/\/www.estrategiaconcursos.com.br\/blog\/concurso-sefaz-ap-inscritos\/","og_site_name":"Estrat\u00e9gia Concursos","article_published_time":"2022-08-22T17:13:19+00:00","article_modified_time":"2022-08-22T18:04:30+00:00","og_image":[{"width":768,"height":432,"url":"https:\/\/dhg1h5j42swfq.cloudfront.net\/2022\/07\/20153148\/sefaz-ap.jpg","type":"image\/jpeg"}],"author":"F\u00e1bio Scaldelai","twitter_card":"summary_large_image","twitter_creator":"@EstratConcursos","twitter_site":"@EstratConcursos","twitter_misc":{"Escrito por":"F\u00e1bio Scaldelai","Est. tempo de leitura":"2 minutos"},"schema":{"@context":"https:\/\/schema.org","@graph":[{"@type":"NewsArticle","@id":"https:\/\/www.estrategiaconcursos.com.br\/blog\/concurso-sefaz-ap-inscritos\/#article","isPartOf":{"@id":"https:\/\/www.estrategiaconcursos.com.br\/blog\/concurso-sefaz-ap-inscritos\/"},"author":{"name":"F\u00e1bio Scaldelai","@id":"https:\/\/www.estrategiaconcursos.com.br\/blog\/#\/schema\/person\/e3b6b7ce0192dd4ad270655969d61750"},"headline":"Concurso Sefaz AP: 9.730\u00a0inscritos para as provas de setembro","datePublished":"2022-08-22T17:13:19+00:00","dateModified":"2022-08-22T18:04:30+00:00","mainEntityOfPage":{"@id":"https:\/\/www.estrategiaconcursos.com.br\/blog\/concurso-sefaz-ap-inscritos\/"},"wordCount":350,"commentCount":0,"publisher":{"@id":"https:\/\/www.estrategiaconcursos.com.br\/blog\/#organization"},"image":{"@id":"https:\/\/www.estrategiaconcursos.com.br\/blog\/concurso-sefaz-ap-inscritos\/#primaryimage"},"thumbnailUrl":"https:\/\/dhg1h5j42swfq.cloudfront.net\/2022\/07\/20153148\/sefaz-ap.jpg","articleSection":["Fiscal - Estadual (ICMS)","\u00daltimas not\u00edcias"],"inLanguage":"pt-BR","potentialAction":[{"@type":"CommentAction","name":"Comment","target":["https:\/\/www.estrategiaconcursos.com.br\/blog\/concurso-sefaz-ap-inscritos\/#respond"]}],"copyrightYear":"2022","copyrightHolder":{"@id":"https:\/\/www.estrategiaconcursos.com.br\/blog\/#organization"}},{"@type":"WebPage","@id":"https:\/\/www.estrategiaconcursos.com.br\/blog\/concurso-sefaz-ap-inscritos\/","url":"https:\/\/www.estrategiaconcursos.com.br\/blog\/concurso-sefaz-ap-inscritos\/","name":"Concurso Sefaz AP: 9.730\u00a0inscritos para as provas de setembro","isPartOf":{"@id":"https:\/\/www.estrategiaconcursos.com.br\/blog\/#website"},"primaryImageOfPage":{"@id":"https:\/\/www.estrategiaconcursos.com.br\/blog\/concurso-sefaz-ap-inscritos\/#primaryimage"},"image":{"@id":"https:\/\/www.estrategiaconcursos.com.br\/blog\/concurso-sefaz-ap-inscritos\/#primaryimage"},"thumbnailUrl":"https:\/\/dhg1h5j42swfq.cloudfront.net\/2022\/07\/20153148\/sefaz-ap.jpg","datePublished":"2022-08-22T17:13:19+00:00","dateModified":"2022-08-22T18:04:30+00:00","description":"Concurso Sefaz AP registra 9.730\u00a0candidatos inscritos nos cargos de auditor e fiscal, com iniciais de R$ 22 mil. Provas em setembro!","breadcrumb":{"@id":"https:\/\/www.estrategiaconcursos.com.br\/blog\/concurso-sefaz-ap-inscritos\/#breadcrumb"},"inLanguage":"pt-BR","potentialAction":[{"@type":"ReadAction","target":["https:\/\/www.estrategiaconcursos.com.br\/blog\/concurso-sefaz-ap-inscritos\/"]}]},{"@type":"ImageObject","inLanguage":"pt-BR","@id":"https:\/\/www.estrategiaconcursos.com.br\/blog\/concurso-sefaz-ap-inscritos\/#primaryimage","url":"https:\/\/dhg1h5j42swfq.cloudfront.net\/2022\/07\/20153148\/sefaz-ap.jpg","contentUrl":"https:\/\/dhg1h5j42swfq.cloudfront.net\/2022\/07\/20153148\/sefaz-ap.jpg","width":768,"height":432,"caption":"Concurso Sefaz AP inscritos"},{"@type":"BreadcrumbList","@id":"https:\/\/www.estrategiaconcursos.com.br\/blog\/concurso-sefaz-ap-inscritos\/#breadcrumb","itemListElement":[{"@type":"ListItem","position":1,"name":"In\u00edcio","item":"https:\/\/www.estrategiaconcursos.com.br\/blog\/"},{"@type":"ListItem","position":2,"name":"Concurso Sefaz AP: 9.730\u00a0inscritos para as provas de setembro"}]},{"@type":"WebSite","@id":"https:\/\/www.estrategiaconcursos.com.br\/blog\/#website","url":"https:\/\/www.estrategiaconcursos.com.br\/blog\/","name":"Estrat\u00e9gia Concursos","description":"O blog da Estrat\u00e9gia Concursos traz not\u00edcias sobre concursos e artigos de professores oferecendo cursos para concursos (pdf + videaulas) no site.","publisher":{"@id":"https:\/\/www.estrategiaconcursos.com.br\/blog\/#organization"},"potentialAction":[{"@type":"SearchAction","target":{"@type":"EntryPoint","urlTemplate":"https:\/\/www.estrategiaconcursos.com.br\/blog\/?s={search_term_string}"},"query-input":{"@type":"PropertyValueSpecification","valueRequired":true,"valueName":"search_term_string"}}],"inLanguage":"pt-BR"},{"@type":"Organization","@id":"https:\/\/www.estrategiaconcursos.com.br\/blog\/#organization","name":"Estrat\u00e9gia Concursos","url":"https:\/\/www.estrategiaconcursos.com.br\/blog\/","logo":{"@type":"ImageObject","inLanguage":"pt-BR","@id":"https:\/\/www.estrategiaconcursos.com.br\/blog\/#\/schema\/logo\/image\/","url":"https:\/\/dhg1h5j42swfq.cloudfront.net\/2025\/06\/03203428\/logo_concursos-1.jpg","contentUrl":"https:\/\/dhg1h5j42swfq.cloudfront.net\/2025\/06\/03203428\/logo_concursos-1.jpg","width":230,"height":60,"caption":"Estrat\u00e9gia Concursos"},"image":{"@id":"https:\/\/www.estrategiaconcursos.com.br\/blog\/#\/schema\/logo\/image\/"},"sameAs":["https:\/\/x.com\/EstratConcursos"]},{"@type":"Person","@id":"https:\/\/www.estrategiaconcursos.com.br\/blog\/#\/schema\/person\/e3b6b7ce0192dd4ad270655969d61750","name":"F\u00e1bio Scaldelai","image":{"@type":"ImageObject","inLanguage":"pt-BR","@id":"https:\/\/secure.gravatar.com\/avatar\/8ed7492c4d88d8495bc0cb24cda6847b8ae23eec459a919e08e77d0ca0fd79ec?s=96&d=mm&r=g","url":"https:\/\/secure.gravatar.com\/avatar\/8ed7492c4d88d8495bc0cb24cda6847b8ae23eec459a919e08e77d0ca0fd79ec?s=96&d=mm&r=g","contentUrl":"https:\/\/secure.gravatar.com\/avatar\/8ed7492c4d88d8495bc0cb24cda6847b8ae23eec459a919e08e77d0ca0fd79ec?s=96&d=mm&r=g","caption":"F\u00e1bio Scaldelai"},"description":"Jornalista no Estrat\u00e9gia Concursos e Produtor de Televis\u00e3o, formado em Jornalismo, R\u00e1dio e TV pela Faculdade Integrada Rio Branco, com especializa\u00e7\u00f5es em Gest\u00e3o Empresarial e Marketing pelo M\u00f3dulo. Atuou como produtor no SBT, TV Bandeirantes e R\u00e1dio Band FM, al\u00e9m de acumular tr\u00eas anos de experi\u00eancia no setor de concursos p\u00fablicos pela LFG (Luiz Fl\u00e1vio Gomes). No Estrat\u00e9gia Concursos, atua na apura\u00e7\u00e3o de not\u00edcias da \u00e1rea fiscal, al\u00e9m de coberturas sobre concursos das \u00e1reas de controle (TCU, TCE, etc), concurso AFT, \u00e1rea de gest\u00e3o e administrativa, bem como dos \u00f3rg\u00e3os participantes do CNU. Tamb\u00e9m possui experi\u00eancia em link building e an\u00e1lise de m\u00eddia, adquirida durante sua atua\u00e7\u00e3o na ag\u00eancia SEO Marketing.","url":"https:\/\/www.estrategiaconcursos.com.br\/blog\/author\/fabio-scaldelaiestrategiaconcursos-com-br\/"}]}},"_links":{"self":[{"href":"https:\/\/www.estrategiaconcursos.com.br\/blog\/wp-json\/wp\/v2\/posts\/1081945","targetHints":{"allow":["GET"]}}],"collection":[{"href":"https:\/\/www.estrategiaconcursos.com.br\/blog\/wp-json\/wp\/v2\/posts"}],"about":[{"href":"https:\/\/www.estrategiaconcursos.com.br\/blog\/wp-json\/wp\/v2\/types\/post"}],"author":[{"embeddable":true,"href":"https:\/\/www.estrategiaconcursos.com.br\/blog\/wp-json\/wp\/v2\/users\/656"}],"replies":[{"embeddable":true,"href":"https:\/\/www.estrategiaconcursos.com.br\/blog\/wp-json\/wp\/v2\/comments?post=1081945"}],"version-history":[{"count":10,"href":"https:\/\/www.estrategiaconcursos.com.br\/blog\/wp-json\/wp\/v2\/posts\/1081945\/revisions"}],"predecessor-version":[{"id":1082033,"href":"https:\/\/www.estrategiaconcursos.com.br\/blog\/wp-json\/wp\/v2\/posts\/1081945\/revisions\/1082033"}],"wp:featuredmedia":[{"embeddable":true,"href":"https:\/\/www.estrategiaconcursos.com.br\/blog\/wp-json\/wp\/v2\/media\/1064248"}],"wp:attachment":[{"href":"https:\/\/www.estrategiaconcursos.com.br\/blog\/wp-json\/wp\/v2\/media?parent=1081945"}],"wp:term":[{"taxonomy":"category","embeddable":true,"href":"https:\/\/www.estrategiaconcursos.com.br\/blog\/wp-json\/wp\/v2\/categories?post=1081945"},{"taxonomy":"post_tag","embeddable":true,"href":"https:\/\/www.estrategiaconcursos.com.br\/blog\/wp-json\/wp\/v2\/tags?post=1081945"},{"taxonomy":"tax_estado","embeddable":true,"href":"https:\/\/www.estrategiaconcursos.com.br\/blog\/wp-json\/wp\/v2\/tax_estado?post=1081945"}],"curies":[{"name":"wp","href":"https:\/\/api.w.org\/{rel}","templated":true}]}}