{"id":1081934,"date":"2022-08-22T13:54:37","date_gmt":"2022-08-22T16:54:37","guid":{"rendered":"https:\/\/www.estrategiaconcursos.com.br\/blog\/?p=1081934"},"modified":"2022-08-22T16:40:22","modified_gmt":"2022-08-22T19:40:22","slug":"concurso-jacarei-educacao","status":"publish","type":"post","link":"https:\/\/www.estrategiaconcursos.com.br\/blog\/concurso-jacarei-educacao\/","title":{"rendered":"Concurso Jacare\u00ed Educa\u00e7\u00e3o: inscri\u00e7\u00f5es abertas!"},"content":{"rendered":"\n<p>O Prefeitura de Jacare\u00ed, em S\u00e3o Paulo, publicou novo edital com a oferta de <strong>242 vagas<\/strong> distribu\u00eddas entre sete cargos da <a href=\"https:\/\/www.estrategiaconcursos.com.br\/assinaturas\/\" target=\"_blank\" rel=\"noreferrer noopener\">Secretaria Municipal de Educa\u00e7\u00e3o<\/a>.<\/p>\n\n\n\n<p>As oportunidades s\u00e3o de n\u00edvel superior de forma\u00e7\u00e3o. Os sal\u00e1rios iniciais variam de <span style=\"font-size: revert; color: initial;\"><strong>R$ 4.529,50 mil a R$  6.259,92<\/strong><\/span> <span style=\"font-size: revert; color: initial;\"><strong>mil<\/strong><\/span>.<\/p>\n\n\n\n<p>Os interessados em participar da sele\u00e7\u00e3o devem realizar as inscri\u00e7\u00f5es no per\u00edodo das 8h do dia <strong>20 de<\/strong> <strong>agosto<\/strong> at\u00e9 as 23h59 do dia <strong>8 de setembro<\/strong>, no site da banca organizadora, Consulpam. As taxas foram fixadas em R$ 8,22. <\/p>\n\n\n\n<ul class=\"has-very-light-gray-to-cyan-bluish-gray-gradient-background has-background wp-block-list\"><li><strong>Concurso Jacare\u00ed Educa\u00e7\u00e3o<\/strong><\/li><li><strong>Status:<\/strong> inscri\u00e7\u00f5es abertas<\/li><li><strong style=\"background-color: initial; color: initial;\">Banca:<\/strong> Consulpam<\/li><li><strong>Vagas:<\/strong> 242<\/li><li><strong>Cargo<\/strong>: diversos <\/li><li><strong>Sal\u00e1rio inicial:<\/strong> de R$ 4.529,50 a R$ 6.259,92<\/li><li><strong>Editais<\/strong>: <a href=\"https:\/\/dhg1h5j42swfq.cloudfront.net\/2022\/08\/22133510\/pm-jacarei-cp-006-2022-edital-de-abertura-de-inscricoes-1.pdf\" target=\"_blank\" rel=\"noreferrer noopener nofollow\">Jacare\u00ed Educa\u00e7\u00e3o <\/a><\/li><\/ul>\n\n\n\n<p>Elaboramos este artigo com as principais informa\u00e7\u00f5es e novidades sobre o&nbsp;<strong>concurso Jacare\u00ed Educa\u00e7\u00e3o<\/strong>&nbsp;para te deixar bem informado. Acompanhe os t\u00f3picos abaixo e n\u00e3o perca nenhum detalhe:<\/p>\n\n\n\n<ul class=\"wp-block-list\"><li><strong><a href=\"#datas\">Principais datas<\/a><\/strong><\/li><li><strong><a href=\"#cargos-vagas\">Cargos e vagas<\/a><\/strong><\/li><li><a href=\"#etapas\"><strong>Etapas e provas<\/strong><\/a><ul><li><strong><a href=\"#objetiva\">Prova objetiva<\/a><\/strong><\/li><li><strong><a href=\"#titulos\">Prova  de t\u00edtulos<\/a><\/strong><\/li><\/ul><\/li><li><strong><a href=\"#\u00faltimo-concurso\">\u00daltimo concurso<\/a><\/strong><\/li><li><a href=\"#cursos-e-assinaturas\"><strong>Cursos e assinaturas<\/strong><\/a><\/li><li><strong><a href=\"#ficha\">Ficha t\u00e9cnica<\/a><\/strong><\/li><\/ul>\n\n\n\n<div class=\"container\" id=\"boxes\">\n  <div class=\"row\">\n\n    <div class=\"col-sm\">\n      <div class=\"banner-estrategia\" id=\"box-assinatura\">\n        <h3 class=\"titulo-assinatura\">Cursos para concursos<\/h3>\n        <p class=\"subtitulo-assinatura\">Estude conosco<\/p>\n        <div class=\"box-botao\">\n          <a class=\"btn-assinatura\" target=\"_blank\" href=\"https:\/\/www.estrategiaconcursos.com.br\/cursos\/\" role=\"button\" rel=\"noopener noreferrer\">Conhe\u00e7a os cursos<\/a>\n        <\/div>\n      <\/div>\n     \n    <\/div>\n\n  <\/div>\n<\/div>\n\n\n\n<h2 class=\"wp-block-heading\" id=\"datas\">Principais datas do concurso Jacare\u00ed Educa\u00e7\u00e3o<\/h2>\n\n\n\n<p class=\"has-very-light-gray-background-color has-background\"><strong>Inscri\u00e7\u00f5es<\/strong>: 8h do dia 20 de agosto at\u00e9 as 23h59 do dia 8 de setembro<br \/><strong>Isen\u00e7\u00e3o da taxa<\/strong>: 22 de agosto de 2022<br \/><strong>\u00daltimo dia para pagamento<\/strong>: 09 de setembro<br \/><strong>Prova<\/strong>: 09 (Diretor de Escola; Vice-Diretor de Escola e Supervisor de Ensino) e 16 de outubro (Supervisor Pedag\u00f3gico; Supervisor Pedag\u00f3gico \u2013 Arte; Supervisor Pedag\u00f3gico \u2013 Educa\u00e7\u00e3o F\u00edsica)<\/p>\n\n\n\n<h2 class=\"wp-block-heading\" id=\"cargos-vagas\">Cargos, vagas, remunera\u00e7\u00f5es e requisitos do concurso Jacare\u00ed Educa\u00e7\u00e3o<\/h2>\n\n\n\n<p>Confira os cargos, as vagas, respectivas numera\u00e7\u00f5es, cargo hor\u00e1ria de trabalhos e os requisitos exigidos no edital: <\/p>\n\n\n\n<ul class=\"wp-block-list\"><li><strong>Coordenador Pedag\u00f3gico<\/strong><ul><li>Quantidade de vagas: 82<\/li><li>Sal\u00e1rio:&nbsp;<strong>R$ 4.529,50<\/strong><\/li><li>Carga hor\u00e1ria semanal: 40 horas<\/li><li><strong>Requisitos:<\/strong> Licenciatura em Pedagogia e Experi\u00eancia profissional de, no m\u00ednimo, tr\u00eas anos em doc\u00eancia no magist\u00e9rio, devidamente comprovada.<\/li><\/ul><\/li><li><strong>Diretor de Escola<\/strong><ul><li>Quantidade de vagas: 67<\/li><li>Sal\u00e1rio:&nbsp;<strong>R$ 5.013,04<\/strong><\/li><li>Carga hor\u00e1ria semanal: 40 horas<\/li><li><strong>Requisitos:<\/strong> Licenciatura em Pedagogia e Experi\u00eancia profissional de, no m\u00ednimo, cinco anos de efetivo exerc\u00edcio de magist\u00e9rio, devidamente comprovada.<\/li><\/ul><\/li><li><strong>Supervisor de Ensino<\/strong><ul><li>Quantidade de vagas: 10<\/li><li>Sal\u00e1rio:&nbsp;R<strong>$ 6.259,92<\/strong><\/li><li>Carga hor\u00e1ria semanal: 40 horas<\/li><li><strong>Requisitos:<\/strong> Licenciatura em Pedagogia e Experi\u00eancia profissional de, no m\u00ednimo, oito anos de efetivo exerc\u00edcio de magist\u00e9rio, dos quais tr\u00eas anos em Gest\u00e3o Educacional, devidamente comprovada.<\/li><\/ul><\/li><li><strong>Supervisor Pedag\u00f3gico<\/strong><ul><li>Quantidade de vagas: 08<\/li><li>Sal\u00e1rio:&nbsp;<strong>R$ 6.259,92<\/strong><\/li><li>Carga hor\u00e1ria semanal: 40 horas<\/li><li><strong>Requisitos:<\/strong> Licenciatura em Pedagogia e Experi\u00eancia profissional de, no m\u00ednimo, oito anos de efetivo exerc\u00edcio de magist\u00e9rio, dos quais tr\u00eas anos em Gest\u00e3o Educacional, devidamente comprovada.<\/li><\/ul><\/li><li><strong>Supervisor Pedag\u00f3gico \u2013 Arte<\/strong><ul><li>Quantidade de vagas: 1<\/li><li>Sal\u00e1rio: <strong>R$ 6.259,92<\/strong><\/li><li>Carga hor\u00e1ria semanal: 40 horas<\/li><li><strong>Requisitos:<\/strong> Licenciatura em Artes ou em Artes Visuais e Experi\u00eancia profissional de, no m\u00ednimo, oito anos de efetivo exerc\u00edcio de magist\u00e9rio, dos quais tr\u00eas anos em Gest\u00e3o Educacional, devidamente comprovada.<\/li><\/ul><\/li><li><strong>Supervisor Pedag\u00f3gico \u2013 Educa\u00e7\u00e3o F\u00edsica<\/strong><ul><li>Quantidade de vagas: 1<\/li><li>Sal\u00e1rio:&nbsp;<strong>R$ 6.259,92<\/strong><\/li><li>Carga hor\u00e1ria semanal: 40 horas<\/li><li><strong>Requisitos:<\/strong> Licenciatura Plena em Educa\u00e7\u00e3o F\u00edsica e Experi\u00eancia profissional de, no m\u00ednimo, oito anos de efetivo exerc\u00edcio de magist\u00e9rio, dos quais tr\u00eas anos em Gest\u00e3o Educacional, devidamente comprovada.<\/li><\/ul><\/li><li><strong>Vice-Diretor de Escola<\/strong><ul><li>Quantidade de vagas: 73<\/li><li>Sal\u00e1rio:&nbsp;<strong>R$ 4.705,33<\/strong><\/li><li>Carga hor\u00e1ria semanal: 40 horas<\/li><li><strong>Requisitos:<\/strong> Licenciatura em Pedagogia e Experi\u00eancia profissional de, no m\u00ednimo, cinco anos de efetivo exerc\u00edcio de magist\u00e9rio, devidamente comprovada.<\/li><\/ul><\/li><\/ul>\n\n\n\n<h2 class=\"wp-block-heading\" id=\"etapas\">Etapas e provas do concurso Jacare\u00ed Educa\u00e7\u00e3o<\/h2>\n\n\n\n<p>A sele\u00e7\u00e3o dos candidatos inscritos no edital do concurso Jacare\u00ed Educa\u00e7\u00e3o se dar\u00e1 mediante aplica\u00e7\u00e3o das seguintes etapas:<\/p>\n\n\n\n<ul class=\"wp-block-list\"><li>Prova preambular (objetiva) \u2013 eliminat\u00f3rio e classificat\u00f3rio;<\/li><li>Prova de t\u00edtulos \u2013 classificat\u00f3rio.<\/li><\/ul>\n\n\n\n<h3 class=\"wp-block-heading\" id=\"objetiva\">Provas Objetivas<\/h3>\n\n\n\n<p>A Prova Objetiva visa avaliar o grau de conhecimento te\u00f3rico do candidato, necess\u00e1rio ao exerc\u00edcio das atribui\u00e7\u00f5es do cargo e ser\u00e1 composta de 35 quest\u00f5es de m\u00faltipla escolha, sendo:<\/p>\n\n\n\n<ul class=\"wp-block-list\"><li>L\u00edngua Portuguesa e Interpreta\u00e7\u00e3o de Texto &#8211; 5;<\/li><li>Matem\u00e1tica e Racioc\u00ednio L\u00f3gico Quantitativo &#8211; 5;<\/li><li>No\u00e7\u00f5es de Inform\u00e1tica &#8211; 5;<\/li><li>Legisla\u00e7\u00e3o de Ensino &#8211; 5; <\/li><li>Conhecimentos Did\u00e1ticos e Pedag\u00f3gicos &#8211; 5; e <\/li><li>Conhecimentos Espec\u00edficos &#8211; 10.<br \/><\/li><\/ul>\n\n\n\n<p>As provas ser\u00e3o aplicadas em duas datas:<\/p>\n\n\n\n<ul class=\"wp-block-list\"><li>09  de outubro para os cargos de Diretor de Escola; Vice-Diretor de Escola e Supervisor de Ensino) e<\/li><li>16 de outubro para Supervisor Pedag\u00f3gico; Supervisor Pedag\u00f3gico \u2013 Arte; Supervisor Pedag\u00f3gico \u2013 Educa\u00e7\u00e3o F\u00edsica. <\/li><\/ul>\n\n\n\n<h3 class=\"wp-block-heading\" id=\"titulos\">Avalia\u00e7\u00e3o de T\u00edtulos<\/h3>\n\n\n\n<p>A Prova de T\u00edtulos, de car\u00e1ter classificat\u00f3rio, ser\u00e1 aplicada a todos os candidatos aprovados na Prova Objetiva, e consistir\u00e1 na apresenta\u00e7\u00e3o de t\u00edtulos relacionados \u00e0 \u00e1rea da Educa\u00e7\u00e3o.<\/p>\n\n\n\n<p>Os t\u00edtulos dever\u00e3o apresentar direta rela\u00e7\u00e3o com as atribui\u00e7\u00f5es do cargo para a qual se inscreveu o candidato, terem sido expedidos por institui\u00e7\u00e3o de ensino autorizada ou reconhecida pelo Minist\u00e9rio da Educa\u00e7\u00e3o, constante do Cadastro Nacional de Cursos e Institui\u00e7\u00f5es de Educa\u00e7\u00e3o Superior.<\/p>\n\n\n\n<h2 class=\"wp-block-heading\" id=\"\u00faltimo-concurso\">\u00daltimo concurso Prefeitura de Jacare\u00ed<\/h2>\n\n\n\n<p>O \u00faltimo concurso p\u00fablico ofertado pela Prefeitura Municipal de Jacare\u00ed, realizado em 2021, ofertava ao todo 51 vagas imediatas para cargos em diversas especialidades, de n\u00edveis m\u00e9dio e superior de escolaridade.<\/p>\n\n\n\n<p>Os candidatos foram avaliados por uma \u00fanica etapa de Prova Objetiva, de car\u00e1ter eliminat\u00f3rio e classificat\u00f3rio para todos os cargos no dia 17 de outubro de 2021. A dura\u00e7\u00e3o da prova foi de 03 horas.<\/p>\n\n\n\n<h4 class=\"wp-block-heading\" id=\"objetiva\">Prova objetiva<\/h4>\n\n\n\n<p>A Prova Objetiva visou avaliar o grau de conhecimento te\u00f3rico do candidato, necess\u00e1rio ao exerc\u00edcio das atribui\u00e7\u00f5es do cargo e foi composta de 40 quest\u00f5es de m\u00faltipla escolha, que foram elaboradas de acordo com o Conte\u00fado Program\u00e1tico.<\/p>\n\n\n\n<ul class=\"wp-block-list\"><li><strong>Agente Social, Assistente Social, Fonoaudi\u00f3logo, Nutricionista, Professor de Educa\u00e7\u00e3o F\u00edsica, Psic\u00f3logo, Terapeuta Ocupacional:<\/strong><ul><li><em>L\u00edngua Portuguesa e Interpreta\u00e7\u00e3o de Textos \u2013 8<\/em><\/li><li><em>Matem\u00e1tica e Racioc\u00ednio L\u00f3gico Quantitativo \u2013 7<\/em><\/li><li><em>Conhecimentos Gerais e Atualidades \u2013 5<\/em><\/li><li><em>Conhecimentos Espec\u00edficos \u2013 20<\/em><\/li><\/ul><\/li><li><strong>Auxiliar em Sa\u00fade Bucal, Biom\u00e9dico, Dentista 40h, Dentista 20h- Cirurgia e Traumatologia Buco Maxilo Facial, Dentista 20h (todos), Enfermeiro, Farmac\u00eautico, Fisioterapeuta, M\u00e9dicos 20h, T\u00e9cnico de Enfermagem, T\u00e9cnico de Laborat\u00f3rio:<\/strong><ul><li><em>L\u00edngua Portuguesa e Interpreta\u00e7\u00e3o de Textos \u2013 7<\/em><\/li><li><em>Matem\u00e1tica e Racioc\u00ednio L\u00f3gico Quantitativo \u2013 5<\/em><\/li><li><em>Conhecimentos Gerais e Atualidades \u2013 5<\/em><\/li><li><em>Legisla\u00e7\u00e3o de Sa\u00fade P\u00fablica \u2013 8<\/em><\/li><li><em>Conhecimentos Espec\u00edficos \u2013 15<\/em><\/li><\/ul><\/li><li><strong>Bibliotec\u00e1rio, Contador, Engenheiro Civil \u2013 \u00c1rea Sanit\u00e1ria, Fiscal Sanit\u00e1rio:<\/strong><ul><li><em>L\u00edngua Portuguesa e Interpreta\u00e7\u00e3o de Texto \u2013 7<\/em><\/li><li><em>Matem\u00e1tica e Racioc\u00ednio L\u00f3gico Quantitativo \u2013 5<\/em><\/li><li><em>Conhecimentos Gerais e Atualidades \u2013 5<\/em><\/li><li><em>No\u00e7\u00f5es de Inform\u00e1tica \u2013 8<\/em><\/li><li><em>Conhecimentos Espec\u00edficos \u2013 15<\/em><\/li><\/ul><\/li><\/ul>\n\n\n\n<p>Foram considerados classificados na Prova Objetiva, os candidatos que obtiveram no m\u00ednimo 50 pontos.<\/p>\n\n\n\n<h2 class=\"has-text-align-center wp-block-heading\" id=\"h-quer-saber-tudo-sobre-concursos-previstos-confira-nossos-artigos\">Quer saber tudo sobre concursos previstos?<br \/>Confira  nossos artigos!<\/h2>\n\n\n\n<ul class=\"wp-block-list\"><li><a href=\"https:\/\/www.estrategiaconcursos.com.br\/blog\/concursos-abertos\/\" target=\"_blank\" rel=\"noreferrer noopener\">Concursos abertos<\/a><\/li><li><a href=\"https:\/\/www.estrategiaconcursos.com.br\/blog\/concursos-2022\/\" target=\"_blank\" rel=\"noreferrer noopener\">Concursos 2022<\/a><\/li><li><a href=\"https:\/\/www.estrategiaconcursos.com.br\/blog\/concursos-2023\/\" target=\"_blank\" rel=\"noreferrer noopener\">Concursos 2023<\/a><\/li><\/ul>\n\n\n\n<h2 class=\"has-text-align-center wp-block-heading\" id=\"cursos-e-assinaturas\">Quer estudar para o concurso?<\/h2>\n\n\n\n<div class=\"container\" id=\"boxes\">\n  <div class=\"row\">\n\n    <div class=\"col-sm\">\n      <div class=\"banner-estrategia\" id=\"box-assinatura\">\n        <h3 class=\"titulo-assinatura\">Cursos para Prefeitura de Jacare\u00ed<\/h3>\n        <p class=\"subtitulo-assinatura\">Estude conosco<\/p>\n        <div class=\"box-botao\">\n          <a class=\"btn-assinatura\" target=\"_blank\" href=\"https:\/\/www.estrategiaconcursos.com.br\/cursosPorConcurso\/prefeitura-municipal-de-jacarei-sp\/\" role=\"button\" rel=\"noopener noreferrer\">Conhe\u00e7a os cursos<\/a>\n        <\/div>\n      <\/div>\n     \n    <\/div>\n\n  <\/div>\n<\/div>\n\n\n\n<div class=\"container\" id=\"boxes\">\n  <div class=\"row\">\n\n    <div class=\"col-sm\">\n      <div class=\"estrategia\" id=\"box-assinatura\">\n        <h3 class=\"titulo-assinatura\">Assinatura de Concursos<\/h3>\n        <p class=\"subtitulo-assinatura\">Assinatura de 1 ano ou 2 anos<\/p>\n        <div class=\"box-botao\">\n          <a class=\"btn-assinatura\" target=\"_blank\" href=\"https:\/\/www.estrategiaconcursos.com.br\/assinaturas\/\" role=\"button\" rel=\"noopener noreferrer\">ASSINE AGORA<\/a>\n        <\/div>\n      <\/div>\n     \n    <\/div><\/div><\/div>\n\n\n\n<figure class=\"wp-block-image size-large is-resized\"><img loading=\"lazy\" decoding=\"async\" src=\"https:\/\/dhg1h5j42swfq.cloudfront.net\/2025\/06\/27101122\/ficha-tecnica-1-1024x632.png\" alt=\"Informa\u00e7\u00f5es do concurso Jacare\u00ed Educa\u00e7\u00e3o\" class=\"wp-image-702728\" width=\"269\" height=\"166\" srcset=\"https:\/\/dhg1h5j42swfq.cloudfront.net\/2025\/06\/27101122\/ficha-tecnica-1-1024x632.png 1024w, https:\/\/dhg1h5j42swfq.cloudfront.net\/2025\/06\/27101122\/ficha-tecnica-1-300x185.png 300w, https:\/\/dhg1h5j42swfq.cloudfront.net\/2025\/06\/27101122\/ficha-tecnica-1-768x474.png 768w, https:\/\/dhg1h5j42swfq.cloudfront.net\/2025\/06\/27101122\/ficha-tecnica-1-1536x948.png 1536w, https:\/\/dhg1h5j42swfq.cloudfront.net\/2025\/06\/27101122\/ficha-tecnica-1-610x377.png 610w, https:\/\/dhg1h5j42swfq.cloudfront.net\/2025\/06\/27101122\/ficha-tecnica-1.png 1571w\" sizes=\"auto, (max-width: 269px) 100vw, 269px\" \/><\/figure>\n\n\n\n<h3 class=\"wp-block-heading\" id=\"ficha\">Informa\u00e7\u00f5es do edital Jacare\u00ed Educa\u00e7\u00e3o<\/h3>\n\n\n\n<ul class=\"wp-block-list\" id=\"block-46dd482c-33cf-409c-8762-75c111403f14\"><li><strong>Inscri\u00e7\u00f5es<\/strong>: 8h do dia 20 de agosto at\u00e9 as 23h59 do dia 8 de setembro<\/li><li><strong>Provas<\/strong>: 09 (Diretor de Escola; Vice-Diretor de Escola e Supervisor de Ensino) e 16 de outubro (Supervisor Pedag\u00f3gico; Supervisor Pedag\u00f3gico \u2013 Arte; Supervisor Pedag\u00f3gico \u2013 Educa\u00e7\u00e3o F\u00edsica)<\/li><li><strong>Vagas<\/strong>: 242<\/li><li><strong>Cargos<\/strong>: diversos <\/li><li><strong>Banca<\/strong>: Consulpam<\/li><li><strong>Escolaridade<\/strong>: n\u00edvel superior <\/li><li><strong>Edital<\/strong>:&nbsp;<a href=\"https:\/\/dhg1h5j42swfq.cloudfront.net\/2022\/08\/22133510\/pm-jacarei-cp-006-2022-edital-de-abertura-de-inscricoes-1.pdf\" target=\"_blank\" rel=\"noreferrer noopener nofollow\">Jacare\u00ed Educa\u00e7\u00e3o <\/a><\/li><\/ul>\n\n\n\n<p><\/p>\n\n\n\n<p><\/p>\n","protected":false},"excerpt":{"rendered":"<p>O Prefeitura de Jacare\u00ed, em S\u00e3o Paulo, publicou novo edital com a oferta de 242 vagas distribu\u00eddas entre sete cargos da Secretaria Municipal de Educa\u00e7\u00e3o. As oportunidades s\u00e3o de n\u00edvel superior de forma\u00e7\u00e3o. Os sal\u00e1rios iniciais variam de R$ 4.529,50 mil a R$ 6.259,92 mil. Os interessados em participar da sele\u00e7\u00e3o devem realizar as inscri\u00e7\u00f5es [&hellip;]<\/p>\n","protected":false},"author":1,"featured_media":856132,"comment_status":"open","ping_status":"closed","sticky":false,"template":"","format":"standard","meta":{"post_tipo":"news_page","footnotes":""},"categories":[3766,220219],"tags":[],"tax_estado":[219989],"class_list":["post-1081934","post","type-post","status-publish","format-standard","has-post-thumbnail","hentry","category-educacional","category-noticias","tax_estado-sp"],"acf":[],"yoast_head":"<!-- This site is optimized with the Yoast SEO Premium plugin v27.2 (Yoast SEO v27.2) - https:\/\/yoast.com\/product\/yoast-seo-premium-wordpress\/ -->\n<title>Concurso Jacare\u00ed Educa\u00e7\u00e3o: inscri\u00e7\u00f5es abertas!<\/title>\n<meta name=\"description\" content=\"Concurso Jacare\u00ed Educa\u00e7\u00e3o: edital publicado com a oferta de 242 vagas de n\u00edvel superior de forma\u00e7\u00e3o. Veja os detalhes!\" \/>\n<meta name=\"robots\" content=\"index, follow, max-snippet:-1, max-image-preview:large, max-video-preview:-1\" \/>\n<link rel=\"canonical\" href=\"https:\/\/www.estrategiaconcursos.com.br\/blog\/concurso-jacarei-educacao\/\" \/>\n<meta property=\"og:locale\" content=\"pt_BR\" \/>\n<meta property=\"og:type\" content=\"article\" \/>\n<meta property=\"og:title\" content=\"Concurso Jacare\u00ed Educa\u00e7\u00e3o: inscri\u00e7\u00f5es abertas!\" \/>\n<meta property=\"og:description\" content=\"Concurso Jacare\u00ed Educa\u00e7\u00e3o: edital publicado com a oferta de 242 vagas de n\u00edvel superior de forma\u00e7\u00e3o. Veja os detalhes!\" \/>\n<meta property=\"og:url\" content=\"https:\/\/www.estrategiaconcursos.com.br\/blog\/concurso-jacarei-educacao\/\" \/>\n<meta property=\"og:site_name\" content=\"Estrat\u00e9gia Concursos\" \/>\n<meta property=\"article:author\" content=\"https:\/\/www.facebook.com\/EstrategiaConcursos\" \/>\n<meta property=\"article:published_time\" content=\"2022-08-22T16:54:37+00:00\" \/>\n<meta property=\"article:modified_time\" content=\"2022-08-22T19:40:22+00:00\" \/>\n<meta property=\"og:image\" content=\"https:\/\/dhg1h5j42swfq.cloudfront.net\/2021\/09\/08094342\/prefeitura_de_jacarei_sp.jpg\" \/>\n\t<meta property=\"og:image:width\" content=\"768\" \/>\n\t<meta property=\"og:image:height\" content=\"432\" \/>\n\t<meta property=\"og:image:type\" content=\"image\/jpeg\" \/>\n<meta name=\"author\" content=\"Coordena\u00e7\u00e3o\" \/>\n<meta name=\"twitter:card\" content=\"summary_large_image\" \/>\n<meta name=\"twitter:creator\" content=\"@EstratConcursos\" \/>\n<meta name=\"twitter:site\" content=\"@EstratConcursos\" \/>\n<meta name=\"twitter:label1\" content=\"Escrito por\" \/>\n\t<meta name=\"twitter:data1\" content=\"Coordena\u00e7\u00e3o\" \/>\n\t<meta name=\"twitter:label2\" content=\"Est. tempo de leitura\" \/>\n\t<meta name=\"twitter:data2\" content=\"6 minutos\" \/>\n<script type=\"application\/ld+json\" class=\"yoast-schema-graph\">{\"@context\":\"https:\/\/schema.org\",\"@graph\":[{\"@type\":\"NewsArticle\",\"@id\":\"https:\/\/www.estrategiaconcursos.com.br\/blog\/concurso-jacarei-educacao\/#article\",\"isPartOf\":{\"@id\":\"https:\/\/www.estrategiaconcursos.com.br\/blog\/concurso-jacarei-educacao\/\"},\"author\":{\"name\":\"Coordena\u00e7\u00e3o\",\"@id\":\"https:\/\/www.estrategiaconcursos.com.br\/blog\/#\/schema\/person\/b4a388c97673c5f483d72185668afa1f\"},\"headline\":\"Concurso Jacare\u00ed Educa\u00e7\u00e3o: inscri\u00e7\u00f5es abertas!\",\"datePublished\":\"2022-08-22T16:54:37+00:00\",\"dateModified\":\"2022-08-22T19:40:22+00:00\",\"mainEntityOfPage\":{\"@id\":\"https:\/\/www.estrategiaconcursos.com.br\/blog\/concurso-jacarei-educacao\/\"},\"wordCount\":1223,\"commentCount\":0,\"publisher\":{\"@id\":\"https:\/\/www.estrategiaconcursos.com.br\/blog\/#organization\"},\"image\":{\"@id\":\"https:\/\/www.estrategiaconcursos.com.br\/blog\/concurso-jacarei-educacao\/#primaryimage\"},\"thumbnailUrl\":\"https:\/\/dhg1h5j42swfq.cloudfront.net\/2021\/09\/08094342\/prefeitura_de_jacarei_sp.jpg\",\"articleSection\":[\"Educa\u00e7\u00e3o\",\"\u00daltimas not\u00edcias\"],\"inLanguage\":\"pt-BR\",\"potentialAction\":[{\"@type\":\"CommentAction\",\"name\":\"Comment\",\"target\":[\"https:\/\/www.estrategiaconcursos.com.br\/blog\/concurso-jacarei-educacao\/#respond\"]}],\"copyrightYear\":\"2022\",\"copyrightHolder\":{\"@id\":\"https:\/\/www.estrategiaconcursos.com.br\/blog\/#organization\"}},{\"@type\":\"WebPage\",\"@id\":\"https:\/\/www.estrategiaconcursos.com.br\/blog\/concurso-jacarei-educacao\/\",\"url\":\"https:\/\/www.estrategiaconcursos.com.br\/blog\/concurso-jacarei-educacao\/\",\"name\":\"Concurso Jacare\u00ed Educa\u00e7\u00e3o: inscri\u00e7\u00f5es abertas!\",\"isPartOf\":{\"@id\":\"https:\/\/www.estrategiaconcursos.com.br\/blog\/#website\"},\"primaryImageOfPage\":{\"@id\":\"https:\/\/www.estrategiaconcursos.com.br\/blog\/concurso-jacarei-educacao\/#primaryimage\"},\"image\":{\"@id\":\"https:\/\/www.estrategiaconcursos.com.br\/blog\/concurso-jacarei-educacao\/#primaryimage\"},\"thumbnailUrl\":\"https:\/\/dhg1h5j42swfq.cloudfront.net\/2021\/09\/08094342\/prefeitura_de_jacarei_sp.jpg\",\"datePublished\":\"2022-08-22T16:54:37+00:00\",\"dateModified\":\"2022-08-22T19:40:22+00:00\",\"description\":\"Concurso Jacare\u00ed Educa\u00e7\u00e3o: edital publicado com a oferta de 242 vagas de n\u00edvel superior de forma\u00e7\u00e3o. Veja os detalhes!\",\"breadcrumb\":{\"@id\":\"https:\/\/www.estrategiaconcursos.com.br\/blog\/concurso-jacarei-educacao\/#breadcrumb\"},\"inLanguage\":\"pt-BR\",\"potentialAction\":[{\"@type\":\"ReadAction\",\"target\":[\"https:\/\/www.estrategiaconcursos.com.br\/blog\/concurso-jacarei-educacao\/\"]}]},{\"@type\":\"ImageObject\",\"inLanguage\":\"pt-BR\",\"@id\":\"https:\/\/www.estrategiaconcursos.com.br\/blog\/concurso-jacarei-educacao\/#primaryimage\",\"url\":\"https:\/\/dhg1h5j42swfq.cloudfront.net\/2021\/09\/08094342\/prefeitura_de_jacarei_sp.jpg\",\"contentUrl\":\"https:\/\/dhg1h5j42swfq.cloudfront.net\/2021\/09\/08094342\/prefeitura_de_jacarei_sp.jpg\",\"width\":768,\"height\":432,\"caption\":\"Concurso IPMJ\"},{\"@type\":\"BreadcrumbList\",\"@id\":\"https:\/\/www.estrategiaconcursos.com.br\/blog\/concurso-jacarei-educacao\/#breadcrumb\",\"itemListElement\":[{\"@type\":\"ListItem\",\"position\":1,\"name\":\"In\u00edcio\",\"item\":\"https:\/\/www.estrategiaconcursos.com.br\/blog\/\"},{\"@type\":\"ListItem\",\"position\":2,\"name\":\"Concurso Jacare\u00ed Educa\u00e7\u00e3o: inscri\u00e7\u00f5es abertas!\"}]},{\"@type\":\"WebSite\",\"@id\":\"https:\/\/www.estrategiaconcursos.com.br\/blog\/#website\",\"url\":\"https:\/\/www.estrategiaconcursos.com.br\/blog\/\",\"name\":\"Estrat\u00e9gia Concursos\",\"description\":\"O blog da Estrat\u00e9gia Concursos traz not\u00edcias sobre concursos e artigos de professores oferecendo cursos para concursos (pdf + videaulas) no site.\",\"publisher\":{\"@id\":\"https:\/\/www.estrategiaconcursos.com.br\/blog\/#organization\"},\"potentialAction\":[{\"@type\":\"SearchAction\",\"target\":{\"@type\":\"EntryPoint\",\"urlTemplate\":\"https:\/\/www.estrategiaconcursos.com.br\/blog\/?s={search_term_string}\"},\"query-input\":{\"@type\":\"PropertyValueSpecification\",\"valueRequired\":true,\"valueName\":\"search_term_string\"}}],\"inLanguage\":\"pt-BR\"},{\"@type\":\"Organization\",\"@id\":\"https:\/\/www.estrategiaconcursos.com.br\/blog\/#organization\",\"name\":\"Estrat\u00e9gia Concursos\",\"url\":\"https:\/\/www.estrategiaconcursos.com.br\/blog\/\",\"logo\":{\"@type\":\"ImageObject\",\"inLanguage\":\"pt-BR\",\"@id\":\"https:\/\/www.estrategiaconcursos.com.br\/blog\/#\/schema\/logo\/image\/\",\"url\":\"https:\/\/dhg1h5j42swfq.cloudfront.net\/2025\/06\/03203428\/logo_concursos-1.jpg\",\"contentUrl\":\"https:\/\/dhg1h5j42swfq.cloudfront.net\/2025\/06\/03203428\/logo_concursos-1.jpg\",\"width\":230,\"height\":60,\"caption\":\"Estrat\u00e9gia Concursos\"},\"image\":{\"@id\":\"https:\/\/www.estrategiaconcursos.com.br\/blog\/#\/schema\/logo\/image\/\"},\"sameAs\":[\"https:\/\/x.com\/EstratConcursos\"]},{\"@type\":\"Person\",\"@id\":\"https:\/\/www.estrategiaconcursos.com.br\/blog\/#\/schema\/person\/b4a388c97673c5f483d72185668afa1f\",\"name\":\"Coordena\u00e7\u00e3o\",\"image\":{\"@type\":\"ImageObject\",\"inLanguage\":\"pt-BR\",\"@id\":\"https:\/\/secure.gravatar.com\/avatar\/b720319e4c9a967eb58678d110f4fe35452fc5d5f97b202bac7b8acceb18c6ad?s=96&d=mm&r=g\",\"url\":\"https:\/\/secure.gravatar.com\/avatar\/b720319e4c9a967eb58678d110f4fe35452fc5d5f97b202bac7b8acceb18c6ad?s=96&d=mm&r=g\",\"contentUrl\":\"https:\/\/secure.gravatar.com\/avatar\/b720319e4c9a967eb58678d110f4fe35452fc5d5f97b202bac7b8acceb18c6ad?s=96&d=mm&r=g\",\"caption\":\"Coordena\u00e7\u00e3o\"},\"sameAs\":[\"https:\/\/www.facebook.com\/EstrategiaConcursos\",\"https:\/\/x.com\/EstratConcursos\"],\"url\":\"https:\/\/www.estrategiaconcursos.com.br\/blog\/author\/estrategia2013\/\"}]}<\/script>\n<!-- \/ Yoast SEO Premium plugin. -->","yoast_head_json":{"title":"Concurso Jacare\u00ed Educa\u00e7\u00e3o: inscri\u00e7\u00f5es abertas!","description":"Concurso Jacare\u00ed Educa\u00e7\u00e3o: edital publicado com a oferta de 242 vagas de n\u00edvel superior de forma\u00e7\u00e3o. Veja os detalhes!","robots":{"index":"index","follow":"follow","max-snippet":"max-snippet:-1","max-image-preview":"max-image-preview:large","max-video-preview":"max-video-preview:-1"},"canonical":"https:\/\/www.estrategiaconcursos.com.br\/blog\/concurso-jacarei-educacao\/","og_locale":"pt_BR","og_type":"article","og_title":"Concurso Jacare\u00ed Educa\u00e7\u00e3o: inscri\u00e7\u00f5es abertas!","og_description":"Concurso Jacare\u00ed Educa\u00e7\u00e3o: edital publicado com a oferta de 242 vagas de n\u00edvel superior de forma\u00e7\u00e3o. Veja os detalhes!","og_url":"https:\/\/www.estrategiaconcursos.com.br\/blog\/concurso-jacarei-educacao\/","og_site_name":"Estrat\u00e9gia Concursos","article_author":"https:\/\/www.facebook.com\/EstrategiaConcursos","article_published_time":"2022-08-22T16:54:37+00:00","article_modified_time":"2022-08-22T19:40:22+00:00","og_image":[{"width":768,"height":432,"url":"https:\/\/dhg1h5j42swfq.cloudfront.net\/2021\/09\/08094342\/prefeitura_de_jacarei_sp.jpg","type":"image\/jpeg"}],"author":"Coordena\u00e7\u00e3o","twitter_card":"summary_large_image","twitter_creator":"@EstratConcursos","twitter_site":"@EstratConcursos","twitter_misc":{"Escrito por":"Coordena\u00e7\u00e3o","Est. tempo de leitura":"6 minutos"},"schema":{"@context":"https:\/\/schema.org","@graph":[{"@type":"NewsArticle","@id":"https:\/\/www.estrategiaconcursos.com.br\/blog\/concurso-jacarei-educacao\/#article","isPartOf":{"@id":"https:\/\/www.estrategiaconcursos.com.br\/blog\/concurso-jacarei-educacao\/"},"author":{"name":"Coordena\u00e7\u00e3o","@id":"https:\/\/www.estrategiaconcursos.com.br\/blog\/#\/schema\/person\/b4a388c97673c5f483d72185668afa1f"},"headline":"Concurso Jacare\u00ed Educa\u00e7\u00e3o: inscri\u00e7\u00f5es abertas!","datePublished":"2022-08-22T16:54:37+00:00","dateModified":"2022-08-22T19:40:22+00:00","mainEntityOfPage":{"@id":"https:\/\/www.estrategiaconcursos.com.br\/blog\/concurso-jacarei-educacao\/"},"wordCount":1223,"commentCount":0,"publisher":{"@id":"https:\/\/www.estrategiaconcursos.com.br\/blog\/#organization"},"image":{"@id":"https:\/\/www.estrategiaconcursos.com.br\/blog\/concurso-jacarei-educacao\/#primaryimage"},"thumbnailUrl":"https:\/\/dhg1h5j42swfq.cloudfront.net\/2021\/09\/08094342\/prefeitura_de_jacarei_sp.jpg","articleSection":["Educa\u00e7\u00e3o","\u00daltimas not\u00edcias"],"inLanguage":"pt-BR","potentialAction":[{"@type":"CommentAction","name":"Comment","target":["https:\/\/www.estrategiaconcursos.com.br\/blog\/concurso-jacarei-educacao\/#respond"]}],"copyrightYear":"2022","copyrightHolder":{"@id":"https:\/\/www.estrategiaconcursos.com.br\/blog\/#organization"}},{"@type":"WebPage","@id":"https:\/\/www.estrategiaconcursos.com.br\/blog\/concurso-jacarei-educacao\/","url":"https:\/\/www.estrategiaconcursos.com.br\/blog\/concurso-jacarei-educacao\/","name":"Concurso Jacare\u00ed Educa\u00e7\u00e3o: inscri\u00e7\u00f5es abertas!","isPartOf":{"@id":"https:\/\/www.estrategiaconcursos.com.br\/blog\/#website"},"primaryImageOfPage":{"@id":"https:\/\/www.estrategiaconcursos.com.br\/blog\/concurso-jacarei-educacao\/#primaryimage"},"image":{"@id":"https:\/\/www.estrategiaconcursos.com.br\/blog\/concurso-jacarei-educacao\/#primaryimage"},"thumbnailUrl":"https:\/\/dhg1h5j42swfq.cloudfront.net\/2021\/09\/08094342\/prefeitura_de_jacarei_sp.jpg","datePublished":"2022-08-22T16:54:37+00:00","dateModified":"2022-08-22T19:40:22+00:00","description":"Concurso Jacare\u00ed Educa\u00e7\u00e3o: edital publicado com a oferta de 242 vagas de n\u00edvel superior de forma\u00e7\u00e3o. Veja os detalhes!","breadcrumb":{"@id":"https:\/\/www.estrategiaconcursos.com.br\/blog\/concurso-jacarei-educacao\/#breadcrumb"},"inLanguage":"pt-BR","potentialAction":[{"@type":"ReadAction","target":["https:\/\/www.estrategiaconcursos.com.br\/blog\/concurso-jacarei-educacao\/"]}]},{"@type":"ImageObject","inLanguage":"pt-BR","@id":"https:\/\/www.estrategiaconcursos.com.br\/blog\/concurso-jacarei-educacao\/#primaryimage","url":"https:\/\/dhg1h5j42swfq.cloudfront.net\/2021\/09\/08094342\/prefeitura_de_jacarei_sp.jpg","contentUrl":"https:\/\/dhg1h5j42swfq.cloudfront.net\/2021\/09\/08094342\/prefeitura_de_jacarei_sp.jpg","width":768,"height":432,"caption":"Concurso IPMJ"},{"@type":"BreadcrumbList","@id":"https:\/\/www.estrategiaconcursos.com.br\/blog\/concurso-jacarei-educacao\/#breadcrumb","itemListElement":[{"@type":"ListItem","position":1,"name":"In\u00edcio","item":"https:\/\/www.estrategiaconcursos.com.br\/blog\/"},{"@type":"ListItem","position":2,"name":"Concurso Jacare\u00ed Educa\u00e7\u00e3o: inscri\u00e7\u00f5es abertas!"}]},{"@type":"WebSite","@id":"https:\/\/www.estrategiaconcursos.com.br\/blog\/#website","url":"https:\/\/www.estrategiaconcursos.com.br\/blog\/","name":"Estrat\u00e9gia Concursos","description":"O blog da Estrat\u00e9gia Concursos traz not\u00edcias sobre concursos e artigos de professores oferecendo cursos para concursos (pdf + videaulas) no site.","publisher":{"@id":"https:\/\/www.estrategiaconcursos.com.br\/blog\/#organization"},"potentialAction":[{"@type":"SearchAction","target":{"@type":"EntryPoint","urlTemplate":"https:\/\/www.estrategiaconcursos.com.br\/blog\/?s={search_term_string}"},"query-input":{"@type":"PropertyValueSpecification","valueRequired":true,"valueName":"search_term_string"}}],"inLanguage":"pt-BR"},{"@type":"Organization","@id":"https:\/\/www.estrategiaconcursos.com.br\/blog\/#organization","name":"Estrat\u00e9gia Concursos","url":"https:\/\/www.estrategiaconcursos.com.br\/blog\/","logo":{"@type":"ImageObject","inLanguage":"pt-BR","@id":"https:\/\/www.estrategiaconcursos.com.br\/blog\/#\/schema\/logo\/image\/","url":"https:\/\/dhg1h5j42swfq.cloudfront.net\/2025\/06\/03203428\/logo_concursos-1.jpg","contentUrl":"https:\/\/dhg1h5j42swfq.cloudfront.net\/2025\/06\/03203428\/logo_concursos-1.jpg","width":230,"height":60,"caption":"Estrat\u00e9gia Concursos"},"image":{"@id":"https:\/\/www.estrategiaconcursos.com.br\/blog\/#\/schema\/logo\/image\/"},"sameAs":["https:\/\/x.com\/EstratConcursos"]},{"@type":"Person","@id":"https:\/\/www.estrategiaconcursos.com.br\/blog\/#\/schema\/person\/b4a388c97673c5f483d72185668afa1f","name":"Coordena\u00e7\u00e3o","image":{"@type":"ImageObject","inLanguage":"pt-BR","@id":"https:\/\/secure.gravatar.com\/avatar\/b720319e4c9a967eb58678d110f4fe35452fc5d5f97b202bac7b8acceb18c6ad?s=96&d=mm&r=g","url":"https:\/\/secure.gravatar.com\/avatar\/b720319e4c9a967eb58678d110f4fe35452fc5d5f97b202bac7b8acceb18c6ad?s=96&d=mm&r=g","contentUrl":"https:\/\/secure.gravatar.com\/avatar\/b720319e4c9a967eb58678d110f4fe35452fc5d5f97b202bac7b8acceb18c6ad?s=96&d=mm&r=g","caption":"Coordena\u00e7\u00e3o"},"sameAs":["https:\/\/www.facebook.com\/EstrategiaConcursos","https:\/\/x.com\/EstratConcursos"],"url":"https:\/\/www.estrategiaconcursos.com.br\/blog\/author\/estrategia2013\/"}]}},"_links":{"self":[{"href":"https:\/\/www.estrategiaconcursos.com.br\/blog\/wp-json\/wp\/v2\/posts\/1081934","targetHints":{"allow":["GET"]}}],"collection":[{"href":"https:\/\/www.estrategiaconcursos.com.br\/blog\/wp-json\/wp\/v2\/posts"}],"about":[{"href":"https:\/\/www.estrategiaconcursos.com.br\/blog\/wp-json\/wp\/v2\/types\/post"}],"author":[{"embeddable":true,"href":"https:\/\/www.estrategiaconcursos.com.br\/blog\/wp-json\/wp\/v2\/users\/1"}],"replies":[{"embeddable":true,"href":"https:\/\/www.estrategiaconcursos.com.br\/blog\/wp-json\/wp\/v2\/comments?post=1081934"}],"version-history":[{"count":8,"href":"https:\/\/www.estrategiaconcursos.com.br\/blog\/wp-json\/wp\/v2\/posts\/1081934\/revisions"}],"predecessor-version":[{"id":1082110,"href":"https:\/\/www.estrategiaconcursos.com.br\/blog\/wp-json\/wp\/v2\/posts\/1081934\/revisions\/1082110"}],"wp:featuredmedia":[{"embeddable":true,"href":"https:\/\/www.estrategiaconcursos.com.br\/blog\/wp-json\/wp\/v2\/media\/856132"}],"wp:attachment":[{"href":"https:\/\/www.estrategiaconcursos.com.br\/blog\/wp-json\/wp\/v2\/media?parent=1081934"}],"wp:term":[{"taxonomy":"category","embeddable":true,"href":"https:\/\/www.estrategiaconcursos.com.br\/blog\/wp-json\/wp\/v2\/categories?post=1081934"},{"taxonomy":"post_tag","embeddable":true,"href":"https:\/\/www.estrategiaconcursos.com.br\/blog\/wp-json\/wp\/v2\/tags?post=1081934"},{"taxonomy":"tax_estado","embeddable":true,"href":"https:\/\/www.estrategiaconcursos.com.br\/blog\/wp-json\/wp\/v2\/tax_estado?post=1081934"}],"curies":[{"name":"wp","href":"https:\/\/api.w.org\/{rel}","templated":true}]}}