{"id":1081587,"date":"2026-05-01T07:26:00","date_gmt":"2026-05-01T10:26:00","guid":{"rendered":"https:\/\/www.estrategiaconcursos.com.br\/blog\/?p=1081587"},"modified":"2026-05-01T09:23:18","modified_gmt":"2026-05-01T12:23:18","slug":"concurso-ifam","status":"publish","type":"post","link":"https:\/\/www.estrategiaconcursos.com.br\/blog\/concurso-ifam\/","title":{"rendered":"Concurso IFAM: SAIU novo edital! Ganhe R$ 6,4 mil!"},"content":{"rendered":"\n<p style=\"font-size:clamp(15.197px, 0.95rem + ((1vw - 3.2px) * 0.765), 23px);\"><strong><em>Novo concurso IFAM tem edital publicado com sal\u00e1rios de R$ 6,4 mil. Provas em junho!<\/em><\/strong><\/p>\n\n\n\n<p>Est\u00e1 na pra\u00e7a o edital do novo <strong>concurso IFAM<\/strong> (<a href=\"https:\/\/www.estrategiaconcursos.com.br\/cursosPorConcurso\/instituto-federal-de-educacao-ciencia-e-tecnologia-do-amazonas-ifam\/\" target=\"_blank\" rel=\"noreferrer noopener\">Instituto Federal de Educa\u00e7\u00e3o, Ci\u00eancia e Tecnologia do Amazonas<\/a>) com oferta de 6 vagas imediatas.<\/p>\n\n\n\n<p>As oportunidades s\u00e3o para o <strong>cargo de T\u00e9cnico-Administrativo em Educa\u00e7\u00e3o<\/strong>, distribu\u00eddas entre diferentes \u00e1reas de atua\u00e7\u00e3o de n\u00edvel superior. O sal\u00e1rio inicial \u00e9 de R$ 6.407,39.<\/p>\n\n\n\n<p>Os interessados em participar da sele\u00e7\u00e3o devem realizar as <strong>inscri\u00e7\u00f5es at\u00e9 o dia 21 de maio<\/strong>, no portal da IFAM, ao custo de R$ 120,00. As provas s\u00e3o previstas em 7 de junho.<\/p>\n\n\n\n<ul class=\"wp-block-list has-very-light-gray-to-cyan-bluish-gray-gradient-background has-background\">\n<li><strong>Instituto Federal de Educa\u00e7\u00e3o, Ci\u00eancia e Tecnologia do Amazonas<\/strong><\/li>\n\n\n\n<li><strong>Situa\u00e7\u00e3o<\/strong>: inscri\u00e7\u00f5es abertas at\u00e9 21\/5<\/li>\n\n\n\n<li><strong>Banca:<\/strong> <a href=\"https:\/\/portal.ifam.edu.br\/pro-reitorias\/pro-reitoria-de-gestao-de-pessoas\/concursos-e-processos-seletivos\/concursos-publicos\/concurso-publico-para-taes-2026\/\" target=\"_blank\" rel=\"noreferrer noopener\">Instituto Federal Amazonas<\/a><\/li>\n\n\n\n<li><strong>Vagas:<\/strong> 6<\/li>\n\n\n\n<li><strong>Sal\u00e1rio inicial:<\/strong> R$ 6.407,39<\/li>\n\n\n\n<li><strong>Edital<\/strong>:&nbsp;<a href=\"https:\/\/dhg1h5j42swfq.cloudfront.net\/2026\/04\/30064143\/edital-ifam-2026.pdf\" target=\"_blank\" rel=\"noreferrer noopener nofollow\">Edital IFAM-2026<\/a><\/li>\n<\/ul>\n\n\n\n<p>Vale lembrar que o \u00faltimo concurso IFAM foi realizado em 2025, com oferta de <strong>144 vagas<\/strong> para cargos de Professor de Magist\u00e9rio do Ensino B\u00e1sico, T\u00e9cnico e Tecnol\u00f3gico.<\/p>\n\n\n\n<p>Fique por dentro de todos os detalhes do edital navegando pelo \u00edndice abaixo:<\/p>\n\n\n\n<ul class=\"wp-block-list\">\n<li><a href=\"#edital-2026\">Novo edital publicado<\/a>\n<ul class=\"wp-block-list\">\n<li><a href=\"#datas\">Principais datas<\/a><\/li>\n\n\n\n<li><a href=\"#cargos-vagas\">Cargos e vagas<\/a><\/li>\n\n\n\n<li><a href=\"#etapas\">Etapas e provas<\/a><\/li>\n<\/ul>\n<\/li>\n\n\n\n<li><a href=\"#ultimo-concurso\">\u00daltimo concurso<\/a>\n<ul class=\"wp-block-list\">\n<li><a href=\"#cargos-2025\">Cargos e vagas<\/a><\/li>\n\n\n\n<li><a href=\"#etapas-2025\">Etapas e provas<\/a><\/li>\n<\/ul>\n<\/li>\n\n\n\n<li><a href=\"#cursos\">Cursos<\/a><\/li>\n\n\n\n<li><a href=\"#ficha\">Ficha T\u00e9cnica<\/a><\/li>\n<\/ul>\n\n\n\n<div class=\"container\" id=\"boxes\">\n  <div class=\"row\">\n\n    <div class=\"col-sm\">\n      <div class=\"banner-estrategia\" id=\"box-assinatura\">\n        <h3 class=\"titulo-assinatura\">Cursos IFAM<\/h3>\n        <p class=\"subtitulo-assinatura\">Estude conosco<\/p>\n        <div class=\"box-botao\">\n          <a class=\"btn-assinatura\" target=\"_blank\" href=\"https:\/\/www.estrategiaconcursos.com.br\/cursosPorConcurso\/instituto-federal-de-educacao-ciencia-e-tecnologia-do-amazonas-ifam\/\" role=\"button\" rel=\"noopener noreferrer\">Conhe\u00e7a os cursos<\/a>\n        <\/div>\n      <\/div>\n     \n    <\/div>\n\n  <\/div>\n<\/div>\n\n\n\n<h2 class=\"wp-block-heading\" id=\"edital-2026\">Concurso IFAM: novo edital 2026<\/h2>\n\n\n\n<h3 class=\"wp-block-heading\" id=\"datas\">Principais datas do edital<\/h3>\n\n\n\n<ul class=\"wp-block-list\">\n<li><strong>Inscri\u00e7\u00f5es<\/strong>: 1\u00ba a 21 de maio<\/li>\n\n\n\n<li><strong>Isen\u00e7\u00e3o da taxa<\/strong>: 1\u00ba a 6 de maio<\/li>\n\n\n\n<li><strong>\u00daltimo dia para pagamento<\/strong>: 21 de maio<\/li>\n\n\n\n<li><strong>Prova<\/strong>: 7 de junho<\/li>\n<\/ul>\n\n\n\n<h3 class=\"wp-block-heading\" id=\"cargos-vagas\">Cargos e vagas do concurso IFAM<\/h3>\n\n\n\n<p id=\"superior\"><strong>T\u00e9cnico-Administrativo em Educa\u00e7\u00e3o<\/strong><\/p>\n\n\n\n<figure class=\"wp-block-table is-style-stripes\"><table class=\"has-very-light-gray-to-cyan-bluish-gray-gradient-background has-background has-fixed-layout\"><thead><tr><th class=\"has-text-align-center\" data-align=\"center\">Cargos<\/th><th class=\"has-text-align-center\" data-align=\"center\">Vagas<\/th><th class=\"has-text-align-center\" data-align=\"center\">Sal\u00e1rio<\/th><\/tr><\/thead><tbody><tr><td class=\"has-text-align-center\" data-align=\"center\">Arquiteto e Urbanista<\/td><td class=\"has-text-align-center\" data-align=\"center\">1<\/td><td class=\"has-text-align-center\" data-align=\"center\">R$ 5.215,39<\/td><\/tr><tr><td class=\"has-text-align-center\" data-align=\"center\">Arquivista<\/td><td class=\"has-text-align-center\" data-align=\"center\">1<\/td><td class=\"has-text-align-center\" data-align=\"center\">R$ 5.215,39<\/td><\/tr><tr><td class=\"has-text-align-center\" data-align=\"center\">Auditor<\/td><td class=\"has-text-align-center\" data-align=\"center\">1<\/td><td class=\"has-text-align-center\" data-align=\"center\">R$ 5.215,39<\/td><\/tr><tr><td class=\"has-text-align-center\" data-align=\"center\">Engenheiro Civil<\/td><td class=\"has-text-align-center\" data-align=\"center\">1<\/td><td class=\"has-text-align-center\" data-align=\"center\">R$ 5.215,39<\/td><\/tr><tr><td class=\"has-text-align-center\" data-align=\"center\">Estat\u00edstico<\/td><td class=\"has-text-align-center\" data-align=\"center\">1<\/td><td class=\"has-text-align-center\" data-align=\"center\">R$ 5.215,39<\/td><\/tr><tr><td class=\"has-text-align-center\" data-align=\"center\">M\u00e9dico &#8211; Medicina do Trabalho<\/td><td class=\"has-text-align-center\" data-align=\"center\">1<\/td><td class=\"has-text-align-center\" data-align=\"center\">R$ 5.215,39<\/td><\/tr><\/tbody><\/table><\/figure>\n\n\n\n<p>A estrutura remunerat\u00f3ria \u00e9 a seguinte:<\/p>\n\n\n\n<ul class=\"wp-block-list\">\n<li>Vencimento B\u00e1sico: R$ 5.215,39, conforme o Anexo I-D da Lei n\u00ba 11.091\/2005, inclu\u00eddo pelo Art. 133 da Lei n\u00ba 15.141\/2025 e o Anexo I-B da Lei n\u00ba 15.367\/2026;<\/li>\n\n\n\n<li>Aux\u00edlio Alimenta\u00e7\u00e3o: R$ 1.192,00, conforme a Portaria\/MGI n\u00ba 2.756\/2026.<\/li>\n<\/ul>\n\n\n\n<p>Al\u00e9m destes, s\u00e3o ofertados os seguintes benef\u00edcios no concurso IFAM:<\/p>\n\n\n\n<ul class=\"wp-block-list\">\n<li>Aux\u00edlio-Creche e Pr\u00e9-Escolar no valor de R$ 526,64 para dependentes legais com idade inferior a 06 anos, conforme a Portaria MGI n\u00ba 2.785\/2026, que regulamenta o disposto no Decreto n\u00ba 977\/1993;<\/li>\n\n\n\n<li>Aux\u00edlio-Transporte, concedido aos servidores nomeados para o cargo, na forma da Lei n\u00ba 7.418\/1985 e do Art. 106 do Decreto n\u00ba 10.854\/2021, observado o trajeto efetivamente realizado e as normas aplic\u00e1veis \u00e0 concess\u00e3o do benef\u00edcio no servi\u00e7o p\u00fablico federal;<\/li>\n\n\n\n<li>Percentual de Incentivo \u00e0 Qualifica\u00e7\u00e3o para as pessoas candidatas que possuam escolaridade superior \u00e0 exigida para ocupa\u00e7\u00e3o do cargo, conforme a tabela a seguir, extra\u00edda do Anexo IV da Lei n\u00ba 11.091\/2005, alterada pelo Art. 132 da Lei n\u00ba 15.141\/2025.<\/li>\n<\/ul>\n\n\n\n<figure class=\"wp-block-image aligncenter size-full\"><img loading=\"lazy\" decoding=\"async\" width=\"858\" height=\"177\" src=\"https:\/\/dhg1h5j42swfq.cloudfront.net\/2026\/04\/30065033\/percentual-de-incentivo-a-qualificacao-ifam.png\" alt=\"Percentual de Incentivo \u00e0 Qualifica\u00e7\u00e3o\" class=\"wp-image-1758906\" srcset=\"https:\/\/dhg1h5j42swfq.cloudfront.net\/2026\/04\/30065033\/percentual-de-incentivo-a-qualificacao-ifam.png 858w, https:\/\/dhg1h5j42swfq.cloudfront.net\/2026\/04\/30065033\/percentual-de-incentivo-a-qualificacao-ifam-300x62.png 300w, https:\/\/dhg1h5j42swfq.cloudfront.net\/2026\/04\/30065033\/percentual-de-incentivo-a-qualificacao-ifam-768x158.png 768w, https:\/\/dhg1h5j42swfq.cloudfront.net\/2026\/04\/30065033\/percentual-de-incentivo-a-qualificacao-ifam-150x31.png 150w\" sizes=\"auto, (max-width: 858px) 100vw, 858px\" \/><figcaption class=\"wp-element-caption\">Percentual de Incentivo \u00e0 Qualifica\u00e7\u00e3o<\/figcaption><\/figure>\n\n\n\n<h3 class=\"wp-block-heading\" id=\"etapas\">Etapas e provas do edital IFAM<\/h3>\n\n\n\n<p>Os candidatos do concurso ser\u00e3o avaliados mediante aplica\u00e7\u00e3o de etapa \u00fanica, composta pela <strong>Prova Objetiva<\/strong>. A dura\u00e7\u00e3o ser\u00e1 de 3 horas.<\/p>\n\n\n\n<p>A prova de cada cargo ser\u00e1 eliminat\u00f3ria e classificat\u00f3ria, com quest\u00f5es de m\u00faltipla escolha, contendo cinco alternativas (A, B, C, D e E).<\/p>\n\n\n\n<figure class=\"wp-block-image aligncenter size-full\"><img loading=\"lazy\" decoding=\"async\" width=\"857\" height=\"272\" src=\"https:\/\/dhg1h5j42swfq.cloudfront.net\/2026\/04\/30065245\/prova-objetiva-ifam-2026.png\" alt=\"Quadro de Prova Objetiva do edital IFAM 2026\" class=\"wp-image-1758907\" srcset=\"https:\/\/dhg1h5j42swfq.cloudfront.net\/2026\/04\/30065245\/prova-objetiva-ifam-2026.png 857w, https:\/\/dhg1h5j42swfq.cloudfront.net\/2026\/04\/30065245\/prova-objetiva-ifam-2026-300x95.png 300w, https:\/\/dhg1h5j42swfq.cloudfront.net\/2026\/04\/30065245\/prova-objetiva-ifam-2026-768x244.png 768w, https:\/\/dhg1h5j42swfq.cloudfront.net\/2026\/04\/30065245\/prova-objetiva-ifam-2026-150x48.png 150w\" sizes=\"auto, (max-width: 857px) 100vw, 857px\" \/><figcaption class=\"wp-element-caption\">Quadro de Prova Objetiva do edital IFAM 2026<\/figcaption><\/figure>\n\n\n\n<h2 class=\"wp-block-heading\" id=\"informa\u00e7\u00f5es\">Concurso IFAM: \u00faltimo edital 2025<\/h2>\n\n\n\n<h3 class=\"wp-block-heading\" id=\"cargos-2025\">Cargos e vagas do concurso IFAM <\/h3>\n\n\n\n<ul class=\"wp-block-list\">\n<li><strong>Inform\u00e1tica (17 vagas)<\/strong><\/li>\n\n\n\n<li><strong>Biologia (10 vagas)<\/strong><\/li>\n\n\n\n<li><strong>Educa\u00e7\u00e3o F\u00edsica (10 vagas)<\/strong><\/li>\n\n\n\n<li><strong>F\u00edsica (12 vagas)<\/strong><\/li>\n\n\n\n<li><strong>Qu\u00edmica (13 vagas)<\/strong><\/li>\n\n\n\n<li><strong>Matem\u00e1tica (9 vagas)<\/strong><\/li>\n\n\n\n<li><strong>Geografia, Hist\u00f3ria, Administra\u00e7\u00e3o, Contabilidade, Letras, Pedagogia, Sociologia<\/strong>, entre outras.<\/li>\n<\/ul>\n\n\n\n<h3 class=\"wp-block-heading\" id=\"salarios\">Sal\u00e1rios e benef\u00edcios<\/h3>\n\n\n\n<p>A remunera\u00e7\u00e3o do cargo varia conforme a titula\u00e7\u00e3o do candidato. O professor ingressa na <strong>classe A<\/strong>, com <strong>40h de dedica\u00e7\u00e3o exclusiva<\/strong>.<\/p>\n\n\n\n<p>Veja os principais valores:<\/p>\n\n\n\n<ul class=\"wp-block-list\">\n<li><strong>Gradua\u00e7\u00e3o:<\/strong> R$ 6.180,86<\/li>\n\n\n\n<li><strong>Especializa\u00e7\u00e3o:<\/strong> R$ 7.417,03<\/li>\n\n\n\n<li><strong>Mestrado:<\/strong> R$ 9.271,29<\/li>\n\n\n\n<li><strong>Doutorado:<\/strong> R$ 13.288,85<\/li>\n<\/ul>\n\n\n\n<p>Al\u00e9m disso, o servidor tem direito a:<\/p>\n\n\n\n<ul class=\"wp-block-list\">\n<li><strong>Aux\u00edlio-alimenta\u00e7\u00e3o:<\/strong> R$ 1.175,00<\/li>\n\n\n\n<li><strong>Aux\u00edlio-creche:<\/strong> R$ 484,90<\/li>\n\n\n\n<li><strong>Aux\u00edlio-transporte<\/strong> (conforme legisla\u00e7\u00e3o)<\/li>\n\n\n\n<li><strong>Retribui\u00e7\u00e3o por titula\u00e7\u00e3o<\/strong> (acima da exig\u00eancia m\u00ednima)<\/li>\n<\/ul>\n\n\n\n<h3 class=\"wp-block-heading\" id=\"etapas-2025\">Etapas e provas do concurso IFAM<\/h3>\n\n\n\n<p>A sele\u00e7\u00e3o contou com tr\u00eas fases: <strong>prova objetiva<\/strong>, <strong>prova de desempenho did\u00e1tico<\/strong> e <strong>prova de t\u00edtulos<\/strong>.<\/p>\n\n\n\n<p>A <strong>Prova Objetiva<\/strong> teve <strong>50 quest\u00f5es<\/strong>, de m\u00faltipla escolha, com cinco alternativas cada.<\/p>\n\n\n\n<h3 class=\"wp-block-heading\" id=\"h-todas-as-areas-exceto-informatica\">Todas as \u00e1reas (exceto Inform\u00e1tica)<\/h3>\n\n\n\n<figure class=\"wp-block-table is-style-stripes\"><table class=\"has-fixed-layout\"><thead><tr><th class=\"has-text-align-center\" data-align=\"center\">Disciplina<\/th><th class=\"has-text-align-center\" data-align=\"center\">N\u00ba de Quest\u00f5es<\/th><th class=\"has-text-align-center\" data-align=\"center\">Peso<\/th><th class=\"has-text-align-center\" data-align=\"center\">Pontos Totais<\/th><\/tr><\/thead><tbody><tr><td class=\"has-text-align-center\" data-align=\"center\"><strong>L\u00edngua Portuguesa<\/strong><\/td><td class=\"has-text-align-center\" data-align=\"center\">7<\/td><td class=\"has-text-align-center\" data-align=\"center\">1<\/td><td class=\"has-text-align-center\" data-align=\"center\">7 pontos<\/td><\/tr><tr><td class=\"has-text-align-center\" data-align=\"center\"><strong>Inform\u00e1tica B\u00e1sica<\/strong><\/td><td class=\"has-text-align-center\" data-align=\"center\">6<\/td><td class=\"has-text-align-center\" data-align=\"center\">1<\/td><td class=\"has-text-align-center\" data-align=\"center\">6 pontos<\/td><\/tr><tr><td class=\"has-text-align-center\" data-align=\"center\"><strong>Legisla\u00e7\u00e3o Aplicada ao Servi\u00e7o P\u00fablico<\/strong><\/td><td class=\"has-text-align-center\" data-align=\"center\">6<\/td><td class=\"has-text-align-center\" data-align=\"center\">1<\/td><td class=\"has-text-align-center\" data-align=\"center\">6 pontos<\/td><\/tr><tr><td class=\"has-text-align-center\" data-align=\"center\"><strong>Did\u00e1tica<\/strong><\/td><td class=\"has-text-align-center\" data-align=\"center\">6<\/td><td class=\"has-text-align-center\" data-align=\"center\">1<\/td><td class=\"has-text-align-center\" data-align=\"center\">6 pontos<\/td><\/tr><tr><td class=\"has-text-align-center\" data-align=\"center\"><strong>Conhecimentos Espec\u00edficos da \u00c1rea<\/strong><\/td><td class=\"has-text-align-center\" data-align=\"center\">25<\/td><td class=\"has-text-align-center\" data-align=\"center\">2<\/td><td class=\"has-text-align-center\" data-align=\"center\">50 pontos<\/td><\/tr><tr><td class=\"has-text-align-center\" data-align=\"center\"><strong>TOTAL<\/strong><\/td><td class=\"has-text-align-center\" data-align=\"center\"><strong>50 quest\u00f5es<\/strong><\/td><td class=\"has-text-align-center\" data-align=\"center\">\u2014<\/td><td class=\"has-text-align-center\" data-align=\"center\"><strong>75 pontos<\/strong><\/td><\/tr><\/tbody><\/table><\/figure>\n\n\n\n<h3 class=\"wp-block-heading\" id=\"h-area-de-informatica\">\u00c1rea de Inform\u00e1tica<\/h3>\n\n\n\n<figure class=\"wp-block-table is-style-stripes\"><table class=\"has-fixed-layout\"><thead><tr><th class=\"has-text-align-center\" data-align=\"center\">Disciplina<\/th><th class=\"has-text-align-center\" data-align=\"center\">N\u00ba de Quest\u00f5es<\/th><th class=\"has-text-align-center\" data-align=\"center\">Peso<\/th><th class=\"has-text-align-center\" data-align=\"center\">Pontos Totais<\/th><\/tr><\/thead><tbody><tr><td class=\"has-text-align-center\" data-align=\"center\"><strong>L\u00edngua Portuguesa<\/strong><\/td><td class=\"has-text-align-center\" data-align=\"center\">7<\/td><td class=\"has-text-align-center\" data-align=\"center\">1<\/td><td class=\"has-text-align-center\" data-align=\"center\">7 pontos<\/td><\/tr><tr><td class=\"has-text-align-center\" data-align=\"center\"><strong>Legisla\u00e7\u00e3o Aplicada ao Servi\u00e7o P\u00fablico<\/strong><\/td><td class=\"has-text-align-center\" data-align=\"center\">6<\/td><td class=\"has-text-align-center\" data-align=\"center\">1<\/td><td class=\"has-text-align-center\" data-align=\"center\">6 pontos<\/td><\/tr><tr><td class=\"has-text-align-center\" data-align=\"center\"><strong>Did\u00e1tica<\/strong><\/td><td class=\"has-text-align-center\" data-align=\"center\">6<\/td><td class=\"has-text-align-center\" data-align=\"center\">1<\/td><td class=\"has-text-align-center\" data-align=\"center\">6 pontos<\/td><\/tr><tr><td class=\"has-text-align-center\" data-align=\"center\"><strong>Conhecimentos Espec\u00edficos de Inform\u00e1tica<\/strong><\/td><td class=\"has-text-align-center\" data-align=\"center\">31<\/td><td class=\"has-text-align-center\" data-align=\"center\">2<\/td><td class=\"has-text-align-center\" data-align=\"center\">62 pontos<\/td><\/tr><tr><td class=\"has-text-align-center\" data-align=\"center\"><strong>TOTAL<\/strong><\/td><td class=\"has-text-align-center\" data-align=\"center\"><strong>50 quest\u00f5es<\/strong><\/td><td class=\"has-text-align-center\" data-align=\"center\">\u2014<\/td><td class=\"has-text-align-center\" data-align=\"center\"><strong>81 pontos<\/strong><\/td><\/tr><\/tbody><\/table><\/figure>\n\n\n\n<hr class=\"wp-block-separator has-alpha-channel-opacity\"\/>\n\n\n\n<p class=\"has-text-align-center\" id=\"concursos-previstos\" style=\"font-size:clamp(17.905px, 1.119rem + ((1vw - 3.2px) * 0.99), 28px);\"><strong>Quer saber tudo sobre concursos previstos?<br \/>Confira nossos artigos!<\/strong><\/p>\n\n\n\n<ul class=\"wp-block-list\">\n<li><a href=\"https:\/\/www.estrategiaconcursos.com.br\/blog\/concursos-abertos\/\" target=\"_blank\" rel=\"noreferrer noopener\">Concursos abertos<\/a><\/li>\n\n\n\n<li><a href=\"https:\/\/www.estrategiaconcursos.com.br\/blog\/concursos-educacao\/\">Concursos educa\u00e7\u00e3o<\/a><\/li>\n\n\n\n<li><a href=\"https:\/\/www.estrategiaconcursos.com.br\/blog\/concursos-2026\/\">Concursos 2026<\/a><\/li>\n<\/ul>\n\n\n\n<p class=\"has-text-align-center\" id=\"cursos\" style=\"font-size:clamp(17.905px, 1.119rem + ((1vw - 3.2px) * 0.99), 28px);\"><em><strong>Quer estudar para o concurso IFAM?<\/strong><\/em><\/p>\n\n\n\n<div class=\"container\" id=\"boxes\">\n  <div class=\"row\">\n\n    <div class=\"col-sm\">\n      <div class=\"banner-estrategia\" id=\"box-assinatura\">\n        <h3 class=\"titulo-assinatura\">Cursos IFAM<\/h3>\n        <p class=\"subtitulo-assinatura\">Estude conosco<\/p>\n        <div class=\"box-botao\">\n          <a class=\"btn-assinatura\" target=\"_blank\" href=\"https:\/\/www.estrategiaconcursos.com.br\/cursosPorConcurso\/instituto-federal-de-educacao-ciencia-e-tecnologia-do-amazonas-ifam\/\" role=\"button\" rel=\"noopener noreferrer\">Conhe\u00e7a os cursos<\/a>\n        <\/div>\n      <\/div>\n     \n    <\/div>\n\n  <\/div>\n<\/div>\n\n\n\n<div class=\"container\" id=\"boxes\">\n  <div class=\"row\">\n\n    <div class=\"col-sm\">\n      <div class=\"estrategia\" id=\"box-assinatura\">\n        <h3 class=\"titulo-assinatura\">Assinatura de Concursos<\/h3>\n        <p class=\"subtitulo-assinatura\">Assinatura de 1 ano ou 2 anos<\/p>\n        <div class=\"box-botao\">\n          <a class=\"btn-assinatura\" target=\"_blank\" href=\"https:\/\/www.estrategiaconcursos.com.br\/assinaturas\/\" role=\"button\" rel=\"noopener noreferrer\">ASSINE AGORA<\/a>\n        <\/div>\n      <\/div>\n     \n    <\/div><\/div><\/div>\n\n\n\n<figure class=\"wp-block-image size-large is-resized\"><img loading=\"lazy\" decoding=\"async\" width=\"1024\" height=\"632\" src=\"https:\/\/dhg1h5j42swfq.cloudfront.net\/2025\/06\/27101122\/ficha-tecnica-1-1024x632.png\" alt=\"Informa\u00e7\u00f5es do edital IFAM\" class=\"wp-image-702728\" style=\"aspect-ratio:1.6202310115505776;width:285px;height:auto\" srcset=\"https:\/\/dhg1h5j42swfq.cloudfront.net\/2025\/06\/27101122\/ficha-tecnica-1-1024x632.png 1024w, https:\/\/dhg1h5j42swfq.cloudfront.net\/2025\/06\/27101122\/ficha-tecnica-1-300x185.png 300w, https:\/\/dhg1h5j42swfq.cloudfront.net\/2025\/06\/27101122\/ficha-tecnica-1-768x474.png 768w, https:\/\/dhg1h5j42swfq.cloudfront.net\/2025\/06\/27101122\/ficha-tecnica-1-1536x948.png 1536w, https:\/\/dhg1h5j42swfq.cloudfront.net\/2025\/06\/27101122\/ficha-tecnica-1-610x377.png 610w, https:\/\/dhg1h5j42swfq.cloudfront.net\/2025\/06\/27101122\/ficha-tecnica-1.png 1571w\" sizes=\"auto, (max-width: 1024px) 100vw, 1024px\" \/><\/figure>\n\n\n\n<h2 class=\"wp-block-heading\" id=\"ficha\">Informa\u00e7\u00f5es do Concurso IFAM<\/h2>\n\n\n\n<ul class=\"wp-block-list\">\n<li><strong>Provas<\/strong>: 07\/06\/2026<\/li>\n\n\n\n<li><strong>Vagas<\/strong>: 6<\/li>\n\n\n\n<li><strong>Cargos<\/strong>: T\u00e9cnico-Administrativo em Educa\u00e7\u00e3o<\/li>\n\n\n\n<li><strong>Banca<\/strong>: IFAM<\/li>\n\n\n\n<li><strong>Escolaridade<\/strong>: n\u00edvel superior<\/li>\n\n\n\n<li><strong>Edital<\/strong>:&nbsp;<a href=\"https:\/\/dhg1h5j42swfq.cloudfront.net\/2026\/04\/30064143\/edital-ifam-2026.pdf\" target=\"_blank\" rel=\"noreferrer noopener nofollow\">Edital IFAM-2026<\/a><\/li>\n<\/ul>\n","protected":false},"excerpt":{"rendered":"<p>Novo concurso IFAM tem edital publicado com sal\u00e1rios de R$ 6,4 mil. Provas em junho! Est\u00e1 na pra\u00e7a o edital do novo concurso IFAM (Instituto Federal de Educa\u00e7\u00e3o, Ci\u00eancia e Tecnologia do Amazonas) com oferta de 6 vagas imediatas. As oportunidades s\u00e3o para o cargo de T\u00e9cnico-Administrativo em Educa\u00e7\u00e3o, distribu\u00eddas entre diferentes \u00e1reas de atua\u00e7\u00e3o [&hellip;]<\/p>\n","protected":false},"author":1,"featured_media":1090639,"comment_status":"open","ping_status":"closed","sticky":false,"template":"","format":"standard","meta":{"post_tipo":"news_page","footnotes":""},"categories":[3766,220219],"tags":[],"tax_estado":[219966],"class_list":["post-1081587","post","type-post","status-publish","format-standard","has-post-thumbnail","hentry","category-educacional","category-noticias","tax_estado-am"],"acf":[],"yoast_head":"<!-- This site is optimized with the Yoast SEO Premium plugin v27.2 (Yoast SEO v27.2) - https:\/\/yoast.com\/product\/yoast-seo-premium-wordpress\/ -->\n<title>Concurso IFAM: SAIU novo edital! Ganhe R$ 6,4 mil!<\/title>\n<meta name=\"description\" content=\"Concurso IFAM tem novo edital publicado com vagas de n\u00edvel superior. Inscri\u00e7\u00f5es abertas e provas no m\u00eas de junho. Confira.\" \/>\n<meta name=\"robots\" content=\"index, follow, max-snippet:-1, max-image-preview:large, max-video-preview:-1\" \/>\n<link rel=\"canonical\" href=\"https:\/\/www.estrategiaconcursos.com.br\/blog\/concurso-ifam\/\" \/>\n<meta property=\"og:locale\" content=\"pt_BR\" \/>\n<meta property=\"og:type\" content=\"article\" \/>\n<meta property=\"og:title\" content=\"Concurso IFAM: SAIU novo edital! Ganhe R$ 6,4 mil!\" \/>\n<meta property=\"og:description\" content=\"Concurso IFAM tem novo edital publicado com vagas de n\u00edvel superior. Inscri\u00e7\u00f5es abertas e provas no m\u00eas de junho. Confira.\" \/>\n<meta property=\"og:url\" content=\"https:\/\/www.estrategiaconcursos.com.br\/blog\/concurso-ifam\/\" \/>\n<meta property=\"og:site_name\" content=\"Estrat\u00e9gia Concursos\" \/>\n<meta property=\"article:author\" content=\"https:\/\/www.facebook.com\/EstrategiaConcursos\" \/>\n<meta property=\"article:published_time\" content=\"2026-05-01T10:26:00+00:00\" \/>\n<meta property=\"article:modified_time\" content=\"2026-05-01T12:23:18+00:00\" \/>\n<meta property=\"og:image\" content=\"https:\/\/dhg1h5j42swfq.cloudfront.net\/2022\/09\/06185737\/concursos_educacao.jpg\" \/>\n\t<meta property=\"og:image:width\" content=\"768\" \/>\n\t<meta property=\"og:image:height\" content=\"432\" \/>\n\t<meta property=\"og:image:type\" content=\"image\/jpeg\" \/>\n<meta name=\"author\" content=\"Coordena\u00e7\u00e3o\" \/>\n<meta name=\"twitter:card\" content=\"summary_large_image\" \/>\n<meta name=\"twitter:creator\" content=\"@EstratConcursos\" \/>\n<meta name=\"twitter:site\" content=\"@EstratConcursos\" \/>\n<meta name=\"twitter:label1\" content=\"Escrito por\" \/>\n\t<meta name=\"twitter:data1\" content=\"Coordena\u00e7\u00e3o\" \/>\n\t<meta name=\"twitter:label2\" content=\"Est. tempo de leitura\" \/>\n\t<meta name=\"twitter:data2\" content=\"4 minutos\" \/>\n<script type=\"application\/ld+json\" class=\"yoast-schema-graph\">{\"@context\":\"https:\/\/schema.org\",\"@graph\":[{\"@type\":\"NewsArticle\",\"@id\":\"https:\/\/www.estrategiaconcursos.com.br\/blog\/concurso-ifam\/#article\",\"isPartOf\":{\"@id\":\"https:\/\/www.estrategiaconcursos.com.br\/blog\/concurso-ifam\/\"},\"author\":{\"name\":\"Coordena\u00e7\u00e3o\",\"@id\":\"https:\/\/www.estrategiaconcursos.com.br\/blog\/#\/schema\/person\/b4a388c97673c5f483d72185668afa1f\"},\"headline\":\"Concurso IFAM: SAIU novo edital! Ganhe R$ 6,4 mil!\",\"datePublished\":\"2026-05-01T10:26:00+00:00\",\"dateModified\":\"2026-05-01T12:23:18+00:00\",\"mainEntityOfPage\":{\"@id\":\"https:\/\/www.estrategiaconcursos.com.br\/blog\/concurso-ifam\/\"},\"wordCount\":812,\"commentCount\":0,\"publisher\":{\"@id\":\"https:\/\/www.estrategiaconcursos.com.br\/blog\/#organization\"},\"image\":{\"@id\":\"https:\/\/www.estrategiaconcursos.com.br\/blog\/concurso-ifam\/#primaryimage\"},\"thumbnailUrl\":\"https:\/\/dhg1h5j42swfq.cloudfront.net\/2022\/09\/06185737\/concursos_educacao.jpg\",\"articleSection\":[\"Educa\u00e7\u00e3o\",\"\u00daltimas not\u00edcias\"],\"inLanguage\":\"pt-BR\",\"potentialAction\":[{\"@type\":\"CommentAction\",\"name\":\"Comment\",\"target\":[\"https:\/\/www.estrategiaconcursos.com.br\/blog\/concurso-ifam\/#respond\"]}],\"copyrightYear\":\"2026\",\"copyrightHolder\":{\"@id\":\"https:\/\/www.estrategiaconcursos.com.br\/blog\/#organization\"}},{\"@type\":\"WebPage\",\"@id\":\"https:\/\/www.estrategiaconcursos.com.br\/blog\/concurso-ifam\/\",\"url\":\"https:\/\/www.estrategiaconcursos.com.br\/blog\/concurso-ifam\/\",\"name\":\"Concurso IFAM: SAIU novo edital! Ganhe R$ 6,4 mil!\",\"isPartOf\":{\"@id\":\"https:\/\/www.estrategiaconcursos.com.br\/blog\/#website\"},\"primaryImageOfPage\":{\"@id\":\"https:\/\/www.estrategiaconcursos.com.br\/blog\/concurso-ifam\/#primaryimage\"},\"image\":{\"@id\":\"https:\/\/www.estrategiaconcursos.com.br\/blog\/concurso-ifam\/#primaryimage\"},\"thumbnailUrl\":\"https:\/\/dhg1h5j42swfq.cloudfront.net\/2022\/09\/06185737\/concursos_educacao.jpg\",\"datePublished\":\"2026-05-01T10:26:00+00:00\",\"dateModified\":\"2026-05-01T12:23:18+00:00\",\"description\":\"Concurso IFAM tem novo edital publicado com vagas de n\u00edvel superior. Inscri\u00e7\u00f5es abertas e provas no m\u00eas de junho. Confira.\",\"breadcrumb\":{\"@id\":\"https:\/\/www.estrategiaconcursos.com.br\/blog\/concurso-ifam\/#breadcrumb\"},\"inLanguage\":\"pt-BR\",\"potentialAction\":[{\"@type\":\"ReadAction\",\"target\":[\"https:\/\/www.estrategiaconcursos.com.br\/blog\/concurso-ifam\/\"]}]},{\"@type\":\"ImageObject\",\"inLanguage\":\"pt-BR\",\"@id\":\"https:\/\/www.estrategiaconcursos.com.br\/blog\/concurso-ifam\/#primaryimage\",\"url\":\"https:\/\/dhg1h5j42swfq.cloudfront.net\/2022\/09\/06185737\/concursos_educacao.jpg\",\"contentUrl\":\"https:\/\/dhg1h5j42swfq.cloudfront.net\/2022\/09\/06185737\/concursos_educacao.jpg\",\"width\":768,\"height\":432,\"caption\":\"Concurso SME Indaial SP\"},{\"@type\":\"BreadcrumbList\",\"@id\":\"https:\/\/www.estrategiaconcursos.com.br\/blog\/concurso-ifam\/#breadcrumb\",\"itemListElement\":[{\"@type\":\"ListItem\",\"position\":1,\"name\":\"In\u00edcio\",\"item\":\"https:\/\/www.estrategiaconcursos.com.br\/blog\/\"},{\"@type\":\"ListItem\",\"position\":2,\"name\":\"Concurso IFAM: SAIU novo edital! Ganhe R$ 6,4 mil!\"}]},{\"@type\":\"WebSite\",\"@id\":\"https:\/\/www.estrategiaconcursos.com.br\/blog\/#website\",\"url\":\"https:\/\/www.estrategiaconcursos.com.br\/blog\/\",\"name\":\"Estrat\u00e9gia Concursos\",\"description\":\"O blog da Estrat\u00e9gia Concursos traz not\u00edcias sobre concursos e artigos de professores oferecendo cursos para concursos (pdf + videaulas) no site.\",\"publisher\":{\"@id\":\"https:\/\/www.estrategiaconcursos.com.br\/blog\/#organization\"},\"potentialAction\":[{\"@type\":\"SearchAction\",\"target\":{\"@type\":\"EntryPoint\",\"urlTemplate\":\"https:\/\/www.estrategiaconcursos.com.br\/blog\/?s={search_term_string}\"},\"query-input\":{\"@type\":\"PropertyValueSpecification\",\"valueRequired\":true,\"valueName\":\"search_term_string\"}}],\"inLanguage\":\"pt-BR\"},{\"@type\":\"Organization\",\"@id\":\"https:\/\/www.estrategiaconcursos.com.br\/blog\/#organization\",\"name\":\"Estrat\u00e9gia Concursos\",\"url\":\"https:\/\/www.estrategiaconcursos.com.br\/blog\/\",\"logo\":{\"@type\":\"ImageObject\",\"inLanguage\":\"pt-BR\",\"@id\":\"https:\/\/www.estrategiaconcursos.com.br\/blog\/#\/schema\/logo\/image\/\",\"url\":\"https:\/\/dhg1h5j42swfq.cloudfront.net\/2025\/06\/03203428\/logo_concursos-1.jpg\",\"contentUrl\":\"https:\/\/dhg1h5j42swfq.cloudfront.net\/2025\/06\/03203428\/logo_concursos-1.jpg\",\"width\":230,\"height\":60,\"caption\":\"Estrat\u00e9gia Concursos\"},\"image\":{\"@id\":\"https:\/\/www.estrategiaconcursos.com.br\/blog\/#\/schema\/logo\/image\/\"},\"sameAs\":[\"https:\/\/x.com\/EstratConcursos\"]},{\"@type\":\"Person\",\"@id\":\"https:\/\/www.estrategiaconcursos.com.br\/blog\/#\/schema\/person\/b4a388c97673c5f483d72185668afa1f\",\"name\":\"Coordena\u00e7\u00e3o\",\"image\":{\"@type\":\"ImageObject\",\"inLanguage\":\"pt-BR\",\"@id\":\"https:\/\/secure.gravatar.com\/avatar\/b720319e4c9a967eb58678d110f4fe35452fc5d5f97b202bac7b8acceb18c6ad?s=96&d=mm&r=g\",\"url\":\"https:\/\/secure.gravatar.com\/avatar\/b720319e4c9a967eb58678d110f4fe35452fc5d5f97b202bac7b8acceb18c6ad?s=96&d=mm&r=g\",\"contentUrl\":\"https:\/\/secure.gravatar.com\/avatar\/b720319e4c9a967eb58678d110f4fe35452fc5d5f97b202bac7b8acceb18c6ad?s=96&d=mm&r=g\",\"caption\":\"Coordena\u00e7\u00e3o\"},\"sameAs\":[\"https:\/\/www.facebook.com\/EstrategiaConcursos\",\"https:\/\/x.com\/EstratConcursos\"],\"url\":\"https:\/\/www.estrategiaconcursos.com.br\/blog\/author\/estrategia2013\/\"}]}<\/script>\n<!-- \/ Yoast SEO Premium plugin. -->","yoast_head_json":{"title":"Concurso IFAM: SAIU novo edital! Ganhe R$ 6,4 mil!","description":"Concurso IFAM tem novo edital publicado com vagas de n\u00edvel superior. Inscri\u00e7\u00f5es abertas e provas no m\u00eas de junho. Confira.","robots":{"index":"index","follow":"follow","max-snippet":"max-snippet:-1","max-image-preview":"max-image-preview:large","max-video-preview":"max-video-preview:-1"},"canonical":"https:\/\/www.estrategiaconcursos.com.br\/blog\/concurso-ifam\/","og_locale":"pt_BR","og_type":"article","og_title":"Concurso IFAM: SAIU novo edital! Ganhe R$ 6,4 mil!","og_description":"Concurso IFAM tem novo edital publicado com vagas de n\u00edvel superior. Inscri\u00e7\u00f5es abertas e provas no m\u00eas de junho. Confira.","og_url":"https:\/\/www.estrategiaconcursos.com.br\/blog\/concurso-ifam\/","og_site_name":"Estrat\u00e9gia Concursos","article_author":"https:\/\/www.facebook.com\/EstrategiaConcursos","article_published_time":"2026-05-01T10:26:00+00:00","article_modified_time":"2026-05-01T12:23:18+00:00","og_image":[{"width":768,"height":432,"url":"https:\/\/dhg1h5j42swfq.cloudfront.net\/2022\/09\/06185737\/concursos_educacao.jpg","type":"image\/jpeg"}],"author":"Coordena\u00e7\u00e3o","twitter_card":"summary_large_image","twitter_creator":"@EstratConcursos","twitter_site":"@EstratConcursos","twitter_misc":{"Escrito por":"Coordena\u00e7\u00e3o","Est. tempo de leitura":"4 minutos"},"schema":{"@context":"https:\/\/schema.org","@graph":[{"@type":"NewsArticle","@id":"https:\/\/www.estrategiaconcursos.com.br\/blog\/concurso-ifam\/#article","isPartOf":{"@id":"https:\/\/www.estrategiaconcursos.com.br\/blog\/concurso-ifam\/"},"author":{"name":"Coordena\u00e7\u00e3o","@id":"https:\/\/www.estrategiaconcursos.com.br\/blog\/#\/schema\/person\/b4a388c97673c5f483d72185668afa1f"},"headline":"Concurso IFAM: SAIU novo edital! Ganhe R$ 6,4 mil!","datePublished":"2026-05-01T10:26:00+00:00","dateModified":"2026-05-01T12:23:18+00:00","mainEntityOfPage":{"@id":"https:\/\/www.estrategiaconcursos.com.br\/blog\/concurso-ifam\/"},"wordCount":812,"commentCount":0,"publisher":{"@id":"https:\/\/www.estrategiaconcursos.com.br\/blog\/#organization"},"image":{"@id":"https:\/\/www.estrategiaconcursos.com.br\/blog\/concurso-ifam\/#primaryimage"},"thumbnailUrl":"https:\/\/dhg1h5j42swfq.cloudfront.net\/2022\/09\/06185737\/concursos_educacao.jpg","articleSection":["Educa\u00e7\u00e3o","\u00daltimas not\u00edcias"],"inLanguage":"pt-BR","potentialAction":[{"@type":"CommentAction","name":"Comment","target":["https:\/\/www.estrategiaconcursos.com.br\/blog\/concurso-ifam\/#respond"]}],"copyrightYear":"2026","copyrightHolder":{"@id":"https:\/\/www.estrategiaconcursos.com.br\/blog\/#organization"}},{"@type":"WebPage","@id":"https:\/\/www.estrategiaconcursos.com.br\/blog\/concurso-ifam\/","url":"https:\/\/www.estrategiaconcursos.com.br\/blog\/concurso-ifam\/","name":"Concurso IFAM: SAIU novo edital! Ganhe R$ 6,4 mil!","isPartOf":{"@id":"https:\/\/www.estrategiaconcursos.com.br\/blog\/#website"},"primaryImageOfPage":{"@id":"https:\/\/www.estrategiaconcursos.com.br\/blog\/concurso-ifam\/#primaryimage"},"image":{"@id":"https:\/\/www.estrategiaconcursos.com.br\/blog\/concurso-ifam\/#primaryimage"},"thumbnailUrl":"https:\/\/dhg1h5j42swfq.cloudfront.net\/2022\/09\/06185737\/concursos_educacao.jpg","datePublished":"2026-05-01T10:26:00+00:00","dateModified":"2026-05-01T12:23:18+00:00","description":"Concurso IFAM tem novo edital publicado com vagas de n\u00edvel superior. Inscri\u00e7\u00f5es abertas e provas no m\u00eas de junho. Confira.","breadcrumb":{"@id":"https:\/\/www.estrategiaconcursos.com.br\/blog\/concurso-ifam\/#breadcrumb"},"inLanguage":"pt-BR","potentialAction":[{"@type":"ReadAction","target":["https:\/\/www.estrategiaconcursos.com.br\/blog\/concurso-ifam\/"]}]},{"@type":"ImageObject","inLanguage":"pt-BR","@id":"https:\/\/www.estrategiaconcursos.com.br\/blog\/concurso-ifam\/#primaryimage","url":"https:\/\/dhg1h5j42swfq.cloudfront.net\/2022\/09\/06185737\/concursos_educacao.jpg","contentUrl":"https:\/\/dhg1h5j42swfq.cloudfront.net\/2022\/09\/06185737\/concursos_educacao.jpg","width":768,"height":432,"caption":"Concurso SME Indaial SP"},{"@type":"BreadcrumbList","@id":"https:\/\/www.estrategiaconcursos.com.br\/blog\/concurso-ifam\/#breadcrumb","itemListElement":[{"@type":"ListItem","position":1,"name":"In\u00edcio","item":"https:\/\/www.estrategiaconcursos.com.br\/blog\/"},{"@type":"ListItem","position":2,"name":"Concurso IFAM: SAIU novo edital! Ganhe R$ 6,4 mil!"}]},{"@type":"WebSite","@id":"https:\/\/www.estrategiaconcursos.com.br\/blog\/#website","url":"https:\/\/www.estrategiaconcursos.com.br\/blog\/","name":"Estrat\u00e9gia Concursos","description":"O blog da Estrat\u00e9gia Concursos traz not\u00edcias sobre concursos e artigos de professores oferecendo cursos para concursos (pdf + videaulas) no site.","publisher":{"@id":"https:\/\/www.estrategiaconcursos.com.br\/blog\/#organization"},"potentialAction":[{"@type":"SearchAction","target":{"@type":"EntryPoint","urlTemplate":"https:\/\/www.estrategiaconcursos.com.br\/blog\/?s={search_term_string}"},"query-input":{"@type":"PropertyValueSpecification","valueRequired":true,"valueName":"search_term_string"}}],"inLanguage":"pt-BR"},{"@type":"Organization","@id":"https:\/\/www.estrategiaconcursos.com.br\/blog\/#organization","name":"Estrat\u00e9gia Concursos","url":"https:\/\/www.estrategiaconcursos.com.br\/blog\/","logo":{"@type":"ImageObject","inLanguage":"pt-BR","@id":"https:\/\/www.estrategiaconcursos.com.br\/blog\/#\/schema\/logo\/image\/","url":"https:\/\/dhg1h5j42swfq.cloudfront.net\/2025\/06\/03203428\/logo_concursos-1.jpg","contentUrl":"https:\/\/dhg1h5j42swfq.cloudfront.net\/2025\/06\/03203428\/logo_concursos-1.jpg","width":230,"height":60,"caption":"Estrat\u00e9gia Concursos"},"image":{"@id":"https:\/\/www.estrategiaconcursos.com.br\/blog\/#\/schema\/logo\/image\/"},"sameAs":["https:\/\/x.com\/EstratConcursos"]},{"@type":"Person","@id":"https:\/\/www.estrategiaconcursos.com.br\/blog\/#\/schema\/person\/b4a388c97673c5f483d72185668afa1f","name":"Coordena\u00e7\u00e3o","image":{"@type":"ImageObject","inLanguage":"pt-BR","@id":"https:\/\/secure.gravatar.com\/avatar\/b720319e4c9a967eb58678d110f4fe35452fc5d5f97b202bac7b8acceb18c6ad?s=96&d=mm&r=g","url":"https:\/\/secure.gravatar.com\/avatar\/b720319e4c9a967eb58678d110f4fe35452fc5d5f97b202bac7b8acceb18c6ad?s=96&d=mm&r=g","contentUrl":"https:\/\/secure.gravatar.com\/avatar\/b720319e4c9a967eb58678d110f4fe35452fc5d5f97b202bac7b8acceb18c6ad?s=96&d=mm&r=g","caption":"Coordena\u00e7\u00e3o"},"sameAs":["https:\/\/www.facebook.com\/EstrategiaConcursos","https:\/\/x.com\/EstratConcursos"],"url":"https:\/\/www.estrategiaconcursos.com.br\/blog\/author\/estrategia2013\/"}]}},"_links":{"self":[{"href":"https:\/\/www.estrategiaconcursos.com.br\/blog\/wp-json\/wp\/v2\/posts\/1081587","targetHints":{"allow":["GET"]}}],"collection":[{"href":"https:\/\/www.estrategiaconcursos.com.br\/blog\/wp-json\/wp\/v2\/posts"}],"about":[{"href":"https:\/\/www.estrategiaconcursos.com.br\/blog\/wp-json\/wp\/v2\/types\/post"}],"author":[{"embeddable":true,"href":"https:\/\/www.estrategiaconcursos.com.br\/blog\/wp-json\/wp\/v2\/users\/1"}],"replies":[{"embeddable":true,"href":"https:\/\/www.estrategiaconcursos.com.br\/blog\/wp-json\/wp\/v2\/comments?post=1081587"}],"version-history":[{"count":40,"href":"https:\/\/www.estrategiaconcursos.com.br\/blog\/wp-json\/wp\/v2\/posts\/1081587\/revisions"}],"predecessor-version":[{"id":1759300,"href":"https:\/\/www.estrategiaconcursos.com.br\/blog\/wp-json\/wp\/v2\/posts\/1081587\/revisions\/1759300"}],"wp:featuredmedia":[{"embeddable":true,"href":"https:\/\/www.estrategiaconcursos.com.br\/blog\/wp-json\/wp\/v2\/media\/1090639"}],"wp:attachment":[{"href":"https:\/\/www.estrategiaconcursos.com.br\/blog\/wp-json\/wp\/v2\/media?parent=1081587"}],"wp:term":[{"taxonomy":"category","embeddable":true,"href":"https:\/\/www.estrategiaconcursos.com.br\/blog\/wp-json\/wp\/v2\/categories?post=1081587"},{"taxonomy":"post_tag","embeddable":true,"href":"https:\/\/www.estrategiaconcursos.com.br\/blog\/wp-json\/wp\/v2\/tags?post=1081587"},{"taxonomy":"tax_estado","embeddable":true,"href":"https:\/\/www.estrategiaconcursos.com.br\/blog\/wp-json\/wp\/v2\/tax_estado?post=1081587"}],"curies":[{"name":"wp","href":"https:\/\/api.w.org\/{rel}","templated":true}]}}