{"id":1081354,"date":"2022-08-15T08:48:00","date_gmt":"2022-08-15T11:48:00","guid":{"rendered":"https:\/\/www.estrategiaconcursos.com.br\/blog\/?p=1081354"},"modified":"2022-09-05T14:36:28","modified_gmt":"2022-09-05T17:36:28","slug":"regimento-interno-trt-16a","status":"publish","type":"post","link":"https:\/\/www.estrategiaconcursos.com.br\/blog\/regimento-interno-trt-16a\/","title":{"rendered":"TRT 16\u00aa regi\u00e3o: Regimento Interno"},"content":{"rendered":"\n<p>O edital do concurso para o TRT 16\u00aa regi\u00e3o j\u00e1 foi publicado e quem vai encarar a prova da FGV precisa conhecer o Regimento Interno do tribunal.<\/p>\n\n\n\n<p>O edital prev\u00ea vagas imediatas e cadastro reserva para os cargos de t\u00e9cnico e analista judici\u00e1rio, e a prova est\u00e1 prevista para o dia 06 de novembro de 2022.<\/p>\n\n\n\n<p>Para ajudar nossos alunos a otimizar ainda mais seus estudos nessa reta final, preparamos um resumo dos principais pontos do Regimento Interno para o TRT 16\u00aa regi\u00e3o.<\/p>\n\n\n\n<figure class=\"wp-block-gallery has-nested-images columns-default is-cropped wp-block-gallery-1 is-layout-flex wp-block-gallery-is-layout-flex\">\n<figure class=\"wp-block-image size-large\"><img loading=\"lazy\" decoding=\"async\" width=\"300\" height=\"169\" data-id=\"1063395\" src=\"https:\/\/dhg1h5j42swfq.cloudfront.net\/2022\/07\/19094231\/concurso-trt-ma-salarios.jpeg\" alt=\"Regimento Interno TRT 16\u00aa\" class=\"wp-image-1063395\" srcset=\"https:\/\/dhg1h5j42swfq.cloudfront.net\/2022\/07\/19094231\/concurso-trt-ma-salarios.jpeg 300w, https:\/\/dhg1h5j42swfq.cloudfront.net\/2022\/07\/19094231\/concurso-trt-ma-salarios-150x85.jpeg 150w\" sizes=\"auto, (max-width: 300px) 100vw, 300px\" \/><\/figure>\n<\/figure>\n\n\n\n<p>Est\u00e3o prontos?<\/p>\n\n\n\n<p>O Regimento Interno do TRT 16\u00aa regi\u00e3o estabelece que s\u00e3o <strong>\u00f3rg\u00e3os da Justi\u00e7a do Trabalho<\/strong>:<\/p>\n\n\n\n<p><strong>\u2013 Tribunal Regional do Trabalho;<\/strong><\/p>\n\n\n\n<p><strong>\u2013 Ju\u00edzes do Trabalho.<\/strong><\/p>\n\n\n\n<p><strong>O Tribunal Regional do Trabalho tem sede na cidade de S\u00e3o Lu\u00eds e jurisdi\u00e7\u00e3o no territ\u00f3rio do Estado do Maranh\u00e3o.<\/strong><\/p>\n\n\n\n<p><strong>J\u00e1 as Varas do Trabalho t\u00eam sede e jurisdi\u00e7\u00e3o fixadas na forma da lei e est\u00e3o, administrativamente, subordinadas ao Tribunal<\/strong>.<\/p>\n\n\n\n<h2 class=\"wp-block-heading\" id=\"h-trt-16\u00aa-regiao-organizacao-conforme-o-regimento-interno\">TRT 16\u00aa regi\u00e3o: Organiza\u00e7\u00e3o conforme o Regimento Interno<\/h2>\n\n\n\n<p>Quanto \u00e0 organiza\u00e7\u00e3o do TRT 16\u00aa regi\u00e3o, o Regimento Interno prev\u00ea que ser\u00e1 composto de 8 desembargadores do trabalho, que ser\u00e3o nomeados pelo Presidente da Rep\u00fablica.&nbsp;<\/p>\n\n\n\n<p>Ainda, o Regimento Interno prev\u00ea que s\u00e3o <strong>\u00f3rg\u00e3os do Tribunal Regional do Trabalho<\/strong> da 16\u00aa Regi\u00e3o:<\/p>\n\n\n\n<p><strong>\u2013 Tribunal Pleno;<\/strong><\/p>\n\n\n\n<p><strong>\u2013 Turmas;<\/strong><\/p>\n\n\n\n<p><strong>\u2013 Presid\u00eancia;<\/strong><\/p>\n\n\n\n<p><strong>\u2013 Corregedoria Regional.<\/strong><\/p>\n\n\n\n<p>Neste ponto do Regimento Interno cabe uma diferencia\u00e7\u00e3o, pois \u00f3rg\u00e3os da Justi\u00e7a do Trabalho s\u00e3o 2 (Tribunal Regional do Trabalho e Ju\u00edzes do Trabalho). J\u00e1 \u00f3rg\u00e3os do Tribunal Regional do Trabalho, existem 4 (Tribunal Pleno, Turmas, Presid\u00eancia, Corregedoria Regional).&nbsp;<\/p>\n\n\n\n<h2 class=\"wp-block-heading\" id=\"h-trt-16\u00aa-regiao-direcao-do-tribunal\">TRT 16\u00aa regi\u00e3o: Dire\u00e7\u00e3o do Tribunal<\/h2>\n\n\n\n<p>Conforme o Regimento Interno, exercem a dire\u00e7\u00e3o do TRT 16\u00aa regi\u00e3o o <strong>presidente, o vice-presidente e o corregedor<\/strong>.<\/p>\n\n\n\n<p>O mandato \u00e9 de 2 anos, <strong>proibida a reelei\u00e7\u00e3o<\/strong>, e s\u00e3o eleitos por maioria dos membros efetivos do Tribunal.<\/p>\n\n\n\n<p>O Presidente do Tribunal \u00e9 substitu\u00eddo pelo vice-presidente e este, pelos demais Desembargadores do Trabalho, na ordem de <strong>antiguidade<\/strong>.<\/p>\n\n\n\n<p>Ao Presidente do TRT compete representar o Tribunal perante os <strong>demais poderes<\/strong> e autoridades; <strong>dirigir os trabalhos<\/strong>; <strong>presidir as sess\u00f5es<\/strong> do Tribunal Pleno e da Primeira Turma; <strong>conciliar e mediar<\/strong> os diss\u00eddios coletivos; <strong>sugerir ao Tribunal a elabora\u00e7\u00e3o de projetos de lei<\/strong>, remetendo-os ao Poder ou \u00f3rg\u00e3o competente, se aprovados.<\/p>\n\n\n\n<p>J\u00e1 ao Vice-Presidente compete <strong>auxiliar<\/strong> o Presidente ou substitu\u00ed-lo em suas aus\u00eancias e impedimentos; exercer, privativamente, o cargo de <strong>Corregedor<\/strong> do Tribunal; bem como outras atribui\u00e7\u00f5es que lhe forem delegadas pelo Presidente do TRT.<\/p>\n\n\n\n<p>Por outro lado, no exerc\u00edcio da <strong>correi\u00e7\u00e3o<\/strong>, compete verificar se os <strong>Ju\u00edzes s\u00e3o ass\u00edduos e diligentes<\/strong> no exerc\u00edcio de suas fun\u00e7\u00f5es; velar pela <strong>observ\u00e2ncia das leis, regulamentos, instru\u00e7\u00f5es<\/strong>; propor <strong>puni\u00e7\u00f5es<\/strong> ao juiz que n\u00e3o cumprir os deveres do cargo.<\/p>\n\n\n\n<p><strong>O Vice-Presidente e Corregedor participar\u00e1 da distribui\u00e7\u00e3o dos mandados de seguran\u00e7a e habeas corpus.<\/strong><\/p>\n\n\n\n<h2 class=\"wp-block-heading\" id=\"h-trt-16\u00aa-regiao-tribunal-pleno\">TRT 16\u00aa regi\u00e3o: Tribunal Pleno<\/h2>\n\n\n\n<p>O Tribunal pleno do TRT 16\u00aa regi\u00e3o \u00e9 constitu\u00eddo pela <strong>totalidade<\/strong> dos Desembargadores do Trabalho, \u00e9 dirigido pelo Presidente e, nos casos de aus\u00eancia ou de impedimento, sucessivamente, pelo Vice-Presidente ou pelo Desembargador do Trabalho mais antigo.<\/p>\n\n\n\n<p>Para as delibera\u00e7\u00f5es do Tribunal Pleno \u00e9 exigida a presen\u00e7a de <strong>metade e mais um <\/strong>do n\u00famero de seus membros.<\/p>\n\n\n\n<p>Dentre as <strong>compet\u00eancias<\/strong> do Tribunal Pleno, elencadas no Regimento Interno, est\u00e3o processar e julgar:<\/p>\n\n\n\n<p>&#8211; habeas corpus contra atos do Tribunal, das Turmas e das Varas do Trabalho;<\/p>\n\n\n\n<p>&#8211; embargos de declara\u00e7\u00e3o opostos a seus ac\u00f3rd\u00e3os;<\/p>\n\n\n\n<p>&#8211; a\u00e7\u00f5es rescis\u00f3rias;<\/p>\n\n\n\n<p>&#8211; conflitos de compet\u00eancia ou atribui\u00e7\u00f5es entre as Turmas e as Varas do Trabalho;<\/p>\n\n\n\n<p>&#8211; as a\u00e7\u00f5es cautelares de sua compet\u00eancia origin\u00e1ria;<\/p>\n\n\n\n<p>Compete, ainda, ao Tribunal Pleno processar, conciliar e julgar os <strong>diss\u00eddios coletivos <\/strong>no \u00e2mbito de sua jurisdi\u00e7\u00e3o, suas revis\u00f5es e os pedidos de extens\u00e3o das senten\u00e7as normativas, bem como homologar os acordos realizados.<\/p>\n\n\n\n<h2 class=\"wp-block-heading\" id=\"h-trt-16\u00aa-regiao-turmas\">TRT 16\u00aa regi\u00e3o: Turmas<\/h2>\n\n\n\n<p>Conforme disp\u00f5e o Regimento Interno, no TRT 16\u00aa regi\u00e3o, haver\u00e1 2 turmas compostas de 4 Desembargadores do Trabalho, dirigidas pelo Presidente e Vice-Presidente do Tribunal, respectivamente. Cada turma funcionar\u00e1, obrigatoriamente, com o <strong>qu\u00f3rum m\u00ednimo de 3 Ju\u00edzes.<\/strong><\/p>\n\n\n\n<p>Dentre outras compet\u00eancias, \u00e9 atribui\u00e7\u00e3o das Turmas:<\/p>\n\n\n\n<p><strong>Julgar<\/strong>:<\/p>\n\n\n\n<p>&#8211; os recursos ordin\u00e1rios, adesivos e as remessas <em>ex officio<\/em> das decis\u00f5es dos Ju\u00edzes do Trabalho ou Ju\u00edzes de Direito investidos na jurisdi\u00e7\u00e3o trabalhista;<\/p>\n\n\n\n<p>&#8211; agravos de peti\u00e7\u00e3o, de instrumento;<\/p>\n\n\n\n<p>&#8211; os recursos interpostos das decis\u00f5es das Varas que impuserem multas e demais penalidades relativas aos atos de sua compet\u00eancia.<\/p>\n\n\n\n<p>&#8211; <strong>processar e julgar<\/strong>:<\/p>\n\n\n\n<p>&#8211; os incidentes de qualquer natureza, nos processos pendentes de sua decis\u00e3o;<\/p>\n\n\n\n<p>&#8211; medidas cautelares nos autos dos processos de sua compet\u00eancia;<\/p>\n\n\n\n<p>&#8211; restaura\u00e7\u00e3o de autos, quando se tratar de processo de sua compet\u00eancia.<\/p>\n\n\n\n<h2 class=\"wp-block-heading\" id=\"h-trt-16\u00aa-regiao-recursos-previstos-no-regimento-interno\">TRT 16\u00aa regi\u00e3o: Recursos previstos no Regimento Interno<\/h2>\n\n\n\n<p>O Regimento Interno do TRT 16\u00aa regi\u00e3o prev\u00ea que sobre suas decis\u00f5es cabem os seguintes recursos:<\/p>\n\n\n\n<p>\u2013 <strong>Embargos de Declara\u00e7\u00e3o<\/strong>: deve conter a indica\u00e7\u00e3o precisa do ponto contradit\u00f3rio ou omisso, ou, de manifesto equ\u00edvoco no exame dos pressupostos extr\u00ednsecos do recurso;<\/p>\n\n\n\n<p>\u2013 <strong>Recurso de Revista<\/strong>: interposto oito dias seguintes \u00e0 publica\u00e7\u00e3o da conclus\u00e3o do ac\u00f3rd\u00e3o no \u00f3rg\u00e3o da Imprensa Oficial;<\/p>\n\n\n\n<p>\u2013 <strong>Recurso Ordin\u00e1rio<\/strong>: ao Tribunal Superior do Trabalho de ac\u00f3rd\u00e3os do TRT;<\/p>\n\n\n\n<p>\u2013 <strong>Agravo de Instrumento<\/strong>: dirigido \u00e0 autoridade judici\u00e1ria prolatora do despacho agravado;<\/p>\n\n\n\n<p>\u2013 <strong>Agravo Regimental:<\/strong> das decis\u00f5es do Corregedor Geral, Presidente do Tribunal, Presidente das Turmas, entre outros.<\/p>\n\n\n\n<p>As decis\u00f5es dos Ju\u00edzes do Trabalho de primeira inst\u00e2ncia s\u00e3o pass\u00edveis de impugna\u00e7\u00e3o para as Turmas do Tribunal, atrav\u00e9s dos seguintes recursos:<\/p>\n\n\n\n<p>\u2013 <strong>Recurso Ordin\u00e1rio<\/strong>: ao TRT de decis\u00f5es dos Ju\u00edzes de primeira inst\u00e2ncia;<\/p>\n\n\n\n<p>\u2013 <strong>Agravo de Instrumento<\/strong>: dirigido \u00e0 autoridade judici\u00e1ria prolatora do despacho agravado;<\/p>\n\n\n\n<p>\u2013 <strong>Agravo de Peti\u00e7\u00e3o<\/strong>;<\/p>\n\n\n\n<p>\u2013 <strong>Agravo Regimental<\/strong>: do despacho do Juiz de primeira inst\u00e2ncia concessivo ou de indeferimento de liminar em Mandado de Seguran\u00e7a.<\/p>\n\n\n\n<p><strong>Lembre-se que o recurso ordin\u00e1rio, o agravo de instrumento e o agravo regimental s\u00e3o recursos comuns \u00e0s decis\u00f5es do TRT e \u00e0s decis\u00f5es dos Ju\u00edzes do Trabalho.<\/strong><\/p>\n\n\n\n<p>O Regimento Interno do TRT 16\u00aa regi\u00e3o possui muito mais detalhes e disposi\u00e7\u00f5es, mas reunimos aqui aquelas informa\u00e7\u00f5es que achamos mais importantes para a prova.<\/p>\n\n\n\n<p class=\"has-text-align-left has-pale-cyan-blue-background-color has-background\">Se voc\u00ea quiser aprofundar ainda mais os seus estudos do Regimento Interno do TRT 16\u00aa regi\u00e3o, clique <a href=\"https:\/\/www.estrategiaconcursos.com.br\/cursosPorConcurso\/trt-16-regiao-maranhao-250\/\" target=\"_blank\" rel=\"noreferrer noopener\">aqui<\/a>.<\/p>\n\n\n\n<p class=\"has-pale-cyan-blue-background-color has-background\">Acompanhe <a href=\"https:\/\/www.estrategiaconcursos.com.br\/blog\/concursos-abertos\/\" target=\"_blank\" rel=\"noreferrer noopener\">aqui<\/a> a lista atualizada dos concursos abertos e aumente as suas chances de ser aprovado.<\/p>\n\n\n\n<p>Link utilizado:<\/p>\n\n\n\n<p><a href=\"https:\/\/www.trt16.jus.br\/sites\/portal\/files\/roles\/legislacao\/2021-07-Regimento_Interno_atualizado_RA_117-2021_atualizado.pdf\">https:\/\/www.trt16.jus.br\/sites\/portal\/files\/roles\/legislacao\/2021-07-Regimento_Interno_atualizado_RA_117-2021_atualizado.pdf<\/a><\/p>\n","protected":false},"excerpt":{"rendered":"<p>O edital do concurso para o TRT 16\u00aa regi\u00e3o j\u00e1 foi publicado e quem vai encarar a prova da FGV precisa conhecer o Regimento Interno do tribunal. O edital prev\u00ea vagas imediatas e cadastro reserva para os cargos de t\u00e9cnico e analista judici\u00e1rio, e a prova est\u00e1 prevista para o dia 06 de novembro de [&hellip;]<\/p>\n","protected":false},"author":2461,"featured_media":1063395,"comment_status":"open","ping_status":"closed","sticky":false,"template":"","format":"standard","meta":{"post_tipo":"article","footnotes":""},"categories":[220737],"tags":[],"tax_estado":[219973],"class_list":["post-1081354","post","type-post","status-publish","format-standard","has-post-thumbnail","hentry","category-tribunais-tribunais","tax_estado-ma"],"acf":[],"yoast_head":"<!-- This site is optimized with the Yoast SEO Premium plugin v27.2 (Yoast SEO v27.2) - https:\/\/yoast.com\/product\/yoast-seo-premium-wordpress\/ -->\n<title>Regimento Interno TRT 16\u00aa Regi\u00e3o<\/title>\n<meta name=\"description\" content=\"An\u00e1lise gratuita do Regimento Interno para os alunos que v\u00e3o disputar uma vaga no concurso do TRT Maranh\u00e3o.\" \/>\n<meta name=\"robots\" content=\"index, follow, max-snippet:-1, max-image-preview:large, max-video-preview:-1\" \/>\n<link rel=\"canonical\" href=\"https:\/\/www.estrategiaconcursos.com.br\/blog\/regimento-interno-trt-16a\/\" \/>\n<meta property=\"og:locale\" content=\"pt_BR\" \/>\n<meta property=\"og:type\" content=\"article\" \/>\n<meta property=\"og:title\" content=\"TRT 16\u00aa regi\u00e3o: Regimento Interno\" \/>\n<meta property=\"og:description\" content=\"An\u00e1lise gratuita do Regimento Interno para os alunos que v\u00e3o disputar uma vaga no concurso do TRT Maranh\u00e3o.\" \/>\n<meta property=\"og:url\" content=\"https:\/\/www.estrategiaconcursos.com.br\/blog\/regimento-interno-trt-16a\/\" \/>\n<meta property=\"og:site_name\" content=\"Estrat\u00e9gia Concursos\" \/>\n<meta property=\"article:published_time\" content=\"2022-08-15T11:48:00+00:00\" \/>\n<meta property=\"article:modified_time\" content=\"2022-09-05T17:36:28+00:00\" \/>\n<meta property=\"og:image\" content=\"https:\/\/dhg1h5j42swfq.cloudfront.net\/2022\/07\/19094231\/concurso-trt-ma-salarios.jpeg\" \/>\n\t<meta property=\"og:image:width\" content=\"300\" \/>\n\t<meta property=\"og:image:height\" content=\"169\" \/>\n\t<meta property=\"og:image:type\" content=\"image\/jpeg\" \/>\n<meta name=\"author\" content=\"Maiara Anger\" \/>\n<meta name=\"twitter:card\" content=\"summary_large_image\" \/>\n<meta name=\"twitter:creator\" content=\"@EstratConcursos\" \/>\n<meta name=\"twitter:site\" content=\"@EstratConcursos\" \/>\n<meta name=\"twitter:label1\" content=\"Escrito por\" \/>\n\t<meta name=\"twitter:data1\" content=\"Maiara Anger\" \/>\n\t<meta name=\"twitter:label2\" content=\"Est. tempo de leitura\" \/>\n\t<meta name=\"twitter:data2\" content=\"6 minutos\" \/>\n<script type=\"application\/ld+json\" class=\"yoast-schema-graph\">{\"@context\":\"https:\/\/schema.org\",\"@graph\":[{\"@type\":\"NewsArticle\",\"@id\":\"https:\/\/www.estrategiaconcursos.com.br\/blog\/regimento-interno-trt-16a\/#article\",\"isPartOf\":{\"@id\":\"https:\/\/www.estrategiaconcursos.com.br\/blog\/regimento-interno-trt-16a\/\"},\"author\":{\"name\":\"Maiara Anger\",\"@id\":\"https:\/\/www.estrategiaconcursos.com.br\/blog\/#\/schema\/person\/8fc96f7f7728e195db482f9d8160b155\"},\"headline\":\"TRT 16\u00aa regi\u00e3o: Regimento Interno\",\"datePublished\":\"2022-08-15T11:48:00+00:00\",\"dateModified\":\"2022-09-05T17:36:28+00:00\",\"mainEntityOfPage\":{\"@id\":\"https:\/\/www.estrategiaconcursos.com.br\/blog\/regimento-interno-trt-16a\/\"},\"wordCount\":1129,\"commentCount\":0,\"publisher\":{\"@id\":\"https:\/\/www.estrategiaconcursos.com.br\/blog\/#organization\"},\"image\":{\"@id\":\"https:\/\/www.estrategiaconcursos.com.br\/blog\/regimento-interno-trt-16a\/#primaryimage\"},\"thumbnailUrl\":\"https:\/\/dhg1h5j42swfq.cloudfront.net\/2022\/07\/19094231\/concurso-trt-ma-salarios.jpeg\",\"articleSection\":[\"Tribunais\"],\"inLanguage\":\"pt-BR\",\"potentialAction\":[{\"@type\":\"CommentAction\",\"name\":\"Comment\",\"target\":[\"https:\/\/www.estrategiaconcursos.com.br\/blog\/regimento-interno-trt-16a\/#respond\"]}],\"copyrightYear\":\"2022\",\"copyrightHolder\":{\"@id\":\"https:\/\/www.estrategiaconcursos.com.br\/blog\/#organization\"}},{\"@type\":\"WebPage\",\"@id\":\"https:\/\/www.estrategiaconcursos.com.br\/blog\/regimento-interno-trt-16a\/\",\"url\":\"https:\/\/www.estrategiaconcursos.com.br\/blog\/regimento-interno-trt-16a\/\",\"name\":\"Regimento Interno TRT 16\u00aa Regi\u00e3o\",\"isPartOf\":{\"@id\":\"https:\/\/www.estrategiaconcursos.com.br\/blog\/#website\"},\"primaryImageOfPage\":{\"@id\":\"https:\/\/www.estrategiaconcursos.com.br\/blog\/regimento-interno-trt-16a\/#primaryimage\"},\"image\":{\"@id\":\"https:\/\/www.estrategiaconcursos.com.br\/blog\/regimento-interno-trt-16a\/#primaryimage\"},\"thumbnailUrl\":\"https:\/\/dhg1h5j42swfq.cloudfront.net\/2022\/07\/19094231\/concurso-trt-ma-salarios.jpeg\",\"datePublished\":\"2022-08-15T11:48:00+00:00\",\"dateModified\":\"2022-09-05T17:36:28+00:00\",\"description\":\"An\u00e1lise gratuita do Regimento Interno para os alunos que v\u00e3o disputar uma vaga no concurso do TRT Maranh\u00e3o.\",\"breadcrumb\":{\"@id\":\"https:\/\/www.estrategiaconcursos.com.br\/blog\/regimento-interno-trt-16a\/#breadcrumb\"},\"inLanguage\":\"pt-BR\",\"potentialAction\":[{\"@type\":\"ReadAction\",\"target\":[\"https:\/\/www.estrategiaconcursos.com.br\/blog\/regimento-interno-trt-16a\/\"]}]},{\"@type\":\"ImageObject\",\"inLanguage\":\"pt-BR\",\"@id\":\"https:\/\/www.estrategiaconcursos.com.br\/blog\/regimento-interno-trt-16a\/#primaryimage\",\"url\":\"https:\/\/dhg1h5j42swfq.cloudfront.net\/2022\/07\/19094231\/concurso-trt-ma-salarios.jpeg\",\"contentUrl\":\"https:\/\/dhg1h5j42swfq.cloudfront.net\/2022\/07\/19094231\/concurso-trt-ma-salarios.jpeg\",\"width\":300,\"height\":169,\"caption\":\"concurso-trt-ma-BANCA-DEFINIDA\"},{\"@type\":\"BreadcrumbList\",\"@id\":\"https:\/\/www.estrategiaconcursos.com.br\/blog\/regimento-interno-trt-16a\/#breadcrumb\",\"itemListElement\":[{\"@type\":\"ListItem\",\"position\":1,\"name\":\"In\u00edcio\",\"item\":\"https:\/\/www.estrategiaconcursos.com.br\/blog\/\"},{\"@type\":\"ListItem\",\"position\":2,\"name\":\"TRT 16\u00aa regi\u00e3o: Regimento Interno\"}]},{\"@type\":\"WebSite\",\"@id\":\"https:\/\/www.estrategiaconcursos.com.br\/blog\/#website\",\"url\":\"https:\/\/www.estrategiaconcursos.com.br\/blog\/\",\"name\":\"Estrat\u00e9gia Concursos\",\"description\":\"O blog da Estrat\u00e9gia Concursos traz not\u00edcias sobre concursos e artigos de professores oferecendo cursos para concursos (pdf + videaulas) no site.\",\"publisher\":{\"@id\":\"https:\/\/www.estrategiaconcursos.com.br\/blog\/#organization\"},\"potentialAction\":[{\"@type\":\"SearchAction\",\"target\":{\"@type\":\"EntryPoint\",\"urlTemplate\":\"https:\/\/www.estrategiaconcursos.com.br\/blog\/?s={search_term_string}\"},\"query-input\":{\"@type\":\"PropertyValueSpecification\",\"valueRequired\":true,\"valueName\":\"search_term_string\"}}],\"inLanguage\":\"pt-BR\"},{\"@type\":\"Organization\",\"@id\":\"https:\/\/www.estrategiaconcursos.com.br\/blog\/#organization\",\"name\":\"Estrat\u00e9gia Concursos\",\"url\":\"https:\/\/www.estrategiaconcursos.com.br\/blog\/\",\"logo\":{\"@type\":\"ImageObject\",\"inLanguage\":\"pt-BR\",\"@id\":\"https:\/\/www.estrategiaconcursos.com.br\/blog\/#\/schema\/logo\/image\/\",\"url\":\"https:\/\/dhg1h5j42swfq.cloudfront.net\/2025\/06\/03203428\/logo_concursos-1.jpg\",\"contentUrl\":\"https:\/\/dhg1h5j42swfq.cloudfront.net\/2025\/06\/03203428\/logo_concursos-1.jpg\",\"width\":230,\"height\":60,\"caption\":\"Estrat\u00e9gia Concursos\"},\"image\":{\"@id\":\"https:\/\/www.estrategiaconcursos.com.br\/blog\/#\/schema\/logo\/image\/\"},\"sameAs\":[\"https:\/\/x.com\/EstratConcursos\"]},{\"@type\":\"Person\",\"@id\":\"https:\/\/www.estrategiaconcursos.com.br\/blog\/#\/schema\/person\/8fc96f7f7728e195db482f9d8160b155\",\"name\":\"Maiara Anger\",\"image\":{\"@type\":\"ImageObject\",\"inLanguage\":\"pt-BR\",\"@id\":\"https:\/\/secure.gravatar.com\/avatar\/1bfd018c87b73c778d016238d0c7c212ecf417543a9f8423e47fefc011c2925f?s=96&d=mm&r=g\",\"url\":\"https:\/\/secure.gravatar.com\/avatar\/1bfd018c87b73c778d016238d0c7c212ecf417543a9f8423e47fefc011c2925f?s=96&d=mm&r=g\",\"contentUrl\":\"https:\/\/secure.gravatar.com\/avatar\/1bfd018c87b73c778d016238d0c7c212ecf417543a9f8423e47fefc011c2925f?s=96&d=mm&r=g\",\"caption\":\"Maiara Anger\"},\"url\":\"https:\/\/www.estrategiaconcursos.com.br\/blog\/author\/maiaraangermx2-unisc-br\/\"}]}<\/script>\n<!-- \/ Yoast SEO Premium plugin. -->","yoast_head_json":{"title":"Regimento Interno TRT 16\u00aa Regi\u00e3o","description":"An\u00e1lise gratuita do Regimento Interno para os alunos que v\u00e3o disputar uma vaga no concurso do TRT Maranh\u00e3o.","robots":{"index":"index","follow":"follow","max-snippet":"max-snippet:-1","max-image-preview":"max-image-preview:large","max-video-preview":"max-video-preview:-1"},"canonical":"https:\/\/www.estrategiaconcursos.com.br\/blog\/regimento-interno-trt-16a\/","og_locale":"pt_BR","og_type":"article","og_title":"TRT 16\u00aa regi\u00e3o: Regimento Interno","og_description":"An\u00e1lise gratuita do Regimento Interno para os alunos que v\u00e3o disputar uma vaga no concurso do TRT Maranh\u00e3o.","og_url":"https:\/\/www.estrategiaconcursos.com.br\/blog\/regimento-interno-trt-16a\/","og_site_name":"Estrat\u00e9gia Concursos","article_published_time":"2022-08-15T11:48:00+00:00","article_modified_time":"2022-09-05T17:36:28+00:00","og_image":[{"width":300,"height":169,"url":"https:\/\/dhg1h5j42swfq.cloudfront.net\/2022\/07\/19094231\/concurso-trt-ma-salarios.jpeg","type":"image\/jpeg"}],"author":"Maiara Anger","twitter_card":"summary_large_image","twitter_creator":"@EstratConcursos","twitter_site":"@EstratConcursos","twitter_misc":{"Escrito por":"Maiara Anger","Est. tempo de leitura":"6 minutos"},"schema":{"@context":"https:\/\/schema.org","@graph":[{"@type":"NewsArticle","@id":"https:\/\/www.estrategiaconcursos.com.br\/blog\/regimento-interno-trt-16a\/#article","isPartOf":{"@id":"https:\/\/www.estrategiaconcursos.com.br\/blog\/regimento-interno-trt-16a\/"},"author":{"name":"Maiara Anger","@id":"https:\/\/www.estrategiaconcursos.com.br\/blog\/#\/schema\/person\/8fc96f7f7728e195db482f9d8160b155"},"headline":"TRT 16\u00aa regi\u00e3o: Regimento Interno","datePublished":"2022-08-15T11:48:00+00:00","dateModified":"2022-09-05T17:36:28+00:00","mainEntityOfPage":{"@id":"https:\/\/www.estrategiaconcursos.com.br\/blog\/regimento-interno-trt-16a\/"},"wordCount":1129,"commentCount":0,"publisher":{"@id":"https:\/\/www.estrategiaconcursos.com.br\/blog\/#organization"},"image":{"@id":"https:\/\/www.estrategiaconcursos.com.br\/blog\/regimento-interno-trt-16a\/#primaryimage"},"thumbnailUrl":"https:\/\/dhg1h5j42swfq.cloudfront.net\/2022\/07\/19094231\/concurso-trt-ma-salarios.jpeg","articleSection":["Tribunais"],"inLanguage":"pt-BR","potentialAction":[{"@type":"CommentAction","name":"Comment","target":["https:\/\/www.estrategiaconcursos.com.br\/blog\/regimento-interno-trt-16a\/#respond"]}],"copyrightYear":"2022","copyrightHolder":{"@id":"https:\/\/www.estrategiaconcursos.com.br\/blog\/#organization"}},{"@type":"WebPage","@id":"https:\/\/www.estrategiaconcursos.com.br\/blog\/regimento-interno-trt-16a\/","url":"https:\/\/www.estrategiaconcursos.com.br\/blog\/regimento-interno-trt-16a\/","name":"Regimento Interno TRT 16\u00aa Regi\u00e3o","isPartOf":{"@id":"https:\/\/www.estrategiaconcursos.com.br\/blog\/#website"},"primaryImageOfPage":{"@id":"https:\/\/www.estrategiaconcursos.com.br\/blog\/regimento-interno-trt-16a\/#primaryimage"},"image":{"@id":"https:\/\/www.estrategiaconcursos.com.br\/blog\/regimento-interno-trt-16a\/#primaryimage"},"thumbnailUrl":"https:\/\/dhg1h5j42swfq.cloudfront.net\/2022\/07\/19094231\/concurso-trt-ma-salarios.jpeg","datePublished":"2022-08-15T11:48:00+00:00","dateModified":"2022-09-05T17:36:28+00:00","description":"An\u00e1lise gratuita do Regimento Interno para os alunos que v\u00e3o disputar uma vaga no concurso do TRT Maranh\u00e3o.","breadcrumb":{"@id":"https:\/\/www.estrategiaconcursos.com.br\/blog\/regimento-interno-trt-16a\/#breadcrumb"},"inLanguage":"pt-BR","potentialAction":[{"@type":"ReadAction","target":["https:\/\/www.estrategiaconcursos.com.br\/blog\/regimento-interno-trt-16a\/"]}]},{"@type":"ImageObject","inLanguage":"pt-BR","@id":"https:\/\/www.estrategiaconcursos.com.br\/blog\/regimento-interno-trt-16a\/#primaryimage","url":"https:\/\/dhg1h5j42swfq.cloudfront.net\/2022\/07\/19094231\/concurso-trt-ma-salarios.jpeg","contentUrl":"https:\/\/dhg1h5j42swfq.cloudfront.net\/2022\/07\/19094231\/concurso-trt-ma-salarios.jpeg","width":300,"height":169,"caption":"concurso-trt-ma-BANCA-DEFINIDA"},{"@type":"BreadcrumbList","@id":"https:\/\/www.estrategiaconcursos.com.br\/blog\/regimento-interno-trt-16a\/#breadcrumb","itemListElement":[{"@type":"ListItem","position":1,"name":"In\u00edcio","item":"https:\/\/www.estrategiaconcursos.com.br\/blog\/"},{"@type":"ListItem","position":2,"name":"TRT 16\u00aa regi\u00e3o: Regimento Interno"}]},{"@type":"WebSite","@id":"https:\/\/www.estrategiaconcursos.com.br\/blog\/#website","url":"https:\/\/www.estrategiaconcursos.com.br\/blog\/","name":"Estrat\u00e9gia Concursos","description":"O blog da Estrat\u00e9gia Concursos traz not\u00edcias sobre concursos e artigos de professores oferecendo cursos para concursos (pdf + videaulas) no site.","publisher":{"@id":"https:\/\/www.estrategiaconcursos.com.br\/blog\/#organization"},"potentialAction":[{"@type":"SearchAction","target":{"@type":"EntryPoint","urlTemplate":"https:\/\/www.estrategiaconcursos.com.br\/blog\/?s={search_term_string}"},"query-input":{"@type":"PropertyValueSpecification","valueRequired":true,"valueName":"search_term_string"}}],"inLanguage":"pt-BR"},{"@type":"Organization","@id":"https:\/\/www.estrategiaconcursos.com.br\/blog\/#organization","name":"Estrat\u00e9gia Concursos","url":"https:\/\/www.estrategiaconcursos.com.br\/blog\/","logo":{"@type":"ImageObject","inLanguage":"pt-BR","@id":"https:\/\/www.estrategiaconcursos.com.br\/blog\/#\/schema\/logo\/image\/","url":"https:\/\/dhg1h5j42swfq.cloudfront.net\/2025\/06\/03203428\/logo_concursos-1.jpg","contentUrl":"https:\/\/dhg1h5j42swfq.cloudfront.net\/2025\/06\/03203428\/logo_concursos-1.jpg","width":230,"height":60,"caption":"Estrat\u00e9gia Concursos"},"image":{"@id":"https:\/\/www.estrategiaconcursos.com.br\/blog\/#\/schema\/logo\/image\/"},"sameAs":["https:\/\/x.com\/EstratConcursos"]},{"@type":"Person","@id":"https:\/\/www.estrategiaconcursos.com.br\/blog\/#\/schema\/person\/8fc96f7f7728e195db482f9d8160b155","name":"Maiara Anger","image":{"@type":"ImageObject","inLanguage":"pt-BR","@id":"https:\/\/secure.gravatar.com\/avatar\/1bfd018c87b73c778d016238d0c7c212ecf417543a9f8423e47fefc011c2925f?s=96&d=mm&r=g","url":"https:\/\/secure.gravatar.com\/avatar\/1bfd018c87b73c778d016238d0c7c212ecf417543a9f8423e47fefc011c2925f?s=96&d=mm&r=g","contentUrl":"https:\/\/secure.gravatar.com\/avatar\/1bfd018c87b73c778d016238d0c7c212ecf417543a9f8423e47fefc011c2925f?s=96&d=mm&r=g","caption":"Maiara Anger"},"url":"https:\/\/www.estrategiaconcursos.com.br\/blog\/author\/maiaraangermx2-unisc-br\/"}]}},"_links":{"self":[{"href":"https:\/\/www.estrategiaconcursos.com.br\/blog\/wp-json\/wp\/v2\/posts\/1081354","targetHints":{"allow":["GET"]}}],"collection":[{"href":"https:\/\/www.estrategiaconcursos.com.br\/blog\/wp-json\/wp\/v2\/posts"}],"about":[{"href":"https:\/\/www.estrategiaconcursos.com.br\/blog\/wp-json\/wp\/v2\/types\/post"}],"author":[{"embeddable":true,"href":"https:\/\/www.estrategiaconcursos.com.br\/blog\/wp-json\/wp\/v2\/users\/2461"}],"replies":[{"embeddable":true,"href":"https:\/\/www.estrategiaconcursos.com.br\/blog\/wp-json\/wp\/v2\/comments?post=1081354"}],"version-history":[{"count":4,"href":"https:\/\/www.estrategiaconcursos.com.br\/blog\/wp-json\/wp\/v2\/posts\/1081354\/revisions"}],"predecessor-version":[{"id":1089559,"href":"https:\/\/www.estrategiaconcursos.com.br\/blog\/wp-json\/wp\/v2\/posts\/1081354\/revisions\/1089559"}],"wp:featuredmedia":[{"embeddable":true,"href":"https:\/\/www.estrategiaconcursos.com.br\/blog\/wp-json\/wp\/v2\/media\/1063395"}],"wp:attachment":[{"href":"https:\/\/www.estrategiaconcursos.com.br\/blog\/wp-json\/wp\/v2\/media?parent=1081354"}],"wp:term":[{"taxonomy":"category","embeddable":true,"href":"https:\/\/www.estrategiaconcursos.com.br\/blog\/wp-json\/wp\/v2\/categories?post=1081354"},{"taxonomy":"post_tag","embeddable":true,"href":"https:\/\/www.estrategiaconcursos.com.br\/blog\/wp-json\/wp\/v2\/tags?post=1081354"},{"taxonomy":"tax_estado","embeddable":true,"href":"https:\/\/www.estrategiaconcursos.com.br\/blog\/wp-json\/wp\/v2\/tax_estado?post=1081354"}],"curies":[{"name":"wp","href":"https:\/\/api.w.org\/{rel}","templated":true}]}}