{"id":108127,"date":"2019-05-01T23:59:02","date_gmt":"2019-05-02T02:59:02","guid":{"rendered":"https:\/\/www.estrategiaconcursos.com.br\/blog\/?p=108127"},"modified":"2019-05-02T14:33:04","modified_gmt":"2019-05-02T17:33:04","slug":"direito-ambiental-exame-de-ordem","status":"publish","type":"post","link":"https:\/\/www.estrategiaconcursos.com.br\/blog\/direito-ambiental-exame-de-ordem\/","title":{"rendered":"Direito Ambiental OAB: como estudar para o Exame de Ordem"},"content":{"rendered":"\n<p><em>Ol\u00e1, pessoal! Meu nome \u00e9<strong> Rosenval J\u00fanior<\/strong>. Sou Servidor P\u00fablico Federal e aqui no Estrat\u00e9gia leciono Direito Ambiental, \u00c9tica e Legisla\u00e7\u00e3o Espec\u00edfica. Fiz minha gradua\u00e7\u00e3o na Universidade Federal de Vi\u00e7osa \u2013 UFV &#8211; e tenho p\u00f3s-gradua\u00e7\u00e3o em Direito Ambiental.\u00a0Fui aprovado em 15 concursos p\u00fablicos, entre eles, Analista do MPU, Analista do MPE MG, e Consultor Legislativo da C\u00e2mara dos Deputados.<\/em><\/p>\n\n\n\n<h2 class=\"wp-block-heading\">An\u00e1lise das mat\u00e9rias<\/h2>\n\n\n\n<p>A prova da OAB \u00e9 composta por primeira e\nsegunda fases, sendo que a primeira \u00e9 composta por 80 (oitenta) quest\u00f5es\nobjetivas.<\/p>\n\n\n\n<p>Atualmente, essas quest\u00f5es est\u00e3o distribu\u00eddas\nentre as seguintes mat\u00e9rias: <\/p>\n\n\n\n<table class=\"wp-block-table is-style-stripes\"><tbody><tr><td>\n  <strong>\u00c9tica\n  Profissional<\/strong>\n  <\/td><td>\n  <strong>8<\/strong>\n  <\/td><\/tr><tr><td>\n  <strong>Direito\n  Civil<\/strong>\n  <\/td><td>\n  <strong>7<\/strong>\n  <\/td><\/tr><tr><td>\n  <strong>Direito\n  Processual Civil<\/strong>\n  <\/td><td>\n  <strong>7<\/strong>\n  <\/td><\/tr><tr><td>\n  <strong>Direito\n  Constitucional<\/strong>\n  <\/td><td>\n  <strong>7<\/strong>\n  <\/td><\/tr><tr><td>\n  <strong>Direito\n  Administrativo<\/strong>\n  <\/td><td>\n  <strong>6<\/strong>\n  <\/td><\/tr><tr><td>\n  <strong>Direito\n  Penal<\/strong>\n  <\/td><td>\n  <strong>6<\/strong>\n  <\/td><\/tr><tr><td>\n  <strong>Direito\n  Processual Penal<\/strong>\n  <\/td><td>\n  <strong>6<\/strong>\n  <\/td><\/tr><tr><td>\n  <strong>Direito\n  do Trabalho<\/strong>\n  <\/td><td>\n  <strong>6<\/strong>\n  <\/td><\/tr><tr><td>\n  <strong>Direito\n  Processual do Trabalho<\/strong>\n  <\/td><td>\n  <strong>5<\/strong>\n  <\/td><\/tr><tr><td>\n  <strong>Direito\n  Tribut\u00e1rio<\/strong>\n  <\/td><td>\n  <strong>5<\/strong>\n  <\/td><\/tr><tr><td>\n  <strong>Direito\n  Empresarial<\/strong>\n  <\/td><td>\n  <strong>5<\/strong>\n  <\/td><\/tr><tr><td>\n  <strong>Direitos Humanos<\/strong>\n  <\/td><td>\n  <strong>2<\/strong>\n  <\/td><\/tr><tr><td>\n  <strong>Direito Internacional<\/strong>\n  <\/td><td>\n  <strong>2<\/strong>\n  <\/td><\/tr><tr><td>\n  <strong>ECA<\/strong>\n  <\/td><td>\n  <strong>2<\/strong>\n  <\/td><\/tr><tr><td>\n  <strong>Direito Ambiental<\/strong>\n  <\/td><td>\n  <strong>2<\/strong>\n  <\/td><\/tr><tr><td>\n  <strong>Direito do Consumidor<\/strong>\n  <\/td><td>\n  <strong>2<\/strong>\n  <\/td><\/tr><tr><td>\n  <strong>Filosofia do Direito<\/strong>\n  <\/td><td>\n  <strong>2<\/strong>\n  <\/td><\/tr><\/tbody><\/table>\n\n\n\n<p>Dentro dessas 80 quest\u00f5es, temos <strong>2\n(duas) <\/strong>de Direito Ambiental, o que equivale a <strong>2,5%<\/strong> do total de pontos dessa prova.<\/p>\n\n\n\n<p>Pode parecer pouco, mas todos os anos centenas\nde candidatos s\u00e3o reprovados por causa de 1 ou 2 quest\u00f5es! Logo, todo pontinho\n\u00e9 precioso e 1 ponto pode ser a diferen\u00e7a entre ir para segunda fase ou n\u00e3o!<\/p>\n\n\n\n<p>O Direito Ambiental \u00e9 uma mat\u00e9ria extensa e\nexige uma estrat\u00e9gia certa para alcan\u00e7ar um \u00f3timo custo\/benef\u00edcio! <\/p>\n\n\n\n<p>A ideia \u00e9 focar somente nos assuntos mais\ncobrados pela FGV. A base do estudo deve ser a resolu\u00e7\u00e3o de todas as quest\u00f5es\nj\u00e1 cobradas pela FGV no Exame de Ordem. A partir disso, devemos estudar somente\no que \u00e9 mais recorrente.<\/p>\n\n\n\n<p>Essa estrat\u00e9gia deve ser adotada pelo\ncandidato, pois n\u00e3o seria proveitoso, devido \u00e0 extens\u00e3o da mat\u00e9ria e o n\u00famero\nde quest\u00f5es, sair estudando todos os temas de Direito Ambiental.<\/p>\n\n\n\n<h2 class=\"wp-block-heading\">Rela\u00e7\u00e3o dos assuntos mais cobrados na primeira fase do Exame de Ordem<\/h2>\n\n\n\n<p>&nbsp;&nbsp;&nbsp;&nbsp;&nbsp;&nbsp;&nbsp;&nbsp;&nbsp;&nbsp;&nbsp; J\u00e1 tivemos Exames\ncom at\u00e9 3 quest\u00f5es de Direito Ambiental, no entanto tem sido quase uma regra\nnos Exames mais recentes a cobran\u00e7a de <strong>2 quest\u00f5es<\/strong> de ambiental.<\/p>\n\n\n\n<p>&nbsp;&nbsp;&nbsp;&nbsp;&nbsp;&nbsp;&nbsp;&nbsp;&nbsp;&nbsp;&nbsp; Vamos fazer um\nRaio X de Ambiental para o Exame de Ordem:<\/p>\n\n\n\n<p><strong>Todo\nos temas j\u00e1 cobrados pela FGV<\/strong><\/p>\n\n\n\n<table class=\"wp-block-table is-style-stripes\"><tbody><tr><td>\n  <strong>Licenciamento Ambiental e LC 140\/11<\/strong>\n  <\/td><\/tr><tr><td>\n  <strong>Responsabilidade Ambiental (Administrativa,\n  Civil e Penal) <\/strong>\n  <\/td><\/tr><tr><td>\n  <strong>Unidades de Conserva\u00e7\u00e3o (SNUC) <\/strong>\n  <\/td><\/tr><tr><td>\n  <strong>Meio Ambiente na Constitui\u00e7\u00e3o <\/strong>\n  <\/td><\/tr><tr><td>\n  <strong>C\u00f3digo Florestal <\/strong>\n  <\/td><\/tr><tr><td>\n  <strong>Res\u00edduos S\u00f3lidos <\/strong>\n  <\/td><\/tr><tr><td>\n  <strong>Princ\u00edpio da Preven\u00e7\u00e3o <\/strong>\n  <\/td><\/tr><tr><td>\n  <strong>Saneamento B\u00e1sico<\/strong>\n  <\/td><\/tr><tr><td>\n  <strong>Mata Atl\u00e2ntica <\/strong>\n  <\/td><\/tr><tr><td>\n  <strong>Concess\u00e3o Florestal <\/strong>\n  <\/td><\/tr><tr><td>\n  <strong>Mudan\u00e7a do Clima<\/strong>\n  <\/td><\/tr><\/tbody><\/table>\n\n\n\n<figure class=\"wp-block-image\"><img loading=\"lazy\" decoding=\"async\" width=\"598\" height=\"386\" src=\"https:\/\/dhg1h5j42swfq.cloudfront.net\/2019\/05\/02143004\/image9.png\" alt=\"direito ambiental oab\" class=\"wp-image-367826\" srcset=\"https:\/\/dhg1h5j42swfq.cloudfront.net\/2019\/05\/02143004\/image9.png 598w, https:\/\/dhg1h5j42swfq.cloudfront.net\/2019\/05\/02143004\/image9.png 300w\" sizes=\"auto, (max-width: 598px) 100vw, 598px\" \/><\/figure>\n\n\n\n<p><strong>Os\n5 temas mais cobrados dentro de Direito Ambiental<\/strong><\/p>\n\n\n\n<table class=\"wp-block-table is-style-stripes\"><tbody><tr><td>\n  <strong>1 &#8211; Licenciamento Ambiental e LC 140\/11<\/strong>\n  <\/td><\/tr><tr><td>\n  <strong>2 &#8211; Responsabilidade Ambiental (Administrativa, Civil e\n  Penal) <\/strong>\n  <\/td><\/tr><tr><td>\n  <strong>3 &#8211; Unidades de Conserva\u00e7\u00e3o (SNUC) <\/strong>\n  <\/td><\/tr><tr><td>\n  <strong>4 &#8211; Meio Ambiente na Constitui\u00e7\u00e3o <\/strong>\n  <\/td><\/tr><tr><td>\n  <strong>5 &#8211; C\u00f3digo Florestal <\/strong>\n  <\/td><\/tr><\/tbody><\/table>\n\n\n\n<p>&nbsp;&nbsp;&nbsp;&nbsp;&nbsp;&nbsp;&nbsp;&nbsp;&nbsp;&nbsp;&nbsp; <strong>88%<\/strong> de toda a cobran\u00e7a da FGV foi sobre <strong>licenciamento ambiental, Responsabilidade\nAmbiental (Administrativa, Civil e Penal), Unidades de Conserva\u00e7\u00e3o (SNUC), Meio\nAmbiente na Constitui\u00e7\u00e3o e C\u00f3digo Florestal.<\/strong><\/p>\n\n\n\n<p>&nbsp;&nbsp;&nbsp;&nbsp;&nbsp;&nbsp;&nbsp;&nbsp;&nbsp;&nbsp;&nbsp; O foco de voc\u00eas\ndeve ser em cima desses 5 temas!!!<\/p>\n\n\n\n<p><strong>&nbsp;&nbsp;&nbsp;&nbsp;&nbsp;&nbsp;&nbsp;&nbsp;&nbsp;&nbsp;&nbsp; Esses 5 temas representam 88% de\ntoda a cobran\u00e7a da FGV.<\/strong><\/p>\n\n\n\n<p><strong>\u00a0\u00a0\u00a0\u00a0\u00a0\u00a0\u00a0\u00a0\u00a0\u00a0\u00a0 <\/strong>Importante destacar que algumas vezes a FGV cobra mais de um assunto em uma \u00fanica quest\u00e3o! Ademais, cabe enfatizar que alguns temas podem ser enquadrados em mais de um tema dos relacionados acima. Exemplo: Obriga\u00e7\u00e3o <em>propter rem<\/em> \u00e9 um assunto tratado tanto em responsabilidade civil quanto em C\u00f3digo Florestal. <\/p>\n\n\n\n<figure class=\"wp-block-image\"><img loading=\"lazy\" decoding=\"async\" width=\"596\" height=\"374\" src=\"https:\/\/dhg1h5j42swfq.cloudfront.net\/2019\/05\/02143024\/image10.png\" alt=\"direito ambiental oab\" class=\"wp-image-367827\" srcset=\"https:\/\/dhg1h5j42swfq.cloudfront.net\/2019\/05\/02143024\/image10.png 596w, https:\/\/dhg1h5j42swfq.cloudfront.net\/2019\/05\/02143024\/image10.png 300w\" sizes=\"auto, (max-width: 596px) 100vw, 596px\" \/><\/figure>\n\n\n\n<p><strong>Vamos\na seguir especificar cada um dos temas mais cobrados<\/strong><\/p>\n\n\n\n<p><strong>Licenciamento Ambiental\ne <\/strong><strong>LC\n140\/11<\/strong><\/p>\n\n\n\n<ul class=\"wp-block-list\"><li><strong>Conceitos de licen\u00e7a e licenciamento;<\/strong><\/li><li><strong>Tipos de licen\u00e7as (LP, LI, LO);<\/strong><\/li><li><strong>Prazos de validade de cada licen\u00e7a e\nde renova\u00e7\u00e3o; <\/strong><\/li><li><strong>Possibilidades de modifica\u00e7\u00e3o,\nsuspens\u00e3o e cancelamento da licen\u00e7a;<\/strong><\/li><li><strong>EIA\/RIMA;<\/strong><\/li><li><strong>Audi\u00eancia p\u00fablica;&nbsp; <\/strong><\/li><li><strong>Compensa\u00e7\u00e3o ambiental;<\/strong><\/li><li><strong>EIV (Estudo de Impacto de Vizinhan\u00e7a)\nx EIA\/RIMA;<\/strong><\/li><li><strong>Reparti\u00e7\u00e3o\nde compet\u00eancias;<\/strong><\/li><li><strong>Regras para\no licenciamento ambiental.<\/strong><\/li><\/ul>\n\n\n\n<p><strong>Responsabilidade Ambiental\n(Administrativa, civil e penal)<\/strong><\/p>\n\n\n\n<ul class=\"wp-block-list\"><li><strong>Lei 9.605\/98 (Crimes ambientais e\nInfra\u00e7\u00f5es Administrativas);<\/strong><\/li><li><strong>Dec. 6.514\/08 (Infra\u00e7\u00f5es\nAdministrativas);<\/strong><\/li><li><strong>Lei 6.838\/81 (Responsabilidade Civil\nObjetiva).<\/strong><\/li><\/ul>\n\n\n\n<p><strong>Lei 9.985\/00: SNUC \u2013 Unidades de Conserva\u00e7\u00e3o<\/strong><\/p>\n\n\n\n<ul class=\"wp-block-list\"><li><strong>Conceitos;<\/strong><\/li><li><strong>Grupos\ne categorias de UCs;<\/strong><strong><\/strong><\/li><li><strong>Cria\u00e7\u00e3o,\namplia\u00e7\u00e3o, altera\u00e7\u00e3o, extin\u00e7\u00e3o e desafeta\u00e7\u00e3o;<\/strong><strong><\/strong><\/li><li><strong>Jurisprud\u00eancia\ndo STF sobre a compensa\u00e7\u00e3o ambiental.<\/strong><strong><\/strong><\/li><\/ul>\n\n\n\n<p><strong>Meio Ambiente na\nConstitui\u00e7\u00e3o Federal de 1988<\/strong><\/p>\n\n\n\n<ul class=\"wp-block-list\"><li><strong>Bens ambientais e Reparti\u00e7\u00e3o de\nCompet\u00eancias;<\/strong><\/li><li><strong>Art. 225, da CF\/88 (Do Meio Ambiente);<\/strong><\/li><li><strong>Artigo 231, da CF\/88 (Dos \u00cdndios);<\/strong><\/li><li><strong>Fun\u00e7\u00e3o social da propriedade rural e\nurbana.<\/strong><\/li><\/ul>\n\n\n\n<p><strong>Lei 12.651\/12: Novo C\u00f3digo Florestal<\/strong><\/p>\n\n\n\n<ul class=\"wp-block-list\"><li><strong>\u00c1reas de\nPreserva\u00e7\u00e3o Permanente (APPs);<\/strong><\/li><li><strong>Reserva\nLegal;<\/strong><\/li><li><strong>Obriga\u00e7\u00e3o <em>Propter Rem.<\/em><\/strong><\/li><\/ul>\n\n\n\n<h2 class=\"wp-block-heading\"><a>Dicas de como estudar a disciplina para a OAB<\/a><\/h2>\n\n\n\n<p>Direito ambiental tem sido cobrada em\nmuitos concursos p\u00fablicos. \u00c9 mat\u00e9ria bastante frequente em concursos para Juiz,\nPromotor, entre outros. <strong>Isso refor\u00e7a a\nimport\u00e2ncia da disciplina na OAB<\/strong> e tamb\u00e9m para os futuros candidatos aos\ncargos p\u00fablicos em \u00e1reas jur\u00eddicas.<\/p>\n\n\n\n<p>O edital do Exame de Ordem n\u00e3o disponibiliza\numa ementa. N\u00e3o h\u00e1 um conte\u00fado program\u00e1tico no Edital. Logo, n\u00e3o sabemos ao\ncerto que temas poder\u00e3o ser cobrados, dentro de uma disciplina que tem um\nconte\u00fado t\u00e3o extenso quanto Direito Administrativo ou Constitucional, por\nexemplo. <\/p>\n\n\n\n<p>Obviamente isso dificulta a prepara\u00e7\u00e3o e para\nsuperar essa dificuldade, <strong>h\u00e1 a\nnecessidade de um estudo direcionado, partindo da an\u00e1lise das provas aplicadas\nnos Exames<\/strong>. \u00c9 a partir dos temas que j\u00e1 foram cobrados que percebemos qual\n\u00e9 o comportamento da Banca e quais ser\u00e3o as tend\u00eancias para os pr\u00f3ximos Exames.<\/p>\n\n\n\n<p>A Base do estudo do Direito Ambiental para o\nExame de Ordem est\u00e1 na Constitui\u00e7\u00e3o Federal de 1988. O candidato deve ter uma\nbase muito s\u00f3lida de compet\u00eancias ambientais e do artigo 225, da CF\/88 (o\ncora\u00e7\u00e3o do Direito Ambiental). A partir da\u00ed, poder\u00e1 iniciar os estudos da\nlegisla\u00e7\u00e3o ambiental, estudando os temas que est\u00e3o discriminados no Raio X.<\/p>\n\n\n\n<h2 class=\"wp-block-heading\"><a>Principais novidades (legislativas,\njurisprudenciais) da mat\u00e9ria<\/a><\/h2>\n\n\n\n<p><strong>1\u00aa \u2013 Jurisprud\u00eancia do\nSTF e do STJ sobre a Responsabilidade da Pessoa Jur\u00eddica por crime ambiental.<\/strong> (\u00c9 poss\u00edvel a responsabiliza\u00e7\u00e3o penal da\npessoa jur\u00eddica por delitos ambientais independentemente da responsabiliza\u00e7\u00e3o\nconcomitante da pessoa f\u00edsica que agia em seu nome). N\u00e3o se exige mais a\naplica\u00e7\u00e3o da Teoria da Dupla Imputa\u00e7\u00e3o neste caso.<\/p>\n\n\n\n<p><strong>2\u00aa \u2013 Jurisprud\u00eancia do\nSTF sobre a Vaquejada.<\/strong> (Supremo entendeu inconstitucional a Lei\n15.299\/2013, do Cear\u00e1, que buscou regulamentar o assunto. Decis\u00e3o est\u00e1 em conson\u00e2ncia\ncom a jurisprud\u00eancia da casa, que sempre decidiu a favor do bem-estar animal\nmesmo quando dimens\u00f5es culturais estivessem envolvidas, como foi o caso da\n\u201cfarra do boi\u201d&nbsp;ou das rinhas.)<\/p>\n\n\n\n<p><strong>3\u00aa \u2013 Aplica\u00e7\u00e3o do\nPrinc\u00edpio da Insignific\u00e2ncia em crimes ambientais. (Depende do caso<\/strong> concreto e j\u00e1 foi aplicado em algumas\nsitua\u00e7\u00f5es)<\/p>\n\n\n\n<p><strong>4 \u00aa \u2013 EC 96\/2017\nacrescenta o \u00a7 7\u00ba ao art. 225 da Constitui\u00e7\u00e3o Federal <\/strong>para\ndeterminar que pr\u00e1ticas desportivas que utilizem animais n\u00e3o s\u00e3o consideradas\ncru\u00e9is, nas condi\u00e7\u00f5es que especifica. N\u00e3o se consideram cru\u00e9is as pr\u00e1ticas\ndesportivas que utilizem animais, desde que sejam manifesta\u00e7\u00f5es culturais,\nregistradas como bem de natureza imaterial integrante do patrim\u00f4nio cultural\nbrasileiro, devendo ser regulamentadas por lei espec\u00edfica que assegure o\nbem-estar dos animais envolvidos.<\/p>\n\n\n\n<p><strong>5\u00ba\n&#8211; Novas S\u00famulas do STJ:<\/strong><\/p>\n\n\n\n<p><strong>S\u00famula 613<\/strong><\/p>\n\n\n\n<p>N\u00e3o\nse admite a aplica\u00e7\u00e3o da teoria do fato consumado em tema de Direito Ambiental.\n(STJ. 1\u00aa Se\u00e7\u00e3o. Aprovada em 09\/05\/2018, DJe 14\/05\/2018).<\/p>\n\n\n\n<p><strong>S\u00famula 618<\/strong><\/p>\n\n\n\n<p>A\ninvers\u00e3o do \u00f4nus da prova aplica-se \u00e0s a\u00e7\u00f5es de degrada\u00e7\u00e3o ambiental.<\/p>\n\n\n\n<p><strong>S\u00famula 623<\/strong><\/p>\n\n\n\n<p>As\nobriga\u00e7\u00f5es ambientais possuem natureza <em>propter\nrem<\/em>, sendo admiss\u00edvel cobr\u00e1-las do propriet\u00e1rio ou possuidor atual e\/ou dos\nanteriores, \u00e0 escolha do credor.<\/p>\n\n\n\n<p><strong>S\u00famula 629<\/strong><\/p>\n\n\n\n<p>Quanto ao dano ambiental, \u00e9 admitida a condena\u00e7\u00e3o do r\u00e9u \u00e0 obriga\u00e7\u00e3o de fazer ou \u00e0 de n\u00e3o fazer cumulada com a de indenizar., sendo admiss\u00edvel cobr\u00e1-las do propriet\u00e1rio ou possuidor atual e\/ou dos anteriores, \u00e0 escolha do credor.<\/p>\n\n\n\n<h2 class=\"wp-block-heading\">Nossas redes sociais<\/h2>\n\n\n\n<p><a href=\"https:\/\/www.instagram.com\/estrategiaoab\/\" target=\"_blank\" rel=\"noreferrer noopener\">Instagram Estrat\u00e9gia OAB<\/a><\/p>\n\n\n\n<p><a rel=\"noreferrer noopener\" href=\"https:\/\/www.youtube.com\/channel\/UC7rgrKTSF5aOrBGWOw60ovw\" target=\"_blank\">YouTube do Estrat\u00e9gia OAB<\/a><\/p>\n\n\n\n<h2 class=\"wp-block-heading\">Pacotes completos para a 1\u00aa fase<\/h2>\n\n\n\n<p><strong><a href=\"https:\/\/www.estrategiaconcursos.com.br\/cursosPorConcurso\/exame-de-ordem-oab-1-fase\/\">Cursos OAB 1\u00aa fase<\/a><\/strong><\/p>\n\n\n\n<h2 class=\"wp-block-heading\">Pacotes completos para a 2\u00aa fase<\/h2>\n\n\n\n<p><a href=\"https:\/\/www.estrategiaconcursos.com.br\/curso\/1-curso-de-direito-administrativo-p-oab-2-fase-xxviii-exame-de-ordem-com-monitoria\/\" target=\"_blank\" rel=\"noreferrer noopener\">Direito Administrativo (com Monitoria)<\/a><\/p>\n\n\n\n<p><a href=\"https:\/\/www.estrategiaconcursos.com.br\/curso\/curso-de-direito-administrativo-p-oab-2-fase-xxviii-exame-de-ordem\/\">Direito Administrativo<\/a><\/p>\n\n\n\n<p><a href=\"https:\/\/www.estrategiaconcursos.com.br\/curso\/3-curso-de-direito-constitucional-p-oab-2-fase-xxviii-exame-de-ordem-com-monitoria\/\" target=\"_blank\" rel=\"noreferrer noopener\">Direito Constitucional (com Monitoria)<\/a><\/p>\n\n\n\n<p><a href=\"https:\/\/www.estrategiaconcursos.com.br\/curso\/curso-de-direito-constitucional-p-oab-2-fase-xxviii-exame-de-ordem\/\">Direito Constitucional<\/a><\/p>\n\n\n\n<p><a href=\"https:\/\/www.estrategiaconcursos.com.br\/curso\/2-curso-de-direito-civil-p-oab-2-fase-xxviii-exame-de-ordem-com-monitoria\/\" target=\"_blank\" rel=\"noreferrer noopener\">Direito Civil (com Monitoria)<\/a><\/p>\n\n\n\n<p><a href=\"https:\/\/www.estrategiaconcursos.com.br\/curso\/curso-de-direito-civil-p-oab-2-fase-xxviii-exame-de-ordem\/\" target=\"_blank\" rel=\"noreferrer noopener\">Direito Civil<\/a><\/p>\n\n\n\n<p><a href=\"https:\/\/www.estrategiaconcursos.com.br\/curso\/5-curso-de-direito-do-trabalho-p-oab-2-fase-xxviii-exame-de-ordem-com-monitoria\/\" target=\"_blank\" rel=\"noreferrer noopener\">Direito do Trabalho (com Monitoria)<\/a><\/p>\n\n\n\n<p><a href=\"https:\/\/www.estrategiaconcursos.com.br\/curso\/curso-de-direito-do-trabalho-p-oab-2-fase-xxviii-exame-de-ordem\/\" target=\"_blank\" rel=\"noreferrer noopener\">Direito do Trabalho<\/a><\/p>\n\n\n\n<p><a href=\"https:\/\/www.estrategiaconcursos.com.br\/curso\/7-curso-de-direito-empresarial-p-oab-2-fase-xxviii-exame-de-ordem-com-monitoria\/\" target=\"_blank\" rel=\"noreferrer noopener\">Direito Empresarial (com Monitoria)<\/a><\/p>\n\n\n\n<p><a href=\"https:\/\/www.estrategiaconcursos.com.br\/curso\/curso-de-direito-empresarial-p-oab-2-fase-xxviii-exame-de-ordem\/\" target=\"_blank\" rel=\"noreferrer noopener\">Direito Empresarial<\/a><\/p>\n\n\n\n<p><a href=\"https:\/\/www.estrategiaconcursos.com.br\/curso\/4-curso-de-direito-penal-p-oab-2-fase-xxviii-exame-de-ordem-com-monitoria\/\">Direito Penal (com Monitoria)<\/a><\/p>\n\n\n\n<p><a href=\"https:\/\/www.estrategiaconcursos.com.br\/curso\/curso-de-direito-penal-p-oab-2-fase-xxviii-exame-de-ordem\/\" target=\"_blank\" rel=\"noreferrer noopener\">Direito Penal<\/a><\/p>\n\n\n\n<p><a href=\"https:\/\/www.estrategiaconcursos.com.br\/curso\/6-curso-de-direito-tributario-p-oab-2-fase-xxviii-exame-de-ordem-com-monitoria\/\" target=\"_blank\" rel=\"noreferrer noopener\">Direito Tribut\u00e1rio (com Monitoria)<\/a><\/p>\n\n\n\n<p><a rel=\"noreferrer noopener\" href=\"https:\/\/www.estrategiaconcursos.com.br\/curso\/curso-de-direito-tributario-p-oab-2-fase-xxviii-exame-de-ordem\/\" target=\"_blank\">Direito Tribut\u00e1rio<\/a><\/p>\n\n\n\n\n","protected":false},"excerpt":{"rendered":"<p>Ol\u00e1, pessoal! Meu nome \u00e9 Rosenval J\u00fanior. Sou Servidor P\u00fablico Federal e aqui no Estrat\u00e9gia leciono Direito Ambiental, \u00c9tica e Legisla\u00e7\u00e3o Espec\u00edfica. Fiz minha gradua\u00e7\u00e3o na Universidade Federal de Vi\u00e7osa \u2013 UFV &#8211; e tenho p\u00f3s-gradua\u00e7\u00e3o em Direito Ambiental.\u00a0Fui aprovado em 15 concursos p\u00fablicos, entre eles, Analista do MPU, Analista do MPE MG, e Consultor [&hellip;]<\/p>\n","protected":false},"author":73,"featured_media":182668,"comment_status":"open","ping_status":"closed","sticky":false,"template":"","format":"standard","meta":{"post_tipo":"article","footnotes":""},"categories":[2185],"tags":[],"tax_estado":[],"class_list":["post-108127","post","type-post","status-publish","format-standard","has-post-thumbnail","hentry","category-carreiras-juridicas"],"acf":[],"yoast_head":"<!-- This site is optimized with the Yoast SEO Premium plugin v27.2 (Yoast SEO v27.2) - https:\/\/yoast.com\/product\/yoast-seo-premium-wordpress\/ -->\n<title>Direito Ambiental OAB: como estudar para o Exame de Ordem<\/title>\n<meta name=\"description\" content=\"Direito Ambiental OAB: confira aqui um guia completo para sua prepara\u00e7\u00e3o em Direito Ambiental no Exame de Ordem da OAB. Dicas do prof. Rosenval Jr.\" \/>\n<meta name=\"robots\" content=\"index, follow, max-snippet:-1, max-image-preview:large, max-video-preview:-1\" \/>\n<link rel=\"canonical\" href=\"https:\/\/www.estrategiaconcursos.com.br\/blog\/direito-ambiental-exame-de-ordem\/\" \/>\n<meta property=\"og:locale\" content=\"pt_BR\" \/>\n<meta property=\"og:type\" content=\"article\" \/>\n<meta property=\"og:title\" content=\"Direito Ambiental OAB: como estudar para o Exame de Ordem\" \/>\n<meta property=\"og:description\" content=\"Direito Ambiental OAB: confira aqui um guia completo para sua prepara\u00e7\u00e3o em Direito Ambiental no Exame de Ordem da OAB. Dicas do prof. Rosenval Jr.\" \/>\n<meta property=\"og:url\" content=\"https:\/\/www.estrategiaconcursos.com.br\/blog\/direito-ambiental-exame-de-ordem\/\" \/>\n<meta property=\"og:site_name\" content=\"Estrat\u00e9gia Concursos\" \/>\n<meta property=\"article:author\" content=\"https:\/\/www.facebook.com\/rosenvaljr\" \/>\n<meta property=\"article:published_time\" content=\"2019-05-02T02:59:02+00:00\" \/>\n<meta property=\"article:modified_time\" content=\"2019-05-02T17:33:04+00:00\" \/>\n<meta property=\"og:image\" content=\"https:\/\/dhg1h5j42swfq.cloudfront.net\/2019\/04\/10115514\/exame-de-ordem.jpg\" \/>\n\t<meta property=\"og:image:width\" content=\"398\" \/>\n\t<meta property=\"og:image:height\" content=\"209\" \/>\n\t<meta property=\"og:image:type\" content=\"image\/jpeg\" \/>\n<meta name=\"author\" content=\"Rosenval J\u00fanior\" \/>\n<meta name=\"twitter:card\" content=\"summary_large_image\" \/>\n<meta name=\"twitter:creator\" content=\"@EstratConcursos\" \/>\n<meta name=\"twitter:site\" content=\"@EstratConcursos\" \/>\n<meta name=\"twitter:label1\" content=\"Escrito por\" \/>\n\t<meta name=\"twitter:data1\" content=\"Rosenval J\u00fanior\" \/>\n\t<meta name=\"twitter:label2\" content=\"Est. tempo de leitura\" \/>\n\t<meta name=\"twitter:data2\" content=\"7 minutos\" \/>\n<script type=\"application\/ld+json\" class=\"yoast-schema-graph\">{\"@context\":\"https:\/\/schema.org\",\"@graph\":[{\"@type\":\"NewsArticle\",\"@id\":\"https:\/\/www.estrategiaconcursos.com.br\/blog\/direito-ambiental-exame-de-ordem\/#article\",\"isPartOf\":{\"@id\":\"https:\/\/www.estrategiaconcursos.com.br\/blog\/direito-ambiental-exame-de-ordem\/\"},\"author\":{\"name\":\"Rosenval J\u00fanior\",\"@id\":\"https:\/\/www.estrategiaconcursos.com.br\/blog\/#\/schema\/person\/3489eb8fb39ff11193689cf7762b03b0\"},\"headline\":\"Direito Ambiental OAB: como estudar para o Exame de Ordem\",\"datePublished\":\"2019-05-02T02:59:02+00:00\",\"dateModified\":\"2019-05-02T17:33:04+00:00\",\"mainEntityOfPage\":{\"@id\":\"https:\/\/www.estrategiaconcursos.com.br\/blog\/direito-ambiental-exame-de-ordem\/\"},\"wordCount\":1434,\"commentCount\":0,\"publisher\":{\"@id\":\"https:\/\/www.estrategiaconcursos.com.br\/blog\/#organization\"},\"image\":{\"@id\":\"https:\/\/www.estrategiaconcursos.com.br\/blog\/direito-ambiental-exame-de-ordem\/#primaryimage\"},\"thumbnailUrl\":\"https:\/\/dhg1h5j42swfq.cloudfront.net\/2019\/04\/10115514\/exame-de-ordem.jpg\",\"articleSection\":[\"Jur\u00eddico\"],\"inLanguage\":\"pt-BR\",\"potentialAction\":[{\"@type\":\"CommentAction\",\"name\":\"Comment\",\"target\":[\"https:\/\/www.estrategiaconcursos.com.br\/blog\/direito-ambiental-exame-de-ordem\/#respond\"]}],\"copyrightYear\":\"2019\",\"copyrightHolder\":{\"@id\":\"https:\/\/www.estrategiaconcursos.com.br\/blog\/#organization\"}},{\"@type\":\"WebPage\",\"@id\":\"https:\/\/www.estrategiaconcursos.com.br\/blog\/direito-ambiental-exame-de-ordem\/\",\"url\":\"https:\/\/www.estrategiaconcursos.com.br\/blog\/direito-ambiental-exame-de-ordem\/\",\"name\":\"Direito Ambiental OAB: como estudar para o Exame de Ordem\",\"isPartOf\":{\"@id\":\"https:\/\/www.estrategiaconcursos.com.br\/blog\/#website\"},\"primaryImageOfPage\":{\"@id\":\"https:\/\/www.estrategiaconcursos.com.br\/blog\/direito-ambiental-exame-de-ordem\/#primaryimage\"},\"image\":{\"@id\":\"https:\/\/www.estrategiaconcursos.com.br\/blog\/direito-ambiental-exame-de-ordem\/#primaryimage\"},\"thumbnailUrl\":\"https:\/\/dhg1h5j42swfq.cloudfront.net\/2019\/04\/10115514\/exame-de-ordem.jpg\",\"datePublished\":\"2019-05-02T02:59:02+00:00\",\"dateModified\":\"2019-05-02T17:33:04+00:00\",\"description\":\"Direito Ambiental OAB: confira aqui um guia completo para sua prepara\u00e7\u00e3o em Direito Ambiental no Exame de Ordem da OAB. Dicas do prof. Rosenval Jr.\",\"breadcrumb\":{\"@id\":\"https:\/\/www.estrategiaconcursos.com.br\/blog\/direito-ambiental-exame-de-ordem\/#breadcrumb\"},\"inLanguage\":\"pt-BR\",\"potentialAction\":[{\"@type\":\"ReadAction\",\"target\":[\"https:\/\/www.estrategiaconcursos.com.br\/blog\/direito-ambiental-exame-de-ordem\/\"]}]},{\"@type\":\"ImageObject\",\"inLanguage\":\"pt-BR\",\"@id\":\"https:\/\/www.estrategiaconcursos.com.br\/blog\/direito-ambiental-exame-de-ordem\/#primaryimage\",\"url\":\"https:\/\/dhg1h5j42swfq.cloudfront.net\/2019\/04\/10115514\/exame-de-ordem.jpg\",\"contentUrl\":\"https:\/\/dhg1h5j42swfq.cloudfront.net\/2019\/04\/10115514\/exame-de-ordem.jpg\",\"width\":398,\"height\":209,\"caption\":\"exame de ordem\"},{\"@type\":\"BreadcrumbList\",\"@id\":\"https:\/\/www.estrategiaconcursos.com.br\/blog\/direito-ambiental-exame-de-ordem\/#breadcrumb\",\"itemListElement\":[{\"@type\":\"ListItem\",\"position\":1,\"name\":\"In\u00edcio\",\"item\":\"https:\/\/www.estrategiaconcursos.com.br\/blog\/\"},{\"@type\":\"ListItem\",\"position\":2,\"name\":\"Direito Ambiental OAB: como estudar para o Exame de Ordem\"}]},{\"@type\":\"WebSite\",\"@id\":\"https:\/\/www.estrategiaconcursos.com.br\/blog\/#website\",\"url\":\"https:\/\/www.estrategiaconcursos.com.br\/blog\/\",\"name\":\"Estrat\u00e9gia Concursos\",\"description\":\"O blog da Estrat\u00e9gia Concursos traz not\u00edcias sobre concursos e artigos de professores oferecendo cursos para concursos (pdf + videaulas) no site.\",\"publisher\":{\"@id\":\"https:\/\/www.estrategiaconcursos.com.br\/blog\/#organization\"},\"potentialAction\":[{\"@type\":\"SearchAction\",\"target\":{\"@type\":\"EntryPoint\",\"urlTemplate\":\"https:\/\/www.estrategiaconcursos.com.br\/blog\/?s={search_term_string}\"},\"query-input\":{\"@type\":\"PropertyValueSpecification\",\"valueRequired\":true,\"valueName\":\"search_term_string\"}}],\"inLanguage\":\"pt-BR\"},{\"@type\":\"Organization\",\"@id\":\"https:\/\/www.estrategiaconcursos.com.br\/blog\/#organization\",\"name\":\"Estrat\u00e9gia Concursos\",\"url\":\"https:\/\/www.estrategiaconcursos.com.br\/blog\/\",\"logo\":{\"@type\":\"ImageObject\",\"inLanguage\":\"pt-BR\",\"@id\":\"https:\/\/www.estrategiaconcursos.com.br\/blog\/#\/schema\/logo\/image\/\",\"url\":\"https:\/\/dhg1h5j42swfq.cloudfront.net\/2025\/06\/03203428\/logo_concursos-1.jpg\",\"contentUrl\":\"https:\/\/dhg1h5j42swfq.cloudfront.net\/2025\/06\/03203428\/logo_concursos-1.jpg\",\"width\":230,\"height\":60,\"caption\":\"Estrat\u00e9gia Concursos\"},\"image\":{\"@id\":\"https:\/\/www.estrategiaconcursos.com.br\/blog\/#\/schema\/logo\/image\/\"},\"sameAs\":[\"https:\/\/x.com\/EstratConcursos\"]},{\"@type\":\"Person\",\"@id\":\"https:\/\/www.estrategiaconcursos.com.br\/blog\/#\/schema\/person\/3489eb8fb39ff11193689cf7762b03b0\",\"name\":\"Rosenval J\u00fanior\",\"image\":{\"@type\":\"ImageObject\",\"inLanguage\":\"pt-BR\",\"@id\":\"https:\/\/secure.gravatar.com\/avatar\/dc38e7bcadccb99c8a28b35b027bdc6b8b6a65ee938a25ed335e3e31eed462e0?s=96&d=mm&r=g\",\"url\":\"https:\/\/secure.gravatar.com\/avatar\/dc38e7bcadccb99c8a28b35b027bdc6b8b6a65ee938a25ed335e3e31eed462e0?s=96&d=mm&r=g\",\"contentUrl\":\"https:\/\/secure.gravatar.com\/avatar\/dc38e7bcadccb99c8a28b35b027bdc6b8b6a65ee938a25ed335e3e31eed462e0?s=96&d=mm&r=g\",\"caption\":\"Rosenval J\u00fanior\"},\"description\":\"Graduado pela Universidade Federal de Vi\u00e7osa - UFV. P\u00f3s-graduado em Direito Ambiental. Graduado tamb\u00e9m em Gest\u00e3o Ambiental, com tr\u00eas especializa\u00e7\u00f5es na \u00e1rea ambiental. Mestrando em Engenharia Ambiental. Servidor p\u00fablico do Minist\u00e9rio da Justi\u00e7a e professor de Direito Ambiental, Meio Ambiente, Direito Agr\u00e1rio e Direito Urban\u00edstico para concursos p\u00fablicos. Professor de Direito Ambiental para o Exame de Ordem. Aprovado em 15 concursos p\u00fablicos na \u00e1rea de Meio Ambiente como Analista Ambiental do Instituto Brasileiro do Meio Ambiente e dos Recursos Naturais Renov\u00e1veis - IBAMA; Analista Pericial - Especialidade Engenharia Florestal do Minist\u00e9rio P\u00fablico da Uni\u00e3o - MPU; Analista de Infraestrutura - \u00c1rea de Especializa\u00e7\u00e3o Ambiental do Departamento Nacional de Infraestrutura de Transportes - DNIT; Especialista em Regula\u00e7\u00e3o - \u00c1rea Engenharia Ambiental e Engenharia Florestal, com \u00eanfase em Meio Ambiente da Ag\u00eancia Nacional de Transportes Terrestres - ANTT; Consultor Legislativo em Meio Ambiente e Direito Ambiental, Organiza\u00e7\u00e3o Territorial, Desenvolvimento Urbano e Regional da C\u00e2mara dos Deputados; entre outros. Autor do livro \\\"Direito Ambiental para Concursos e Exame de Ordem\\\", Editora Juru\u00e1. Iniciou sua carreira no servi\u00e7o p\u00fablico federal em 2006, quando obteve aprova\u00e7\u00e3o em 1\u00b0 lugar para o cargo de engenheiro florestal da Casa Civil da Presid\u00eancia da Rep\u00fablica\/Arquivo Nacional. Alguns concursos em que foi aprovado: 1\u00b0 lugar para Analista do Minist\u00e9rio P\u00fablico de MG; 1\u00ba lugar para Engenheiro da Casa Civil da Presid\u00eancia da Rep\u00fablica; 1\u00b0 lugar para T\u00e9cnico em Recursos Naturais \u2013 n\u00edvel II \u2013 \u00c1rea Engenharia Florestal do IDAF; 2\u00b0 lugar para Analista Pericial do Minist\u00e9rio P\u00fablico da Uni\u00e3o - MPU; 2\u00b0 lugar para Analista em Reforma e Desenvolvimento Agr\u00e1rio do INCRA; 7\u00ba lugar Engenheiro J\u00fanior da Caixa Econ\u00f4mica Federal; 10\u00ba lugar para Analista Ambiental do Instituto Estadual de Florestas - IEF\/MG; 6\u00ba lugar para Analista de Infraestrutura (\u00c1rea de Especializa\u00e7\u00e3o Ambiental) do Departamento Nacional de Infraestrutura de Transportes \u2013 DNIT (Prova objetiva e discursiva); 2\u00b0 lugar para Perito Criminal da Pol\u00edcia Civil do Estado do Rio de Janeiro \u2013PCERJ (Resultado na Prova objetiva, TAF, Avalia\u00e7\u00e3o M\u00e9dica, e Psicot\u00e9cnico); 10\u00ba lugar para Perito Criminal da Pol\u00edcia Federal \u2013 DPF \u2013 \u00c1rea 9 (Resultado definitivo na prova objetiva e discursiva); 2\u00b0 lugar para Analista Ambiental do Instituto Brasileiro do Meio Ambiente e dos Recursos Naturais Renov\u00e1veis \u2013 IBAMA (Prova objetiva e discursiva); 1\u00b0 lugar para Especialista em Regula\u00e7\u00e3o Engenharia Ambiental e Engenharia Florestal (com \u00eanfase em meio ambiente) da Ag\u00eancia Nacional de Transportes Terrestres - ANTT (Resultado da prova objetiva, discursiva e de t\u00edtulos); 10\u00ba lugar para Consultor Legislativo em Meio Ambiente e Direito Ambiental, Organiza\u00e7\u00e3o Territorial, Desenvolvimento Urbano e Regional da C\u00e2mara dos Deputados. (Resultado da prova objetiva, discursiva e de t\u00edtulos) Entre em contato comigo pelo facebook e pelo Youtube. Basta colocar na busca: Rosenval J\u00fanior. Ou copiar e colar o endere\u00e7o: www.facebook.com\/rosenvaljr Acesse o meu site e saiba mais: www.aprendadireitoambiental.com.br\",\"sameAs\":[\"http:\/\/www.aprendadireitoambiental.com.br\",\"https:\/\/www.facebook.com\/rosenvaljr\"],\"url\":\"https:\/\/www.estrategiaconcursos.com.br\/blog\/author\/rosenvaljuniorestrategiaconcursos-com-br\/\"}]}<\/script>\n<!-- \/ Yoast SEO Premium plugin. -->","yoast_head_json":{"title":"Direito Ambiental OAB: como estudar para o Exame de Ordem","description":"Direito Ambiental OAB: confira aqui um guia completo para sua prepara\u00e7\u00e3o em Direito Ambiental no Exame de Ordem da OAB. Dicas do prof. Rosenval Jr.","robots":{"index":"index","follow":"follow","max-snippet":"max-snippet:-1","max-image-preview":"max-image-preview:large","max-video-preview":"max-video-preview:-1"},"canonical":"https:\/\/www.estrategiaconcursos.com.br\/blog\/direito-ambiental-exame-de-ordem\/","og_locale":"pt_BR","og_type":"article","og_title":"Direito Ambiental OAB: como estudar para o Exame de Ordem","og_description":"Direito Ambiental OAB: confira aqui um guia completo para sua prepara\u00e7\u00e3o em Direito Ambiental no Exame de Ordem da OAB. Dicas do prof. Rosenval Jr.","og_url":"https:\/\/www.estrategiaconcursos.com.br\/blog\/direito-ambiental-exame-de-ordem\/","og_site_name":"Estrat\u00e9gia Concursos","article_author":"https:\/\/www.facebook.com\/rosenvaljr","article_published_time":"2019-05-02T02:59:02+00:00","article_modified_time":"2019-05-02T17:33:04+00:00","og_image":[{"width":398,"height":209,"url":"https:\/\/dhg1h5j42swfq.cloudfront.net\/2019\/04\/10115514\/exame-de-ordem.jpg","type":"image\/jpeg"}],"author":"Rosenval J\u00fanior","twitter_card":"summary_large_image","twitter_creator":"@EstratConcursos","twitter_site":"@EstratConcursos","twitter_misc":{"Escrito por":"Rosenval J\u00fanior","Est. tempo de leitura":"7 minutos"},"schema":{"@context":"https:\/\/schema.org","@graph":[{"@type":"NewsArticle","@id":"https:\/\/www.estrategiaconcursos.com.br\/blog\/direito-ambiental-exame-de-ordem\/#article","isPartOf":{"@id":"https:\/\/www.estrategiaconcursos.com.br\/blog\/direito-ambiental-exame-de-ordem\/"},"author":{"name":"Rosenval J\u00fanior","@id":"https:\/\/www.estrategiaconcursos.com.br\/blog\/#\/schema\/person\/3489eb8fb39ff11193689cf7762b03b0"},"headline":"Direito Ambiental OAB: como estudar para o Exame de Ordem","datePublished":"2019-05-02T02:59:02+00:00","dateModified":"2019-05-02T17:33:04+00:00","mainEntityOfPage":{"@id":"https:\/\/www.estrategiaconcursos.com.br\/blog\/direito-ambiental-exame-de-ordem\/"},"wordCount":1434,"commentCount":0,"publisher":{"@id":"https:\/\/www.estrategiaconcursos.com.br\/blog\/#organization"},"image":{"@id":"https:\/\/www.estrategiaconcursos.com.br\/blog\/direito-ambiental-exame-de-ordem\/#primaryimage"},"thumbnailUrl":"https:\/\/dhg1h5j42swfq.cloudfront.net\/2019\/04\/10115514\/exame-de-ordem.jpg","articleSection":["Jur\u00eddico"],"inLanguage":"pt-BR","potentialAction":[{"@type":"CommentAction","name":"Comment","target":["https:\/\/www.estrategiaconcursos.com.br\/blog\/direito-ambiental-exame-de-ordem\/#respond"]}],"copyrightYear":"2019","copyrightHolder":{"@id":"https:\/\/www.estrategiaconcursos.com.br\/blog\/#organization"}},{"@type":"WebPage","@id":"https:\/\/www.estrategiaconcursos.com.br\/blog\/direito-ambiental-exame-de-ordem\/","url":"https:\/\/www.estrategiaconcursos.com.br\/blog\/direito-ambiental-exame-de-ordem\/","name":"Direito Ambiental OAB: como estudar para o Exame de Ordem","isPartOf":{"@id":"https:\/\/www.estrategiaconcursos.com.br\/blog\/#website"},"primaryImageOfPage":{"@id":"https:\/\/www.estrategiaconcursos.com.br\/blog\/direito-ambiental-exame-de-ordem\/#primaryimage"},"image":{"@id":"https:\/\/www.estrategiaconcursos.com.br\/blog\/direito-ambiental-exame-de-ordem\/#primaryimage"},"thumbnailUrl":"https:\/\/dhg1h5j42swfq.cloudfront.net\/2019\/04\/10115514\/exame-de-ordem.jpg","datePublished":"2019-05-02T02:59:02+00:00","dateModified":"2019-05-02T17:33:04+00:00","description":"Direito Ambiental OAB: confira aqui um guia completo para sua prepara\u00e7\u00e3o em Direito Ambiental no Exame de Ordem da OAB. Dicas do prof. Rosenval Jr.","breadcrumb":{"@id":"https:\/\/www.estrategiaconcursos.com.br\/blog\/direito-ambiental-exame-de-ordem\/#breadcrumb"},"inLanguage":"pt-BR","potentialAction":[{"@type":"ReadAction","target":["https:\/\/www.estrategiaconcursos.com.br\/blog\/direito-ambiental-exame-de-ordem\/"]}]},{"@type":"ImageObject","inLanguage":"pt-BR","@id":"https:\/\/www.estrategiaconcursos.com.br\/blog\/direito-ambiental-exame-de-ordem\/#primaryimage","url":"https:\/\/dhg1h5j42swfq.cloudfront.net\/2019\/04\/10115514\/exame-de-ordem.jpg","contentUrl":"https:\/\/dhg1h5j42swfq.cloudfront.net\/2019\/04\/10115514\/exame-de-ordem.jpg","width":398,"height":209,"caption":"exame de ordem"},{"@type":"BreadcrumbList","@id":"https:\/\/www.estrategiaconcursos.com.br\/blog\/direito-ambiental-exame-de-ordem\/#breadcrumb","itemListElement":[{"@type":"ListItem","position":1,"name":"In\u00edcio","item":"https:\/\/www.estrategiaconcursos.com.br\/blog\/"},{"@type":"ListItem","position":2,"name":"Direito Ambiental OAB: como estudar para o Exame de Ordem"}]},{"@type":"WebSite","@id":"https:\/\/www.estrategiaconcursos.com.br\/blog\/#website","url":"https:\/\/www.estrategiaconcursos.com.br\/blog\/","name":"Estrat\u00e9gia Concursos","description":"O blog da Estrat\u00e9gia Concursos traz not\u00edcias sobre concursos e artigos de professores oferecendo cursos para concursos (pdf + videaulas) no site.","publisher":{"@id":"https:\/\/www.estrategiaconcursos.com.br\/blog\/#organization"},"potentialAction":[{"@type":"SearchAction","target":{"@type":"EntryPoint","urlTemplate":"https:\/\/www.estrategiaconcursos.com.br\/blog\/?s={search_term_string}"},"query-input":{"@type":"PropertyValueSpecification","valueRequired":true,"valueName":"search_term_string"}}],"inLanguage":"pt-BR"},{"@type":"Organization","@id":"https:\/\/www.estrategiaconcursos.com.br\/blog\/#organization","name":"Estrat\u00e9gia Concursos","url":"https:\/\/www.estrategiaconcursos.com.br\/blog\/","logo":{"@type":"ImageObject","inLanguage":"pt-BR","@id":"https:\/\/www.estrategiaconcursos.com.br\/blog\/#\/schema\/logo\/image\/","url":"https:\/\/dhg1h5j42swfq.cloudfront.net\/2025\/06\/03203428\/logo_concursos-1.jpg","contentUrl":"https:\/\/dhg1h5j42swfq.cloudfront.net\/2025\/06\/03203428\/logo_concursos-1.jpg","width":230,"height":60,"caption":"Estrat\u00e9gia Concursos"},"image":{"@id":"https:\/\/www.estrategiaconcursos.com.br\/blog\/#\/schema\/logo\/image\/"},"sameAs":["https:\/\/x.com\/EstratConcursos"]},{"@type":"Person","@id":"https:\/\/www.estrategiaconcursos.com.br\/blog\/#\/schema\/person\/3489eb8fb39ff11193689cf7762b03b0","name":"Rosenval J\u00fanior","image":{"@type":"ImageObject","inLanguage":"pt-BR","@id":"https:\/\/secure.gravatar.com\/avatar\/dc38e7bcadccb99c8a28b35b027bdc6b8b6a65ee938a25ed335e3e31eed462e0?s=96&d=mm&r=g","url":"https:\/\/secure.gravatar.com\/avatar\/dc38e7bcadccb99c8a28b35b027bdc6b8b6a65ee938a25ed335e3e31eed462e0?s=96&d=mm&r=g","contentUrl":"https:\/\/secure.gravatar.com\/avatar\/dc38e7bcadccb99c8a28b35b027bdc6b8b6a65ee938a25ed335e3e31eed462e0?s=96&d=mm&r=g","caption":"Rosenval J\u00fanior"},"description":"Graduado pela Universidade Federal de Vi\u00e7osa - UFV. P\u00f3s-graduado em Direito Ambiental. Graduado tamb\u00e9m em Gest\u00e3o Ambiental, com tr\u00eas especializa\u00e7\u00f5es na \u00e1rea ambiental. Mestrando em Engenharia Ambiental. Servidor p\u00fablico do Minist\u00e9rio da Justi\u00e7a e professor de Direito Ambiental, Meio Ambiente, Direito Agr\u00e1rio e Direito Urban\u00edstico para concursos p\u00fablicos. Professor de Direito Ambiental para o Exame de Ordem. Aprovado em 15 concursos p\u00fablicos na \u00e1rea de Meio Ambiente como Analista Ambiental do Instituto Brasileiro do Meio Ambiente e dos Recursos Naturais Renov\u00e1veis - IBAMA; Analista Pericial - Especialidade Engenharia Florestal do Minist\u00e9rio P\u00fablico da Uni\u00e3o - MPU; Analista de Infraestrutura - \u00c1rea de Especializa\u00e7\u00e3o Ambiental do Departamento Nacional de Infraestrutura de Transportes - DNIT; Especialista em Regula\u00e7\u00e3o - \u00c1rea Engenharia Ambiental e Engenharia Florestal, com \u00eanfase em Meio Ambiente da Ag\u00eancia Nacional de Transportes Terrestres - ANTT; Consultor Legislativo em Meio Ambiente e Direito Ambiental, Organiza\u00e7\u00e3o Territorial, Desenvolvimento Urbano e Regional da C\u00e2mara dos Deputados; entre outros. Autor do livro \"Direito Ambiental para Concursos e Exame de Ordem\", Editora Juru\u00e1. Iniciou sua carreira no servi\u00e7o p\u00fablico federal em 2006, quando obteve aprova\u00e7\u00e3o em 1\u00b0 lugar para o cargo de engenheiro florestal da Casa Civil da Presid\u00eancia da Rep\u00fablica\/Arquivo Nacional. Alguns concursos em que foi aprovado: 1\u00b0 lugar para Analista do Minist\u00e9rio P\u00fablico de MG; 1\u00ba lugar para Engenheiro da Casa Civil da Presid\u00eancia da Rep\u00fablica; 1\u00b0 lugar para T\u00e9cnico em Recursos Naturais \u2013 n\u00edvel II \u2013 \u00c1rea Engenharia Florestal do IDAF; 2\u00b0 lugar para Analista Pericial do Minist\u00e9rio P\u00fablico da Uni\u00e3o - MPU; 2\u00b0 lugar para Analista em Reforma e Desenvolvimento Agr\u00e1rio do INCRA; 7\u00ba lugar Engenheiro J\u00fanior da Caixa Econ\u00f4mica Federal; 10\u00ba lugar para Analista Ambiental do Instituto Estadual de Florestas - IEF\/MG; 6\u00ba lugar para Analista de Infraestrutura (\u00c1rea de Especializa\u00e7\u00e3o Ambiental) do Departamento Nacional de Infraestrutura de Transportes \u2013 DNIT (Prova objetiva e discursiva); 2\u00b0 lugar para Perito Criminal da Pol\u00edcia Civil do Estado do Rio de Janeiro \u2013PCERJ (Resultado na Prova objetiva, TAF, Avalia\u00e7\u00e3o M\u00e9dica, e Psicot\u00e9cnico); 10\u00ba lugar para Perito Criminal da Pol\u00edcia Federal \u2013 DPF \u2013 \u00c1rea 9 (Resultado definitivo na prova objetiva e discursiva); 2\u00b0 lugar para Analista Ambiental do Instituto Brasileiro do Meio Ambiente e dos Recursos Naturais Renov\u00e1veis \u2013 IBAMA (Prova objetiva e discursiva); 1\u00b0 lugar para Especialista em Regula\u00e7\u00e3o Engenharia Ambiental e Engenharia Florestal (com \u00eanfase em meio ambiente) da Ag\u00eancia Nacional de Transportes Terrestres - ANTT (Resultado da prova objetiva, discursiva e de t\u00edtulos); 10\u00ba lugar para Consultor Legislativo em Meio Ambiente e Direito Ambiental, Organiza\u00e7\u00e3o Territorial, Desenvolvimento Urbano e Regional da C\u00e2mara dos Deputados. (Resultado da prova objetiva, discursiva e de t\u00edtulos) Entre em contato comigo pelo facebook e pelo Youtube. Basta colocar na busca: Rosenval J\u00fanior. Ou copiar e colar o endere\u00e7o: www.facebook.com\/rosenvaljr Acesse o meu site e saiba mais: www.aprendadireitoambiental.com.br","sameAs":["http:\/\/www.aprendadireitoambiental.com.br","https:\/\/www.facebook.com\/rosenvaljr"],"url":"https:\/\/www.estrategiaconcursos.com.br\/blog\/author\/rosenvaljuniorestrategiaconcursos-com-br\/"}]}},"_links":{"self":[{"href":"https:\/\/www.estrategiaconcursos.com.br\/blog\/wp-json\/wp\/v2\/posts\/108127","targetHints":{"allow":["GET"]}}],"collection":[{"href":"https:\/\/www.estrategiaconcursos.com.br\/blog\/wp-json\/wp\/v2\/posts"}],"about":[{"href":"https:\/\/www.estrategiaconcursos.com.br\/blog\/wp-json\/wp\/v2\/types\/post"}],"author":[{"embeddable":true,"href":"https:\/\/www.estrategiaconcursos.com.br\/blog\/wp-json\/wp\/v2\/users\/73"}],"replies":[{"embeddable":true,"href":"https:\/\/www.estrategiaconcursos.com.br\/blog\/wp-json\/wp\/v2\/comments?post=108127"}],"version-history":[{"count":6,"href":"https:\/\/www.estrategiaconcursos.com.br\/blog\/wp-json\/wp\/v2\/posts\/108127\/revisions"}],"predecessor-version":[{"id":367832,"href":"https:\/\/www.estrategiaconcursos.com.br\/blog\/wp-json\/wp\/v2\/posts\/108127\/revisions\/367832"}],"wp:featuredmedia":[{"embeddable":true,"href":"https:\/\/www.estrategiaconcursos.com.br\/blog\/wp-json\/wp\/v2\/media\/182668"}],"wp:attachment":[{"href":"https:\/\/www.estrategiaconcursos.com.br\/blog\/wp-json\/wp\/v2\/media?parent=108127"}],"wp:term":[{"taxonomy":"category","embeddable":true,"href":"https:\/\/www.estrategiaconcursos.com.br\/blog\/wp-json\/wp\/v2\/categories?post=108127"},{"taxonomy":"post_tag","embeddable":true,"href":"https:\/\/www.estrategiaconcursos.com.br\/blog\/wp-json\/wp\/v2\/tags?post=108127"},{"taxonomy":"tax_estado","embeddable":true,"href":"https:\/\/www.estrategiaconcursos.com.br\/blog\/wp-json\/wp\/v2\/tax_estado?post=108127"}],"curies":[{"name":"wp","href":"https:\/\/api.w.org\/{rel}","templated":true}]}}