{"id":10802,"date":"2013-09-18T00:13:22","date_gmt":"2013-09-18T03:13:22","guid":{"rendered":"https:\/\/www.estrategiaconcursos.com.br\/blog\/?p=10802"},"modified":"2015-01-05T16:04:26","modified_gmt":"2015-01-05T19:04:26","slug":"alunos-aprovados-ministerio-da-saude","status":"publish","type":"post","link":"https:\/\/www.estrategiaconcursos.com.br\/blog\/alunos-aprovados-ministerio-da-saude\/","title":{"rendered":"Alunos Aprovados \u2013 Minist\u00e9rio da Sa\u00fade. =)"},"content":{"rendered":"<p>Boa noite Pessoal!<\/p>\n<p>Hoje foi publicado o resultado do concurso do Minist\u00e9rio da Sa\u00fade, no qual eu ministrei o Curso de Legisla\u00e7\u00e3o do SUS, e para minha grande satisfa\u00e7\u00e3o encontrei o nome de 33 alunos aprovados, sendo 14 entre os 10 primeiros colocados e 4 em primeir\u00edssimo lugar, como podemos observar abaixo:<\/p>\n<p>ALMIR FRANCISCO DE LIMA &#8211; ADMINISTRADOR\/DF<\/p>\n<p>ANA CAMILA DIAS CAVALCANTE &#8211; CONTADOR\/DF (10.\u00ba LUGAR)<\/p>\n<p>ANTONIO CARLOS DE JESUS FILHO &#8211; ADMINISTRADOR\/DF<\/p>\n<p>DANIELA DE LANA VALLAD\u00c3O &#8211; ADMINISTRADOR\/DF<\/p>\n<p>DANIELA ROSCOE TEIXEIRA &#8211; ADMINISTRADOR\/MG (1.\u00ba LUGAR)<\/p>\n<p>DIEGO DOS SANTOS FERNANDES &#8211; ECONOMISTA\/DF (2.\u00ba LUGAR)<\/p>\n<p>DILSON LUIS GOMES &#8211; ADMINISTRADOR\/DF<\/p>\n<p>DUANNE EMANUEL LEAL GUIMAR\u00c3ES &#8211; CONTADOR\/DF (8.\u00ba LUGAR)<\/p>\n<p>DUCILENE SILVA OLIVEIRA ANDRADE &#8211; ADMINISTRADOR\/DF<\/p>\n<p>ELIENILDES SIMOES DE SANTIAGO &#8211; ADMINISTRADOR\/BA<\/p>\n<p>ELISABETE INARA LUPCHINSK DE OLIVEIRA &#8211; ADMINISTRADOR\/DF<\/p>\n<p>GIVANILDO DOS SANTOS MOURA &#8211; ADMINISTRADOR\/RO (3.\u00ba LUGAR)<\/p>\n<p>GREYCE FONSECA E SILVA HELAL &#8211; ADMINISTRADOR\/MA (10.\u00ba LUGAR)<\/p>\n<p>GUSTAVO HOLANDA SOARES &#8211; ADMINISTRADOR\/PE (1.\u00ba LUGAR PNE)<\/p>\n<p>IVAN RIBEIRO DE CARVALHO FILHO &#8211; ADMINISTRADOR\/DF<\/p>\n<p>JANAINA DA MOTTA NEVES &#8211; ADMINISTRADOR\/PA (4.\u00ba LUGAR)<\/p>\n<p>JOVELINO DA SILVA MOREIRA &#8211; ADMINISTRADOR\/DF (6.\u00ba LUGAR PNE)<\/p>\n<p>KAROLINE BEZERRA DE MIRANDA &#8211; ADMINISTRADOR\/DF<\/p>\n<p>LAILA PATRICIA PEREIRA DA SILVA &#8211; ADMINISTRADOR\/PI (6.\u00ba LUGAR)<\/p>\n<p>LEONARDO ANTONIO PASSOS &#8211; ADMINISTRADOR\/DF<\/p>\n<p>LUCIANA CARDOSO ALVES DA COSTA &#8211; ADMINISTRADOR\/GO (3.\u00ba LUGAR)<\/p>\n<p>MARIO NOGUEIRA ISRAEL &#8211; ADMINISTRADOR\/DF<\/p>\n<p>RAFAELA RODRIGUES CORREIA &#8211; ECONOMISTA\/DF<\/p>\n<p>RAQUEL BARROSO DE OLIVEIRA BORGES &#8211; ANALISTA ADMINISTRATIVO\/DF<\/p>\n<p>REGIANA LOPES E SILVA &#8211; ADMINISTRADOR\/DF<\/p>\n<p>REJANE DOS SANTOS LEVY &#8211; ADMINISTRADOR\/DF<\/p>\n<p>RICARDO SANTOS DA COSTA &#8211; ADMINISTRADOR\/AM (4.\u00ba LUGAR)<\/p>\n<p>RODNEY STANEV &#8211; ECONOMISTA\/DF (1.\u00ba LUGAR)<\/p>\n<p>SILVANA CANDIDA DE CASTRO &#8211; ADMINISTRADOR\/DF<\/p>\n<p>SILVIA CARLA LINS E BARROS &#8211; ADMINISTRADOR\/DF<\/p>\n<p>T\u00c2NIA SILVA DE SOUZA &#8211; ADMINISTRADOR\/DF<\/p>\n<p>THERTISON TEIXEIRA DE OLIVEIRA &#8211; ECONOMISTA\/DF (5.\u00ba LUGAR)<\/p>\n<p>THIAGO DOS SANTOS LINHARES &#8211; ADMINISTRADOR\/SE (1.\u00ba LUGAR)<\/p>\n<p>O destaque v\u00e3o para os seguinte alunos, que obtiveram a 1.\u00aa coloca\u00e7\u00e3o em seus cargos:<\/p>\n<p>DANIELA ROSCOE TEIXEIRA &#8211; ADMINISTRADOR\/MG (1.\u00ba LUGAR)<\/p>\n<p>GUSTAVO HOLANDA SOARES &#8211; ADMINISTRADOR\/PE (1.\u00ba LUGAR PNE)<\/p>\n<p>RODNEY STANEV &#8211; ECONOMISTA\/DF (1.\u00ba LUGAR)<\/p>\n<p>THIAGO DOS SANTOS LINHARES &#8211; ADMINISTRADOR\/SE (1.\u00ba LUGAR)<\/p>\n<p>Sucesso a todos os alunos aprovados! Fiquem com Deus!<\/p>\n<p>Grande Abra\u00e7o!<\/p>\n<p>Ali Mohamad Jaha<br \/>\nProfessor de Direito Previdenci\u00e1rio, Legisla\u00e7\u00e3o Previdenci\u00e1ria, Legisla\u00e7\u00e3o da Sa\u00fade, Legisla\u00e7\u00e3o Espec\u00edfica e T\u00e9cnicas para Provas Discursivas \u2013 Estrat\u00e9gia Concursos.<br \/>\nAuditor-Fiscal da Receita Federal do Brasil.<\/p>\n","protected":false},"excerpt":{"rendered":"<p>Boa noite Pessoal! Hoje foi publicado o resultado do concurso do Minist\u00e9rio da Sa\u00fade, no qual eu ministrei o Curso de Legisla\u00e7\u00e3o do SUS, e para minha grande satisfa\u00e7\u00e3o encontrei o nome de 33 alunos aprovados, sendo 14 entre os 10 primeiros colocados e 4 em primeir\u00edssimo lugar, como podemos observar abaixo: ALMIR FRANCISCO DE [&hellip;]<\/p>\n","protected":false},"author":45,"featured_media":0,"comment_status":"open","ping_status":"open","sticky":false,"template":"","format":"standard","meta":{"post_tipo":"article","footnotes":""},"categories":[1],"tags":[568],"tax_estado":[],"class_list":["post-10802","post","type-post","status-publish","format-standard","hentry","category-cursos-e-concursos","tag-aprovados"],"acf":[],"yoast_head":"<!-- This site is optimized with the Yoast SEO Premium plugin v27.2 (Yoast SEO v27.2) - https:\/\/yoast.com\/product\/yoast-seo-premium-wordpress\/ -->\n<title>Alunos Aprovados \u2013 Minist\u00e9rio da Sa\u00fade. =)<\/title>\n<meta name=\"robots\" content=\"index, follow, max-snippet:-1, max-image-preview:large, max-video-preview:-1\" \/>\n<link rel=\"canonical\" href=\"https:\/\/www.estrategiaconcursos.com.br\/blog\/alunos-aprovados-ministerio-da-saude\/\" \/>\n<meta property=\"og:locale\" content=\"pt_BR\" \/>\n<meta property=\"og:type\" content=\"article\" \/>\n<meta property=\"og:title\" content=\"Alunos Aprovados \u2013 Minist\u00e9rio da Sa\u00fade. =)\" \/>\n<meta property=\"og:description\" content=\"Boa noite Pessoal! Hoje foi publicado o resultado do concurso do Minist\u00e9rio da Sa\u00fade, no qual eu ministrei o Curso de Legisla\u00e7\u00e3o do SUS, e para minha grande satisfa\u00e7\u00e3o encontrei o nome de 33 alunos aprovados, sendo 14 entre os 10 primeiros colocados e 4 em primeir\u00edssimo lugar, como podemos observar abaixo: ALMIR FRANCISCO DE [&hellip;]\" \/>\n<meta property=\"og:url\" content=\"https:\/\/www.estrategiaconcursos.com.br\/blog\/alunos-aprovados-ministerio-da-saude\/\" \/>\n<meta property=\"og:site_name\" content=\"Estrat\u00e9gia Concursos\" \/>\n<meta property=\"article:author\" content=\"http:\/\/www.facebook.com\/amjaha\" \/>\n<meta property=\"article:published_time\" content=\"2013-09-18T03:13:22+00:00\" \/>\n<meta property=\"article:modified_time\" content=\"2015-01-05T19:04:26+00:00\" \/>\n<meta name=\"author\" content=\"Ali Mohamad Jaha\" \/>\n<meta name=\"twitter:card\" content=\"summary_large_image\" \/>\n<meta name=\"twitter:creator\" content=\"@EstratConcursos\" \/>\n<meta name=\"twitter:site\" content=\"@EstratConcursos\" \/>\n<meta name=\"twitter:label1\" content=\"Escrito por\" \/>\n\t<meta name=\"twitter:data1\" content=\"Ali Mohamad Jaha\" \/>\n\t<meta name=\"twitter:label2\" content=\"Est. tempo de leitura\" \/>\n\t<meta name=\"twitter:data2\" content=\"2 minutos\" \/>\n<script type=\"application\/ld+json\" class=\"yoast-schema-graph\">{\"@context\":\"https:\/\/schema.org\",\"@graph\":[{\"@type\":\"NewsArticle\",\"@id\":\"https:\/\/www.estrategiaconcursos.com.br\/blog\/alunos-aprovados-ministerio-da-saude\/#article\",\"isPartOf\":{\"@id\":\"https:\/\/www.estrategiaconcursos.com.br\/blog\/alunos-aprovados-ministerio-da-saude\/\"},\"author\":{\"name\":\"Ali Mohamad Jaha\",\"@id\":\"https:\/\/www.estrategiaconcursos.com.br\/blog\/#\/schema\/person\/5caef5684d9fe56108eff29afc128dca\"},\"headline\":\"Alunos Aprovados \u2013 Minist\u00e9rio da Sa\u00fade. =)\",\"datePublished\":\"2013-09-18T03:13:22+00:00\",\"dateModified\":\"2015-01-05T19:04:26+00:00\",\"mainEntityOfPage\":{\"@id\":\"https:\/\/www.estrategiaconcursos.com.br\/blog\/alunos-aprovados-ministerio-da-saude\/\"},\"wordCount\":405,\"commentCount\":0,\"publisher\":{\"@id\":\"https:\/\/www.estrategiaconcursos.com.br\/blog\/#organization\"},\"keywords\":[\"Aprovados\"],\"articleSection\":[\"Concursos P\u00fablicos\"],\"inLanguage\":\"pt-BR\",\"potentialAction\":[{\"@type\":\"CommentAction\",\"name\":\"Comment\",\"target\":[\"https:\/\/www.estrategiaconcursos.com.br\/blog\/alunos-aprovados-ministerio-da-saude\/#respond\"]}],\"copyrightYear\":\"2013\",\"copyrightHolder\":{\"@id\":\"https:\/\/www.estrategiaconcursos.com.br\/blog\/#organization\"}},{\"@type\":\"WebPage\",\"@id\":\"https:\/\/www.estrategiaconcursos.com.br\/blog\/alunos-aprovados-ministerio-da-saude\/\",\"url\":\"https:\/\/www.estrategiaconcursos.com.br\/blog\/alunos-aprovados-ministerio-da-saude\/\",\"name\":\"Alunos Aprovados \u2013 Minist\u00e9rio da Sa\u00fade. =)\",\"isPartOf\":{\"@id\":\"https:\/\/www.estrategiaconcursos.com.br\/blog\/#website\"},\"datePublished\":\"2013-09-18T03:13:22+00:00\",\"dateModified\":\"2015-01-05T19:04:26+00:00\",\"breadcrumb\":{\"@id\":\"https:\/\/www.estrategiaconcursos.com.br\/blog\/alunos-aprovados-ministerio-da-saude\/#breadcrumb\"},\"inLanguage\":\"pt-BR\",\"potentialAction\":[{\"@type\":\"ReadAction\",\"target\":[\"https:\/\/www.estrategiaconcursos.com.br\/blog\/alunos-aprovados-ministerio-da-saude\/\"]}]},{\"@type\":\"BreadcrumbList\",\"@id\":\"https:\/\/www.estrategiaconcursos.com.br\/blog\/alunos-aprovados-ministerio-da-saude\/#breadcrumb\",\"itemListElement\":[{\"@type\":\"ListItem\",\"position\":1,\"name\":\"In\u00edcio\",\"item\":\"https:\/\/www.estrategiaconcursos.com.br\/blog\/\"},{\"@type\":\"ListItem\",\"position\":2,\"name\":\"Alunos Aprovados \u2013 Minist\u00e9rio da Sa\u00fade. =)\"}]},{\"@type\":\"WebSite\",\"@id\":\"https:\/\/www.estrategiaconcursos.com.br\/blog\/#website\",\"url\":\"https:\/\/www.estrategiaconcursos.com.br\/blog\/\",\"name\":\"Estrat\u00e9gia Concursos\",\"description\":\"O blog da Estrat\u00e9gia Concursos traz not\u00edcias sobre concursos e artigos de professores oferecendo cursos para concursos (pdf + videaulas) no site.\",\"publisher\":{\"@id\":\"https:\/\/www.estrategiaconcursos.com.br\/blog\/#organization\"},\"potentialAction\":[{\"@type\":\"SearchAction\",\"target\":{\"@type\":\"EntryPoint\",\"urlTemplate\":\"https:\/\/www.estrategiaconcursos.com.br\/blog\/?s={search_term_string}\"},\"query-input\":{\"@type\":\"PropertyValueSpecification\",\"valueRequired\":true,\"valueName\":\"search_term_string\"}}],\"inLanguage\":\"pt-BR\"},{\"@type\":\"Organization\",\"@id\":\"https:\/\/www.estrategiaconcursos.com.br\/blog\/#organization\",\"name\":\"Estrat\u00e9gia Concursos\",\"url\":\"https:\/\/www.estrategiaconcursos.com.br\/blog\/\",\"logo\":{\"@type\":\"ImageObject\",\"inLanguage\":\"pt-BR\",\"@id\":\"https:\/\/www.estrategiaconcursos.com.br\/blog\/#\/schema\/logo\/image\/\",\"url\":\"https:\/\/dhg1h5j42swfq.cloudfront.net\/2025\/06\/03203428\/logo_concursos-1.jpg\",\"contentUrl\":\"https:\/\/dhg1h5j42swfq.cloudfront.net\/2025\/06\/03203428\/logo_concursos-1.jpg\",\"width\":230,\"height\":60,\"caption\":\"Estrat\u00e9gia Concursos\"},\"image\":{\"@id\":\"https:\/\/www.estrategiaconcursos.com.br\/blog\/#\/schema\/logo\/image\/\"},\"sameAs\":[\"https:\/\/x.com\/EstratConcursos\"]},{\"@type\":\"Person\",\"@id\":\"https:\/\/www.estrategiaconcursos.com.br\/blog\/#\/schema\/person\/5caef5684d9fe56108eff29afc128dca\",\"name\":\"Ali Mohamad Jaha\",\"image\":{\"@type\":\"ImageObject\",\"inLanguage\":\"pt-BR\",\"@id\":\"https:\/\/secure.gravatar.com\/avatar\/d2d32b2c5ba0b3d1fcbc7c351539c7f9052f5e52461adc4d346787a9c2579056?s=96&d=mm&r=g\",\"url\":\"https:\/\/secure.gravatar.com\/avatar\/d2d32b2c5ba0b3d1fcbc7c351539c7f9052f5e52461adc4d346787a9c2579056?s=96&d=mm&r=g\",\"contentUrl\":\"https:\/\/secure.gravatar.com\/avatar\/d2d32b2c5ba0b3d1fcbc7c351539c7f9052f5e52461adc4d346787a9c2579056?s=96&d=mm&r=g\",\"caption\":\"Ali Mohamad Jaha\"},\"description\":\"Professor de Direito Previdenci\u00e1rio, Legisla\u00e7\u00e3o Previdenci\u00e1ria, Legisla\u00e7\u00e3o da Sa\u00fade, Legisla\u00e7\u00e3o Espec\u00edfica e Discursivas. Auditor-Fiscal da Receita Federal do Brasil \u2013 DRF-Cascavel\/PR. Especialista em Administra\u00e7\u00e3o Tribut\u00e1ria pela Universidade Castelo Branco\/RJ. Especialista em Gest\u00e3o de Pol\u00edticas P\u00fablicas pela Universidade do Iva\u00ed\/PR. Bacharel em Engenharia Civil pela Universidade Estadual de Maring\u00e1\/PR.\",\"sameAs\":[\"http:\/\/www.facebook.com\/amjaha\"],\"url\":\"https:\/\/www.estrategiaconcursos.com.br\/blog\/author\/alijahaestrategiaconcursos-com-br\/\"}]}<\/script>\n<!-- \/ Yoast SEO Premium plugin. -->","yoast_head_json":{"title":"Alunos Aprovados \u2013 Minist\u00e9rio da Sa\u00fade. =)","robots":{"index":"index","follow":"follow","max-snippet":"max-snippet:-1","max-image-preview":"max-image-preview:large","max-video-preview":"max-video-preview:-1"},"canonical":"https:\/\/www.estrategiaconcursos.com.br\/blog\/alunos-aprovados-ministerio-da-saude\/","og_locale":"pt_BR","og_type":"article","og_title":"Alunos Aprovados \u2013 Minist\u00e9rio da Sa\u00fade. =)","og_description":"Boa noite Pessoal! Hoje foi publicado o resultado do concurso do Minist\u00e9rio da Sa\u00fade, no qual eu ministrei o Curso de Legisla\u00e7\u00e3o do SUS, e para minha grande satisfa\u00e7\u00e3o encontrei o nome de 33 alunos aprovados, sendo 14 entre os 10 primeiros colocados e 4 em primeir\u00edssimo lugar, como podemos observar abaixo: ALMIR FRANCISCO DE [&hellip;]","og_url":"https:\/\/www.estrategiaconcursos.com.br\/blog\/alunos-aprovados-ministerio-da-saude\/","og_site_name":"Estrat\u00e9gia Concursos","article_author":"http:\/\/www.facebook.com\/amjaha","article_published_time":"2013-09-18T03:13:22+00:00","article_modified_time":"2015-01-05T19:04:26+00:00","author":"Ali Mohamad Jaha","twitter_card":"summary_large_image","twitter_creator":"@EstratConcursos","twitter_site":"@EstratConcursos","twitter_misc":{"Escrito por":"Ali Mohamad Jaha","Est. tempo de leitura":"2 minutos"},"schema":{"@context":"https:\/\/schema.org","@graph":[{"@type":"NewsArticle","@id":"https:\/\/www.estrategiaconcursos.com.br\/blog\/alunos-aprovados-ministerio-da-saude\/#article","isPartOf":{"@id":"https:\/\/www.estrategiaconcursos.com.br\/blog\/alunos-aprovados-ministerio-da-saude\/"},"author":{"name":"Ali Mohamad Jaha","@id":"https:\/\/www.estrategiaconcursos.com.br\/blog\/#\/schema\/person\/5caef5684d9fe56108eff29afc128dca"},"headline":"Alunos Aprovados \u2013 Minist\u00e9rio da Sa\u00fade. =)","datePublished":"2013-09-18T03:13:22+00:00","dateModified":"2015-01-05T19:04:26+00:00","mainEntityOfPage":{"@id":"https:\/\/www.estrategiaconcursos.com.br\/blog\/alunos-aprovados-ministerio-da-saude\/"},"wordCount":405,"commentCount":0,"publisher":{"@id":"https:\/\/www.estrategiaconcursos.com.br\/blog\/#organization"},"keywords":["Aprovados"],"articleSection":["Concursos P\u00fablicos"],"inLanguage":"pt-BR","potentialAction":[{"@type":"CommentAction","name":"Comment","target":["https:\/\/www.estrategiaconcursos.com.br\/blog\/alunos-aprovados-ministerio-da-saude\/#respond"]}],"copyrightYear":"2013","copyrightHolder":{"@id":"https:\/\/www.estrategiaconcursos.com.br\/blog\/#organization"}},{"@type":"WebPage","@id":"https:\/\/www.estrategiaconcursos.com.br\/blog\/alunos-aprovados-ministerio-da-saude\/","url":"https:\/\/www.estrategiaconcursos.com.br\/blog\/alunos-aprovados-ministerio-da-saude\/","name":"Alunos Aprovados \u2013 Minist\u00e9rio da Sa\u00fade. =)","isPartOf":{"@id":"https:\/\/www.estrategiaconcursos.com.br\/blog\/#website"},"datePublished":"2013-09-18T03:13:22+00:00","dateModified":"2015-01-05T19:04:26+00:00","breadcrumb":{"@id":"https:\/\/www.estrategiaconcursos.com.br\/blog\/alunos-aprovados-ministerio-da-saude\/#breadcrumb"},"inLanguage":"pt-BR","potentialAction":[{"@type":"ReadAction","target":["https:\/\/www.estrategiaconcursos.com.br\/blog\/alunos-aprovados-ministerio-da-saude\/"]}]},{"@type":"BreadcrumbList","@id":"https:\/\/www.estrategiaconcursos.com.br\/blog\/alunos-aprovados-ministerio-da-saude\/#breadcrumb","itemListElement":[{"@type":"ListItem","position":1,"name":"In\u00edcio","item":"https:\/\/www.estrategiaconcursos.com.br\/blog\/"},{"@type":"ListItem","position":2,"name":"Alunos Aprovados \u2013 Minist\u00e9rio da Sa\u00fade. =)"}]},{"@type":"WebSite","@id":"https:\/\/www.estrategiaconcursos.com.br\/blog\/#website","url":"https:\/\/www.estrategiaconcursos.com.br\/blog\/","name":"Estrat\u00e9gia Concursos","description":"O blog da Estrat\u00e9gia Concursos traz not\u00edcias sobre concursos e artigos de professores oferecendo cursos para concursos (pdf + videaulas) no site.","publisher":{"@id":"https:\/\/www.estrategiaconcursos.com.br\/blog\/#organization"},"potentialAction":[{"@type":"SearchAction","target":{"@type":"EntryPoint","urlTemplate":"https:\/\/www.estrategiaconcursos.com.br\/blog\/?s={search_term_string}"},"query-input":{"@type":"PropertyValueSpecification","valueRequired":true,"valueName":"search_term_string"}}],"inLanguage":"pt-BR"},{"@type":"Organization","@id":"https:\/\/www.estrategiaconcursos.com.br\/blog\/#organization","name":"Estrat\u00e9gia Concursos","url":"https:\/\/www.estrategiaconcursos.com.br\/blog\/","logo":{"@type":"ImageObject","inLanguage":"pt-BR","@id":"https:\/\/www.estrategiaconcursos.com.br\/blog\/#\/schema\/logo\/image\/","url":"https:\/\/dhg1h5j42swfq.cloudfront.net\/2025\/06\/03203428\/logo_concursos-1.jpg","contentUrl":"https:\/\/dhg1h5j42swfq.cloudfront.net\/2025\/06\/03203428\/logo_concursos-1.jpg","width":230,"height":60,"caption":"Estrat\u00e9gia Concursos"},"image":{"@id":"https:\/\/www.estrategiaconcursos.com.br\/blog\/#\/schema\/logo\/image\/"},"sameAs":["https:\/\/x.com\/EstratConcursos"]},{"@type":"Person","@id":"https:\/\/www.estrategiaconcursos.com.br\/blog\/#\/schema\/person\/5caef5684d9fe56108eff29afc128dca","name":"Ali Mohamad Jaha","image":{"@type":"ImageObject","inLanguage":"pt-BR","@id":"https:\/\/secure.gravatar.com\/avatar\/d2d32b2c5ba0b3d1fcbc7c351539c7f9052f5e52461adc4d346787a9c2579056?s=96&d=mm&r=g","url":"https:\/\/secure.gravatar.com\/avatar\/d2d32b2c5ba0b3d1fcbc7c351539c7f9052f5e52461adc4d346787a9c2579056?s=96&d=mm&r=g","contentUrl":"https:\/\/secure.gravatar.com\/avatar\/d2d32b2c5ba0b3d1fcbc7c351539c7f9052f5e52461adc4d346787a9c2579056?s=96&d=mm&r=g","caption":"Ali Mohamad Jaha"},"description":"Professor de Direito Previdenci\u00e1rio, Legisla\u00e7\u00e3o Previdenci\u00e1ria, Legisla\u00e7\u00e3o da Sa\u00fade, Legisla\u00e7\u00e3o Espec\u00edfica e Discursivas. Auditor-Fiscal da Receita Federal do Brasil \u2013 DRF-Cascavel\/PR. Especialista em Administra\u00e7\u00e3o Tribut\u00e1ria pela Universidade Castelo Branco\/RJ. Especialista em Gest\u00e3o de Pol\u00edticas P\u00fablicas pela Universidade do Iva\u00ed\/PR. Bacharel em Engenharia Civil pela Universidade Estadual de Maring\u00e1\/PR.","sameAs":["http:\/\/www.facebook.com\/amjaha"],"url":"https:\/\/www.estrategiaconcursos.com.br\/blog\/author\/alijahaestrategiaconcursos-com-br\/"}]}},"_links":{"self":[{"href":"https:\/\/www.estrategiaconcursos.com.br\/blog\/wp-json\/wp\/v2\/posts\/10802","targetHints":{"allow":["GET"]}}],"collection":[{"href":"https:\/\/www.estrategiaconcursos.com.br\/blog\/wp-json\/wp\/v2\/posts"}],"about":[{"href":"https:\/\/www.estrategiaconcursos.com.br\/blog\/wp-json\/wp\/v2\/types\/post"}],"author":[{"embeddable":true,"href":"https:\/\/www.estrategiaconcursos.com.br\/blog\/wp-json\/wp\/v2\/users\/45"}],"replies":[{"embeddable":true,"href":"https:\/\/www.estrategiaconcursos.com.br\/blog\/wp-json\/wp\/v2\/comments?post=10802"}],"version-history":[{"count":1,"href":"https:\/\/www.estrategiaconcursos.com.br\/blog\/wp-json\/wp\/v2\/posts\/10802\/revisions"}],"predecessor-version":[{"id":20271,"href":"https:\/\/www.estrategiaconcursos.com.br\/blog\/wp-json\/wp\/v2\/posts\/10802\/revisions\/20271"}],"wp:attachment":[{"href":"https:\/\/www.estrategiaconcursos.com.br\/blog\/wp-json\/wp\/v2\/media?parent=10802"}],"wp:term":[{"taxonomy":"category","embeddable":true,"href":"https:\/\/www.estrategiaconcursos.com.br\/blog\/wp-json\/wp\/v2\/categories?post=10802"},{"taxonomy":"post_tag","embeddable":true,"href":"https:\/\/www.estrategiaconcursos.com.br\/blog\/wp-json\/wp\/v2\/tags?post=10802"},{"taxonomy":"tax_estado","embeddable":true,"href":"https:\/\/www.estrategiaconcursos.com.br\/blog\/wp-json\/wp\/v2\/tax_estado?post=10802"}],"curies":[{"name":"wp","href":"https:\/\/api.w.org\/{rel}","templated":true}]}}