{"id":1079891,"date":"2022-12-16T20:48:00","date_gmt":"2022-12-16T23:48:00","guid":{"rendered":"https:\/\/www.estrategiaconcursos.com.br\/blog\/?p=1079891"},"modified":"2022-12-19T14:11:54","modified_gmt":"2022-12-19T17:11:54","slug":"concurso-camara-de-contagem-edital-publicado","status":"publish","type":"post","link":"https:\/\/www.estrategiaconcursos.com.br\/blog\/concurso-camara-de-contagem-edital-publicado\/","title":{"rendered":"Edital C\u00e2mara de Contagem: provas em janeiro; 35 vagas!"},"content":{"rendered":"\n<p>Ap\u00f3s serem prorrogadas, est\u00e3o encerradas as inscri\u00e7\u00f5es para o <strong>edital do concurso C\u00e2mara de Contagem<\/strong>, no estado de Minas Gerais, com oferta de 35 vagas imediatas, al\u00e9m de cadastro de reserva.<\/p>\n\n\n\n<p>Os interessados em participar da sele\u00e7\u00e3o puderam se inscrever<strong> at\u00e9 16 de dezembro<\/strong>, no site da banca organizadora, <a href=\"https:\/\/www.gestaodeconcursos.com.br\/site\/site\/DetalheConcurso.aspx?CodigoConcurso=1498\" target=\"_blank\" rel=\"noreferrer noopener\">Fundep<\/a>, ao custo de R$ 65,00 a R$ 110,00.<\/p>\n\n\n\n<p>As oportunidades s\u00e3o distribu\u00eddas entre diversos cargos, de n\u00edveis fundamental, m\u00e9dio, m\u00e9dio\/t\u00e9cnico e superior. J\u00e1 o sal\u00e1rio inicial varia de R$ 1.862,23 a R$ 9.860,69.<\/p>\n\n\n\n<ul class=\"has-background wp-block-list\" style=\"background:linear-gradient(135deg,rgb(241,238,227) 0%,rgb(166,144,106) 100%)\"><li><strong style=\"background-color: initial; color: initial;\">Status:<\/strong><span style=\"background-color: initial; color: initial;\"> <\/span>inscri\u00e7\u00f5es encerradas<\/li><li><strong style=\"background-color: initial; color: initial;\">Banca:<\/strong><span style=\"background-color: initial; color: initial;\"> Fundep<\/span><\/li><li><strong>Vagas:<\/strong> 35<\/li><li><strong>Sal\u00e1rio inicial:<\/strong> R$ 1.862,23 a R$ 9.860,69<\/li><li><strong>Edital:<\/strong> <a href=\"https:\/\/dhg1h5j42swfq.cloudfront.net\/2022\/08\/17203901\/edital-do-concurso-da-camara-municipal-de-contagem-01_2022.pdf\" target=\"_blank\" rel=\"noreferrer noopener nofollow\">C\u00e2mara de Contagem-2022<\/a><\/li><\/ul>\n\n\n\n<div class=\"container\" id=\"boxes\">\n  <div class=\"row\">\n\n    <div class=\"col-sm\">\n      <div class=\"banner-legislativo\" id=\"box-assinatura\">\n        <h3 class=\"titulo-assinatura\">Concurso C\u00e2mara de Contagem<\/h3>\n        <p class=\"subtitulo-assinatura\">Estude com o Estrat\u00e9gia<\/p>\n        <div class=\"box-botao\">\n          <a class=\"btn-assinatura\" target=\"_blank\" href=\"https:\/\/www.estrategiaconcursos.com.br\/cursosPorConcurso\/camara-municipal-de-contagem-mg\/\" role=\"button\" rel=\"noopener noreferrer\">Conhe\u00e7a os cursos<\/a>\n        <\/div>\n      <\/div>\n     \n    <\/div>\n\n  <\/div>\n<\/div>\n\n\n\n<h2 class=\"wp-block-heading\" id=\"datas\">Principais datas do edital C\u00e2mara de Contagem<\/h2>\n\n\n\n<ul class=\"wp-block-list\"><li><strong>Inscri\u00e7\u00f5es<\/strong>: <s>19 de outubro a 16 de dezembro<\/s><\/li><li><strong>Isen\u00e7\u00e3o da taxa<\/strong>: <s>19 a 21 de outubro<\/s><\/li><li><strong>\u00daltimo dia de pagamento:<\/strong> <s>16 de dezembro<\/s><\/li><li><strong>Prova<\/strong>: 08 de janeiro<\/li><\/ul>\n\n\n\n<p>O valor a ser pago a t\u00edtulo de inscri\u00e7\u00e3o \u00e9 o seguinte:<\/p>\n\n\n\n<ul class=\"wp-block-list\"><li>N\u00edvel Fundamental: R$ 65,00<\/li><li>N\u00edvel M\u00e9dio e M\u00e9dio T\u00e9cnico: R$ 80,00 <\/li><li>N\u00edvel Superior: R$ 100,00 a R$ 110,00<\/li><\/ul>\n\n\n\n<p>Obs.: <em>O candidato poder\u00e1 concorrer a dois cargos de diferentes n\u00edveis de escolaridade, sendo: cargos de (N\u00edvel M\u00e9dio e T\u00e9cnico) em turno A ou cargos de (N\u00edvel Superior e Fundamental) em turno B, cujas as provas realizar-se-\u00e3o em hor\u00e1rios distintos. <\/em><\/p>\n\n\n\n<h2 class=\"wp-block-heading\" id=\"cargos-vagas\">Cargos e vagas do edital C\u00e2mara de Contagem<\/h2>\n\n\n\n<h3 class=\"wp-block-heading\" id=\"medio\">Ensino fundamental<\/h3>\n\n\n\n<figure class=\"wp-block-table is-style-stripes\"><table class=\"has-background has-fixed-layout\" style=\"background-color:#e0d4c1\"><thead><tr><th class=\"has-text-align-center\" data-align=\"center\">CARGOS<\/th><th class=\"has-text-align-center\" data-align=\"center\">VAGAS<\/th><th class=\"has-text-align-center\" data-align=\"center\">SAL\u00c1RIO<\/th><\/tr><\/thead><tbody><tr><td class=\"has-text-align-center\" data-align=\"center\">Agente de Seguran\u00e7a<\/td><td class=\"has-text-align-center\" data-align=\"center\">04<\/td><td class=\"has-text-align-center\" data-align=\"center\">R$ 1.862,33<\/td><\/tr><\/tbody><\/table><figcaption>Quadro de cargos e sal\u00e1rios na C\u00e2mara de Contagem.<\/figcaption><\/figure>\n\n\n\n<h3 class=\"wp-block-heading\">Ensino m\u00e9dio e m\u00e9dio\/t\u00e9cnico<\/h3>\n\n\n\n<figure class=\"wp-block-table is-style-stripes\"><table class=\"has-background has-fixed-layout\" style=\"background-color:#e0d4c1\"><thead><tr><th class=\"has-text-align-center\" data-align=\"center\">CARGOS<\/th><th class=\"has-text-align-center\" data-align=\"center\">VAGAS<\/th><th class=\"has-text-align-center\" data-align=\"center\">SAL\u00c1RIO<\/th><\/tr><\/thead><tbody><tr><td class=\"has-text-align-center\" data-align=\"center\">Int\u00e9rprete de Libras<\/td><td class=\"has-text-align-center\" data-align=\"center\">01<\/td><td class=\"has-text-align-center\" data-align=\"center\">R$ 2.285,47<\/td><\/tr><tr><td class=\"has-text-align-center\" data-align=\"center\">T\u00e9cnico em Sa\u00fade Bucal<\/td><td class=\"has-text-align-center\" data-align=\"center\">01<\/td><td class=\"has-text-align-center\" data-align=\"center\">R$ 2.285,48<\/td><\/tr><tr><td class=\"has-text-align-center\" data-align=\"center\">T\u00e9cnico em Enfermagem<\/td><td class=\"has-text-align-center\" data-align=\"center\">02<\/td><td class=\"has-text-align-center\" data-align=\"center\">R$ 3.325,00<\/td><\/tr><tr><td class=\"has-text-align-center\" data-align=\"center\">T\u00e9cnico Administrativo<\/td><td class=\"has-text-align-center\" data-align=\"center\">13<\/td><td class=\"has-text-align-center\" data-align=\"center\">R$ 2.539,41<\/td><\/tr><\/tbody><\/table><figcaption>Cargos e vagas para Ensino M\u00e9dio e T\u00e9cnico de forma\u00e7\u00e3o.<\/figcaption><\/figure>\n\n\n\n<h3 class=\"wp-block-heading\" id=\"superior\">Curso superior<\/h3>\n\n\n\n<figure class=\"wp-block-table is-style-stripes\"><table class=\"has-background has-fixed-layout\" style=\"background-color:#e0d4c1\"><thead><tr><th class=\"has-text-align-center\" data-align=\"center\">CARGOS<\/th><th class=\"has-text-align-center\" data-align=\"center\">VAGAS<\/th><th class=\"has-text-align-center\" data-align=\"center\">SAL\u00c1RIO<\/th><\/tr><\/thead><tbody><tr><td class=\"has-text-align-center\" data-align=\"center\">Analista T\u00e9cnico &#8211; Jornalista<\/td><td class=\"has-text-align-center\" data-align=\"center\">01<\/td><td class=\"has-text-align-center\" data-align=\"center\">R$ 5.925,30<\/td><\/tr><tr><td class=\"has-text-align-center\" data-align=\"center\">Analista T\u00e9cnico &#8211; Rela\u00e7\u00f5es P\u00fablicas<\/td><td class=\"has-text-align-center\" data-align=\"center\">01<\/td><td class=\"has-text-align-center\" data-align=\"center\">R$ 5.925,30<\/td><\/tr><tr><td class=\"has-text-align-center\" data-align=\"center\">Analista T\u00e9cnico &#8211; Redator<\/td><td class=\"has-text-align-center\" data-align=\"center\">01<\/td><td class=\"has-text-align-center\" data-align=\"center\">R$ 5.925,30<\/td><\/tr><tr><td class=\"has-text-align-center\" data-align=\"center\">Analista T\u00e9cnico &#8211; Analista de Sistemas<\/td><td class=\"has-text-align-center\" data-align=\"center\">02<\/td><td class=\"has-text-align-center\" data-align=\"center\">R$ 5.925,30<\/td><\/tr><tr><td class=\"has-text-align-center\" data-align=\"center\"><a href=\"https:\/\/www.estrategiaconcursos.com.br\/curso\/camara-de-contagem-mg-analista-tecnico-ciencias-contabeis-lei-n-4-320-1964-lei-complementar-n-101-2000-orcamento-governamental-2022-pos-edital\/\" target=\"_blank\" rel=\"noreferrer noopener\">Analista T\u00e9cnico &#8211; Ci\u00eancias Cont\u00e1beis<\/a><\/td><td class=\"has-text-align-center\" data-align=\"center\">01<\/td><td class=\"has-text-align-center\" data-align=\"center\">R$ 5.925,30<\/td><\/tr><tr><td class=\"has-text-align-center\" data-align=\"center\"><a href=\"https:\/\/www.estrategiaconcursos.com.br\/curso\/camara-de-contagem-mg-analista-tecnico-administrador-lei-n-4-320-1964-lei-complementar-n-101-2000-orcamento-governamental-2022-pos-edital\/\" target=\"_blank\" rel=\"noreferrer noopener\">Analista T\u00e9cnico &#8211; Administrador<\/a><\/td><td class=\"has-text-align-center\" data-align=\"center\">01<\/td><td class=\"has-text-align-center\" data-align=\"center\">R$ 5.925,30<\/td><\/tr><tr><td class=\"has-text-align-center\" data-align=\"center\">Analista T\u00e9cnico &#8211; Gestor de RH<\/td><td class=\"has-text-align-center\" data-align=\"center\">01<\/td><td class=\"has-text-align-center\" data-align=\"center\">R$ 5.925,30<\/td><\/tr><tr><td class=\"has-text-align-center\" data-align=\"center\">Nutricionista<\/td><td class=\"has-text-align-center\" data-align=\"center\">01<\/td><td class=\"has-text-align-center\" data-align=\"center\">R$ 5.925,31<\/td><\/tr><tr><td class=\"has-text-align-center\" data-align=\"center\">Assistente Social<\/td><td class=\"has-text-align-center\" data-align=\"center\">01<\/td><td class=\"has-text-align-center\" data-align=\"center\">R$ 5.925,31<\/td><\/tr><tr><td class=\"has-text-align-center\" data-align=\"center\">Dentista<\/td><td class=\"has-text-align-center\" data-align=\"center\">01<\/td><td class=\"has-text-align-center\" data-align=\"center\">R$ 5.925,30<\/td><\/tr><tr><td class=\"has-text-align-center\" data-align=\"center\">M\u00e9dico Cl\u00ednico<\/td><td class=\"has-text-align-center\" data-align=\"center\">02<\/td><td class=\"has-text-align-center\" data-align=\"center\">R$ 5.925,31<\/td><\/tr><tr><td class=\"has-text-align-center\" data-align=\"center\">Procurador Legislativo<\/td><td class=\"has-text-align-center\" data-align=\"center\">01<\/td><td class=\"has-text-align-center\" data-align=\"center\">R$ 9.860,69<\/td><\/tr><\/tbody><\/table><figcaption>Vagas e sal\u00e1rio para forma\u00e7\u00e3o em n\u00edvel superior.<\/figcaption><\/figure>\n\n\n\n<h2 class=\"wp-block-heading\" id=\"etapas\">Etapas e provas do edital C\u00e2mara de Contagem<\/h2>\n\n\n\n<p>De acordo com o edital C\u00e2mara de Contagem, os candidatos ser\u00e3o avaliados mediante aplica\u00e7\u00e3o de at\u00e9 quatro etapas, conforme abaixo. <\/p>\n\n\n\n<ul class=\"wp-block-list\"><li><strong>1\u00aa &#8211; Prova Objetiva<\/strong> de m\u00faltipla escolha, de car\u00e1ter eliminat\u00f3rio e classificat\u00f3rio para todos os cargos;<\/li><li><strong>2\u00aa &#8211; Prova Discursiva\/Reda\u00e7\u00e3o<\/strong> de car\u00e1ter eliminat\u00f3rio e classificat\u00f3rio, para todos os cargos;<\/li><li><strong>3\u00aa &#8211; Prova Pr\u00e1tica<\/strong> de car\u00e1ter eliminat\u00f3rio, para o cargo de Int\u00e9rprete de Libras;<\/li><li><strong>4\u00aa &#8211; Prova de T\u00edtulos<\/strong> de car\u00e1ter classificat\u00f3rio, para todos os cargos de N\u00edvel Superior.<\/li><\/ul>\n\n\n\n<h3 class=\"wp-block-heading\" id=\"objetiva\">Provas Objetivas<\/h3>\n\n\n\n<p>A Prova Objetiva ser\u00e1 de car\u00e1ter eliminat\u00f3rio e classificat\u00f3rio, composta da seguinte forma:<\/p>\n\n\n\n<ul class=\"wp-block-list\"><li><strong>N\u00edvel Fundamental: 35 quest\u00f5es de m\u00faltipla escolha<\/strong><ul><li><em>L\u00edngua Portuguesa &#8211; 10<\/em><\/li><li><em>Matem\u00e1tica e Racioc\u00ednio L\u00f3gico &#8211; 10<\/em><\/li><li><em>Conhecimentos Gerais &#8211; 10<\/em><\/li><li><em>Legisla\u00e7\u00e3o &#8211; 5<\/em><\/li><\/ul><\/li><\/ul>\n\n\n\n<ul class=\"wp-block-list\"><li><strong>N\u00edvel M\u00e9dio\/M\u00e9dio T\u00e9cnico: 40 quest\u00f5es de m\u00faltipla escolha<\/strong><ul><li><em>L\u00edngua Portuguesa &#8211; 15<\/em><\/li><li><em>Inform\u00e1tica &#8211; 5<\/em><\/li><li><em>Conhecimentos Gerais &#8211; 5<\/em><\/li><li><em>Legisla\u00e7\u00e3o &#8211; 5<\/em><\/li><li><em>Conhecimentos Espec\u00edficos &#8211; 10<\/em><\/li><\/ul><\/li><\/ul>\n\n\n\n<ul class=\"wp-block-list\"><li><strong>N\u00edvel Superior: 40 quest\u00f5es de m\u00faltipla escolha<\/strong><ul><li><em>L\u00edngua Portuguesa &#8211; 15<\/em><\/li><\/ul><ul><li><em>Conhecimentos Gerais &#8211; 7<\/em><\/li><li><em>Legisla\u00e7\u00e3o &#8211; 8<\/em><\/li><li><em>Conhecimentos Espec\u00edficos &#8211; 10<\/em><\/li><\/ul><\/li><\/ul>\n\n\n\n<ul class=\"wp-block-list\"><li><strong>Procurador Legislativo: 60 quest\u00f5es de m\u00faltipla escolha<\/strong><ul><li><em>Conhecimentos Gerais &#8211; 7<\/em><\/li><li><em>Legisla\u00e7\u00e3o &#8211; 8<\/em><\/li><li><em>Direito Administrativo &#8211; 15<\/em><\/li><li><em>Direito Constitucional &#8211; 15<\/em><\/li><li><em>Processo Civil &#8211; 10<\/em><\/li><li><em>Direito Urban\u00edstico &#8211; 5<\/em><\/li><\/ul><\/li><\/ul>\n\n\n\n<p>Ser\u00e1 considerado aprovado na Prova Objetiva do edital C\u00e2mara de Contagem o candidato que obtiver no m\u00ednimo 50% dos pontos e n\u00e3o zerar nenhuma das disciplinas da prova.<\/p>\n\n\n\n<h3 class=\"wp-block-heading\" id=\"discursiva\">Prova Discursiva e Reda\u00e7\u00e3o<\/h3>\n\n\n\n<p>A Prova de Reda\u00e7\u00e3o ser\u00e1 aplicada aos cargos de n\u00edvel m\u00e9dio, t\u00e9cnico e superior, composta de uma reda\u00e7\u00e3o, que dever\u00e1 ser elaborada com no m\u00ednimo 15 e no m\u00e1ximo 30 linhas para que seja corrigida.<\/p>\n\n\n\n<p>A Reda\u00e7\u00e3o ter\u00e1 o valor de 20 pontos, sendo considerado aprovado na etapa o candidato que obtiver o m\u00ednimo de 10 pontos do total.<\/p>\n\n\n\n<p>A Prova Discursiva ter\u00e1 a dura\u00e7\u00e3o de 5h e ser\u00e1 aplicada somente para cargo de Procurador Legislativo. A prova valer\u00e1 um total de 100,00 pontos e consistir\u00e1 de:<\/p>\n\n\n\n<ul class=\"wp-block-list\"><li>parte 1: Pe\u00e7a Jur\u00eddica ou parecer de no m\u00ednimo 80 linhas e no m\u00e1ximo 150 linhas, no valor de 70 pontos.<\/li><li>parte 2: tr\u00eas quest\u00f5es a serem respondidos em no m\u00e1ximo 30 linhas, no valor de 10 pontos cada, totalizando 30 pontos.<\/li><\/ul>\n\n\n\n<h3 class=\"wp-block-heading\" id=\"titulos\">Avalia\u00e7\u00e3o de T\u00edtulos<\/h3>\n\n\n\n<p>A Prova de T\u00edtulos do edital C\u00e2mara de Contagem ser\u00e1 realizada apenas para os cargos de n\u00edvel superior, dos candidatos aprovados na Prova de Reda\u00e7\u00e3o e na Prova Discursiva, valendo 10 pontos.<\/p>\n\n\n\n<figure class=\"wp-block-image aligncenter size-full\"><img loading=\"lazy\" decoding=\"async\" width=\"859\" height=\"197\" src=\"https:\/\/dhg1h5j42swfq.cloudfront.net\/2022\/08\/18082805\/image-246.png\" alt=\"Quadro de pontua\u00e7\u00e3o da Prova de T\u00edtulos do edital C\u00e2mara de Contagem\" class=\"wp-image-1079916\" srcset=\"https:\/\/dhg1h5j42swfq.cloudfront.net\/2022\/08\/18082805\/image-246.png 859w, https:\/\/dhg1h5j42swfq.cloudfront.net\/2022\/08\/18082805\/image-246-300x69.png 300w, https:\/\/dhg1h5j42swfq.cloudfront.net\/2022\/08\/18082805\/image-246-768x176.png 768w, https:\/\/dhg1h5j42swfq.cloudfront.net\/2022\/08\/18082805\/image-246-610x140.png 610w, https:\/\/dhg1h5j42swfq.cloudfront.net\/2022\/08\/18082805\/image-246-150x34.png 150w\" sizes=\"auto, (max-width: 859px) 100vw, 859px\" \/><figcaption>Quadro de pontua\u00e7\u00e3o da Prova de T\u00edtulos<\/figcaption><\/figure>\n\n\n\n<h3 class=\"wp-block-heading\" id=\"pratica\">Prova Pr\u00e1tica<\/h3>\n\n\n\n<p>A Prova Pr\u00e1tica, de car\u00e1ter eliminat\u00f3rio, ser\u00e1 destinada aos candidatos que se inscreverem para o cargo de Int\u00e9rprete de Libras, consistindo nas seguintes atividades:<\/p>\n\n\n\n<ul class=\"wp-block-list\"><li>Entrevista em L\u00edngua Brasileira de Sinais (Libras);<\/li><li>Tradu\u00e7\u00e3o e interpreta\u00e7\u00e3o de um v\u00eddeo em L\u00edngua Portuguesa Oral (verbalizado \u2013 falado) para a<br \/>L\u00edngua Brasileira de Sinais (Libras);<\/li><li>Tradu\u00e7\u00e3o e interpreta\u00e7\u00e3o de um v\u00eddeo em L\u00edngua Brasileira de Sinais (Libras) para a L\u00edngua<br \/>Portuguesa Oral.<\/li><\/ul>\n\n\n\n<p>A referida etapa ser\u00e1 avaliada na escala de 0 a 10 pontos. Ser\u00e1 eliminado do concurso o candidato que n\u00e3o obtiver o m\u00ednimo de 50% do total dos pontos, ou seja, 5.<\/p>\n\n\n\n<hr class=\"wp-block-separator has-alpha-channel-opacity\"\/>\n\n\n\n<h2 class=\"has-text-align-center wp-block-heading\" id=\"h-quer-saber-tudo-sobre-concursos-previstos-confira-nossos-artigos\">Quer saber tudo sobre concursos previstos?<br \/>Confira  nossos artigos!<\/h2>\n\n\n\n<ul class=\"wp-block-list\"><li><a href=\"https:\/\/www.estrategiaconcursos.com.br\/blog\/concursos-abertos\/\" target=\"_blank\" rel=\"noreferrer noopener\">Concursos abertos<\/a><\/li><li><a href=\"https:\/\/www.estrategiaconcursos.com.br\/blog\/concursos-2023\/\" target=\"_blank\" rel=\"noreferrer noopener\">Concursos 2023<\/a><\/li><\/ul>\n\n\n\n<h2 class=\"has-text-align-center wp-block-heading\" id=\"cursos\">Quer estudar para o concurso C\u00e2mara de Contagem?<\/h2>\n\n\n\n<div class=\"container\" id=\"boxes\">\n  <div class=\"row\">\n\n    <div class=\"col-sm\">\n      <div class=\"banner-legislativo\" id=\"box-assinatura\">\n        <h3 class=\"titulo-assinatura\">Edital C\u00e2mara de Contagem<\/h3>\n        <p class=\"subtitulo-assinatura\">Conhe\u00e7a os cursos<\/p>\n        <div class=\"box-botao\">\n          <a class=\"btn-assinatura\" target=\"_blank\" href=\"https:\/\/www.estrategiaconcursos.com.br\/cursosPorConcurso\/camara-municipal-de-contagem-mg\/\" role=\"button\" rel=\"noopener noreferrer\">Saiba mais<\/a>\n        <\/div>\n      <\/div>\n     \n    <\/div>\n\n  <\/div>\n<\/div>\n\n\n\n<div class=\"container\" id=\"boxes\">\n  <div class=\"row\">\n\n    <div class=\"col-sm\">\n      <div class=\"estrategia\" id=\"box-assinatura\">\n        <h3 class=\"titulo-assinatura\">Assinatura Concursos<\/h3>\n        <p class=\"subtitulo-assinatura\">Assinatura de 1 ano ou 2 anos<\/p>\n        <div class=\"box-botao\">\n          <a class=\"btn-assinatura\" target=\"_blank\" href=\"https:\/\/www.estrategiaconcursos.com.br\/assinaturas\/\" role=\"button\" rel=\"noopener noreferrer\">ASSINE AGORA<\/a>\n        <\/div>\n      <\/div><\/div><\/div><\/div>\n\n\n\n<figure class=\"wp-block-image size-large is-resized\"><img loading=\"lazy\" decoding=\"async\" src=\"https:\/\/dhg1h5j42swfq.cloudfront.net\/2025\/06\/27101122\/ficha-tecnica-1-1024x632.png\" alt=\"Ficha t\u00e9cnica C\u00e2mara de Franca\" class=\"wp-image-702728\" width=\"269\" height=\"166\" srcset=\"https:\/\/dhg1h5j42swfq.cloudfront.net\/2025\/06\/27101122\/ficha-tecnica-1-1024x632.png 1024w, https:\/\/dhg1h5j42swfq.cloudfront.net\/2025\/06\/27101122\/ficha-tecnica-1-300x185.png 300w, https:\/\/dhg1h5j42swfq.cloudfront.net\/2025\/06\/27101122\/ficha-tecnica-1-768x474.png 768w, https:\/\/dhg1h5j42swfq.cloudfront.net\/2025\/06\/27101122\/ficha-tecnica-1-1536x948.png 1536w, https:\/\/dhg1h5j42swfq.cloudfront.net\/2025\/06\/27101122\/ficha-tecnica-1-610x377.png 610w, https:\/\/dhg1h5j42swfq.cloudfront.net\/2025\/06\/27101122\/ficha-tecnica-1.png 1571w\" sizes=\"auto, (max-width: 269px) 100vw, 269px\" \/><\/figure>\n\n\n\n<h3 class=\"wp-block-heading\" id=\"ficha\">Informa\u00e7\u00f5es do edital C\u00e2mara de Contagem-MG<\/h3>\n\n\n\n<ul class=\"wp-block-list\"><li><strong style=\"color: initial;\">Provas<\/strong><span style=\"color: initial;\">: <\/span>08\/01\/2023<\/li><li><strong>Vagas<\/strong>: 35<\/li><li><strong>Cargos<\/strong>: V\u00e1rios<\/li><li><strong>Banca<\/strong>: Fundep<\/li><li><strong>Escolaridade<\/strong>: N\u00edvel fundamental, m\u00e9dio, t\u00e9cnico e superior<\/li><li><strong>Edital:<\/strong> <a href=\"https:\/\/dhg1h5j42swfq.cloudfront.net\/2022\/06\/03133809\/edital_franca_01-06.pdf\" target=\"_blank\" rel=\"noreferrer noopener nofollow\"><\/a><a href=\"https:\/\/dhg1h5j42swfq.cloudfront.net\/2022\/08\/17203901\/edital-do-concurso-da-camara-municipal-de-contagem-01_2022.pdf\" target=\"_blank\" rel=\"noreferrer noopener nofollow\">C\u00e2mara de Contagem-202<\/a><\/li><\/ul>\n","protected":false},"excerpt":{"rendered":"<p>Ap\u00f3s serem prorrogadas, est\u00e3o encerradas as inscri\u00e7\u00f5es para o edital do concurso C\u00e2mara de Contagem, no estado de Minas Gerais, com oferta de 35 vagas imediatas, al\u00e9m de cadastro de reserva. Os interessados em participar da sele\u00e7\u00e3o puderam se inscrever at\u00e9 16 de dezembro, no site da banca organizadora, Fundep, ao custo de R$ 65,00 [&hellip;]<\/p>\n","protected":false},"author":1206,"featured_media":716768,"comment_status":"open","ping_status":"closed","sticky":false,"template":"","format":"standard","meta":{"post_tipo":"news","footnotes":""},"categories":[2017,220219],"tags":[],"tax_estado":[219974],"class_list":["post-1079891","post","type-post","status-publish","format-standard","has-post-thumbnail","hentry","category-concursos-legislativos","category-noticias","tax_estado-mg"],"acf":[],"yoast_head":"<!-- This site is optimized with the Yoast SEO Premium plugin v27.2 (Yoast SEO v27.2) - https:\/\/yoast.com\/product\/yoast-seo-premium-wordpress\/ -->\n<title>Edital C\u00e2mara de Contagem: provas em janeiro; 35 vagas!<\/title>\n<meta name=\"description\" content=\"As inscri\u00e7\u00f5es para o Edital C\u00e2mara de Contagem est\u00e3o encerradas! Sele\u00e7\u00e3o oferta 35 vagas para diversos cargos e n\u00edveis de forma\u00e7\u00e3o.\" \/>\n<meta name=\"robots\" content=\"index, follow, max-snippet:-1, max-image-preview:large, max-video-preview:-1\" \/>\n<link rel=\"canonical\" href=\"https:\/\/www.estrategiaconcursos.com.br\/blog\/concurso-camara-de-contagem-edital-publicado\/\" \/>\n<meta property=\"og:locale\" content=\"pt_BR\" \/>\n<meta property=\"og:type\" content=\"article\" \/>\n<meta property=\"og:title\" content=\"Edital C\u00e2mara de Contagem: provas em janeiro; 35 vagas!\" \/>\n<meta property=\"og:description\" content=\"As inscri\u00e7\u00f5es para o Edital C\u00e2mara de Contagem est\u00e3o encerradas! Sele\u00e7\u00e3o oferta 35 vagas para diversos cargos e n\u00edveis de forma\u00e7\u00e3o.\" \/>\n<meta property=\"og:url\" content=\"https:\/\/www.estrategiaconcursos.com.br\/blog\/concurso-camara-de-contagem-edital-publicado\/\" \/>\n<meta property=\"og:site_name\" content=\"Estrat\u00e9gia Concursos\" \/>\n<meta property=\"article:published_time\" content=\"2022-12-16T23:48:00+00:00\" \/>\n<meta property=\"article:modified_time\" content=\"2022-12-19T17:11:54+00:00\" \/>\n<meta property=\"og:image\" content=\"https:\/\/dhg1h5j42swfq.cloudfront.net\/2021\/03\/19111925\/saiu-1.jpg\" \/>\n\t<meta property=\"og:image:width\" content=\"1200\" \/>\n\t<meta property=\"og:image:height\" content=\"628\" \/>\n\t<meta property=\"og:image:type\" content=\"image\/jpeg\" \/>\n<meta name=\"author\" content=\"Bruna de Andrade Fran\u00e7a\" \/>\n<meta name=\"twitter:card\" content=\"summary_large_image\" \/>\n<meta name=\"twitter:creator\" content=\"@EstratConcursos\" \/>\n<meta name=\"twitter:site\" content=\"@EstratConcursos\" \/>\n<meta name=\"twitter:label1\" content=\"Escrito por\" \/>\n\t<meta name=\"twitter:data1\" content=\"Bruna de Andrade Fran\u00e7a\" \/>\n\t<meta name=\"twitter:label2\" content=\"Est. tempo de leitura\" \/>\n\t<meta name=\"twitter:data2\" content=\"5 minutos\" \/>\n<script type=\"application\/ld+json\" class=\"yoast-schema-graph\">{\"@context\":\"https:\/\/schema.org\",\"@graph\":[{\"@type\":\"NewsArticle\",\"@id\":\"https:\/\/www.estrategiaconcursos.com.br\/blog\/concurso-camara-de-contagem-edital-publicado\/#article\",\"isPartOf\":{\"@id\":\"https:\/\/www.estrategiaconcursos.com.br\/blog\/concurso-camara-de-contagem-edital-publicado\/\"},\"author\":{\"name\":\"Bruna de Andrade Fran\u00e7a\",\"@id\":\"https:\/\/www.estrategiaconcursos.com.br\/blog\/#\/schema\/person\/6630f91134abc08115cca62ce6372855\"},\"headline\":\"Edital C\u00e2mara de Contagem: provas em janeiro; 35 vagas!\",\"datePublished\":\"2022-12-16T23:48:00+00:00\",\"dateModified\":\"2022-12-19T17:11:54+00:00\",\"mainEntityOfPage\":{\"@id\":\"https:\/\/www.estrategiaconcursos.com.br\/blog\/concurso-camara-de-contagem-edital-publicado\/\"},\"wordCount\":1034,\"commentCount\":0,\"publisher\":{\"@id\":\"https:\/\/www.estrategiaconcursos.com.br\/blog\/#organization\"},\"image\":{\"@id\":\"https:\/\/www.estrategiaconcursos.com.br\/blog\/concurso-camara-de-contagem-edital-publicado\/#primaryimage\"},\"thumbnailUrl\":\"https:\/\/dhg1h5j42swfq.cloudfront.net\/2021\/03\/19111925\/saiu-1.jpg\",\"articleSection\":[\"Legislativo\",\"\u00daltimas not\u00edcias\"],\"inLanguage\":\"pt-BR\",\"potentialAction\":[{\"@type\":\"CommentAction\",\"name\":\"Comment\",\"target\":[\"https:\/\/www.estrategiaconcursos.com.br\/blog\/concurso-camara-de-contagem-edital-publicado\/#respond\"]}],\"copyrightYear\":\"2022\",\"copyrightHolder\":{\"@id\":\"https:\/\/www.estrategiaconcursos.com.br\/blog\/#organization\"}},{\"@type\":\"WebPage\",\"@id\":\"https:\/\/www.estrategiaconcursos.com.br\/blog\/concurso-camara-de-contagem-edital-publicado\/\",\"url\":\"https:\/\/www.estrategiaconcursos.com.br\/blog\/concurso-camara-de-contagem-edital-publicado\/\",\"name\":\"Edital C\u00e2mara de Contagem: provas em janeiro; 35 vagas!\",\"isPartOf\":{\"@id\":\"https:\/\/www.estrategiaconcursos.com.br\/blog\/#website\"},\"primaryImageOfPage\":{\"@id\":\"https:\/\/www.estrategiaconcursos.com.br\/blog\/concurso-camara-de-contagem-edital-publicado\/#primaryimage\"},\"image\":{\"@id\":\"https:\/\/www.estrategiaconcursos.com.br\/blog\/concurso-camara-de-contagem-edital-publicado\/#primaryimage\"},\"thumbnailUrl\":\"https:\/\/dhg1h5j42swfq.cloudfront.net\/2021\/03\/19111925\/saiu-1.jpg\",\"datePublished\":\"2022-12-16T23:48:00+00:00\",\"dateModified\":\"2022-12-19T17:11:54+00:00\",\"description\":\"As inscri\u00e7\u00f5es para o Edital C\u00e2mara de Contagem est\u00e3o encerradas! Sele\u00e7\u00e3o oferta 35 vagas para diversos cargos e n\u00edveis de forma\u00e7\u00e3o.\",\"breadcrumb\":{\"@id\":\"https:\/\/www.estrategiaconcursos.com.br\/blog\/concurso-camara-de-contagem-edital-publicado\/#breadcrumb\"},\"inLanguage\":\"pt-BR\",\"potentialAction\":[{\"@type\":\"ReadAction\",\"target\":[\"https:\/\/www.estrategiaconcursos.com.br\/blog\/concurso-camara-de-contagem-edital-publicado\/\"]}]},{\"@type\":\"ImageObject\",\"inLanguage\":\"pt-BR\",\"@id\":\"https:\/\/www.estrategiaconcursos.com.br\/blog\/concurso-camara-de-contagem-edital-publicado\/#primaryimage\",\"url\":\"https:\/\/dhg1h5j42swfq.cloudfront.net\/2021\/03\/19111925\/saiu-1.jpg\",\"contentUrl\":\"https:\/\/dhg1h5j42swfq.cloudfront.net\/2021\/03\/19111925\/saiu-1.jpg\",\"width\":1200,\"height\":628},{\"@type\":\"BreadcrumbList\",\"@id\":\"https:\/\/www.estrategiaconcursos.com.br\/blog\/concurso-camara-de-contagem-edital-publicado\/#breadcrumb\",\"itemListElement\":[{\"@type\":\"ListItem\",\"position\":1,\"name\":\"In\u00edcio\",\"item\":\"https:\/\/www.estrategiaconcursos.com.br\/blog\/\"},{\"@type\":\"ListItem\",\"position\":2,\"name\":\"Edital C\u00e2mara de Contagem: provas em janeiro; 35 vagas!\"}]},{\"@type\":\"WebSite\",\"@id\":\"https:\/\/www.estrategiaconcursos.com.br\/blog\/#website\",\"url\":\"https:\/\/www.estrategiaconcursos.com.br\/blog\/\",\"name\":\"Estrat\u00e9gia Concursos\",\"description\":\"O blog da Estrat\u00e9gia Concursos traz not\u00edcias sobre concursos e artigos de professores oferecendo cursos para concursos (pdf + videaulas) no site.\",\"publisher\":{\"@id\":\"https:\/\/www.estrategiaconcursos.com.br\/blog\/#organization\"},\"potentialAction\":[{\"@type\":\"SearchAction\",\"target\":{\"@type\":\"EntryPoint\",\"urlTemplate\":\"https:\/\/www.estrategiaconcursos.com.br\/blog\/?s={search_term_string}\"},\"query-input\":{\"@type\":\"PropertyValueSpecification\",\"valueRequired\":true,\"valueName\":\"search_term_string\"}}],\"inLanguage\":\"pt-BR\"},{\"@type\":\"Organization\",\"@id\":\"https:\/\/www.estrategiaconcursos.com.br\/blog\/#organization\",\"name\":\"Estrat\u00e9gia Concursos\",\"url\":\"https:\/\/www.estrategiaconcursos.com.br\/blog\/\",\"logo\":{\"@type\":\"ImageObject\",\"inLanguage\":\"pt-BR\",\"@id\":\"https:\/\/www.estrategiaconcursos.com.br\/blog\/#\/schema\/logo\/image\/\",\"url\":\"https:\/\/dhg1h5j42swfq.cloudfront.net\/2025\/06\/03203428\/logo_concursos-1.jpg\",\"contentUrl\":\"https:\/\/dhg1h5j42swfq.cloudfront.net\/2025\/06\/03203428\/logo_concursos-1.jpg\",\"width\":230,\"height\":60,\"caption\":\"Estrat\u00e9gia Concursos\"},\"image\":{\"@id\":\"https:\/\/www.estrategiaconcursos.com.br\/blog\/#\/schema\/logo\/image\/\"},\"sameAs\":[\"https:\/\/x.com\/EstratConcursos\"]},{\"@type\":\"Person\",\"@id\":\"https:\/\/www.estrategiaconcursos.com.br\/blog\/#\/schema\/person\/6630f91134abc08115cca62ce6372855\",\"name\":\"Bruna de Andrade Fran\u00e7a\",\"image\":{\"@type\":\"ImageObject\",\"inLanguage\":\"pt-BR\",\"@id\":\"https:\/\/secure.gravatar.com\/avatar\/d6316d36d50cea0fadae28ed3015b8870cc90a2d3d8a95c37b44006af36a00e3?s=96&d=mm&r=g\",\"url\":\"https:\/\/secure.gravatar.com\/avatar\/d6316d36d50cea0fadae28ed3015b8870cc90a2d3d8a95c37b44006af36a00e3?s=96&d=mm&r=g\",\"contentUrl\":\"https:\/\/secure.gravatar.com\/avatar\/d6316d36d50cea0fadae28ed3015b8870cc90a2d3d8a95c37b44006af36a00e3?s=96&d=mm&r=g\",\"caption\":\"Bruna de Andrade Fran\u00e7a\"},\"description\":\"Bruna de Andrade Fran\u00e7a \u00e9 publicit\u00e1ria com p\u00f3s-gradua\u00e7\u00e3o em Marketing &amp; Growth, atuando h\u00e1 mais de 6 anos no universo dos concursos p\u00fablicos. Desde 2021, lidera no Blog do Estrat\u00e9gia Concursos a cobertura editorial especializada em Concursos Policiais (PF, PRF, PM, PC, etc.), al\u00e9m das frentes de concursos banc\u00e1rios, de sa\u00fade e da \u00e1rea legislativa. Especialista em reda\u00e7\u00e3o, com pr\u00e1ticas de SEO e Copywriting, possui tamb\u00e9m atua\u00e7\u00e3o pr\u00e1tica de contato direto com \u00f3rg\u00e3os p\u00fablicos respons\u00e1veis por editais, permitindo acesso antecipado a informa\u00e7\u00f5es, desdobramentos importantes e atualiza\u00e7\u00e3o eficiente dos concursos p\u00fablicos.\",\"url\":\"https:\/\/www.estrategiaconcursos.com.br\/blog\/author\/bruna-andrade\/\"}]}<\/script>\n<!-- \/ Yoast SEO Premium plugin. -->","yoast_head_json":{"title":"Edital C\u00e2mara de Contagem: provas em janeiro; 35 vagas!","description":"As inscri\u00e7\u00f5es para o Edital C\u00e2mara de Contagem est\u00e3o encerradas! Sele\u00e7\u00e3o oferta 35 vagas para diversos cargos e n\u00edveis de forma\u00e7\u00e3o.","robots":{"index":"index","follow":"follow","max-snippet":"max-snippet:-1","max-image-preview":"max-image-preview:large","max-video-preview":"max-video-preview:-1"},"canonical":"https:\/\/www.estrategiaconcursos.com.br\/blog\/concurso-camara-de-contagem-edital-publicado\/","og_locale":"pt_BR","og_type":"article","og_title":"Edital C\u00e2mara de Contagem: provas em janeiro; 35 vagas!","og_description":"As inscri\u00e7\u00f5es para o Edital C\u00e2mara de Contagem est\u00e3o encerradas! Sele\u00e7\u00e3o oferta 35 vagas para diversos cargos e n\u00edveis de forma\u00e7\u00e3o.","og_url":"https:\/\/www.estrategiaconcursos.com.br\/blog\/concurso-camara-de-contagem-edital-publicado\/","og_site_name":"Estrat\u00e9gia Concursos","article_published_time":"2022-12-16T23:48:00+00:00","article_modified_time":"2022-12-19T17:11:54+00:00","og_image":[{"width":1200,"height":628,"url":"https:\/\/dhg1h5j42swfq.cloudfront.net\/2021\/03\/19111925\/saiu-1.jpg","type":"image\/jpeg"}],"author":"Bruna de Andrade Fran\u00e7a","twitter_card":"summary_large_image","twitter_creator":"@EstratConcursos","twitter_site":"@EstratConcursos","twitter_misc":{"Escrito por":"Bruna de Andrade Fran\u00e7a","Est. tempo de leitura":"5 minutos"},"schema":{"@context":"https:\/\/schema.org","@graph":[{"@type":"NewsArticle","@id":"https:\/\/www.estrategiaconcursos.com.br\/blog\/concurso-camara-de-contagem-edital-publicado\/#article","isPartOf":{"@id":"https:\/\/www.estrategiaconcursos.com.br\/blog\/concurso-camara-de-contagem-edital-publicado\/"},"author":{"name":"Bruna de Andrade Fran\u00e7a","@id":"https:\/\/www.estrategiaconcursos.com.br\/blog\/#\/schema\/person\/6630f91134abc08115cca62ce6372855"},"headline":"Edital C\u00e2mara de Contagem: provas em janeiro; 35 vagas!","datePublished":"2022-12-16T23:48:00+00:00","dateModified":"2022-12-19T17:11:54+00:00","mainEntityOfPage":{"@id":"https:\/\/www.estrategiaconcursos.com.br\/blog\/concurso-camara-de-contagem-edital-publicado\/"},"wordCount":1034,"commentCount":0,"publisher":{"@id":"https:\/\/www.estrategiaconcursos.com.br\/blog\/#organization"},"image":{"@id":"https:\/\/www.estrategiaconcursos.com.br\/blog\/concurso-camara-de-contagem-edital-publicado\/#primaryimage"},"thumbnailUrl":"https:\/\/dhg1h5j42swfq.cloudfront.net\/2021\/03\/19111925\/saiu-1.jpg","articleSection":["Legislativo","\u00daltimas not\u00edcias"],"inLanguage":"pt-BR","potentialAction":[{"@type":"CommentAction","name":"Comment","target":["https:\/\/www.estrategiaconcursos.com.br\/blog\/concurso-camara-de-contagem-edital-publicado\/#respond"]}],"copyrightYear":"2022","copyrightHolder":{"@id":"https:\/\/www.estrategiaconcursos.com.br\/blog\/#organization"}},{"@type":"WebPage","@id":"https:\/\/www.estrategiaconcursos.com.br\/blog\/concurso-camara-de-contagem-edital-publicado\/","url":"https:\/\/www.estrategiaconcursos.com.br\/blog\/concurso-camara-de-contagem-edital-publicado\/","name":"Edital C\u00e2mara de Contagem: provas em janeiro; 35 vagas!","isPartOf":{"@id":"https:\/\/www.estrategiaconcursos.com.br\/blog\/#website"},"primaryImageOfPage":{"@id":"https:\/\/www.estrategiaconcursos.com.br\/blog\/concurso-camara-de-contagem-edital-publicado\/#primaryimage"},"image":{"@id":"https:\/\/www.estrategiaconcursos.com.br\/blog\/concurso-camara-de-contagem-edital-publicado\/#primaryimage"},"thumbnailUrl":"https:\/\/dhg1h5j42swfq.cloudfront.net\/2021\/03\/19111925\/saiu-1.jpg","datePublished":"2022-12-16T23:48:00+00:00","dateModified":"2022-12-19T17:11:54+00:00","description":"As inscri\u00e7\u00f5es para o Edital C\u00e2mara de Contagem est\u00e3o encerradas! Sele\u00e7\u00e3o oferta 35 vagas para diversos cargos e n\u00edveis de forma\u00e7\u00e3o.","breadcrumb":{"@id":"https:\/\/www.estrategiaconcursos.com.br\/blog\/concurso-camara-de-contagem-edital-publicado\/#breadcrumb"},"inLanguage":"pt-BR","potentialAction":[{"@type":"ReadAction","target":["https:\/\/www.estrategiaconcursos.com.br\/blog\/concurso-camara-de-contagem-edital-publicado\/"]}]},{"@type":"ImageObject","inLanguage":"pt-BR","@id":"https:\/\/www.estrategiaconcursos.com.br\/blog\/concurso-camara-de-contagem-edital-publicado\/#primaryimage","url":"https:\/\/dhg1h5j42swfq.cloudfront.net\/2021\/03\/19111925\/saiu-1.jpg","contentUrl":"https:\/\/dhg1h5j42swfq.cloudfront.net\/2021\/03\/19111925\/saiu-1.jpg","width":1200,"height":628},{"@type":"BreadcrumbList","@id":"https:\/\/www.estrategiaconcursos.com.br\/blog\/concurso-camara-de-contagem-edital-publicado\/#breadcrumb","itemListElement":[{"@type":"ListItem","position":1,"name":"In\u00edcio","item":"https:\/\/www.estrategiaconcursos.com.br\/blog\/"},{"@type":"ListItem","position":2,"name":"Edital C\u00e2mara de Contagem: provas em janeiro; 35 vagas!"}]},{"@type":"WebSite","@id":"https:\/\/www.estrategiaconcursos.com.br\/blog\/#website","url":"https:\/\/www.estrategiaconcursos.com.br\/blog\/","name":"Estrat\u00e9gia Concursos","description":"O blog da Estrat\u00e9gia Concursos traz not\u00edcias sobre concursos e artigos de professores oferecendo cursos para concursos (pdf + videaulas) no site.","publisher":{"@id":"https:\/\/www.estrategiaconcursos.com.br\/blog\/#organization"},"potentialAction":[{"@type":"SearchAction","target":{"@type":"EntryPoint","urlTemplate":"https:\/\/www.estrategiaconcursos.com.br\/blog\/?s={search_term_string}"},"query-input":{"@type":"PropertyValueSpecification","valueRequired":true,"valueName":"search_term_string"}}],"inLanguage":"pt-BR"},{"@type":"Organization","@id":"https:\/\/www.estrategiaconcursos.com.br\/blog\/#organization","name":"Estrat\u00e9gia Concursos","url":"https:\/\/www.estrategiaconcursos.com.br\/blog\/","logo":{"@type":"ImageObject","inLanguage":"pt-BR","@id":"https:\/\/www.estrategiaconcursos.com.br\/blog\/#\/schema\/logo\/image\/","url":"https:\/\/dhg1h5j42swfq.cloudfront.net\/2025\/06\/03203428\/logo_concursos-1.jpg","contentUrl":"https:\/\/dhg1h5j42swfq.cloudfront.net\/2025\/06\/03203428\/logo_concursos-1.jpg","width":230,"height":60,"caption":"Estrat\u00e9gia Concursos"},"image":{"@id":"https:\/\/www.estrategiaconcursos.com.br\/blog\/#\/schema\/logo\/image\/"},"sameAs":["https:\/\/x.com\/EstratConcursos"]},{"@type":"Person","@id":"https:\/\/www.estrategiaconcursos.com.br\/blog\/#\/schema\/person\/6630f91134abc08115cca62ce6372855","name":"Bruna de Andrade Fran\u00e7a","image":{"@type":"ImageObject","inLanguage":"pt-BR","@id":"https:\/\/secure.gravatar.com\/avatar\/d6316d36d50cea0fadae28ed3015b8870cc90a2d3d8a95c37b44006af36a00e3?s=96&d=mm&r=g","url":"https:\/\/secure.gravatar.com\/avatar\/d6316d36d50cea0fadae28ed3015b8870cc90a2d3d8a95c37b44006af36a00e3?s=96&d=mm&r=g","contentUrl":"https:\/\/secure.gravatar.com\/avatar\/d6316d36d50cea0fadae28ed3015b8870cc90a2d3d8a95c37b44006af36a00e3?s=96&d=mm&r=g","caption":"Bruna de Andrade Fran\u00e7a"},"description":"Bruna de Andrade Fran\u00e7a \u00e9 publicit\u00e1ria com p\u00f3s-gradua\u00e7\u00e3o em Marketing &amp; Growth, atuando h\u00e1 mais de 6 anos no universo dos concursos p\u00fablicos. Desde 2021, lidera no Blog do Estrat\u00e9gia Concursos a cobertura editorial especializada em Concursos Policiais (PF, PRF, PM, PC, etc.), al\u00e9m das frentes de concursos banc\u00e1rios, de sa\u00fade e da \u00e1rea legislativa. Especialista em reda\u00e7\u00e3o, com pr\u00e1ticas de SEO e Copywriting, possui tamb\u00e9m atua\u00e7\u00e3o pr\u00e1tica de contato direto com \u00f3rg\u00e3os p\u00fablicos respons\u00e1veis por editais, permitindo acesso antecipado a informa\u00e7\u00f5es, desdobramentos importantes e atualiza\u00e7\u00e3o eficiente dos concursos p\u00fablicos.","url":"https:\/\/www.estrategiaconcursos.com.br\/blog\/author\/bruna-andrade\/"}]}},"_links":{"self":[{"href":"https:\/\/www.estrategiaconcursos.com.br\/blog\/wp-json\/wp\/v2\/posts\/1079891","targetHints":{"allow":["GET"]}}],"collection":[{"href":"https:\/\/www.estrategiaconcursos.com.br\/blog\/wp-json\/wp\/v2\/posts"}],"about":[{"href":"https:\/\/www.estrategiaconcursos.com.br\/blog\/wp-json\/wp\/v2\/types\/post"}],"author":[{"embeddable":true,"href":"https:\/\/www.estrategiaconcursos.com.br\/blog\/wp-json\/wp\/v2\/users\/1206"}],"replies":[{"embeddable":true,"href":"https:\/\/www.estrategiaconcursos.com.br\/blog\/wp-json\/wp\/v2\/comments?post=1079891"}],"version-history":[{"count":16,"href":"https:\/\/www.estrategiaconcursos.com.br\/blog\/wp-json\/wp\/v2\/posts\/1079891\/revisions"}],"predecessor-version":[{"id":1140829,"href":"https:\/\/www.estrategiaconcursos.com.br\/blog\/wp-json\/wp\/v2\/posts\/1079891\/revisions\/1140829"}],"wp:featuredmedia":[{"embeddable":true,"href":"https:\/\/www.estrategiaconcursos.com.br\/blog\/wp-json\/wp\/v2\/media\/716768"}],"wp:attachment":[{"href":"https:\/\/www.estrategiaconcursos.com.br\/blog\/wp-json\/wp\/v2\/media?parent=1079891"}],"wp:term":[{"taxonomy":"category","embeddable":true,"href":"https:\/\/www.estrategiaconcursos.com.br\/blog\/wp-json\/wp\/v2\/categories?post=1079891"},{"taxonomy":"post_tag","embeddable":true,"href":"https:\/\/www.estrategiaconcursos.com.br\/blog\/wp-json\/wp\/v2\/tags?post=1079891"},{"taxonomy":"tax_estado","embeddable":true,"href":"https:\/\/www.estrategiaconcursos.com.br\/blog\/wp-json\/wp\/v2\/tax_estado?post=1079891"}],"curies":[{"name":"wp","href":"https:\/\/api.w.org\/{rel}","templated":true}]}}