{"id":107981,"date":"2019-05-03T00:00:05","date_gmt":"2019-05-03T03:00:05","guid":{"rendered":"https:\/\/www.estrategiaconcursos.com.br\/blog\/?p=107981"},"modified":"2019-05-03T14:19:14","modified_gmt":"2019-05-03T17:19:14","slug":"direito-do-trabalho-exame-de-ordem","status":"publish","type":"post","link":"https:\/\/www.estrategiaconcursos.com.br\/blog\/direito-do-trabalho-exame-de-ordem\/","title":{"rendered":"Direito do Trabalho OAB: como estudar para o Exame de Ordem"},"content":{"rendered":"\n<p><strong>Ol\u00e1, corujinhas do Estrat\u00e9gia OAB. <\/strong><\/p>\n\n\n\n<p>O\nobjetivo deste material \u00e9 detalhar a forma, bem como a did\u00e1tica, que voc\u00ea deve\nse valer ao estudar Direito e Processo do Trabalho para o Exame de Ordem na\nprimeira fase. <\/p>\n\n\n\n<p>Em\nminha viv\u00eancia com os alunos, tenho percebido que o direito e o processo do\ntrabalho t\u00eam despertado certa preocupa\u00e7\u00e3o e inseguran\u00e7a, em especial, pela\ngrande quantidade de mudan\u00e7as legislativas nos \u00faltimos temos. <\/p>\n\n\n\n<p>O\nXXVIII Exame exigir\u00e1 do examinando o estudo acerca das altera\u00e7\u00f5es introduzidas\nna CLT pela Lei n\u00ba 13.467\/17. Neste momento, observe que a MP 808\/2017 perdeu a\nsua vig\u00eancia, logo, n\u00e3o \u00e9 mais objeto de nossos estudos, e tampouco exigido\npela banca examinadora, conforme edital. <\/p>\n\n\n\n<p>Assim,\nanteriormente a qualquer coment\u00e1rio mais aprofundado, acerca do nosso tema,\naproveito para fazer uma breve apresenta\u00e7\u00e3o pessoal:<\/p>\n\n\n\n<p>\n \n \n  \n  \n  \n  \n  \n  \n  \n  \n  \n  \n  \n  \n \n \n \n\n \n \nMeu nome \u00e9 Priscila Cristina Ferreira. Atuo como Advogada Trabalhista e Consultora Jur\u00eddica Trabalhista na\nAdvocacia Ubirajara Silveira,&nbsp;Professora, Autora e Palestrante. Sou\nespecialista em Direito Processual Civil pela Pontif\u00edcia Universidade Cat\u00f3lica\nde S\u00e3o Paulo (PUC\/SP) e Direito e Processo do Trabalho&nbsp;pela Faculdade\nINESP, al\u00e9m de Mestranda em Direito do Trabalho pela&nbsp;Pontif\u00edcia\nUniversidade Cat\u00f3lica de S\u00e3o Paulo (PUC\/SP).&nbsp;<\/p>\n\n\n\n<p>A minha experi\u00eancia profissional inclui a Doc\u00eancia em gradua\u00e7\u00e3o,\np\u00f3s-gradua\u00e7\u00e3o,&nbsp;cursos preparat\u00f3rios para concursos p\u00fablicos e exames de\nordem, especialmente, em Direito&nbsp;e Processo&nbsp;do Trabalho. <\/p>\n\n\n\n<p>Por\nfim, terei um enorme prazer em auxili\u00e1-los nesta caminhada que ser\u00e1 de grade\nsucesso.<\/p>\n\n\n\n<p>Fiquem\n\u00e0 vontade para me contatar por meio das redes sociais, abaixo consignadas.&nbsp; <\/p>\n\n\n\n<p>Rumo \u00e0 sua aprova\u00e7\u00e3o!!<\/p>\n\n\n\n<p><a rel=\"noreferrer noopener\" href=\"https:\/\/www.facebook.com\/professorapriscilaferreira\" target=\"_blank\">Facebook<\/a> | <a rel=\"noreferrer noopener\" href=\"https:\/\/www.instagram.com\/profpriscilaferreira\/\" target=\"_blank\">Instagram<\/a><\/p>\n\n\n\n<h2 class=\"wp-block-heading\">Introdu\u00e7\u00e3o<\/h2>\n\n\n\n<p>Como sabemos, a prova da OAB \u00e9 composta por duas fases, sendo a\nprimeira composta por 80 (oitenta) quest\u00f5es objetivas de m\u00faltipla escolha, e\ndentro destas, onze quest\u00f5es permeiam o Direito e Processo do Trabalho, com\nseis quest\u00f5es de Direito do Trabalho e cinco de Direito Processual do Trabalho.\n<\/p>\n\n\n\n<p>Logo, Direito e Processo do Trabalho correspondem a <strong>13,75% do total de pontos da sua prova<\/strong>, o que,\nconvenhamos, \u00e9 razoavelmente importante para que voc\u00ea consiga atingir a\npontua\u00e7\u00e3o m\u00ednima, quarenta pontos, para se lan\u00e7ar \u00e0 pr\u00f3xima fase da OAB. <\/p>\n\n\n\n<p>O Direito do Trabalho \u00e9 uma disciplina extensa, o que torna\nimportante nesta fase de grandes altera\u00e7\u00f5es legislativas que voc\u00ea utilize um\ndetalhe ao seu favor, qual seja: A OAB n\u00e3o poder\u00e1 se valer de entendimentos\njurisprudenciais e doutrin\u00e1rios, neste momento, j\u00e1 que estamos em um momento de\ntransi\u00e7\u00e3o e de grande inseguran\u00e7a jur\u00eddica na \u00e1rea trabalhista, em especial,\npor n\u00e3o haver nenhum entendimento ainda consolidado, o que te permitir\u00e1 ser\nsimples e focado em um aspecto, o texto de lei! <\/p>\n\n\n\n<p>Em contrapartida, o direito processual do trabalho apesar de ser\numa disciplina peculiar em suas caracter\u00edsticas, n\u00e3o \u00e9 t\u00e3o extenso como o\nProcesso Civil ou mesmo o direito material do trabalho. Todavia, alguns\nassuntos devem receber aten\u00e7\u00e3o redobrada, em especial, por nos valermos do\nprocesso civil de forma supletiva e subsidi\u00e1ria frente \u00e0s lacunas na CLT. <\/p>\n\n\n\n<p>Observe que a Consolida\u00e7\u00e3o das Leis do Trabalho (CLT) n\u00e3o foi\nalterada totalmente, j\u00e1 que n\u00e3o tivemos a reedi\u00e7\u00e3o de toda a legisla\u00e7\u00e3o envolta\npara um novo diploma, como ocorreu com o Direito Processual Civil. Na\nrealidade, a CLT foi atualizada e reformada em alguns dispositivos legais\nespec\u00edficos, e estes voc\u00eas tem por obriga\u00e7\u00e3o de ler e ter o total conhecimento\nsobre o que ele disp\u00f5e legalmente. <\/p>\n\n\n\n<p>Assim, por meio de uma an\u00e1lise profunda das provas anteriores,\naplicadas pela banca FGV, conseguimos delinear os assuntos mais cobrados dos\nexaminandos, anteriormente e posteriormente \u00e0 Reforma Trabalhista.<\/p>\n\n\n\n<p><strong>Caso n\u00e3o consiga ter um estudo\naprofundado, priorize os temas que s\u00e3o mais recorrentes na prova, o que com\ntoda certeza lhe garantir\u00e1 diversos pontos, j\u00e1 que a banca sempre os reitera,\nde forma diferente, mas sempre presente. <\/strong><\/p>\n\n\n\n<p><strong>De forma gen\u00e9rica, ter\u00edamos o\nseguinte esquema, por ordem de import\u00e2ncia, inicialmente, em Direito do\nTrabalho: <\/strong><\/p>\n\n\n\n<table class=\"wp-block-table is-style-stripes\"><tbody><tr><td>\n  <strong>DIREITO\n  DO TRABALHO<\/strong>\n  <\/td><\/tr><tr><td>\n  <strong>ASSUNTO<\/strong>\n  <\/td><td>\n  <strong>QUANTIDADE<\/strong>\n  <\/td><\/tr><tr><td>\n  SAL\u00c1RIO\/REMUNERA\u00c7\u00c3O\n  <\/td><td>\n  25\n  <\/td><\/tr><tr><td>\n  JORNADA\/INTERVALO\n  <\/td><td>\n  23\n  <\/td><\/tr><tr><td>\n  ESTABILIDADE\n  <\/td><td>\n  12\n  <\/td><\/tr><tr><td>\n  RESCIS\u00c3O\n  E EXTIN\u00c7\u00c3O DO CONTRATO DE TRABALHO\n  <\/td><td>\n  12\n  <\/td><\/tr><tr><td>\n  DIREITO\n  COLETIVO\n  <\/td><td>\n  8\n  <\/td><\/tr><tr><td>\n  ALTERA\u00c7\u00c3O\n  DO CONTRATO DE TRABALHO\n  <\/td><td>\n  8\n  <\/td><\/tr><tr><td>\n  CONTRATO\n  DE TRABALHO\n  <\/td><td>\n  7\n  <\/td><\/tr><tr><td>\n  ESP\u00c9CIES\n  DO CONTRATO DE TRABALHO\n  <\/td><td>\n  7\n  <\/td><\/tr><tr><td>\n  VERBAS\n  RESCIS\u00d3RIAS\n  <\/td><td>\n  7\n  <\/td><\/tr><tr><td>\n  ADICIONAL&nbsp; DE PERICULOSIDADE\/INSALUBRIDADE\n  <\/td><td>\n  6\n  <\/td><\/tr><tr><td>\n  EMPREGADO\n  DOM\u00c9STICO\n  <\/td><td>\n  6\n  <\/td><\/tr><tr><td>\n  FGTS\n  <\/td><td>\n  6\n  <\/td><\/tr><tr><td>\n  AVISO\n  PR\u00c9VIO\n  <\/td><td>\n  5\n  <\/td><\/tr><tr><td>\n  EQUIPARA\u00c7\u00c3O\n  SALARIAL\n  <\/td><td>\n  4\n  <\/td><\/tr><tr><td>\n  F\u00c9RIAS\n  <\/td><td>\n  4\n  <\/td><\/tr><tr><td>\n  ADICIONAL\n  NOTURNO\n  <\/td><td>\n  3\n  <\/td><\/tr><tr><td>\n  DISPENSA\n  DISCRIMINAT\u00d3RIA\n  <\/td><td>\n  3\n  <\/td><\/tr><tr><td>\n  SUSPENS\u00c3O\n  E INTERRUP\u00c7\u00c3O DO CONTRATO DE TRABALHO\n  <\/td><td>\n  3\n  <\/td><\/tr><tr><td>\n  ACIDENTE\n  DE TRABALHO\n  <\/td><td>\n  2\n  <\/td><\/tr><tr><td>\n  HORAS\n  IN ITINERE\n  <\/td><td>\n  2\n  <\/td><\/tr><tr><td>\n  LICEN\u00c7A\n  MATERNIDADE\/PATERNIDADE\n  <\/td><td>\n  2\n  <\/td><\/tr><tr><td>\n  PRESCRI\u00c7\u00c3O\n  <\/td><td>\n  2\n  <\/td><\/tr><tr><td>\n  PROPRIEDADE\n  INTELECTUAL\n  <\/td><td>\n  2\n  <\/td><\/tr><tr><td>\n  RESPONSABILIDADE\n  <\/td><td>\n  2\n  <\/td><\/tr><tr><td>\n  TERCEIRIZA\u00c7\u00c3O\n  <\/td><td>\n  2\n  <\/td><\/tr><tr><td>\n  VINCULO\n  DE EMPREGO\n  <\/td><td>\n  2\n  <\/td><\/tr><tr><td>\n  ACUMULO\n  \/ DESVIO DE FUN\u00c7\u00c3O\n  <\/td><td>\n  1\n  <\/td><\/tr><tr><td>\n  COOPERATIVAS\n  <\/td><td>\n  1\n  <\/td><\/tr><tr><td>\n  EMPREITADA\n  E SUBEMPREITADA\n  <\/td><td>\n  1\n  <\/td><\/tr><tr><td>\n  JUSTA\n  CAUSA\n  <\/td><td>\n  1\n  <\/td><\/tr><tr><td>\n  TELETRABALHO\n  <\/td><td>\n  1\n  <\/td><\/tr><tr><td>\n  TRABALHO\n  TEMPOR\u00c1RIO\n  <\/td><td>\n  1\n  <\/td><\/tr><tr><td>\n  VALE\n  TRANSPORTE\n  <\/td><td>\n  1\n  <\/td><\/tr><tr><td>\n  VIGILANTES\n  <\/td><td>\n  1\n  <\/td><\/tr><tr><td>\n  CLAUSULA\n  ARBITRAL\n  <\/td><td>\n  1\n  <\/td><\/tr><tr><td>\n  NULIDADES\n  DO CONTRATO DE TRABALHO\n  <\/td><td>\n  1\n  <\/td><\/tr><tr><td>\n  VALE\n  TRANSPORTE\n  <\/td><td>\n  1\n  <\/td><\/tr><\/tbody><\/table>\n\n\n\n<p><strong>Quanto a Direito\nProcessual do Trabalho, tome nota dos temas mais recorrentes: <\/strong><\/p>\n\n\n\n<table class=\"wp-block-table is-style-stripes\"><tbody><tr><td>\n  <strong>PROCESSO\n  DO TRABALHO<\/strong>\n  <\/td><\/tr><tr><td>\n  <strong>ASSUNTO<\/strong>\n  <\/td><td>\n  <strong>QUANTIDADE DE QUEST\u00d5ES -PROVAS\n  &#8211; FGV<\/strong>\n  <\/td><\/tr><tr><td>\n  EXECU\u00c7\u00c3O\n  <\/td><td>\n  26\n  <\/td><\/tr><tr><td>\n  RECURSOS\n  <\/td><td>\n  18\n  <\/td><\/tr><tr><td>\n  AUDI\u00caNCIA\n  <\/td><td>\n  17\n  <\/td><\/tr><tr><td>\n  PROVAS\n  <\/td><td>\n  17\n  <\/td><\/tr><tr><td>\n  PROCEDIMENTO\n  SUMARISSIMO\n  <\/td><td>\n  8\n  <\/td><\/tr><tr><td>\n  COMPET\u00caNCIA\n  <\/td><td>\n  6\n  <\/td><\/tr><tr><td>\n  HONOR\u00c1RIOS\n  PERICIAIS\n  <\/td><td>\n  5\n  <\/td><\/tr><tr><td>\n  DESPESAS\n  PROCESSUAIS\n  <\/td><td>\n  5\n  <\/td><\/tr><tr><td>\n  TUTELA\n  ANTECIPADA\/LIMINAR\n  <\/td><td>\n  5\n  <\/td><\/tr><tr><td>\n  OUTROS\n  &#8211; INTERDISCIPLINARES\n  <\/td><td>\n  5\n  <\/td><\/tr><tr><td>\n  ACORDO\n  <\/td><td>\n  4\n  <\/td><\/tr><tr><td>\n  MANDADO\n  DE SEGURAN\u00c7A\n  <\/td><td>\n  3\n  <\/td><\/tr><tr><td>\n  PRAZOS\n  <\/td><td>\n  3\n  <\/td><\/tr><tr><td>\n  A\u00c7\u00c3O\n  RESCIS\u00d3RIA\n  <\/td><td>\n  3\n  <\/td><\/tr><tr><td>\n  COMPENSA\u00c7\u00c3O\/RETEN\u00c7\u00c3O\n  <\/td><td>\n  2\n  <\/td><\/tr><tr><td>\n  DIREITO\n  COLETIVO\n  <\/td><td>\n  2\n  <\/td><\/tr><tr><td>\n  INQU\u00c9RITO\n  PARA AP. FALTA GRAVE\n  <\/td><td>\n  2\n  <\/td><\/tr><tr><td>\n  JUS POSTULANDI\n  <\/td><td>\n  2\n  <\/td><\/tr><tr><td>\n  LITISCONS\u00d3RCIO\n  <\/td><td>\n  2\n  <\/td><\/tr><tr><td>\n  ADVOGADO\/REPRESENTA\u00c7\u00c3O\n  <\/td><td>\n  2\n  <\/td><\/tr><tr><td>\n  A\u00c7\u00c3O\n  DE CUMPRIMENTO\n  <\/td><td>\n  1\n  <\/td><\/tr><tr><td>\n  A\u00c7\u00c3O\n  MONIT\u00d3RIA\n  <\/td><td>\n  1\n  <\/td><\/tr><tr><td>\n  A\u00c7\u00c3O\n  CIVIL PUBLICA\n  <\/td><td>\n  1\n  <\/td><\/tr><tr><td>\n  AUTO\n  DE INFRA\u00c7\u00c3O\n  <\/td><td>\n  1\n  <\/td><\/tr><tr><td>\n  EXCE\u00c7\u00c3O\n  <\/td><td>\n  1\n  <\/td><\/tr><tr><td>\n  JUSTI\u00c7A\n  GRATUITA\n  <\/td><td>\n  1\n  <\/td><\/tr><tr><td>\n  NULIDADES\n  <\/td><td>\n  1\n  <\/td><\/tr><tr><td>\n  RECONVEN\u00c7\u00c3O\n  <\/td><td>\n  1\n  <\/td><\/tr><tr><td>\n  RECUPERA\u00c7\u00c3O\n  JUDICIAL\n  <\/td><td>\n  1\n  <\/td><\/tr><tr><td>\n  ACORDO\n  EXTRAJUDICIAL\n  <\/td><td>\n  1\n  <\/td><\/tr><tr><td>\n  HONOR\u00c1RIOS\n  SUCUMBENCIAIS\n  <\/td><td>\n  1\n  <\/td><\/tr><\/tbody><\/table>\n\n\n\n<p>Agora, caso voc\u00ea se comprometa a estudar direito e processo do\ntrabalho com afinco, o que sinceramente desejo, esquematize o seu estudo:\nInicialmente fa\u00e7a um panorama geral acerca da mat\u00e9ria, e na sequ\u00eancia, priorize\npelo que \u00e9 mais exigido em prova, finalizando o estudo pelos que possuem menor\nincid\u00eancia. <\/p>\n\n\n\n<p>Para melhor visualiza\u00e7\u00e3o da import\u00e2ncia de algumas de alguns pontos\nde direito e processo do Trabalho, observe o gr\u00e1fico: <\/p>\n\n\n\n<ul class=\"wp-block-list\"><li><strong>DIREITO DO TRABALHO<\/strong><\/li><\/ul>\n\n\n\n<figure class=\"wp-block-image\"><img loading=\"lazy\" decoding=\"async\" width=\"651\" height=\"436\" src=\"https:\/\/dhg1h5j42swfq.cloudfront.net\/2019\/05\/03141503\/image20.png\" alt=\"direito do trabalho oab\" class=\"wp-image-370730\" srcset=\"https:\/\/dhg1h5j42swfq.cloudfront.net\/2019\/05\/03141503\/image20.png 651w, https:\/\/dhg1h5j42swfq.cloudfront.net\/2019\/05\/03141503\/image20.png 300w, https:\/\/dhg1h5j42swfq.cloudfront.net\/2019\/05\/03141503\/image20.png 610w\" sizes=\"auto, (max-width: 651px) 100vw, 651px\" \/><\/figure>\n\n\n\n<ul class=\"wp-block-list\"><li><strong>DIREITO PROCESSUAL DO TRABALHO<\/strong><\/li><\/ul>\n\n\n\n<figure class=\"wp-block-image\"><img loading=\"lazy\" decoding=\"async\" width=\"558\" height=\"364\" src=\"https:\/\/dhg1h5j42swfq.cloudfront.net\/2019\/05\/03141529\/image21.png\" alt=\"direito do trabalho oab\" class=\"wp-image-370731\" srcset=\"https:\/\/dhg1h5j42swfq.cloudfront.net\/2019\/05\/03141529\/image21.png 558w, https:\/\/dhg1h5j42swfq.cloudfront.net\/2019\/05\/03141529\/image21.png 300w\" sizes=\"auto, (max-width: 558px) 100vw, 558px\" \/><\/figure>\n\n\n\n<p><strong>Em resumo, destacamos\nos principais temas cobrados pela banca em direito e processo do trabalho: <\/strong><\/p>\n\n\n\n<table class=\"wp-block-table is-style-stripes\"><tbody><tr><td>\n  <strong>DIREITO DO\n  TRABALHO<\/strong>\n  <\/td><\/tr><tr><td>\n  CONTRATO DE TRABALHO\n  <\/td><\/tr><tr><td>\n  SAL\u00c1RIO\/REMUNERA\u00c7\u00c3O\n  <\/td><\/tr><tr><td>\n  JORNADA\/INTERVALO\n  <\/td><\/tr><tr><td>\n  ESTABILIDADE\n  <\/td><\/tr><\/tbody><\/table>\n\n\n\n<table class=\"wp-block-table is-style-stripes\"><tbody><tr><td>\n  <strong>PROCESSO DO TRABALHO<\/strong>\n  <\/td><\/tr><tr><td>\n  EXECU\u00c7\u00c3O\n  <\/td><\/tr><tr><td>\n  RECURSOS\n  <\/td><\/tr><tr><td>\n  AUDI\u00caNCIA\n  <\/td><\/tr><tr><td>\n  PROVAS\n  <\/td><\/tr><\/tbody><\/table>\n\n\n\n<h2 class=\"wp-block-heading\">Estudo Direcionado<\/h2>\n\n\n\n<p>O in\u00edcio da sua prepara\u00e7\u00e3o, nesta fase, deve se dar desde a base do\ndireito e processo do trabalho, ou seja, desde os seus princ\u00edpios, os quais\npassaram a ter diversas exce\u00e7\u00f5es, em especial, pelas inova\u00e7\u00f5es trazidas na\nReforma Trabalhista. <\/p>\n\n\n\n<p>Assim, aconselho a iniciar a sua prepara\u00e7\u00e3o pelos princ\u00edpios b\u00e1sicos\nde Direito e Processo do Trabalho, o que lhe permitir\u00e1 criar conceitos\ndoutrin\u00e1rios, al\u00e9m de entender a nova estrutura tra\u00e7ada pela Reforma\nTrabalhista. <\/p>\n\n\n\n<p>Nos <em>PDFs,<\/em> disponibilizados\naos nossos alunos, tenho tido o cuidado em trazer exemplos pr\u00e1ticos de cada\nprinc\u00edpio, bem com as exce\u00e7\u00f5es, as quais voc\u00ea pode se deparar frente a cada\nregra principiol\u00f3gica. <\/p>\n\n\n\n<p>Se voc\u00ea observar, a principal pol\u00eamica trazida pela reforma trabalhista\nconsiste na possibilidade do negociado se sobrepor ao legislado, ou seja, o\nacordo ou a conven\u00e7\u00e3o coletiva de trabalho poder\u00e3o se sobrepor a lei, quando a\nnegocia\u00e7\u00e3o se referir a determinados temas, estes elencados no artigo 611-A da\nCLT. <\/p>\n\n\n\n<p>Objetivando lhe dar um melhor panorama acerca do tema, explicarei\nalgumas caracter\u00edsticas deste assunto, o qual \u00e9 uma das minhas grandes apostas\npara esta prova, partindo-se da transcri\u00e7\u00e3o do dispositivo acima mencionado: <\/p>\n\n\n\n<p>Art. 611-A. A conven\u00e7\u00e3o\ncoletiva e o acordo coletivo de trabalho t\u00eam preval\u00eancia sobre a lei quando,\nentre outros, dispuserem sobre:<\/p>\n\n\n\n<p>I &#8211; pacto quanto \u00e0 jornada de\ntrabalho, observados os limites constitucionais;<\/p>\n\n\n\n<p>II &#8211; banco de horas anual;\n&nbsp; <\/p>\n\n\n\n<p>III &#8211; intervalo intrajornada,\nrespeitado o limite m\u00ednimo de trinta minutos para jornadas superiores a seis\nhoras; &nbsp; <\/p>\n\n\n\n<p>IV &#8211; ades\u00e3o ao Programa\nSeguro-Emprego (PSE), de que trata a&nbsp;Lei no&nbsp;13.189, de 19 de novembro de 2015;&nbsp;\n<\/p>\n\n\n\n<p>V &#8211; plano de cargos, sal\u00e1rios\ne fun\u00e7\u00f5es compat\u00edveis com a condi\u00e7\u00e3o pessoal do empregado, bem como\nidentifica\u00e7\u00e3o dos cargos que se enquadram como fun\u00e7\u00f5es de confian\u00e7a;<\/p>\n\n\n\n<p>VI &#8211; regulamento\nempresarial;&nbsp;&nbsp;&nbsp; <\/p>\n\n\n\n<p>&nbsp;VII &#8211; representante dos\ntrabalhadores no local de trabalho;&nbsp;&nbsp;&nbsp; <\/p>\n\n\n\n<p>VIII &#8211; teletrabalho, regime\nde sobreaviso, e trabalho intermitente;<\/p>\n\n\n\n<p>IX &#8211; remunera\u00e7\u00e3o por\nprodutividade, inclu\u00eddas as gorjetas percebidas pelo empregado, e remunera\u00e7\u00e3o\npor desempenho individual;<\/p>\n\n\n\n<p>X &#8211; modalidade de registro de\njornada de trabalho; <\/p>\n\n\n\n<p>XI &#8211; troca do dia de\nferiado;&nbsp;&nbsp;&nbsp;<\/p>\n\n\n\n<p>&nbsp;XII &#8211; enquadramento do grau de\ninsalubridade;&nbsp;&nbsp;&nbsp;&nbsp;&nbsp;&nbsp;&nbsp; <\/p>\n\n\n\n<p>XIII &#8211; prorroga\u00e7\u00e3o de jornada\nem ambientes insalubres, sem licen\u00e7a pr\u00e9via das autoridades competentes do\nMinist\u00e9rio do Trabalho;<\/p>\n\n\n\n<p>XIV &#8211; pr\u00eamios de incentivo em\nbens ou servi\u00e7os, eventualmente concedidos em programas de incentivo; <\/p>\n\n\n\n<p>XV &#8211; participa\u00e7\u00e3o nos lucros\nou resultados da empresa.<\/p>\n\n\n\n<p>\u00a7 1o&nbsp;&nbsp;No exame da\nconven\u00e7\u00e3o coletiva ou do acordo coletivo de trabalho, a Justi\u00e7a do Trabalho\nobservar\u00e1 o disposto no \u00a7 3o&nbsp;do art. 8o&nbsp;desta Consolida\u00e7\u00e3o.<\/p>\n\n\n\n<p>\u00a7 2o&nbsp;&nbsp;A inexist\u00eancia\nde expressa indica\u00e7\u00e3o de contrapartidas rec\u00edprocas em conven\u00e7\u00e3o coletiva ou\nacordo coletivo de trabalho n\u00e3o ensejar\u00e1 sua nulidade por n\u00e3o caracterizar um\nv\u00edcio do neg\u00f3cio jur\u00eddico. &nbsp; <\/p>\n\n\n\n<p>\u00a7 3o&nbsp;&nbsp;Se for\npactuada cl\u00e1usula que reduza o sal\u00e1rio ou a jornada, a conven\u00e7\u00e3o coletiva ou o\nacordo coletivo de trabalho dever\u00e3o prever a prote\u00e7\u00e3o dos empregados contra\ndispensa imotivada durante o prazo de vig\u00eancia do instrumento coletivo<\/p>\n\n\n\n<p>\u00a7 4o&nbsp;&nbsp;Na hip\u00f3tese\nde proced\u00eancia de a\u00e7\u00e3o anulat\u00f3ria de cl\u00e1usula de conven\u00e7\u00e3o coletiva ou de\nacordo coletivo de trabalho, quando houver a cl\u00e1usula compensat\u00f3ria, esta\ndever\u00e1 ser igualmente anulada, sem repeti\u00e7\u00e3o do ind\u00e9bito. <\/p>\n\n\n\n<p>\u00a7 5o&nbsp;&nbsp;Os sindicatos\nsubscritores de conven\u00e7\u00e3o coletiva ou de acordo coletivo de trabalho dever\u00e3o\nparticipar, como litisconsortes necess\u00e1rios, em a\u00e7\u00e3o individual ou coletiva,\nque tenha como objeto a anula\u00e7\u00e3o de cl\u00e1usulas desses\ninstrumentos.&nbsp;&nbsp;&nbsp;&nbsp;&nbsp; &nbsp;&nbsp; <\/p>\n\n\n\n<p>\n \n \nO par\u00e1grafo segundo e\nterceiro do artigo 611-A da CLT merecem um destaque em nosso estudo, haja vista\nque o par\u00e1grafo segundo prev\u00ea a desnecessidade de qualquer contrapartida a ser\nconcedida ao empregado frente \u00e0 cl\u00e1usula de ACT (Acordo Coletivo de Trabalho) ou\nde CCT (Conven\u00e7\u00e3o Coletiva de Trabalho) redutora de direitos, o que anteriormente\nera consolidado pela jurisprud\u00eancia do TST. <\/p>\n\n\n\n<p>Logo, o ACT ou a CCT poder\u00e3o\nreduzir direitos, sem que isso importe em ilegalidade, mas desde que n\u00e3o\nafronte a Constitui\u00e7\u00e3o Federal, j\u00e1 que esta determina um patamar civilizat\u00f3rio\nm\u00ednimo a ser observado, al\u00e9m das limita\u00e7\u00f5es contidas no artigo 611-B da CLT e, claro,\ntudo devendo estar em clara conson\u00e2ncia aos princ\u00edpios norteadores do direito\ndo trabalho. <\/p>\n\n\n\n<p>No entanto, observa-se que o\npar\u00e1grafo terceiro do artigo acima transcrito destaca que em havendo cl\u00e1usula redutora de sal\u00e1rio\nou jornada, a CCT\/ACT dever\u00e1 conter cl\u00e1usula protetiva aos empregados contra\ndispensa imotivada, pelo tempo que perdurar o instrumento coletivo, o que se\nrevela em exce\u00e7\u00e3o ao pr\u00f3prio par\u00e1grafo segundo do artigo. Nesta toada, a\nnegocia\u00e7\u00e3o coletiva realizada sem a previs\u00e3o da vantagem compensat\u00f3ria frente \u00e0\nredu\u00e7\u00e3o do sal\u00e1rio\/jornada, tornar-se-\u00e1 nula. <\/p>\n\n\n\n<p>A\nnova legisla\u00e7\u00e3o, ainda, prev\u00ea hip\u00f3teses de nulidade da negocia\u00e7\u00e3o coletiva, em\nraz\u00e3o da ilicitude de seu objeto, como se verifica no teor do artigo 611-B da\nCLT.<\/p>\n\n\n\n<p>Para\nfins de prova, fique muito atento a todos os incisos do <strong>Artigo 611-A da CLT<\/strong>,\nquando o negociado poder\u00e1 se sobrepor ao legislado, em especial, no que tange a\n<em>jornada de trabalho, enquadramento\ndo grau de insalubridade, banco de horas anual, intervalo intrajornada\n(respeitado o limite m\u00ednimo de trinta minutos para jornadas superiores a seis\nhoras), regulamento empresarial etc. <\/em><\/p>\n\n\n\n<p><strong>Tendo ressaltado alguns\naspectos legais da reforma trabalhista, passo a listar as principais inova\u00e7\u00f5es,\ncom o intuito de que voc\u00ea leia todos estes fundamentos legais, os quais tamb\u00e9m\ns\u00e3o mencionados em nossos <em>PDFs<\/em>: <\/strong><\/p>\n\n\n\n<h2 class=\"wp-block-heading\">Atualiza\u00e7\u00e3o \u2013 Direito do Trabalho<\/h2>\n\n\n\n<ul class=\"wp-block-list\"><li>Grupo Econ\u00f4mico \u2013 Artigo 2\u00ba da CLT; <\/li><li>Tempo \u00e0 disposi\u00e7\u00e3o do empregador \u2013 Artigo 4\u00ba da CLT;<\/li><li>S\u00f3cio Retirante da Sociedade \u2013 Artigo 10-A da CLT;<\/li><li>Prescri\u00e7\u00e3o \u2013 Artigo 11 e 11-A da CLT;<\/li><li>Multa Administrativa \u2013 Artigos 47 e 47-A da CLT;<\/li><li>Horas in itinere \u2013 Artigo 58 da CLT;<\/li><li>Jornada de Trabalho \u2013 Artigo 58-A a 59-B;<\/li><li>Trabalho em local insalubre \u2013 Artigo 60 da CLT; <\/li><li>Hora extra em servi\u00e7os inadi\u00e1veis ou necessidade imperiosa \u2013 Artigo\n61 da CLT;<\/li><li>Teletrabalho \u2013 Artigo 62 e 75-A da CLT;<\/li><li>Intervalo Intrajornada \u2013 Artigo 71 da CLT;<\/li><li>F\u00e9rias \u2013 Artigo 134 da CLT;<\/li><li>Dano Moral \u2013 Artigo 223 e seguintes da CLT;<\/li><li>Gestante em local insalubre \u2013 Artigo 394-A da CLT;<\/li><li>Amamenta\u00e7\u00e3o \u2013 Artigo 396 da CLT;<\/li><li>Aut\u00f4nomo \u2013 Artigo 442-B da CLT;<\/li><li>Contrato Intermitente \u2013 Artigo 443 e 452-A da CLT;<\/li><li>Livre autonomia contratual \u2013 Artigo 444 da CLT; <\/li><li>Sucess\u00e3o empresarial \u2013 Artigo 448-A da CLT;<\/li><li>Uniforme \u2013 Artigo 456-A da CLT;<\/li><li>Sal\u00e1rio \u2013 Artigo 457 da CLT;<\/li><li>Utilidade \u2013 Artigo 458 da CLT;<\/li><li>Equipara\u00e7\u00e3o Salarial \u2013 Artigo 461 da CLT;<\/li><li>Gratifica\u00e7\u00e3o de fun\u00e7\u00e3o \u2013 Artigo 468 da CLT;<\/li><li>Extin\u00e7\u00e3o do Contrato \u2013 Artigo 477 da CLT;<\/li><li>Dispensa prima e coletiva \u2013 Artigo 477-A da CLT;<\/li><li>Justa causa \u2013 Artigo 782 da C\u00c7T;<\/li><li>Distrato \u2013 Artigo 484-A da CLT;<\/li><li>Arbitragem \u2013 Artigo 507-A da CLT;<\/li><li>Quita\u00e7\u00e3o sindical anual &#8211; Artigo 507-B da CLT;<\/li><li>Estabilidade do empregado representante da empresa \u2013 Artigo 501-A e\nseguintes da CLT;<\/li><li>Contribui\u00e7\u00e3o Sindical \u2013 Artigo 545, 578, 579, 582, 583, 587 e 602 da\nCLT;<\/li><li>Negociado X Legislado \u2013 Artigo 611-A e 611-B da CLT;<\/li><li>Vig\u00eancia de Acordo e Conven\u00e7\u00e3o Coletiva \u2013 Artigo 614 da CLT;<\/li><li>Preval\u00eancia do acordo sobre a conven\u00e7\u00e3o coletiva \u2013 Artigo 620 da CLT.\n<\/li><\/ul>\n\n\n\n<h2 class=\"wp-block-heading\">Atualiza\u00e7\u00e3o \u2013 Direito Processual do Trabalho<\/h2>\n\n\n\n<ul class=\"wp-block-list\"><li>Grupo econ\u00f4mico e sua integra\u00e7\u00e3o processual \u2013 Artigo 2\u00ba, \u00a7 2 e 3\u00ba da\nCLT; <\/li><li>Aplica\u00e7\u00e3o da norma jur\u00eddica &#8211; Artigo 8\u00ba da CLT;<\/li><li>A responsabilidade do s\u00f3cio retirante &#8211; Artigo 10-A da CLT;<\/li><li>A prescri\u00e7\u00e3o intercorrente \u2013 Artigo 11-A da CLT;<\/li><li>Da multa em face do descumprimento de regra de anota\u00e7\u00e3o do registro\nde trabalhadores nas empresas Artigos 47 e 47-A da CLT;<\/li><li>Da compet\u00eancia funcional e o processo de jurisdi\u00e7\u00e3o volunt\u00e1ria para\nhomologa\u00e7\u00e3o de acordo extrajudicial &#8211; Artigos 855-B a 855-E da CLT;<\/li><li>Da execu\u00e7\u00e3o previdenci\u00e1ria &#8211; Artigo 876, par\u00e1grafo \u00fanico, da CLT;<\/li><li>Da iniciativa da execu\u00e7\u00e3o &#8211; Artigo 878 da CLT;<\/li><li>Dos honor\u00e1rios advocat\u00edcios &#8211; Artigo 791-A da CLT;<\/li><li>Do incidente de desconsidera\u00e7\u00e3o da personalidade jur\u00eddica &#8211; Artigo\n855-A da CLT;<\/li><li>Da exce\u00e7\u00e3o de incompet\u00eancia e da compet\u00eancia em raz\u00e3o do lugar &#8211;\nArtigo 800 da CLT;<\/li><li>Da busca por uma motiva\u00e7\u00e3o para concilia\u00e7\u00e3o extrajudicial &#8211; Artigos\n652, 855-B a 855-E da CLT;<\/li><li>Distribui\u00e7\u00e3o do encargo probat\u00f3rio &#8211; Artigo 818 da CLT;<\/li><li>Da responsabilidade por dano processual &#8211; Artigos 793-A a 793-D da\nCLT;<\/li><li>Da peti\u00e7\u00e3o inicial escrita &#8211; Artigo 840 da CLT;<\/li><li>A desist\u00eancia da a\u00e7\u00e3o &#8211; Artigo 841, \u00a7 3\u00ba, da CLT;<\/li><li>Do preposto &#8211; Artigo 843 da CLT;<\/li><li>Da aus\u00eancia do reclamante &#8211; Artigo 844 da CLT;<\/li><li>Da revelia &#8211; Artigo 844, \u00a7\u00a7 4\u00ba e 5\u00ba, da CLT;<\/li><li>Da liquida\u00e7\u00e3o de senten\u00e7a &#8211; Artigo 879 da CLT;<\/li><li>Do seguro garantia judicial &#8211; Artigos 882 e 883 da CLT;<\/li><li>Do protesto judicial &#8211; Artigo 883-A da CLT;<\/li><li>Desnecessidade de garantia execut\u00f3ria &#8211; Artigo 884 da CLT;<\/li><li>Do sistema recursal extraordin\u00e1rio &#8211; Artigos. 896 e 896-A da CLT;<\/li><li>Do recurso ordin\u00e1rio &#8211; Artigos 895 e 899 da CLT;<\/li><li>Da compet\u00eancia do tribunal pleno &#8211; Artigo 702 da CLT;<\/li><li>Da contagem dos prazos &#8211; Artigo 775 da CLT;<\/li><li>Do litiscons\u00f3rcio necess\u00e1rio &#8211; Artigo 611-A, \u00a7 5\u00ba, da CLT.<\/li><\/ul>\n\n\n\n<p><strong>Neste ponto, em Direito Processual\ndo Trabalho destaco os principais temas que voc\u00ea deve se ater, j\u00e1 que com toda\na certeza ser\u00e1 objeto de sua prova: <\/strong><\/p>\n\n\n\n<p><strong><em>PREPOSTO:<\/em><\/strong><strong><em><br \/>\n<br \/>\n<\/em><\/strong><\/p>\n\n\n\n<p><strong><em>Art. 843 &#8211;<\/em><\/strong><em> Na audi\u00eancia de julgamento dever\u00e3o estar\npresentes o reclamante e o reclamado, independentemente do comparecimento de\nseus representantes salvo, nos casos de Reclamat\u00f3rias Pl\u00farimas ou A\u00e7\u00f5es de\nCumprimento, quando os empregados poder\u00e3o fazer-se representar pelo Sindicato\nde sua categoria.<\/em><\/p>\n\n\n\n<p><em>&nbsp;&nbsp;&nbsp;&nbsp;&nbsp;&nbsp;&nbsp; \u00a7 1\u00ba \u00c9 facultado ao empregador fazer-se\nsubstituir pelo gerente, ou qualquer outro preposto que tenha conhecimento do\nfato, e cujas declara\u00e7\u00f5es obrigar\u00e3o o proponente.<\/em><\/p>\n\n\n\n<p><em>&nbsp;&nbsp;&nbsp;&nbsp;&nbsp;&nbsp;&nbsp; \u00a7 2\u00ba Se por doen\u00e7a ou qualquer outro\nmotivo poderoso, devidamente comprovado, n\u00e3o for poss\u00edvel ao empregado\ncomparecer pessoalmente, poder\u00e1 fazer-se representar por outro empregado que\nperten\u00e7a \u00e0 mesma profiss\u00e3o, ou pelo seu sindicato.<\/em><\/p>\n\n\n\n<p><em>&nbsp;&nbsp;&nbsp;&nbsp;&nbsp;&nbsp;&nbsp;&nbsp; \u00a7 3o O preposto a que se refere o \u00a7 1o\ndeste artigo n\u00e3o precisa ser empregado da parte reclamada.&nbsp;&nbsp;&nbsp; <\/em><\/p>\n\n\n\n<p><strong><em>HONOR\u00c1RIOS\nADVOCAT\u00cdCIOS:<\/em><\/strong><\/p>\n\n\n\n<p><strong><em>Art. 791-A.<\/em><\/strong><em> Ao advogado, ainda que atue em causa\npr\u00f3pria, ser\u00e3o devidos honor\u00e1rios de sucumb\u00eancia, fixados entre o m\u00ednimo de 5%\n(cinco por cento) e o m\u00e1ximo de 15% (quinze por cento) sobre o valor que\nresultar da liquida\u00e7\u00e3o da senten\u00e7a, do proveito econ\u00f4mico obtido ou, n\u00e3o sendo\nposs\u00edvel mensur\u00e1-lo, sobre o valor atualizado da causa. <\/em><\/p>\n\n\n\n<p><em>\u00a7 1\u00ba Os honor\u00e1rios s\u00e3o devidos\ntamb\u00e9m nas a\u00e7\u00f5es contra a Fazenda P\u00fablica e nas a\u00e7\u00f5es em que a parte estiver\nassistida ou substitu\u00edda pelo sindicato de sua categoria.<\/em><\/p>\n\n\n\n<p><em>&nbsp;\u00a7 2o Ao fixar os honor\u00e1rios, o ju\u00edzo\nobservar\u00e1:<\/em><\/p>\n\n\n\n<p><em>I &#8211; o grau de zelo do\nprofissional; <\/em><\/p>\n\n\n\n<p><em>II &#8211; o lugar de presta\u00e7\u00e3o do\nservi\u00e7o; <\/em><\/p>\n\n\n\n<p><em>III &#8211; a natureza e a\nimport\u00e2ncia da causa<\/em><\/p>\n\n\n\n<p><em>IV &#8211; o trabalho realizado pelo\nadvogado e o tempo exigido para o seu servi\u00e7o.<\/em><\/p>\n\n\n\n<p><em>\u00a7 3\u00ba Na hip\u00f3tese de proced\u00eancia\nparcial, o ju\u00edzo arbitrar\u00e1 honor\u00e1rios de sucumb\u00eancia rec\u00edproca, vedada a\ncompensa\u00e7\u00e3o entre os honor\u00e1rios.<\/em><\/p>\n\n\n\n<p><em>\u00a7 4o Vencido o benefici\u00e1rio da\njusti\u00e7a gratuita, desde que n\u00e3o tenha obtido em ju\u00edzo, ainda que em outro\nprocesso, cr\u00e9ditos capazes de suportar a despesa, as obriga\u00e7\u00f5es decorrentes de\nsua sucumb\u00eancia ficar\u00e3o sob condi\u00e7\u00e3o suspensiva de exigibilidade e somente\npoder\u00e3o ser executadas se, nos dois anos subsequentes ao tr\u00e2nsito em julgado da\ndecis\u00e3o que as certificou, o credor demonstrar que deixou de existir a situa\u00e7\u00e3o\nde insufici\u00eancia de recursos que justificou a concess\u00e3o de gratuidade,\nextinguindo-se, passado esse prazo, tais obriga\u00e7\u00f5es do benefici\u00e1rio. <\/em><\/p>\n\n\n\n<p><em>\u00a7 5o S\u00e3o devidos honor\u00e1rios de\nsucumb\u00eancia na reconven\u00e7\u00e3o.<\/em><\/p>\n\n\n\n<p><strong><em>HONOR\u00c1RIOS\nPERICIAIS <\/em><\/strong><\/p>\n\n\n\n<p><strong><em>Art. 790-B.<\/em><\/strong><em> A responsabilidade pelo pagamento dos\nhonor\u00e1rios periciais \u00e9 da parte sucumbente na pretens\u00e3o objeto da per\u00edcia,\nainda que benefici\u00e1ria da justi\u00e7a gratuita. <\/em><\/p>\n\n\n\n<p><em>\u00a7 1o Ao fixar o valor dos\nhonor\u00e1rios periciais, o ju\u00edzo dever\u00e1 respeitar o limite m\u00e1ximo estabelecido\npelo Conselho Superior da Justi\u00e7a do Trabalho.<\/em><\/p>\n\n\n\n<p><em>\u00a7 2o O ju\u00edzo poder\u00e1 deferir\nparcelamento dos honor\u00e1rios periciais.<\/em><\/p>\n\n\n\n<p><em>\u00a7 3o O ju\u00edzo n\u00e3o poder\u00e1 exigir\nadiantamento de valores para realiza\u00e7\u00e3o de per\u00edcias.<\/em><\/p>\n\n\n\n<p><em>\u00a7 4o Somente no caso em que o\nbenefici\u00e1rio da justi\u00e7a gratuita n\u00e3o tenha obtido em ju\u00edzo cr\u00e9ditos capazes de\nsuportar a despesa referida no caput, ainda que em outro processo, a Uni\u00e3o\nresponder\u00e1 pelo encargo.&nbsp;&nbsp;&nbsp;&nbsp;&nbsp;&nbsp; <\/em><\/p>\n\n\n\n<p><strong><em>PRESCRI\u00c7\u00c3O\nINTERCORRENTE:<\/em><\/strong><\/p>\n\n\n\n<p><strong><em>Art. 11-A.<\/em><\/strong><em> Ocorre a prescri\u00e7\u00e3o intercorrente no\nprocesso do trabalho no prazo de dois anos.<\/em><\/p>\n\n\n\n<p><em>\u00a7 1o A flu\u00eancia do prazo\nprescricional intercorrente inicia-se quando o exequente deixa de cumprir\ndetermina\u00e7\u00e3o judicial no curso da execu\u00e7\u00e3o.<\/em><\/p>\n\n\n\n<p><em>\u00a7 2o A declara\u00e7\u00e3o da prescri\u00e7\u00e3o\nintercorrente pode ser requerida ou declarada de of\u00edcio em qualquer grau de\njurisdi\u00e7\u00e3o.&nbsp;&nbsp; <\/em><\/p>\n\n\n\n<p><strong><em>GRATUIDADE DA\nJUSTI\u00c7A <\/em><\/strong><\/p>\n\n\n\n<p><strong><em>Art. 790.<\/em><\/strong><em> Nas Varas do Trabalho, nos Ju\u00edzos de\nDireito, nos Tribunais e no Tribunal Superior do Trabalho, a forma de pagamento\ndas custas e emolumentos obedecer\u00e1 \u00e0s instru\u00e7\u00f5es que ser\u00e3o expedidas pelo\nTribunal Superior do Trabalho. (&#8230;)<\/em><\/p>\n\n\n\n<p><em>\u00a7 3o \u00c9 facultado aos ju\u00edzes,\n\u00f3rg\u00e3os julgadores e presidentes dos tribunais do trabalho de qualquer inst\u00e2ncia\nconceder, a requerimento ou de of\u00edcio, o benef\u00edcio da justi\u00e7a gratuita,\ninclusive quanto a traslados e instrumentos, \u00e0queles que perceberem sal\u00e1rio\nigual ou inferior a 40% (quarenta por cento) do limite m\u00e1ximo dos benef\u00edcios do\nRegime Geral de Previd\u00eancia Social. <\/em><\/p>\n\n\n\n<p><em>\u00a7 4o O benef\u00edcio da justi\u00e7a\ngratuita ser\u00e1 concedido \u00e0 parte que comprovar insufici\u00eancia de recursos para o\npagamento das custas do processo.&nbsp; <\/em><\/p>\n\n\n\n<p><strong><em>Art. 790-B.<\/em><\/strong><em> A responsabilidade pelo pagamento dos\nhonor\u00e1rios periciais \u00e9 da parte sucumbente na pretens\u00e3o objeto da per\u00edcia,\nainda que benefici\u00e1ria da justi\u00e7a gratuita. <\/em><\/p>\n\n\n\n<p><em>\u00a7 1o Ao fixar o valor dos\nhonor\u00e1rios periciais, o ju\u00edzo dever\u00e1 respeitar o limite m\u00e1ximo estabelecido\npelo Conselho Superior da Justi\u00e7a do Trabalho.<\/em><\/p>\n\n\n\n<p><em>\u00a7 2o O ju\u00edzo poder\u00e1 deferir\nparcelamento dos honor\u00e1rios periciais.<\/em><\/p>\n\n\n\n<p><em>\u00a7 3o O ju\u00edzo n\u00e3o poder\u00e1 exigir\nadiantamento de valores para realiza\u00e7\u00e3o de per\u00edcias. <\/em><\/p>\n\n\n\n<p><em>\u00a7 4o Somente no caso em que o\nbenefici\u00e1rio da justi\u00e7a gratuita n\u00e3o tenha obtido em ju\u00edzo cr\u00e9ditos capazes de\nsuportar a despesa referida no caput, ainda que em outro processo, a Uni\u00e3o\nresponder\u00e1 pelo encargo. <\/em><\/p>\n\n\n\n<p><strong><em>HOMOLOGA\u00c7\u00c3O DE\nACORDO EXTRAJUDICIAL<\/em><\/strong><\/p>\n\n\n\n<p><strong><em>Art. 855-B.<\/em><\/strong><em> O processo de homologa\u00e7\u00e3o de acordo\nextrajudicial ter\u00e1 in\u00edcio por peti\u00e7\u00e3o conjunta, sendo obrigat\u00f3ria a\nrepresenta\u00e7\u00e3o das partes por advogado.<\/em><\/p>\n\n\n\n<p><em>\u00a7 1o As partes n\u00e3o poder\u00e3o ser\nrepresentadas por advogado comum. <\/em><\/p>\n\n\n\n<p><em>\u00a7 2o Faculta-se ao trabalhador\nser assistido pelo advogado do sindicato de sua categoria.<\/em><\/p>\n\n\n\n<p><strong><em>Art. 855-C.<\/em><\/strong><em> O disposto neste Cap\u00edtulo n\u00e3o prejudica o\nprazo estabelecido no \u00a7 6o do art. 477 desta Consolida\u00e7\u00e3o e n\u00e3o afasta a\naplica\u00e7\u00e3o da multa prevista no \u00a7 8o art. 477 desta Consolida\u00e7\u00e3o. <\/em><\/p>\n\n\n\n<p><strong><em>Art. 855-D.<\/em><\/strong><em> No prazo de quinze dias a contar da\ndistribui\u00e7\u00e3o da peti\u00e7\u00e3o, o juiz analisar\u00e1 o acordo, designar\u00e1 audi\u00eancia se\nentender necess\u00e1rio e proferir\u00e1 senten\u00e7a. <\/em><\/p>\n\n\n\n<p><strong><em>Art. 855-E.<\/em><\/strong><em> A peti\u00e7\u00e3o de homologa\u00e7\u00e3o de acordo\nextrajudicial suspende o prazo prescricional da a\u00e7\u00e3o quanto aos direitos nela\nespecificados. <\/em><\/p>\n\n\n\n<p><em>Par\u00e1grafo \u00fanico. O prazo\nprescricional voltar\u00e1 a fluir no dia \u00fatil seguinte ao do tr\u00e2nsito em julgado da\ndecis\u00e3o que negar a homologa\u00e7\u00e3o do acordo.<\/em><\/p>\n\n\n\n<p><strong>Na an\u00e1lise\ndestes artigos, alguns pontos merecem aten\u00e7\u00e3o e destaque em nosso estudo<\/strong>:<\/p>\n\n\n\n<ol class=\"wp-block-list\"><li>Em\nrela\u00e7\u00e3o ao <strong>preposto,<\/strong> o par\u00e1grafo\nterceiro do <strong>artigo 843 da CLT<\/strong> merece\ndestaque, haja vista que introduziu a possibilidade de o <strong>preposto da empresa n\u00e3o ser empregado, <\/strong>podendo assim a empresa ser\nrepresentada <strong>por qualquer pessoa que\ntenha conhecimento apenas dos fatos. <\/strong><\/li><\/ol>\n\n\n\n<ol class=\"wp-block-list\"><li>Quanto aos <strong>honor\u00e1rios advocat\u00edcios,<\/strong> especial aten\u00e7\u00e3o se deve a sua incid\u00eancia\nna Justi\u00e7a do Trabalho, sendo devido inclusive pelo benefici\u00e1rio da justi\u00e7a\ngratuita, no percentual de <strong>5% a 15%<\/strong>\ne a possibilidade da sucumb\u00eancia rec\u00edproca, quando da proced\u00eancia parcial,\npar\u00e1grafo terceiro do <strong>artigo 791-A da\nCLT.<\/strong><\/li><\/ol>\n\n\n\n<ol class=\"wp-block-list\"><li>&nbsp;A grande novidade em rela\u00e7\u00e3o aos<strong> honor\u00e1rios periciais<\/strong> fica a cargo de este\nser <strong>devido<\/strong> pela parte, <strong>mesmo que benefici\u00e1ria da justi\u00e7a gratuita<\/strong>,\nal\u00e9m da expressa previs\u00e3o quanto \u00e0 possibilidade de seu parcelamento.<\/li><\/ol>\n\n\n\n<ol class=\"wp-block-list\"><li>No que tange \u00e0 <strong>prescri\u00e7\u00e3o intercorrente<\/strong>, a sua\nprevis\u00e3o legal implicou no fim da diverg\u00eancia jurisprudencial acerca de sua\naplica\u00e7\u00e3o na Justi\u00e7a do Trabalho. Antes de novembro\/2017 coexistiam de forma\nconflituosa a S\u00famula n\u00ba 327 do STF e a S\u00famula n\u00ba 114 do TST, agora, tornou-se\ncristalino o entendimento fixado na Consolida\u00e7\u00e3o das Leis do Trabalho por meio\ndo <strong>artigo 11-A da CLT.<\/strong> <\/li><\/ol>\n\n\n\n<ul class=\"wp-block-list\"><li>Sobre a <strong>gratuidade da justi\u00e7a<\/strong>, necess\u00e1rio se faz um estudo detalhado de\ntodos os artigos que versam sobre o tema. Diversas inova\u00e7\u00f5es foram\nintroduzidas, podendo se destacar a forma de concess\u00e3o que ficou mais\nrestritiva, uma vez que ter\u00e1 por crit\u00e9rio aqueles que perceberem\nsal\u00e1rio igual ou inferior a 40% (quarenta por cento) do limite m\u00e1ximo dos benef\u00edcios\ndo Regime Geral de Previd\u00eancia Social.<\/li><\/ul>\n\n\n\n<ul class=\"wp-block-list\"><li>Destacamos, ainda,\ndentre os temas, a <strong>compet\u00eancia da Vara\ndo Trabalho<\/strong> para a <strong>homologa\u00e7\u00e3o de\nacordo extrajudicial,<\/strong> o qual foi adicionado ao ordenamento por meio da\nreforma trabalhista, conforme <strong>artigos\n855-A a 855-E da CLT.<\/strong><\/li><\/ul>\n\n\n\n<ul class=\"wp-block-list\"><li>Por fim, tome notaquanto \u00e0 <strong>responsabilidade das despesas do int\u00e9rprete<\/strong>, o qual ser\u00e1 nomeado\npara auxiliar no depoimento das partes e testemunhas que n\u00e3o souberem falar a\nl\u00edngua nacional ou quando se tratar de surdo-mudo, ou de mudo que n\u00e3o saiba\nescrever.<\/li><\/ul>\n\n\n\n<h2 class=\"wp-block-heading\"><a>Resolu\u00e7\u00e3o de Quest\u00f5es<\/a><\/h2>\n\n\n\n<p>Por\nfim, destaco a import\u00e2ncia da resolu\u00e7\u00e3o do maior n\u00famero de quest\u00f5es poss\u00edveis,\nhaja vista que apenas atrav\u00e9s do treino voc\u00ea conseguir\u00e1 se avaliar, e at\u00e9 mesmo\nverificar os pontos que merecem aperfei\u00e7oamento no seu estudo. <\/p>\n\n\n\n<p><strong>Lembre-se: <em>O treino leva a perfei\u00e7\u00e3o e a perfei\u00e7\u00e3o leva ao sucesso.<\/em><\/strong> <\/p>\n\n\n\n<p><strong>JORNADA\/INTERVALO<\/strong><\/p>\n\n\n\n<p><strong>(FGV-\nOAB EXAME XXV &#8211; 2018) <\/strong>L\u00facio foi dispensado do emprego, no qual trabalhou de\n17\/11\/2017 a 20\/03\/2018, por seu empregador. Na sociedade empres\u00e1ria em que\ntrabalhou, L\u00facio batia o cart\u00e3o de ponto apenas no in\u00edcio e no fim da jornada\nefetiva de trabalho, sem considerar o tempo de caf\u00e9 da manh\u00e3, de troca de\nuniforme (que consistia em vestir um jaleco branco e t\u00eanis comum, que ficavam\nna posse do empregado) e o tempo em que jogava pingue-pongue ap\u00f3s almo\u00e7ar, j\u00e1\nque o fazia em 15 minutos, e poderia ficar jogando at\u00e9 o t\u00e9rmino do intervalo\nintegral.<\/p>\n\n\n\n<p>Voc\u00ea\nfoi procurado por L\u00facio para, como advogado, ingressar com a\u00e7\u00e3o pleiteando\nhoras extras pelo tempo indicado no enunciado n\u00e3o constante dos controles de\nhor\u00e1rio.<\/p>\n\n\n\n<p>Sobre\no caso, \u00e0 luz da CLT, assinale a afirmativa correta.<\/p>\n\n\n\n<p>a)\nL\u00facio n\u00e3o faz jus \u00e0s horas extras pelas atividades indicadas, pois as mesmas\nn\u00e3o constituem tempo \u00e0 disposi\u00e7\u00e3o do empregador.<\/p>\n\n\n\n<p>b)\nL\u00facio faz jus \u00e0s horas extras pelas atividades indicadas, pois as mesmas\nconstituem tempo \u00e0 disposi\u00e7\u00e3o do empregador, j\u00e1 que L\u00facio estava nas\ndepend\u00eancias da empresa.<\/p>\n\n\n\n<p>c)\nApenas o tempo de alimenta\u00e7\u00e3o e caf\u00e9 da manh\u00e3 devem ser considerados como tempo\n\u00e0 disposi\u00e7\u00e3o, j\u00e1 que o outro representa lazer do empregado.<\/p>\n\n\n\n<p>d)\nApenas o tempo em que ficava jogando poder\u00e1 ser pretendido como hora extra,\npois L\u00facio n\u00e3o desfrutava integralmente da pausa alimentar.<\/p>\n\n\n\n<p><strong>GABARITO: A \u2013\nArtigo 4\u00ba, par\u00e1grafo segundo da CLT.<\/strong><\/p>\n\n\n\n<p><strong>ESTABILIDADE<\/strong><\/p>\n\n\n\n<p><strong>(FGV-\nOAB EXAME XIX) <\/strong>Os empregados da sociedade empres\u00e1ria ABC Ltda. criaram uma\nsociedade cooperativa de cr\u00e9dito que busca dar acesso a empr\u00e9stimos com juros\nbastante reduzidos para os pr\u00f3prios empregados da empresa ABC. Renata, que\ntrabalha na empresa em quest\u00e3o, foi eleita diretora suplente dessa sociedade\ncooperativa de cr\u00e9dito e, dois meses depois, foi dispensada sem justa causa.<\/p>\n\n\n\n<p>Com\nbase na hip\u00f3tese apresentada, de acordo com o entendimento consolidado do TST,\nassinale a afirmativa correta. <\/p>\n\n\n\n<p>a)\nRenata \u00e9 est\u00e1vel por ter sido eleita, raz\u00e3o pela qual dever\u00e1 ser reintegrada. <\/p>\n\n\n\n<p>b)\nN\u00e3o se cogitar\u00e1 de reintegra\u00e7\u00e3o, seja do titular ou do suplente, porque esse\ncaso n\u00e3o \u00e9 previsto na lei como gerador de estabilidade.&nbsp; <\/p>\n\n\n\n<p>c)\nA condi\u00e7\u00e3o legal para que Renata seja est\u00e1vel \u00e9 que contraia ao menos um\nempr\u00e9stimo junto \u00e0 cooperativa. <\/p>\n\n\n\n<p>d)\nRenata n\u00e3o ter\u00e1 garantia no emprego por ser suplente, e a estabilidade alcan\u00e7a\napenas o titular. <\/p>\n\n\n\n<p><strong>GABARITO: D \u2013OJ n. 253 da SDI-I\/TST e A<\/strong><em><strong>rt. 55 da Lei n\u00ba 5.764\/71&nbsp;<\/strong><\/em><strong><\/strong><\/p>\n\n\n\n<p><strong>RESCIS\u00c3O E EXTIN\u00c7\u00c3O DO CONTRATO DE\nTRABALHO<\/strong><\/p>\n\n\n\n<p><strong>(FGV-\nOAB EXAME XXV &#8211; 2018) <\/strong>Ferdinando trabalha na sociedade empres\u00e1ria Alfa S.A.\nh\u00e1 4 anos, mas anda desestimulado com o emprego e deseja dar um novo rumo \u00e0 sua\nvida, retornando, em tempo integral, aos estudos para tentar uma outra carreira\nprofissional.<\/p>\n\n\n\n<p>Imbu\u00eddo\ndesta inten\u00e7\u00e3o, Ferdinando procurou seu chefe, em 08\/03\/2018, e apresentou uma\nproposta para, de comum acordo, ser dispensado da empresa, com formula\u00e7\u00e3o de um\ndistrato.<\/p>\n\n\n\n<p>Diante\ndo caso apresentado e dos termos da CLT, assinale a afirmativa correta.<\/p>\n\n\n\n<p>a)\nA realiza\u00e7\u00e3o da extin\u00e7\u00e3o contratual por vontade m\u00fatua \u00e9 vi\u00e1vel, mas a\nindeniza\u00e7\u00e3o ser\u00e1 reduzida pela metade e o empregado n\u00e3o receber\u00e1 seguro\ndesemprego.<\/p>\n\n\n\n<p>b)\nA ruptura contratual por consenso pode ser feita, mas depende de homologa\u00e7\u00e3o\njudicial ou do sindicato de classe do empregado.<\/p>\n\n\n\n<p>c)\nO contrato n\u00e3o pode ser extinto por acordo entre as partes, j\u00e1 que falta\nprevis\u00e3o legal para tanto, cabendo ao empregado pedir demiss\u00e3o ou o empregador\no dispensar sem justa causa.<\/p>\n\n\n\n<p>d)\nO caso pode ser considerado des\u00eddia por parte do empregado, gerando ent\u00e3o a\ndispensa por justa causa, sem direito a qualquer indeniza\u00e7\u00e3o.<\/p>\n\n\n\n<p><strong>GABARITO: A \u2013\nArtigo 484-A da CLT. <\/strong><\/p>\n\n\n\n<h2 class=\"wp-block-heading\"><a>Processo do Trabalho<\/a><\/h2>\n\n\n\n<p><strong>EXECU\u00c7\u00c3O<\/strong><\/p>\n\n\n\n<p><strong>(FGV-\nXXVI EXAME OAB \u2013 2018) <\/strong>Uma entidade filantr\u00f3pica foi condenada em\nreclama\u00e7\u00e3o trabalhista movida por uma ex-empregada, em fevereiro de 2018. A\nsenten\u00e7a transitou em julgado e agora se encontra na fase de execu\u00e7\u00e3o.\nApresentados os c\u00e1lculos e conferida vista \u00e0 executada, o juiz homologou a\nconta apresentada pela exequente.<\/p>\n\n\n\n<p>Em\nrela\u00e7\u00e3o \u00e0 pretens\u00e3o da entidade de ajuizar embargos de devedor para questionar\na decis\u00e3o homologat\u00f3ria, assinale a afirmativa correta.<\/p>\n\n\n\n<p>a)\nN\u00e3o h\u00e1 necessidade de garantia do ju\u00edzo, no caso apresentado, para o\najuizamento de embargos de devedor.<\/p>\n\n\n\n<p>b)\nSe a executada deseja questionar os c\u00e1lculos, dever\u00e1 garantir o ju\u00edzo com\ndinheiro ou bens e, ent\u00e3o, ajuizar embargos de devedor.<\/p>\n\n\n\n<p>c)\nA executada, por ser filantr\u00f3pica, poder\u00e1 ajuizar embargos \u00e0 execu\u00e7\u00e3o, desde\nque garanta a d\u00edvida em 50%.<\/p>\n\n\n\n<p>d)\nA entidade filantr\u00f3pica n\u00e3o tem finalidade lucrativa, da\u00ed por que n\u00e3o pode ser\nempregadora, de modo que a execu\u00e7\u00e3o contra ela n\u00e3o se justifica, e ela poder\u00e1\najuizar embargos a qualquer momento.<\/p>\n\n\n\n<p><strong>GABARITO: A \u2013\nArtigo 844 da CLT<\/strong><\/p>\n\n\n\n<p><strong>RECURSOS<\/strong><\/p>\n\n\n\n<p><strong>(FGV-\nXXV EXAME OAB \u2013 2018) <\/strong>Em sede de\nreclama\u00e7\u00f5es trabalhista duas sociedades empres\u00e1rias foram condenadas em\nprimeira inst\u00e2ncia. A Massa Falida da Cal\u00e7ados Sola Dura Ltda. e a Institutos\nde Seguros Privados do Brasil, sociedade empres\u00e1ria em liquida\u00e7\u00e3o\nextrajudicial.<br \/>\nAcerca do dep\u00f3sito recursal, na qualidade de\nadvogado das empresas voc\u00ea dever\u00e1<\/p>\n\n\n\n<p>a)\ndeixar de recolher o dep\u00f3sito recursal e custas nos dois casos, j\u00e1 que se trata\nde massa falida de empresa em liquida\u00e7\u00e3o extrajudicial.<\/p>\n\n\n\n<p>b)\ndeixar de recolher o dep\u00f3sito recursal e as custas no caso da massa falida, mas\nrecolher ambos para a empresa em liquida\u00e7\u00e3o extrajudicial.<\/p>\n\n\n\n<p>c)\nrecolher nos dois casos o dep\u00f3sito recursal e as custas, sob pena de deser\u00e7\u00e3o.<\/p>\n\n\n\n<p>d)\ndeixar de recolher o dep\u00f3sito recursal no caso da massa falida, mas recolher\nambos para a empresa em liquida\u00e7\u00e3o extrajudicial e as custas para a massa\nfalida.<\/p>\n\n\n\n<p><strong>GABARITO: B \u2013 S\u00famula n. 86 do TST e <\/strong><strong>art. 899, \u00a7 10 da CLT.<\/strong><\/p>\n\n\n\n<p><strong>AUDI\u00caNCIA<\/strong><\/p>\n\n\n\n<p><strong>(FGV- XXVI EXAME OAB \u2013 2018) <\/strong>Uma\nsociedade empres\u00e1ria ajuizou a\u00e7\u00e3o de consigna\u00e7\u00e3o em pagamento em face do seu\nex-empregado, com o objetivo de realizar o dep\u00f3sito das verbas resilit\u00f3rias\ndevidas ao trabalhador e obter quita\u00e7\u00e3o judicial da obriga\u00e7\u00e3o. No dia designado\npara a audi\u00eancia una, a empresa n\u00e3o compareceu nem se justificou, estando\npresente o ex-empregado.<\/p>\n\n\n\n<p>&nbsp;Indique, de acordo com a CLT, o instituto\njur\u00eddico que ocorrer\u00e1 em rela\u00e7\u00e3o ao processo.<\/p>\n\n\n\n<p>a) Revelia.<\/p>\n\n\n\n<p>b) Remarca\u00e7\u00e3o da audi\u00eancia.<\/p>\n\n\n\n<p>c) Arquivamento.<\/p>\n\n\n\n<p>d) Confiss\u00e3o ficta.<\/p>\n\n\n\n<p><strong>GABARITO: C \u2013\nArtigo 844 da CLT. <\/strong><\/p>\n\n\n\n<p><strong>PROVAS<\/strong><\/p>\n\n\n\n<p><strong>(FGV-\nXX EXAME OAB \u2013 2016) <\/strong>O juiz, em sede de reclama\u00e7\u00e3o trabalhista, ap\u00f3s ouvir\nos depoimentos pessoais das partes, deu in\u00edcio \u00e0 oitiva de testemunha da parte\nr\u00e9, j\u00e1 que o autor n\u00e3o produziu a prova testemunhal. Como as tr\u00eas testemunhas\nda empresa permaneceram na sala de audi\u00eancia durante toda a audi\u00eancia, o juiz\nouviu cada uma delas sem que as outras se retirassem.<\/p>\n\n\n\n<p>De\nacordo com a CLT, assinale a op\u00e7\u00e3o que indica o procedimento a ser adotado pelo\nadvogado da parte autora. <\/p>\n\n\n\n<p>a)\nDever\u00e1 ser requerida a invalida\u00e7\u00e3o dos depoimentos.<\/p>\n\n\n\n<p>b)\nN\u00e3o h\u00e1 nada a ser requerido, pois o procedimento foi normal visando \u00e0\nceleridade e \u00e0 economia processual.<\/p>\n\n\n\n<p>c)\nDever\u00e1 ser requerido o adiamento da audi\u00eancia para a produ\u00e7\u00e3o de prova\ntestemunhal pelo autor.<\/p>\n\n\n\n<p>d)\nDever\u00e1 ser requerida a oitiva das testemunhas como informantes.<\/p>\n\n\n\n<p><strong>GABARITO: A \u2013\nArtigo 824 da CLT.<\/strong><strong><\/strong><\/p>\n\n\n\n<h2 class=\"wp-block-heading\"><a>Dicas de Estudo<\/a><\/h2>\n\n\n\n<p><strong>Assim,\nconclu\u00edmos o nosso material com algumas dicas pontuais para direcionais o seu\nestudo, tornando-o mais direcionado e efetivo para fins de compreens\u00e3o do conte\u00fado.\nVeja: <\/strong><\/p>\n\n\n\n<p>#Dica 01<\/p>\n\n\n\n<p>O seu estudo deve estar pautado na seguinte\nestrat\u00e9gia: <\/p>\n\n\n\n<ul class=\"wp-block-list\"><li><strong><em>Teoria\n+ Leitura da Lei Seca; <\/em><\/strong><\/li><li><strong><em>Revis\u00e3o;\ne<\/em><\/strong><\/li><li><strong><em>Resolu\u00e7\u00e3o\nde Quest\u00f5es. <\/em><\/strong><\/li><\/ul>\n\n\n\n<p>#Dica 02<\/p>\n\n\n\n<p>Saiba fazer a <strong>leitura adequada de seu material<\/strong>, de forma a grifar apenas os <strong>principais ponto<\/strong>s que merecem destaque. Ou seja, realize uma leitura completa e, na sequ\u00eancia, grife de forma esquem\u00e1tica o conte\u00fado, sempre resumindo de forma apartada tamb\u00e9m, quando poss\u00edvel. <\/p>\n\n\n\n<figure class=\"wp-block-image\"><img loading=\"lazy\" decoding=\"async\" width=\"513\" height=\"208\" src=\"https:\/\/dhg1h5j42swfq.cloudfront.net\/2019\/05\/03141655\/image22.png\" alt=\"\" class=\"wp-image-370732\" srcset=\"https:\/\/dhg1h5j42swfq.cloudfront.net\/2019\/05\/03141655\/image22.png 513w, https:\/\/dhg1h5j42swfq.cloudfront.net\/2019\/05\/03141655\/image22.png 300w\" sizes=\"auto, (max-width: 513px) 100vw, 513px\" \/><\/figure>\n\n\n\n<p>#Dica 03<\/p>\n\n\n\n<figure class=\"wp-block-image\"><img loading=\"lazy\" decoding=\"async\" width=\"589\" height=\"206\" src=\"https:\/\/dhg1h5j42swfq.cloudfront.net\/2019\/05\/03141714\/image23.png\" alt=\"\" class=\"wp-image-370733\" srcset=\"https:\/\/dhg1h5j42swfq.cloudfront.net\/2019\/05\/03141714\/image23.png 589w, https:\/\/dhg1h5j42swfq.cloudfront.net\/2019\/05\/03141714\/image23.png 300w\" sizes=\"auto, (max-width: 589px) 100vw, 589px\" \/><\/figure>\n\n\n\n<p><strong>Tente sempre esquematizar\no seu material, ou seja, fa\u00e7a remiss\u00f5es, anota\u00e7\u00f5es pertinentes e destaque,\nainda, com marca texto o que voc\u00ea n\u00e3o poder\u00e1 se olvidar. <\/strong><\/p>\n\n\n\n<p><strong>Contem\ncomigo!!!<\/strong><\/p>\n\n\n\n<p><strong>Bons estudos e muito sucesso a todos!<\/strong><\/p>\n\n\n\n<p><strong>Prof.\u00aa Priscila Ferreira<\/strong><\/p>\n\n\n","protected":false},"excerpt":{"rendered":"<p>Ol\u00e1, corujinhas do Estrat\u00e9gia OAB. O objetivo deste material \u00e9 detalhar a forma, bem como a did\u00e1tica, que voc\u00ea deve se valer ao estudar Direito e Processo do Trabalho para o Exame de Ordem na primeira fase. Em minha viv\u00eancia com os alunos, tenho percebido que o direito e o processo do trabalho t\u00eam despertado [&hellip;]<\/p>\n","protected":false},"author":545,"featured_media":182668,"comment_status":"open","ping_status":"closed","sticky":false,"template":"","format":"standard","meta":{"post_tipo":"article","footnotes":""},"categories":[2185],"tags":[627,1116,3347],"tax_estado":[],"class_list":["post-107981","post","type-post","status-publish","format-standard","has-post-thumbnail","hentry","category-carreiras-juridicas","tag-direito-do-trabalho","tag-exame-de-ordem","tag-oab-1a-fase"],"acf":[],"yoast_head":"<!-- This site is optimized with the Yoast SEO Premium plugin v27.2 (Yoast SEO v27.2) - https:\/\/yoast.com\/product\/yoast-seo-premium-wordpress\/ -->\n<title>Direito do Trabalho OAB: como estudar para o Exame de Ordem<\/title>\n<meta name=\"description\" content=\"Confira aqui dicas imperd\u00edveis de como estudar Direito do Trabalho para o Exame de Ordem da OAB. Neste artigo, a profa. Priscila Ferreira disseca a 1\u00aa fase!\" \/>\n<meta name=\"robots\" content=\"index, follow, max-snippet:-1, max-image-preview:large, max-video-preview:-1\" \/>\n<link rel=\"canonical\" href=\"https:\/\/www.estrategiaconcursos.com.br\/blog\/direito-do-trabalho-exame-de-ordem\/\" \/>\n<meta property=\"og:locale\" content=\"pt_BR\" \/>\n<meta property=\"og:type\" content=\"article\" \/>\n<meta property=\"og:title\" content=\"Direito do Trabalho OAB: como estudar para o Exame de Ordem\" \/>\n<meta property=\"og:description\" content=\"Confira aqui dicas imperd\u00edveis de como estudar Direito do Trabalho para o Exame de Ordem da OAB. Neste artigo, a profa. Priscila Ferreira disseca a 1\u00aa fase!\" \/>\n<meta property=\"og:url\" content=\"https:\/\/www.estrategiaconcursos.com.br\/blog\/direito-do-trabalho-exame-de-ordem\/\" \/>\n<meta property=\"og:site_name\" content=\"Estrat\u00e9gia Concursos\" \/>\n<meta property=\"article:published_time\" content=\"2019-05-03T03:00:05+00:00\" \/>\n<meta property=\"article:modified_time\" content=\"2019-05-03T17:19:14+00:00\" \/>\n<meta property=\"og:image\" content=\"https:\/\/dhg1h5j42swfq.cloudfront.net\/2019\/04\/10115514\/exame-de-ordem.jpg\" \/>\n\t<meta property=\"og:image:width\" content=\"398\" \/>\n\t<meta property=\"og:image:height\" content=\"209\" \/>\n\t<meta property=\"og:image:type\" content=\"image\/jpeg\" \/>\n<meta name=\"author\" content=\"Priscila Ferreira\" \/>\n<meta name=\"twitter:card\" content=\"summary_large_image\" \/>\n<meta name=\"twitter:creator\" content=\"@EstratConcursos\" \/>\n<meta name=\"twitter:site\" content=\"@EstratConcursos\" \/>\n<meta name=\"twitter:label1\" content=\"Escrito por\" \/>\n\t<meta name=\"twitter:data1\" content=\"Priscila Ferreira\" \/>\n\t<meta name=\"twitter:label2\" content=\"Est. tempo de leitura\" \/>\n\t<meta name=\"twitter:data2\" content=\"28 minutos\" \/>\n<script type=\"application\/ld+json\" class=\"yoast-schema-graph\">{\"@context\":\"https:\/\/schema.org\",\"@graph\":[{\"@type\":\"NewsArticle\",\"@id\":\"https:\/\/www.estrategiaconcursos.com.br\/blog\/direito-do-trabalho-exame-de-ordem\/#article\",\"isPartOf\":{\"@id\":\"https:\/\/www.estrategiaconcursos.com.br\/blog\/direito-do-trabalho-exame-de-ordem\/\"},\"author\":{\"name\":\"Priscila Ferreira\",\"@id\":\"https:\/\/www.estrategiaconcursos.com.br\/blog\/#\/schema\/person\/75dcd757b9d160f278f7513e9964e3b8\"},\"headline\":\"Direito do Trabalho OAB: como estudar para o Exame de Ordem\",\"datePublished\":\"2019-05-03T03:00:05+00:00\",\"dateModified\":\"2019-05-03T17:19:14+00:00\",\"mainEntityOfPage\":{\"@id\":\"https:\/\/www.estrategiaconcursos.com.br\/blog\/direito-do-trabalho-exame-de-ordem\/\"},\"wordCount\":5578,\"commentCount\":1,\"publisher\":{\"@id\":\"https:\/\/www.estrategiaconcursos.com.br\/blog\/#organization\"},\"image\":{\"@id\":\"https:\/\/www.estrategiaconcursos.com.br\/blog\/direito-do-trabalho-exame-de-ordem\/#primaryimage\"},\"thumbnailUrl\":\"https:\/\/dhg1h5j42swfq.cloudfront.net\/2019\/04\/10115514\/exame-de-ordem.jpg\",\"keywords\":[\"Direito do Trabalho\",\"Exame de Ordem\",\"OAB 1\u00aa Fase\"],\"articleSection\":[\"Jur\u00eddico\"],\"inLanguage\":\"pt-BR\",\"potentialAction\":[{\"@type\":\"CommentAction\",\"name\":\"Comment\",\"target\":[\"https:\/\/www.estrategiaconcursos.com.br\/blog\/direito-do-trabalho-exame-de-ordem\/#respond\"]}],\"copyrightYear\":\"2019\",\"copyrightHolder\":{\"@id\":\"https:\/\/www.estrategiaconcursos.com.br\/blog\/#organization\"}},{\"@type\":\"WebPage\",\"@id\":\"https:\/\/www.estrategiaconcursos.com.br\/blog\/direito-do-trabalho-exame-de-ordem\/\",\"url\":\"https:\/\/www.estrategiaconcursos.com.br\/blog\/direito-do-trabalho-exame-de-ordem\/\",\"name\":\"Direito do Trabalho OAB: como estudar para o Exame de Ordem\",\"isPartOf\":{\"@id\":\"https:\/\/www.estrategiaconcursos.com.br\/blog\/#website\"},\"primaryImageOfPage\":{\"@id\":\"https:\/\/www.estrategiaconcursos.com.br\/blog\/direito-do-trabalho-exame-de-ordem\/#primaryimage\"},\"image\":{\"@id\":\"https:\/\/www.estrategiaconcursos.com.br\/blog\/direito-do-trabalho-exame-de-ordem\/#primaryimage\"},\"thumbnailUrl\":\"https:\/\/dhg1h5j42swfq.cloudfront.net\/2019\/04\/10115514\/exame-de-ordem.jpg\",\"datePublished\":\"2019-05-03T03:00:05+00:00\",\"dateModified\":\"2019-05-03T17:19:14+00:00\",\"description\":\"Confira aqui dicas imperd\u00edveis de como estudar Direito do Trabalho para o Exame de Ordem da OAB. Neste artigo, a profa. Priscila Ferreira disseca a 1\u00aa fase!\",\"breadcrumb\":{\"@id\":\"https:\/\/www.estrategiaconcursos.com.br\/blog\/direito-do-trabalho-exame-de-ordem\/#breadcrumb\"},\"inLanguage\":\"pt-BR\",\"potentialAction\":[{\"@type\":\"ReadAction\",\"target\":[\"https:\/\/www.estrategiaconcursos.com.br\/blog\/direito-do-trabalho-exame-de-ordem\/\"]}]},{\"@type\":\"ImageObject\",\"inLanguage\":\"pt-BR\",\"@id\":\"https:\/\/www.estrategiaconcursos.com.br\/blog\/direito-do-trabalho-exame-de-ordem\/#primaryimage\",\"url\":\"https:\/\/dhg1h5j42swfq.cloudfront.net\/2019\/04\/10115514\/exame-de-ordem.jpg\",\"contentUrl\":\"https:\/\/dhg1h5j42swfq.cloudfront.net\/2019\/04\/10115514\/exame-de-ordem.jpg\",\"width\":398,\"height\":209,\"caption\":\"exame de ordem\"},{\"@type\":\"BreadcrumbList\",\"@id\":\"https:\/\/www.estrategiaconcursos.com.br\/blog\/direito-do-trabalho-exame-de-ordem\/#breadcrumb\",\"itemListElement\":[{\"@type\":\"ListItem\",\"position\":1,\"name\":\"In\u00edcio\",\"item\":\"https:\/\/www.estrategiaconcursos.com.br\/blog\/\"},{\"@type\":\"ListItem\",\"position\":2,\"name\":\"Direito do Trabalho OAB: como estudar para o Exame de Ordem\"}]},{\"@type\":\"WebSite\",\"@id\":\"https:\/\/www.estrategiaconcursos.com.br\/blog\/#website\",\"url\":\"https:\/\/www.estrategiaconcursos.com.br\/blog\/\",\"name\":\"Estrat\u00e9gia Concursos\",\"description\":\"O blog da Estrat\u00e9gia Concursos traz not\u00edcias sobre concursos e artigos de professores oferecendo cursos para concursos (pdf + videaulas) no site.\",\"publisher\":{\"@id\":\"https:\/\/www.estrategiaconcursos.com.br\/blog\/#organization\"},\"potentialAction\":[{\"@type\":\"SearchAction\",\"target\":{\"@type\":\"EntryPoint\",\"urlTemplate\":\"https:\/\/www.estrategiaconcursos.com.br\/blog\/?s={search_term_string}\"},\"query-input\":{\"@type\":\"PropertyValueSpecification\",\"valueRequired\":true,\"valueName\":\"search_term_string\"}}],\"inLanguage\":\"pt-BR\"},{\"@type\":\"Organization\",\"@id\":\"https:\/\/www.estrategiaconcursos.com.br\/blog\/#organization\",\"name\":\"Estrat\u00e9gia Concursos\",\"url\":\"https:\/\/www.estrategiaconcursos.com.br\/blog\/\",\"logo\":{\"@type\":\"ImageObject\",\"inLanguage\":\"pt-BR\",\"@id\":\"https:\/\/www.estrategiaconcursos.com.br\/blog\/#\/schema\/logo\/image\/\",\"url\":\"https:\/\/dhg1h5j42swfq.cloudfront.net\/2025\/06\/03203428\/logo_concursos-1.jpg\",\"contentUrl\":\"https:\/\/dhg1h5j42swfq.cloudfront.net\/2025\/06\/03203428\/logo_concursos-1.jpg\",\"width\":230,\"height\":60,\"caption\":\"Estrat\u00e9gia Concursos\"},\"image\":{\"@id\":\"https:\/\/www.estrategiaconcursos.com.br\/blog\/#\/schema\/logo\/image\/\"},\"sameAs\":[\"https:\/\/x.com\/EstratConcursos\"]},{\"@type\":\"Person\",\"@id\":\"https:\/\/www.estrategiaconcursos.com.br\/blog\/#\/schema\/person\/75dcd757b9d160f278f7513e9964e3b8\",\"name\":\"Priscila Ferreira\",\"image\":{\"@type\":\"ImageObject\",\"inLanguage\":\"pt-BR\",\"@id\":\"https:\/\/secure.gravatar.com\/avatar\/e8eec4f3a7f5e57631cb11a38fe3ce4b99c1efe7d24b59d6c3433c374d04a68c?s=96&d=mm&r=g\",\"url\":\"https:\/\/secure.gravatar.com\/avatar\/e8eec4f3a7f5e57631cb11a38fe3ce4b99c1efe7d24b59d6c3433c374d04a68c?s=96&d=mm&r=g\",\"contentUrl\":\"https:\/\/secure.gravatar.com\/avatar\/e8eec4f3a7f5e57631cb11a38fe3ce4b99c1efe7d24b59d6c3433c374d04a68c?s=96&d=mm&r=g\",\"caption\":\"Priscila Ferreira\"},\"url\":\"https:\/\/www.estrategiaconcursos.com.br\/blog\/author\/prof-prisfergmail-com\/\"}]}<\/script>\n<!-- \/ Yoast SEO Premium plugin. -->","yoast_head_json":{"title":"Direito do Trabalho OAB: como estudar para o Exame de Ordem","description":"Confira aqui dicas imperd\u00edveis de como estudar Direito do Trabalho para o Exame de Ordem da OAB. Neste artigo, a profa. Priscila Ferreira disseca a 1\u00aa fase!","robots":{"index":"index","follow":"follow","max-snippet":"max-snippet:-1","max-image-preview":"max-image-preview:large","max-video-preview":"max-video-preview:-1"},"canonical":"https:\/\/www.estrategiaconcursos.com.br\/blog\/direito-do-trabalho-exame-de-ordem\/","og_locale":"pt_BR","og_type":"article","og_title":"Direito do Trabalho OAB: como estudar para o Exame de Ordem","og_description":"Confira aqui dicas imperd\u00edveis de como estudar Direito do Trabalho para o Exame de Ordem da OAB. Neste artigo, a profa. Priscila Ferreira disseca a 1\u00aa fase!","og_url":"https:\/\/www.estrategiaconcursos.com.br\/blog\/direito-do-trabalho-exame-de-ordem\/","og_site_name":"Estrat\u00e9gia Concursos","article_published_time":"2019-05-03T03:00:05+00:00","article_modified_time":"2019-05-03T17:19:14+00:00","og_image":[{"width":398,"height":209,"url":"https:\/\/dhg1h5j42swfq.cloudfront.net\/2019\/04\/10115514\/exame-de-ordem.jpg","type":"image\/jpeg"}],"author":"Priscila Ferreira","twitter_card":"summary_large_image","twitter_creator":"@EstratConcursos","twitter_site":"@EstratConcursos","twitter_misc":{"Escrito por":"Priscila Ferreira","Est. tempo de leitura":"28 minutos"},"schema":{"@context":"https:\/\/schema.org","@graph":[{"@type":"NewsArticle","@id":"https:\/\/www.estrategiaconcursos.com.br\/blog\/direito-do-trabalho-exame-de-ordem\/#article","isPartOf":{"@id":"https:\/\/www.estrategiaconcursos.com.br\/blog\/direito-do-trabalho-exame-de-ordem\/"},"author":{"name":"Priscila Ferreira","@id":"https:\/\/www.estrategiaconcursos.com.br\/blog\/#\/schema\/person\/75dcd757b9d160f278f7513e9964e3b8"},"headline":"Direito do Trabalho OAB: como estudar para o Exame de Ordem","datePublished":"2019-05-03T03:00:05+00:00","dateModified":"2019-05-03T17:19:14+00:00","mainEntityOfPage":{"@id":"https:\/\/www.estrategiaconcursos.com.br\/blog\/direito-do-trabalho-exame-de-ordem\/"},"wordCount":5578,"commentCount":1,"publisher":{"@id":"https:\/\/www.estrategiaconcursos.com.br\/blog\/#organization"},"image":{"@id":"https:\/\/www.estrategiaconcursos.com.br\/blog\/direito-do-trabalho-exame-de-ordem\/#primaryimage"},"thumbnailUrl":"https:\/\/dhg1h5j42swfq.cloudfront.net\/2019\/04\/10115514\/exame-de-ordem.jpg","keywords":["Direito do Trabalho","Exame de Ordem","OAB 1\u00aa Fase"],"articleSection":["Jur\u00eddico"],"inLanguage":"pt-BR","potentialAction":[{"@type":"CommentAction","name":"Comment","target":["https:\/\/www.estrategiaconcursos.com.br\/blog\/direito-do-trabalho-exame-de-ordem\/#respond"]}],"copyrightYear":"2019","copyrightHolder":{"@id":"https:\/\/www.estrategiaconcursos.com.br\/blog\/#organization"}},{"@type":"WebPage","@id":"https:\/\/www.estrategiaconcursos.com.br\/blog\/direito-do-trabalho-exame-de-ordem\/","url":"https:\/\/www.estrategiaconcursos.com.br\/blog\/direito-do-trabalho-exame-de-ordem\/","name":"Direito do Trabalho OAB: como estudar para o Exame de Ordem","isPartOf":{"@id":"https:\/\/www.estrategiaconcursos.com.br\/blog\/#website"},"primaryImageOfPage":{"@id":"https:\/\/www.estrategiaconcursos.com.br\/blog\/direito-do-trabalho-exame-de-ordem\/#primaryimage"},"image":{"@id":"https:\/\/www.estrategiaconcursos.com.br\/blog\/direito-do-trabalho-exame-de-ordem\/#primaryimage"},"thumbnailUrl":"https:\/\/dhg1h5j42swfq.cloudfront.net\/2019\/04\/10115514\/exame-de-ordem.jpg","datePublished":"2019-05-03T03:00:05+00:00","dateModified":"2019-05-03T17:19:14+00:00","description":"Confira aqui dicas imperd\u00edveis de como estudar Direito do Trabalho para o Exame de Ordem da OAB. Neste artigo, a profa. Priscila Ferreira disseca a 1\u00aa fase!","breadcrumb":{"@id":"https:\/\/www.estrategiaconcursos.com.br\/blog\/direito-do-trabalho-exame-de-ordem\/#breadcrumb"},"inLanguage":"pt-BR","potentialAction":[{"@type":"ReadAction","target":["https:\/\/www.estrategiaconcursos.com.br\/blog\/direito-do-trabalho-exame-de-ordem\/"]}]},{"@type":"ImageObject","inLanguage":"pt-BR","@id":"https:\/\/www.estrategiaconcursos.com.br\/blog\/direito-do-trabalho-exame-de-ordem\/#primaryimage","url":"https:\/\/dhg1h5j42swfq.cloudfront.net\/2019\/04\/10115514\/exame-de-ordem.jpg","contentUrl":"https:\/\/dhg1h5j42swfq.cloudfront.net\/2019\/04\/10115514\/exame-de-ordem.jpg","width":398,"height":209,"caption":"exame de ordem"},{"@type":"BreadcrumbList","@id":"https:\/\/www.estrategiaconcursos.com.br\/blog\/direito-do-trabalho-exame-de-ordem\/#breadcrumb","itemListElement":[{"@type":"ListItem","position":1,"name":"In\u00edcio","item":"https:\/\/www.estrategiaconcursos.com.br\/blog\/"},{"@type":"ListItem","position":2,"name":"Direito do Trabalho OAB: como estudar para o Exame de Ordem"}]},{"@type":"WebSite","@id":"https:\/\/www.estrategiaconcursos.com.br\/blog\/#website","url":"https:\/\/www.estrategiaconcursos.com.br\/blog\/","name":"Estrat\u00e9gia Concursos","description":"O blog da Estrat\u00e9gia Concursos traz not\u00edcias sobre concursos e artigos de professores oferecendo cursos para concursos (pdf + videaulas) no site.","publisher":{"@id":"https:\/\/www.estrategiaconcursos.com.br\/blog\/#organization"},"potentialAction":[{"@type":"SearchAction","target":{"@type":"EntryPoint","urlTemplate":"https:\/\/www.estrategiaconcursos.com.br\/blog\/?s={search_term_string}"},"query-input":{"@type":"PropertyValueSpecification","valueRequired":true,"valueName":"search_term_string"}}],"inLanguage":"pt-BR"},{"@type":"Organization","@id":"https:\/\/www.estrategiaconcursos.com.br\/blog\/#organization","name":"Estrat\u00e9gia Concursos","url":"https:\/\/www.estrategiaconcursos.com.br\/blog\/","logo":{"@type":"ImageObject","inLanguage":"pt-BR","@id":"https:\/\/www.estrategiaconcursos.com.br\/blog\/#\/schema\/logo\/image\/","url":"https:\/\/dhg1h5j42swfq.cloudfront.net\/2025\/06\/03203428\/logo_concursos-1.jpg","contentUrl":"https:\/\/dhg1h5j42swfq.cloudfront.net\/2025\/06\/03203428\/logo_concursos-1.jpg","width":230,"height":60,"caption":"Estrat\u00e9gia Concursos"},"image":{"@id":"https:\/\/www.estrategiaconcursos.com.br\/blog\/#\/schema\/logo\/image\/"},"sameAs":["https:\/\/x.com\/EstratConcursos"]},{"@type":"Person","@id":"https:\/\/www.estrategiaconcursos.com.br\/blog\/#\/schema\/person\/75dcd757b9d160f278f7513e9964e3b8","name":"Priscila Ferreira","image":{"@type":"ImageObject","inLanguage":"pt-BR","@id":"https:\/\/secure.gravatar.com\/avatar\/e8eec4f3a7f5e57631cb11a38fe3ce4b99c1efe7d24b59d6c3433c374d04a68c?s=96&d=mm&r=g","url":"https:\/\/secure.gravatar.com\/avatar\/e8eec4f3a7f5e57631cb11a38fe3ce4b99c1efe7d24b59d6c3433c374d04a68c?s=96&d=mm&r=g","contentUrl":"https:\/\/secure.gravatar.com\/avatar\/e8eec4f3a7f5e57631cb11a38fe3ce4b99c1efe7d24b59d6c3433c374d04a68c?s=96&d=mm&r=g","caption":"Priscila Ferreira"},"url":"https:\/\/www.estrategiaconcursos.com.br\/blog\/author\/prof-prisfergmail-com\/"}]}},"_links":{"self":[{"href":"https:\/\/www.estrategiaconcursos.com.br\/blog\/wp-json\/wp\/v2\/posts\/107981","targetHints":{"allow":["GET"]}}],"collection":[{"href":"https:\/\/www.estrategiaconcursos.com.br\/blog\/wp-json\/wp\/v2\/posts"}],"about":[{"href":"https:\/\/www.estrategiaconcursos.com.br\/blog\/wp-json\/wp\/v2\/types\/post"}],"author":[{"embeddable":true,"href":"https:\/\/www.estrategiaconcursos.com.br\/blog\/wp-json\/wp\/v2\/users\/545"}],"replies":[{"embeddable":true,"href":"https:\/\/www.estrategiaconcursos.com.br\/blog\/wp-json\/wp\/v2\/comments?post=107981"}],"version-history":[{"count":12,"href":"https:\/\/www.estrategiaconcursos.com.br\/blog\/wp-json\/wp\/v2\/posts\/107981\/revisions"}],"predecessor-version":[{"id":372149,"href":"https:\/\/www.estrategiaconcursos.com.br\/blog\/wp-json\/wp\/v2\/posts\/107981\/revisions\/372149"}],"wp:featuredmedia":[{"embeddable":true,"href":"https:\/\/www.estrategiaconcursos.com.br\/blog\/wp-json\/wp\/v2\/media\/182668"}],"wp:attachment":[{"href":"https:\/\/www.estrategiaconcursos.com.br\/blog\/wp-json\/wp\/v2\/media?parent=107981"}],"wp:term":[{"taxonomy":"category","embeddable":true,"href":"https:\/\/www.estrategiaconcursos.com.br\/blog\/wp-json\/wp\/v2\/categories?post=107981"},{"taxonomy":"post_tag","embeddable":true,"href":"https:\/\/www.estrategiaconcursos.com.br\/blog\/wp-json\/wp\/v2\/tags?post=107981"},{"taxonomy":"tax_estado","embeddable":true,"href":"https:\/\/www.estrategiaconcursos.com.br\/blog\/wp-json\/wp\/v2\/tax_estado?post=107981"}],"curies":[{"name":"wp","href":"https:\/\/api.w.org\/{rel}","templated":true}]}}