{"id":1078338,"date":"2022-12-06T09:00:00","date_gmt":"2022-12-06T12:00:00","guid":{"rendered":"https:\/\/www.estrategiaconcursos.com.br\/blog\/?p=1078338"},"modified":"2024-03-15T11:11:28","modified_gmt":"2024-03-15T14:11:28","slug":"concurso-prefeitura-amparo-sp","status":"publish","type":"post","link":"https:\/\/www.estrategiaconcursos.com.br\/blog\/concurso-prefeitura-amparo-sp\/","title":{"rendered":"Concurso Amparo SP: provas aplicadas; veja os gabaritos!"},"content":{"rendered":"\n<p>Os candidatos do concurso <strong>Prefeitura de Amparo<\/strong>, munic\u00edpio do estado de S\u00e3o Paulo, foram avaliados por meio de provas no dia 04 de dezembro. Com isso, confira os gabaritos j\u00e1 divulgados:<\/p>\n\n\n\n<ul class=\"wp-block-list\"><li><strong><a href=\"https:\/\/dhg1h5j42swfq.cloudfront.net\/2022\/12\/06090129\/x9dytisokkwjjp8bmgnexkcvfv8pqcmwlgzwinfa.pdf\" target=\"_blank\" rel=\"noreferrer noopener nofollow\">Gabaritos preliminares<\/a><\/strong><\/li><\/ul>\n\n\n\n<p>Aos interessados, o per\u00edodo para interposi\u00e7\u00e3o de recursos estar\u00e1 aberto at\u00e9 \u00e0s 16h do dia 06 de dezembro, diretamente pelo site da banca, <strong>Avan\u00e7a SP<\/strong>.<\/p>\n\n\n\n<p>Ao todo, est\u00e3o na disputa 66 vagas imediatas mais cadastro reserva para cargos de n\u00edveis fundamental, m\u00e9dio, t\u00e9cnico e superior. J\u00e1 os sal\u00e1rios iniciais podem chegar a R$ 13.040,86, dependendo da fun\u00e7\u00e3o desejada.<\/p>\n\n\n\n<ul class=\"has-very-light-gray-to-cyan-bluish-gray-gradient-background has-background wp-block-list\"><li><strong>Prefeitura Municipal de Amparo &#8211; SP<\/strong><\/li><li><strong style=\"color: initial;\">Status:&nbsp;<\/strong>provas aplicadas<\/li><li><strong>Banca:<\/strong>&nbsp;<a href=\"https:\/\/www.avancasp.org.br\/informacoes\/38\/\" target=\"_blank\" rel=\"noreferrer noopener\">AVAN\u00c7ASP<\/a><\/li><li><strong>Vagas:<\/strong> 66 + CR<\/li><li><strong>Sal\u00e1rio:<\/strong>&nbsp;R$ 1.320,00 a R$ 13.040,86<\/li><li><strong>Edital<\/strong>:&nbsp;<a href=\"https:\/\/dhg1h5j42swfq.cloudfront.net\/2022\/08\/16082026\/qthlpnegnw1nosrebmzuap4fbr9gczk26akitqjh.pdf\" target=\"_blank\" rel=\"noreferrer noopener nofollow\">Amparo SP 2022<\/a><\/li><\/ul>\n\n\n\n<p>Ao longo deste artigo trouxemos mais informa\u00e7\u00f5es sobre o Concurso Amparo. Acompanhe atrav\u00e9s dos t\u00f3picos abaixo:<\/p>\n\n\n\n<ul class=\"wp-block-list\" id=\"indice\"><li><a href=\"#vagas\">Distribui\u00e7\u00e3o das vagas<\/a><ul><li><a href=\"#fundamental\">N\u00edvel fundamental<\/a><\/li><li><a href=\"#medio\">N\u00edvel m\u00e9dio<\/a><\/li><li><a href=\"#superior\">N\u00edvel superior<\/a><\/li><\/ul><\/li><li><a href=\"#etapas\">Etapas<\/a><ul><li><a href=\"#objetiva\">Prova objetiva<\/a><\/li><li><a href=\"#demais\">Demais etapas<\/a><\/li><\/ul><\/li><li><a href=\"#assinatura-e-cursos\">Assinatura e cursos<\/a><\/li><li><a href=\"#ficha\">Ficha t\u00e9cnica<\/a><\/li><\/ul>\n\n\n\n<div class=\"container\" id=\"boxes\">\n  <div class=\"row\">\n\n    <div class=\"col-sm\">\n      <div class=\"banner-estrategia\" id=\"box-assinatura\">\n        <h3 class=\"titulo-assinatura\">Prefeitura de Amparo<\/h3>\n        <p class=\"subtitulo-assinatura\">Estude conosco<\/p>\n        <div class=\"box-botao\">\n          <a class=\"btn-assinatura\" target=\"_blank\" href=\"https:\/\/www.estrategiaconcursos.com.br\/cursos\/concurso\/\" role=\"button\" rel=\"noopener noreferrer\">Conhe\u00e7a os cursos<\/a>\n        <\/div>\n      <\/div>\n    \n    <\/div>\n\n  <\/div>\n<\/div>\n\n\n\n<h2 class=\"wp-block-heading\" id=\"vagas\">Concurso Amparo: distribui\u00e7\u00e3o das vagas<\/h2>\n\n\n\n<p>Confira abaixo a distribui\u00e7\u00e3o de vagas do novo concurso Amparo:<\/p>\n\n\n\n<h3 class=\"wp-block-heading\" id=\"fundamental\">N\u00edvel fundamental<\/h3>\n\n\n\n<ul class=\"wp-block-list\"><li><strong>Dire\u00e7\u00e3o Veicular &#8211; I: <\/strong>01 vaga + CR (R$ 1.320,00);<\/li><li><strong>Dire\u00e7\u00e3o Veicular &#8211; III (Ambul\u00e2ncia): <\/strong>01 vaga + CR (R$ 1.555,46);<\/li><li><strong>Opera\u00e7\u00e3o de M\u00e1quinas: <\/strong>01 vaga + CR (R$ 1.555,46);<\/li><li><strong>Servi\u00e7os Gerais: <\/strong>10 vagas + CR (R$ 1.320,00).<\/li><\/ul>\n\n\n\n<h3 class=\"wp-block-heading\" id=\"medio\">N\u00edvel m\u00e9dio<\/h3>\n\n\n\n<ul class=\"wp-block-list\"><li><strong>Administra\u00e7\u00e3o Geral: <\/strong>10 vagas + CR (R$ 1.555,46);<\/li><li><strong>Agente Comunit\u00e1rio de Sa\u00fade: <\/strong>CR (R$ 1.782,50);<\/li><li><strong>Agente de Tr\u00e2nsito: <\/strong>01 vaga + CR (R$ 1.394,48);<\/li><li><strong>Auxiliar em Sa\u00fade Bucal: <\/strong>01 vaga + CR (R$ 1.341,39);<\/li><li><strong>Desenho e CAD: <\/strong>01 vaga + CR (R$ 1.362,13);<\/li><li><strong>Educador de Creche: <\/strong>05 vagas + CR (R$ 1.320,00);<\/li><li><strong>Guarda Civil Municipal: <\/strong>10 vagas + CR (R$&nbsp;2.085,62);<\/li><li><strong>Inspe\u00e7\u00e3o Escolar: <\/strong>01 vaga + CR (R$ 1.320,00);<\/li><li><strong>Projetos e Edifica\u00e7\u00f5es: <\/strong>01 vaga + CR (R$ 2.160,34);<\/li><li><strong>T\u00e9cnica de Enfermagem de PSF: <\/strong>01 vaga + CR (R$ 2.160,34);<\/li><li><strong>T\u00e9cnica de Enfermagem do Trabalho: <\/strong>01 vaga + CR (R$ 1.555,46);<\/li><li><strong>Topografia: <\/strong>01 vaga + CR (R$ 2.160,34).<\/li><\/ul>\n\n\n\n<h3 class=\"wp-block-heading\" id=\"superior\">N\u00edvel superior<\/h3>\n\n\n\n<ul class=\"wp-block-list\"><li><strong>Analista de Recursos Humanos: <\/strong>01 vaga + CR (R$ 3.740,68);<\/li><li><strong>Analista de Tecnologia da Informa\u00e7\u00e3o: <\/strong>01 vaga + CR (R$ 3.740,68);<\/li><li><strong>Arquitetura e Urbanismo: <\/strong>01 vaga + CR (R$ 6.346,17);<\/li><li><strong>Assessor T\u00e9cnico Jur\u00eddico:<\/strong> CR (R$ 9.519,27);<\/li><li><strong>Contabilidade P\u00fablica: <\/strong>01 vaga + CR (R$&nbsp;4.637,09);<\/li><li><strong>Controladoria: <\/strong>01 vaga + CR (R$&nbsp;4.637,09);<\/li><li><strong>Diretor de Escola: <\/strong>01 vaga + CR (R$&nbsp;3.570,40);<\/li><li><strong>Enfermagem: <\/strong>CR (R$&nbsp;3.672,57);<\/li><li><strong>Enfermagem PSF: <\/strong>CR (R$&nbsp;5.400,85);<\/li><li><strong>Engenharia Civil: <\/strong>CR (R$&nbsp;6.346,17);<\/li><li><strong>Engenharia El\u00e9trica: <\/strong>01 vaga + CR (R$&nbsp;6.346,17);<\/li><li><strong>Engenharia Ambiental: <\/strong>01 vaga + CR (R$&nbsp;6.346,17);<\/li><li><strong>M\u00e9dico (v\u00e1rias especialidades): <\/strong>01 vaga + CR (R$&nbsp;6.346,17 a R$ 13.040,86);<\/li><li><strong>Farm\u00e1cia e Bioqu\u00edmica: <\/strong>01 vaga + CR (R$&nbsp;4.407,10);<\/li><li><strong>Fisioterapia: <\/strong>01 vaga + CR (R$&nbsp;2.754,43);<\/li><li><strong>Fonoaudiologia: <\/strong>01 vaga + CR (R$&nbsp;2.754,43);<\/li><li><strong>Medicina do Trabalho: <\/strong>01 vaga + CR (R$&nbsp;6.346,17);<\/li><li><strong>PAEB &#8211; Professor Adjunto de Educa\u00e7\u00e3o B\u00e1sica: <\/strong>01 vaga + CR (R$ 1.907,69 a R$ 3.020,51);<\/li><li><strong>PEB I \u2013 Professor de Educa\u00e7\u00e3o B\u00e1sica I: <\/strong>01 vaga + CR (R$ 1.907,69 a R$ 3.020,51);<\/li><li><strong>PEB II \u2013 Professor de Educa\u00e7\u00e3o B\u00e1sica II \u2013 Educa\u00e7\u00e3o F\u00edsica: <\/strong>01 vaga + CR (R$ 1.907,69 a R$ 3.179,48);<\/li><li><strong>Psicologia: <\/strong>01 vaga + CR (R$&nbsp;3.672,57);<\/li><li><strong>Servi\u00e7o Social: <\/strong>01 vaga + CR (R$&nbsp;3.672,57);<\/li><li><strong>Terapia Ocupacional: <\/strong>01 vaga + CR (R$&nbsp;2.754,43);<\/li><li><strong>Turism\u00f3logo: <\/strong>01 vaga + CR (R$&nbsp;3.740,68).<\/li><\/ul>\n\n\n\n<h2 class=\"wp-block-heading\" id=\"etapas\">Concurso Amparo: etapas <\/h2>\n\n\n\n<p>O concurso da Prefeitura de Amparo constar\u00e1 das seguintes fases:<\/p>\n\n\n\n<ul class=\"wp-block-list\"><li><strong>Para os cargos de Diretor de Escola e Professor (todos):<\/strong><ul><li>a) Prova Objetiva e;<\/li><li>b) Prova de T\u00edtulos.<\/li><\/ul><\/li><\/ul>\n\n\n\n<ul class=\"wp-block-list\"><li><strong>Para os cargos de Dire\u00e7\u00e3o Veicular III (Ambul\u00e2ncia) e Opera\u00e7\u00e3o de M\u00e1quinas:<\/strong><ul><li>a) Prova Objetiva e;<\/li><li>b) Prova Pr\u00e1tica.<\/li><\/ul><\/li><\/ul>\n\n\n\n<ul class=\"wp-block-list\"><li><strong>Para o cargo de Guarda Civil Municipal (Feminino e Masculino):<\/strong><ul><li>a) Prova Objetiva;<\/li><li>b) Teste Antropom\u00e9trico e Teste de Aptid\u00e3o F\u00edsica;<\/li><li>c) Avalia\u00e7\u00e3o Psicol\u00f3gica Espec\u00edfica e Exame M\u00e9dico Espec\u00edfico;<\/li><li>d) Investiga\u00e7\u00e3o Social (realizada pela PREFEITURA);<\/li><li>e) Programa de Forma\u00e7\u00e3o (realizado pela PREFEITURA).<\/li><\/ul><\/li><\/ul>\n\n\n\n<ul class=\"wp-block-list\"><li><strong>Para o cargo de Agente Comunit\u00e1rio de Sa\u00fade:<\/strong><ul><li>a) Prova Objetiva e;<\/li><li>b) Curso de Forma\u00e7\u00e3o Inicial (realizado pela PREFEITURA).<\/li><\/ul><\/li><\/ul>\n\n\n\n<ul class=\"wp-block-list\"><li><strong>Para os demais empregos:<\/strong> <ul><li>a) Prova Objetiva;<\/li><\/ul><\/li><\/ul>\n\n\n\n<h3 class=\"wp-block-heading\" id=\"prova\">Prova objetiva <\/h3>\n\n\n\n<p>As provas objetivas para todos os empregos tiveram o car\u00e1ter <strong>eliminat\u00f3rio e classificat\u00f3rio<\/strong>, exceto para os empregos M\u00e9dicos (todas as especialidades) e Medicina do Trabalho, cujo car\u00e1ter foi apenas <strong>classificat\u00f3rio<\/strong>, e constaram de <strong>quest\u00f5es de m\u00faltipla escolha<\/strong>, com cinco alternativas cada uma. <\/p>\n\n\n\n<figure class=\"wp-block-image aligncenter size-large\"><img loading=\"lazy\" decoding=\"async\" width=\"538\" height=\"1024\" src=\"https:\/\/dhg1h5j42swfq.cloudfront.net\/2022\/08\/16085205\/prova-538x1024.png\" alt=\"Prova objetiva do concurso Amparo\" class=\"wp-image-1078389\" srcset=\"https:\/\/dhg1h5j42swfq.cloudfront.net\/2022\/08\/16085205\/prova-538x1024.png 538w, https:\/\/dhg1h5j42swfq.cloudfront.net\/2022\/08\/16085205\/prova-158x300.png 158w, https:\/\/dhg1h5j42swfq.cloudfront.net\/2022\/08\/16085205\/prova-610x1161.png 610w, https:\/\/dhg1h5j42swfq.cloudfront.net\/2022\/08\/16085205\/prova-150x286.png 150w, https:\/\/dhg1h5j42swfq.cloudfront.net\/2022\/08\/16085205\/prova.png 685w\" sizes=\"auto, (max-width: 538px) 100vw, 538px\" \/><\/figure>\n\n\n\n<h3 class=\"wp-block-heading\" id=\"demais\">Demais etapas<\/h3>\n\n\n\n<p><strong>Prova de t\u00edtulos:<\/strong> os candidatos aos cargos de Diretor de Escola e Professor (todos), que possu\u00edrem t\u00edtulo na dever\u00e3o enviar o documento comprobat\u00f3rio, de acordo com os crit\u00e9rios estabelecidos no edital.<\/p>\n\n\n\n<p><strong>Prova pr\u00e1tica:<\/strong> a etapa visa a avaliar a capacidade do candidato de desempenhar tarefas relacionadas as atribui\u00e7\u00f5es inerentes ao emprego pertinente.<\/p>\n\n\n\n<p><strong>Teste antropom\u00e9trico: <\/strong>o teste consistir\u00e1 na aferi\u00e7\u00e3o de altura exigida para o cargo de Guarda Civil<br \/>Municipal.<\/p>\n\n\n\n<p><strong>Teste de aptid\u00e3o f\u00edsica:<\/strong> o teste visa avaliar a capacidade do candidato para suportar, f\u00edsica e organicamente, as exig\u00eancias para desempenhar as tarefas t\u00edpicas da categoria funcional:<br \/>       &#8211; Corrida de 50 metros;<br \/>       &#8211; Corrida de 12 minutos;<br \/>       &#8211; Flex\u00e3o de bra\u00e7o;<br \/>       &#8211; Flex\u00e3o abdominal;<\/p>\n\n\n\n<p><strong>Teste de aptid\u00e3o f\u00edsica:<\/strong> o teste visa avaliar a capacidade do candidato para suportar, f\u00edsica e organicamente, as exig\u00eancias para desempenhar as tarefas t\u00edpicas da categoria funcional.<\/p>\n\n\n\n<p><strong>Avalia\u00e7\u00e3o psicol\u00f3gica espec\u00edfica:<\/strong> avalia\u00e7\u00e3o para Porte de Arma de Fogo, emitida por psic\u00f3logo credenciado na Pol\u00edcia Federal.<\/p>\n\n\n\n<p><strong>Exame m\u00e9dico espec\u00edfico:<\/strong> exame antidrogas (toxicol\u00f3gico) e neurol\u00f3gico (com eletroencefalograma).<\/p>\n\n\n\n<p><strong>Investiga\u00e7\u00e3o Social:<\/strong> verificar\u00e1 a conduta irrepreens\u00edvel e a idoneidade moral necess\u00e1rias ao exerc\u00edcio do emprego objeto deste certame.<\/p>\n\n\n\n<p><strong>Programa de forma\u00e7\u00e3o &#8211; Guarda Municipal:<\/strong> a etapa \u00e9 obrigat\u00f3rio e ter\u00e1 dura\u00e7\u00e3o de at\u00e9 6 meses, com carga hor\u00e1ria di\u00e1ria de at\u00e9 6 horas, n\u00e3o caracterizando como v\u00ednculo empregat\u00edcio, e ser\u00e1 custeado pela Administra\u00e7\u00e3o Municipal, sendo sua aprova\u00e7\u00e3o condi\u00e7\u00e3o indispens\u00e1vel \u00e0 posse no cargo de Guarda Civil Municipal.<\/p>\n\n\n\n<p><strong>Curso de forma\u00e7\u00e3o inicial &#8211; Agente Comunit\u00e1rio:<\/strong> a etapa \u00e9 obrigat\u00f3ria e ter\u00e1 dura\u00e7\u00e3o de 40 horas, n\u00e3o caracterizando como v\u00ednculo empregat\u00edcio, sendo sua aprova\u00e7\u00e3o condi\u00e7\u00e3o indispens\u00e1vel \u00e0 posse no cargo de Agente Comunit\u00e1rio de Sa\u00fade.<\/p>\n\n\n\n<hr class=\"wp-block-separator has-css-opacity\"\/>\n\n\n\n<h2 class=\"has-text-align-center wp-block-heading\" id=\"assinatura-e-cursos\"><em>Quer estudar para o concurso Amparo?<\/em><\/h2>\n\n\n\n<div class=\"container\" id=\"boxes\">\n  <div class=\"row\">\n\n    <div class=\"col-sm\">\n      <div class=\"banner-estrategia\" id=\"box-assinatura\">\n        <h3 class=\"titulo-assinatura\">Prefeitura de Amparo<\/h3>\n        <p class=\"subtitulo-assinatura\">Estude conosco<\/p>\n        <div class=\"box-botao\">\n          <a class=\"btn-assinatura\" target=\"_blank\" href=\"https:\/\/www.estrategiaconcursos.com.br\/cursos\/concurso\/\" role=\"button\" rel=\"noopener noreferrer\">Conhe\u00e7a os cursos<\/a>\n        <\/div>\n      <\/div>\n    \n    <\/div>\n\n  <\/div>\n<\/div>\n\n\n\n<div class=\"container\" id=\"boxes\">\n  <div class=\"row\">\n\n    <div class=\"col-sm\">\n      <div class=\"estrategia\" id=\"box-assinatura\">\n        <h3 class=\"titulo-assinatura\">Assinatura Concursos<\/h3>\n        <p class=\"subtitulo-assinatura\">Assinatura de 1 ano ou 2 anos<\/p>\n        <div class=\"box-botao\">\n          <a class=\"btn-assinatura\" target=\"_blank\" href=\"https:\/\/www.estrategiaconcursos.com.br\/assinaturas\/\" role=\"button\" rel=\"noopener noreferrer\">ASSINE AGORA<\/a>\n        <\/div>\n      <\/div><\/div><\/div><\/div>\n\n\n\n<h2 class=\"has-text-align-center wp-block-heading\" id=\"h-quer-saber-tudo-sobre-concursos-previstos-confira-nossos-artigos\">Quer saber tudo sobre concursos previstos?<br \/>Confira nossos artigos!<\/h2>\n\n\n\n<ul class=\"wp-block-list\"><li><a href=\"https:\/\/www.estrategiaconcursos.com.br\/blog\/concursos-abertos\/\" target=\"_blank\" rel=\"noreferrer noopener\">Concursos Abertos<\/a><\/li><li><a href=\"https:\/\/www.estrategiaconcursos.com.br\/blog\/concursos-2023\/\" target=\"_blank\" rel=\"noreferrer noopener\">Concursos 2023<\/a><\/li><\/ul>\n\n\n\n<figure class=\"wp-block-image size-large is-resized\"><img loading=\"lazy\" decoding=\"async\" src=\"https:\/\/dhg1h5j42swfq.cloudfront.net\/2021\/06\/17094429\/ficha-tecnica-3-1024x632.png\" alt=\"Ficha t\u00e9cnica Concurso Amparo\" class=\"wp-image-769350\" width=\"272\" height=\"168\" srcset=\"https:\/\/dhg1h5j42swfq.cloudfront.net\/2021\/06\/17094429\/ficha-tecnica-3-1024x632.png 1024w, https:\/\/dhg1h5j42swfq.cloudfront.net\/2021\/06\/17094429\/ficha-tecnica-3-300x185.png 300w, https:\/\/dhg1h5j42swfq.cloudfront.net\/2021\/06\/17094429\/ficha-tecnica-3-768x474.png 768w, https:\/\/dhg1h5j42swfq.cloudfront.net\/2021\/06\/17094429\/ficha-tecnica-3-1536x948.png 1536w, https:\/\/dhg1h5j42swfq.cloudfront.net\/2021\/06\/17094429\/ficha-tecnica-3-610x377.png 610w, https:\/\/dhg1h5j42swfq.cloudfront.net\/2021\/06\/17094429\/ficha-tecnica-3.png 1571w\" sizes=\"auto, (max-width: 272px) 100vw, 272px\" \/><\/figure>\n\n\n\n<h3 class=\"wp-block-heading\" id=\"ficha\">\u2666 Informa\u00e7\u00f5es do concurso Amparo-SP<\/h3>\n\n\n\n<ul class=\"wp-block-list\"><li><strong>Data da prova<\/strong>: <s>04\/12\/2022<\/s><\/li><li><strong>Vagas:&nbsp;<\/strong>66 + CR<\/li><li><strong>Cargos:&nbsp;<\/strong>V\u00e1rios<\/li><li><strong>Banca:&nbsp;<\/strong>AVAN\u00c7ASP<\/li><li><strong>Escolaridade<\/strong>: n\u00edveis fundamental, m\u00e9dio e superior<\/li><li><strong>Edital:<\/strong> <a href=\"https:\/\/dhg1h5j42swfq.cloudfront.net\/2022\/08\/16082026\/qthlpnegnw1nosrebmzuap4fbr9gczk26akitqjh.pdf\" target=\"_blank\" rel=\"noreferrer noopener nofollow\">Amparo SP 2022<\/a> | <a href=\"https:\/\/dhg1h5j42swfq.cloudfront.net\/2022\/08\/25074155\/jxsghecmzlnwdxtg6gxhvje4nxjculyz5zi9ihea.pdf\" target=\"_blank\" rel=\"noreferrer noopener nofollow\">Retifica\u00e7\u00e3o<\/a><\/li><\/ul>\n","protected":false},"excerpt":{"rendered":"<p>Os candidatos do concurso Prefeitura de Amparo, munic\u00edpio do estado de S\u00e3o Paulo, foram avaliados por meio de provas no dia 04 de dezembro. Com isso, confira os gabaritos j\u00e1 divulgados: Gabaritos preliminares Aos interessados, o per\u00edodo para interposi\u00e7\u00e3o de recursos estar\u00e1 aberto at\u00e9 \u00e0s 16h do dia 06 de dezembro, diretamente pelo site da [&hellip;]<\/p>\n","protected":false},"author":1,"featured_media":1079340,"comment_status":"open","ping_status":"closed","sticky":false,"template":"","format":"standard","meta":{"post_tipo":"news_page","footnotes":""},"categories":[214992],"tags":[],"tax_estado":[219989],"class_list":["post-1078338","post","type-post","status-publish","format-standard","has-post-thumbnail","hentry","category-concursos-administrativos","tax_estado-sp"],"acf":[],"yoast_head":"<!-- This site is optimized with the Yoast SEO Premium plugin v27.2 (Yoast SEO v27.2) - https:\/\/yoast.com\/product\/yoast-seo-premium-wordpress\/ -->\n<title>Concurso Amparo SP: provas aplicadas; veja os gabaritos!<\/title>\n<meta name=\"description\" content=\"Concurso Prefeitura de Amparo SP: provas aplicadas em 04\/12. Com isso, veja os gabaritos! S\u00e3o 66 vagas + CR em diversos cargos.\" \/>\n<meta name=\"robots\" content=\"index, follow, max-snippet:-1, max-image-preview:large, max-video-preview:-1\" \/>\n<link rel=\"canonical\" href=\"https:\/\/www.estrategiaconcursos.com.br\/blog\/concurso-prefeitura-amparo-sp\/\" \/>\n<meta property=\"og:locale\" content=\"pt_BR\" \/>\n<meta property=\"og:type\" content=\"article\" \/>\n<meta property=\"og:title\" content=\"Concurso Amparo SP: provas aplicadas; veja os gabaritos!\" \/>\n<meta property=\"og:description\" content=\"Concurso Prefeitura de Amparo SP: provas aplicadas em 04\/12. Com isso, veja os gabaritos! S\u00e3o 66 vagas + CR em diversos cargos.\" \/>\n<meta property=\"og:url\" content=\"https:\/\/www.estrategiaconcursos.com.br\/blog\/concurso-prefeitura-amparo-sp\/\" \/>\n<meta property=\"og:site_name\" content=\"Estrat\u00e9gia Concursos\" \/>\n<meta property=\"article:author\" content=\"https:\/\/www.facebook.com\/EstrategiaConcursos\" \/>\n<meta property=\"article:published_time\" content=\"2022-12-06T12:00:00+00:00\" \/>\n<meta property=\"article:modified_time\" content=\"2024-03-15T14:11:28+00:00\" \/>\n<meta property=\"og:image\" content=\"https:\/\/dhg1h5j42swfq.cloudfront.net\/2022\/08\/17105928\/prefeitura_de_amparo_sp.jpg\" \/>\n\t<meta property=\"og:image:width\" content=\"768\" \/>\n\t<meta property=\"og:image:height\" content=\"432\" \/>\n\t<meta property=\"og:image:type\" content=\"image\/jpeg\" \/>\n<meta name=\"author\" content=\"Coordena\u00e7\u00e3o\" \/>\n<meta name=\"twitter:card\" content=\"summary_large_image\" \/>\n<meta name=\"twitter:creator\" content=\"@EstratConcursos\" \/>\n<meta name=\"twitter:site\" content=\"@EstratConcursos\" \/>\n<meta name=\"twitter:label1\" content=\"Escrito por\" \/>\n\t<meta name=\"twitter:data1\" content=\"Coordena\u00e7\u00e3o\" \/>\n\t<meta name=\"twitter:label2\" content=\"Est. tempo de leitura\" \/>\n\t<meta name=\"twitter:data2\" content=\"5 minutos\" \/>\n<script type=\"application\/ld+json\" class=\"yoast-schema-graph\">{\"@context\":\"https:\/\/schema.org\",\"@graph\":[{\"@type\":\"NewsArticle\",\"@id\":\"https:\/\/www.estrategiaconcursos.com.br\/blog\/concurso-prefeitura-amparo-sp\/#article\",\"isPartOf\":{\"@id\":\"https:\/\/www.estrategiaconcursos.com.br\/blog\/concurso-prefeitura-amparo-sp\/\"},\"author\":{\"name\":\"Coordena\u00e7\u00e3o\",\"@id\":\"https:\/\/www.estrategiaconcursos.com.br\/blog\/#\/schema\/person\/b4a388c97673c5f483d72185668afa1f\"},\"headline\":\"Concurso Amparo SP: provas aplicadas; veja os gabaritos!\",\"datePublished\":\"2022-12-06T12:00:00+00:00\",\"dateModified\":\"2024-03-15T14:11:28+00:00\",\"mainEntityOfPage\":{\"@id\":\"https:\/\/www.estrategiaconcursos.com.br\/blog\/concurso-prefeitura-amparo-sp\/\"},\"wordCount\":1090,\"commentCount\":0,\"publisher\":{\"@id\":\"https:\/\/www.estrategiaconcursos.com.br\/blog\/#organization\"},\"image\":{\"@id\":\"https:\/\/www.estrategiaconcursos.com.br\/blog\/concurso-prefeitura-amparo-sp\/#primaryimage\"},\"thumbnailUrl\":\"https:\/\/dhg1h5j42swfq.cloudfront.net\/2022\/08\/17105928\/prefeitura_de_amparo_sp.jpg\",\"articleSection\":[\"Executivo (Administrativa)\"],\"inLanguage\":\"pt-BR\",\"potentialAction\":[{\"@type\":\"CommentAction\",\"name\":\"Comment\",\"target\":[\"https:\/\/www.estrategiaconcursos.com.br\/blog\/concurso-prefeitura-amparo-sp\/#respond\"]}],\"copyrightYear\":\"2022\",\"copyrightHolder\":{\"@id\":\"https:\/\/www.estrategiaconcursos.com.br\/blog\/#organization\"}},{\"@type\":\"WebPage\",\"@id\":\"https:\/\/www.estrategiaconcursos.com.br\/blog\/concurso-prefeitura-amparo-sp\/\",\"url\":\"https:\/\/www.estrategiaconcursos.com.br\/blog\/concurso-prefeitura-amparo-sp\/\",\"name\":\"Concurso Amparo SP: provas aplicadas; veja os gabaritos!\",\"isPartOf\":{\"@id\":\"https:\/\/www.estrategiaconcursos.com.br\/blog\/#website\"},\"primaryImageOfPage\":{\"@id\":\"https:\/\/www.estrategiaconcursos.com.br\/blog\/concurso-prefeitura-amparo-sp\/#primaryimage\"},\"image\":{\"@id\":\"https:\/\/www.estrategiaconcursos.com.br\/blog\/concurso-prefeitura-amparo-sp\/#primaryimage\"},\"thumbnailUrl\":\"https:\/\/dhg1h5j42swfq.cloudfront.net\/2022\/08\/17105928\/prefeitura_de_amparo_sp.jpg\",\"datePublished\":\"2022-12-06T12:00:00+00:00\",\"dateModified\":\"2024-03-15T14:11:28+00:00\",\"description\":\"Concurso Prefeitura de Amparo SP: provas aplicadas em 04\/12. Com isso, veja os gabaritos! S\u00e3o 66 vagas + CR em diversos cargos.\",\"breadcrumb\":{\"@id\":\"https:\/\/www.estrategiaconcursos.com.br\/blog\/concurso-prefeitura-amparo-sp\/#breadcrumb\"},\"inLanguage\":\"pt-BR\",\"potentialAction\":[{\"@type\":\"ReadAction\",\"target\":[\"https:\/\/www.estrategiaconcursos.com.br\/blog\/concurso-prefeitura-amparo-sp\/\"]}]},{\"@type\":\"ImageObject\",\"inLanguage\":\"pt-BR\",\"@id\":\"https:\/\/www.estrategiaconcursos.com.br\/blog\/concurso-prefeitura-amparo-sp\/#primaryimage\",\"url\":\"https:\/\/dhg1h5j42swfq.cloudfront.net\/2022\/08\/17105928\/prefeitura_de_amparo_sp.jpg\",\"contentUrl\":\"https:\/\/dhg1h5j42swfq.cloudfront.net\/2022\/08\/17105928\/prefeitura_de_amparo_sp.jpg\",\"width\":768,\"height\":432},{\"@type\":\"BreadcrumbList\",\"@id\":\"https:\/\/www.estrategiaconcursos.com.br\/blog\/concurso-prefeitura-amparo-sp\/#breadcrumb\",\"itemListElement\":[{\"@type\":\"ListItem\",\"position\":1,\"name\":\"In\u00edcio\",\"item\":\"https:\/\/www.estrategiaconcursos.com.br\/blog\/\"},{\"@type\":\"ListItem\",\"position\":2,\"name\":\"Concurso Amparo SP: provas aplicadas; veja os gabaritos!\"}]},{\"@type\":\"WebSite\",\"@id\":\"https:\/\/www.estrategiaconcursos.com.br\/blog\/#website\",\"url\":\"https:\/\/www.estrategiaconcursos.com.br\/blog\/\",\"name\":\"Estrat\u00e9gia Concursos\",\"description\":\"O blog da Estrat\u00e9gia Concursos traz not\u00edcias sobre concursos e artigos de professores oferecendo cursos para concursos (pdf + videaulas) no site.\",\"publisher\":{\"@id\":\"https:\/\/www.estrategiaconcursos.com.br\/blog\/#organization\"},\"potentialAction\":[{\"@type\":\"SearchAction\",\"target\":{\"@type\":\"EntryPoint\",\"urlTemplate\":\"https:\/\/www.estrategiaconcursos.com.br\/blog\/?s={search_term_string}\"},\"query-input\":{\"@type\":\"PropertyValueSpecification\",\"valueRequired\":true,\"valueName\":\"search_term_string\"}}],\"inLanguage\":\"pt-BR\"},{\"@type\":\"Organization\",\"@id\":\"https:\/\/www.estrategiaconcursos.com.br\/blog\/#organization\",\"name\":\"Estrat\u00e9gia Concursos\",\"url\":\"https:\/\/www.estrategiaconcursos.com.br\/blog\/\",\"logo\":{\"@type\":\"ImageObject\",\"inLanguage\":\"pt-BR\",\"@id\":\"https:\/\/www.estrategiaconcursos.com.br\/blog\/#\/schema\/logo\/image\/\",\"url\":\"https:\/\/dhg1h5j42swfq.cloudfront.net\/2025\/06\/03203428\/logo_concursos-1.jpg\",\"contentUrl\":\"https:\/\/dhg1h5j42swfq.cloudfront.net\/2025\/06\/03203428\/logo_concursos-1.jpg\",\"width\":230,\"height\":60,\"caption\":\"Estrat\u00e9gia Concursos\"},\"image\":{\"@id\":\"https:\/\/www.estrategiaconcursos.com.br\/blog\/#\/schema\/logo\/image\/\"},\"sameAs\":[\"https:\/\/x.com\/EstratConcursos\"]},{\"@type\":\"Person\",\"@id\":\"https:\/\/www.estrategiaconcursos.com.br\/blog\/#\/schema\/person\/b4a388c97673c5f483d72185668afa1f\",\"name\":\"Coordena\u00e7\u00e3o\",\"image\":{\"@type\":\"ImageObject\",\"inLanguage\":\"pt-BR\",\"@id\":\"https:\/\/secure.gravatar.com\/avatar\/b720319e4c9a967eb58678d110f4fe35452fc5d5f97b202bac7b8acceb18c6ad?s=96&d=mm&r=g\",\"url\":\"https:\/\/secure.gravatar.com\/avatar\/b720319e4c9a967eb58678d110f4fe35452fc5d5f97b202bac7b8acceb18c6ad?s=96&d=mm&r=g\",\"contentUrl\":\"https:\/\/secure.gravatar.com\/avatar\/b720319e4c9a967eb58678d110f4fe35452fc5d5f97b202bac7b8acceb18c6ad?s=96&d=mm&r=g\",\"caption\":\"Coordena\u00e7\u00e3o\"},\"sameAs\":[\"https:\/\/www.facebook.com\/EstrategiaConcursos\",\"https:\/\/x.com\/EstratConcursos\"],\"url\":\"https:\/\/www.estrategiaconcursos.com.br\/blog\/author\/estrategia2013\/\"}]}<\/script>\n<!-- \/ Yoast SEO Premium plugin. -->","yoast_head_json":{"title":"Concurso Amparo SP: provas aplicadas; veja os gabaritos!","description":"Concurso Prefeitura de Amparo SP: provas aplicadas em 04\/12. Com isso, veja os gabaritos! S\u00e3o 66 vagas + CR em diversos cargos.","robots":{"index":"index","follow":"follow","max-snippet":"max-snippet:-1","max-image-preview":"max-image-preview:large","max-video-preview":"max-video-preview:-1"},"canonical":"https:\/\/www.estrategiaconcursos.com.br\/blog\/concurso-prefeitura-amparo-sp\/","og_locale":"pt_BR","og_type":"article","og_title":"Concurso Amparo SP: provas aplicadas; veja os gabaritos!","og_description":"Concurso Prefeitura de Amparo SP: provas aplicadas em 04\/12. Com isso, veja os gabaritos! S\u00e3o 66 vagas + CR em diversos cargos.","og_url":"https:\/\/www.estrategiaconcursos.com.br\/blog\/concurso-prefeitura-amparo-sp\/","og_site_name":"Estrat\u00e9gia Concursos","article_author":"https:\/\/www.facebook.com\/EstrategiaConcursos","article_published_time":"2022-12-06T12:00:00+00:00","article_modified_time":"2024-03-15T14:11:28+00:00","og_image":[{"width":768,"height":432,"url":"https:\/\/dhg1h5j42swfq.cloudfront.net\/2022\/08\/17105928\/prefeitura_de_amparo_sp.jpg","type":"image\/jpeg"}],"author":"Coordena\u00e7\u00e3o","twitter_card":"summary_large_image","twitter_creator":"@EstratConcursos","twitter_site":"@EstratConcursos","twitter_misc":{"Escrito por":"Coordena\u00e7\u00e3o","Est. tempo de leitura":"5 minutos"},"schema":{"@context":"https:\/\/schema.org","@graph":[{"@type":"NewsArticle","@id":"https:\/\/www.estrategiaconcursos.com.br\/blog\/concurso-prefeitura-amparo-sp\/#article","isPartOf":{"@id":"https:\/\/www.estrategiaconcursos.com.br\/blog\/concurso-prefeitura-amparo-sp\/"},"author":{"name":"Coordena\u00e7\u00e3o","@id":"https:\/\/www.estrategiaconcursos.com.br\/blog\/#\/schema\/person\/b4a388c97673c5f483d72185668afa1f"},"headline":"Concurso Amparo SP: provas aplicadas; veja os gabaritos!","datePublished":"2022-12-06T12:00:00+00:00","dateModified":"2024-03-15T14:11:28+00:00","mainEntityOfPage":{"@id":"https:\/\/www.estrategiaconcursos.com.br\/blog\/concurso-prefeitura-amparo-sp\/"},"wordCount":1090,"commentCount":0,"publisher":{"@id":"https:\/\/www.estrategiaconcursos.com.br\/blog\/#organization"},"image":{"@id":"https:\/\/www.estrategiaconcursos.com.br\/blog\/concurso-prefeitura-amparo-sp\/#primaryimage"},"thumbnailUrl":"https:\/\/dhg1h5j42swfq.cloudfront.net\/2022\/08\/17105928\/prefeitura_de_amparo_sp.jpg","articleSection":["Executivo (Administrativa)"],"inLanguage":"pt-BR","potentialAction":[{"@type":"CommentAction","name":"Comment","target":["https:\/\/www.estrategiaconcursos.com.br\/blog\/concurso-prefeitura-amparo-sp\/#respond"]}],"copyrightYear":"2022","copyrightHolder":{"@id":"https:\/\/www.estrategiaconcursos.com.br\/blog\/#organization"}},{"@type":"WebPage","@id":"https:\/\/www.estrategiaconcursos.com.br\/blog\/concurso-prefeitura-amparo-sp\/","url":"https:\/\/www.estrategiaconcursos.com.br\/blog\/concurso-prefeitura-amparo-sp\/","name":"Concurso Amparo SP: provas aplicadas; veja os gabaritos!","isPartOf":{"@id":"https:\/\/www.estrategiaconcursos.com.br\/blog\/#website"},"primaryImageOfPage":{"@id":"https:\/\/www.estrategiaconcursos.com.br\/blog\/concurso-prefeitura-amparo-sp\/#primaryimage"},"image":{"@id":"https:\/\/www.estrategiaconcursos.com.br\/blog\/concurso-prefeitura-amparo-sp\/#primaryimage"},"thumbnailUrl":"https:\/\/dhg1h5j42swfq.cloudfront.net\/2022\/08\/17105928\/prefeitura_de_amparo_sp.jpg","datePublished":"2022-12-06T12:00:00+00:00","dateModified":"2024-03-15T14:11:28+00:00","description":"Concurso Prefeitura de Amparo SP: provas aplicadas em 04\/12. Com isso, veja os gabaritos! S\u00e3o 66 vagas + CR em diversos cargos.","breadcrumb":{"@id":"https:\/\/www.estrategiaconcursos.com.br\/blog\/concurso-prefeitura-amparo-sp\/#breadcrumb"},"inLanguage":"pt-BR","potentialAction":[{"@type":"ReadAction","target":["https:\/\/www.estrategiaconcursos.com.br\/blog\/concurso-prefeitura-amparo-sp\/"]}]},{"@type":"ImageObject","inLanguage":"pt-BR","@id":"https:\/\/www.estrategiaconcursos.com.br\/blog\/concurso-prefeitura-amparo-sp\/#primaryimage","url":"https:\/\/dhg1h5j42swfq.cloudfront.net\/2022\/08\/17105928\/prefeitura_de_amparo_sp.jpg","contentUrl":"https:\/\/dhg1h5j42swfq.cloudfront.net\/2022\/08\/17105928\/prefeitura_de_amparo_sp.jpg","width":768,"height":432},{"@type":"BreadcrumbList","@id":"https:\/\/www.estrategiaconcursos.com.br\/blog\/concurso-prefeitura-amparo-sp\/#breadcrumb","itemListElement":[{"@type":"ListItem","position":1,"name":"In\u00edcio","item":"https:\/\/www.estrategiaconcursos.com.br\/blog\/"},{"@type":"ListItem","position":2,"name":"Concurso Amparo SP: provas aplicadas; veja os gabaritos!"}]},{"@type":"WebSite","@id":"https:\/\/www.estrategiaconcursos.com.br\/blog\/#website","url":"https:\/\/www.estrategiaconcursos.com.br\/blog\/","name":"Estrat\u00e9gia Concursos","description":"O blog da Estrat\u00e9gia Concursos traz not\u00edcias sobre concursos e artigos de professores oferecendo cursos para concursos (pdf + videaulas) no site.","publisher":{"@id":"https:\/\/www.estrategiaconcursos.com.br\/blog\/#organization"},"potentialAction":[{"@type":"SearchAction","target":{"@type":"EntryPoint","urlTemplate":"https:\/\/www.estrategiaconcursos.com.br\/blog\/?s={search_term_string}"},"query-input":{"@type":"PropertyValueSpecification","valueRequired":true,"valueName":"search_term_string"}}],"inLanguage":"pt-BR"},{"@type":"Organization","@id":"https:\/\/www.estrategiaconcursos.com.br\/blog\/#organization","name":"Estrat\u00e9gia Concursos","url":"https:\/\/www.estrategiaconcursos.com.br\/blog\/","logo":{"@type":"ImageObject","inLanguage":"pt-BR","@id":"https:\/\/www.estrategiaconcursos.com.br\/blog\/#\/schema\/logo\/image\/","url":"https:\/\/dhg1h5j42swfq.cloudfront.net\/2025\/06\/03203428\/logo_concursos-1.jpg","contentUrl":"https:\/\/dhg1h5j42swfq.cloudfront.net\/2025\/06\/03203428\/logo_concursos-1.jpg","width":230,"height":60,"caption":"Estrat\u00e9gia Concursos"},"image":{"@id":"https:\/\/www.estrategiaconcursos.com.br\/blog\/#\/schema\/logo\/image\/"},"sameAs":["https:\/\/x.com\/EstratConcursos"]},{"@type":"Person","@id":"https:\/\/www.estrategiaconcursos.com.br\/blog\/#\/schema\/person\/b4a388c97673c5f483d72185668afa1f","name":"Coordena\u00e7\u00e3o","image":{"@type":"ImageObject","inLanguage":"pt-BR","@id":"https:\/\/secure.gravatar.com\/avatar\/b720319e4c9a967eb58678d110f4fe35452fc5d5f97b202bac7b8acceb18c6ad?s=96&d=mm&r=g","url":"https:\/\/secure.gravatar.com\/avatar\/b720319e4c9a967eb58678d110f4fe35452fc5d5f97b202bac7b8acceb18c6ad?s=96&d=mm&r=g","contentUrl":"https:\/\/secure.gravatar.com\/avatar\/b720319e4c9a967eb58678d110f4fe35452fc5d5f97b202bac7b8acceb18c6ad?s=96&d=mm&r=g","caption":"Coordena\u00e7\u00e3o"},"sameAs":["https:\/\/www.facebook.com\/EstrategiaConcursos","https:\/\/x.com\/EstratConcursos"],"url":"https:\/\/www.estrategiaconcursos.com.br\/blog\/author\/estrategia2013\/"}]}},"_links":{"self":[{"href":"https:\/\/www.estrategiaconcursos.com.br\/blog\/wp-json\/wp\/v2\/posts\/1078338","targetHints":{"allow":["GET"]}}],"collection":[{"href":"https:\/\/www.estrategiaconcursos.com.br\/blog\/wp-json\/wp\/v2\/posts"}],"about":[{"href":"https:\/\/www.estrategiaconcursos.com.br\/blog\/wp-json\/wp\/v2\/types\/post"}],"author":[{"embeddable":true,"href":"https:\/\/www.estrategiaconcursos.com.br\/blog\/wp-json\/wp\/v2\/users\/1"}],"replies":[{"embeddable":true,"href":"https:\/\/www.estrategiaconcursos.com.br\/blog\/wp-json\/wp\/v2\/comments?post=1078338"}],"version-history":[{"count":25,"href":"https:\/\/www.estrategiaconcursos.com.br\/blog\/wp-json\/wp\/v2\/posts\/1078338\/revisions"}],"predecessor-version":[{"id":1134953,"href":"https:\/\/www.estrategiaconcursos.com.br\/blog\/wp-json\/wp\/v2\/posts\/1078338\/revisions\/1134953"}],"wp:featuredmedia":[{"embeddable":true,"href":"https:\/\/www.estrategiaconcursos.com.br\/blog\/wp-json\/wp\/v2\/media\/1079340"}],"wp:attachment":[{"href":"https:\/\/www.estrategiaconcursos.com.br\/blog\/wp-json\/wp\/v2\/media?parent=1078338"}],"wp:term":[{"taxonomy":"category","embeddable":true,"href":"https:\/\/www.estrategiaconcursos.com.br\/blog\/wp-json\/wp\/v2\/categories?post=1078338"},{"taxonomy":"post_tag","embeddable":true,"href":"https:\/\/www.estrategiaconcursos.com.br\/blog\/wp-json\/wp\/v2\/tags?post=1078338"},{"taxonomy":"tax_estado","embeddable":true,"href":"https:\/\/www.estrategiaconcursos.com.br\/blog\/wp-json\/wp\/v2\/tax_estado?post=1078338"}],"curies":[{"name":"wp","href":"https:\/\/api.w.org\/{rel}","templated":true}]}}