{"id":1078258,"date":"2022-08-24T18:35:00","date_gmt":"2022-08-24T21:35:00","guid":{"rendered":"https:\/\/www.estrategiaconcursos.com.br\/blog\/?p=1078258"},"modified":"2022-11-09T16:44:14","modified_gmt":"2022-11-09T19:44:14","slug":"suspensao-contrato-trabalho","status":"publish","type":"post","link":"https:\/\/www.estrategiaconcursos.com.br\/blog\/suspensao-contrato-trabalho\/","title":{"rendered":"Saiba o que \u00e9 suspens\u00e3o do contrato de trabalho"},"content":{"rendered":"\n<h2 class=\"wp-block-heading\" id=\"h-introducao-sobre-suspensao-do-contrato-de-trabalho\"><strong>Introdu\u00e7\u00e3o<\/strong> sobre suspens\u00e3o do contrato de trabalho<\/h2>\n\n\n\n<p>O objetivo deste artigo \u00e9 explicar o que \u00e9 a suspens\u00e3o do contrato de trabalho e de que formas ela funciona. O direito do trabalho no Brasil \u00e9 regulado principalmente pelo <a href=\"http:\/\/www.planalto.gov.br\/ccivil_03\/decreto-lei\/del5452.htm\">Decreto-Lei n. 5452\/1943, a Consolida\u00e7\u00e3o das Leis do Trabalho (CLT)<\/a> do Brasil.<\/p>\n\n\n\n<p>\u00c9 importante ressaltar que o trabalho n\u00e3o possu\u00eda um diploma legal que o regulamentasse antes da CLT. Ent\u00e3o, era bastante comum ocorrerem abusos, seja da parte do empregador, seja da parte do empregado. A CLT chega para garantir condi\u00e7\u00f5es m\u00ednimas de trabalho e emprego ao trabalhador, bem como assegurar que o empregador atenda a alguns requisitos m\u00ednimos para que a rela\u00e7\u00e3o do emprego seja adequada \u00e0s necessidades do trabalhador.<\/p>\n\n\n\n<p>Nem sempre as rela\u00e7\u00f5es de trabalho entre empregador e empregado devem ser extintas atrav\u00e9s do encerramento do contrato de trabalho. Existem situa\u00e7\u00f5es que permitem que esse v\u00ednculo n\u00e3o seja encerrado, mas sim, <strong>suspenso. <\/strong>O contrato de trabalho continua a existir, sendo vigente: o que ocorre \u00e9 que as cl\u00e1usulas do contrato ficam com seus efeitos provisoriamente suspensos.<\/p>\n\n\n\n<p>Seguindo este racioc\u00ednio, pelo lado do empregado, ele n\u00e3o faz jus ao recebimento de sal\u00e1rios nem \u00e0 contagem de tempo de servi\u00e7o. &nbsp;Do lado do empregador, ele n\u00e3o possui o empregado \u00e0 sua disposi\u00e7\u00e3o nem em trabalho diretamente a ele. Portanto, o contrato de trabalho continua em vig\u00eancia, com suas demais cl\u00e1usulas que devem ser respeitadas: proibi\u00e7\u00e3o de violar segredos da empresa, concorr\u00eancia desleal, etc.<\/p>\n\n\n\n<p>Ou seja, o empregado se afasta da atividade, mas n\u00e3o \u00e9 demitido, porque a inten\u00e7\u00e3o \u00e9 que ele retorne \u00e0s suas atividades, retomando o contrato de onde parou. No per\u00edodo em que o empregado se afasta, os principais componentes do contrato ficam \u201cparalisados\u201d: a presta\u00e7\u00e3o do servi\u00e7o e o recebimento do sal\u00e1rio.<\/p>\n\n\n\n<p>Mas todos os outros deveres \u201cmenos importantes\u201d ficam vigentes para que seja poss\u00edvel recuperar essa rela\u00e7\u00e3o de trabalho no futuro. Existem algumas hip\u00f3teses legais de <strong>suspens\u00e3o do contrato de trabalho. <\/strong>\u00c9 o que prev\u00ea na CLT o art. 471: \u201c<em>Ao empregado afastado do emprego, s\u00e3o asseguradas, por ocasi\u00e3o de sua volta, todas as vantagens que, em sua aus\u00eancia, tenham sido atribu\u00eddas \u00e0 categoria a que pertencia na empresa.\u201d<\/em><\/p>\n\n\n\n<figure class=\"wp-block-image size-large\"><img loading=\"lazy\" decoding=\"async\" width=\"1024\" height=\"768\" src=\"https:\/\/dhg1h5j42swfq.cloudfront.net\/2022\/08\/15202708\/warning-light-49715-1024x768.jpg\" alt=\"Luz amarela de farol\" class=\"wp-image-1078265\" srcset=\"https:\/\/dhg1h5j42swfq.cloudfront.net\/2022\/08\/15202708\/warning-light-49715-1024x768.jpg 1024w, https:\/\/dhg1h5j42swfq.cloudfront.net\/2022\/08\/15202708\/warning-light-49715-300x225.jpg 300w, https:\/\/dhg1h5j42swfq.cloudfront.net\/2022\/08\/15202708\/warning-light-49715-768x576.jpg 768w, https:\/\/dhg1h5j42swfq.cloudfront.net\/2022\/08\/15202708\/warning-light-49715-1536x1152.jpg 1536w, https:\/\/dhg1h5j42swfq.cloudfront.net\/2022\/08\/15202708\/warning-light-49715-2048x1536.jpg 2048w, https:\/\/dhg1h5j42swfq.cloudfront.net\/2022\/08\/15202708\/warning-light-49715-610x458.jpg 610w, https:\/\/dhg1h5j42swfq.cloudfront.net\/2022\/08\/15202708\/warning-light-49715-150x113.jpg 150w\" sizes=\"auto, (max-width: 1024px) 100vw, 1024px\" \/><figcaption>A suspens\u00e3o do contrato de trabalho \u00e9 como a luz amarela do farol: n\u00e3o \u00e9 problem\u00e1tica, mas exige aten\u00e7\u00e3o<\/figcaption><\/figure>\n\n\n\n<h2 class=\"wp-block-heading\" id=\"h-suspensao-do-contrato-de-trabalho-por-motivo-de-incapacidade-temporaria\"><strong>Suspens\u00e3o do contrato de trabalho por motivo de incapacidade tempor\u00e1ria<\/strong><\/h2>\n\n\n\n<p>Um dos afastamentos previstos no contrato de trabalho \u00e9 por motivo de sa\u00fade do trabalhador. Estes afastamentos n\u00e3o possuem consequ\u00eancias mais complexas quando s\u00e3o de <strong>at\u00e9 15 dias<\/strong>. Entretanto, em caso de afastamentos superiores a 15 dias de paralisa\u00e7\u00e3o da atividade, o empregado \u00e9 encaminhado para a per\u00edcia m\u00e9dica do INSS.<\/p>\n\n\n\n<p>Mas, ainda que seja superior a 15 dias, <strong>ainda n\u00e3o \u00e9 caso de afastamento<\/strong>, conforme prev\u00ea o artigo 476 da CLT: \u201c<em>Em caso de seguro-doen\u00e7a ou aux\u00edlio-enfermidade, o empregado \u00e9 considerado em licen\u00e7a n\u00e3o remunerada, durante o prazo desse benef\u00edcio<\/em>.\u201d \u00c9 o que se chama comumente de \u201cficar na caixa do INSS\u201d.<\/p>\n\n\n\n<p>Se o afastamento por aux\u00edlio-doen\u00e7a for superior a 6 meses, cont\u00ednuos ou descont\u00ednuos, j\u00e1 \u00e9 caso de suspens\u00e3o. Nesse caso tamb\u00e9m h\u00e1 o in\u00edcio de um novo per\u00edodo aquisitivo de f\u00e9rias, nos termos do art. 133, \u00a7 2\u00b0, quando o trabalhador retornar ao seu trabalho.<\/p>\n\n\n\n<p>Como esse afastamento ocorre por motivo de sa\u00fade, o trabalhador ainda tem direito de permanecer no plano de sa\u00fade corporativo da empresa (caso ela tenha algum). \u00c9 o que diz a s\u00famula n\u00famero 440 do Tribunal Superior do Trabalho (TST), a <a href=\"https:\/\/www.tst.jus.br\/sumulas\">440-TST<\/a>: \u201c<em>Assegura-se o direito \u00e0 manuten\u00e7\u00e3o de plano de sa\u00fade ou de assist\u00eancia m\u00e9dica oferecido pela empresa ao empregado, mesmo que suspenso o contrato de trabalho em virtude de aux\u00edlio-doen\u00e7a acident\u00e1rio ou de aposentadoria por invalidez<\/em>.\u201d<\/p>\n\n\n\n<p>No caso de a empresa se negar a manter o plano, mesmo que o funcion\u00e1rio mantenha as condi\u00e7\u00f5es da seguradora de sa\u00fade enquanto estava ativo, o trabalhador pode entrar com a\u00e7\u00e3o judicial para se manter no plano e garantir a perman\u00eancia dos dependentes. Isso \u00e9 relevante para que o trabalhador possa complementar seu tratamento, ou mesmo n\u00e3o deixar sua fam\u00edlia desamparada por advento de um afastamento por doen\u00e7a ou acidente de trabalho, o que acaba por prejudicar indiretamente sua fam\u00edlia.<\/p>\n\n\n\n<figure class=\"wp-block-image size-large\"><img loading=\"lazy\" decoding=\"async\" width=\"1024\" height=\"591\" src=\"https:\/\/dhg1h5j42swfq.cloudfront.net\/2022\/08\/15202825\/fever-310721-1024x591.png\" alt=\"A suspens\u00e3o por incapacidade tempor\u00e1ria n\u00e3o pode privar o trabalhador do plano de sa\u00fade da empresa.\" class=\"wp-image-1078267\" srcset=\"https:\/\/dhg1h5j42swfq.cloudfront.net\/2022\/08\/15202825\/fever-310721-1024x591.png 1024w, https:\/\/dhg1h5j42swfq.cloudfront.net\/2022\/08\/15202825\/fever-310721-300x173.png 300w, https:\/\/dhg1h5j42swfq.cloudfront.net\/2022\/08\/15202825\/fever-310721-768x444.png 768w, https:\/\/dhg1h5j42swfq.cloudfront.net\/2022\/08\/15202825\/fever-310721-1536x887.png 1536w, https:\/\/dhg1h5j42swfq.cloudfront.net\/2022\/08\/15202825\/fever-310721-610x352.png 610w, https:\/\/dhg1h5j42swfq.cloudfront.net\/2022\/08\/15202825\/fever-310721-150x87.png 150w, https:\/\/dhg1h5j42swfq.cloudfront.net\/2022\/08\/15202825\/fever-310721.png 1920w\" sizes=\"auto, (max-width: 1024px) 100vw, 1024px\" \/><figcaption>A suspens\u00e3o por incapacidade tempor\u00e1ria n\u00e3o pode privar o trabalhador do plano de sa\u00fade da empresa.<\/figcaption><\/figure>\n\n\n\n<h2 class=\"wp-block-heading\" id=\"h-suspensao-do-contrato-de-trabalho-por-motivo-de-incapacidade-permanente\"><strong>Suspens\u00e3o do contrato de trabalho por motivo de incapacidade permanente<\/strong><\/h2>\n\n\n\n<p>A incapacidade permanente \u00e9 diferente: aqui, o empregado n\u00e3o retorna mais \u00e0s suas atividades. O caso desta aposentadoria \u00e9 por invalidez, e a CLT prev\u00ea a <strong>suspens\u00e3o <\/strong>do contrato de trabalho durante o <strong>prazo fixado pelas leis previdenci\u00e1rias <\/strong>para a efetiva\u00e7\u00e3o do benef\u00edcio (artigo 475).<\/p>\n\n\n\n<p>Todavia, pode ocorrer a <strong>recupera\u00e7\u00e3o<\/strong> do funcion\u00e1rio, o que enseja o <strong>cancelamento<\/strong> da aposentadoria. Conforme os par\u00e1grafos do artigo 475, \u00a7 1\u00b0: \u201c<em>Recuperando o empregado a capacidade de trabalho e sendo a aposentadoria cancelada, ser-lhe-\u00e1 assegurado o direito \u00e0 fun\u00e7\u00e3o que ocupava ao tempo da aposentadoria, facultado, por\u00e9m, ao empregador, o direito de indeniz\u00e1-lo por rescis\u00e3o do contrato de trabalho, nos termos dos arts. 477 e 478, salvo na hip\u00f3tese de ser ele portador de estabilidade, quando a indeniza\u00e7\u00e3o dever\u00e1 ser paga na forma do art. 497\u201d.<\/em><\/p>\n\n\n\n<p>\u00a7 2\u00b0: \u201c<em>Se o empregador houver admitido substituto para o aposentado, poder\u00e1 rescindir, com este, o respectivo contrato de trabalho sem indeniza\u00e7\u00e3o, desde que tenha havido ci\u00eancia inequ\u00edvoca da interinidade ao ser celebrado o contrato.\u201d<\/em><\/p>\n\n\n\n<p>Para ilustrar a letra da lei, h\u00e1 dois tipos de indeniza\u00e7\u00e3o por incapacidade permanente, a regra \u00e9 a de que a dispensa no lugar da readmiss\u00e3o gera indeniza\u00e7\u00e3o. A indeniza\u00e7\u00e3o nos termos dos artigos 477 e 478 \u00e9 aquela que paga um m\u00eas de remunera\u00e7\u00e3o para cada ano trabalhado, sendo que conta como ano completo qualquer fra\u00e7\u00e3o superior a seis meses. Este tipo de indeniza\u00e7\u00e3o permanece nas dispensas sem justa causa.<\/p>\n\n\n\n<p>A segunda (a do artigo 497) \u00e9 uma forma de indeniza\u00e7\u00e3o paga ao trabalhador <strong>est\u00e1vel<\/strong> da mesma forma da primeira \u2013 s\u00f3 que paga <strong>em dobro.<\/strong><\/p>\n\n\n\n<p>O problema \u00e9 que, na CLT, <strong>n\u00e3o caberia a indeniza\u00e7\u00e3o compensat\u00f3ria<\/strong> se o empregador <strong>avisar o aposentado<\/strong> antes de que ele <strong>ser\u00e1 substitu\u00eddo<\/strong> e se depois <strong>houver<\/strong> a <strong>efetiva\u00e7\u00e3o do substituto<\/strong>.<\/p>\n\n\n\n<p>Outro inconveniente \u00e9 que o contrato de trabalho suspenso em raz\u00e3o da aposentadoria por incapacidade permanente \u00e9 a impossibilidade do aposentado rescindir o contrato para receber as verbas de acerto.<\/p>\n\n\n\n<p>A dificuldade existe mesmo se a aposentadoria tiver baix\u00edssima chance de revers\u00e3o, isso porque, tecnicamente, ela pode ser interrompida a qualquer momento e o aposentado enviado novamente ao trabalho \u2013 descabendo o direito \u00e0 rescis\u00e3o, de acordo com o entendimento judicial: \u201c<em>EMENTA RECURSO ORDIN\u00c1RIO DO RECLAMANTE. APOSENTADORIA POR INVALIDEZ. SUSPENS\u00c3O DO CONTRATO. PEDIDO DE DEMISS\u00c3O. O trabalhador n\u00e3o disp\u00f5e do direito de encerrar seu v\u00ednculo laboral enquanto suspenso o contrato de trabalho em virtude de aposentadoria por invalidez que, pela natureza do benef\u00edcio, pode ser revisto a qualquer momento. (TRT da 4\u00aa Regi\u00e3o, 9\u00aa Turma, 0020633-24.2019.5.04.0812 ROT, em 20\/07\/2020, Desembargador Joao Batista de Matos Danda)\u201d<\/em><\/p>\n\n\n\n<p>A ideia aqui \u00e9 que a suspens\u00e3o por <strong>aposentadoria por invalidez<\/strong> enseja a atua\u00e7\u00e3o do <strong>benef\u00edcio<\/strong> <strong>previdenci\u00e1rio<\/strong> como <strong>compensat\u00f3rio, <\/strong>mas <strong>condicionado<\/strong> \u00e0 suspens\u00e3o do contrato de trabalho. Ou seja, a <strong>\u00fanica forma <\/strong>de rescindir o contrato de trabalho \u00e9 <strong>recuperando a condi\u00e7\u00e3o laboral.<\/strong><\/p>\n\n\n\n<h2 class=\"wp-block-heading\" id=\"h-suspensao-do-contrato-de-trabalho-para-qualificacao-profissional\"><strong>Suspens\u00e3o do contrato de trabalho para qualifica\u00e7\u00e3o profissional<\/strong><\/h2>\n\n\n\n<p>No art. 476 da CLT existe uma outra possibilidade de <strong>suspens\u00e3o <\/strong>do contrato de trabalho, que \u00e9 de dois a cinco meses, para participa\u00e7\u00e3o em <strong>programa de qualifica\u00e7\u00e3o profissional oferecido pelo empregador<\/strong>, com dura\u00e7\u00e3o equivalente \u00e0 suspens\u00e3o contratual, mediante previs\u00e3o em conven\u00e7\u00e3o ou acordo coletivo de trabalho e concord\u00e2ncia por escrito do empregado.<\/p>\n\n\n\n<p>Essa previs\u00e3o legal j\u00e1 foi utilizada algumas vezes por ind\u00fastrias do setor automotivo. \u00c9 tamb\u00e9m uma forma de <strong>reciclar<\/strong> funcion\u00e1rios, capacit\u00e1-los em momentos de recess\u00e3o no mercado, uma vez que, quando a economia est\u00e1 indo de vento em popa, raramente as empresas possuem tempo ou mesmo recursos para promover treinamentos em larga escala.<\/p>\n\n\n\n<p>\u00c9 importante fazer duas ressalvas: uma delas \u00e9 que o empregado, afastado pela suspens\u00e3o do contrato de trabalho, ao retornar ao trabalho, possui direito a todas as vantagens que, na sua aus\u00eancia, tenham sido concedidas \u00e0 categoria da qual ele fazia parte.<\/p>\n\n\n\n<p>A segunda ressalva \u00e9 que, de acordo com o art. 3\u00b0 da <a href=\"http:\/\/www.planalto.gov.br\/ccivil_03\/leis\/l7998.htm\">lei n. 7988\/90<\/a>, a <strong>bolsa de qualifica\u00e7\u00e3o<\/strong>, quanto \u00e0 sua <strong>periodicidade, valores, c\u00e1lculo do n\u00famero de parcelas e os demais procedimentos operacionais<\/strong> do pagamento da <strong>bolsa-qualifica\u00e7\u00e3o<\/strong> ser\u00e3o os <strong>mesmos<\/strong> adotados em rela\u00e7\u00e3o ao benef\u00edcio do <strong>seguro-desemprego<\/strong>, exceto quanto \u00e0 dispensa sem justa causa.<\/p>\n\n\n\n<p>Caso o programa seja prorrogado, o empregador assume o compromisso em efetuar o pagamento desta bolsa, que <strong>n\u00e3o possui natureza salarial<\/strong>. O empregador pode conceder uma <strong>ajuda compensat\u00f3ria mensal<\/strong>, cujo valor ser\u00e1 definido em negocia\u00e7\u00e3o coletiva. O empregado tamb\u00e9m tem direito a benef\u00edcios concedidos de <strong>forma volunt\u00e1ria<\/strong> pelo empregador (conv\u00eanio m\u00e9dico, aux\u00edlio alimenta\u00e7\u00e3o, aux\u00edlio refei\u00e7\u00e3o, etc.) desde que sejam <strong>estabelecidos na negocia\u00e7\u00e3o coletiva.<\/strong><\/p>\n\n\n\n<p>De forma convergente \u00e0 interpreta\u00e7\u00e3o legal, o Superior Tribunal de Justi\u00e7a (STJ) entende que os valores recebidos a t\u00edtulo de <strong>ajuda compensat\u00f3ria mensal <\/strong>s\u00e3o verba <strong>indenizat\u00f3ria <\/strong>e <strong>n\u00e3o sal\u00e1rio<\/strong>, portanto sobre estes valores <strong>n\u00e3o incide o Imposto de Renda<\/strong>.<\/p>\n\n\n\n<figure class=\"wp-block-image size-large\"><img loading=\"lazy\" decoding=\"async\" width=\"1024\" height=\"683\" src=\"https:\/\/dhg1h5j42swfq.cloudfront.net\/2022\/08\/15202938\/laptop-3087585-1024x683.jpg\" alt=\"Os programas de qualifica\u00e7\u00e3o profissionais s\u00e3o uma forma de aproveitar o profissional, sem rescindir\" class=\"wp-image-1078269\" srcset=\"https:\/\/dhg1h5j42swfq.cloudfront.net\/2022\/08\/15202938\/laptop-3087585-1024x683.jpg 1024w, https:\/\/dhg1h5j42swfq.cloudfront.net\/2022\/08\/15202938\/laptop-3087585-300x200.jpg 300w, https:\/\/dhg1h5j42swfq.cloudfront.net\/2022\/08\/15202938\/laptop-3087585-768x512.jpg 768w, https:\/\/dhg1h5j42swfq.cloudfront.net\/2022\/08\/15202938\/laptop-3087585-1536x1024.jpg 1536w, https:\/\/dhg1h5j42swfq.cloudfront.net\/2022\/08\/15202938\/laptop-3087585-2048x1365.jpg 2048w, https:\/\/dhg1h5j42swfq.cloudfront.net\/2022\/08\/15202938\/laptop-3087585-610x407.jpg 610w, https:\/\/dhg1h5j42swfq.cloudfront.net\/2022\/08\/15202938\/laptop-3087585-150x100.jpg 150w\" sizes=\"auto, (max-width: 1024px) 100vw, 1024px\" \/><figcaption>Os programas de qualifica\u00e7\u00e3o profissionais s\u00e3o uma forma de aproveitar o profissional, sem rescindir o contrato.<\/figcaption><\/figure>\n\n\n\n<h2 class=\"wp-block-heading\" id=\"h-suspensao-do-contrato-de-trabalho-pela-pandemia-do-virus-covid-19\"><strong>Suspens\u00e3o do contrato de trabalho pela pandemia do v\u00edrus COVID-19<\/strong><\/h2>\n\n\n\n<p>A pandemia por conta da infec\u00e7\u00e3o pelo v\u00edrus COVID-19 gerou um programa em v\u00e1rios pa\u00edses composto de <strong>isolamento, monitoramento e vacina\u00e7\u00e3o <\/strong>em diversas partes do mundo. Com o Brasil n\u00e3o foi diferente. Isso afetou profundamente a economia dos pa\u00edses em fun\u00e7\u00e3o da parada for\u00e7ada das atividades, com o intuito de evitar cont\u00e1gio e dissemina\u00e7\u00e3o do v\u00edrus.<\/p>\n\n\n\n<p>Para mitigar a repercuss\u00e3o econ\u00f4mica da paralisa\u00e7\u00e3o econ\u00f4mica, visando tamb\u00e9m evitar o desemprego em massa, houve a aprova\u00e7\u00e3o da lei n. 14.020\/2020, resultante da convers\u00e3o da Medida Provis\u00f3ria n\u00b0 936\/2020. Esta lei permitiu a ades\u00e3o dos empregadores ao programa Emergencial de Manuten\u00e7\u00e3o de Emprego e Renda com a suspens\u00e3o tempor\u00e1ria dos contratos de trabalho e sal\u00e1rios.<\/p>\n\n\n\n<p>Esta medida de suspens\u00e3o, <strong>diferentemente<\/strong> de todas as expostas neste artigo, teve um <strong>horizonte bem mais amplo: <\/strong>a <strong>preserva\u00e7\u00e3o de empregos<\/strong>, a <strong>preserva\u00e7\u00e3o das empresas<\/strong>. Uma outra importante ressalva: esta suspens\u00e3o foi <strong>autorizada<\/strong> por um per\u00edodo <strong>n\u00e3o excedente a dois meses. <\/strong>Houve tamb\u00e9m a previs\u00e3o de <strong>redu\u00e7\u00e3o de sal\u00e1rios e jornada de trabalho por tr\u00eas meses<\/strong>, cujas redu\u00e7\u00f5es poderiam ficar entre 25%, 50% e 70%.<\/p>\n\n\n\n<p>E esta <strong>suspens\u00e3o <\/strong>somente poderia ser permitida se houvesse <strong>acordo entre empregado e empregador<\/strong>, que poderia ser individual ou coletivo aos trabalhadores que recebessem at\u00e9 3 sal\u00e1rios m\u00ednimos, tamb\u00e9m havendo previs\u00e3o de acordos individuais \u00e0queles que recebessem o valor equivalente ao dobro do teto da Previd\u00eancia Social.<\/p>\n\n\n\n<p>De forma sucinta, dado o panorama de emerg\u00eancia, os efeitos desta suspens\u00e3o do contrato de trabalho foram: o empregado n\u00e3o presta servi\u00e7os e tamb\u00e9m n\u00e3o fica \u00e0 disposi\u00e7\u00e3o do seu empregador; o empregador n\u00e3o paga o sal\u00e1rio; o per\u00edodo de suspens\u00e3o n\u00e3o \u00e9 computado como tempo de servi\u00e7o porque n\u00e3o h\u00e1 recolhimentos previdenci\u00e1rios.<\/p>\n\n\n\n<figure class=\"wp-block-image size-large\"><img loading=\"lazy\" decoding=\"async\" width=\"1024\" height=\"715\" src=\"https:\/\/dhg1h5j42swfq.cloudfront.net\/2022\/08\/15203052\/waiter-5513560-1024x715.jpg\" alt=\"A pandemia de COVID-19 possibilitou um novo tipo de suspens\u00e3o do contrato de trabalho.\" class=\"wp-image-1078271\" srcset=\"https:\/\/dhg1h5j42swfq.cloudfront.net\/2022\/08\/15203052\/waiter-5513560-1024x715.jpg 1024w, https:\/\/dhg1h5j42swfq.cloudfront.net\/2022\/08\/15203052\/waiter-5513560-300x210.jpg 300w, https:\/\/dhg1h5j42swfq.cloudfront.net\/2022\/08\/15203052\/waiter-5513560-768x537.jpg 768w, https:\/\/dhg1h5j42swfq.cloudfront.net\/2022\/08\/15203052\/waiter-5513560-1536x1073.jpg 1536w, https:\/\/dhg1h5j42swfq.cloudfront.net\/2022\/08\/15203052\/waiter-5513560-2048x1431.jpg 2048w, https:\/\/dhg1h5j42swfq.cloudfront.net\/2022\/08\/15203052\/waiter-5513560-610x426.jpg 610w, https:\/\/dhg1h5j42swfq.cloudfront.net\/2022\/08\/15203052\/waiter-5513560-150x105.jpg 150w\" sizes=\"auto, (max-width: 1024px) 100vw, 1024px\" \/><figcaption>A pandemia de COVID-19 possibilitou um novo tipo de suspens\u00e3o do contrato de trabalho.<\/figcaption><\/figure>\n\n\n\n<h2 class=\"wp-block-heading\" id=\"h-conclusoes-sobre-a-suspensao-do-contrato-de-trabalho\"><strong>Conclus\u00f5es sobre a suspens\u00e3o do contrato de trabalho<\/strong><\/h2>\n\n\n\n<p>A Consolida\u00e7\u00e3o das Leis do Trabalho veio regular um mercado de trabalho no qual havia uma variabilidade nas rela\u00e7\u00f5es do trabalho, o que possibilitava abusos, tanto da parte do empregador como da parte do empregado. Uma das quest\u00f5es previstas foi de que forma a CLT regulou as suspens\u00f5es do contrato de trabalho.<\/p>\n\n\n\n<p>Ficou evidente que em algumas situa\u00e7\u00f5es a <strong>suspens\u00e3o <\/strong>do contrato de trabalho \u00e9 uma solu\u00e7\u00e3o mais efetiva do que a rescis\u00e3o do pr\u00f3prio contrato.<\/p>\n\n\n\n<p>Uma das hip\u00f3teses de suspens\u00e3o trata da incapacidade tempor\u00e1ria do trabalhador, quando ele possui afastamento superior a 6 meses, intercalados ou cont\u00ednuos, caso em que a lei permite que o contrato seja suspenso nesse per\u00edodo. Verificando essa vulnerabilidade laboral, o TST entendeu tamb\u00e9m que nesse caso o trabalhador, ainda que afastado, permanece com direito a utilizar o plano da sa\u00fade da empresa.<\/p>\n\n\n\n<p>Outra hip\u00f3tese \u00e9 a incapacidade permanente \u2013 a que enseja a <strong>aposentadoria por invalidez <\/strong>do trabalhador. Nesta situa\u00e7\u00e3o, o trabalhador fica inativo, seu contrato de trabalho \u00e9 suspenso, sendo que essa situa\u00e7\u00e3o aciona seu benef\u00edcio previdenci\u00e1rio. Um dos problemas desta suspens\u00e3o \u00e9 que o contrato fica suspenso <strong>indefinidamente<\/strong>, enquanto perdurar a incapacidade, mesmo que atestada permanente. A interpreta\u00e7\u00e3o que a lei deu foi a de que somente h\u00e1 duas sa\u00eddas: a recupera\u00e7\u00e3o para o trabalho (que encerra o benef\u00edcio previdenci\u00e1rio) ou a morte (o que encerra a vida do trabalhador).<\/p>\n\n\n\n<p>H\u00e1 ainda uma hip\u00f3tese de suspens\u00e3o do contrato de trabalho por programa de qualifica\u00e7\u00e3o promovido e mantido pelo empregador, que pode ser uma alternativa, em momentos recessivos da economia, em que a empresa normalmente demitiria empregados, para treinar, capacitar e realocar seus trabalhadores, de forma a diminuir o impacto de uma rescis\u00e3o do contrato de trabalho.<\/p>\n\n\n\n<p>Por \u00faltimo, houve a suspens\u00e3o do contrato de trabalho durante a pandemia do v\u00edrus COVID-19, em fun\u00e7\u00e3o dos problemas econ\u00f4micos gerados pela parada for\u00e7ada da economia de muitos pa\u00edses, nas tentativas de parar o desacelerar a dissemina\u00e7\u00e3o e infec\u00e7\u00e3o pelo coronav\u00edrus.<\/p>\n\n\n\n<p>Esta \u00faltima hip\u00f3tese foi elaborada em fun\u00e7\u00e3o da necessidade de n\u00e3o piorar ainda mais o panorama econ\u00f4mico com ondas de demiss\u00f5es e fechamento de empresas, o que certamente prejudicaria ainda mais a economia do pa\u00eds.<\/p>\n\n\n\n<p>Ricardo Pereira de Oliveira<\/p>\n\n\n\n<h2 class=\"has-text-align-center wp-block-heading\" id=\"h-cursos-e-assinaturas\">Cursos e Assinaturas <\/h2>\n\n\n\n<p>Prepare-se com o melhor material e com quem mais aprova em Concursos P\u00fablicos em todo o pa\u00eds!<\/p>\n\n\n\n<div class=\"container\" id=\"boxes\">\n  <div class=\"row\">\n    <div class=\"col-sm\">\n      <div class=\"estrategia\" id=\"box-assinatura\">\n        <h3 class=\"titulo-assinatura\">Assinatura de Concursos<\/h3>\n        <p class=\"subtitulo-assinatura\">Assinatura de 1 ano ou 2 anos<\/p>\n        <div class=\"box-botao\">\n          <a class=\"btn-assinatura\" target=\"_blank\" href=\"https:\/\/www.estrategiaconcursos.com.br\/assinaturas\/\" role=\"button\" rel=\"noopener noreferrer\">ASSINE AGORA<\/a>\n        <\/div>\n      <\/div>\n      <p class=\"texto-auxiliar\"><\/p>\n    <\/div>\n    <div class=\"col-sm\">\n      <div class=\"questoes\" id=\"box-assinatura\">\n        <h3 class=\"titulo-assinatura\">Sistema de Quest\u00f5es<\/h3>\n        <p class=\"subtitulo-assinatura\">Assinatura de 1 ano ou 2 anos\n<\/p>\n        <div class=\"box-botao\">\n          <a class=\"btn-assinatura\" target=\"_blank\" href=\"https:\/\/www.estrategiaconcursos.com.br\/cursosPorConcurso\/sistema-de-questoes\/#\/\" role=\"button\" rel=\"noopener noreferrer\">ASSINE AGORA<\/a>\n        <\/div>\n      <\/div>\n      <p class=\"texto-auxiliar\"><\/p>\n    <\/div>\n  <\/div>\n<\/div>\n\n\n\n<p><\/p>\n\n\n\n<p class=\"has-text-align-center has-white-color has-vivid-purple-background-color has-text-color has-background\"><a href=\"https:\/\/www.estrategiaconcursos.com.br\/blog\/concursos-abertos\/\" target=\"_blank\" rel=\"noreferrer noopener\"><strong><span class=\"has-inline-color has-white-color\">Concursos abertos<\/span><\/strong><\/a><\/p>\n\n\n\n<p class=\"has-text-align-center has-white-color has-vivid-purple-background-color has-text-color has-background\"><strong><a href=\"https:\/\/www.estrategiaconcursos.com.br\/blog\/concursos-2022\/\" target=\"_blank\" rel=\"noreferrer noopener\"><span class=\"has-inline-color has-white-color\">Concursos 2022<\/span><\/a><\/strong><\/p>\n\n\n\n<div class=\"container\" id=\"boxes\">\n  <div class=\"row\">\n    <div class=\"col-sm\">\n      <div class=\"estrategia\" id=\"box-assinatura\">\n        <h3 class=\"titulo-assinatura\">Assinatura de Concursos<\/h3>\n        <p class=\"subtitulo-assinatura\">Assinatura de 1 ano ou 2 anos<\/p>\n        <div class=\"box-botao\">\n          <a class=\"btn-assinatura\" target=\"_blank\" href=\"https:\/\/www.estrategiaconcursos.com.br\/assinaturas\/\" role=\"button\" rel=\"noopener noreferrer\">ASSINE AGORA<\/a>\n        <\/div>\n      <\/div>\n      \n    <\/div><\/div><\/div>\n","protected":false},"excerpt":{"rendered":"<p>Introdu\u00e7\u00e3o sobre suspens\u00e3o do contrato de trabalho O objetivo deste artigo \u00e9 explicar o que \u00e9 a suspens\u00e3o do contrato de trabalho e de que formas ela funciona. O direito do trabalho no Brasil \u00e9 regulado principalmente pelo Decreto-Lei n. 5452\/1943, a Consolida\u00e7\u00e3o das Leis do Trabalho (CLT) do Brasil. \u00c9 importante ressaltar que o [&hellip;]<\/p>\n","protected":false},"author":1979,"featured_media":1078264,"comment_status":"open","ping_status":"closed","sticky":false,"template":"","format":"standard","meta":{"post_tipo":"article","footnotes":""},"categories":[1,214992,2017,1984,220737],"tags":[],"tax_estado":[219964,219965,219966,219967,219968,219969,219963,219970,219971,219972,219973,219974,219975,219976,219977,219978,219979,219980,219981,219982,219983,219984,219985,219986,219987,219988,219989,219990],"class_list":["post-1078258","post","type-post","status-publish","format-standard","has-post-thumbnail","hentry","category-cursos-e-concursos","category-concursos-administrativos","category-concursos-legislativos","category-tribunais","category-tribunais-tribunais","tax_estado-ac","tax_estado-al","tax_estado-am","tax_estado-ap","tax_estado-ba","tax_estado-ce","tax_estado-concursos-federais","tax_estado-df","tax_estado-es","tax_estado-go","tax_estado-ma","tax_estado-mg","tax_estado-ms","tax_estado-mt","tax_estado-pa","tax_estado-pb","tax_estado-pe","tax_estado-pi","tax_estado-pr","tax_estado-rj","tax_estado-rn","tax_estado-ro","tax_estado-rr","tax_estado-rs","tax_estado-sc","tax_estado-se","tax_estado-sp","tax_estado-to"],"acf":[],"yoast_head":"<!-- This site is optimized with the Yoast SEO Premium plugin v27.2 (Yoast SEO v27.2) - https:\/\/yoast.com\/product\/yoast-seo-premium-wordpress\/ -->\n<title>Saiba o que \u00e9 suspens\u00e3o do contrato de trabalho<\/title>\n<meta name=\"description\" content=\"O objetivo deste artigo \u00e9 explicar o que \u00e9 a suspens\u00e3o do contrato de trabalho e de que formas ela funciona.\" \/>\n<meta name=\"robots\" content=\"index, follow, max-snippet:-1, max-image-preview:large, max-video-preview:-1\" \/>\n<link rel=\"canonical\" href=\"https:\/\/www.estrategiaconcursos.com.br\/blog\/suspensao-contrato-trabalho\/\" \/>\n<meta property=\"og:locale\" content=\"pt_BR\" \/>\n<meta property=\"og:type\" content=\"article\" \/>\n<meta property=\"og:title\" content=\"Saiba o que \u00e9 suspens\u00e3o do contrato de trabalho\" \/>\n<meta property=\"og:description\" content=\"O objetivo deste artigo \u00e9 explicar o que \u00e9 a suspens\u00e3o do contrato de trabalho e de que formas ela funciona.\" \/>\n<meta property=\"og:url\" content=\"https:\/\/www.estrategiaconcursos.com.br\/blog\/suspensao-contrato-trabalho\/\" \/>\n<meta property=\"og:site_name\" content=\"Estrat\u00e9gia Concursos\" \/>\n<meta property=\"article:published_time\" content=\"2022-08-24T21:35:00+00:00\" \/>\n<meta property=\"article:modified_time\" content=\"2022-11-09T19:44:14+00:00\" \/>\n<meta property=\"og:image\" content=\"https:\/\/dhg1h5j42swfq.cloudfront.net\/2022\/08\/15202325\/logo-tst.png\" \/>\n\t<meta property=\"og:image:width\" content=\"300\" \/>\n\t<meta property=\"og:image:height\" content=\"94\" \/>\n\t<meta property=\"og:image:type\" content=\"image\/png\" \/>\n<meta name=\"author\" content=\"Ricardo Pereira de Oliveira\" \/>\n<meta name=\"twitter:card\" content=\"summary_large_image\" \/>\n<meta name=\"twitter:creator\" content=\"@EstratConcursos\" \/>\n<meta name=\"twitter:site\" content=\"@EstratConcursos\" \/>\n<meta name=\"twitter:label1\" content=\"Escrito por\" \/>\n\t<meta name=\"twitter:data1\" content=\"Ricardo Pereira de Oliveira\" \/>\n\t<meta name=\"twitter:label2\" content=\"Est. tempo de leitura\" \/>\n\t<meta name=\"twitter:data2\" content=\"12 minutos\" \/>\n<script type=\"application\/ld+json\" class=\"yoast-schema-graph\">{\"@context\":\"https:\/\/schema.org\",\"@graph\":[{\"@type\":\"NewsArticle\",\"@id\":\"https:\/\/www.estrategiaconcursos.com.br\/blog\/suspensao-contrato-trabalho\/#article\",\"isPartOf\":{\"@id\":\"https:\/\/www.estrategiaconcursos.com.br\/blog\/suspensao-contrato-trabalho\/\"},\"author\":{\"name\":\"Ricardo Pereira de Oliveira\",\"@id\":\"https:\/\/www.estrategiaconcursos.com.br\/blog\/#\/schema\/person\/bddec4cfff57a846dbc506e0bc7a5b36\"},\"headline\":\"Saiba o que \u00e9 suspens\u00e3o do contrato de trabalho\",\"datePublished\":\"2022-08-24T21:35:00+00:00\",\"dateModified\":\"2022-11-09T19:44:14+00:00\",\"mainEntityOfPage\":{\"@id\":\"https:\/\/www.estrategiaconcursos.com.br\/blog\/suspensao-contrato-trabalho\/\"},\"wordCount\":2475,\"commentCount\":0,\"publisher\":{\"@id\":\"https:\/\/www.estrategiaconcursos.com.br\/blog\/#organization\"},\"image\":{\"@id\":\"https:\/\/www.estrategiaconcursos.com.br\/blog\/suspensao-contrato-trabalho\/#primaryimage\"},\"thumbnailUrl\":\"https:\/\/dhg1h5j42swfq.cloudfront.net\/2022\/08\/15202325\/logo-tst.png\",\"articleSection\":[\"Concursos P\u00fablicos\",\"Executivo (Administrativa)\",\"Legislativo\",\"Tribunais\",\"Tribunais\"],\"inLanguage\":\"pt-BR\",\"potentialAction\":[{\"@type\":\"CommentAction\",\"name\":\"Comment\",\"target\":[\"https:\/\/www.estrategiaconcursos.com.br\/blog\/suspensao-contrato-trabalho\/#respond\"]}],\"copyrightYear\":\"2022\",\"copyrightHolder\":{\"@id\":\"https:\/\/www.estrategiaconcursos.com.br\/blog\/#organization\"}},{\"@type\":\"WebPage\",\"@id\":\"https:\/\/www.estrategiaconcursos.com.br\/blog\/suspensao-contrato-trabalho\/\",\"url\":\"https:\/\/www.estrategiaconcursos.com.br\/blog\/suspensao-contrato-trabalho\/\",\"name\":\"Saiba o que \u00e9 suspens\u00e3o do contrato de trabalho\",\"isPartOf\":{\"@id\":\"https:\/\/www.estrategiaconcursos.com.br\/blog\/#website\"},\"primaryImageOfPage\":{\"@id\":\"https:\/\/www.estrategiaconcursos.com.br\/blog\/suspensao-contrato-trabalho\/#primaryimage\"},\"image\":{\"@id\":\"https:\/\/www.estrategiaconcursos.com.br\/blog\/suspensao-contrato-trabalho\/#primaryimage\"},\"thumbnailUrl\":\"https:\/\/dhg1h5j42swfq.cloudfront.net\/2022\/08\/15202325\/logo-tst.png\",\"datePublished\":\"2022-08-24T21:35:00+00:00\",\"dateModified\":\"2022-11-09T19:44:14+00:00\",\"description\":\"O objetivo deste artigo \u00e9 explicar o que \u00e9 a suspens\u00e3o do contrato de trabalho e de que formas ela funciona.\",\"breadcrumb\":{\"@id\":\"https:\/\/www.estrategiaconcursos.com.br\/blog\/suspensao-contrato-trabalho\/#breadcrumb\"},\"inLanguage\":\"pt-BR\",\"potentialAction\":[{\"@type\":\"ReadAction\",\"target\":[\"https:\/\/www.estrategiaconcursos.com.br\/blog\/suspensao-contrato-trabalho\/\"]}]},{\"@type\":\"ImageObject\",\"inLanguage\":\"pt-BR\",\"@id\":\"https:\/\/www.estrategiaconcursos.com.br\/blog\/suspensao-contrato-trabalho\/#primaryimage\",\"url\":\"https:\/\/dhg1h5j42swfq.cloudfront.net\/2022\/08\/15202325\/logo-tst.png\",\"contentUrl\":\"https:\/\/dhg1h5j42swfq.cloudfront.net\/2022\/08\/15202325\/logo-tst.png\",\"width\":300,\"height\":94,\"caption\":\"Suspens\u00e3o do contrato de trabalho\"},{\"@type\":\"BreadcrumbList\",\"@id\":\"https:\/\/www.estrategiaconcursos.com.br\/blog\/suspensao-contrato-trabalho\/#breadcrumb\",\"itemListElement\":[{\"@type\":\"ListItem\",\"position\":1,\"name\":\"In\u00edcio\",\"item\":\"https:\/\/www.estrategiaconcursos.com.br\/blog\/\"},{\"@type\":\"ListItem\",\"position\":2,\"name\":\"Saiba o que \u00e9 suspens\u00e3o do contrato de trabalho\"}]},{\"@type\":\"WebSite\",\"@id\":\"https:\/\/www.estrategiaconcursos.com.br\/blog\/#website\",\"url\":\"https:\/\/www.estrategiaconcursos.com.br\/blog\/\",\"name\":\"Estrat\u00e9gia Concursos\",\"description\":\"O blog da Estrat\u00e9gia Concursos traz not\u00edcias sobre concursos e artigos de professores oferecendo cursos para concursos (pdf + videaulas) no site.\",\"publisher\":{\"@id\":\"https:\/\/www.estrategiaconcursos.com.br\/blog\/#organization\"},\"potentialAction\":[{\"@type\":\"SearchAction\",\"target\":{\"@type\":\"EntryPoint\",\"urlTemplate\":\"https:\/\/www.estrategiaconcursos.com.br\/blog\/?s={search_term_string}\"},\"query-input\":{\"@type\":\"PropertyValueSpecification\",\"valueRequired\":true,\"valueName\":\"search_term_string\"}}],\"inLanguage\":\"pt-BR\"},{\"@type\":\"Organization\",\"@id\":\"https:\/\/www.estrategiaconcursos.com.br\/blog\/#organization\",\"name\":\"Estrat\u00e9gia Concursos\",\"url\":\"https:\/\/www.estrategiaconcursos.com.br\/blog\/\",\"logo\":{\"@type\":\"ImageObject\",\"inLanguage\":\"pt-BR\",\"@id\":\"https:\/\/www.estrategiaconcursos.com.br\/blog\/#\/schema\/logo\/image\/\",\"url\":\"https:\/\/dhg1h5j42swfq.cloudfront.net\/2025\/06\/03203428\/logo_concursos-1.jpg\",\"contentUrl\":\"https:\/\/dhg1h5j42swfq.cloudfront.net\/2025\/06\/03203428\/logo_concursos-1.jpg\",\"width\":230,\"height\":60,\"caption\":\"Estrat\u00e9gia Concursos\"},\"image\":{\"@id\":\"https:\/\/www.estrategiaconcursos.com.br\/blog\/#\/schema\/logo\/image\/\"},\"sameAs\":[\"https:\/\/x.com\/EstratConcursos\"]},{\"@type\":\"Person\",\"@id\":\"https:\/\/www.estrategiaconcursos.com.br\/blog\/#\/schema\/person\/bddec4cfff57a846dbc506e0bc7a5b36\",\"name\":\"Ricardo Pereira de Oliveira\",\"image\":{\"@type\":\"ImageObject\",\"inLanguage\":\"pt-BR\",\"@id\":\"https:\/\/secure.gravatar.com\/avatar\/a16d5759c3d4edc0896235928b70e4a79ec591848bb173a92801d67dcb8492b1?s=96&d=mm&r=g\",\"url\":\"https:\/\/secure.gravatar.com\/avatar\/a16d5759c3d4edc0896235928b70e4a79ec591848bb173a92801d67dcb8492b1?s=96&d=mm&r=g\",\"contentUrl\":\"https:\/\/secure.gravatar.com\/avatar\/a16d5759c3d4edc0896235928b70e4a79ec591848bb173a92801d67dcb8492b1?s=96&d=mm&r=g\",\"caption\":\"Ricardo Pereira de Oliveira\"},\"description\":\"Formado em Administra\u00e7\u00e3o de Empresas pelo Mackenzie, p\u00f3s-graduado em Marketing pela ESPM. Concurseiro desde 2014. Auditor Fiscal da Receita Municipal de Campo Grande\/MS Ex-Fiscal de Rendas de Tabo\u00e3o da Serra\/SP\",\"url\":\"https:\/\/www.estrategiaconcursos.com.br\/blog\/author\/ricperogmail-com\/\"}]}<\/script>\n<!-- \/ Yoast SEO Premium plugin. -->","yoast_head_json":{"title":"Saiba o que \u00e9 suspens\u00e3o do contrato de trabalho","description":"O objetivo deste artigo \u00e9 explicar o que \u00e9 a suspens\u00e3o do contrato de trabalho e de que formas ela funciona.","robots":{"index":"index","follow":"follow","max-snippet":"max-snippet:-1","max-image-preview":"max-image-preview:large","max-video-preview":"max-video-preview:-1"},"canonical":"https:\/\/www.estrategiaconcursos.com.br\/blog\/suspensao-contrato-trabalho\/","og_locale":"pt_BR","og_type":"article","og_title":"Saiba o que \u00e9 suspens\u00e3o do contrato de trabalho","og_description":"O objetivo deste artigo \u00e9 explicar o que \u00e9 a suspens\u00e3o do contrato de trabalho e de que formas ela funciona.","og_url":"https:\/\/www.estrategiaconcursos.com.br\/blog\/suspensao-contrato-trabalho\/","og_site_name":"Estrat\u00e9gia Concursos","article_published_time":"2022-08-24T21:35:00+00:00","article_modified_time":"2022-11-09T19:44:14+00:00","og_image":[{"width":300,"height":94,"url":"https:\/\/dhg1h5j42swfq.cloudfront.net\/2022\/08\/15202325\/logo-tst.png","type":"image\/png"}],"author":"Ricardo Pereira de Oliveira","twitter_card":"summary_large_image","twitter_creator":"@EstratConcursos","twitter_site":"@EstratConcursos","twitter_misc":{"Escrito por":"Ricardo Pereira de Oliveira","Est. tempo de leitura":"12 minutos"},"schema":{"@context":"https:\/\/schema.org","@graph":[{"@type":"NewsArticle","@id":"https:\/\/www.estrategiaconcursos.com.br\/blog\/suspensao-contrato-trabalho\/#article","isPartOf":{"@id":"https:\/\/www.estrategiaconcursos.com.br\/blog\/suspensao-contrato-trabalho\/"},"author":{"name":"Ricardo Pereira de Oliveira","@id":"https:\/\/www.estrategiaconcursos.com.br\/blog\/#\/schema\/person\/bddec4cfff57a846dbc506e0bc7a5b36"},"headline":"Saiba o que \u00e9 suspens\u00e3o do contrato de trabalho","datePublished":"2022-08-24T21:35:00+00:00","dateModified":"2022-11-09T19:44:14+00:00","mainEntityOfPage":{"@id":"https:\/\/www.estrategiaconcursos.com.br\/blog\/suspensao-contrato-trabalho\/"},"wordCount":2475,"commentCount":0,"publisher":{"@id":"https:\/\/www.estrategiaconcursos.com.br\/blog\/#organization"},"image":{"@id":"https:\/\/www.estrategiaconcursos.com.br\/blog\/suspensao-contrato-trabalho\/#primaryimage"},"thumbnailUrl":"https:\/\/dhg1h5j42swfq.cloudfront.net\/2022\/08\/15202325\/logo-tst.png","articleSection":["Concursos P\u00fablicos","Executivo (Administrativa)","Legislativo","Tribunais","Tribunais"],"inLanguage":"pt-BR","potentialAction":[{"@type":"CommentAction","name":"Comment","target":["https:\/\/www.estrategiaconcursos.com.br\/blog\/suspensao-contrato-trabalho\/#respond"]}],"copyrightYear":"2022","copyrightHolder":{"@id":"https:\/\/www.estrategiaconcursos.com.br\/blog\/#organization"}},{"@type":"WebPage","@id":"https:\/\/www.estrategiaconcursos.com.br\/blog\/suspensao-contrato-trabalho\/","url":"https:\/\/www.estrategiaconcursos.com.br\/blog\/suspensao-contrato-trabalho\/","name":"Saiba o que \u00e9 suspens\u00e3o do contrato de trabalho","isPartOf":{"@id":"https:\/\/www.estrategiaconcursos.com.br\/blog\/#website"},"primaryImageOfPage":{"@id":"https:\/\/www.estrategiaconcursos.com.br\/blog\/suspensao-contrato-trabalho\/#primaryimage"},"image":{"@id":"https:\/\/www.estrategiaconcursos.com.br\/blog\/suspensao-contrato-trabalho\/#primaryimage"},"thumbnailUrl":"https:\/\/dhg1h5j42swfq.cloudfront.net\/2022\/08\/15202325\/logo-tst.png","datePublished":"2022-08-24T21:35:00+00:00","dateModified":"2022-11-09T19:44:14+00:00","description":"O objetivo deste artigo \u00e9 explicar o que \u00e9 a suspens\u00e3o do contrato de trabalho e de que formas ela funciona.","breadcrumb":{"@id":"https:\/\/www.estrategiaconcursos.com.br\/blog\/suspensao-contrato-trabalho\/#breadcrumb"},"inLanguage":"pt-BR","potentialAction":[{"@type":"ReadAction","target":["https:\/\/www.estrategiaconcursos.com.br\/blog\/suspensao-contrato-trabalho\/"]}]},{"@type":"ImageObject","inLanguage":"pt-BR","@id":"https:\/\/www.estrategiaconcursos.com.br\/blog\/suspensao-contrato-trabalho\/#primaryimage","url":"https:\/\/dhg1h5j42swfq.cloudfront.net\/2022\/08\/15202325\/logo-tst.png","contentUrl":"https:\/\/dhg1h5j42swfq.cloudfront.net\/2022\/08\/15202325\/logo-tst.png","width":300,"height":94,"caption":"Suspens\u00e3o do contrato de trabalho"},{"@type":"BreadcrumbList","@id":"https:\/\/www.estrategiaconcursos.com.br\/blog\/suspensao-contrato-trabalho\/#breadcrumb","itemListElement":[{"@type":"ListItem","position":1,"name":"In\u00edcio","item":"https:\/\/www.estrategiaconcursos.com.br\/blog\/"},{"@type":"ListItem","position":2,"name":"Saiba o que \u00e9 suspens\u00e3o do contrato de trabalho"}]},{"@type":"WebSite","@id":"https:\/\/www.estrategiaconcursos.com.br\/blog\/#website","url":"https:\/\/www.estrategiaconcursos.com.br\/blog\/","name":"Estrat\u00e9gia Concursos","description":"O blog da Estrat\u00e9gia Concursos traz not\u00edcias sobre concursos e artigos de professores oferecendo cursos para concursos (pdf + videaulas) no site.","publisher":{"@id":"https:\/\/www.estrategiaconcursos.com.br\/blog\/#organization"},"potentialAction":[{"@type":"SearchAction","target":{"@type":"EntryPoint","urlTemplate":"https:\/\/www.estrategiaconcursos.com.br\/blog\/?s={search_term_string}"},"query-input":{"@type":"PropertyValueSpecification","valueRequired":true,"valueName":"search_term_string"}}],"inLanguage":"pt-BR"},{"@type":"Organization","@id":"https:\/\/www.estrategiaconcursos.com.br\/blog\/#organization","name":"Estrat\u00e9gia Concursos","url":"https:\/\/www.estrategiaconcursos.com.br\/blog\/","logo":{"@type":"ImageObject","inLanguage":"pt-BR","@id":"https:\/\/www.estrategiaconcursos.com.br\/blog\/#\/schema\/logo\/image\/","url":"https:\/\/dhg1h5j42swfq.cloudfront.net\/2025\/06\/03203428\/logo_concursos-1.jpg","contentUrl":"https:\/\/dhg1h5j42swfq.cloudfront.net\/2025\/06\/03203428\/logo_concursos-1.jpg","width":230,"height":60,"caption":"Estrat\u00e9gia Concursos"},"image":{"@id":"https:\/\/www.estrategiaconcursos.com.br\/blog\/#\/schema\/logo\/image\/"},"sameAs":["https:\/\/x.com\/EstratConcursos"]},{"@type":"Person","@id":"https:\/\/www.estrategiaconcursos.com.br\/blog\/#\/schema\/person\/bddec4cfff57a846dbc506e0bc7a5b36","name":"Ricardo Pereira de Oliveira","image":{"@type":"ImageObject","inLanguage":"pt-BR","@id":"https:\/\/secure.gravatar.com\/avatar\/a16d5759c3d4edc0896235928b70e4a79ec591848bb173a92801d67dcb8492b1?s=96&d=mm&r=g","url":"https:\/\/secure.gravatar.com\/avatar\/a16d5759c3d4edc0896235928b70e4a79ec591848bb173a92801d67dcb8492b1?s=96&d=mm&r=g","contentUrl":"https:\/\/secure.gravatar.com\/avatar\/a16d5759c3d4edc0896235928b70e4a79ec591848bb173a92801d67dcb8492b1?s=96&d=mm&r=g","caption":"Ricardo Pereira de Oliveira"},"description":"Formado em Administra\u00e7\u00e3o de Empresas pelo Mackenzie, p\u00f3s-graduado em Marketing pela ESPM. Concurseiro desde 2014. Auditor Fiscal da Receita Municipal de Campo Grande\/MS Ex-Fiscal de Rendas de Tabo\u00e3o da Serra\/SP","url":"https:\/\/www.estrategiaconcursos.com.br\/blog\/author\/ricperogmail-com\/"}]}},"_links":{"self":[{"href":"https:\/\/www.estrategiaconcursos.com.br\/blog\/wp-json\/wp\/v2\/posts\/1078258","targetHints":{"allow":["GET"]}}],"collection":[{"href":"https:\/\/www.estrategiaconcursos.com.br\/blog\/wp-json\/wp\/v2\/posts"}],"about":[{"href":"https:\/\/www.estrategiaconcursos.com.br\/blog\/wp-json\/wp\/v2\/types\/post"}],"author":[{"embeddable":true,"href":"https:\/\/www.estrategiaconcursos.com.br\/blog\/wp-json\/wp\/v2\/users\/1979"}],"replies":[{"embeddable":true,"href":"https:\/\/www.estrategiaconcursos.com.br\/blog\/wp-json\/wp\/v2\/comments?post=1078258"}],"version-history":[{"count":7,"href":"https:\/\/www.estrategiaconcursos.com.br\/blog\/wp-json\/wp\/v2\/posts\/1078258\/revisions"}],"predecessor-version":[{"id":1122681,"href":"https:\/\/www.estrategiaconcursos.com.br\/blog\/wp-json\/wp\/v2\/posts\/1078258\/revisions\/1122681"}],"wp:featuredmedia":[{"embeddable":true,"href":"https:\/\/www.estrategiaconcursos.com.br\/blog\/wp-json\/wp\/v2\/media\/1078264"}],"wp:attachment":[{"href":"https:\/\/www.estrategiaconcursos.com.br\/blog\/wp-json\/wp\/v2\/media?parent=1078258"}],"wp:term":[{"taxonomy":"category","embeddable":true,"href":"https:\/\/www.estrategiaconcursos.com.br\/blog\/wp-json\/wp\/v2\/categories?post=1078258"},{"taxonomy":"post_tag","embeddable":true,"href":"https:\/\/www.estrategiaconcursos.com.br\/blog\/wp-json\/wp\/v2\/tags?post=1078258"},{"taxonomy":"tax_estado","embeddable":true,"href":"https:\/\/www.estrategiaconcursos.com.br\/blog\/wp-json\/wp\/v2\/tax_estado?post=1078258"}],"curies":[{"name":"wp","href":"https:\/\/api.w.org\/{rel}","templated":true}]}}